{"id":24572,"date":"2025-02-13T13:50:39","date_gmt":"2025-02-13T12:50:39","guid":{"rendered":"https:\/\/www.realclubmaritimomelilla.es\/clmar\/?p=24572"},"modified":"2025-02-13T14:48:30","modified_gmt":"2025-02-13T13:48:30","slug":"equipo-de-regata-regreso-de-cartagena-y-desplazamiento-a-motril-club-maritimo-melilla-rcmm","status":"publish","type":"post","link":"https:\/\/www.realclubmaritimomelilla.es\/clmar\/equipo-de-regata-regreso-de-cartagena-y-desplazamiento-a-motril-club-maritimo-melilla-rcmm\/","title":{"rendered":"EQUIPO DE REGATA: Regreso de Cartagena y desplazamiento a Motril"},"content":{"rendered":"<p>EQUIPO DE REGATA OPTIMIST<br \/>\nCinco regatistas del Real Club Mar\u00edtimo de Melilla han regresado de participar en el XV Optimist Trophy Volvo Ciudad de Cartagena, donde competieron en una flota cercana al centenar de embaraciones optimist.<br \/>\nPablo Rivas (85\u00ba) ha terminado tercero en la categor\u00eda sub11. Adem\u00e1s, tambi\u00e9n acudieron a esta regata Adri\u00e1n Robles (62\u00ba),  Isabela Tormo (77\u00aa), Aroa Villal\u00f3n (83\u00aa) y   Aitana Robles (85\u00aa).<\/p>\n<p>EQUIPO DE REGATA SNIPE<br \/>\nEl siguiente desplazamiento del Equipo de Regata del Real Club Mar\u00edtimo de Melilla ser\u00e1 a Motril, donde este fin de semana se disputa la X Regata The Oseberg Challenge 2025.<br \/>\nA esta competici\u00f3n, nuestro Club estar\u00e1 representado por cinco tripulaciones y un t\u00e9cnico, que se sumar\u00e1n a las m\u00e1s de sesenta embarcaciones inscritas para tomar parte en esta competici\u00f3n organizada por el Real Club N\u00e1utico de Motril.<br \/>\nAl frente de la expedici\u00f3n el t\u00e9cnico Guillermo Soto, junto a las tripulaciones formadas por Pablo Rivas y Alba Mu\u00f1oz, Juan Luis Ruano y Fabio D\u00edaz, Fran Soler y Juan Miguel Lucas, Patricia Romero y Francisco Rubio, adem\u00e1s de Miguel Angel G\u00f3nzalez Weil y Juan Carlos Pascual Rivas.<br \/>\nDesearles a todos ellos mucha suerte.<br \/>\n<img decoding=\"async\" src=\"https:\/\/www.realclubmaritimomelilla.es\/clmar\/wp-content\/uploads\/Desplazamiento-Snipe-1024x559.webp\" alt=\"\" width=\"1024\" height=\"559\" class=\"alignnone size-large wp-image-24573\" srcset=\"https:\/\/www.realclubmaritimomelilla.es\/clmar\/wp-content\/uploads\/Desplazamiento-Snipe-200x109.webp 200w, https:\/\/www.realclubmaritimomelilla.es\/clmar\/wp-content\/uploads\/Desplazamiento-Snipe-300x164.webp 300w, https:\/\/www.realclubmaritimomelilla.es\/clmar\/wp-content\/uploads\/Desplazamiento-Snipe-400x218.webp 400w, https:\/\/www.realclubmaritimomelilla.es\/clmar\/wp-content\/uploads\/Desplazamiento-Snipe-600x328.webp 600w, https:\/\/www.realclubmaritimomelilla.es\/clmar\/wp-content\/uploads\/Desplazamiento-Snipe-768x419.webp 768w, https:\/\/www.realclubmaritimomelilla.es\/clmar\/wp-content\/uploads\/Desplazamiento-Snipe-800x437.webp 800w, https:\/\/www.realclubmaritimomelilla.es\/clmar\/wp-content\/uploads\/Desplazamiento-Snipe-1024x559.webp 1024w, https:\/\/www.realclubmaritimomelilla.es\/clmar\/wp-content\/uploads\/Desplazamiento-Snipe-1200x655.webp 1200w, https:\/\/www.realclubmaritimomelilla.es\/clmar\/wp-content\/uploads\/Desplazamiento-Snipe-jpeg.webp 1280w\" sizes=\"(max-width: 1024px) 100vw, 1024px\" \/><\/p>\n","protected":false},"excerpt":{"rendered":"<p>EQUIPO DE REGATA OPTIMIST Cinco regatistas del Real Club Mar\u00edtimo de Melilla han regresado de participar en el XV Optimist Trophy Volvo Ciudad de Cartagena, donde competieron en una flota cercana al centenar de embaraciones optimist. Pablo Rivas (85\u00ba) ha terminado tercero en la categor\u00eda sub11. Adem\u00e1s, tambi\u00e9n acudieron a esta regata Adri\u00e1n Robles (62\u00ba), [&hellip;]<\/p>\n","protected":false},"author":1,"featured_media":24575,"comment_status":"open","ping_status":"open","sticky":false,"template":"","format":"standard","meta":{"_acf_changed":false,"footnotes":""},"categories":[38],"tags":[],"class_list":["post-24572","post","type-post","status-publish","format-standard","has-post-thumbnail","hentry","category-nautica"],"acf":[],"yoast_head":"<!-- This site is optimized with the Yoast SEO plugin v27.5 - https:\/\/yoast.com\/product\/yoast-seo-wordpress\/ -->\n<title>EQUIPO DE REGATA: Regreso de Cartagena y desplazamiento a Motril - Real Club Mar\u00edtimo de Melilla<\/title>\n<meta name=\"description\" content=\"Cinco regatistas del Real Club Mar\u00edtimo de Melilla han regresado de participar en el XV Optimist Trophy Volvo Ciudad de Cartagena\" \/>\n<meta name=\"robots\" content=\"index, follow, max-snippet:-1, max-image-preview:large, max-video-preview:-1\" \/>\n<link rel=\"canonical\" href=\"https:\/\/www.realclubmaritimomelilla.es\/clmar\/equipo-de-regata-regreso-de-cartagena-y-desplazamiento-a-motril-club-maritimo-melilla-rcmm\/\" \/>\n<meta property=\"og:locale\" content=\"es_ES\" \/>\n<meta property=\"og:type\" content=\"article\" \/>\n<meta property=\"og:title\" content=\"EQUIPO DE REGATA: Regreso de Cartagena y desplazamiento a Motril - Real Club Mar\u00edtimo de Melilla\" \/>\n<meta property=\"og:description\" content=\"Cinco regatistas del Real Club Mar\u00edtimo de Melilla han regresado de participar en el XV Optimist Trophy Volvo Ciudad de Cartagena\" \/>\n<meta property=\"og:url\" content=\"https:\/\/www.realclubmaritimomelilla.es\/clmar\/equipo-de-regata-regreso-de-cartagena-y-desplazamiento-a-motril-club-maritimo-melilla-rcmm\/\" \/>\n<meta property=\"og:site_name\" content=\"Real Club Mar\u00edtimo de Melilla\" \/>\n<meta property=\"article:publisher\" content=\"https:\/\/www.facebook.com\/Real-Club-Mar%c3%adtimo-de-Melilla-588495841234214\/\" \/>\n<meta property=\"article:published_time\" content=\"2025-02-13T12:50:39+00:00\" \/>\n<meta property=\"article:modified_time\" content=\"2025-02-13T13:48:30+00:00\" \/>\n<meta property=\"og:image\" content=\"https:\/\/www.realclubmaritimomelilla.es\/clmar\/wp-content\/uploads\/Desplazamiento-optimist-cartagena-Pablo-con-trofeo.jpg\" \/>\n\t<meta property=\"og:image:width\" content=\"1204\" \/>\n\t<meta property=\"og:image:height\" content=\"1600\" \/>\n\t<meta property=\"og:image:type\" content=\"image\/jpeg\" \/>\n<meta name=\"author\" content=\"RCMMelilla\" \/>\n<meta name=\"twitter:card\" content=\"summary_large_image\" \/>\n<meta name=\"twitter:creator\" content=\"@nauticarcmm\" \/>\n<meta name=\"twitter:site\" content=\"@nauticarcmm\" \/>\n<meta name=\"twitter:label1\" content=\"Escrito por\" \/>\n\t<meta name=\"twitter:data1\" content=\"RCMMelilla\" \/>\n\t<meta name=\"twitter:label2\" content=\"Tiempo de lectura\" \/>\n\t<meta name=\"twitter:data2\" content=\"2 minutos\" \/>\n<script type=\"application\/ld+json\" class=\"yoast-schema-graph\">{\"@context\":\"https:\\\/\\\/schema.org\",\"@graph\":[{\"@type\":\"Article\",\"@id\":\"https:\\\/\\\/www.realclubmaritimomelilla.es\\\/clmar\\\/equipo-de-regata-regreso-de-cartagena-y-desplazamiento-a-motril-club-maritimo-melilla-rcmm\\\/#article\",\"isPartOf\":{\"@id\":\"https:\\\/\\\/www.realclubmaritimomelilla.es\\\/clmar\\\/equipo-de-regata-regreso-de-cartagena-y-desplazamiento-a-motril-club-maritimo-melilla-rcmm\\\/\"},\"author\":{\"name\":\"RCMMelilla\",\"@id\":\"https:\\\/\\\/www.realclubmaritimomelilla.es\\\/clmar\\\/#\\\/schema\\\/person\\\/ebaa3713496dc6d48c872452e73a8e79\"},\"headline\":\"EQUIPO DE REGATA: Regreso de Cartagena y desplazamiento a Motril\",\"datePublished\":\"2025-02-13T12:50:39+00:00\",\"dateModified\":\"2025-02-13T13:48:30+00:00\",\"mainEntityOfPage\":{\"@id\":\"https:\\\/\\\/www.realclubmaritimomelilla.es\\\/clmar\\\/equipo-de-regata-regreso-de-cartagena-y-desplazamiento-a-motril-club-maritimo-melilla-rcmm\\\/\"},\"wordCount\":213,\"commentCount\":0,\"publisher\":{\"@id\":\"https:\\\/\\\/www.realclubmaritimomelilla.es\\\/clmar\\\/#organization\"},\"image\":{\"@id\":\"https:\\\/\\\/www.realclubmaritimomelilla.es\\\/clmar\\\/equipo-de-regata-regreso-de-cartagena-y-desplazamiento-a-motril-club-maritimo-melilla-rcmm\\\/#primaryimage\"},\"thumbnailUrl\":\"https:\\\/\\\/www.realclubmaritimomelilla.es\\\/clmar\\\/wp-content\\\/uploads\\\/Desplazamiento-optimist-cartagena-Pablo-con-trofeo.jpg\",\"articleSection\":[\"N\u00e1utica\"],\"inLanguage\":\"es\",\"potentialAction\":[{\"@type\":\"CommentAction\",\"name\":\"Comment\",\"target\":[\"https:\\\/\\\/www.realclubmaritimomelilla.es\\\/clmar\\\/equipo-de-regata-regreso-de-cartagena-y-desplazamiento-a-motril-club-maritimo-melilla-rcmm\\\/#respond\"]}]},{\"@type\":\"WebPage\",\"@id\":\"https:\\\/\\\/www.realclubmaritimomelilla.es\\\/clmar\\\/equipo-de-regata-regreso-de-cartagena-y-desplazamiento-a-motril-club-maritimo-melilla-rcmm\\\/\",\"url\":\"https:\\\/\\\/www.realclubmaritimomelilla.es\\\/clmar\\\/equipo-de-regata-regreso-de-cartagena-y-desplazamiento-a-motril-club-maritimo-melilla-rcmm\\\/\",\"name\":\"EQUIPO DE REGATA: Regreso de Cartagena y desplazamiento a Motril - Real Club Mar\u00edtimo de Melilla\",\"isPartOf\":{\"@id\":\"https:\\\/\\\/www.realclubmaritimomelilla.es\\\/clmar\\\/#website\"},\"primaryImageOfPage\":{\"@id\":\"https:\\\/\\\/www.realclubmaritimomelilla.es\\\/clmar\\\/equipo-de-regata-regreso-de-cartagena-y-desplazamiento-a-motril-club-maritimo-melilla-rcmm\\\/#primaryimage\"},\"image\":{\"@id\":\"https:\\\/\\\/www.realclubmaritimomelilla.es\\\/clmar\\\/equipo-de-regata-regreso-de-cartagena-y-desplazamiento-a-motril-club-maritimo-melilla-rcmm\\\/#primaryimage\"},\"thumbnailUrl\":\"https:\\\/\\\/www.realclubmaritimomelilla.es\\\/clmar\\\/wp-content\\\/uploads\\\/Desplazamiento-optimist-cartagena-Pablo-con-trofeo.jpg\",\"datePublished\":\"2025-02-13T12:50:39+00:00\",\"dateModified\":\"2025-02-13T13:48:30+00:00\",\"description\":\"Cinco regatistas del Real Club Mar\u00edtimo de Melilla han regresado de participar en el XV Optimist Trophy Volvo Ciudad de Cartagena\",\"breadcrumb\":{\"@id\":\"https:\\\/\\\/www.realclubmaritimomelilla.es\\\/clmar\\\/equipo-de-regata-regreso-de-cartagena-y-desplazamiento-a-motril-club-maritimo-melilla-rcmm\\\/#breadcrumb\"},\"inLanguage\":\"es\",\"potentialAction\":[{\"@type\":\"ReadAction\",\"target\":[\"https:\\\/\\\/www.realclubmaritimomelilla.es\\\/clmar\\\/equipo-de-regata-regreso-de-cartagena-y-desplazamiento-a-motril-club-maritimo-melilla-rcmm\\\/\"]}]},{\"@type\":\"ImageObject\",\"inLanguage\":\"es\",\"@id\":\"https:\\\/\\\/www.realclubmaritimomelilla.es\\\/clmar\\\/equipo-de-regata-regreso-de-cartagena-y-desplazamiento-a-motril-club-maritimo-melilla-rcmm\\\/#primaryimage\",\"url\":\"https:\\\/\\\/www.realclubmaritimomelilla.es\\\/clmar\\\/wp-content\\\/uploads\\\/Desplazamiento-optimist-cartagena-Pablo-con-trofeo.jpg\",\"contentUrl\":\"https:\\\/\\\/www.realclubmaritimomelilla.es\\\/clmar\\\/wp-content\\\/uploads\\\/Desplazamiento-optimist-cartagena-Pablo-con-trofeo.jpg\",\"width\":1204,\"height\":1600},{\"@type\":\"BreadcrumbList\",\"@id\":\"https:\\\/\\\/www.realclubmaritimomelilla.es\\\/clmar\\\/equipo-de-regata-regreso-de-cartagena-y-desplazamiento-a-motril-club-maritimo-melilla-rcmm\\\/#breadcrumb\",\"itemListElement\":[{\"@type\":\"ListItem\",\"position\":1,\"name\":\"Portada\",\"item\":\"https:\\\/\\\/www.realclubmaritimomelilla.es\\\/clmar\\\/\"},{\"@type\":\"ListItem\",\"position\":2,\"name\":\"EQUIPO DE REGATA: Regreso de Cartagena y desplazamiento a Motril\"}]},{\"@type\":\"WebSite\",\"@id\":\"https:\\\/\\\/www.realclubmaritimomelilla.es\\\/clmar\\\/#website\",\"url\":\"https:\\\/\\\/www.realclubmaritimomelilla.es\\\/clmar\\\/\",\"name\":\"Real Club Mar\u00edtimo de Melilla\",\"description\":\"RCMM\",\"publisher\":{\"@id\":\"https:\\\/\\\/www.realclubmaritimomelilla.es\\\/clmar\\\/#organization\"},\"alternateName\":\"RCMM\",\"potentialAction\":[{\"@type\":\"SearchAction\",\"target\":{\"@type\":\"EntryPoint\",\"urlTemplate\":\"https:\\\/\\\/www.realclubmaritimomelilla.es\\\/clmar\\\/?s={search_term_string}\"},\"query-input\":{\"@type\":\"PropertyValueSpecification\",\"valueRequired\":true,\"valueName\":\"search_term_string\"}}],\"inLanguage\":\"es\"},{\"@type\":\"Organization\",\"@id\":\"https:\\\/\\\/www.realclubmaritimomelilla.es\\\/clmar\\\/#organization\",\"name\":\"Real Club Mar\u00edtimo de Melilla\",\"alternateName\":\"RCMM\",\"url\":\"https:\\\/\\\/www.realclubmaritimomelilla.es\\\/clmar\\\/\",\"logo\":{\"@type\":\"ImageObject\",\"inLanguage\":\"es\",\"@id\":\"https:\\\/\\\/www.realclubmaritimomelilla.es\\\/clmar\\\/#\\\/schema\\\/logo\\\/image\\\/\",\"url\":\"https:\\\/\\\/www.realclubmaritimomelilla.es\\\/clmar\\\/wp-content\\\/uploads\\\/logo-club-original-copia.jpg\",\"contentUrl\":\"https:\\\/\\\/www.realclubmaritimomelilla.es\\\/clmar\\\/wp-content\\\/uploads\\\/logo-club-original-copia.jpg\",\"width\":128,\"height\":89,\"caption\":\"Real Club Mar\u00edtimo de Melilla\"},\"image\":{\"@id\":\"https:\\\/\\\/www.realclubmaritimomelilla.es\\\/clmar\\\/#\\\/schema\\\/logo\\\/image\\\/\"},\"sameAs\":[\"https:\\\/\\\/www.facebook.com\\\/Real-Club-Mar\u00edtimo-de-Melilla-588495841234214\\\/\",\"https:\\\/\\\/x.com\\\/nauticarcmm\",\"https:\\\/\\\/www.instagram.com\\\/club_maritimo_melilla\\\/\",\"https:\\\/\\\/www.youtube.com\\\/@realclubmaritimodemelilla4703\",\"https:\\\/\\\/es.wikipedia.org\\\/wiki\\\/Real_Club_Mar\u00edtimo_de_Melilla\"]},{\"@type\":\"Person\",\"@id\":\"https:\\\/\\\/www.realclubmaritimomelilla.es\\\/clmar\\\/#\\\/schema\\\/person\\\/ebaa3713496dc6d48c872452e73a8e79\",\"name\":\"RCMMelilla\",\"image\":{\"@type\":\"ImageObject\",\"inLanguage\":\"es\",\"@id\":\"https:\\\/\\\/secure.gravatar.com\\\/avatar\\\/df1c24789360fb9308735c4ee556fc2bc5bf924bf01e53043b8b97ba272da33c?s=96&d=mm&r=g\",\"url\":\"https:\\\/\\\/secure.gravatar.com\\\/avatar\\\/df1c24789360fb9308735c4ee556fc2bc5bf924bf01e53043b8b97ba272da33c?s=96&d=mm&r=g\",\"contentUrl\":\"https:\\\/\\\/secure.gravatar.com\\\/avatar\\\/df1c24789360fb9308735c4ee556fc2bc5bf924bf01e53043b8b97ba272da33c?s=96&d=mm&r=g\",\"caption\":\"RCMMelilla\"}}]}<\/script>\n<!-- \/ Yoast SEO plugin. -->","yoast_head_json":{"title":"EQUIPO DE REGATA: Regreso de Cartagena y desplazamiento a Motril - Real Club Mar\u00edtimo de Melilla","description":"Cinco regatistas del Real Club Mar\u00edtimo de Melilla han regresado de participar en el XV Optimist Trophy Volvo Ciudad de Cartagena","robots":{"index":"index","follow":"follow","max-snippet":"max-snippet:-1","max-image-preview":"max-image-preview:large","max-video-preview":"max-video-preview:-1"},"canonical":"https:\/\/www.realclubmaritimomelilla.es\/clmar\/equipo-de-regata-regreso-de-cartagena-y-desplazamiento-a-motril-club-maritimo-melilla-rcmm\/","og_locale":"es_ES","og_type":"article","og_title":"EQUIPO DE REGATA: Regreso de Cartagena y desplazamiento a Motril - Real Club Mar\u00edtimo de Melilla","og_description":"Cinco regatistas del Real Club Mar\u00edtimo de Melilla han regresado de participar en el XV Optimist Trophy Volvo Ciudad de Cartagena","og_url":"https:\/\/www.realclubmaritimomelilla.es\/clmar\/equipo-de-regata-regreso-de-cartagena-y-desplazamiento-a-motril-club-maritimo-melilla-rcmm\/","og_site_name":"Real Club Mar\u00edtimo de Melilla","article_publisher":"https:\/\/www.facebook.com\/Real-Club-Mar%c3%adtimo-de-Melilla-588495841234214\/","article_published_time":"2025-02-13T12:50:39+00:00","article_modified_time":"2025-02-13T13:48:30+00:00","og_image":[{"width":1204,"height":1600,"url":"https:\/\/www.realclubmaritimomelilla.es\/clmar\/wp-content\/uploads\/Desplazamiento-optimist-cartagena-Pablo-con-trofeo.jpg","type":"image\/jpeg"}],"author":"RCMMelilla","twitter_card":"summary_large_image","twitter_creator":"@nauticarcmm","twitter_site":"@nauticarcmm","twitter_misc":{"Escrito por":"RCMMelilla","Tiempo de lectura":"2 minutos"},"schema":{"@context":"https:\/\/schema.org","@graph":[{"@type":"Article","@id":"https:\/\/www.realclubmaritimomelilla.es\/clmar\/equipo-de-regata-regreso-de-cartagena-y-desplazamiento-a-motril-club-maritimo-melilla-rcmm\/#article","isPartOf":{"@id":"https:\/\/www.realclubmaritimomelilla.es\/clmar\/equipo-de-regata-regreso-de-cartagena-y-desplazamiento-a-motril-club-maritimo-melilla-rcmm\/"},"author":{"name":"RCMMelilla","@id":"https:\/\/www.realclubmaritimomelilla.es\/clmar\/#\/schema\/person\/ebaa3713496dc6d48c872452e73a8e79"},"headline":"EQUIPO DE REGATA: Regreso de Cartagena y desplazamiento a Motril","datePublished":"2025-02-13T12:50:39+00:00","dateModified":"2025-02-13T13:48:30+00:00","mainEntityOfPage":{"@id":"https:\/\/www.realclubmaritimomelilla.es\/clmar\/equipo-de-regata-regreso-de-cartagena-y-desplazamiento-a-motril-club-maritimo-melilla-rcmm\/"},"wordCount":213,"commentCount":0,"publisher":{"@id":"https:\/\/www.realclubmaritimomelilla.es\/clmar\/#organization"},"image":{"@id":"https:\/\/www.realclubmaritimomelilla.es\/clmar\/equipo-de-regata-regreso-de-cartagena-y-desplazamiento-a-motril-club-maritimo-melilla-rcmm\/#primaryimage"},"thumbnailUrl":"https:\/\/www.realclubmaritimomelilla.es\/clmar\/wp-content\/uploads\/Desplazamiento-optimist-cartagena-Pablo-con-trofeo.jpg","articleSection":["N\u00e1utica"],"inLanguage":"es","potentialAction":[{"@type":"CommentAction","name":"Comment","target":["https:\/\/www.realclubmaritimomelilla.es\/clmar\/equipo-de-regata-regreso-de-cartagena-y-desplazamiento-a-motril-club-maritimo-melilla-rcmm\/#respond"]}]},{"@type":"WebPage","@id":"https:\/\/www.realclubmaritimomelilla.es\/clmar\/equipo-de-regata-regreso-de-cartagena-y-desplazamiento-a-motril-club-maritimo-melilla-rcmm\/","url":"https:\/\/www.realclubmaritimomelilla.es\/clmar\/equipo-de-regata-regreso-de-cartagena-y-desplazamiento-a-motril-club-maritimo-melilla-rcmm\/","name":"EQUIPO DE REGATA: Regreso de Cartagena y desplazamiento a Motril - Real Club Mar\u00edtimo de Melilla","isPartOf":{"@id":"https:\/\/www.realclubmaritimomelilla.es\/clmar\/#website"},"primaryImageOfPage":{"@id":"https:\/\/www.realclubmaritimomelilla.es\/clmar\/equipo-de-regata-regreso-de-cartagena-y-desplazamiento-a-motril-club-maritimo-melilla-rcmm\/#primaryimage"},"image":{"@id":"https:\/\/www.realclubmaritimomelilla.es\/clmar\/equipo-de-regata-regreso-de-cartagena-y-desplazamiento-a-motril-club-maritimo-melilla-rcmm\/#primaryimage"},"thumbnailUrl":"https:\/\/www.realclubmaritimomelilla.es\/clmar\/wp-content\/uploads\/Desplazamiento-optimist-cartagena-Pablo-con-trofeo.jpg","datePublished":"2025-02-13T12:50:39+00:00","dateModified":"2025-02-13T13:48:30+00:00","description":"Cinco regatistas del Real Club Mar\u00edtimo de Melilla han regresado de participar en el XV Optimist Trophy Volvo Ciudad de Cartagena","breadcrumb":{"@id":"https:\/\/www.realclubmaritimomelilla.es\/clmar\/equipo-de-regata-regreso-de-cartagena-y-desplazamiento-a-motril-club-maritimo-melilla-rcmm\/#breadcrumb"},"inLanguage":"es","potentialAction":[{"@type":"ReadAction","target":["https:\/\/www.realclubmaritimomelilla.es\/clmar\/equipo-de-regata-regreso-de-cartagena-y-desplazamiento-a-motril-club-maritimo-melilla-rcmm\/"]}]},{"@type":"ImageObject","inLanguage":"es","@id":"https:\/\/www.realclubmaritimomelilla.es\/clmar\/equipo-de-regata-regreso-de-cartagena-y-desplazamiento-a-motril-club-maritimo-melilla-rcmm\/#primaryimage","url":"https:\/\/www.realclubmaritimomelilla.es\/clmar\/wp-content\/uploads\/Desplazamiento-optimist-cartagena-Pablo-con-trofeo.jpg","contentUrl":"https:\/\/www.realclubmaritimomelilla.es\/clmar\/wp-content\/uploads\/Desplazamiento-optimist-cartagena-Pablo-con-trofeo.jpg","width":1204,"height":1600},{"@type":"BreadcrumbList","@id":"https:\/\/www.realclubmaritimomelilla.es\/clmar\/equipo-de-regata-regreso-de-cartagena-y-desplazamiento-a-motril-club-maritimo-melilla-rcmm\/#breadcrumb","itemListElement":[{"@type":"ListItem","position":1,"name":"Portada","item":"https:\/\/www.realclubmaritimomelilla.es\/clmar\/"},{"@type":"ListItem","position":2,"name":"EQUIPO DE REGATA: Regreso de Cartagena y desplazamiento a Motril"}]},{"@type":"WebSite","@id":"https:\/\/www.realclubmaritimomelilla.es\/clmar\/#website","url":"https:\/\/www.realclubmaritimomelilla.es\/clmar\/","name":"Real Club Mar\u00edtimo de Melilla","description":"RCMM","publisher":{"@id":"https:\/\/www.realclubmaritimomelilla.es\/clmar\/#organization"},"alternateName":"RCMM","potentialAction":[{"@type":"SearchAction","target":{"@type":"EntryPoint","urlTemplate":"https:\/\/www.realclubmaritimomelilla.es\/clmar\/?s={search_term_string}"},"query-input":{"@type":"PropertyValueSpecification","valueRequired":true,"valueName":"search_term_string"}}],"inLanguage":"es"},{"@type":"Organization","@id":"https:\/\/www.realclubmaritimomelilla.es\/clmar\/#organization","name":"Real Club Mar\u00edtimo de Melilla","alternateName":"RCMM","url":"https:\/\/www.realclubmaritimomelilla.es\/clmar\/","logo":{"@type":"ImageObject","inLanguage":"es","@id":"https:\/\/www.realclubmaritimomelilla.es\/clmar\/#\/schema\/logo\/image\/","url":"https:\/\/www.realclubmaritimomelilla.es\/clmar\/wp-content\/uploads\/logo-club-original-copia.jpg","contentUrl":"https:\/\/www.realclubmaritimomelilla.es\/clmar\/wp-content\/uploads\/logo-club-original-copia.jpg","width":128,"height":89,"caption":"Real Club Mar\u00edtimo de Melilla"},"image":{"@id":"https:\/\/www.realclubmaritimomelilla.es\/clmar\/#\/schema\/logo\/image\/"},"sameAs":["https:\/\/www.facebook.com\/Real-Club-Mar\u00edtimo-de-Melilla-588495841234214\/","https:\/\/x.com\/nauticarcmm","https:\/\/www.instagram.com\/club_maritimo_melilla\/","https:\/\/www.youtube.com\/@realclubmaritimodemelilla4703","https:\/\/es.wikipedia.org\/wiki\/Real_Club_Mar\u00edtimo_de_Melilla"]},{"@type":"Person","@id":"https:\/\/www.realclubmaritimomelilla.es\/clmar\/#\/schema\/person\/ebaa3713496dc6d48c872452e73a8e79","name":"RCMMelilla","image":{"@type":"ImageObject","inLanguage":"es","@id":"https:\/\/secure.gravatar.com\/avatar\/df1c24789360fb9308735c4ee556fc2bc5bf924bf01e53043b8b97ba272da33c?s=96&d=mm&r=g","url":"https:\/\/secure.gravatar.com\/avatar\/df1c24789360fb9308735c4ee556fc2bc5bf924bf01e53043b8b97ba272da33c?s=96&d=mm&r=g","contentUrl":"https:\/\/secure.gravatar.com\/avatar\/df1c24789360fb9308735c4ee556fc2bc5bf924bf01e53043b8b97ba272da33c?s=96&d=mm&r=g","caption":"RCMMelilla"}}]}},"_links":{"self":[{"href":"https:\/\/www.realclubmaritimomelilla.es\/clmar\/wp-json\/wp\/v2\/posts\/24572","targetHints":{"allow":["GET"]}}],"collection":[{"href":"https:\/\/www.realclubmaritimomelilla.es\/clmar\/wp-json\/wp\/v2\/posts"}],"about":[{"href":"https:\/\/www.realclubmaritimomelilla.es\/clmar\/wp-json\/wp\/v2\/types\/post"}],"author":[{"embeddable":true,"href":"https:\/\/www.realclubmaritimomelilla.es\/clmar\/wp-json\/wp\/v2\/users\/1"}],"replies":[{"embeddable":true,"href":"https:\/\/www.realclubmaritimomelilla.es\/clmar\/wp-json\/wp\/v2\/comments?post=24572"}],"version-history":[{"count":1,"href":"https:\/\/www.realclubmaritimomelilla.es\/clmar\/wp-json\/wp\/v2\/posts\/24572\/revisions"}],"predecessor-version":[{"id":24576,"href":"https:\/\/www.realclubmaritimomelilla.es\/clmar\/wp-json\/wp\/v2\/posts\/24572\/revisions\/24576"}],"wp:featuredmedia":[{"embeddable":true,"href":"https:\/\/www.realclubmaritimomelilla.es\/clmar\/wp-json\/wp\/v2\/media\/24575"}],"wp:attachment":[{"href":"https:\/\/www.realclubmaritimomelilla.es\/clmar\/wp-json\/wp\/v2\/media?parent=24572"}],"wp:term":[{"taxonomy":"category","embeddable":true,"href":"https:\/\/www.realclubmaritimomelilla.es\/clmar\/wp-json\/wp\/v2\/categories?post=24572"},{"taxonomy":"post_tag","embeddable":true,"href":"https:\/\/www.realclubmaritimomelilla.es\/clmar\/wp-json\/wp\/v2\/tags?post=24572"}],"curies":[{"name":"wp","href":"https:\/\/api.w.org\/{rel}","templated":true}]}}