{"id":24516,"date":"2025-01-11T16:11:18","date_gmt":"2025-01-11T15:11:18","guid":{"rendered":"https:\/\/www.realclubmaritimomelilla.es\/clmar\/?p=24516"},"modified":"2025-01-14T09:35:16","modified_gmt":"2025-01-14T08:35:16","slug":"clausura-del-trofeo-joyas-victoria-de-vela","status":"publish","type":"post","link":"https:\/\/www.realclubmaritimomelilla.es\/clmar\/clausura-del-trofeo-joyas-victoria-de-vela\/","title":{"rendered":"Clausura del Trofeo Joyas Victoria de Vela"},"content":{"rendered":"<p>Los salones del Real Club Mar\u00edtimo de Melilla(RCMM) han albergado, este s\u00e1bado, la clausura de las distintas actividades organizadas por la entidad durante estas fiestas navide\u00f1as, que ha incluido una nueva edici\u00f3n del Trofeo Joyas Victoria de Vela, as\u00ed como de las competiciones de pesca.<br \/>\nEl presidente del Club Mar\u00edtimo, Jer\u00f3nimo P\u00e9rez, junto a una amplia representaci\u00f3n de su Junta Directiva, han participado en esta entrega de trofeos, tras una Navidades en las que las actividades deportivas se han unido a las sociales y culturales, convirti\u00e9ndose el RCMM en punto de encuentro de muchos melillenses durante esos d\u00edas.<br \/>\nEste a\u00f1o, las Regatas de Navidad, patrocinadas por Joyas Victoria, se han disputado en las clases optimist, snipe y crucero. Jornadas condicionadas por falta de viento, de ah\u00ed que no se pudieran completar en el resto de clases.<br \/>\nAdri\u00e1n Robles, junto a Pedro Jimeno e Isabela Tormo han sido los l\u00edderes de la clase optimist, en las que adem\u00e1s de la categor\u00eda general tambi\u00e9n se han entregado premios a los regatistas de iniciaci\u00f3n, con Mar\u00eda Aguilar en primera posici\u00f3n, y a los encuadrados en la categor\u00eda Sub11, en la que Isabela Tormo ha ganado la competici\u00f3n.<br \/>\nLa tripulaci\u00f3n formada por Pablo Rivas y Juan Luis Ruano ha recibido el premio como campeones de la clase snipe.<br \/>\nLa embarcaci\u00f3n \u2018Olivita\u2019 ha recogido el galard\u00f3n principal de la flota de crucero.<br \/>\nAdem\u00e1s, tambi\u00e9n se han entregado los premios del Campeonato de Pesca, recibiendo \u00c1ngel Prada, el premio a la \u2018Pieza Mayor\u2019 de la competici\u00f3n.<br \/>\nTodos los participantes han recibido una medalla conmemorativa de esta edici\u00f3n del Trofeo Joyas Victoria, una de las citas m\u00e1s importantes para la vela local en su agenda anual. <\/p>\n<p>CAMPEONATO DE PESCA \u2013 NAVIDAD 2024<br \/>\nMAYOR N\u00ba DE KILOS Pl\u00e1cido Jim\u00e9nez Moreno<br \/>\nMAYOR N\u00ba PIEZAS Amparo Asensio Contreras<br \/>\nPIEZA MAYOR \u00c1ngel Prada Luna<\/p>\n<p>RESULTADOS TROFEO JOYAS VICTORIA 2024 \u2013 REGATA NAVIDAD<\/p>\n<p>CLASE OPTIMIST INICIACI\u00d3N<br \/>\n1\u00aa MAR\u00cdA AGUILAR GARC\u00cdA<br \/>\n2\u00ba RAFAEL AGUILAR GARC\u00cdA<br \/>\n3\u00ba NADIR BOUCHAUKOUK GUIJARRO<\/p>\n<p>CLASE OPTIMIST SUB 11<br \/>\n1\u00aa ISABEL TORMO GARC\u00cdA<br \/>\n2\u00ba PABLO RIVAS REVILLA<br \/>\n3\u00aa AITANA ROBLES P\u00c9REZ<\/p>\n<p>CLASE OPTIMIST GENERAL<br \/>\n1\u00ba ADRIAN ROBLES P\u00c9REZ<br \/>\n2\u00ba PEDRO JIMENO FERN\u00c1NDEZ<br \/>\n3\u00aa ISABELA TORMO GARC\u00cdA<\/p>\n<p>CLASE SNIPE<br \/>\n1\u00ba PABLO RIVAS Y PABLO RIVAS REVILLA<br \/>\n2\u00ba FRANCISCO SOLER Y JUAN MIGUEL LUCAS<br \/>\n3\u00ba MIGUEL GONZ\u00c1LEZ WEIL Y JUAN CARLOS PASCUAL<\/p>\n<p>CRUCERO<br \/>\n1\u00ba OLIVITA, Luis Cobreros<br \/>\n2\u00ba VICTORIA V, Vicente de Juan<br \/>\n3\u00ba TIRITI, Jos\u00e9 Luis Rivas<\/p>\n\n\t\t<style type=\"text\/css\">\n\t\t\t#gallery-1 {\n\t\t\t\tmargin: auto;\n\t\t\t}\n\t\t\t#gallery-1 .gallery-item {\n\t\t\t\tfloat: left;\n\t\t\t\tmargin-top: 10px;\n\t\t\t\ttext-align: center;\n\t\t\t\twidth: 33%;\n\t\t\t}\n\t\t\t#gallery-1 img {\n\t\t\t\tborder: 2px solid #cfcfcf;\n\t\t\t}\n\t\t\t#gallery-1 .gallery-caption {\n\t\t\t\tmargin-left: 0;\n\t\t\t}\n\t\t\t\/* see gallery_shortcode() in wp-includes\/media.php *\/\n\t\t<\/style>\n\t\t<div id='gallery-1' class='gallery galleryid-24516 gallery-columns-3 gallery-size-full'><dl class='gallery-item'>\n\t\t\t<dt class='gallery-icon landscape'>\n\t\t\t\t<a data-rel=\"iLightbox[postimages]\" data-title=\"CRUCERO 1\u00ba Olivita de Luis Cobreros\" data-caption=\"\" href='https:\/\/www.realclubmaritimomelilla.es\/clmar\/clausura-del-trofeo-joyas-victoria-de-vela\/crucero-1o-olivita-de-luis-cobreros\/'><img decoding=\"async\" width=\"2560\" height=\"1707\" src=\"https:\/\/www.realclubmaritimomelilla.es\/clmar\/wp-content\/uploads\/CRUCERO-1o-Olivita-de-Luis-Cobreros-scaled.webp\" class=\"attachment-full size-full\" alt=\"\" srcset=\"https:\/\/www.realclubmaritimomelilla.es\/clmar\/wp-content\/uploads\/CRUCERO-1o-Olivita-de-Luis-Cobreros-200x133.webp 200w, https:\/\/www.realclubmaritimomelilla.es\/clmar\/wp-content\/uploads\/CRUCERO-1o-Olivita-de-Luis-Cobreros-300x200.webp 300w, https:\/\/www.realclubmaritimomelilla.es\/clmar\/wp-content\/uploads\/CRUCERO-1o-Olivita-de-Luis-Cobreros-400x267.webp 400w, https:\/\/www.realclubmaritimomelilla.es\/clmar\/wp-content\/uploads\/CRUCERO-1o-Olivita-de-Luis-Cobreros-600x400.webp 600w, https:\/\/www.realclubmaritimomelilla.es\/clmar\/wp-content\/uploads\/CRUCERO-1o-Olivita-de-Luis-Cobreros-768x512.webp 768w, https:\/\/www.realclubmaritimomelilla.es\/clmar\/wp-content\/uploads\/CRUCERO-1o-Olivita-de-Luis-Cobreros-800x533.webp 800w, https:\/\/www.realclubmaritimomelilla.es\/clmar\/wp-content\/uploads\/CRUCERO-1o-Olivita-de-Luis-Cobreros-1024x683.webp 1024w, https:\/\/www.realclubmaritimomelilla.es\/clmar\/wp-content\/uploads\/CRUCERO-1o-Olivita-de-Luis-Cobreros-1200x800.webp 1200w, https:\/\/www.realclubmaritimomelilla.es\/clmar\/wp-content\/uploads\/CRUCERO-1o-Olivita-de-Luis-Cobreros-1536x1024.webp 1536w, https:\/\/www.realclubmaritimomelilla.es\/clmar\/wp-content\/uploads\/CRUCERO-1o-Olivita-de-Luis-Cobreros-scaled.webp 2560w\" sizes=\"(max-width: 2560px) 100vw, 2560px\" \/><\/a>\n\t\t\t<\/dt><\/dl><dl class='gallery-item'>\n\t\t\t<dt class='gallery-icon landscape'>\n\t\t\t\t<a data-rel=\"iLightbox[postimages]\" data-title=\"CRUCERO 2\u00ba Victoria V de Vicente de Juan\" data-caption=\"\" href='https:\/\/www.realclubmaritimomelilla.es\/clmar\/clausura-del-trofeo-joyas-victoria-de-vela\/crucero-2o-victoria-v-de-vicente-de-juan\/'><img decoding=\"async\" width=\"2560\" height=\"1707\" src=\"https:\/\/www.realclubmaritimomelilla.es\/clmar\/wp-content\/uploads\/CRUCERO-2o-Victoria-V-de-Vicente-de-Juan-scaled.webp\" class=\"attachment-full size-full\" alt=\"\" srcset=\"https:\/\/www.realclubmaritimomelilla.es\/clmar\/wp-content\/uploads\/CRUCERO-2o-Victoria-V-de-Vicente-de-Juan-200x133.webp 200w, https:\/\/www.realclubmaritimomelilla.es\/clmar\/wp-content\/uploads\/CRUCERO-2o-Victoria-V-de-Vicente-de-Juan-300x200.webp 300w, https:\/\/www.realclubmaritimomelilla.es\/clmar\/wp-content\/uploads\/CRUCERO-2o-Victoria-V-de-Vicente-de-Juan-400x267.webp 400w, https:\/\/www.realclubmaritimomelilla.es\/clmar\/wp-content\/uploads\/CRUCERO-2o-Victoria-V-de-Vicente-de-Juan-600x400.webp 600w, https:\/\/www.realclubmaritimomelilla.es\/clmar\/wp-content\/uploads\/CRUCERO-2o-Victoria-V-de-Vicente-de-Juan-768x512.webp 768w, https:\/\/www.realclubmaritimomelilla.es\/clmar\/wp-content\/uploads\/CRUCERO-2o-Victoria-V-de-Vicente-de-Juan-800x533.webp 800w, https:\/\/www.realclubmaritimomelilla.es\/clmar\/wp-content\/uploads\/CRUCERO-2o-Victoria-V-de-Vicente-de-Juan-1024x683.webp 1024w, https:\/\/www.realclubmaritimomelilla.es\/clmar\/wp-content\/uploads\/CRUCERO-2o-Victoria-V-de-Vicente-de-Juan-1200x800.webp 1200w, https:\/\/www.realclubmaritimomelilla.es\/clmar\/wp-content\/uploads\/CRUCERO-2o-Victoria-V-de-Vicente-de-Juan-1536x1024.webp 1536w, https:\/\/www.realclubmaritimomelilla.es\/clmar\/wp-content\/uploads\/CRUCERO-2o-Victoria-V-de-Vicente-de-Juan-scaled.webp 2560w\" sizes=\"(max-width: 2560px) 100vw, 2560px\" \/><\/a>\n\t\t\t<\/dt><\/dl><dl class='gallery-item'>\n\t\t\t<dt class='gallery-icon landscape'>\n\t\t\t\t<a data-rel=\"iLightbox[postimages]\" data-title=\"CRUCERO 3\u00ba Tiriti de Jos\u00e9 Luis Rivas\" data-caption=\"\" href='https:\/\/www.realclubmaritimomelilla.es\/clmar\/clausura-del-trofeo-joyas-victoria-de-vela\/crucero-3o-tiriti-de-jose-luis-rivas\/'><img decoding=\"async\" width=\"2560\" height=\"1707\" src=\"https:\/\/www.realclubmaritimomelilla.es\/clmar\/wp-content\/uploads\/CRUCERO-3o-Tiriti-de-Jose-Luis-Rivas-scaled.webp\" class=\"attachment-full size-full\" alt=\"\" srcset=\"https:\/\/www.realclubmaritimomelilla.es\/clmar\/wp-content\/uploads\/CRUCERO-3o-Tiriti-de-Jose-Luis-Rivas-200x133.webp 200w, https:\/\/www.realclubmaritimomelilla.es\/clmar\/wp-content\/uploads\/CRUCERO-3o-Tiriti-de-Jose-Luis-Rivas-300x200.webp 300w, https:\/\/www.realclubmaritimomelilla.es\/clmar\/wp-content\/uploads\/CRUCERO-3o-Tiriti-de-Jose-Luis-Rivas-400x267.webp 400w, https:\/\/www.realclubmaritimomelilla.es\/clmar\/wp-content\/uploads\/CRUCERO-3o-Tiriti-de-Jose-Luis-Rivas-600x400.webp 600w, https:\/\/www.realclubmaritimomelilla.es\/clmar\/wp-content\/uploads\/CRUCERO-3o-Tiriti-de-Jose-Luis-Rivas-768x512.webp 768w, https:\/\/www.realclubmaritimomelilla.es\/clmar\/wp-content\/uploads\/CRUCERO-3o-Tiriti-de-Jose-Luis-Rivas-800x533.webp 800w, https:\/\/www.realclubmaritimomelilla.es\/clmar\/wp-content\/uploads\/CRUCERO-3o-Tiriti-de-Jose-Luis-Rivas-1024x683.webp 1024w, https:\/\/www.realclubmaritimomelilla.es\/clmar\/wp-content\/uploads\/CRUCERO-3o-Tiriti-de-Jose-Luis-Rivas-1200x800.webp 1200w, https:\/\/www.realclubmaritimomelilla.es\/clmar\/wp-content\/uploads\/CRUCERO-3o-Tiriti-de-Jose-Luis-Rivas-1536x1024.webp 1536w, https:\/\/www.realclubmaritimomelilla.es\/clmar\/wp-content\/uploads\/CRUCERO-3o-Tiriti-de-Jose-Luis-Rivas-scaled.webp 2560w\" sizes=\"(max-width: 2560px) 100vw, 2560px\" \/><\/a>\n\t\t\t<\/dt><\/dl><br style=\"clear: both\" \/><dl class='gallery-item'>\n\t\t\t<dt class='gallery-icon landscape'>\n\t\t\t\t<a data-rel=\"iLightbox[postimages]\" data-title=\"OPTIMIST GENERAL 1\u00ba Adri\u00e1n Robles\" data-caption=\"\" href='https:\/\/www.realclubmaritimomelilla.es\/clmar\/clausura-del-trofeo-joyas-victoria-de-vela\/optimist-general-1o-adrian-robles-2\/'><img decoding=\"async\" width=\"2560\" height=\"1707\" src=\"https:\/\/www.realclubmaritimomelilla.es\/clmar\/wp-content\/uploads\/OPTIMIST-GENERAL-1o-Adrian-Robles-1-scaled.webp\" class=\"attachment-full size-full\" alt=\"\" srcset=\"https:\/\/www.realclubmaritimomelilla.es\/clmar\/wp-content\/uploads\/OPTIMIST-GENERAL-1o-Adrian-Robles-1-200x133.webp 200w, https:\/\/www.realclubmaritimomelilla.es\/clmar\/wp-content\/uploads\/OPTIMIST-GENERAL-1o-Adrian-Robles-1-300x200.webp 300w, https:\/\/www.realclubmaritimomelilla.es\/clmar\/wp-content\/uploads\/OPTIMIST-GENERAL-1o-Adrian-Robles-1-400x267.webp 400w, https:\/\/www.realclubmaritimomelilla.es\/clmar\/wp-content\/uploads\/OPTIMIST-GENERAL-1o-Adrian-Robles-1-600x400.webp 600w, https:\/\/www.realclubmaritimomelilla.es\/clmar\/wp-content\/uploads\/OPTIMIST-GENERAL-1o-Adrian-Robles-1-768x512.webp 768w, https:\/\/www.realclubmaritimomelilla.es\/clmar\/wp-content\/uploads\/OPTIMIST-GENERAL-1o-Adrian-Robles-1-800x533.webp 800w, https:\/\/www.realclubmaritimomelilla.es\/clmar\/wp-content\/uploads\/OPTIMIST-GENERAL-1o-Adrian-Robles-1-1024x683.webp 1024w, https:\/\/www.realclubmaritimomelilla.es\/clmar\/wp-content\/uploads\/OPTIMIST-GENERAL-1o-Adrian-Robles-1-1200x800.webp 1200w, https:\/\/www.realclubmaritimomelilla.es\/clmar\/wp-content\/uploads\/OPTIMIST-GENERAL-1o-Adrian-Robles-1-1536x1024.webp 1536w, https:\/\/www.realclubmaritimomelilla.es\/clmar\/wp-content\/uploads\/OPTIMIST-GENERAL-1o-Adrian-Robles-1-scaled.webp 2560w\" sizes=\"(max-width: 2560px) 100vw, 2560px\" \/><\/a>\n\t\t\t<\/dt><\/dl><dl class='gallery-item'>\n\t\t\t<dt class='gallery-icon landscape'>\n\t\t\t\t<a data-rel=\"iLightbox[postimages]\" data-title=\"OPTIMIST GENERAL 2\u00ba Pedro Jimeno\" data-caption=\"\" href='https:\/\/www.realclubmaritimomelilla.es\/clmar\/clausura-del-trofeo-joyas-victoria-de-vela\/optimist-general-2o-pedro-jimeno\/'><img decoding=\"async\" width=\"2560\" height=\"1707\" src=\"https:\/\/www.realclubmaritimomelilla.es\/clmar\/wp-content\/uploads\/OPTIMIST-GENERAL-2o-Pedro-Jimeno-scaled.webp\" class=\"attachment-full size-full\" alt=\"\" srcset=\"https:\/\/www.realclubmaritimomelilla.es\/clmar\/wp-content\/uploads\/OPTIMIST-GENERAL-2o-Pedro-Jimeno-200x133.webp 200w, https:\/\/www.realclubmaritimomelilla.es\/clmar\/wp-content\/uploads\/OPTIMIST-GENERAL-2o-Pedro-Jimeno-300x200.webp 300w, https:\/\/www.realclubmaritimomelilla.es\/clmar\/wp-content\/uploads\/OPTIMIST-GENERAL-2o-Pedro-Jimeno-400x267.webp 400w, https:\/\/www.realclubmaritimomelilla.es\/clmar\/wp-content\/uploads\/OPTIMIST-GENERAL-2o-Pedro-Jimeno-600x400.webp 600w, https:\/\/www.realclubmaritimomelilla.es\/clmar\/wp-content\/uploads\/OPTIMIST-GENERAL-2o-Pedro-Jimeno-768x512.webp 768w, https:\/\/www.realclubmaritimomelilla.es\/clmar\/wp-content\/uploads\/OPTIMIST-GENERAL-2o-Pedro-Jimeno-800x533.webp 800w, https:\/\/www.realclubmaritimomelilla.es\/clmar\/wp-content\/uploads\/OPTIMIST-GENERAL-2o-Pedro-Jimeno-1024x683.webp 1024w, https:\/\/www.realclubmaritimomelilla.es\/clmar\/wp-content\/uploads\/OPTIMIST-GENERAL-2o-Pedro-Jimeno-1200x800.webp 1200w, https:\/\/www.realclubmaritimomelilla.es\/clmar\/wp-content\/uploads\/OPTIMIST-GENERAL-2o-Pedro-Jimeno-1536x1024.webp 1536w, https:\/\/www.realclubmaritimomelilla.es\/clmar\/wp-content\/uploads\/OPTIMIST-GENERAL-2o-Pedro-Jimeno-scaled.webp 2560w\" sizes=\"(max-width: 2560px) 100vw, 2560px\" \/><\/a>\n\t\t\t<\/dt><\/dl><dl class='gallery-item'>\n\t\t\t<dt class='gallery-icon landscape'>\n\t\t\t\t<a data-rel=\"iLightbox[postimages]\" data-title=\"OPTIMIST GENERAL 3\u00aa Isabela Tormo\" data-caption=\"\" href='https:\/\/www.realclubmaritimomelilla.es\/clmar\/clausura-del-trofeo-joyas-victoria-de-vela\/optimist-general-3a-isabela-tormo\/'><img decoding=\"async\" width=\"2560\" height=\"1707\" src=\"https:\/\/www.realclubmaritimomelilla.es\/clmar\/wp-content\/uploads\/OPTIMIST-GENERAL-3a-Isabela-Tormo-scaled.webp\" class=\"attachment-full size-full\" alt=\"\" srcset=\"https:\/\/www.realclubmaritimomelilla.es\/clmar\/wp-content\/uploads\/OPTIMIST-GENERAL-3a-Isabela-Tormo-200x133.webp 200w, https:\/\/www.realclubmaritimomelilla.es\/clmar\/wp-content\/uploads\/OPTIMIST-GENERAL-3a-Isabela-Tormo-300x200.webp 300w, https:\/\/www.realclubmaritimomelilla.es\/clmar\/wp-content\/uploads\/OPTIMIST-GENERAL-3a-Isabela-Tormo-400x267.webp 400w, https:\/\/www.realclubmaritimomelilla.es\/clmar\/wp-content\/uploads\/OPTIMIST-GENERAL-3a-Isabela-Tormo-600x400.webp 600w, https:\/\/www.realclubmaritimomelilla.es\/clmar\/wp-content\/uploads\/OPTIMIST-GENERAL-3a-Isabela-Tormo-768x512.webp 768w, https:\/\/www.realclubmaritimomelilla.es\/clmar\/wp-content\/uploads\/OPTIMIST-GENERAL-3a-Isabela-Tormo-800x533.webp 800w, https:\/\/www.realclubmaritimomelilla.es\/clmar\/wp-content\/uploads\/OPTIMIST-GENERAL-3a-Isabela-Tormo-1024x683.webp 1024w, https:\/\/www.realclubmaritimomelilla.es\/clmar\/wp-content\/uploads\/OPTIMIST-GENERAL-3a-Isabela-Tormo-1200x800.webp 1200w, https:\/\/www.realclubmaritimomelilla.es\/clmar\/wp-content\/uploads\/OPTIMIST-GENERAL-3a-Isabela-Tormo-1536x1024.webp 1536w, https:\/\/www.realclubmaritimomelilla.es\/clmar\/wp-content\/uploads\/OPTIMIST-GENERAL-3a-Isabela-Tormo-scaled.webp 2560w\" sizes=\"(max-width: 2560px) 100vw, 2560px\" \/><\/a>\n\t\t\t<\/dt><\/dl><br style=\"clear: both\" \/><dl class='gallery-item'>\n\t\t\t<dt class='gallery-icon landscape'>\n\t\t\t\t<a data-rel=\"iLightbox[postimages]\" data-title=\"OPTIMIST INICIACI\u00d3N 1\u00aa Mar\u00eda Aguilar\" data-caption=\"\" href='https:\/\/www.realclubmaritimomelilla.es\/clmar\/clausura-del-trofeo-joyas-victoria-de-vela\/optimist-iniciacion-1a-maria-aguilar\/'><img decoding=\"async\" width=\"2560\" height=\"1707\" src=\"https:\/\/www.realclubmaritimomelilla.es\/clmar\/wp-content\/uploads\/OPTIMIST-INICIACION-1a-Maria-Aguilar-scaled.webp\" class=\"attachment-full size-full\" alt=\"\" srcset=\"https:\/\/www.realclubmaritimomelilla.es\/clmar\/wp-content\/uploads\/OPTIMIST-INICIACION-1a-Maria-Aguilar-200x133.webp 200w, https:\/\/www.realclubmaritimomelilla.es\/clmar\/wp-content\/uploads\/OPTIMIST-INICIACION-1a-Maria-Aguilar-300x200.webp 300w, https:\/\/www.realclubmaritimomelilla.es\/clmar\/wp-content\/uploads\/OPTIMIST-INICIACION-1a-Maria-Aguilar-400x267.webp 400w, https:\/\/www.realclubmaritimomelilla.es\/clmar\/wp-content\/uploads\/OPTIMIST-INICIACION-1a-Maria-Aguilar-600x400.webp 600w, https:\/\/www.realclubmaritimomelilla.es\/clmar\/wp-content\/uploads\/OPTIMIST-INICIACION-1a-Maria-Aguilar-768x512.webp 768w, https:\/\/www.realclubmaritimomelilla.es\/clmar\/wp-content\/uploads\/OPTIMIST-INICIACION-1a-Maria-Aguilar-800x533.webp 800w, https:\/\/www.realclubmaritimomelilla.es\/clmar\/wp-content\/uploads\/OPTIMIST-INICIACION-1a-Maria-Aguilar-1024x683.webp 1024w, https:\/\/www.realclubmaritimomelilla.es\/clmar\/wp-content\/uploads\/OPTIMIST-INICIACION-1a-Maria-Aguilar-1200x800.webp 1200w, https:\/\/www.realclubmaritimomelilla.es\/clmar\/wp-content\/uploads\/OPTIMIST-INICIACION-1a-Maria-Aguilar-1536x1024.webp 1536w, https:\/\/www.realclubmaritimomelilla.es\/clmar\/wp-content\/uploads\/OPTIMIST-INICIACION-1a-Maria-Aguilar-scaled.webp 2560w\" sizes=\"(max-width: 2560px) 100vw, 2560px\" \/><\/a>\n\t\t\t<\/dt><\/dl><dl class='gallery-item'>\n\t\t\t<dt class='gallery-icon landscape'>\n\t\t\t\t<a data-rel=\"iLightbox[postimages]\" data-title=\"OPTIMIST INICIACI\u00d3N 2\u00ba Rafael Aguilar\" data-caption=\"\" href='https:\/\/www.realclubmaritimomelilla.es\/clmar\/clausura-del-trofeo-joyas-victoria-de-vela\/optimist-iniciacion-2o-rafael-aguilar\/'><img decoding=\"async\" width=\"2560\" height=\"1707\" src=\"https:\/\/www.realclubmaritimomelilla.es\/clmar\/wp-content\/uploads\/OPTIMIST-INICIACION-2o-Rafael-Aguilar-scaled.webp\" class=\"attachment-full size-full\" alt=\"\" srcset=\"https:\/\/www.realclubmaritimomelilla.es\/clmar\/wp-content\/uploads\/OPTIMIST-INICIACION-2o-Rafael-Aguilar-200x133.webp 200w, https:\/\/www.realclubmaritimomelilla.es\/clmar\/wp-content\/uploads\/OPTIMIST-INICIACION-2o-Rafael-Aguilar-300x200.webp 300w, https:\/\/www.realclubmaritimomelilla.es\/clmar\/wp-content\/uploads\/OPTIMIST-INICIACION-2o-Rafael-Aguilar-400x267.webp 400w, https:\/\/www.realclubmaritimomelilla.es\/clmar\/wp-content\/uploads\/OPTIMIST-INICIACION-2o-Rafael-Aguilar-600x400.webp 600w, https:\/\/www.realclubmaritimomelilla.es\/clmar\/wp-content\/uploads\/OPTIMIST-INICIACION-2o-Rafael-Aguilar-768x512.webp 768w, https:\/\/www.realclubmaritimomelilla.es\/clmar\/wp-content\/uploads\/OPTIMIST-INICIACION-2o-Rafael-Aguilar-800x533.webp 800w, https:\/\/www.realclubmaritimomelilla.es\/clmar\/wp-content\/uploads\/OPTIMIST-INICIACION-2o-Rafael-Aguilar-1024x683.webp 1024w, https:\/\/www.realclubmaritimomelilla.es\/clmar\/wp-content\/uploads\/OPTIMIST-INICIACION-2o-Rafael-Aguilar-1200x800.webp 1200w, https:\/\/www.realclubmaritimomelilla.es\/clmar\/wp-content\/uploads\/OPTIMIST-INICIACION-2o-Rafael-Aguilar-1536x1024.webp 1536w, https:\/\/www.realclubmaritimomelilla.es\/clmar\/wp-content\/uploads\/OPTIMIST-INICIACION-2o-Rafael-Aguilar-scaled.webp 2560w\" sizes=\"(max-width: 2560px) 100vw, 2560px\" \/><\/a>\n\t\t\t<\/dt><\/dl><dl class='gallery-item'>\n\t\t\t<dt class='gallery-icon landscape'>\n\t\t\t\t<a data-rel=\"iLightbox[postimages]\" data-title=\"OPTIMIST INICIACI\u00d3N 3\u00ba Nadir Bouchaukouk\" data-caption=\"\" href='https:\/\/www.realclubmaritimomelilla.es\/clmar\/clausura-del-trofeo-joyas-victoria-de-vela\/optimist-iniciacion-3o-nadir-bouchaukouk\/'><img decoding=\"async\" width=\"2560\" height=\"1707\" src=\"https:\/\/www.realclubmaritimomelilla.es\/clmar\/wp-content\/uploads\/OPTIMIST-INICIACION-3o-Nadir-Bouchaukouk-scaled.webp\" class=\"attachment-full size-full\" alt=\"\" srcset=\"https:\/\/www.realclubmaritimomelilla.es\/clmar\/wp-content\/uploads\/OPTIMIST-INICIACION-3o-Nadir-Bouchaukouk-200x133.webp 200w, https:\/\/www.realclubmaritimomelilla.es\/clmar\/wp-content\/uploads\/OPTIMIST-INICIACION-3o-Nadir-Bouchaukouk-300x200.webp 300w, https:\/\/www.realclubmaritimomelilla.es\/clmar\/wp-content\/uploads\/OPTIMIST-INICIACION-3o-Nadir-Bouchaukouk-400x267.webp 400w, https:\/\/www.realclubmaritimomelilla.es\/clmar\/wp-content\/uploads\/OPTIMIST-INICIACION-3o-Nadir-Bouchaukouk-600x400.webp 600w, https:\/\/www.realclubmaritimomelilla.es\/clmar\/wp-content\/uploads\/OPTIMIST-INICIACION-3o-Nadir-Bouchaukouk-768x512.webp 768w, https:\/\/www.realclubmaritimomelilla.es\/clmar\/wp-content\/uploads\/OPTIMIST-INICIACION-3o-Nadir-Bouchaukouk-800x533.webp 800w, https:\/\/www.realclubmaritimomelilla.es\/clmar\/wp-content\/uploads\/OPTIMIST-INICIACION-3o-Nadir-Bouchaukouk-1024x683.webp 1024w, https:\/\/www.realclubmaritimomelilla.es\/clmar\/wp-content\/uploads\/OPTIMIST-INICIACION-3o-Nadir-Bouchaukouk-1200x800.webp 1200w, https:\/\/www.realclubmaritimomelilla.es\/clmar\/wp-content\/uploads\/OPTIMIST-INICIACION-3o-Nadir-Bouchaukouk-1536x1024.webp 1536w, https:\/\/www.realclubmaritimomelilla.es\/clmar\/wp-content\/uploads\/OPTIMIST-INICIACION-3o-Nadir-Bouchaukouk-scaled.webp 2560w\" sizes=\"(max-width: 2560px) 100vw, 2560px\" \/><\/a>\n\t\t\t<\/dt><\/dl><br style=\"clear: both\" \/><dl class='gallery-item'>\n\t\t\t<dt class='gallery-icon landscape'>\n\t\t\t\t<a data-rel=\"iLightbox[postimages]\" data-title=\"OPTIMIST SUB11 1\u00aa Isabela Tormo\" data-caption=\"\" href='https:\/\/www.realclubmaritimomelilla.es\/clmar\/clausura-del-trofeo-joyas-victoria-de-vela\/optimist-sub11-1a-isabela-tormo\/'><img decoding=\"async\" width=\"2560\" height=\"1707\" src=\"https:\/\/www.realclubmaritimomelilla.es\/clmar\/wp-content\/uploads\/OPTIMIST-SUB11-1a-Isabela-Tormo-scaled.webp\" class=\"attachment-full size-full\" alt=\"\" srcset=\"https:\/\/www.realclubmaritimomelilla.es\/clmar\/wp-content\/uploads\/OPTIMIST-SUB11-1a-Isabela-Tormo-200x133.webp 200w, https:\/\/www.realclubmaritimomelilla.es\/clmar\/wp-content\/uploads\/OPTIMIST-SUB11-1a-Isabela-Tormo-300x200.webp 300w, https:\/\/www.realclubmaritimomelilla.es\/clmar\/wp-content\/uploads\/OPTIMIST-SUB11-1a-Isabela-Tormo-400x267.webp 400w, https:\/\/www.realclubmaritimomelilla.es\/clmar\/wp-content\/uploads\/OPTIMIST-SUB11-1a-Isabela-Tormo-600x400.webp 600w, https:\/\/www.realclubmaritimomelilla.es\/clmar\/wp-content\/uploads\/OPTIMIST-SUB11-1a-Isabela-Tormo-768x512.webp 768w, https:\/\/www.realclubmaritimomelilla.es\/clmar\/wp-content\/uploads\/OPTIMIST-SUB11-1a-Isabela-Tormo-800x533.webp 800w, https:\/\/www.realclubmaritimomelilla.es\/clmar\/wp-content\/uploads\/OPTIMIST-SUB11-1a-Isabela-Tormo-1024x683.webp 1024w, https:\/\/www.realclubmaritimomelilla.es\/clmar\/wp-content\/uploads\/OPTIMIST-SUB11-1a-Isabela-Tormo-1200x800.webp 1200w, https:\/\/www.realclubmaritimomelilla.es\/clmar\/wp-content\/uploads\/OPTIMIST-SUB11-1a-Isabela-Tormo-1536x1024.webp 1536w, https:\/\/www.realclubmaritimomelilla.es\/clmar\/wp-content\/uploads\/OPTIMIST-SUB11-1a-Isabela-Tormo-scaled.webp 2560w\" sizes=\"(max-width: 2560px) 100vw, 2560px\" \/><\/a>\n\t\t\t<\/dt><\/dl><dl class='gallery-item'>\n\t\t\t<dt class='gallery-icon landscape'>\n\t\t\t\t<a data-rel=\"iLightbox[postimages]\" data-title=\"OPTIMIST SUB11 2\u00ba Pablo Rivas\" data-caption=\"\" href='https:\/\/www.realclubmaritimomelilla.es\/clmar\/clausura-del-trofeo-joyas-victoria-de-vela\/optimist-sub11-2o-pablo-rivas-2\/'><img decoding=\"async\" width=\"2560\" height=\"1707\" src=\"https:\/\/www.realclubmaritimomelilla.es\/clmar\/wp-content\/uploads\/OPTIMIST-SUB11-2o-Pablo-Rivas-1-scaled.webp\" class=\"attachment-full size-full\" alt=\"\" srcset=\"https:\/\/www.realclubmaritimomelilla.es\/clmar\/wp-content\/uploads\/OPTIMIST-SUB11-2o-Pablo-Rivas-1-200x133.webp 200w, https:\/\/www.realclubmaritimomelilla.es\/clmar\/wp-content\/uploads\/OPTIMIST-SUB11-2o-Pablo-Rivas-1-300x200.webp 300w, https:\/\/www.realclubmaritimomelilla.es\/clmar\/wp-content\/uploads\/OPTIMIST-SUB11-2o-Pablo-Rivas-1-400x267.webp 400w, https:\/\/www.realclubmaritimomelilla.es\/clmar\/wp-content\/uploads\/OPTIMIST-SUB11-2o-Pablo-Rivas-1-600x400.webp 600w, https:\/\/www.realclubmaritimomelilla.es\/clmar\/wp-content\/uploads\/OPTIMIST-SUB11-2o-Pablo-Rivas-1-768x512.webp 768w, https:\/\/www.realclubmaritimomelilla.es\/clmar\/wp-content\/uploads\/OPTIMIST-SUB11-2o-Pablo-Rivas-1-800x533.webp 800w, https:\/\/www.realclubmaritimomelilla.es\/clmar\/wp-content\/uploads\/OPTIMIST-SUB11-2o-Pablo-Rivas-1-1024x683.webp 1024w, https:\/\/www.realclubmaritimomelilla.es\/clmar\/wp-content\/uploads\/OPTIMIST-SUB11-2o-Pablo-Rivas-1-1200x800.webp 1200w, https:\/\/www.realclubmaritimomelilla.es\/clmar\/wp-content\/uploads\/OPTIMIST-SUB11-2o-Pablo-Rivas-1-1536x1024.webp 1536w, https:\/\/www.realclubmaritimomelilla.es\/clmar\/wp-content\/uploads\/OPTIMIST-SUB11-2o-Pablo-Rivas-1-scaled.webp 2560w\" sizes=\"(max-width: 2560px) 100vw, 2560px\" \/><\/a>\n\t\t\t<\/dt><\/dl><dl class='gallery-item'>\n\t\t\t<dt class='gallery-icon landscape'>\n\t\t\t\t<a data-rel=\"iLightbox[postimages]\" data-title=\"OPTIMIST SUB11 3\u00aa Aitana Robles\" data-caption=\"\" href='https:\/\/www.realclubmaritimomelilla.es\/clmar\/clausura-del-trofeo-joyas-victoria-de-vela\/optimist-sub11-3a-aitana-robles-2\/'><img decoding=\"async\" width=\"2560\" height=\"1707\" src=\"https:\/\/www.realclubmaritimomelilla.es\/clmar\/wp-content\/uploads\/OPTIMIST-SUB11-3a-Aitana-Robles-1-scaled.webp\" class=\"attachment-full size-full\" alt=\"\" srcset=\"https:\/\/www.realclubmaritimomelilla.es\/clmar\/wp-content\/uploads\/OPTIMIST-SUB11-3a-Aitana-Robles-1-200x133.webp 200w, https:\/\/www.realclubmaritimomelilla.es\/clmar\/wp-content\/uploads\/OPTIMIST-SUB11-3a-Aitana-Robles-1-300x200.webp 300w, https:\/\/www.realclubmaritimomelilla.es\/clmar\/wp-content\/uploads\/OPTIMIST-SUB11-3a-Aitana-Robles-1-400x267.webp 400w, https:\/\/www.realclubmaritimomelilla.es\/clmar\/wp-content\/uploads\/OPTIMIST-SUB11-3a-Aitana-Robles-1-600x400.webp 600w, https:\/\/www.realclubmaritimomelilla.es\/clmar\/wp-content\/uploads\/OPTIMIST-SUB11-3a-Aitana-Robles-1-768x512.webp 768w, https:\/\/www.realclubmaritimomelilla.es\/clmar\/wp-content\/uploads\/OPTIMIST-SUB11-3a-Aitana-Robles-1-800x533.webp 800w, https:\/\/www.realclubmaritimomelilla.es\/clmar\/wp-content\/uploads\/OPTIMIST-SUB11-3a-Aitana-Robles-1-1024x683.webp 1024w, https:\/\/www.realclubmaritimomelilla.es\/clmar\/wp-content\/uploads\/OPTIMIST-SUB11-3a-Aitana-Robles-1-1200x800.webp 1200w, https:\/\/www.realclubmaritimomelilla.es\/clmar\/wp-content\/uploads\/OPTIMIST-SUB11-3a-Aitana-Robles-1-1536x1024.webp 1536w, https:\/\/www.realclubmaritimomelilla.es\/clmar\/wp-content\/uploads\/OPTIMIST-SUB11-3a-Aitana-Robles-1-scaled.webp 2560w\" sizes=\"(max-width: 2560px) 100vw, 2560px\" \/><\/a>\n\t\t\t<\/dt><\/dl><br style=\"clear: both\" \/><dl class='gallery-item'>\n\t\t\t<dt class='gallery-icon landscape'>\n\t\t\t\t<a data-rel=\"iLightbox[postimages]\" data-title=\"PESCA Angel Prada (Pieza Mayor)\" data-caption=\"\" href='https:\/\/www.realclubmaritimomelilla.es\/clmar\/clausura-del-trofeo-joyas-victoria-de-vela\/pesca-angel-prada-pieza-mayor\/'><img decoding=\"async\" width=\"2560\" height=\"1707\" src=\"https:\/\/www.realclubmaritimomelilla.es\/clmar\/wp-content\/uploads\/PESCA-Angel-Prada-Pieza-Mayor-scaled.webp\" class=\"attachment-full size-full\" alt=\"\" srcset=\"https:\/\/www.realclubmaritimomelilla.es\/clmar\/wp-content\/uploads\/PESCA-Angel-Prada-Pieza-Mayor-200x133.webp 200w, https:\/\/www.realclubmaritimomelilla.es\/clmar\/wp-content\/uploads\/PESCA-Angel-Prada-Pieza-Mayor-300x200.webp 300w, https:\/\/www.realclubmaritimomelilla.es\/clmar\/wp-content\/uploads\/PESCA-Angel-Prada-Pieza-Mayor-400x267.webp 400w, https:\/\/www.realclubmaritimomelilla.es\/clmar\/wp-content\/uploads\/PESCA-Angel-Prada-Pieza-Mayor-600x400.webp 600w, https:\/\/www.realclubmaritimomelilla.es\/clmar\/wp-content\/uploads\/PESCA-Angel-Prada-Pieza-Mayor-768x512.webp 768w, https:\/\/www.realclubmaritimomelilla.es\/clmar\/wp-content\/uploads\/PESCA-Angel-Prada-Pieza-Mayor-800x533.webp 800w, https:\/\/www.realclubmaritimomelilla.es\/clmar\/wp-content\/uploads\/PESCA-Angel-Prada-Pieza-Mayor-1024x683.webp 1024w, https:\/\/www.realclubmaritimomelilla.es\/clmar\/wp-content\/uploads\/PESCA-Angel-Prada-Pieza-Mayor-1200x800.webp 1200w, https:\/\/www.realclubmaritimomelilla.es\/clmar\/wp-content\/uploads\/PESCA-Angel-Prada-Pieza-Mayor-1536x1024.webp 1536w, https:\/\/www.realclubmaritimomelilla.es\/clmar\/wp-content\/uploads\/PESCA-Angel-Prada-Pieza-Mayor-scaled.webp 2560w\" sizes=\"(max-width: 2560px) 100vw, 2560px\" \/><\/a>\n\t\t\t<\/dt><\/dl><dl class='gallery-item'>\n\t\t\t<dt class='gallery-icon landscape'>\n\t\t\t\t<a data-rel=\"iLightbox[postimages]\" data-title=\"SNIPE 1\u00ba Pablo Rivas y Juan Luis Ruano\" data-caption=\"\" href='https:\/\/www.realclubmaritimomelilla.es\/clmar\/clausura-del-trofeo-joyas-victoria-de-vela\/snipe-1o-pablo-rivas-y-juan-luis-ruano-2\/'><img decoding=\"async\" width=\"2560\" height=\"1707\" src=\"https:\/\/www.realclubmaritimomelilla.es\/clmar\/wp-content\/uploads\/SNIPE-1o-Pablo-Rivas-y-Juan-Luis-Ruano-1-scaled.webp\" class=\"attachment-full size-full\" alt=\"\" srcset=\"https:\/\/www.realclubmaritimomelilla.es\/clmar\/wp-content\/uploads\/SNIPE-1o-Pablo-Rivas-y-Juan-Luis-Ruano-1-200x133.webp 200w, https:\/\/www.realclubmaritimomelilla.es\/clmar\/wp-content\/uploads\/SNIPE-1o-Pablo-Rivas-y-Juan-Luis-Ruano-1-300x200.webp 300w, https:\/\/www.realclubmaritimomelilla.es\/clmar\/wp-content\/uploads\/SNIPE-1o-Pablo-Rivas-y-Juan-Luis-Ruano-1-400x267.webp 400w, https:\/\/www.realclubmaritimomelilla.es\/clmar\/wp-content\/uploads\/SNIPE-1o-Pablo-Rivas-y-Juan-Luis-Ruano-1-600x400.webp 600w, https:\/\/www.realclubmaritimomelilla.es\/clmar\/wp-content\/uploads\/SNIPE-1o-Pablo-Rivas-y-Juan-Luis-Ruano-1-768x512.webp 768w, https:\/\/www.realclubmaritimomelilla.es\/clmar\/wp-content\/uploads\/SNIPE-1o-Pablo-Rivas-y-Juan-Luis-Ruano-1-800x533.webp 800w, https:\/\/www.realclubmaritimomelilla.es\/clmar\/wp-content\/uploads\/SNIPE-1o-Pablo-Rivas-y-Juan-Luis-Ruano-1-1024x683.webp 1024w, https:\/\/www.realclubmaritimomelilla.es\/clmar\/wp-content\/uploads\/SNIPE-1o-Pablo-Rivas-y-Juan-Luis-Ruano-1-1200x800.webp 1200w, https:\/\/www.realclubmaritimomelilla.es\/clmar\/wp-content\/uploads\/SNIPE-1o-Pablo-Rivas-y-Juan-Luis-Ruano-1-1536x1024.webp 1536w, https:\/\/www.realclubmaritimomelilla.es\/clmar\/wp-content\/uploads\/SNIPE-1o-Pablo-Rivas-y-Juan-Luis-Ruano-1-scaled.webp 2560w\" sizes=\"(max-width: 2560px) 100vw, 2560px\" \/><\/a>\n\t\t\t<\/dt><\/dl><dl class='gallery-item'>\n\t\t\t<dt class='gallery-icon landscape'>\n\t\t\t\t<a data-rel=\"iLightbox[postimages]\" data-title=\"SNIPE 2\u00ba Fran Soler y Juan Miguel Lucas\" data-caption=\"\" href='https:\/\/www.realclubmaritimomelilla.es\/clmar\/clausura-del-trofeo-joyas-victoria-de-vela\/snipe-2o-fran-soler-y-juan-miguel-lucas\/'><img decoding=\"async\" width=\"2560\" height=\"1707\" src=\"https:\/\/www.realclubmaritimomelilla.es\/clmar\/wp-content\/uploads\/SNIPE-2o-Fran-Soler-y-Juan-Miguel-Lucas-scaled.webp\" class=\"attachment-full size-full\" alt=\"\" srcset=\"https:\/\/www.realclubmaritimomelilla.es\/clmar\/wp-content\/uploads\/SNIPE-2o-Fran-Soler-y-Juan-Miguel-Lucas-200x133.webp 200w, https:\/\/www.realclubmaritimomelilla.es\/clmar\/wp-content\/uploads\/SNIPE-2o-Fran-Soler-y-Juan-Miguel-Lucas-300x200.webp 300w, https:\/\/www.realclubmaritimomelilla.es\/clmar\/wp-content\/uploads\/SNIPE-2o-Fran-Soler-y-Juan-Miguel-Lucas-400x267.webp 400w, https:\/\/www.realclubmaritimomelilla.es\/clmar\/wp-content\/uploads\/SNIPE-2o-Fran-Soler-y-Juan-Miguel-Lucas-600x400.webp 600w, https:\/\/www.realclubmaritimomelilla.es\/clmar\/wp-content\/uploads\/SNIPE-2o-Fran-Soler-y-Juan-Miguel-Lucas-768x512.webp 768w, https:\/\/www.realclubmaritimomelilla.es\/clmar\/wp-content\/uploads\/SNIPE-2o-Fran-Soler-y-Juan-Miguel-Lucas-800x533.webp 800w, https:\/\/www.realclubmaritimomelilla.es\/clmar\/wp-content\/uploads\/SNIPE-2o-Fran-Soler-y-Juan-Miguel-Lucas-1024x683.webp 1024w, https:\/\/www.realclubmaritimomelilla.es\/clmar\/wp-content\/uploads\/SNIPE-2o-Fran-Soler-y-Juan-Miguel-Lucas-1200x800.webp 1200w, https:\/\/www.realclubmaritimomelilla.es\/clmar\/wp-content\/uploads\/SNIPE-2o-Fran-Soler-y-Juan-Miguel-Lucas-1536x1024.webp 1536w, https:\/\/www.realclubmaritimomelilla.es\/clmar\/wp-content\/uploads\/SNIPE-2o-Fran-Soler-y-Juan-Miguel-Lucas-scaled.webp 2560w\" sizes=\"(max-width: 2560px) 100vw, 2560px\" \/><\/a>\n\t\t\t<\/dt><\/dl><br style=\"clear: both\" \/><dl class='gallery-item'>\n\t\t\t<dt class='gallery-icon landscape'>\n\t\t\t\t<a data-rel=\"iLightbox[postimages]\" data-title=\"SNIPE 3\u00ba Miguel Gonz\u00e1lez y Juan Carlos Pascual\" data-caption=\"\" href='https:\/\/www.realclubmaritimomelilla.es\/clmar\/clausura-del-trofeo-joyas-victoria-de-vela\/snipe-3o-miguel-gonzalez-y-juan-carlos-pascual\/'><img decoding=\"async\" width=\"2560\" height=\"1707\" src=\"https:\/\/www.realclubmaritimomelilla.es\/clmar\/wp-content\/uploads\/SNIPE-3o-Miguel-Gonzalez-y-Juan-Carlos-Pascual-scaled.webp\" class=\"attachment-full size-full\" alt=\"\" srcset=\"https:\/\/www.realclubmaritimomelilla.es\/clmar\/wp-content\/uploads\/SNIPE-3o-Miguel-Gonzalez-y-Juan-Carlos-Pascual-200x133.webp 200w, https:\/\/www.realclubmaritimomelilla.es\/clmar\/wp-content\/uploads\/SNIPE-3o-Miguel-Gonzalez-y-Juan-Carlos-Pascual-300x200.webp 300w, https:\/\/www.realclubmaritimomelilla.es\/clmar\/wp-content\/uploads\/SNIPE-3o-Miguel-Gonzalez-y-Juan-Carlos-Pascual-400x267.webp 400w, https:\/\/www.realclubmaritimomelilla.es\/clmar\/wp-content\/uploads\/SNIPE-3o-Miguel-Gonzalez-y-Juan-Carlos-Pascual-600x400.webp 600w, https:\/\/www.realclubmaritimomelilla.es\/clmar\/wp-content\/uploads\/SNIPE-3o-Miguel-Gonzalez-y-Juan-Carlos-Pascual-768x512.webp 768w, https:\/\/www.realclubmaritimomelilla.es\/clmar\/wp-content\/uploads\/SNIPE-3o-Miguel-Gonzalez-y-Juan-Carlos-Pascual-800x533.webp 800w, https:\/\/www.realclubmaritimomelilla.es\/clmar\/wp-content\/uploads\/SNIPE-3o-Miguel-Gonzalez-y-Juan-Carlos-Pascual-1024x683.webp 1024w, https:\/\/www.realclubmaritimomelilla.es\/clmar\/wp-content\/uploads\/SNIPE-3o-Miguel-Gonzalez-y-Juan-Carlos-Pascual-1200x800.webp 1200w, https:\/\/www.realclubmaritimomelilla.es\/clmar\/wp-content\/uploads\/SNIPE-3o-Miguel-Gonzalez-y-Juan-Carlos-Pascual-1536x1024.webp 1536w, https:\/\/www.realclubmaritimomelilla.es\/clmar\/wp-content\/uploads\/SNIPE-3o-Miguel-Gonzalez-y-Juan-Carlos-Pascual-scaled.webp 2560w\" sizes=\"(max-width: 2560px) 100vw, 2560px\" \/><\/a>\n\t\t\t<\/dt><\/dl>\n\t\t\t<br style='clear: both' \/>\n\t\t<\/div>\n\n","protected":false},"excerpt":{"rendered":"<p>Los salones del Real Club Mar\u00edtimo de Melilla(RCMM) han albergado, este s\u00e1bado, la clausura de las distintas actividades organizadas por la entidad durante estas fiestas navide\u00f1as, que ha incluido una nueva edici\u00f3n del Trofeo Joyas Victoria de Vela, as\u00ed como de las competiciones de pesca. El presidente del Club Mar\u00edtimo, Jer\u00f3nimo P\u00e9rez, junto a una [&hellip;]<\/p>\n","protected":false},"author":1,"featured_media":24533,"comment_status":"open","ping_status":"open","sticky":false,"template":"","format":"standard","meta":{"_acf_changed":false,"footnotes":""},"categories":[42],"tags":[],"class_list":["post-24516","post","type-post","status-publish","format-standard","has-post-thumbnail","hentry","category-trofeos"],"acf":[],"yoast_head":"<!-- This site is optimized with the Yoast SEO plugin v27.5 - https:\/\/yoast.com\/product\/yoast-seo-wordpress\/ -->\n<title>Clausura del Trofeo Joyas Victoria de Vela - Real Club Mar\u00edtimo de Melilla<\/title>\n<meta name=\"description\" content=\"El presidente, Jer\u00f3nimo P\u00e9rez, junto a su Junta Directiva, han participado en esta entrega de trofeos, tras una Navidades en las que las actividades deportivas se han unido a las sociales y culturales\" \/>\n<meta name=\"robots\" content=\"index, follow, max-snippet:-1, max-image-preview:large, max-video-preview:-1\" \/>\n<link rel=\"canonical\" href=\"https:\/\/www.realclubmaritimomelilla.es\/clmar\/clausura-del-trofeo-joyas-victoria-de-vela\/\" \/>\n<meta property=\"og:locale\" content=\"es_ES\" \/>\n<meta property=\"og:type\" content=\"article\" \/>\n<meta property=\"og:title\" content=\"Clausura del Trofeo Joyas Victoria de Vela - Real Club Mar\u00edtimo de Melilla\" \/>\n<meta property=\"og:description\" content=\"El presidente, Jer\u00f3nimo P\u00e9rez, junto a su Junta Directiva, han participado en esta entrega de trofeos, tras una Navidades en las que las actividades deportivas se han unido a las sociales y culturales\" \/>\n<meta property=\"og:url\" content=\"https:\/\/www.realclubmaritimomelilla.es\/clmar\/clausura-del-trofeo-joyas-victoria-de-vela\/\" \/>\n<meta property=\"og:site_name\" content=\"Real Club Mar\u00edtimo de Melilla\" \/>\n<meta property=\"article:publisher\" content=\"https:\/\/www.facebook.com\/Real-Club-Mar%c3%adtimo-de-Melilla-588495841234214\/\" \/>\n<meta property=\"article:published_time\" content=\"2025-01-11T15:11:18+00:00\" \/>\n<meta property=\"article:modified_time\" content=\"2025-01-14T08:35:16+00:00\" \/>\n<meta property=\"og:image\" content=\"https:\/\/www.realclubmaritimomelilla.es\/clmar\/wp-content\/uploads\/FOTO-PREMIADOS-3-scaled.webp\" \/>\n\t<meta property=\"og:image:width\" content=\"2560\" \/>\n\t<meta property=\"og:image:height\" content=\"1707\" \/>\n\t<meta property=\"og:image:type\" content=\"image\/jpeg\" \/>\n<meta name=\"author\" content=\"RCMMelilla\" \/>\n<meta name=\"twitter:card\" content=\"summary_large_image\" \/>\n<meta name=\"twitter:creator\" content=\"@nauticarcmm\" \/>\n<meta name=\"twitter:site\" content=\"@nauticarcmm\" \/>\n<meta name=\"twitter:label1\" content=\"Escrito por\" \/>\n\t<meta name=\"twitter:data1\" content=\"RCMMelilla\" \/>\n\t<meta name=\"twitter:label2\" content=\"Tiempo de lectura\" \/>\n\t<meta name=\"twitter:data2\" content=\"3 minutos\" \/>\n<script type=\"application\/ld+json\" class=\"yoast-schema-graph\">{\"@context\":\"https:\\\/\\\/schema.org\",\"@graph\":[{\"@type\":\"Article\",\"@id\":\"https:\\\/\\\/www.realclubmaritimomelilla.es\\\/clmar\\\/clausura-del-trofeo-joyas-victoria-de-vela\\\/#article\",\"isPartOf\":{\"@id\":\"https:\\\/\\\/www.realclubmaritimomelilla.es\\\/clmar\\\/clausura-del-trofeo-joyas-victoria-de-vela\\\/\"},\"author\":{\"name\":\"RCMMelilla\",\"@id\":\"https:\\\/\\\/www.realclubmaritimomelilla.es\\\/clmar\\\/#\\\/schema\\\/person\\\/ebaa3713496dc6d48c872452e73a8e79\"},\"headline\":\"Clausura del Trofeo Joyas Victoria de Vela\",\"datePublished\":\"2025-01-11T15:11:18+00:00\",\"dateModified\":\"2025-01-14T08:35:16+00:00\",\"mainEntityOfPage\":{\"@id\":\"https:\\\/\\\/www.realclubmaritimomelilla.es\\\/clmar\\\/clausura-del-trofeo-joyas-victoria-de-vela\\\/\"},\"wordCount\":430,\"commentCount\":0,\"publisher\":{\"@id\":\"https:\\\/\\\/www.realclubmaritimomelilla.es\\\/clmar\\\/#organization\"},\"image\":{\"@id\":\"https:\\\/\\\/www.realclubmaritimomelilla.es\\\/clmar\\\/clausura-del-trofeo-joyas-victoria-de-vela\\\/#primaryimage\"},\"thumbnailUrl\":\"https:\\\/\\\/www.realclubmaritimomelilla.es\\\/clmar\\\/wp-content\\\/uploads\\\/FOTO-PREMIADOS-3-scaled.webp\",\"articleSection\":[\"Trofeos\"],\"inLanguage\":\"es\",\"potentialAction\":[{\"@type\":\"CommentAction\",\"name\":\"Comment\",\"target\":[\"https:\\\/\\\/www.realclubmaritimomelilla.es\\\/clmar\\\/clausura-del-trofeo-joyas-victoria-de-vela\\\/#respond\"]}]},{\"@type\":\"WebPage\",\"@id\":\"https:\\\/\\\/www.realclubmaritimomelilla.es\\\/clmar\\\/clausura-del-trofeo-joyas-victoria-de-vela\\\/\",\"url\":\"https:\\\/\\\/www.realclubmaritimomelilla.es\\\/clmar\\\/clausura-del-trofeo-joyas-victoria-de-vela\\\/\",\"name\":\"Clausura del Trofeo Joyas Victoria de Vela - Real Club Mar\u00edtimo de Melilla\",\"isPartOf\":{\"@id\":\"https:\\\/\\\/www.realclubmaritimomelilla.es\\\/clmar\\\/#website\"},\"primaryImageOfPage\":{\"@id\":\"https:\\\/\\\/www.realclubmaritimomelilla.es\\\/clmar\\\/clausura-del-trofeo-joyas-victoria-de-vela\\\/#primaryimage\"},\"image\":{\"@id\":\"https:\\\/\\\/www.realclubmaritimomelilla.es\\\/clmar\\\/clausura-del-trofeo-joyas-victoria-de-vela\\\/#primaryimage\"},\"thumbnailUrl\":\"https:\\\/\\\/www.realclubmaritimomelilla.es\\\/clmar\\\/wp-content\\\/uploads\\\/FOTO-PREMIADOS-3-scaled.webp\",\"datePublished\":\"2025-01-11T15:11:18+00:00\",\"dateModified\":\"2025-01-14T08:35:16+00:00\",\"description\":\"El presidente, Jer\u00f3nimo P\u00e9rez, junto a su Junta Directiva, han participado en esta entrega de trofeos, tras una Navidades en las que las actividades deportivas se han unido a las sociales y culturales\",\"breadcrumb\":{\"@id\":\"https:\\\/\\\/www.realclubmaritimomelilla.es\\\/clmar\\\/clausura-del-trofeo-joyas-victoria-de-vela\\\/#breadcrumb\"},\"inLanguage\":\"es\",\"potentialAction\":[{\"@type\":\"ReadAction\",\"target\":[\"https:\\\/\\\/www.realclubmaritimomelilla.es\\\/clmar\\\/clausura-del-trofeo-joyas-victoria-de-vela\\\/\"]}]},{\"@type\":\"ImageObject\",\"inLanguage\":\"es\",\"@id\":\"https:\\\/\\\/www.realclubmaritimomelilla.es\\\/clmar\\\/clausura-del-trofeo-joyas-victoria-de-vela\\\/#primaryimage\",\"url\":\"https:\\\/\\\/www.realclubmaritimomelilla.es\\\/clmar\\\/wp-content\\\/uploads\\\/FOTO-PREMIADOS-3-scaled.webp\",\"contentUrl\":\"https:\\\/\\\/www.realclubmaritimomelilla.es\\\/clmar\\\/wp-content\\\/uploads\\\/FOTO-PREMIADOS-3-scaled.webp\",\"width\":2560,\"height\":1707},{\"@type\":\"BreadcrumbList\",\"@id\":\"https:\\\/\\\/www.realclubmaritimomelilla.es\\\/clmar\\\/clausura-del-trofeo-joyas-victoria-de-vela\\\/#breadcrumb\",\"itemListElement\":[{\"@type\":\"ListItem\",\"position\":1,\"name\":\"Portada\",\"item\":\"https:\\\/\\\/www.realclubmaritimomelilla.es\\\/clmar\\\/\"},{\"@type\":\"ListItem\",\"position\":2,\"name\":\"Clausura del Trofeo Joyas Victoria de Vela\"}]},{\"@type\":\"WebSite\",\"@id\":\"https:\\\/\\\/www.realclubmaritimomelilla.es\\\/clmar\\\/#website\",\"url\":\"https:\\\/\\\/www.realclubmaritimomelilla.es\\\/clmar\\\/\",\"name\":\"Real Club Mar\u00edtimo de Melilla\",\"description\":\"RCMM\",\"publisher\":{\"@id\":\"https:\\\/\\\/www.realclubmaritimomelilla.es\\\/clmar\\\/#organization\"},\"alternateName\":\"RCMM\",\"potentialAction\":[{\"@type\":\"SearchAction\",\"target\":{\"@type\":\"EntryPoint\",\"urlTemplate\":\"https:\\\/\\\/www.realclubmaritimomelilla.es\\\/clmar\\\/?s={search_term_string}\"},\"query-input\":{\"@type\":\"PropertyValueSpecification\",\"valueRequired\":true,\"valueName\":\"search_term_string\"}}],\"inLanguage\":\"es\"},{\"@type\":\"Organization\",\"@id\":\"https:\\\/\\\/www.realclubmaritimomelilla.es\\\/clmar\\\/#organization\",\"name\":\"Real Club Mar\u00edtimo de Melilla\",\"alternateName\":\"RCMM\",\"url\":\"https:\\\/\\\/www.realclubmaritimomelilla.es\\\/clmar\\\/\",\"logo\":{\"@type\":\"ImageObject\",\"inLanguage\":\"es\",\"@id\":\"https:\\\/\\\/www.realclubmaritimomelilla.es\\\/clmar\\\/#\\\/schema\\\/logo\\\/image\\\/\",\"url\":\"https:\\\/\\\/www.realclubmaritimomelilla.es\\\/clmar\\\/wp-content\\\/uploads\\\/logo-club-original-copia.jpg\",\"contentUrl\":\"https:\\\/\\\/www.realclubmaritimomelilla.es\\\/clmar\\\/wp-content\\\/uploads\\\/logo-club-original-copia.jpg\",\"width\":128,\"height\":89,\"caption\":\"Real Club Mar\u00edtimo de Melilla\"},\"image\":{\"@id\":\"https:\\\/\\\/www.realclubmaritimomelilla.es\\\/clmar\\\/#\\\/schema\\\/logo\\\/image\\\/\"},\"sameAs\":[\"https:\\\/\\\/www.facebook.com\\\/Real-Club-Mar\u00edtimo-de-Melilla-588495841234214\\\/\",\"https:\\\/\\\/x.com\\\/nauticarcmm\",\"https:\\\/\\\/www.instagram.com\\\/club_maritimo_melilla\\\/\",\"https:\\\/\\\/www.youtube.com\\\/@realclubmaritimodemelilla4703\",\"https:\\\/\\\/es.wikipedia.org\\\/wiki\\\/Real_Club_Mar\u00edtimo_de_Melilla\"]},{\"@type\":\"Person\",\"@id\":\"https:\\\/\\\/www.realclubmaritimomelilla.es\\\/clmar\\\/#\\\/schema\\\/person\\\/ebaa3713496dc6d48c872452e73a8e79\",\"name\":\"RCMMelilla\",\"image\":{\"@type\":\"ImageObject\",\"inLanguage\":\"es\",\"@id\":\"https:\\\/\\\/secure.gravatar.com\\\/avatar\\\/df1c24789360fb9308735c4ee556fc2bc5bf924bf01e53043b8b97ba272da33c?s=96&d=mm&r=g\",\"url\":\"https:\\\/\\\/secure.gravatar.com\\\/avatar\\\/df1c24789360fb9308735c4ee556fc2bc5bf924bf01e53043b8b97ba272da33c?s=96&d=mm&r=g\",\"contentUrl\":\"https:\\\/\\\/secure.gravatar.com\\\/avatar\\\/df1c24789360fb9308735c4ee556fc2bc5bf924bf01e53043b8b97ba272da33c?s=96&d=mm&r=g\",\"caption\":\"RCMMelilla\"}}]}<\/script>\n<!-- \/ Yoast SEO plugin. -->","yoast_head_json":{"title":"Clausura del Trofeo Joyas Victoria de Vela - Real Club Mar\u00edtimo de Melilla","description":"El presidente, Jer\u00f3nimo P\u00e9rez, junto a su Junta Directiva, han participado en esta entrega de trofeos, tras una Navidades en las que las actividades deportivas se han unido a las sociales y culturales","robots":{"index":"index","follow":"follow","max-snippet":"max-snippet:-1","max-image-preview":"max-image-preview:large","max-video-preview":"max-video-preview:-1"},"canonical":"https:\/\/www.realclubmaritimomelilla.es\/clmar\/clausura-del-trofeo-joyas-victoria-de-vela\/","og_locale":"es_ES","og_type":"article","og_title":"Clausura del Trofeo Joyas Victoria de Vela - Real Club Mar\u00edtimo de Melilla","og_description":"El presidente, Jer\u00f3nimo P\u00e9rez, junto a su Junta Directiva, han participado en esta entrega de trofeos, tras una Navidades en las que las actividades deportivas se han unido a las sociales y culturales","og_url":"https:\/\/www.realclubmaritimomelilla.es\/clmar\/clausura-del-trofeo-joyas-victoria-de-vela\/","og_site_name":"Real Club Mar\u00edtimo de Melilla","article_publisher":"https:\/\/www.facebook.com\/Real-Club-Mar%c3%adtimo-de-Melilla-588495841234214\/","article_published_time":"2025-01-11T15:11:18+00:00","article_modified_time":"2025-01-14T08:35:16+00:00","og_image":[{"width":2560,"height":1707,"url":"https:\/\/www.realclubmaritimomelilla.es\/clmar\/wp-content\/uploads\/FOTO-PREMIADOS-3-scaled.webp","type":"image\/jpeg"}],"author":"RCMMelilla","twitter_card":"summary_large_image","twitter_creator":"@nauticarcmm","twitter_site":"@nauticarcmm","twitter_misc":{"Escrito por":"RCMMelilla","Tiempo de lectura":"3 minutos"},"schema":{"@context":"https:\/\/schema.org","@graph":[{"@type":"Article","@id":"https:\/\/www.realclubmaritimomelilla.es\/clmar\/clausura-del-trofeo-joyas-victoria-de-vela\/#article","isPartOf":{"@id":"https:\/\/www.realclubmaritimomelilla.es\/clmar\/clausura-del-trofeo-joyas-victoria-de-vela\/"},"author":{"name":"RCMMelilla","@id":"https:\/\/www.realclubmaritimomelilla.es\/clmar\/#\/schema\/person\/ebaa3713496dc6d48c872452e73a8e79"},"headline":"Clausura del Trofeo Joyas Victoria de Vela","datePublished":"2025-01-11T15:11:18+00:00","dateModified":"2025-01-14T08:35:16+00:00","mainEntityOfPage":{"@id":"https:\/\/www.realclubmaritimomelilla.es\/clmar\/clausura-del-trofeo-joyas-victoria-de-vela\/"},"wordCount":430,"commentCount":0,"publisher":{"@id":"https:\/\/www.realclubmaritimomelilla.es\/clmar\/#organization"},"image":{"@id":"https:\/\/www.realclubmaritimomelilla.es\/clmar\/clausura-del-trofeo-joyas-victoria-de-vela\/#primaryimage"},"thumbnailUrl":"https:\/\/www.realclubmaritimomelilla.es\/clmar\/wp-content\/uploads\/FOTO-PREMIADOS-3-scaled.webp","articleSection":["Trofeos"],"inLanguage":"es","potentialAction":[{"@type":"CommentAction","name":"Comment","target":["https:\/\/www.realclubmaritimomelilla.es\/clmar\/clausura-del-trofeo-joyas-victoria-de-vela\/#respond"]}]},{"@type":"WebPage","@id":"https:\/\/www.realclubmaritimomelilla.es\/clmar\/clausura-del-trofeo-joyas-victoria-de-vela\/","url":"https:\/\/www.realclubmaritimomelilla.es\/clmar\/clausura-del-trofeo-joyas-victoria-de-vela\/","name":"Clausura del Trofeo Joyas Victoria de Vela - Real Club Mar\u00edtimo de Melilla","isPartOf":{"@id":"https:\/\/www.realclubmaritimomelilla.es\/clmar\/#website"},"primaryImageOfPage":{"@id":"https:\/\/www.realclubmaritimomelilla.es\/clmar\/clausura-del-trofeo-joyas-victoria-de-vela\/#primaryimage"},"image":{"@id":"https:\/\/www.realclubmaritimomelilla.es\/clmar\/clausura-del-trofeo-joyas-victoria-de-vela\/#primaryimage"},"thumbnailUrl":"https:\/\/www.realclubmaritimomelilla.es\/clmar\/wp-content\/uploads\/FOTO-PREMIADOS-3-scaled.webp","datePublished":"2025-01-11T15:11:18+00:00","dateModified":"2025-01-14T08:35:16+00:00","description":"El presidente, Jer\u00f3nimo P\u00e9rez, junto a su Junta Directiva, han participado en esta entrega de trofeos, tras una Navidades en las que las actividades deportivas se han unido a las sociales y culturales","breadcrumb":{"@id":"https:\/\/www.realclubmaritimomelilla.es\/clmar\/clausura-del-trofeo-joyas-victoria-de-vela\/#breadcrumb"},"inLanguage":"es","potentialAction":[{"@type":"ReadAction","target":["https:\/\/www.realclubmaritimomelilla.es\/clmar\/clausura-del-trofeo-joyas-victoria-de-vela\/"]}]},{"@type":"ImageObject","inLanguage":"es","@id":"https:\/\/www.realclubmaritimomelilla.es\/clmar\/clausura-del-trofeo-joyas-victoria-de-vela\/#primaryimage","url":"https:\/\/www.realclubmaritimomelilla.es\/clmar\/wp-content\/uploads\/FOTO-PREMIADOS-3-scaled.webp","contentUrl":"https:\/\/www.realclubmaritimomelilla.es\/clmar\/wp-content\/uploads\/FOTO-PREMIADOS-3-scaled.webp","width":2560,"height":1707},{"@type":"BreadcrumbList","@id":"https:\/\/www.realclubmaritimomelilla.es\/clmar\/clausura-del-trofeo-joyas-victoria-de-vela\/#breadcrumb","itemListElement":[{"@type":"ListItem","position":1,"name":"Portada","item":"https:\/\/www.realclubmaritimomelilla.es\/clmar\/"},{"@type":"ListItem","position":2,"name":"Clausura del Trofeo Joyas Victoria de Vela"}]},{"@type":"WebSite","@id":"https:\/\/www.realclubmaritimomelilla.es\/clmar\/#website","url":"https:\/\/www.realclubmaritimomelilla.es\/clmar\/","name":"Real Club Mar\u00edtimo de Melilla","description":"RCMM","publisher":{"@id":"https:\/\/www.realclubmaritimomelilla.es\/clmar\/#organization"},"alternateName":"RCMM","potentialAction":[{"@type":"SearchAction","target":{"@type":"EntryPoint","urlTemplate":"https:\/\/www.realclubmaritimomelilla.es\/clmar\/?s={search_term_string}"},"query-input":{"@type":"PropertyValueSpecification","valueRequired":true,"valueName":"search_term_string"}}],"inLanguage":"es"},{"@type":"Organization","@id":"https:\/\/www.realclubmaritimomelilla.es\/clmar\/#organization","name":"Real Club Mar\u00edtimo de Melilla","alternateName":"RCMM","url":"https:\/\/www.realclubmaritimomelilla.es\/clmar\/","logo":{"@type":"ImageObject","inLanguage":"es","@id":"https:\/\/www.realclubmaritimomelilla.es\/clmar\/#\/schema\/logo\/image\/","url":"https:\/\/www.realclubmaritimomelilla.es\/clmar\/wp-content\/uploads\/logo-club-original-copia.jpg","contentUrl":"https:\/\/www.realclubmaritimomelilla.es\/clmar\/wp-content\/uploads\/logo-club-original-copia.jpg","width":128,"height":89,"caption":"Real Club Mar\u00edtimo de Melilla"},"image":{"@id":"https:\/\/www.realclubmaritimomelilla.es\/clmar\/#\/schema\/logo\/image\/"},"sameAs":["https:\/\/www.facebook.com\/Real-Club-Mar\u00edtimo-de-Melilla-588495841234214\/","https:\/\/x.com\/nauticarcmm","https:\/\/www.instagram.com\/club_maritimo_melilla\/","https:\/\/www.youtube.com\/@realclubmaritimodemelilla4703","https:\/\/es.wikipedia.org\/wiki\/Real_Club_Mar\u00edtimo_de_Melilla"]},{"@type":"Person","@id":"https:\/\/www.realclubmaritimomelilla.es\/clmar\/#\/schema\/person\/ebaa3713496dc6d48c872452e73a8e79","name":"RCMMelilla","image":{"@type":"ImageObject","inLanguage":"es","@id":"https:\/\/secure.gravatar.com\/avatar\/df1c24789360fb9308735c4ee556fc2bc5bf924bf01e53043b8b97ba272da33c?s=96&d=mm&r=g","url":"https:\/\/secure.gravatar.com\/avatar\/df1c24789360fb9308735c4ee556fc2bc5bf924bf01e53043b8b97ba272da33c?s=96&d=mm&r=g","contentUrl":"https:\/\/secure.gravatar.com\/avatar\/df1c24789360fb9308735c4ee556fc2bc5bf924bf01e53043b8b97ba272da33c?s=96&d=mm&r=g","caption":"RCMMelilla"}}]}},"_links":{"self":[{"href":"https:\/\/www.realclubmaritimomelilla.es\/clmar\/wp-json\/wp\/v2\/posts\/24516","targetHints":{"allow":["GET"]}}],"collection":[{"href":"https:\/\/www.realclubmaritimomelilla.es\/clmar\/wp-json\/wp\/v2\/posts"}],"about":[{"href":"https:\/\/www.realclubmaritimomelilla.es\/clmar\/wp-json\/wp\/v2\/types\/post"}],"author":[{"embeddable":true,"href":"https:\/\/www.realclubmaritimomelilla.es\/clmar\/wp-json\/wp\/v2\/users\/1"}],"replies":[{"embeddable":true,"href":"https:\/\/www.realclubmaritimomelilla.es\/clmar\/wp-json\/wp\/v2\/comments?post=24516"}],"version-history":[{"count":2,"href":"https:\/\/www.realclubmaritimomelilla.es\/clmar\/wp-json\/wp\/v2\/posts\/24516\/revisions"}],"predecessor-version":[{"id":24537,"href":"https:\/\/www.realclubmaritimomelilla.es\/clmar\/wp-json\/wp\/v2\/posts\/24516\/revisions\/24537"}],"wp:featuredmedia":[{"embeddable":true,"href":"https:\/\/www.realclubmaritimomelilla.es\/clmar\/wp-json\/wp\/v2\/media\/24533"}],"wp:attachment":[{"href":"https:\/\/www.realclubmaritimomelilla.es\/clmar\/wp-json\/wp\/v2\/media?parent=24516"}],"wp:term":[{"taxonomy":"category","embeddable":true,"href":"https:\/\/www.realclubmaritimomelilla.es\/clmar\/wp-json\/wp\/v2\/categories?post=24516"},{"taxonomy":"post_tag","embeddable":true,"href":"https:\/\/www.realclubmaritimomelilla.es\/clmar\/wp-json\/wp\/v2\/tags?post=24516"}],"curies":[{"name":"wp","href":"https:\/\/api.w.org\/{rel}","templated":true}]}}