{"id":24208,"date":"2024-11-14T08:02:42","date_gmt":"2024-11-14T07:02:42","guid":{"rendered":"https:\/\/www.realclubmaritimomelilla.es\/clmar\/?p=24208"},"modified":"2024-11-14T14:47:50","modified_gmt":"2024-11-14T13:47:50","slug":"melilla-corre-por-valencia-sumate-y-partcipa","status":"publish","type":"post","link":"https:\/\/www.realclubmaritimomelilla.es\/clmar\/melilla-corre-por-valencia-sumate-y-partcipa\/","title":{"rendered":"&#8216;Melilla corre por Valencia&#8217;, s\u00famate y participa"},"content":{"rendered":"<p>En el Real Club Mar\u00edtimo de Melilla(RCMM) hemos recibido la invitaci\u00f3n del Colegio Enrique Soler, para sumarnos a su iniciativa solidaria &#8220;Melilla Corre por Valencia&#8221;. <\/p>\n<p>A continuaci\u00f3n reproducimos la misiva recibida del centro educativo, al tiempo que invitamos a todos nuestros socios a sumarse a esta actividad y aportar su granito de arena a la ayuda que se pretende realizar desde esta iniciativa. <\/p>\n<p><strong>CARTA COLEGIO ENRIQUE SOLER.<\/strong><\/p>\n<p>Nos dirigimos a ustedes desde el Colegio Enrique Soler para invitarlos a unirse a una iniciativa solidaria que creemos que puede marcar una gran diferencia en estos momentos tan dif\u00edciles.<\/p>\n<p>La reciente DANA ha afectado gravemente a varias zonas de Valencia, impactando especialmente a guarder\u00edas, colegios e institutos, lugares donde tantos ni\u00f1os y j\u00f3venes crecen y se forman. Este momento nos brinda la oportunidad de tender nuestra mano y colaborar para restaurar esos espacios fundamentales para muchas familias.<\/p>\n<p>Es por ello que hemos organizado la carrera solidaria virtual \u201cMelilla Corre por Valencia\u201d, una iniciativa en la que queremos contar con el apoyo de asociaciones comprometidas como la suya. Esta carrera es m\u00e1s que un evento deportivo; es un s\u00edmbolo de apoyo a quienes m\u00e1s lo necesitan. La modalidad virtual permite a los participantes unirse desde donde est\u00e9n, en el recorrido que prefieran y a su propio ritmo. Adem\u00e1s, quienes no deseen correr pueden colaborar mediante el dorsal cero, una inscripci\u00f3n simb\u00f3lica para hacer su aportaci\u00f3n solidaria.<\/p>\n<p>Cada inscripci\u00f3n, cada paso que se d\u00e9 en esta carrera contribuir\u00e1 a mitigar los efectos de esta tragedia, pues todos los beneficios ir\u00e1n destinados a la reconstrucci\u00f3n y ayuda de las zonas afectadas. Es una oportunidad \u00fanica para correr o caminar con un prop\u00f3sito m\u00e1s grande que el de llegar a la meta: el de brindar esperanza y ayuda.<\/p>\n<p>Les invitamos a sumarse a esta causa, animando a sus miembros a participar y difundiendo esta invitaci\u00f3n. Con el esfuerzo de todos, podemos marcar la diferencia y apoyar a Valencia en su recuperaci\u00f3n.<\/p>\n<p><strong>Pueden inscribirse y obtener m\u00e1s informaci\u00f3n en el siguiente enlace: https:\/\/bit.ly\/melillacorrexvalencia<\/strong><\/p>\n<p>Gracias de antemano por considerar nuestra invitaci\u00f3n. Juntos, podemos hacer que esta carrera de solidaridad llegue muy lejos.<\/p>\n","protected":false},"excerpt":{"rendered":"<p>En el Real Club Mar\u00edtimo de Melilla(RCMM) hemos recibido la invitaci\u00f3n del Colegio Enrique Soler, para sumarnos a su iniciativa solidaria &#8220;Melilla Corre por Valencia&#8221;. A continuaci\u00f3n reproducimos la misiva recibida del centro educativo, al tiempo que invitamos a todos nuestros socios a sumarse a esta actividad y aportar su granito de arena a la [&hellip;]<\/p>\n","protected":false},"author":1,"featured_media":24209,"comment_status":"open","ping_status":"open","sticky":false,"template":"","format":"standard","meta":{"_acf_changed":false,"footnotes":""},"categories":[40],"tags":[],"class_list":["post-24208","post","type-post","status-publish","format-standard","has-post-thumbnail","hentry","category-club"],"acf":[],"yoast_head":"<!-- This site is optimized with the Yoast SEO plugin v27.5 - https:\/\/yoast.com\/product\/yoast-seo-wordpress\/ -->\n<title>&#039;Melilla corre por Valencia&#039;, s\u00famate y participa - Real Club Mar\u00edtimo de Melilla<\/title>\n<meta name=\"description\" content=\"En el RCMM hemos recibido la invitaci\u00f3n del Colegio Enrique Soler, para sumarnos a su iniciativa solidaria &quot;Melilla Corre por Valencia&quot;.\" \/>\n<meta name=\"robots\" content=\"index, follow, max-snippet:-1, max-image-preview:large, max-video-preview:-1\" \/>\n<link rel=\"canonical\" href=\"https:\/\/www.realclubmaritimomelilla.es\/clmar\/melilla-corre-por-valencia-sumate-y-partcipa\/\" \/>\n<meta property=\"og:locale\" content=\"es_ES\" \/>\n<meta property=\"og:type\" content=\"article\" \/>\n<meta property=\"og:title\" content=\"&#039;Melilla corre por Valencia&#039;, s\u00famate y participa - Real Club Mar\u00edtimo de Melilla\" \/>\n<meta property=\"og:description\" content=\"En el RCMM hemos recibido la invitaci\u00f3n del Colegio Enrique Soler, para sumarnos a su iniciativa solidaria &quot;Melilla Corre por Valencia&quot;.\" \/>\n<meta property=\"og:url\" content=\"https:\/\/www.realclubmaritimomelilla.es\/clmar\/melilla-corre-por-valencia-sumate-y-partcipa\/\" \/>\n<meta property=\"og:site_name\" content=\"Real Club Mar\u00edtimo de Melilla\" \/>\n<meta property=\"article:publisher\" content=\"https:\/\/www.facebook.com\/Real-Club-Mar%c3%adtimo-de-Melilla-588495841234214\/\" \/>\n<meta property=\"article:published_time\" content=\"2024-11-14T07:02:42+00:00\" \/>\n<meta property=\"article:modified_time\" content=\"2024-11-14T13:47:50+00:00\" \/>\n<meta property=\"og:image\" content=\"https:\/\/www.realclubmaritimomelilla.es\/clmar\/wp-content\/uploads\/unnamed-png.webp\" \/>\n\t<meta property=\"og:image:width\" content=\"1131\" \/>\n\t<meta property=\"og:image:height\" content=\"1600\" \/>\n\t<meta property=\"og:image:type\" content=\"image\/png\" \/>\n<meta name=\"author\" content=\"RCMMelilla\" \/>\n<meta name=\"twitter:card\" content=\"summary_large_image\" \/>\n<meta name=\"twitter:creator\" content=\"@nauticarcmm\" \/>\n<meta name=\"twitter:site\" content=\"@nauticarcmm\" \/>\n<meta name=\"twitter:label1\" content=\"Escrito por\" \/>\n\t<meta name=\"twitter:data1\" content=\"RCMMelilla\" \/>\n\t<meta name=\"twitter:label2\" content=\"Tiempo de lectura\" \/>\n\t<meta name=\"twitter:data2\" content=\"2 minutos\" \/>\n<script type=\"application\/ld+json\" class=\"yoast-schema-graph\">{\"@context\":\"https:\\\/\\\/schema.org\",\"@graph\":[{\"@type\":\"Article\",\"@id\":\"https:\\\/\\\/www.realclubmaritimomelilla.es\\\/clmar\\\/melilla-corre-por-valencia-sumate-y-partcipa\\\/#article\",\"isPartOf\":{\"@id\":\"https:\\\/\\\/www.realclubmaritimomelilla.es\\\/clmar\\\/melilla-corre-por-valencia-sumate-y-partcipa\\\/\"},\"author\":{\"name\":\"RCMMelilla\",\"@id\":\"https:\\\/\\\/www.realclubmaritimomelilla.es\\\/clmar\\\/#\\\/schema\\\/person\\\/ebaa3713496dc6d48c872452e73a8e79\"},\"headline\":\"&#8216;Melilla corre por Valencia&#8217;, s\u00famate y participa\",\"datePublished\":\"2024-11-14T07:02:42+00:00\",\"dateModified\":\"2024-11-14T13:47:50+00:00\",\"mainEntityOfPage\":{\"@id\":\"https:\\\/\\\/www.realclubmaritimomelilla.es\\\/clmar\\\/melilla-corre-por-valencia-sumate-y-partcipa\\\/\"},\"wordCount\":391,\"commentCount\":0,\"publisher\":{\"@id\":\"https:\\\/\\\/www.realclubmaritimomelilla.es\\\/clmar\\\/#organization\"},\"image\":{\"@id\":\"https:\\\/\\\/www.realclubmaritimomelilla.es\\\/clmar\\\/melilla-corre-por-valencia-sumate-y-partcipa\\\/#primaryimage\"},\"thumbnailUrl\":\"https:\\\/\\\/www.realclubmaritimomelilla.es\\\/clmar\\\/wp-content\\\/uploads\\\/unnamed-png.webp\",\"articleSection\":[\"Club\"],\"inLanguage\":\"es\",\"potentialAction\":[{\"@type\":\"CommentAction\",\"name\":\"Comment\",\"target\":[\"https:\\\/\\\/www.realclubmaritimomelilla.es\\\/clmar\\\/melilla-corre-por-valencia-sumate-y-partcipa\\\/#respond\"]}]},{\"@type\":\"WebPage\",\"@id\":\"https:\\\/\\\/www.realclubmaritimomelilla.es\\\/clmar\\\/melilla-corre-por-valencia-sumate-y-partcipa\\\/\",\"url\":\"https:\\\/\\\/www.realclubmaritimomelilla.es\\\/clmar\\\/melilla-corre-por-valencia-sumate-y-partcipa\\\/\",\"name\":\"'Melilla corre por Valencia', s\u00famate y participa - Real Club Mar\u00edtimo de Melilla\",\"isPartOf\":{\"@id\":\"https:\\\/\\\/www.realclubmaritimomelilla.es\\\/clmar\\\/#website\"},\"primaryImageOfPage\":{\"@id\":\"https:\\\/\\\/www.realclubmaritimomelilla.es\\\/clmar\\\/melilla-corre-por-valencia-sumate-y-partcipa\\\/#primaryimage\"},\"image\":{\"@id\":\"https:\\\/\\\/www.realclubmaritimomelilla.es\\\/clmar\\\/melilla-corre-por-valencia-sumate-y-partcipa\\\/#primaryimage\"},\"thumbnailUrl\":\"https:\\\/\\\/www.realclubmaritimomelilla.es\\\/clmar\\\/wp-content\\\/uploads\\\/unnamed-png.webp\",\"datePublished\":\"2024-11-14T07:02:42+00:00\",\"dateModified\":\"2024-11-14T13:47:50+00:00\",\"description\":\"En el RCMM hemos recibido la invitaci\u00f3n del Colegio Enrique Soler, para sumarnos a su iniciativa solidaria \\\"Melilla Corre por Valencia\\\".\",\"breadcrumb\":{\"@id\":\"https:\\\/\\\/www.realclubmaritimomelilla.es\\\/clmar\\\/melilla-corre-por-valencia-sumate-y-partcipa\\\/#breadcrumb\"},\"inLanguage\":\"es\",\"potentialAction\":[{\"@type\":\"ReadAction\",\"target\":[\"https:\\\/\\\/www.realclubmaritimomelilla.es\\\/clmar\\\/melilla-corre-por-valencia-sumate-y-partcipa\\\/\"]}]},{\"@type\":\"ImageObject\",\"inLanguage\":\"es\",\"@id\":\"https:\\\/\\\/www.realclubmaritimomelilla.es\\\/clmar\\\/melilla-corre-por-valencia-sumate-y-partcipa\\\/#primaryimage\",\"url\":\"https:\\\/\\\/www.realclubmaritimomelilla.es\\\/clmar\\\/wp-content\\\/uploads\\\/unnamed-png.webp\",\"contentUrl\":\"https:\\\/\\\/www.realclubmaritimomelilla.es\\\/clmar\\\/wp-content\\\/uploads\\\/unnamed-png.webp\",\"width\":1131,\"height\":1600},{\"@type\":\"BreadcrumbList\",\"@id\":\"https:\\\/\\\/www.realclubmaritimomelilla.es\\\/clmar\\\/melilla-corre-por-valencia-sumate-y-partcipa\\\/#breadcrumb\",\"itemListElement\":[{\"@type\":\"ListItem\",\"position\":1,\"name\":\"Portada\",\"item\":\"https:\\\/\\\/www.realclubmaritimomelilla.es\\\/clmar\\\/\"},{\"@type\":\"ListItem\",\"position\":2,\"name\":\"&#8216;Melilla corre por Valencia&#8217;, s\u00famate y participa\"}]},{\"@type\":\"WebSite\",\"@id\":\"https:\\\/\\\/www.realclubmaritimomelilla.es\\\/clmar\\\/#website\",\"url\":\"https:\\\/\\\/www.realclubmaritimomelilla.es\\\/clmar\\\/\",\"name\":\"Real Club Mar\u00edtimo de Melilla\",\"description\":\"RCMM\",\"publisher\":{\"@id\":\"https:\\\/\\\/www.realclubmaritimomelilla.es\\\/clmar\\\/#organization\"},\"alternateName\":\"RCMM\",\"potentialAction\":[{\"@type\":\"SearchAction\",\"target\":{\"@type\":\"EntryPoint\",\"urlTemplate\":\"https:\\\/\\\/www.realclubmaritimomelilla.es\\\/clmar\\\/?s={search_term_string}\"},\"query-input\":{\"@type\":\"PropertyValueSpecification\",\"valueRequired\":true,\"valueName\":\"search_term_string\"}}],\"inLanguage\":\"es\"},{\"@type\":\"Organization\",\"@id\":\"https:\\\/\\\/www.realclubmaritimomelilla.es\\\/clmar\\\/#organization\",\"name\":\"Real Club Mar\u00edtimo de Melilla\",\"alternateName\":\"RCMM\",\"url\":\"https:\\\/\\\/www.realclubmaritimomelilla.es\\\/clmar\\\/\",\"logo\":{\"@type\":\"ImageObject\",\"inLanguage\":\"es\",\"@id\":\"https:\\\/\\\/www.realclubmaritimomelilla.es\\\/clmar\\\/#\\\/schema\\\/logo\\\/image\\\/\",\"url\":\"https:\\\/\\\/www.realclubmaritimomelilla.es\\\/clmar\\\/wp-content\\\/uploads\\\/logo-club-original-copia.jpg\",\"contentUrl\":\"https:\\\/\\\/www.realclubmaritimomelilla.es\\\/clmar\\\/wp-content\\\/uploads\\\/logo-club-original-copia.jpg\",\"width\":128,\"height\":89,\"caption\":\"Real Club Mar\u00edtimo de Melilla\"},\"image\":{\"@id\":\"https:\\\/\\\/www.realclubmaritimomelilla.es\\\/clmar\\\/#\\\/schema\\\/logo\\\/image\\\/\"},\"sameAs\":[\"https:\\\/\\\/www.facebook.com\\\/Real-Club-Mar\u00edtimo-de-Melilla-588495841234214\\\/\",\"https:\\\/\\\/x.com\\\/nauticarcmm\",\"https:\\\/\\\/www.instagram.com\\\/club_maritimo_melilla\\\/\",\"https:\\\/\\\/www.youtube.com\\\/@realclubmaritimodemelilla4703\",\"https:\\\/\\\/es.wikipedia.org\\\/wiki\\\/Real_Club_Mar\u00edtimo_de_Melilla\"]},{\"@type\":\"Person\",\"@id\":\"https:\\\/\\\/www.realclubmaritimomelilla.es\\\/clmar\\\/#\\\/schema\\\/person\\\/ebaa3713496dc6d48c872452e73a8e79\",\"name\":\"RCMMelilla\",\"image\":{\"@type\":\"ImageObject\",\"inLanguage\":\"es\",\"@id\":\"https:\\\/\\\/secure.gravatar.com\\\/avatar\\\/df1c24789360fb9308735c4ee556fc2bc5bf924bf01e53043b8b97ba272da33c?s=96&d=mm&r=g\",\"url\":\"https:\\\/\\\/secure.gravatar.com\\\/avatar\\\/df1c24789360fb9308735c4ee556fc2bc5bf924bf01e53043b8b97ba272da33c?s=96&d=mm&r=g\",\"contentUrl\":\"https:\\\/\\\/secure.gravatar.com\\\/avatar\\\/df1c24789360fb9308735c4ee556fc2bc5bf924bf01e53043b8b97ba272da33c?s=96&d=mm&r=g\",\"caption\":\"RCMMelilla\"}}]}<\/script>\n<!-- \/ Yoast SEO plugin. -->","yoast_head_json":{"title":"'Melilla corre por Valencia', s\u00famate y participa - Real Club Mar\u00edtimo de Melilla","description":"En el RCMM hemos recibido la invitaci\u00f3n del Colegio Enrique Soler, para sumarnos a su iniciativa solidaria \"Melilla Corre por Valencia\".","robots":{"index":"index","follow":"follow","max-snippet":"max-snippet:-1","max-image-preview":"max-image-preview:large","max-video-preview":"max-video-preview:-1"},"canonical":"https:\/\/www.realclubmaritimomelilla.es\/clmar\/melilla-corre-por-valencia-sumate-y-partcipa\/","og_locale":"es_ES","og_type":"article","og_title":"'Melilla corre por Valencia', s\u00famate y participa - Real Club Mar\u00edtimo de Melilla","og_description":"En el RCMM hemos recibido la invitaci\u00f3n del Colegio Enrique Soler, para sumarnos a su iniciativa solidaria \"Melilla Corre por Valencia\".","og_url":"https:\/\/www.realclubmaritimomelilla.es\/clmar\/melilla-corre-por-valencia-sumate-y-partcipa\/","og_site_name":"Real Club Mar\u00edtimo de Melilla","article_publisher":"https:\/\/www.facebook.com\/Real-Club-Mar%c3%adtimo-de-Melilla-588495841234214\/","article_published_time":"2024-11-14T07:02:42+00:00","article_modified_time":"2024-11-14T13:47:50+00:00","og_image":[{"width":1131,"height":1600,"url":"https:\/\/www.realclubmaritimomelilla.es\/clmar\/wp-content\/uploads\/unnamed-png.webp","type":"image\/png"}],"author":"RCMMelilla","twitter_card":"summary_large_image","twitter_creator":"@nauticarcmm","twitter_site":"@nauticarcmm","twitter_misc":{"Escrito por":"RCMMelilla","Tiempo de lectura":"2 minutos"},"schema":{"@context":"https:\/\/schema.org","@graph":[{"@type":"Article","@id":"https:\/\/www.realclubmaritimomelilla.es\/clmar\/melilla-corre-por-valencia-sumate-y-partcipa\/#article","isPartOf":{"@id":"https:\/\/www.realclubmaritimomelilla.es\/clmar\/melilla-corre-por-valencia-sumate-y-partcipa\/"},"author":{"name":"RCMMelilla","@id":"https:\/\/www.realclubmaritimomelilla.es\/clmar\/#\/schema\/person\/ebaa3713496dc6d48c872452e73a8e79"},"headline":"&#8216;Melilla corre por Valencia&#8217;, s\u00famate y participa","datePublished":"2024-11-14T07:02:42+00:00","dateModified":"2024-11-14T13:47:50+00:00","mainEntityOfPage":{"@id":"https:\/\/www.realclubmaritimomelilla.es\/clmar\/melilla-corre-por-valencia-sumate-y-partcipa\/"},"wordCount":391,"commentCount":0,"publisher":{"@id":"https:\/\/www.realclubmaritimomelilla.es\/clmar\/#organization"},"image":{"@id":"https:\/\/www.realclubmaritimomelilla.es\/clmar\/melilla-corre-por-valencia-sumate-y-partcipa\/#primaryimage"},"thumbnailUrl":"https:\/\/www.realclubmaritimomelilla.es\/clmar\/wp-content\/uploads\/unnamed-png.webp","articleSection":["Club"],"inLanguage":"es","potentialAction":[{"@type":"CommentAction","name":"Comment","target":["https:\/\/www.realclubmaritimomelilla.es\/clmar\/melilla-corre-por-valencia-sumate-y-partcipa\/#respond"]}]},{"@type":"WebPage","@id":"https:\/\/www.realclubmaritimomelilla.es\/clmar\/melilla-corre-por-valencia-sumate-y-partcipa\/","url":"https:\/\/www.realclubmaritimomelilla.es\/clmar\/melilla-corre-por-valencia-sumate-y-partcipa\/","name":"'Melilla corre por Valencia', s\u00famate y participa - Real Club Mar\u00edtimo de Melilla","isPartOf":{"@id":"https:\/\/www.realclubmaritimomelilla.es\/clmar\/#website"},"primaryImageOfPage":{"@id":"https:\/\/www.realclubmaritimomelilla.es\/clmar\/melilla-corre-por-valencia-sumate-y-partcipa\/#primaryimage"},"image":{"@id":"https:\/\/www.realclubmaritimomelilla.es\/clmar\/melilla-corre-por-valencia-sumate-y-partcipa\/#primaryimage"},"thumbnailUrl":"https:\/\/www.realclubmaritimomelilla.es\/clmar\/wp-content\/uploads\/unnamed-png.webp","datePublished":"2024-11-14T07:02:42+00:00","dateModified":"2024-11-14T13:47:50+00:00","description":"En el RCMM hemos recibido la invitaci\u00f3n del Colegio Enrique Soler, para sumarnos a su iniciativa solidaria \"Melilla Corre por Valencia\".","breadcrumb":{"@id":"https:\/\/www.realclubmaritimomelilla.es\/clmar\/melilla-corre-por-valencia-sumate-y-partcipa\/#breadcrumb"},"inLanguage":"es","potentialAction":[{"@type":"ReadAction","target":["https:\/\/www.realclubmaritimomelilla.es\/clmar\/melilla-corre-por-valencia-sumate-y-partcipa\/"]}]},{"@type":"ImageObject","inLanguage":"es","@id":"https:\/\/www.realclubmaritimomelilla.es\/clmar\/melilla-corre-por-valencia-sumate-y-partcipa\/#primaryimage","url":"https:\/\/www.realclubmaritimomelilla.es\/clmar\/wp-content\/uploads\/unnamed-png.webp","contentUrl":"https:\/\/www.realclubmaritimomelilla.es\/clmar\/wp-content\/uploads\/unnamed-png.webp","width":1131,"height":1600},{"@type":"BreadcrumbList","@id":"https:\/\/www.realclubmaritimomelilla.es\/clmar\/melilla-corre-por-valencia-sumate-y-partcipa\/#breadcrumb","itemListElement":[{"@type":"ListItem","position":1,"name":"Portada","item":"https:\/\/www.realclubmaritimomelilla.es\/clmar\/"},{"@type":"ListItem","position":2,"name":"&#8216;Melilla corre por Valencia&#8217;, s\u00famate y participa"}]},{"@type":"WebSite","@id":"https:\/\/www.realclubmaritimomelilla.es\/clmar\/#website","url":"https:\/\/www.realclubmaritimomelilla.es\/clmar\/","name":"Real Club Mar\u00edtimo de Melilla","description":"RCMM","publisher":{"@id":"https:\/\/www.realclubmaritimomelilla.es\/clmar\/#organization"},"alternateName":"RCMM","potentialAction":[{"@type":"SearchAction","target":{"@type":"EntryPoint","urlTemplate":"https:\/\/www.realclubmaritimomelilla.es\/clmar\/?s={search_term_string}"},"query-input":{"@type":"PropertyValueSpecification","valueRequired":true,"valueName":"search_term_string"}}],"inLanguage":"es"},{"@type":"Organization","@id":"https:\/\/www.realclubmaritimomelilla.es\/clmar\/#organization","name":"Real Club Mar\u00edtimo de Melilla","alternateName":"RCMM","url":"https:\/\/www.realclubmaritimomelilla.es\/clmar\/","logo":{"@type":"ImageObject","inLanguage":"es","@id":"https:\/\/www.realclubmaritimomelilla.es\/clmar\/#\/schema\/logo\/image\/","url":"https:\/\/www.realclubmaritimomelilla.es\/clmar\/wp-content\/uploads\/logo-club-original-copia.jpg","contentUrl":"https:\/\/www.realclubmaritimomelilla.es\/clmar\/wp-content\/uploads\/logo-club-original-copia.jpg","width":128,"height":89,"caption":"Real Club Mar\u00edtimo de Melilla"},"image":{"@id":"https:\/\/www.realclubmaritimomelilla.es\/clmar\/#\/schema\/logo\/image\/"},"sameAs":["https:\/\/www.facebook.com\/Real-Club-Mar\u00edtimo-de-Melilla-588495841234214\/","https:\/\/x.com\/nauticarcmm","https:\/\/www.instagram.com\/club_maritimo_melilla\/","https:\/\/www.youtube.com\/@realclubmaritimodemelilla4703","https:\/\/es.wikipedia.org\/wiki\/Real_Club_Mar\u00edtimo_de_Melilla"]},{"@type":"Person","@id":"https:\/\/www.realclubmaritimomelilla.es\/clmar\/#\/schema\/person\/ebaa3713496dc6d48c872452e73a8e79","name":"RCMMelilla","image":{"@type":"ImageObject","inLanguage":"es","@id":"https:\/\/secure.gravatar.com\/avatar\/df1c24789360fb9308735c4ee556fc2bc5bf924bf01e53043b8b97ba272da33c?s=96&d=mm&r=g","url":"https:\/\/secure.gravatar.com\/avatar\/df1c24789360fb9308735c4ee556fc2bc5bf924bf01e53043b8b97ba272da33c?s=96&d=mm&r=g","contentUrl":"https:\/\/secure.gravatar.com\/avatar\/df1c24789360fb9308735c4ee556fc2bc5bf924bf01e53043b8b97ba272da33c?s=96&d=mm&r=g","caption":"RCMMelilla"}}]}},"_links":{"self":[{"href":"https:\/\/www.realclubmaritimomelilla.es\/clmar\/wp-json\/wp\/v2\/posts\/24208","targetHints":{"allow":["GET"]}}],"collection":[{"href":"https:\/\/www.realclubmaritimomelilla.es\/clmar\/wp-json\/wp\/v2\/posts"}],"about":[{"href":"https:\/\/www.realclubmaritimomelilla.es\/clmar\/wp-json\/wp\/v2\/types\/post"}],"author":[{"embeddable":true,"href":"https:\/\/www.realclubmaritimomelilla.es\/clmar\/wp-json\/wp\/v2\/users\/1"}],"replies":[{"embeddable":true,"href":"https:\/\/www.realclubmaritimomelilla.es\/clmar\/wp-json\/wp\/v2\/comments?post=24208"}],"version-history":[{"count":4,"href":"https:\/\/www.realclubmaritimomelilla.es\/clmar\/wp-json\/wp\/v2\/posts\/24208\/revisions"}],"predecessor-version":[{"id":24218,"href":"https:\/\/www.realclubmaritimomelilla.es\/clmar\/wp-json\/wp\/v2\/posts\/24208\/revisions\/24218"}],"wp:featuredmedia":[{"embeddable":true,"href":"https:\/\/www.realclubmaritimomelilla.es\/clmar\/wp-json\/wp\/v2\/media\/24209"}],"wp:attachment":[{"href":"https:\/\/www.realclubmaritimomelilla.es\/clmar\/wp-json\/wp\/v2\/media?parent=24208"}],"wp:term":[{"taxonomy":"category","embeddable":true,"href":"https:\/\/www.realclubmaritimomelilla.es\/clmar\/wp-json\/wp\/v2\/categories?post=24208"},{"taxonomy":"post_tag","embeddable":true,"href":"https:\/\/www.realclubmaritimomelilla.es\/clmar\/wp-json\/wp\/v2\/tags?post=24208"}],"curies":[{"name":"wp","href":"https:\/\/api.w.org\/{rel}","templated":true}]}}