{"id":24132,"date":"2024-11-08T11:37:49","date_gmt":"2024-11-08T10:37:49","guid":{"rendered":"https:\/\/www.realclubmaritimomelilla.es\/clmar\/?p=24132"},"modified":"2024-11-11T13:17:52","modified_gmt":"2024-11-11T12:17:52","slug":"melilla-y-el-ducado-de-medina-sidonia-conferencia-el-22-de-noviembre-en-el-rcmm","status":"publish","type":"post","link":"https:\/\/www.realclubmaritimomelilla.es\/clmar\/melilla-y-el-ducado-de-medina-sidonia-conferencia-el-22-de-noviembre-en-el-rcmm\/","title":{"rendered":"&#8220;Melilla y el Ducado de Medina Sidonia&#8221;, conferencia el 22 de noviembre"},"content":{"rendered":"<p>\u201cMelilla y el Ducado de Medina Sidonia\u201d es el t\u00edtulo de la conferencia que tendr\u00e1 lugar el pr\u00f3ximo 22 de noviembre en el Real club Mar\u00edtimo de Melilla(RCMM), como una de las citas m\u00e1s destacadas en la agenda de actividades que se han venido desarrollando este a\u00f1o con motivo del \u201880 Aniversario\u2019 de la entidad.<br \/>\nUna conferencia que correr\u00e1 a cargo de D. Leoncio Alonso Gonz\u00e1lez de Gregorio \u00c1lvarez de Toledo, XXII Duque de Medina Sidonia, que se desplazar\u00e1 a la ciudad para tomar parte en esta iniciativa del Real Club Mar\u00edtimo de Melilla.<br \/>\nDesde la Junta Directiva se ha venido trabajando en esta idea durante los \u00faltimos meses y tras poder concretarse la agenda con el Duque de Medina Sidonia se ha hecho realidad.<br \/>\nSer\u00e1 el viernes 22 de noviembre, desde las 20:30 horas en los salones del Real Club Mar\u00edtimo de Melilla.  <\/p>\n","protected":false},"excerpt":{"rendered":"<p>\u201cMelilla y el Ducado de Medina Sidonia\u201d es el t\u00edtulo de la conferencia que tendr\u00e1 lugar el pr\u00f3ximo 22 de noviembre en el Real club Mar\u00edtimo de Melilla(RCMM), como una de las citas m\u00e1s destacadas en la agenda de actividades que se han venido desarrollando este a\u00f1o con motivo del \u201880 Aniversario\u2019 de la entidad. [&hellip;]<\/p>\n","protected":false},"author":1,"featured_media":24133,"comment_status":"open","ping_status":"open","sticky":false,"template":"","format":"standard","meta":{"_acf_changed":false,"footnotes":""},"categories":[41],"tags":[],"class_list":["post-24132","post","type-post","status-publish","format-standard","has-post-thumbnail","hentry","category-jornadas"],"acf":[],"yoast_head":"<!-- This site is optimized with the Yoast SEO plugin v27.5 - https:\/\/yoast.com\/product\/yoast-seo-wordpress\/ -->\n<title>&quot;Melilla y el Ducado de Medina Sidonia&quot;, conferencia el 22 de noviembre - RCMM<\/title>\n<meta name=\"description\" content=\"\u201cMelilla y el Ducado de Medina Sidonia\u201d es el t\u00edtulo de la conferencia que tendr\u00e1 lugar el pr\u00f3ximo 22 de noviembre en el Real club Mar\u00edtimo de Melilla(RCMM)\" \/>\n<meta name=\"robots\" content=\"index, follow, max-snippet:-1, max-image-preview:large, max-video-preview:-1\" \/>\n<link rel=\"canonical\" href=\"https:\/\/www.realclubmaritimomelilla.es\/clmar\/melilla-y-el-ducado-de-medina-sidonia-conferencia-el-22-de-noviembre-en-el-rcmm\/\" \/>\n<meta property=\"og:locale\" content=\"es_ES\" \/>\n<meta property=\"og:type\" content=\"article\" \/>\n<meta property=\"og:title\" content=\"&quot;Melilla y el Ducado de Medina Sidonia&quot;, conferencia el 22 de noviembre - RCMM\" \/>\n<meta property=\"og:description\" content=\"\u201cMelilla y el Ducado de Medina Sidonia\u201d es el t\u00edtulo de la conferencia que tendr\u00e1 lugar el pr\u00f3ximo 22 de noviembre en el Real club Mar\u00edtimo de Melilla(RCMM)\" \/>\n<meta property=\"og:url\" content=\"https:\/\/www.realclubmaritimomelilla.es\/clmar\/melilla-y-el-ducado-de-medina-sidonia-conferencia-el-22-de-noviembre-en-el-rcmm\/\" \/>\n<meta property=\"og:site_name\" content=\"Real Club Mar\u00edtimo de Melilla\" \/>\n<meta property=\"article:publisher\" content=\"https:\/\/www.facebook.com\/Real-Club-Mar%c3%adtimo-de-Melilla-588495841234214\/\" \/>\n<meta property=\"article:published_time\" content=\"2024-11-08T10:37:49+00:00\" \/>\n<meta property=\"article:modified_time\" content=\"2024-11-11T12:17:52+00:00\" \/>\n<meta property=\"og:image\" content=\"https:\/\/www.realclubmaritimomelilla.es\/clmar\/wp-content\/uploads\/Cartel-2024-11-22-Melilla-y-el-Ducado-de-Medina-Sidonia-1-scaled.webp\" \/>\n\t<meta property=\"og:image:width\" content=\"1810\" \/>\n\t<meta property=\"og:image:height\" content=\"2560\" \/>\n\t<meta property=\"og:image:type\" content=\"image\/jpeg\" \/>\n<meta name=\"author\" content=\"RCMMelilla\" \/>\n<meta name=\"twitter:card\" content=\"summary_large_image\" \/>\n<meta name=\"twitter:creator\" content=\"@nauticarcmm\" \/>\n<meta name=\"twitter:site\" content=\"@nauticarcmm\" \/>\n<meta name=\"twitter:label1\" content=\"Escrito por\" \/>\n\t<meta name=\"twitter:data1\" content=\"RCMMelilla\" \/>\n\t<meta name=\"twitter:label2\" content=\"Tiempo de lectura\" \/>\n\t<meta name=\"twitter:data2\" content=\"1 minuto\" \/>\n<script type=\"application\/ld+json\" class=\"yoast-schema-graph\">{\"@context\":\"https:\\\/\\\/schema.org\",\"@graph\":[{\"@type\":\"Article\",\"@id\":\"https:\\\/\\\/www.realclubmaritimomelilla.es\\\/clmar\\\/melilla-y-el-ducado-de-medina-sidonia-conferencia-el-22-de-noviembre-en-el-rcmm\\\/#article\",\"isPartOf\":{\"@id\":\"https:\\\/\\\/www.realclubmaritimomelilla.es\\\/clmar\\\/melilla-y-el-ducado-de-medina-sidonia-conferencia-el-22-de-noviembre-en-el-rcmm\\\/\"},\"author\":{\"name\":\"RCMMelilla\",\"@id\":\"https:\\\/\\\/www.realclubmaritimomelilla.es\\\/clmar\\\/#\\\/schema\\\/person\\\/ebaa3713496dc6d48c872452e73a8e79\"},\"headline\":\"&#8220;Melilla y el Ducado de Medina Sidonia&#8221;, conferencia el 22 de noviembre\",\"datePublished\":\"2024-11-08T10:37:49+00:00\",\"dateModified\":\"2024-11-11T12:17:52+00:00\",\"mainEntityOfPage\":{\"@id\":\"https:\\\/\\\/www.realclubmaritimomelilla.es\\\/clmar\\\/melilla-y-el-ducado-de-medina-sidonia-conferencia-el-22-de-noviembre-en-el-rcmm\\\/\"},\"wordCount\":160,\"commentCount\":0,\"publisher\":{\"@id\":\"https:\\\/\\\/www.realclubmaritimomelilla.es\\\/clmar\\\/#organization\"},\"image\":{\"@id\":\"https:\\\/\\\/www.realclubmaritimomelilla.es\\\/clmar\\\/melilla-y-el-ducado-de-medina-sidonia-conferencia-el-22-de-noviembre-en-el-rcmm\\\/#primaryimage\"},\"thumbnailUrl\":\"https:\\\/\\\/www.realclubmaritimomelilla.es\\\/clmar\\\/wp-content\\\/uploads\\\/Cartel-2024-11-22-Melilla-y-el-Ducado-de-Medina-Sidonia-1-scaled.webp\",\"articleSection\":[\"Jornadas\"],\"inLanguage\":\"es\",\"potentialAction\":[{\"@type\":\"CommentAction\",\"name\":\"Comment\",\"target\":[\"https:\\\/\\\/www.realclubmaritimomelilla.es\\\/clmar\\\/melilla-y-el-ducado-de-medina-sidonia-conferencia-el-22-de-noviembre-en-el-rcmm\\\/#respond\"]}]},{\"@type\":\"WebPage\",\"@id\":\"https:\\\/\\\/www.realclubmaritimomelilla.es\\\/clmar\\\/melilla-y-el-ducado-de-medina-sidonia-conferencia-el-22-de-noviembre-en-el-rcmm\\\/\",\"url\":\"https:\\\/\\\/www.realclubmaritimomelilla.es\\\/clmar\\\/melilla-y-el-ducado-de-medina-sidonia-conferencia-el-22-de-noviembre-en-el-rcmm\\\/\",\"name\":\"\\\"Melilla y el Ducado de Medina Sidonia\\\", conferencia el 22 de noviembre - RCMM\",\"isPartOf\":{\"@id\":\"https:\\\/\\\/www.realclubmaritimomelilla.es\\\/clmar\\\/#website\"},\"primaryImageOfPage\":{\"@id\":\"https:\\\/\\\/www.realclubmaritimomelilla.es\\\/clmar\\\/melilla-y-el-ducado-de-medina-sidonia-conferencia-el-22-de-noviembre-en-el-rcmm\\\/#primaryimage\"},\"image\":{\"@id\":\"https:\\\/\\\/www.realclubmaritimomelilla.es\\\/clmar\\\/melilla-y-el-ducado-de-medina-sidonia-conferencia-el-22-de-noviembre-en-el-rcmm\\\/#primaryimage\"},\"thumbnailUrl\":\"https:\\\/\\\/www.realclubmaritimomelilla.es\\\/clmar\\\/wp-content\\\/uploads\\\/Cartel-2024-11-22-Melilla-y-el-Ducado-de-Medina-Sidonia-1-scaled.webp\",\"datePublished\":\"2024-11-08T10:37:49+00:00\",\"dateModified\":\"2024-11-11T12:17:52+00:00\",\"description\":\"\u201cMelilla y el Ducado de Medina Sidonia\u201d es el t\u00edtulo de la conferencia que tendr\u00e1 lugar el pr\u00f3ximo 22 de noviembre en el Real club Mar\u00edtimo de Melilla(RCMM)\",\"breadcrumb\":{\"@id\":\"https:\\\/\\\/www.realclubmaritimomelilla.es\\\/clmar\\\/melilla-y-el-ducado-de-medina-sidonia-conferencia-el-22-de-noviembre-en-el-rcmm\\\/#breadcrumb\"},\"inLanguage\":\"es\",\"potentialAction\":[{\"@type\":\"ReadAction\",\"target\":[\"https:\\\/\\\/www.realclubmaritimomelilla.es\\\/clmar\\\/melilla-y-el-ducado-de-medina-sidonia-conferencia-el-22-de-noviembre-en-el-rcmm\\\/\"]}]},{\"@type\":\"ImageObject\",\"inLanguage\":\"es\",\"@id\":\"https:\\\/\\\/www.realclubmaritimomelilla.es\\\/clmar\\\/melilla-y-el-ducado-de-medina-sidonia-conferencia-el-22-de-noviembre-en-el-rcmm\\\/#primaryimage\",\"url\":\"https:\\\/\\\/www.realclubmaritimomelilla.es\\\/clmar\\\/wp-content\\\/uploads\\\/Cartel-2024-11-22-Melilla-y-el-Ducado-de-Medina-Sidonia-1-scaled.webp\",\"contentUrl\":\"https:\\\/\\\/www.realclubmaritimomelilla.es\\\/clmar\\\/wp-content\\\/uploads\\\/Cartel-2024-11-22-Melilla-y-el-Ducado-de-Medina-Sidonia-1-scaled.webp\",\"width\":1810,\"height\":2560},{\"@type\":\"BreadcrumbList\",\"@id\":\"https:\\\/\\\/www.realclubmaritimomelilla.es\\\/clmar\\\/melilla-y-el-ducado-de-medina-sidonia-conferencia-el-22-de-noviembre-en-el-rcmm\\\/#breadcrumb\",\"itemListElement\":[{\"@type\":\"ListItem\",\"position\":1,\"name\":\"Portada\",\"item\":\"https:\\\/\\\/www.realclubmaritimomelilla.es\\\/clmar\\\/\"},{\"@type\":\"ListItem\",\"position\":2,\"name\":\"&#8220;Melilla y el Ducado de Medina Sidonia&#8221;, conferencia el 22 de noviembre\"}]},{\"@type\":\"WebSite\",\"@id\":\"https:\\\/\\\/www.realclubmaritimomelilla.es\\\/clmar\\\/#website\",\"url\":\"https:\\\/\\\/www.realclubmaritimomelilla.es\\\/clmar\\\/\",\"name\":\"Real Club Mar\u00edtimo de Melilla\",\"description\":\"RCMM\",\"publisher\":{\"@id\":\"https:\\\/\\\/www.realclubmaritimomelilla.es\\\/clmar\\\/#organization\"},\"alternateName\":\"RCMM\",\"potentialAction\":[{\"@type\":\"SearchAction\",\"target\":{\"@type\":\"EntryPoint\",\"urlTemplate\":\"https:\\\/\\\/www.realclubmaritimomelilla.es\\\/clmar\\\/?s={search_term_string}\"},\"query-input\":{\"@type\":\"PropertyValueSpecification\",\"valueRequired\":true,\"valueName\":\"search_term_string\"}}],\"inLanguage\":\"es\"},{\"@type\":\"Organization\",\"@id\":\"https:\\\/\\\/www.realclubmaritimomelilla.es\\\/clmar\\\/#organization\",\"name\":\"Real Club Mar\u00edtimo de Melilla\",\"alternateName\":\"RCMM\",\"url\":\"https:\\\/\\\/www.realclubmaritimomelilla.es\\\/clmar\\\/\",\"logo\":{\"@type\":\"ImageObject\",\"inLanguage\":\"es\",\"@id\":\"https:\\\/\\\/www.realclubmaritimomelilla.es\\\/clmar\\\/#\\\/schema\\\/logo\\\/image\\\/\",\"url\":\"https:\\\/\\\/www.realclubmaritimomelilla.es\\\/clmar\\\/wp-content\\\/uploads\\\/logo-club-original-copia.jpg\",\"contentUrl\":\"https:\\\/\\\/www.realclubmaritimomelilla.es\\\/clmar\\\/wp-content\\\/uploads\\\/logo-club-original-copia.jpg\",\"width\":128,\"height\":89,\"caption\":\"Real Club Mar\u00edtimo de Melilla\"},\"image\":{\"@id\":\"https:\\\/\\\/www.realclubmaritimomelilla.es\\\/clmar\\\/#\\\/schema\\\/logo\\\/image\\\/\"},\"sameAs\":[\"https:\\\/\\\/www.facebook.com\\\/Real-Club-Mar\u00edtimo-de-Melilla-588495841234214\\\/\",\"https:\\\/\\\/x.com\\\/nauticarcmm\",\"https:\\\/\\\/www.instagram.com\\\/club_maritimo_melilla\\\/\",\"https:\\\/\\\/www.youtube.com\\\/@realclubmaritimodemelilla4703\",\"https:\\\/\\\/es.wikipedia.org\\\/wiki\\\/Real_Club_Mar\u00edtimo_de_Melilla\"]},{\"@type\":\"Person\",\"@id\":\"https:\\\/\\\/www.realclubmaritimomelilla.es\\\/clmar\\\/#\\\/schema\\\/person\\\/ebaa3713496dc6d48c872452e73a8e79\",\"name\":\"RCMMelilla\",\"image\":{\"@type\":\"ImageObject\",\"inLanguage\":\"es\",\"@id\":\"https:\\\/\\\/secure.gravatar.com\\\/avatar\\\/df1c24789360fb9308735c4ee556fc2bc5bf924bf01e53043b8b97ba272da33c?s=96&d=mm&r=g\",\"url\":\"https:\\\/\\\/secure.gravatar.com\\\/avatar\\\/df1c24789360fb9308735c4ee556fc2bc5bf924bf01e53043b8b97ba272da33c?s=96&d=mm&r=g\",\"contentUrl\":\"https:\\\/\\\/secure.gravatar.com\\\/avatar\\\/df1c24789360fb9308735c4ee556fc2bc5bf924bf01e53043b8b97ba272da33c?s=96&d=mm&r=g\",\"caption\":\"RCMMelilla\"}}]}<\/script>\n<!-- \/ Yoast SEO plugin. -->","yoast_head_json":{"title":"\"Melilla y el Ducado de Medina Sidonia\", conferencia el 22 de noviembre - RCMM","description":"\u201cMelilla y el Ducado de Medina Sidonia\u201d es el t\u00edtulo de la conferencia que tendr\u00e1 lugar el pr\u00f3ximo 22 de noviembre en el Real club Mar\u00edtimo de Melilla(RCMM)","robots":{"index":"index","follow":"follow","max-snippet":"max-snippet:-1","max-image-preview":"max-image-preview:large","max-video-preview":"max-video-preview:-1"},"canonical":"https:\/\/www.realclubmaritimomelilla.es\/clmar\/melilla-y-el-ducado-de-medina-sidonia-conferencia-el-22-de-noviembre-en-el-rcmm\/","og_locale":"es_ES","og_type":"article","og_title":"\"Melilla y el Ducado de Medina Sidonia\", conferencia el 22 de noviembre - RCMM","og_description":"\u201cMelilla y el Ducado de Medina Sidonia\u201d es el t\u00edtulo de la conferencia que tendr\u00e1 lugar el pr\u00f3ximo 22 de noviembre en el Real club Mar\u00edtimo de Melilla(RCMM)","og_url":"https:\/\/www.realclubmaritimomelilla.es\/clmar\/melilla-y-el-ducado-de-medina-sidonia-conferencia-el-22-de-noviembre-en-el-rcmm\/","og_site_name":"Real Club Mar\u00edtimo de Melilla","article_publisher":"https:\/\/www.facebook.com\/Real-Club-Mar%c3%adtimo-de-Melilla-588495841234214\/","article_published_time":"2024-11-08T10:37:49+00:00","article_modified_time":"2024-11-11T12:17:52+00:00","og_image":[{"width":1810,"height":2560,"url":"https:\/\/www.realclubmaritimomelilla.es\/clmar\/wp-content\/uploads\/Cartel-2024-11-22-Melilla-y-el-Ducado-de-Medina-Sidonia-1-scaled.webp","type":"image\/jpeg"}],"author":"RCMMelilla","twitter_card":"summary_large_image","twitter_creator":"@nauticarcmm","twitter_site":"@nauticarcmm","twitter_misc":{"Escrito por":"RCMMelilla","Tiempo de lectura":"1 minuto"},"schema":{"@context":"https:\/\/schema.org","@graph":[{"@type":"Article","@id":"https:\/\/www.realclubmaritimomelilla.es\/clmar\/melilla-y-el-ducado-de-medina-sidonia-conferencia-el-22-de-noviembre-en-el-rcmm\/#article","isPartOf":{"@id":"https:\/\/www.realclubmaritimomelilla.es\/clmar\/melilla-y-el-ducado-de-medina-sidonia-conferencia-el-22-de-noviembre-en-el-rcmm\/"},"author":{"name":"RCMMelilla","@id":"https:\/\/www.realclubmaritimomelilla.es\/clmar\/#\/schema\/person\/ebaa3713496dc6d48c872452e73a8e79"},"headline":"&#8220;Melilla y el Ducado de Medina Sidonia&#8221;, conferencia el 22 de noviembre","datePublished":"2024-11-08T10:37:49+00:00","dateModified":"2024-11-11T12:17:52+00:00","mainEntityOfPage":{"@id":"https:\/\/www.realclubmaritimomelilla.es\/clmar\/melilla-y-el-ducado-de-medina-sidonia-conferencia-el-22-de-noviembre-en-el-rcmm\/"},"wordCount":160,"commentCount":0,"publisher":{"@id":"https:\/\/www.realclubmaritimomelilla.es\/clmar\/#organization"},"image":{"@id":"https:\/\/www.realclubmaritimomelilla.es\/clmar\/melilla-y-el-ducado-de-medina-sidonia-conferencia-el-22-de-noviembre-en-el-rcmm\/#primaryimage"},"thumbnailUrl":"https:\/\/www.realclubmaritimomelilla.es\/clmar\/wp-content\/uploads\/Cartel-2024-11-22-Melilla-y-el-Ducado-de-Medina-Sidonia-1-scaled.webp","articleSection":["Jornadas"],"inLanguage":"es","potentialAction":[{"@type":"CommentAction","name":"Comment","target":["https:\/\/www.realclubmaritimomelilla.es\/clmar\/melilla-y-el-ducado-de-medina-sidonia-conferencia-el-22-de-noviembre-en-el-rcmm\/#respond"]}]},{"@type":"WebPage","@id":"https:\/\/www.realclubmaritimomelilla.es\/clmar\/melilla-y-el-ducado-de-medina-sidonia-conferencia-el-22-de-noviembre-en-el-rcmm\/","url":"https:\/\/www.realclubmaritimomelilla.es\/clmar\/melilla-y-el-ducado-de-medina-sidonia-conferencia-el-22-de-noviembre-en-el-rcmm\/","name":"\"Melilla y el Ducado de Medina Sidonia\", conferencia el 22 de noviembre - RCMM","isPartOf":{"@id":"https:\/\/www.realclubmaritimomelilla.es\/clmar\/#website"},"primaryImageOfPage":{"@id":"https:\/\/www.realclubmaritimomelilla.es\/clmar\/melilla-y-el-ducado-de-medina-sidonia-conferencia-el-22-de-noviembre-en-el-rcmm\/#primaryimage"},"image":{"@id":"https:\/\/www.realclubmaritimomelilla.es\/clmar\/melilla-y-el-ducado-de-medina-sidonia-conferencia-el-22-de-noviembre-en-el-rcmm\/#primaryimage"},"thumbnailUrl":"https:\/\/www.realclubmaritimomelilla.es\/clmar\/wp-content\/uploads\/Cartel-2024-11-22-Melilla-y-el-Ducado-de-Medina-Sidonia-1-scaled.webp","datePublished":"2024-11-08T10:37:49+00:00","dateModified":"2024-11-11T12:17:52+00:00","description":"\u201cMelilla y el Ducado de Medina Sidonia\u201d es el t\u00edtulo de la conferencia que tendr\u00e1 lugar el pr\u00f3ximo 22 de noviembre en el Real club Mar\u00edtimo de Melilla(RCMM)","breadcrumb":{"@id":"https:\/\/www.realclubmaritimomelilla.es\/clmar\/melilla-y-el-ducado-de-medina-sidonia-conferencia-el-22-de-noviembre-en-el-rcmm\/#breadcrumb"},"inLanguage":"es","potentialAction":[{"@type":"ReadAction","target":["https:\/\/www.realclubmaritimomelilla.es\/clmar\/melilla-y-el-ducado-de-medina-sidonia-conferencia-el-22-de-noviembre-en-el-rcmm\/"]}]},{"@type":"ImageObject","inLanguage":"es","@id":"https:\/\/www.realclubmaritimomelilla.es\/clmar\/melilla-y-el-ducado-de-medina-sidonia-conferencia-el-22-de-noviembre-en-el-rcmm\/#primaryimage","url":"https:\/\/www.realclubmaritimomelilla.es\/clmar\/wp-content\/uploads\/Cartel-2024-11-22-Melilla-y-el-Ducado-de-Medina-Sidonia-1-scaled.webp","contentUrl":"https:\/\/www.realclubmaritimomelilla.es\/clmar\/wp-content\/uploads\/Cartel-2024-11-22-Melilla-y-el-Ducado-de-Medina-Sidonia-1-scaled.webp","width":1810,"height":2560},{"@type":"BreadcrumbList","@id":"https:\/\/www.realclubmaritimomelilla.es\/clmar\/melilla-y-el-ducado-de-medina-sidonia-conferencia-el-22-de-noviembre-en-el-rcmm\/#breadcrumb","itemListElement":[{"@type":"ListItem","position":1,"name":"Portada","item":"https:\/\/www.realclubmaritimomelilla.es\/clmar\/"},{"@type":"ListItem","position":2,"name":"&#8220;Melilla y el Ducado de Medina Sidonia&#8221;, conferencia el 22 de noviembre"}]},{"@type":"WebSite","@id":"https:\/\/www.realclubmaritimomelilla.es\/clmar\/#website","url":"https:\/\/www.realclubmaritimomelilla.es\/clmar\/","name":"Real Club Mar\u00edtimo de Melilla","description":"RCMM","publisher":{"@id":"https:\/\/www.realclubmaritimomelilla.es\/clmar\/#organization"},"alternateName":"RCMM","potentialAction":[{"@type":"SearchAction","target":{"@type":"EntryPoint","urlTemplate":"https:\/\/www.realclubmaritimomelilla.es\/clmar\/?s={search_term_string}"},"query-input":{"@type":"PropertyValueSpecification","valueRequired":true,"valueName":"search_term_string"}}],"inLanguage":"es"},{"@type":"Organization","@id":"https:\/\/www.realclubmaritimomelilla.es\/clmar\/#organization","name":"Real Club Mar\u00edtimo de Melilla","alternateName":"RCMM","url":"https:\/\/www.realclubmaritimomelilla.es\/clmar\/","logo":{"@type":"ImageObject","inLanguage":"es","@id":"https:\/\/www.realclubmaritimomelilla.es\/clmar\/#\/schema\/logo\/image\/","url":"https:\/\/www.realclubmaritimomelilla.es\/clmar\/wp-content\/uploads\/logo-club-original-copia.jpg","contentUrl":"https:\/\/www.realclubmaritimomelilla.es\/clmar\/wp-content\/uploads\/logo-club-original-copia.jpg","width":128,"height":89,"caption":"Real Club Mar\u00edtimo de Melilla"},"image":{"@id":"https:\/\/www.realclubmaritimomelilla.es\/clmar\/#\/schema\/logo\/image\/"},"sameAs":["https:\/\/www.facebook.com\/Real-Club-Mar\u00edtimo-de-Melilla-588495841234214\/","https:\/\/x.com\/nauticarcmm","https:\/\/www.instagram.com\/club_maritimo_melilla\/","https:\/\/www.youtube.com\/@realclubmaritimodemelilla4703","https:\/\/es.wikipedia.org\/wiki\/Real_Club_Mar\u00edtimo_de_Melilla"]},{"@type":"Person","@id":"https:\/\/www.realclubmaritimomelilla.es\/clmar\/#\/schema\/person\/ebaa3713496dc6d48c872452e73a8e79","name":"RCMMelilla","image":{"@type":"ImageObject","inLanguage":"es","@id":"https:\/\/secure.gravatar.com\/avatar\/df1c24789360fb9308735c4ee556fc2bc5bf924bf01e53043b8b97ba272da33c?s=96&d=mm&r=g","url":"https:\/\/secure.gravatar.com\/avatar\/df1c24789360fb9308735c4ee556fc2bc5bf924bf01e53043b8b97ba272da33c?s=96&d=mm&r=g","contentUrl":"https:\/\/secure.gravatar.com\/avatar\/df1c24789360fb9308735c4ee556fc2bc5bf924bf01e53043b8b97ba272da33c?s=96&d=mm&r=g","caption":"RCMMelilla"}}]}},"_links":{"self":[{"href":"https:\/\/www.realclubmaritimomelilla.es\/clmar\/wp-json\/wp\/v2\/posts\/24132","targetHints":{"allow":["GET"]}}],"collection":[{"href":"https:\/\/www.realclubmaritimomelilla.es\/clmar\/wp-json\/wp\/v2\/posts"}],"about":[{"href":"https:\/\/www.realclubmaritimomelilla.es\/clmar\/wp-json\/wp\/v2\/types\/post"}],"author":[{"embeddable":true,"href":"https:\/\/www.realclubmaritimomelilla.es\/clmar\/wp-json\/wp\/v2\/users\/1"}],"replies":[{"embeddable":true,"href":"https:\/\/www.realclubmaritimomelilla.es\/clmar\/wp-json\/wp\/v2\/comments?post=24132"}],"version-history":[{"count":4,"href":"https:\/\/www.realclubmaritimomelilla.es\/clmar\/wp-json\/wp\/v2\/posts\/24132\/revisions"}],"predecessor-version":[{"id":24179,"href":"https:\/\/www.realclubmaritimomelilla.es\/clmar\/wp-json\/wp\/v2\/posts\/24132\/revisions\/24179"}],"wp:featuredmedia":[{"embeddable":true,"href":"https:\/\/www.realclubmaritimomelilla.es\/clmar\/wp-json\/wp\/v2\/media\/24133"}],"wp:attachment":[{"href":"https:\/\/www.realclubmaritimomelilla.es\/clmar\/wp-json\/wp\/v2\/media?parent=24132"}],"wp:term":[{"taxonomy":"category","embeddable":true,"href":"https:\/\/www.realclubmaritimomelilla.es\/clmar\/wp-json\/wp\/v2\/categories?post=24132"},{"taxonomy":"post_tag","embeddable":true,"href":"https:\/\/www.realclubmaritimomelilla.es\/clmar\/wp-json\/wp\/v2\/tags?post=24132"}],"curies":[{"name":"wp","href":"https:\/\/api.w.org\/{rel}","templated":true}]}}