{"id":24122,"date":"2024-11-07T13:03:42","date_gmt":"2024-11-07T12:03:42","guid":{"rendered":"https:\/\/www.realclubmaritimomelilla.es\/clmar\/?p=24122"},"modified":"2024-11-12T08:40:35","modified_gmt":"2024-11-12T07:40:35","slug":"blas-de-lezo-y-el-sitio-de-cartagena-de-indias-conferencia-del-ciclo-de-la-armada-15-de-noviembre-club-maritimo-melilla-rcmm","status":"publish","type":"post","link":"https:\/\/www.realclubmaritimomelilla.es\/clmar\/blas-de-lezo-y-el-sitio-de-cartagena-de-indias-conferencia-del-ciclo-de-la-armada-15-de-noviembre-club-maritimo-melilla-rcmm\/","title":{"rendered":"\u2018Blas de Lezo y el sitio de Cartagena de indias\u2019, conferencia del ciclo de la Armada"},"content":{"rendered":"<p>La conferencia \u2018Blas de Lezo y el sitio de Cartagena de indias\u2019 es la cita con la que se cierra el ciclo 2024 de las II Jornadas \u2018La Armadas, esa gran desconocida\u201d. <\/p>\n<p>Impartida por el coronel retirado de Infanter\u00eda de Mar\u00eda, Jos\u00e9 C\u00e1novas Garc\u00eda, se desarrollar\u00e1 el pr\u00f3ximo viernes 15 de noviembre en el Real Club Mar\u00edtimo de Melilla desde las 20:30 horas. <\/p>\n<p>Esta es la sexta conferencia de las Jornadas \u2018La Armadas, esa gran desconocida\u201d, en su segunda edici\u00f3n, que han sido organizadas conjuntamente por la Comandancia Naval de Melilla y el Real Club Mar\u00edtimo. <\/p>\n","protected":false},"excerpt":{"rendered":"<p>La conferencia \u2018Blas de Lezo y el sitio de Cartagena de indias\u2019 es la cita con la que se cierra el ciclo 2024 de las II Jornadas \u2018La Armadas, esa gran desconocida\u201d. Impartida por el coronel retirado de Infanter\u00eda de Mar\u00eda, Jos\u00e9 C\u00e1novas Garc\u00eda, se desarrollar\u00e1 el pr\u00f3ximo viernes 15 de noviembre en el Real [&hellip;]<\/p>\n","protected":false},"author":1,"featured_media":24123,"comment_status":"open","ping_status":"open","sticky":false,"template":"","format":"standard","meta":{"_acf_changed":false,"footnotes":""},"categories":[41],"tags":[],"class_list":["post-24122","post","type-post","status-publish","format-standard","has-post-thumbnail","hentry","category-jornadas"],"acf":[],"yoast_head":"<!-- This site is optimized with the Yoast SEO plugin v27.5 - https:\/\/yoast.com\/product\/yoast-seo-wordpress\/ -->\n<title>\u2018Blas de Lezo y el sitio de Cartagena de indias\u2019, conferencia del ciclo de la Armada - Real Club Mar\u00edtimo de Melilla<\/title>\n<meta name=\"description\" content=\"\u2018Blas de Lezo y el sitio de Cartagena de indias\u2019, conferencia del ciclo de la Armada -\" \/>\n<meta name=\"robots\" content=\"index, follow, max-snippet:-1, max-image-preview:large, max-video-preview:-1\" \/>\n<link rel=\"canonical\" href=\"https:\/\/www.realclubmaritimomelilla.es\/clmar\/blas-de-lezo-y-el-sitio-de-cartagena-de-indias-conferencia-del-ciclo-de-la-armada-15-de-noviembre-club-maritimo-melilla-rcmm\/\" \/>\n<meta property=\"og:locale\" content=\"es_ES\" \/>\n<meta property=\"og:type\" content=\"article\" \/>\n<meta property=\"og:title\" content=\"\u2018Blas de Lezo y el sitio de Cartagena de indias\u2019, conferencia del ciclo de la Armada - Real Club Mar\u00edtimo de Melilla\" \/>\n<meta property=\"og:description\" content=\"\u2018Blas de Lezo y el sitio de Cartagena de indias\u2019, conferencia del ciclo de la Armada -\" \/>\n<meta property=\"og:url\" content=\"https:\/\/www.realclubmaritimomelilla.es\/clmar\/blas-de-lezo-y-el-sitio-de-cartagena-de-indias-conferencia-del-ciclo-de-la-armada-15-de-noviembre-club-maritimo-melilla-rcmm\/\" \/>\n<meta property=\"og:site_name\" content=\"Real Club Mar\u00edtimo de Melilla\" \/>\n<meta property=\"article:publisher\" content=\"https:\/\/www.facebook.com\/Real-Club-Mar%c3%adtimo-de-Melilla-588495841234214\/\" \/>\n<meta property=\"article:published_time\" content=\"2024-11-07T12:03:42+00:00\" \/>\n<meta property=\"article:modified_time\" content=\"2024-11-12T07:40:35+00:00\" \/>\n<meta property=\"og:image\" content=\"https:\/\/www.realclubmaritimomelilla.es\/clmar\/wp-content\/uploads\/Cartel-Blas-de-Lezo-y-el-Sitio-de-Cartagena-de-Indias-scaled.webp\" \/>\n\t<meta property=\"og:image:width\" content=\"1810\" \/>\n\t<meta property=\"og:image:height\" content=\"2560\" \/>\n\t<meta property=\"og:image:type\" content=\"image\/jpeg\" \/>\n<meta name=\"author\" content=\"RCMMelilla\" \/>\n<meta name=\"twitter:card\" content=\"summary_large_image\" \/>\n<meta name=\"twitter:creator\" content=\"@nauticarcmm\" \/>\n<meta name=\"twitter:site\" content=\"@nauticarcmm\" \/>\n<meta name=\"twitter:label1\" content=\"Escrito por\" \/>\n\t<meta name=\"twitter:data1\" content=\"RCMMelilla\" \/>\n\t<meta name=\"twitter:label2\" content=\"Tiempo de lectura\" \/>\n\t<meta name=\"twitter:data2\" content=\"1 minuto\" \/>\n<script type=\"application\/ld+json\" class=\"yoast-schema-graph\">{\"@context\":\"https:\\\/\\\/schema.org\",\"@graph\":[{\"@type\":\"Article\",\"@id\":\"https:\\\/\\\/www.realclubmaritimomelilla.es\\\/clmar\\\/blas-de-lezo-y-el-sitio-de-cartagena-de-indias-conferencia-del-ciclo-de-la-armada-15-de-noviembre-club-maritimo-melilla-rcmm\\\/#article\",\"isPartOf\":{\"@id\":\"https:\\\/\\\/www.realclubmaritimomelilla.es\\\/clmar\\\/blas-de-lezo-y-el-sitio-de-cartagena-de-indias-conferencia-del-ciclo-de-la-armada-15-de-noviembre-club-maritimo-melilla-rcmm\\\/\"},\"author\":{\"name\":\"RCMMelilla\",\"@id\":\"https:\\\/\\\/www.realclubmaritimomelilla.es\\\/clmar\\\/#\\\/schema\\\/person\\\/ebaa3713496dc6d48c872452e73a8e79\"},\"headline\":\"\u2018Blas de Lezo y el sitio de Cartagena de indias\u2019, conferencia del ciclo de la Armada\",\"datePublished\":\"2024-11-07T12:03:42+00:00\",\"dateModified\":\"2024-11-12T07:40:35+00:00\",\"mainEntityOfPage\":{\"@id\":\"https:\\\/\\\/www.realclubmaritimomelilla.es\\\/clmar\\\/blas-de-lezo-y-el-sitio-de-cartagena-de-indias-conferencia-del-ciclo-de-la-armada-15-de-noviembre-club-maritimo-melilla-rcmm\\\/\"},\"wordCount\":117,\"commentCount\":0,\"publisher\":{\"@id\":\"https:\\\/\\\/www.realclubmaritimomelilla.es\\\/clmar\\\/#organization\"},\"image\":{\"@id\":\"https:\\\/\\\/www.realclubmaritimomelilla.es\\\/clmar\\\/blas-de-lezo-y-el-sitio-de-cartagena-de-indias-conferencia-del-ciclo-de-la-armada-15-de-noviembre-club-maritimo-melilla-rcmm\\\/#primaryimage\"},\"thumbnailUrl\":\"https:\\\/\\\/www.realclubmaritimomelilla.es\\\/clmar\\\/wp-content\\\/uploads\\\/Cartel-Blas-de-Lezo-y-el-Sitio-de-Cartagena-de-Indias-scaled.webp\",\"articleSection\":[\"Jornadas\"],\"inLanguage\":\"es\",\"potentialAction\":[{\"@type\":\"CommentAction\",\"name\":\"Comment\",\"target\":[\"https:\\\/\\\/www.realclubmaritimomelilla.es\\\/clmar\\\/blas-de-lezo-y-el-sitio-de-cartagena-de-indias-conferencia-del-ciclo-de-la-armada-15-de-noviembre-club-maritimo-melilla-rcmm\\\/#respond\"]}]},{\"@type\":\"WebPage\",\"@id\":\"https:\\\/\\\/www.realclubmaritimomelilla.es\\\/clmar\\\/blas-de-lezo-y-el-sitio-de-cartagena-de-indias-conferencia-del-ciclo-de-la-armada-15-de-noviembre-club-maritimo-melilla-rcmm\\\/\",\"url\":\"https:\\\/\\\/www.realclubmaritimomelilla.es\\\/clmar\\\/blas-de-lezo-y-el-sitio-de-cartagena-de-indias-conferencia-del-ciclo-de-la-armada-15-de-noviembre-club-maritimo-melilla-rcmm\\\/\",\"name\":\"\u2018Blas de Lezo y el sitio de Cartagena de indias\u2019, conferencia del ciclo de la Armada - Real Club Mar\u00edtimo de Melilla\",\"isPartOf\":{\"@id\":\"https:\\\/\\\/www.realclubmaritimomelilla.es\\\/clmar\\\/#website\"},\"primaryImageOfPage\":{\"@id\":\"https:\\\/\\\/www.realclubmaritimomelilla.es\\\/clmar\\\/blas-de-lezo-y-el-sitio-de-cartagena-de-indias-conferencia-del-ciclo-de-la-armada-15-de-noviembre-club-maritimo-melilla-rcmm\\\/#primaryimage\"},\"image\":{\"@id\":\"https:\\\/\\\/www.realclubmaritimomelilla.es\\\/clmar\\\/blas-de-lezo-y-el-sitio-de-cartagena-de-indias-conferencia-del-ciclo-de-la-armada-15-de-noviembre-club-maritimo-melilla-rcmm\\\/#primaryimage\"},\"thumbnailUrl\":\"https:\\\/\\\/www.realclubmaritimomelilla.es\\\/clmar\\\/wp-content\\\/uploads\\\/Cartel-Blas-de-Lezo-y-el-Sitio-de-Cartagena-de-Indias-scaled.webp\",\"datePublished\":\"2024-11-07T12:03:42+00:00\",\"dateModified\":\"2024-11-12T07:40:35+00:00\",\"description\":\"\u2018Blas de Lezo y el sitio de Cartagena de indias\u2019, conferencia del ciclo de la Armada -\",\"breadcrumb\":{\"@id\":\"https:\\\/\\\/www.realclubmaritimomelilla.es\\\/clmar\\\/blas-de-lezo-y-el-sitio-de-cartagena-de-indias-conferencia-del-ciclo-de-la-armada-15-de-noviembre-club-maritimo-melilla-rcmm\\\/#breadcrumb\"},\"inLanguage\":\"es\",\"potentialAction\":[{\"@type\":\"ReadAction\",\"target\":[\"https:\\\/\\\/www.realclubmaritimomelilla.es\\\/clmar\\\/blas-de-lezo-y-el-sitio-de-cartagena-de-indias-conferencia-del-ciclo-de-la-armada-15-de-noviembre-club-maritimo-melilla-rcmm\\\/\"]}]},{\"@type\":\"ImageObject\",\"inLanguage\":\"es\",\"@id\":\"https:\\\/\\\/www.realclubmaritimomelilla.es\\\/clmar\\\/blas-de-lezo-y-el-sitio-de-cartagena-de-indias-conferencia-del-ciclo-de-la-armada-15-de-noviembre-club-maritimo-melilla-rcmm\\\/#primaryimage\",\"url\":\"https:\\\/\\\/www.realclubmaritimomelilla.es\\\/clmar\\\/wp-content\\\/uploads\\\/Cartel-Blas-de-Lezo-y-el-Sitio-de-Cartagena-de-Indias-scaled.webp\",\"contentUrl\":\"https:\\\/\\\/www.realclubmaritimomelilla.es\\\/clmar\\\/wp-content\\\/uploads\\\/Cartel-Blas-de-Lezo-y-el-Sitio-de-Cartagena-de-Indias-scaled.webp\",\"width\":1810,\"height\":2560},{\"@type\":\"BreadcrumbList\",\"@id\":\"https:\\\/\\\/www.realclubmaritimomelilla.es\\\/clmar\\\/blas-de-lezo-y-el-sitio-de-cartagena-de-indias-conferencia-del-ciclo-de-la-armada-15-de-noviembre-club-maritimo-melilla-rcmm\\\/#breadcrumb\",\"itemListElement\":[{\"@type\":\"ListItem\",\"position\":1,\"name\":\"Portada\",\"item\":\"https:\\\/\\\/www.realclubmaritimomelilla.es\\\/clmar\\\/\"},{\"@type\":\"ListItem\",\"position\":2,\"name\":\"\u2018Blas de Lezo y el sitio de Cartagena de indias\u2019, conferencia del ciclo de la Armada\"}]},{\"@type\":\"WebSite\",\"@id\":\"https:\\\/\\\/www.realclubmaritimomelilla.es\\\/clmar\\\/#website\",\"url\":\"https:\\\/\\\/www.realclubmaritimomelilla.es\\\/clmar\\\/\",\"name\":\"Real Club Mar\u00edtimo de Melilla\",\"description\":\"RCMM\",\"publisher\":{\"@id\":\"https:\\\/\\\/www.realclubmaritimomelilla.es\\\/clmar\\\/#organization\"},\"alternateName\":\"RCMM\",\"potentialAction\":[{\"@type\":\"SearchAction\",\"target\":{\"@type\":\"EntryPoint\",\"urlTemplate\":\"https:\\\/\\\/www.realclubmaritimomelilla.es\\\/clmar\\\/?s={search_term_string}\"},\"query-input\":{\"@type\":\"PropertyValueSpecification\",\"valueRequired\":true,\"valueName\":\"search_term_string\"}}],\"inLanguage\":\"es\"},{\"@type\":\"Organization\",\"@id\":\"https:\\\/\\\/www.realclubmaritimomelilla.es\\\/clmar\\\/#organization\",\"name\":\"Real Club Mar\u00edtimo de Melilla\",\"alternateName\":\"RCMM\",\"url\":\"https:\\\/\\\/www.realclubmaritimomelilla.es\\\/clmar\\\/\",\"logo\":{\"@type\":\"ImageObject\",\"inLanguage\":\"es\",\"@id\":\"https:\\\/\\\/www.realclubmaritimomelilla.es\\\/clmar\\\/#\\\/schema\\\/logo\\\/image\\\/\",\"url\":\"https:\\\/\\\/www.realclubmaritimomelilla.es\\\/clmar\\\/wp-content\\\/uploads\\\/logo-club-original-copia.jpg\",\"contentUrl\":\"https:\\\/\\\/www.realclubmaritimomelilla.es\\\/clmar\\\/wp-content\\\/uploads\\\/logo-club-original-copia.jpg\",\"width\":128,\"height\":89,\"caption\":\"Real Club Mar\u00edtimo de Melilla\"},\"image\":{\"@id\":\"https:\\\/\\\/www.realclubmaritimomelilla.es\\\/clmar\\\/#\\\/schema\\\/logo\\\/image\\\/\"},\"sameAs\":[\"https:\\\/\\\/www.facebook.com\\\/Real-Club-Mar\u00edtimo-de-Melilla-588495841234214\\\/\",\"https:\\\/\\\/x.com\\\/nauticarcmm\",\"https:\\\/\\\/www.instagram.com\\\/club_maritimo_melilla\\\/\",\"https:\\\/\\\/www.youtube.com\\\/@realclubmaritimodemelilla4703\",\"https:\\\/\\\/es.wikipedia.org\\\/wiki\\\/Real_Club_Mar\u00edtimo_de_Melilla\"]},{\"@type\":\"Person\",\"@id\":\"https:\\\/\\\/www.realclubmaritimomelilla.es\\\/clmar\\\/#\\\/schema\\\/person\\\/ebaa3713496dc6d48c872452e73a8e79\",\"name\":\"RCMMelilla\",\"image\":{\"@type\":\"ImageObject\",\"inLanguage\":\"es\",\"@id\":\"https:\\\/\\\/secure.gravatar.com\\\/avatar\\\/df1c24789360fb9308735c4ee556fc2bc5bf924bf01e53043b8b97ba272da33c?s=96&d=mm&r=g\",\"url\":\"https:\\\/\\\/secure.gravatar.com\\\/avatar\\\/df1c24789360fb9308735c4ee556fc2bc5bf924bf01e53043b8b97ba272da33c?s=96&d=mm&r=g\",\"contentUrl\":\"https:\\\/\\\/secure.gravatar.com\\\/avatar\\\/df1c24789360fb9308735c4ee556fc2bc5bf924bf01e53043b8b97ba272da33c?s=96&d=mm&r=g\",\"caption\":\"RCMMelilla\"}}]}<\/script>\n<!-- \/ Yoast SEO plugin. -->","yoast_head_json":{"title":"\u2018Blas de Lezo y el sitio de Cartagena de indias\u2019, conferencia del ciclo de la Armada - Real Club Mar\u00edtimo de Melilla","description":"\u2018Blas de Lezo y el sitio de Cartagena de indias\u2019, conferencia del ciclo de la Armada -","robots":{"index":"index","follow":"follow","max-snippet":"max-snippet:-1","max-image-preview":"max-image-preview:large","max-video-preview":"max-video-preview:-1"},"canonical":"https:\/\/www.realclubmaritimomelilla.es\/clmar\/blas-de-lezo-y-el-sitio-de-cartagena-de-indias-conferencia-del-ciclo-de-la-armada-15-de-noviembre-club-maritimo-melilla-rcmm\/","og_locale":"es_ES","og_type":"article","og_title":"\u2018Blas de Lezo y el sitio de Cartagena de indias\u2019, conferencia del ciclo de la Armada - Real Club Mar\u00edtimo de Melilla","og_description":"\u2018Blas de Lezo y el sitio de Cartagena de indias\u2019, conferencia del ciclo de la Armada -","og_url":"https:\/\/www.realclubmaritimomelilla.es\/clmar\/blas-de-lezo-y-el-sitio-de-cartagena-de-indias-conferencia-del-ciclo-de-la-armada-15-de-noviembre-club-maritimo-melilla-rcmm\/","og_site_name":"Real Club Mar\u00edtimo de Melilla","article_publisher":"https:\/\/www.facebook.com\/Real-Club-Mar%c3%adtimo-de-Melilla-588495841234214\/","article_published_time":"2024-11-07T12:03:42+00:00","article_modified_time":"2024-11-12T07:40:35+00:00","og_image":[{"width":1810,"height":2560,"url":"https:\/\/www.realclubmaritimomelilla.es\/clmar\/wp-content\/uploads\/Cartel-Blas-de-Lezo-y-el-Sitio-de-Cartagena-de-Indias-scaled.webp","type":"image\/jpeg"}],"author":"RCMMelilla","twitter_card":"summary_large_image","twitter_creator":"@nauticarcmm","twitter_site":"@nauticarcmm","twitter_misc":{"Escrito por":"RCMMelilla","Tiempo de lectura":"1 minuto"},"schema":{"@context":"https:\/\/schema.org","@graph":[{"@type":"Article","@id":"https:\/\/www.realclubmaritimomelilla.es\/clmar\/blas-de-lezo-y-el-sitio-de-cartagena-de-indias-conferencia-del-ciclo-de-la-armada-15-de-noviembre-club-maritimo-melilla-rcmm\/#article","isPartOf":{"@id":"https:\/\/www.realclubmaritimomelilla.es\/clmar\/blas-de-lezo-y-el-sitio-de-cartagena-de-indias-conferencia-del-ciclo-de-la-armada-15-de-noviembre-club-maritimo-melilla-rcmm\/"},"author":{"name":"RCMMelilla","@id":"https:\/\/www.realclubmaritimomelilla.es\/clmar\/#\/schema\/person\/ebaa3713496dc6d48c872452e73a8e79"},"headline":"\u2018Blas de Lezo y el sitio de Cartagena de indias\u2019, conferencia del ciclo de la Armada","datePublished":"2024-11-07T12:03:42+00:00","dateModified":"2024-11-12T07:40:35+00:00","mainEntityOfPage":{"@id":"https:\/\/www.realclubmaritimomelilla.es\/clmar\/blas-de-lezo-y-el-sitio-de-cartagena-de-indias-conferencia-del-ciclo-de-la-armada-15-de-noviembre-club-maritimo-melilla-rcmm\/"},"wordCount":117,"commentCount":0,"publisher":{"@id":"https:\/\/www.realclubmaritimomelilla.es\/clmar\/#organization"},"image":{"@id":"https:\/\/www.realclubmaritimomelilla.es\/clmar\/blas-de-lezo-y-el-sitio-de-cartagena-de-indias-conferencia-del-ciclo-de-la-armada-15-de-noviembre-club-maritimo-melilla-rcmm\/#primaryimage"},"thumbnailUrl":"https:\/\/www.realclubmaritimomelilla.es\/clmar\/wp-content\/uploads\/Cartel-Blas-de-Lezo-y-el-Sitio-de-Cartagena-de-Indias-scaled.webp","articleSection":["Jornadas"],"inLanguage":"es","potentialAction":[{"@type":"CommentAction","name":"Comment","target":["https:\/\/www.realclubmaritimomelilla.es\/clmar\/blas-de-lezo-y-el-sitio-de-cartagena-de-indias-conferencia-del-ciclo-de-la-armada-15-de-noviembre-club-maritimo-melilla-rcmm\/#respond"]}]},{"@type":"WebPage","@id":"https:\/\/www.realclubmaritimomelilla.es\/clmar\/blas-de-lezo-y-el-sitio-de-cartagena-de-indias-conferencia-del-ciclo-de-la-armada-15-de-noviembre-club-maritimo-melilla-rcmm\/","url":"https:\/\/www.realclubmaritimomelilla.es\/clmar\/blas-de-lezo-y-el-sitio-de-cartagena-de-indias-conferencia-del-ciclo-de-la-armada-15-de-noviembre-club-maritimo-melilla-rcmm\/","name":"\u2018Blas de Lezo y el sitio de Cartagena de indias\u2019, conferencia del ciclo de la Armada - Real Club Mar\u00edtimo de Melilla","isPartOf":{"@id":"https:\/\/www.realclubmaritimomelilla.es\/clmar\/#website"},"primaryImageOfPage":{"@id":"https:\/\/www.realclubmaritimomelilla.es\/clmar\/blas-de-lezo-y-el-sitio-de-cartagena-de-indias-conferencia-del-ciclo-de-la-armada-15-de-noviembre-club-maritimo-melilla-rcmm\/#primaryimage"},"image":{"@id":"https:\/\/www.realclubmaritimomelilla.es\/clmar\/blas-de-lezo-y-el-sitio-de-cartagena-de-indias-conferencia-del-ciclo-de-la-armada-15-de-noviembre-club-maritimo-melilla-rcmm\/#primaryimage"},"thumbnailUrl":"https:\/\/www.realclubmaritimomelilla.es\/clmar\/wp-content\/uploads\/Cartel-Blas-de-Lezo-y-el-Sitio-de-Cartagena-de-Indias-scaled.webp","datePublished":"2024-11-07T12:03:42+00:00","dateModified":"2024-11-12T07:40:35+00:00","description":"\u2018Blas de Lezo y el sitio de Cartagena de indias\u2019, conferencia del ciclo de la Armada -","breadcrumb":{"@id":"https:\/\/www.realclubmaritimomelilla.es\/clmar\/blas-de-lezo-y-el-sitio-de-cartagena-de-indias-conferencia-del-ciclo-de-la-armada-15-de-noviembre-club-maritimo-melilla-rcmm\/#breadcrumb"},"inLanguage":"es","potentialAction":[{"@type":"ReadAction","target":["https:\/\/www.realclubmaritimomelilla.es\/clmar\/blas-de-lezo-y-el-sitio-de-cartagena-de-indias-conferencia-del-ciclo-de-la-armada-15-de-noviembre-club-maritimo-melilla-rcmm\/"]}]},{"@type":"ImageObject","inLanguage":"es","@id":"https:\/\/www.realclubmaritimomelilla.es\/clmar\/blas-de-lezo-y-el-sitio-de-cartagena-de-indias-conferencia-del-ciclo-de-la-armada-15-de-noviembre-club-maritimo-melilla-rcmm\/#primaryimage","url":"https:\/\/www.realclubmaritimomelilla.es\/clmar\/wp-content\/uploads\/Cartel-Blas-de-Lezo-y-el-Sitio-de-Cartagena-de-Indias-scaled.webp","contentUrl":"https:\/\/www.realclubmaritimomelilla.es\/clmar\/wp-content\/uploads\/Cartel-Blas-de-Lezo-y-el-Sitio-de-Cartagena-de-Indias-scaled.webp","width":1810,"height":2560},{"@type":"BreadcrumbList","@id":"https:\/\/www.realclubmaritimomelilla.es\/clmar\/blas-de-lezo-y-el-sitio-de-cartagena-de-indias-conferencia-del-ciclo-de-la-armada-15-de-noviembre-club-maritimo-melilla-rcmm\/#breadcrumb","itemListElement":[{"@type":"ListItem","position":1,"name":"Portada","item":"https:\/\/www.realclubmaritimomelilla.es\/clmar\/"},{"@type":"ListItem","position":2,"name":"\u2018Blas de Lezo y el sitio de Cartagena de indias\u2019, conferencia del ciclo de la Armada"}]},{"@type":"WebSite","@id":"https:\/\/www.realclubmaritimomelilla.es\/clmar\/#website","url":"https:\/\/www.realclubmaritimomelilla.es\/clmar\/","name":"Real Club Mar\u00edtimo de Melilla","description":"RCMM","publisher":{"@id":"https:\/\/www.realclubmaritimomelilla.es\/clmar\/#organization"},"alternateName":"RCMM","potentialAction":[{"@type":"SearchAction","target":{"@type":"EntryPoint","urlTemplate":"https:\/\/www.realclubmaritimomelilla.es\/clmar\/?s={search_term_string}"},"query-input":{"@type":"PropertyValueSpecification","valueRequired":true,"valueName":"search_term_string"}}],"inLanguage":"es"},{"@type":"Organization","@id":"https:\/\/www.realclubmaritimomelilla.es\/clmar\/#organization","name":"Real Club Mar\u00edtimo de Melilla","alternateName":"RCMM","url":"https:\/\/www.realclubmaritimomelilla.es\/clmar\/","logo":{"@type":"ImageObject","inLanguage":"es","@id":"https:\/\/www.realclubmaritimomelilla.es\/clmar\/#\/schema\/logo\/image\/","url":"https:\/\/www.realclubmaritimomelilla.es\/clmar\/wp-content\/uploads\/logo-club-original-copia.jpg","contentUrl":"https:\/\/www.realclubmaritimomelilla.es\/clmar\/wp-content\/uploads\/logo-club-original-copia.jpg","width":128,"height":89,"caption":"Real Club Mar\u00edtimo de Melilla"},"image":{"@id":"https:\/\/www.realclubmaritimomelilla.es\/clmar\/#\/schema\/logo\/image\/"},"sameAs":["https:\/\/www.facebook.com\/Real-Club-Mar\u00edtimo-de-Melilla-588495841234214\/","https:\/\/x.com\/nauticarcmm","https:\/\/www.instagram.com\/club_maritimo_melilla\/","https:\/\/www.youtube.com\/@realclubmaritimodemelilla4703","https:\/\/es.wikipedia.org\/wiki\/Real_Club_Mar\u00edtimo_de_Melilla"]},{"@type":"Person","@id":"https:\/\/www.realclubmaritimomelilla.es\/clmar\/#\/schema\/person\/ebaa3713496dc6d48c872452e73a8e79","name":"RCMMelilla","image":{"@type":"ImageObject","inLanguage":"es","@id":"https:\/\/secure.gravatar.com\/avatar\/df1c24789360fb9308735c4ee556fc2bc5bf924bf01e53043b8b97ba272da33c?s=96&d=mm&r=g","url":"https:\/\/secure.gravatar.com\/avatar\/df1c24789360fb9308735c4ee556fc2bc5bf924bf01e53043b8b97ba272da33c?s=96&d=mm&r=g","contentUrl":"https:\/\/secure.gravatar.com\/avatar\/df1c24789360fb9308735c4ee556fc2bc5bf924bf01e53043b8b97ba272da33c?s=96&d=mm&r=g","caption":"RCMMelilla"}}]}},"_links":{"self":[{"href":"https:\/\/www.realclubmaritimomelilla.es\/clmar\/wp-json\/wp\/v2\/posts\/24122","targetHints":{"allow":["GET"]}}],"collection":[{"href":"https:\/\/www.realclubmaritimomelilla.es\/clmar\/wp-json\/wp\/v2\/posts"}],"about":[{"href":"https:\/\/www.realclubmaritimomelilla.es\/clmar\/wp-json\/wp\/v2\/types\/post"}],"author":[{"embeddable":true,"href":"https:\/\/www.realclubmaritimomelilla.es\/clmar\/wp-json\/wp\/v2\/users\/1"}],"replies":[{"embeddable":true,"href":"https:\/\/www.realclubmaritimomelilla.es\/clmar\/wp-json\/wp\/v2\/comments?post=24122"}],"version-history":[{"count":2,"href":"https:\/\/www.realclubmaritimomelilla.es\/clmar\/wp-json\/wp\/v2\/posts\/24122\/revisions"}],"predecessor-version":[{"id":24183,"href":"https:\/\/www.realclubmaritimomelilla.es\/clmar\/wp-json\/wp\/v2\/posts\/24122\/revisions\/24183"}],"wp:featuredmedia":[{"embeddable":true,"href":"https:\/\/www.realclubmaritimomelilla.es\/clmar\/wp-json\/wp\/v2\/media\/24123"}],"wp:attachment":[{"href":"https:\/\/www.realclubmaritimomelilla.es\/clmar\/wp-json\/wp\/v2\/media?parent=24122"}],"wp:term":[{"taxonomy":"category","embeddable":true,"href":"https:\/\/www.realclubmaritimomelilla.es\/clmar\/wp-json\/wp\/v2\/categories?post=24122"},{"taxonomy":"post_tag","embeddable":true,"href":"https:\/\/www.realclubmaritimomelilla.es\/clmar\/wp-json\/wp\/v2\/tags?post=24122"}],"curies":[{"name":"wp","href":"https:\/\/api.w.org\/{rel}","templated":true}]}}