{"id":24119,"date":"2024-11-07T12:53:21","date_gmt":"2024-11-07T11:53:21","guid":{"rendered":"https:\/\/www.realclubmaritimomelilla.es\/clmar\/?p=24119"},"modified":"2024-11-07T13:59:10","modified_gmt":"2024-11-07T12:59:10","slug":"mini-palma-melilla-40-embarcaciones-listas-para-zarpar-rcmm-club-maritimo-melilla","status":"publish","type":"post","link":"https:\/\/www.realclubmaritimomelilla.es\/clmar\/mini-palma-melilla-40-embarcaciones-listas-para-zarpar-rcmm-club-maritimo-melilla\/","title":{"rendered":"Mini Palma-Melilla: 40 embarcaciones listas para zarpar"},"content":{"rendered":"<p>Los 40 barcos de la clase Mini inscritos en la regata oce\u00e1nica Palma-Melilla-Palma A2 ya han llegado al Real Club N\u00e1utico de Palma (RCNP), donde este s\u00e1bado, 9 de noviembre, se dar\u00e1 la salida rumbo a Melilla de esta traves\u00eda de 1.000 millas n\u00e1uticas.<br \/>\nEl Real Club Mar\u00edtimo de Melilla (RCMM) colabora con el RCN de Palma en esta cita que se disputa en el Mediterr\u00e1neo, est\u00e1ndo previsto que las primeras unidades superen la l\u00ednea de llega frente a la playa de Horcas Coloradas entre el lunes 11 y martes 12 de noviembre.<br \/>\nLa clase Mini est\u00e1 formada por barcos de 6,50 metros de eslora sometidos a unas estrictas reglas de homologaci\u00f3n y pensados para la navegaci\u00f3n en solitario o en tripulaci\u00f3n doble.<br \/>\nEste pasado mi\u00e9rcoles, en las instalaciones del RCN de Palma se destin\u00f3 a la medici\u00f3n y comprobaci\u00f3n de las embarcaciones, un proceso indispensable para asegurar que todos las unidades cumplen con los requisitos t\u00e9cnicos y de seguridad estipulados.<br \/>\nEste jueves, en el N\u00e1utico de Palmase ha procedido a la ceremonia de inauguraci\u00f3n oficial de la regata, en un acto que ha contado con la asistencia de autoridades, organizadores y participantes. Durante la presentaci\u00f3n se ha dado a conocer todos los detalles de la competici\u00f3n, impulsada por el navegante oce\u00e1nico y vocal de vela del RCNP, Hugo Ram\u00f3n, y dise\u00f1ada como prueba clasificatoria para la Mini Transat de 2025.<br \/>\nEntre los presentes ha estado Annabelle Moreau, secretaria de la clase Mini 6.50 desde hace 23 a\u00f1os, quien  ha destacado la relevancia de la regata. \u201cAunque se trata de la primera edici\u00f3n, la Palma-Melilla es la regata m\u00e1s importante del circuito Mediterr\u00e1neo de este a\u00f1o. Nos interesa mucho ver c\u00f3mo se desarrolla, porque tiene un recorrido muy interesante que ha atra\u00eddo a muchos participantes\u201d, ha afirmado Moreau.<br \/>\nEl Comit\u00e9 de Regatas del RCNP ha analizado las condiciones meteorol\u00f3gicas para elegir el recorrido m\u00e1s adecuado. Entre las opciones se baraja que la flota pase por Cabrera y Formentera antes de poner rumbo a la Ciudad Aut\u00f3noma y el Real Club Mar\u00edtimo de Melilla, lo que depende de las previsiones de viento y mar en los pr\u00f3ximos d\u00edas. Tambi\u00e9n est\u00e1 previsto que uno de los puntos de control est\u00e1 en la isla de Albor\u00e1n.<br \/>\nSeg\u00fan Moreau, la buena respuesta de los regatistas se debe a varios factores: \u201cLas razones son, por un lado, la distancia de 1.000 millas, que es casi como la de la Les Sables-Azores, y, por otro, el inter\u00e9s que ha suscitad un recorrido nuevo con llegada en el continente africano, algo que es in\u00e9dito en el circuito Mini\u201d.<br \/>\nA diferencia de otras regatas, la Palma-Melilla-Palma no puntuar\u00e1 las etapas de forma independiente, sino que se contabilizar\u00e1 el tiempo total acumulado en ambas traves\u00edas. Esto significa que los participantes deber\u00e1n mantener un alto nivel de rendimiento en todo momento, ya que cualquier contratiempo podr\u00e1\u00a0afectar el resultado final de la competici\u00f3n en su conjunto.<br \/>\nAleix Sell\u00e9s, compa\u00f1ero de Hugo Ram\u00f3n a bordo del velero Cristalmina, ha explicado que, si bien a\u00fan es pronto para conocer las condiciones, lo m\u00e1s probable es que el s\u00e1bado haya \u201clluvia y buen viento de popa\u201d, hecho que permitir\u00eda a los participantes \u201cplanear a unos 18 nudos de velocidad\u201d. Sell\u00e9s ha a\u00f1adido que, por su trazado, la Palma-Melilla-Palma es una regata \u201cm\u00e1s de velocidad que de estrategia\u201d y el ha garantizado que Cristalmina \u201cest\u00e1 impecable y totalmente preparado\u201d para afrontar la traves\u00eda a su m\u00e1ximo rendimiento.<br \/>\nEl Real Club Mar\u00edtimo de Melilla ha dispuesto ya todo el operativo para la recepci\u00f3n de los participantes, tanto en su aproximaci\u00f3n a la ciudad aut\u00f3noma como en tierra, puesto que la competici\u00f3n proseguir\u00e1 el pr\u00f3ximo s\u00e1bado 16 de noviembre cuando se d\u00e9 la salida de la segunda etapa de la traves\u00eda rumbo de nuevo a Palma. <\/p>\n","protected":false},"excerpt":{"rendered":"<p>Los 40 barcos de la clase Mini inscritos en la regata oce\u00e1nica Palma-Melilla-Palma A2 ya han llegado al Real Club N\u00e1utico de Palma (RCNP), donde este s\u00e1bado, 9 de noviembre, se dar\u00e1 la salida rumbo a Melilla de esta traves\u00eda de 1.000 millas n\u00e1uticas. El Real Club Mar\u00edtimo de Melilla (RCMM) colabora con el RCN [&hellip;]<\/p>\n","protected":false},"author":1,"featured_media":24120,"comment_status":"open","ping_status":"open","sticky":false,"template":"","format":"standard","meta":{"_acf_changed":false,"footnotes":""},"categories":[38],"tags":[],"class_list":["post-24119","post","type-post","status-publish","format-standard","has-post-thumbnail","hentry","category-nautica"],"acf":[],"yoast_head":"<!-- This site is optimized with the Yoast SEO plugin v27.5 - https:\/\/yoast.com\/product\/yoast-seo-wordpress\/ -->\n<title>Mini Palma-Melilla: 40 embarcaciones listas para zarpar - Real Club Mar\u00edtimo de Melilla<\/title>\n<meta name=\"description\" content=\"Los 40 barcos de la clase Mini inscritos en la regata oce\u00e1nica Palma-Melilla-Palma A2 ya han llegado al RCNP donde se dar\u00e1 la salida rumbo a Melilla\" \/>\n<meta name=\"robots\" content=\"index, follow, max-snippet:-1, max-image-preview:large, max-video-preview:-1\" \/>\n<link rel=\"canonical\" href=\"https:\/\/www.realclubmaritimomelilla.es\/clmar\/mini-palma-melilla-40-embarcaciones-listas-para-zarpar-rcmm-club-maritimo-melilla\/\" \/>\n<meta property=\"og:locale\" content=\"es_ES\" \/>\n<meta property=\"og:type\" content=\"article\" \/>\n<meta property=\"og:title\" content=\"Mini Palma-Melilla: 40 embarcaciones listas para zarpar - Real Club Mar\u00edtimo de Melilla\" \/>\n<meta property=\"og:description\" content=\"Los 40 barcos de la clase Mini inscritos en la regata oce\u00e1nica Palma-Melilla-Palma A2 ya han llegado al RCNP donde se dar\u00e1 la salida rumbo a Melilla\" \/>\n<meta property=\"og:url\" content=\"https:\/\/www.realclubmaritimomelilla.es\/clmar\/mini-palma-melilla-40-embarcaciones-listas-para-zarpar-rcmm-club-maritimo-melilla\/\" \/>\n<meta property=\"og:site_name\" content=\"Real Club Mar\u00edtimo de Melilla\" \/>\n<meta property=\"article:publisher\" content=\"https:\/\/www.facebook.com\/Real-Club-Mar%c3%adtimo-de-Melilla-588495841234214\/\" \/>\n<meta property=\"article:published_time\" content=\"2024-11-07T11:53:21+00:00\" \/>\n<meta property=\"article:modified_time\" content=\"2024-11-07T12:59:10+00:00\" \/>\n<meta property=\"og:image\" content=\"https:\/\/www.realclubmaritimomelilla.es\/clmar\/wp-content\/uploads\/cartel-mini-6.50-jpg.webp\" \/>\n\t<meta property=\"og:image:width\" content=\"1016\" \/>\n\t<meta property=\"og:image:height\" content=\"1435\" \/>\n\t<meta property=\"og:image:type\" content=\"image\/jpeg\" \/>\n<meta name=\"author\" content=\"RCMMelilla\" \/>\n<meta name=\"twitter:card\" content=\"summary_large_image\" \/>\n<meta name=\"twitter:creator\" content=\"@nauticarcmm\" \/>\n<meta name=\"twitter:site\" content=\"@nauticarcmm\" \/>\n<meta name=\"twitter:label1\" content=\"Escrito por\" \/>\n\t<meta name=\"twitter:data1\" content=\"RCMMelilla\" \/>\n\t<meta name=\"twitter:label2\" content=\"Tiempo de lectura\" \/>\n\t<meta name=\"twitter:data2\" content=\"4 minutos\" \/>\n<script type=\"application\/ld+json\" class=\"yoast-schema-graph\">{\"@context\":\"https:\\\/\\\/schema.org\",\"@graph\":[{\"@type\":\"Article\",\"@id\":\"https:\\\/\\\/www.realclubmaritimomelilla.es\\\/clmar\\\/mini-palma-melilla-40-embarcaciones-listas-para-zarpar-rcmm-club-maritimo-melilla\\\/#article\",\"isPartOf\":{\"@id\":\"https:\\\/\\\/www.realclubmaritimomelilla.es\\\/clmar\\\/mini-palma-melilla-40-embarcaciones-listas-para-zarpar-rcmm-club-maritimo-melilla\\\/\"},\"author\":{\"name\":\"RCMMelilla\",\"@id\":\"https:\\\/\\\/www.realclubmaritimomelilla.es\\\/clmar\\\/#\\\/schema\\\/person\\\/ebaa3713496dc6d48c872452e73a8e79\"},\"headline\":\"Mini Palma-Melilla: 40 embarcaciones listas para zarpar\",\"datePublished\":\"2024-11-07T11:53:21+00:00\",\"dateModified\":\"2024-11-07T12:59:10+00:00\",\"mainEntityOfPage\":{\"@id\":\"https:\\\/\\\/www.realclubmaritimomelilla.es\\\/clmar\\\/mini-palma-melilla-40-embarcaciones-listas-para-zarpar-rcmm-club-maritimo-melilla\\\/\"},\"wordCount\":688,\"commentCount\":0,\"publisher\":{\"@id\":\"https:\\\/\\\/www.realclubmaritimomelilla.es\\\/clmar\\\/#organization\"},\"image\":{\"@id\":\"https:\\\/\\\/www.realclubmaritimomelilla.es\\\/clmar\\\/mini-palma-melilla-40-embarcaciones-listas-para-zarpar-rcmm-club-maritimo-melilla\\\/#primaryimage\"},\"thumbnailUrl\":\"https:\\\/\\\/www.realclubmaritimomelilla.es\\\/clmar\\\/wp-content\\\/uploads\\\/cartel-mini-6.50-jpg.webp\",\"articleSection\":[\"N\u00e1utica\"],\"inLanguage\":\"es\",\"potentialAction\":[{\"@type\":\"CommentAction\",\"name\":\"Comment\",\"target\":[\"https:\\\/\\\/www.realclubmaritimomelilla.es\\\/clmar\\\/mini-palma-melilla-40-embarcaciones-listas-para-zarpar-rcmm-club-maritimo-melilla\\\/#respond\"]}]},{\"@type\":\"WebPage\",\"@id\":\"https:\\\/\\\/www.realclubmaritimomelilla.es\\\/clmar\\\/mini-palma-melilla-40-embarcaciones-listas-para-zarpar-rcmm-club-maritimo-melilla\\\/\",\"url\":\"https:\\\/\\\/www.realclubmaritimomelilla.es\\\/clmar\\\/mini-palma-melilla-40-embarcaciones-listas-para-zarpar-rcmm-club-maritimo-melilla\\\/\",\"name\":\"Mini Palma-Melilla: 40 embarcaciones listas para zarpar - Real Club Mar\u00edtimo de Melilla\",\"isPartOf\":{\"@id\":\"https:\\\/\\\/www.realclubmaritimomelilla.es\\\/clmar\\\/#website\"},\"primaryImageOfPage\":{\"@id\":\"https:\\\/\\\/www.realclubmaritimomelilla.es\\\/clmar\\\/mini-palma-melilla-40-embarcaciones-listas-para-zarpar-rcmm-club-maritimo-melilla\\\/#primaryimage\"},\"image\":{\"@id\":\"https:\\\/\\\/www.realclubmaritimomelilla.es\\\/clmar\\\/mini-palma-melilla-40-embarcaciones-listas-para-zarpar-rcmm-club-maritimo-melilla\\\/#primaryimage\"},\"thumbnailUrl\":\"https:\\\/\\\/www.realclubmaritimomelilla.es\\\/clmar\\\/wp-content\\\/uploads\\\/cartel-mini-6.50-jpg.webp\",\"datePublished\":\"2024-11-07T11:53:21+00:00\",\"dateModified\":\"2024-11-07T12:59:10+00:00\",\"description\":\"Los 40 barcos de la clase Mini inscritos en la regata oce\u00e1nica Palma-Melilla-Palma A2 ya han llegado al RCNP donde se dar\u00e1 la salida rumbo a Melilla\",\"breadcrumb\":{\"@id\":\"https:\\\/\\\/www.realclubmaritimomelilla.es\\\/clmar\\\/mini-palma-melilla-40-embarcaciones-listas-para-zarpar-rcmm-club-maritimo-melilla\\\/#breadcrumb\"},\"inLanguage\":\"es\",\"potentialAction\":[{\"@type\":\"ReadAction\",\"target\":[\"https:\\\/\\\/www.realclubmaritimomelilla.es\\\/clmar\\\/mini-palma-melilla-40-embarcaciones-listas-para-zarpar-rcmm-club-maritimo-melilla\\\/\"]}]},{\"@type\":\"ImageObject\",\"inLanguage\":\"es\",\"@id\":\"https:\\\/\\\/www.realclubmaritimomelilla.es\\\/clmar\\\/mini-palma-melilla-40-embarcaciones-listas-para-zarpar-rcmm-club-maritimo-melilla\\\/#primaryimage\",\"url\":\"https:\\\/\\\/www.realclubmaritimomelilla.es\\\/clmar\\\/wp-content\\\/uploads\\\/cartel-mini-6.50-jpg.webp\",\"contentUrl\":\"https:\\\/\\\/www.realclubmaritimomelilla.es\\\/clmar\\\/wp-content\\\/uploads\\\/cartel-mini-6.50-jpg.webp\",\"width\":1016,\"height\":1435},{\"@type\":\"BreadcrumbList\",\"@id\":\"https:\\\/\\\/www.realclubmaritimomelilla.es\\\/clmar\\\/mini-palma-melilla-40-embarcaciones-listas-para-zarpar-rcmm-club-maritimo-melilla\\\/#breadcrumb\",\"itemListElement\":[{\"@type\":\"ListItem\",\"position\":1,\"name\":\"Portada\",\"item\":\"https:\\\/\\\/www.realclubmaritimomelilla.es\\\/clmar\\\/\"},{\"@type\":\"ListItem\",\"position\":2,\"name\":\"Mini Palma-Melilla: 40 embarcaciones listas para zarpar\"}]},{\"@type\":\"WebSite\",\"@id\":\"https:\\\/\\\/www.realclubmaritimomelilla.es\\\/clmar\\\/#website\",\"url\":\"https:\\\/\\\/www.realclubmaritimomelilla.es\\\/clmar\\\/\",\"name\":\"Real Club Mar\u00edtimo de Melilla\",\"description\":\"RCMM\",\"publisher\":{\"@id\":\"https:\\\/\\\/www.realclubmaritimomelilla.es\\\/clmar\\\/#organization\"},\"alternateName\":\"RCMM\",\"potentialAction\":[{\"@type\":\"SearchAction\",\"target\":{\"@type\":\"EntryPoint\",\"urlTemplate\":\"https:\\\/\\\/www.realclubmaritimomelilla.es\\\/clmar\\\/?s={search_term_string}\"},\"query-input\":{\"@type\":\"PropertyValueSpecification\",\"valueRequired\":true,\"valueName\":\"search_term_string\"}}],\"inLanguage\":\"es\"},{\"@type\":\"Organization\",\"@id\":\"https:\\\/\\\/www.realclubmaritimomelilla.es\\\/clmar\\\/#organization\",\"name\":\"Real Club Mar\u00edtimo de Melilla\",\"alternateName\":\"RCMM\",\"url\":\"https:\\\/\\\/www.realclubmaritimomelilla.es\\\/clmar\\\/\",\"logo\":{\"@type\":\"ImageObject\",\"inLanguage\":\"es\",\"@id\":\"https:\\\/\\\/www.realclubmaritimomelilla.es\\\/clmar\\\/#\\\/schema\\\/logo\\\/image\\\/\",\"url\":\"https:\\\/\\\/www.realclubmaritimomelilla.es\\\/clmar\\\/wp-content\\\/uploads\\\/logo-club-original-copia.jpg\",\"contentUrl\":\"https:\\\/\\\/www.realclubmaritimomelilla.es\\\/clmar\\\/wp-content\\\/uploads\\\/logo-club-original-copia.jpg\",\"width\":128,\"height\":89,\"caption\":\"Real Club Mar\u00edtimo de Melilla\"},\"image\":{\"@id\":\"https:\\\/\\\/www.realclubmaritimomelilla.es\\\/clmar\\\/#\\\/schema\\\/logo\\\/image\\\/\"},\"sameAs\":[\"https:\\\/\\\/www.facebook.com\\\/Real-Club-Mar\u00edtimo-de-Melilla-588495841234214\\\/\",\"https:\\\/\\\/x.com\\\/nauticarcmm\",\"https:\\\/\\\/www.instagram.com\\\/club_maritimo_melilla\\\/\",\"https:\\\/\\\/www.youtube.com\\\/@realclubmaritimodemelilla4703\",\"https:\\\/\\\/es.wikipedia.org\\\/wiki\\\/Real_Club_Mar\u00edtimo_de_Melilla\"]},{\"@type\":\"Person\",\"@id\":\"https:\\\/\\\/www.realclubmaritimomelilla.es\\\/clmar\\\/#\\\/schema\\\/person\\\/ebaa3713496dc6d48c872452e73a8e79\",\"name\":\"RCMMelilla\",\"image\":{\"@type\":\"ImageObject\",\"inLanguage\":\"es\",\"@id\":\"https:\\\/\\\/secure.gravatar.com\\\/avatar\\\/df1c24789360fb9308735c4ee556fc2bc5bf924bf01e53043b8b97ba272da33c?s=96&d=mm&r=g\",\"url\":\"https:\\\/\\\/secure.gravatar.com\\\/avatar\\\/df1c24789360fb9308735c4ee556fc2bc5bf924bf01e53043b8b97ba272da33c?s=96&d=mm&r=g\",\"contentUrl\":\"https:\\\/\\\/secure.gravatar.com\\\/avatar\\\/df1c24789360fb9308735c4ee556fc2bc5bf924bf01e53043b8b97ba272da33c?s=96&d=mm&r=g\",\"caption\":\"RCMMelilla\"}}]}<\/script>\n<!-- \/ Yoast SEO plugin. -->","yoast_head_json":{"title":"Mini Palma-Melilla: 40 embarcaciones listas para zarpar - Real Club Mar\u00edtimo de Melilla","description":"Los 40 barcos de la clase Mini inscritos en la regata oce\u00e1nica Palma-Melilla-Palma A2 ya han llegado al RCNP donde se dar\u00e1 la salida rumbo a Melilla","robots":{"index":"index","follow":"follow","max-snippet":"max-snippet:-1","max-image-preview":"max-image-preview:large","max-video-preview":"max-video-preview:-1"},"canonical":"https:\/\/www.realclubmaritimomelilla.es\/clmar\/mini-palma-melilla-40-embarcaciones-listas-para-zarpar-rcmm-club-maritimo-melilla\/","og_locale":"es_ES","og_type":"article","og_title":"Mini Palma-Melilla: 40 embarcaciones listas para zarpar - Real Club Mar\u00edtimo de Melilla","og_description":"Los 40 barcos de la clase Mini inscritos en la regata oce\u00e1nica Palma-Melilla-Palma A2 ya han llegado al RCNP donde se dar\u00e1 la salida rumbo a Melilla","og_url":"https:\/\/www.realclubmaritimomelilla.es\/clmar\/mini-palma-melilla-40-embarcaciones-listas-para-zarpar-rcmm-club-maritimo-melilla\/","og_site_name":"Real Club Mar\u00edtimo de Melilla","article_publisher":"https:\/\/www.facebook.com\/Real-Club-Mar%c3%adtimo-de-Melilla-588495841234214\/","article_published_time":"2024-11-07T11:53:21+00:00","article_modified_time":"2024-11-07T12:59:10+00:00","og_image":[{"width":1016,"height":1435,"url":"https:\/\/www.realclubmaritimomelilla.es\/clmar\/wp-content\/uploads\/cartel-mini-6.50-jpg.webp","type":"image\/jpeg"}],"author":"RCMMelilla","twitter_card":"summary_large_image","twitter_creator":"@nauticarcmm","twitter_site":"@nauticarcmm","twitter_misc":{"Escrito por":"RCMMelilla","Tiempo de lectura":"4 minutos"},"schema":{"@context":"https:\/\/schema.org","@graph":[{"@type":"Article","@id":"https:\/\/www.realclubmaritimomelilla.es\/clmar\/mini-palma-melilla-40-embarcaciones-listas-para-zarpar-rcmm-club-maritimo-melilla\/#article","isPartOf":{"@id":"https:\/\/www.realclubmaritimomelilla.es\/clmar\/mini-palma-melilla-40-embarcaciones-listas-para-zarpar-rcmm-club-maritimo-melilla\/"},"author":{"name":"RCMMelilla","@id":"https:\/\/www.realclubmaritimomelilla.es\/clmar\/#\/schema\/person\/ebaa3713496dc6d48c872452e73a8e79"},"headline":"Mini Palma-Melilla: 40 embarcaciones listas para zarpar","datePublished":"2024-11-07T11:53:21+00:00","dateModified":"2024-11-07T12:59:10+00:00","mainEntityOfPage":{"@id":"https:\/\/www.realclubmaritimomelilla.es\/clmar\/mini-palma-melilla-40-embarcaciones-listas-para-zarpar-rcmm-club-maritimo-melilla\/"},"wordCount":688,"commentCount":0,"publisher":{"@id":"https:\/\/www.realclubmaritimomelilla.es\/clmar\/#organization"},"image":{"@id":"https:\/\/www.realclubmaritimomelilla.es\/clmar\/mini-palma-melilla-40-embarcaciones-listas-para-zarpar-rcmm-club-maritimo-melilla\/#primaryimage"},"thumbnailUrl":"https:\/\/www.realclubmaritimomelilla.es\/clmar\/wp-content\/uploads\/cartel-mini-6.50-jpg.webp","articleSection":["N\u00e1utica"],"inLanguage":"es","potentialAction":[{"@type":"CommentAction","name":"Comment","target":["https:\/\/www.realclubmaritimomelilla.es\/clmar\/mini-palma-melilla-40-embarcaciones-listas-para-zarpar-rcmm-club-maritimo-melilla\/#respond"]}]},{"@type":"WebPage","@id":"https:\/\/www.realclubmaritimomelilla.es\/clmar\/mini-palma-melilla-40-embarcaciones-listas-para-zarpar-rcmm-club-maritimo-melilla\/","url":"https:\/\/www.realclubmaritimomelilla.es\/clmar\/mini-palma-melilla-40-embarcaciones-listas-para-zarpar-rcmm-club-maritimo-melilla\/","name":"Mini Palma-Melilla: 40 embarcaciones listas para zarpar - Real Club Mar\u00edtimo de Melilla","isPartOf":{"@id":"https:\/\/www.realclubmaritimomelilla.es\/clmar\/#website"},"primaryImageOfPage":{"@id":"https:\/\/www.realclubmaritimomelilla.es\/clmar\/mini-palma-melilla-40-embarcaciones-listas-para-zarpar-rcmm-club-maritimo-melilla\/#primaryimage"},"image":{"@id":"https:\/\/www.realclubmaritimomelilla.es\/clmar\/mini-palma-melilla-40-embarcaciones-listas-para-zarpar-rcmm-club-maritimo-melilla\/#primaryimage"},"thumbnailUrl":"https:\/\/www.realclubmaritimomelilla.es\/clmar\/wp-content\/uploads\/cartel-mini-6.50-jpg.webp","datePublished":"2024-11-07T11:53:21+00:00","dateModified":"2024-11-07T12:59:10+00:00","description":"Los 40 barcos de la clase Mini inscritos en la regata oce\u00e1nica Palma-Melilla-Palma A2 ya han llegado al RCNP donde se dar\u00e1 la salida rumbo a Melilla","breadcrumb":{"@id":"https:\/\/www.realclubmaritimomelilla.es\/clmar\/mini-palma-melilla-40-embarcaciones-listas-para-zarpar-rcmm-club-maritimo-melilla\/#breadcrumb"},"inLanguage":"es","potentialAction":[{"@type":"ReadAction","target":["https:\/\/www.realclubmaritimomelilla.es\/clmar\/mini-palma-melilla-40-embarcaciones-listas-para-zarpar-rcmm-club-maritimo-melilla\/"]}]},{"@type":"ImageObject","inLanguage":"es","@id":"https:\/\/www.realclubmaritimomelilla.es\/clmar\/mini-palma-melilla-40-embarcaciones-listas-para-zarpar-rcmm-club-maritimo-melilla\/#primaryimage","url":"https:\/\/www.realclubmaritimomelilla.es\/clmar\/wp-content\/uploads\/cartel-mini-6.50-jpg.webp","contentUrl":"https:\/\/www.realclubmaritimomelilla.es\/clmar\/wp-content\/uploads\/cartel-mini-6.50-jpg.webp","width":1016,"height":1435},{"@type":"BreadcrumbList","@id":"https:\/\/www.realclubmaritimomelilla.es\/clmar\/mini-palma-melilla-40-embarcaciones-listas-para-zarpar-rcmm-club-maritimo-melilla\/#breadcrumb","itemListElement":[{"@type":"ListItem","position":1,"name":"Portada","item":"https:\/\/www.realclubmaritimomelilla.es\/clmar\/"},{"@type":"ListItem","position":2,"name":"Mini Palma-Melilla: 40 embarcaciones listas para zarpar"}]},{"@type":"WebSite","@id":"https:\/\/www.realclubmaritimomelilla.es\/clmar\/#website","url":"https:\/\/www.realclubmaritimomelilla.es\/clmar\/","name":"Real Club Mar\u00edtimo de Melilla","description":"RCMM","publisher":{"@id":"https:\/\/www.realclubmaritimomelilla.es\/clmar\/#organization"},"alternateName":"RCMM","potentialAction":[{"@type":"SearchAction","target":{"@type":"EntryPoint","urlTemplate":"https:\/\/www.realclubmaritimomelilla.es\/clmar\/?s={search_term_string}"},"query-input":{"@type":"PropertyValueSpecification","valueRequired":true,"valueName":"search_term_string"}}],"inLanguage":"es"},{"@type":"Organization","@id":"https:\/\/www.realclubmaritimomelilla.es\/clmar\/#organization","name":"Real Club Mar\u00edtimo de Melilla","alternateName":"RCMM","url":"https:\/\/www.realclubmaritimomelilla.es\/clmar\/","logo":{"@type":"ImageObject","inLanguage":"es","@id":"https:\/\/www.realclubmaritimomelilla.es\/clmar\/#\/schema\/logo\/image\/","url":"https:\/\/www.realclubmaritimomelilla.es\/clmar\/wp-content\/uploads\/logo-club-original-copia.jpg","contentUrl":"https:\/\/www.realclubmaritimomelilla.es\/clmar\/wp-content\/uploads\/logo-club-original-copia.jpg","width":128,"height":89,"caption":"Real Club Mar\u00edtimo de Melilla"},"image":{"@id":"https:\/\/www.realclubmaritimomelilla.es\/clmar\/#\/schema\/logo\/image\/"},"sameAs":["https:\/\/www.facebook.com\/Real-Club-Mar\u00edtimo-de-Melilla-588495841234214\/","https:\/\/x.com\/nauticarcmm","https:\/\/www.instagram.com\/club_maritimo_melilla\/","https:\/\/www.youtube.com\/@realclubmaritimodemelilla4703","https:\/\/es.wikipedia.org\/wiki\/Real_Club_Mar\u00edtimo_de_Melilla"]},{"@type":"Person","@id":"https:\/\/www.realclubmaritimomelilla.es\/clmar\/#\/schema\/person\/ebaa3713496dc6d48c872452e73a8e79","name":"RCMMelilla","image":{"@type":"ImageObject","inLanguage":"es","@id":"https:\/\/secure.gravatar.com\/avatar\/df1c24789360fb9308735c4ee556fc2bc5bf924bf01e53043b8b97ba272da33c?s=96&d=mm&r=g","url":"https:\/\/secure.gravatar.com\/avatar\/df1c24789360fb9308735c4ee556fc2bc5bf924bf01e53043b8b97ba272da33c?s=96&d=mm&r=g","contentUrl":"https:\/\/secure.gravatar.com\/avatar\/df1c24789360fb9308735c4ee556fc2bc5bf924bf01e53043b8b97ba272da33c?s=96&d=mm&r=g","caption":"RCMMelilla"}}]}},"_links":{"self":[{"href":"https:\/\/www.realclubmaritimomelilla.es\/clmar\/wp-json\/wp\/v2\/posts\/24119","targetHints":{"allow":["GET"]}}],"collection":[{"href":"https:\/\/www.realclubmaritimomelilla.es\/clmar\/wp-json\/wp\/v2\/posts"}],"about":[{"href":"https:\/\/www.realclubmaritimomelilla.es\/clmar\/wp-json\/wp\/v2\/types\/post"}],"author":[{"embeddable":true,"href":"https:\/\/www.realclubmaritimomelilla.es\/clmar\/wp-json\/wp\/v2\/users\/1"}],"replies":[{"embeddable":true,"href":"https:\/\/www.realclubmaritimomelilla.es\/clmar\/wp-json\/wp\/v2\/comments?post=24119"}],"version-history":[{"count":3,"href":"https:\/\/www.realclubmaritimomelilla.es\/clmar\/wp-json\/wp\/v2\/posts\/24119\/revisions"}],"predecessor-version":[{"id":24131,"href":"https:\/\/www.realclubmaritimomelilla.es\/clmar\/wp-json\/wp\/v2\/posts\/24119\/revisions\/24131"}],"wp:featuredmedia":[{"embeddable":true,"href":"https:\/\/www.realclubmaritimomelilla.es\/clmar\/wp-json\/wp\/v2\/media\/24120"}],"wp:attachment":[{"href":"https:\/\/www.realclubmaritimomelilla.es\/clmar\/wp-json\/wp\/v2\/media?parent=24119"}],"wp:term":[{"taxonomy":"category","embeddable":true,"href":"https:\/\/www.realclubmaritimomelilla.es\/clmar\/wp-json\/wp\/v2\/categories?post=24119"},{"taxonomy":"post_tag","embeddable":true,"href":"https:\/\/www.realclubmaritimomelilla.es\/clmar\/wp-json\/wp\/v2\/tags?post=24119"}],"curies":[{"name":"wp","href":"https:\/\/api.w.org\/{rel}","templated":true}]}}