{"id":23836,"date":"2024-09-02T20:44:18","date_gmt":"2024-09-02T18:44:18","guid":{"rendered":"https:\/\/www.realclubmaritimomelilla.es\/clmar\/?p=23836"},"modified":"2024-09-03T08:59:35","modified_gmt":"2024-09-03T06:59:35","slug":"miranda-felices-molina-y-jesus-samper-gonzalez-elegidos-miss-sirenita-y-mister-delfin-en-el-real-club-maritimo-de-melilla","status":"publish","type":"post","link":"https:\/\/www.realclubmaritimomelilla.es\/clmar\/miranda-felices-molina-y-jesus-samper-gonzalez-elegidos-miss-sirenita-y-mister-delfin-en-el-real-club-maritimo-de-melilla\/","title":{"rendered":"Miranda Felices Molina y Jes\u00fas Samper Gonz\u00e1lez, Miss Sirenita y M\u00edster Delf\u00edn"},"content":{"rendered":"\n\t\t<style type=\"text\/css\">\n\t\t\t#gallery-1 {\n\t\t\t\tmargin: auto;\n\t\t\t}\n\t\t\t#gallery-1 .gallery-item {\n\t\t\t\tfloat: left;\n\t\t\t\tmargin-top: 10px;\n\t\t\t\ttext-align: center;\n\t\t\t\twidth: 33%;\n\t\t\t}\n\t\t\t#gallery-1 img {\n\t\t\t\tborder: 2px solid #cfcfcf;\n\t\t\t}\n\t\t\t#gallery-1 .gallery-caption {\n\t\t\t\tmargin-left: 0;\n\t\t\t}\n\t\t\t\/* see gallery_shortcode() in wp-includes\/media.php *\/\n\t\t<\/style>\n\t\t<div id='gallery-1' class='gallery galleryid-23836 gallery-columns-3 gallery-size-full'><dl class='gallery-item'>\n\t\t\t<dt class='gallery-icon landscape'>\n\t\t\t\t<a data-rel=\"iLightbox[postimages]\" data-title=\"Elsa Garc\u00eda Arraras DAMA DE HONOR\" data-caption=\"\" href='https:\/\/www.realclubmaritimomelilla.es\/clmar\/miranda-felices-molina-y-jesus-samper-gonzalez-elegidos-miss-sirenita-y-mister-delfin-en-el-real-club-maritimo-de-melilla\/elsa-garcia-arraras-dama-de-honor\/'><img decoding=\"async\" width=\"1063\" height=\"1011\" src=\"https:\/\/www.realclubmaritimomelilla.es\/clmar\/wp-content\/uploads\/Elsa-Garcia-Arraras-DAMA-DE-HONOR-jpg.webp\" class=\"attachment-full size-full\" alt=\"\" srcset=\"https:\/\/www.realclubmaritimomelilla.es\/clmar\/wp-content\/uploads\/Elsa-Garcia-Arraras-DAMA-DE-HONOR-200x190.webp 200w, https:\/\/www.realclubmaritimomelilla.es\/clmar\/wp-content\/uploads\/Elsa-Garcia-Arraras-DAMA-DE-HONOR-300x285.webp 300w, https:\/\/www.realclubmaritimomelilla.es\/clmar\/wp-content\/uploads\/Elsa-Garcia-Arraras-DAMA-DE-HONOR-400x380.webp 400w, https:\/\/www.realclubmaritimomelilla.es\/clmar\/wp-content\/uploads\/Elsa-Garcia-Arraras-DAMA-DE-HONOR-600x571.webp 600w, https:\/\/www.realclubmaritimomelilla.es\/clmar\/wp-content\/uploads\/Elsa-Garcia-Arraras-DAMA-DE-HONOR-768x730.webp 768w, https:\/\/www.realclubmaritimomelilla.es\/clmar\/wp-content\/uploads\/Elsa-Garcia-Arraras-DAMA-DE-HONOR-800x761.webp 800w, https:\/\/www.realclubmaritimomelilla.es\/clmar\/wp-content\/uploads\/Elsa-Garcia-Arraras-DAMA-DE-HONOR-1024x974.webp 1024w, https:\/\/www.realclubmaritimomelilla.es\/clmar\/wp-content\/uploads\/Elsa-Garcia-Arraras-DAMA-DE-HONOR-jpg.webp 1063w\" sizes=\"(max-width: 1063px) 100vw, 1063px\" \/><\/a>\n\t\t\t<\/dt><\/dl><dl class='gallery-item'>\n\t\t\t<dt class='gallery-icon portrait'>\n\t\t\t\t<a data-rel=\"iLightbox[postimages]\" data-title=\"I\u00f1aki Samer Gonz\u00e1lez CABALLERO\" data-caption=\"\" href='https:\/\/www.realclubmaritimomelilla.es\/clmar\/miranda-felices-molina-y-jesus-samper-gonzalez-elegidos-miss-sirenita-y-mister-delfin-en-el-real-club-maritimo-de-melilla\/inaki-samer-gonzalez-caballero\/'><img decoding=\"async\" width=\"1063\" height=\"1135\" src=\"https:\/\/www.realclubmaritimomelilla.es\/clmar\/wp-content\/uploads\/Inaki-Samer-Gonzalez-CABALLERO-jpg.webp\" class=\"attachment-full size-full\" alt=\"\" srcset=\"https:\/\/www.realclubmaritimomelilla.es\/clmar\/wp-content\/uploads\/Inaki-Samer-Gonzalez-CABALLERO-200x214.webp 200w, https:\/\/www.realclubmaritimomelilla.es\/clmar\/wp-content\/uploads\/Inaki-Samer-Gonzalez-CABALLERO-281x300.webp 281w, https:\/\/www.realclubmaritimomelilla.es\/clmar\/wp-content\/uploads\/Inaki-Samer-Gonzalez-CABALLERO-400x427.webp 400w, https:\/\/www.realclubmaritimomelilla.es\/clmar\/wp-content\/uploads\/Inaki-Samer-Gonzalez-CABALLERO-600x641.webp 600w, https:\/\/www.realclubmaritimomelilla.es\/clmar\/wp-content\/uploads\/Inaki-Samer-Gonzalez-CABALLERO-768x820.webp 768w, https:\/\/www.realclubmaritimomelilla.es\/clmar\/wp-content\/uploads\/Inaki-Samer-Gonzalez-CABALLERO-800x854.webp 800w, https:\/\/www.realclubmaritimomelilla.es\/clmar\/wp-content\/uploads\/Inaki-Samer-Gonzalez-CABALLERO-959x1024.webp 959w, https:\/\/www.realclubmaritimomelilla.es\/clmar\/wp-content\/uploads\/Inaki-Samer-Gonzalez-CABALLERO-jpg.webp 1063w\" sizes=\"(max-width: 1063px) 100vw, 1063px\" \/><\/a>\n\t\t\t<\/dt><\/dl><dl class='gallery-item'>\n\t\t\t<dt class='gallery-icon portrait'>\n\t\t\t\t<a data-rel=\"iLightbox[postimages]\" data-title=\"Jes\u00fas Samper Gonz\u00e1lez MISTER DELF\u00cdN\" data-caption=\"\" href='https:\/\/www.realclubmaritimomelilla.es\/clmar\/miranda-felices-molina-y-jesus-samper-gonzalez-elegidos-miss-sirenita-y-mister-delfin-en-el-real-club-maritimo-de-melilla\/jesus-samper-gonzalez-mister-delfin\/'><img decoding=\"async\" width=\"1063\" height=\"1180\" src=\"https:\/\/www.realclubmaritimomelilla.es\/clmar\/wp-content\/uploads\/Jesus-Samper-Gonzalez-MISTER-DELFIN-jpg.webp\" class=\"attachment-full size-full\" alt=\"\" srcset=\"https:\/\/www.realclubmaritimomelilla.es\/clmar\/wp-content\/uploads\/Jesus-Samper-Gonzalez-MISTER-DELFIN-200x222.webp 200w, https:\/\/www.realclubmaritimomelilla.es\/clmar\/wp-content\/uploads\/Jesus-Samper-Gonzalez-MISTER-DELFIN-270x300.webp 270w, https:\/\/www.realclubmaritimomelilla.es\/clmar\/wp-content\/uploads\/Jesus-Samper-Gonzalez-MISTER-DELFIN-400x444.webp 400w, https:\/\/www.realclubmaritimomelilla.es\/clmar\/wp-content\/uploads\/Jesus-Samper-Gonzalez-MISTER-DELFIN-600x666.webp 600w, https:\/\/www.realclubmaritimomelilla.es\/clmar\/wp-content\/uploads\/Jesus-Samper-Gonzalez-MISTER-DELFIN-768x853.webp 768w, https:\/\/www.realclubmaritimomelilla.es\/clmar\/wp-content\/uploads\/Jesus-Samper-Gonzalez-MISTER-DELFIN-800x888.webp 800w, https:\/\/www.realclubmaritimomelilla.es\/clmar\/wp-content\/uploads\/Jesus-Samper-Gonzalez-MISTER-DELFIN-922x1024.webp 922w, https:\/\/www.realclubmaritimomelilla.es\/clmar\/wp-content\/uploads\/Jesus-Samper-Gonzalez-MISTER-DELFIN-jpg.webp 1063w\" sizes=\"(max-width: 1063px) 100vw, 1063px\" \/><\/a>\n\t\t\t<\/dt><\/dl><br style=\"clear: both\" \/><dl class='gallery-item'>\n\t\t\t<dt class='gallery-icon portrait'>\n\t\t\t\t<a data-rel=\"iLightbox[postimages]\" data-title=\"Miranda Felices Molina MISS SIRENITA\" data-caption=\"\" href='https:\/\/www.realclubmaritimomelilla.es\/clmar\/miranda-felices-molina-y-jesus-samper-gonzalez-elegidos-miss-sirenita-y-mister-delfin-en-el-real-club-maritimo-de-melilla\/miranda-felices-molina-miss-sirenita\/'><img decoding=\"async\" width=\"1063\" height=\"1119\" src=\"https:\/\/www.realclubmaritimomelilla.es\/clmar\/wp-content\/uploads\/Miranda-Felices-Molina-MISS-SIRENITA-jpg.webp\" class=\"attachment-full size-full\" alt=\"\" srcset=\"https:\/\/www.realclubmaritimomelilla.es\/clmar\/wp-content\/uploads\/Miranda-Felices-Molina-MISS-SIRENITA-200x211.webp 200w, https:\/\/www.realclubmaritimomelilla.es\/clmar\/wp-content\/uploads\/Miranda-Felices-Molina-MISS-SIRENITA-285x300.webp 285w, https:\/\/www.realclubmaritimomelilla.es\/clmar\/wp-content\/uploads\/Miranda-Felices-Molina-MISS-SIRENITA-400x421.webp 400w, https:\/\/www.realclubmaritimomelilla.es\/clmar\/wp-content\/uploads\/Miranda-Felices-Molina-MISS-SIRENITA-600x632.webp 600w, https:\/\/www.realclubmaritimomelilla.es\/clmar\/wp-content\/uploads\/Miranda-Felices-Molina-MISS-SIRENITA-768x808.webp 768w, https:\/\/www.realclubmaritimomelilla.es\/clmar\/wp-content\/uploads\/Miranda-Felices-Molina-MISS-SIRENITA-800x842.webp 800w, https:\/\/www.realclubmaritimomelilla.es\/clmar\/wp-content\/uploads\/Miranda-Felices-Molina-MISS-SIRENITA-973x1024.webp 973w, https:\/\/www.realclubmaritimomelilla.es\/clmar\/wp-content\/uploads\/Miranda-Felices-Molina-MISS-SIRENITA-jpg.webp 1063w\" sizes=\"(max-width: 1063px) 100vw, 1063px\" \/><\/a>\n\t\t\t<\/dt><\/dl><dl class='gallery-item'>\n\t\t\t<dt class='gallery-icon landscape'>\n\t\t\t\t<a data-rel=\"iLightbox[postimages]\" data-title=\"PARTICIPANTES 2024\" data-caption=\"\" href='https:\/\/www.realclubmaritimomelilla.es\/clmar\/miranda-felices-molina-y-jesus-samper-gonzalez-elegidos-miss-sirenita-y-mister-delfin-en-el-real-club-maritimo-de-melilla\/participantes-2024\/'><img decoding=\"async\" width=\"1063\" height=\"663\" src=\"https:\/\/www.realclubmaritimomelilla.es\/clmar\/wp-content\/uploads\/PARTICIPANTES-2024-jpg.webp\" class=\"attachment-full size-full\" alt=\"\" srcset=\"https:\/\/www.realclubmaritimomelilla.es\/clmar\/wp-content\/uploads\/PARTICIPANTES-2024-200x125.webp 200w, https:\/\/www.realclubmaritimomelilla.es\/clmar\/wp-content\/uploads\/PARTICIPANTES-2024-300x187.webp 300w, https:\/\/www.realclubmaritimomelilla.es\/clmar\/wp-content\/uploads\/PARTICIPANTES-2024-400x249.webp 400w, https:\/\/www.realclubmaritimomelilla.es\/clmar\/wp-content\/uploads\/PARTICIPANTES-2024-600x374.webp 600w, https:\/\/www.realclubmaritimomelilla.es\/clmar\/wp-content\/uploads\/PARTICIPANTES-2024-768x479.webp 768w, https:\/\/www.realclubmaritimomelilla.es\/clmar\/wp-content\/uploads\/PARTICIPANTES-2024-800x499.webp 800w, https:\/\/www.realclubmaritimomelilla.es\/clmar\/wp-content\/uploads\/PARTICIPANTES-2024-1024x639.webp 1024w, https:\/\/www.realclubmaritimomelilla.es\/clmar\/wp-content\/uploads\/PARTICIPANTES-2024-jpg.webp 1063w\" sizes=\"(max-width: 1063px) 100vw, 1063px\" \/><\/a>\n\t\t\t<\/dt><\/dl>\n\t\t\t<br style='clear: both' \/>\n\t\t<\/div>\n\n<p>El Real Club Mar\u00edtimo de Melilla(RCMM), este lunes, ha elegido a sus representantes infantiles para estas Fiestas Patronales 2024. Miranda Felices Molina ha sido la elegida para lucir la banda de Miss Sirenita, mientras que Jes\u00fas Samper Gonz\u00e1lez ha recibido la banda de M\u00edster Delf\u00edn.<\/p>\n<p>Una fiesta infantil, en el RCMM, con m\u00e1s de cinco d\u00e9cadas de tradici\u00f3n, que este a\u00f1o ha tenido la novedad de elegir por primera vez a M\u00edster Delf\u00edn.<\/p>\n<p>Junto a Miss Sirenita 2024, tambi\u00e9n se ha elegido a una Damas de Honor, galard\u00f3n que ha reca\u00eddo en Elsa Garc\u00eda Arraras, as\u00ed como un Caballero, en este caso para I\u00f1aki Samper Gonz\u00e1lez. <\/p>\n<p>El presidente del Real Club Mar\u00edtimo, Jer\u00f3nimo P\u00e9rez, ha entregado las bandas y regalos en la fiesta celebrada hoy en los salones de la entidad.<\/p>\n\n\t\t<style type=\"text\/css\">\n\t\t\t#gallery-2 {\n\t\t\t\tmargin: auto;\n\t\t\t}\n\t\t\t#gallery-2 .gallery-item {\n\t\t\t\tfloat: left;\n\t\t\t\tmargin-top: 10px;\n\t\t\t\ttext-align: center;\n\t\t\t\twidth: 33%;\n\t\t\t}\n\t\t\t#gallery-2 img {\n\t\t\t\tborder: 2px solid #cfcfcf;\n\t\t\t}\n\t\t\t#gallery-2 .gallery-caption {\n\t\t\t\tmargin-left: 0;\n\t\t\t}\n\t\t\t\/* see gallery_shortcode() in wp-includes\/media.php *\/\n\t\t<\/style>\n\t\t<div id='gallery-2' class='gallery galleryid-23836 gallery-columns-3 gallery-size-full'><dl class='gallery-item'>\n\t\t\t<dt class='gallery-icon landscape'>\n\t\t\t\t<a data-rel=\"iLightbox[postimages]\" data-title=\"FIESTAS INFANTIL\" data-caption=\"\" href='https:\/\/www.realclubmaritimomelilla.es\/clmar\/miranda-felices-molina-y-jesus-samper-gonzalez-elegidos-miss-sirenita-y-mister-delfin-en-el-real-club-maritimo-de-melilla\/fiestas-infantil\/'><img decoding=\"async\" width=\"1063\" height=\"675\" src=\"https:\/\/www.realclubmaritimomelilla.es\/clmar\/wp-content\/uploads\/FIESTAS-INFANTIL-jpg.webp\" class=\"attachment-full size-full\" alt=\"\" srcset=\"https:\/\/www.realclubmaritimomelilla.es\/clmar\/wp-content\/uploads\/FIESTAS-INFANTIL-200x127.webp 200w, https:\/\/www.realclubmaritimomelilla.es\/clmar\/wp-content\/uploads\/FIESTAS-INFANTIL-300x190.webp 300w, https:\/\/www.realclubmaritimomelilla.es\/clmar\/wp-content\/uploads\/FIESTAS-INFANTIL-320x202.webp 320w, https:\/\/www.realclubmaritimomelilla.es\/clmar\/wp-content\/uploads\/FIESTAS-INFANTIL-400x254.webp 400w, https:\/\/www.realclubmaritimomelilla.es\/clmar\/wp-content\/uploads\/FIESTAS-INFANTIL-600x381.webp 600w, https:\/\/www.realclubmaritimomelilla.es\/clmar\/wp-content\/uploads\/FIESTAS-INFANTIL-768x488.webp 768w, https:\/\/www.realclubmaritimomelilla.es\/clmar\/wp-content\/uploads\/FIESTAS-INFANTIL-800x508.webp 800w, https:\/\/www.realclubmaritimomelilla.es\/clmar\/wp-content\/uploads\/FIESTAS-INFANTIL-1024x650.webp 1024w, https:\/\/www.realclubmaritimomelilla.es\/clmar\/wp-content\/uploads\/FIESTAS-INFANTIL-jpg.webp 1063w\" sizes=\"(max-width: 1063px) 100vw, 1063px\" \/><\/a>\n\t\t\t<\/dt><\/dl><dl class='gallery-item'>\n\t\t\t<dt class='gallery-icon landscape'>\n\t\t\t\t<a data-rel=\"iLightbox[postimages]\" data-title=\"FIESTAS INFANTIL2\" data-caption=\"\" href='https:\/\/www.realclubmaritimomelilla.es\/clmar\/miranda-felices-molina-y-jesus-samper-gonzalez-elegidos-miss-sirenita-y-mister-delfin-en-el-real-club-maritimo-de-melilla\/fiestas-infantil2\/'><img decoding=\"async\" width=\"1063\" height=\"608\" src=\"https:\/\/www.realclubmaritimomelilla.es\/clmar\/wp-content\/uploads\/FIESTAS-INFANTIL2-jpg.webp\" class=\"attachment-full size-full\" alt=\"\" srcset=\"https:\/\/www.realclubmaritimomelilla.es\/clmar\/wp-content\/uploads\/FIESTAS-INFANTIL2-200x114.webp 200w, https:\/\/www.realclubmaritimomelilla.es\/clmar\/wp-content\/uploads\/FIESTAS-INFANTIL2-300x172.webp 300w, https:\/\/www.realclubmaritimomelilla.es\/clmar\/wp-content\/uploads\/FIESTAS-INFANTIL2-400x229.webp 400w, https:\/\/www.realclubmaritimomelilla.es\/clmar\/wp-content\/uploads\/FIESTAS-INFANTIL2-600x343.webp 600w, https:\/\/www.realclubmaritimomelilla.es\/clmar\/wp-content\/uploads\/FIESTAS-INFANTIL2-768x439.webp 768w, https:\/\/www.realclubmaritimomelilla.es\/clmar\/wp-content\/uploads\/FIESTAS-INFANTIL2-800x458.webp 800w, https:\/\/www.realclubmaritimomelilla.es\/clmar\/wp-content\/uploads\/FIESTAS-INFANTIL2-1024x586.webp 1024w, https:\/\/www.realclubmaritimomelilla.es\/clmar\/wp-content\/uploads\/FIESTAS-INFANTIL2-jpg.webp 1063w\" sizes=\"(max-width: 1063px) 100vw, 1063px\" \/><\/a>\n\t\t\t<\/dt><\/dl><dl class='gallery-item'>\n\t\t\t<dt class='gallery-icon landscape'>\n\t\t\t\t<a data-rel=\"iLightbox[postimages]\" data-title=\"FIESTAS INFANTIL3\" data-caption=\"\" href='https:\/\/www.realclubmaritimomelilla.es\/clmar\/miranda-felices-molina-y-jesus-samper-gonzalez-elegidos-miss-sirenita-y-mister-delfin-en-el-real-club-maritimo-de-melilla\/fiestas-infantil3\/'><img decoding=\"async\" width=\"1063\" height=\"964\" src=\"https:\/\/www.realclubmaritimomelilla.es\/clmar\/wp-content\/uploads\/FIESTAS-INFANTIL3-jpg.webp\" class=\"attachment-full size-full\" alt=\"\" srcset=\"https:\/\/www.realclubmaritimomelilla.es\/clmar\/wp-content\/uploads\/FIESTAS-INFANTIL3-200x181.webp 200w, https:\/\/www.realclubmaritimomelilla.es\/clmar\/wp-content\/uploads\/FIESTAS-INFANTIL3-300x272.webp 300w, https:\/\/www.realclubmaritimomelilla.es\/clmar\/wp-content\/uploads\/FIESTAS-INFANTIL3-400x363.webp 400w, https:\/\/www.realclubmaritimomelilla.es\/clmar\/wp-content\/uploads\/FIESTAS-INFANTIL3-600x544.webp 600w, https:\/\/www.realclubmaritimomelilla.es\/clmar\/wp-content\/uploads\/FIESTAS-INFANTIL3-768x696.webp 768w, https:\/\/www.realclubmaritimomelilla.es\/clmar\/wp-content\/uploads\/FIESTAS-INFANTIL3-800x725.webp 800w, https:\/\/www.realclubmaritimomelilla.es\/clmar\/wp-content\/uploads\/FIESTAS-INFANTIL3-1024x929.webp 1024w, https:\/\/www.realclubmaritimomelilla.es\/clmar\/wp-content\/uploads\/FIESTAS-INFANTIL3-jpg.webp 1063w\" sizes=\"(max-width: 1063px) 100vw, 1063px\" \/><\/a>\n\t\t\t<\/dt><\/dl><br style=\"clear: both\" \/><dl class='gallery-item'>\n\t\t\t<dt class='gallery-icon portrait'>\n\t\t\t\t<a data-rel=\"iLightbox[postimages]\" data-title=\"FIESTAS INFANTIL4\" data-caption=\"\" href='https:\/\/www.realclubmaritimomelilla.es\/clmar\/miranda-felices-molina-y-jesus-samper-gonzalez-elegidos-miss-sirenita-y-mister-delfin-en-el-real-club-maritimo-de-melilla\/fiestas-infantil4\/'><img decoding=\"async\" width=\"709\" height=\"864\" src=\"https:\/\/www.realclubmaritimomelilla.es\/clmar\/wp-content\/uploads\/FIESTAS-INFANTIL4-jpg.webp\" class=\"attachment-full size-full\" alt=\"\" srcset=\"https:\/\/www.realclubmaritimomelilla.es\/clmar\/wp-content\/uploads\/FIESTAS-INFANTIL4-200x244.webp 200w, https:\/\/www.realclubmaritimomelilla.es\/clmar\/wp-content\/uploads\/FIESTAS-INFANTIL4-246x300.webp 246w, https:\/\/www.realclubmaritimomelilla.es\/clmar\/wp-content\/uploads\/FIESTAS-INFANTIL4-400x487.webp 400w, https:\/\/www.realclubmaritimomelilla.es\/clmar\/wp-content\/uploads\/FIESTAS-INFANTIL4-600x731.webp 600w, https:\/\/www.realclubmaritimomelilla.es\/clmar\/wp-content\/uploads\/FIESTAS-INFANTIL4-jpg.webp 709w\" sizes=\"(max-width: 709px) 100vw, 709px\" \/><\/a>\n\t\t\t<\/dt><\/dl><dl class='gallery-item'>\n\t\t\t<dt class='gallery-icon portrait'>\n\t\t\t\t<a data-rel=\"iLightbox[postimages]\" data-title=\"FIESTAS INFANTIL5\" data-caption=\"\" href='https:\/\/www.realclubmaritimomelilla.es\/clmar\/miranda-felices-molina-y-jesus-samper-gonzalez-elegidos-miss-sirenita-y-mister-delfin-en-el-real-club-maritimo-de-melilla\/fiestas-infantil5\/'><img decoding=\"async\" width=\"709\" height=\"847\" src=\"https:\/\/www.realclubmaritimomelilla.es\/clmar\/wp-content\/uploads\/FIESTAS-INFANTIL5-jpg.webp\" class=\"attachment-full size-full\" alt=\"\" srcset=\"https:\/\/www.realclubmaritimomelilla.es\/clmar\/wp-content\/uploads\/FIESTAS-INFANTIL5-200x239.webp 200w, https:\/\/www.realclubmaritimomelilla.es\/clmar\/wp-content\/uploads\/FIESTAS-INFANTIL5-251x300.webp 251w, https:\/\/www.realclubmaritimomelilla.es\/clmar\/wp-content\/uploads\/FIESTAS-INFANTIL5-400x478.webp 400w, https:\/\/www.realclubmaritimomelilla.es\/clmar\/wp-content\/uploads\/FIESTAS-INFANTIL5-600x717.webp 600w, https:\/\/www.realclubmaritimomelilla.es\/clmar\/wp-content\/uploads\/FIESTAS-INFANTIL5-jpg.webp 709w\" sizes=\"(max-width: 709px) 100vw, 709px\" \/><\/a>\n\t\t\t<\/dt><\/dl><dl class='gallery-item'>\n\t\t\t<dt class='gallery-icon portrait'>\n\t\t\t\t<a data-rel=\"iLightbox[postimages]\" data-title=\"FIESTAS INFANTIL6\" data-caption=\"\" href='https:\/\/www.realclubmaritimomelilla.es\/clmar\/miranda-felices-molina-y-jesus-samper-gonzalez-elegidos-miss-sirenita-y-mister-delfin-en-el-real-club-maritimo-de-melilla\/fiestas-infantil6\/'><img decoding=\"async\" width=\"709\" height=\"772\" src=\"https:\/\/www.realclubmaritimomelilla.es\/clmar\/wp-content\/uploads\/FIESTAS-INFANTIL6-jpg.webp\" class=\"attachment-full size-full\" alt=\"\" srcset=\"https:\/\/www.realclubmaritimomelilla.es\/clmar\/wp-content\/uploads\/FIESTAS-INFANTIL6-200x218.webp 200w, https:\/\/www.realclubmaritimomelilla.es\/clmar\/wp-content\/uploads\/FIESTAS-INFANTIL6-276x300.webp 276w, https:\/\/www.realclubmaritimomelilla.es\/clmar\/wp-content\/uploads\/FIESTAS-INFANTIL6-400x436.webp 400w, https:\/\/www.realclubmaritimomelilla.es\/clmar\/wp-content\/uploads\/FIESTAS-INFANTIL6-600x653.webp 600w, https:\/\/www.realclubmaritimomelilla.es\/clmar\/wp-content\/uploads\/FIESTAS-INFANTIL6-jpg.webp 709w\" sizes=\"(max-width: 709px) 100vw, 709px\" \/><\/a>\n\t\t\t<\/dt><\/dl><br style=\"clear: both\" \/><dl class='gallery-item'>\n\t\t\t<dt class='gallery-icon portrait'>\n\t\t\t\t<a data-rel=\"iLightbox[postimages]\" data-title=\"FIESTAS INFANTIL7\" data-caption=\"\" href='https:\/\/www.realclubmaritimomelilla.es\/clmar\/miranda-felices-molina-y-jesus-samper-gonzalez-elegidos-miss-sirenita-y-mister-delfin-en-el-real-club-maritimo-de-melilla\/fiestas-infantil7\/'><img decoding=\"async\" width=\"709\" height=\"728\" src=\"https:\/\/www.realclubmaritimomelilla.es\/clmar\/wp-content\/uploads\/FIESTAS-INFANTIL7-jpg.webp\" class=\"attachment-full size-full\" alt=\"\" srcset=\"https:\/\/www.realclubmaritimomelilla.es\/clmar\/wp-content\/uploads\/FIESTAS-INFANTIL7-200x205.webp 200w, https:\/\/www.realclubmaritimomelilla.es\/clmar\/wp-content\/uploads\/FIESTAS-INFANTIL7-292x300.webp 292w, https:\/\/www.realclubmaritimomelilla.es\/clmar\/wp-content\/uploads\/FIESTAS-INFANTIL7-400x411.webp 400w, https:\/\/www.realclubmaritimomelilla.es\/clmar\/wp-content\/uploads\/FIESTAS-INFANTIL7-600x616.webp 600w, https:\/\/www.realclubmaritimomelilla.es\/clmar\/wp-content\/uploads\/FIESTAS-INFANTIL7-jpg.webp 709w\" sizes=\"(max-width: 709px) 100vw, 709px\" \/><\/a>\n\t\t\t<\/dt><\/dl><dl class='gallery-item'>\n\t\t\t<dt class='gallery-icon portrait'>\n\t\t\t\t<a data-rel=\"iLightbox[postimages]\" data-title=\"FIESTAS INFANTIL8\" data-caption=\"\" href='https:\/\/www.realclubmaritimomelilla.es\/clmar\/miranda-felices-molina-y-jesus-samper-gonzalez-elegidos-miss-sirenita-y-mister-delfin-en-el-real-club-maritimo-de-melilla\/fiestas-infantil8\/'><img decoding=\"async\" width=\"709\" height=\"827\" src=\"https:\/\/www.realclubmaritimomelilla.es\/clmar\/wp-content\/uploads\/FIESTAS-INFANTIL8-jpg.webp\" class=\"attachment-full size-full\" alt=\"\" srcset=\"https:\/\/www.realclubmaritimomelilla.es\/clmar\/wp-content\/uploads\/FIESTAS-INFANTIL8-200x233.webp 200w, https:\/\/www.realclubmaritimomelilla.es\/clmar\/wp-content\/uploads\/FIESTAS-INFANTIL8-257x300.webp 257w, https:\/\/www.realclubmaritimomelilla.es\/clmar\/wp-content\/uploads\/FIESTAS-INFANTIL8-400x467.webp 400w, https:\/\/www.realclubmaritimomelilla.es\/clmar\/wp-content\/uploads\/FIESTAS-INFANTIL8-600x700.webp 600w, https:\/\/www.realclubmaritimomelilla.es\/clmar\/wp-content\/uploads\/FIESTAS-INFANTIL8-jpg.webp 709w\" sizes=\"(max-width: 709px) 100vw, 709px\" \/><\/a>\n\t\t\t<\/dt><\/dl><dl class='gallery-item'>\n\t\t\t<dt class='gallery-icon portrait'>\n\t\t\t\t<a data-rel=\"iLightbox[postimages]\" data-title=\"FIESTAS INFANTIL9\" data-caption=\"\" href='https:\/\/www.realclubmaritimomelilla.es\/clmar\/miranda-felices-molina-y-jesus-samper-gonzalez-elegidos-miss-sirenita-y-mister-delfin-en-el-real-club-maritimo-de-melilla\/fiestas-infantil9\/'><img decoding=\"async\" width=\"709\" height=\"933\" src=\"https:\/\/www.realclubmaritimomelilla.es\/clmar\/wp-content\/uploads\/FIESTAS-INFANTIL9-jpg.webp\" class=\"attachment-full size-full\" alt=\"\" srcset=\"https:\/\/www.realclubmaritimomelilla.es\/clmar\/wp-content\/uploads\/FIESTAS-INFANTIL9-200x263.webp 200w, https:\/\/www.realclubmaritimomelilla.es\/clmar\/wp-content\/uploads\/FIESTAS-INFANTIL9-228x300.webp 228w, https:\/\/www.realclubmaritimomelilla.es\/clmar\/wp-content\/uploads\/FIESTAS-INFANTIL9-400x526.webp 400w, https:\/\/www.realclubmaritimomelilla.es\/clmar\/wp-content\/uploads\/FIESTAS-INFANTIL9-600x790.webp 600w, https:\/\/www.realclubmaritimomelilla.es\/clmar\/wp-content\/uploads\/FIESTAS-INFANTIL9-jpg.webp 709w\" sizes=\"(max-width: 709px) 100vw, 709px\" \/><\/a>\n\t\t\t<\/dt><\/dl><br style=\"clear: both\" \/><dl class='gallery-item'>\n\t\t\t<dt class='gallery-icon portrait'>\n\t\t\t\t<a data-rel=\"iLightbox[postimages]\" data-title=\"FIESTAS INFANTIL10\" data-caption=\"\" href='https:\/\/www.realclubmaritimomelilla.es\/clmar\/miranda-felices-molina-y-jesus-samper-gonzalez-elegidos-miss-sirenita-y-mister-delfin-en-el-real-club-maritimo-de-melilla\/fiestas-infantil10\/'><img decoding=\"async\" width=\"709\" height=\"850\" src=\"https:\/\/www.realclubmaritimomelilla.es\/clmar\/wp-content\/uploads\/FIESTAS-INFANTIL10-jpg.webp\" class=\"attachment-full size-full\" alt=\"\" srcset=\"https:\/\/www.realclubmaritimomelilla.es\/clmar\/wp-content\/uploads\/FIESTAS-INFANTIL10-200x240.webp 200w, https:\/\/www.realclubmaritimomelilla.es\/clmar\/wp-content\/uploads\/FIESTAS-INFANTIL10-250x300.webp 250w, https:\/\/www.realclubmaritimomelilla.es\/clmar\/wp-content\/uploads\/FIESTAS-INFANTIL10-400x480.webp 400w, https:\/\/www.realclubmaritimomelilla.es\/clmar\/wp-content\/uploads\/FIESTAS-INFANTIL10-600x719.webp 600w, https:\/\/www.realclubmaritimomelilla.es\/clmar\/wp-content\/uploads\/FIESTAS-INFANTIL10-jpg.webp 709w\" sizes=\"(max-width: 709px) 100vw, 709px\" \/><\/a>\n\t\t\t<\/dt><\/dl><dl class='gallery-item'>\n\t\t\t<dt class='gallery-icon portrait'>\n\t\t\t\t<a data-rel=\"iLightbox[postimages]\" data-title=\"FIESTAS INFANTIL11\" data-caption=\"\" href='https:\/\/www.realclubmaritimomelilla.es\/clmar\/miranda-felices-molina-y-jesus-samper-gonzalez-elegidos-miss-sirenita-y-mister-delfin-en-el-real-club-maritimo-de-melilla\/fiestas-infantil11\/'><img decoding=\"async\" width=\"709\" height=\"923\" src=\"https:\/\/www.realclubmaritimomelilla.es\/clmar\/wp-content\/uploads\/FIESTAS-INFANTIL11-jpg.webp\" class=\"attachment-full size-full\" alt=\"\" srcset=\"https:\/\/www.realclubmaritimomelilla.es\/clmar\/wp-content\/uploads\/FIESTAS-INFANTIL11-200x260.webp 200w, https:\/\/www.realclubmaritimomelilla.es\/clmar\/wp-content\/uploads\/FIESTAS-INFANTIL11-230x300.webp 230w, https:\/\/www.realclubmaritimomelilla.es\/clmar\/wp-content\/uploads\/FIESTAS-INFANTIL11-400x521.webp 400w, https:\/\/www.realclubmaritimomelilla.es\/clmar\/wp-content\/uploads\/FIESTAS-INFANTIL11-600x781.webp 600w, https:\/\/www.realclubmaritimomelilla.es\/clmar\/wp-content\/uploads\/FIESTAS-INFANTIL11-jpg.webp 709w\" sizes=\"(max-width: 709px) 100vw, 709px\" \/><\/a>\n\t\t\t<\/dt><\/dl><dl class='gallery-item'>\n\t\t\t<dt class='gallery-icon portrait'>\n\t\t\t\t<a data-rel=\"iLightbox[postimages]\" data-title=\"FIESTAS INFANTIL12\" data-caption=\"\" href='https:\/\/www.realclubmaritimomelilla.es\/clmar\/miranda-felices-molina-y-jesus-samper-gonzalez-elegidos-miss-sirenita-y-mister-delfin-en-el-real-club-maritimo-de-melilla\/fiestas-infantil12\/'><img decoding=\"async\" width=\"709\" height=\"933\" src=\"https:\/\/www.realclubmaritimomelilla.es\/clmar\/wp-content\/uploads\/FIESTAS-INFANTIL12-jpg.webp\" class=\"attachment-full size-full\" alt=\"\" srcset=\"https:\/\/www.realclubmaritimomelilla.es\/clmar\/wp-content\/uploads\/FIESTAS-INFANTIL12-200x263.webp 200w, https:\/\/www.realclubmaritimomelilla.es\/clmar\/wp-content\/uploads\/FIESTAS-INFANTIL12-228x300.webp 228w, https:\/\/www.realclubmaritimomelilla.es\/clmar\/wp-content\/uploads\/FIESTAS-INFANTIL12-400x526.webp 400w, https:\/\/www.realclubmaritimomelilla.es\/clmar\/wp-content\/uploads\/FIESTAS-INFANTIL12-600x790.webp 600w, https:\/\/www.realclubmaritimomelilla.es\/clmar\/wp-content\/uploads\/FIESTAS-INFANTIL12-jpg.webp 709w\" sizes=\"(max-width: 709px) 100vw, 709px\" \/><\/a>\n\t\t\t<\/dt><\/dl><br style=\"clear: both\" \/><dl class='gallery-item'>\n\t\t\t<dt class='gallery-icon landscape'>\n\t\t\t\t<a data-rel=\"iLightbox[postimages]\" data-title=\"FIESTAS INFANTIL13\" data-caption=\"\" href='https:\/\/www.realclubmaritimomelilla.es\/clmar\/miranda-felices-molina-y-jesus-samper-gonzalez-elegidos-miss-sirenita-y-mister-delfin-en-el-real-club-maritimo-de-melilla\/fiestas-infantil13\/'><img decoding=\"async\" width=\"709\" height=\"663\" src=\"https:\/\/www.realclubmaritimomelilla.es\/clmar\/wp-content\/uploads\/FIESTAS-INFANTIL13-jpg.webp\" class=\"attachment-full size-full\" alt=\"\" srcset=\"https:\/\/www.realclubmaritimomelilla.es\/clmar\/wp-content\/uploads\/FIESTAS-INFANTIL13-200x187.webp 200w, https:\/\/www.realclubmaritimomelilla.es\/clmar\/wp-content\/uploads\/FIESTAS-INFANTIL13-300x281.webp 300w, https:\/\/www.realclubmaritimomelilla.es\/clmar\/wp-content\/uploads\/FIESTAS-INFANTIL13-400x374.webp 400w, https:\/\/www.realclubmaritimomelilla.es\/clmar\/wp-content\/uploads\/FIESTAS-INFANTIL13-600x561.webp 600w, https:\/\/www.realclubmaritimomelilla.es\/clmar\/wp-content\/uploads\/FIESTAS-INFANTIL13-jpg.webp 709w\" sizes=\"(max-width: 709px) 100vw, 709px\" \/><\/a>\n\t\t\t<\/dt><\/dl><dl class='gallery-item'>\n\t\t\t<dt class='gallery-icon portrait'>\n\t\t\t\t<a data-rel=\"iLightbox[postimages]\" data-title=\"FIESTAS INFANTIL14\" data-caption=\"\" href='https:\/\/www.realclubmaritimomelilla.es\/clmar\/miranda-felices-molina-y-jesus-samper-gonzalez-elegidos-miss-sirenita-y-mister-delfin-en-el-real-club-maritimo-de-melilla\/fiestas-infantil14\/'><img decoding=\"async\" width=\"1063\" height=\"1147\" src=\"https:\/\/www.realclubmaritimomelilla.es\/clmar\/wp-content\/uploads\/FIESTAS-INFANTIL14-jpg.webp\" class=\"attachment-full size-full\" alt=\"\" srcset=\"https:\/\/www.realclubmaritimomelilla.es\/clmar\/wp-content\/uploads\/FIESTAS-INFANTIL14-200x216.webp 200w, https:\/\/www.realclubmaritimomelilla.es\/clmar\/wp-content\/uploads\/FIESTAS-INFANTIL14-278x300.webp 278w, https:\/\/www.realclubmaritimomelilla.es\/clmar\/wp-content\/uploads\/FIESTAS-INFANTIL14-400x432.webp 400w, https:\/\/www.realclubmaritimomelilla.es\/clmar\/wp-content\/uploads\/FIESTAS-INFANTIL14-600x647.webp 600w, https:\/\/www.realclubmaritimomelilla.es\/clmar\/wp-content\/uploads\/FIESTAS-INFANTIL14-768x829.webp 768w, https:\/\/www.realclubmaritimomelilla.es\/clmar\/wp-content\/uploads\/FIESTAS-INFANTIL14-800x863.webp 800w, https:\/\/www.realclubmaritimomelilla.es\/clmar\/wp-content\/uploads\/FIESTAS-INFANTIL14-949x1024.webp 949w, https:\/\/www.realclubmaritimomelilla.es\/clmar\/wp-content\/uploads\/FIESTAS-INFANTIL14-jpg.webp 1063w\" sizes=\"(max-width: 1063px) 100vw, 1063px\" \/><\/a>\n\t\t\t<\/dt><\/dl><dl class='gallery-item'>\n\t\t\t<dt class='gallery-icon portrait'>\n\t\t\t\t<a data-rel=\"iLightbox[postimages]\" data-title=\"FIESTAS INFANTIL15\" data-caption=\"\" href='https:\/\/www.realclubmaritimomelilla.es\/clmar\/miranda-felices-molina-y-jesus-samper-gonzalez-elegidos-miss-sirenita-y-mister-delfin-en-el-real-club-maritimo-de-melilla\/fiestas-infantil15\/'><img decoding=\"async\" width=\"709\" height=\"775\" src=\"https:\/\/www.realclubmaritimomelilla.es\/clmar\/wp-content\/uploads\/FIESTAS-INFANTIL15-jpg.webp\" class=\"attachment-full size-full\" alt=\"\" srcset=\"https:\/\/www.realclubmaritimomelilla.es\/clmar\/wp-content\/uploads\/FIESTAS-INFANTIL15-200x219.webp 200w, https:\/\/www.realclubmaritimomelilla.es\/clmar\/wp-content\/uploads\/FIESTAS-INFANTIL15-274x300.webp 274w, https:\/\/www.realclubmaritimomelilla.es\/clmar\/wp-content\/uploads\/FIESTAS-INFANTIL15-400x437.webp 400w, https:\/\/www.realclubmaritimomelilla.es\/clmar\/wp-content\/uploads\/FIESTAS-INFANTIL15-600x656.webp 600w, https:\/\/www.realclubmaritimomelilla.es\/clmar\/wp-content\/uploads\/FIESTAS-INFANTIL15-jpg.webp 709w\" sizes=\"(max-width: 709px) 100vw, 709px\" \/><\/a>\n\t\t\t<\/dt><\/dl><br style=\"clear: both\" \/><dl class='gallery-item'>\n\t\t\t<dt class='gallery-icon landscape'>\n\t\t\t\t<a data-rel=\"iLightbox[postimages]\" data-title=\"FIESTAS INFANTIL16\" data-caption=\"\" href='https:\/\/www.realclubmaritimomelilla.es\/clmar\/miranda-felices-molina-y-jesus-samper-gonzalez-elegidos-miss-sirenita-y-mister-delfin-en-el-real-club-maritimo-de-melilla\/fiestas-infantil16\/'><img decoding=\"async\" width=\"1063\" height=\"619\" src=\"https:\/\/www.realclubmaritimomelilla.es\/clmar\/wp-content\/uploads\/FIESTAS-INFANTIL16-jpg.webp\" class=\"attachment-full size-full\" alt=\"\" srcset=\"https:\/\/www.realclubmaritimomelilla.es\/clmar\/wp-content\/uploads\/FIESTAS-INFANTIL16-200x116.webp 200w, https:\/\/www.realclubmaritimomelilla.es\/clmar\/wp-content\/uploads\/FIESTAS-INFANTIL16-300x175.webp 300w, https:\/\/www.realclubmaritimomelilla.es\/clmar\/wp-content\/uploads\/FIESTAS-INFANTIL16-400x233.webp 400w, https:\/\/www.realclubmaritimomelilla.es\/clmar\/wp-content\/uploads\/FIESTAS-INFANTIL16-600x349.webp 600w, https:\/\/www.realclubmaritimomelilla.es\/clmar\/wp-content\/uploads\/FIESTAS-INFANTIL16-768x447.webp 768w, https:\/\/www.realclubmaritimomelilla.es\/clmar\/wp-content\/uploads\/FIESTAS-INFANTIL16-800x466.webp 800w, https:\/\/www.realclubmaritimomelilla.es\/clmar\/wp-content\/uploads\/FIESTAS-INFANTIL16-1024x596.webp 1024w, https:\/\/www.realclubmaritimomelilla.es\/clmar\/wp-content\/uploads\/FIESTAS-INFANTIL16-jpg.webp 1063w\" sizes=\"(max-width: 1063px) 100vw, 1063px\" \/><\/a>\n\t\t\t<\/dt><\/dl><dl class='gallery-item'>\n\t\t\t<dt class='gallery-icon portrait'>\n\t\t\t\t<a data-rel=\"iLightbox[postimages]\" data-title=\"FIESTAS INFANTIL17\" data-caption=\"\" href='https:\/\/www.realclubmaritimomelilla.es\/clmar\/miranda-felices-molina-y-jesus-samper-gonzalez-elegidos-miss-sirenita-y-mister-delfin-en-el-real-club-maritimo-de-melilla\/fiestas-infantil17\/'><img decoding=\"async\" width=\"709\" height=\"749\" src=\"https:\/\/www.realclubmaritimomelilla.es\/clmar\/wp-content\/uploads\/FIESTAS-INFANTIL17-jpg.webp\" class=\"attachment-full size-full\" alt=\"\" srcset=\"https:\/\/www.realclubmaritimomelilla.es\/clmar\/wp-content\/uploads\/FIESTAS-INFANTIL17-200x211.webp 200w, https:\/\/www.realclubmaritimomelilla.es\/clmar\/wp-content\/uploads\/FIESTAS-INFANTIL17-284x300.webp 284w, https:\/\/www.realclubmaritimomelilla.es\/clmar\/wp-content\/uploads\/FIESTAS-INFANTIL17-400x423.webp 400w, https:\/\/www.realclubmaritimomelilla.es\/clmar\/wp-content\/uploads\/FIESTAS-INFANTIL17-600x634.webp 600w, https:\/\/www.realclubmaritimomelilla.es\/clmar\/wp-content\/uploads\/FIESTAS-INFANTIL17-jpg.webp 709w\" sizes=\"(max-width: 709px) 100vw, 709px\" \/><\/a>\n\t\t\t<\/dt><\/dl><dl class='gallery-item'>\n\t\t\t<dt class='gallery-icon portrait'>\n\t\t\t\t<a data-rel=\"iLightbox[postimages]\" data-title=\"FIESTAS INFANTIL18\" data-caption=\"\" href='https:\/\/www.realclubmaritimomelilla.es\/clmar\/miranda-felices-molina-y-jesus-samper-gonzalez-elegidos-miss-sirenita-y-mister-delfin-en-el-real-club-maritimo-de-melilla\/fiestas-infantil18\/'><img decoding=\"async\" width=\"709\" height=\"885\" src=\"https:\/\/www.realclubmaritimomelilla.es\/clmar\/wp-content\/uploads\/FIESTAS-INFANTIL18-jpg.webp\" class=\"attachment-full size-full\" alt=\"\" srcset=\"https:\/\/www.realclubmaritimomelilla.es\/clmar\/wp-content\/uploads\/FIESTAS-INFANTIL18-200x250.webp 200w, https:\/\/www.realclubmaritimomelilla.es\/clmar\/wp-content\/uploads\/FIESTAS-INFANTIL18-240x300.webp 240w, https:\/\/www.realclubmaritimomelilla.es\/clmar\/wp-content\/uploads\/FIESTAS-INFANTIL18-400x499.webp 400w, https:\/\/www.realclubmaritimomelilla.es\/clmar\/wp-content\/uploads\/FIESTAS-INFANTIL18-600x749.webp 600w, https:\/\/www.realclubmaritimomelilla.es\/clmar\/wp-content\/uploads\/FIESTAS-INFANTIL18-jpg.webp 709w\" sizes=\"(max-width: 709px) 100vw, 709px\" \/><\/a>\n\t\t\t<\/dt><\/dl><br style=\"clear: both\" \/><dl class='gallery-item'>\n\t\t\t<dt class='gallery-icon landscape'>\n\t\t\t\t<a data-rel=\"iLightbox[postimages]\" data-title=\"FIESTAS INFANTIL19\" data-caption=\"\" href='https:\/\/www.realclubmaritimomelilla.es\/clmar\/miranda-felices-molina-y-jesus-samper-gonzalez-elegidos-miss-sirenita-y-mister-delfin-en-el-real-club-maritimo-de-melilla\/fiestas-infantil19\/'><img decoding=\"async\" width=\"709\" height=\"653\" src=\"https:\/\/www.realclubmaritimomelilla.es\/clmar\/wp-content\/uploads\/FIESTAS-INFANTIL19-jpg.webp\" class=\"attachment-full size-full\" alt=\"\" srcset=\"https:\/\/www.realclubmaritimomelilla.es\/clmar\/wp-content\/uploads\/FIESTAS-INFANTIL19-200x184.webp 200w, https:\/\/www.realclubmaritimomelilla.es\/clmar\/wp-content\/uploads\/FIESTAS-INFANTIL19-300x276.webp 300w, https:\/\/www.realclubmaritimomelilla.es\/clmar\/wp-content\/uploads\/FIESTAS-INFANTIL19-400x368.webp 400w, https:\/\/www.realclubmaritimomelilla.es\/clmar\/wp-content\/uploads\/FIESTAS-INFANTIL19-600x553.webp 600w, https:\/\/www.realclubmaritimomelilla.es\/clmar\/wp-content\/uploads\/FIESTAS-INFANTIL19-jpg.webp 709w\" sizes=\"(max-width: 709px) 100vw, 709px\" \/><\/a>\n\t\t\t<\/dt><\/dl><dl class='gallery-item'>\n\t\t\t<dt class='gallery-icon portrait'>\n\t\t\t\t<a data-rel=\"iLightbox[postimages]\" data-title=\"FIESTAS INFANTIL20\" data-caption=\"\" href='https:\/\/www.realclubmaritimomelilla.es\/clmar\/miranda-felices-molina-y-jesus-samper-gonzalez-elegidos-miss-sirenita-y-mister-delfin-en-el-real-club-maritimo-de-melilla\/fiestas-infantil20\/'><img decoding=\"async\" width=\"709\" height=\"711\" src=\"https:\/\/www.realclubmaritimomelilla.es\/clmar\/wp-content\/uploads\/FIESTAS-INFANTIL20-jpg.webp\" class=\"attachment-full size-full\" alt=\"\" srcset=\"https:\/\/www.realclubmaritimomelilla.es\/clmar\/wp-content\/uploads\/FIESTAS-INFANTIL20-66x66.webp 66w, https:\/\/www.realclubmaritimomelilla.es\/clmar\/wp-content\/uploads\/FIESTAS-INFANTIL20-150x150.webp 150w, https:\/\/www.realclubmaritimomelilla.es\/clmar\/wp-content\/uploads\/FIESTAS-INFANTIL20-200x201.webp 200w, https:\/\/www.realclubmaritimomelilla.es\/clmar\/wp-content\/uploads\/FIESTAS-INFANTIL20-300x300.webp 300w, https:\/\/www.realclubmaritimomelilla.es\/clmar\/wp-content\/uploads\/FIESTAS-INFANTIL20-400x401.webp 400w, https:\/\/www.realclubmaritimomelilla.es\/clmar\/wp-content\/uploads\/FIESTAS-INFANTIL20-600x602.webp 600w, https:\/\/www.realclubmaritimomelilla.es\/clmar\/wp-content\/uploads\/FIESTAS-INFANTIL20-jpg.webp 709w\" sizes=\"(max-width: 709px) 100vw, 709px\" \/><\/a>\n\t\t\t<\/dt><\/dl><dl class='gallery-item'>\n\t\t\t<dt class='gallery-icon portrait'>\n\t\t\t\t<a data-rel=\"iLightbox[postimages]\" data-title=\"FIESTAS INFANTIL21\" data-caption=\"\" href='https:\/\/www.realclubmaritimomelilla.es\/clmar\/miranda-felices-molina-y-jesus-samper-gonzalez-elegidos-miss-sirenita-y-mister-delfin-en-el-real-club-maritimo-de-melilla\/fiestas-infantil21\/'><img decoding=\"async\" width=\"709\" height=\"877\" src=\"https:\/\/www.realclubmaritimomelilla.es\/clmar\/wp-content\/uploads\/FIESTAS-INFANTIL21-jpg.webp\" class=\"attachment-full size-full\" alt=\"\" srcset=\"https:\/\/www.realclubmaritimomelilla.es\/clmar\/wp-content\/uploads\/FIESTAS-INFANTIL21-200x247.webp 200w, https:\/\/www.realclubmaritimomelilla.es\/clmar\/wp-content\/uploads\/FIESTAS-INFANTIL21-243x300.webp 243w, https:\/\/www.realclubmaritimomelilla.es\/clmar\/wp-content\/uploads\/FIESTAS-INFANTIL21-400x495.webp 400w, https:\/\/www.realclubmaritimomelilla.es\/clmar\/wp-content\/uploads\/FIESTAS-INFANTIL21-600x742.webp 600w, https:\/\/www.realclubmaritimomelilla.es\/clmar\/wp-content\/uploads\/FIESTAS-INFANTIL21-jpg.webp 709w\" sizes=\"(max-width: 709px) 100vw, 709px\" \/><\/a>\n\t\t\t<\/dt><\/dl><br style=\"clear: both\" \/><dl class='gallery-item'>\n\t\t\t<dt class='gallery-icon portrait'>\n\t\t\t\t<a data-rel=\"iLightbox[postimages]\" data-title=\"FIESTAS INFANTIL22\" data-caption=\"\" href='https:\/\/www.realclubmaritimomelilla.es\/clmar\/miranda-felices-molina-y-jesus-samper-gonzalez-elegidos-miss-sirenita-y-mister-delfin-en-el-real-club-maritimo-de-melilla\/fiestas-infantil22\/'><img decoding=\"async\" width=\"709\" height=\"1025\" src=\"https:\/\/www.realclubmaritimomelilla.es\/clmar\/wp-content\/uploads\/FIESTAS-INFANTIL22-jpg.webp\" class=\"attachment-full size-full\" alt=\"\" srcset=\"https:\/\/www.realclubmaritimomelilla.es\/clmar\/wp-content\/uploads\/FIESTAS-INFANTIL22-200x289.webp 200w, https:\/\/www.realclubmaritimomelilla.es\/clmar\/wp-content\/uploads\/FIESTAS-INFANTIL22-208x300.webp 208w, https:\/\/www.realclubmaritimomelilla.es\/clmar\/wp-content\/uploads\/FIESTAS-INFANTIL22-400x578.webp 400w, https:\/\/www.realclubmaritimomelilla.es\/clmar\/wp-content\/uploads\/FIESTAS-INFANTIL22-600x867.webp 600w, https:\/\/www.realclubmaritimomelilla.es\/clmar\/wp-content\/uploads\/FIESTAS-INFANTIL22-jpg.webp 709w\" sizes=\"(max-width: 709px) 100vw, 709px\" \/><\/a>\n\t\t\t<\/dt><\/dl><dl class='gallery-item'>\n\t\t\t<dt class='gallery-icon landscape'>\n\t\t\t\t<a data-rel=\"iLightbox[postimages]\" data-title=\"FIESTAS INFANTIL23\" data-caption=\"\" href='https:\/\/www.realclubmaritimomelilla.es\/clmar\/miranda-felices-molina-y-jesus-samper-gonzalez-elegidos-miss-sirenita-y-mister-delfin-en-el-real-club-maritimo-de-melilla\/fiestas-infantil23\/'><img decoding=\"async\" width=\"709\" height=\"619\" src=\"https:\/\/www.realclubmaritimomelilla.es\/clmar\/wp-content\/uploads\/FIESTAS-INFANTIL23-jpg.webp\" class=\"attachment-full size-full\" alt=\"\" srcset=\"https:\/\/www.realclubmaritimomelilla.es\/clmar\/wp-content\/uploads\/FIESTAS-INFANTIL23-200x175.webp 200w, https:\/\/www.realclubmaritimomelilla.es\/clmar\/wp-content\/uploads\/FIESTAS-INFANTIL23-300x262.webp 300w, https:\/\/www.realclubmaritimomelilla.es\/clmar\/wp-content\/uploads\/FIESTAS-INFANTIL23-400x349.webp 400w, https:\/\/www.realclubmaritimomelilla.es\/clmar\/wp-content\/uploads\/FIESTAS-INFANTIL23-600x524.webp 600w, https:\/\/www.realclubmaritimomelilla.es\/clmar\/wp-content\/uploads\/FIESTAS-INFANTIL23-jpg.webp 709w\" sizes=\"(max-width: 709px) 100vw, 709px\" \/><\/a>\n\t\t\t<\/dt><\/dl><dl class='gallery-item'>\n\t\t\t<dt class='gallery-icon landscape'>\n\t\t\t\t<a data-rel=\"iLightbox[postimages]\" data-title=\"FIESTAS INFANTIL24\" data-caption=\"\" href='https:\/\/www.realclubmaritimomelilla.es\/clmar\/miranda-felices-molina-y-jesus-samper-gonzalez-elegidos-miss-sirenita-y-mister-delfin-en-el-real-club-maritimo-de-melilla\/fiestas-infantil24\/'><img decoding=\"async\" width=\"709\" height=\"412\" src=\"https:\/\/www.realclubmaritimomelilla.es\/clmar\/wp-content\/uploads\/FIESTAS-INFANTIL24-jpg.webp\" class=\"attachment-full size-full\" alt=\"\" srcset=\"https:\/\/www.realclubmaritimomelilla.es\/clmar\/wp-content\/uploads\/FIESTAS-INFANTIL24-200x116.webp 200w, https:\/\/www.realclubmaritimomelilla.es\/clmar\/wp-content\/uploads\/FIESTAS-INFANTIL24-300x174.webp 300w, https:\/\/www.realclubmaritimomelilla.es\/clmar\/wp-content\/uploads\/FIESTAS-INFANTIL24-400x232.webp 400w, https:\/\/www.realclubmaritimomelilla.es\/clmar\/wp-content\/uploads\/FIESTAS-INFANTIL24-600x349.webp 600w, https:\/\/www.realclubmaritimomelilla.es\/clmar\/wp-content\/uploads\/FIESTAS-INFANTIL24-jpg.webp 709w\" sizes=\"(max-width: 709px) 100vw, 709px\" \/><\/a>\n\t\t\t<\/dt><\/dl><br style=\"clear: both\" \/><dl class='gallery-item'>\n\t\t\t<dt class='gallery-icon landscape'>\n\t\t\t\t<a data-rel=\"iLightbox[postimages]\" data-title=\"FIESTAS INFANTIL25\" data-caption=\"\" href='https:\/\/www.realclubmaritimomelilla.es\/clmar\/miranda-felices-molina-y-jesus-samper-gonzalez-elegidos-miss-sirenita-y-mister-delfin-en-el-real-club-maritimo-de-melilla\/fiestas-infantil25\/'><img decoding=\"async\" width=\"709\" height=\"704\" src=\"https:\/\/www.realclubmaritimomelilla.es\/clmar\/wp-content\/uploads\/FIESTAS-INFANTIL25-jpg.webp\" class=\"attachment-full size-full\" alt=\"\" srcset=\"https:\/\/www.realclubmaritimomelilla.es\/clmar\/wp-content\/uploads\/FIESTAS-INFANTIL25-66x66.webp 66w, https:\/\/www.realclubmaritimomelilla.es\/clmar\/wp-content\/uploads\/FIESTAS-INFANTIL25-150x150.webp 150w, https:\/\/www.realclubmaritimomelilla.es\/clmar\/wp-content\/uploads\/FIESTAS-INFANTIL25-200x199.webp 200w, https:\/\/www.realclubmaritimomelilla.es\/clmar\/wp-content\/uploads\/FIESTAS-INFANTIL25-300x298.webp 300w, https:\/\/www.realclubmaritimomelilla.es\/clmar\/wp-content\/uploads\/FIESTAS-INFANTIL25-400x397.webp 400w, https:\/\/www.realclubmaritimomelilla.es\/clmar\/wp-content\/uploads\/FIESTAS-INFANTIL25-600x596.webp 600w, https:\/\/www.realclubmaritimomelilla.es\/clmar\/wp-content\/uploads\/FIESTAS-INFANTIL25-jpg.webp 709w\" sizes=\"(max-width: 709px) 100vw, 709px\" \/><\/a>\n\t\t\t<\/dt><\/dl><dl class='gallery-item'>\n\t\t\t<dt class='gallery-icon landscape'>\n\t\t\t\t<a data-rel=\"iLightbox[postimages]\" data-title=\"FIESTAS INFANTIL26\" data-caption=\"\" href='https:\/\/www.realclubmaritimomelilla.es\/clmar\/miranda-felices-molina-y-jesus-samper-gonzalez-elegidos-miss-sirenita-y-mister-delfin-en-el-real-club-maritimo-de-melilla\/fiestas-infantil26\/'><img decoding=\"async\" width=\"1063\" height=\"664\" src=\"https:\/\/www.realclubmaritimomelilla.es\/clmar\/wp-content\/uploads\/FIESTAS-INFANTIL26-jpg.webp\" class=\"attachment-full size-full\" alt=\"\" srcset=\"https:\/\/www.realclubmaritimomelilla.es\/clmar\/wp-content\/uploads\/FIESTAS-INFANTIL26-200x125.webp 200w, https:\/\/www.realclubmaritimomelilla.es\/clmar\/wp-content\/uploads\/FIESTAS-INFANTIL26-300x187.webp 300w, https:\/\/www.realclubmaritimomelilla.es\/clmar\/wp-content\/uploads\/FIESTAS-INFANTIL26-400x250.webp 400w, https:\/\/www.realclubmaritimomelilla.es\/clmar\/wp-content\/uploads\/FIESTAS-INFANTIL26-600x375.webp 600w, https:\/\/www.realclubmaritimomelilla.es\/clmar\/wp-content\/uploads\/FIESTAS-INFANTIL26-768x480.webp 768w, https:\/\/www.realclubmaritimomelilla.es\/clmar\/wp-content\/uploads\/FIESTAS-INFANTIL26-800x500.webp 800w, https:\/\/www.realclubmaritimomelilla.es\/clmar\/wp-content\/uploads\/FIESTAS-INFANTIL26-1024x640.webp 1024w, https:\/\/www.realclubmaritimomelilla.es\/clmar\/wp-content\/uploads\/FIESTAS-INFANTIL26-jpg.webp 1063w\" sizes=\"(max-width: 1063px) 100vw, 1063px\" \/><\/a>\n\t\t\t<\/dt><\/dl><dl class='gallery-item'>\n\t\t\t<dt class='gallery-icon portrait'>\n\t\t\t\t<a data-rel=\"iLightbox[postimages]\" data-title=\"FIESTAS INFANTIL27\" data-caption=\"\" href='https:\/\/www.realclubmaritimomelilla.es\/clmar\/miranda-felices-molina-y-jesus-samper-gonzalez-elegidos-miss-sirenita-y-mister-delfin-en-el-real-club-maritimo-de-melilla\/fiestas-infantil27\/'><img decoding=\"async\" width=\"709\" height=\"893\" src=\"https:\/\/www.realclubmaritimomelilla.es\/clmar\/wp-content\/uploads\/FIESTAS-INFANTIL27-jpg.webp\" class=\"attachment-full size-full\" alt=\"\" srcset=\"https:\/\/www.realclubmaritimomelilla.es\/clmar\/wp-content\/uploads\/FIESTAS-INFANTIL27-200x252.webp 200w, https:\/\/www.realclubmaritimomelilla.es\/clmar\/wp-content\/uploads\/FIESTAS-INFANTIL27-238x300.webp 238w, https:\/\/www.realclubmaritimomelilla.es\/clmar\/wp-content\/uploads\/FIESTAS-INFANTIL27-400x504.webp 400w, https:\/\/www.realclubmaritimomelilla.es\/clmar\/wp-content\/uploads\/FIESTAS-INFANTIL27-600x756.webp 600w, https:\/\/www.realclubmaritimomelilla.es\/clmar\/wp-content\/uploads\/FIESTAS-INFANTIL27-jpg.webp 709w\" sizes=\"(max-width: 709px) 100vw, 709px\" \/><\/a>\n\t\t\t<\/dt><\/dl><br style=\"clear: both\" \/><dl class='gallery-item'>\n\t\t\t<dt class='gallery-icon portrait'>\n\t\t\t\t<a data-rel=\"iLightbox[postimages]\" data-title=\"FIESTAS INFANTIL28\" data-caption=\"\" href='https:\/\/www.realclubmaritimomelilla.es\/clmar\/miranda-felices-molina-y-jesus-samper-gonzalez-elegidos-miss-sirenita-y-mister-delfin-en-el-real-club-maritimo-de-melilla\/fiestas-infantil28\/'><img decoding=\"async\" width=\"709\" height=\"819\" src=\"https:\/\/www.realclubmaritimomelilla.es\/clmar\/wp-content\/uploads\/FIESTAS-INFANTIL28-jpg.webp\" class=\"attachment-full size-full\" alt=\"\" srcset=\"https:\/\/www.realclubmaritimomelilla.es\/clmar\/wp-content\/uploads\/FIESTAS-INFANTIL28-200x231.webp 200w, https:\/\/www.realclubmaritimomelilla.es\/clmar\/wp-content\/uploads\/FIESTAS-INFANTIL28-260x300.webp 260w, https:\/\/www.realclubmaritimomelilla.es\/clmar\/wp-content\/uploads\/FIESTAS-INFANTIL28-400x462.webp 400w, https:\/\/www.realclubmaritimomelilla.es\/clmar\/wp-content\/uploads\/FIESTAS-INFANTIL28-600x693.webp 600w, https:\/\/www.realclubmaritimomelilla.es\/clmar\/wp-content\/uploads\/FIESTAS-INFANTIL28-jpg.webp 709w\" sizes=\"(max-width: 709px) 100vw, 709px\" \/><\/a>\n\t\t\t<\/dt><\/dl>\n\t\t\t<br style='clear: both' \/>\n\t\t<\/div>\n\n","protected":false},"excerpt":{"rendered":"<p>El Real Club Mar\u00edtimo de Melilla(RCMM), este lunes, ha elegido a sus representantes infantiles para estas Fiestas Patronales 2024. Miranda Felices Molina ha sido la elegida para lucir la banda de Miss Sirenita, mientras que Jes\u00fas Samper Gonz\u00e1lez ha recibido la banda de M\u00edster Delf\u00edn. Una fiesta infantil, en el RCMM, con m\u00e1s de cinco [&hellip;]<\/p>\n","protected":false},"author":1,"featured_media":23870,"comment_status":"open","ping_status":"open","sticky":false,"template":"","format":"standard","meta":{"_acf_changed":false,"footnotes":""},"categories":[39,40],"tags":[],"class_list":["post-23836","post","type-post","status-publish","format-standard","has-post-thumbnail","hentry","category-celebraciones","category-club"],"acf":[],"yoast_head":"<!-- This site is optimized with the Yoast SEO plugin v27.5 - https:\/\/yoast.com\/product\/yoast-seo-wordpress\/ -->\n<title>Miranda Felices Molina y Jes\u00fas Samper Gonz\u00e1lez, Miss Sirenita y M\u00edster Delf\u00edn - Real Club Mar\u00edtimo de Melilla<\/title>\n<meta name=\"description\" content=\"El Real Club Mar\u00edtimo de Melilla ha elegido a Miranda Felices Molina y Jes\u00fas Samper Gonz\u00e1lez como Miss Sirenita y M\u00edster Delf\u00edn.\" \/>\n<meta name=\"robots\" content=\"index, follow, max-snippet:-1, max-image-preview:large, max-video-preview:-1\" \/>\n<link rel=\"canonical\" href=\"https:\/\/www.realclubmaritimomelilla.es\/clmar\/miranda-felices-molina-y-jesus-samper-gonzalez-elegidos-miss-sirenita-y-mister-delfin-en-el-real-club-maritimo-de-melilla\/\" \/>\n<meta property=\"og:locale\" content=\"es_ES\" \/>\n<meta property=\"og:type\" content=\"article\" \/>\n<meta property=\"og:title\" content=\"Miranda Felices Molina y Jes\u00fas Samper Gonz\u00e1lez, Miss Sirenita y M\u00edster Delf\u00edn - Real Club Mar\u00edtimo de Melilla\" \/>\n<meta property=\"og:description\" content=\"El Real Club Mar\u00edtimo de Melilla ha elegido a Miranda Felices Molina y Jes\u00fas Samper Gonz\u00e1lez como Miss Sirenita y M\u00edster Delf\u00edn.\" \/>\n<meta property=\"og:url\" content=\"https:\/\/www.realclubmaritimomelilla.es\/clmar\/miranda-felices-molina-y-jesus-samper-gonzalez-elegidos-miss-sirenita-y-mister-delfin-en-el-real-club-maritimo-de-melilla\/\" \/>\n<meta property=\"og:site_name\" content=\"Real Club Mar\u00edtimo de Melilla\" \/>\n<meta property=\"article:publisher\" content=\"https:\/\/www.facebook.com\/Real-Club-Mar%c3%adtimo-de-Melilla-588495841234214\/\" \/>\n<meta property=\"article:published_time\" content=\"2024-09-02T18:44:18+00:00\" \/>\n<meta property=\"article:modified_time\" content=\"2024-09-03T06:59:35+00:00\" \/>\n<meta property=\"og:image\" content=\"https:\/\/www.realclubmaritimomelilla.es\/clmar\/wp-content\/uploads\/PREMIADOS-2024-jpg.webp\" \/>\n\t<meta property=\"og:image:width\" content=\"1063\" \/>\n\t<meta property=\"og:image:height\" content=\"824\" \/>\n\t<meta property=\"og:image:type\" content=\"image\/jpeg\" \/>\n<meta name=\"author\" content=\"RCMMelilla\" \/>\n<meta name=\"twitter:card\" content=\"summary_large_image\" \/>\n<meta name=\"twitter:creator\" content=\"@nauticarcmm\" \/>\n<meta name=\"twitter:site\" content=\"@nauticarcmm\" \/>\n<meta name=\"twitter:label1\" content=\"Escrito por\" \/>\n\t<meta name=\"twitter:data1\" content=\"RCMMelilla\" \/>\n\t<meta name=\"twitter:label2\" content=\"Tiempo de lectura\" \/>\n\t<meta name=\"twitter:data2\" content=\"1 minuto\" \/>\n<script type=\"application\/ld+json\" class=\"yoast-schema-graph\">{\"@context\":\"https:\\\/\\\/schema.org\",\"@graph\":[{\"@type\":\"Article\",\"@id\":\"https:\\\/\\\/www.realclubmaritimomelilla.es\\\/clmar\\\/miranda-felices-molina-y-jesus-samper-gonzalez-elegidos-miss-sirenita-y-mister-delfin-en-el-real-club-maritimo-de-melilla\\\/#article\",\"isPartOf\":{\"@id\":\"https:\\\/\\\/www.realclubmaritimomelilla.es\\\/clmar\\\/miranda-felices-molina-y-jesus-samper-gonzalez-elegidos-miss-sirenita-y-mister-delfin-en-el-real-club-maritimo-de-melilla\\\/\"},\"author\":{\"name\":\"RCMMelilla\",\"@id\":\"https:\\\/\\\/www.realclubmaritimomelilla.es\\\/clmar\\\/#\\\/schema\\\/person\\\/ebaa3713496dc6d48c872452e73a8e79\"},\"headline\":\"Miranda Felices Molina y Jes\u00fas Samper Gonz\u00e1lez, Miss Sirenita y M\u00edster Delf\u00edn\",\"datePublished\":\"2024-09-02T18:44:18+00:00\",\"dateModified\":\"2024-09-03T06:59:35+00:00\",\"mainEntityOfPage\":{\"@id\":\"https:\\\/\\\/www.realclubmaritimomelilla.es\\\/clmar\\\/miranda-felices-molina-y-jesus-samper-gonzalez-elegidos-miss-sirenita-y-mister-delfin-en-el-real-club-maritimo-de-melilla\\\/\"},\"wordCount\":174,\"commentCount\":0,\"publisher\":{\"@id\":\"https:\\\/\\\/www.realclubmaritimomelilla.es\\\/clmar\\\/#organization\"},\"image\":{\"@id\":\"https:\\\/\\\/www.realclubmaritimomelilla.es\\\/clmar\\\/miranda-felices-molina-y-jesus-samper-gonzalez-elegidos-miss-sirenita-y-mister-delfin-en-el-real-club-maritimo-de-melilla\\\/#primaryimage\"},\"thumbnailUrl\":\"https:\\\/\\\/www.realclubmaritimomelilla.es\\\/clmar\\\/wp-content\\\/uploads\\\/PREMIADOS-2024-jpg.webp\",\"articleSection\":[\"Celebraciones\",\"Club\"],\"inLanguage\":\"es\",\"potentialAction\":[{\"@type\":\"CommentAction\",\"name\":\"Comment\",\"target\":[\"https:\\\/\\\/www.realclubmaritimomelilla.es\\\/clmar\\\/miranda-felices-molina-y-jesus-samper-gonzalez-elegidos-miss-sirenita-y-mister-delfin-en-el-real-club-maritimo-de-melilla\\\/#respond\"]}]},{\"@type\":\"WebPage\",\"@id\":\"https:\\\/\\\/www.realclubmaritimomelilla.es\\\/clmar\\\/miranda-felices-molina-y-jesus-samper-gonzalez-elegidos-miss-sirenita-y-mister-delfin-en-el-real-club-maritimo-de-melilla\\\/\",\"url\":\"https:\\\/\\\/www.realclubmaritimomelilla.es\\\/clmar\\\/miranda-felices-molina-y-jesus-samper-gonzalez-elegidos-miss-sirenita-y-mister-delfin-en-el-real-club-maritimo-de-melilla\\\/\",\"name\":\"Miranda Felices Molina y Jes\u00fas Samper Gonz\u00e1lez, Miss Sirenita y M\u00edster Delf\u00edn - Real Club Mar\u00edtimo de Melilla\",\"isPartOf\":{\"@id\":\"https:\\\/\\\/www.realclubmaritimomelilla.es\\\/clmar\\\/#website\"},\"primaryImageOfPage\":{\"@id\":\"https:\\\/\\\/www.realclubmaritimomelilla.es\\\/clmar\\\/miranda-felices-molina-y-jesus-samper-gonzalez-elegidos-miss-sirenita-y-mister-delfin-en-el-real-club-maritimo-de-melilla\\\/#primaryimage\"},\"image\":{\"@id\":\"https:\\\/\\\/www.realclubmaritimomelilla.es\\\/clmar\\\/miranda-felices-molina-y-jesus-samper-gonzalez-elegidos-miss-sirenita-y-mister-delfin-en-el-real-club-maritimo-de-melilla\\\/#primaryimage\"},\"thumbnailUrl\":\"https:\\\/\\\/www.realclubmaritimomelilla.es\\\/clmar\\\/wp-content\\\/uploads\\\/PREMIADOS-2024-jpg.webp\",\"datePublished\":\"2024-09-02T18:44:18+00:00\",\"dateModified\":\"2024-09-03T06:59:35+00:00\",\"description\":\"El Real Club Mar\u00edtimo de Melilla ha elegido a Miranda Felices Molina y Jes\u00fas Samper Gonz\u00e1lez como Miss Sirenita y M\u00edster Delf\u00edn.\",\"breadcrumb\":{\"@id\":\"https:\\\/\\\/www.realclubmaritimomelilla.es\\\/clmar\\\/miranda-felices-molina-y-jesus-samper-gonzalez-elegidos-miss-sirenita-y-mister-delfin-en-el-real-club-maritimo-de-melilla\\\/#breadcrumb\"},\"inLanguage\":\"es\",\"potentialAction\":[{\"@type\":\"ReadAction\",\"target\":[\"https:\\\/\\\/www.realclubmaritimomelilla.es\\\/clmar\\\/miranda-felices-molina-y-jesus-samper-gonzalez-elegidos-miss-sirenita-y-mister-delfin-en-el-real-club-maritimo-de-melilla\\\/\"]}]},{\"@type\":\"ImageObject\",\"inLanguage\":\"es\",\"@id\":\"https:\\\/\\\/www.realclubmaritimomelilla.es\\\/clmar\\\/miranda-felices-molina-y-jesus-samper-gonzalez-elegidos-miss-sirenita-y-mister-delfin-en-el-real-club-maritimo-de-melilla\\\/#primaryimage\",\"url\":\"https:\\\/\\\/www.realclubmaritimomelilla.es\\\/clmar\\\/wp-content\\\/uploads\\\/PREMIADOS-2024-jpg.webp\",\"contentUrl\":\"https:\\\/\\\/www.realclubmaritimomelilla.es\\\/clmar\\\/wp-content\\\/uploads\\\/PREMIADOS-2024-jpg.webp\",\"width\":1063,\"height\":824},{\"@type\":\"BreadcrumbList\",\"@id\":\"https:\\\/\\\/www.realclubmaritimomelilla.es\\\/clmar\\\/miranda-felices-molina-y-jesus-samper-gonzalez-elegidos-miss-sirenita-y-mister-delfin-en-el-real-club-maritimo-de-melilla\\\/#breadcrumb\",\"itemListElement\":[{\"@type\":\"ListItem\",\"position\":1,\"name\":\"Portada\",\"item\":\"https:\\\/\\\/www.realclubmaritimomelilla.es\\\/clmar\\\/\"},{\"@type\":\"ListItem\",\"position\":2,\"name\":\"Miranda Felices Molina y Jes\u00fas Samper Gonz\u00e1lez, Miss Sirenita y M\u00edster Delf\u00edn\"}]},{\"@type\":\"WebSite\",\"@id\":\"https:\\\/\\\/www.realclubmaritimomelilla.es\\\/clmar\\\/#website\",\"url\":\"https:\\\/\\\/www.realclubmaritimomelilla.es\\\/clmar\\\/\",\"name\":\"Real Club Mar\u00edtimo de Melilla\",\"description\":\"RCMM\",\"publisher\":{\"@id\":\"https:\\\/\\\/www.realclubmaritimomelilla.es\\\/clmar\\\/#organization\"},\"alternateName\":\"RCMM\",\"potentialAction\":[{\"@type\":\"SearchAction\",\"target\":{\"@type\":\"EntryPoint\",\"urlTemplate\":\"https:\\\/\\\/www.realclubmaritimomelilla.es\\\/clmar\\\/?s={search_term_string}\"},\"query-input\":{\"@type\":\"PropertyValueSpecification\",\"valueRequired\":true,\"valueName\":\"search_term_string\"}}],\"inLanguage\":\"es\"},{\"@type\":\"Organization\",\"@id\":\"https:\\\/\\\/www.realclubmaritimomelilla.es\\\/clmar\\\/#organization\",\"name\":\"Real Club Mar\u00edtimo de Melilla\",\"alternateName\":\"RCMM\",\"url\":\"https:\\\/\\\/www.realclubmaritimomelilla.es\\\/clmar\\\/\",\"logo\":{\"@type\":\"ImageObject\",\"inLanguage\":\"es\",\"@id\":\"https:\\\/\\\/www.realclubmaritimomelilla.es\\\/clmar\\\/#\\\/schema\\\/logo\\\/image\\\/\",\"url\":\"https:\\\/\\\/www.realclubmaritimomelilla.es\\\/clmar\\\/wp-content\\\/uploads\\\/logo-club-original-copia.jpg\",\"contentUrl\":\"https:\\\/\\\/www.realclubmaritimomelilla.es\\\/clmar\\\/wp-content\\\/uploads\\\/logo-club-original-copia.jpg\",\"width\":128,\"height\":89,\"caption\":\"Real Club Mar\u00edtimo de Melilla\"},\"image\":{\"@id\":\"https:\\\/\\\/www.realclubmaritimomelilla.es\\\/clmar\\\/#\\\/schema\\\/logo\\\/image\\\/\"},\"sameAs\":[\"https:\\\/\\\/www.facebook.com\\\/Real-Club-Mar\u00edtimo-de-Melilla-588495841234214\\\/\",\"https:\\\/\\\/x.com\\\/nauticarcmm\",\"https:\\\/\\\/www.instagram.com\\\/club_maritimo_melilla\\\/\",\"https:\\\/\\\/www.youtube.com\\\/@realclubmaritimodemelilla4703\",\"https:\\\/\\\/es.wikipedia.org\\\/wiki\\\/Real_Club_Mar\u00edtimo_de_Melilla\"]},{\"@type\":\"Person\",\"@id\":\"https:\\\/\\\/www.realclubmaritimomelilla.es\\\/clmar\\\/#\\\/schema\\\/person\\\/ebaa3713496dc6d48c872452e73a8e79\",\"name\":\"RCMMelilla\",\"image\":{\"@type\":\"ImageObject\",\"inLanguage\":\"es\",\"@id\":\"https:\\\/\\\/secure.gravatar.com\\\/avatar\\\/df1c24789360fb9308735c4ee556fc2bc5bf924bf01e53043b8b97ba272da33c?s=96&d=mm&r=g\",\"url\":\"https:\\\/\\\/secure.gravatar.com\\\/avatar\\\/df1c24789360fb9308735c4ee556fc2bc5bf924bf01e53043b8b97ba272da33c?s=96&d=mm&r=g\",\"contentUrl\":\"https:\\\/\\\/secure.gravatar.com\\\/avatar\\\/df1c24789360fb9308735c4ee556fc2bc5bf924bf01e53043b8b97ba272da33c?s=96&d=mm&r=g\",\"caption\":\"RCMMelilla\"}}]}<\/script>\n<!-- \/ Yoast SEO plugin. -->","yoast_head_json":{"title":"Miranda Felices Molina y Jes\u00fas Samper Gonz\u00e1lez, Miss Sirenita y M\u00edster Delf\u00edn - Real Club Mar\u00edtimo de Melilla","description":"El Real Club Mar\u00edtimo de Melilla ha elegido a Miranda Felices Molina y Jes\u00fas Samper Gonz\u00e1lez como Miss Sirenita y M\u00edster Delf\u00edn.","robots":{"index":"index","follow":"follow","max-snippet":"max-snippet:-1","max-image-preview":"max-image-preview:large","max-video-preview":"max-video-preview:-1"},"canonical":"https:\/\/www.realclubmaritimomelilla.es\/clmar\/miranda-felices-molina-y-jesus-samper-gonzalez-elegidos-miss-sirenita-y-mister-delfin-en-el-real-club-maritimo-de-melilla\/","og_locale":"es_ES","og_type":"article","og_title":"Miranda Felices Molina y Jes\u00fas Samper Gonz\u00e1lez, Miss Sirenita y M\u00edster Delf\u00edn - Real Club Mar\u00edtimo de Melilla","og_description":"El Real Club Mar\u00edtimo de Melilla ha elegido a Miranda Felices Molina y Jes\u00fas Samper Gonz\u00e1lez como Miss Sirenita y M\u00edster Delf\u00edn.","og_url":"https:\/\/www.realclubmaritimomelilla.es\/clmar\/miranda-felices-molina-y-jesus-samper-gonzalez-elegidos-miss-sirenita-y-mister-delfin-en-el-real-club-maritimo-de-melilla\/","og_site_name":"Real Club Mar\u00edtimo de Melilla","article_publisher":"https:\/\/www.facebook.com\/Real-Club-Mar%c3%adtimo-de-Melilla-588495841234214\/","article_published_time":"2024-09-02T18:44:18+00:00","article_modified_time":"2024-09-03T06:59:35+00:00","og_image":[{"width":1063,"height":824,"url":"https:\/\/www.realclubmaritimomelilla.es\/clmar\/wp-content\/uploads\/PREMIADOS-2024-jpg.webp","type":"image\/jpeg"}],"author":"RCMMelilla","twitter_card":"summary_large_image","twitter_creator":"@nauticarcmm","twitter_site":"@nauticarcmm","twitter_misc":{"Escrito por":"RCMMelilla","Tiempo de lectura":"1 minuto"},"schema":{"@context":"https:\/\/schema.org","@graph":[{"@type":"Article","@id":"https:\/\/www.realclubmaritimomelilla.es\/clmar\/miranda-felices-molina-y-jesus-samper-gonzalez-elegidos-miss-sirenita-y-mister-delfin-en-el-real-club-maritimo-de-melilla\/#article","isPartOf":{"@id":"https:\/\/www.realclubmaritimomelilla.es\/clmar\/miranda-felices-molina-y-jesus-samper-gonzalez-elegidos-miss-sirenita-y-mister-delfin-en-el-real-club-maritimo-de-melilla\/"},"author":{"name":"RCMMelilla","@id":"https:\/\/www.realclubmaritimomelilla.es\/clmar\/#\/schema\/person\/ebaa3713496dc6d48c872452e73a8e79"},"headline":"Miranda Felices Molina y Jes\u00fas Samper Gonz\u00e1lez, Miss Sirenita y M\u00edster Delf\u00edn","datePublished":"2024-09-02T18:44:18+00:00","dateModified":"2024-09-03T06:59:35+00:00","mainEntityOfPage":{"@id":"https:\/\/www.realclubmaritimomelilla.es\/clmar\/miranda-felices-molina-y-jesus-samper-gonzalez-elegidos-miss-sirenita-y-mister-delfin-en-el-real-club-maritimo-de-melilla\/"},"wordCount":174,"commentCount":0,"publisher":{"@id":"https:\/\/www.realclubmaritimomelilla.es\/clmar\/#organization"},"image":{"@id":"https:\/\/www.realclubmaritimomelilla.es\/clmar\/miranda-felices-molina-y-jesus-samper-gonzalez-elegidos-miss-sirenita-y-mister-delfin-en-el-real-club-maritimo-de-melilla\/#primaryimage"},"thumbnailUrl":"https:\/\/www.realclubmaritimomelilla.es\/clmar\/wp-content\/uploads\/PREMIADOS-2024-jpg.webp","articleSection":["Celebraciones","Club"],"inLanguage":"es","potentialAction":[{"@type":"CommentAction","name":"Comment","target":["https:\/\/www.realclubmaritimomelilla.es\/clmar\/miranda-felices-molina-y-jesus-samper-gonzalez-elegidos-miss-sirenita-y-mister-delfin-en-el-real-club-maritimo-de-melilla\/#respond"]}]},{"@type":"WebPage","@id":"https:\/\/www.realclubmaritimomelilla.es\/clmar\/miranda-felices-molina-y-jesus-samper-gonzalez-elegidos-miss-sirenita-y-mister-delfin-en-el-real-club-maritimo-de-melilla\/","url":"https:\/\/www.realclubmaritimomelilla.es\/clmar\/miranda-felices-molina-y-jesus-samper-gonzalez-elegidos-miss-sirenita-y-mister-delfin-en-el-real-club-maritimo-de-melilla\/","name":"Miranda Felices Molina y Jes\u00fas Samper Gonz\u00e1lez, Miss Sirenita y M\u00edster Delf\u00edn - Real Club Mar\u00edtimo de Melilla","isPartOf":{"@id":"https:\/\/www.realclubmaritimomelilla.es\/clmar\/#website"},"primaryImageOfPage":{"@id":"https:\/\/www.realclubmaritimomelilla.es\/clmar\/miranda-felices-molina-y-jesus-samper-gonzalez-elegidos-miss-sirenita-y-mister-delfin-en-el-real-club-maritimo-de-melilla\/#primaryimage"},"image":{"@id":"https:\/\/www.realclubmaritimomelilla.es\/clmar\/miranda-felices-molina-y-jesus-samper-gonzalez-elegidos-miss-sirenita-y-mister-delfin-en-el-real-club-maritimo-de-melilla\/#primaryimage"},"thumbnailUrl":"https:\/\/www.realclubmaritimomelilla.es\/clmar\/wp-content\/uploads\/PREMIADOS-2024-jpg.webp","datePublished":"2024-09-02T18:44:18+00:00","dateModified":"2024-09-03T06:59:35+00:00","description":"El Real Club Mar\u00edtimo de Melilla ha elegido a Miranda Felices Molina y Jes\u00fas Samper Gonz\u00e1lez como Miss Sirenita y M\u00edster Delf\u00edn.","breadcrumb":{"@id":"https:\/\/www.realclubmaritimomelilla.es\/clmar\/miranda-felices-molina-y-jesus-samper-gonzalez-elegidos-miss-sirenita-y-mister-delfin-en-el-real-club-maritimo-de-melilla\/#breadcrumb"},"inLanguage":"es","potentialAction":[{"@type":"ReadAction","target":["https:\/\/www.realclubmaritimomelilla.es\/clmar\/miranda-felices-molina-y-jesus-samper-gonzalez-elegidos-miss-sirenita-y-mister-delfin-en-el-real-club-maritimo-de-melilla\/"]}]},{"@type":"ImageObject","inLanguage":"es","@id":"https:\/\/www.realclubmaritimomelilla.es\/clmar\/miranda-felices-molina-y-jesus-samper-gonzalez-elegidos-miss-sirenita-y-mister-delfin-en-el-real-club-maritimo-de-melilla\/#primaryimage","url":"https:\/\/www.realclubmaritimomelilla.es\/clmar\/wp-content\/uploads\/PREMIADOS-2024-jpg.webp","contentUrl":"https:\/\/www.realclubmaritimomelilla.es\/clmar\/wp-content\/uploads\/PREMIADOS-2024-jpg.webp","width":1063,"height":824},{"@type":"BreadcrumbList","@id":"https:\/\/www.realclubmaritimomelilla.es\/clmar\/miranda-felices-molina-y-jesus-samper-gonzalez-elegidos-miss-sirenita-y-mister-delfin-en-el-real-club-maritimo-de-melilla\/#breadcrumb","itemListElement":[{"@type":"ListItem","position":1,"name":"Portada","item":"https:\/\/www.realclubmaritimomelilla.es\/clmar\/"},{"@type":"ListItem","position":2,"name":"Miranda Felices Molina y Jes\u00fas Samper Gonz\u00e1lez, Miss Sirenita y M\u00edster Delf\u00edn"}]},{"@type":"WebSite","@id":"https:\/\/www.realclubmaritimomelilla.es\/clmar\/#website","url":"https:\/\/www.realclubmaritimomelilla.es\/clmar\/","name":"Real Club Mar\u00edtimo de Melilla","description":"RCMM","publisher":{"@id":"https:\/\/www.realclubmaritimomelilla.es\/clmar\/#organization"},"alternateName":"RCMM","potentialAction":[{"@type":"SearchAction","target":{"@type":"EntryPoint","urlTemplate":"https:\/\/www.realclubmaritimomelilla.es\/clmar\/?s={search_term_string}"},"query-input":{"@type":"PropertyValueSpecification","valueRequired":true,"valueName":"search_term_string"}}],"inLanguage":"es"},{"@type":"Organization","@id":"https:\/\/www.realclubmaritimomelilla.es\/clmar\/#organization","name":"Real Club Mar\u00edtimo de Melilla","alternateName":"RCMM","url":"https:\/\/www.realclubmaritimomelilla.es\/clmar\/","logo":{"@type":"ImageObject","inLanguage":"es","@id":"https:\/\/www.realclubmaritimomelilla.es\/clmar\/#\/schema\/logo\/image\/","url":"https:\/\/www.realclubmaritimomelilla.es\/clmar\/wp-content\/uploads\/logo-club-original-copia.jpg","contentUrl":"https:\/\/www.realclubmaritimomelilla.es\/clmar\/wp-content\/uploads\/logo-club-original-copia.jpg","width":128,"height":89,"caption":"Real Club Mar\u00edtimo de Melilla"},"image":{"@id":"https:\/\/www.realclubmaritimomelilla.es\/clmar\/#\/schema\/logo\/image\/"},"sameAs":["https:\/\/www.facebook.com\/Real-Club-Mar\u00edtimo-de-Melilla-588495841234214\/","https:\/\/x.com\/nauticarcmm","https:\/\/www.instagram.com\/club_maritimo_melilla\/","https:\/\/www.youtube.com\/@realclubmaritimodemelilla4703","https:\/\/es.wikipedia.org\/wiki\/Real_Club_Mar\u00edtimo_de_Melilla"]},{"@type":"Person","@id":"https:\/\/www.realclubmaritimomelilla.es\/clmar\/#\/schema\/person\/ebaa3713496dc6d48c872452e73a8e79","name":"RCMMelilla","image":{"@type":"ImageObject","inLanguage":"es","@id":"https:\/\/secure.gravatar.com\/avatar\/df1c24789360fb9308735c4ee556fc2bc5bf924bf01e53043b8b97ba272da33c?s=96&d=mm&r=g","url":"https:\/\/secure.gravatar.com\/avatar\/df1c24789360fb9308735c4ee556fc2bc5bf924bf01e53043b8b97ba272da33c?s=96&d=mm&r=g","contentUrl":"https:\/\/secure.gravatar.com\/avatar\/df1c24789360fb9308735c4ee556fc2bc5bf924bf01e53043b8b97ba272da33c?s=96&d=mm&r=g","caption":"RCMMelilla"}}]}},"_links":{"self":[{"href":"https:\/\/www.realclubmaritimomelilla.es\/clmar\/wp-json\/wp\/v2\/posts\/23836","targetHints":{"allow":["GET"]}}],"collection":[{"href":"https:\/\/www.realclubmaritimomelilla.es\/clmar\/wp-json\/wp\/v2\/posts"}],"about":[{"href":"https:\/\/www.realclubmaritimomelilla.es\/clmar\/wp-json\/wp\/v2\/types\/post"}],"author":[{"embeddable":true,"href":"https:\/\/www.realclubmaritimomelilla.es\/clmar\/wp-json\/wp\/v2\/users\/1"}],"replies":[{"embeddable":true,"href":"https:\/\/www.realclubmaritimomelilla.es\/clmar\/wp-json\/wp\/v2\/comments?post=23836"}],"version-history":[{"count":4,"href":"https:\/\/www.realclubmaritimomelilla.es\/clmar\/wp-json\/wp\/v2\/posts\/23836\/revisions"}],"predecessor-version":[{"id":23874,"href":"https:\/\/www.realclubmaritimomelilla.es\/clmar\/wp-json\/wp\/v2\/posts\/23836\/revisions\/23874"}],"wp:featuredmedia":[{"embeddable":true,"href":"https:\/\/www.realclubmaritimomelilla.es\/clmar\/wp-json\/wp\/v2\/media\/23870"}],"wp:attachment":[{"href":"https:\/\/www.realclubmaritimomelilla.es\/clmar\/wp-json\/wp\/v2\/media?parent=23836"}],"wp:term":[{"taxonomy":"category","embeddable":true,"href":"https:\/\/www.realclubmaritimomelilla.es\/clmar\/wp-json\/wp\/v2\/categories?post=23836"},{"taxonomy":"post_tag","embeddable":true,"href":"https:\/\/www.realclubmaritimomelilla.es\/clmar\/wp-json\/wp\/v2\/tags?post=23836"}],"curies":[{"name":"wp","href":"https:\/\/api.w.org\/{rel}","templated":true}]}}