{"id":23822,"date":"2024-09-01T14:03:06","date_gmt":"2024-09-01T12:03:06","guid":{"rendered":"https:\/\/www.realclubmaritimomelilla.es\/clmar\/?p=23822"},"modified":"2024-09-02T08:58:47","modified_gmt":"2024-09-02T06:58:47","slug":"el-real-club-maritimo-de-melilla-organiza-las-regatas-de-feria","status":"publish","type":"post","link":"https:\/\/www.realclubmaritimomelilla.es\/clmar\/el-real-club-maritimo-de-melilla-organiza-las-regatas-de-feria\/","title":{"rendered":"El Real Club Mar\u00edtimo de Melilla organiza las Regatas de Feria"},"content":{"rendered":"<p>\u2018CIUDAD DE MELILLA\u2019 GANA LA REGATA DE CRUCERO<\/p>\n<p>DURANTE TODA LA SEMANA SU SUCEDER\u00c1 LA COMPETICI\u00d3N DE VELA LIGERA<\/p>\n<p>La competici\u00f3n n\u00e1utica regresa a la ciudad de Melilla de la mano del Real Club Mar\u00edtimo de Melilla(RCMM) y las Regatas de Feria 2024. Durante esta semana se disputar\u00e1 la competici\u00f3n de vela ligera, mientras que la clase crucero ya tiene campe\u00f3n, en una de las citas m\u00e1s importantes para la vela local.<br \/>\nDespu\u00e9s de organizar el Trofeo Virgen del Carmen, el Campeonato de Europa de Snipe femenino y el IV Trofeo Club Mar\u00edtimo \u2013 Melilla Ciudad del Deporte, el RCMM regresa a la primera l\u00ednea de la n\u00e1utica melillense, con la celebraci\u00f3n de las tradicionales regatas con motivo de las fiestas patronales en nuestra ciudad.<br \/>\nEl \u2018Ciudad de Melilla\u2019 se ha proclamado campe\u00f3n de la clase crucero. La competici\u00f3n tuvo lugar este pasado s\u00e1bado, con la disputa de una manga entre boyas (barlovento-sotavento) de 5\u20192 millas de distancia total.<br \/>\nTres tripulaciones del RCMM acudieron a la cita. En este caso, el Comit\u00e9 de Regata dio la salida al 020\u00ba con una intensidad media de 8 nudos, pero durante el segundo bast\u00f3n se tuvo que modificar al 010\u00ba.<br \/>\nEl \u2018Ciudad de Melilla\u2019 tom\u00f3 ventaja tras la primera baliza y complet\u00f3 todo el recorrido en menos de una hora. La l\u00ednea de meta, segundo fue \u2018Olivita\u2019 a m\u00e1s de quince minutos,, que en compensado quedar\u00eda a poco m\u00e1s de minuto y medio. Mientras que \u2018Kelaya\u2019 termin\u00f3 tercero a casi veinte minutos en tiempo corregido del vencedor.<br \/>\nLa tripulaci\u00f3n dirigida por Jos\u00e9 Luis P\u00e9rez se alz\u00f3, por tanto, con la victoria en este Trofeo de Feria 2024.<\/p>\n<p>REGATAS DE VELA LIGERA<br \/>\nMientras que, este lunes comienza la competici\u00f3n para las flotas de optimist, techno 293, Ilca e IQFoil. Hasta el mi\u00e9rcoles se decidir\u00e1 el t\u00edtulo en estas cuatro clases.<br \/>\nMientras para el jueves y viernes, la flota de snipe est\u00e1 citada en el campo de regatas para dilucidar el nuevo campe\u00f3n de la clase.<br \/>\nEl pr\u00f3ximo 7 de septiembre se proceder\u00e1 a la clausura de todas las actividades organizadas en el Club Mar\u00edtimo con motivo de la Feria 2024, con la entrega de trofeos en la agenda deportiva y de ocio programada por la entidad para estas Fiestas Patronales en las que tambi\u00e9n se ha incluido pesca o juegos de mesa.<\/p>\n","protected":false},"excerpt":{"rendered":"<p>\u2018CIUDAD DE MELILLA\u2019 GANA LA REGATA DE CRUCERO DURANTE TODA LA SEMANA SU SUCEDER\u00c1 LA COMPETICI\u00d3N DE VELA LIGERA La competici\u00f3n n\u00e1utica regresa a la ciudad de Melilla de la mano del Real Club Mar\u00edtimo de Melilla(RCMM) y las Regatas de Feria 2024. Durante esta semana se disputar\u00e1 la competici\u00f3n de vela ligera, mientras que [&hellip;]<\/p>\n","protected":false},"author":1,"featured_media":23823,"comment_status":"open","ping_status":"open","sticky":false,"template":"","format":"standard","meta":{"_acf_changed":false,"footnotes":""},"categories":[38],"tags":[],"class_list":["post-23822","post","type-post","status-publish","format-standard","has-post-thumbnail","hentry","category-nautica"],"acf":[],"yoast_head":"<!-- This site is optimized with the Yoast SEO plugin v27.5 - https:\/\/yoast.com\/product\/yoast-seo-wordpress\/ -->\n<title>El Real Club Mar\u00edtimo de Melilla organiza las Regatas de Feria - Real Club Mar\u00edtimo de Melilla<\/title>\n<meta name=\"description\" content=\"La competici\u00f3n n\u00e1utica regresa a la ciudad de Melilla de la mano del Real Club Mar\u00edtimo de Melilla(RCMM) y las Regatas de Feria 2024.\" \/>\n<meta name=\"robots\" content=\"index, follow, max-snippet:-1, max-image-preview:large, max-video-preview:-1\" \/>\n<link rel=\"canonical\" href=\"https:\/\/www.realclubmaritimomelilla.es\/clmar\/el-real-club-maritimo-de-melilla-organiza-las-regatas-de-feria\/\" \/>\n<meta property=\"og:locale\" content=\"es_ES\" \/>\n<meta property=\"og:type\" content=\"article\" \/>\n<meta property=\"og:title\" content=\"El Real Club Mar\u00edtimo de Melilla organiza las Regatas de Feria - Real Club Mar\u00edtimo de Melilla\" \/>\n<meta property=\"og:description\" content=\"La competici\u00f3n n\u00e1utica regresa a la ciudad de Melilla de la mano del Real Club Mar\u00edtimo de Melilla(RCMM) y las Regatas de Feria 2024.\" \/>\n<meta property=\"og:url\" content=\"https:\/\/www.realclubmaritimomelilla.es\/clmar\/el-real-club-maritimo-de-melilla-organiza-las-regatas-de-feria\/\" \/>\n<meta property=\"og:site_name\" content=\"Real Club Mar\u00edtimo de Melilla\" \/>\n<meta property=\"article:publisher\" content=\"https:\/\/www.facebook.com\/Real-Club-Mar%c3%adtimo-de-Melilla-588495841234214\/\" \/>\n<meta property=\"article:published_time\" content=\"2024-09-01T12:03:06+00:00\" \/>\n<meta property=\"article:modified_time\" content=\"2024-09-02T06:58:47+00:00\" \/>\n<meta property=\"og:image\" content=\"https:\/\/www.realclubmaritimomelilla.es\/clmar\/wp-content\/uploads\/PHOTO-2024-08-31-16-01-03-jpg.webp\" \/>\n\t<meta property=\"og:image:width\" content=\"2048\" \/>\n\t<meta property=\"og:image:height\" content=\"1536\" \/>\n\t<meta property=\"og:image:type\" content=\"image\/jpeg\" \/>\n<meta name=\"author\" content=\"RCMMelilla\" \/>\n<meta name=\"twitter:card\" content=\"summary_large_image\" \/>\n<meta name=\"twitter:creator\" content=\"@nauticarcmm\" \/>\n<meta name=\"twitter:site\" content=\"@nauticarcmm\" \/>\n<meta name=\"twitter:label1\" content=\"Escrito por\" \/>\n\t<meta name=\"twitter:data1\" content=\"RCMMelilla\" \/>\n\t<meta name=\"twitter:label2\" content=\"Tiempo de lectura\" \/>\n\t<meta name=\"twitter:data2\" content=\"2 minutos\" \/>\n<script type=\"application\/ld+json\" class=\"yoast-schema-graph\">{\"@context\":\"https:\\\/\\\/schema.org\",\"@graph\":[{\"@type\":\"Article\",\"@id\":\"https:\\\/\\\/www.realclubmaritimomelilla.es\\\/clmar\\\/el-real-club-maritimo-de-melilla-organiza-las-regatas-de-feria\\\/#article\",\"isPartOf\":{\"@id\":\"https:\\\/\\\/www.realclubmaritimomelilla.es\\\/clmar\\\/el-real-club-maritimo-de-melilla-organiza-las-regatas-de-feria\\\/\"},\"author\":{\"name\":\"RCMMelilla\",\"@id\":\"https:\\\/\\\/www.realclubmaritimomelilla.es\\\/clmar\\\/#\\\/schema\\\/person\\\/ebaa3713496dc6d48c872452e73a8e79\"},\"headline\":\"El Real Club Mar\u00edtimo de Melilla organiza las Regatas de Feria\",\"datePublished\":\"2024-09-01T12:03:06+00:00\",\"dateModified\":\"2024-09-02T06:58:47+00:00\",\"mainEntityOfPage\":{\"@id\":\"https:\\\/\\\/www.realclubmaritimomelilla.es\\\/clmar\\\/el-real-club-maritimo-de-melilla-organiza-las-regatas-de-feria\\\/\"},\"wordCount\":420,\"commentCount\":0,\"publisher\":{\"@id\":\"https:\\\/\\\/www.realclubmaritimomelilla.es\\\/clmar\\\/#organization\"},\"image\":{\"@id\":\"https:\\\/\\\/www.realclubmaritimomelilla.es\\\/clmar\\\/el-real-club-maritimo-de-melilla-organiza-las-regatas-de-feria\\\/#primaryimage\"},\"thumbnailUrl\":\"https:\\\/\\\/www.realclubmaritimomelilla.es\\\/clmar\\\/wp-content\\\/uploads\\\/PHOTO-2024-08-31-16-01-03-jpg.webp\",\"articleSection\":[\"N\u00e1utica\"],\"inLanguage\":\"es\",\"potentialAction\":[{\"@type\":\"CommentAction\",\"name\":\"Comment\",\"target\":[\"https:\\\/\\\/www.realclubmaritimomelilla.es\\\/clmar\\\/el-real-club-maritimo-de-melilla-organiza-las-regatas-de-feria\\\/#respond\"]}]},{\"@type\":\"WebPage\",\"@id\":\"https:\\\/\\\/www.realclubmaritimomelilla.es\\\/clmar\\\/el-real-club-maritimo-de-melilla-organiza-las-regatas-de-feria\\\/\",\"url\":\"https:\\\/\\\/www.realclubmaritimomelilla.es\\\/clmar\\\/el-real-club-maritimo-de-melilla-organiza-las-regatas-de-feria\\\/\",\"name\":\"El Real Club Mar\u00edtimo de Melilla organiza las Regatas de Feria - Real Club Mar\u00edtimo de Melilla\",\"isPartOf\":{\"@id\":\"https:\\\/\\\/www.realclubmaritimomelilla.es\\\/clmar\\\/#website\"},\"primaryImageOfPage\":{\"@id\":\"https:\\\/\\\/www.realclubmaritimomelilla.es\\\/clmar\\\/el-real-club-maritimo-de-melilla-organiza-las-regatas-de-feria\\\/#primaryimage\"},\"image\":{\"@id\":\"https:\\\/\\\/www.realclubmaritimomelilla.es\\\/clmar\\\/el-real-club-maritimo-de-melilla-organiza-las-regatas-de-feria\\\/#primaryimage\"},\"thumbnailUrl\":\"https:\\\/\\\/www.realclubmaritimomelilla.es\\\/clmar\\\/wp-content\\\/uploads\\\/PHOTO-2024-08-31-16-01-03-jpg.webp\",\"datePublished\":\"2024-09-01T12:03:06+00:00\",\"dateModified\":\"2024-09-02T06:58:47+00:00\",\"description\":\"La competici\u00f3n n\u00e1utica regresa a la ciudad de Melilla de la mano del Real Club Mar\u00edtimo de Melilla(RCMM) y las Regatas de Feria 2024.\",\"breadcrumb\":{\"@id\":\"https:\\\/\\\/www.realclubmaritimomelilla.es\\\/clmar\\\/el-real-club-maritimo-de-melilla-organiza-las-regatas-de-feria\\\/#breadcrumb\"},\"inLanguage\":\"es\",\"potentialAction\":[{\"@type\":\"ReadAction\",\"target\":[\"https:\\\/\\\/www.realclubmaritimomelilla.es\\\/clmar\\\/el-real-club-maritimo-de-melilla-organiza-las-regatas-de-feria\\\/\"]}]},{\"@type\":\"ImageObject\",\"inLanguage\":\"es\",\"@id\":\"https:\\\/\\\/www.realclubmaritimomelilla.es\\\/clmar\\\/el-real-club-maritimo-de-melilla-organiza-las-regatas-de-feria\\\/#primaryimage\",\"url\":\"https:\\\/\\\/www.realclubmaritimomelilla.es\\\/clmar\\\/wp-content\\\/uploads\\\/PHOTO-2024-08-31-16-01-03-jpg.webp\",\"contentUrl\":\"https:\\\/\\\/www.realclubmaritimomelilla.es\\\/clmar\\\/wp-content\\\/uploads\\\/PHOTO-2024-08-31-16-01-03-jpg.webp\",\"width\":2048,\"height\":1536},{\"@type\":\"BreadcrumbList\",\"@id\":\"https:\\\/\\\/www.realclubmaritimomelilla.es\\\/clmar\\\/el-real-club-maritimo-de-melilla-organiza-las-regatas-de-feria\\\/#breadcrumb\",\"itemListElement\":[{\"@type\":\"ListItem\",\"position\":1,\"name\":\"Portada\",\"item\":\"https:\\\/\\\/www.realclubmaritimomelilla.es\\\/clmar\\\/\"},{\"@type\":\"ListItem\",\"position\":2,\"name\":\"El Real Club Mar\u00edtimo de Melilla organiza las Regatas de Feria\"}]},{\"@type\":\"WebSite\",\"@id\":\"https:\\\/\\\/www.realclubmaritimomelilla.es\\\/clmar\\\/#website\",\"url\":\"https:\\\/\\\/www.realclubmaritimomelilla.es\\\/clmar\\\/\",\"name\":\"Real Club Mar\u00edtimo de Melilla\",\"description\":\"RCMM\",\"publisher\":{\"@id\":\"https:\\\/\\\/www.realclubmaritimomelilla.es\\\/clmar\\\/#organization\"},\"alternateName\":\"RCMM\",\"potentialAction\":[{\"@type\":\"SearchAction\",\"target\":{\"@type\":\"EntryPoint\",\"urlTemplate\":\"https:\\\/\\\/www.realclubmaritimomelilla.es\\\/clmar\\\/?s={search_term_string}\"},\"query-input\":{\"@type\":\"PropertyValueSpecification\",\"valueRequired\":true,\"valueName\":\"search_term_string\"}}],\"inLanguage\":\"es\"},{\"@type\":\"Organization\",\"@id\":\"https:\\\/\\\/www.realclubmaritimomelilla.es\\\/clmar\\\/#organization\",\"name\":\"Real Club Mar\u00edtimo de Melilla\",\"alternateName\":\"RCMM\",\"url\":\"https:\\\/\\\/www.realclubmaritimomelilla.es\\\/clmar\\\/\",\"logo\":{\"@type\":\"ImageObject\",\"inLanguage\":\"es\",\"@id\":\"https:\\\/\\\/www.realclubmaritimomelilla.es\\\/clmar\\\/#\\\/schema\\\/logo\\\/image\\\/\",\"url\":\"https:\\\/\\\/www.realclubmaritimomelilla.es\\\/clmar\\\/wp-content\\\/uploads\\\/logo-club-original-copia.jpg\",\"contentUrl\":\"https:\\\/\\\/www.realclubmaritimomelilla.es\\\/clmar\\\/wp-content\\\/uploads\\\/logo-club-original-copia.jpg\",\"width\":128,\"height\":89,\"caption\":\"Real Club Mar\u00edtimo de Melilla\"},\"image\":{\"@id\":\"https:\\\/\\\/www.realclubmaritimomelilla.es\\\/clmar\\\/#\\\/schema\\\/logo\\\/image\\\/\"},\"sameAs\":[\"https:\\\/\\\/www.facebook.com\\\/Real-Club-Mar\u00edtimo-de-Melilla-588495841234214\\\/\",\"https:\\\/\\\/x.com\\\/nauticarcmm\",\"https:\\\/\\\/www.instagram.com\\\/club_maritimo_melilla\\\/\",\"https:\\\/\\\/www.youtube.com\\\/@realclubmaritimodemelilla4703\",\"https:\\\/\\\/es.wikipedia.org\\\/wiki\\\/Real_Club_Mar\u00edtimo_de_Melilla\"]},{\"@type\":\"Person\",\"@id\":\"https:\\\/\\\/www.realclubmaritimomelilla.es\\\/clmar\\\/#\\\/schema\\\/person\\\/ebaa3713496dc6d48c872452e73a8e79\",\"name\":\"RCMMelilla\",\"image\":{\"@type\":\"ImageObject\",\"inLanguage\":\"es\",\"@id\":\"https:\\\/\\\/secure.gravatar.com\\\/avatar\\\/df1c24789360fb9308735c4ee556fc2bc5bf924bf01e53043b8b97ba272da33c?s=96&d=mm&r=g\",\"url\":\"https:\\\/\\\/secure.gravatar.com\\\/avatar\\\/df1c24789360fb9308735c4ee556fc2bc5bf924bf01e53043b8b97ba272da33c?s=96&d=mm&r=g\",\"contentUrl\":\"https:\\\/\\\/secure.gravatar.com\\\/avatar\\\/df1c24789360fb9308735c4ee556fc2bc5bf924bf01e53043b8b97ba272da33c?s=96&d=mm&r=g\",\"caption\":\"RCMMelilla\"}}]}<\/script>\n<!-- \/ Yoast SEO plugin. -->","yoast_head_json":{"title":"El Real Club Mar\u00edtimo de Melilla organiza las Regatas de Feria - Real Club Mar\u00edtimo de Melilla","description":"La competici\u00f3n n\u00e1utica regresa a la ciudad de Melilla de la mano del Real Club Mar\u00edtimo de Melilla(RCMM) y las Regatas de Feria 2024.","robots":{"index":"index","follow":"follow","max-snippet":"max-snippet:-1","max-image-preview":"max-image-preview:large","max-video-preview":"max-video-preview:-1"},"canonical":"https:\/\/www.realclubmaritimomelilla.es\/clmar\/el-real-club-maritimo-de-melilla-organiza-las-regatas-de-feria\/","og_locale":"es_ES","og_type":"article","og_title":"El Real Club Mar\u00edtimo de Melilla organiza las Regatas de Feria - Real Club Mar\u00edtimo de Melilla","og_description":"La competici\u00f3n n\u00e1utica regresa a la ciudad de Melilla de la mano del Real Club Mar\u00edtimo de Melilla(RCMM) y las Regatas de Feria 2024.","og_url":"https:\/\/www.realclubmaritimomelilla.es\/clmar\/el-real-club-maritimo-de-melilla-organiza-las-regatas-de-feria\/","og_site_name":"Real Club Mar\u00edtimo de Melilla","article_publisher":"https:\/\/www.facebook.com\/Real-Club-Mar%c3%adtimo-de-Melilla-588495841234214\/","article_published_time":"2024-09-01T12:03:06+00:00","article_modified_time":"2024-09-02T06:58:47+00:00","og_image":[{"width":2048,"height":1536,"url":"https:\/\/www.realclubmaritimomelilla.es\/clmar\/wp-content\/uploads\/PHOTO-2024-08-31-16-01-03-jpg.webp","type":"image\/jpeg"}],"author":"RCMMelilla","twitter_card":"summary_large_image","twitter_creator":"@nauticarcmm","twitter_site":"@nauticarcmm","twitter_misc":{"Escrito por":"RCMMelilla","Tiempo de lectura":"2 minutos"},"schema":{"@context":"https:\/\/schema.org","@graph":[{"@type":"Article","@id":"https:\/\/www.realclubmaritimomelilla.es\/clmar\/el-real-club-maritimo-de-melilla-organiza-las-regatas-de-feria\/#article","isPartOf":{"@id":"https:\/\/www.realclubmaritimomelilla.es\/clmar\/el-real-club-maritimo-de-melilla-organiza-las-regatas-de-feria\/"},"author":{"name":"RCMMelilla","@id":"https:\/\/www.realclubmaritimomelilla.es\/clmar\/#\/schema\/person\/ebaa3713496dc6d48c872452e73a8e79"},"headline":"El Real Club Mar\u00edtimo de Melilla organiza las Regatas de Feria","datePublished":"2024-09-01T12:03:06+00:00","dateModified":"2024-09-02T06:58:47+00:00","mainEntityOfPage":{"@id":"https:\/\/www.realclubmaritimomelilla.es\/clmar\/el-real-club-maritimo-de-melilla-organiza-las-regatas-de-feria\/"},"wordCount":420,"commentCount":0,"publisher":{"@id":"https:\/\/www.realclubmaritimomelilla.es\/clmar\/#organization"},"image":{"@id":"https:\/\/www.realclubmaritimomelilla.es\/clmar\/el-real-club-maritimo-de-melilla-organiza-las-regatas-de-feria\/#primaryimage"},"thumbnailUrl":"https:\/\/www.realclubmaritimomelilla.es\/clmar\/wp-content\/uploads\/PHOTO-2024-08-31-16-01-03-jpg.webp","articleSection":["N\u00e1utica"],"inLanguage":"es","potentialAction":[{"@type":"CommentAction","name":"Comment","target":["https:\/\/www.realclubmaritimomelilla.es\/clmar\/el-real-club-maritimo-de-melilla-organiza-las-regatas-de-feria\/#respond"]}]},{"@type":"WebPage","@id":"https:\/\/www.realclubmaritimomelilla.es\/clmar\/el-real-club-maritimo-de-melilla-organiza-las-regatas-de-feria\/","url":"https:\/\/www.realclubmaritimomelilla.es\/clmar\/el-real-club-maritimo-de-melilla-organiza-las-regatas-de-feria\/","name":"El Real Club Mar\u00edtimo de Melilla organiza las Regatas de Feria - Real Club Mar\u00edtimo de Melilla","isPartOf":{"@id":"https:\/\/www.realclubmaritimomelilla.es\/clmar\/#website"},"primaryImageOfPage":{"@id":"https:\/\/www.realclubmaritimomelilla.es\/clmar\/el-real-club-maritimo-de-melilla-organiza-las-regatas-de-feria\/#primaryimage"},"image":{"@id":"https:\/\/www.realclubmaritimomelilla.es\/clmar\/el-real-club-maritimo-de-melilla-organiza-las-regatas-de-feria\/#primaryimage"},"thumbnailUrl":"https:\/\/www.realclubmaritimomelilla.es\/clmar\/wp-content\/uploads\/PHOTO-2024-08-31-16-01-03-jpg.webp","datePublished":"2024-09-01T12:03:06+00:00","dateModified":"2024-09-02T06:58:47+00:00","description":"La competici\u00f3n n\u00e1utica regresa a la ciudad de Melilla de la mano del Real Club Mar\u00edtimo de Melilla(RCMM) y las Regatas de Feria 2024.","breadcrumb":{"@id":"https:\/\/www.realclubmaritimomelilla.es\/clmar\/el-real-club-maritimo-de-melilla-organiza-las-regatas-de-feria\/#breadcrumb"},"inLanguage":"es","potentialAction":[{"@type":"ReadAction","target":["https:\/\/www.realclubmaritimomelilla.es\/clmar\/el-real-club-maritimo-de-melilla-organiza-las-regatas-de-feria\/"]}]},{"@type":"ImageObject","inLanguage":"es","@id":"https:\/\/www.realclubmaritimomelilla.es\/clmar\/el-real-club-maritimo-de-melilla-organiza-las-regatas-de-feria\/#primaryimage","url":"https:\/\/www.realclubmaritimomelilla.es\/clmar\/wp-content\/uploads\/PHOTO-2024-08-31-16-01-03-jpg.webp","contentUrl":"https:\/\/www.realclubmaritimomelilla.es\/clmar\/wp-content\/uploads\/PHOTO-2024-08-31-16-01-03-jpg.webp","width":2048,"height":1536},{"@type":"BreadcrumbList","@id":"https:\/\/www.realclubmaritimomelilla.es\/clmar\/el-real-club-maritimo-de-melilla-organiza-las-regatas-de-feria\/#breadcrumb","itemListElement":[{"@type":"ListItem","position":1,"name":"Portada","item":"https:\/\/www.realclubmaritimomelilla.es\/clmar\/"},{"@type":"ListItem","position":2,"name":"El Real Club Mar\u00edtimo de Melilla organiza las Regatas de Feria"}]},{"@type":"WebSite","@id":"https:\/\/www.realclubmaritimomelilla.es\/clmar\/#website","url":"https:\/\/www.realclubmaritimomelilla.es\/clmar\/","name":"Real Club Mar\u00edtimo de Melilla","description":"RCMM","publisher":{"@id":"https:\/\/www.realclubmaritimomelilla.es\/clmar\/#organization"},"alternateName":"RCMM","potentialAction":[{"@type":"SearchAction","target":{"@type":"EntryPoint","urlTemplate":"https:\/\/www.realclubmaritimomelilla.es\/clmar\/?s={search_term_string}"},"query-input":{"@type":"PropertyValueSpecification","valueRequired":true,"valueName":"search_term_string"}}],"inLanguage":"es"},{"@type":"Organization","@id":"https:\/\/www.realclubmaritimomelilla.es\/clmar\/#organization","name":"Real Club Mar\u00edtimo de Melilla","alternateName":"RCMM","url":"https:\/\/www.realclubmaritimomelilla.es\/clmar\/","logo":{"@type":"ImageObject","inLanguage":"es","@id":"https:\/\/www.realclubmaritimomelilla.es\/clmar\/#\/schema\/logo\/image\/","url":"https:\/\/www.realclubmaritimomelilla.es\/clmar\/wp-content\/uploads\/logo-club-original-copia.jpg","contentUrl":"https:\/\/www.realclubmaritimomelilla.es\/clmar\/wp-content\/uploads\/logo-club-original-copia.jpg","width":128,"height":89,"caption":"Real Club Mar\u00edtimo de Melilla"},"image":{"@id":"https:\/\/www.realclubmaritimomelilla.es\/clmar\/#\/schema\/logo\/image\/"},"sameAs":["https:\/\/www.facebook.com\/Real-Club-Mar\u00edtimo-de-Melilla-588495841234214\/","https:\/\/x.com\/nauticarcmm","https:\/\/www.instagram.com\/club_maritimo_melilla\/","https:\/\/www.youtube.com\/@realclubmaritimodemelilla4703","https:\/\/es.wikipedia.org\/wiki\/Real_Club_Mar\u00edtimo_de_Melilla"]},{"@type":"Person","@id":"https:\/\/www.realclubmaritimomelilla.es\/clmar\/#\/schema\/person\/ebaa3713496dc6d48c872452e73a8e79","name":"RCMMelilla","image":{"@type":"ImageObject","inLanguage":"es","@id":"https:\/\/secure.gravatar.com\/avatar\/df1c24789360fb9308735c4ee556fc2bc5bf924bf01e53043b8b97ba272da33c?s=96&d=mm&r=g","url":"https:\/\/secure.gravatar.com\/avatar\/df1c24789360fb9308735c4ee556fc2bc5bf924bf01e53043b8b97ba272da33c?s=96&d=mm&r=g","contentUrl":"https:\/\/secure.gravatar.com\/avatar\/df1c24789360fb9308735c4ee556fc2bc5bf924bf01e53043b8b97ba272da33c?s=96&d=mm&r=g","caption":"RCMMelilla"}}]}},"_links":{"self":[{"href":"https:\/\/www.realclubmaritimomelilla.es\/clmar\/wp-json\/wp\/v2\/posts\/23822","targetHints":{"allow":["GET"]}}],"collection":[{"href":"https:\/\/www.realclubmaritimomelilla.es\/clmar\/wp-json\/wp\/v2\/posts"}],"about":[{"href":"https:\/\/www.realclubmaritimomelilla.es\/clmar\/wp-json\/wp\/v2\/types\/post"}],"author":[{"embeddable":true,"href":"https:\/\/www.realclubmaritimomelilla.es\/clmar\/wp-json\/wp\/v2\/users\/1"}],"replies":[{"embeddable":true,"href":"https:\/\/www.realclubmaritimomelilla.es\/clmar\/wp-json\/wp\/v2\/comments?post=23822"}],"version-history":[{"count":3,"href":"https:\/\/www.realclubmaritimomelilla.es\/clmar\/wp-json\/wp\/v2\/posts\/23822\/revisions"}],"predecessor-version":[{"id":23832,"href":"https:\/\/www.realclubmaritimomelilla.es\/clmar\/wp-json\/wp\/v2\/posts\/23822\/revisions\/23832"}],"wp:featuredmedia":[{"embeddable":true,"href":"https:\/\/www.realclubmaritimomelilla.es\/clmar\/wp-json\/wp\/v2\/media\/23823"}],"wp:attachment":[{"href":"https:\/\/www.realclubmaritimomelilla.es\/clmar\/wp-json\/wp\/v2\/media?parent=23822"}],"wp:term":[{"taxonomy":"category","embeddable":true,"href":"https:\/\/www.realclubmaritimomelilla.es\/clmar\/wp-json\/wp\/v2\/categories?post=23822"},{"taxonomy":"post_tag","embeddable":true,"href":"https:\/\/www.realclubmaritimomelilla.es\/clmar\/wp-json\/wp\/v2\/tags?post=23822"}],"curies":[{"name":"wp","href":"https:\/\/api.w.org\/{rel}","templated":true}]}}