{"id":23611,"date":"2024-08-15T11:39:04","date_gmt":"2024-08-15T09:39:04","guid":{"rendered":"https:\/\/www.realclubmaritimomelilla.es\/clmar\/?p=23611"},"modified":"2024-08-26T10:52:44","modified_gmt":"2024-08-26T08:52:44","slug":"la-regatista-del-real-club-maritimo-de-melilla-azul-sanchez-acude-al-campeonato-del-mundo-en-suiza","status":"publish","type":"post","link":"https:\/\/www.realclubmaritimomelilla.es\/clmar\/la-regatista-del-real-club-maritimo-de-melilla-azul-sanchez-acude-al-campeonato-del-mundo-en-suiza\/","title":{"rendered":"Azul S\u00e1nchez acude al campeonato del mundo en Suiza"},"content":{"rendered":"<p>Azul S\u00e1nchez se ha desplazado este jueves hasta la localidad suiza de Silvaplana, donde hasta el pr\u00f3ximo d\u00eda 26 de agosto se disputa el Campeonato del Mundo de iQFOIL en categor\u00eda sub23.\u00a0\u00a0<\/p>\n<p>La regatista del Real Club Mar\u00edtimo de Melilla acude a la cita internacional formando parte de la selecci\u00f3n nacional de la clase y aunque no es su categor\u00eda, ser\u00e1 una buena oportunidad para seguir acumulando experiencia de cara a su verdadero objetivo, el Mundial de su categor\u00eda (U19) en octubre en Mallorca.\u00a0\u00a0<\/p>\n<p>Azul\u00a0S\u00e1nchez este a\u00f1o ha logrado ser campeona de la Copa de Espa\u00f1a, en Mallorca, y la medalla de bronce en el Campeonato de Espa\u00f1a, celebrado en Murcia. En el mes de julio, ya particip\u00f3 en el Europeo U19 disputado en Francia.<\/p>\n<p>Nuestra deportista est\u00e1 incluida en el Equipo Promesa de clases ol\u00edmpicas dentro del Plan Nacional de Tecnificaci\u00f3n Deportiva cara al ciclo ol\u00edmpico de 2028.\u00a0<\/p>\n<p>Una nueva concentraci\u00f3n con la selecci\u00f3n nacional, para la regatista melillense, que acude a Silvaplana con el objetivo de avanzar en su preparaci\u00f3n y tratar de luchar por estar lo m\u00e1s arriba posible, en una categor\u00eda superior a la suya.<\/p>\n<p><img decoding=\"async\" src=\"https:\/\/www.realclubmaritimomelilla.es\/clmar\/wp-content\/uploads\/Azul-Sacnhez-768x1024.webp\" alt=\"\" width=\"768\" height=\"1024\" class=\"alignnone size-large wp-image-23613\" srcset=\"https:\/\/www.realclubmaritimomelilla.es\/clmar\/wp-content\/uploads\/Azul-Sacnhez-200x267.webp 200w, https:\/\/www.realclubmaritimomelilla.es\/clmar\/wp-content\/uploads\/Azul-Sacnhez-225x300.webp 225w, https:\/\/www.realclubmaritimomelilla.es\/clmar\/wp-content\/uploads\/Azul-Sacnhez-400x533.webp 400w, https:\/\/www.realclubmaritimomelilla.es\/clmar\/wp-content\/uploads\/Azul-Sacnhez-600x800.webp 600w, https:\/\/www.realclubmaritimomelilla.es\/clmar\/wp-content\/uploads\/Azul-Sacnhez-768x1024.webp 768w, https:\/\/www.realclubmaritimomelilla.es\/clmar\/wp-content\/uploads\/Azul-Sacnhez-800x1067.webp 800w, https:\/\/www.realclubmaritimomelilla.es\/clmar\/wp-content\/uploads\/Azul-Sacnhez-1152x1536.webp 1152w, https:\/\/www.realclubmaritimomelilla.es\/clmar\/wp-content\/uploads\/Azul-Sacnhez.jpg 1200w\" sizes=\"(max-width: 768px) 100vw, 768px\" \/><\/p>\n","protected":false},"excerpt":{"rendered":"<p>Azul S\u00e1nchez se ha desplazado este jueves hasta la localidad suiza de Silvaplana, donde hasta el pr\u00f3ximo d\u00eda 26 de agosto se disputa el Campeonato del Mundo de iQFOIL en categor\u00eda sub23.\u00a0\u00a0 La regatista del Real Club Mar\u00edtimo de Melilla acude a la cita internacional formando parte de la selecci\u00f3n nacional de la clase y [&hellip;]<\/p>\n","protected":false},"author":1,"featured_media":23612,"comment_status":"open","ping_status":"open","sticky":false,"template":"","format":"standard","meta":{"_acf_changed":false,"footnotes":""},"categories":[38],"tags":[],"class_list":["post-23611","post","type-post","status-publish","format-standard","has-post-thumbnail","hentry","category-nautica"],"acf":[],"yoast_head":"<!-- This site is optimized with the Yoast SEO plugin v27.5 - https:\/\/yoast.com\/product\/yoast-seo-wordpress\/ -->\n<title>Azul S\u00e1nchez acude al campeonato del mundo en Suiza - Real Club Mar\u00edtimo de Melilla<\/title>\n<meta name=\"description\" content=\"Azul S\u00e1nchez se ha a la localidad suiza de Silvaplana donde hasta el pr\u00f3ximo d\u00eda 26 de agosto se disputa el Campeonato del Mundo de iQFOIL en categor\u00eda sub23.\" \/>\n<meta name=\"robots\" content=\"index, follow, max-snippet:-1, max-image-preview:large, max-video-preview:-1\" \/>\n<link rel=\"canonical\" href=\"https:\/\/www.realclubmaritimomelilla.es\/clmar\/la-regatista-del-real-club-maritimo-de-melilla-azul-sanchez-acude-al-campeonato-del-mundo-en-suiza\/\" \/>\n<meta property=\"og:locale\" content=\"es_ES\" \/>\n<meta property=\"og:type\" content=\"article\" \/>\n<meta property=\"og:title\" content=\"Azul S\u00e1nchez acude al campeonato del mundo en Suiza - Real Club Mar\u00edtimo de Melilla\" \/>\n<meta property=\"og:description\" content=\"Azul S\u00e1nchez se ha a la localidad suiza de Silvaplana donde hasta el pr\u00f3ximo d\u00eda 26 de agosto se disputa el Campeonato del Mundo de iQFOIL en categor\u00eda sub23.\" \/>\n<meta property=\"og:url\" content=\"https:\/\/www.realclubmaritimomelilla.es\/clmar\/la-regatista-del-real-club-maritimo-de-melilla-azul-sanchez-acude-al-campeonato-del-mundo-en-suiza\/\" \/>\n<meta property=\"og:site_name\" content=\"Real Club Mar\u00edtimo de Melilla\" \/>\n<meta property=\"article:publisher\" content=\"https:\/\/www.facebook.com\/Real-Club-Mar%c3%adtimo-de-Melilla-588495841234214\/\" \/>\n<meta property=\"article:published_time\" content=\"2024-08-15T09:39:04+00:00\" \/>\n<meta property=\"article:modified_time\" content=\"2024-08-26T08:52:44+00:00\" \/>\n<meta property=\"og:image\" content=\"https:\/\/www.realclubmaritimomelilla.es\/clmar\/wp-content\/uploads\/Azul-Sanchez2.jpg\" \/>\n\t<meta property=\"og:image:width\" content=\"1000\" \/>\n\t<meta property=\"og:image:height\" content=\"667\" \/>\n\t<meta property=\"og:image:type\" content=\"image\/jpeg\" \/>\n<meta name=\"author\" content=\"RCMMelilla\" \/>\n<meta name=\"twitter:card\" content=\"summary_large_image\" \/>\n<meta name=\"twitter:creator\" content=\"@nauticarcmm\" \/>\n<meta name=\"twitter:site\" content=\"@nauticarcmm\" \/>\n<meta name=\"twitter:label1\" content=\"Escrito por\" \/>\n\t<meta name=\"twitter:data1\" content=\"RCMMelilla\" \/>\n\t<meta name=\"twitter:label2\" content=\"Tiempo de lectura\" \/>\n\t<meta name=\"twitter:data2\" content=\"2 minutos\" \/>\n<script type=\"application\/ld+json\" class=\"yoast-schema-graph\">{\"@context\":\"https:\\\/\\\/schema.org\",\"@graph\":[{\"@type\":\"Article\",\"@id\":\"https:\\\/\\\/www.realclubmaritimomelilla.es\\\/clmar\\\/la-regatista-del-real-club-maritimo-de-melilla-azul-sanchez-acude-al-campeonato-del-mundo-en-suiza\\\/#article\",\"isPartOf\":{\"@id\":\"https:\\\/\\\/www.realclubmaritimomelilla.es\\\/clmar\\\/la-regatista-del-real-club-maritimo-de-melilla-azul-sanchez-acude-al-campeonato-del-mundo-en-suiza\\\/\"},\"author\":{\"name\":\"RCMMelilla\",\"@id\":\"https:\\\/\\\/www.realclubmaritimomelilla.es\\\/clmar\\\/#\\\/schema\\\/person\\\/ebaa3713496dc6d48c872452e73a8e79\"},\"headline\":\"Azul S\u00e1nchez acude al campeonato del mundo en Suiza\",\"datePublished\":\"2024-08-15T09:39:04+00:00\",\"dateModified\":\"2024-08-26T08:52:44+00:00\",\"mainEntityOfPage\":{\"@id\":\"https:\\\/\\\/www.realclubmaritimomelilla.es\\\/clmar\\\/la-regatista-del-real-club-maritimo-de-melilla-azul-sanchez-acude-al-campeonato-del-mundo-en-suiza\\\/\"},\"wordCount\":218,\"commentCount\":0,\"publisher\":{\"@id\":\"https:\\\/\\\/www.realclubmaritimomelilla.es\\\/clmar\\\/#organization\"},\"image\":{\"@id\":\"https:\\\/\\\/www.realclubmaritimomelilla.es\\\/clmar\\\/la-regatista-del-real-club-maritimo-de-melilla-azul-sanchez-acude-al-campeonato-del-mundo-en-suiza\\\/#primaryimage\"},\"thumbnailUrl\":\"https:\\\/\\\/www.realclubmaritimomelilla.es\\\/clmar\\\/wp-content\\\/uploads\\\/Azul-Sanchez2.jpg\",\"articleSection\":[\"N\u00e1utica\"],\"inLanguage\":\"es\",\"potentialAction\":[{\"@type\":\"CommentAction\",\"name\":\"Comment\",\"target\":[\"https:\\\/\\\/www.realclubmaritimomelilla.es\\\/clmar\\\/la-regatista-del-real-club-maritimo-de-melilla-azul-sanchez-acude-al-campeonato-del-mundo-en-suiza\\\/#respond\"]}]},{\"@type\":\"WebPage\",\"@id\":\"https:\\\/\\\/www.realclubmaritimomelilla.es\\\/clmar\\\/la-regatista-del-real-club-maritimo-de-melilla-azul-sanchez-acude-al-campeonato-del-mundo-en-suiza\\\/\",\"url\":\"https:\\\/\\\/www.realclubmaritimomelilla.es\\\/clmar\\\/la-regatista-del-real-club-maritimo-de-melilla-azul-sanchez-acude-al-campeonato-del-mundo-en-suiza\\\/\",\"name\":\"Azul S\u00e1nchez acude al campeonato del mundo en Suiza - Real Club Mar\u00edtimo de Melilla\",\"isPartOf\":{\"@id\":\"https:\\\/\\\/www.realclubmaritimomelilla.es\\\/clmar\\\/#website\"},\"primaryImageOfPage\":{\"@id\":\"https:\\\/\\\/www.realclubmaritimomelilla.es\\\/clmar\\\/la-regatista-del-real-club-maritimo-de-melilla-azul-sanchez-acude-al-campeonato-del-mundo-en-suiza\\\/#primaryimage\"},\"image\":{\"@id\":\"https:\\\/\\\/www.realclubmaritimomelilla.es\\\/clmar\\\/la-regatista-del-real-club-maritimo-de-melilla-azul-sanchez-acude-al-campeonato-del-mundo-en-suiza\\\/#primaryimage\"},\"thumbnailUrl\":\"https:\\\/\\\/www.realclubmaritimomelilla.es\\\/clmar\\\/wp-content\\\/uploads\\\/Azul-Sanchez2.jpg\",\"datePublished\":\"2024-08-15T09:39:04+00:00\",\"dateModified\":\"2024-08-26T08:52:44+00:00\",\"description\":\"Azul S\u00e1nchez se ha a la localidad suiza de Silvaplana donde hasta el pr\u00f3ximo d\u00eda 26 de agosto se disputa el Campeonato del Mundo de iQFOIL en categor\u00eda sub23.\",\"breadcrumb\":{\"@id\":\"https:\\\/\\\/www.realclubmaritimomelilla.es\\\/clmar\\\/la-regatista-del-real-club-maritimo-de-melilla-azul-sanchez-acude-al-campeonato-del-mundo-en-suiza\\\/#breadcrumb\"},\"inLanguage\":\"es\",\"potentialAction\":[{\"@type\":\"ReadAction\",\"target\":[\"https:\\\/\\\/www.realclubmaritimomelilla.es\\\/clmar\\\/la-regatista-del-real-club-maritimo-de-melilla-azul-sanchez-acude-al-campeonato-del-mundo-en-suiza\\\/\"]}]},{\"@type\":\"ImageObject\",\"inLanguage\":\"es\",\"@id\":\"https:\\\/\\\/www.realclubmaritimomelilla.es\\\/clmar\\\/la-regatista-del-real-club-maritimo-de-melilla-azul-sanchez-acude-al-campeonato-del-mundo-en-suiza\\\/#primaryimage\",\"url\":\"https:\\\/\\\/www.realclubmaritimomelilla.es\\\/clmar\\\/wp-content\\\/uploads\\\/Azul-Sanchez2.jpg\",\"contentUrl\":\"https:\\\/\\\/www.realclubmaritimomelilla.es\\\/clmar\\\/wp-content\\\/uploads\\\/Azul-Sanchez2.jpg\",\"width\":1000,\"height\":667},{\"@type\":\"BreadcrumbList\",\"@id\":\"https:\\\/\\\/www.realclubmaritimomelilla.es\\\/clmar\\\/la-regatista-del-real-club-maritimo-de-melilla-azul-sanchez-acude-al-campeonato-del-mundo-en-suiza\\\/#breadcrumb\",\"itemListElement\":[{\"@type\":\"ListItem\",\"position\":1,\"name\":\"Portada\",\"item\":\"https:\\\/\\\/www.realclubmaritimomelilla.es\\\/clmar\\\/\"},{\"@type\":\"ListItem\",\"position\":2,\"name\":\"Azul S\u00e1nchez acude al campeonato del mundo en Suiza\"}]},{\"@type\":\"WebSite\",\"@id\":\"https:\\\/\\\/www.realclubmaritimomelilla.es\\\/clmar\\\/#website\",\"url\":\"https:\\\/\\\/www.realclubmaritimomelilla.es\\\/clmar\\\/\",\"name\":\"Real Club Mar\u00edtimo de Melilla\",\"description\":\"RCMM\",\"publisher\":{\"@id\":\"https:\\\/\\\/www.realclubmaritimomelilla.es\\\/clmar\\\/#organization\"},\"alternateName\":\"RCMM\",\"potentialAction\":[{\"@type\":\"SearchAction\",\"target\":{\"@type\":\"EntryPoint\",\"urlTemplate\":\"https:\\\/\\\/www.realclubmaritimomelilla.es\\\/clmar\\\/?s={search_term_string}\"},\"query-input\":{\"@type\":\"PropertyValueSpecification\",\"valueRequired\":true,\"valueName\":\"search_term_string\"}}],\"inLanguage\":\"es\"},{\"@type\":\"Organization\",\"@id\":\"https:\\\/\\\/www.realclubmaritimomelilla.es\\\/clmar\\\/#organization\",\"name\":\"Real Club Mar\u00edtimo de Melilla\",\"alternateName\":\"RCMM\",\"url\":\"https:\\\/\\\/www.realclubmaritimomelilla.es\\\/clmar\\\/\",\"logo\":{\"@type\":\"ImageObject\",\"inLanguage\":\"es\",\"@id\":\"https:\\\/\\\/www.realclubmaritimomelilla.es\\\/clmar\\\/#\\\/schema\\\/logo\\\/image\\\/\",\"url\":\"https:\\\/\\\/www.realclubmaritimomelilla.es\\\/clmar\\\/wp-content\\\/uploads\\\/logo-club-original-copia.jpg\",\"contentUrl\":\"https:\\\/\\\/www.realclubmaritimomelilla.es\\\/clmar\\\/wp-content\\\/uploads\\\/logo-club-original-copia.jpg\",\"width\":128,\"height\":89,\"caption\":\"Real Club Mar\u00edtimo de Melilla\"},\"image\":{\"@id\":\"https:\\\/\\\/www.realclubmaritimomelilla.es\\\/clmar\\\/#\\\/schema\\\/logo\\\/image\\\/\"},\"sameAs\":[\"https:\\\/\\\/www.facebook.com\\\/Real-Club-Mar\u00edtimo-de-Melilla-588495841234214\\\/\",\"https:\\\/\\\/x.com\\\/nauticarcmm\",\"https:\\\/\\\/www.instagram.com\\\/club_maritimo_melilla\\\/\",\"https:\\\/\\\/www.youtube.com\\\/@realclubmaritimodemelilla4703\",\"https:\\\/\\\/es.wikipedia.org\\\/wiki\\\/Real_Club_Mar\u00edtimo_de_Melilla\"]},{\"@type\":\"Person\",\"@id\":\"https:\\\/\\\/www.realclubmaritimomelilla.es\\\/clmar\\\/#\\\/schema\\\/person\\\/ebaa3713496dc6d48c872452e73a8e79\",\"name\":\"RCMMelilla\",\"image\":{\"@type\":\"ImageObject\",\"inLanguage\":\"es\",\"@id\":\"https:\\\/\\\/secure.gravatar.com\\\/avatar\\\/df1c24789360fb9308735c4ee556fc2bc5bf924bf01e53043b8b97ba272da33c?s=96&d=mm&r=g\",\"url\":\"https:\\\/\\\/secure.gravatar.com\\\/avatar\\\/df1c24789360fb9308735c4ee556fc2bc5bf924bf01e53043b8b97ba272da33c?s=96&d=mm&r=g\",\"contentUrl\":\"https:\\\/\\\/secure.gravatar.com\\\/avatar\\\/df1c24789360fb9308735c4ee556fc2bc5bf924bf01e53043b8b97ba272da33c?s=96&d=mm&r=g\",\"caption\":\"RCMMelilla\"}}]}<\/script>\n<!-- \/ Yoast SEO plugin. -->","yoast_head_json":{"title":"Azul S\u00e1nchez acude al campeonato del mundo en Suiza - Real Club Mar\u00edtimo de Melilla","description":"Azul S\u00e1nchez se ha a la localidad suiza de Silvaplana donde hasta el pr\u00f3ximo d\u00eda 26 de agosto se disputa el Campeonato del Mundo de iQFOIL en categor\u00eda sub23.","robots":{"index":"index","follow":"follow","max-snippet":"max-snippet:-1","max-image-preview":"max-image-preview:large","max-video-preview":"max-video-preview:-1"},"canonical":"https:\/\/www.realclubmaritimomelilla.es\/clmar\/la-regatista-del-real-club-maritimo-de-melilla-azul-sanchez-acude-al-campeonato-del-mundo-en-suiza\/","og_locale":"es_ES","og_type":"article","og_title":"Azul S\u00e1nchez acude al campeonato del mundo en Suiza - Real Club Mar\u00edtimo de Melilla","og_description":"Azul S\u00e1nchez se ha a la localidad suiza de Silvaplana donde hasta el pr\u00f3ximo d\u00eda 26 de agosto se disputa el Campeonato del Mundo de iQFOIL en categor\u00eda sub23.","og_url":"https:\/\/www.realclubmaritimomelilla.es\/clmar\/la-regatista-del-real-club-maritimo-de-melilla-azul-sanchez-acude-al-campeonato-del-mundo-en-suiza\/","og_site_name":"Real Club Mar\u00edtimo de Melilla","article_publisher":"https:\/\/www.facebook.com\/Real-Club-Mar%c3%adtimo-de-Melilla-588495841234214\/","article_published_time":"2024-08-15T09:39:04+00:00","article_modified_time":"2024-08-26T08:52:44+00:00","og_image":[{"width":1000,"height":667,"url":"https:\/\/www.realclubmaritimomelilla.es\/clmar\/wp-content\/uploads\/Azul-Sanchez2.jpg","type":"image\/jpeg"}],"author":"RCMMelilla","twitter_card":"summary_large_image","twitter_creator":"@nauticarcmm","twitter_site":"@nauticarcmm","twitter_misc":{"Escrito por":"RCMMelilla","Tiempo de lectura":"2 minutos"},"schema":{"@context":"https:\/\/schema.org","@graph":[{"@type":"Article","@id":"https:\/\/www.realclubmaritimomelilla.es\/clmar\/la-regatista-del-real-club-maritimo-de-melilla-azul-sanchez-acude-al-campeonato-del-mundo-en-suiza\/#article","isPartOf":{"@id":"https:\/\/www.realclubmaritimomelilla.es\/clmar\/la-regatista-del-real-club-maritimo-de-melilla-azul-sanchez-acude-al-campeonato-del-mundo-en-suiza\/"},"author":{"name":"RCMMelilla","@id":"https:\/\/www.realclubmaritimomelilla.es\/clmar\/#\/schema\/person\/ebaa3713496dc6d48c872452e73a8e79"},"headline":"Azul S\u00e1nchez acude al campeonato del mundo en Suiza","datePublished":"2024-08-15T09:39:04+00:00","dateModified":"2024-08-26T08:52:44+00:00","mainEntityOfPage":{"@id":"https:\/\/www.realclubmaritimomelilla.es\/clmar\/la-regatista-del-real-club-maritimo-de-melilla-azul-sanchez-acude-al-campeonato-del-mundo-en-suiza\/"},"wordCount":218,"commentCount":0,"publisher":{"@id":"https:\/\/www.realclubmaritimomelilla.es\/clmar\/#organization"},"image":{"@id":"https:\/\/www.realclubmaritimomelilla.es\/clmar\/la-regatista-del-real-club-maritimo-de-melilla-azul-sanchez-acude-al-campeonato-del-mundo-en-suiza\/#primaryimage"},"thumbnailUrl":"https:\/\/www.realclubmaritimomelilla.es\/clmar\/wp-content\/uploads\/Azul-Sanchez2.jpg","articleSection":["N\u00e1utica"],"inLanguage":"es","potentialAction":[{"@type":"CommentAction","name":"Comment","target":["https:\/\/www.realclubmaritimomelilla.es\/clmar\/la-regatista-del-real-club-maritimo-de-melilla-azul-sanchez-acude-al-campeonato-del-mundo-en-suiza\/#respond"]}]},{"@type":"WebPage","@id":"https:\/\/www.realclubmaritimomelilla.es\/clmar\/la-regatista-del-real-club-maritimo-de-melilla-azul-sanchez-acude-al-campeonato-del-mundo-en-suiza\/","url":"https:\/\/www.realclubmaritimomelilla.es\/clmar\/la-regatista-del-real-club-maritimo-de-melilla-azul-sanchez-acude-al-campeonato-del-mundo-en-suiza\/","name":"Azul S\u00e1nchez acude al campeonato del mundo en Suiza - Real Club Mar\u00edtimo de Melilla","isPartOf":{"@id":"https:\/\/www.realclubmaritimomelilla.es\/clmar\/#website"},"primaryImageOfPage":{"@id":"https:\/\/www.realclubmaritimomelilla.es\/clmar\/la-regatista-del-real-club-maritimo-de-melilla-azul-sanchez-acude-al-campeonato-del-mundo-en-suiza\/#primaryimage"},"image":{"@id":"https:\/\/www.realclubmaritimomelilla.es\/clmar\/la-regatista-del-real-club-maritimo-de-melilla-azul-sanchez-acude-al-campeonato-del-mundo-en-suiza\/#primaryimage"},"thumbnailUrl":"https:\/\/www.realclubmaritimomelilla.es\/clmar\/wp-content\/uploads\/Azul-Sanchez2.jpg","datePublished":"2024-08-15T09:39:04+00:00","dateModified":"2024-08-26T08:52:44+00:00","description":"Azul S\u00e1nchez se ha a la localidad suiza de Silvaplana donde hasta el pr\u00f3ximo d\u00eda 26 de agosto se disputa el Campeonato del Mundo de iQFOIL en categor\u00eda sub23.","breadcrumb":{"@id":"https:\/\/www.realclubmaritimomelilla.es\/clmar\/la-regatista-del-real-club-maritimo-de-melilla-azul-sanchez-acude-al-campeonato-del-mundo-en-suiza\/#breadcrumb"},"inLanguage":"es","potentialAction":[{"@type":"ReadAction","target":["https:\/\/www.realclubmaritimomelilla.es\/clmar\/la-regatista-del-real-club-maritimo-de-melilla-azul-sanchez-acude-al-campeonato-del-mundo-en-suiza\/"]}]},{"@type":"ImageObject","inLanguage":"es","@id":"https:\/\/www.realclubmaritimomelilla.es\/clmar\/la-regatista-del-real-club-maritimo-de-melilla-azul-sanchez-acude-al-campeonato-del-mundo-en-suiza\/#primaryimage","url":"https:\/\/www.realclubmaritimomelilla.es\/clmar\/wp-content\/uploads\/Azul-Sanchez2.jpg","contentUrl":"https:\/\/www.realclubmaritimomelilla.es\/clmar\/wp-content\/uploads\/Azul-Sanchez2.jpg","width":1000,"height":667},{"@type":"BreadcrumbList","@id":"https:\/\/www.realclubmaritimomelilla.es\/clmar\/la-regatista-del-real-club-maritimo-de-melilla-azul-sanchez-acude-al-campeonato-del-mundo-en-suiza\/#breadcrumb","itemListElement":[{"@type":"ListItem","position":1,"name":"Portada","item":"https:\/\/www.realclubmaritimomelilla.es\/clmar\/"},{"@type":"ListItem","position":2,"name":"Azul S\u00e1nchez acude al campeonato del mundo en Suiza"}]},{"@type":"WebSite","@id":"https:\/\/www.realclubmaritimomelilla.es\/clmar\/#website","url":"https:\/\/www.realclubmaritimomelilla.es\/clmar\/","name":"Real Club Mar\u00edtimo de Melilla","description":"RCMM","publisher":{"@id":"https:\/\/www.realclubmaritimomelilla.es\/clmar\/#organization"},"alternateName":"RCMM","potentialAction":[{"@type":"SearchAction","target":{"@type":"EntryPoint","urlTemplate":"https:\/\/www.realclubmaritimomelilla.es\/clmar\/?s={search_term_string}"},"query-input":{"@type":"PropertyValueSpecification","valueRequired":true,"valueName":"search_term_string"}}],"inLanguage":"es"},{"@type":"Organization","@id":"https:\/\/www.realclubmaritimomelilla.es\/clmar\/#organization","name":"Real Club Mar\u00edtimo de Melilla","alternateName":"RCMM","url":"https:\/\/www.realclubmaritimomelilla.es\/clmar\/","logo":{"@type":"ImageObject","inLanguage":"es","@id":"https:\/\/www.realclubmaritimomelilla.es\/clmar\/#\/schema\/logo\/image\/","url":"https:\/\/www.realclubmaritimomelilla.es\/clmar\/wp-content\/uploads\/logo-club-original-copia.jpg","contentUrl":"https:\/\/www.realclubmaritimomelilla.es\/clmar\/wp-content\/uploads\/logo-club-original-copia.jpg","width":128,"height":89,"caption":"Real Club Mar\u00edtimo de Melilla"},"image":{"@id":"https:\/\/www.realclubmaritimomelilla.es\/clmar\/#\/schema\/logo\/image\/"},"sameAs":["https:\/\/www.facebook.com\/Real-Club-Mar\u00edtimo-de-Melilla-588495841234214\/","https:\/\/x.com\/nauticarcmm","https:\/\/www.instagram.com\/club_maritimo_melilla\/","https:\/\/www.youtube.com\/@realclubmaritimodemelilla4703","https:\/\/es.wikipedia.org\/wiki\/Real_Club_Mar\u00edtimo_de_Melilla"]},{"@type":"Person","@id":"https:\/\/www.realclubmaritimomelilla.es\/clmar\/#\/schema\/person\/ebaa3713496dc6d48c872452e73a8e79","name":"RCMMelilla","image":{"@type":"ImageObject","inLanguage":"es","@id":"https:\/\/secure.gravatar.com\/avatar\/df1c24789360fb9308735c4ee556fc2bc5bf924bf01e53043b8b97ba272da33c?s=96&d=mm&r=g","url":"https:\/\/secure.gravatar.com\/avatar\/df1c24789360fb9308735c4ee556fc2bc5bf924bf01e53043b8b97ba272da33c?s=96&d=mm&r=g","contentUrl":"https:\/\/secure.gravatar.com\/avatar\/df1c24789360fb9308735c4ee556fc2bc5bf924bf01e53043b8b97ba272da33c?s=96&d=mm&r=g","caption":"RCMMelilla"}}]}},"_links":{"self":[{"href":"https:\/\/www.realclubmaritimomelilla.es\/clmar\/wp-json\/wp\/v2\/posts\/23611","targetHints":{"allow":["GET"]}}],"collection":[{"href":"https:\/\/www.realclubmaritimomelilla.es\/clmar\/wp-json\/wp\/v2\/posts"}],"about":[{"href":"https:\/\/www.realclubmaritimomelilla.es\/clmar\/wp-json\/wp\/v2\/types\/post"}],"author":[{"embeddable":true,"href":"https:\/\/www.realclubmaritimomelilla.es\/clmar\/wp-json\/wp\/v2\/users\/1"}],"replies":[{"embeddable":true,"href":"https:\/\/www.realclubmaritimomelilla.es\/clmar\/wp-json\/wp\/v2\/comments?post=23611"}],"version-history":[{"count":4,"href":"https:\/\/www.realclubmaritimomelilla.es\/clmar\/wp-json\/wp\/v2\/posts\/23611\/revisions"}],"predecessor-version":[{"id":23783,"href":"https:\/\/www.realclubmaritimomelilla.es\/clmar\/wp-json\/wp\/v2\/posts\/23611\/revisions\/23783"}],"wp:featuredmedia":[{"embeddable":true,"href":"https:\/\/www.realclubmaritimomelilla.es\/clmar\/wp-json\/wp\/v2\/media\/23612"}],"wp:attachment":[{"href":"https:\/\/www.realclubmaritimomelilla.es\/clmar\/wp-json\/wp\/v2\/media?parent=23611"}],"wp:term":[{"taxonomy":"category","embeddable":true,"href":"https:\/\/www.realclubmaritimomelilla.es\/clmar\/wp-json\/wp\/v2\/categories?post=23611"},{"taxonomy":"post_tag","embeddable":true,"href":"https:\/\/www.realclubmaritimomelilla.es\/clmar\/wp-json\/wp\/v2\/tags?post=23611"}],"curies":[{"name":"wp","href":"https:\/\/api.w.org\/{rel}","templated":true}]}}