{"id":23410,"date":"2024-08-11T21:48:57","date_gmt":"2024-08-11T19:48:57","guid":{"rendered":"https:\/\/www.realclubmaritimomelilla.es\/clmar\/?p=23410"},"modified":"2024-08-26T10:16:46","modified_gmt":"2024-08-26T08:16:46","slug":"los-campeones-de-snipe-en-el-iv-trofeo-de-vela-ligera-real-club-maritimo-melilla-ciudad-del-deporte-reciben-sus-galardones","status":"publish","type":"post","link":"https:\/\/www.realclubmaritimomelilla.es\/clmar\/los-campeones-de-snipe-en-el-iv-trofeo-de-vela-ligera-real-club-maritimo-melilla-ciudad-del-deporte-reciben-sus-galardones\/","title":{"rendered":"Los campeones de snipe en el IV Trofeo de Vela ligera reciben sus galardones"},"content":{"rendered":"<p>\nJordi Triay y Mart\u00edn Fresneda han recibido los galardones que los acredita como campeones del IV Trofeo de Vela Ligera Real Club Mar\u00edtimo \u2013 \u2018Melilla, Ciudad del Deporte\u2019 en la clase snipe. De esta forma, se ha clausurado la primera parte de la Regata, que durante toda esta semana se celebra en la ciudad aut\u00f3noma de Melilla.<\/p>\n<p>Un acto de entrega de trofeos, en uno de los salones principales del Real Club Mar\u00edtimo de Melilla(RCMM), con su presidente, Jer\u00f3nimo P\u00e9rez, y miembros de la Junta Directiva como anfitriones, al que tambi\u00e9n acudieron distintas autoridades de la ciudad, caso del consejero de Seguridad Ciudadana, Jos\u00e9 Ronda, el coronel Delegado de Defensa, Jes\u00fas Gonz\u00e1lez de Quevedo, el Jefe de Operaciones de la Comandancia de la Guardia Civil, Slim Lahabib, o el segundo Jefe de la Comandancia Naval, Jaime Torres.  <\/p>\n<p>\u201cOs puedo asegurar que todo el equipo que forma parte de este RCMM ha puesto todo de su parte para que la organizaci\u00f3n de este IV Trofeo de Vela Ligera haya sido todo un \u00e9xito\u201d, se\u00f1alaba Jer\u00f3nimo P\u00e9rez, quien a\u00f1ad\u00eda: \u201cNos sometemos a vuestro juicio, manifestando nuestra voluntad de hacerlo mucho mejor en la quinta edici\u00f3n, en la que ya estamos trabajando\u201d. Tambi\u00e9n agradeci\u00f3 el apoyo de la Consejer\u00eda de Deportes, a trav\u00e9s de la marca \u2018Melilla, Ciudad del Deporte\u2019, as\u00ed como de la naviera Bale\u00e0ria.<\/p>\n<p>Los primeros galardones en entregarse correspondieron a la categor\u00eda femenina, en la que la melillense Aurora de Juan (RC Mediterr\u00e1neo) y la valenciana Carmen Herrero (RCN Valencia) hab\u00edan sido las mejores. <\/p>\n<p>Alfonso O\u00f1a y Javier Nollet (RCN Madrid) recog\u00edan el premio de campeones en la categor\u00eda juvenil. <\/p>\n<p>Alberto Mart\u00ednez y Mar\u00eda Valverde (CN Los Nietos), que volver\u00edan posteriormente a volver a subir al podio, recib\u00edan el galard\u00f3n a la mejor tripulaci\u00f3n en categor\u00eda mixta.<\/p>\n<p>Los belgas Jan Petters y Nathalie Janseens (VVW Galgenweel Hofstade Zeilclub), adem\u00e1s del tercer premio de la general, tambi\u00e9n recog\u00edan el trofeo a la mejor tripulaci\u00f3n m\u00e1ster.<\/p>\n<p>Por \u00faltimo, llegaba el momento de coronar a los mejores del Trofeo, Jordi Triay (CM Mah\u00f3n) y Mart\u00edn Fresneda (Club de Mar de Almer\u00eda) como los campeones de 2024. <\/p>\n<p>La organizaci\u00f3n tambi\u00e9n quiso tener un detalle con el tripulante m\u00e1s joven de la regata, Pablo Rivas, con s\u00f3lo nueve a\u00f1os y tripulante de la embarcaci\u00f3n patroneada por Jos\u00e9 Francisco Valderrama. El joven Pablo estuvo acompa\u00f1ado de su padre y abuelo, as\u00ed como de los directivos del Real Club Mar\u00edtimo de Melilla. <\/p>\n<p>CUADRO DE HONOR:<br \/>\nPODIO CATEGOR\u00cdA GENERAL<br \/>\n1\u00ba Jordi Triay y Mart\u00edn Fresneda (CM Mah\u00f3n\/Club de Mar Almer\u00eda)<br \/>\n2\u00ba Alberto Mart\u00ednez y Mar\u00eda Valverde (CN LosNietos)<br \/>\n3\u00ba Jan Peeters y Nathalie Janssens (VVW Galgenweel\/Hofstade Zeilclub) <\/p>\n<p>PODIO CATEGOR\u00cdA MASTER<br \/>\n1\u00ba Jan Peeters y Nathalie Janssens (VVW Galgenweel\/Hofstade Zeilclub)<br \/>\n2\u00ba Mariano Sarmientos y Beatriz Pe\u00f1as (Club de Mar Almer\u00eda)<br \/>\n3\u00ba Manu Hens y Guillermo Garc\u00eda (Moods of Belgium\/Moods of Belgium)<\/p>\n<p>PODIO CATEGOR\u00cdA MIXTA<br \/>\n1\u00ba Alberto Mart\u00ednez y Mar\u00eda Valverde (CN LosNietos)<br \/>\n2\u00ba Jan Peeters y Nathalie Janssens (VVW Galgenweel\/Hofstade Zeilclub)<br \/>\n3\u00ba Mariano Sarmientos y Beatriz Pe\u00f1as (Club de Mar Almer\u00eda)<\/p>\n<p>PODIO CATEGOR\u00cdA JUVENIL<br \/>\n1\u00ba Alfonso O\u00f1a y Javier Nollet (RCN Madrid)<br \/>\n2\u00aa Alejandra Ruiz y Rocio Vidal (RC Mediterr\u00e1neo)<br \/>\n3\u00aa Mercedes Camacho y Mar\u00eda Helena Camacho Celdr\u00e1n (RCN Motril)<\/p>\n<p>PODIO CATEGOR\u00cdA FEMENINA<br \/>\n1\u00aa Aurora de Juan y Carmen Herrero (RC Mediterr\u00e1neo\/RCN Valencia)<br \/>\n2\u00aa Alejandra Ruiz y Rocio Vidal (RC Mediterr\u00e1neo)<br \/>\n3\u00aa Mercedes Camacho y Mar\u00eda Helena Camacho Celdr\u00e1n (RCN Motril)<\/p>\n\n\t\t<style type=\"text\/css\">\n\t\t\t#gallery-1 {\n\t\t\t\tmargin: auto;\n\t\t\t}\n\t\t\t#gallery-1 .gallery-item {\n\t\t\t\tfloat: left;\n\t\t\t\tmargin-top: 10px;\n\t\t\t\ttext-align: center;\n\t\t\t\twidth: 33%;\n\t\t\t}\n\t\t\t#gallery-1 img {\n\t\t\t\tborder: 2px solid #cfcfcf;\n\t\t\t}\n\t\t\t#gallery-1 .gallery-caption {\n\t\t\t\tmargin-left: 0;\n\t\t\t}\n\t\t\t\/* see gallery_shortcode() in wp-includes\/media.php *\/\n\t\t<\/style>\n\t\t<div id='gallery-1' class='gallery galleryid-23410 gallery-columns-3 gallery-size-full'><dl class='gallery-item'>\n\t\t\t<dt class='gallery-icon landscape'>\n\t\t\t\t<a data-rel=\"iLightbox[postimages]\" data-title=\"FEMENINA 1\u00aa Aurora de Juan y Carmen Herrero\" data-caption=\"\" href='https:\/\/www.realclubmaritimomelilla.es\/clmar\/los-campeones-de-snipe-en-el-iv-trofeo-de-vela-ligera-real-club-maritimo-melilla-ciudad-del-deporte-reciben-sus-galardones\/femenina-1a-aurora-de-juan-y-carmen-herrero\/'><img decoding=\"async\" width=\"1417\" height=\"1211\" src=\"https:\/\/www.realclubmaritimomelilla.es\/clmar\/wp-content\/uploads\/FEMENINA-1a-Aurora-de-Juan-y-Carmen-Herrero--jpg.webp\" class=\"attachment-full size-full\" alt=\"\" srcset=\"https:\/\/www.realclubmaritimomelilla.es\/clmar\/wp-content\/uploads\/FEMENINA-1a-Aurora-de-Juan-y-Carmen-Herrero--200x171.webp 200w, https:\/\/www.realclubmaritimomelilla.es\/clmar\/wp-content\/uploads\/FEMENINA-1a-Aurora-de-Juan-y-Carmen-Herrero--300x256.webp 300w, https:\/\/www.realclubmaritimomelilla.es\/clmar\/wp-content\/uploads\/FEMENINA-1a-Aurora-de-Juan-y-Carmen-Herrero--400x342.webp 400w, https:\/\/www.realclubmaritimomelilla.es\/clmar\/wp-content\/uploads\/FEMENINA-1a-Aurora-de-Juan-y-Carmen-Herrero--600x513.webp 600w, https:\/\/www.realclubmaritimomelilla.es\/clmar\/wp-content\/uploads\/FEMENINA-1a-Aurora-de-Juan-y-Carmen-Herrero--768x656.webp 768w, https:\/\/www.realclubmaritimomelilla.es\/clmar\/wp-content\/uploads\/FEMENINA-1a-Aurora-de-Juan-y-Carmen-Herrero--800x684.webp 800w, https:\/\/www.realclubmaritimomelilla.es\/clmar\/wp-content\/uploads\/FEMENINA-1a-Aurora-de-Juan-y-Carmen-Herrero--1024x875.webp 1024w, https:\/\/www.realclubmaritimomelilla.es\/clmar\/wp-content\/uploads\/FEMENINA-1a-Aurora-de-Juan-y-Carmen-Herrero--1200x1026.webp 1200w, https:\/\/www.realclubmaritimomelilla.es\/clmar\/wp-content\/uploads\/FEMENINA-1a-Aurora-de-Juan-y-Carmen-Herrero--jpg.webp 1417w\" sizes=\"(max-width: 1417px) 100vw, 1417px\" \/><\/a>\n\t\t\t<\/dt><\/dl><dl class='gallery-item'>\n\t\t\t<dt class='gallery-icon landscape'>\n\t\t\t\t<a data-rel=\"iLightbox[postimages]\" data-title=\"FEMENINA 2\u00aa Alejandra Ruiz y Rocio Vidal\" data-caption=\"\" href='https:\/\/www.realclubmaritimomelilla.es\/clmar\/los-campeones-de-snipe-en-el-iv-trofeo-de-vela-ligera-real-club-maritimo-melilla-ciudad-del-deporte-reciben-sus-galardones\/femenina-2a-alejandra-ruiz-y-rocio-vidal\/'><img decoding=\"async\" width=\"1417\" height=\"933\" src=\"https:\/\/www.realclubmaritimomelilla.es\/clmar\/wp-content\/uploads\/FEMENINA-2a-Alejandra-Ruiz-y-Rocio-Vidal-jpg.webp\" class=\"attachment-full size-full\" alt=\"\" srcset=\"https:\/\/www.realclubmaritimomelilla.es\/clmar\/wp-content\/uploads\/FEMENINA-2a-Alejandra-Ruiz-y-Rocio-Vidal-200x132.webp 200w, https:\/\/www.realclubmaritimomelilla.es\/clmar\/wp-content\/uploads\/FEMENINA-2a-Alejandra-Ruiz-y-Rocio-Vidal-300x198.webp 300w, https:\/\/www.realclubmaritimomelilla.es\/clmar\/wp-content\/uploads\/FEMENINA-2a-Alejandra-Ruiz-y-Rocio-Vidal-400x263.webp 400w, https:\/\/www.realclubmaritimomelilla.es\/clmar\/wp-content\/uploads\/FEMENINA-2a-Alejandra-Ruiz-y-Rocio-Vidal-600x395.webp 600w, https:\/\/www.realclubmaritimomelilla.es\/clmar\/wp-content\/uploads\/FEMENINA-2a-Alejandra-Ruiz-y-Rocio-Vidal-768x506.webp 768w, https:\/\/www.realclubmaritimomelilla.es\/clmar\/wp-content\/uploads\/FEMENINA-2a-Alejandra-Ruiz-y-Rocio-Vidal-800x527.webp 800w, https:\/\/www.realclubmaritimomelilla.es\/clmar\/wp-content\/uploads\/FEMENINA-2a-Alejandra-Ruiz-y-Rocio-Vidal-1024x674.webp 1024w, https:\/\/www.realclubmaritimomelilla.es\/clmar\/wp-content\/uploads\/FEMENINA-2a-Alejandra-Ruiz-y-Rocio-Vidal-1200x790.webp 1200w, https:\/\/www.realclubmaritimomelilla.es\/clmar\/wp-content\/uploads\/FEMENINA-2a-Alejandra-Ruiz-y-Rocio-Vidal-jpg.webp 1417w\" sizes=\"(max-width: 1417px) 100vw, 1417px\" \/><\/a>\n\t\t\t<\/dt><\/dl><dl class='gallery-item'>\n\t\t\t<dt class='gallery-icon landscape'>\n\t\t\t\t<a data-rel=\"iLightbox[postimages]\" data-title=\"FEMENINA 3\u00aa Mercedes Camacho y Mar\u00eda Helena Camacho Celdr\u00e1n\" data-caption=\"\" href='https:\/\/www.realclubmaritimomelilla.es\/clmar\/los-campeones-de-snipe-en-el-iv-trofeo-de-vela-ligera-real-club-maritimo-melilla-ciudad-del-deporte-reciben-sus-galardones\/femenina-3a-mercedes-camacho-y-maria-helena-camacho-celdran\/'><img decoding=\"async\" width=\"1417\" height=\"1023\" src=\"https:\/\/www.realclubmaritimomelilla.es\/clmar\/wp-content\/uploads\/FEMENINA-3a-Mercedes-Camacho-y-Maria-Helena-Camacho-Celdran--jpg.webp\" class=\"attachment-full size-full\" alt=\"\" srcset=\"https:\/\/www.realclubmaritimomelilla.es\/clmar\/wp-content\/uploads\/FEMENINA-3a-Mercedes-Camacho-y-Maria-Helena-Camacho-Celdran--200x144.webp 200w, https:\/\/www.realclubmaritimomelilla.es\/clmar\/wp-content\/uploads\/FEMENINA-3a-Mercedes-Camacho-y-Maria-Helena-Camacho-Celdran--300x217.webp 300w, https:\/\/www.realclubmaritimomelilla.es\/clmar\/wp-content\/uploads\/FEMENINA-3a-Mercedes-Camacho-y-Maria-Helena-Camacho-Celdran--400x289.webp 400w, https:\/\/www.realclubmaritimomelilla.es\/clmar\/wp-content\/uploads\/FEMENINA-3a-Mercedes-Camacho-y-Maria-Helena-Camacho-Celdran--600x433.webp 600w, https:\/\/www.realclubmaritimomelilla.es\/clmar\/wp-content\/uploads\/FEMENINA-3a-Mercedes-Camacho-y-Maria-Helena-Camacho-Celdran--768x554.webp 768w, https:\/\/www.realclubmaritimomelilla.es\/clmar\/wp-content\/uploads\/FEMENINA-3a-Mercedes-Camacho-y-Maria-Helena-Camacho-Celdran--800x578.webp 800w, https:\/\/www.realclubmaritimomelilla.es\/clmar\/wp-content\/uploads\/FEMENINA-3a-Mercedes-Camacho-y-Maria-Helena-Camacho-Celdran--1024x739.webp 1024w, https:\/\/www.realclubmaritimomelilla.es\/clmar\/wp-content\/uploads\/FEMENINA-3a-Mercedes-Camacho-y-Maria-Helena-Camacho-Celdran--1200x866.webp 1200w, https:\/\/www.realclubmaritimomelilla.es\/clmar\/wp-content\/uploads\/FEMENINA-3a-Mercedes-Camacho-y-Maria-Helena-Camacho-Celdran--jpg.webp 1417w\" sizes=\"(max-width: 1417px) 100vw, 1417px\" \/><\/a>\n\t\t\t<\/dt><\/dl><br style=\"clear: both\" \/><dl class='gallery-item'>\n\t\t\t<dt class='gallery-icon landscape'>\n\t\t\t\t<a data-rel=\"iLightbox[postimages]\" data-title=\"GENERAL 1\u00ba Jordi Triay y Mart\u00edn Fresneda\" data-caption=\"\" href='https:\/\/www.realclubmaritimomelilla.es\/clmar\/los-campeones-de-snipe-en-el-iv-trofeo-de-vela-ligera-real-club-maritimo-melilla-ciudad-del-deporte-reciben-sus-galardones\/general-1o-jordi-triay-y-martin-fresneda\/'><img decoding=\"async\" width=\"1417\" height=\"1034\" src=\"https:\/\/www.realclubmaritimomelilla.es\/clmar\/wp-content\/uploads\/GENERAL-1o-Jordi-Triay-y-Martin-Fresneda--jpg.webp\" class=\"attachment-full size-full\" alt=\"\" srcset=\"https:\/\/www.realclubmaritimomelilla.es\/clmar\/wp-content\/uploads\/GENERAL-1o-Jordi-Triay-y-Martin-Fresneda--200x146.webp 200w, https:\/\/www.realclubmaritimomelilla.es\/clmar\/wp-content\/uploads\/GENERAL-1o-Jordi-Triay-y-Martin-Fresneda--300x219.webp 300w, https:\/\/www.realclubmaritimomelilla.es\/clmar\/wp-content\/uploads\/GENERAL-1o-Jordi-Triay-y-Martin-Fresneda--400x292.webp 400w, https:\/\/www.realclubmaritimomelilla.es\/clmar\/wp-content\/uploads\/GENERAL-1o-Jordi-Triay-y-Martin-Fresneda--600x438.webp 600w, https:\/\/www.realclubmaritimomelilla.es\/clmar\/wp-content\/uploads\/GENERAL-1o-Jordi-Triay-y-Martin-Fresneda--768x560.webp 768w, https:\/\/www.realclubmaritimomelilla.es\/clmar\/wp-content\/uploads\/GENERAL-1o-Jordi-Triay-y-Martin-Fresneda--800x584.webp 800w, https:\/\/www.realclubmaritimomelilla.es\/clmar\/wp-content\/uploads\/GENERAL-1o-Jordi-Triay-y-Martin-Fresneda--1024x747.webp 1024w, https:\/\/www.realclubmaritimomelilla.es\/clmar\/wp-content\/uploads\/GENERAL-1o-Jordi-Triay-y-Martin-Fresneda--1200x876.webp 1200w, https:\/\/www.realclubmaritimomelilla.es\/clmar\/wp-content\/uploads\/GENERAL-1o-Jordi-Triay-y-Martin-Fresneda--jpg.webp 1417w\" sizes=\"(max-width: 1417px) 100vw, 1417px\" \/><\/a>\n\t\t\t<\/dt><\/dl><dl class='gallery-item'>\n\t\t\t<dt class='gallery-icon landscape'>\n\t\t\t\t<a data-rel=\"iLightbox[postimages]\" data-title=\"GENERAL 2\u00ba Alberto Mart\u00ednez y Mar\u00eda Valverde\" data-caption=\"\" href='https:\/\/www.realclubmaritimomelilla.es\/clmar\/los-campeones-de-snipe-en-el-iv-trofeo-de-vela-ligera-real-club-maritimo-melilla-ciudad-del-deporte-reciben-sus-galardones\/general-2o-alberto-martinez-y-maria-valverde\/'><img decoding=\"async\" width=\"1417\" height=\"970\" src=\"https:\/\/www.realclubmaritimomelilla.es\/clmar\/wp-content\/uploads\/GENERAL-2o-Alberto-Martinez-y-Maria-Valverde--jpg.webp\" class=\"attachment-full size-full\" alt=\"\" srcset=\"https:\/\/www.realclubmaritimomelilla.es\/clmar\/wp-content\/uploads\/GENERAL-2o-Alberto-Martinez-y-Maria-Valverde--200x137.webp 200w, https:\/\/www.realclubmaritimomelilla.es\/clmar\/wp-content\/uploads\/GENERAL-2o-Alberto-Martinez-y-Maria-Valverde--300x205.webp 300w, https:\/\/www.realclubmaritimomelilla.es\/clmar\/wp-content\/uploads\/GENERAL-2o-Alberto-Martinez-y-Maria-Valverde--400x274.webp 400w, https:\/\/www.realclubmaritimomelilla.es\/clmar\/wp-content\/uploads\/GENERAL-2o-Alberto-Martinez-y-Maria-Valverde--600x411.webp 600w, https:\/\/www.realclubmaritimomelilla.es\/clmar\/wp-content\/uploads\/GENERAL-2o-Alberto-Martinez-y-Maria-Valverde--768x526.webp 768w, https:\/\/www.realclubmaritimomelilla.es\/clmar\/wp-content\/uploads\/GENERAL-2o-Alberto-Martinez-y-Maria-Valverde--800x548.webp 800w, https:\/\/www.realclubmaritimomelilla.es\/clmar\/wp-content\/uploads\/GENERAL-2o-Alberto-Martinez-y-Maria-Valverde--1024x701.webp 1024w, https:\/\/www.realclubmaritimomelilla.es\/clmar\/wp-content\/uploads\/GENERAL-2o-Alberto-Martinez-y-Maria-Valverde--1200x821.webp 1200w, https:\/\/www.realclubmaritimomelilla.es\/clmar\/wp-content\/uploads\/GENERAL-2o-Alberto-Martinez-y-Maria-Valverde--jpg.webp 1417w\" sizes=\"(max-width: 1417px) 100vw, 1417px\" \/><\/a>\n\t\t\t<\/dt><\/dl><dl class='gallery-item'>\n\t\t\t<dt class='gallery-icon landscape'>\n\t\t\t\t<a data-rel=\"iLightbox[postimages]\" data-title=\"GENERAL 3\u00ba Jan Peeters y Nathalie Janssens\" data-caption=\"\" href='https:\/\/www.realclubmaritimomelilla.es\/clmar\/los-campeones-de-snipe-en-el-iv-trofeo-de-vela-ligera-real-club-maritimo-melilla-ciudad-del-deporte-reciben-sus-galardones\/general-3o-jan-peeters-y-nathalie-janssens\/'><img decoding=\"async\" width=\"1417\" height=\"1060\" src=\"https:\/\/www.realclubmaritimomelilla.es\/clmar\/wp-content\/uploads\/GENERAL-3o-Jan-Peeters-y-Nathalie-Janssens--jpg.webp\" class=\"attachment-full size-full\" alt=\"\" srcset=\"https:\/\/www.realclubmaritimomelilla.es\/clmar\/wp-content\/uploads\/GENERAL-3o-Jan-Peeters-y-Nathalie-Janssens--200x150.webp 200w, https:\/\/www.realclubmaritimomelilla.es\/clmar\/wp-content\/uploads\/GENERAL-3o-Jan-Peeters-y-Nathalie-Janssens--300x224.webp 300w, https:\/\/www.realclubmaritimomelilla.es\/clmar\/wp-content\/uploads\/GENERAL-3o-Jan-Peeters-y-Nathalie-Janssens--400x299.webp 400w, https:\/\/www.realclubmaritimomelilla.es\/clmar\/wp-content\/uploads\/GENERAL-3o-Jan-Peeters-y-Nathalie-Janssens--600x449.webp 600w, https:\/\/www.realclubmaritimomelilla.es\/clmar\/wp-content\/uploads\/GENERAL-3o-Jan-Peeters-y-Nathalie-Janssens--768x575.webp 768w, https:\/\/www.realclubmaritimomelilla.es\/clmar\/wp-content\/uploads\/GENERAL-3o-Jan-Peeters-y-Nathalie-Janssens--800x598.webp 800w, https:\/\/www.realclubmaritimomelilla.es\/clmar\/wp-content\/uploads\/GENERAL-3o-Jan-Peeters-y-Nathalie-Janssens--1024x766.webp 1024w, https:\/\/www.realclubmaritimomelilla.es\/clmar\/wp-content\/uploads\/GENERAL-3o-Jan-Peeters-y-Nathalie-Janssens--1200x898.webp 1200w, https:\/\/www.realclubmaritimomelilla.es\/clmar\/wp-content\/uploads\/GENERAL-3o-Jan-Peeters-y-Nathalie-Janssens--jpg.webp 1417w\" sizes=\"(max-width: 1417px) 100vw, 1417px\" \/><\/a>\n\t\t\t<\/dt><\/dl><br style=\"clear: both\" \/><dl class='gallery-item'>\n\t\t\t<dt class='gallery-icon landscape'>\n\t\t\t\t<a data-rel=\"iLightbox[postimages]\" data-title=\"JUVENIL 1\u00ba Alfonso O\u00f1a y Javier Nollet\" data-caption=\"\" href='https:\/\/www.realclubmaritimomelilla.es\/clmar\/los-campeones-de-snipe-en-el-iv-trofeo-de-vela-ligera-real-club-maritimo-melilla-ciudad-del-deporte-reciben-sus-galardones\/juvenil-1o-alfonso-ona-y-javier-nollet\/'><img decoding=\"async\" width=\"1417\" height=\"969\" src=\"https:\/\/www.realclubmaritimomelilla.es\/clmar\/wp-content\/uploads\/JUVENIL-1o-Alfonso-Ona-y-Javier-Nollet--jpg.webp\" class=\"attachment-full size-full\" alt=\"\" srcset=\"https:\/\/www.realclubmaritimomelilla.es\/clmar\/wp-content\/uploads\/JUVENIL-1o-Alfonso-Ona-y-Javier-Nollet--200x137.webp 200w, https:\/\/www.realclubmaritimomelilla.es\/clmar\/wp-content\/uploads\/JUVENIL-1o-Alfonso-Ona-y-Javier-Nollet--300x205.webp 300w, https:\/\/www.realclubmaritimomelilla.es\/clmar\/wp-content\/uploads\/JUVENIL-1o-Alfonso-Ona-y-Javier-Nollet--400x274.webp 400w, https:\/\/www.realclubmaritimomelilla.es\/clmar\/wp-content\/uploads\/JUVENIL-1o-Alfonso-Ona-y-Javier-Nollet--600x410.webp 600w, https:\/\/www.realclubmaritimomelilla.es\/clmar\/wp-content\/uploads\/JUVENIL-1o-Alfonso-Ona-y-Javier-Nollet--768x525.webp 768w, https:\/\/www.realclubmaritimomelilla.es\/clmar\/wp-content\/uploads\/JUVENIL-1o-Alfonso-Ona-y-Javier-Nollet--800x547.webp 800w, https:\/\/www.realclubmaritimomelilla.es\/clmar\/wp-content\/uploads\/JUVENIL-1o-Alfonso-Ona-y-Javier-Nollet--1024x700.webp 1024w, https:\/\/www.realclubmaritimomelilla.es\/clmar\/wp-content\/uploads\/JUVENIL-1o-Alfonso-Ona-y-Javier-Nollet--1200x821.webp 1200w, https:\/\/www.realclubmaritimomelilla.es\/clmar\/wp-content\/uploads\/JUVENIL-1o-Alfonso-Ona-y-Javier-Nollet--jpg.webp 1417w\" sizes=\"(max-width: 1417px) 100vw, 1417px\" \/><\/a>\n\t\t\t<\/dt><\/dl><dl class='gallery-item'>\n\t\t\t<dt class='gallery-icon landscape'>\n\t\t\t\t<a data-rel=\"iLightbox[postimages]\" data-title=\"JUVENIL 2\u00aa Alejandra Ruiz y Rocio Vidal\" data-caption=\"\" href='https:\/\/www.realclubmaritimomelilla.es\/clmar\/los-campeones-de-snipe-en-el-iv-trofeo-de-vela-ligera-real-club-maritimo-melilla-ciudad-del-deporte-reciben-sus-galardones\/juvenil-2a-alejandra-ruiz-y-rocio-vidal\/'><img decoding=\"async\" width=\"1417\" height=\"1007\" src=\"https:\/\/www.realclubmaritimomelilla.es\/clmar\/wp-content\/uploads\/JUVENIL-2a-Alejandra-Ruiz-y-Rocio-Vidal--jpg.webp\" class=\"attachment-full size-full\" alt=\"\" srcset=\"https:\/\/www.realclubmaritimomelilla.es\/clmar\/wp-content\/uploads\/JUVENIL-2a-Alejandra-Ruiz-y-Rocio-Vidal--200x142.webp 200w, https:\/\/www.realclubmaritimomelilla.es\/clmar\/wp-content\/uploads\/JUVENIL-2a-Alejandra-Ruiz-y-Rocio-Vidal--300x214.webp 300w, https:\/\/www.realclubmaritimomelilla.es\/clmar\/wp-content\/uploads\/JUVENIL-2a-Alejandra-Ruiz-y-Rocio-Vidal--400x284.webp 400w, https:\/\/www.realclubmaritimomelilla.es\/clmar\/wp-content\/uploads\/JUVENIL-2a-Alejandra-Ruiz-y-Rocio-Vidal--600x426.webp 600w, https:\/\/www.realclubmaritimomelilla.es\/clmar\/wp-content\/uploads\/JUVENIL-2a-Alejandra-Ruiz-y-Rocio-Vidal--768x546.webp 768w, https:\/\/www.realclubmaritimomelilla.es\/clmar\/wp-content\/uploads\/JUVENIL-2a-Alejandra-Ruiz-y-Rocio-Vidal--800x569.webp 800w, https:\/\/www.realclubmaritimomelilla.es\/clmar\/wp-content\/uploads\/JUVENIL-2a-Alejandra-Ruiz-y-Rocio-Vidal--1024x728.webp 1024w, https:\/\/www.realclubmaritimomelilla.es\/clmar\/wp-content\/uploads\/JUVENIL-2a-Alejandra-Ruiz-y-Rocio-Vidal--1200x853.webp 1200w, https:\/\/www.realclubmaritimomelilla.es\/clmar\/wp-content\/uploads\/JUVENIL-2a-Alejandra-Ruiz-y-Rocio-Vidal--jpg.webp 1417w\" sizes=\"(max-width: 1417px) 100vw, 1417px\" \/><\/a>\n\t\t\t<\/dt><\/dl><dl class='gallery-item'>\n\t\t\t<dt class='gallery-icon landscape'>\n\t\t\t\t<a data-rel=\"iLightbox[postimages]\" data-title=\"JUVENIL 3\u00aa Mercedes Camacho y Mar\u00eda Helena Camacho Celdr\u00e1n\" data-caption=\"\" href='https:\/\/www.realclubmaritimomelilla.es\/clmar\/los-campeones-de-snipe-en-el-iv-trofeo-de-vela-ligera-real-club-maritimo-melilla-ciudad-del-deporte-reciben-sus-galardones\/juvenil-3a-mercedes-camacho-y-maria-helena-camacho-celdran\/'><img decoding=\"async\" width=\"1417\" height=\"1335\" src=\"https:\/\/www.realclubmaritimomelilla.es\/clmar\/wp-content\/uploads\/JUVENIL-3a-Mercedes-Camacho-y-Maria-Helena-Camacho-Celdran--jpg.webp\" class=\"attachment-full size-full\" alt=\"\" srcset=\"https:\/\/www.realclubmaritimomelilla.es\/clmar\/wp-content\/uploads\/JUVENIL-3a-Mercedes-Camacho-y-Maria-Helena-Camacho-Celdran--200x188.webp 200w, https:\/\/www.realclubmaritimomelilla.es\/clmar\/wp-content\/uploads\/JUVENIL-3a-Mercedes-Camacho-y-Maria-Helena-Camacho-Celdran--300x283.webp 300w, https:\/\/www.realclubmaritimomelilla.es\/clmar\/wp-content\/uploads\/JUVENIL-3a-Mercedes-Camacho-y-Maria-Helena-Camacho-Celdran--400x377.webp 400w, https:\/\/www.realclubmaritimomelilla.es\/clmar\/wp-content\/uploads\/JUVENIL-3a-Mercedes-Camacho-y-Maria-Helena-Camacho-Celdran--600x565.webp 600w, https:\/\/www.realclubmaritimomelilla.es\/clmar\/wp-content\/uploads\/JUVENIL-3a-Mercedes-Camacho-y-Maria-Helena-Camacho-Celdran--768x724.webp 768w, https:\/\/www.realclubmaritimomelilla.es\/clmar\/wp-content\/uploads\/JUVENIL-3a-Mercedes-Camacho-y-Maria-Helena-Camacho-Celdran--800x754.webp 800w, https:\/\/www.realclubmaritimomelilla.es\/clmar\/wp-content\/uploads\/JUVENIL-3a-Mercedes-Camacho-y-Maria-Helena-Camacho-Celdran--1024x965.webp 1024w, https:\/\/www.realclubmaritimomelilla.es\/clmar\/wp-content\/uploads\/JUVENIL-3a-Mercedes-Camacho-y-Maria-Helena-Camacho-Celdran--1200x1131.webp 1200w, https:\/\/www.realclubmaritimomelilla.es\/clmar\/wp-content\/uploads\/JUVENIL-3a-Mercedes-Camacho-y-Maria-Helena-Camacho-Celdran--jpg.webp 1417w\" sizes=\"(max-width: 1417px) 100vw, 1417px\" \/><\/a>\n\t\t\t<\/dt><\/dl><br style=\"clear: both\" \/><dl class='gallery-item'>\n\t\t\t<dt class='gallery-icon landscape'>\n\t\t\t\t<a data-rel=\"iLightbox[postimages]\" data-title=\"MASTER 1\u00ba Jan Peeters y Nathalie Janssens\" data-caption=\"\" href='https:\/\/www.realclubmaritimomelilla.es\/clmar\/los-campeones-de-snipe-en-el-iv-trofeo-de-vela-ligera-real-club-maritimo-melilla-ciudad-del-deporte-reciben-sus-galardones\/master-1o-jan-peeters-y-nathalie-janssens\/'><img decoding=\"async\" width=\"1417\" height=\"1063\" src=\"https:\/\/www.realclubmaritimomelilla.es\/clmar\/wp-content\/uploads\/MASTER-1o-Jan-Peeters-y-Nathalie-Janssens--jpg.webp\" class=\"attachment-full size-full\" alt=\"\" srcset=\"https:\/\/www.realclubmaritimomelilla.es\/clmar\/wp-content\/uploads\/MASTER-1o-Jan-Peeters-y-Nathalie-Janssens--200x150.webp 200w, https:\/\/www.realclubmaritimomelilla.es\/clmar\/wp-content\/uploads\/MASTER-1o-Jan-Peeters-y-Nathalie-Janssens--300x225.webp 300w, https:\/\/www.realclubmaritimomelilla.es\/clmar\/wp-content\/uploads\/MASTER-1o-Jan-Peeters-y-Nathalie-Janssens--400x300.webp 400w, https:\/\/www.realclubmaritimomelilla.es\/clmar\/wp-content\/uploads\/MASTER-1o-Jan-Peeters-y-Nathalie-Janssens--600x450.webp 600w, https:\/\/www.realclubmaritimomelilla.es\/clmar\/wp-content\/uploads\/MASTER-1o-Jan-Peeters-y-Nathalie-Janssens--768x576.webp 768w, https:\/\/www.realclubmaritimomelilla.es\/clmar\/wp-content\/uploads\/MASTER-1o-Jan-Peeters-y-Nathalie-Janssens--800x600.webp 800w, https:\/\/www.realclubmaritimomelilla.es\/clmar\/wp-content\/uploads\/MASTER-1o-Jan-Peeters-y-Nathalie-Janssens--1024x768.webp 1024w, https:\/\/www.realclubmaritimomelilla.es\/clmar\/wp-content\/uploads\/MASTER-1o-Jan-Peeters-y-Nathalie-Janssens--1200x900.webp 1200w, https:\/\/www.realclubmaritimomelilla.es\/clmar\/wp-content\/uploads\/MASTER-1o-Jan-Peeters-y-Nathalie-Janssens--jpg.webp 1417w\" sizes=\"(max-width: 1417px) 100vw, 1417px\" \/><\/a>\n\t\t\t<\/dt><\/dl><dl class='gallery-item'>\n\t\t\t<dt class='gallery-icon landscape'>\n\t\t\t\t<a data-rel=\"iLightbox[postimages]\" data-title=\"MASTER 2\u00ba Mariano Sarmientos y Beatriz Pe\u00f1as\" data-caption=\"\" href='https:\/\/www.realclubmaritimomelilla.es\/clmar\/los-campeones-de-snipe-en-el-iv-trofeo-de-vela-ligera-real-club-maritimo-melilla-ciudad-del-deporte-reciben-sus-galardones\/master-2o-mariano-sarmientos-y-beatriz-penas\/'><img decoding=\"async\" width=\"1417\" height=\"1129\" src=\"https:\/\/www.realclubmaritimomelilla.es\/clmar\/wp-content\/uploads\/MASTER-2o-Mariano-Sarmientos-y-Beatriz-Penas--jpg.webp\" class=\"attachment-full size-full\" alt=\"\" srcset=\"https:\/\/www.realclubmaritimomelilla.es\/clmar\/wp-content\/uploads\/MASTER-2o-Mariano-Sarmientos-y-Beatriz-Penas--177x142.webp 177w, https:\/\/www.realclubmaritimomelilla.es\/clmar\/wp-content\/uploads\/MASTER-2o-Mariano-Sarmientos-y-Beatriz-Penas--200x159.webp 200w, https:\/\/www.realclubmaritimomelilla.es\/clmar\/wp-content\/uploads\/MASTER-2o-Mariano-Sarmientos-y-Beatriz-Penas--300x239.webp 300w, https:\/\/www.realclubmaritimomelilla.es\/clmar\/wp-content\/uploads\/MASTER-2o-Mariano-Sarmientos-y-Beatriz-Penas--400x319.webp 400w, https:\/\/www.realclubmaritimomelilla.es\/clmar\/wp-content\/uploads\/MASTER-2o-Mariano-Sarmientos-y-Beatriz-Penas--600x478.webp 600w, https:\/\/www.realclubmaritimomelilla.es\/clmar\/wp-content\/uploads\/MASTER-2o-Mariano-Sarmientos-y-Beatriz-Penas--768x612.webp 768w, https:\/\/www.realclubmaritimomelilla.es\/clmar\/wp-content\/uploads\/MASTER-2o-Mariano-Sarmientos-y-Beatriz-Penas--800x637.webp 800w, https:\/\/www.realclubmaritimomelilla.es\/clmar\/wp-content\/uploads\/MASTER-2o-Mariano-Sarmientos-y-Beatriz-Penas--1024x816.webp 1024w, https:\/\/www.realclubmaritimomelilla.es\/clmar\/wp-content\/uploads\/MASTER-2o-Mariano-Sarmientos-y-Beatriz-Penas--1200x956.webp 1200w, https:\/\/www.realclubmaritimomelilla.es\/clmar\/wp-content\/uploads\/MASTER-2o-Mariano-Sarmientos-y-Beatriz-Penas--jpg.webp 1417w\" sizes=\"(max-width: 1417px) 100vw, 1417px\" \/><\/a>\n\t\t\t<\/dt><\/dl><dl class='gallery-item'>\n\t\t\t<dt class='gallery-icon landscape'>\n\t\t\t\t<a data-rel=\"iLightbox[postimages]\" data-title=\"MASTER 3\u00ba Manu Hens y Guillermo Garc\u00eda\" data-caption=\"\" href='https:\/\/www.realclubmaritimomelilla.es\/clmar\/los-campeones-de-snipe-en-el-iv-trofeo-de-vela-ligera-real-club-maritimo-melilla-ciudad-del-deporte-reciben-sus-galardones\/master-3o-manu-hens-y-guillermo-garcia\/'><img decoding=\"async\" width=\"1417\" height=\"1057\" src=\"https:\/\/www.realclubmaritimomelilla.es\/clmar\/wp-content\/uploads\/MASTER-3o-Manu-Hens-y-Guillermo-Garcia--jpg.webp\" class=\"attachment-full size-full\" alt=\"\" srcset=\"https:\/\/www.realclubmaritimomelilla.es\/clmar\/wp-content\/uploads\/MASTER-3o-Manu-Hens-y-Guillermo-Garcia--200x149.webp 200w, https:\/\/www.realclubmaritimomelilla.es\/clmar\/wp-content\/uploads\/MASTER-3o-Manu-Hens-y-Guillermo-Garcia--300x224.webp 300w, https:\/\/www.realclubmaritimomelilla.es\/clmar\/wp-content\/uploads\/MASTER-3o-Manu-Hens-y-Guillermo-Garcia--400x298.webp 400w, https:\/\/www.realclubmaritimomelilla.es\/clmar\/wp-content\/uploads\/MASTER-3o-Manu-Hens-y-Guillermo-Garcia--600x448.webp 600w, https:\/\/www.realclubmaritimomelilla.es\/clmar\/wp-content\/uploads\/MASTER-3o-Manu-Hens-y-Guillermo-Garcia--768x573.webp 768w, https:\/\/www.realclubmaritimomelilla.es\/clmar\/wp-content\/uploads\/MASTER-3o-Manu-Hens-y-Guillermo-Garcia--800x597.webp 800w, https:\/\/www.realclubmaritimomelilla.es\/clmar\/wp-content\/uploads\/MASTER-3o-Manu-Hens-y-Guillermo-Garcia--1024x764.webp 1024w, https:\/\/www.realclubmaritimomelilla.es\/clmar\/wp-content\/uploads\/MASTER-3o-Manu-Hens-y-Guillermo-Garcia--1200x895.webp 1200w, https:\/\/www.realclubmaritimomelilla.es\/clmar\/wp-content\/uploads\/MASTER-3o-Manu-Hens-y-Guillermo-Garcia--jpg.webp 1417w\" sizes=\"(max-width: 1417px) 100vw, 1417px\" \/><\/a>\n\t\t\t<\/dt><\/dl><br style=\"clear: both\" \/><dl class='gallery-item'>\n\t\t\t<dt class='gallery-icon landscape'>\n\t\t\t\t<a data-rel=\"iLightbox[postimages]\" data-title=\"MIXTA 1\u00ba Alberto Mart\u00ednez y Mar\u00eda Valverde\" data-caption=\"\" href='https:\/\/www.realclubmaritimomelilla.es\/clmar\/los-campeones-de-snipe-en-el-iv-trofeo-de-vela-ligera-real-club-maritimo-melilla-ciudad-del-deporte-reciben-sus-galardones\/mixta-1o-alberto-martinez-y-maria-valverde\/'><img decoding=\"async\" width=\"1417\" height=\"977\" src=\"https:\/\/www.realclubmaritimomelilla.es\/clmar\/wp-content\/uploads\/MIXTA-1o-Alberto-Martinez-y-Maria-Valverde--jpg.webp\" class=\"attachment-full size-full\" alt=\"\" srcset=\"https:\/\/www.realclubmaritimomelilla.es\/clmar\/wp-content\/uploads\/MIXTA-1o-Alberto-Martinez-y-Maria-Valverde--200x138.webp 200w, https:\/\/www.realclubmaritimomelilla.es\/clmar\/wp-content\/uploads\/MIXTA-1o-Alberto-Martinez-y-Maria-Valverde--300x207.webp 300w, https:\/\/www.realclubmaritimomelilla.es\/clmar\/wp-content\/uploads\/MIXTA-1o-Alberto-Martinez-y-Maria-Valverde--400x276.webp 400w, https:\/\/www.realclubmaritimomelilla.es\/clmar\/wp-content\/uploads\/MIXTA-1o-Alberto-Martinez-y-Maria-Valverde--600x414.webp 600w, https:\/\/www.realclubmaritimomelilla.es\/clmar\/wp-content\/uploads\/MIXTA-1o-Alberto-Martinez-y-Maria-Valverde--768x530.webp 768w, https:\/\/www.realclubmaritimomelilla.es\/clmar\/wp-content\/uploads\/MIXTA-1o-Alberto-Martinez-y-Maria-Valverde--800x552.webp 800w, https:\/\/www.realclubmaritimomelilla.es\/clmar\/wp-content\/uploads\/MIXTA-1o-Alberto-Martinez-y-Maria-Valverde--1024x706.webp 1024w, https:\/\/www.realclubmaritimomelilla.es\/clmar\/wp-content\/uploads\/MIXTA-1o-Alberto-Martinez-y-Maria-Valverde--1200x827.webp 1200w, https:\/\/www.realclubmaritimomelilla.es\/clmar\/wp-content\/uploads\/MIXTA-1o-Alberto-Martinez-y-Maria-Valverde--jpg.webp 1417w\" sizes=\"(max-width: 1417px) 100vw, 1417px\" \/><\/a>\n\t\t\t<\/dt><\/dl><dl class='gallery-item'>\n\t\t\t<dt class='gallery-icon landscape'>\n\t\t\t\t<a data-rel=\"iLightbox[postimages]\" data-title=\"MIXTA 2\u00ba Jan Peeters y Nathalie Janssens\" data-caption=\"\" href='https:\/\/www.realclubmaritimomelilla.es\/clmar\/los-campeones-de-snipe-en-el-iv-trofeo-de-vela-ligera-real-club-maritimo-melilla-ciudad-del-deporte-reciben-sus-galardones\/mixta-2o-jan-peeters-y-nathalie-janssens\/'><img decoding=\"async\" width=\"1417\" height=\"1171\" src=\"https:\/\/www.realclubmaritimomelilla.es\/clmar\/wp-content\/uploads\/MIXTA-2o-Jan-Peeters-y-Nathalie-Janssens--jpg.webp\" class=\"attachment-full size-full\" alt=\"\" srcset=\"https:\/\/www.realclubmaritimomelilla.es\/clmar\/wp-content\/uploads\/MIXTA-2o-Jan-Peeters-y-Nathalie-Janssens--200x165.webp 200w, https:\/\/www.realclubmaritimomelilla.es\/clmar\/wp-content\/uploads\/MIXTA-2o-Jan-Peeters-y-Nathalie-Janssens--300x248.webp 300w, https:\/\/www.realclubmaritimomelilla.es\/clmar\/wp-content\/uploads\/MIXTA-2o-Jan-Peeters-y-Nathalie-Janssens--400x331.webp 400w, https:\/\/www.realclubmaritimomelilla.es\/clmar\/wp-content\/uploads\/MIXTA-2o-Jan-Peeters-y-Nathalie-Janssens--600x496.webp 600w, https:\/\/www.realclubmaritimomelilla.es\/clmar\/wp-content\/uploads\/MIXTA-2o-Jan-Peeters-y-Nathalie-Janssens--768x635.webp 768w, https:\/\/www.realclubmaritimomelilla.es\/clmar\/wp-content\/uploads\/MIXTA-2o-Jan-Peeters-y-Nathalie-Janssens--800x661.webp 800w, https:\/\/www.realclubmaritimomelilla.es\/clmar\/wp-content\/uploads\/MIXTA-2o-Jan-Peeters-y-Nathalie-Janssens--1024x846.webp 1024w, https:\/\/www.realclubmaritimomelilla.es\/clmar\/wp-content\/uploads\/MIXTA-2o-Jan-Peeters-y-Nathalie-Janssens--1200x992.webp 1200w, https:\/\/www.realclubmaritimomelilla.es\/clmar\/wp-content\/uploads\/MIXTA-2o-Jan-Peeters-y-Nathalie-Janssens--jpg.webp 1417w\" sizes=\"(max-width: 1417px) 100vw, 1417px\" \/><\/a>\n\t\t\t<\/dt><\/dl><dl class='gallery-item'>\n\t\t\t<dt class='gallery-icon landscape'>\n\t\t\t\t<a data-rel=\"iLightbox[postimages]\" data-title=\"MIXTA 3\u00ba Mariano Sarmientos y Beatriz Pe\u00f1as\" data-caption=\"\" href='https:\/\/www.realclubmaritimomelilla.es\/clmar\/los-campeones-de-snipe-en-el-iv-trofeo-de-vela-ligera-real-club-maritimo-melilla-ciudad-del-deporte-reciben-sus-galardones\/mixta-3o-mariano-sarmientos-y-beatriz-penas\/'><img decoding=\"async\" width=\"1417\" height=\"1205\" src=\"https:\/\/www.realclubmaritimomelilla.es\/clmar\/wp-content\/uploads\/MIXTA-3o-Mariano-Sarmientos-y-Beatriz-Penas--jpg.webp\" class=\"attachment-full size-full\" alt=\"\" srcset=\"https:\/\/www.realclubmaritimomelilla.es\/clmar\/wp-content\/uploads\/MIXTA-3o-Mariano-Sarmientos-y-Beatriz-Penas--200x170.webp 200w, https:\/\/www.realclubmaritimomelilla.es\/clmar\/wp-content\/uploads\/MIXTA-3o-Mariano-Sarmientos-y-Beatriz-Penas--300x255.webp 300w, https:\/\/www.realclubmaritimomelilla.es\/clmar\/wp-content\/uploads\/MIXTA-3o-Mariano-Sarmientos-y-Beatriz-Penas--400x340.webp 400w, https:\/\/www.realclubmaritimomelilla.es\/clmar\/wp-content\/uploads\/MIXTA-3o-Mariano-Sarmientos-y-Beatriz-Penas--600x510.webp 600w, https:\/\/www.realclubmaritimomelilla.es\/clmar\/wp-content\/uploads\/MIXTA-3o-Mariano-Sarmientos-y-Beatriz-Penas--768x653.webp 768w, https:\/\/www.realclubmaritimomelilla.es\/clmar\/wp-content\/uploads\/MIXTA-3o-Mariano-Sarmientos-y-Beatriz-Penas--800x680.webp 800w, https:\/\/www.realclubmaritimomelilla.es\/clmar\/wp-content\/uploads\/MIXTA-3o-Mariano-Sarmientos-y-Beatriz-Penas--1024x871.webp 1024w, https:\/\/www.realclubmaritimomelilla.es\/clmar\/wp-content\/uploads\/MIXTA-3o-Mariano-Sarmientos-y-Beatriz-Penas--1200x1020.webp 1200w, https:\/\/www.realclubmaritimomelilla.es\/clmar\/wp-content\/uploads\/MIXTA-3o-Mariano-Sarmientos-y-Beatriz-Penas--jpg.webp 1417w\" sizes=\"(max-width: 1417px) 100vw, 1417px\" \/><\/a>\n\t\t\t<\/dt><\/dl><br style=\"clear: both\" \/><dl class='gallery-item'>\n\t\t\t<dt class='gallery-icon landscape'>\n\t\t\t\t<a data-rel=\"iLightbox[postimages]\" data-title=\"PODIO categor\u00eda femenina\" data-caption=\"\" href='https:\/\/www.realclubmaritimomelilla.es\/clmar\/los-campeones-de-snipe-en-el-iv-trofeo-de-vela-ligera-real-club-maritimo-melilla-ciudad-del-deporte-reciben-sus-galardones\/podio-categoria-femenina\/'><img decoding=\"async\" width=\"1417\" height=\"885\" src=\"https:\/\/www.realclubmaritimomelilla.es\/clmar\/wp-content\/uploads\/PODIO-categoria-femenina-jpg.webp\" class=\"attachment-full size-full\" alt=\"\" srcset=\"https:\/\/www.realclubmaritimomelilla.es\/clmar\/wp-content\/uploads\/PODIO-categoria-femenina-200x125.webp 200w, https:\/\/www.realclubmaritimomelilla.es\/clmar\/wp-content\/uploads\/PODIO-categoria-femenina-300x187.webp 300w, https:\/\/www.realclubmaritimomelilla.es\/clmar\/wp-content\/uploads\/PODIO-categoria-femenina-400x250.webp 400w, https:\/\/www.realclubmaritimomelilla.es\/clmar\/wp-content\/uploads\/PODIO-categoria-femenina-600x375.webp 600w, https:\/\/www.realclubmaritimomelilla.es\/clmar\/wp-content\/uploads\/PODIO-categoria-femenina-768x480.webp 768w, https:\/\/www.realclubmaritimomelilla.es\/clmar\/wp-content\/uploads\/PODIO-categoria-femenina-800x500.webp 800w, https:\/\/www.realclubmaritimomelilla.es\/clmar\/wp-content\/uploads\/PODIO-categoria-femenina-1024x640.webp 1024w, https:\/\/www.realclubmaritimomelilla.es\/clmar\/wp-content\/uploads\/PODIO-categoria-femenina-1200x749.webp 1200w, https:\/\/www.realclubmaritimomelilla.es\/clmar\/wp-content\/uploads\/PODIO-categoria-femenina-jpg.webp 1417w\" sizes=\"(max-width: 1417px) 100vw, 1417px\" \/><\/a>\n\t\t\t<\/dt><\/dl><dl class='gallery-item'>\n\t\t\t<dt class='gallery-icon landscape'>\n\t\t\t\t<a data-rel=\"iLightbox[postimages]\" data-title=\"PODIO categor\u00eda juvenil\" data-caption=\"\" href='https:\/\/www.realclubmaritimomelilla.es\/clmar\/los-campeones-de-snipe-en-el-iv-trofeo-de-vela-ligera-real-club-maritimo-melilla-ciudad-del-deporte-reciben-sus-galardones\/podio-categoria-juvenil\/'><img decoding=\"async\" width=\"1417\" height=\"961\" src=\"https:\/\/www.realclubmaritimomelilla.es\/clmar\/wp-content\/uploads\/PODIO-categoria-juvenil-jpg.webp\" class=\"attachment-full size-full\" alt=\"\" srcset=\"https:\/\/www.realclubmaritimomelilla.es\/clmar\/wp-content\/uploads\/PODIO-categoria-juvenil-200x136.webp 200w, https:\/\/www.realclubmaritimomelilla.es\/clmar\/wp-content\/uploads\/PODIO-categoria-juvenil-300x203.webp 300w, https:\/\/www.realclubmaritimomelilla.es\/clmar\/wp-content\/uploads\/PODIO-categoria-juvenil-400x271.webp 400w, https:\/\/www.realclubmaritimomelilla.es\/clmar\/wp-content\/uploads\/PODIO-categoria-juvenil-600x407.webp 600w, https:\/\/www.realclubmaritimomelilla.es\/clmar\/wp-content\/uploads\/PODIO-categoria-juvenil-768x521.webp 768w, https:\/\/www.realclubmaritimomelilla.es\/clmar\/wp-content\/uploads\/PODIO-categoria-juvenil-800x543.webp 800w, https:\/\/www.realclubmaritimomelilla.es\/clmar\/wp-content\/uploads\/PODIO-categoria-juvenil-1024x694.webp 1024w, https:\/\/www.realclubmaritimomelilla.es\/clmar\/wp-content\/uploads\/PODIO-categoria-juvenil-1200x814.webp 1200w, https:\/\/www.realclubmaritimomelilla.es\/clmar\/wp-content\/uploads\/PODIO-categoria-juvenil-jpg.webp 1417w\" sizes=\"(max-width: 1417px) 100vw, 1417px\" \/><\/a>\n\t\t\t<\/dt><\/dl><dl class='gallery-item'>\n\t\t\t<dt class='gallery-icon landscape'>\n\t\t\t\t<a data-rel=\"iLightbox[postimages]\" data-title=\"PODIO categor\u00eda mixta\" data-caption=\"\" href='https:\/\/www.realclubmaritimomelilla.es\/clmar\/los-campeones-de-snipe-en-el-iv-trofeo-de-vela-ligera-real-club-maritimo-melilla-ciudad-del-deporte-reciben-sus-galardones\/podio-categoria-mixta\/'><img decoding=\"async\" width=\"1417\" height=\"906\" src=\"https:\/\/www.realclubmaritimomelilla.es\/clmar\/wp-content\/uploads\/PODIO-categoria-mixta-jpg.webp\" class=\"attachment-full size-full\" alt=\"\" srcset=\"https:\/\/www.realclubmaritimomelilla.es\/clmar\/wp-content\/uploads\/PODIO-categoria-mixta-200x128.webp 200w, https:\/\/www.realclubmaritimomelilla.es\/clmar\/wp-content\/uploads\/PODIO-categoria-mixta-300x192.webp 300w, https:\/\/www.realclubmaritimomelilla.es\/clmar\/wp-content\/uploads\/PODIO-categoria-mixta-400x256.webp 400w, https:\/\/www.realclubmaritimomelilla.es\/clmar\/wp-content\/uploads\/PODIO-categoria-mixta-460x295.webp 460w, https:\/\/www.realclubmaritimomelilla.es\/clmar\/wp-content\/uploads\/PODIO-categoria-mixta-600x384.webp 600w, https:\/\/www.realclubmaritimomelilla.es\/clmar\/wp-content\/uploads\/PODIO-categoria-mixta-768x491.webp 768w, https:\/\/www.realclubmaritimomelilla.es\/clmar\/wp-content\/uploads\/PODIO-categoria-mixta-800x512.webp 800w, https:\/\/www.realclubmaritimomelilla.es\/clmar\/wp-content\/uploads\/PODIO-categoria-mixta-1024x655.webp 1024w, https:\/\/www.realclubmaritimomelilla.es\/clmar\/wp-content\/uploads\/PODIO-categoria-mixta-1200x767.webp 1200w, https:\/\/www.realclubmaritimomelilla.es\/clmar\/wp-content\/uploads\/PODIO-categoria-mixta-jpg.webp 1417w\" sizes=\"(max-width: 1417px) 100vw, 1417px\" \/><\/a>\n\t\t\t<\/dt><\/dl><br style=\"clear: both\" \/><dl class='gallery-item'>\n\t\t\t<dt class='gallery-icon landscape'>\n\t\t\t\t<a data-rel=\"iLightbox[postimages]\" data-title=\"PODIO catergor\u00eda master\" data-caption=\"\" href='https:\/\/www.realclubmaritimomelilla.es\/clmar\/los-campeones-de-snipe-en-el-iv-trofeo-de-vela-ligera-real-club-maritimo-melilla-ciudad-del-deporte-reciben-sus-galardones\/podio-catergoria-master\/'><img decoding=\"async\" width=\"1417\" height=\"935\" src=\"https:\/\/www.realclubmaritimomelilla.es\/clmar\/wp-content\/uploads\/PODIO-catergoria-master-jpg.webp\" class=\"attachment-full size-full\" alt=\"\" srcset=\"https:\/\/www.realclubmaritimomelilla.es\/clmar\/wp-content\/uploads\/PODIO-catergoria-master-200x132.webp 200w, https:\/\/www.realclubmaritimomelilla.es\/clmar\/wp-content\/uploads\/PODIO-catergoria-master-300x198.webp 300w, https:\/\/www.realclubmaritimomelilla.es\/clmar\/wp-content\/uploads\/PODIO-catergoria-master-400x264.webp 400w, https:\/\/www.realclubmaritimomelilla.es\/clmar\/wp-content\/uploads\/PODIO-catergoria-master-600x396.webp 600w, https:\/\/www.realclubmaritimomelilla.es\/clmar\/wp-content\/uploads\/PODIO-catergoria-master-768x507.webp 768w, https:\/\/www.realclubmaritimomelilla.es\/clmar\/wp-content\/uploads\/PODIO-catergoria-master-800x528.webp 800w, https:\/\/www.realclubmaritimomelilla.es\/clmar\/wp-content\/uploads\/PODIO-catergoria-master-1024x676.webp 1024w, https:\/\/www.realclubmaritimomelilla.es\/clmar\/wp-content\/uploads\/PODIO-catergoria-master-1200x792.webp 1200w, https:\/\/www.realclubmaritimomelilla.es\/clmar\/wp-content\/uploads\/PODIO-catergoria-master-jpg.webp 1417w\" sizes=\"(max-width: 1417px) 100vw, 1417px\" \/><\/a>\n\t\t\t<\/dt><\/dl><dl class='gallery-item'>\n\t\t\t<dt class='gallery-icon landscape'>\n\t\t\t\t<a data-rel=\"iLightbox[postimages]\" data-title=\"PODIO clasificaci\u00f3n general\" data-caption=\"\" href='https:\/\/www.realclubmaritimomelilla.es\/clmar\/los-campeones-de-snipe-en-el-iv-trofeo-de-vela-ligera-real-club-maritimo-melilla-ciudad-del-deporte-reciben-sus-galardones\/podio-clasificacion-general\/'><img decoding=\"async\" width=\"1417\" height=\"873\" src=\"https:\/\/www.realclubmaritimomelilla.es\/clmar\/wp-content\/uploads\/PODIO-clasificacion-general-jpg.webp\" class=\"attachment-full size-full\" alt=\"\" srcset=\"https:\/\/www.realclubmaritimomelilla.es\/clmar\/wp-content\/uploads\/PODIO-clasificacion-general-200x123.webp 200w, https:\/\/www.realclubmaritimomelilla.es\/clmar\/wp-content\/uploads\/PODIO-clasificacion-general-300x185.webp 300w, https:\/\/www.realclubmaritimomelilla.es\/clmar\/wp-content\/uploads\/PODIO-clasificacion-general-400x246.webp 400w, https:\/\/www.realclubmaritimomelilla.es\/clmar\/wp-content\/uploads\/PODIO-clasificacion-general-600x370.webp 600w, https:\/\/www.realclubmaritimomelilla.es\/clmar\/wp-content\/uploads\/PODIO-clasificacion-general-768x473.webp 768w, https:\/\/www.realclubmaritimomelilla.es\/clmar\/wp-content\/uploads\/PODIO-clasificacion-general-800x493.webp 800w, https:\/\/www.realclubmaritimomelilla.es\/clmar\/wp-content\/uploads\/PODIO-clasificacion-general-1024x631.webp 1024w, https:\/\/www.realclubmaritimomelilla.es\/clmar\/wp-content\/uploads\/PODIO-clasificacion-general-1200x739.webp 1200w, https:\/\/www.realclubmaritimomelilla.es\/clmar\/wp-content\/uploads\/PODIO-clasificacion-general-jpg.webp 1417w\" sizes=\"(max-width: 1417px) 100vw, 1417px\" \/><\/a>\n\t\t\t<\/dt><\/dl><dl class='gallery-item'>\n\t\t\t<dt class='gallery-icon landscape'>\n\t\t\t\t<a data-rel=\"iLightbox[postimages]\" data-title=\"Trofeos Especial al regatista m\u00e1s joven\" data-caption=\"\" href='https:\/\/www.realclubmaritimomelilla.es\/clmar\/los-campeones-de-snipe-en-el-iv-trofeo-de-vela-ligera-real-club-maritimo-melilla-ciudad-del-deporte-reciben-sus-galardones\/trofeos-especial-al-regatista-mas-joven\/'><img decoding=\"async\" width=\"1417\" height=\"826\" src=\"https:\/\/www.realclubmaritimomelilla.es\/clmar\/wp-content\/uploads\/Trofeos-Especial-al-regatista-mas-joven-jpg.webp\" class=\"attachment-full size-full\" alt=\"\" srcset=\"https:\/\/www.realclubmaritimomelilla.es\/clmar\/wp-content\/uploads\/Trofeos-Especial-al-regatista-mas-joven-200x117.webp 200w, https:\/\/www.realclubmaritimomelilla.es\/clmar\/wp-content\/uploads\/Trofeos-Especial-al-regatista-mas-joven-300x175.webp 300w, https:\/\/www.realclubmaritimomelilla.es\/clmar\/wp-content\/uploads\/Trofeos-Especial-al-regatista-mas-joven-400x233.webp 400w, https:\/\/www.realclubmaritimomelilla.es\/clmar\/wp-content\/uploads\/Trofeos-Especial-al-regatista-mas-joven-600x350.webp 600w, https:\/\/www.realclubmaritimomelilla.es\/clmar\/wp-content\/uploads\/Trofeos-Especial-al-regatista-mas-joven-768x448.webp 768w, https:\/\/www.realclubmaritimomelilla.es\/clmar\/wp-content\/uploads\/Trofeos-Especial-al-regatista-mas-joven-800x466.webp 800w, https:\/\/www.realclubmaritimomelilla.es\/clmar\/wp-content\/uploads\/Trofeos-Especial-al-regatista-mas-joven-1024x597.webp 1024w, https:\/\/www.realclubmaritimomelilla.es\/clmar\/wp-content\/uploads\/Trofeos-Especial-al-regatista-mas-joven-1200x700.webp 1200w, https:\/\/www.realclubmaritimomelilla.es\/clmar\/wp-content\/uploads\/Trofeos-Especial-al-regatista-mas-joven-jpg.webp 1417w\" sizes=\"(max-width: 1417px) 100vw, 1417px\" \/><\/a>\n\t\t\t<\/dt><\/dl><br style=\"clear: both\" \/>\n\t\t<\/div>\n\n","protected":false},"excerpt":{"rendered":"<p>Jordi Triay y Mart\u00edn Fresneda han recibido los galardones que los acredita como campeones del IV Trofeo de Vela Ligera Real Club Mar\u00edtimo \u2013 \u2018Melilla, Ciudad del Deporte\u2019 en la clase snipe. De esta forma, se ha clausurado la primera parte de la Regata, que durante toda esta semana se celebra en la ciudad aut\u00f3noma [&hellip;]<\/p>\n","protected":false},"author":1,"featured_media":23432,"comment_status":"open","ping_status":"open","sticky":false,"template":"","format":"standard","meta":{"_acf_changed":false,"footnotes":""},"categories":[38],"tags":[],"class_list":["post-23410","post","type-post","status-publish","format-standard","has-post-thumbnail","hentry","category-nautica"],"acf":[],"yoast_head":"<!-- This site is optimized with the Yoast SEO plugin v27.5 - https:\/\/yoast.com\/product\/yoast-seo-wordpress\/ -->\n<title>Los campeones de snipe en el IV Trofeo de Vela ligera reciben sus galardones - Real Club Mar\u00edtimo de Melilla<\/title>\n<meta name=\"description\" content=\"Jordi Triay y Mart\u00edn Fresneda han recibido los galardones que los acredita como campeones del IV Trofeo de Vela Ligera Real Club Mar\u00edtimo \u2013 \u2018Melilla, Ciudad del Deporte\u2019 en la clase snipe.\" \/>\n<meta name=\"robots\" content=\"index, follow, max-snippet:-1, max-image-preview:large, max-video-preview:-1\" \/>\n<link rel=\"canonical\" href=\"https:\/\/www.realclubmaritimomelilla.es\/clmar\/los-campeones-de-snipe-en-el-iv-trofeo-de-vela-ligera-real-club-maritimo-melilla-ciudad-del-deporte-reciben-sus-galardones\/\" \/>\n<meta property=\"og:locale\" content=\"es_ES\" \/>\n<meta property=\"og:type\" content=\"article\" \/>\n<meta property=\"og:title\" content=\"Los campeones de snipe en el IV Trofeo de Vela ligera reciben sus galardones - Real Club Mar\u00edtimo de Melilla\" \/>\n<meta property=\"og:description\" content=\"Jordi Triay y Mart\u00edn Fresneda han recibido los galardones que los acredita como campeones del IV Trofeo de Vela Ligera Real Club Mar\u00edtimo \u2013 \u2018Melilla, Ciudad del Deporte\u2019 en la clase snipe.\" \/>\n<meta property=\"og:url\" content=\"https:\/\/www.realclubmaritimomelilla.es\/clmar\/los-campeones-de-snipe-en-el-iv-trofeo-de-vela-ligera-real-club-maritimo-melilla-ciudad-del-deporte-reciben-sus-galardones\/\" \/>\n<meta property=\"og:site_name\" content=\"Real Club Mar\u00edtimo de Melilla\" \/>\n<meta property=\"article:publisher\" content=\"https:\/\/www.facebook.com\/Real-Club-Mar%c3%adtimo-de-Melilla-588495841234214\/\" \/>\n<meta property=\"article:published_time\" content=\"2024-08-11T19:48:57+00:00\" \/>\n<meta property=\"article:modified_time\" content=\"2024-08-26T08:16:46+00:00\" \/>\n<meta property=\"og:image\" content=\"https:\/\/www.realclubmaritimomelilla.es\/clmar\/wp-content\/uploads\/PODIO-jpg.webp\" \/>\n\t<meta property=\"og:image:width\" content=\"1417\" \/>\n\t<meta property=\"og:image:height\" content=\"729\" \/>\n\t<meta property=\"og:image:type\" content=\"image\/jpeg\" \/>\n<meta name=\"author\" content=\"RCMMelilla\" \/>\n<meta name=\"twitter:card\" content=\"summary_large_image\" \/>\n<meta name=\"twitter:creator\" content=\"@nauticarcmm\" \/>\n<meta name=\"twitter:site\" content=\"@nauticarcmm\" \/>\n<meta name=\"twitter:label1\" content=\"Escrito por\" \/>\n\t<meta name=\"twitter:data1\" content=\"RCMMelilla\" \/>\n\t<meta name=\"twitter:label2\" content=\"Tiempo de lectura\" \/>\n\t<meta name=\"twitter:data2\" content=\"3 minutos\" \/>\n<script type=\"application\/ld+json\" class=\"yoast-schema-graph\">{\"@context\":\"https:\\\/\\\/schema.org\",\"@graph\":[{\"@type\":\"Article\",\"@id\":\"https:\\\/\\\/www.realclubmaritimomelilla.es\\\/clmar\\\/los-campeones-de-snipe-en-el-iv-trofeo-de-vela-ligera-real-club-maritimo-melilla-ciudad-del-deporte-reciben-sus-galardones\\\/#article\",\"isPartOf\":{\"@id\":\"https:\\\/\\\/www.realclubmaritimomelilla.es\\\/clmar\\\/los-campeones-de-snipe-en-el-iv-trofeo-de-vela-ligera-real-club-maritimo-melilla-ciudad-del-deporte-reciben-sus-galardones\\\/\"},\"author\":{\"name\":\"RCMMelilla\",\"@id\":\"https:\\\/\\\/www.realclubmaritimomelilla.es\\\/clmar\\\/#\\\/schema\\\/person\\\/ebaa3713496dc6d48c872452e73a8e79\"},\"headline\":\"Los campeones de snipe en el IV Trofeo de Vela ligera reciben sus galardones\",\"datePublished\":\"2024-08-11T19:48:57+00:00\",\"dateModified\":\"2024-08-26T08:16:46+00:00\",\"mainEntityOfPage\":{\"@id\":\"https:\\\/\\\/www.realclubmaritimomelilla.es\\\/clmar\\\/los-campeones-de-snipe-en-el-iv-trofeo-de-vela-ligera-real-club-maritimo-melilla-ciudad-del-deporte-reciben-sus-galardones\\\/\"},\"wordCount\":644,\"commentCount\":0,\"publisher\":{\"@id\":\"https:\\\/\\\/www.realclubmaritimomelilla.es\\\/clmar\\\/#organization\"},\"image\":{\"@id\":\"https:\\\/\\\/www.realclubmaritimomelilla.es\\\/clmar\\\/los-campeones-de-snipe-en-el-iv-trofeo-de-vela-ligera-real-club-maritimo-melilla-ciudad-del-deporte-reciben-sus-galardones\\\/#primaryimage\"},\"thumbnailUrl\":\"https:\\\/\\\/www.realclubmaritimomelilla.es\\\/clmar\\\/wp-content\\\/uploads\\\/PODIO-jpg.webp\",\"articleSection\":[\"N\u00e1utica\"],\"inLanguage\":\"es\",\"potentialAction\":[{\"@type\":\"CommentAction\",\"name\":\"Comment\",\"target\":[\"https:\\\/\\\/www.realclubmaritimomelilla.es\\\/clmar\\\/los-campeones-de-snipe-en-el-iv-trofeo-de-vela-ligera-real-club-maritimo-melilla-ciudad-del-deporte-reciben-sus-galardones\\\/#respond\"]}]},{\"@type\":\"WebPage\",\"@id\":\"https:\\\/\\\/www.realclubmaritimomelilla.es\\\/clmar\\\/los-campeones-de-snipe-en-el-iv-trofeo-de-vela-ligera-real-club-maritimo-melilla-ciudad-del-deporte-reciben-sus-galardones\\\/\",\"url\":\"https:\\\/\\\/www.realclubmaritimomelilla.es\\\/clmar\\\/los-campeones-de-snipe-en-el-iv-trofeo-de-vela-ligera-real-club-maritimo-melilla-ciudad-del-deporte-reciben-sus-galardones\\\/\",\"name\":\"Los campeones de snipe en el IV Trofeo de Vela ligera reciben sus galardones - Real Club Mar\u00edtimo de Melilla\",\"isPartOf\":{\"@id\":\"https:\\\/\\\/www.realclubmaritimomelilla.es\\\/clmar\\\/#website\"},\"primaryImageOfPage\":{\"@id\":\"https:\\\/\\\/www.realclubmaritimomelilla.es\\\/clmar\\\/los-campeones-de-snipe-en-el-iv-trofeo-de-vela-ligera-real-club-maritimo-melilla-ciudad-del-deporte-reciben-sus-galardones\\\/#primaryimage\"},\"image\":{\"@id\":\"https:\\\/\\\/www.realclubmaritimomelilla.es\\\/clmar\\\/los-campeones-de-snipe-en-el-iv-trofeo-de-vela-ligera-real-club-maritimo-melilla-ciudad-del-deporte-reciben-sus-galardones\\\/#primaryimage\"},\"thumbnailUrl\":\"https:\\\/\\\/www.realclubmaritimomelilla.es\\\/clmar\\\/wp-content\\\/uploads\\\/PODIO-jpg.webp\",\"datePublished\":\"2024-08-11T19:48:57+00:00\",\"dateModified\":\"2024-08-26T08:16:46+00:00\",\"description\":\"Jordi Triay y Mart\u00edn Fresneda han recibido los galardones que los acredita como campeones del IV Trofeo de Vela Ligera Real Club Mar\u00edtimo \u2013 \u2018Melilla, Ciudad del Deporte\u2019 en la clase snipe.\",\"breadcrumb\":{\"@id\":\"https:\\\/\\\/www.realclubmaritimomelilla.es\\\/clmar\\\/los-campeones-de-snipe-en-el-iv-trofeo-de-vela-ligera-real-club-maritimo-melilla-ciudad-del-deporte-reciben-sus-galardones\\\/#breadcrumb\"},\"inLanguage\":\"es\",\"potentialAction\":[{\"@type\":\"ReadAction\",\"target\":[\"https:\\\/\\\/www.realclubmaritimomelilla.es\\\/clmar\\\/los-campeones-de-snipe-en-el-iv-trofeo-de-vela-ligera-real-club-maritimo-melilla-ciudad-del-deporte-reciben-sus-galardones\\\/\"]}]},{\"@type\":\"ImageObject\",\"inLanguage\":\"es\",\"@id\":\"https:\\\/\\\/www.realclubmaritimomelilla.es\\\/clmar\\\/los-campeones-de-snipe-en-el-iv-trofeo-de-vela-ligera-real-club-maritimo-melilla-ciudad-del-deporte-reciben-sus-galardones\\\/#primaryimage\",\"url\":\"https:\\\/\\\/www.realclubmaritimomelilla.es\\\/clmar\\\/wp-content\\\/uploads\\\/PODIO-jpg.webp\",\"contentUrl\":\"https:\\\/\\\/www.realclubmaritimomelilla.es\\\/clmar\\\/wp-content\\\/uploads\\\/PODIO-jpg.webp\",\"width\":1417,\"height\":729},{\"@type\":\"BreadcrumbList\",\"@id\":\"https:\\\/\\\/www.realclubmaritimomelilla.es\\\/clmar\\\/los-campeones-de-snipe-en-el-iv-trofeo-de-vela-ligera-real-club-maritimo-melilla-ciudad-del-deporte-reciben-sus-galardones\\\/#breadcrumb\",\"itemListElement\":[{\"@type\":\"ListItem\",\"position\":1,\"name\":\"Portada\",\"item\":\"https:\\\/\\\/www.realclubmaritimomelilla.es\\\/clmar\\\/\"},{\"@type\":\"ListItem\",\"position\":2,\"name\":\"Los campeones de snipe en el IV Trofeo de Vela ligera reciben sus galardones\"}]},{\"@type\":\"WebSite\",\"@id\":\"https:\\\/\\\/www.realclubmaritimomelilla.es\\\/clmar\\\/#website\",\"url\":\"https:\\\/\\\/www.realclubmaritimomelilla.es\\\/clmar\\\/\",\"name\":\"Real Club Mar\u00edtimo de Melilla\",\"description\":\"RCMM\",\"publisher\":{\"@id\":\"https:\\\/\\\/www.realclubmaritimomelilla.es\\\/clmar\\\/#organization\"},\"alternateName\":\"RCMM\",\"potentialAction\":[{\"@type\":\"SearchAction\",\"target\":{\"@type\":\"EntryPoint\",\"urlTemplate\":\"https:\\\/\\\/www.realclubmaritimomelilla.es\\\/clmar\\\/?s={search_term_string}\"},\"query-input\":{\"@type\":\"PropertyValueSpecification\",\"valueRequired\":true,\"valueName\":\"search_term_string\"}}],\"inLanguage\":\"es\"},{\"@type\":\"Organization\",\"@id\":\"https:\\\/\\\/www.realclubmaritimomelilla.es\\\/clmar\\\/#organization\",\"name\":\"Real Club Mar\u00edtimo de Melilla\",\"alternateName\":\"RCMM\",\"url\":\"https:\\\/\\\/www.realclubmaritimomelilla.es\\\/clmar\\\/\",\"logo\":{\"@type\":\"ImageObject\",\"inLanguage\":\"es\",\"@id\":\"https:\\\/\\\/www.realclubmaritimomelilla.es\\\/clmar\\\/#\\\/schema\\\/logo\\\/image\\\/\",\"url\":\"https:\\\/\\\/www.realclubmaritimomelilla.es\\\/clmar\\\/wp-content\\\/uploads\\\/logo-club-original-copia.jpg\",\"contentUrl\":\"https:\\\/\\\/www.realclubmaritimomelilla.es\\\/clmar\\\/wp-content\\\/uploads\\\/logo-club-original-copia.jpg\",\"width\":128,\"height\":89,\"caption\":\"Real Club Mar\u00edtimo de Melilla\"},\"image\":{\"@id\":\"https:\\\/\\\/www.realclubmaritimomelilla.es\\\/clmar\\\/#\\\/schema\\\/logo\\\/image\\\/\"},\"sameAs\":[\"https:\\\/\\\/www.facebook.com\\\/Real-Club-Mar\u00edtimo-de-Melilla-588495841234214\\\/\",\"https:\\\/\\\/x.com\\\/nauticarcmm\",\"https:\\\/\\\/www.instagram.com\\\/club_maritimo_melilla\\\/\",\"https:\\\/\\\/www.youtube.com\\\/@realclubmaritimodemelilla4703\",\"https:\\\/\\\/es.wikipedia.org\\\/wiki\\\/Real_Club_Mar\u00edtimo_de_Melilla\"]},{\"@type\":\"Person\",\"@id\":\"https:\\\/\\\/www.realclubmaritimomelilla.es\\\/clmar\\\/#\\\/schema\\\/person\\\/ebaa3713496dc6d48c872452e73a8e79\",\"name\":\"RCMMelilla\",\"image\":{\"@type\":\"ImageObject\",\"inLanguage\":\"es\",\"@id\":\"https:\\\/\\\/secure.gravatar.com\\\/avatar\\\/df1c24789360fb9308735c4ee556fc2bc5bf924bf01e53043b8b97ba272da33c?s=96&d=mm&r=g\",\"url\":\"https:\\\/\\\/secure.gravatar.com\\\/avatar\\\/df1c24789360fb9308735c4ee556fc2bc5bf924bf01e53043b8b97ba272da33c?s=96&d=mm&r=g\",\"contentUrl\":\"https:\\\/\\\/secure.gravatar.com\\\/avatar\\\/df1c24789360fb9308735c4ee556fc2bc5bf924bf01e53043b8b97ba272da33c?s=96&d=mm&r=g\",\"caption\":\"RCMMelilla\"}}]}<\/script>\n<!-- \/ Yoast SEO plugin. -->","yoast_head_json":{"title":"Los campeones de snipe en el IV Trofeo de Vela ligera reciben sus galardones - Real Club Mar\u00edtimo de Melilla","description":"Jordi Triay y Mart\u00edn Fresneda han recibido los galardones que los acredita como campeones del IV Trofeo de Vela Ligera Real Club Mar\u00edtimo \u2013 \u2018Melilla, Ciudad del Deporte\u2019 en la clase snipe.","robots":{"index":"index","follow":"follow","max-snippet":"max-snippet:-1","max-image-preview":"max-image-preview:large","max-video-preview":"max-video-preview:-1"},"canonical":"https:\/\/www.realclubmaritimomelilla.es\/clmar\/los-campeones-de-snipe-en-el-iv-trofeo-de-vela-ligera-real-club-maritimo-melilla-ciudad-del-deporte-reciben-sus-galardones\/","og_locale":"es_ES","og_type":"article","og_title":"Los campeones de snipe en el IV Trofeo de Vela ligera reciben sus galardones - Real Club Mar\u00edtimo de Melilla","og_description":"Jordi Triay y Mart\u00edn Fresneda han recibido los galardones que los acredita como campeones del IV Trofeo de Vela Ligera Real Club Mar\u00edtimo \u2013 \u2018Melilla, Ciudad del Deporte\u2019 en la clase snipe.","og_url":"https:\/\/www.realclubmaritimomelilla.es\/clmar\/los-campeones-de-snipe-en-el-iv-trofeo-de-vela-ligera-real-club-maritimo-melilla-ciudad-del-deporte-reciben-sus-galardones\/","og_site_name":"Real Club Mar\u00edtimo de Melilla","article_publisher":"https:\/\/www.facebook.com\/Real-Club-Mar%c3%adtimo-de-Melilla-588495841234214\/","article_published_time":"2024-08-11T19:48:57+00:00","article_modified_time":"2024-08-26T08:16:46+00:00","og_image":[{"width":1417,"height":729,"url":"https:\/\/www.realclubmaritimomelilla.es\/clmar\/wp-content\/uploads\/PODIO-jpg.webp","type":"image\/jpeg"}],"author":"RCMMelilla","twitter_card":"summary_large_image","twitter_creator":"@nauticarcmm","twitter_site":"@nauticarcmm","twitter_misc":{"Escrito por":"RCMMelilla","Tiempo de lectura":"3 minutos"},"schema":{"@context":"https:\/\/schema.org","@graph":[{"@type":"Article","@id":"https:\/\/www.realclubmaritimomelilla.es\/clmar\/los-campeones-de-snipe-en-el-iv-trofeo-de-vela-ligera-real-club-maritimo-melilla-ciudad-del-deporte-reciben-sus-galardones\/#article","isPartOf":{"@id":"https:\/\/www.realclubmaritimomelilla.es\/clmar\/los-campeones-de-snipe-en-el-iv-trofeo-de-vela-ligera-real-club-maritimo-melilla-ciudad-del-deporte-reciben-sus-galardones\/"},"author":{"name":"RCMMelilla","@id":"https:\/\/www.realclubmaritimomelilla.es\/clmar\/#\/schema\/person\/ebaa3713496dc6d48c872452e73a8e79"},"headline":"Los campeones de snipe en el IV Trofeo de Vela ligera reciben sus galardones","datePublished":"2024-08-11T19:48:57+00:00","dateModified":"2024-08-26T08:16:46+00:00","mainEntityOfPage":{"@id":"https:\/\/www.realclubmaritimomelilla.es\/clmar\/los-campeones-de-snipe-en-el-iv-trofeo-de-vela-ligera-real-club-maritimo-melilla-ciudad-del-deporte-reciben-sus-galardones\/"},"wordCount":644,"commentCount":0,"publisher":{"@id":"https:\/\/www.realclubmaritimomelilla.es\/clmar\/#organization"},"image":{"@id":"https:\/\/www.realclubmaritimomelilla.es\/clmar\/los-campeones-de-snipe-en-el-iv-trofeo-de-vela-ligera-real-club-maritimo-melilla-ciudad-del-deporte-reciben-sus-galardones\/#primaryimage"},"thumbnailUrl":"https:\/\/www.realclubmaritimomelilla.es\/clmar\/wp-content\/uploads\/PODIO-jpg.webp","articleSection":["N\u00e1utica"],"inLanguage":"es","potentialAction":[{"@type":"CommentAction","name":"Comment","target":["https:\/\/www.realclubmaritimomelilla.es\/clmar\/los-campeones-de-snipe-en-el-iv-trofeo-de-vela-ligera-real-club-maritimo-melilla-ciudad-del-deporte-reciben-sus-galardones\/#respond"]}]},{"@type":"WebPage","@id":"https:\/\/www.realclubmaritimomelilla.es\/clmar\/los-campeones-de-snipe-en-el-iv-trofeo-de-vela-ligera-real-club-maritimo-melilla-ciudad-del-deporte-reciben-sus-galardones\/","url":"https:\/\/www.realclubmaritimomelilla.es\/clmar\/los-campeones-de-snipe-en-el-iv-trofeo-de-vela-ligera-real-club-maritimo-melilla-ciudad-del-deporte-reciben-sus-galardones\/","name":"Los campeones de snipe en el IV Trofeo de Vela ligera reciben sus galardones - Real Club Mar\u00edtimo de Melilla","isPartOf":{"@id":"https:\/\/www.realclubmaritimomelilla.es\/clmar\/#website"},"primaryImageOfPage":{"@id":"https:\/\/www.realclubmaritimomelilla.es\/clmar\/los-campeones-de-snipe-en-el-iv-trofeo-de-vela-ligera-real-club-maritimo-melilla-ciudad-del-deporte-reciben-sus-galardones\/#primaryimage"},"image":{"@id":"https:\/\/www.realclubmaritimomelilla.es\/clmar\/los-campeones-de-snipe-en-el-iv-trofeo-de-vela-ligera-real-club-maritimo-melilla-ciudad-del-deporte-reciben-sus-galardones\/#primaryimage"},"thumbnailUrl":"https:\/\/www.realclubmaritimomelilla.es\/clmar\/wp-content\/uploads\/PODIO-jpg.webp","datePublished":"2024-08-11T19:48:57+00:00","dateModified":"2024-08-26T08:16:46+00:00","description":"Jordi Triay y Mart\u00edn Fresneda han recibido los galardones que los acredita como campeones del IV Trofeo de Vela Ligera Real Club Mar\u00edtimo \u2013 \u2018Melilla, Ciudad del Deporte\u2019 en la clase snipe.","breadcrumb":{"@id":"https:\/\/www.realclubmaritimomelilla.es\/clmar\/los-campeones-de-snipe-en-el-iv-trofeo-de-vela-ligera-real-club-maritimo-melilla-ciudad-del-deporte-reciben-sus-galardones\/#breadcrumb"},"inLanguage":"es","potentialAction":[{"@type":"ReadAction","target":["https:\/\/www.realclubmaritimomelilla.es\/clmar\/los-campeones-de-snipe-en-el-iv-trofeo-de-vela-ligera-real-club-maritimo-melilla-ciudad-del-deporte-reciben-sus-galardones\/"]}]},{"@type":"ImageObject","inLanguage":"es","@id":"https:\/\/www.realclubmaritimomelilla.es\/clmar\/los-campeones-de-snipe-en-el-iv-trofeo-de-vela-ligera-real-club-maritimo-melilla-ciudad-del-deporte-reciben-sus-galardones\/#primaryimage","url":"https:\/\/www.realclubmaritimomelilla.es\/clmar\/wp-content\/uploads\/PODIO-jpg.webp","contentUrl":"https:\/\/www.realclubmaritimomelilla.es\/clmar\/wp-content\/uploads\/PODIO-jpg.webp","width":1417,"height":729},{"@type":"BreadcrumbList","@id":"https:\/\/www.realclubmaritimomelilla.es\/clmar\/los-campeones-de-snipe-en-el-iv-trofeo-de-vela-ligera-real-club-maritimo-melilla-ciudad-del-deporte-reciben-sus-galardones\/#breadcrumb","itemListElement":[{"@type":"ListItem","position":1,"name":"Portada","item":"https:\/\/www.realclubmaritimomelilla.es\/clmar\/"},{"@type":"ListItem","position":2,"name":"Los campeones de snipe en el IV Trofeo de Vela ligera reciben sus galardones"}]},{"@type":"WebSite","@id":"https:\/\/www.realclubmaritimomelilla.es\/clmar\/#website","url":"https:\/\/www.realclubmaritimomelilla.es\/clmar\/","name":"Real Club Mar\u00edtimo de Melilla","description":"RCMM","publisher":{"@id":"https:\/\/www.realclubmaritimomelilla.es\/clmar\/#organization"},"alternateName":"RCMM","potentialAction":[{"@type":"SearchAction","target":{"@type":"EntryPoint","urlTemplate":"https:\/\/www.realclubmaritimomelilla.es\/clmar\/?s={search_term_string}"},"query-input":{"@type":"PropertyValueSpecification","valueRequired":true,"valueName":"search_term_string"}}],"inLanguage":"es"},{"@type":"Organization","@id":"https:\/\/www.realclubmaritimomelilla.es\/clmar\/#organization","name":"Real Club Mar\u00edtimo de Melilla","alternateName":"RCMM","url":"https:\/\/www.realclubmaritimomelilla.es\/clmar\/","logo":{"@type":"ImageObject","inLanguage":"es","@id":"https:\/\/www.realclubmaritimomelilla.es\/clmar\/#\/schema\/logo\/image\/","url":"https:\/\/www.realclubmaritimomelilla.es\/clmar\/wp-content\/uploads\/logo-club-original-copia.jpg","contentUrl":"https:\/\/www.realclubmaritimomelilla.es\/clmar\/wp-content\/uploads\/logo-club-original-copia.jpg","width":128,"height":89,"caption":"Real Club Mar\u00edtimo de Melilla"},"image":{"@id":"https:\/\/www.realclubmaritimomelilla.es\/clmar\/#\/schema\/logo\/image\/"},"sameAs":["https:\/\/www.facebook.com\/Real-Club-Mar\u00edtimo-de-Melilla-588495841234214\/","https:\/\/x.com\/nauticarcmm","https:\/\/www.instagram.com\/club_maritimo_melilla\/","https:\/\/www.youtube.com\/@realclubmaritimodemelilla4703","https:\/\/es.wikipedia.org\/wiki\/Real_Club_Mar\u00edtimo_de_Melilla"]},{"@type":"Person","@id":"https:\/\/www.realclubmaritimomelilla.es\/clmar\/#\/schema\/person\/ebaa3713496dc6d48c872452e73a8e79","name":"RCMMelilla","image":{"@type":"ImageObject","inLanguage":"es","@id":"https:\/\/secure.gravatar.com\/avatar\/df1c24789360fb9308735c4ee556fc2bc5bf924bf01e53043b8b97ba272da33c?s=96&d=mm&r=g","url":"https:\/\/secure.gravatar.com\/avatar\/df1c24789360fb9308735c4ee556fc2bc5bf924bf01e53043b8b97ba272da33c?s=96&d=mm&r=g","contentUrl":"https:\/\/secure.gravatar.com\/avatar\/df1c24789360fb9308735c4ee556fc2bc5bf924bf01e53043b8b97ba272da33c?s=96&d=mm&r=g","caption":"RCMMelilla"}}]}},"_links":{"self":[{"href":"https:\/\/www.realclubmaritimomelilla.es\/clmar\/wp-json\/wp\/v2\/posts\/23410","targetHints":{"allow":["GET"]}}],"collection":[{"href":"https:\/\/www.realclubmaritimomelilla.es\/clmar\/wp-json\/wp\/v2\/posts"}],"about":[{"href":"https:\/\/www.realclubmaritimomelilla.es\/clmar\/wp-json\/wp\/v2\/types\/post"}],"author":[{"embeddable":true,"href":"https:\/\/www.realclubmaritimomelilla.es\/clmar\/wp-json\/wp\/v2\/users\/1"}],"replies":[{"embeddable":true,"href":"https:\/\/www.realclubmaritimomelilla.es\/clmar\/wp-json\/wp\/v2\/comments?post=23410"}],"version-history":[{"count":3,"href":"https:\/\/www.realclubmaritimomelilla.es\/clmar\/wp-json\/wp\/v2\/posts\/23410\/revisions"}],"predecessor-version":[{"id":23767,"href":"https:\/\/www.realclubmaritimomelilla.es\/clmar\/wp-json\/wp\/v2\/posts\/23410\/revisions\/23767"}],"wp:featuredmedia":[{"embeddable":true,"href":"https:\/\/www.realclubmaritimomelilla.es\/clmar\/wp-json\/wp\/v2\/media\/23432"}],"wp:attachment":[{"href":"https:\/\/www.realclubmaritimomelilla.es\/clmar\/wp-json\/wp\/v2\/media?parent=23410"}],"wp:term":[{"taxonomy":"category","embeddable":true,"href":"https:\/\/www.realclubmaritimomelilla.es\/clmar\/wp-json\/wp\/v2\/categories?post=23410"},{"taxonomy":"post_tag","embeddable":true,"href":"https:\/\/www.realclubmaritimomelilla.es\/clmar\/wp-json\/wp\/v2\/tags?post=23410"}],"curies":[{"name":"wp","href":"https:\/\/api.w.org\/{rel}","templated":true}]}}