{"id":22486,"date":"2024-05-23T14:08:06","date_gmt":"2024-05-23T12:08:06","guid":{"rendered":"https:\/\/www.realclubmaritimomelilla.es\/clmar\/?p=22486"},"modified":"2024-05-23T16:13:13","modified_gmt":"2024-05-23T14:13:13","slug":"agenda-cultural-club-maritimo-melilla","status":"publish","type":"post","link":"https:\/\/www.realclubmaritimomelilla.es\/clmar\/agenda-cultural-club-maritimo-melilla\/","title":{"rendered":"Agenda Cultural"},"content":{"rendered":"<p><strong>PRESENTACI\u00d3N LIBRE \u2018DESTRIPANDO EL DERECHO\u2019, viernes 24 de mayo.<\/strong><\/p>\n<p>La pr\u00f3xima cita en las X Jornadas Culturales del Real Club Mar\u00edtimo de Melilla est\u00e1 fijada para este viernes 24 de mayo, con la presentaci\u00f3n del libro \u2018Destripando el derecho\u2019, obre de Fernando Portillo que bajo el seud\u00f3nimo \u2018Judge The Zipper\u2019 en la red social X desarrolla una importante actitud divulgativa sobre el derecho. <\/p>\n<p>Acto que tendr\u00e1 lugar en nuestra Sala de Conferencias a partir de las 20:30 horas. <\/p>\n<p><img decoding=\"async\" src=\"https:\/\/www.realclubmaritimomelilla.es\/clmar\/wp-content\/uploads\/2024-05-24-Destripando-el-derecho_2-212x300.jpg\" alt=\"\" width=\"212\" height=\"300\" class=\"alignnone size-medium wp-image-22423\" srcset=\"https:\/\/www.realclubmaritimomelilla.es\/clmar\/wp-content\/uploads\/2024-05-24-Destripando-el-derecho_2-200x283.jpg 200w, https:\/\/www.realclubmaritimomelilla.es\/clmar\/wp-content\/uploads\/2024-05-24-Destripando-el-derecho_2-212x300.jpg 212w, https:\/\/www.realclubmaritimomelilla.es\/clmar\/wp-content\/uploads\/2024-05-24-Destripando-el-derecho_2-400x566.jpg 400w, https:\/\/www.realclubmaritimomelilla.es\/clmar\/wp-content\/uploads\/2024-05-24-Destripando-el-derecho_2-600x849.jpg 600w, https:\/\/www.realclubmaritimomelilla.es\/clmar\/wp-content\/uploads\/2024-05-24-Destripando-el-derecho_2-724x1024.jpg 724w, https:\/\/www.realclubmaritimomelilla.es\/clmar\/wp-content\/uploads\/2024-05-24-Destripando-el-derecho_2-768x1086.jpg 768w, https:\/\/www.realclubmaritimomelilla.es\/clmar\/wp-content\/uploads\/2024-05-24-Destripando-el-derecho_2-800x1132.jpg 800w, https:\/\/www.realclubmaritimomelilla.es\/clmar\/wp-content\/uploads\/2024-05-24-Destripando-el-derecho_2-1086x1536.jpg 1086w, https:\/\/www.realclubmaritimomelilla.es\/clmar\/wp-content\/uploads\/2024-05-24-Destripando-el-derecho_2-1200x1697.jpg 1200w, https:\/\/www.realclubmaritimomelilla.es\/clmar\/wp-content\/uploads\/2024-05-24-Destripando-el-derecho_2-1448x2048.jpg 1448w, https:\/\/www.realclubmaritimomelilla.es\/clmar\/wp-content\/uploads\/2024-05-24-Destripando-el-derecho_2-scaled.jpg 1810w\" sizes=\"(max-width: 212px) 100vw, 212px\" \/><br \/>\n<strong>EXPOSICI\u00d3N FOTOGR\u00c1FICA SOBRE FONDOS MARINOS, del 1 al 8 de junio.<\/strong><\/p>\n<p>Javier Gallego Garc\u00eda, licenciado en Ciencias Ambientales y miembro del Club \u00c1nfora de Actividades Subacu\u00e1ticas, realizar\u00e1 una exposici\u00f3n fotografica sobre tondos marinos entre el 1 y 8 de junio. <\/p>\n<p>SE trata de una serie de instant\u00e1neas, tomadas por el propio Javier Gallego , con la que se muestra la diversidad de la fauna y escenarios sumergidos cercanos a Melilla. Una exposici\u00f3n que coincide con la celebraci\u00f3n del D\u00eda Mundial de los Oc\u00e9anos. <\/p>\n<p><strong>CONFERENCIA \u201cEL PU\u00d1O OFENSIVO DE LA ARMADA: LA FUERZA DE INFANTER\u00cdA DE MARINA\u201d, viernes 7 de junio.<\/strong><\/p>\n<p>A cargo del general del Tercio de la Armada, Jos\u00e9 Mar\u00eda Sanz Al\u00edsedo, se desarrollar\u00e1 la tercera conferencia del segundo ciclo de \u201cLa Armada, esa gran desconocida\u201d.<\/p>\n<p>Ser\u00e1 el viernes 7 de junio, a partir de las 20:30 horas, en nuestra sala de conferencias bajo el t\u00edtulo \u201cEl pu\u00f1o ofensivo de La Armada: La Fuerza de Infanter\u00eda de Marina\u201d.<br \/>\n<img decoding=\"async\" src=\"https:\/\/www.realclubmaritimomelilla.es\/clmar\/wp-content\/uploads\/2024-06-07-El-Puno-ofensivo-de-la-Armada-La-Fuerza-de-Infanteria-de-Marina_1-212x300.jpg\" alt=\"\" width=\"212\" height=\"300\" class=\"alignnone size-medium wp-image-22487\" srcset=\"https:\/\/www.realclubmaritimomelilla.es\/clmar\/wp-content\/uploads\/2024-06-07-El-Puno-ofensivo-de-la-Armada-La-Fuerza-de-Infanteria-de-Marina_1-200x283.jpg 200w, https:\/\/www.realclubmaritimomelilla.es\/clmar\/wp-content\/uploads\/2024-06-07-El-Puno-ofensivo-de-la-Armada-La-Fuerza-de-Infanteria-de-Marina_1-212x300.jpg 212w, https:\/\/www.realclubmaritimomelilla.es\/clmar\/wp-content\/uploads\/2024-06-07-El-Puno-ofensivo-de-la-Armada-La-Fuerza-de-Infanteria-de-Marina_1-400x566.jpg 400w, https:\/\/www.realclubmaritimomelilla.es\/clmar\/wp-content\/uploads\/2024-06-07-El-Puno-ofensivo-de-la-Armada-La-Fuerza-de-Infanteria-de-Marina_1-600x849.jpg 600w, https:\/\/www.realclubmaritimomelilla.es\/clmar\/wp-content\/uploads\/2024-06-07-El-Puno-ofensivo-de-la-Armada-La-Fuerza-de-Infanteria-de-Marina_1-724x1024.jpg 724w, https:\/\/www.realclubmaritimomelilla.es\/clmar\/wp-content\/uploads\/2024-06-07-El-Puno-ofensivo-de-la-Armada-La-Fuerza-de-Infanteria-de-Marina_1-768x1086.jpg 768w, https:\/\/www.realclubmaritimomelilla.es\/clmar\/wp-content\/uploads\/2024-06-07-El-Puno-ofensivo-de-la-Armada-La-Fuerza-de-Infanteria-de-Marina_1-800x1132.jpg 800w, https:\/\/www.realclubmaritimomelilla.es\/clmar\/wp-content\/uploads\/2024-06-07-El-Puno-ofensivo-de-la-Armada-La-Fuerza-de-Infanteria-de-Marina_1-1086x1536.jpg 1086w, https:\/\/www.realclubmaritimomelilla.es\/clmar\/wp-content\/uploads\/2024-06-07-El-Puno-ofensivo-de-la-Armada-La-Fuerza-de-Infanteria-de-Marina_1-1200x1697.jpg 1200w, https:\/\/www.realclubmaritimomelilla.es\/clmar\/wp-content\/uploads\/2024-06-07-El-Puno-ofensivo-de-la-Armada-La-Fuerza-de-Infanteria-de-Marina_1-1448x2048.jpg 1448w, https:\/\/www.realclubmaritimomelilla.es\/clmar\/wp-content\/uploads\/2024-06-07-El-Puno-ofensivo-de-la-Armada-La-Fuerza-de-Infanteria-de-Marina_1-scaled.jpg 1810w\" sizes=\"(max-width: 212px) 100vw, 212px\" \/><\/p>\n","protected":false},"excerpt":{"rendered":"<p>PRESENTACI\u00d3N LIBRE \u2018DESTRIPANDO EL DERECHO\u2019, viernes 24 de mayo. La pr\u00f3xima cita en las X Jornadas Culturales del Real Club Mar\u00edtimo de Melilla est\u00e1 fijada para este viernes 24 de mayo, con la presentaci\u00f3n del libro \u2018Destripando el derecho\u2019, obre de Fernando Portillo que bajo el seud\u00f3nimo \u2018Judge The Zipper\u2019 en la red social X [&hellip;]<\/p>\n","protected":false},"author":1,"featured_media":22488,"comment_status":"open","ping_status":"open","sticky":false,"template":"","format":"standard","meta":{"_acf_changed":false,"footnotes":""},"categories":[41],"tags":[],"class_list":["post-22486","post","type-post","status-publish","format-standard","has-post-thumbnail","hentry","category-jornadas"],"acf":[],"yoast_head":"<!-- This site is optimized with the Yoast SEO plugin v27.5 - https:\/\/yoast.com\/product\/yoast-seo-wordpress\/ -->\n<title>Agenda Cultural - Real Club Mar\u00edtimo de Melilla<\/title>\n<meta name=\"description\" content=\"\u2018DESTRIPANDO EL DERECHO\u2019, 24\/05; EXPOSICI\u00d3N FOTOGR\u00c1FICA SOBRE FONDOS MARINOS,1-8\/06; \u201cEL PU\u00d1O OFENSIVO DE LA ARMADA\u201d, 7\/06.\" \/>\n<meta name=\"robots\" content=\"index, follow, max-snippet:-1, max-image-preview:large, max-video-preview:-1\" \/>\n<link rel=\"canonical\" href=\"https:\/\/www.realclubmaritimomelilla.es\/clmar\/agenda-cultural-club-maritimo-melilla\/\" \/>\n<meta property=\"og:locale\" content=\"es_ES\" \/>\n<meta property=\"og:type\" content=\"article\" \/>\n<meta property=\"og:title\" content=\"Agenda Cultural - Real Club Mar\u00edtimo de Melilla\" \/>\n<meta property=\"og:description\" content=\"\u2018DESTRIPANDO EL DERECHO\u2019, 24\/05; EXPOSICI\u00d3N FOTOGR\u00c1FICA SOBRE FONDOS MARINOS,1-8\/06; \u201cEL PU\u00d1O OFENSIVO DE LA ARMADA\u201d, 7\/06.\" \/>\n<meta property=\"og:url\" content=\"https:\/\/www.realclubmaritimomelilla.es\/clmar\/agenda-cultural-club-maritimo-melilla\/\" \/>\n<meta property=\"og:site_name\" content=\"Real Club Mar\u00edtimo de Melilla\" \/>\n<meta property=\"article:publisher\" content=\"https:\/\/www.facebook.com\/Real-Club-Mar%c3%adtimo-de-Melilla-588495841234214\/\" \/>\n<meta property=\"article:published_time\" content=\"2024-05-23T12:08:06+00:00\" \/>\n<meta property=\"article:modified_time\" content=\"2024-05-23T14:13:13+00:00\" \/>\n<meta property=\"og:image\" content=\"https:\/\/www.realclubmaritimomelilla.es\/clmar\/wp-content\/uploads\/LIBRO-JUEZ.jpeg\" \/>\n\t<meta property=\"og:image:width\" content=\"1448\" \/>\n\t<meta property=\"og:image:height\" content=\"2048\" \/>\n\t<meta property=\"og:image:type\" content=\"image\/jpeg\" \/>\n<meta name=\"author\" content=\"RCMMelilla\" \/>\n<meta name=\"twitter:card\" content=\"summary_large_image\" \/>\n<meta name=\"twitter:creator\" content=\"@nauticarcmm\" \/>\n<meta name=\"twitter:site\" content=\"@nauticarcmm\" \/>\n<meta name=\"twitter:label1\" content=\"Escrito por\" \/>\n\t<meta name=\"twitter:data1\" content=\"RCMMelilla\" \/>\n\t<meta name=\"twitter:label2\" content=\"Tiempo de lectura\" \/>\n\t<meta name=\"twitter:data2\" content=\"2 minutos\" \/>\n<script type=\"application\/ld+json\" class=\"yoast-schema-graph\">{\"@context\":\"https:\\\/\\\/schema.org\",\"@graph\":[{\"@type\":\"Article\",\"@id\":\"https:\\\/\\\/www.realclubmaritimomelilla.es\\\/clmar\\\/agenda-cultural-club-maritimo-melilla\\\/#article\",\"isPartOf\":{\"@id\":\"https:\\\/\\\/www.realclubmaritimomelilla.es\\\/clmar\\\/agenda-cultural-club-maritimo-melilla\\\/\"},\"author\":{\"name\":\"RCMMelilla\",\"@id\":\"https:\\\/\\\/www.realclubmaritimomelilla.es\\\/clmar\\\/#\\\/schema\\\/person\\\/ebaa3713496dc6d48c872452e73a8e79\"},\"headline\":\"Agenda Cultural\",\"datePublished\":\"2024-05-23T12:08:06+00:00\",\"dateModified\":\"2024-05-23T14:13:13+00:00\",\"mainEntityOfPage\":{\"@id\":\"https:\\\/\\\/www.realclubmaritimomelilla.es\\\/clmar\\\/agenda-cultural-club-maritimo-melilla\\\/\"},\"wordCount\":250,\"commentCount\":0,\"publisher\":{\"@id\":\"https:\\\/\\\/www.realclubmaritimomelilla.es\\\/clmar\\\/#organization\"},\"image\":{\"@id\":\"https:\\\/\\\/www.realclubmaritimomelilla.es\\\/clmar\\\/agenda-cultural-club-maritimo-melilla\\\/#primaryimage\"},\"thumbnailUrl\":\"https:\\\/\\\/www.realclubmaritimomelilla.es\\\/clmar\\\/wp-content\\\/uploads\\\/LIBRO-JUEZ.jpeg\",\"articleSection\":[\"Jornadas\"],\"inLanguage\":\"es\",\"potentialAction\":[{\"@type\":\"CommentAction\",\"name\":\"Comment\",\"target\":[\"https:\\\/\\\/www.realclubmaritimomelilla.es\\\/clmar\\\/agenda-cultural-club-maritimo-melilla\\\/#respond\"]}]},{\"@type\":\"WebPage\",\"@id\":\"https:\\\/\\\/www.realclubmaritimomelilla.es\\\/clmar\\\/agenda-cultural-club-maritimo-melilla\\\/\",\"url\":\"https:\\\/\\\/www.realclubmaritimomelilla.es\\\/clmar\\\/agenda-cultural-club-maritimo-melilla\\\/\",\"name\":\"Agenda Cultural - Real Club Mar\u00edtimo de Melilla\",\"isPartOf\":{\"@id\":\"https:\\\/\\\/www.realclubmaritimomelilla.es\\\/clmar\\\/#website\"},\"primaryImageOfPage\":{\"@id\":\"https:\\\/\\\/www.realclubmaritimomelilla.es\\\/clmar\\\/agenda-cultural-club-maritimo-melilla\\\/#primaryimage\"},\"image\":{\"@id\":\"https:\\\/\\\/www.realclubmaritimomelilla.es\\\/clmar\\\/agenda-cultural-club-maritimo-melilla\\\/#primaryimage\"},\"thumbnailUrl\":\"https:\\\/\\\/www.realclubmaritimomelilla.es\\\/clmar\\\/wp-content\\\/uploads\\\/LIBRO-JUEZ.jpeg\",\"datePublished\":\"2024-05-23T12:08:06+00:00\",\"dateModified\":\"2024-05-23T14:13:13+00:00\",\"description\":\"\u2018DESTRIPANDO EL DERECHO\u2019, 24\\\/05; EXPOSICI\u00d3N FOTOGR\u00c1FICA SOBRE FONDOS MARINOS,1-8\\\/06; \u201cEL PU\u00d1O OFENSIVO DE LA ARMADA\u201d, 7\\\/06.\",\"breadcrumb\":{\"@id\":\"https:\\\/\\\/www.realclubmaritimomelilla.es\\\/clmar\\\/agenda-cultural-club-maritimo-melilla\\\/#breadcrumb\"},\"inLanguage\":\"es\",\"potentialAction\":[{\"@type\":\"ReadAction\",\"target\":[\"https:\\\/\\\/www.realclubmaritimomelilla.es\\\/clmar\\\/agenda-cultural-club-maritimo-melilla\\\/\"]}]},{\"@type\":\"ImageObject\",\"inLanguage\":\"es\",\"@id\":\"https:\\\/\\\/www.realclubmaritimomelilla.es\\\/clmar\\\/agenda-cultural-club-maritimo-melilla\\\/#primaryimage\",\"url\":\"https:\\\/\\\/www.realclubmaritimomelilla.es\\\/clmar\\\/wp-content\\\/uploads\\\/LIBRO-JUEZ.jpeg\",\"contentUrl\":\"https:\\\/\\\/www.realclubmaritimomelilla.es\\\/clmar\\\/wp-content\\\/uploads\\\/LIBRO-JUEZ.jpeg\",\"width\":1448,\"height\":2048},{\"@type\":\"BreadcrumbList\",\"@id\":\"https:\\\/\\\/www.realclubmaritimomelilla.es\\\/clmar\\\/agenda-cultural-club-maritimo-melilla\\\/#breadcrumb\",\"itemListElement\":[{\"@type\":\"ListItem\",\"position\":1,\"name\":\"Portada\",\"item\":\"https:\\\/\\\/www.realclubmaritimomelilla.es\\\/clmar\\\/\"},{\"@type\":\"ListItem\",\"position\":2,\"name\":\"Agenda Cultural\"}]},{\"@type\":\"WebSite\",\"@id\":\"https:\\\/\\\/www.realclubmaritimomelilla.es\\\/clmar\\\/#website\",\"url\":\"https:\\\/\\\/www.realclubmaritimomelilla.es\\\/clmar\\\/\",\"name\":\"Real Club Mar\u00edtimo de Melilla\",\"description\":\"RCMM\",\"publisher\":{\"@id\":\"https:\\\/\\\/www.realclubmaritimomelilla.es\\\/clmar\\\/#organization\"},\"alternateName\":\"RCMM\",\"potentialAction\":[{\"@type\":\"SearchAction\",\"target\":{\"@type\":\"EntryPoint\",\"urlTemplate\":\"https:\\\/\\\/www.realclubmaritimomelilla.es\\\/clmar\\\/?s={search_term_string}\"},\"query-input\":{\"@type\":\"PropertyValueSpecification\",\"valueRequired\":true,\"valueName\":\"search_term_string\"}}],\"inLanguage\":\"es\"},{\"@type\":\"Organization\",\"@id\":\"https:\\\/\\\/www.realclubmaritimomelilla.es\\\/clmar\\\/#organization\",\"name\":\"Real Club Mar\u00edtimo de Melilla\",\"alternateName\":\"RCMM\",\"url\":\"https:\\\/\\\/www.realclubmaritimomelilla.es\\\/clmar\\\/\",\"logo\":{\"@type\":\"ImageObject\",\"inLanguage\":\"es\",\"@id\":\"https:\\\/\\\/www.realclubmaritimomelilla.es\\\/clmar\\\/#\\\/schema\\\/logo\\\/image\\\/\",\"url\":\"https:\\\/\\\/www.realclubmaritimomelilla.es\\\/clmar\\\/wp-content\\\/uploads\\\/logo-club-original-copia.jpg\",\"contentUrl\":\"https:\\\/\\\/www.realclubmaritimomelilla.es\\\/clmar\\\/wp-content\\\/uploads\\\/logo-club-original-copia.jpg\",\"width\":128,\"height\":89,\"caption\":\"Real Club Mar\u00edtimo de Melilla\"},\"image\":{\"@id\":\"https:\\\/\\\/www.realclubmaritimomelilla.es\\\/clmar\\\/#\\\/schema\\\/logo\\\/image\\\/\"},\"sameAs\":[\"https:\\\/\\\/www.facebook.com\\\/Real-Club-Mar\u00edtimo-de-Melilla-588495841234214\\\/\",\"https:\\\/\\\/x.com\\\/nauticarcmm\",\"https:\\\/\\\/www.instagram.com\\\/club_maritimo_melilla\\\/\",\"https:\\\/\\\/www.youtube.com\\\/@realclubmaritimodemelilla4703\",\"https:\\\/\\\/es.wikipedia.org\\\/wiki\\\/Real_Club_Mar\u00edtimo_de_Melilla\"]},{\"@type\":\"Person\",\"@id\":\"https:\\\/\\\/www.realclubmaritimomelilla.es\\\/clmar\\\/#\\\/schema\\\/person\\\/ebaa3713496dc6d48c872452e73a8e79\",\"name\":\"RCMMelilla\",\"image\":{\"@type\":\"ImageObject\",\"inLanguage\":\"es\",\"@id\":\"https:\\\/\\\/secure.gravatar.com\\\/avatar\\\/df1c24789360fb9308735c4ee556fc2bc5bf924bf01e53043b8b97ba272da33c?s=96&d=mm&r=g\",\"url\":\"https:\\\/\\\/secure.gravatar.com\\\/avatar\\\/df1c24789360fb9308735c4ee556fc2bc5bf924bf01e53043b8b97ba272da33c?s=96&d=mm&r=g\",\"contentUrl\":\"https:\\\/\\\/secure.gravatar.com\\\/avatar\\\/df1c24789360fb9308735c4ee556fc2bc5bf924bf01e53043b8b97ba272da33c?s=96&d=mm&r=g\",\"caption\":\"RCMMelilla\"}}]}<\/script>\n<!-- \/ Yoast SEO plugin. -->","yoast_head_json":{"title":"Agenda Cultural - Real Club Mar\u00edtimo de Melilla","description":"\u2018DESTRIPANDO EL DERECHO\u2019, 24\/05; EXPOSICI\u00d3N FOTOGR\u00c1FICA SOBRE FONDOS MARINOS,1-8\/06; \u201cEL PU\u00d1O OFENSIVO DE LA ARMADA\u201d, 7\/06.","robots":{"index":"index","follow":"follow","max-snippet":"max-snippet:-1","max-image-preview":"max-image-preview:large","max-video-preview":"max-video-preview:-1"},"canonical":"https:\/\/www.realclubmaritimomelilla.es\/clmar\/agenda-cultural-club-maritimo-melilla\/","og_locale":"es_ES","og_type":"article","og_title":"Agenda Cultural - Real Club Mar\u00edtimo de Melilla","og_description":"\u2018DESTRIPANDO EL DERECHO\u2019, 24\/05; EXPOSICI\u00d3N FOTOGR\u00c1FICA SOBRE FONDOS MARINOS,1-8\/06; \u201cEL PU\u00d1O OFENSIVO DE LA ARMADA\u201d, 7\/06.","og_url":"https:\/\/www.realclubmaritimomelilla.es\/clmar\/agenda-cultural-club-maritimo-melilla\/","og_site_name":"Real Club Mar\u00edtimo de Melilla","article_publisher":"https:\/\/www.facebook.com\/Real-Club-Mar%c3%adtimo-de-Melilla-588495841234214\/","article_published_time":"2024-05-23T12:08:06+00:00","article_modified_time":"2024-05-23T14:13:13+00:00","og_image":[{"width":1448,"height":2048,"url":"https:\/\/www.realclubmaritimomelilla.es\/clmar\/wp-content\/uploads\/LIBRO-JUEZ.jpeg","type":"image\/jpeg"}],"author":"RCMMelilla","twitter_card":"summary_large_image","twitter_creator":"@nauticarcmm","twitter_site":"@nauticarcmm","twitter_misc":{"Escrito por":"RCMMelilla","Tiempo de lectura":"2 minutos"},"schema":{"@context":"https:\/\/schema.org","@graph":[{"@type":"Article","@id":"https:\/\/www.realclubmaritimomelilla.es\/clmar\/agenda-cultural-club-maritimo-melilla\/#article","isPartOf":{"@id":"https:\/\/www.realclubmaritimomelilla.es\/clmar\/agenda-cultural-club-maritimo-melilla\/"},"author":{"name":"RCMMelilla","@id":"https:\/\/www.realclubmaritimomelilla.es\/clmar\/#\/schema\/person\/ebaa3713496dc6d48c872452e73a8e79"},"headline":"Agenda Cultural","datePublished":"2024-05-23T12:08:06+00:00","dateModified":"2024-05-23T14:13:13+00:00","mainEntityOfPage":{"@id":"https:\/\/www.realclubmaritimomelilla.es\/clmar\/agenda-cultural-club-maritimo-melilla\/"},"wordCount":250,"commentCount":0,"publisher":{"@id":"https:\/\/www.realclubmaritimomelilla.es\/clmar\/#organization"},"image":{"@id":"https:\/\/www.realclubmaritimomelilla.es\/clmar\/agenda-cultural-club-maritimo-melilla\/#primaryimage"},"thumbnailUrl":"https:\/\/www.realclubmaritimomelilla.es\/clmar\/wp-content\/uploads\/LIBRO-JUEZ.jpeg","articleSection":["Jornadas"],"inLanguage":"es","potentialAction":[{"@type":"CommentAction","name":"Comment","target":["https:\/\/www.realclubmaritimomelilla.es\/clmar\/agenda-cultural-club-maritimo-melilla\/#respond"]}]},{"@type":"WebPage","@id":"https:\/\/www.realclubmaritimomelilla.es\/clmar\/agenda-cultural-club-maritimo-melilla\/","url":"https:\/\/www.realclubmaritimomelilla.es\/clmar\/agenda-cultural-club-maritimo-melilla\/","name":"Agenda Cultural - Real Club Mar\u00edtimo de Melilla","isPartOf":{"@id":"https:\/\/www.realclubmaritimomelilla.es\/clmar\/#website"},"primaryImageOfPage":{"@id":"https:\/\/www.realclubmaritimomelilla.es\/clmar\/agenda-cultural-club-maritimo-melilla\/#primaryimage"},"image":{"@id":"https:\/\/www.realclubmaritimomelilla.es\/clmar\/agenda-cultural-club-maritimo-melilla\/#primaryimage"},"thumbnailUrl":"https:\/\/www.realclubmaritimomelilla.es\/clmar\/wp-content\/uploads\/LIBRO-JUEZ.jpeg","datePublished":"2024-05-23T12:08:06+00:00","dateModified":"2024-05-23T14:13:13+00:00","description":"\u2018DESTRIPANDO EL DERECHO\u2019, 24\/05; EXPOSICI\u00d3N FOTOGR\u00c1FICA SOBRE FONDOS MARINOS,1-8\/06; \u201cEL PU\u00d1O OFENSIVO DE LA ARMADA\u201d, 7\/06.","breadcrumb":{"@id":"https:\/\/www.realclubmaritimomelilla.es\/clmar\/agenda-cultural-club-maritimo-melilla\/#breadcrumb"},"inLanguage":"es","potentialAction":[{"@type":"ReadAction","target":["https:\/\/www.realclubmaritimomelilla.es\/clmar\/agenda-cultural-club-maritimo-melilla\/"]}]},{"@type":"ImageObject","inLanguage":"es","@id":"https:\/\/www.realclubmaritimomelilla.es\/clmar\/agenda-cultural-club-maritimo-melilla\/#primaryimage","url":"https:\/\/www.realclubmaritimomelilla.es\/clmar\/wp-content\/uploads\/LIBRO-JUEZ.jpeg","contentUrl":"https:\/\/www.realclubmaritimomelilla.es\/clmar\/wp-content\/uploads\/LIBRO-JUEZ.jpeg","width":1448,"height":2048},{"@type":"BreadcrumbList","@id":"https:\/\/www.realclubmaritimomelilla.es\/clmar\/agenda-cultural-club-maritimo-melilla\/#breadcrumb","itemListElement":[{"@type":"ListItem","position":1,"name":"Portada","item":"https:\/\/www.realclubmaritimomelilla.es\/clmar\/"},{"@type":"ListItem","position":2,"name":"Agenda Cultural"}]},{"@type":"WebSite","@id":"https:\/\/www.realclubmaritimomelilla.es\/clmar\/#website","url":"https:\/\/www.realclubmaritimomelilla.es\/clmar\/","name":"Real Club Mar\u00edtimo de Melilla","description":"RCMM","publisher":{"@id":"https:\/\/www.realclubmaritimomelilla.es\/clmar\/#organization"},"alternateName":"RCMM","potentialAction":[{"@type":"SearchAction","target":{"@type":"EntryPoint","urlTemplate":"https:\/\/www.realclubmaritimomelilla.es\/clmar\/?s={search_term_string}"},"query-input":{"@type":"PropertyValueSpecification","valueRequired":true,"valueName":"search_term_string"}}],"inLanguage":"es"},{"@type":"Organization","@id":"https:\/\/www.realclubmaritimomelilla.es\/clmar\/#organization","name":"Real Club Mar\u00edtimo de Melilla","alternateName":"RCMM","url":"https:\/\/www.realclubmaritimomelilla.es\/clmar\/","logo":{"@type":"ImageObject","inLanguage":"es","@id":"https:\/\/www.realclubmaritimomelilla.es\/clmar\/#\/schema\/logo\/image\/","url":"https:\/\/www.realclubmaritimomelilla.es\/clmar\/wp-content\/uploads\/logo-club-original-copia.jpg","contentUrl":"https:\/\/www.realclubmaritimomelilla.es\/clmar\/wp-content\/uploads\/logo-club-original-copia.jpg","width":128,"height":89,"caption":"Real Club Mar\u00edtimo de Melilla"},"image":{"@id":"https:\/\/www.realclubmaritimomelilla.es\/clmar\/#\/schema\/logo\/image\/"},"sameAs":["https:\/\/www.facebook.com\/Real-Club-Mar\u00edtimo-de-Melilla-588495841234214\/","https:\/\/x.com\/nauticarcmm","https:\/\/www.instagram.com\/club_maritimo_melilla\/","https:\/\/www.youtube.com\/@realclubmaritimodemelilla4703","https:\/\/es.wikipedia.org\/wiki\/Real_Club_Mar\u00edtimo_de_Melilla"]},{"@type":"Person","@id":"https:\/\/www.realclubmaritimomelilla.es\/clmar\/#\/schema\/person\/ebaa3713496dc6d48c872452e73a8e79","name":"RCMMelilla","image":{"@type":"ImageObject","inLanguage":"es","@id":"https:\/\/secure.gravatar.com\/avatar\/df1c24789360fb9308735c4ee556fc2bc5bf924bf01e53043b8b97ba272da33c?s=96&d=mm&r=g","url":"https:\/\/secure.gravatar.com\/avatar\/df1c24789360fb9308735c4ee556fc2bc5bf924bf01e53043b8b97ba272da33c?s=96&d=mm&r=g","contentUrl":"https:\/\/secure.gravatar.com\/avatar\/df1c24789360fb9308735c4ee556fc2bc5bf924bf01e53043b8b97ba272da33c?s=96&d=mm&r=g","caption":"RCMMelilla"}}]}},"_links":{"self":[{"href":"https:\/\/www.realclubmaritimomelilla.es\/clmar\/wp-json\/wp\/v2\/posts\/22486","targetHints":{"allow":["GET"]}}],"collection":[{"href":"https:\/\/www.realclubmaritimomelilla.es\/clmar\/wp-json\/wp\/v2\/posts"}],"about":[{"href":"https:\/\/www.realclubmaritimomelilla.es\/clmar\/wp-json\/wp\/v2\/types\/post"}],"author":[{"embeddable":true,"href":"https:\/\/www.realclubmaritimomelilla.es\/clmar\/wp-json\/wp\/v2\/users\/1"}],"replies":[{"embeddable":true,"href":"https:\/\/www.realclubmaritimomelilla.es\/clmar\/wp-json\/wp\/v2\/comments?post=22486"}],"version-history":[{"count":3,"href":"https:\/\/www.realclubmaritimomelilla.es\/clmar\/wp-json\/wp\/v2\/posts\/22486\/revisions"}],"predecessor-version":[{"id":22502,"href":"https:\/\/www.realclubmaritimomelilla.es\/clmar\/wp-json\/wp\/v2\/posts\/22486\/revisions\/22502"}],"wp:featuredmedia":[{"embeddable":true,"href":"https:\/\/www.realclubmaritimomelilla.es\/clmar\/wp-json\/wp\/v2\/media\/22488"}],"wp:attachment":[{"href":"https:\/\/www.realclubmaritimomelilla.es\/clmar\/wp-json\/wp\/v2\/media?parent=22486"}],"wp:term":[{"taxonomy":"category","embeddable":true,"href":"https:\/\/www.realclubmaritimomelilla.es\/clmar\/wp-json\/wp\/v2\/categories?post=22486"},{"taxonomy":"post_tag","embeddable":true,"href":"https:\/\/www.realclubmaritimomelilla.es\/clmar\/wp-json\/wp\/v2\/tags?post=22486"}],"curies":[{"name":"wp","href":"https:\/\/api.w.org\/{rel}","templated":true}]}}