{"id":22131,"date":"2024-04-05T18:52:20","date_gmt":"2024-04-05T16:52:20","guid":{"rendered":"https:\/\/www.realclubmaritimomelilla.es\/clmar\/?p=22131"},"modified":"2024-04-08T08:39:31","modified_gmt":"2024-04-08T06:39:31","slug":"el-trofeo-de-primavera-del-real-club-maritimo-de-melilla-inicia-la-temporada-de-regatas-en-la-ciudad","status":"publish","type":"post","link":"https:\/\/www.realclubmaritimomelilla.es\/clmar\/el-trofeo-de-primavera-del-real-club-maritimo-de-melilla-inicia-la-temporada-de-regatas-en-la-ciudad\/","title":{"rendered":"Trofeo primavera del Real Club Mar\u00edtimo de Melilla"},"content":{"rendered":"<p>El Real Club Mar\u00edtimo de Melilla organiza este fin de semana el Trofeo Primavera, primera gran cita del a\u00f1o para las clases locales de vela ligera.<\/p>\n<p>Este Trofeo de Primavera es la primera de las cuatro grandes competiciones para todas las clases de vela que cada temporada organiza el Real Club Mar\u00edtimo de Melilla junto a la Regata Virgen del Carmen, el Trofeo de Ferias o las Regatas de Navidad &#8220;Trofeo Joyas Victoria&#8221;. Adem\u00e1s, este a\u00f1o hay que sumar\u00a0el Campeonato de Espa\u00f1a y Europa de Snipe Femenino, adem\u00e1s del Trofeo &#8216;Melilla Ciudad del Deporte&#8217;.<\/p>\n<div><\/div>\n<div>El Trofeo de Primavera para las clases de optimist, Ilca, snipe, techno 293 \u00a0e iQFoil\u00a0arranca este s\u00e1bado con las primeras mangas para la flota local en la bah\u00eda melillense.<\/div>\n<div><\/div>\n<div>La competici\u00f3n para la clase crucero ser\u00e1 el pr\u00f3ximo domingo 14 de abril.<\/div>\n","protected":false},"excerpt":{"rendered":"<p>El Real Club Mar\u00edtimo de Melilla organiza este fin de semana el Trofeo Primavera, primera gran cita del a\u00f1o para las clases locales de vela ligera. Este Trofeo de Primavera es la primera de las cuatro grandes competiciones para todas las clases de vela que cada temporada organiza el Real Club Mar\u00edtimo de Melilla junto [&hellip;]<\/p>\n","protected":false},"author":1,"featured_media":22132,"comment_status":"open","ping_status":"open","sticky":false,"template":"","format":"standard","meta":{"_acf_changed":false,"footnotes":""},"categories":[38],"tags":[],"class_list":["post-22131","post","type-post","status-publish","format-standard","has-post-thumbnail","hentry","category-nautica"],"acf":[],"yoast_head":"<!-- This site is optimized with the Yoast SEO plugin v27.5 - https:\/\/yoast.com\/product\/yoast-seo-wordpress\/ -->\n<title>Trofeo primavera del Real Club Mar\u00edtimo de Melilla<\/title>\n<meta name=\"description\" content=\"Trofeo Primavera, primera gran cita del a\u00f1o para las clases locales de vela ligera organizada por el Real Club Mar\u00edtimo de Melilla.\" \/>\n<meta name=\"robots\" content=\"index, follow, max-snippet:-1, max-image-preview:large, max-video-preview:-1\" \/>\n<link rel=\"canonical\" href=\"https:\/\/www.realclubmaritimomelilla.es\/clmar\/el-trofeo-de-primavera-del-real-club-maritimo-de-melilla-inicia-la-temporada-de-regatas-en-la-ciudad\/\" \/>\n<meta property=\"og:locale\" content=\"es_ES\" \/>\n<meta property=\"og:type\" content=\"article\" \/>\n<meta property=\"og:title\" content=\"Trofeo primavera del Real Club Mar\u00edtimo de Melilla\" \/>\n<meta property=\"og:description\" content=\"Trofeo Primavera, primera gran cita del a\u00f1o para las clases locales de vela ligera organizada por el Real Club Mar\u00edtimo de Melilla.\" \/>\n<meta property=\"og:url\" content=\"https:\/\/www.realclubmaritimomelilla.es\/clmar\/el-trofeo-de-primavera-del-real-club-maritimo-de-melilla-inicia-la-temporada-de-regatas-en-la-ciudad\/\" \/>\n<meta property=\"og:site_name\" content=\"Real Club Mar\u00edtimo de Melilla\" \/>\n<meta property=\"article:publisher\" content=\"https:\/\/www.facebook.com\/Real-Club-Mar%c3%adtimo-de-Melilla-588495841234214\/\" \/>\n<meta property=\"article:published_time\" content=\"2024-04-05T16:52:20+00:00\" \/>\n<meta property=\"article:modified_time\" content=\"2024-04-08T06:39:31+00:00\" \/>\n<meta property=\"og:image\" content=\"https:\/\/www.realclubmaritimomelilla.es\/clmar\/wp-content\/uploads\/IMG_2385-1-scaled.jpg\" \/>\n\t<meta property=\"og:image:width\" content=\"2560\" \/>\n\t<meta property=\"og:image:height\" content=\"1707\" \/>\n\t<meta property=\"og:image:type\" content=\"image\/jpeg\" \/>\n<meta name=\"author\" content=\"RCMMelilla\" \/>\n<meta name=\"twitter:card\" content=\"summary_large_image\" \/>\n<meta name=\"twitter:creator\" content=\"@nauticarcmm\" \/>\n<meta name=\"twitter:site\" content=\"@nauticarcmm\" \/>\n<meta name=\"twitter:label1\" content=\"Escrito por\" \/>\n\t<meta name=\"twitter:data1\" content=\"RCMMelilla\" \/>\n\t<meta name=\"twitter:label2\" content=\"Tiempo de lectura\" \/>\n\t<meta name=\"twitter:data2\" content=\"1 minuto\" \/>\n<script type=\"application\/ld+json\" class=\"yoast-schema-graph\">{\"@context\":\"https:\\\/\\\/schema.org\",\"@graph\":[{\"@type\":\"Article\",\"@id\":\"https:\\\/\\\/www.realclubmaritimomelilla.es\\\/clmar\\\/el-trofeo-de-primavera-del-real-club-maritimo-de-melilla-inicia-la-temporada-de-regatas-en-la-ciudad\\\/#article\",\"isPartOf\":{\"@id\":\"https:\\\/\\\/www.realclubmaritimomelilla.es\\\/clmar\\\/el-trofeo-de-primavera-del-real-club-maritimo-de-melilla-inicia-la-temporada-de-regatas-en-la-ciudad\\\/\"},\"author\":{\"name\":\"RCMMelilla\",\"@id\":\"https:\\\/\\\/www.realclubmaritimomelilla.es\\\/clmar\\\/#\\\/schema\\\/person\\\/ebaa3713496dc6d48c872452e73a8e79\"},\"headline\":\"Trofeo primavera del Real Club Mar\u00edtimo de Melilla\",\"datePublished\":\"2024-04-05T16:52:20+00:00\",\"dateModified\":\"2024-04-08T06:39:31+00:00\",\"mainEntityOfPage\":{\"@id\":\"https:\\\/\\\/www.realclubmaritimomelilla.es\\\/clmar\\\/el-trofeo-de-primavera-del-real-club-maritimo-de-melilla-inicia-la-temporada-de-regatas-en-la-ciudad\\\/\"},\"wordCount\":156,\"commentCount\":0,\"publisher\":{\"@id\":\"https:\\\/\\\/www.realclubmaritimomelilla.es\\\/clmar\\\/#organization\"},\"image\":{\"@id\":\"https:\\\/\\\/www.realclubmaritimomelilla.es\\\/clmar\\\/el-trofeo-de-primavera-del-real-club-maritimo-de-melilla-inicia-la-temporada-de-regatas-en-la-ciudad\\\/#primaryimage\"},\"thumbnailUrl\":\"https:\\\/\\\/www.realclubmaritimomelilla.es\\\/clmar\\\/wp-content\\\/uploads\\\/IMG_2385-1-scaled.jpg\",\"articleSection\":[\"N\u00e1utica\"],\"inLanguage\":\"es\",\"potentialAction\":[{\"@type\":\"CommentAction\",\"name\":\"Comment\",\"target\":[\"https:\\\/\\\/www.realclubmaritimomelilla.es\\\/clmar\\\/el-trofeo-de-primavera-del-real-club-maritimo-de-melilla-inicia-la-temporada-de-regatas-en-la-ciudad\\\/#respond\"]}]},{\"@type\":\"WebPage\",\"@id\":\"https:\\\/\\\/www.realclubmaritimomelilla.es\\\/clmar\\\/el-trofeo-de-primavera-del-real-club-maritimo-de-melilla-inicia-la-temporada-de-regatas-en-la-ciudad\\\/\",\"url\":\"https:\\\/\\\/www.realclubmaritimomelilla.es\\\/clmar\\\/el-trofeo-de-primavera-del-real-club-maritimo-de-melilla-inicia-la-temporada-de-regatas-en-la-ciudad\\\/\",\"name\":\"Trofeo primavera del Real Club Mar\u00edtimo de Melilla\",\"isPartOf\":{\"@id\":\"https:\\\/\\\/www.realclubmaritimomelilla.es\\\/clmar\\\/#website\"},\"primaryImageOfPage\":{\"@id\":\"https:\\\/\\\/www.realclubmaritimomelilla.es\\\/clmar\\\/el-trofeo-de-primavera-del-real-club-maritimo-de-melilla-inicia-la-temporada-de-regatas-en-la-ciudad\\\/#primaryimage\"},\"image\":{\"@id\":\"https:\\\/\\\/www.realclubmaritimomelilla.es\\\/clmar\\\/el-trofeo-de-primavera-del-real-club-maritimo-de-melilla-inicia-la-temporada-de-regatas-en-la-ciudad\\\/#primaryimage\"},\"thumbnailUrl\":\"https:\\\/\\\/www.realclubmaritimomelilla.es\\\/clmar\\\/wp-content\\\/uploads\\\/IMG_2385-1-scaled.jpg\",\"datePublished\":\"2024-04-05T16:52:20+00:00\",\"dateModified\":\"2024-04-08T06:39:31+00:00\",\"description\":\"Trofeo Primavera, primera gran cita del a\u00f1o para las clases locales de vela ligera organizada por el Real Club Mar\u00edtimo de Melilla.\",\"breadcrumb\":{\"@id\":\"https:\\\/\\\/www.realclubmaritimomelilla.es\\\/clmar\\\/el-trofeo-de-primavera-del-real-club-maritimo-de-melilla-inicia-la-temporada-de-regatas-en-la-ciudad\\\/#breadcrumb\"},\"inLanguage\":\"es\",\"potentialAction\":[{\"@type\":\"ReadAction\",\"target\":[\"https:\\\/\\\/www.realclubmaritimomelilla.es\\\/clmar\\\/el-trofeo-de-primavera-del-real-club-maritimo-de-melilla-inicia-la-temporada-de-regatas-en-la-ciudad\\\/\"]}]},{\"@type\":\"ImageObject\",\"inLanguage\":\"es\",\"@id\":\"https:\\\/\\\/www.realclubmaritimomelilla.es\\\/clmar\\\/el-trofeo-de-primavera-del-real-club-maritimo-de-melilla-inicia-la-temporada-de-regatas-en-la-ciudad\\\/#primaryimage\",\"url\":\"https:\\\/\\\/www.realclubmaritimomelilla.es\\\/clmar\\\/wp-content\\\/uploads\\\/IMG_2385-1-scaled.jpg\",\"contentUrl\":\"https:\\\/\\\/www.realclubmaritimomelilla.es\\\/clmar\\\/wp-content\\\/uploads\\\/IMG_2385-1-scaled.jpg\",\"width\":2560,\"height\":1707},{\"@type\":\"BreadcrumbList\",\"@id\":\"https:\\\/\\\/www.realclubmaritimomelilla.es\\\/clmar\\\/el-trofeo-de-primavera-del-real-club-maritimo-de-melilla-inicia-la-temporada-de-regatas-en-la-ciudad\\\/#breadcrumb\",\"itemListElement\":[{\"@type\":\"ListItem\",\"position\":1,\"name\":\"Portada\",\"item\":\"https:\\\/\\\/www.realclubmaritimomelilla.es\\\/clmar\\\/\"},{\"@type\":\"ListItem\",\"position\":2,\"name\":\"Trofeo primavera del Real Club Mar\u00edtimo de Melilla\"}]},{\"@type\":\"WebSite\",\"@id\":\"https:\\\/\\\/www.realclubmaritimomelilla.es\\\/clmar\\\/#website\",\"url\":\"https:\\\/\\\/www.realclubmaritimomelilla.es\\\/clmar\\\/\",\"name\":\"Real Club Mar\u00edtimo de Melilla\",\"description\":\"RCMM\",\"publisher\":{\"@id\":\"https:\\\/\\\/www.realclubmaritimomelilla.es\\\/clmar\\\/#organization\"},\"alternateName\":\"RCMM\",\"potentialAction\":[{\"@type\":\"SearchAction\",\"target\":{\"@type\":\"EntryPoint\",\"urlTemplate\":\"https:\\\/\\\/www.realclubmaritimomelilla.es\\\/clmar\\\/?s={search_term_string}\"},\"query-input\":{\"@type\":\"PropertyValueSpecification\",\"valueRequired\":true,\"valueName\":\"search_term_string\"}}],\"inLanguage\":\"es\"},{\"@type\":\"Organization\",\"@id\":\"https:\\\/\\\/www.realclubmaritimomelilla.es\\\/clmar\\\/#organization\",\"name\":\"Real Club Mar\u00edtimo de Melilla\",\"alternateName\":\"RCMM\",\"url\":\"https:\\\/\\\/www.realclubmaritimomelilla.es\\\/clmar\\\/\",\"logo\":{\"@type\":\"ImageObject\",\"inLanguage\":\"es\",\"@id\":\"https:\\\/\\\/www.realclubmaritimomelilla.es\\\/clmar\\\/#\\\/schema\\\/logo\\\/image\\\/\",\"url\":\"https:\\\/\\\/www.realclubmaritimomelilla.es\\\/clmar\\\/wp-content\\\/uploads\\\/logo-club-original-copia.jpg\",\"contentUrl\":\"https:\\\/\\\/www.realclubmaritimomelilla.es\\\/clmar\\\/wp-content\\\/uploads\\\/logo-club-original-copia.jpg\",\"width\":128,\"height\":89,\"caption\":\"Real Club Mar\u00edtimo de Melilla\"},\"image\":{\"@id\":\"https:\\\/\\\/www.realclubmaritimomelilla.es\\\/clmar\\\/#\\\/schema\\\/logo\\\/image\\\/\"},\"sameAs\":[\"https:\\\/\\\/www.facebook.com\\\/Real-Club-Mar\u00edtimo-de-Melilla-588495841234214\\\/\",\"https:\\\/\\\/x.com\\\/nauticarcmm\",\"https:\\\/\\\/www.instagram.com\\\/club_maritimo_melilla\\\/\",\"https:\\\/\\\/www.youtube.com\\\/@realclubmaritimodemelilla4703\",\"https:\\\/\\\/es.wikipedia.org\\\/wiki\\\/Real_Club_Mar\u00edtimo_de_Melilla\"]},{\"@type\":\"Person\",\"@id\":\"https:\\\/\\\/www.realclubmaritimomelilla.es\\\/clmar\\\/#\\\/schema\\\/person\\\/ebaa3713496dc6d48c872452e73a8e79\",\"name\":\"RCMMelilla\",\"image\":{\"@type\":\"ImageObject\",\"inLanguage\":\"es\",\"@id\":\"https:\\\/\\\/secure.gravatar.com\\\/avatar\\\/df1c24789360fb9308735c4ee556fc2bc5bf924bf01e53043b8b97ba272da33c?s=96&d=mm&r=g\",\"url\":\"https:\\\/\\\/secure.gravatar.com\\\/avatar\\\/df1c24789360fb9308735c4ee556fc2bc5bf924bf01e53043b8b97ba272da33c?s=96&d=mm&r=g\",\"contentUrl\":\"https:\\\/\\\/secure.gravatar.com\\\/avatar\\\/df1c24789360fb9308735c4ee556fc2bc5bf924bf01e53043b8b97ba272da33c?s=96&d=mm&r=g\",\"caption\":\"RCMMelilla\"}}]}<\/script>\n<!-- \/ Yoast SEO plugin. -->","yoast_head_json":{"title":"Trofeo primavera del Real Club Mar\u00edtimo de Melilla","description":"Trofeo Primavera, primera gran cita del a\u00f1o para las clases locales de vela ligera organizada por el Real Club Mar\u00edtimo de Melilla.","robots":{"index":"index","follow":"follow","max-snippet":"max-snippet:-1","max-image-preview":"max-image-preview:large","max-video-preview":"max-video-preview:-1"},"canonical":"https:\/\/www.realclubmaritimomelilla.es\/clmar\/el-trofeo-de-primavera-del-real-club-maritimo-de-melilla-inicia-la-temporada-de-regatas-en-la-ciudad\/","og_locale":"es_ES","og_type":"article","og_title":"Trofeo primavera del Real Club Mar\u00edtimo de Melilla","og_description":"Trofeo Primavera, primera gran cita del a\u00f1o para las clases locales de vela ligera organizada por el Real Club Mar\u00edtimo de Melilla.","og_url":"https:\/\/www.realclubmaritimomelilla.es\/clmar\/el-trofeo-de-primavera-del-real-club-maritimo-de-melilla-inicia-la-temporada-de-regatas-en-la-ciudad\/","og_site_name":"Real Club Mar\u00edtimo de Melilla","article_publisher":"https:\/\/www.facebook.com\/Real-Club-Mar%c3%adtimo-de-Melilla-588495841234214\/","article_published_time":"2024-04-05T16:52:20+00:00","article_modified_time":"2024-04-08T06:39:31+00:00","og_image":[{"width":2560,"height":1707,"url":"https:\/\/www.realclubmaritimomelilla.es\/clmar\/wp-content\/uploads\/IMG_2385-1-scaled.jpg","type":"image\/jpeg"}],"author":"RCMMelilla","twitter_card":"summary_large_image","twitter_creator":"@nauticarcmm","twitter_site":"@nauticarcmm","twitter_misc":{"Escrito por":"RCMMelilla","Tiempo de lectura":"1 minuto"},"schema":{"@context":"https:\/\/schema.org","@graph":[{"@type":"Article","@id":"https:\/\/www.realclubmaritimomelilla.es\/clmar\/el-trofeo-de-primavera-del-real-club-maritimo-de-melilla-inicia-la-temporada-de-regatas-en-la-ciudad\/#article","isPartOf":{"@id":"https:\/\/www.realclubmaritimomelilla.es\/clmar\/el-trofeo-de-primavera-del-real-club-maritimo-de-melilla-inicia-la-temporada-de-regatas-en-la-ciudad\/"},"author":{"name":"RCMMelilla","@id":"https:\/\/www.realclubmaritimomelilla.es\/clmar\/#\/schema\/person\/ebaa3713496dc6d48c872452e73a8e79"},"headline":"Trofeo primavera del Real Club Mar\u00edtimo de Melilla","datePublished":"2024-04-05T16:52:20+00:00","dateModified":"2024-04-08T06:39:31+00:00","mainEntityOfPage":{"@id":"https:\/\/www.realclubmaritimomelilla.es\/clmar\/el-trofeo-de-primavera-del-real-club-maritimo-de-melilla-inicia-la-temporada-de-regatas-en-la-ciudad\/"},"wordCount":156,"commentCount":0,"publisher":{"@id":"https:\/\/www.realclubmaritimomelilla.es\/clmar\/#organization"},"image":{"@id":"https:\/\/www.realclubmaritimomelilla.es\/clmar\/el-trofeo-de-primavera-del-real-club-maritimo-de-melilla-inicia-la-temporada-de-regatas-en-la-ciudad\/#primaryimage"},"thumbnailUrl":"https:\/\/www.realclubmaritimomelilla.es\/clmar\/wp-content\/uploads\/IMG_2385-1-scaled.jpg","articleSection":["N\u00e1utica"],"inLanguage":"es","potentialAction":[{"@type":"CommentAction","name":"Comment","target":["https:\/\/www.realclubmaritimomelilla.es\/clmar\/el-trofeo-de-primavera-del-real-club-maritimo-de-melilla-inicia-la-temporada-de-regatas-en-la-ciudad\/#respond"]}]},{"@type":"WebPage","@id":"https:\/\/www.realclubmaritimomelilla.es\/clmar\/el-trofeo-de-primavera-del-real-club-maritimo-de-melilla-inicia-la-temporada-de-regatas-en-la-ciudad\/","url":"https:\/\/www.realclubmaritimomelilla.es\/clmar\/el-trofeo-de-primavera-del-real-club-maritimo-de-melilla-inicia-la-temporada-de-regatas-en-la-ciudad\/","name":"Trofeo primavera del Real Club Mar\u00edtimo de Melilla","isPartOf":{"@id":"https:\/\/www.realclubmaritimomelilla.es\/clmar\/#website"},"primaryImageOfPage":{"@id":"https:\/\/www.realclubmaritimomelilla.es\/clmar\/el-trofeo-de-primavera-del-real-club-maritimo-de-melilla-inicia-la-temporada-de-regatas-en-la-ciudad\/#primaryimage"},"image":{"@id":"https:\/\/www.realclubmaritimomelilla.es\/clmar\/el-trofeo-de-primavera-del-real-club-maritimo-de-melilla-inicia-la-temporada-de-regatas-en-la-ciudad\/#primaryimage"},"thumbnailUrl":"https:\/\/www.realclubmaritimomelilla.es\/clmar\/wp-content\/uploads\/IMG_2385-1-scaled.jpg","datePublished":"2024-04-05T16:52:20+00:00","dateModified":"2024-04-08T06:39:31+00:00","description":"Trofeo Primavera, primera gran cita del a\u00f1o para las clases locales de vela ligera organizada por el Real Club Mar\u00edtimo de Melilla.","breadcrumb":{"@id":"https:\/\/www.realclubmaritimomelilla.es\/clmar\/el-trofeo-de-primavera-del-real-club-maritimo-de-melilla-inicia-la-temporada-de-regatas-en-la-ciudad\/#breadcrumb"},"inLanguage":"es","potentialAction":[{"@type":"ReadAction","target":["https:\/\/www.realclubmaritimomelilla.es\/clmar\/el-trofeo-de-primavera-del-real-club-maritimo-de-melilla-inicia-la-temporada-de-regatas-en-la-ciudad\/"]}]},{"@type":"ImageObject","inLanguage":"es","@id":"https:\/\/www.realclubmaritimomelilla.es\/clmar\/el-trofeo-de-primavera-del-real-club-maritimo-de-melilla-inicia-la-temporada-de-regatas-en-la-ciudad\/#primaryimage","url":"https:\/\/www.realclubmaritimomelilla.es\/clmar\/wp-content\/uploads\/IMG_2385-1-scaled.jpg","contentUrl":"https:\/\/www.realclubmaritimomelilla.es\/clmar\/wp-content\/uploads\/IMG_2385-1-scaled.jpg","width":2560,"height":1707},{"@type":"BreadcrumbList","@id":"https:\/\/www.realclubmaritimomelilla.es\/clmar\/el-trofeo-de-primavera-del-real-club-maritimo-de-melilla-inicia-la-temporada-de-regatas-en-la-ciudad\/#breadcrumb","itemListElement":[{"@type":"ListItem","position":1,"name":"Portada","item":"https:\/\/www.realclubmaritimomelilla.es\/clmar\/"},{"@type":"ListItem","position":2,"name":"Trofeo primavera del Real Club Mar\u00edtimo de Melilla"}]},{"@type":"WebSite","@id":"https:\/\/www.realclubmaritimomelilla.es\/clmar\/#website","url":"https:\/\/www.realclubmaritimomelilla.es\/clmar\/","name":"Real Club Mar\u00edtimo de Melilla","description":"RCMM","publisher":{"@id":"https:\/\/www.realclubmaritimomelilla.es\/clmar\/#organization"},"alternateName":"RCMM","potentialAction":[{"@type":"SearchAction","target":{"@type":"EntryPoint","urlTemplate":"https:\/\/www.realclubmaritimomelilla.es\/clmar\/?s={search_term_string}"},"query-input":{"@type":"PropertyValueSpecification","valueRequired":true,"valueName":"search_term_string"}}],"inLanguage":"es"},{"@type":"Organization","@id":"https:\/\/www.realclubmaritimomelilla.es\/clmar\/#organization","name":"Real Club Mar\u00edtimo de Melilla","alternateName":"RCMM","url":"https:\/\/www.realclubmaritimomelilla.es\/clmar\/","logo":{"@type":"ImageObject","inLanguage":"es","@id":"https:\/\/www.realclubmaritimomelilla.es\/clmar\/#\/schema\/logo\/image\/","url":"https:\/\/www.realclubmaritimomelilla.es\/clmar\/wp-content\/uploads\/logo-club-original-copia.jpg","contentUrl":"https:\/\/www.realclubmaritimomelilla.es\/clmar\/wp-content\/uploads\/logo-club-original-copia.jpg","width":128,"height":89,"caption":"Real Club Mar\u00edtimo de Melilla"},"image":{"@id":"https:\/\/www.realclubmaritimomelilla.es\/clmar\/#\/schema\/logo\/image\/"},"sameAs":["https:\/\/www.facebook.com\/Real-Club-Mar\u00edtimo-de-Melilla-588495841234214\/","https:\/\/x.com\/nauticarcmm","https:\/\/www.instagram.com\/club_maritimo_melilla\/","https:\/\/www.youtube.com\/@realclubmaritimodemelilla4703","https:\/\/es.wikipedia.org\/wiki\/Real_Club_Mar\u00edtimo_de_Melilla"]},{"@type":"Person","@id":"https:\/\/www.realclubmaritimomelilla.es\/clmar\/#\/schema\/person\/ebaa3713496dc6d48c872452e73a8e79","name":"RCMMelilla","image":{"@type":"ImageObject","inLanguage":"es","@id":"https:\/\/secure.gravatar.com\/avatar\/df1c24789360fb9308735c4ee556fc2bc5bf924bf01e53043b8b97ba272da33c?s=96&d=mm&r=g","url":"https:\/\/secure.gravatar.com\/avatar\/df1c24789360fb9308735c4ee556fc2bc5bf924bf01e53043b8b97ba272da33c?s=96&d=mm&r=g","contentUrl":"https:\/\/secure.gravatar.com\/avatar\/df1c24789360fb9308735c4ee556fc2bc5bf924bf01e53043b8b97ba272da33c?s=96&d=mm&r=g","caption":"RCMMelilla"}}]}},"_links":{"self":[{"href":"https:\/\/www.realclubmaritimomelilla.es\/clmar\/wp-json\/wp\/v2\/posts\/22131","targetHints":{"allow":["GET"]}}],"collection":[{"href":"https:\/\/www.realclubmaritimomelilla.es\/clmar\/wp-json\/wp\/v2\/posts"}],"about":[{"href":"https:\/\/www.realclubmaritimomelilla.es\/clmar\/wp-json\/wp\/v2\/types\/post"}],"author":[{"embeddable":true,"href":"https:\/\/www.realclubmaritimomelilla.es\/clmar\/wp-json\/wp\/v2\/users\/1"}],"replies":[{"embeddable":true,"href":"https:\/\/www.realclubmaritimomelilla.es\/clmar\/wp-json\/wp\/v2\/comments?post=22131"}],"version-history":[{"count":4,"href":"https:\/\/www.realclubmaritimomelilla.es\/clmar\/wp-json\/wp\/v2\/posts\/22131\/revisions"}],"predecessor-version":[{"id":22156,"href":"https:\/\/www.realclubmaritimomelilla.es\/clmar\/wp-json\/wp\/v2\/posts\/22131\/revisions\/22156"}],"wp:featuredmedia":[{"embeddable":true,"href":"https:\/\/www.realclubmaritimomelilla.es\/clmar\/wp-json\/wp\/v2\/media\/22132"}],"wp:attachment":[{"href":"https:\/\/www.realclubmaritimomelilla.es\/clmar\/wp-json\/wp\/v2\/media?parent=22131"}],"wp:term":[{"taxonomy":"category","embeddable":true,"href":"https:\/\/www.realclubmaritimomelilla.es\/clmar\/wp-json\/wp\/v2\/categories?post=22131"},{"taxonomy":"post_tag","embeddable":true,"href":"https:\/\/www.realclubmaritimomelilla.es\/clmar\/wp-json\/wp\/v2\/tags?post=22131"}],"curies":[{"name":"wp","href":"https:\/\/api.w.org\/{rel}","templated":true}]}}