{"id":21759,"date":"2024-01-02T16:18:40","date_gmt":"2024-01-02T15:18:40","guid":{"rendered":"https:\/\/www.realclubmaritimomelilla.es\/clmar\/?p=21759"},"modified":"2024-04-16T16:41:45","modified_gmt":"2024-04-16T14:41:45","slug":"parque-infantil-y-deposito-agua","status":"publish","type":"post","link":"https:\/\/www.realclubmaritimomelilla.es\/clmar\/parque-infantil-y-deposito-agua\/","title":{"rendered":"PARQUE INFANTIL Y REFORMA DEP\u00d3SITO DE AGUA RCMM"},"content":{"rendered":"<p>El Real Club Mar\u00edtimo de Melilla informa a sus socios que la pr\u00f3xima semana, a partir del lunes 8 de enero, est\u00e1 previsto que se inicien las obras de renovaci\u00f3n integral del parque infantil y reforma de los dep\u00f3sitos de agua que dan servicio a la piscina exterior.<span class=\"Apple-converted-space\">\u00a0<\/span><\/p>\n<p>Unas obras encuadradas en las inversiones previstas para su acometida y desarrollo en 2024, que servir\u00e1n para mejorar las infraestructuras anexas a la piscina exterior. Y al mismo tiempo, se cubre una solicitud de varios socios de mejorar el parque infantil. Ambos proyectos se desarrollar\u00e1n de forma conjunta, para mejorar y modernizar esta zona de nuestro club.<span class=\"Apple-converted-space\">\u00a0<\/span><\/p>\n<p>As\u00ed que en los pr\u00f3ximos meses, los socios m\u00e1s j\u00f3venes podr\u00e1n disfrutar de un renovado parque infantil, al tiempo de implementar la operatividad de una las instalaciones m\u00e1s utilizadas en el periodo veraniego.<span class=\"Apple-converted-space\">\u00a0<\/span><\/p>\n\n\t\t<style type=\"text\/css\">\n\t\t\t#gallery-1 {\n\t\t\t\tmargin: auto;\n\t\t\t}\n\t\t\t#gallery-1 .gallery-item {\n\t\t\t\tfloat: left;\n\t\t\t\tmargin-top: 10px;\n\t\t\t\ttext-align: center;\n\t\t\t\twidth: 33%;\n\t\t\t}\n\t\t\t#gallery-1 img {\n\t\t\t\tborder: 2px solid #cfcfcf;\n\t\t\t}\n\t\t\t#gallery-1 .gallery-caption {\n\t\t\t\tmargin-left: 0;\n\t\t\t}\n\t\t\t\/* see gallery_shortcode() in wp-includes\/media.php *\/\n\t\t<\/style>\n\t\t<div id='gallery-1' class='gallery galleryid-21759 gallery-columns-3 gallery-size-full'><dl class='gallery-item'>\n\t\t\t<dt class='gallery-icon landscape'>\n\t\t\t\t<a data-rel=\"iLightbox[postimages]\" data-title=\"IMG_3885\" data-caption=\"\" href='https:\/\/www.realclubmaritimomelilla.es\/clmar\/parque-infantil-y-deposito-agua\/img_3885-3\/'><img decoding=\"async\" width=\"2560\" height=\"1920\" src=\"https:\/\/www.realclubmaritimomelilla.es\/clmar\/wp-content\/uploads\/IMG_3885-scaled.jpg\" class=\"attachment-full size-full\" alt=\"\" srcset=\"https:\/\/www.realclubmaritimomelilla.es\/clmar\/wp-content\/uploads\/IMG_3885-200x150.jpg 200w, https:\/\/www.realclubmaritimomelilla.es\/clmar\/wp-content\/uploads\/IMG_3885-300x225.jpg 300w, https:\/\/www.realclubmaritimomelilla.es\/clmar\/wp-content\/uploads\/IMG_3885-400x300.jpg 400w, https:\/\/www.realclubmaritimomelilla.es\/clmar\/wp-content\/uploads\/IMG_3885-scaled-600x450.jpg 600w, https:\/\/www.realclubmaritimomelilla.es\/clmar\/wp-content\/uploads\/IMG_3885-768x576.jpg 768w, https:\/\/www.realclubmaritimomelilla.es\/clmar\/wp-content\/uploads\/IMG_3885-800x600.jpg 800w, https:\/\/www.realclubmaritimomelilla.es\/clmar\/wp-content\/uploads\/IMG_3885-1024x768.jpg 1024w, https:\/\/www.realclubmaritimomelilla.es\/clmar\/wp-content\/uploads\/IMG_3885-1200x900.jpg 1200w, https:\/\/www.realclubmaritimomelilla.es\/clmar\/wp-content\/uploads\/IMG_3885-1536x1152.jpg 1536w, https:\/\/www.realclubmaritimomelilla.es\/clmar\/wp-content\/uploads\/IMG_3885-scaled.jpg 2560w\" sizes=\"(max-width: 2560px) 100vw, 2560px\" \/><\/a>\n\t\t\t<\/dt><\/dl><dl class='gallery-item'>\n\t\t\t<dt class='gallery-icon landscape'>\n\t\t\t\t<a data-rel=\"iLightbox[postimages]\" data-title=\"IMG_3887\" data-caption=\"\" href='https:\/\/www.realclubmaritimomelilla.es\/clmar\/parque-infantil-y-deposito-agua\/img_3887\/'><img decoding=\"async\" width=\"2560\" height=\"1920\" src=\"https:\/\/www.realclubmaritimomelilla.es\/clmar\/wp-content\/uploads\/IMG_3887-scaled.jpg\" class=\"attachment-full size-full\" alt=\"\" srcset=\"https:\/\/www.realclubmaritimomelilla.es\/clmar\/wp-content\/uploads\/IMG_3887-200x150.jpg 200w, https:\/\/www.realclubmaritimomelilla.es\/clmar\/wp-content\/uploads\/IMG_3887-300x225.jpg 300w, https:\/\/www.realclubmaritimomelilla.es\/clmar\/wp-content\/uploads\/IMG_3887-400x300.jpg 400w, https:\/\/www.realclubmaritimomelilla.es\/clmar\/wp-content\/uploads\/IMG_3887-scaled-600x450.jpg 600w, https:\/\/www.realclubmaritimomelilla.es\/clmar\/wp-content\/uploads\/IMG_3887-768x576.jpg 768w, https:\/\/www.realclubmaritimomelilla.es\/clmar\/wp-content\/uploads\/IMG_3887-800x600.jpg 800w, https:\/\/www.realclubmaritimomelilla.es\/clmar\/wp-content\/uploads\/IMG_3887-1024x768.jpg 1024w, https:\/\/www.realclubmaritimomelilla.es\/clmar\/wp-content\/uploads\/IMG_3887-1200x900.jpg 1200w, https:\/\/www.realclubmaritimomelilla.es\/clmar\/wp-content\/uploads\/IMG_3887-1536x1152.jpg 1536w, https:\/\/www.realclubmaritimomelilla.es\/clmar\/wp-content\/uploads\/IMG_3887-scaled.jpg 2560w\" sizes=\"(max-width: 2560px) 100vw, 2560px\" \/><\/a>\n\t\t\t<\/dt><\/dl><dl class='gallery-item'>\n\t\t\t<dt class='gallery-icon landscape'>\n\t\t\t\t<a data-rel=\"iLightbox[postimages]\" data-title=\"IMG_3890\" data-caption=\"\" href='https:\/\/www.realclubmaritimomelilla.es\/clmar\/parque-infantil-y-deposito-agua\/img_3890\/'><img decoding=\"async\" width=\"2560\" height=\"1920\" src=\"https:\/\/www.realclubmaritimomelilla.es\/clmar\/wp-content\/uploads\/IMG_3890-scaled.jpg\" class=\"attachment-full size-full\" alt=\"\" srcset=\"https:\/\/www.realclubmaritimomelilla.es\/clmar\/wp-content\/uploads\/IMG_3890-200x150.jpg 200w, https:\/\/www.realclubmaritimomelilla.es\/clmar\/wp-content\/uploads\/IMG_3890-300x225.jpg 300w, https:\/\/www.realclubmaritimomelilla.es\/clmar\/wp-content\/uploads\/IMG_3890-400x300.jpg 400w, https:\/\/www.realclubmaritimomelilla.es\/clmar\/wp-content\/uploads\/IMG_3890-scaled-600x450.jpg 600w, https:\/\/www.realclubmaritimomelilla.es\/clmar\/wp-content\/uploads\/IMG_3890-768x576.jpg 768w, https:\/\/www.realclubmaritimomelilla.es\/clmar\/wp-content\/uploads\/IMG_3890-800x600.jpg 800w, https:\/\/www.realclubmaritimomelilla.es\/clmar\/wp-content\/uploads\/IMG_3890-1024x768.jpg 1024w, https:\/\/www.realclubmaritimomelilla.es\/clmar\/wp-content\/uploads\/IMG_3890-1200x900.jpg 1200w, https:\/\/www.realclubmaritimomelilla.es\/clmar\/wp-content\/uploads\/IMG_3890-1536x1152.jpg 1536w, https:\/\/www.realclubmaritimomelilla.es\/clmar\/wp-content\/uploads\/IMG_3890-scaled.jpg 2560w\" sizes=\"(max-width: 2560px) 100vw, 2560px\" \/><\/a>\n\t\t\t<\/dt><\/dl><br style=\"clear: both\" \/><dl class='gallery-item'>\n\t\t\t<dt class='gallery-icon landscape'>\n\t\t\t\t<a data-rel=\"iLightbox[postimages]\" data-title=\"IMG_3897\" data-caption=\"\" href='https:\/\/www.realclubmaritimomelilla.es\/clmar\/parque-infantil-y-deposito-agua\/img_3897\/'><img decoding=\"async\" width=\"2560\" height=\"1920\" src=\"https:\/\/www.realclubmaritimomelilla.es\/clmar\/wp-content\/uploads\/IMG_3897-scaled.jpg\" class=\"attachment-full size-full\" alt=\"\" srcset=\"https:\/\/www.realclubmaritimomelilla.es\/clmar\/wp-content\/uploads\/IMG_3897-200x150.jpg 200w, https:\/\/www.realclubmaritimomelilla.es\/clmar\/wp-content\/uploads\/IMG_3897-300x225.jpg 300w, https:\/\/www.realclubmaritimomelilla.es\/clmar\/wp-content\/uploads\/IMG_3897-400x300.jpg 400w, https:\/\/www.realclubmaritimomelilla.es\/clmar\/wp-content\/uploads\/IMG_3897-scaled-600x450.jpg 600w, https:\/\/www.realclubmaritimomelilla.es\/clmar\/wp-content\/uploads\/IMG_3897-768x576.jpg 768w, https:\/\/www.realclubmaritimomelilla.es\/clmar\/wp-content\/uploads\/IMG_3897-800x600.jpg 800w, https:\/\/www.realclubmaritimomelilla.es\/clmar\/wp-content\/uploads\/IMG_3897-1024x768.jpg 1024w, https:\/\/www.realclubmaritimomelilla.es\/clmar\/wp-content\/uploads\/IMG_3897-1200x900.jpg 1200w, https:\/\/www.realclubmaritimomelilla.es\/clmar\/wp-content\/uploads\/IMG_3897-1536x1152.jpg 1536w, https:\/\/www.realclubmaritimomelilla.es\/clmar\/wp-content\/uploads\/IMG_3897-scaled.jpg 2560w\" sizes=\"(max-width: 2560px) 100vw, 2560px\" \/><\/a>\n\t\t\t<\/dt><\/dl><dl class='gallery-item'>\n\t\t\t<dt class='gallery-icon landscape'>\n\t\t\t\t<a data-rel=\"iLightbox[postimages]\" data-title=\"IMG_3904\" data-caption=\"\" href='https:\/\/www.realclubmaritimomelilla.es\/clmar\/parque-infantil-y-deposito-agua\/img_3904\/'><img decoding=\"async\" width=\"2560\" height=\"1920\" src=\"https:\/\/www.realclubmaritimomelilla.es\/clmar\/wp-content\/uploads\/IMG_3904-scaled.jpg\" class=\"attachment-full size-full\" alt=\"\" srcset=\"https:\/\/www.realclubmaritimomelilla.es\/clmar\/wp-content\/uploads\/IMG_3904-200x150.jpg 200w, https:\/\/www.realclubmaritimomelilla.es\/clmar\/wp-content\/uploads\/IMG_3904-300x225.jpg 300w, https:\/\/www.realclubmaritimomelilla.es\/clmar\/wp-content\/uploads\/IMG_3904-400x300.jpg 400w, https:\/\/www.realclubmaritimomelilla.es\/clmar\/wp-content\/uploads\/IMG_3904-scaled-600x450.jpg 600w, https:\/\/www.realclubmaritimomelilla.es\/clmar\/wp-content\/uploads\/IMG_3904-768x576.jpg 768w, https:\/\/www.realclubmaritimomelilla.es\/clmar\/wp-content\/uploads\/IMG_3904-800x600.jpg 800w, https:\/\/www.realclubmaritimomelilla.es\/clmar\/wp-content\/uploads\/IMG_3904-1024x768.jpg 1024w, https:\/\/www.realclubmaritimomelilla.es\/clmar\/wp-content\/uploads\/IMG_3904-1200x900.jpg 1200w, https:\/\/www.realclubmaritimomelilla.es\/clmar\/wp-content\/uploads\/IMG_3904-1536x1152.jpg 1536w, https:\/\/www.realclubmaritimomelilla.es\/clmar\/wp-content\/uploads\/IMG_3904-scaled.jpg 2560w\" sizes=\"(max-width: 2560px) 100vw, 2560px\" \/><\/a>\n\t\t\t<\/dt><\/dl><dl class='gallery-item'>\n\t\t\t<dt class='gallery-icon landscape'>\n\t\t\t\t<a data-rel=\"iLightbox[postimages]\" data-title=\"IMG_3908\" data-caption=\"\" href='https:\/\/www.realclubmaritimomelilla.es\/clmar\/parque-infantil-y-deposito-agua\/img_3908\/'><img decoding=\"async\" width=\"2560\" height=\"1920\" src=\"https:\/\/www.realclubmaritimomelilla.es\/clmar\/wp-content\/uploads\/IMG_3908-scaled.jpg\" class=\"attachment-full size-full\" alt=\"\" srcset=\"https:\/\/www.realclubmaritimomelilla.es\/clmar\/wp-content\/uploads\/IMG_3908-200x150.jpg 200w, https:\/\/www.realclubmaritimomelilla.es\/clmar\/wp-content\/uploads\/IMG_3908-300x225.jpg 300w, https:\/\/www.realclubmaritimomelilla.es\/clmar\/wp-content\/uploads\/IMG_3908-400x300.jpg 400w, https:\/\/www.realclubmaritimomelilla.es\/clmar\/wp-content\/uploads\/IMG_3908-scaled-600x450.jpg 600w, https:\/\/www.realclubmaritimomelilla.es\/clmar\/wp-content\/uploads\/IMG_3908-768x576.jpg 768w, https:\/\/www.realclubmaritimomelilla.es\/clmar\/wp-content\/uploads\/IMG_3908-800x600.jpg 800w, https:\/\/www.realclubmaritimomelilla.es\/clmar\/wp-content\/uploads\/IMG_3908-1024x768.jpg 1024w, https:\/\/www.realclubmaritimomelilla.es\/clmar\/wp-content\/uploads\/IMG_3908-1200x900.jpg 1200w, https:\/\/www.realclubmaritimomelilla.es\/clmar\/wp-content\/uploads\/IMG_3908-1536x1152.jpg 1536w, https:\/\/www.realclubmaritimomelilla.es\/clmar\/wp-content\/uploads\/IMG_3908-scaled.jpg 2560w\" sizes=\"(max-width: 2560px) 100vw, 2560px\" \/><\/a>\n\t\t\t<\/dt><\/dl><br style=\"clear: both\" \/>\n\t\t<\/div>\n\n","protected":false},"excerpt":{"rendered":"<p>El Real Club Mar\u00edtimo de Melilla informa a sus socios que la pr\u00f3xima semana, a partir del lunes 8 de enero, est\u00e1 previsto que se inicien las obras de renovaci\u00f3n integral del parque infantil y reforma de los dep\u00f3sitos de agua que dan servicio a la piscina exterior.\u00a0 Unas obras encuadradas en las inversiones previstas [&hellip;]<\/p>\n","protected":false},"author":1,"featured_media":21762,"comment_status":"open","ping_status":"open","sticky":false,"template":"","format":"standard","meta":{"_acf_changed":false,"footnotes":""},"categories":[40],"tags":[],"class_list":["post-21759","post","type-post","status-publish","format-standard","has-post-thumbnail","hentry","category-club"],"acf":[],"yoast_head":"<!-- This site is optimized with the Yoast SEO plugin v27.5 - https:\/\/yoast.com\/product\/yoast-seo-wordpress\/ -->\n<title>Renovaci\u00f3n parque infantil y reforma dep\u00f3sito de agua - RCMM<\/title>\n<meta name=\"description\" content=\"A partir del lunes 8 de enero, est\u00e1 previsto que se inicien las obras de renovaci\u00f3n del parque infantil y reforma de los dep\u00f3sitos de agua.\" \/>\n<meta name=\"robots\" content=\"index, follow, max-snippet:-1, max-image-preview:large, max-video-preview:-1\" \/>\n<link rel=\"canonical\" href=\"https:\/\/www.realclubmaritimomelilla.es\/clmar\/parque-infantil-y-deposito-agua\/\" \/>\n<meta property=\"og:locale\" content=\"es_ES\" \/>\n<meta property=\"og:type\" content=\"article\" \/>\n<meta property=\"og:title\" content=\"Renovaci\u00f3n parque infantil y reforma dep\u00f3sito de agua - RCMM\" \/>\n<meta property=\"og:description\" content=\"A partir del lunes 8 de enero, est\u00e1 previsto que se inicien las obras de renovaci\u00f3n del parque infantil y reforma de los dep\u00f3sitos de agua.\" \/>\n<meta property=\"og:url\" content=\"https:\/\/www.realclubmaritimomelilla.es\/clmar\/parque-infantil-y-deposito-agua\/\" \/>\n<meta property=\"og:site_name\" content=\"Real Club Mar\u00edtimo de Melilla\" \/>\n<meta property=\"article:publisher\" content=\"https:\/\/www.facebook.com\/Real-Club-Mar%c3%adtimo-de-Melilla-588495841234214\/\" \/>\n<meta property=\"article:published_time\" content=\"2024-01-02T15:18:40+00:00\" \/>\n<meta property=\"article:modified_time\" content=\"2024-04-16T14:41:45+00:00\" \/>\n<meta property=\"og:image\" content=\"https:\/\/www.realclubmaritimomelilla.es\/clmar\/wp-content\/uploads\/IMG_3888-scaled.jpg\" \/>\n\t<meta property=\"og:image:width\" content=\"2560\" \/>\n\t<meta property=\"og:image:height\" content=\"1920\" \/>\n\t<meta property=\"og:image:type\" content=\"image\/jpeg\" \/>\n<meta name=\"author\" content=\"RCMMelilla\" \/>\n<meta name=\"twitter:card\" content=\"summary_large_image\" \/>\n<meta name=\"twitter:creator\" content=\"@nauticarcmm\" \/>\n<meta name=\"twitter:site\" content=\"@nauticarcmm\" \/>\n<meta name=\"twitter:label1\" content=\"Escrito por\" \/>\n\t<meta name=\"twitter:data1\" content=\"RCMMelilla\" \/>\n\t<meta name=\"twitter:label2\" content=\"Tiempo de lectura\" \/>\n\t<meta name=\"twitter:data2\" content=\"1 minuto\" \/>\n<script type=\"application\/ld+json\" class=\"yoast-schema-graph\">{\"@context\":\"https:\\\/\\\/schema.org\",\"@graph\":[{\"@type\":\"Article\",\"@id\":\"https:\\\/\\\/www.realclubmaritimomelilla.es\\\/clmar\\\/parque-infantil-y-deposito-agua\\\/#article\",\"isPartOf\":{\"@id\":\"https:\\\/\\\/www.realclubmaritimomelilla.es\\\/clmar\\\/parque-infantil-y-deposito-agua\\\/\"},\"author\":{\"name\":\"RCMMelilla\",\"@id\":\"https:\\\/\\\/www.realclubmaritimomelilla.es\\\/clmar\\\/#\\\/schema\\\/person\\\/ebaa3713496dc6d48c872452e73a8e79\"},\"headline\":\"PARQUE INFANTIL Y REFORMA DEP\u00d3SITO DE AGUA RCMM\",\"datePublished\":\"2024-01-02T15:18:40+00:00\",\"dateModified\":\"2024-04-16T14:41:45+00:00\",\"mainEntityOfPage\":{\"@id\":\"https:\\\/\\\/www.realclubmaritimomelilla.es\\\/clmar\\\/parque-infantil-y-deposito-agua\\\/\"},\"wordCount\":160,\"commentCount\":0,\"publisher\":{\"@id\":\"https:\\\/\\\/www.realclubmaritimomelilla.es\\\/clmar\\\/#organization\"},\"image\":{\"@id\":\"https:\\\/\\\/www.realclubmaritimomelilla.es\\\/clmar\\\/parque-infantil-y-deposito-agua\\\/#primaryimage\"},\"thumbnailUrl\":\"https:\\\/\\\/www.realclubmaritimomelilla.es\\\/clmar\\\/wp-content\\\/uploads\\\/IMG_3888-scaled.jpg\",\"articleSection\":[\"Club\"],\"inLanguage\":\"es\",\"potentialAction\":[{\"@type\":\"CommentAction\",\"name\":\"Comment\",\"target\":[\"https:\\\/\\\/www.realclubmaritimomelilla.es\\\/clmar\\\/parque-infantil-y-deposito-agua\\\/#respond\"]}]},{\"@type\":\"WebPage\",\"@id\":\"https:\\\/\\\/www.realclubmaritimomelilla.es\\\/clmar\\\/parque-infantil-y-deposito-agua\\\/\",\"url\":\"https:\\\/\\\/www.realclubmaritimomelilla.es\\\/clmar\\\/parque-infantil-y-deposito-agua\\\/\",\"name\":\"Renovaci\u00f3n parque infantil y reforma dep\u00f3sito de agua - RCMM\",\"isPartOf\":{\"@id\":\"https:\\\/\\\/www.realclubmaritimomelilla.es\\\/clmar\\\/#website\"},\"primaryImageOfPage\":{\"@id\":\"https:\\\/\\\/www.realclubmaritimomelilla.es\\\/clmar\\\/parque-infantil-y-deposito-agua\\\/#primaryimage\"},\"image\":{\"@id\":\"https:\\\/\\\/www.realclubmaritimomelilla.es\\\/clmar\\\/parque-infantil-y-deposito-agua\\\/#primaryimage\"},\"thumbnailUrl\":\"https:\\\/\\\/www.realclubmaritimomelilla.es\\\/clmar\\\/wp-content\\\/uploads\\\/IMG_3888-scaled.jpg\",\"datePublished\":\"2024-01-02T15:18:40+00:00\",\"dateModified\":\"2024-04-16T14:41:45+00:00\",\"description\":\"A partir del lunes 8 de enero, est\u00e1 previsto que se inicien las obras de renovaci\u00f3n del parque infantil y reforma de los dep\u00f3sitos de agua.\",\"breadcrumb\":{\"@id\":\"https:\\\/\\\/www.realclubmaritimomelilla.es\\\/clmar\\\/parque-infantil-y-deposito-agua\\\/#breadcrumb\"},\"inLanguage\":\"es\",\"potentialAction\":[{\"@type\":\"ReadAction\",\"target\":[\"https:\\\/\\\/www.realclubmaritimomelilla.es\\\/clmar\\\/parque-infantil-y-deposito-agua\\\/\"]}]},{\"@type\":\"ImageObject\",\"inLanguage\":\"es\",\"@id\":\"https:\\\/\\\/www.realclubmaritimomelilla.es\\\/clmar\\\/parque-infantil-y-deposito-agua\\\/#primaryimage\",\"url\":\"https:\\\/\\\/www.realclubmaritimomelilla.es\\\/clmar\\\/wp-content\\\/uploads\\\/IMG_3888-scaled.jpg\",\"contentUrl\":\"https:\\\/\\\/www.realclubmaritimomelilla.es\\\/clmar\\\/wp-content\\\/uploads\\\/IMG_3888-scaled.jpg\",\"width\":2560,\"height\":1920},{\"@type\":\"BreadcrumbList\",\"@id\":\"https:\\\/\\\/www.realclubmaritimomelilla.es\\\/clmar\\\/parque-infantil-y-deposito-agua\\\/#breadcrumb\",\"itemListElement\":[{\"@type\":\"ListItem\",\"position\":1,\"name\":\"Portada\",\"item\":\"https:\\\/\\\/www.realclubmaritimomelilla.es\\\/clmar\\\/\"},{\"@type\":\"ListItem\",\"position\":2,\"name\":\"PARQUE INFANTIL Y REFORMA DEP\u00d3SITO DE AGUA RCMM\"}]},{\"@type\":\"WebSite\",\"@id\":\"https:\\\/\\\/www.realclubmaritimomelilla.es\\\/clmar\\\/#website\",\"url\":\"https:\\\/\\\/www.realclubmaritimomelilla.es\\\/clmar\\\/\",\"name\":\"Real Club Mar\u00edtimo de Melilla\",\"description\":\"RCMM\",\"publisher\":{\"@id\":\"https:\\\/\\\/www.realclubmaritimomelilla.es\\\/clmar\\\/#organization\"},\"alternateName\":\"RCMM\",\"potentialAction\":[{\"@type\":\"SearchAction\",\"target\":{\"@type\":\"EntryPoint\",\"urlTemplate\":\"https:\\\/\\\/www.realclubmaritimomelilla.es\\\/clmar\\\/?s={search_term_string}\"},\"query-input\":{\"@type\":\"PropertyValueSpecification\",\"valueRequired\":true,\"valueName\":\"search_term_string\"}}],\"inLanguage\":\"es\"},{\"@type\":\"Organization\",\"@id\":\"https:\\\/\\\/www.realclubmaritimomelilla.es\\\/clmar\\\/#organization\",\"name\":\"Real Club Mar\u00edtimo de Melilla\",\"alternateName\":\"RCMM\",\"url\":\"https:\\\/\\\/www.realclubmaritimomelilla.es\\\/clmar\\\/\",\"logo\":{\"@type\":\"ImageObject\",\"inLanguage\":\"es\",\"@id\":\"https:\\\/\\\/www.realclubmaritimomelilla.es\\\/clmar\\\/#\\\/schema\\\/logo\\\/image\\\/\",\"url\":\"https:\\\/\\\/www.realclubmaritimomelilla.es\\\/clmar\\\/wp-content\\\/uploads\\\/logo-club-original-copia.jpg\",\"contentUrl\":\"https:\\\/\\\/www.realclubmaritimomelilla.es\\\/clmar\\\/wp-content\\\/uploads\\\/logo-club-original-copia.jpg\",\"width\":128,\"height\":89,\"caption\":\"Real Club Mar\u00edtimo de Melilla\"},\"image\":{\"@id\":\"https:\\\/\\\/www.realclubmaritimomelilla.es\\\/clmar\\\/#\\\/schema\\\/logo\\\/image\\\/\"},\"sameAs\":[\"https:\\\/\\\/www.facebook.com\\\/Real-Club-Mar\u00edtimo-de-Melilla-588495841234214\\\/\",\"https:\\\/\\\/x.com\\\/nauticarcmm\",\"https:\\\/\\\/www.instagram.com\\\/club_maritimo_melilla\\\/\",\"https:\\\/\\\/www.youtube.com\\\/@realclubmaritimodemelilla4703\",\"https:\\\/\\\/es.wikipedia.org\\\/wiki\\\/Real_Club_Mar\u00edtimo_de_Melilla\"]},{\"@type\":\"Person\",\"@id\":\"https:\\\/\\\/www.realclubmaritimomelilla.es\\\/clmar\\\/#\\\/schema\\\/person\\\/ebaa3713496dc6d48c872452e73a8e79\",\"name\":\"RCMMelilla\",\"image\":{\"@type\":\"ImageObject\",\"inLanguage\":\"es\",\"@id\":\"https:\\\/\\\/secure.gravatar.com\\\/avatar\\\/df1c24789360fb9308735c4ee556fc2bc5bf924bf01e53043b8b97ba272da33c?s=96&d=mm&r=g\",\"url\":\"https:\\\/\\\/secure.gravatar.com\\\/avatar\\\/df1c24789360fb9308735c4ee556fc2bc5bf924bf01e53043b8b97ba272da33c?s=96&d=mm&r=g\",\"contentUrl\":\"https:\\\/\\\/secure.gravatar.com\\\/avatar\\\/df1c24789360fb9308735c4ee556fc2bc5bf924bf01e53043b8b97ba272da33c?s=96&d=mm&r=g\",\"caption\":\"RCMMelilla\"}}]}<\/script>\n<!-- \/ Yoast SEO plugin. -->","yoast_head_json":{"title":"Renovaci\u00f3n parque infantil y reforma dep\u00f3sito de agua - RCMM","description":"A partir del lunes 8 de enero, est\u00e1 previsto que se inicien las obras de renovaci\u00f3n del parque infantil y reforma de los dep\u00f3sitos de agua.","robots":{"index":"index","follow":"follow","max-snippet":"max-snippet:-1","max-image-preview":"max-image-preview:large","max-video-preview":"max-video-preview:-1"},"canonical":"https:\/\/www.realclubmaritimomelilla.es\/clmar\/parque-infantil-y-deposito-agua\/","og_locale":"es_ES","og_type":"article","og_title":"Renovaci\u00f3n parque infantil y reforma dep\u00f3sito de agua - RCMM","og_description":"A partir del lunes 8 de enero, est\u00e1 previsto que se inicien las obras de renovaci\u00f3n del parque infantil y reforma de los dep\u00f3sitos de agua.","og_url":"https:\/\/www.realclubmaritimomelilla.es\/clmar\/parque-infantil-y-deposito-agua\/","og_site_name":"Real Club Mar\u00edtimo de Melilla","article_publisher":"https:\/\/www.facebook.com\/Real-Club-Mar%c3%adtimo-de-Melilla-588495841234214\/","article_published_time":"2024-01-02T15:18:40+00:00","article_modified_time":"2024-04-16T14:41:45+00:00","og_image":[{"width":2560,"height":1920,"url":"https:\/\/www.realclubmaritimomelilla.es\/clmar\/wp-content\/uploads\/IMG_3888-scaled.jpg","type":"image\/jpeg"}],"author":"RCMMelilla","twitter_card":"summary_large_image","twitter_creator":"@nauticarcmm","twitter_site":"@nauticarcmm","twitter_misc":{"Escrito por":"RCMMelilla","Tiempo de lectura":"1 minuto"},"schema":{"@context":"https:\/\/schema.org","@graph":[{"@type":"Article","@id":"https:\/\/www.realclubmaritimomelilla.es\/clmar\/parque-infantil-y-deposito-agua\/#article","isPartOf":{"@id":"https:\/\/www.realclubmaritimomelilla.es\/clmar\/parque-infantil-y-deposito-agua\/"},"author":{"name":"RCMMelilla","@id":"https:\/\/www.realclubmaritimomelilla.es\/clmar\/#\/schema\/person\/ebaa3713496dc6d48c872452e73a8e79"},"headline":"PARQUE INFANTIL Y REFORMA DEP\u00d3SITO DE AGUA RCMM","datePublished":"2024-01-02T15:18:40+00:00","dateModified":"2024-04-16T14:41:45+00:00","mainEntityOfPage":{"@id":"https:\/\/www.realclubmaritimomelilla.es\/clmar\/parque-infantil-y-deposito-agua\/"},"wordCount":160,"commentCount":0,"publisher":{"@id":"https:\/\/www.realclubmaritimomelilla.es\/clmar\/#organization"},"image":{"@id":"https:\/\/www.realclubmaritimomelilla.es\/clmar\/parque-infantil-y-deposito-agua\/#primaryimage"},"thumbnailUrl":"https:\/\/www.realclubmaritimomelilla.es\/clmar\/wp-content\/uploads\/IMG_3888-scaled.jpg","articleSection":["Club"],"inLanguage":"es","potentialAction":[{"@type":"CommentAction","name":"Comment","target":["https:\/\/www.realclubmaritimomelilla.es\/clmar\/parque-infantil-y-deposito-agua\/#respond"]}]},{"@type":"WebPage","@id":"https:\/\/www.realclubmaritimomelilla.es\/clmar\/parque-infantil-y-deposito-agua\/","url":"https:\/\/www.realclubmaritimomelilla.es\/clmar\/parque-infantil-y-deposito-agua\/","name":"Renovaci\u00f3n parque infantil y reforma dep\u00f3sito de agua - RCMM","isPartOf":{"@id":"https:\/\/www.realclubmaritimomelilla.es\/clmar\/#website"},"primaryImageOfPage":{"@id":"https:\/\/www.realclubmaritimomelilla.es\/clmar\/parque-infantil-y-deposito-agua\/#primaryimage"},"image":{"@id":"https:\/\/www.realclubmaritimomelilla.es\/clmar\/parque-infantil-y-deposito-agua\/#primaryimage"},"thumbnailUrl":"https:\/\/www.realclubmaritimomelilla.es\/clmar\/wp-content\/uploads\/IMG_3888-scaled.jpg","datePublished":"2024-01-02T15:18:40+00:00","dateModified":"2024-04-16T14:41:45+00:00","description":"A partir del lunes 8 de enero, est\u00e1 previsto que se inicien las obras de renovaci\u00f3n del parque infantil y reforma de los dep\u00f3sitos de agua.","breadcrumb":{"@id":"https:\/\/www.realclubmaritimomelilla.es\/clmar\/parque-infantil-y-deposito-agua\/#breadcrumb"},"inLanguage":"es","potentialAction":[{"@type":"ReadAction","target":["https:\/\/www.realclubmaritimomelilla.es\/clmar\/parque-infantil-y-deposito-agua\/"]}]},{"@type":"ImageObject","inLanguage":"es","@id":"https:\/\/www.realclubmaritimomelilla.es\/clmar\/parque-infantil-y-deposito-agua\/#primaryimage","url":"https:\/\/www.realclubmaritimomelilla.es\/clmar\/wp-content\/uploads\/IMG_3888-scaled.jpg","contentUrl":"https:\/\/www.realclubmaritimomelilla.es\/clmar\/wp-content\/uploads\/IMG_3888-scaled.jpg","width":2560,"height":1920},{"@type":"BreadcrumbList","@id":"https:\/\/www.realclubmaritimomelilla.es\/clmar\/parque-infantil-y-deposito-agua\/#breadcrumb","itemListElement":[{"@type":"ListItem","position":1,"name":"Portada","item":"https:\/\/www.realclubmaritimomelilla.es\/clmar\/"},{"@type":"ListItem","position":2,"name":"PARQUE INFANTIL Y REFORMA DEP\u00d3SITO DE AGUA RCMM"}]},{"@type":"WebSite","@id":"https:\/\/www.realclubmaritimomelilla.es\/clmar\/#website","url":"https:\/\/www.realclubmaritimomelilla.es\/clmar\/","name":"Real Club Mar\u00edtimo de Melilla","description":"RCMM","publisher":{"@id":"https:\/\/www.realclubmaritimomelilla.es\/clmar\/#organization"},"alternateName":"RCMM","potentialAction":[{"@type":"SearchAction","target":{"@type":"EntryPoint","urlTemplate":"https:\/\/www.realclubmaritimomelilla.es\/clmar\/?s={search_term_string}"},"query-input":{"@type":"PropertyValueSpecification","valueRequired":true,"valueName":"search_term_string"}}],"inLanguage":"es"},{"@type":"Organization","@id":"https:\/\/www.realclubmaritimomelilla.es\/clmar\/#organization","name":"Real Club Mar\u00edtimo de Melilla","alternateName":"RCMM","url":"https:\/\/www.realclubmaritimomelilla.es\/clmar\/","logo":{"@type":"ImageObject","inLanguage":"es","@id":"https:\/\/www.realclubmaritimomelilla.es\/clmar\/#\/schema\/logo\/image\/","url":"https:\/\/www.realclubmaritimomelilla.es\/clmar\/wp-content\/uploads\/logo-club-original-copia.jpg","contentUrl":"https:\/\/www.realclubmaritimomelilla.es\/clmar\/wp-content\/uploads\/logo-club-original-copia.jpg","width":128,"height":89,"caption":"Real Club Mar\u00edtimo de Melilla"},"image":{"@id":"https:\/\/www.realclubmaritimomelilla.es\/clmar\/#\/schema\/logo\/image\/"},"sameAs":["https:\/\/www.facebook.com\/Real-Club-Mar\u00edtimo-de-Melilla-588495841234214\/","https:\/\/x.com\/nauticarcmm","https:\/\/www.instagram.com\/club_maritimo_melilla\/","https:\/\/www.youtube.com\/@realclubmaritimodemelilla4703","https:\/\/es.wikipedia.org\/wiki\/Real_Club_Mar\u00edtimo_de_Melilla"]},{"@type":"Person","@id":"https:\/\/www.realclubmaritimomelilla.es\/clmar\/#\/schema\/person\/ebaa3713496dc6d48c872452e73a8e79","name":"RCMMelilla","image":{"@type":"ImageObject","inLanguage":"es","@id":"https:\/\/secure.gravatar.com\/avatar\/df1c24789360fb9308735c4ee556fc2bc5bf924bf01e53043b8b97ba272da33c?s=96&d=mm&r=g","url":"https:\/\/secure.gravatar.com\/avatar\/df1c24789360fb9308735c4ee556fc2bc5bf924bf01e53043b8b97ba272da33c?s=96&d=mm&r=g","contentUrl":"https:\/\/secure.gravatar.com\/avatar\/df1c24789360fb9308735c4ee556fc2bc5bf924bf01e53043b8b97ba272da33c?s=96&d=mm&r=g","caption":"RCMMelilla"}}]}},"_links":{"self":[{"href":"https:\/\/www.realclubmaritimomelilla.es\/clmar\/wp-json\/wp\/v2\/posts\/21759","targetHints":{"allow":["GET"]}}],"collection":[{"href":"https:\/\/www.realclubmaritimomelilla.es\/clmar\/wp-json\/wp\/v2\/posts"}],"about":[{"href":"https:\/\/www.realclubmaritimomelilla.es\/clmar\/wp-json\/wp\/v2\/types\/post"}],"author":[{"embeddable":true,"href":"https:\/\/www.realclubmaritimomelilla.es\/clmar\/wp-json\/wp\/v2\/users\/1"}],"replies":[{"embeddable":true,"href":"https:\/\/www.realclubmaritimomelilla.es\/clmar\/wp-json\/wp\/v2\/comments?post=21759"}],"version-history":[{"count":5,"href":"https:\/\/www.realclubmaritimomelilla.es\/clmar\/wp-json\/wp\/v2\/posts\/21759\/revisions"}],"predecessor-version":[{"id":22188,"href":"https:\/\/www.realclubmaritimomelilla.es\/clmar\/wp-json\/wp\/v2\/posts\/21759\/revisions\/22188"}],"wp:featuredmedia":[{"embeddable":true,"href":"https:\/\/www.realclubmaritimomelilla.es\/clmar\/wp-json\/wp\/v2\/media\/21762"}],"wp:attachment":[{"href":"https:\/\/www.realclubmaritimomelilla.es\/clmar\/wp-json\/wp\/v2\/media?parent=21759"}],"wp:term":[{"taxonomy":"category","embeddable":true,"href":"https:\/\/www.realclubmaritimomelilla.es\/clmar\/wp-json\/wp\/v2\/categories?post=21759"},{"taxonomy":"post_tag","embeddable":true,"href":"https:\/\/www.realclubmaritimomelilla.es\/clmar\/wp-json\/wp\/v2\/tags?post=21759"}],"curies":[{"name":"wp","href":"https:\/\/api.w.org\/{rel}","templated":true}]}}