{"id":21577,"date":"2023-11-11T13:11:08","date_gmt":"2023-11-11T12:11:08","guid":{"rendered":"https:\/\/www.realclubmaritimomelilla.es\/clmar\/?p=21577"},"modified":"2024-03-27T09:41:00","modified_gmt":"2024-03-27T08:41:00","slug":"nochevieja-en-el-real-club-maritimo-de-melilla","status":"publish","type":"post","link":"https:\/\/www.realclubmaritimomelilla.es\/clmar\/nochevieja-en-el-real-club-maritimo-de-melilla\/","title":{"rendered":"NOCHEVIEJA EN EL REAL CLUB MAR\u00cdTIMO DE MELILLA"},"content":{"rendered":"<div>\n<p>Se comunica que el pr\u00f3ximo s\u00e1bado d\u00eda\u00a025 de noviembre, en horario de 9.00 a 14.00 h. los socios podr\u00e1n efectuar reserva para la Cena de Fin de A\u00f1o, en las siguientes condiciones:<\/p>\n<\/div>\n<h3>\u00b7\u00a0A las 8 horas se podr\u00e1 retirar n\u00famero para el turno. A las 9 horas se atender\u00e1 por el n\u00famero de turno. No se atender\u00e1n reservas por tel\u00e9fono.<\/h3>\n<h3>\u00b7\u00a0Se presentar\u00e1 el carnet de socio<\/h3>\n<h3>\u00b7\u00a0Cada unidad familiar socia podr\u00e1 venir acompa\u00f1ada de dos invitados no socios, de los que aportar\u00e1 nombre, apellidos y DNI.<\/h3>\n<h3>\u00b7\u00a0No se podr\u00e1n realizar reservas en representaci\u00f3n de otros socios.<\/h3>\n<h3>\u00b7\u00a0El socio podr\u00e1 reservar una \u00fanica mesa, con un m\u00e1ximo de 15 comensales.<\/h3>\n<h3>\u00b7\u00a0Una vez hecha la reserva, \u00e9sta deber\u00e1 ser abonada en el momento en secretar\u00eda.<\/h3>\n<h3>\u00b7\u00a0Al realizar la reserva se le dar\u00e1 al solicitante invitaciones nominativas, para cada uno de los comensales, que tendr\u00e1n que presentar junto el carnet de socio o DNI a la hora de acceder a las instalaciones del club esa noche.<\/h3>\n<p>\u00b7\u00a0El plazo para posibles devoluciones ser\u00e1 hasta el d\u00eda 22 de diciembre a las 12 horas. \u00c9stas ser\u00e1n del 75% del importe abonado.<\/p>\n<p>Este ser\u00e1 el Men\u00fa para la noche del 31 de diciembre en el Restaurante del Real Club Mar\u00edtimo de Melilla.<\/p>\n<p><img decoding=\"async\" class=\"aligncenter size-full wp-image-21581\" src=\"https:\/\/www.realclubmaritimomelilla.es\/clmar\/wp-content\/uploads\/Menu-Nochevieja-scaled.jpg\" alt=\"\" width=\"1810\" height=\"2560\" srcset=\"https:\/\/www.realclubmaritimomelilla.es\/clmar\/wp-content\/uploads\/Menu-Nochevieja-200x283.jpg 200w, https:\/\/www.realclubmaritimomelilla.es\/clmar\/wp-content\/uploads\/Menu-Nochevieja-212x300.jpg 212w, https:\/\/www.realclubmaritimomelilla.es\/clmar\/wp-content\/uploads\/Menu-Nochevieja-400x566.jpg 400w, https:\/\/www.realclubmaritimomelilla.es\/clmar\/wp-content\/uploads\/Menu-Nochevieja-scaled-600x849.jpg 600w, https:\/\/www.realclubmaritimomelilla.es\/clmar\/wp-content\/uploads\/Menu-Nochevieja-724x1024.jpg 724w, https:\/\/www.realclubmaritimomelilla.es\/clmar\/wp-content\/uploads\/Menu-Nochevieja-768x1086.jpg 768w, https:\/\/www.realclubmaritimomelilla.es\/clmar\/wp-content\/uploads\/Menu-Nochevieja-800x1131.jpg 800w, https:\/\/www.realclubmaritimomelilla.es\/clmar\/wp-content\/uploads\/Menu-Nochevieja-1086x1536.jpg 1086w, https:\/\/www.realclubmaritimomelilla.es\/clmar\/wp-content\/uploads\/Menu-Nochevieja-1200x1697.jpg 1200w, https:\/\/www.realclubmaritimomelilla.es\/clmar\/wp-content\/uploads\/Menu-Nochevieja-1448x2048.jpg 1448w, https:\/\/www.realclubmaritimomelilla.es\/clmar\/wp-content\/uploads\/Menu-Nochevieja-scaled.jpg 1810w\" sizes=\"(max-width: 1810px) 100vw, 1810px\" \/><\/p>\n","protected":false},"excerpt":{"rendered":"<p>Se comunica que el pr\u00f3ximo s\u00e1bado d\u00eda\u00a025 de noviembre, en horario de 9.00 a 14.00 h. los socios podr\u00e1n efectuar reserva para la Cena de Fin de A\u00f1o, en las siguientes condiciones: \u00b7\u00a0A las 8 horas se podr\u00e1 retirar n\u00famero para el turno. A las 9 horas se atender\u00e1 por el n\u00famero de turno. No [&hellip;]<\/p>\n","protected":false},"author":1,"featured_media":21578,"comment_status":"open","ping_status":"open","sticky":false,"template":"","format":"standard","meta":{"_acf_changed":false,"footnotes":""},"categories":[39],"tags":[],"class_list":["post-21577","post","type-post","status-publish","format-standard","has-post-thumbnail","hentry","category-celebraciones"],"acf":[],"yoast_head":"<!-- This site is optimized with the Yoast SEO plugin v27.5 - https:\/\/yoast.com\/product\/yoast-seo-wordpress\/ -->\n<title>NOCHEVIEJA EN EL REAL CLUB MAR\u00cdTIMO DE MELILLA - Real Club Mar\u00edtimo de Melilla<\/title>\n<meta name=\"description\" content=\"NOCHEVIEJA EN EL REAL CLUB MAR\u00cdTIMO DE MELILLA -\" \/>\n<meta name=\"robots\" content=\"index, follow, max-snippet:-1, max-image-preview:large, max-video-preview:-1\" \/>\n<link rel=\"canonical\" href=\"https:\/\/www.realclubmaritimomelilla.es\/clmar\/nochevieja-en-el-real-club-maritimo-de-melilla\/\" \/>\n<meta property=\"og:locale\" content=\"es_ES\" \/>\n<meta property=\"og:type\" content=\"article\" \/>\n<meta property=\"og:title\" content=\"NOCHEVIEJA EN EL REAL CLUB MAR\u00cdTIMO DE MELILLA - Real Club Mar\u00edtimo de Melilla\" \/>\n<meta property=\"og:description\" content=\"NOCHEVIEJA EN EL REAL CLUB MAR\u00cdTIMO DE MELILLA -\" \/>\n<meta property=\"og:url\" content=\"https:\/\/www.realclubmaritimomelilla.es\/clmar\/nochevieja-en-el-real-club-maritimo-de-melilla\/\" \/>\n<meta property=\"og:site_name\" content=\"Real Club Mar\u00edtimo de Melilla\" \/>\n<meta property=\"article:publisher\" content=\"https:\/\/www.facebook.com\/Real-Club-Mar%c3%adtimo-de-Melilla-588495841234214\/\" \/>\n<meta property=\"article:published_time\" content=\"2023-11-11T12:11:08+00:00\" \/>\n<meta property=\"article:modified_time\" content=\"2024-03-27T08:41:00+00:00\" \/>\n<meta property=\"og:image\" content=\"https:\/\/www.realclubmaritimomelilla.es\/clmar\/wp-content\/uploads\/IMG_1236-scaled.jpg\" \/>\n\t<meta property=\"og:image:width\" content=\"2560\" \/>\n\t<meta property=\"og:image:height\" content=\"1920\" \/>\n\t<meta property=\"og:image:type\" content=\"image\/jpeg\" \/>\n<meta name=\"author\" content=\"RCMMelilla\" \/>\n<meta name=\"twitter:card\" content=\"summary_large_image\" \/>\n<meta name=\"twitter:creator\" content=\"@nauticarcmm\" \/>\n<meta name=\"twitter:site\" content=\"@nauticarcmm\" \/>\n<meta name=\"twitter:label1\" content=\"Escrito por\" \/>\n\t<meta name=\"twitter:data1\" content=\"RCMMelilla\" \/>\n\t<meta name=\"twitter:label2\" content=\"Tiempo de lectura\" \/>\n\t<meta name=\"twitter:data2\" content=\"1 minuto\" \/>\n<script type=\"application\/ld+json\" class=\"yoast-schema-graph\">{\"@context\":\"https:\\\/\\\/schema.org\",\"@graph\":[{\"@type\":\"Article\",\"@id\":\"https:\\\/\\\/www.realclubmaritimomelilla.es\\\/clmar\\\/nochevieja-en-el-real-club-maritimo-de-melilla\\\/#article\",\"isPartOf\":{\"@id\":\"https:\\\/\\\/www.realclubmaritimomelilla.es\\\/clmar\\\/nochevieja-en-el-real-club-maritimo-de-melilla\\\/\"},\"author\":{\"name\":\"RCMMelilla\",\"@id\":\"https:\\\/\\\/www.realclubmaritimomelilla.es\\\/clmar\\\/#\\\/schema\\\/person\\\/ebaa3713496dc6d48c872452e73a8e79\"},\"headline\":\"NOCHEVIEJA EN EL REAL CLUB MAR\u00cdTIMO DE MELILLA\",\"datePublished\":\"2023-11-11T12:11:08+00:00\",\"dateModified\":\"2024-03-27T08:41:00+00:00\",\"mainEntityOfPage\":{\"@id\":\"https:\\\/\\\/www.realclubmaritimomelilla.es\\\/clmar\\\/nochevieja-en-el-real-club-maritimo-de-melilla\\\/\"},\"wordCount\":224,\"commentCount\":0,\"publisher\":{\"@id\":\"https:\\\/\\\/www.realclubmaritimomelilla.es\\\/clmar\\\/#organization\"},\"image\":{\"@id\":\"https:\\\/\\\/www.realclubmaritimomelilla.es\\\/clmar\\\/nochevieja-en-el-real-club-maritimo-de-melilla\\\/#primaryimage\"},\"thumbnailUrl\":\"https:\\\/\\\/www.realclubmaritimomelilla.es\\\/clmar\\\/wp-content\\\/uploads\\\/IMG_1236-scaled.jpg\",\"articleSection\":[\"Celebraciones\"],\"inLanguage\":\"es\",\"potentialAction\":[{\"@type\":\"CommentAction\",\"name\":\"Comment\",\"target\":[\"https:\\\/\\\/www.realclubmaritimomelilla.es\\\/clmar\\\/nochevieja-en-el-real-club-maritimo-de-melilla\\\/#respond\"]}]},{\"@type\":\"WebPage\",\"@id\":\"https:\\\/\\\/www.realclubmaritimomelilla.es\\\/clmar\\\/nochevieja-en-el-real-club-maritimo-de-melilla\\\/\",\"url\":\"https:\\\/\\\/www.realclubmaritimomelilla.es\\\/clmar\\\/nochevieja-en-el-real-club-maritimo-de-melilla\\\/\",\"name\":\"NOCHEVIEJA EN EL REAL CLUB MAR\u00cdTIMO DE MELILLA - Real Club Mar\u00edtimo de Melilla\",\"isPartOf\":{\"@id\":\"https:\\\/\\\/www.realclubmaritimomelilla.es\\\/clmar\\\/#website\"},\"primaryImageOfPage\":{\"@id\":\"https:\\\/\\\/www.realclubmaritimomelilla.es\\\/clmar\\\/nochevieja-en-el-real-club-maritimo-de-melilla\\\/#primaryimage\"},\"image\":{\"@id\":\"https:\\\/\\\/www.realclubmaritimomelilla.es\\\/clmar\\\/nochevieja-en-el-real-club-maritimo-de-melilla\\\/#primaryimage\"},\"thumbnailUrl\":\"https:\\\/\\\/www.realclubmaritimomelilla.es\\\/clmar\\\/wp-content\\\/uploads\\\/IMG_1236-scaled.jpg\",\"datePublished\":\"2023-11-11T12:11:08+00:00\",\"dateModified\":\"2024-03-27T08:41:00+00:00\",\"description\":\"NOCHEVIEJA EN EL REAL CLUB MAR\u00cdTIMO DE MELILLA -\",\"breadcrumb\":{\"@id\":\"https:\\\/\\\/www.realclubmaritimomelilla.es\\\/clmar\\\/nochevieja-en-el-real-club-maritimo-de-melilla\\\/#breadcrumb\"},\"inLanguage\":\"es\",\"potentialAction\":[{\"@type\":\"ReadAction\",\"target\":[\"https:\\\/\\\/www.realclubmaritimomelilla.es\\\/clmar\\\/nochevieja-en-el-real-club-maritimo-de-melilla\\\/\"]}]},{\"@type\":\"ImageObject\",\"inLanguage\":\"es\",\"@id\":\"https:\\\/\\\/www.realclubmaritimomelilla.es\\\/clmar\\\/nochevieja-en-el-real-club-maritimo-de-melilla\\\/#primaryimage\",\"url\":\"https:\\\/\\\/www.realclubmaritimomelilla.es\\\/clmar\\\/wp-content\\\/uploads\\\/IMG_1236-scaled.jpg\",\"contentUrl\":\"https:\\\/\\\/www.realclubmaritimomelilla.es\\\/clmar\\\/wp-content\\\/uploads\\\/IMG_1236-scaled.jpg\",\"width\":2560,\"height\":1920},{\"@type\":\"BreadcrumbList\",\"@id\":\"https:\\\/\\\/www.realclubmaritimomelilla.es\\\/clmar\\\/nochevieja-en-el-real-club-maritimo-de-melilla\\\/#breadcrumb\",\"itemListElement\":[{\"@type\":\"ListItem\",\"position\":1,\"name\":\"Portada\",\"item\":\"https:\\\/\\\/www.realclubmaritimomelilla.es\\\/clmar\\\/\"},{\"@type\":\"ListItem\",\"position\":2,\"name\":\"NOCHEVIEJA EN EL REAL CLUB MAR\u00cdTIMO DE MELILLA\"}]},{\"@type\":\"WebSite\",\"@id\":\"https:\\\/\\\/www.realclubmaritimomelilla.es\\\/clmar\\\/#website\",\"url\":\"https:\\\/\\\/www.realclubmaritimomelilla.es\\\/clmar\\\/\",\"name\":\"Real Club Mar\u00edtimo de Melilla\",\"description\":\"RCMM\",\"publisher\":{\"@id\":\"https:\\\/\\\/www.realclubmaritimomelilla.es\\\/clmar\\\/#organization\"},\"alternateName\":\"RCMM\",\"potentialAction\":[{\"@type\":\"SearchAction\",\"target\":{\"@type\":\"EntryPoint\",\"urlTemplate\":\"https:\\\/\\\/www.realclubmaritimomelilla.es\\\/clmar\\\/?s={search_term_string}\"},\"query-input\":{\"@type\":\"PropertyValueSpecification\",\"valueRequired\":true,\"valueName\":\"search_term_string\"}}],\"inLanguage\":\"es\"},{\"@type\":\"Organization\",\"@id\":\"https:\\\/\\\/www.realclubmaritimomelilla.es\\\/clmar\\\/#organization\",\"name\":\"Real Club Mar\u00edtimo de Melilla\",\"alternateName\":\"RCMM\",\"url\":\"https:\\\/\\\/www.realclubmaritimomelilla.es\\\/clmar\\\/\",\"logo\":{\"@type\":\"ImageObject\",\"inLanguage\":\"es\",\"@id\":\"https:\\\/\\\/www.realclubmaritimomelilla.es\\\/clmar\\\/#\\\/schema\\\/logo\\\/image\\\/\",\"url\":\"https:\\\/\\\/www.realclubmaritimomelilla.es\\\/clmar\\\/wp-content\\\/uploads\\\/logo-club-original-copia.jpg\",\"contentUrl\":\"https:\\\/\\\/www.realclubmaritimomelilla.es\\\/clmar\\\/wp-content\\\/uploads\\\/logo-club-original-copia.jpg\",\"width\":128,\"height\":89,\"caption\":\"Real Club Mar\u00edtimo de Melilla\"},\"image\":{\"@id\":\"https:\\\/\\\/www.realclubmaritimomelilla.es\\\/clmar\\\/#\\\/schema\\\/logo\\\/image\\\/\"},\"sameAs\":[\"https:\\\/\\\/www.facebook.com\\\/Real-Club-Mar\u00edtimo-de-Melilla-588495841234214\\\/\",\"https:\\\/\\\/x.com\\\/nauticarcmm\",\"https:\\\/\\\/www.instagram.com\\\/club_maritimo_melilla\\\/\",\"https:\\\/\\\/www.youtube.com\\\/@realclubmaritimodemelilla4703\",\"https:\\\/\\\/es.wikipedia.org\\\/wiki\\\/Real_Club_Mar\u00edtimo_de_Melilla\"]},{\"@type\":\"Person\",\"@id\":\"https:\\\/\\\/www.realclubmaritimomelilla.es\\\/clmar\\\/#\\\/schema\\\/person\\\/ebaa3713496dc6d48c872452e73a8e79\",\"name\":\"RCMMelilla\",\"image\":{\"@type\":\"ImageObject\",\"inLanguage\":\"es\",\"@id\":\"https:\\\/\\\/secure.gravatar.com\\\/avatar\\\/df1c24789360fb9308735c4ee556fc2bc5bf924bf01e53043b8b97ba272da33c?s=96&d=mm&r=g\",\"url\":\"https:\\\/\\\/secure.gravatar.com\\\/avatar\\\/df1c24789360fb9308735c4ee556fc2bc5bf924bf01e53043b8b97ba272da33c?s=96&d=mm&r=g\",\"contentUrl\":\"https:\\\/\\\/secure.gravatar.com\\\/avatar\\\/df1c24789360fb9308735c4ee556fc2bc5bf924bf01e53043b8b97ba272da33c?s=96&d=mm&r=g\",\"caption\":\"RCMMelilla\"}}]}<\/script>\n<!-- \/ Yoast SEO plugin. -->","yoast_head_json":{"title":"NOCHEVIEJA EN EL REAL CLUB MAR\u00cdTIMO DE MELILLA - Real Club Mar\u00edtimo de Melilla","description":"NOCHEVIEJA EN EL REAL CLUB MAR\u00cdTIMO DE MELILLA -","robots":{"index":"index","follow":"follow","max-snippet":"max-snippet:-1","max-image-preview":"max-image-preview:large","max-video-preview":"max-video-preview:-1"},"canonical":"https:\/\/www.realclubmaritimomelilla.es\/clmar\/nochevieja-en-el-real-club-maritimo-de-melilla\/","og_locale":"es_ES","og_type":"article","og_title":"NOCHEVIEJA EN EL REAL CLUB MAR\u00cdTIMO DE MELILLA - Real Club Mar\u00edtimo de Melilla","og_description":"NOCHEVIEJA EN EL REAL CLUB MAR\u00cdTIMO DE MELILLA -","og_url":"https:\/\/www.realclubmaritimomelilla.es\/clmar\/nochevieja-en-el-real-club-maritimo-de-melilla\/","og_site_name":"Real Club Mar\u00edtimo de Melilla","article_publisher":"https:\/\/www.facebook.com\/Real-Club-Mar%c3%adtimo-de-Melilla-588495841234214\/","article_published_time":"2023-11-11T12:11:08+00:00","article_modified_time":"2024-03-27T08:41:00+00:00","og_image":[{"width":2560,"height":1920,"url":"https:\/\/www.realclubmaritimomelilla.es\/clmar\/wp-content\/uploads\/IMG_1236-scaled.jpg","type":"image\/jpeg"}],"author":"RCMMelilla","twitter_card":"summary_large_image","twitter_creator":"@nauticarcmm","twitter_site":"@nauticarcmm","twitter_misc":{"Escrito por":"RCMMelilla","Tiempo de lectura":"1 minuto"},"schema":{"@context":"https:\/\/schema.org","@graph":[{"@type":"Article","@id":"https:\/\/www.realclubmaritimomelilla.es\/clmar\/nochevieja-en-el-real-club-maritimo-de-melilla\/#article","isPartOf":{"@id":"https:\/\/www.realclubmaritimomelilla.es\/clmar\/nochevieja-en-el-real-club-maritimo-de-melilla\/"},"author":{"name":"RCMMelilla","@id":"https:\/\/www.realclubmaritimomelilla.es\/clmar\/#\/schema\/person\/ebaa3713496dc6d48c872452e73a8e79"},"headline":"NOCHEVIEJA EN EL REAL CLUB MAR\u00cdTIMO DE MELILLA","datePublished":"2023-11-11T12:11:08+00:00","dateModified":"2024-03-27T08:41:00+00:00","mainEntityOfPage":{"@id":"https:\/\/www.realclubmaritimomelilla.es\/clmar\/nochevieja-en-el-real-club-maritimo-de-melilla\/"},"wordCount":224,"commentCount":0,"publisher":{"@id":"https:\/\/www.realclubmaritimomelilla.es\/clmar\/#organization"},"image":{"@id":"https:\/\/www.realclubmaritimomelilla.es\/clmar\/nochevieja-en-el-real-club-maritimo-de-melilla\/#primaryimage"},"thumbnailUrl":"https:\/\/www.realclubmaritimomelilla.es\/clmar\/wp-content\/uploads\/IMG_1236-scaled.jpg","articleSection":["Celebraciones"],"inLanguage":"es","potentialAction":[{"@type":"CommentAction","name":"Comment","target":["https:\/\/www.realclubmaritimomelilla.es\/clmar\/nochevieja-en-el-real-club-maritimo-de-melilla\/#respond"]}]},{"@type":"WebPage","@id":"https:\/\/www.realclubmaritimomelilla.es\/clmar\/nochevieja-en-el-real-club-maritimo-de-melilla\/","url":"https:\/\/www.realclubmaritimomelilla.es\/clmar\/nochevieja-en-el-real-club-maritimo-de-melilla\/","name":"NOCHEVIEJA EN EL REAL CLUB MAR\u00cdTIMO DE MELILLA - Real Club Mar\u00edtimo de Melilla","isPartOf":{"@id":"https:\/\/www.realclubmaritimomelilla.es\/clmar\/#website"},"primaryImageOfPage":{"@id":"https:\/\/www.realclubmaritimomelilla.es\/clmar\/nochevieja-en-el-real-club-maritimo-de-melilla\/#primaryimage"},"image":{"@id":"https:\/\/www.realclubmaritimomelilla.es\/clmar\/nochevieja-en-el-real-club-maritimo-de-melilla\/#primaryimage"},"thumbnailUrl":"https:\/\/www.realclubmaritimomelilla.es\/clmar\/wp-content\/uploads\/IMG_1236-scaled.jpg","datePublished":"2023-11-11T12:11:08+00:00","dateModified":"2024-03-27T08:41:00+00:00","description":"NOCHEVIEJA EN EL REAL CLUB MAR\u00cdTIMO DE MELILLA -","breadcrumb":{"@id":"https:\/\/www.realclubmaritimomelilla.es\/clmar\/nochevieja-en-el-real-club-maritimo-de-melilla\/#breadcrumb"},"inLanguage":"es","potentialAction":[{"@type":"ReadAction","target":["https:\/\/www.realclubmaritimomelilla.es\/clmar\/nochevieja-en-el-real-club-maritimo-de-melilla\/"]}]},{"@type":"ImageObject","inLanguage":"es","@id":"https:\/\/www.realclubmaritimomelilla.es\/clmar\/nochevieja-en-el-real-club-maritimo-de-melilla\/#primaryimage","url":"https:\/\/www.realclubmaritimomelilla.es\/clmar\/wp-content\/uploads\/IMG_1236-scaled.jpg","contentUrl":"https:\/\/www.realclubmaritimomelilla.es\/clmar\/wp-content\/uploads\/IMG_1236-scaled.jpg","width":2560,"height":1920},{"@type":"BreadcrumbList","@id":"https:\/\/www.realclubmaritimomelilla.es\/clmar\/nochevieja-en-el-real-club-maritimo-de-melilla\/#breadcrumb","itemListElement":[{"@type":"ListItem","position":1,"name":"Portada","item":"https:\/\/www.realclubmaritimomelilla.es\/clmar\/"},{"@type":"ListItem","position":2,"name":"NOCHEVIEJA EN EL REAL CLUB MAR\u00cdTIMO DE MELILLA"}]},{"@type":"WebSite","@id":"https:\/\/www.realclubmaritimomelilla.es\/clmar\/#website","url":"https:\/\/www.realclubmaritimomelilla.es\/clmar\/","name":"Real Club Mar\u00edtimo de Melilla","description":"RCMM","publisher":{"@id":"https:\/\/www.realclubmaritimomelilla.es\/clmar\/#organization"},"alternateName":"RCMM","potentialAction":[{"@type":"SearchAction","target":{"@type":"EntryPoint","urlTemplate":"https:\/\/www.realclubmaritimomelilla.es\/clmar\/?s={search_term_string}"},"query-input":{"@type":"PropertyValueSpecification","valueRequired":true,"valueName":"search_term_string"}}],"inLanguage":"es"},{"@type":"Organization","@id":"https:\/\/www.realclubmaritimomelilla.es\/clmar\/#organization","name":"Real Club Mar\u00edtimo de Melilla","alternateName":"RCMM","url":"https:\/\/www.realclubmaritimomelilla.es\/clmar\/","logo":{"@type":"ImageObject","inLanguage":"es","@id":"https:\/\/www.realclubmaritimomelilla.es\/clmar\/#\/schema\/logo\/image\/","url":"https:\/\/www.realclubmaritimomelilla.es\/clmar\/wp-content\/uploads\/logo-club-original-copia.jpg","contentUrl":"https:\/\/www.realclubmaritimomelilla.es\/clmar\/wp-content\/uploads\/logo-club-original-copia.jpg","width":128,"height":89,"caption":"Real Club Mar\u00edtimo de Melilla"},"image":{"@id":"https:\/\/www.realclubmaritimomelilla.es\/clmar\/#\/schema\/logo\/image\/"},"sameAs":["https:\/\/www.facebook.com\/Real-Club-Mar\u00edtimo-de-Melilla-588495841234214\/","https:\/\/x.com\/nauticarcmm","https:\/\/www.instagram.com\/club_maritimo_melilla\/","https:\/\/www.youtube.com\/@realclubmaritimodemelilla4703","https:\/\/es.wikipedia.org\/wiki\/Real_Club_Mar\u00edtimo_de_Melilla"]},{"@type":"Person","@id":"https:\/\/www.realclubmaritimomelilla.es\/clmar\/#\/schema\/person\/ebaa3713496dc6d48c872452e73a8e79","name":"RCMMelilla","image":{"@type":"ImageObject","inLanguage":"es","@id":"https:\/\/secure.gravatar.com\/avatar\/df1c24789360fb9308735c4ee556fc2bc5bf924bf01e53043b8b97ba272da33c?s=96&d=mm&r=g","url":"https:\/\/secure.gravatar.com\/avatar\/df1c24789360fb9308735c4ee556fc2bc5bf924bf01e53043b8b97ba272da33c?s=96&d=mm&r=g","contentUrl":"https:\/\/secure.gravatar.com\/avatar\/df1c24789360fb9308735c4ee556fc2bc5bf924bf01e53043b8b97ba272da33c?s=96&d=mm&r=g","caption":"RCMMelilla"}}]}},"_links":{"self":[{"href":"https:\/\/www.realclubmaritimomelilla.es\/clmar\/wp-json\/wp\/v2\/posts\/21577","targetHints":{"allow":["GET"]}}],"collection":[{"href":"https:\/\/www.realclubmaritimomelilla.es\/clmar\/wp-json\/wp\/v2\/posts"}],"about":[{"href":"https:\/\/www.realclubmaritimomelilla.es\/clmar\/wp-json\/wp\/v2\/types\/post"}],"author":[{"embeddable":true,"href":"https:\/\/www.realclubmaritimomelilla.es\/clmar\/wp-json\/wp\/v2\/users\/1"}],"replies":[{"embeddable":true,"href":"https:\/\/www.realclubmaritimomelilla.es\/clmar\/wp-json\/wp\/v2\/comments?post=21577"}],"version-history":[{"count":2,"href":"https:\/\/www.realclubmaritimomelilla.es\/clmar\/wp-json\/wp\/v2\/posts\/21577\/revisions"}],"predecessor-version":[{"id":21582,"href":"https:\/\/www.realclubmaritimomelilla.es\/clmar\/wp-json\/wp\/v2\/posts\/21577\/revisions\/21582"}],"wp:featuredmedia":[{"embeddable":true,"href":"https:\/\/www.realclubmaritimomelilla.es\/clmar\/wp-json\/wp\/v2\/media\/21578"}],"wp:attachment":[{"href":"https:\/\/www.realclubmaritimomelilla.es\/clmar\/wp-json\/wp\/v2\/media?parent=21577"}],"wp:term":[{"taxonomy":"category","embeddable":true,"href":"https:\/\/www.realclubmaritimomelilla.es\/clmar\/wp-json\/wp\/v2\/categories?post=21577"},{"taxonomy":"post_tag","embeddable":true,"href":"https:\/\/www.realclubmaritimomelilla.es\/clmar\/wp-json\/wp\/v2\/tags?post=21577"}],"curies":[{"name":"wp","href":"https:\/\/api.w.org\/{rel}","templated":true}]}}