{"id":21470,"date":"2023-09-20T14:24:05","date_gmt":"2023-09-20T12:24:05","guid":{"rendered":"https:\/\/www.realclubmaritimomelilla.es\/clmar\/?p=21470"},"modified":"2024-03-27T10:08:04","modified_gmt":"2024-03-27T09:08:04","slug":"informacion-sobre-apertura-nuevo-gimnasio-e-informacion-sobre-app-altas-bajas-y-reservas","status":"publish","type":"post","link":"https:\/\/www.realclubmaritimomelilla.es\/clmar\/informacion-sobre-apertura-nuevo-gimnasio-e-informacion-sobre-app-altas-bajas-y-reservas\/","title":{"rendered":"INFORMACI\u00d3N SOBRE APERTURA NUEVO GIMNASIO E INFORMACI\u00d3N SOBRE APP ALTAS\/BAJAS Y RESERVAS"},"content":{"rendered":"<p><strong>Apertura nuevo gimnasio de CLASES DIRIGIDAS<\/strong><\/p>\n<p align=\"justify\">El d\u00eda 2 de octubre se realizar\u00e1 la apertura del <u><b>nuevo gimnasio de Clases Dirigidas<\/b><\/u> ubicado en el antiguo edificio social (antiguo gimnasio).<\/p>\n<p align=\"justify\">Los monitores impartir\u00e1n clases de Ciclo Indoor, Funcional, GAP, Hiit\/Core, Pilates y Tonificaci\u00f3n.<\/p>\n<p align=\"justify\">\n<p align=\"justify\"><u><b>Piscina Cubierta\/Spa y Nuevo Gimnasio de Clases Dirigidas<\/b><\/u><\/p>\n<p align=\"justify\"><u>Altas y reservas<\/u><\/p>\n<p align=\"justify\">Toda persona que desee acudir a Piscina Cubierta-Spa y\/o Clases Dirigidas, tiene que realizar previamente el alta en secretar\u00eda aceptando la normativa de la instalaci\u00f3n y el abono de la cuota. Una vez realizada el alta, solo podr\u00e1 hacer uso con reserva previa.<\/p>\n<p align=\"justify\">Con este fin, se ha puesto en funcionamiento una aplicaci\u00f3n para la gesti\u00f3n de reservas. <b>Esto conlleva que desde la \u00faltima semana de septiembre la forma de realizar las reservas de Piscina-Spa se modifica.<\/b><\/p>\n<p align=\"justify\">Para poder realizar las reservas es obligatorio que cada persona est\u00e9 de alta en la aplicaci\u00f3n y cree su usuario. Los datos de registro que solicita la aplicaci\u00f3n tienen que ser datos veraces (nombre y apellidos, tel\u00e9fono, email) para poder identificarlos como socios y asignarles los grupos activos. En caso contrario se eliminaran las solicitudes.<\/p>\n<p align=\"justify\">Para aquellas personas que no tengan email, el personal de secretar\u00eda les crear\u00e1 su usuario y podr\u00e1n realizar las reservas en el horario de apertura de secretar\u00eda. No se coger\u00e1n reservas en porter\u00eda.<\/p>\n<p align=\"justify\">Las reservas se pueden realizar con 7 d\u00edas de antelaci\u00f3n a la clase que se quiere acudir. En caso de tener dudas de cuando se abre el plazo para poder realizar la reserva, dentro de la aplicaci\u00f3n, puede desplazarse por el calendario hasta la clase que desea y all\u00ed le mostrar\u00eda toda la informaci\u00f3n.<\/p>\n<p align=\"justify\">El alquiler de las pistas de p\u00e1del se har\u00e1 a trav\u00e9s de la aplicaci\u00f3n con dos d\u00edas de antelaci\u00f3n. (Ejemplo: el s\u00e1bado a las 00:00 horas, se pueden comprar las pistas del lunes).<\/p>\n<p align=\"justify\"><a name=\"_GoBack\"><\/a> Como las pistas se abonan en el momento del alquiler, la aplicaci\u00f3n solicitar\u00e1 los datos de la tarjeta de cr\u00e9dito que se puede memorizar, o no, para futuras compras.<\/p>\n<p align=\"justify\">Puede descargarse la aplicaci\u00f3n leyendo el c\u00f3digo QR en secretar\u00eda o con el enlace de descarga de la aplicaci\u00f3n. Cualquier duda o consulta contacte con nuestra oficina.<\/p>\n<p>Las personas que no est\u00e9n de alta mensual y posean un bono no podr\u00e1n realizar las reservas a trav\u00e9s de la aplicaci\u00f3n. Acudir\u00e1n al socorrista directamente.<\/p>\n<p><u>Bajas<\/u><\/p>\n<p>Las solicitudes de baja (de cualquier servicio de coste) deber\u00e1n comunicarse por escrito al menos 5 d\u00edas antes de la finalizaci\u00f3n del mes. Darse de baja el usuario de la aplicaci\u00f3n no implica la baja del servicio.<\/p>\n","protected":false},"excerpt":{"rendered":"<p>Apertura nuevo gimnasio de CLASES DIRIGIDAS El d\u00eda 2 de octubre se realizar\u00e1 la apertura del nuevo gimnasio de Clases Dirigidas ubicado en el antiguo edificio social (antiguo gimnasio). Los monitores impartir\u00e1n clases de Ciclo Indoor, Funcional, GAP, Hiit\/Core, Pilates y Tonificaci\u00f3n. Piscina Cubierta\/Spa y Nuevo Gimnasio de Clases Dirigidas Altas y reservas Toda persona [&hellip;]<\/p>\n","protected":false},"author":1,"featured_media":21471,"comment_status":"open","ping_status":"open","sticky":false,"template":"","format":"standard","meta":{"_acf_changed":false,"footnotes":""},"categories":[40],"tags":[],"class_list":["post-21470","post","type-post","status-publish","format-standard","has-post-thumbnail","hentry","category-club"],"acf":[],"yoast_head":"<!-- This site is optimized with the Yoast SEO plugin v27.5 - https:\/\/yoast.com\/product\/yoast-seo-wordpress\/ -->\n<title>INFORMACI\u00d3N SOBRE APERTURA NUEVO GIMNASIO E INFORMACI\u00d3N SOBRE APP ALTAS\/BAJAS Y RESERVAS - Real Club Mar\u00edtimo de Melilla<\/title>\n<meta name=\"description\" content=\"INFORMACI\u00d3N SOBRE APERTURA NUEVO GIMNASIO E INFORMACI\u00d3N SOBRE APP ALTAS\/BAJAS Y RESERVAS -\" \/>\n<meta name=\"robots\" content=\"index, follow, max-snippet:-1, max-image-preview:large, max-video-preview:-1\" \/>\n<link rel=\"canonical\" href=\"https:\/\/www.realclubmaritimomelilla.es\/clmar\/informacion-sobre-apertura-nuevo-gimnasio-e-informacion-sobre-app-altas-bajas-y-reservas\/\" \/>\n<meta property=\"og:locale\" content=\"es_ES\" \/>\n<meta property=\"og:type\" content=\"article\" \/>\n<meta property=\"og:title\" content=\"INFORMACI\u00d3N SOBRE APERTURA NUEVO GIMNASIO E INFORMACI\u00d3N SOBRE APP ALTAS\/BAJAS Y RESERVAS - Real Club Mar\u00edtimo de Melilla\" \/>\n<meta property=\"og:description\" content=\"INFORMACI\u00d3N SOBRE APERTURA NUEVO GIMNASIO E INFORMACI\u00d3N SOBRE APP ALTAS\/BAJAS Y RESERVAS -\" \/>\n<meta property=\"og:url\" content=\"https:\/\/www.realclubmaritimomelilla.es\/clmar\/informacion-sobre-apertura-nuevo-gimnasio-e-informacion-sobre-app-altas-bajas-y-reservas\/\" \/>\n<meta property=\"og:site_name\" content=\"Real Club Mar\u00edtimo de Melilla\" \/>\n<meta property=\"article:publisher\" content=\"https:\/\/www.facebook.com\/Real-Club-Mar%c3%adtimo-de-Melilla-588495841234214\/\" \/>\n<meta property=\"article:published_time\" content=\"2023-09-20T12:24:05+00:00\" \/>\n<meta property=\"article:modified_time\" content=\"2024-03-27T09:08:04+00:00\" \/>\n<meta property=\"og:image\" content=\"https:\/\/www.realclubmaritimomelilla.es\/clmar\/wp-content\/uploads\/QR-Aplicacion.png\" \/>\n\t<meta property=\"og:image:width\" content=\"602\" \/>\n\t<meta property=\"og:image:height\" content=\"548\" \/>\n\t<meta property=\"og:image:type\" content=\"image\/png\" \/>\n<meta name=\"author\" content=\"RCMMelilla\" \/>\n<meta name=\"twitter:card\" content=\"summary_large_image\" \/>\n<meta name=\"twitter:creator\" content=\"@nauticarcmm\" \/>\n<meta name=\"twitter:site\" content=\"@nauticarcmm\" \/>\n<meta name=\"twitter:label1\" content=\"Escrito por\" \/>\n\t<meta name=\"twitter:data1\" content=\"RCMMelilla\" \/>\n\t<meta name=\"twitter:label2\" content=\"Tiempo de lectura\" \/>\n\t<meta name=\"twitter:data2\" content=\"2 minutos\" \/>\n<script type=\"application\/ld+json\" class=\"yoast-schema-graph\">{\"@context\":\"https:\\\/\\\/schema.org\",\"@graph\":[{\"@type\":\"Article\",\"@id\":\"https:\\\/\\\/www.realclubmaritimomelilla.es\\\/clmar\\\/informacion-sobre-apertura-nuevo-gimnasio-e-informacion-sobre-app-altas-bajas-y-reservas\\\/#article\",\"isPartOf\":{\"@id\":\"https:\\\/\\\/www.realclubmaritimomelilla.es\\\/clmar\\\/informacion-sobre-apertura-nuevo-gimnasio-e-informacion-sobre-app-altas-bajas-y-reservas\\\/\"},\"author\":{\"name\":\"RCMMelilla\",\"@id\":\"https:\\\/\\\/www.realclubmaritimomelilla.es\\\/clmar\\\/#\\\/schema\\\/person\\\/ebaa3713496dc6d48c872452e73a8e79\"},\"headline\":\"INFORMACI\u00d3N SOBRE APERTURA NUEVO GIMNASIO E INFORMACI\u00d3N SOBRE APP ALTAS\\\/BAJAS Y RESERVAS\",\"datePublished\":\"2023-09-20T12:24:05+00:00\",\"dateModified\":\"2024-03-27T09:08:04+00:00\",\"mainEntityOfPage\":{\"@id\":\"https:\\\/\\\/www.realclubmaritimomelilla.es\\\/clmar\\\/informacion-sobre-apertura-nuevo-gimnasio-e-informacion-sobre-app-altas-bajas-y-reservas\\\/\"},\"wordCount\":480,\"commentCount\":0,\"publisher\":{\"@id\":\"https:\\\/\\\/www.realclubmaritimomelilla.es\\\/clmar\\\/#organization\"},\"image\":{\"@id\":\"https:\\\/\\\/www.realclubmaritimomelilla.es\\\/clmar\\\/informacion-sobre-apertura-nuevo-gimnasio-e-informacion-sobre-app-altas-bajas-y-reservas\\\/#primaryimage\"},\"thumbnailUrl\":\"https:\\\/\\\/www.realclubmaritimomelilla.es\\\/clmar\\\/wp-content\\\/uploads\\\/QR-Aplicacion.png\",\"articleSection\":[\"Club\"],\"inLanguage\":\"es\",\"potentialAction\":[{\"@type\":\"CommentAction\",\"name\":\"Comment\",\"target\":[\"https:\\\/\\\/www.realclubmaritimomelilla.es\\\/clmar\\\/informacion-sobre-apertura-nuevo-gimnasio-e-informacion-sobre-app-altas-bajas-y-reservas\\\/#respond\"]}]},{\"@type\":\"WebPage\",\"@id\":\"https:\\\/\\\/www.realclubmaritimomelilla.es\\\/clmar\\\/informacion-sobre-apertura-nuevo-gimnasio-e-informacion-sobre-app-altas-bajas-y-reservas\\\/\",\"url\":\"https:\\\/\\\/www.realclubmaritimomelilla.es\\\/clmar\\\/informacion-sobre-apertura-nuevo-gimnasio-e-informacion-sobre-app-altas-bajas-y-reservas\\\/\",\"name\":\"INFORMACI\u00d3N SOBRE APERTURA NUEVO GIMNASIO E INFORMACI\u00d3N SOBRE APP ALTAS\\\/BAJAS Y RESERVAS - Real Club Mar\u00edtimo de Melilla\",\"isPartOf\":{\"@id\":\"https:\\\/\\\/www.realclubmaritimomelilla.es\\\/clmar\\\/#website\"},\"primaryImageOfPage\":{\"@id\":\"https:\\\/\\\/www.realclubmaritimomelilla.es\\\/clmar\\\/informacion-sobre-apertura-nuevo-gimnasio-e-informacion-sobre-app-altas-bajas-y-reservas\\\/#primaryimage\"},\"image\":{\"@id\":\"https:\\\/\\\/www.realclubmaritimomelilla.es\\\/clmar\\\/informacion-sobre-apertura-nuevo-gimnasio-e-informacion-sobre-app-altas-bajas-y-reservas\\\/#primaryimage\"},\"thumbnailUrl\":\"https:\\\/\\\/www.realclubmaritimomelilla.es\\\/clmar\\\/wp-content\\\/uploads\\\/QR-Aplicacion.png\",\"datePublished\":\"2023-09-20T12:24:05+00:00\",\"dateModified\":\"2024-03-27T09:08:04+00:00\",\"description\":\"INFORMACI\u00d3N SOBRE APERTURA NUEVO GIMNASIO E INFORMACI\u00d3N SOBRE APP ALTAS\\\/BAJAS Y RESERVAS -\",\"breadcrumb\":{\"@id\":\"https:\\\/\\\/www.realclubmaritimomelilla.es\\\/clmar\\\/informacion-sobre-apertura-nuevo-gimnasio-e-informacion-sobre-app-altas-bajas-y-reservas\\\/#breadcrumb\"},\"inLanguage\":\"es\",\"potentialAction\":[{\"@type\":\"ReadAction\",\"target\":[\"https:\\\/\\\/www.realclubmaritimomelilla.es\\\/clmar\\\/informacion-sobre-apertura-nuevo-gimnasio-e-informacion-sobre-app-altas-bajas-y-reservas\\\/\"]}]},{\"@type\":\"ImageObject\",\"inLanguage\":\"es\",\"@id\":\"https:\\\/\\\/www.realclubmaritimomelilla.es\\\/clmar\\\/informacion-sobre-apertura-nuevo-gimnasio-e-informacion-sobre-app-altas-bajas-y-reservas\\\/#primaryimage\",\"url\":\"https:\\\/\\\/www.realclubmaritimomelilla.es\\\/clmar\\\/wp-content\\\/uploads\\\/QR-Aplicacion.png\",\"contentUrl\":\"https:\\\/\\\/www.realclubmaritimomelilla.es\\\/clmar\\\/wp-content\\\/uploads\\\/QR-Aplicacion.png\",\"width\":602,\"height\":548},{\"@type\":\"BreadcrumbList\",\"@id\":\"https:\\\/\\\/www.realclubmaritimomelilla.es\\\/clmar\\\/informacion-sobre-apertura-nuevo-gimnasio-e-informacion-sobre-app-altas-bajas-y-reservas\\\/#breadcrumb\",\"itemListElement\":[{\"@type\":\"ListItem\",\"position\":1,\"name\":\"Portada\",\"item\":\"https:\\\/\\\/www.realclubmaritimomelilla.es\\\/clmar\\\/\"},{\"@type\":\"ListItem\",\"position\":2,\"name\":\"INFORMACI\u00d3N SOBRE APERTURA NUEVO GIMNASIO E INFORMACI\u00d3N SOBRE APP ALTAS\\\/BAJAS Y RESERVAS\"}]},{\"@type\":\"WebSite\",\"@id\":\"https:\\\/\\\/www.realclubmaritimomelilla.es\\\/clmar\\\/#website\",\"url\":\"https:\\\/\\\/www.realclubmaritimomelilla.es\\\/clmar\\\/\",\"name\":\"Real Club Mar\u00edtimo de Melilla\",\"description\":\"RCMM\",\"publisher\":{\"@id\":\"https:\\\/\\\/www.realclubmaritimomelilla.es\\\/clmar\\\/#organization\"},\"alternateName\":\"RCMM\",\"potentialAction\":[{\"@type\":\"SearchAction\",\"target\":{\"@type\":\"EntryPoint\",\"urlTemplate\":\"https:\\\/\\\/www.realclubmaritimomelilla.es\\\/clmar\\\/?s={search_term_string}\"},\"query-input\":{\"@type\":\"PropertyValueSpecification\",\"valueRequired\":true,\"valueName\":\"search_term_string\"}}],\"inLanguage\":\"es\"},{\"@type\":\"Organization\",\"@id\":\"https:\\\/\\\/www.realclubmaritimomelilla.es\\\/clmar\\\/#organization\",\"name\":\"Real Club Mar\u00edtimo de Melilla\",\"alternateName\":\"RCMM\",\"url\":\"https:\\\/\\\/www.realclubmaritimomelilla.es\\\/clmar\\\/\",\"logo\":{\"@type\":\"ImageObject\",\"inLanguage\":\"es\",\"@id\":\"https:\\\/\\\/www.realclubmaritimomelilla.es\\\/clmar\\\/#\\\/schema\\\/logo\\\/image\\\/\",\"url\":\"https:\\\/\\\/www.realclubmaritimomelilla.es\\\/clmar\\\/wp-content\\\/uploads\\\/logo-club-original-copia.jpg\",\"contentUrl\":\"https:\\\/\\\/www.realclubmaritimomelilla.es\\\/clmar\\\/wp-content\\\/uploads\\\/logo-club-original-copia.jpg\",\"width\":128,\"height\":89,\"caption\":\"Real Club Mar\u00edtimo de Melilla\"},\"image\":{\"@id\":\"https:\\\/\\\/www.realclubmaritimomelilla.es\\\/clmar\\\/#\\\/schema\\\/logo\\\/image\\\/\"},\"sameAs\":[\"https:\\\/\\\/www.facebook.com\\\/Real-Club-Mar\u00edtimo-de-Melilla-588495841234214\\\/\",\"https:\\\/\\\/x.com\\\/nauticarcmm\",\"https:\\\/\\\/www.instagram.com\\\/club_maritimo_melilla\\\/\",\"https:\\\/\\\/www.youtube.com\\\/@realclubmaritimodemelilla4703\",\"https:\\\/\\\/es.wikipedia.org\\\/wiki\\\/Real_Club_Mar\u00edtimo_de_Melilla\"]},{\"@type\":\"Person\",\"@id\":\"https:\\\/\\\/www.realclubmaritimomelilla.es\\\/clmar\\\/#\\\/schema\\\/person\\\/ebaa3713496dc6d48c872452e73a8e79\",\"name\":\"RCMMelilla\",\"image\":{\"@type\":\"ImageObject\",\"inLanguage\":\"es\",\"@id\":\"https:\\\/\\\/secure.gravatar.com\\\/avatar\\\/df1c24789360fb9308735c4ee556fc2bc5bf924bf01e53043b8b97ba272da33c?s=96&d=mm&r=g\",\"url\":\"https:\\\/\\\/secure.gravatar.com\\\/avatar\\\/df1c24789360fb9308735c4ee556fc2bc5bf924bf01e53043b8b97ba272da33c?s=96&d=mm&r=g\",\"contentUrl\":\"https:\\\/\\\/secure.gravatar.com\\\/avatar\\\/df1c24789360fb9308735c4ee556fc2bc5bf924bf01e53043b8b97ba272da33c?s=96&d=mm&r=g\",\"caption\":\"RCMMelilla\"}}]}<\/script>\n<!-- \/ Yoast SEO plugin. -->","yoast_head_json":{"title":"INFORMACI\u00d3N SOBRE APERTURA NUEVO GIMNASIO E INFORMACI\u00d3N SOBRE APP ALTAS\/BAJAS Y RESERVAS - Real Club Mar\u00edtimo de Melilla","description":"INFORMACI\u00d3N SOBRE APERTURA NUEVO GIMNASIO E INFORMACI\u00d3N SOBRE APP ALTAS\/BAJAS Y RESERVAS -","robots":{"index":"index","follow":"follow","max-snippet":"max-snippet:-1","max-image-preview":"max-image-preview:large","max-video-preview":"max-video-preview:-1"},"canonical":"https:\/\/www.realclubmaritimomelilla.es\/clmar\/informacion-sobre-apertura-nuevo-gimnasio-e-informacion-sobre-app-altas-bajas-y-reservas\/","og_locale":"es_ES","og_type":"article","og_title":"INFORMACI\u00d3N SOBRE APERTURA NUEVO GIMNASIO E INFORMACI\u00d3N SOBRE APP ALTAS\/BAJAS Y RESERVAS - Real Club Mar\u00edtimo de Melilla","og_description":"INFORMACI\u00d3N SOBRE APERTURA NUEVO GIMNASIO E INFORMACI\u00d3N SOBRE APP ALTAS\/BAJAS Y RESERVAS -","og_url":"https:\/\/www.realclubmaritimomelilla.es\/clmar\/informacion-sobre-apertura-nuevo-gimnasio-e-informacion-sobre-app-altas-bajas-y-reservas\/","og_site_name":"Real Club Mar\u00edtimo de Melilla","article_publisher":"https:\/\/www.facebook.com\/Real-Club-Mar%c3%adtimo-de-Melilla-588495841234214\/","article_published_time":"2023-09-20T12:24:05+00:00","article_modified_time":"2024-03-27T09:08:04+00:00","og_image":[{"width":602,"height":548,"url":"https:\/\/www.realclubmaritimomelilla.es\/clmar\/wp-content\/uploads\/QR-Aplicacion.png","type":"image\/png"}],"author":"RCMMelilla","twitter_card":"summary_large_image","twitter_creator":"@nauticarcmm","twitter_site":"@nauticarcmm","twitter_misc":{"Escrito por":"RCMMelilla","Tiempo de lectura":"2 minutos"},"schema":{"@context":"https:\/\/schema.org","@graph":[{"@type":"Article","@id":"https:\/\/www.realclubmaritimomelilla.es\/clmar\/informacion-sobre-apertura-nuevo-gimnasio-e-informacion-sobre-app-altas-bajas-y-reservas\/#article","isPartOf":{"@id":"https:\/\/www.realclubmaritimomelilla.es\/clmar\/informacion-sobre-apertura-nuevo-gimnasio-e-informacion-sobre-app-altas-bajas-y-reservas\/"},"author":{"name":"RCMMelilla","@id":"https:\/\/www.realclubmaritimomelilla.es\/clmar\/#\/schema\/person\/ebaa3713496dc6d48c872452e73a8e79"},"headline":"INFORMACI\u00d3N SOBRE APERTURA NUEVO GIMNASIO E INFORMACI\u00d3N SOBRE APP ALTAS\/BAJAS Y RESERVAS","datePublished":"2023-09-20T12:24:05+00:00","dateModified":"2024-03-27T09:08:04+00:00","mainEntityOfPage":{"@id":"https:\/\/www.realclubmaritimomelilla.es\/clmar\/informacion-sobre-apertura-nuevo-gimnasio-e-informacion-sobre-app-altas-bajas-y-reservas\/"},"wordCount":480,"commentCount":0,"publisher":{"@id":"https:\/\/www.realclubmaritimomelilla.es\/clmar\/#organization"},"image":{"@id":"https:\/\/www.realclubmaritimomelilla.es\/clmar\/informacion-sobre-apertura-nuevo-gimnasio-e-informacion-sobre-app-altas-bajas-y-reservas\/#primaryimage"},"thumbnailUrl":"https:\/\/www.realclubmaritimomelilla.es\/clmar\/wp-content\/uploads\/QR-Aplicacion.png","articleSection":["Club"],"inLanguage":"es","potentialAction":[{"@type":"CommentAction","name":"Comment","target":["https:\/\/www.realclubmaritimomelilla.es\/clmar\/informacion-sobre-apertura-nuevo-gimnasio-e-informacion-sobre-app-altas-bajas-y-reservas\/#respond"]}]},{"@type":"WebPage","@id":"https:\/\/www.realclubmaritimomelilla.es\/clmar\/informacion-sobre-apertura-nuevo-gimnasio-e-informacion-sobre-app-altas-bajas-y-reservas\/","url":"https:\/\/www.realclubmaritimomelilla.es\/clmar\/informacion-sobre-apertura-nuevo-gimnasio-e-informacion-sobre-app-altas-bajas-y-reservas\/","name":"INFORMACI\u00d3N SOBRE APERTURA NUEVO GIMNASIO E INFORMACI\u00d3N SOBRE APP ALTAS\/BAJAS Y RESERVAS - Real Club Mar\u00edtimo de Melilla","isPartOf":{"@id":"https:\/\/www.realclubmaritimomelilla.es\/clmar\/#website"},"primaryImageOfPage":{"@id":"https:\/\/www.realclubmaritimomelilla.es\/clmar\/informacion-sobre-apertura-nuevo-gimnasio-e-informacion-sobre-app-altas-bajas-y-reservas\/#primaryimage"},"image":{"@id":"https:\/\/www.realclubmaritimomelilla.es\/clmar\/informacion-sobre-apertura-nuevo-gimnasio-e-informacion-sobre-app-altas-bajas-y-reservas\/#primaryimage"},"thumbnailUrl":"https:\/\/www.realclubmaritimomelilla.es\/clmar\/wp-content\/uploads\/QR-Aplicacion.png","datePublished":"2023-09-20T12:24:05+00:00","dateModified":"2024-03-27T09:08:04+00:00","description":"INFORMACI\u00d3N SOBRE APERTURA NUEVO GIMNASIO E INFORMACI\u00d3N SOBRE APP ALTAS\/BAJAS Y RESERVAS -","breadcrumb":{"@id":"https:\/\/www.realclubmaritimomelilla.es\/clmar\/informacion-sobre-apertura-nuevo-gimnasio-e-informacion-sobre-app-altas-bajas-y-reservas\/#breadcrumb"},"inLanguage":"es","potentialAction":[{"@type":"ReadAction","target":["https:\/\/www.realclubmaritimomelilla.es\/clmar\/informacion-sobre-apertura-nuevo-gimnasio-e-informacion-sobre-app-altas-bajas-y-reservas\/"]}]},{"@type":"ImageObject","inLanguage":"es","@id":"https:\/\/www.realclubmaritimomelilla.es\/clmar\/informacion-sobre-apertura-nuevo-gimnasio-e-informacion-sobre-app-altas-bajas-y-reservas\/#primaryimage","url":"https:\/\/www.realclubmaritimomelilla.es\/clmar\/wp-content\/uploads\/QR-Aplicacion.png","contentUrl":"https:\/\/www.realclubmaritimomelilla.es\/clmar\/wp-content\/uploads\/QR-Aplicacion.png","width":602,"height":548},{"@type":"BreadcrumbList","@id":"https:\/\/www.realclubmaritimomelilla.es\/clmar\/informacion-sobre-apertura-nuevo-gimnasio-e-informacion-sobre-app-altas-bajas-y-reservas\/#breadcrumb","itemListElement":[{"@type":"ListItem","position":1,"name":"Portada","item":"https:\/\/www.realclubmaritimomelilla.es\/clmar\/"},{"@type":"ListItem","position":2,"name":"INFORMACI\u00d3N SOBRE APERTURA NUEVO GIMNASIO E INFORMACI\u00d3N SOBRE APP ALTAS\/BAJAS Y RESERVAS"}]},{"@type":"WebSite","@id":"https:\/\/www.realclubmaritimomelilla.es\/clmar\/#website","url":"https:\/\/www.realclubmaritimomelilla.es\/clmar\/","name":"Real Club Mar\u00edtimo de Melilla","description":"RCMM","publisher":{"@id":"https:\/\/www.realclubmaritimomelilla.es\/clmar\/#organization"},"alternateName":"RCMM","potentialAction":[{"@type":"SearchAction","target":{"@type":"EntryPoint","urlTemplate":"https:\/\/www.realclubmaritimomelilla.es\/clmar\/?s={search_term_string}"},"query-input":{"@type":"PropertyValueSpecification","valueRequired":true,"valueName":"search_term_string"}}],"inLanguage":"es"},{"@type":"Organization","@id":"https:\/\/www.realclubmaritimomelilla.es\/clmar\/#organization","name":"Real Club Mar\u00edtimo de Melilla","alternateName":"RCMM","url":"https:\/\/www.realclubmaritimomelilla.es\/clmar\/","logo":{"@type":"ImageObject","inLanguage":"es","@id":"https:\/\/www.realclubmaritimomelilla.es\/clmar\/#\/schema\/logo\/image\/","url":"https:\/\/www.realclubmaritimomelilla.es\/clmar\/wp-content\/uploads\/logo-club-original-copia.jpg","contentUrl":"https:\/\/www.realclubmaritimomelilla.es\/clmar\/wp-content\/uploads\/logo-club-original-copia.jpg","width":128,"height":89,"caption":"Real Club Mar\u00edtimo de Melilla"},"image":{"@id":"https:\/\/www.realclubmaritimomelilla.es\/clmar\/#\/schema\/logo\/image\/"},"sameAs":["https:\/\/www.facebook.com\/Real-Club-Mar\u00edtimo-de-Melilla-588495841234214\/","https:\/\/x.com\/nauticarcmm","https:\/\/www.instagram.com\/club_maritimo_melilla\/","https:\/\/www.youtube.com\/@realclubmaritimodemelilla4703","https:\/\/es.wikipedia.org\/wiki\/Real_Club_Mar\u00edtimo_de_Melilla"]},{"@type":"Person","@id":"https:\/\/www.realclubmaritimomelilla.es\/clmar\/#\/schema\/person\/ebaa3713496dc6d48c872452e73a8e79","name":"RCMMelilla","image":{"@type":"ImageObject","inLanguage":"es","@id":"https:\/\/secure.gravatar.com\/avatar\/df1c24789360fb9308735c4ee556fc2bc5bf924bf01e53043b8b97ba272da33c?s=96&d=mm&r=g","url":"https:\/\/secure.gravatar.com\/avatar\/df1c24789360fb9308735c4ee556fc2bc5bf924bf01e53043b8b97ba272da33c?s=96&d=mm&r=g","contentUrl":"https:\/\/secure.gravatar.com\/avatar\/df1c24789360fb9308735c4ee556fc2bc5bf924bf01e53043b8b97ba272da33c?s=96&d=mm&r=g","caption":"RCMMelilla"}}]}},"_links":{"self":[{"href":"https:\/\/www.realclubmaritimomelilla.es\/clmar\/wp-json\/wp\/v2\/posts\/21470","targetHints":{"allow":["GET"]}}],"collection":[{"href":"https:\/\/www.realclubmaritimomelilla.es\/clmar\/wp-json\/wp\/v2\/posts"}],"about":[{"href":"https:\/\/www.realclubmaritimomelilla.es\/clmar\/wp-json\/wp\/v2\/types\/post"}],"author":[{"embeddable":true,"href":"https:\/\/www.realclubmaritimomelilla.es\/clmar\/wp-json\/wp\/v2\/users\/1"}],"replies":[{"embeddable":true,"href":"https:\/\/www.realclubmaritimomelilla.es\/clmar\/wp-json\/wp\/v2\/comments?post=21470"}],"version-history":[{"count":1,"href":"https:\/\/www.realclubmaritimomelilla.es\/clmar\/wp-json\/wp\/v2\/posts\/21470\/revisions"}],"predecessor-version":[{"id":21472,"href":"https:\/\/www.realclubmaritimomelilla.es\/clmar\/wp-json\/wp\/v2\/posts\/21470\/revisions\/21472"}],"wp:featuredmedia":[{"embeddable":true,"href":"https:\/\/www.realclubmaritimomelilla.es\/clmar\/wp-json\/wp\/v2\/media\/21471"}],"wp:attachment":[{"href":"https:\/\/www.realclubmaritimomelilla.es\/clmar\/wp-json\/wp\/v2\/media?parent=21470"}],"wp:term":[{"taxonomy":"category","embeddable":true,"href":"https:\/\/www.realclubmaritimomelilla.es\/clmar\/wp-json\/wp\/v2\/categories?post=21470"},{"taxonomy":"post_tag","embeddable":true,"href":"https:\/\/www.realclubmaritimomelilla.es\/clmar\/wp-json\/wp\/v2\/tags?post=21470"}],"curies":[{"name":"wp","href":"https:\/\/api.w.org\/{rel}","templated":true}]}}