{"id":21468,"date":"2023-09-14T16:42:17","date_gmt":"2023-09-14T14:42:17","guid":{"rendered":"https:\/\/www.realclubmaritimomelilla.es\/clmar\/?p=21468"},"modified":"2024-03-27T10:08:40","modified_gmt":"2024-03-27T09:08:40","slug":"las-capacidades-submarinas-de-la-armada-espanola-la-serie-s-80-nueva-cita-en-el-real-club-maritimo-de-melilla-con-el-ciclo-de-conferencias-la-armada-esa-gran-desconocida","status":"publish","type":"post","link":"https:\/\/www.realclubmaritimomelilla.es\/clmar\/las-capacidades-submarinas-de-la-armada-espanola-la-serie-s-80-nueva-cita-en-el-real-club-maritimo-de-melilla-con-el-ciclo-de-conferencias-la-armada-esa-gran-desconocida\/","title":{"rendered":"&#8220;LAS CAPACIDADES SUBMARINAS DE LA ARMADA ESPA\u00d1OLA. LA SERIE S-80&#8221;, NUEVA CITA EN EL REAL CLUB MAR\u00cdTIMO DE MELILLA CON EL CICLO DE CONFERENCIAS &#8216;LA ARMADA, ESA GRAN DESCONOCIDA&#8217;"},"content":{"rendered":"<div>Las Jornadas \u201cLa\u00a0Armada, esa gran desconocida\u201d contin\u00faan este viernes, 15 de septiembre, con una nueva conferencia a cargo del contralmirante Alejandro Cuerda Lorenzo, con el t\u00edtulo \u201cLas capacidades submarinas de la Armada Espa\u00f1ola. La Serie S-80\u201d.<\/div>\n<p>Una conferencia, la cuarta de este ciclo de conferencias, que se inicia a las ocho de la tarde en el Real Club Mar\u00edtimo de Melilla, con entrada libre hasta completar aforo.<\/p>\n<div><\/div>\n<div>El contraalmirante\u00a0Cuerda Lorenzo disertar\u00e1 sobre la capacidad disuasoria de la Armada a trav\u00e9s del submarino, que se convierte en una de las amenazas m\u00e1s letales y dif\u00edciles de neutralizar. En esta l\u00ednea, abordar\u00e1 la transformaci\u00f3n que est\u00e1 llevando a cabo Espa\u00f1a en esta nueva l\u00ednea, con la pr\u00f3xima puesta en marcha de un nuevo sumergible de la denominada Serie S-80.<\/p>\n<p>\u201cLas capacidades submarinas de la Armada Espa\u00f1ola. La Serie S-80\u201d es el t\u00edtulo de la cuarta conferencia del ciclo impulsado por la Comandancia Naval de Melilla y el Real Club Mar\u00edtimo.<\/p><\/div>\n","protected":false},"excerpt":{"rendered":"<p>Las Jornadas \u201cLa\u00a0Armada, esa gran desconocida\u201d contin\u00faan este viernes, 15 de septiembre, con una nueva conferencia a cargo del contralmirante Alejandro Cuerda Lorenzo, con el t\u00edtulo \u201cLas capacidades submarinas de la Armada Espa\u00f1ola. La Serie S-80\u201d. Una conferencia, la cuarta de este ciclo de conferencias, que se inicia a las ocho de la tarde en [&hellip;]<\/p>\n","protected":false},"author":1,"featured_media":21459,"comment_status":"open","ping_status":"open","sticky":false,"template":"","format":"standard","meta":{"_acf_changed":false,"footnotes":""},"categories":[40],"tags":[],"class_list":["post-21468","post","type-post","status-publish","format-standard","has-post-thumbnail","hentry","category-club"],"acf":[],"yoast_head":"<!-- This site is optimized with the Yoast SEO plugin v27.5 - https:\/\/yoast.com\/product\/yoast-seo-wordpress\/ -->\n<title>&quot;LAS CAPACIDADES SUBMARINAS DE LA ARMADA ESPA\u00d1OLA. LA SERIE S-80&quot;, NUEVA CITA EN EL REAL CLUB MAR\u00cdTIMO DE MELILLA CON EL CICLO DE CONFERENCIAS &#039;LA ARMADA, ESA GRAN DESCONOCIDA&#039; - Real Club Mar\u00edtimo de Melilla<\/title>\n<meta name=\"description\" content=\"&quot;LAS CAPACIDADES SUBMARINAS DE LA ARMADA ESPA\u00d1OLA. LA SERIE S-80&quot;, NUEVA CITA EN EL REAL CLUB MAR\u00cdTIMO DE MELILLA CON EL CICLO DE CONFERENCIAS &#039;LA ARMADA, ESA GRAN DESCONOCIDA&#039; -\" \/>\n<meta name=\"robots\" content=\"index, follow, max-snippet:-1, max-image-preview:large, max-video-preview:-1\" \/>\n<link rel=\"canonical\" href=\"https:\/\/www.realclubmaritimomelilla.es\/clmar\/las-capacidades-submarinas-de-la-armada-espanola-la-serie-s-80-nueva-cita-en-el-real-club-maritimo-de-melilla-con-el-ciclo-de-conferencias-la-armada-esa-gran-desconocida\/\" \/>\n<meta property=\"og:locale\" content=\"es_ES\" \/>\n<meta property=\"og:type\" content=\"article\" \/>\n<meta property=\"og:title\" content=\"&quot;LAS CAPACIDADES SUBMARINAS DE LA ARMADA ESPA\u00d1OLA. LA SERIE S-80&quot;, NUEVA CITA EN EL REAL CLUB MAR\u00cdTIMO DE MELILLA CON EL CICLO DE CONFERENCIAS &#039;LA ARMADA, ESA GRAN DESCONOCIDA&#039; - Real Club Mar\u00edtimo de Melilla\" \/>\n<meta property=\"og:description\" content=\"&quot;LAS CAPACIDADES SUBMARINAS DE LA ARMADA ESPA\u00d1OLA. LA SERIE S-80&quot;, NUEVA CITA EN EL REAL CLUB MAR\u00cdTIMO DE MELILLA CON EL CICLO DE CONFERENCIAS &#039;LA ARMADA, ESA GRAN DESCONOCIDA&#039; -\" \/>\n<meta property=\"og:url\" content=\"https:\/\/www.realclubmaritimomelilla.es\/clmar\/las-capacidades-submarinas-de-la-armada-espanola-la-serie-s-80-nueva-cita-en-el-real-club-maritimo-de-melilla-con-el-ciclo-de-conferencias-la-armada-esa-gran-desconocida\/\" \/>\n<meta property=\"og:site_name\" content=\"Real Club Mar\u00edtimo de Melilla\" \/>\n<meta property=\"article:publisher\" content=\"https:\/\/www.facebook.com\/Real-Club-Mar%c3%adtimo-de-Melilla-588495841234214\/\" \/>\n<meta property=\"article:published_time\" content=\"2023-09-14T14:42:17+00:00\" \/>\n<meta property=\"article:modified_time\" content=\"2024-03-27T09:08:40+00:00\" \/>\n<meta property=\"og:image\" content=\"https:\/\/www.realclubmaritimomelilla.es\/clmar\/wp-content\/uploads\/2023-09-15-Las-capacidades-submarinas-de-la-Armada-Espanola-scaled.jpg\" \/>\n\t<meta property=\"og:image:width\" content=\"1810\" \/>\n\t<meta property=\"og:image:height\" content=\"2560\" \/>\n\t<meta property=\"og:image:type\" content=\"image\/jpeg\" \/>\n<meta name=\"author\" content=\"RCMMelilla\" \/>\n<meta name=\"twitter:card\" content=\"summary_large_image\" \/>\n<meta name=\"twitter:creator\" content=\"@nauticarcmm\" \/>\n<meta name=\"twitter:site\" content=\"@nauticarcmm\" \/>\n<meta name=\"twitter:label1\" content=\"Escrito por\" \/>\n\t<meta name=\"twitter:data1\" content=\"RCMMelilla\" \/>\n\t<meta name=\"twitter:label2\" content=\"Tiempo de lectura\" \/>\n\t<meta name=\"twitter:data2\" content=\"1 minuto\" \/>\n<script type=\"application\/ld+json\" class=\"yoast-schema-graph\">{\"@context\":\"https:\\\/\\\/schema.org\",\"@graph\":[{\"@type\":\"Article\",\"@id\":\"https:\\\/\\\/www.realclubmaritimomelilla.es\\\/clmar\\\/las-capacidades-submarinas-de-la-armada-espanola-la-serie-s-80-nueva-cita-en-el-real-club-maritimo-de-melilla-con-el-ciclo-de-conferencias-la-armada-esa-gran-desconocida\\\/#article\",\"isPartOf\":{\"@id\":\"https:\\\/\\\/www.realclubmaritimomelilla.es\\\/clmar\\\/las-capacidades-submarinas-de-la-armada-espanola-la-serie-s-80-nueva-cita-en-el-real-club-maritimo-de-melilla-con-el-ciclo-de-conferencias-la-armada-esa-gran-desconocida\\\/\"},\"author\":{\"name\":\"RCMMelilla\",\"@id\":\"https:\\\/\\\/www.realclubmaritimomelilla.es\\\/clmar\\\/#\\\/schema\\\/person\\\/ebaa3713496dc6d48c872452e73a8e79\"},\"headline\":\"&#8220;LAS CAPACIDADES SUBMARINAS DE LA ARMADA ESPA\u00d1OLA. LA SERIE S-80&#8221;, NUEVA CITA EN EL REAL CLUB MAR\u00cdTIMO DE MELILLA CON EL CICLO DE CONFERENCIAS &#8216;LA ARMADA, ESA GRAN DESCONOCIDA&#8217;\",\"datePublished\":\"2023-09-14T14:42:17+00:00\",\"dateModified\":\"2024-03-27T09:08:40+00:00\",\"mainEntityOfPage\":{\"@id\":\"https:\\\/\\\/www.realclubmaritimomelilla.es\\\/clmar\\\/las-capacidades-submarinas-de-la-armada-espanola-la-serie-s-80-nueva-cita-en-el-real-club-maritimo-de-melilla-con-el-ciclo-de-conferencias-la-armada-esa-gran-desconocida\\\/\"},\"wordCount\":205,\"commentCount\":0,\"publisher\":{\"@id\":\"https:\\\/\\\/www.realclubmaritimomelilla.es\\\/clmar\\\/#organization\"},\"image\":{\"@id\":\"https:\\\/\\\/www.realclubmaritimomelilla.es\\\/clmar\\\/las-capacidades-submarinas-de-la-armada-espanola-la-serie-s-80-nueva-cita-en-el-real-club-maritimo-de-melilla-con-el-ciclo-de-conferencias-la-armada-esa-gran-desconocida\\\/#primaryimage\"},\"thumbnailUrl\":\"https:\\\/\\\/www.realclubmaritimomelilla.es\\\/clmar\\\/wp-content\\\/uploads\\\/2023-09-15-Las-capacidades-submarinas-de-la-Armada-Espanola-scaled.jpg\",\"articleSection\":[\"Club\"],\"inLanguage\":\"es\",\"potentialAction\":[{\"@type\":\"CommentAction\",\"name\":\"Comment\",\"target\":[\"https:\\\/\\\/www.realclubmaritimomelilla.es\\\/clmar\\\/las-capacidades-submarinas-de-la-armada-espanola-la-serie-s-80-nueva-cita-en-el-real-club-maritimo-de-melilla-con-el-ciclo-de-conferencias-la-armada-esa-gran-desconocida\\\/#respond\"]}]},{\"@type\":\"WebPage\",\"@id\":\"https:\\\/\\\/www.realclubmaritimomelilla.es\\\/clmar\\\/las-capacidades-submarinas-de-la-armada-espanola-la-serie-s-80-nueva-cita-en-el-real-club-maritimo-de-melilla-con-el-ciclo-de-conferencias-la-armada-esa-gran-desconocida\\\/\",\"url\":\"https:\\\/\\\/www.realclubmaritimomelilla.es\\\/clmar\\\/las-capacidades-submarinas-de-la-armada-espanola-la-serie-s-80-nueva-cita-en-el-real-club-maritimo-de-melilla-con-el-ciclo-de-conferencias-la-armada-esa-gran-desconocida\\\/\",\"name\":\"\\\"LAS CAPACIDADES SUBMARINAS DE LA ARMADA ESPA\u00d1OLA. LA SERIE S-80\\\", NUEVA CITA EN EL REAL CLUB MAR\u00cdTIMO DE MELILLA CON EL CICLO DE CONFERENCIAS 'LA ARMADA, ESA GRAN DESCONOCIDA' - Real Club Mar\u00edtimo de Melilla\",\"isPartOf\":{\"@id\":\"https:\\\/\\\/www.realclubmaritimomelilla.es\\\/clmar\\\/#website\"},\"primaryImageOfPage\":{\"@id\":\"https:\\\/\\\/www.realclubmaritimomelilla.es\\\/clmar\\\/las-capacidades-submarinas-de-la-armada-espanola-la-serie-s-80-nueva-cita-en-el-real-club-maritimo-de-melilla-con-el-ciclo-de-conferencias-la-armada-esa-gran-desconocida\\\/#primaryimage\"},\"image\":{\"@id\":\"https:\\\/\\\/www.realclubmaritimomelilla.es\\\/clmar\\\/las-capacidades-submarinas-de-la-armada-espanola-la-serie-s-80-nueva-cita-en-el-real-club-maritimo-de-melilla-con-el-ciclo-de-conferencias-la-armada-esa-gran-desconocida\\\/#primaryimage\"},\"thumbnailUrl\":\"https:\\\/\\\/www.realclubmaritimomelilla.es\\\/clmar\\\/wp-content\\\/uploads\\\/2023-09-15-Las-capacidades-submarinas-de-la-Armada-Espanola-scaled.jpg\",\"datePublished\":\"2023-09-14T14:42:17+00:00\",\"dateModified\":\"2024-03-27T09:08:40+00:00\",\"description\":\"\\\"LAS CAPACIDADES SUBMARINAS DE LA ARMADA ESPA\u00d1OLA. LA SERIE S-80\\\", NUEVA CITA EN EL REAL CLUB MAR\u00cdTIMO DE MELILLA CON EL CICLO DE CONFERENCIAS 'LA ARMADA, ESA GRAN DESCONOCIDA' -\",\"breadcrumb\":{\"@id\":\"https:\\\/\\\/www.realclubmaritimomelilla.es\\\/clmar\\\/las-capacidades-submarinas-de-la-armada-espanola-la-serie-s-80-nueva-cita-en-el-real-club-maritimo-de-melilla-con-el-ciclo-de-conferencias-la-armada-esa-gran-desconocida\\\/#breadcrumb\"},\"inLanguage\":\"es\",\"potentialAction\":[{\"@type\":\"ReadAction\",\"target\":[\"https:\\\/\\\/www.realclubmaritimomelilla.es\\\/clmar\\\/las-capacidades-submarinas-de-la-armada-espanola-la-serie-s-80-nueva-cita-en-el-real-club-maritimo-de-melilla-con-el-ciclo-de-conferencias-la-armada-esa-gran-desconocida\\\/\"]}]},{\"@type\":\"ImageObject\",\"inLanguage\":\"es\",\"@id\":\"https:\\\/\\\/www.realclubmaritimomelilla.es\\\/clmar\\\/las-capacidades-submarinas-de-la-armada-espanola-la-serie-s-80-nueva-cita-en-el-real-club-maritimo-de-melilla-con-el-ciclo-de-conferencias-la-armada-esa-gran-desconocida\\\/#primaryimage\",\"url\":\"https:\\\/\\\/www.realclubmaritimomelilla.es\\\/clmar\\\/wp-content\\\/uploads\\\/2023-09-15-Las-capacidades-submarinas-de-la-Armada-Espanola-scaled.jpg\",\"contentUrl\":\"https:\\\/\\\/www.realclubmaritimomelilla.es\\\/clmar\\\/wp-content\\\/uploads\\\/2023-09-15-Las-capacidades-submarinas-de-la-Armada-Espanola-scaled.jpg\",\"width\":1810,\"height\":2560},{\"@type\":\"BreadcrumbList\",\"@id\":\"https:\\\/\\\/www.realclubmaritimomelilla.es\\\/clmar\\\/las-capacidades-submarinas-de-la-armada-espanola-la-serie-s-80-nueva-cita-en-el-real-club-maritimo-de-melilla-con-el-ciclo-de-conferencias-la-armada-esa-gran-desconocida\\\/#breadcrumb\",\"itemListElement\":[{\"@type\":\"ListItem\",\"position\":1,\"name\":\"Portada\",\"item\":\"https:\\\/\\\/www.realclubmaritimomelilla.es\\\/clmar\\\/\"},{\"@type\":\"ListItem\",\"position\":2,\"name\":\"&#8220;LAS CAPACIDADES SUBMARINAS DE LA ARMADA ESPA\u00d1OLA. LA SERIE S-80&#8221;, NUEVA CITA EN EL REAL CLUB MAR\u00cdTIMO DE MELILLA CON EL CICLO DE CONFERENCIAS &#8216;LA ARMADA, ESA GRAN DESCONOCIDA&#8217;\"}]},{\"@type\":\"WebSite\",\"@id\":\"https:\\\/\\\/www.realclubmaritimomelilla.es\\\/clmar\\\/#website\",\"url\":\"https:\\\/\\\/www.realclubmaritimomelilla.es\\\/clmar\\\/\",\"name\":\"Real Club Mar\u00edtimo de Melilla\",\"description\":\"RCMM\",\"publisher\":{\"@id\":\"https:\\\/\\\/www.realclubmaritimomelilla.es\\\/clmar\\\/#organization\"},\"alternateName\":\"RCMM\",\"potentialAction\":[{\"@type\":\"SearchAction\",\"target\":{\"@type\":\"EntryPoint\",\"urlTemplate\":\"https:\\\/\\\/www.realclubmaritimomelilla.es\\\/clmar\\\/?s={search_term_string}\"},\"query-input\":{\"@type\":\"PropertyValueSpecification\",\"valueRequired\":true,\"valueName\":\"search_term_string\"}}],\"inLanguage\":\"es\"},{\"@type\":\"Organization\",\"@id\":\"https:\\\/\\\/www.realclubmaritimomelilla.es\\\/clmar\\\/#organization\",\"name\":\"Real Club Mar\u00edtimo de Melilla\",\"alternateName\":\"RCMM\",\"url\":\"https:\\\/\\\/www.realclubmaritimomelilla.es\\\/clmar\\\/\",\"logo\":{\"@type\":\"ImageObject\",\"inLanguage\":\"es\",\"@id\":\"https:\\\/\\\/www.realclubmaritimomelilla.es\\\/clmar\\\/#\\\/schema\\\/logo\\\/image\\\/\",\"url\":\"https:\\\/\\\/www.realclubmaritimomelilla.es\\\/clmar\\\/wp-content\\\/uploads\\\/logo-club-original-copia.jpg\",\"contentUrl\":\"https:\\\/\\\/www.realclubmaritimomelilla.es\\\/clmar\\\/wp-content\\\/uploads\\\/logo-club-original-copia.jpg\",\"width\":128,\"height\":89,\"caption\":\"Real Club Mar\u00edtimo de Melilla\"},\"image\":{\"@id\":\"https:\\\/\\\/www.realclubmaritimomelilla.es\\\/clmar\\\/#\\\/schema\\\/logo\\\/image\\\/\"},\"sameAs\":[\"https:\\\/\\\/www.facebook.com\\\/Real-Club-Mar\u00edtimo-de-Melilla-588495841234214\\\/\",\"https:\\\/\\\/x.com\\\/nauticarcmm\",\"https:\\\/\\\/www.instagram.com\\\/club_maritimo_melilla\\\/\",\"https:\\\/\\\/www.youtube.com\\\/@realclubmaritimodemelilla4703\",\"https:\\\/\\\/es.wikipedia.org\\\/wiki\\\/Real_Club_Mar\u00edtimo_de_Melilla\"]},{\"@type\":\"Person\",\"@id\":\"https:\\\/\\\/www.realclubmaritimomelilla.es\\\/clmar\\\/#\\\/schema\\\/person\\\/ebaa3713496dc6d48c872452e73a8e79\",\"name\":\"RCMMelilla\",\"image\":{\"@type\":\"ImageObject\",\"inLanguage\":\"es\",\"@id\":\"https:\\\/\\\/secure.gravatar.com\\\/avatar\\\/df1c24789360fb9308735c4ee556fc2bc5bf924bf01e53043b8b97ba272da33c?s=96&d=mm&r=g\",\"url\":\"https:\\\/\\\/secure.gravatar.com\\\/avatar\\\/df1c24789360fb9308735c4ee556fc2bc5bf924bf01e53043b8b97ba272da33c?s=96&d=mm&r=g\",\"contentUrl\":\"https:\\\/\\\/secure.gravatar.com\\\/avatar\\\/df1c24789360fb9308735c4ee556fc2bc5bf924bf01e53043b8b97ba272da33c?s=96&d=mm&r=g\",\"caption\":\"RCMMelilla\"}}]}<\/script>\n<!-- \/ Yoast SEO plugin. -->","yoast_head_json":{"title":"\"LAS CAPACIDADES SUBMARINAS DE LA ARMADA ESPA\u00d1OLA. LA SERIE S-80\", NUEVA CITA EN EL REAL CLUB MAR\u00cdTIMO DE MELILLA CON EL CICLO DE CONFERENCIAS 'LA ARMADA, ESA GRAN DESCONOCIDA' - Real Club Mar\u00edtimo de Melilla","description":"\"LAS CAPACIDADES SUBMARINAS DE LA ARMADA ESPA\u00d1OLA. LA SERIE S-80\", NUEVA CITA EN EL REAL CLUB MAR\u00cdTIMO DE MELILLA CON EL CICLO DE CONFERENCIAS 'LA ARMADA, ESA GRAN DESCONOCIDA' -","robots":{"index":"index","follow":"follow","max-snippet":"max-snippet:-1","max-image-preview":"max-image-preview:large","max-video-preview":"max-video-preview:-1"},"canonical":"https:\/\/www.realclubmaritimomelilla.es\/clmar\/las-capacidades-submarinas-de-la-armada-espanola-la-serie-s-80-nueva-cita-en-el-real-club-maritimo-de-melilla-con-el-ciclo-de-conferencias-la-armada-esa-gran-desconocida\/","og_locale":"es_ES","og_type":"article","og_title":"\"LAS CAPACIDADES SUBMARINAS DE LA ARMADA ESPA\u00d1OLA. LA SERIE S-80\", NUEVA CITA EN EL REAL CLUB MAR\u00cdTIMO DE MELILLA CON EL CICLO DE CONFERENCIAS 'LA ARMADA, ESA GRAN DESCONOCIDA' - Real Club Mar\u00edtimo de Melilla","og_description":"\"LAS CAPACIDADES SUBMARINAS DE LA ARMADA ESPA\u00d1OLA. LA SERIE S-80\", NUEVA CITA EN EL REAL CLUB MAR\u00cdTIMO DE MELILLA CON EL CICLO DE CONFERENCIAS 'LA ARMADA, ESA GRAN DESCONOCIDA' -","og_url":"https:\/\/www.realclubmaritimomelilla.es\/clmar\/las-capacidades-submarinas-de-la-armada-espanola-la-serie-s-80-nueva-cita-en-el-real-club-maritimo-de-melilla-con-el-ciclo-de-conferencias-la-armada-esa-gran-desconocida\/","og_site_name":"Real Club Mar\u00edtimo de Melilla","article_publisher":"https:\/\/www.facebook.com\/Real-Club-Mar%c3%adtimo-de-Melilla-588495841234214\/","article_published_time":"2023-09-14T14:42:17+00:00","article_modified_time":"2024-03-27T09:08:40+00:00","og_image":[{"width":1810,"height":2560,"url":"https:\/\/www.realclubmaritimomelilla.es\/clmar\/wp-content\/uploads\/2023-09-15-Las-capacidades-submarinas-de-la-Armada-Espanola-scaled.jpg","type":"image\/jpeg"}],"author":"RCMMelilla","twitter_card":"summary_large_image","twitter_creator":"@nauticarcmm","twitter_site":"@nauticarcmm","twitter_misc":{"Escrito por":"RCMMelilla","Tiempo de lectura":"1 minuto"},"schema":{"@context":"https:\/\/schema.org","@graph":[{"@type":"Article","@id":"https:\/\/www.realclubmaritimomelilla.es\/clmar\/las-capacidades-submarinas-de-la-armada-espanola-la-serie-s-80-nueva-cita-en-el-real-club-maritimo-de-melilla-con-el-ciclo-de-conferencias-la-armada-esa-gran-desconocida\/#article","isPartOf":{"@id":"https:\/\/www.realclubmaritimomelilla.es\/clmar\/las-capacidades-submarinas-de-la-armada-espanola-la-serie-s-80-nueva-cita-en-el-real-club-maritimo-de-melilla-con-el-ciclo-de-conferencias-la-armada-esa-gran-desconocida\/"},"author":{"name":"RCMMelilla","@id":"https:\/\/www.realclubmaritimomelilla.es\/clmar\/#\/schema\/person\/ebaa3713496dc6d48c872452e73a8e79"},"headline":"&#8220;LAS CAPACIDADES SUBMARINAS DE LA ARMADA ESPA\u00d1OLA. LA SERIE S-80&#8221;, NUEVA CITA EN EL REAL CLUB MAR\u00cdTIMO DE MELILLA CON EL CICLO DE CONFERENCIAS &#8216;LA ARMADA, ESA GRAN DESCONOCIDA&#8217;","datePublished":"2023-09-14T14:42:17+00:00","dateModified":"2024-03-27T09:08:40+00:00","mainEntityOfPage":{"@id":"https:\/\/www.realclubmaritimomelilla.es\/clmar\/las-capacidades-submarinas-de-la-armada-espanola-la-serie-s-80-nueva-cita-en-el-real-club-maritimo-de-melilla-con-el-ciclo-de-conferencias-la-armada-esa-gran-desconocida\/"},"wordCount":205,"commentCount":0,"publisher":{"@id":"https:\/\/www.realclubmaritimomelilla.es\/clmar\/#organization"},"image":{"@id":"https:\/\/www.realclubmaritimomelilla.es\/clmar\/las-capacidades-submarinas-de-la-armada-espanola-la-serie-s-80-nueva-cita-en-el-real-club-maritimo-de-melilla-con-el-ciclo-de-conferencias-la-armada-esa-gran-desconocida\/#primaryimage"},"thumbnailUrl":"https:\/\/www.realclubmaritimomelilla.es\/clmar\/wp-content\/uploads\/2023-09-15-Las-capacidades-submarinas-de-la-Armada-Espanola-scaled.jpg","articleSection":["Club"],"inLanguage":"es","potentialAction":[{"@type":"CommentAction","name":"Comment","target":["https:\/\/www.realclubmaritimomelilla.es\/clmar\/las-capacidades-submarinas-de-la-armada-espanola-la-serie-s-80-nueva-cita-en-el-real-club-maritimo-de-melilla-con-el-ciclo-de-conferencias-la-armada-esa-gran-desconocida\/#respond"]}]},{"@type":"WebPage","@id":"https:\/\/www.realclubmaritimomelilla.es\/clmar\/las-capacidades-submarinas-de-la-armada-espanola-la-serie-s-80-nueva-cita-en-el-real-club-maritimo-de-melilla-con-el-ciclo-de-conferencias-la-armada-esa-gran-desconocida\/","url":"https:\/\/www.realclubmaritimomelilla.es\/clmar\/las-capacidades-submarinas-de-la-armada-espanola-la-serie-s-80-nueva-cita-en-el-real-club-maritimo-de-melilla-con-el-ciclo-de-conferencias-la-armada-esa-gran-desconocida\/","name":"\"LAS CAPACIDADES SUBMARINAS DE LA ARMADA ESPA\u00d1OLA. LA SERIE S-80\", NUEVA CITA EN EL REAL CLUB MAR\u00cdTIMO DE MELILLA CON EL CICLO DE CONFERENCIAS 'LA ARMADA, ESA GRAN DESCONOCIDA' - Real Club Mar\u00edtimo de Melilla","isPartOf":{"@id":"https:\/\/www.realclubmaritimomelilla.es\/clmar\/#website"},"primaryImageOfPage":{"@id":"https:\/\/www.realclubmaritimomelilla.es\/clmar\/las-capacidades-submarinas-de-la-armada-espanola-la-serie-s-80-nueva-cita-en-el-real-club-maritimo-de-melilla-con-el-ciclo-de-conferencias-la-armada-esa-gran-desconocida\/#primaryimage"},"image":{"@id":"https:\/\/www.realclubmaritimomelilla.es\/clmar\/las-capacidades-submarinas-de-la-armada-espanola-la-serie-s-80-nueva-cita-en-el-real-club-maritimo-de-melilla-con-el-ciclo-de-conferencias-la-armada-esa-gran-desconocida\/#primaryimage"},"thumbnailUrl":"https:\/\/www.realclubmaritimomelilla.es\/clmar\/wp-content\/uploads\/2023-09-15-Las-capacidades-submarinas-de-la-Armada-Espanola-scaled.jpg","datePublished":"2023-09-14T14:42:17+00:00","dateModified":"2024-03-27T09:08:40+00:00","description":"\"LAS CAPACIDADES SUBMARINAS DE LA ARMADA ESPA\u00d1OLA. LA SERIE S-80\", NUEVA CITA EN EL REAL CLUB MAR\u00cdTIMO DE MELILLA CON EL CICLO DE CONFERENCIAS 'LA ARMADA, ESA GRAN DESCONOCIDA' -","breadcrumb":{"@id":"https:\/\/www.realclubmaritimomelilla.es\/clmar\/las-capacidades-submarinas-de-la-armada-espanola-la-serie-s-80-nueva-cita-en-el-real-club-maritimo-de-melilla-con-el-ciclo-de-conferencias-la-armada-esa-gran-desconocida\/#breadcrumb"},"inLanguage":"es","potentialAction":[{"@type":"ReadAction","target":["https:\/\/www.realclubmaritimomelilla.es\/clmar\/las-capacidades-submarinas-de-la-armada-espanola-la-serie-s-80-nueva-cita-en-el-real-club-maritimo-de-melilla-con-el-ciclo-de-conferencias-la-armada-esa-gran-desconocida\/"]}]},{"@type":"ImageObject","inLanguage":"es","@id":"https:\/\/www.realclubmaritimomelilla.es\/clmar\/las-capacidades-submarinas-de-la-armada-espanola-la-serie-s-80-nueva-cita-en-el-real-club-maritimo-de-melilla-con-el-ciclo-de-conferencias-la-armada-esa-gran-desconocida\/#primaryimage","url":"https:\/\/www.realclubmaritimomelilla.es\/clmar\/wp-content\/uploads\/2023-09-15-Las-capacidades-submarinas-de-la-Armada-Espanola-scaled.jpg","contentUrl":"https:\/\/www.realclubmaritimomelilla.es\/clmar\/wp-content\/uploads\/2023-09-15-Las-capacidades-submarinas-de-la-Armada-Espanola-scaled.jpg","width":1810,"height":2560},{"@type":"BreadcrumbList","@id":"https:\/\/www.realclubmaritimomelilla.es\/clmar\/las-capacidades-submarinas-de-la-armada-espanola-la-serie-s-80-nueva-cita-en-el-real-club-maritimo-de-melilla-con-el-ciclo-de-conferencias-la-armada-esa-gran-desconocida\/#breadcrumb","itemListElement":[{"@type":"ListItem","position":1,"name":"Portada","item":"https:\/\/www.realclubmaritimomelilla.es\/clmar\/"},{"@type":"ListItem","position":2,"name":"&#8220;LAS CAPACIDADES SUBMARINAS DE LA ARMADA ESPA\u00d1OLA. LA SERIE S-80&#8221;, NUEVA CITA EN EL REAL CLUB MAR\u00cdTIMO DE MELILLA CON EL CICLO DE CONFERENCIAS &#8216;LA ARMADA, ESA GRAN DESCONOCIDA&#8217;"}]},{"@type":"WebSite","@id":"https:\/\/www.realclubmaritimomelilla.es\/clmar\/#website","url":"https:\/\/www.realclubmaritimomelilla.es\/clmar\/","name":"Real Club Mar\u00edtimo de Melilla","description":"RCMM","publisher":{"@id":"https:\/\/www.realclubmaritimomelilla.es\/clmar\/#organization"},"alternateName":"RCMM","potentialAction":[{"@type":"SearchAction","target":{"@type":"EntryPoint","urlTemplate":"https:\/\/www.realclubmaritimomelilla.es\/clmar\/?s={search_term_string}"},"query-input":{"@type":"PropertyValueSpecification","valueRequired":true,"valueName":"search_term_string"}}],"inLanguage":"es"},{"@type":"Organization","@id":"https:\/\/www.realclubmaritimomelilla.es\/clmar\/#organization","name":"Real Club Mar\u00edtimo de Melilla","alternateName":"RCMM","url":"https:\/\/www.realclubmaritimomelilla.es\/clmar\/","logo":{"@type":"ImageObject","inLanguage":"es","@id":"https:\/\/www.realclubmaritimomelilla.es\/clmar\/#\/schema\/logo\/image\/","url":"https:\/\/www.realclubmaritimomelilla.es\/clmar\/wp-content\/uploads\/logo-club-original-copia.jpg","contentUrl":"https:\/\/www.realclubmaritimomelilla.es\/clmar\/wp-content\/uploads\/logo-club-original-copia.jpg","width":128,"height":89,"caption":"Real Club Mar\u00edtimo de Melilla"},"image":{"@id":"https:\/\/www.realclubmaritimomelilla.es\/clmar\/#\/schema\/logo\/image\/"},"sameAs":["https:\/\/www.facebook.com\/Real-Club-Mar\u00edtimo-de-Melilla-588495841234214\/","https:\/\/x.com\/nauticarcmm","https:\/\/www.instagram.com\/club_maritimo_melilla\/","https:\/\/www.youtube.com\/@realclubmaritimodemelilla4703","https:\/\/es.wikipedia.org\/wiki\/Real_Club_Mar\u00edtimo_de_Melilla"]},{"@type":"Person","@id":"https:\/\/www.realclubmaritimomelilla.es\/clmar\/#\/schema\/person\/ebaa3713496dc6d48c872452e73a8e79","name":"RCMMelilla","image":{"@type":"ImageObject","inLanguage":"es","@id":"https:\/\/secure.gravatar.com\/avatar\/df1c24789360fb9308735c4ee556fc2bc5bf924bf01e53043b8b97ba272da33c?s=96&d=mm&r=g","url":"https:\/\/secure.gravatar.com\/avatar\/df1c24789360fb9308735c4ee556fc2bc5bf924bf01e53043b8b97ba272da33c?s=96&d=mm&r=g","contentUrl":"https:\/\/secure.gravatar.com\/avatar\/df1c24789360fb9308735c4ee556fc2bc5bf924bf01e53043b8b97ba272da33c?s=96&d=mm&r=g","caption":"RCMMelilla"}}]}},"_links":{"self":[{"href":"https:\/\/www.realclubmaritimomelilla.es\/clmar\/wp-json\/wp\/v2\/posts\/21468","targetHints":{"allow":["GET"]}}],"collection":[{"href":"https:\/\/www.realclubmaritimomelilla.es\/clmar\/wp-json\/wp\/v2\/posts"}],"about":[{"href":"https:\/\/www.realclubmaritimomelilla.es\/clmar\/wp-json\/wp\/v2\/types\/post"}],"author":[{"embeddable":true,"href":"https:\/\/www.realclubmaritimomelilla.es\/clmar\/wp-json\/wp\/v2\/users\/1"}],"replies":[{"embeddable":true,"href":"https:\/\/www.realclubmaritimomelilla.es\/clmar\/wp-json\/wp\/v2\/comments?post=21468"}],"version-history":[{"count":1,"href":"https:\/\/www.realclubmaritimomelilla.es\/clmar\/wp-json\/wp\/v2\/posts\/21468\/revisions"}],"predecessor-version":[{"id":21469,"href":"https:\/\/www.realclubmaritimomelilla.es\/clmar\/wp-json\/wp\/v2\/posts\/21468\/revisions\/21469"}],"wp:featuredmedia":[{"embeddable":true,"href":"https:\/\/www.realclubmaritimomelilla.es\/clmar\/wp-json\/wp\/v2\/media\/21459"}],"wp:attachment":[{"href":"https:\/\/www.realclubmaritimomelilla.es\/clmar\/wp-json\/wp\/v2\/media?parent=21468"}],"wp:term":[{"taxonomy":"category","embeddable":true,"href":"https:\/\/www.realclubmaritimomelilla.es\/clmar\/wp-json\/wp\/v2\/categories?post=21468"},{"taxonomy":"post_tag","embeddable":true,"href":"https:\/\/www.realclubmaritimomelilla.es\/clmar\/wp-json\/wp\/v2\/tags?post=21468"}],"curies":[{"name":"wp","href":"https:\/\/api.w.org\/{rel}","templated":true}]}}