{"id":21450,"date":"2023-09-10T18:16:01","date_gmt":"2023-09-10T16:16:01","guid":{"rendered":"https:\/\/www.realclubmaritimomelilla.es\/clmar\/?p=21450"},"modified":"2024-03-27T10:09:19","modified_gmt":"2024-03-27T09:09:19","slug":"olivita-gana-la-regata-de-feria-y-acudira-al-campeonato-de-espana","status":"publish","type":"post","link":"https:\/\/www.realclubmaritimomelilla.es\/clmar\/olivita-gana-la-regata-de-feria-y-acudira-al-campeonato-de-espana\/","title":{"rendered":"\u2018OLIVITA\u2019 GANA LA REGATA DE FERIA Y ACUDIR\u00c1 AL CAMPEONATO DE ESPA\u00d1A"},"content":{"rendered":"<p><img decoding=\"async\" class=\"aligncenter size-full wp-image-21451\" src=\"https:\/\/www.realclubmaritimomelilla.es\/clmar\/wp-content\/uploads\/1o-OLIVITA.jpg\" alt=\"\" width=\"2016\" height=\"1512\" srcset=\"https:\/\/www.realclubmaritimomelilla.es\/clmar\/wp-content\/uploads\/1o-OLIVITA-200x150.jpg 200w, https:\/\/www.realclubmaritimomelilla.es\/clmar\/wp-content\/uploads\/1o-OLIVITA-300x225.jpg 300w, https:\/\/www.realclubmaritimomelilla.es\/clmar\/wp-content\/uploads\/1o-OLIVITA-400x300.jpg 400w, https:\/\/www.realclubmaritimomelilla.es\/clmar\/wp-content\/uploads\/1o-OLIVITA-600x450.jpg 600w, https:\/\/www.realclubmaritimomelilla.es\/clmar\/wp-content\/uploads\/1o-OLIVITA-768x576.jpg 768w, https:\/\/www.realclubmaritimomelilla.es\/clmar\/wp-content\/uploads\/1o-OLIVITA-800x600.jpg 800w, https:\/\/www.realclubmaritimomelilla.es\/clmar\/wp-content\/uploads\/1o-OLIVITA-1024x768.jpg 1024w, https:\/\/www.realclubmaritimomelilla.es\/clmar\/wp-content\/uploads\/1o-OLIVITA-1200x900.jpg 1200w, https:\/\/www.realclubmaritimomelilla.es\/clmar\/wp-content\/uploads\/1o-OLIVITA-1536x1152.jpg 1536w, https:\/\/www.realclubmaritimomelilla.es\/clmar\/wp-content\/uploads\/1o-OLIVITA.jpg 2016w\" sizes=\"(max-width: 2016px) 100vw, 2016px\" \/> <img decoding=\"async\" class=\"aligncenter size-full wp-image-21452\" src=\"https:\/\/www.realclubmaritimomelilla.es\/clmar\/wp-content\/uploads\/2o-CIUDAD-DE-MELILLA.jpg\" alt=\"\" width=\"2016\" height=\"1512\" srcset=\"https:\/\/www.realclubmaritimomelilla.es\/clmar\/wp-content\/uploads\/2o-CIUDAD-DE-MELILLA-200x150.jpg 200w, https:\/\/www.realclubmaritimomelilla.es\/clmar\/wp-content\/uploads\/2o-CIUDAD-DE-MELILLA-300x225.jpg 300w, https:\/\/www.realclubmaritimomelilla.es\/clmar\/wp-content\/uploads\/2o-CIUDAD-DE-MELILLA-400x300.jpg 400w, https:\/\/www.realclubmaritimomelilla.es\/clmar\/wp-content\/uploads\/2o-CIUDAD-DE-MELILLA-600x450.jpg 600w, https:\/\/www.realclubmaritimomelilla.es\/clmar\/wp-content\/uploads\/2o-CIUDAD-DE-MELILLA-768x576.jpg 768w, https:\/\/www.realclubmaritimomelilla.es\/clmar\/wp-content\/uploads\/2o-CIUDAD-DE-MELILLA-800x600.jpg 800w, https:\/\/www.realclubmaritimomelilla.es\/clmar\/wp-content\/uploads\/2o-CIUDAD-DE-MELILLA-1024x768.jpg 1024w, https:\/\/www.realclubmaritimomelilla.es\/clmar\/wp-content\/uploads\/2o-CIUDAD-DE-MELILLA-1200x900.jpg 1200w, https:\/\/www.realclubmaritimomelilla.es\/clmar\/wp-content\/uploads\/2o-CIUDAD-DE-MELILLA-1536x1152.jpg 1536w, https:\/\/www.realclubmaritimomelilla.es\/clmar\/wp-content\/uploads\/2o-CIUDAD-DE-MELILLA.jpg 2016w\" sizes=\"(max-width: 2016px) 100vw, 2016px\" \/> <img decoding=\"async\" class=\"aligncenter size-full wp-image-21453\" src=\"https:\/\/www.realclubmaritimomelilla.es\/clmar\/wp-content\/uploads\/3o-KELAYA.jpg\" alt=\"\" width=\"2016\" height=\"1512\" srcset=\"https:\/\/www.realclubmaritimomelilla.es\/clmar\/wp-content\/uploads\/3o-KELAYA-200x150.jpg 200w, https:\/\/www.realclubmaritimomelilla.es\/clmar\/wp-content\/uploads\/3o-KELAYA-300x225.jpg 300w, https:\/\/www.realclubmaritimomelilla.es\/clmar\/wp-content\/uploads\/3o-KELAYA-400x300.jpg 400w, https:\/\/www.realclubmaritimomelilla.es\/clmar\/wp-content\/uploads\/3o-KELAYA-600x450.jpg 600w, https:\/\/www.realclubmaritimomelilla.es\/clmar\/wp-content\/uploads\/3o-KELAYA-768x576.jpg 768w, https:\/\/www.realclubmaritimomelilla.es\/clmar\/wp-content\/uploads\/3o-KELAYA-800x600.jpg 800w, https:\/\/www.realclubmaritimomelilla.es\/clmar\/wp-content\/uploads\/3o-KELAYA-1024x768.jpg 1024w, https:\/\/www.realclubmaritimomelilla.es\/clmar\/wp-content\/uploads\/3o-KELAYA-1200x900.jpg 1200w, https:\/\/www.realclubmaritimomelilla.es\/clmar\/wp-content\/uploads\/3o-KELAYA-1536x1152.jpg 1536w, https:\/\/www.realclubmaritimomelilla.es\/clmar\/wp-content\/uploads\/3o-KELAYA.jpg 2016w\" sizes=\"(max-width: 2016px) 100vw, 2016px\" \/> <img decoding=\"async\" class=\"aligncenter size-full wp-image-21454\" src=\"https:\/\/www.realclubmaritimomelilla.es\/clmar\/wp-content\/uploads\/SALIDA-1.jpg\" alt=\"\" width=\"2048\" height=\"1536\" srcset=\"https:\/\/www.realclubmaritimomelilla.es\/clmar\/wp-content\/uploads\/SALIDA-1-200x150.jpg 200w, https:\/\/www.realclubmaritimomelilla.es\/clmar\/wp-content\/uploads\/SALIDA-1-300x225.jpg 300w, https:\/\/www.realclubmaritimomelilla.es\/clmar\/wp-content\/uploads\/SALIDA-1-400x300.jpg 400w, https:\/\/www.realclubmaritimomelilla.es\/clmar\/wp-content\/uploads\/SALIDA-1-600x450.jpg 600w, https:\/\/www.realclubmaritimomelilla.es\/clmar\/wp-content\/uploads\/SALIDA-1-768x576.jpg 768w, https:\/\/www.realclubmaritimomelilla.es\/clmar\/wp-content\/uploads\/SALIDA-1-800x600.jpg 800w, https:\/\/www.realclubmaritimomelilla.es\/clmar\/wp-content\/uploads\/SALIDA-1-1024x768.jpg 1024w, https:\/\/www.realclubmaritimomelilla.es\/clmar\/wp-content\/uploads\/SALIDA-1-1200x900.jpg 1200w, https:\/\/www.realclubmaritimomelilla.es\/clmar\/wp-content\/uploads\/SALIDA-1-1536x1152.jpg 1536w, https:\/\/www.realclubmaritimomelilla.es\/clmar\/wp-content\/uploads\/SALIDA-1.jpg 2048w\" sizes=\"(max-width: 2048px) 100vw, 2048px\" \/>La tripulaci\u00f3n del \u2018Olivita\u2019, con Luis Cobreros a la ca\u00f1a, se ha impuesto en la Regata de Ferias desarrollada por el Real Club Mar\u00edtimo de Melilla dentro de su agenda de actividades con motivo de las Fiestas Patronales.<span class=\"Apple-converted-space\">\u00a0<\/span><\/p>\n<p>Esta competici\u00f3n tambi\u00e9n formaba parte del Clasificatorio para el Campeonato de Espa\u00f1a de Cruceros, por lo que doble triunfo para la embarcaci\u00f3n \u2018Olivita\u2019, que ser\u00e1 la que represente este a\u00f1o a la Ciudad Aut\u00f3noma en esta cita oficial de la Real Federaci\u00f3n Espa\u00f1ola de Vela (RFEV).<\/p>\n<p>Una competici\u00f3n a la que acudieron cuatro tripulaciones para realizar un recorrido entre balizas barlovento-sotavento. El Comit\u00e9 de Regata, dirigido para la ocasi\u00f3n por Fidel Mart\u00ednez, daba la salida pasadas las doce del mediod\u00eda con un rumbo al 340\u00ba y con una intensidad de cinco nudos, que posteriormente alcanz\u00f3 los siete durante la \u00faltima ce\u00f1ida.<span class=\"Apple-converted-space\">\u00a0<\/span><\/p>\n<p>En la l\u00ednea de salida, adem\u00e1s de \u2018Olivita\u2019 que defend\u00eda liderato en el Clasificatorio, tras ganar la primera prueba celebrada en julio, tambi\u00e9n estaban \u2018Kelaya\u2019, \u2018Ixchel\u2019 y \u2018Ciudad de Melilla\u2019, este ultimo nuevamente con su patr\u00f3n habitual Jos\u00e9 Luis P\u00e9rez a la ca\u00f1a.<span class=\"Apple-converted-space\">\u00a0<\/span><\/p>\n<p>En tiempo real, la tripulaci\u00f3n de Jos\u00e9 Luis P\u00e9rez logr\u00f3 entrar en primer lugar, pero el buen hacer y el buen momento del equipo de Luis Cobreros le permitir\u00eda ganar en compensado y as\u00ed anotarse un nuevo triunfo este verano. <span class=\"Apple-converted-space\">\u00a0<\/span><\/p>\n<p>As\u00ed, la clasificaci\u00f3n final del Trofeo de Feria ha quedado con \u2018Olivita\u2019, \u2018Ciudad de Melilla\u2019 y \u2018Kelaya\u2019 en los puestos de honor.<span class=\"Apple-converted-space\">\u00a0<\/span><\/p>\n<p>Al mismo tiempo, tras de dos pruebas y despu\u00e9s de que la RFEV encargarse al Real Club Mar\u00edtimo de Melilla organizar el Clasificatorio para el Campeonato de Espa\u00f1a, ser\u00e1 la embarcaci\u00f3n \u2018Olivita\u2019, junto a Pancho R\u00edos y su tripulaci\u00f3n la que acuda el pr\u00f3ximo mes de octubre al Real Club de Yates de Bayona a tomar parte en el Nacional de Cruceros 2023.<\/p>\n","protected":false},"excerpt":{"rendered":"<p>La tripulaci\u00f3n del \u2018Olivita\u2019, con Luis Cobreros a la ca\u00f1a, se ha impuesto en la Regata de Ferias desarrollada por el Real Club Mar\u00edtimo de Melilla dentro de su agenda de actividades con motivo de las Fiestas Patronales.\u00a0 Esta competici\u00f3n tambi\u00e9n formaba parte del Clasificatorio para el Campeonato de Espa\u00f1a de Cruceros, por lo que [&hellip;]<\/p>\n","protected":false},"author":1,"featured_media":21454,"comment_status":"open","ping_status":"open","sticky":false,"template":"","format":"standard","meta":{"_acf_changed":false,"footnotes":""},"categories":[38],"tags":[],"class_list":["post-21450","post","type-post","status-publish","format-standard","has-post-thumbnail","hentry","category-nautica"],"acf":[],"yoast_head":"<!-- This site is optimized with the Yoast SEO plugin v27.5 - https:\/\/yoast.com\/product\/yoast-seo-wordpress\/ -->\n<title>\u2018OLIVITA\u2019 GANA LA REGATA DE FERIA Y ACUDIR\u00c1 AL CAMPEONATO DE ESPA\u00d1A - Real Club Mar\u00edtimo de Melilla<\/title>\n<meta name=\"description\" content=\"\u2018OLIVITA\u2019 GANA LA REGATA DE FERIA Y ACUDIR\u00c1 AL CAMPEONATO DE ESPA\u00d1A -\" \/>\n<meta name=\"robots\" content=\"index, follow, max-snippet:-1, max-image-preview:large, max-video-preview:-1\" \/>\n<link rel=\"canonical\" href=\"https:\/\/www.realclubmaritimomelilla.es\/clmar\/olivita-gana-la-regata-de-feria-y-acudira-al-campeonato-de-espana\/\" \/>\n<meta property=\"og:locale\" content=\"es_ES\" \/>\n<meta property=\"og:type\" content=\"article\" \/>\n<meta property=\"og:title\" content=\"\u2018OLIVITA\u2019 GANA LA REGATA DE FERIA Y ACUDIR\u00c1 AL CAMPEONATO DE ESPA\u00d1A - Real Club Mar\u00edtimo de Melilla\" \/>\n<meta property=\"og:description\" content=\"\u2018OLIVITA\u2019 GANA LA REGATA DE FERIA Y ACUDIR\u00c1 AL CAMPEONATO DE ESPA\u00d1A -\" \/>\n<meta property=\"og:url\" content=\"https:\/\/www.realclubmaritimomelilla.es\/clmar\/olivita-gana-la-regata-de-feria-y-acudira-al-campeonato-de-espana\/\" \/>\n<meta property=\"og:site_name\" content=\"Real Club Mar\u00edtimo de Melilla\" \/>\n<meta property=\"article:publisher\" content=\"https:\/\/www.facebook.com\/Real-Club-Mar%c3%adtimo-de-Melilla-588495841234214\/\" \/>\n<meta property=\"article:published_time\" content=\"2023-09-10T16:16:01+00:00\" \/>\n<meta property=\"article:modified_time\" content=\"2024-03-27T09:09:19+00:00\" \/>\n<meta property=\"og:image\" content=\"https:\/\/www.realclubmaritimomelilla.es\/clmar\/wp-content\/uploads\/SALIDA-1.jpg\" \/>\n\t<meta property=\"og:image:width\" content=\"2048\" \/>\n\t<meta property=\"og:image:height\" content=\"1536\" \/>\n\t<meta property=\"og:image:type\" content=\"image\/jpeg\" \/>\n<meta name=\"author\" content=\"RCMMelilla\" \/>\n<meta name=\"twitter:card\" content=\"summary_large_image\" \/>\n<meta name=\"twitter:creator\" content=\"@nauticarcmm\" \/>\n<meta name=\"twitter:site\" content=\"@nauticarcmm\" \/>\n<meta name=\"twitter:label1\" content=\"Escrito por\" \/>\n\t<meta name=\"twitter:data1\" content=\"RCMMelilla\" \/>\n\t<meta name=\"twitter:label2\" content=\"Tiempo de lectura\" \/>\n\t<meta name=\"twitter:data2\" content=\"2 minutos\" \/>\n<script type=\"application\/ld+json\" class=\"yoast-schema-graph\">{\"@context\":\"https:\\\/\\\/schema.org\",\"@graph\":[{\"@type\":\"Article\",\"@id\":\"https:\\\/\\\/www.realclubmaritimomelilla.es\\\/clmar\\\/olivita-gana-la-regata-de-feria-y-acudira-al-campeonato-de-espana\\\/#article\",\"isPartOf\":{\"@id\":\"https:\\\/\\\/www.realclubmaritimomelilla.es\\\/clmar\\\/olivita-gana-la-regata-de-feria-y-acudira-al-campeonato-de-espana\\\/\"},\"author\":{\"name\":\"RCMMelilla\",\"@id\":\"https:\\\/\\\/www.realclubmaritimomelilla.es\\\/clmar\\\/#\\\/schema\\\/person\\\/ebaa3713496dc6d48c872452e73a8e79\"},\"headline\":\"\u2018OLIVITA\u2019 GANA LA REGATA DE FERIA Y ACUDIR\u00c1 AL CAMPEONATO DE ESPA\u00d1A\",\"datePublished\":\"2023-09-10T16:16:01+00:00\",\"dateModified\":\"2024-03-27T09:09:19+00:00\",\"mainEntityOfPage\":{\"@id\":\"https:\\\/\\\/www.realclubmaritimomelilla.es\\\/clmar\\\/olivita-gana-la-regata-de-feria-y-acudira-al-campeonato-de-espana\\\/\"},\"wordCount\":352,\"commentCount\":0,\"publisher\":{\"@id\":\"https:\\\/\\\/www.realclubmaritimomelilla.es\\\/clmar\\\/#organization\"},\"image\":{\"@id\":\"https:\\\/\\\/www.realclubmaritimomelilla.es\\\/clmar\\\/olivita-gana-la-regata-de-feria-y-acudira-al-campeonato-de-espana\\\/#primaryimage\"},\"thumbnailUrl\":\"https:\\\/\\\/www.realclubmaritimomelilla.es\\\/clmar\\\/wp-content\\\/uploads\\\/SALIDA-1.jpg\",\"articleSection\":[\"N\u00e1utica\"],\"inLanguage\":\"es\",\"potentialAction\":[{\"@type\":\"CommentAction\",\"name\":\"Comment\",\"target\":[\"https:\\\/\\\/www.realclubmaritimomelilla.es\\\/clmar\\\/olivita-gana-la-regata-de-feria-y-acudira-al-campeonato-de-espana\\\/#respond\"]}]},{\"@type\":\"WebPage\",\"@id\":\"https:\\\/\\\/www.realclubmaritimomelilla.es\\\/clmar\\\/olivita-gana-la-regata-de-feria-y-acudira-al-campeonato-de-espana\\\/\",\"url\":\"https:\\\/\\\/www.realclubmaritimomelilla.es\\\/clmar\\\/olivita-gana-la-regata-de-feria-y-acudira-al-campeonato-de-espana\\\/\",\"name\":\"\u2018OLIVITA\u2019 GANA LA REGATA DE FERIA Y ACUDIR\u00c1 AL CAMPEONATO DE ESPA\u00d1A - Real Club Mar\u00edtimo de Melilla\",\"isPartOf\":{\"@id\":\"https:\\\/\\\/www.realclubmaritimomelilla.es\\\/clmar\\\/#website\"},\"primaryImageOfPage\":{\"@id\":\"https:\\\/\\\/www.realclubmaritimomelilla.es\\\/clmar\\\/olivita-gana-la-regata-de-feria-y-acudira-al-campeonato-de-espana\\\/#primaryimage\"},\"image\":{\"@id\":\"https:\\\/\\\/www.realclubmaritimomelilla.es\\\/clmar\\\/olivita-gana-la-regata-de-feria-y-acudira-al-campeonato-de-espana\\\/#primaryimage\"},\"thumbnailUrl\":\"https:\\\/\\\/www.realclubmaritimomelilla.es\\\/clmar\\\/wp-content\\\/uploads\\\/SALIDA-1.jpg\",\"datePublished\":\"2023-09-10T16:16:01+00:00\",\"dateModified\":\"2024-03-27T09:09:19+00:00\",\"description\":\"\u2018OLIVITA\u2019 GANA LA REGATA DE FERIA Y ACUDIR\u00c1 AL CAMPEONATO DE ESPA\u00d1A -\",\"breadcrumb\":{\"@id\":\"https:\\\/\\\/www.realclubmaritimomelilla.es\\\/clmar\\\/olivita-gana-la-regata-de-feria-y-acudira-al-campeonato-de-espana\\\/#breadcrumb\"},\"inLanguage\":\"es\",\"potentialAction\":[{\"@type\":\"ReadAction\",\"target\":[\"https:\\\/\\\/www.realclubmaritimomelilla.es\\\/clmar\\\/olivita-gana-la-regata-de-feria-y-acudira-al-campeonato-de-espana\\\/\"]}]},{\"@type\":\"ImageObject\",\"inLanguage\":\"es\",\"@id\":\"https:\\\/\\\/www.realclubmaritimomelilla.es\\\/clmar\\\/olivita-gana-la-regata-de-feria-y-acudira-al-campeonato-de-espana\\\/#primaryimage\",\"url\":\"https:\\\/\\\/www.realclubmaritimomelilla.es\\\/clmar\\\/wp-content\\\/uploads\\\/SALIDA-1.jpg\",\"contentUrl\":\"https:\\\/\\\/www.realclubmaritimomelilla.es\\\/clmar\\\/wp-content\\\/uploads\\\/SALIDA-1.jpg\",\"width\":2048,\"height\":1536},{\"@type\":\"BreadcrumbList\",\"@id\":\"https:\\\/\\\/www.realclubmaritimomelilla.es\\\/clmar\\\/olivita-gana-la-regata-de-feria-y-acudira-al-campeonato-de-espana\\\/#breadcrumb\",\"itemListElement\":[{\"@type\":\"ListItem\",\"position\":1,\"name\":\"Portada\",\"item\":\"https:\\\/\\\/www.realclubmaritimomelilla.es\\\/clmar\\\/\"},{\"@type\":\"ListItem\",\"position\":2,\"name\":\"\u2018OLIVITA\u2019 GANA LA REGATA DE FERIA Y ACUDIR\u00c1 AL CAMPEONATO DE ESPA\u00d1A\"}]},{\"@type\":\"WebSite\",\"@id\":\"https:\\\/\\\/www.realclubmaritimomelilla.es\\\/clmar\\\/#website\",\"url\":\"https:\\\/\\\/www.realclubmaritimomelilla.es\\\/clmar\\\/\",\"name\":\"Real Club Mar\u00edtimo de Melilla\",\"description\":\"RCMM\",\"publisher\":{\"@id\":\"https:\\\/\\\/www.realclubmaritimomelilla.es\\\/clmar\\\/#organization\"},\"alternateName\":\"RCMM\",\"potentialAction\":[{\"@type\":\"SearchAction\",\"target\":{\"@type\":\"EntryPoint\",\"urlTemplate\":\"https:\\\/\\\/www.realclubmaritimomelilla.es\\\/clmar\\\/?s={search_term_string}\"},\"query-input\":{\"@type\":\"PropertyValueSpecification\",\"valueRequired\":true,\"valueName\":\"search_term_string\"}}],\"inLanguage\":\"es\"},{\"@type\":\"Organization\",\"@id\":\"https:\\\/\\\/www.realclubmaritimomelilla.es\\\/clmar\\\/#organization\",\"name\":\"Real Club Mar\u00edtimo de Melilla\",\"alternateName\":\"RCMM\",\"url\":\"https:\\\/\\\/www.realclubmaritimomelilla.es\\\/clmar\\\/\",\"logo\":{\"@type\":\"ImageObject\",\"inLanguage\":\"es\",\"@id\":\"https:\\\/\\\/www.realclubmaritimomelilla.es\\\/clmar\\\/#\\\/schema\\\/logo\\\/image\\\/\",\"url\":\"https:\\\/\\\/www.realclubmaritimomelilla.es\\\/clmar\\\/wp-content\\\/uploads\\\/logo-club-original-copia.jpg\",\"contentUrl\":\"https:\\\/\\\/www.realclubmaritimomelilla.es\\\/clmar\\\/wp-content\\\/uploads\\\/logo-club-original-copia.jpg\",\"width\":128,\"height\":89,\"caption\":\"Real Club Mar\u00edtimo de Melilla\"},\"image\":{\"@id\":\"https:\\\/\\\/www.realclubmaritimomelilla.es\\\/clmar\\\/#\\\/schema\\\/logo\\\/image\\\/\"},\"sameAs\":[\"https:\\\/\\\/www.facebook.com\\\/Real-Club-Mar\u00edtimo-de-Melilla-588495841234214\\\/\",\"https:\\\/\\\/x.com\\\/nauticarcmm\",\"https:\\\/\\\/www.instagram.com\\\/club_maritimo_melilla\\\/\",\"https:\\\/\\\/www.youtube.com\\\/@realclubmaritimodemelilla4703\",\"https:\\\/\\\/es.wikipedia.org\\\/wiki\\\/Real_Club_Mar\u00edtimo_de_Melilla\"]},{\"@type\":\"Person\",\"@id\":\"https:\\\/\\\/www.realclubmaritimomelilla.es\\\/clmar\\\/#\\\/schema\\\/person\\\/ebaa3713496dc6d48c872452e73a8e79\",\"name\":\"RCMMelilla\",\"image\":{\"@type\":\"ImageObject\",\"inLanguage\":\"es\",\"@id\":\"https:\\\/\\\/secure.gravatar.com\\\/avatar\\\/df1c24789360fb9308735c4ee556fc2bc5bf924bf01e53043b8b97ba272da33c?s=96&d=mm&r=g\",\"url\":\"https:\\\/\\\/secure.gravatar.com\\\/avatar\\\/df1c24789360fb9308735c4ee556fc2bc5bf924bf01e53043b8b97ba272da33c?s=96&d=mm&r=g\",\"contentUrl\":\"https:\\\/\\\/secure.gravatar.com\\\/avatar\\\/df1c24789360fb9308735c4ee556fc2bc5bf924bf01e53043b8b97ba272da33c?s=96&d=mm&r=g\",\"caption\":\"RCMMelilla\"}}]}<\/script>\n<!-- \/ Yoast SEO plugin. -->","yoast_head_json":{"title":"\u2018OLIVITA\u2019 GANA LA REGATA DE FERIA Y ACUDIR\u00c1 AL CAMPEONATO DE ESPA\u00d1A - Real Club Mar\u00edtimo de Melilla","description":"\u2018OLIVITA\u2019 GANA LA REGATA DE FERIA Y ACUDIR\u00c1 AL CAMPEONATO DE ESPA\u00d1A -","robots":{"index":"index","follow":"follow","max-snippet":"max-snippet:-1","max-image-preview":"max-image-preview:large","max-video-preview":"max-video-preview:-1"},"canonical":"https:\/\/www.realclubmaritimomelilla.es\/clmar\/olivita-gana-la-regata-de-feria-y-acudira-al-campeonato-de-espana\/","og_locale":"es_ES","og_type":"article","og_title":"\u2018OLIVITA\u2019 GANA LA REGATA DE FERIA Y ACUDIR\u00c1 AL CAMPEONATO DE ESPA\u00d1A - Real Club Mar\u00edtimo de Melilla","og_description":"\u2018OLIVITA\u2019 GANA LA REGATA DE FERIA Y ACUDIR\u00c1 AL CAMPEONATO DE ESPA\u00d1A -","og_url":"https:\/\/www.realclubmaritimomelilla.es\/clmar\/olivita-gana-la-regata-de-feria-y-acudira-al-campeonato-de-espana\/","og_site_name":"Real Club Mar\u00edtimo de Melilla","article_publisher":"https:\/\/www.facebook.com\/Real-Club-Mar%c3%adtimo-de-Melilla-588495841234214\/","article_published_time":"2023-09-10T16:16:01+00:00","article_modified_time":"2024-03-27T09:09:19+00:00","og_image":[{"width":2048,"height":1536,"url":"https:\/\/www.realclubmaritimomelilla.es\/clmar\/wp-content\/uploads\/SALIDA-1.jpg","type":"image\/jpeg"}],"author":"RCMMelilla","twitter_card":"summary_large_image","twitter_creator":"@nauticarcmm","twitter_site":"@nauticarcmm","twitter_misc":{"Escrito por":"RCMMelilla","Tiempo de lectura":"2 minutos"},"schema":{"@context":"https:\/\/schema.org","@graph":[{"@type":"Article","@id":"https:\/\/www.realclubmaritimomelilla.es\/clmar\/olivita-gana-la-regata-de-feria-y-acudira-al-campeonato-de-espana\/#article","isPartOf":{"@id":"https:\/\/www.realclubmaritimomelilla.es\/clmar\/olivita-gana-la-regata-de-feria-y-acudira-al-campeonato-de-espana\/"},"author":{"name":"RCMMelilla","@id":"https:\/\/www.realclubmaritimomelilla.es\/clmar\/#\/schema\/person\/ebaa3713496dc6d48c872452e73a8e79"},"headline":"\u2018OLIVITA\u2019 GANA LA REGATA DE FERIA Y ACUDIR\u00c1 AL CAMPEONATO DE ESPA\u00d1A","datePublished":"2023-09-10T16:16:01+00:00","dateModified":"2024-03-27T09:09:19+00:00","mainEntityOfPage":{"@id":"https:\/\/www.realclubmaritimomelilla.es\/clmar\/olivita-gana-la-regata-de-feria-y-acudira-al-campeonato-de-espana\/"},"wordCount":352,"commentCount":0,"publisher":{"@id":"https:\/\/www.realclubmaritimomelilla.es\/clmar\/#organization"},"image":{"@id":"https:\/\/www.realclubmaritimomelilla.es\/clmar\/olivita-gana-la-regata-de-feria-y-acudira-al-campeonato-de-espana\/#primaryimage"},"thumbnailUrl":"https:\/\/www.realclubmaritimomelilla.es\/clmar\/wp-content\/uploads\/SALIDA-1.jpg","articleSection":["N\u00e1utica"],"inLanguage":"es","potentialAction":[{"@type":"CommentAction","name":"Comment","target":["https:\/\/www.realclubmaritimomelilla.es\/clmar\/olivita-gana-la-regata-de-feria-y-acudira-al-campeonato-de-espana\/#respond"]}]},{"@type":"WebPage","@id":"https:\/\/www.realclubmaritimomelilla.es\/clmar\/olivita-gana-la-regata-de-feria-y-acudira-al-campeonato-de-espana\/","url":"https:\/\/www.realclubmaritimomelilla.es\/clmar\/olivita-gana-la-regata-de-feria-y-acudira-al-campeonato-de-espana\/","name":"\u2018OLIVITA\u2019 GANA LA REGATA DE FERIA Y ACUDIR\u00c1 AL CAMPEONATO DE ESPA\u00d1A - Real Club Mar\u00edtimo de Melilla","isPartOf":{"@id":"https:\/\/www.realclubmaritimomelilla.es\/clmar\/#website"},"primaryImageOfPage":{"@id":"https:\/\/www.realclubmaritimomelilla.es\/clmar\/olivita-gana-la-regata-de-feria-y-acudira-al-campeonato-de-espana\/#primaryimage"},"image":{"@id":"https:\/\/www.realclubmaritimomelilla.es\/clmar\/olivita-gana-la-regata-de-feria-y-acudira-al-campeonato-de-espana\/#primaryimage"},"thumbnailUrl":"https:\/\/www.realclubmaritimomelilla.es\/clmar\/wp-content\/uploads\/SALIDA-1.jpg","datePublished":"2023-09-10T16:16:01+00:00","dateModified":"2024-03-27T09:09:19+00:00","description":"\u2018OLIVITA\u2019 GANA LA REGATA DE FERIA Y ACUDIR\u00c1 AL CAMPEONATO DE ESPA\u00d1A -","breadcrumb":{"@id":"https:\/\/www.realclubmaritimomelilla.es\/clmar\/olivita-gana-la-regata-de-feria-y-acudira-al-campeonato-de-espana\/#breadcrumb"},"inLanguage":"es","potentialAction":[{"@type":"ReadAction","target":["https:\/\/www.realclubmaritimomelilla.es\/clmar\/olivita-gana-la-regata-de-feria-y-acudira-al-campeonato-de-espana\/"]}]},{"@type":"ImageObject","inLanguage":"es","@id":"https:\/\/www.realclubmaritimomelilla.es\/clmar\/olivita-gana-la-regata-de-feria-y-acudira-al-campeonato-de-espana\/#primaryimage","url":"https:\/\/www.realclubmaritimomelilla.es\/clmar\/wp-content\/uploads\/SALIDA-1.jpg","contentUrl":"https:\/\/www.realclubmaritimomelilla.es\/clmar\/wp-content\/uploads\/SALIDA-1.jpg","width":2048,"height":1536},{"@type":"BreadcrumbList","@id":"https:\/\/www.realclubmaritimomelilla.es\/clmar\/olivita-gana-la-regata-de-feria-y-acudira-al-campeonato-de-espana\/#breadcrumb","itemListElement":[{"@type":"ListItem","position":1,"name":"Portada","item":"https:\/\/www.realclubmaritimomelilla.es\/clmar\/"},{"@type":"ListItem","position":2,"name":"\u2018OLIVITA\u2019 GANA LA REGATA DE FERIA Y ACUDIR\u00c1 AL CAMPEONATO DE ESPA\u00d1A"}]},{"@type":"WebSite","@id":"https:\/\/www.realclubmaritimomelilla.es\/clmar\/#website","url":"https:\/\/www.realclubmaritimomelilla.es\/clmar\/","name":"Real Club Mar\u00edtimo de Melilla","description":"RCMM","publisher":{"@id":"https:\/\/www.realclubmaritimomelilla.es\/clmar\/#organization"},"alternateName":"RCMM","potentialAction":[{"@type":"SearchAction","target":{"@type":"EntryPoint","urlTemplate":"https:\/\/www.realclubmaritimomelilla.es\/clmar\/?s={search_term_string}"},"query-input":{"@type":"PropertyValueSpecification","valueRequired":true,"valueName":"search_term_string"}}],"inLanguage":"es"},{"@type":"Organization","@id":"https:\/\/www.realclubmaritimomelilla.es\/clmar\/#organization","name":"Real Club Mar\u00edtimo de Melilla","alternateName":"RCMM","url":"https:\/\/www.realclubmaritimomelilla.es\/clmar\/","logo":{"@type":"ImageObject","inLanguage":"es","@id":"https:\/\/www.realclubmaritimomelilla.es\/clmar\/#\/schema\/logo\/image\/","url":"https:\/\/www.realclubmaritimomelilla.es\/clmar\/wp-content\/uploads\/logo-club-original-copia.jpg","contentUrl":"https:\/\/www.realclubmaritimomelilla.es\/clmar\/wp-content\/uploads\/logo-club-original-copia.jpg","width":128,"height":89,"caption":"Real Club Mar\u00edtimo de Melilla"},"image":{"@id":"https:\/\/www.realclubmaritimomelilla.es\/clmar\/#\/schema\/logo\/image\/"},"sameAs":["https:\/\/www.facebook.com\/Real-Club-Mar\u00edtimo-de-Melilla-588495841234214\/","https:\/\/x.com\/nauticarcmm","https:\/\/www.instagram.com\/club_maritimo_melilla\/","https:\/\/www.youtube.com\/@realclubmaritimodemelilla4703","https:\/\/es.wikipedia.org\/wiki\/Real_Club_Mar\u00edtimo_de_Melilla"]},{"@type":"Person","@id":"https:\/\/www.realclubmaritimomelilla.es\/clmar\/#\/schema\/person\/ebaa3713496dc6d48c872452e73a8e79","name":"RCMMelilla","image":{"@type":"ImageObject","inLanguage":"es","@id":"https:\/\/secure.gravatar.com\/avatar\/df1c24789360fb9308735c4ee556fc2bc5bf924bf01e53043b8b97ba272da33c?s=96&d=mm&r=g","url":"https:\/\/secure.gravatar.com\/avatar\/df1c24789360fb9308735c4ee556fc2bc5bf924bf01e53043b8b97ba272da33c?s=96&d=mm&r=g","contentUrl":"https:\/\/secure.gravatar.com\/avatar\/df1c24789360fb9308735c4ee556fc2bc5bf924bf01e53043b8b97ba272da33c?s=96&d=mm&r=g","caption":"RCMMelilla"}}]}},"_links":{"self":[{"href":"https:\/\/www.realclubmaritimomelilla.es\/clmar\/wp-json\/wp\/v2\/posts\/21450","targetHints":{"allow":["GET"]}}],"collection":[{"href":"https:\/\/www.realclubmaritimomelilla.es\/clmar\/wp-json\/wp\/v2\/posts"}],"about":[{"href":"https:\/\/www.realclubmaritimomelilla.es\/clmar\/wp-json\/wp\/v2\/types\/post"}],"author":[{"embeddable":true,"href":"https:\/\/www.realclubmaritimomelilla.es\/clmar\/wp-json\/wp\/v2\/users\/1"}],"replies":[{"embeddable":true,"href":"https:\/\/www.realclubmaritimomelilla.es\/clmar\/wp-json\/wp\/v2\/comments?post=21450"}],"version-history":[{"count":1,"href":"https:\/\/www.realclubmaritimomelilla.es\/clmar\/wp-json\/wp\/v2\/posts\/21450\/revisions"}],"predecessor-version":[{"id":21455,"href":"https:\/\/www.realclubmaritimomelilla.es\/clmar\/wp-json\/wp\/v2\/posts\/21450\/revisions\/21455"}],"wp:featuredmedia":[{"embeddable":true,"href":"https:\/\/www.realclubmaritimomelilla.es\/clmar\/wp-json\/wp\/v2\/media\/21454"}],"wp:attachment":[{"href":"https:\/\/www.realclubmaritimomelilla.es\/clmar\/wp-json\/wp\/v2\/media?parent=21450"}],"wp:term":[{"taxonomy":"category","embeddable":true,"href":"https:\/\/www.realclubmaritimomelilla.es\/clmar\/wp-json\/wp\/v2\/categories?post=21450"},{"taxonomy":"post_tag","embeddable":true,"href":"https:\/\/www.realclubmaritimomelilla.es\/clmar\/wp-json\/wp\/v2\/tags?post=21450"}],"curies":[{"name":"wp","href":"https:\/\/api.w.org\/{rel}","templated":true}]}}