{"id":21407,"date":"2023-09-09T18:45:23","date_gmt":"2023-09-09T16:45:23","guid":{"rendered":"https:\/\/www.realclubmaritimomelilla.es\/clmar\/?p=21407"},"modified":"2024-03-27T10:09:34","modified_gmt":"2024-03-27T09:09:34","slug":"el-club-maritimo-entrega-los-premios-de-las-actividades-deportivas-que-ha-realizado-este-verano","status":"publish","type":"post","link":"https:\/\/www.realclubmaritimomelilla.es\/clmar\/el-club-maritimo-entrega-los-premios-de-las-actividades-deportivas-que-ha-realizado-este-verano\/","title":{"rendered":"EL CLUB MAR\u00cdTIMO ENTREGA LOS PREMIOS DE LAS ACTIVIDADES DEPORTIVAS QUE HA REALIZADO ESTE VERANO"},"content":{"rendered":"<p>El Real Club Mar\u00edtimo de Melilla ha cerrado sus actividades de verano con la entrega de trofeos de las \u00faltimas competiciones llevadas a cabo durante los meses del periodo estival.<\/p>\n<div>As\u00ed, con una agenda deportiva que se ha venido realizando desde junio, destac\u00f3 en julio el Trofeo Virgen del Carmen en el que han sobresalieron las regatas y la competici\u00f3n de p\u00e1del, para acabar en septiembre con el tradicional Trofeo de Feria.<\/div>\n<div>El presidente del Real Club Mar\u00edtimo de Melilla, Jer\u00f3nimo P\u00e9rez, junto a varios directivos fueron los encargados de entregar los galardones y obsequios a los campeones y mejores clasificados en cada competici\u00f3n.<\/div>\n<div>Es un cl\u00e1sico que el Real Club Mar\u00edtimo de Melilla desarrolle actividades y competiciones durante todo el a\u00f1o, que no son exclusivas para sus socios, sino abiertas a todos los que quieran participar.<\/div>\n<div>\n<h1><span style=\"color: #ff0000;\"><u>CAMPEONES VIRGEN DEL CARMEN 2023<\/u><\/span><\/h1>\n<p><strong><u>PESCA ADULTOS EN CANTIL<\/u><\/strong><\/p>\n<ul>\n<li>2\u00ba Mayor n\u00ba Kilos: Jos\u00e9 Luis Calvo El Ouamari<\/li>\n<li>1\u00ba Mayor n\u00ba Kilos: Francisco Guillot Castillo<\/li>\n<li>Pieza Mayor: Francisco R\u00edos Ortiz<\/li>\n<\/ul>\n<p><strong><u>PESCA INFANTIL <\/u><\/strong><\/p>\n<ul>\n<li>Mayor N\u00ba Piezas: Marcos Duarte Canto<\/li>\n<li>Mayor N\u00ba Kilos: Ayus S. Truzm\u00e1n Benzaqu\u00e9n<\/li>\n<li>Pieza Mayor: Cayetano L\u00f3pez Nieto<\/li>\n<\/ul>\n<p><strong><u>5\u00aa CATEGOR\u00cdA MASCULINA P\u00c1DEL<\/u><\/strong><\/p>\n<ul>\n<li>Campeones: Gabriel Jim\u00e9nez Garc\u00eda y Manuel Ga\u00f1an S\u00e1nchez<\/li>\n<\/ul>\n<p><strong><u>4\u00aa CATEGOR\u00cdA MASCULINA PADEL<\/u><\/strong><\/p>\n<ul>\n<li>Campeones: Pablo Arroyo S\u00e1nchez y Alejandro Ojeda Tounarti<\/li>\n<\/ul>\n<p><strong><u>3\u00aa CATEGOR\u00cdA MASCULINA PADEL<\/u><\/strong><\/p>\n<ul>\n<li>Campeones: Miguel Marin Marmolejo y Manuel Ortega Caballero<\/li>\n<\/ul>\n<p><strong><u>3\u00aa CATEGOR\u00cdA FEMENINA PADEL<\/u><\/strong><\/p>\n<ul>\n<li>Campeonas: Marina Avil\u00e9s Irurre y Marina Garc\u00eda Reyes<\/li>\n<\/ul>\n<p><strong><u>2\u00aa CATEGOR\u00cdA MASCULINA PADEL<\/u><\/strong><\/p>\n<ul>\n<li>Subcampeones: Jes\u00fas Puerto Contreras y V\u00edctor Jerez L\u00f3pez-Pelaez<\/li>\n<li>Campeones: Ra\u00fal Delgado Abril y Carlos P\u00e9rez Cuenca<\/li>\n<\/ul>\n<p><strong><u>2\u00aa CATEGOR\u00cdA FEMENINA PADEL<\/u><\/strong><\/p>\n<ul>\n<li>Subcampeonas: Ver\u00f3nica Aznar San Isidoro y Amaya Mart\u00ednez Felices<\/li>\n<li>Campeonas: Ana Erades Alonso y Pilar G\u00f3mez Rodr\u00edguez<\/li>\n<\/ul>\n<p><strong><u>1\u00aa CATEGOR\u00cdA FEMENINA PADEL<\/u><\/strong><\/p>\n<ul>\n<li>Subcampeonas: Mayca Gil Dur\u00e1n y Lili Maldonado L\u00f3pez<\/li>\n<li>Campeonas: Mar\u00eda Mart\u00ednez Ser\u00f3n y Alba Gonz\u00e1lez Garc\u00eda<\/li>\n<\/ul>\n<p>&nbsp;<\/p>\n<p><strong><u>1\u00aa CATEGOR\u00cdA MASCULINA PADEL<\/u><\/strong><\/p>\n<ul>\n<li>Subcampeones: Armando Moya Sos y Jos\u00e9 Manuel Lavernia R\u00edos<\/li>\n<li>Campeones: Valent\u00edn Volpe Bravo y Juan Vicente Alcal\u00e1 R\u00edos<\/li>\n<\/ul>\n<p><strong><u>CLASE OPTIMIST SUB 11<\/u><\/strong><\/p>\n<p>3\u00aa RANIA SAEZ MOHAMED<\/p>\n<p>2\u00aa AROA VILLAL\u00d3N MART\u00cdNEZ QUINTANILLA<\/p>\n<p>1\u00aa ISABELA TORMO GARC\u00cdA<\/p>\n<p><strong><u>CLASE OPTIMIST GENERAL<\/u><\/strong><\/p>\n<p>3\u00aa ISABELA TORMO GARC\u00cdA<\/p>\n<p>2\u00ba HECTOR CONESA KRIVOCHEYA<\/p>\n<p>1\u00ba MIGUEL TORMO GARC\u00cdA<\/p>\n<p><strong><u>CLASE ILCA 4<\/u><\/strong><\/p>\n<p>3\u00ba \u00c1LVARO GUERRA MORAN<\/p>\n<p>2\u00ba JOS\u00c9 PAYA S\u00c1NCHEZ<\/p>\n<p>1\u00ba BILEL MOHAMED MOHAMED<\/p>\n<p><strong><u>CLASE TECHNO <\/u><\/strong><\/p>\n<p>3\u00ba FRANCISCO SOLER N\u00da\u00d1EZ<\/p>\n<p>2\u00aa ELENA PAYA MARCOS<\/p>\n<p>1\u00aa AZUL S\u00c1NCHEZ VALLEJO<\/p>\n<p><strong><u>CLASE SNIPE<\/u><\/strong><\/p>\n<p>3\u00ba MIGUEL GONZ\u00c1LEZ WEIL Y JUAN CARLOS PASCUAL RIVAS<\/p>\n<p>2\u00ba YASIN BOUDIHI DRIS Y CARLOS CERVILLA DUR\u00c1N<\/p>\n<p>1\u00ba PABLO RIVAS O\u00d1A Y ALBA MU\u00d1OZ REVILLA<\/p>\n<p><strong><u>CRUCERO <\/u><\/strong><\/p>\n<p>3\u00ba IXCHEL DE RAFAEL LINARES<\/p>\n<p>2\u00ba EL VICTORIA V DE VICENTE DE JUAN<\/p>\n<p>1\u00ba OLIVITA LUIS COBREROS<\/p>\n<\/div>\n<p>&nbsp;<\/p>\n\n\t\t<style type=\"text\/css\">\n\t\t\t#gallery-1 {\n\t\t\t\tmargin: auto;\n\t\t\t}\n\t\t\t#gallery-1 .gallery-item {\n\t\t\t\tfloat: left;\n\t\t\t\tmargin-top: 10px;\n\t\t\t\ttext-align: center;\n\t\t\t\twidth: 33%;\n\t\t\t}\n\t\t\t#gallery-1 img {\n\t\t\t\tborder: 2px solid #cfcfcf;\n\t\t\t}\n\t\t\t#gallery-1 .gallery-caption {\n\t\t\t\tmargin-left: 0;\n\t\t\t}\n\t\t\t\/* see gallery_shortcode() in wp-includes\/media.php *\/\n\t\t<\/style>\n\t\t<div id='gallery-1' class='gallery galleryid-21407 gallery-columns-3 gallery-size-full'><dl class='gallery-item'>\n\t\t\t<dt class='gallery-icon landscape'>\n\t\t\t\t<a data-rel=\"iLightbox[postimages]\" data-title=\"VIRGEN DEL CARMEN : PADEL campeona de 1\u00aa categor\u00eda\" data-caption=\"\" href='https:\/\/www.realclubmaritimomelilla.es\/clmar\/el-club-maritimo-entrega-los-premios-de-las-actividades-deportivas-que-ha-realizado-este-verano\/virgen-del-carmen-padel-campeona-de-1a-categoria\/'><img decoding=\"async\" width=\"640\" height=\"480\" src=\"https:\/\/www.realclubmaritimomelilla.es\/clmar\/wp-content\/uploads\/VIRGEN-DEL-CARMEN-PADEL-campeona-de-1a-categoria.jpg\" class=\"attachment-full size-full\" alt=\"\" srcset=\"https:\/\/www.realclubmaritimomelilla.es\/clmar\/wp-content\/uploads\/VIRGEN-DEL-CARMEN-PADEL-campeona-de-1a-categoria-200x150.jpg 200w, https:\/\/www.realclubmaritimomelilla.es\/clmar\/wp-content\/uploads\/VIRGEN-DEL-CARMEN-PADEL-campeona-de-1a-categoria-300x225.jpg 300w, https:\/\/www.realclubmaritimomelilla.es\/clmar\/wp-content\/uploads\/VIRGEN-DEL-CARMEN-PADEL-campeona-de-1a-categoria-400x300.jpg 400w, https:\/\/www.realclubmaritimomelilla.es\/clmar\/wp-content\/uploads\/VIRGEN-DEL-CARMEN-PADEL-campeona-de-1a-categoria-600x450.jpg 600w, https:\/\/www.realclubmaritimomelilla.es\/clmar\/wp-content\/uploads\/VIRGEN-DEL-CARMEN-PADEL-campeona-de-1a-categoria.jpg 640w\" sizes=\"(max-width: 640px) 100vw, 640px\" \/><\/a>\n\t\t\t<\/dt><\/dl><dl class='gallery-item'>\n\t\t\t<dt class='gallery-icon landscape'>\n\t\t\t\t<a data-rel=\"iLightbox[postimages]\" data-title=\"VIRGEN DEL CARMEN : PADEL campeonas de 3\u00aa categor\u00eda\" data-caption=\"\" href='https:\/\/www.realclubmaritimomelilla.es\/clmar\/el-club-maritimo-entrega-los-premios-de-las-actividades-deportivas-que-ha-realizado-este-verano\/virgen-del-carmen-padel-campeonas-de-3a-categoria\/'><img decoding=\"async\" width=\"640\" height=\"480\" src=\"https:\/\/www.realclubmaritimomelilla.es\/clmar\/wp-content\/uploads\/VIRGEN-DEL-CARMEN-PADEL-campeonas-de-3a-categoria.jpg\" class=\"attachment-full size-full\" alt=\"\" srcset=\"https:\/\/www.realclubmaritimomelilla.es\/clmar\/wp-content\/uploads\/VIRGEN-DEL-CARMEN-PADEL-campeonas-de-3a-categoria-200x150.jpg 200w, https:\/\/www.realclubmaritimomelilla.es\/clmar\/wp-content\/uploads\/VIRGEN-DEL-CARMEN-PADEL-campeonas-de-3a-categoria-300x225.jpg 300w, https:\/\/www.realclubmaritimomelilla.es\/clmar\/wp-content\/uploads\/VIRGEN-DEL-CARMEN-PADEL-campeonas-de-3a-categoria-400x300.jpg 400w, https:\/\/www.realclubmaritimomelilla.es\/clmar\/wp-content\/uploads\/VIRGEN-DEL-CARMEN-PADEL-campeonas-de-3a-categoria-600x450.jpg 600w, https:\/\/www.realclubmaritimomelilla.es\/clmar\/wp-content\/uploads\/VIRGEN-DEL-CARMEN-PADEL-campeonas-de-3a-categoria.jpg 640w\" sizes=\"(max-width: 640px) 100vw, 640px\" \/><\/a>\n\t\t\t<\/dt><\/dl><dl class='gallery-item'>\n\t\t\t<dt class='gallery-icon landscape'>\n\t\t\t\t<a data-rel=\"iLightbox[postimages]\" data-title=\"VIRGEN DEL CARMEN : PADEL campeones de 3\u00aa categor\u00eda\" data-caption=\"\" href='https:\/\/www.realclubmaritimomelilla.es\/clmar\/el-club-maritimo-entrega-los-premios-de-las-actividades-deportivas-que-ha-realizado-este-verano\/virgen-del-carmen-padel-campeones-de-3a-categoria\/'><img decoding=\"async\" width=\"640\" height=\"480\" src=\"https:\/\/www.realclubmaritimomelilla.es\/clmar\/wp-content\/uploads\/VIRGEN-DEL-CARMEN-PADEL-campeones-de-3a-categoria.jpg\" class=\"attachment-full size-full\" alt=\"\" srcset=\"https:\/\/www.realclubmaritimomelilla.es\/clmar\/wp-content\/uploads\/VIRGEN-DEL-CARMEN-PADEL-campeones-de-3a-categoria-200x150.jpg 200w, https:\/\/www.realclubmaritimomelilla.es\/clmar\/wp-content\/uploads\/VIRGEN-DEL-CARMEN-PADEL-campeones-de-3a-categoria-300x225.jpg 300w, https:\/\/www.realclubmaritimomelilla.es\/clmar\/wp-content\/uploads\/VIRGEN-DEL-CARMEN-PADEL-campeones-de-3a-categoria-400x300.jpg 400w, https:\/\/www.realclubmaritimomelilla.es\/clmar\/wp-content\/uploads\/VIRGEN-DEL-CARMEN-PADEL-campeones-de-3a-categoria-600x450.jpg 600w, https:\/\/www.realclubmaritimomelilla.es\/clmar\/wp-content\/uploads\/VIRGEN-DEL-CARMEN-PADEL-campeones-de-3a-categoria.jpg 640w\" sizes=\"(max-width: 640px) 100vw, 640px\" \/><\/a>\n\t\t\t<\/dt><\/dl><br style=\"clear: both\" \/><dl class='gallery-item'>\n\t\t\t<dt class='gallery-icon landscape'>\n\t\t\t\t<a data-rel=\"iLightbox[postimages]\" data-title=\"VIRGEN DEL CARMEN : PADEL campeones de 5\u00aa categor\u00eda\" data-caption=\"\" href='https:\/\/www.realclubmaritimomelilla.es\/clmar\/el-club-maritimo-entrega-los-premios-de-las-actividades-deportivas-que-ha-realizado-este-verano\/virgen-del-carmen-padel-campeones-de-5a-categoria\/'><img decoding=\"async\" width=\"640\" height=\"480\" src=\"https:\/\/www.realclubmaritimomelilla.es\/clmar\/wp-content\/uploads\/VIRGEN-DEL-CARMEN-PADEL-campeones-de-5a-categoria.jpg\" class=\"attachment-full size-full\" alt=\"\" srcset=\"https:\/\/www.realclubmaritimomelilla.es\/clmar\/wp-content\/uploads\/VIRGEN-DEL-CARMEN-PADEL-campeones-de-5a-categoria-200x150.jpg 200w, https:\/\/www.realclubmaritimomelilla.es\/clmar\/wp-content\/uploads\/VIRGEN-DEL-CARMEN-PADEL-campeones-de-5a-categoria-300x225.jpg 300w, https:\/\/www.realclubmaritimomelilla.es\/clmar\/wp-content\/uploads\/VIRGEN-DEL-CARMEN-PADEL-campeones-de-5a-categoria-400x300.jpg 400w, https:\/\/www.realclubmaritimomelilla.es\/clmar\/wp-content\/uploads\/VIRGEN-DEL-CARMEN-PADEL-campeones-de-5a-categoria-600x450.jpg 600w, https:\/\/www.realclubmaritimomelilla.es\/clmar\/wp-content\/uploads\/VIRGEN-DEL-CARMEN-PADEL-campeones-de-5a-categoria.jpg 640w\" sizes=\"(max-width: 640px) 100vw, 640px\" \/><\/a>\n\t\t\t<\/dt><\/dl><dl class='gallery-item'>\n\t\t\t<dt class='gallery-icon landscape'>\n\t\t\t\t<a data-rel=\"iLightbox[postimages]\" data-title=\"VIRGEN DEL CARMEN : PADEL subcampeona de 1\u00aa categor\u00eda\" data-caption=\"\" href='https:\/\/www.realclubmaritimomelilla.es\/clmar\/el-club-maritimo-entrega-los-premios-de-las-actividades-deportivas-que-ha-realizado-este-verano\/virgen-del-carmen-padel-subcampeona-de-1a-categoria\/'><img decoding=\"async\" width=\"640\" height=\"480\" src=\"https:\/\/www.realclubmaritimomelilla.es\/clmar\/wp-content\/uploads\/VIRGEN-DEL-CARMEN-PADEL-subcampeona-de-1a-categoria.jpg\" class=\"attachment-full size-full\" alt=\"\" srcset=\"https:\/\/www.realclubmaritimomelilla.es\/clmar\/wp-content\/uploads\/VIRGEN-DEL-CARMEN-PADEL-subcampeona-de-1a-categoria-200x150.jpg 200w, https:\/\/www.realclubmaritimomelilla.es\/clmar\/wp-content\/uploads\/VIRGEN-DEL-CARMEN-PADEL-subcampeona-de-1a-categoria-300x225.jpg 300w, https:\/\/www.realclubmaritimomelilla.es\/clmar\/wp-content\/uploads\/VIRGEN-DEL-CARMEN-PADEL-subcampeona-de-1a-categoria-400x300.jpg 400w, https:\/\/www.realclubmaritimomelilla.es\/clmar\/wp-content\/uploads\/VIRGEN-DEL-CARMEN-PADEL-subcampeona-de-1a-categoria-600x450.jpg 600w, https:\/\/www.realclubmaritimomelilla.es\/clmar\/wp-content\/uploads\/VIRGEN-DEL-CARMEN-PADEL-subcampeona-de-1a-categoria.jpg 640w\" sizes=\"(max-width: 640px) 100vw, 640px\" \/><\/a>\n\t\t\t<\/dt><\/dl><dl class='gallery-item'>\n\t\t\t<dt class='gallery-icon landscape'>\n\t\t\t\t<a data-rel=\"iLightbox[postimages]\" data-title=\"VIRGEN DEL CARMEN : PESCA 2\u00ba mayor n\u00ba kilos\" data-caption=\"\" href='https:\/\/www.realclubmaritimomelilla.es\/clmar\/el-club-maritimo-entrega-los-premios-de-las-actividades-deportivas-que-ha-realizado-este-verano\/virgen-del-carmen-pesca-2o-mayor-no-kilos\/'><img decoding=\"async\" width=\"640\" height=\"480\" src=\"https:\/\/www.realclubmaritimomelilla.es\/clmar\/wp-content\/uploads\/VIRGEN-DEL-CARMEN-PESCA-2o-mayor-no-kilos-.jpg\" class=\"attachment-full size-full\" alt=\"\" srcset=\"https:\/\/www.realclubmaritimomelilla.es\/clmar\/wp-content\/uploads\/VIRGEN-DEL-CARMEN-PESCA-2o-mayor-no-kilos--200x150.jpg 200w, https:\/\/www.realclubmaritimomelilla.es\/clmar\/wp-content\/uploads\/VIRGEN-DEL-CARMEN-PESCA-2o-mayor-no-kilos--300x225.jpg 300w, https:\/\/www.realclubmaritimomelilla.es\/clmar\/wp-content\/uploads\/VIRGEN-DEL-CARMEN-PESCA-2o-mayor-no-kilos--400x300.jpg 400w, https:\/\/www.realclubmaritimomelilla.es\/clmar\/wp-content\/uploads\/VIRGEN-DEL-CARMEN-PESCA-2o-mayor-no-kilos--600x450.jpg 600w, https:\/\/www.realclubmaritimomelilla.es\/clmar\/wp-content\/uploads\/VIRGEN-DEL-CARMEN-PESCA-2o-mayor-no-kilos-.jpg 640w\" sizes=\"(max-width: 640px) 100vw, 640px\" \/><\/a>\n\t\t\t<\/dt><\/dl><br style=\"clear: both\" \/><dl class='gallery-item'>\n\t\t\t<dt class='gallery-icon landscape'>\n\t\t\t\t<a data-rel=\"iLightbox[postimages]\" data-title=\"VIRGEN DEL CARMEN : PESCA INFANTIL Pieza Mayor\" data-caption=\"\" href='https:\/\/www.realclubmaritimomelilla.es\/clmar\/el-club-maritimo-entrega-los-premios-de-las-actividades-deportivas-que-ha-realizado-este-verano\/virgen-del-carmen-pesca-infantil-pieza-mayor\/'><img decoding=\"async\" width=\"640\" height=\"480\" src=\"https:\/\/www.realclubmaritimomelilla.es\/clmar\/wp-content\/uploads\/VIRGEN-DEL-CARMEN-PESCA-INFANTIL-Pieza-Mayor.jpg\" class=\"attachment-full size-full\" alt=\"\" srcset=\"https:\/\/www.realclubmaritimomelilla.es\/clmar\/wp-content\/uploads\/VIRGEN-DEL-CARMEN-PESCA-INFANTIL-Pieza-Mayor-200x150.jpg 200w, https:\/\/www.realclubmaritimomelilla.es\/clmar\/wp-content\/uploads\/VIRGEN-DEL-CARMEN-PESCA-INFANTIL-Pieza-Mayor-300x225.jpg 300w, https:\/\/www.realclubmaritimomelilla.es\/clmar\/wp-content\/uploads\/VIRGEN-DEL-CARMEN-PESCA-INFANTIL-Pieza-Mayor-400x300.jpg 400w, https:\/\/www.realclubmaritimomelilla.es\/clmar\/wp-content\/uploads\/VIRGEN-DEL-CARMEN-PESCA-INFANTIL-Pieza-Mayor-600x450.jpg 600w, https:\/\/www.realclubmaritimomelilla.es\/clmar\/wp-content\/uploads\/VIRGEN-DEL-CARMEN-PESCA-INFANTIL-Pieza-Mayor.jpg 640w\" sizes=\"(max-width: 640px) 100vw, 640px\" \/><\/a>\n\t\t\t<\/dt><\/dl><dl class='gallery-item'>\n\t\t\t<dt class='gallery-icon landscape'>\n\t\t\t\t<a data-rel=\"iLightbox[postimages]\" data-title=\"VIRGEN DEL CARMEN : PESCA pieza mayor\" data-caption=\"\" href='https:\/\/www.realclubmaritimomelilla.es\/clmar\/el-club-maritimo-entrega-los-premios-de-las-actividades-deportivas-que-ha-realizado-este-verano\/virgen-del-carmen-pesca-pieza-mayor\/'><img decoding=\"async\" width=\"640\" height=\"480\" src=\"https:\/\/www.realclubmaritimomelilla.es\/clmar\/wp-content\/uploads\/VIRGEN-DEL-CARMEN-PESCA-pieza-mayor.jpg\" class=\"attachment-full size-full\" alt=\"\" srcset=\"https:\/\/www.realclubmaritimomelilla.es\/clmar\/wp-content\/uploads\/VIRGEN-DEL-CARMEN-PESCA-pieza-mayor-200x150.jpg 200w, https:\/\/www.realclubmaritimomelilla.es\/clmar\/wp-content\/uploads\/VIRGEN-DEL-CARMEN-PESCA-pieza-mayor-300x225.jpg 300w, https:\/\/www.realclubmaritimomelilla.es\/clmar\/wp-content\/uploads\/VIRGEN-DEL-CARMEN-PESCA-pieza-mayor-400x300.jpg 400w, https:\/\/www.realclubmaritimomelilla.es\/clmar\/wp-content\/uploads\/VIRGEN-DEL-CARMEN-PESCA-pieza-mayor-600x450.jpg 600w, https:\/\/www.realclubmaritimomelilla.es\/clmar\/wp-content\/uploads\/VIRGEN-DEL-CARMEN-PESCA-pieza-mayor.jpg 640w\" sizes=\"(max-width: 640px) 100vw, 640px\" \/><\/a>\n\t\t\t<\/dt><\/dl><dl class='gallery-item'>\n\t\t\t<dt class='gallery-icon landscape'>\n\t\t\t\t<a data-rel=\"iLightbox[postimages]\" data-title=\"VIRGEN DEL CARMEN : VELA 1\u00aa optimist sub11\" data-caption=\"\" href='https:\/\/www.realclubmaritimomelilla.es\/clmar\/el-club-maritimo-entrega-los-premios-de-las-actividades-deportivas-que-ha-realizado-este-verano\/virgen-del-carmen-vela-1a-optimist-sub11\/'><img decoding=\"async\" width=\"640\" height=\"480\" src=\"https:\/\/www.realclubmaritimomelilla.es\/clmar\/wp-content\/uploads\/VIRGEN-DEL-CARMEN-VELA-1a-optimist-sub11.jpg\" class=\"attachment-full size-full\" alt=\"\" srcset=\"https:\/\/www.realclubmaritimomelilla.es\/clmar\/wp-content\/uploads\/VIRGEN-DEL-CARMEN-VELA-1a-optimist-sub11-200x150.jpg 200w, https:\/\/www.realclubmaritimomelilla.es\/clmar\/wp-content\/uploads\/VIRGEN-DEL-CARMEN-VELA-1a-optimist-sub11-300x225.jpg 300w, https:\/\/www.realclubmaritimomelilla.es\/clmar\/wp-content\/uploads\/VIRGEN-DEL-CARMEN-VELA-1a-optimist-sub11-400x300.jpg 400w, https:\/\/www.realclubmaritimomelilla.es\/clmar\/wp-content\/uploads\/VIRGEN-DEL-CARMEN-VELA-1a-optimist-sub11-600x450.jpg 600w, https:\/\/www.realclubmaritimomelilla.es\/clmar\/wp-content\/uploads\/VIRGEN-DEL-CARMEN-VELA-1a-optimist-sub11.jpg 640w\" sizes=\"(max-width: 640px) 100vw, 640px\" \/><\/a>\n\t\t\t<\/dt><\/dl><br style=\"clear: both\" \/><dl class='gallery-item'>\n\t\t\t<dt class='gallery-icon landscape'>\n\t\t\t\t<a data-rel=\"iLightbox[postimages]\" data-title=\"VIRGEN DEL CARMEN : VELA 1\u00ba crucero\" data-caption=\"\" href='https:\/\/www.realclubmaritimomelilla.es\/clmar\/el-club-maritimo-entrega-los-premios-de-las-actividades-deportivas-que-ha-realizado-este-verano\/virgen-del-carmen-vela-1o-crucero\/'><img decoding=\"async\" width=\"640\" height=\"480\" src=\"https:\/\/www.realclubmaritimomelilla.es\/clmar\/wp-content\/uploads\/VIRGEN-DEL-CARMEN-VELA-1o-crucero.jpg\" class=\"attachment-full size-full\" alt=\"\" srcset=\"https:\/\/www.realclubmaritimomelilla.es\/clmar\/wp-content\/uploads\/VIRGEN-DEL-CARMEN-VELA-1o-crucero-200x150.jpg 200w, https:\/\/www.realclubmaritimomelilla.es\/clmar\/wp-content\/uploads\/VIRGEN-DEL-CARMEN-VELA-1o-crucero-300x225.jpg 300w, https:\/\/www.realclubmaritimomelilla.es\/clmar\/wp-content\/uploads\/VIRGEN-DEL-CARMEN-VELA-1o-crucero-400x300.jpg 400w, https:\/\/www.realclubmaritimomelilla.es\/clmar\/wp-content\/uploads\/VIRGEN-DEL-CARMEN-VELA-1o-crucero-600x450.jpg 600w, https:\/\/www.realclubmaritimomelilla.es\/clmar\/wp-content\/uploads\/VIRGEN-DEL-CARMEN-VELA-1o-crucero.jpg 640w\" sizes=\"(max-width: 640px) 100vw, 640px\" \/><\/a>\n\t\t\t<\/dt><\/dl><dl class='gallery-item'>\n\t\t\t<dt class='gallery-icon landscape'>\n\t\t\t\t<a data-rel=\"iLightbox[postimages]\" data-title=\"VIRGEN DEL CARMEN : VELA 1\u00ba Ilca4\" data-caption=\"\" href='https:\/\/www.realclubmaritimomelilla.es\/clmar\/el-club-maritimo-entrega-los-premios-de-las-actividades-deportivas-que-ha-realizado-este-verano\/virgen-del-carmen-vela-1o-ilca4\/'><img decoding=\"async\" width=\"640\" height=\"480\" src=\"https:\/\/www.realclubmaritimomelilla.es\/clmar\/wp-content\/uploads\/VIRGEN-DEL-CARMEN-VELA-1o-Ilca4.jpg\" class=\"attachment-full size-full\" alt=\"\" srcset=\"https:\/\/www.realclubmaritimomelilla.es\/clmar\/wp-content\/uploads\/VIRGEN-DEL-CARMEN-VELA-1o-Ilca4-200x150.jpg 200w, https:\/\/www.realclubmaritimomelilla.es\/clmar\/wp-content\/uploads\/VIRGEN-DEL-CARMEN-VELA-1o-Ilca4-300x225.jpg 300w, https:\/\/www.realclubmaritimomelilla.es\/clmar\/wp-content\/uploads\/VIRGEN-DEL-CARMEN-VELA-1o-Ilca4-400x300.jpg 400w, https:\/\/www.realclubmaritimomelilla.es\/clmar\/wp-content\/uploads\/VIRGEN-DEL-CARMEN-VELA-1o-Ilca4-600x450.jpg 600w, https:\/\/www.realclubmaritimomelilla.es\/clmar\/wp-content\/uploads\/VIRGEN-DEL-CARMEN-VELA-1o-Ilca4.jpg 640w\" sizes=\"(max-width: 640px) 100vw, 640px\" \/><\/a>\n\t\t\t<\/dt><\/dl><dl class='gallery-item'>\n\t\t\t<dt class='gallery-icon landscape'>\n\t\t\t\t<a data-rel=\"iLightbox[postimages]\" data-title=\"VIRGEN DEL CARMEN : VELA 1\u00ba optimist general\" data-caption=\"\" href='https:\/\/www.realclubmaritimomelilla.es\/clmar\/el-club-maritimo-entrega-los-premios-de-las-actividades-deportivas-que-ha-realizado-este-verano\/virgen-del-carmen-vela-1o-optimist-general\/'><img decoding=\"async\" width=\"640\" height=\"480\" src=\"https:\/\/www.realclubmaritimomelilla.es\/clmar\/wp-content\/uploads\/VIRGEN-DEL-CARMEN-VELA-1o-optimist-general.jpg\" class=\"attachment-full size-full\" alt=\"\" srcset=\"https:\/\/www.realclubmaritimomelilla.es\/clmar\/wp-content\/uploads\/VIRGEN-DEL-CARMEN-VELA-1o-optimist-general-200x150.jpg 200w, https:\/\/www.realclubmaritimomelilla.es\/clmar\/wp-content\/uploads\/VIRGEN-DEL-CARMEN-VELA-1o-optimist-general-300x225.jpg 300w, https:\/\/www.realclubmaritimomelilla.es\/clmar\/wp-content\/uploads\/VIRGEN-DEL-CARMEN-VELA-1o-optimist-general-400x300.jpg 400w, https:\/\/www.realclubmaritimomelilla.es\/clmar\/wp-content\/uploads\/VIRGEN-DEL-CARMEN-VELA-1o-optimist-general-600x450.jpg 600w, https:\/\/www.realclubmaritimomelilla.es\/clmar\/wp-content\/uploads\/VIRGEN-DEL-CARMEN-VELA-1o-optimist-general.jpg 640w\" sizes=\"(max-width: 640px) 100vw, 640px\" \/><\/a>\n\t\t\t<\/dt><\/dl><br style=\"clear: both\" \/><dl class='gallery-item'>\n\t\t\t<dt class='gallery-icon landscape'>\n\t\t\t\t<a data-rel=\"iLightbox[postimages]\" data-title=\"VIRGEN DEL CARMEN : VELA 1\u00ba snipe\" data-caption=\"\" href='https:\/\/www.realclubmaritimomelilla.es\/clmar\/el-club-maritimo-entrega-los-premios-de-las-actividades-deportivas-que-ha-realizado-este-verano\/virgen-del-carmen-vela-1o-snipe\/'><img decoding=\"async\" width=\"640\" height=\"480\" src=\"https:\/\/www.realclubmaritimomelilla.es\/clmar\/wp-content\/uploads\/VIRGEN-DEL-CARMEN-VELA-1o-snipe.jpg\" class=\"attachment-full size-full\" alt=\"\" srcset=\"https:\/\/www.realclubmaritimomelilla.es\/clmar\/wp-content\/uploads\/VIRGEN-DEL-CARMEN-VELA-1o-snipe-200x150.jpg 200w, https:\/\/www.realclubmaritimomelilla.es\/clmar\/wp-content\/uploads\/VIRGEN-DEL-CARMEN-VELA-1o-snipe-300x225.jpg 300w, https:\/\/www.realclubmaritimomelilla.es\/clmar\/wp-content\/uploads\/VIRGEN-DEL-CARMEN-VELA-1o-snipe-400x300.jpg 400w, https:\/\/www.realclubmaritimomelilla.es\/clmar\/wp-content\/uploads\/VIRGEN-DEL-CARMEN-VELA-1o-snipe-600x450.jpg 600w, https:\/\/www.realclubmaritimomelilla.es\/clmar\/wp-content\/uploads\/VIRGEN-DEL-CARMEN-VELA-1o-snipe.jpg 640w\" sizes=\"(max-width: 640px) 100vw, 640px\" \/><\/a>\n\t\t\t<\/dt><\/dl><dl class='gallery-item'>\n\t\t\t<dt class='gallery-icon landscape'>\n\t\t\t\t<a data-rel=\"iLightbox[postimages]\" data-title=\"VIRGEN DEL CARMEN : VELA 2\u00aa optimist sub11\" data-caption=\"\" href='https:\/\/www.realclubmaritimomelilla.es\/clmar\/el-club-maritimo-entrega-los-premios-de-las-actividades-deportivas-que-ha-realizado-este-verano\/virgen-del-carmen-vela-2a-optimist-sub11\/'><img decoding=\"async\" width=\"640\" height=\"480\" src=\"https:\/\/www.realclubmaritimomelilla.es\/clmar\/wp-content\/uploads\/VIRGEN-DEL-CARMEN-VELA-2a-optimist-sub11.jpg\" class=\"attachment-full size-full\" alt=\"\" srcset=\"https:\/\/www.realclubmaritimomelilla.es\/clmar\/wp-content\/uploads\/VIRGEN-DEL-CARMEN-VELA-2a-optimist-sub11-200x150.jpg 200w, https:\/\/www.realclubmaritimomelilla.es\/clmar\/wp-content\/uploads\/VIRGEN-DEL-CARMEN-VELA-2a-optimist-sub11-300x225.jpg 300w, https:\/\/www.realclubmaritimomelilla.es\/clmar\/wp-content\/uploads\/VIRGEN-DEL-CARMEN-VELA-2a-optimist-sub11-400x300.jpg 400w, https:\/\/www.realclubmaritimomelilla.es\/clmar\/wp-content\/uploads\/VIRGEN-DEL-CARMEN-VELA-2a-optimist-sub11-600x450.jpg 600w, https:\/\/www.realclubmaritimomelilla.es\/clmar\/wp-content\/uploads\/VIRGEN-DEL-CARMEN-VELA-2a-optimist-sub11.jpg 640w\" sizes=\"(max-width: 640px) 100vw, 640px\" \/><\/a>\n\t\t\t<\/dt><\/dl><dl class='gallery-item'>\n\t\t\t<dt class='gallery-icon landscape'>\n\t\t\t\t<a data-rel=\"iLightbox[postimages]\" data-title=\"VIRGEN DEL CARMEN : VELA 2\u00ba Ilca4\" data-caption=\"\" href='https:\/\/www.realclubmaritimomelilla.es\/clmar\/el-club-maritimo-entrega-los-premios-de-las-actividades-deportivas-que-ha-realizado-este-verano\/virgen-del-carmen-vela-2o-ilca4\/'><img decoding=\"async\" width=\"640\" height=\"480\" src=\"https:\/\/www.realclubmaritimomelilla.es\/clmar\/wp-content\/uploads\/VIRGEN-DEL-CARMEN-VELA-2o-Ilca4.jpg\" class=\"attachment-full size-full\" alt=\"\" srcset=\"https:\/\/www.realclubmaritimomelilla.es\/clmar\/wp-content\/uploads\/VIRGEN-DEL-CARMEN-VELA-2o-Ilca4-200x150.jpg 200w, https:\/\/www.realclubmaritimomelilla.es\/clmar\/wp-content\/uploads\/VIRGEN-DEL-CARMEN-VELA-2o-Ilca4-300x225.jpg 300w, https:\/\/www.realclubmaritimomelilla.es\/clmar\/wp-content\/uploads\/VIRGEN-DEL-CARMEN-VELA-2o-Ilca4-400x300.jpg 400w, https:\/\/www.realclubmaritimomelilla.es\/clmar\/wp-content\/uploads\/VIRGEN-DEL-CARMEN-VELA-2o-Ilca4-600x450.jpg 600w, https:\/\/www.realclubmaritimomelilla.es\/clmar\/wp-content\/uploads\/VIRGEN-DEL-CARMEN-VELA-2o-Ilca4.jpg 640w\" sizes=\"(max-width: 640px) 100vw, 640px\" \/><\/a>\n\t\t\t<\/dt><\/dl><br style=\"clear: both\" \/><dl class='gallery-item'>\n\t\t\t<dt class='gallery-icon landscape'>\n\t\t\t\t<a data-rel=\"iLightbox[postimages]\" data-title=\"VIRGEN DEL CARMEN : VELA 3\u00aa optimist general\" data-caption=\"\" href='https:\/\/www.realclubmaritimomelilla.es\/clmar\/el-club-maritimo-entrega-los-premios-de-las-actividades-deportivas-que-ha-realizado-este-verano\/virgen-del-carmen-vela-3a-optimist-general\/'><img decoding=\"async\" width=\"640\" height=\"480\" src=\"https:\/\/www.realclubmaritimomelilla.es\/clmar\/wp-content\/uploads\/VIRGEN-DEL-CARMEN-VELA-3a-optimist-general.jpg\" class=\"attachment-full size-full\" alt=\"\" srcset=\"https:\/\/www.realclubmaritimomelilla.es\/clmar\/wp-content\/uploads\/VIRGEN-DEL-CARMEN-VELA-3a-optimist-general-200x150.jpg 200w, https:\/\/www.realclubmaritimomelilla.es\/clmar\/wp-content\/uploads\/VIRGEN-DEL-CARMEN-VELA-3a-optimist-general-300x225.jpg 300w, https:\/\/www.realclubmaritimomelilla.es\/clmar\/wp-content\/uploads\/VIRGEN-DEL-CARMEN-VELA-3a-optimist-general-400x300.jpg 400w, https:\/\/www.realclubmaritimomelilla.es\/clmar\/wp-content\/uploads\/VIRGEN-DEL-CARMEN-VELA-3a-optimist-general-600x450.jpg 600w, https:\/\/www.realclubmaritimomelilla.es\/clmar\/wp-content\/uploads\/VIRGEN-DEL-CARMEN-VELA-3a-optimist-general.jpg 640w\" sizes=\"(max-width: 640px) 100vw, 640px\" \/><\/a>\n\t\t\t<\/dt><\/dl><dl class='gallery-item'>\n\t\t\t<dt class='gallery-icon landscape'>\n\t\t\t\t<a data-rel=\"iLightbox[postimages]\" data-title=\"VIRGEN DEL CARMEN : VELA 3\u00ba Ilca4\" data-caption=\"\" href='https:\/\/www.realclubmaritimomelilla.es\/clmar\/el-club-maritimo-entrega-los-premios-de-las-actividades-deportivas-que-ha-realizado-este-verano\/virgen-del-carmen-vela-3o-ilca4\/'><img decoding=\"async\" width=\"640\" height=\"480\" src=\"https:\/\/www.realclubmaritimomelilla.es\/clmar\/wp-content\/uploads\/VIRGEN-DEL-CARMEN-VELA-3o-Ilca4.jpg\" class=\"attachment-full size-full\" alt=\"\" srcset=\"https:\/\/www.realclubmaritimomelilla.es\/clmar\/wp-content\/uploads\/VIRGEN-DEL-CARMEN-VELA-3o-Ilca4-200x150.jpg 200w, https:\/\/www.realclubmaritimomelilla.es\/clmar\/wp-content\/uploads\/VIRGEN-DEL-CARMEN-VELA-3o-Ilca4-300x225.jpg 300w, https:\/\/www.realclubmaritimomelilla.es\/clmar\/wp-content\/uploads\/VIRGEN-DEL-CARMEN-VELA-3o-Ilca4-400x300.jpg 400w, https:\/\/www.realclubmaritimomelilla.es\/clmar\/wp-content\/uploads\/VIRGEN-DEL-CARMEN-VELA-3o-Ilca4-600x450.jpg 600w, https:\/\/www.realclubmaritimomelilla.es\/clmar\/wp-content\/uploads\/VIRGEN-DEL-CARMEN-VELA-3o-Ilca4.jpg 640w\" sizes=\"(max-width: 640px) 100vw, 640px\" \/><\/a>\n\t\t\t<\/dt><\/dl><dl class='gallery-item'>\n\t\t\t<dt class='gallery-icon landscape'>\n\t\t\t\t<a data-rel=\"iLightbox[postimages]\" data-title=\"VIRGEN DEL CARMEN : VELA 3\u00ba snipe recogen sus madres\" data-caption=\"\" href='https:\/\/www.realclubmaritimomelilla.es\/clmar\/el-club-maritimo-entrega-los-premios-de-las-actividades-deportivas-que-ha-realizado-este-verano\/virgen-del-carmen-vela-3o-snipe-recogen-sus-madres\/'><img decoding=\"async\" width=\"640\" height=\"480\" src=\"https:\/\/www.realclubmaritimomelilla.es\/clmar\/wp-content\/uploads\/VIRGEN-DEL-CARMEN-VELA-3o-snipe-recogen-sus-madres.jpg\" class=\"attachment-full size-full\" alt=\"\" srcset=\"https:\/\/www.realclubmaritimomelilla.es\/clmar\/wp-content\/uploads\/VIRGEN-DEL-CARMEN-VELA-3o-snipe-recogen-sus-madres-200x150.jpg 200w, https:\/\/www.realclubmaritimomelilla.es\/clmar\/wp-content\/uploads\/VIRGEN-DEL-CARMEN-VELA-3o-snipe-recogen-sus-madres-300x225.jpg 300w, https:\/\/www.realclubmaritimomelilla.es\/clmar\/wp-content\/uploads\/VIRGEN-DEL-CARMEN-VELA-3o-snipe-recogen-sus-madres-400x300.jpg 400w, https:\/\/www.realclubmaritimomelilla.es\/clmar\/wp-content\/uploads\/VIRGEN-DEL-CARMEN-VELA-3o-snipe-recogen-sus-madres-600x450.jpg 600w, https:\/\/www.realclubmaritimomelilla.es\/clmar\/wp-content\/uploads\/VIRGEN-DEL-CARMEN-VELA-3o-snipe-recogen-sus-madres.jpg 640w\" sizes=\"(max-width: 640px) 100vw, 640px\" \/><\/a>\n\t\t\t<\/dt><\/dl><br style=\"clear: both\" \/><dl class='gallery-item'>\n\t\t\t<dt class='gallery-icon landscape'>\n\t\t\t\t<a data-rel=\"iLightbox[postimages]\" data-title=\"VIRGEN DEL CARMEN : VELA 3\u00ba techno\" data-caption=\"\" href='https:\/\/www.realclubmaritimomelilla.es\/clmar\/el-club-maritimo-entrega-los-premios-de-las-actividades-deportivas-que-ha-realizado-este-verano\/virgen-del-carmen-vela-3o-techno\/'><img decoding=\"async\" width=\"640\" height=\"480\" src=\"https:\/\/www.realclubmaritimomelilla.es\/clmar\/wp-content\/uploads\/VIRGEN-DEL-CARMEN-VELA-3o-techno.jpg\" class=\"attachment-full size-full\" alt=\"\" srcset=\"https:\/\/www.realclubmaritimomelilla.es\/clmar\/wp-content\/uploads\/VIRGEN-DEL-CARMEN-VELA-3o-techno-200x150.jpg 200w, https:\/\/www.realclubmaritimomelilla.es\/clmar\/wp-content\/uploads\/VIRGEN-DEL-CARMEN-VELA-3o-techno-300x225.jpg 300w, https:\/\/www.realclubmaritimomelilla.es\/clmar\/wp-content\/uploads\/VIRGEN-DEL-CARMEN-VELA-3o-techno-400x300.jpg 400w, https:\/\/www.realclubmaritimomelilla.es\/clmar\/wp-content\/uploads\/VIRGEN-DEL-CARMEN-VELA-3o-techno-600x450.jpg 600w, https:\/\/www.realclubmaritimomelilla.es\/clmar\/wp-content\/uploads\/VIRGEN-DEL-CARMEN-VELA-3o-techno.jpg 640w\" sizes=\"(max-width: 640px) 100vw, 640px\" \/><\/a>\n\t\t\t<\/dt><\/dl>\n\t\t\t<br style='clear: both' \/>\n\t\t<\/div>\n\n<h1><span style=\"color: #339966;\"><u>CAMPEONES FERIA 2023<\/u><\/span><\/h1>\n<p><strong><u>PESCA ADULTOS EN CANTIL<\/u><\/strong><\/p>\n<p>2\u00ba Mayor n\u00ba Kilos: Pablo Fern\u00e1ndez Pineda<\/p>\n<p>1\u00ba Mayor n\u00ba Kilos: \u00c1ngel Prada Luna<\/p>\n<p>Pieza Mayor: Jos\u00e9 Calvo El Ouamari<\/p>\n<p><strong><u>PESCA INFANTIL<\/u><\/strong><\/p>\n<p>Mayor N\u00ba Piezas: Jimena Aguado Sanchez-Rando<\/p>\n<p>Mayor N\u00ba Kilos: David Torices Segura<\/p>\n<p>Pieza Mayor: Marcos Duarte Canto<\/p>\n<p><strong><u>CANASTA<\/u><\/strong><\/p>\n<p>Gracia Gonz\u00e1lez de las Cuevas \u2013 M\u00aa Teresa Florido Campos<\/p>\n<p><strong><u>CONTINENTAL<\/u><\/strong><\/p>\n<p>Subcampeona: Purificaci\u00f3n Mateo Zapata<\/p>\n<p>Campeona: M\u00aa Teresa Florido Campos<\/p>\n<p><strong><u>PARCHIS<\/u><\/strong><\/p>\n<p>Josefa Rivas \u2013 Pilar Ayora<\/p>\n<p><strong><u>CLASE OPTIMIST SUB 11<\/u><\/strong><\/p>\n<p>3\u00aa AITANA ROBLES P\u00c9REZ<\/p>\n<p>2\u00ba PABLO RIVAS REVILLA<\/p>\n<p>1\u00aa ISABELA TORMO GARC\u00cdA<\/p>\n<p><strong><u>CLASE OPTIMIST GENERAL<\/u><\/strong><\/p>\n<p>3\u00ba PEDRO JIMENO FERN\u00c1NDEZ<\/p>\n<p>2\u00ba HECTOR CONESA KRIVOCHEYA<\/p>\n<p>1\u00ba MIGUEL TORMO GARC\u00cdA<\/p>\n<p><strong><u>CLASE ILCA 4<\/u><\/strong><\/p>\n<p>3\u00ba PABLO RIVAS O\u00d1A<\/p>\n<p>2\u00ba BILAL MOHAMED MOHAMED<\/p>\n<p>1\u00ba JOS\u00c9 PAYA S\u00c1NCHEZ<\/p>\n<p><strong><u>CLASE TECHNO <\/u><\/strong><\/p>\n<p>3\u00ba JORGE LINARES CAZ\u00d3N<\/p>\n<p>2\u00ba CARLOS DUARTE CANTO<\/p>\n<p>1\u00ba MARCOS DUARTE CANTO<\/p>\n<p><strong><u>CLASE SNIPE<\/u><\/strong><\/p>\n<p>3\u00ba YASIN BOUDIHI DRIS Y CARLOS CERVILLA DUR\u00c1N<\/p>\n<p>2\u00ba PABLO RIVAS O\u00d1A Y FRANCISCO RUBIO SOLER<\/p>\n<p>1\u00ba MIGUEL GONZ\u00c1LEZ WEIL Y JUAN CARLOS PASCUAL RIVAS<\/p>\n<p><strong><u>CRUCERO <\/u><\/strong><\/p>\n<p>3\u00ba KELAYA, DE JOS\u00c9 ANTONIO GARC\u00cdA<\/p>\n<p>2\u00ba CIUDAD DE MELILLA, DE JOS\u00c9 LUIS P\u00c9REZ<\/p>\n<p>1\u00ba OLIVITA, DE LUIS COBREROS<\/p>\n\n\t\t<style type=\"text\/css\">\n\t\t\t#gallery-2 {\n\t\t\t\tmargin: auto;\n\t\t\t}\n\t\t\t#gallery-2 .gallery-item {\n\t\t\t\tfloat: left;\n\t\t\t\tmargin-top: 10px;\n\t\t\t\ttext-align: center;\n\t\t\t\twidth: 33%;\n\t\t\t}\n\t\t\t#gallery-2 img {\n\t\t\t\tborder: 2px solid #cfcfcf;\n\t\t\t}\n\t\t\t#gallery-2 .gallery-caption {\n\t\t\t\tmargin-left: 0;\n\t\t\t}\n\t\t\t\/* see gallery_shortcode() in wp-includes\/media.php *\/\n\t\t<\/style>\n\t\t<div id='gallery-2' class='gallery galleryid-21407 gallery-columns-3 gallery-size-full'><dl class='gallery-item'>\n\t\t\t<dt class='gallery-icon landscape'>\n\t\t\t\t<a data-rel=\"iLightbox[postimages]\" data-title=\"FERIA : CANASTA\" data-caption=\"\" href='https:\/\/www.realclubmaritimomelilla.es\/clmar\/el-club-maritimo-entrega-los-premios-de-las-actividades-deportivas-que-ha-realizado-este-verano\/feria-canasta\/'><img decoding=\"async\" width=\"640\" height=\"480\" src=\"https:\/\/www.realclubmaritimomelilla.es\/clmar\/wp-content\/uploads\/FERIA-CANASTA.jpg\" class=\"attachment-full size-full\" alt=\"\" srcset=\"https:\/\/www.realclubmaritimomelilla.es\/clmar\/wp-content\/uploads\/FERIA-CANASTA-200x150.jpg 200w, https:\/\/www.realclubmaritimomelilla.es\/clmar\/wp-content\/uploads\/FERIA-CANASTA-300x225.jpg 300w, https:\/\/www.realclubmaritimomelilla.es\/clmar\/wp-content\/uploads\/FERIA-CANASTA-400x300.jpg 400w, https:\/\/www.realclubmaritimomelilla.es\/clmar\/wp-content\/uploads\/FERIA-CANASTA-600x450.jpg 600w, https:\/\/www.realclubmaritimomelilla.es\/clmar\/wp-content\/uploads\/FERIA-CANASTA.jpg 640w\" sizes=\"(max-width: 640px) 100vw, 640px\" \/><\/a>\n\t\t\t<\/dt><\/dl><dl class='gallery-item'>\n\t\t\t<dt class='gallery-icon landscape'>\n\t\t\t\t<a data-rel=\"iLightbox[postimages]\" data-title=\"FERIA : CONTINENTAL campeonas\" data-caption=\"\" href='https:\/\/www.realclubmaritimomelilla.es\/clmar\/el-club-maritimo-entrega-los-premios-de-las-actividades-deportivas-que-ha-realizado-este-verano\/feria-continental-campeonas\/'><img decoding=\"async\" width=\"640\" height=\"480\" src=\"https:\/\/www.realclubmaritimomelilla.es\/clmar\/wp-content\/uploads\/FERIA-CONTINENTAL-campeonas.jpg\" class=\"attachment-full size-full\" alt=\"\" srcset=\"https:\/\/www.realclubmaritimomelilla.es\/clmar\/wp-content\/uploads\/FERIA-CONTINENTAL-campeonas-200x150.jpg 200w, https:\/\/www.realclubmaritimomelilla.es\/clmar\/wp-content\/uploads\/FERIA-CONTINENTAL-campeonas-300x225.jpg 300w, https:\/\/www.realclubmaritimomelilla.es\/clmar\/wp-content\/uploads\/FERIA-CONTINENTAL-campeonas-400x300.jpg 400w, https:\/\/www.realclubmaritimomelilla.es\/clmar\/wp-content\/uploads\/FERIA-CONTINENTAL-campeonas-600x450.jpg 600w, https:\/\/www.realclubmaritimomelilla.es\/clmar\/wp-content\/uploads\/FERIA-CONTINENTAL-campeonas.jpg 640w\" sizes=\"(max-width: 640px) 100vw, 640px\" \/><\/a>\n\t\t\t<\/dt><\/dl><dl class='gallery-item'>\n\t\t\t<dt class='gallery-icon landscape'>\n\t\t\t\t<a data-rel=\"iLightbox[postimages]\" data-title=\"FERIA : CONTINENTAL subcampeona\" data-caption=\"\" href='https:\/\/www.realclubmaritimomelilla.es\/clmar\/el-club-maritimo-entrega-los-premios-de-las-actividades-deportivas-que-ha-realizado-este-verano\/feria-continental-subcampeona\/'><img decoding=\"async\" width=\"640\" height=\"480\" src=\"https:\/\/www.realclubmaritimomelilla.es\/clmar\/wp-content\/uploads\/FERIA-CONTINENTAL-subcampeona.jpg\" class=\"attachment-full size-full\" alt=\"\" srcset=\"https:\/\/www.realclubmaritimomelilla.es\/clmar\/wp-content\/uploads\/FERIA-CONTINENTAL-subcampeona-200x150.jpg 200w, https:\/\/www.realclubmaritimomelilla.es\/clmar\/wp-content\/uploads\/FERIA-CONTINENTAL-subcampeona-300x225.jpg 300w, https:\/\/www.realclubmaritimomelilla.es\/clmar\/wp-content\/uploads\/FERIA-CONTINENTAL-subcampeona-400x300.jpg 400w, https:\/\/www.realclubmaritimomelilla.es\/clmar\/wp-content\/uploads\/FERIA-CONTINENTAL-subcampeona-600x450.jpg 600w, https:\/\/www.realclubmaritimomelilla.es\/clmar\/wp-content\/uploads\/FERIA-CONTINENTAL-subcampeona.jpg 640w\" sizes=\"(max-width: 640px) 100vw, 640px\" \/><\/a>\n\t\t\t<\/dt><\/dl><br style=\"clear: both\" \/><dl class='gallery-item'>\n\t\t\t<dt class='gallery-icon landscape'>\n\t\t\t\t<a data-rel=\"iLightbox[postimages]\" data-title=\"FERIA : PARCHISJPG\" data-caption=\"\" href='https:\/\/www.realclubmaritimomelilla.es\/clmar\/el-club-maritimo-entrega-los-premios-de-las-actividades-deportivas-que-ha-realizado-este-verano\/feria-parchisjpg\/'><img decoding=\"async\" width=\"640\" height=\"480\" src=\"https:\/\/www.realclubmaritimomelilla.es\/clmar\/wp-content\/uploads\/FERIA-PARCHISJPG.jpg\" class=\"attachment-full size-full\" alt=\"\" srcset=\"https:\/\/www.realclubmaritimomelilla.es\/clmar\/wp-content\/uploads\/FERIA-PARCHISJPG-200x150.jpg 200w, https:\/\/www.realclubmaritimomelilla.es\/clmar\/wp-content\/uploads\/FERIA-PARCHISJPG-300x225.jpg 300w, https:\/\/www.realclubmaritimomelilla.es\/clmar\/wp-content\/uploads\/FERIA-PARCHISJPG-400x300.jpg 400w, https:\/\/www.realclubmaritimomelilla.es\/clmar\/wp-content\/uploads\/FERIA-PARCHISJPG-600x450.jpg 600w, https:\/\/www.realclubmaritimomelilla.es\/clmar\/wp-content\/uploads\/FERIA-PARCHISJPG.jpg 640w\" sizes=\"(max-width: 640px) 100vw, 640px\" \/><\/a>\n\t\t\t<\/dt><\/dl><dl class='gallery-item'>\n\t\t\t<dt class='gallery-icon landscape'>\n\t\t\t\t<a data-rel=\"iLightbox[postimages]\" data-title=\"FERIA : PESCA 2\u00ba mayor n\u00ba kilos\" data-caption=\"\" href='https:\/\/www.realclubmaritimomelilla.es\/clmar\/el-club-maritimo-entrega-los-premios-de-las-actividades-deportivas-que-ha-realizado-este-verano\/feria-pesca-2o-mayor-no-kilos\/'><img decoding=\"async\" width=\"640\" height=\"480\" src=\"https:\/\/www.realclubmaritimomelilla.es\/clmar\/wp-content\/uploads\/FERIA-PESCA-2o-mayor-no-kilos.jpg\" class=\"attachment-full size-full\" alt=\"\" srcset=\"https:\/\/www.realclubmaritimomelilla.es\/clmar\/wp-content\/uploads\/FERIA-PESCA-2o-mayor-no-kilos-200x150.jpg 200w, https:\/\/www.realclubmaritimomelilla.es\/clmar\/wp-content\/uploads\/FERIA-PESCA-2o-mayor-no-kilos-300x225.jpg 300w, https:\/\/www.realclubmaritimomelilla.es\/clmar\/wp-content\/uploads\/FERIA-PESCA-2o-mayor-no-kilos-400x300.jpg 400w, https:\/\/www.realclubmaritimomelilla.es\/clmar\/wp-content\/uploads\/FERIA-PESCA-2o-mayor-no-kilos-600x450.jpg 600w, https:\/\/www.realclubmaritimomelilla.es\/clmar\/wp-content\/uploads\/FERIA-PESCA-2o-mayor-no-kilos.jpg 640w\" sizes=\"(max-width: 640px) 100vw, 640px\" \/><\/a>\n\t\t\t<\/dt><\/dl><dl class='gallery-item'>\n\t\t\t<dt class='gallery-icon landscape'>\n\t\t\t\t<a data-rel=\"iLightbox[postimages]\" data-title=\"FERIA : PESCA INFANTIL mayor n\u00ba kilos\" data-caption=\"\" href='https:\/\/www.realclubmaritimomelilla.es\/clmar\/el-club-maritimo-entrega-los-premios-de-las-actividades-deportivas-que-ha-realizado-este-verano\/feria-pesca-infantil-mayor-no-kilos\/'><img decoding=\"async\" width=\"640\" height=\"480\" src=\"https:\/\/www.realclubmaritimomelilla.es\/clmar\/wp-content\/uploads\/FERIA-PESCA-INFANTIL-mayor-no-kilos.jpg\" class=\"attachment-full size-full\" alt=\"\" srcset=\"https:\/\/www.realclubmaritimomelilla.es\/clmar\/wp-content\/uploads\/FERIA-PESCA-INFANTIL-mayor-no-kilos-200x150.jpg 200w, https:\/\/www.realclubmaritimomelilla.es\/clmar\/wp-content\/uploads\/FERIA-PESCA-INFANTIL-mayor-no-kilos-300x225.jpg 300w, https:\/\/www.realclubmaritimomelilla.es\/clmar\/wp-content\/uploads\/FERIA-PESCA-INFANTIL-mayor-no-kilos-400x300.jpg 400w, https:\/\/www.realclubmaritimomelilla.es\/clmar\/wp-content\/uploads\/FERIA-PESCA-INFANTIL-mayor-no-kilos-600x450.jpg 600w, https:\/\/www.realclubmaritimomelilla.es\/clmar\/wp-content\/uploads\/FERIA-PESCA-INFANTIL-mayor-no-kilos.jpg 640w\" sizes=\"(max-width: 640px) 100vw, 640px\" \/><\/a>\n\t\t\t<\/dt><\/dl><br style=\"clear: both\" \/><dl class='gallery-item'>\n\t\t\t<dt class='gallery-icon landscape'>\n\t\t\t\t<a data-rel=\"iLightbox[postimages]\" data-title=\"FERIA : PESCA INFANTIL mayor n\u00ba piezas\" data-caption=\"\" href='https:\/\/www.realclubmaritimomelilla.es\/clmar\/el-club-maritimo-entrega-los-premios-de-las-actividades-deportivas-que-ha-realizado-este-verano\/feria-pesca-infantil-mayor-no-piezas\/'><img decoding=\"async\" width=\"640\" height=\"480\" src=\"https:\/\/www.realclubmaritimomelilla.es\/clmar\/wp-content\/uploads\/FERIA-PESCA-INFANTIL-mayor-no-piezas.jpg\" class=\"attachment-full size-full\" alt=\"\" srcset=\"https:\/\/www.realclubmaritimomelilla.es\/clmar\/wp-content\/uploads\/FERIA-PESCA-INFANTIL-mayor-no-piezas-200x150.jpg 200w, https:\/\/www.realclubmaritimomelilla.es\/clmar\/wp-content\/uploads\/FERIA-PESCA-INFANTIL-mayor-no-piezas-300x225.jpg 300w, https:\/\/www.realclubmaritimomelilla.es\/clmar\/wp-content\/uploads\/FERIA-PESCA-INFANTIL-mayor-no-piezas-400x300.jpg 400w, https:\/\/www.realclubmaritimomelilla.es\/clmar\/wp-content\/uploads\/FERIA-PESCA-INFANTIL-mayor-no-piezas-600x450.jpg 600w, https:\/\/www.realclubmaritimomelilla.es\/clmar\/wp-content\/uploads\/FERIA-PESCA-INFANTIL-mayor-no-piezas.jpg 640w\" sizes=\"(max-width: 640px) 100vw, 640px\" \/><\/a>\n\t\t\t<\/dt><\/dl><dl class='gallery-item'>\n\t\t\t<dt class='gallery-icon landscape'>\n\t\t\t\t<a data-rel=\"iLightbox[postimages]\" data-title=\"FERIA : PESCA pieza mayor\" data-caption=\"\" href='https:\/\/www.realclubmaritimomelilla.es\/clmar\/el-club-maritimo-entrega-los-premios-de-las-actividades-deportivas-que-ha-realizado-este-verano\/feria-pesca-pieza-mayor\/'><img decoding=\"async\" width=\"640\" height=\"480\" src=\"https:\/\/www.realclubmaritimomelilla.es\/clmar\/wp-content\/uploads\/FERIA-PESCA-pieza-mayor.jpg\" class=\"attachment-full size-full\" alt=\"\" srcset=\"https:\/\/www.realclubmaritimomelilla.es\/clmar\/wp-content\/uploads\/FERIA-PESCA-pieza-mayor-200x150.jpg 200w, https:\/\/www.realclubmaritimomelilla.es\/clmar\/wp-content\/uploads\/FERIA-PESCA-pieza-mayor-300x225.jpg 300w, https:\/\/www.realclubmaritimomelilla.es\/clmar\/wp-content\/uploads\/FERIA-PESCA-pieza-mayor-400x300.jpg 400w, https:\/\/www.realclubmaritimomelilla.es\/clmar\/wp-content\/uploads\/FERIA-PESCA-pieza-mayor-600x450.jpg 600w, https:\/\/www.realclubmaritimomelilla.es\/clmar\/wp-content\/uploads\/FERIA-PESCA-pieza-mayor.jpg 640w\" sizes=\"(max-width: 640px) 100vw, 640px\" \/><\/a>\n\t\t\t<\/dt><\/dl><dl class='gallery-item'>\n\t\t\t<dt class='gallery-icon landscape'>\n\t\t\t\t<a data-rel=\"iLightbox[postimages]\" data-title=\"FERIA : VELA 1\u00aa optimist sub11\" data-caption=\"\" href='https:\/\/www.realclubmaritimomelilla.es\/clmar\/el-club-maritimo-entrega-los-premios-de-las-actividades-deportivas-que-ha-realizado-este-verano\/feria-vela-1a-optimist-sub11\/'><img decoding=\"async\" width=\"640\" height=\"480\" src=\"https:\/\/www.realclubmaritimomelilla.es\/clmar\/wp-content\/uploads\/FERIA-VELA-1a-optimist-sub11.jpg\" class=\"attachment-full size-full\" alt=\"\" srcset=\"https:\/\/www.realclubmaritimomelilla.es\/clmar\/wp-content\/uploads\/FERIA-VELA-1a-optimist-sub11-200x150.jpg 200w, https:\/\/www.realclubmaritimomelilla.es\/clmar\/wp-content\/uploads\/FERIA-VELA-1a-optimist-sub11-300x225.jpg 300w, https:\/\/www.realclubmaritimomelilla.es\/clmar\/wp-content\/uploads\/FERIA-VELA-1a-optimist-sub11-400x300.jpg 400w, https:\/\/www.realclubmaritimomelilla.es\/clmar\/wp-content\/uploads\/FERIA-VELA-1a-optimist-sub11-600x450.jpg 600w, https:\/\/www.realclubmaritimomelilla.es\/clmar\/wp-content\/uploads\/FERIA-VELA-1a-optimist-sub11.jpg 640w\" sizes=\"(max-width: 640px) 100vw, 640px\" \/><\/a>\n\t\t\t<\/dt><\/dl><br style=\"clear: both\" \/><dl class='gallery-item'>\n\t\t\t<dt class='gallery-icon landscape'>\n\t\t\t\t<a data-rel=\"iLightbox[postimages]\" data-title=\"FERIA : VELA 1\u00ba crucero\" data-caption=\"\" href='https:\/\/www.realclubmaritimomelilla.es\/clmar\/el-club-maritimo-entrega-los-premios-de-las-actividades-deportivas-que-ha-realizado-este-verano\/feria-vela-1o-crucero\/'><img decoding=\"async\" width=\"640\" height=\"480\" src=\"https:\/\/www.realclubmaritimomelilla.es\/clmar\/wp-content\/uploads\/FERIA-VELA-1o-crucero.jpg\" class=\"attachment-full size-full\" alt=\"\" srcset=\"https:\/\/www.realclubmaritimomelilla.es\/clmar\/wp-content\/uploads\/FERIA-VELA-1o-crucero-200x150.jpg 200w, https:\/\/www.realclubmaritimomelilla.es\/clmar\/wp-content\/uploads\/FERIA-VELA-1o-crucero-300x225.jpg 300w, https:\/\/www.realclubmaritimomelilla.es\/clmar\/wp-content\/uploads\/FERIA-VELA-1o-crucero-400x300.jpg 400w, https:\/\/www.realclubmaritimomelilla.es\/clmar\/wp-content\/uploads\/FERIA-VELA-1o-crucero-600x450.jpg 600w, https:\/\/www.realclubmaritimomelilla.es\/clmar\/wp-content\/uploads\/FERIA-VELA-1o-crucero.jpg 640w\" sizes=\"(max-width: 640px) 100vw, 640px\" \/><\/a>\n\t\t\t<\/dt><\/dl><dl class='gallery-item'>\n\t\t\t<dt class='gallery-icon landscape'>\n\t\t\t\t<a data-rel=\"iLightbox[postimages]\" data-title=\"FERIA : VELA 1\u00ba Ilca4\" data-caption=\"\" href='https:\/\/www.realclubmaritimomelilla.es\/clmar\/el-club-maritimo-entrega-los-premios-de-las-actividades-deportivas-que-ha-realizado-este-verano\/feria-vela-1o-ilca4\/'><img decoding=\"async\" width=\"640\" height=\"480\" src=\"https:\/\/www.realclubmaritimomelilla.es\/clmar\/wp-content\/uploads\/FERIA-VELA-1o-Ilca4.jpg\" class=\"attachment-full size-full\" alt=\"\" srcset=\"https:\/\/www.realclubmaritimomelilla.es\/clmar\/wp-content\/uploads\/FERIA-VELA-1o-Ilca4-200x150.jpg 200w, https:\/\/www.realclubmaritimomelilla.es\/clmar\/wp-content\/uploads\/FERIA-VELA-1o-Ilca4-300x225.jpg 300w, https:\/\/www.realclubmaritimomelilla.es\/clmar\/wp-content\/uploads\/FERIA-VELA-1o-Ilca4-400x300.jpg 400w, https:\/\/www.realclubmaritimomelilla.es\/clmar\/wp-content\/uploads\/FERIA-VELA-1o-Ilca4-600x450.jpg 600w, https:\/\/www.realclubmaritimomelilla.es\/clmar\/wp-content\/uploads\/FERIA-VELA-1o-Ilca4.jpg 640w\" sizes=\"(max-width: 640px) 100vw, 640px\" \/><\/a>\n\t\t\t<\/dt><\/dl><dl class='gallery-item'>\n\t\t\t<dt class='gallery-icon landscape'>\n\t\t\t\t<a data-rel=\"iLightbox[postimages]\" data-title=\"FERIA : VELA 1\u00ba optimist general\" data-caption=\"\" href='https:\/\/www.realclubmaritimomelilla.es\/clmar\/el-club-maritimo-entrega-los-premios-de-las-actividades-deportivas-que-ha-realizado-este-verano\/feria-vela-1o-optimist-general\/'><img decoding=\"async\" width=\"640\" height=\"480\" src=\"https:\/\/www.realclubmaritimomelilla.es\/clmar\/wp-content\/uploads\/FERIA-VELA-1o-optimist-general.jpg\" class=\"attachment-full size-full\" alt=\"\" srcset=\"https:\/\/www.realclubmaritimomelilla.es\/clmar\/wp-content\/uploads\/FERIA-VELA-1o-optimist-general-200x150.jpg 200w, https:\/\/www.realclubmaritimomelilla.es\/clmar\/wp-content\/uploads\/FERIA-VELA-1o-optimist-general-300x225.jpg 300w, https:\/\/www.realclubmaritimomelilla.es\/clmar\/wp-content\/uploads\/FERIA-VELA-1o-optimist-general-400x300.jpg 400w, https:\/\/www.realclubmaritimomelilla.es\/clmar\/wp-content\/uploads\/FERIA-VELA-1o-optimist-general-600x450.jpg 600w, https:\/\/www.realclubmaritimomelilla.es\/clmar\/wp-content\/uploads\/FERIA-VELA-1o-optimist-general.jpg 640w\" sizes=\"(max-width: 640px) 100vw, 640px\" \/><\/a>\n\t\t\t<\/dt><\/dl><br style=\"clear: both\" \/><dl class='gallery-item'>\n\t\t\t<dt class='gallery-icon landscape'>\n\t\t\t\t<a data-rel=\"iLightbox[postimages]\" data-title=\"FERIA : VELA 1\u00ba snipe recogen sus madres\" data-caption=\"\" href='https:\/\/www.realclubmaritimomelilla.es\/clmar\/el-club-maritimo-entrega-los-premios-de-las-actividades-deportivas-que-ha-realizado-este-verano\/feria-vela-1o-snipe-recogen-sus-madres\/'><img decoding=\"async\" width=\"640\" height=\"480\" src=\"https:\/\/www.realclubmaritimomelilla.es\/clmar\/wp-content\/uploads\/FERIA-VELA-1o-snipe-recogen-sus-madres.jpg\" class=\"attachment-full size-full\" alt=\"\" srcset=\"https:\/\/www.realclubmaritimomelilla.es\/clmar\/wp-content\/uploads\/FERIA-VELA-1o-snipe-recogen-sus-madres-200x150.jpg 200w, https:\/\/www.realclubmaritimomelilla.es\/clmar\/wp-content\/uploads\/FERIA-VELA-1o-snipe-recogen-sus-madres-300x225.jpg 300w, https:\/\/www.realclubmaritimomelilla.es\/clmar\/wp-content\/uploads\/FERIA-VELA-1o-snipe-recogen-sus-madres-400x300.jpg 400w, https:\/\/www.realclubmaritimomelilla.es\/clmar\/wp-content\/uploads\/FERIA-VELA-1o-snipe-recogen-sus-madres-600x450.jpg 600w, https:\/\/www.realclubmaritimomelilla.es\/clmar\/wp-content\/uploads\/FERIA-VELA-1o-snipe-recogen-sus-madres.jpg 640w\" sizes=\"(max-width: 640px) 100vw, 640px\" \/><\/a>\n\t\t\t<\/dt><\/dl><dl class='gallery-item'>\n\t\t\t<dt class='gallery-icon landscape'>\n\t\t\t\t<a data-rel=\"iLightbox[postimages]\" data-title=\"FERIA : VELA 2\u00ba crucero\" data-caption=\"\" href='https:\/\/www.realclubmaritimomelilla.es\/clmar\/el-club-maritimo-entrega-los-premios-de-las-actividades-deportivas-que-ha-realizado-este-verano\/feria-vela-2o-crucero\/'><img decoding=\"async\" width=\"640\" height=\"480\" src=\"https:\/\/www.realclubmaritimomelilla.es\/clmar\/wp-content\/uploads\/FERIA-VELA-2o-crucero.jpg\" class=\"attachment-full size-full\" alt=\"\" srcset=\"https:\/\/www.realclubmaritimomelilla.es\/clmar\/wp-content\/uploads\/FERIA-VELA-2o-crucero-200x150.jpg 200w, https:\/\/www.realclubmaritimomelilla.es\/clmar\/wp-content\/uploads\/FERIA-VELA-2o-crucero-300x225.jpg 300w, https:\/\/www.realclubmaritimomelilla.es\/clmar\/wp-content\/uploads\/FERIA-VELA-2o-crucero-400x300.jpg 400w, https:\/\/www.realclubmaritimomelilla.es\/clmar\/wp-content\/uploads\/FERIA-VELA-2o-crucero-600x450.jpg 600w, https:\/\/www.realclubmaritimomelilla.es\/clmar\/wp-content\/uploads\/FERIA-VELA-2o-crucero.jpg 640w\" sizes=\"(max-width: 640px) 100vw, 640px\" \/><\/a>\n\t\t\t<\/dt><\/dl><dl class='gallery-item'>\n\t\t\t<dt class='gallery-icon landscape'>\n\t\t\t\t<a data-rel=\"iLightbox[postimages]\" data-title=\"FERIA : VELA 2\u00ba Ilca4\" data-caption=\"\" href='https:\/\/www.realclubmaritimomelilla.es\/clmar\/el-club-maritimo-entrega-los-premios-de-las-actividades-deportivas-que-ha-realizado-este-verano\/feria-vela-2o-ilca4\/'><img decoding=\"async\" width=\"640\" height=\"480\" src=\"https:\/\/www.realclubmaritimomelilla.es\/clmar\/wp-content\/uploads\/FERIA-VELA-2o-Ilca4.jpg\" class=\"attachment-full size-full\" alt=\"\" srcset=\"https:\/\/www.realclubmaritimomelilla.es\/clmar\/wp-content\/uploads\/FERIA-VELA-2o-Ilca4-200x150.jpg 200w, https:\/\/www.realclubmaritimomelilla.es\/clmar\/wp-content\/uploads\/FERIA-VELA-2o-Ilca4-300x225.jpg 300w, https:\/\/www.realclubmaritimomelilla.es\/clmar\/wp-content\/uploads\/FERIA-VELA-2o-Ilca4-400x300.jpg 400w, https:\/\/www.realclubmaritimomelilla.es\/clmar\/wp-content\/uploads\/FERIA-VELA-2o-Ilca4-600x450.jpg 600w, https:\/\/www.realclubmaritimomelilla.es\/clmar\/wp-content\/uploads\/FERIA-VELA-2o-Ilca4.jpg 640w\" sizes=\"(max-width: 640px) 100vw, 640px\" \/><\/a>\n\t\t\t<\/dt><\/dl><br style=\"clear: both\" \/><dl class='gallery-item'>\n\t\t\t<dt class='gallery-icon landscape'>\n\t\t\t\t<a data-rel=\"iLightbox[postimages]\" data-title=\"FERIA : VELA 2\u00ba optimist sub11\" data-caption=\"\" href='https:\/\/www.realclubmaritimomelilla.es\/clmar\/el-club-maritimo-entrega-los-premios-de-las-actividades-deportivas-que-ha-realizado-este-verano\/feria-vela-2o-optimist-sub11\/'><img decoding=\"async\" width=\"640\" height=\"480\" src=\"https:\/\/www.realclubmaritimomelilla.es\/clmar\/wp-content\/uploads\/FERIA-VELA-2o-optimist-sub11.jpg\" class=\"attachment-full size-full\" alt=\"\" srcset=\"https:\/\/www.realclubmaritimomelilla.es\/clmar\/wp-content\/uploads\/FERIA-VELA-2o-optimist-sub11-200x150.jpg 200w, https:\/\/www.realclubmaritimomelilla.es\/clmar\/wp-content\/uploads\/FERIA-VELA-2o-optimist-sub11-300x225.jpg 300w, https:\/\/www.realclubmaritimomelilla.es\/clmar\/wp-content\/uploads\/FERIA-VELA-2o-optimist-sub11-400x300.jpg 400w, https:\/\/www.realclubmaritimomelilla.es\/clmar\/wp-content\/uploads\/FERIA-VELA-2o-optimist-sub11-600x450.jpg 600w, https:\/\/www.realclubmaritimomelilla.es\/clmar\/wp-content\/uploads\/FERIA-VELA-2o-optimist-sub11.jpg 640w\" sizes=\"(max-width: 640px) 100vw, 640px\" \/><\/a>\n\t\t\t<\/dt><\/dl><dl class='gallery-item'>\n\t\t\t<dt class='gallery-icon landscape'>\n\t\t\t\t<a data-rel=\"iLightbox[postimages]\" data-title=\"FERIA : VELA 2\u00ba snipe\" data-caption=\"\" href='https:\/\/www.realclubmaritimomelilla.es\/clmar\/el-club-maritimo-entrega-los-premios-de-las-actividades-deportivas-que-ha-realizado-este-verano\/feria-vela-2o-snipe\/'><img decoding=\"async\" width=\"640\" height=\"480\" src=\"https:\/\/www.realclubmaritimomelilla.es\/clmar\/wp-content\/uploads\/FERIA-VELA-2o-snipe.jpg\" class=\"attachment-full size-full\" alt=\"\" srcset=\"https:\/\/www.realclubmaritimomelilla.es\/clmar\/wp-content\/uploads\/FERIA-VELA-2o-snipe-200x150.jpg 200w, https:\/\/www.realclubmaritimomelilla.es\/clmar\/wp-content\/uploads\/FERIA-VELA-2o-snipe-300x225.jpg 300w, https:\/\/www.realclubmaritimomelilla.es\/clmar\/wp-content\/uploads\/FERIA-VELA-2o-snipe-400x300.jpg 400w, https:\/\/www.realclubmaritimomelilla.es\/clmar\/wp-content\/uploads\/FERIA-VELA-2o-snipe-600x450.jpg 600w, https:\/\/www.realclubmaritimomelilla.es\/clmar\/wp-content\/uploads\/FERIA-VELA-2o-snipe.jpg 640w\" sizes=\"(max-width: 640px) 100vw, 640px\" \/><\/a>\n\t\t\t<\/dt><\/dl><dl class='gallery-item'>\n\t\t\t<dt class='gallery-icon landscape'>\n\t\t\t\t<a data-rel=\"iLightbox[postimages]\" data-title=\"FERIA : VELA 3\u00ba crucero\" data-caption=\"\" href='https:\/\/www.realclubmaritimomelilla.es\/clmar\/el-club-maritimo-entrega-los-premios-de-las-actividades-deportivas-que-ha-realizado-este-verano\/feria-vela-3o-crucero\/'><img decoding=\"async\" width=\"640\" height=\"480\" src=\"https:\/\/www.realclubmaritimomelilla.es\/clmar\/wp-content\/uploads\/FERIA-VELA-3o-crucero.jpg\" class=\"attachment-full size-full\" alt=\"\" srcset=\"https:\/\/www.realclubmaritimomelilla.es\/clmar\/wp-content\/uploads\/FERIA-VELA-3o-crucero-200x150.jpg 200w, https:\/\/www.realclubmaritimomelilla.es\/clmar\/wp-content\/uploads\/FERIA-VELA-3o-crucero-300x225.jpg 300w, https:\/\/www.realclubmaritimomelilla.es\/clmar\/wp-content\/uploads\/FERIA-VELA-3o-crucero-400x300.jpg 400w, https:\/\/www.realclubmaritimomelilla.es\/clmar\/wp-content\/uploads\/FERIA-VELA-3o-crucero-600x450.jpg 600w, https:\/\/www.realclubmaritimomelilla.es\/clmar\/wp-content\/uploads\/FERIA-VELA-3o-crucero.jpg 640w\" sizes=\"(max-width: 640px) 100vw, 640px\" \/><\/a>\n\t\t\t<\/dt><\/dl><br style=\"clear: both\" \/><dl class='gallery-item'>\n\t\t\t<dt class='gallery-icon landscape'>\n\t\t\t\t<a data-rel=\"iLightbox[postimages]\" data-title=\"FERIA : VELA 3\u00ba ilca4\" data-caption=\"\" href='https:\/\/www.realclubmaritimomelilla.es\/clmar\/el-club-maritimo-entrega-los-premios-de-las-actividades-deportivas-que-ha-realizado-este-verano\/feria-vela-3o-ilca4\/'><img decoding=\"async\" width=\"640\" height=\"480\" src=\"https:\/\/www.realclubmaritimomelilla.es\/clmar\/wp-content\/uploads\/FERIA-VELA-3o-ilca4.jpg\" class=\"attachment-full size-full\" alt=\"\" srcset=\"https:\/\/www.realclubmaritimomelilla.es\/clmar\/wp-content\/uploads\/FERIA-VELA-3o-ilca4-200x150.jpg 200w, https:\/\/www.realclubmaritimomelilla.es\/clmar\/wp-content\/uploads\/FERIA-VELA-3o-ilca4-300x225.jpg 300w, https:\/\/www.realclubmaritimomelilla.es\/clmar\/wp-content\/uploads\/FERIA-VELA-3o-ilca4-400x300.jpg 400w, https:\/\/www.realclubmaritimomelilla.es\/clmar\/wp-content\/uploads\/FERIA-VELA-3o-ilca4-600x450.jpg 600w, https:\/\/www.realclubmaritimomelilla.es\/clmar\/wp-content\/uploads\/FERIA-VELA-3o-ilca4.jpg 640w\" sizes=\"(max-width: 640px) 100vw, 640px\" \/><\/a>\n\t\t\t<\/dt><\/dl><dl class='gallery-item'>\n\t\t\t<dt class='gallery-icon landscape'>\n\t\t\t\t<a data-rel=\"iLightbox[postimages]\" data-title=\"FERIA : VELA 3\u00ba optimist general\" data-caption=\"\" href='https:\/\/www.realclubmaritimomelilla.es\/clmar\/el-club-maritimo-entrega-los-premios-de-las-actividades-deportivas-que-ha-realizado-este-verano\/feria-vela-3o-optimist-general\/'><img decoding=\"async\" width=\"640\" height=\"480\" src=\"https:\/\/www.realclubmaritimomelilla.es\/clmar\/wp-content\/uploads\/FERIA-VELA-3o-optimist-general.jpg\" class=\"attachment-full size-full\" alt=\"\" srcset=\"https:\/\/www.realclubmaritimomelilla.es\/clmar\/wp-content\/uploads\/FERIA-VELA-3o-optimist-general-200x150.jpg 200w, https:\/\/www.realclubmaritimomelilla.es\/clmar\/wp-content\/uploads\/FERIA-VELA-3o-optimist-general-300x225.jpg 300w, https:\/\/www.realclubmaritimomelilla.es\/clmar\/wp-content\/uploads\/FERIA-VELA-3o-optimist-general-400x300.jpg 400w, https:\/\/www.realclubmaritimomelilla.es\/clmar\/wp-content\/uploads\/FERIA-VELA-3o-optimist-general-600x450.jpg 600w, https:\/\/www.realclubmaritimomelilla.es\/clmar\/wp-content\/uploads\/FERIA-VELA-3o-optimist-general.jpg 640w\" sizes=\"(max-width: 640px) 100vw, 640px\" \/><\/a>\n\t\t\t<\/dt><\/dl>\n\t\t\t<br style='clear: both' \/>\n\t\t<\/div>\n\n","protected":false},"excerpt":{"rendered":"<p>El Real Club Mar\u00edtimo de Melilla ha cerrado sus actividades de verano con la entrega de trofeos de las \u00faltimas competiciones llevadas a cabo durante los meses del periodo estival. As\u00ed, con una agenda deportiva que se ha venido realizando desde junio, destac\u00f3 en julio el Trofeo Virgen del Carmen en el que han sobresalieron [&hellip;]<\/p>\n","protected":false},"author":1,"featured_media":21439,"comment_status":"open","ping_status":"open","sticky":false,"template":"","format":"standard","meta":{"_acf_changed":false,"footnotes":""},"categories":[40,42],"tags":[],"class_list":["post-21407","post","type-post","status-publish","format-standard","has-post-thumbnail","hentry","category-club","category-trofeos"],"acf":[],"yoast_head":"<!-- This site is optimized with the Yoast SEO plugin v27.5 - https:\/\/yoast.com\/product\/yoast-seo-wordpress\/ -->\n<title>EL CLUB MAR\u00cdTIMO ENTREGA LOS PREMIOS DE LAS ACTIVIDADES DEPORTIVAS QUE HA REALIZADO ESTE VERANO - Real Club Mar\u00edtimo de Melilla<\/title>\n<meta name=\"description\" content=\"EL CLUB MAR\u00cdTIMO ENTREGA LOS PREMIOS DE LAS ACTIVIDADES DEPORTIVAS QUE HA REALIZADO ESTE VERANO -\" \/>\n<meta name=\"robots\" content=\"index, follow, max-snippet:-1, max-image-preview:large, max-video-preview:-1\" \/>\n<link rel=\"canonical\" href=\"https:\/\/www.realclubmaritimomelilla.es\/clmar\/el-club-maritimo-entrega-los-premios-de-las-actividades-deportivas-que-ha-realizado-este-verano\/\" \/>\n<meta property=\"og:locale\" content=\"es_ES\" \/>\n<meta property=\"og:type\" content=\"article\" \/>\n<meta property=\"og:title\" content=\"EL CLUB MAR\u00cdTIMO ENTREGA LOS PREMIOS DE LAS ACTIVIDADES DEPORTIVAS QUE HA REALIZADO ESTE VERANO - Real Club Mar\u00edtimo de Melilla\" \/>\n<meta property=\"og:description\" content=\"EL CLUB MAR\u00cdTIMO ENTREGA LOS PREMIOS DE LAS ACTIVIDADES DEPORTIVAS QUE HA REALIZADO ESTE VERANO -\" \/>\n<meta property=\"og:url\" content=\"https:\/\/www.realclubmaritimomelilla.es\/clmar\/el-club-maritimo-entrega-los-premios-de-las-actividades-deportivas-que-ha-realizado-este-verano\/\" \/>\n<meta property=\"og:site_name\" content=\"Real Club Mar\u00edtimo de Melilla\" \/>\n<meta property=\"article:publisher\" content=\"https:\/\/www.facebook.com\/Real-Club-Mar%c3%adtimo-de-Melilla-588495841234214\/\" \/>\n<meta property=\"article:published_time\" content=\"2023-09-09T16:45:23+00:00\" \/>\n<meta property=\"article:modified_time\" content=\"2024-03-27T09:09:34+00:00\" \/>\n<meta property=\"og:image\" content=\"https:\/\/www.realclubmaritimomelilla.es\/clmar\/wp-content\/uploads\/FERIA-VELA-1o-snipe-recogen-sus-madres.jpg\" \/>\n\t<meta property=\"og:image:width\" content=\"640\" \/>\n\t<meta property=\"og:image:height\" content=\"480\" \/>\n\t<meta property=\"og:image:type\" content=\"image\/jpeg\" \/>\n<meta name=\"author\" content=\"RCMMelilla\" \/>\n<meta name=\"twitter:card\" content=\"summary_large_image\" \/>\n<meta name=\"twitter:creator\" content=\"@nauticarcmm\" \/>\n<meta name=\"twitter:site\" content=\"@nauticarcmm\" \/>\n<meta name=\"twitter:label1\" content=\"Escrito por\" \/>\n\t<meta name=\"twitter:data1\" content=\"RCMMelilla\" \/>\n\t<meta name=\"twitter:label2\" content=\"Tiempo de lectura\" \/>\n\t<meta name=\"twitter:data2\" content=\"3 minutos\" \/>\n<script type=\"application\/ld+json\" class=\"yoast-schema-graph\">{\"@context\":\"https:\\\/\\\/schema.org\",\"@graph\":[{\"@type\":\"Article\",\"@id\":\"https:\\\/\\\/www.realclubmaritimomelilla.es\\\/clmar\\\/el-club-maritimo-entrega-los-premios-de-las-actividades-deportivas-que-ha-realizado-este-verano\\\/#article\",\"isPartOf\":{\"@id\":\"https:\\\/\\\/www.realclubmaritimomelilla.es\\\/clmar\\\/el-club-maritimo-entrega-los-premios-de-las-actividades-deportivas-que-ha-realizado-este-verano\\\/\"},\"author\":{\"name\":\"RCMMelilla\",\"@id\":\"https:\\\/\\\/www.realclubmaritimomelilla.es\\\/clmar\\\/#\\\/schema\\\/person\\\/ebaa3713496dc6d48c872452e73a8e79\"},\"headline\":\"EL CLUB MAR\u00cdTIMO ENTREGA LOS PREMIOS DE LAS ACTIVIDADES DEPORTIVAS QUE HA REALIZADO ESTE VERANO\",\"datePublished\":\"2023-09-09T16:45:23+00:00\",\"dateModified\":\"2024-03-27T09:09:34+00:00\",\"mainEntityOfPage\":{\"@id\":\"https:\\\/\\\/www.realclubmaritimomelilla.es\\\/clmar\\\/el-club-maritimo-entrega-los-premios-de-las-actividades-deportivas-que-ha-realizado-este-verano\\\/\"},\"wordCount\":650,\"commentCount\":0,\"publisher\":{\"@id\":\"https:\\\/\\\/www.realclubmaritimomelilla.es\\\/clmar\\\/#organization\"},\"image\":{\"@id\":\"https:\\\/\\\/www.realclubmaritimomelilla.es\\\/clmar\\\/el-club-maritimo-entrega-los-premios-de-las-actividades-deportivas-que-ha-realizado-este-verano\\\/#primaryimage\"},\"thumbnailUrl\":\"https:\\\/\\\/www.realclubmaritimomelilla.es\\\/clmar\\\/wp-content\\\/uploads\\\/FERIA-VELA-1o-snipe-recogen-sus-madres.jpg\",\"articleSection\":[\"Club\",\"Trofeos\"],\"inLanguage\":\"es\",\"potentialAction\":[{\"@type\":\"CommentAction\",\"name\":\"Comment\",\"target\":[\"https:\\\/\\\/www.realclubmaritimomelilla.es\\\/clmar\\\/el-club-maritimo-entrega-los-premios-de-las-actividades-deportivas-que-ha-realizado-este-verano\\\/#respond\"]}]},{\"@type\":\"WebPage\",\"@id\":\"https:\\\/\\\/www.realclubmaritimomelilla.es\\\/clmar\\\/el-club-maritimo-entrega-los-premios-de-las-actividades-deportivas-que-ha-realizado-este-verano\\\/\",\"url\":\"https:\\\/\\\/www.realclubmaritimomelilla.es\\\/clmar\\\/el-club-maritimo-entrega-los-premios-de-las-actividades-deportivas-que-ha-realizado-este-verano\\\/\",\"name\":\"EL CLUB MAR\u00cdTIMO ENTREGA LOS PREMIOS DE LAS ACTIVIDADES DEPORTIVAS QUE HA REALIZADO ESTE VERANO - Real Club Mar\u00edtimo de Melilla\",\"isPartOf\":{\"@id\":\"https:\\\/\\\/www.realclubmaritimomelilla.es\\\/clmar\\\/#website\"},\"primaryImageOfPage\":{\"@id\":\"https:\\\/\\\/www.realclubmaritimomelilla.es\\\/clmar\\\/el-club-maritimo-entrega-los-premios-de-las-actividades-deportivas-que-ha-realizado-este-verano\\\/#primaryimage\"},\"image\":{\"@id\":\"https:\\\/\\\/www.realclubmaritimomelilla.es\\\/clmar\\\/el-club-maritimo-entrega-los-premios-de-las-actividades-deportivas-que-ha-realizado-este-verano\\\/#primaryimage\"},\"thumbnailUrl\":\"https:\\\/\\\/www.realclubmaritimomelilla.es\\\/clmar\\\/wp-content\\\/uploads\\\/FERIA-VELA-1o-snipe-recogen-sus-madres.jpg\",\"datePublished\":\"2023-09-09T16:45:23+00:00\",\"dateModified\":\"2024-03-27T09:09:34+00:00\",\"description\":\"EL CLUB MAR\u00cdTIMO ENTREGA LOS PREMIOS DE LAS ACTIVIDADES DEPORTIVAS QUE HA REALIZADO ESTE VERANO -\",\"breadcrumb\":{\"@id\":\"https:\\\/\\\/www.realclubmaritimomelilla.es\\\/clmar\\\/el-club-maritimo-entrega-los-premios-de-las-actividades-deportivas-que-ha-realizado-este-verano\\\/#breadcrumb\"},\"inLanguage\":\"es\",\"potentialAction\":[{\"@type\":\"ReadAction\",\"target\":[\"https:\\\/\\\/www.realclubmaritimomelilla.es\\\/clmar\\\/el-club-maritimo-entrega-los-premios-de-las-actividades-deportivas-que-ha-realizado-este-verano\\\/\"]}]},{\"@type\":\"ImageObject\",\"inLanguage\":\"es\",\"@id\":\"https:\\\/\\\/www.realclubmaritimomelilla.es\\\/clmar\\\/el-club-maritimo-entrega-los-premios-de-las-actividades-deportivas-que-ha-realizado-este-verano\\\/#primaryimage\",\"url\":\"https:\\\/\\\/www.realclubmaritimomelilla.es\\\/clmar\\\/wp-content\\\/uploads\\\/FERIA-VELA-1o-snipe-recogen-sus-madres.jpg\",\"contentUrl\":\"https:\\\/\\\/www.realclubmaritimomelilla.es\\\/clmar\\\/wp-content\\\/uploads\\\/FERIA-VELA-1o-snipe-recogen-sus-madres.jpg\",\"width\":640,\"height\":480},{\"@type\":\"BreadcrumbList\",\"@id\":\"https:\\\/\\\/www.realclubmaritimomelilla.es\\\/clmar\\\/el-club-maritimo-entrega-los-premios-de-las-actividades-deportivas-que-ha-realizado-este-verano\\\/#breadcrumb\",\"itemListElement\":[{\"@type\":\"ListItem\",\"position\":1,\"name\":\"Portada\",\"item\":\"https:\\\/\\\/www.realclubmaritimomelilla.es\\\/clmar\\\/\"},{\"@type\":\"ListItem\",\"position\":2,\"name\":\"EL CLUB MAR\u00cdTIMO ENTREGA LOS PREMIOS DE LAS ACTIVIDADES DEPORTIVAS QUE HA REALIZADO ESTE VERANO\"}]},{\"@type\":\"WebSite\",\"@id\":\"https:\\\/\\\/www.realclubmaritimomelilla.es\\\/clmar\\\/#website\",\"url\":\"https:\\\/\\\/www.realclubmaritimomelilla.es\\\/clmar\\\/\",\"name\":\"Real Club Mar\u00edtimo de Melilla\",\"description\":\"RCMM\",\"publisher\":{\"@id\":\"https:\\\/\\\/www.realclubmaritimomelilla.es\\\/clmar\\\/#organization\"},\"alternateName\":\"RCMM\",\"potentialAction\":[{\"@type\":\"SearchAction\",\"target\":{\"@type\":\"EntryPoint\",\"urlTemplate\":\"https:\\\/\\\/www.realclubmaritimomelilla.es\\\/clmar\\\/?s={search_term_string}\"},\"query-input\":{\"@type\":\"PropertyValueSpecification\",\"valueRequired\":true,\"valueName\":\"search_term_string\"}}],\"inLanguage\":\"es\"},{\"@type\":\"Organization\",\"@id\":\"https:\\\/\\\/www.realclubmaritimomelilla.es\\\/clmar\\\/#organization\",\"name\":\"Real Club Mar\u00edtimo de Melilla\",\"alternateName\":\"RCMM\",\"url\":\"https:\\\/\\\/www.realclubmaritimomelilla.es\\\/clmar\\\/\",\"logo\":{\"@type\":\"ImageObject\",\"inLanguage\":\"es\",\"@id\":\"https:\\\/\\\/www.realclubmaritimomelilla.es\\\/clmar\\\/#\\\/schema\\\/logo\\\/image\\\/\",\"url\":\"https:\\\/\\\/www.realclubmaritimomelilla.es\\\/clmar\\\/wp-content\\\/uploads\\\/logo-club-original-copia.jpg\",\"contentUrl\":\"https:\\\/\\\/www.realclubmaritimomelilla.es\\\/clmar\\\/wp-content\\\/uploads\\\/logo-club-original-copia.jpg\",\"width\":128,\"height\":89,\"caption\":\"Real Club Mar\u00edtimo de Melilla\"},\"image\":{\"@id\":\"https:\\\/\\\/www.realclubmaritimomelilla.es\\\/clmar\\\/#\\\/schema\\\/logo\\\/image\\\/\"},\"sameAs\":[\"https:\\\/\\\/www.facebook.com\\\/Real-Club-Mar\u00edtimo-de-Melilla-588495841234214\\\/\",\"https:\\\/\\\/x.com\\\/nauticarcmm\",\"https:\\\/\\\/www.instagram.com\\\/club_maritimo_melilla\\\/\",\"https:\\\/\\\/www.youtube.com\\\/@realclubmaritimodemelilla4703\",\"https:\\\/\\\/es.wikipedia.org\\\/wiki\\\/Real_Club_Mar\u00edtimo_de_Melilla\"]},{\"@type\":\"Person\",\"@id\":\"https:\\\/\\\/www.realclubmaritimomelilla.es\\\/clmar\\\/#\\\/schema\\\/person\\\/ebaa3713496dc6d48c872452e73a8e79\",\"name\":\"RCMMelilla\",\"image\":{\"@type\":\"ImageObject\",\"inLanguage\":\"es\",\"@id\":\"https:\\\/\\\/secure.gravatar.com\\\/avatar\\\/df1c24789360fb9308735c4ee556fc2bc5bf924bf01e53043b8b97ba272da33c?s=96&d=mm&r=g\",\"url\":\"https:\\\/\\\/secure.gravatar.com\\\/avatar\\\/df1c24789360fb9308735c4ee556fc2bc5bf924bf01e53043b8b97ba272da33c?s=96&d=mm&r=g\",\"contentUrl\":\"https:\\\/\\\/secure.gravatar.com\\\/avatar\\\/df1c24789360fb9308735c4ee556fc2bc5bf924bf01e53043b8b97ba272da33c?s=96&d=mm&r=g\",\"caption\":\"RCMMelilla\"}}]}<\/script>\n<!-- \/ Yoast SEO plugin. -->","yoast_head_json":{"title":"EL CLUB MAR\u00cdTIMO ENTREGA LOS PREMIOS DE LAS ACTIVIDADES DEPORTIVAS QUE HA REALIZADO ESTE VERANO - Real Club Mar\u00edtimo de Melilla","description":"EL CLUB MAR\u00cdTIMO ENTREGA LOS PREMIOS DE LAS ACTIVIDADES DEPORTIVAS QUE HA REALIZADO ESTE VERANO -","robots":{"index":"index","follow":"follow","max-snippet":"max-snippet:-1","max-image-preview":"max-image-preview:large","max-video-preview":"max-video-preview:-1"},"canonical":"https:\/\/www.realclubmaritimomelilla.es\/clmar\/el-club-maritimo-entrega-los-premios-de-las-actividades-deportivas-que-ha-realizado-este-verano\/","og_locale":"es_ES","og_type":"article","og_title":"EL CLUB MAR\u00cdTIMO ENTREGA LOS PREMIOS DE LAS ACTIVIDADES DEPORTIVAS QUE HA REALIZADO ESTE VERANO - Real Club Mar\u00edtimo de Melilla","og_description":"EL CLUB MAR\u00cdTIMO ENTREGA LOS PREMIOS DE LAS ACTIVIDADES DEPORTIVAS QUE HA REALIZADO ESTE VERANO -","og_url":"https:\/\/www.realclubmaritimomelilla.es\/clmar\/el-club-maritimo-entrega-los-premios-de-las-actividades-deportivas-que-ha-realizado-este-verano\/","og_site_name":"Real Club Mar\u00edtimo de Melilla","article_publisher":"https:\/\/www.facebook.com\/Real-Club-Mar%c3%adtimo-de-Melilla-588495841234214\/","article_published_time":"2023-09-09T16:45:23+00:00","article_modified_time":"2024-03-27T09:09:34+00:00","og_image":[{"width":640,"height":480,"url":"https:\/\/www.realclubmaritimomelilla.es\/clmar\/wp-content\/uploads\/FERIA-VELA-1o-snipe-recogen-sus-madres.jpg","type":"image\/jpeg"}],"author":"RCMMelilla","twitter_card":"summary_large_image","twitter_creator":"@nauticarcmm","twitter_site":"@nauticarcmm","twitter_misc":{"Escrito por":"RCMMelilla","Tiempo de lectura":"3 minutos"},"schema":{"@context":"https:\/\/schema.org","@graph":[{"@type":"Article","@id":"https:\/\/www.realclubmaritimomelilla.es\/clmar\/el-club-maritimo-entrega-los-premios-de-las-actividades-deportivas-que-ha-realizado-este-verano\/#article","isPartOf":{"@id":"https:\/\/www.realclubmaritimomelilla.es\/clmar\/el-club-maritimo-entrega-los-premios-de-las-actividades-deportivas-que-ha-realizado-este-verano\/"},"author":{"name":"RCMMelilla","@id":"https:\/\/www.realclubmaritimomelilla.es\/clmar\/#\/schema\/person\/ebaa3713496dc6d48c872452e73a8e79"},"headline":"EL CLUB MAR\u00cdTIMO ENTREGA LOS PREMIOS DE LAS ACTIVIDADES DEPORTIVAS QUE HA REALIZADO ESTE VERANO","datePublished":"2023-09-09T16:45:23+00:00","dateModified":"2024-03-27T09:09:34+00:00","mainEntityOfPage":{"@id":"https:\/\/www.realclubmaritimomelilla.es\/clmar\/el-club-maritimo-entrega-los-premios-de-las-actividades-deportivas-que-ha-realizado-este-verano\/"},"wordCount":650,"commentCount":0,"publisher":{"@id":"https:\/\/www.realclubmaritimomelilla.es\/clmar\/#organization"},"image":{"@id":"https:\/\/www.realclubmaritimomelilla.es\/clmar\/el-club-maritimo-entrega-los-premios-de-las-actividades-deportivas-que-ha-realizado-este-verano\/#primaryimage"},"thumbnailUrl":"https:\/\/www.realclubmaritimomelilla.es\/clmar\/wp-content\/uploads\/FERIA-VELA-1o-snipe-recogen-sus-madres.jpg","articleSection":["Club","Trofeos"],"inLanguage":"es","potentialAction":[{"@type":"CommentAction","name":"Comment","target":["https:\/\/www.realclubmaritimomelilla.es\/clmar\/el-club-maritimo-entrega-los-premios-de-las-actividades-deportivas-que-ha-realizado-este-verano\/#respond"]}]},{"@type":"WebPage","@id":"https:\/\/www.realclubmaritimomelilla.es\/clmar\/el-club-maritimo-entrega-los-premios-de-las-actividades-deportivas-que-ha-realizado-este-verano\/","url":"https:\/\/www.realclubmaritimomelilla.es\/clmar\/el-club-maritimo-entrega-los-premios-de-las-actividades-deportivas-que-ha-realizado-este-verano\/","name":"EL CLUB MAR\u00cdTIMO ENTREGA LOS PREMIOS DE LAS ACTIVIDADES DEPORTIVAS QUE HA REALIZADO ESTE VERANO - Real Club Mar\u00edtimo de Melilla","isPartOf":{"@id":"https:\/\/www.realclubmaritimomelilla.es\/clmar\/#website"},"primaryImageOfPage":{"@id":"https:\/\/www.realclubmaritimomelilla.es\/clmar\/el-club-maritimo-entrega-los-premios-de-las-actividades-deportivas-que-ha-realizado-este-verano\/#primaryimage"},"image":{"@id":"https:\/\/www.realclubmaritimomelilla.es\/clmar\/el-club-maritimo-entrega-los-premios-de-las-actividades-deportivas-que-ha-realizado-este-verano\/#primaryimage"},"thumbnailUrl":"https:\/\/www.realclubmaritimomelilla.es\/clmar\/wp-content\/uploads\/FERIA-VELA-1o-snipe-recogen-sus-madres.jpg","datePublished":"2023-09-09T16:45:23+00:00","dateModified":"2024-03-27T09:09:34+00:00","description":"EL CLUB MAR\u00cdTIMO ENTREGA LOS PREMIOS DE LAS ACTIVIDADES DEPORTIVAS QUE HA REALIZADO ESTE VERANO -","breadcrumb":{"@id":"https:\/\/www.realclubmaritimomelilla.es\/clmar\/el-club-maritimo-entrega-los-premios-de-las-actividades-deportivas-que-ha-realizado-este-verano\/#breadcrumb"},"inLanguage":"es","potentialAction":[{"@type":"ReadAction","target":["https:\/\/www.realclubmaritimomelilla.es\/clmar\/el-club-maritimo-entrega-los-premios-de-las-actividades-deportivas-que-ha-realizado-este-verano\/"]}]},{"@type":"ImageObject","inLanguage":"es","@id":"https:\/\/www.realclubmaritimomelilla.es\/clmar\/el-club-maritimo-entrega-los-premios-de-las-actividades-deportivas-que-ha-realizado-este-verano\/#primaryimage","url":"https:\/\/www.realclubmaritimomelilla.es\/clmar\/wp-content\/uploads\/FERIA-VELA-1o-snipe-recogen-sus-madres.jpg","contentUrl":"https:\/\/www.realclubmaritimomelilla.es\/clmar\/wp-content\/uploads\/FERIA-VELA-1o-snipe-recogen-sus-madres.jpg","width":640,"height":480},{"@type":"BreadcrumbList","@id":"https:\/\/www.realclubmaritimomelilla.es\/clmar\/el-club-maritimo-entrega-los-premios-de-las-actividades-deportivas-que-ha-realizado-este-verano\/#breadcrumb","itemListElement":[{"@type":"ListItem","position":1,"name":"Portada","item":"https:\/\/www.realclubmaritimomelilla.es\/clmar\/"},{"@type":"ListItem","position":2,"name":"EL CLUB MAR\u00cdTIMO ENTREGA LOS PREMIOS DE LAS ACTIVIDADES DEPORTIVAS QUE HA REALIZADO ESTE VERANO"}]},{"@type":"WebSite","@id":"https:\/\/www.realclubmaritimomelilla.es\/clmar\/#website","url":"https:\/\/www.realclubmaritimomelilla.es\/clmar\/","name":"Real Club Mar\u00edtimo de Melilla","description":"RCMM","publisher":{"@id":"https:\/\/www.realclubmaritimomelilla.es\/clmar\/#organization"},"alternateName":"RCMM","potentialAction":[{"@type":"SearchAction","target":{"@type":"EntryPoint","urlTemplate":"https:\/\/www.realclubmaritimomelilla.es\/clmar\/?s={search_term_string}"},"query-input":{"@type":"PropertyValueSpecification","valueRequired":true,"valueName":"search_term_string"}}],"inLanguage":"es"},{"@type":"Organization","@id":"https:\/\/www.realclubmaritimomelilla.es\/clmar\/#organization","name":"Real Club Mar\u00edtimo de Melilla","alternateName":"RCMM","url":"https:\/\/www.realclubmaritimomelilla.es\/clmar\/","logo":{"@type":"ImageObject","inLanguage":"es","@id":"https:\/\/www.realclubmaritimomelilla.es\/clmar\/#\/schema\/logo\/image\/","url":"https:\/\/www.realclubmaritimomelilla.es\/clmar\/wp-content\/uploads\/logo-club-original-copia.jpg","contentUrl":"https:\/\/www.realclubmaritimomelilla.es\/clmar\/wp-content\/uploads\/logo-club-original-copia.jpg","width":128,"height":89,"caption":"Real Club Mar\u00edtimo de Melilla"},"image":{"@id":"https:\/\/www.realclubmaritimomelilla.es\/clmar\/#\/schema\/logo\/image\/"},"sameAs":["https:\/\/www.facebook.com\/Real-Club-Mar\u00edtimo-de-Melilla-588495841234214\/","https:\/\/x.com\/nauticarcmm","https:\/\/www.instagram.com\/club_maritimo_melilla\/","https:\/\/www.youtube.com\/@realclubmaritimodemelilla4703","https:\/\/es.wikipedia.org\/wiki\/Real_Club_Mar\u00edtimo_de_Melilla"]},{"@type":"Person","@id":"https:\/\/www.realclubmaritimomelilla.es\/clmar\/#\/schema\/person\/ebaa3713496dc6d48c872452e73a8e79","name":"RCMMelilla","image":{"@type":"ImageObject","inLanguage":"es","@id":"https:\/\/secure.gravatar.com\/avatar\/df1c24789360fb9308735c4ee556fc2bc5bf924bf01e53043b8b97ba272da33c?s=96&d=mm&r=g","url":"https:\/\/secure.gravatar.com\/avatar\/df1c24789360fb9308735c4ee556fc2bc5bf924bf01e53043b8b97ba272da33c?s=96&d=mm&r=g","contentUrl":"https:\/\/secure.gravatar.com\/avatar\/df1c24789360fb9308735c4ee556fc2bc5bf924bf01e53043b8b97ba272da33c?s=96&d=mm&r=g","caption":"RCMMelilla"}}]}},"_links":{"self":[{"href":"https:\/\/www.realclubmaritimomelilla.es\/clmar\/wp-json\/wp\/v2\/posts\/21407","targetHints":{"allow":["GET"]}}],"collection":[{"href":"https:\/\/www.realclubmaritimomelilla.es\/clmar\/wp-json\/wp\/v2\/posts"}],"about":[{"href":"https:\/\/www.realclubmaritimomelilla.es\/clmar\/wp-json\/wp\/v2\/types\/post"}],"author":[{"embeddable":true,"href":"https:\/\/www.realclubmaritimomelilla.es\/clmar\/wp-json\/wp\/v2\/users\/1"}],"replies":[{"embeddable":true,"href":"https:\/\/www.realclubmaritimomelilla.es\/clmar\/wp-json\/wp\/v2\/comments?post=21407"}],"version-history":[{"count":2,"href":"https:\/\/www.realclubmaritimomelilla.es\/clmar\/wp-json\/wp\/v2\/posts\/21407\/revisions"}],"predecessor-version":[{"id":21449,"href":"https:\/\/www.realclubmaritimomelilla.es\/clmar\/wp-json\/wp\/v2\/posts\/21407\/revisions\/21449"}],"wp:featuredmedia":[{"embeddable":true,"href":"https:\/\/www.realclubmaritimomelilla.es\/clmar\/wp-json\/wp\/v2\/media\/21439"}],"wp:attachment":[{"href":"https:\/\/www.realclubmaritimomelilla.es\/clmar\/wp-json\/wp\/v2\/media?parent=21407"}],"wp:term":[{"taxonomy":"category","embeddable":true,"href":"https:\/\/www.realclubmaritimomelilla.es\/clmar\/wp-json\/wp\/v2\/categories?post=21407"},{"taxonomy":"post_tag","embeddable":true,"href":"https:\/\/www.realclubmaritimomelilla.es\/clmar\/wp-json\/wp\/v2\/tags?post=21407"}],"curies":[{"name":"wp","href":"https:\/\/api.w.org\/{rel}","templated":true}]}}