{"id":21365,"date":"2023-09-09T17:55:45","date_gmt":"2023-09-09T15:55:45","guid":{"rendered":"https:\/\/www.realclubmaritimomelilla.es\/clmar\/?p=21365"},"modified":"2024-03-27T10:10:03","modified_gmt":"2024-03-27T09:10:03","slug":"raul-guitart-y-alfonso-montero-ganan-el-24o-concurso-de-paellas-de-feria-en-el-real-club-maritimo","status":"publish","type":"post","link":"https:\/\/www.realclubmaritimomelilla.es\/clmar\/raul-guitart-y-alfonso-montero-ganan-el-24o-concurso-de-paellas-de-feria-en-el-real-club-maritimo\/","title":{"rendered":"RAUL GUITART Y ALFONSO MONTERO GANAN EL 24\u00ba CONCURSO DE PAELLAS DE FERIA EN EL REAL CLUB MAR\u00cdTIMO"},"content":{"rendered":"<p>Ra\u00fal Guitart, en la modalidad de Sabor, y Alfonso Montero, en la categor\u00eda de Dificultad y Presentaci\u00f3n, \u00a0han conseguido el primer puesto en el concurso de paellas celebrado este s\u00e1bado en el Real Club Mar\u00edtimo de Melilla, que alcanzaba su vig\u00e9simo cuarta edici\u00f3n con m\u00e1s de un millar de participantes.<\/p>\n<p>El concurso de paellas ha sido la \u00faltima actividad organizada por el Real Club Mar\u00edtimo durante estas Fiestas Patronales, que ha contado tambi\u00e9n con la degustaci\u00f3n de una gran paella para m\u00e1s de cuatrocientas personas y la actuaci\u00f3n del grupo local \u2018Los Soniketes\u2019.<\/p>\n<p>Los participantes han tenido tres horas para preparar sus platos, antes de que el jurado puntuase cada paella.<\/p>\n<p>Una competici\u00f3n gastron\u00f3mica que a\u00f1o a a\u00f1o se supera. En esta edici\u00f3n, el n\u00famero de participantes ha sido de treinta equipos gastron\u00f3micos, siendo m\u00e1s de mil doscientas personas las que este s\u00e1bado han podido degustar paella en las instalaciones del Club Mar\u00edtimo.<\/p>\n<p>Los participantes han competido en dos modalidades distintas &#8220;Sabor&#8221; y &#8220;Dificultad y Presentaci\u00f3n&#8221;, reparti\u00e9ndose cuatro premios en cada categor\u00eda.<\/p>\n<p>Raul Guitart ha ganado en la modalidad de &#8220;Sabor&#8221; por delante de Epifanio C\u00e1tedra, Juan Luis Ruano y Jos\u00e9 Luis Madolell.<\/p>\n<p>Mientras que Alfonso Montero ha alcanzado el primer puesto en la categor\u00eda de &#8220;Dificultad y Presentaci\u00f3n&#8221;. Carlos Reguero, Pl\u00e1cido Jim\u00e9nez y Pablo Rivas han logrado el resto de premios de esta categor\u00eda.<\/p>\n<p>Al margen de las paellas que se presentaron al concurso, el propio Real Club Mar\u00edtimo elabor\u00f3 una gran paella, para invitar a almorzar a sus socios e invitados, en una jornada festiva, que ha sido todo un \u00e9xito dado el elevado n\u00famero de participantes.<\/p>\n<p>La celebraci\u00f3n ha continuado con las canciones del grupo \u2018Los Soniketes\u2019 quienes han marcado el ritmo de una fiesta que se ha prolongado durante toda la tarde.<\/p>\n\n\t\t<style type=\"text\/css\">\n\t\t\t#gallery-1 {\n\t\t\t\tmargin: auto;\n\t\t\t}\n\t\t\t#gallery-1 .gallery-item {\n\t\t\t\tfloat: left;\n\t\t\t\tmargin-top: 10px;\n\t\t\t\ttext-align: center;\n\t\t\t\twidth: 33%;\n\t\t\t}\n\t\t\t#gallery-1 img {\n\t\t\t\tborder: 2px solid #cfcfcf;\n\t\t\t}\n\t\t\t#gallery-1 .gallery-caption {\n\t\t\t\tmargin-left: 0;\n\t\t\t}\n\t\t\t\/* see gallery_shortcode() in wp-includes\/media.php *\/\n\t\t<\/style>\n\t\t<div id='gallery-1' class='gallery galleryid-21365 gallery-columns-3 gallery-size-full'><dl class='gallery-item'>\n\t\t\t<dt class='gallery-icon landscape'>\n\t\t\t\t<a data-rel=\"iLightbox[postimages]\" data-title=\"1\u00ba DIFICULTAD Y PRESENTACI\u00d3N Alfonso Montero\" data-caption=\"\" href='https:\/\/www.realclubmaritimomelilla.es\/clmar\/raul-guitart-y-alfonso-montero-ganan-el-24o-concurso-de-paellas-de-feria-en-el-real-club-maritimo\/1o-dificultad-y-presentacion-alfonso-montero\/'><img decoding=\"async\" width=\"2016\" height=\"1512\" src=\"https:\/\/www.realclubmaritimomelilla.es\/clmar\/wp-content\/uploads\/1o-DIFICULTAD-Y-PRESENTACION-Alfonso-Montero.jpg\" class=\"attachment-full size-full\" alt=\"\" srcset=\"https:\/\/www.realclubmaritimomelilla.es\/clmar\/wp-content\/uploads\/1o-DIFICULTAD-Y-PRESENTACION-Alfonso-Montero-200x150.jpg 200w, https:\/\/www.realclubmaritimomelilla.es\/clmar\/wp-content\/uploads\/1o-DIFICULTAD-Y-PRESENTACION-Alfonso-Montero-300x225.jpg 300w, https:\/\/www.realclubmaritimomelilla.es\/clmar\/wp-content\/uploads\/1o-DIFICULTAD-Y-PRESENTACION-Alfonso-Montero-400x300.jpg 400w, https:\/\/www.realclubmaritimomelilla.es\/clmar\/wp-content\/uploads\/1o-DIFICULTAD-Y-PRESENTACION-Alfonso-Montero-600x450.jpg 600w, https:\/\/www.realclubmaritimomelilla.es\/clmar\/wp-content\/uploads\/1o-DIFICULTAD-Y-PRESENTACION-Alfonso-Montero-768x576.jpg 768w, https:\/\/www.realclubmaritimomelilla.es\/clmar\/wp-content\/uploads\/1o-DIFICULTAD-Y-PRESENTACION-Alfonso-Montero-800x600.jpg 800w, https:\/\/www.realclubmaritimomelilla.es\/clmar\/wp-content\/uploads\/1o-DIFICULTAD-Y-PRESENTACION-Alfonso-Montero-1024x768.jpg 1024w, https:\/\/www.realclubmaritimomelilla.es\/clmar\/wp-content\/uploads\/1o-DIFICULTAD-Y-PRESENTACION-Alfonso-Montero-1200x900.jpg 1200w, https:\/\/www.realclubmaritimomelilla.es\/clmar\/wp-content\/uploads\/1o-DIFICULTAD-Y-PRESENTACION-Alfonso-Montero-1536x1152.jpg 1536w, https:\/\/www.realclubmaritimomelilla.es\/clmar\/wp-content\/uploads\/1o-DIFICULTAD-Y-PRESENTACION-Alfonso-Montero.jpg 2016w\" sizes=\"(max-width: 2016px) 100vw, 2016px\" \/><\/a>\n\t\t\t<\/dt><\/dl><dl class='gallery-item'>\n\t\t\t<dt class='gallery-icon landscape'>\n\t\t\t\t<a data-rel=\"iLightbox[postimages]\" data-title=\"1\u00ba SABOR Ra\u00fal Guitart\" data-caption=\"\" href='https:\/\/www.realclubmaritimomelilla.es\/clmar\/raul-guitart-y-alfonso-montero-ganan-el-24o-concurso-de-paellas-de-feria-en-el-real-club-maritimo\/1o-sabor-raul-guitart\/'><img decoding=\"async\" width=\"2016\" height=\"1512\" src=\"https:\/\/www.realclubmaritimomelilla.es\/clmar\/wp-content\/uploads\/1o-SABOR-Raul-Guitart.jpg\" class=\"attachment-full size-full\" alt=\"\" srcset=\"https:\/\/www.realclubmaritimomelilla.es\/clmar\/wp-content\/uploads\/1o-SABOR-Raul-Guitart-200x150.jpg 200w, https:\/\/www.realclubmaritimomelilla.es\/clmar\/wp-content\/uploads\/1o-SABOR-Raul-Guitart-300x225.jpg 300w, https:\/\/www.realclubmaritimomelilla.es\/clmar\/wp-content\/uploads\/1o-SABOR-Raul-Guitart-400x300.jpg 400w, https:\/\/www.realclubmaritimomelilla.es\/clmar\/wp-content\/uploads\/1o-SABOR-Raul-Guitart-600x450.jpg 600w, https:\/\/www.realclubmaritimomelilla.es\/clmar\/wp-content\/uploads\/1o-SABOR-Raul-Guitart-768x576.jpg 768w, https:\/\/www.realclubmaritimomelilla.es\/clmar\/wp-content\/uploads\/1o-SABOR-Raul-Guitart-800x600.jpg 800w, https:\/\/www.realclubmaritimomelilla.es\/clmar\/wp-content\/uploads\/1o-SABOR-Raul-Guitart-1024x768.jpg 1024w, https:\/\/www.realclubmaritimomelilla.es\/clmar\/wp-content\/uploads\/1o-SABOR-Raul-Guitart-1200x900.jpg 1200w, https:\/\/www.realclubmaritimomelilla.es\/clmar\/wp-content\/uploads\/1o-SABOR-Raul-Guitart-1536x1152.jpg 1536w, https:\/\/www.realclubmaritimomelilla.es\/clmar\/wp-content\/uploads\/1o-SABOR-Raul-Guitart.jpg 2016w\" sizes=\"(max-width: 2016px) 100vw, 2016px\" \/><\/a>\n\t\t\t<\/dt><\/dl><dl class='gallery-item'>\n\t\t\t<dt class='gallery-icon landscape'>\n\t\t\t\t<a data-rel=\"iLightbox[postimages]\" data-title=\"2\u00ba DIFICULTAD Y PRESENTACI\u00d3N Carlos Reguero\" data-caption=\"\" href='https:\/\/www.realclubmaritimomelilla.es\/clmar\/raul-guitart-y-alfonso-montero-ganan-el-24o-concurso-de-paellas-de-feria-en-el-real-club-maritimo\/2o-dificultad-y-presentacion-carlos-reguero\/'><img decoding=\"async\" width=\"2016\" height=\"1512\" src=\"https:\/\/www.realclubmaritimomelilla.es\/clmar\/wp-content\/uploads\/2o-DIFICULTAD-Y-PRESENTACION-Carlos-Reguero.jpg\" class=\"attachment-full size-full\" alt=\"\" srcset=\"https:\/\/www.realclubmaritimomelilla.es\/clmar\/wp-content\/uploads\/2o-DIFICULTAD-Y-PRESENTACION-Carlos-Reguero-200x150.jpg 200w, https:\/\/www.realclubmaritimomelilla.es\/clmar\/wp-content\/uploads\/2o-DIFICULTAD-Y-PRESENTACION-Carlos-Reguero-300x225.jpg 300w, https:\/\/www.realclubmaritimomelilla.es\/clmar\/wp-content\/uploads\/2o-DIFICULTAD-Y-PRESENTACION-Carlos-Reguero-400x300.jpg 400w, https:\/\/www.realclubmaritimomelilla.es\/clmar\/wp-content\/uploads\/2o-DIFICULTAD-Y-PRESENTACION-Carlos-Reguero-600x450.jpg 600w, https:\/\/www.realclubmaritimomelilla.es\/clmar\/wp-content\/uploads\/2o-DIFICULTAD-Y-PRESENTACION-Carlos-Reguero-768x576.jpg 768w, https:\/\/www.realclubmaritimomelilla.es\/clmar\/wp-content\/uploads\/2o-DIFICULTAD-Y-PRESENTACION-Carlos-Reguero-800x600.jpg 800w, https:\/\/www.realclubmaritimomelilla.es\/clmar\/wp-content\/uploads\/2o-DIFICULTAD-Y-PRESENTACION-Carlos-Reguero-1024x768.jpg 1024w, https:\/\/www.realclubmaritimomelilla.es\/clmar\/wp-content\/uploads\/2o-DIFICULTAD-Y-PRESENTACION-Carlos-Reguero-1200x900.jpg 1200w, https:\/\/www.realclubmaritimomelilla.es\/clmar\/wp-content\/uploads\/2o-DIFICULTAD-Y-PRESENTACION-Carlos-Reguero-1536x1152.jpg 1536w, https:\/\/www.realclubmaritimomelilla.es\/clmar\/wp-content\/uploads\/2o-DIFICULTAD-Y-PRESENTACION-Carlos-Reguero.jpg 2016w\" sizes=\"(max-width: 2016px) 100vw, 2016px\" \/><\/a>\n\t\t\t<\/dt><\/dl><br style=\"clear: both\" \/><dl class='gallery-item'>\n\t\t\t<dt class='gallery-icon landscape'>\n\t\t\t\t<a data-rel=\"iLightbox[postimages]\" data-title=\"2\u00ba SABOR Epifanio C\u00e1tedra\" data-caption=\"\" href='https:\/\/www.realclubmaritimomelilla.es\/clmar\/raul-guitart-y-alfonso-montero-ganan-el-24o-concurso-de-paellas-de-feria-en-el-real-club-maritimo\/2o-sabor-epifanio-catedra\/'><img decoding=\"async\" width=\"2016\" height=\"1512\" src=\"https:\/\/www.realclubmaritimomelilla.es\/clmar\/wp-content\/uploads\/2o-SABOR-Epifanio-Catedra.jpg\" class=\"attachment-full size-full\" alt=\"\" srcset=\"https:\/\/www.realclubmaritimomelilla.es\/clmar\/wp-content\/uploads\/2o-SABOR-Epifanio-Catedra-200x150.jpg 200w, https:\/\/www.realclubmaritimomelilla.es\/clmar\/wp-content\/uploads\/2o-SABOR-Epifanio-Catedra-300x225.jpg 300w, https:\/\/www.realclubmaritimomelilla.es\/clmar\/wp-content\/uploads\/2o-SABOR-Epifanio-Catedra-400x300.jpg 400w, https:\/\/www.realclubmaritimomelilla.es\/clmar\/wp-content\/uploads\/2o-SABOR-Epifanio-Catedra-600x450.jpg 600w, https:\/\/www.realclubmaritimomelilla.es\/clmar\/wp-content\/uploads\/2o-SABOR-Epifanio-Catedra-768x576.jpg 768w, https:\/\/www.realclubmaritimomelilla.es\/clmar\/wp-content\/uploads\/2o-SABOR-Epifanio-Catedra-800x600.jpg 800w, https:\/\/www.realclubmaritimomelilla.es\/clmar\/wp-content\/uploads\/2o-SABOR-Epifanio-Catedra-1024x768.jpg 1024w, https:\/\/www.realclubmaritimomelilla.es\/clmar\/wp-content\/uploads\/2o-SABOR-Epifanio-Catedra-1200x900.jpg 1200w, https:\/\/www.realclubmaritimomelilla.es\/clmar\/wp-content\/uploads\/2o-SABOR-Epifanio-Catedra-1536x1152.jpg 1536w, https:\/\/www.realclubmaritimomelilla.es\/clmar\/wp-content\/uploads\/2o-SABOR-Epifanio-Catedra.jpg 2016w\" sizes=\"(max-width: 2016px) 100vw, 2016px\" \/><\/a>\n\t\t\t<\/dt><\/dl><dl class='gallery-item'>\n\t\t\t<dt class='gallery-icon landscape'>\n\t\t\t\t<a data-rel=\"iLightbox[postimages]\" data-title=\"3\u00ba DIFICULTAD Y PRESENTACI\u00d3N Pl\u00e1cido Jim\u00e9nez\" data-caption=\"\" href='https:\/\/www.realclubmaritimomelilla.es\/clmar\/raul-guitart-y-alfonso-montero-ganan-el-24o-concurso-de-paellas-de-feria-en-el-real-club-maritimo\/3o-dificultad-y-presentacion-placido-jimenez\/'><img decoding=\"async\" width=\"2016\" height=\"1512\" src=\"https:\/\/www.realclubmaritimomelilla.es\/clmar\/wp-content\/uploads\/3o-DIFICULTAD-Y-PRESENTACION-Placido-Jimenez.jpg\" class=\"attachment-full size-full\" alt=\"\" srcset=\"https:\/\/www.realclubmaritimomelilla.es\/clmar\/wp-content\/uploads\/3o-DIFICULTAD-Y-PRESENTACION-Placido-Jimenez-200x150.jpg 200w, https:\/\/www.realclubmaritimomelilla.es\/clmar\/wp-content\/uploads\/3o-DIFICULTAD-Y-PRESENTACION-Placido-Jimenez-300x225.jpg 300w, https:\/\/www.realclubmaritimomelilla.es\/clmar\/wp-content\/uploads\/3o-DIFICULTAD-Y-PRESENTACION-Placido-Jimenez-400x300.jpg 400w, https:\/\/www.realclubmaritimomelilla.es\/clmar\/wp-content\/uploads\/3o-DIFICULTAD-Y-PRESENTACION-Placido-Jimenez-600x450.jpg 600w, https:\/\/www.realclubmaritimomelilla.es\/clmar\/wp-content\/uploads\/3o-DIFICULTAD-Y-PRESENTACION-Placido-Jimenez-768x576.jpg 768w, https:\/\/www.realclubmaritimomelilla.es\/clmar\/wp-content\/uploads\/3o-DIFICULTAD-Y-PRESENTACION-Placido-Jimenez-800x600.jpg 800w, https:\/\/www.realclubmaritimomelilla.es\/clmar\/wp-content\/uploads\/3o-DIFICULTAD-Y-PRESENTACION-Placido-Jimenez-1024x768.jpg 1024w, https:\/\/www.realclubmaritimomelilla.es\/clmar\/wp-content\/uploads\/3o-DIFICULTAD-Y-PRESENTACION-Placido-Jimenez-1200x900.jpg 1200w, https:\/\/www.realclubmaritimomelilla.es\/clmar\/wp-content\/uploads\/3o-DIFICULTAD-Y-PRESENTACION-Placido-Jimenez-1536x1152.jpg 1536w, https:\/\/www.realclubmaritimomelilla.es\/clmar\/wp-content\/uploads\/3o-DIFICULTAD-Y-PRESENTACION-Placido-Jimenez.jpg 2016w\" sizes=\"(max-width: 2016px) 100vw, 2016px\" \/><\/a>\n\t\t\t<\/dt><\/dl><dl class='gallery-item'>\n\t\t\t<dt class='gallery-icon landscape'>\n\t\t\t\t<a data-rel=\"iLightbox[postimages]\" data-title=\"3\u00ba SABOR Juan Luis Ruano\" data-caption=\"\" href='https:\/\/www.realclubmaritimomelilla.es\/clmar\/raul-guitart-y-alfonso-montero-ganan-el-24o-concurso-de-paellas-de-feria-en-el-real-club-maritimo\/3o-sabor-juan-luis-ruano\/'><img decoding=\"async\" width=\"2016\" height=\"1512\" src=\"https:\/\/www.realclubmaritimomelilla.es\/clmar\/wp-content\/uploads\/3o-SABOR-Juan-Luis-Ruano.jpg\" class=\"attachment-full size-full\" alt=\"\" srcset=\"https:\/\/www.realclubmaritimomelilla.es\/clmar\/wp-content\/uploads\/3o-SABOR-Juan-Luis-Ruano-200x150.jpg 200w, https:\/\/www.realclubmaritimomelilla.es\/clmar\/wp-content\/uploads\/3o-SABOR-Juan-Luis-Ruano-300x225.jpg 300w, https:\/\/www.realclubmaritimomelilla.es\/clmar\/wp-content\/uploads\/3o-SABOR-Juan-Luis-Ruano-400x300.jpg 400w, https:\/\/www.realclubmaritimomelilla.es\/clmar\/wp-content\/uploads\/3o-SABOR-Juan-Luis-Ruano-600x450.jpg 600w, https:\/\/www.realclubmaritimomelilla.es\/clmar\/wp-content\/uploads\/3o-SABOR-Juan-Luis-Ruano-768x576.jpg 768w, https:\/\/www.realclubmaritimomelilla.es\/clmar\/wp-content\/uploads\/3o-SABOR-Juan-Luis-Ruano-800x600.jpg 800w, https:\/\/www.realclubmaritimomelilla.es\/clmar\/wp-content\/uploads\/3o-SABOR-Juan-Luis-Ruano-1024x768.jpg 1024w, https:\/\/www.realclubmaritimomelilla.es\/clmar\/wp-content\/uploads\/3o-SABOR-Juan-Luis-Ruano-1200x900.jpg 1200w, https:\/\/www.realclubmaritimomelilla.es\/clmar\/wp-content\/uploads\/3o-SABOR-Juan-Luis-Ruano-1536x1152.jpg 1536w, https:\/\/www.realclubmaritimomelilla.es\/clmar\/wp-content\/uploads\/3o-SABOR-Juan-Luis-Ruano.jpg 2016w\" sizes=\"(max-width: 2016px) 100vw, 2016px\" \/><\/a>\n\t\t\t<\/dt><\/dl><br style=\"clear: both\" \/><dl class='gallery-item'>\n\t\t\t<dt class='gallery-icon landscape'>\n\t\t\t\t<a data-rel=\"iLightbox[postimages]\" data-title=\"4\u00ba DIFICULTAD Y PRESENTACI\u00d3N Pablo Rivas\" data-caption=\"\" href='https:\/\/www.realclubmaritimomelilla.es\/clmar\/raul-guitart-y-alfonso-montero-ganan-el-24o-concurso-de-paellas-de-feria-en-el-real-club-maritimo\/4o-dificultad-y-presentacion-pablo-rivas\/'><img decoding=\"async\" width=\"2016\" height=\"1512\" src=\"https:\/\/www.realclubmaritimomelilla.es\/clmar\/wp-content\/uploads\/4o-DIFICULTAD-Y-PRESENTACION-Pablo-Rivas.jpg\" class=\"attachment-full size-full\" alt=\"\" srcset=\"https:\/\/www.realclubmaritimomelilla.es\/clmar\/wp-content\/uploads\/4o-DIFICULTAD-Y-PRESENTACION-Pablo-Rivas-200x150.jpg 200w, https:\/\/www.realclubmaritimomelilla.es\/clmar\/wp-content\/uploads\/4o-DIFICULTAD-Y-PRESENTACION-Pablo-Rivas-300x225.jpg 300w, https:\/\/www.realclubmaritimomelilla.es\/clmar\/wp-content\/uploads\/4o-DIFICULTAD-Y-PRESENTACION-Pablo-Rivas-400x300.jpg 400w, https:\/\/www.realclubmaritimomelilla.es\/clmar\/wp-content\/uploads\/4o-DIFICULTAD-Y-PRESENTACION-Pablo-Rivas-600x450.jpg 600w, https:\/\/www.realclubmaritimomelilla.es\/clmar\/wp-content\/uploads\/4o-DIFICULTAD-Y-PRESENTACION-Pablo-Rivas-768x576.jpg 768w, https:\/\/www.realclubmaritimomelilla.es\/clmar\/wp-content\/uploads\/4o-DIFICULTAD-Y-PRESENTACION-Pablo-Rivas-800x600.jpg 800w, https:\/\/www.realclubmaritimomelilla.es\/clmar\/wp-content\/uploads\/4o-DIFICULTAD-Y-PRESENTACION-Pablo-Rivas-1024x768.jpg 1024w, https:\/\/www.realclubmaritimomelilla.es\/clmar\/wp-content\/uploads\/4o-DIFICULTAD-Y-PRESENTACION-Pablo-Rivas-1200x900.jpg 1200w, https:\/\/www.realclubmaritimomelilla.es\/clmar\/wp-content\/uploads\/4o-DIFICULTAD-Y-PRESENTACION-Pablo-Rivas-1536x1152.jpg 1536w, https:\/\/www.realclubmaritimomelilla.es\/clmar\/wp-content\/uploads\/4o-DIFICULTAD-Y-PRESENTACION-Pablo-Rivas.jpg 2016w\" sizes=\"(max-width: 2016px) 100vw, 2016px\" \/><\/a>\n\t\t\t<\/dt><\/dl><dl class='gallery-item'>\n\t\t\t<dt class='gallery-icon landscape'>\n\t\t\t\t<a data-rel=\"iLightbox[postimages]\" data-title=\"4\u00ba SABOR Jos\u00e9 Luis Madolell\" data-caption=\"\" href='https:\/\/www.realclubmaritimomelilla.es\/clmar\/raul-guitart-y-alfonso-montero-ganan-el-24o-concurso-de-paellas-de-feria-en-el-real-club-maritimo\/4o-sabor-jose-luis-madolell\/'><img decoding=\"async\" width=\"2016\" height=\"1512\" src=\"https:\/\/www.realclubmaritimomelilla.es\/clmar\/wp-content\/uploads\/4o-SABOR-Jose-Luis-Madolell.jpg\" class=\"attachment-full size-full\" alt=\"\" srcset=\"https:\/\/www.realclubmaritimomelilla.es\/clmar\/wp-content\/uploads\/4o-SABOR-Jose-Luis-Madolell-200x150.jpg 200w, https:\/\/www.realclubmaritimomelilla.es\/clmar\/wp-content\/uploads\/4o-SABOR-Jose-Luis-Madolell-300x225.jpg 300w, https:\/\/www.realclubmaritimomelilla.es\/clmar\/wp-content\/uploads\/4o-SABOR-Jose-Luis-Madolell-400x300.jpg 400w, https:\/\/www.realclubmaritimomelilla.es\/clmar\/wp-content\/uploads\/4o-SABOR-Jose-Luis-Madolell-600x450.jpg 600w, https:\/\/www.realclubmaritimomelilla.es\/clmar\/wp-content\/uploads\/4o-SABOR-Jose-Luis-Madolell-768x576.jpg 768w, https:\/\/www.realclubmaritimomelilla.es\/clmar\/wp-content\/uploads\/4o-SABOR-Jose-Luis-Madolell-800x600.jpg 800w, https:\/\/www.realclubmaritimomelilla.es\/clmar\/wp-content\/uploads\/4o-SABOR-Jose-Luis-Madolell-1024x768.jpg 1024w, https:\/\/www.realclubmaritimomelilla.es\/clmar\/wp-content\/uploads\/4o-SABOR-Jose-Luis-Madolell-1200x900.jpg 1200w, https:\/\/www.realclubmaritimomelilla.es\/clmar\/wp-content\/uploads\/4o-SABOR-Jose-Luis-Madolell-1536x1152.jpg 1536w, https:\/\/www.realclubmaritimomelilla.es\/clmar\/wp-content\/uploads\/4o-SABOR-Jose-Luis-Madolell.jpg 2016w\" sizes=\"(max-width: 2016px) 100vw, 2016px\" \/><\/a>\n\t\t\t<\/dt><\/dl><dl class='gallery-item'>\n\t\t\t<dt class='gallery-icon landscape'>\n\t\t\t\t<a data-rel=\"iLightbox[postimages]\" data-title=\"Ambiente\" data-caption=\"\" href='https:\/\/www.realclubmaritimomelilla.es\/clmar\/raul-guitart-y-alfonso-montero-ganan-el-24o-concurso-de-paellas-de-feria-en-el-real-club-maritimo\/ambiente-3\/'><img decoding=\"async\" width=\"640\" height=\"480\" src=\"https:\/\/www.realclubmaritimomelilla.es\/clmar\/wp-content\/uploads\/Ambiente.jpg\" class=\"attachment-full size-full\" alt=\"\" srcset=\"https:\/\/www.realclubmaritimomelilla.es\/clmar\/wp-content\/uploads\/Ambiente-200x150.jpg 200w, https:\/\/www.realclubmaritimomelilla.es\/clmar\/wp-content\/uploads\/Ambiente-300x225.jpg 300w, https:\/\/www.realclubmaritimomelilla.es\/clmar\/wp-content\/uploads\/Ambiente-400x300.jpg 400w, https:\/\/www.realclubmaritimomelilla.es\/clmar\/wp-content\/uploads\/Ambiente-600x450.jpg 600w, https:\/\/www.realclubmaritimomelilla.es\/clmar\/wp-content\/uploads\/Ambiente.jpg 640w\" sizes=\"(max-width: 640px) 100vw, 640px\" \/><\/a>\n\t\t\t<\/dt><\/dl><br style=\"clear: both\" \/><dl class='gallery-item'>\n\t\t\t<dt class='gallery-icon landscape'>\n\t\t\t\t<a data-rel=\"iLightbox[postimages]\" data-title=\"Ambiente2\" data-caption=\"\" href='https:\/\/www.realclubmaritimomelilla.es\/clmar\/raul-guitart-y-alfonso-montero-ganan-el-24o-concurso-de-paellas-de-feria-en-el-real-club-maritimo\/ambiente2-2\/'><img decoding=\"async\" width=\"2016\" height=\"1512\" src=\"https:\/\/www.realclubmaritimomelilla.es\/clmar\/wp-content\/uploads\/Ambiente2.jpg\" class=\"attachment-full size-full\" alt=\"\" srcset=\"https:\/\/www.realclubmaritimomelilla.es\/clmar\/wp-content\/uploads\/Ambiente2-200x150.jpg 200w, https:\/\/www.realclubmaritimomelilla.es\/clmar\/wp-content\/uploads\/Ambiente2-300x225.jpg 300w, https:\/\/www.realclubmaritimomelilla.es\/clmar\/wp-content\/uploads\/Ambiente2-400x300.jpg 400w, https:\/\/www.realclubmaritimomelilla.es\/clmar\/wp-content\/uploads\/Ambiente2-600x450.jpg 600w, https:\/\/www.realclubmaritimomelilla.es\/clmar\/wp-content\/uploads\/Ambiente2-768x576.jpg 768w, https:\/\/www.realclubmaritimomelilla.es\/clmar\/wp-content\/uploads\/Ambiente2-800x600.jpg 800w, https:\/\/www.realclubmaritimomelilla.es\/clmar\/wp-content\/uploads\/Ambiente2-1024x768.jpg 1024w, https:\/\/www.realclubmaritimomelilla.es\/clmar\/wp-content\/uploads\/Ambiente2-1200x900.jpg 1200w, https:\/\/www.realclubmaritimomelilla.es\/clmar\/wp-content\/uploads\/Ambiente2-1536x1152.jpg 1536w, https:\/\/www.realclubmaritimomelilla.es\/clmar\/wp-content\/uploads\/Ambiente2.jpg 2016w\" sizes=\"(max-width: 2016px) 100vw, 2016px\" \/><\/a>\n\t\t\t<\/dt><\/dl><dl class='gallery-item'>\n\t\t\t<dt class='gallery-icon landscape'>\n\t\t\t\t<a data-rel=\"iLightbox[postimages]\" data-title=\"Ambiente3\" data-caption=\"\" href='https:\/\/www.realclubmaritimomelilla.es\/clmar\/raul-guitart-y-alfonso-montero-ganan-el-24o-concurso-de-paellas-de-feria-en-el-real-club-maritimo\/ambiente3\/'><img decoding=\"async\" width=\"2016\" height=\"1512\" src=\"https:\/\/www.realclubmaritimomelilla.es\/clmar\/wp-content\/uploads\/Ambiente3.jpg\" class=\"attachment-full size-full\" alt=\"\" srcset=\"https:\/\/www.realclubmaritimomelilla.es\/clmar\/wp-content\/uploads\/Ambiente3-200x150.jpg 200w, https:\/\/www.realclubmaritimomelilla.es\/clmar\/wp-content\/uploads\/Ambiente3-300x225.jpg 300w, https:\/\/www.realclubmaritimomelilla.es\/clmar\/wp-content\/uploads\/Ambiente3-400x300.jpg 400w, https:\/\/www.realclubmaritimomelilla.es\/clmar\/wp-content\/uploads\/Ambiente3-600x450.jpg 600w, https:\/\/www.realclubmaritimomelilla.es\/clmar\/wp-content\/uploads\/Ambiente3-768x576.jpg 768w, https:\/\/www.realclubmaritimomelilla.es\/clmar\/wp-content\/uploads\/Ambiente3-800x600.jpg 800w, https:\/\/www.realclubmaritimomelilla.es\/clmar\/wp-content\/uploads\/Ambiente3-1024x768.jpg 1024w, https:\/\/www.realclubmaritimomelilla.es\/clmar\/wp-content\/uploads\/Ambiente3-1200x900.jpg 1200w, https:\/\/www.realclubmaritimomelilla.es\/clmar\/wp-content\/uploads\/Ambiente3-1536x1152.jpg 1536w, https:\/\/www.realclubmaritimomelilla.es\/clmar\/wp-content\/uploads\/Ambiente3.jpg 2016w\" sizes=\"(max-width: 2016px) 100vw, 2016px\" \/><\/a>\n\t\t\t<\/dt><\/dl><dl class='gallery-item'>\n\t\t\t<dt class='gallery-icon landscape'>\n\t\t\t\t<a data-rel=\"iLightbox[postimages]\" data-title=\"Ambiente4\" data-caption=\"\" href='https:\/\/www.realclubmaritimomelilla.es\/clmar\/raul-guitart-y-alfonso-montero-ganan-el-24o-concurso-de-paellas-de-feria-en-el-real-club-maritimo\/ambiente4\/'><img decoding=\"async\" width=\"2016\" height=\"1512\" src=\"https:\/\/www.realclubmaritimomelilla.es\/clmar\/wp-content\/uploads\/Ambiente4.jpg\" class=\"attachment-full size-full\" alt=\"\" srcset=\"https:\/\/www.realclubmaritimomelilla.es\/clmar\/wp-content\/uploads\/Ambiente4-200x150.jpg 200w, https:\/\/www.realclubmaritimomelilla.es\/clmar\/wp-content\/uploads\/Ambiente4-300x225.jpg 300w, https:\/\/www.realclubmaritimomelilla.es\/clmar\/wp-content\/uploads\/Ambiente4-400x300.jpg 400w, https:\/\/www.realclubmaritimomelilla.es\/clmar\/wp-content\/uploads\/Ambiente4-600x450.jpg 600w, https:\/\/www.realclubmaritimomelilla.es\/clmar\/wp-content\/uploads\/Ambiente4-768x576.jpg 768w, https:\/\/www.realclubmaritimomelilla.es\/clmar\/wp-content\/uploads\/Ambiente4-800x600.jpg 800w, https:\/\/www.realclubmaritimomelilla.es\/clmar\/wp-content\/uploads\/Ambiente4-1024x768.jpg 1024w, https:\/\/www.realclubmaritimomelilla.es\/clmar\/wp-content\/uploads\/Ambiente4-1200x900.jpg 1200w, https:\/\/www.realclubmaritimomelilla.es\/clmar\/wp-content\/uploads\/Ambiente4-1536x1152.jpg 1536w, https:\/\/www.realclubmaritimomelilla.es\/clmar\/wp-content\/uploads\/Ambiente4.jpg 2016w\" sizes=\"(max-width: 2016px) 100vw, 2016px\" \/><\/a>\n\t\t\t<\/dt><\/dl><br style=\"clear: both\" \/><dl class='gallery-item'>\n\t\t\t<dt class='gallery-icon landscape'>\n\t\t\t\t<a data-rel=\"iLightbox[postimages]\" data-title=\"Concurso paellas\" data-caption=\"\" href='https:\/\/www.realclubmaritimomelilla.es\/clmar\/raul-guitart-y-alfonso-montero-ganan-el-24o-concurso-de-paellas-de-feria-en-el-real-club-maritimo\/concurso-paellas-3\/'><img decoding=\"async\" width=\"640\" height=\"480\" src=\"https:\/\/www.realclubmaritimomelilla.es\/clmar\/wp-content\/uploads\/Concurso-paellas.jpg\" class=\"attachment-full size-full\" alt=\"\" srcset=\"https:\/\/www.realclubmaritimomelilla.es\/clmar\/wp-content\/uploads\/Concurso-paellas-200x150.jpg 200w, https:\/\/www.realclubmaritimomelilla.es\/clmar\/wp-content\/uploads\/Concurso-paellas-300x225.jpg 300w, https:\/\/www.realclubmaritimomelilla.es\/clmar\/wp-content\/uploads\/Concurso-paellas-400x300.jpg 400w, https:\/\/www.realclubmaritimomelilla.es\/clmar\/wp-content\/uploads\/Concurso-paellas-600x450.jpg 600w, https:\/\/www.realclubmaritimomelilla.es\/clmar\/wp-content\/uploads\/Concurso-paellas.jpg 640w\" sizes=\"(max-width: 640px) 100vw, 640px\" \/><\/a>\n\t\t\t<\/dt><\/dl><dl class='gallery-item'>\n\t\t\t<dt class='gallery-icon landscape'>\n\t\t\t\t<a data-rel=\"iLightbox[postimages]\" data-title=\"Concurso paellas2\" data-caption=\"\" href='https:\/\/www.realclubmaritimomelilla.es\/clmar\/raul-guitart-y-alfonso-montero-ganan-el-24o-concurso-de-paellas-de-feria-en-el-real-club-maritimo\/concurso-paellas2-2\/'><img decoding=\"async\" width=\"640\" height=\"480\" src=\"https:\/\/www.realclubmaritimomelilla.es\/clmar\/wp-content\/uploads\/Concurso-paellas2.jpg\" class=\"attachment-full size-full\" alt=\"\" srcset=\"https:\/\/www.realclubmaritimomelilla.es\/clmar\/wp-content\/uploads\/Concurso-paellas2-200x150.jpg 200w, https:\/\/www.realclubmaritimomelilla.es\/clmar\/wp-content\/uploads\/Concurso-paellas2-300x225.jpg 300w, https:\/\/www.realclubmaritimomelilla.es\/clmar\/wp-content\/uploads\/Concurso-paellas2-400x300.jpg 400w, https:\/\/www.realclubmaritimomelilla.es\/clmar\/wp-content\/uploads\/Concurso-paellas2-600x450.jpg 600w, https:\/\/www.realclubmaritimomelilla.es\/clmar\/wp-content\/uploads\/Concurso-paellas2.jpg 640w\" sizes=\"(max-width: 640px) 100vw, 640px\" \/><\/a>\n\t\t\t<\/dt><\/dl><dl class='gallery-item'>\n\t\t\t<dt class='gallery-icon landscape'>\n\t\t\t\t<a data-rel=\"iLightbox[postimages]\" data-title=\"Concurso paellas3\" data-caption=\"\" href='https:\/\/www.realclubmaritimomelilla.es\/clmar\/raul-guitart-y-alfonso-montero-ganan-el-24o-concurso-de-paellas-de-feria-en-el-real-club-maritimo\/concurso-paellas3-2\/'><img decoding=\"async\" width=\"640\" height=\"480\" src=\"https:\/\/www.realclubmaritimomelilla.es\/clmar\/wp-content\/uploads\/Concurso-paellas3.jpg\" class=\"attachment-full size-full\" alt=\"\" srcset=\"https:\/\/www.realclubmaritimomelilla.es\/clmar\/wp-content\/uploads\/Concurso-paellas3-200x150.jpg 200w, https:\/\/www.realclubmaritimomelilla.es\/clmar\/wp-content\/uploads\/Concurso-paellas3-300x225.jpg 300w, https:\/\/www.realclubmaritimomelilla.es\/clmar\/wp-content\/uploads\/Concurso-paellas3-400x300.jpg 400w, https:\/\/www.realclubmaritimomelilla.es\/clmar\/wp-content\/uploads\/Concurso-paellas3-600x450.jpg 600w, https:\/\/www.realclubmaritimomelilla.es\/clmar\/wp-content\/uploads\/Concurso-paellas3.jpg 640w\" sizes=\"(max-width: 640px) 100vw, 640px\" \/><\/a>\n\t\t\t<\/dt><\/dl><br style=\"clear: both\" \/><dl class='gallery-item'>\n\t\t\t<dt class='gallery-icon landscape'>\n\t\t\t\t<a data-rel=\"iLightbox[postimages]\" data-title=\"Concurso paellas4\" data-caption=\"\" href='https:\/\/www.realclubmaritimomelilla.es\/clmar\/raul-guitart-y-alfonso-montero-ganan-el-24o-concurso-de-paellas-de-feria-en-el-real-club-maritimo\/concurso-paellas4\/'><img decoding=\"async\" width=\"640\" height=\"480\" src=\"https:\/\/www.realclubmaritimomelilla.es\/clmar\/wp-content\/uploads\/Concurso-paellas4.jpg\" class=\"attachment-full size-full\" alt=\"\" srcset=\"https:\/\/www.realclubmaritimomelilla.es\/clmar\/wp-content\/uploads\/Concurso-paellas4-200x150.jpg 200w, https:\/\/www.realclubmaritimomelilla.es\/clmar\/wp-content\/uploads\/Concurso-paellas4-300x225.jpg 300w, https:\/\/www.realclubmaritimomelilla.es\/clmar\/wp-content\/uploads\/Concurso-paellas4-400x300.jpg 400w, https:\/\/www.realclubmaritimomelilla.es\/clmar\/wp-content\/uploads\/Concurso-paellas4-600x450.jpg 600w, https:\/\/www.realclubmaritimomelilla.es\/clmar\/wp-content\/uploads\/Concurso-paellas4.jpg 640w\" sizes=\"(max-width: 640px) 100vw, 640px\" \/><\/a>\n\t\t\t<\/dt><\/dl><dl class='gallery-item'>\n\t\t\t<dt class='gallery-icon landscape'>\n\t\t\t\t<a data-rel=\"iLightbox[postimages]\" data-title=\"Concurso paellas5\" data-caption=\"\" href='https:\/\/www.realclubmaritimomelilla.es\/clmar\/raul-guitart-y-alfonso-montero-ganan-el-24o-concurso-de-paellas-de-feria-en-el-real-club-maritimo\/concurso-paellas5\/'><img decoding=\"async\" width=\"640\" height=\"480\" src=\"https:\/\/www.realclubmaritimomelilla.es\/clmar\/wp-content\/uploads\/Concurso-paellas5.jpg\" class=\"attachment-full size-full\" alt=\"\" srcset=\"https:\/\/www.realclubmaritimomelilla.es\/clmar\/wp-content\/uploads\/Concurso-paellas5-200x150.jpg 200w, https:\/\/www.realclubmaritimomelilla.es\/clmar\/wp-content\/uploads\/Concurso-paellas5-300x225.jpg 300w, https:\/\/www.realclubmaritimomelilla.es\/clmar\/wp-content\/uploads\/Concurso-paellas5-400x300.jpg 400w, https:\/\/www.realclubmaritimomelilla.es\/clmar\/wp-content\/uploads\/Concurso-paellas5-600x450.jpg 600w, https:\/\/www.realclubmaritimomelilla.es\/clmar\/wp-content\/uploads\/Concurso-paellas5.jpg 640w\" sizes=\"(max-width: 640px) 100vw, 640px\" \/><\/a>\n\t\t\t<\/dt><\/dl><dl class='gallery-item'>\n\t\t\t<dt class='gallery-icon landscape'>\n\t\t\t\t<a data-rel=\"iLightbox[postimages]\" data-title=\"Concurso paellas6\" data-caption=\"\" href='https:\/\/www.realclubmaritimomelilla.es\/clmar\/raul-guitart-y-alfonso-montero-ganan-el-24o-concurso-de-paellas-de-feria-en-el-real-club-maritimo\/concurso-paellas6-2\/'><img decoding=\"async\" width=\"640\" height=\"480\" src=\"https:\/\/www.realclubmaritimomelilla.es\/clmar\/wp-content\/uploads\/Concurso-paellas6.jpg\" class=\"attachment-full size-full\" alt=\"\" srcset=\"https:\/\/www.realclubmaritimomelilla.es\/clmar\/wp-content\/uploads\/Concurso-paellas6-200x150.jpg 200w, https:\/\/www.realclubmaritimomelilla.es\/clmar\/wp-content\/uploads\/Concurso-paellas6-300x225.jpg 300w, https:\/\/www.realclubmaritimomelilla.es\/clmar\/wp-content\/uploads\/Concurso-paellas6-400x300.jpg 400w, https:\/\/www.realclubmaritimomelilla.es\/clmar\/wp-content\/uploads\/Concurso-paellas6-600x450.jpg 600w, https:\/\/www.realclubmaritimomelilla.es\/clmar\/wp-content\/uploads\/Concurso-paellas6.jpg 640w\" sizes=\"(max-width: 640px) 100vw, 640px\" \/><\/a>\n\t\t\t<\/dt><\/dl><br style=\"clear: both\" \/><dl class='gallery-item'>\n\t\t\t<dt class='gallery-icon landscape'>\n\t\t\t\t<a data-rel=\"iLightbox[postimages]\" data-title=\"Concurso paellas7\" data-caption=\"\" href='https:\/\/www.realclubmaritimomelilla.es\/clmar\/raul-guitart-y-alfonso-montero-ganan-el-24o-concurso-de-paellas-de-feria-en-el-real-club-maritimo\/concurso-paellas7-2\/'><img decoding=\"async\" width=\"640\" height=\"480\" src=\"https:\/\/www.realclubmaritimomelilla.es\/clmar\/wp-content\/uploads\/Concurso-paellas7.jpg\" class=\"attachment-full size-full\" alt=\"\" srcset=\"https:\/\/www.realclubmaritimomelilla.es\/clmar\/wp-content\/uploads\/Concurso-paellas7-200x150.jpg 200w, https:\/\/www.realclubmaritimomelilla.es\/clmar\/wp-content\/uploads\/Concurso-paellas7-300x225.jpg 300w, https:\/\/www.realclubmaritimomelilla.es\/clmar\/wp-content\/uploads\/Concurso-paellas7-400x300.jpg 400w, https:\/\/www.realclubmaritimomelilla.es\/clmar\/wp-content\/uploads\/Concurso-paellas7-600x450.jpg 600w, https:\/\/www.realclubmaritimomelilla.es\/clmar\/wp-content\/uploads\/Concurso-paellas7.jpg 640w\" sizes=\"(max-width: 640px) 100vw, 640px\" \/><\/a>\n\t\t\t<\/dt><\/dl><dl class='gallery-item'>\n\t\t\t<dt class='gallery-icon landscape'>\n\t\t\t\t<a data-rel=\"iLightbox[postimages]\" data-title=\"Concurso paellas8\" data-caption=\"\" href='https:\/\/www.realclubmaritimomelilla.es\/clmar\/raul-guitart-y-alfonso-montero-ganan-el-24o-concurso-de-paellas-de-feria-en-el-real-club-maritimo\/concurso-paellas8-2\/'><img decoding=\"async\" width=\"640\" height=\"480\" src=\"https:\/\/www.realclubmaritimomelilla.es\/clmar\/wp-content\/uploads\/Concurso-paellas8.jpg\" class=\"attachment-full size-full\" alt=\"\" srcset=\"https:\/\/www.realclubmaritimomelilla.es\/clmar\/wp-content\/uploads\/Concurso-paellas8-200x150.jpg 200w, https:\/\/www.realclubmaritimomelilla.es\/clmar\/wp-content\/uploads\/Concurso-paellas8-300x225.jpg 300w, https:\/\/www.realclubmaritimomelilla.es\/clmar\/wp-content\/uploads\/Concurso-paellas8-400x300.jpg 400w, https:\/\/www.realclubmaritimomelilla.es\/clmar\/wp-content\/uploads\/Concurso-paellas8-600x450.jpg 600w, https:\/\/www.realclubmaritimomelilla.es\/clmar\/wp-content\/uploads\/Concurso-paellas8.jpg 640w\" sizes=\"(max-width: 640px) 100vw, 640px\" \/><\/a>\n\t\t\t<\/dt><\/dl><dl class='gallery-item'>\n\t\t\t<dt class='gallery-icon landscape'>\n\t\t\t\t<a data-rel=\"iLightbox[postimages]\" data-title=\"Concurso paellas9\" data-caption=\"\" href='https:\/\/www.realclubmaritimomelilla.es\/clmar\/raul-guitart-y-alfonso-montero-ganan-el-24o-concurso-de-paellas-de-feria-en-el-real-club-maritimo\/concurso-paellas9\/'><img decoding=\"async\" width=\"640\" height=\"480\" src=\"https:\/\/www.realclubmaritimomelilla.es\/clmar\/wp-content\/uploads\/Concurso-paellas9.jpg\" class=\"attachment-full size-full\" alt=\"\" srcset=\"https:\/\/www.realclubmaritimomelilla.es\/clmar\/wp-content\/uploads\/Concurso-paellas9-200x150.jpg 200w, https:\/\/www.realclubmaritimomelilla.es\/clmar\/wp-content\/uploads\/Concurso-paellas9-300x225.jpg 300w, https:\/\/www.realclubmaritimomelilla.es\/clmar\/wp-content\/uploads\/Concurso-paellas9-400x300.jpg 400w, https:\/\/www.realclubmaritimomelilla.es\/clmar\/wp-content\/uploads\/Concurso-paellas9-600x450.jpg 600w, https:\/\/www.realclubmaritimomelilla.es\/clmar\/wp-content\/uploads\/Concurso-paellas9.jpg 640w\" sizes=\"(max-width: 640px) 100vw, 640px\" \/><\/a>\n\t\t\t<\/dt><\/dl><br style=\"clear: both\" \/><dl class='gallery-item'>\n\t\t\t<dt class='gallery-icon landscape'>\n\t\t\t\t<a data-rel=\"iLightbox[postimages]\" data-title=\"Concurso paellas10\" data-caption=\"\" href='https:\/\/www.realclubmaritimomelilla.es\/clmar\/raul-guitart-y-alfonso-montero-ganan-el-24o-concurso-de-paellas-de-feria-en-el-real-club-maritimo\/concurso-paellas10\/'><img decoding=\"async\" width=\"640\" height=\"480\" src=\"https:\/\/www.realclubmaritimomelilla.es\/clmar\/wp-content\/uploads\/Concurso-paellas10.jpg\" class=\"attachment-full size-full\" alt=\"\" srcset=\"https:\/\/www.realclubmaritimomelilla.es\/clmar\/wp-content\/uploads\/Concurso-paellas10-200x150.jpg 200w, https:\/\/www.realclubmaritimomelilla.es\/clmar\/wp-content\/uploads\/Concurso-paellas10-300x225.jpg 300w, https:\/\/www.realclubmaritimomelilla.es\/clmar\/wp-content\/uploads\/Concurso-paellas10-400x300.jpg 400w, https:\/\/www.realclubmaritimomelilla.es\/clmar\/wp-content\/uploads\/Concurso-paellas10-600x450.jpg 600w, https:\/\/www.realclubmaritimomelilla.es\/clmar\/wp-content\/uploads\/Concurso-paellas10.jpg 640w\" sizes=\"(max-width: 640px) 100vw, 640px\" \/><\/a>\n\t\t\t<\/dt><\/dl><dl class='gallery-item'>\n\t\t\t<dt class='gallery-icon landscape'>\n\t\t\t\t<a data-rel=\"iLightbox[postimages]\" data-title=\"Concurso paellas11\" data-caption=\"\" href='https:\/\/www.realclubmaritimomelilla.es\/clmar\/raul-guitart-y-alfonso-montero-ganan-el-24o-concurso-de-paellas-de-feria-en-el-real-club-maritimo\/concurso-paellas11\/'><img decoding=\"async\" width=\"640\" height=\"480\" src=\"https:\/\/www.realclubmaritimomelilla.es\/clmar\/wp-content\/uploads\/Concurso-paellas11.jpg\" class=\"attachment-full size-full\" alt=\"\" srcset=\"https:\/\/www.realclubmaritimomelilla.es\/clmar\/wp-content\/uploads\/Concurso-paellas11-200x150.jpg 200w, https:\/\/www.realclubmaritimomelilla.es\/clmar\/wp-content\/uploads\/Concurso-paellas11-300x225.jpg 300w, https:\/\/www.realclubmaritimomelilla.es\/clmar\/wp-content\/uploads\/Concurso-paellas11-400x300.jpg 400w, https:\/\/www.realclubmaritimomelilla.es\/clmar\/wp-content\/uploads\/Concurso-paellas11-600x450.jpg 600w, https:\/\/www.realclubmaritimomelilla.es\/clmar\/wp-content\/uploads\/Concurso-paellas11.jpg 640w\" sizes=\"(max-width: 640px) 100vw, 640px\" \/><\/a>\n\t\t\t<\/dt><\/dl><dl class='gallery-item'>\n\t\t\t<dt class='gallery-icon landscape'>\n\t\t\t\t<a data-rel=\"iLightbox[postimages]\" data-title=\"Concurso paellas12\" data-caption=\"\" href='https:\/\/www.realclubmaritimomelilla.es\/clmar\/raul-guitart-y-alfonso-montero-ganan-el-24o-concurso-de-paellas-de-feria-en-el-real-club-maritimo\/concurso-paellas12\/'><img decoding=\"async\" width=\"640\" height=\"480\" src=\"https:\/\/www.realclubmaritimomelilla.es\/clmar\/wp-content\/uploads\/Concurso-paellas12.jpg\" class=\"attachment-full size-full\" alt=\"\" srcset=\"https:\/\/www.realclubmaritimomelilla.es\/clmar\/wp-content\/uploads\/Concurso-paellas12-200x150.jpg 200w, https:\/\/www.realclubmaritimomelilla.es\/clmar\/wp-content\/uploads\/Concurso-paellas12-300x225.jpg 300w, https:\/\/www.realclubmaritimomelilla.es\/clmar\/wp-content\/uploads\/Concurso-paellas12-400x300.jpg 400w, https:\/\/www.realclubmaritimomelilla.es\/clmar\/wp-content\/uploads\/Concurso-paellas12-600x450.jpg 600w, https:\/\/www.realclubmaritimomelilla.es\/clmar\/wp-content\/uploads\/Concurso-paellas12.jpg 640w\" sizes=\"(max-width: 640px) 100vw, 640px\" \/><\/a>\n\t\t\t<\/dt><\/dl><br style=\"clear: both\" \/><dl class='gallery-item'>\n\t\t\t<dt class='gallery-icon landscape'>\n\t\t\t\t<a data-rel=\"iLightbox[postimages]\" data-title=\"Concurso paellas13\" data-caption=\"\" href='https:\/\/www.realclubmaritimomelilla.es\/clmar\/raul-guitart-y-alfonso-montero-ganan-el-24o-concurso-de-paellas-de-feria-en-el-real-club-maritimo\/concurso-paellas13\/'><img decoding=\"async\" width=\"640\" height=\"480\" src=\"https:\/\/www.realclubmaritimomelilla.es\/clmar\/wp-content\/uploads\/Concurso-paellas13.jpg\" class=\"attachment-full size-full\" alt=\"\" srcset=\"https:\/\/www.realclubmaritimomelilla.es\/clmar\/wp-content\/uploads\/Concurso-paellas13-200x150.jpg 200w, https:\/\/www.realclubmaritimomelilla.es\/clmar\/wp-content\/uploads\/Concurso-paellas13-300x225.jpg 300w, https:\/\/www.realclubmaritimomelilla.es\/clmar\/wp-content\/uploads\/Concurso-paellas13-400x300.jpg 400w, https:\/\/www.realclubmaritimomelilla.es\/clmar\/wp-content\/uploads\/Concurso-paellas13-600x450.jpg 600w, https:\/\/www.realclubmaritimomelilla.es\/clmar\/wp-content\/uploads\/Concurso-paellas13.jpg 640w\" sizes=\"(max-width: 640px) 100vw, 640px\" \/><\/a>\n\t\t\t<\/dt><\/dl><dl class='gallery-item'>\n\t\t\t<dt class='gallery-icon landscape'>\n\t\t\t\t<a data-rel=\"iLightbox[postimages]\" data-title=\"Concurso paellas14\" data-caption=\"\" href='https:\/\/www.realclubmaritimomelilla.es\/clmar\/raul-guitart-y-alfonso-montero-ganan-el-24o-concurso-de-paellas-de-feria-en-el-real-club-maritimo\/concurso-paellas14\/'><img decoding=\"async\" width=\"640\" height=\"480\" src=\"https:\/\/www.realclubmaritimomelilla.es\/clmar\/wp-content\/uploads\/Concurso-paellas14.jpg\" class=\"attachment-full size-full\" alt=\"\" srcset=\"https:\/\/www.realclubmaritimomelilla.es\/clmar\/wp-content\/uploads\/Concurso-paellas14-200x150.jpg 200w, https:\/\/www.realclubmaritimomelilla.es\/clmar\/wp-content\/uploads\/Concurso-paellas14-300x225.jpg 300w, https:\/\/www.realclubmaritimomelilla.es\/clmar\/wp-content\/uploads\/Concurso-paellas14-400x300.jpg 400w, https:\/\/www.realclubmaritimomelilla.es\/clmar\/wp-content\/uploads\/Concurso-paellas14-600x450.jpg 600w, https:\/\/www.realclubmaritimomelilla.es\/clmar\/wp-content\/uploads\/Concurso-paellas14.jpg 640w\" sizes=\"(max-width: 640px) 100vw, 640px\" \/><\/a>\n\t\t\t<\/dt><\/dl><dl class='gallery-item'>\n\t\t\t<dt class='gallery-icon landscape'>\n\t\t\t\t<a data-rel=\"iLightbox[postimages]\" data-title=\"Concurso paellas15\" data-caption=\"\" href='https:\/\/www.realclubmaritimomelilla.es\/clmar\/raul-guitart-y-alfonso-montero-ganan-el-24o-concurso-de-paellas-de-feria-en-el-real-club-maritimo\/concurso-paellas15\/'><img decoding=\"async\" width=\"640\" height=\"480\" src=\"https:\/\/www.realclubmaritimomelilla.es\/clmar\/wp-content\/uploads\/Concurso-paellas15.jpg\" class=\"attachment-full size-full\" alt=\"\" srcset=\"https:\/\/www.realclubmaritimomelilla.es\/clmar\/wp-content\/uploads\/Concurso-paellas15-200x150.jpg 200w, https:\/\/www.realclubmaritimomelilla.es\/clmar\/wp-content\/uploads\/Concurso-paellas15-300x225.jpg 300w, https:\/\/www.realclubmaritimomelilla.es\/clmar\/wp-content\/uploads\/Concurso-paellas15-400x300.jpg 400w, https:\/\/www.realclubmaritimomelilla.es\/clmar\/wp-content\/uploads\/Concurso-paellas15-600x450.jpg 600w, https:\/\/www.realclubmaritimomelilla.es\/clmar\/wp-content\/uploads\/Concurso-paellas15.jpg 640w\" sizes=\"(max-width: 640px) 100vw, 640px\" \/><\/a>\n\t\t\t<\/dt><\/dl><br style=\"clear: both\" \/><dl class='gallery-item'>\n\t\t\t<dt class='gallery-icon landscape'>\n\t\t\t\t<a data-rel=\"iLightbox[postimages]\" data-title=\"Concurso paellas16\" data-caption=\"\" href='https:\/\/www.realclubmaritimomelilla.es\/clmar\/raul-guitart-y-alfonso-montero-ganan-el-24o-concurso-de-paellas-de-feria-en-el-real-club-maritimo\/concurso-paellas16\/'><img decoding=\"async\" width=\"640\" height=\"480\" src=\"https:\/\/www.realclubmaritimomelilla.es\/clmar\/wp-content\/uploads\/Concurso-paellas16.jpg\" class=\"attachment-full size-full\" alt=\"\" srcset=\"https:\/\/www.realclubmaritimomelilla.es\/clmar\/wp-content\/uploads\/Concurso-paellas16-200x150.jpg 200w, https:\/\/www.realclubmaritimomelilla.es\/clmar\/wp-content\/uploads\/Concurso-paellas16-300x225.jpg 300w, https:\/\/www.realclubmaritimomelilla.es\/clmar\/wp-content\/uploads\/Concurso-paellas16-400x300.jpg 400w, https:\/\/www.realclubmaritimomelilla.es\/clmar\/wp-content\/uploads\/Concurso-paellas16-600x450.jpg 600w, https:\/\/www.realclubmaritimomelilla.es\/clmar\/wp-content\/uploads\/Concurso-paellas16.jpg 640w\" sizes=\"(max-width: 640px) 100vw, 640px\" \/><\/a>\n\t\t\t<\/dt><\/dl><dl class='gallery-item'>\n\t\t\t<dt class='gallery-icon landscape'>\n\t\t\t\t<a data-rel=\"iLightbox[postimages]\" data-title=\"Concurso paellas17\" data-caption=\"\" href='https:\/\/www.realclubmaritimomelilla.es\/clmar\/raul-guitart-y-alfonso-montero-ganan-el-24o-concurso-de-paellas-de-feria-en-el-real-club-maritimo\/concurso-paellas17\/'><img decoding=\"async\" width=\"640\" height=\"480\" src=\"https:\/\/www.realclubmaritimomelilla.es\/clmar\/wp-content\/uploads\/Concurso-paellas17.jpg\" class=\"attachment-full size-full\" alt=\"\" srcset=\"https:\/\/www.realclubmaritimomelilla.es\/clmar\/wp-content\/uploads\/Concurso-paellas17-200x150.jpg 200w, https:\/\/www.realclubmaritimomelilla.es\/clmar\/wp-content\/uploads\/Concurso-paellas17-300x225.jpg 300w, https:\/\/www.realclubmaritimomelilla.es\/clmar\/wp-content\/uploads\/Concurso-paellas17-400x300.jpg 400w, https:\/\/www.realclubmaritimomelilla.es\/clmar\/wp-content\/uploads\/Concurso-paellas17-600x450.jpg 600w, https:\/\/www.realclubmaritimomelilla.es\/clmar\/wp-content\/uploads\/Concurso-paellas17.jpg 640w\" sizes=\"(max-width: 640px) 100vw, 640px\" \/><\/a>\n\t\t\t<\/dt><\/dl><dl class='gallery-item'>\n\t\t\t<dt class='gallery-icon landscape'>\n\t\t\t\t<a data-rel=\"iLightbox[postimages]\" data-title=\"Concurso paellas18\" data-caption=\"\" href='https:\/\/www.realclubmaritimomelilla.es\/clmar\/raul-guitart-y-alfonso-montero-ganan-el-24o-concurso-de-paellas-de-feria-en-el-real-club-maritimo\/concurso-paellas18\/'><img decoding=\"async\" width=\"640\" height=\"480\" src=\"https:\/\/www.realclubmaritimomelilla.es\/clmar\/wp-content\/uploads\/Concurso-paellas18.jpg\" class=\"attachment-full size-full\" alt=\"\" srcset=\"https:\/\/www.realclubmaritimomelilla.es\/clmar\/wp-content\/uploads\/Concurso-paellas18-200x150.jpg 200w, https:\/\/www.realclubmaritimomelilla.es\/clmar\/wp-content\/uploads\/Concurso-paellas18-300x225.jpg 300w, https:\/\/www.realclubmaritimomelilla.es\/clmar\/wp-content\/uploads\/Concurso-paellas18-400x300.jpg 400w, https:\/\/www.realclubmaritimomelilla.es\/clmar\/wp-content\/uploads\/Concurso-paellas18-600x450.jpg 600w, https:\/\/www.realclubmaritimomelilla.es\/clmar\/wp-content\/uploads\/Concurso-paellas18.jpg 640w\" sizes=\"(max-width: 640px) 100vw, 640px\" \/><\/a>\n\t\t\t<\/dt><\/dl><br style=\"clear: both\" \/><dl class='gallery-item'>\n\t\t\t<dt class='gallery-icon landscape'>\n\t\t\t\t<a data-rel=\"iLightbox[postimages]\" data-title=\"Concurso paellas22\" data-caption=\"\" href='https:\/\/www.realclubmaritimomelilla.es\/clmar\/raul-guitart-y-alfonso-montero-ganan-el-24o-concurso-de-paellas-de-feria-en-el-real-club-maritimo\/concurso-paellas22\/'><img decoding=\"async\" width=\"2016\" height=\"1512\" src=\"https:\/\/www.realclubmaritimomelilla.es\/clmar\/wp-content\/uploads\/Concurso-paellas22.jpg\" class=\"attachment-full size-full\" alt=\"\" srcset=\"https:\/\/www.realclubmaritimomelilla.es\/clmar\/wp-content\/uploads\/Concurso-paellas22-200x150.jpg 200w, https:\/\/www.realclubmaritimomelilla.es\/clmar\/wp-content\/uploads\/Concurso-paellas22-300x225.jpg 300w, https:\/\/www.realclubmaritimomelilla.es\/clmar\/wp-content\/uploads\/Concurso-paellas22-400x300.jpg 400w, https:\/\/www.realclubmaritimomelilla.es\/clmar\/wp-content\/uploads\/Concurso-paellas22-600x450.jpg 600w, https:\/\/www.realclubmaritimomelilla.es\/clmar\/wp-content\/uploads\/Concurso-paellas22-768x576.jpg 768w, https:\/\/www.realclubmaritimomelilla.es\/clmar\/wp-content\/uploads\/Concurso-paellas22-800x600.jpg 800w, https:\/\/www.realclubmaritimomelilla.es\/clmar\/wp-content\/uploads\/Concurso-paellas22-1024x768.jpg 1024w, https:\/\/www.realclubmaritimomelilla.es\/clmar\/wp-content\/uploads\/Concurso-paellas22-1200x900.jpg 1200w, https:\/\/www.realclubmaritimomelilla.es\/clmar\/wp-content\/uploads\/Concurso-paellas22-1536x1152.jpg 1536w, https:\/\/www.realclubmaritimomelilla.es\/clmar\/wp-content\/uploads\/Concurso-paellas22.jpg 2016w\" sizes=\"(max-width: 2016px) 100vw, 2016px\" \/><\/a>\n\t\t\t<\/dt><\/dl><dl class='gallery-item'>\n\t\t\t<dt class='gallery-icon landscape'>\n\t\t\t\t<a data-rel=\"iLightbox[postimages]\" data-title=\"Gran Paella\" data-caption=\"\" href='https:\/\/www.realclubmaritimomelilla.es\/clmar\/raul-guitart-y-alfonso-montero-ganan-el-24o-concurso-de-paellas-de-feria-en-el-real-club-maritimo\/gran-paella\/'><img decoding=\"async\" width=\"2016\" height=\"1512\" src=\"https:\/\/www.realclubmaritimomelilla.es\/clmar\/wp-content\/uploads\/Gran-Paella.jpg\" class=\"attachment-full size-full\" alt=\"\" srcset=\"https:\/\/www.realclubmaritimomelilla.es\/clmar\/wp-content\/uploads\/Gran-Paella-200x150.jpg 200w, https:\/\/www.realclubmaritimomelilla.es\/clmar\/wp-content\/uploads\/Gran-Paella-300x225.jpg 300w, https:\/\/www.realclubmaritimomelilla.es\/clmar\/wp-content\/uploads\/Gran-Paella-400x300.jpg 400w, https:\/\/www.realclubmaritimomelilla.es\/clmar\/wp-content\/uploads\/Gran-Paella-600x450.jpg 600w, https:\/\/www.realclubmaritimomelilla.es\/clmar\/wp-content\/uploads\/Gran-Paella-768x576.jpg 768w, https:\/\/www.realclubmaritimomelilla.es\/clmar\/wp-content\/uploads\/Gran-Paella-800x600.jpg 800w, https:\/\/www.realclubmaritimomelilla.es\/clmar\/wp-content\/uploads\/Gran-Paella-1024x768.jpg 1024w, https:\/\/www.realclubmaritimomelilla.es\/clmar\/wp-content\/uploads\/Gran-Paella-1200x900.jpg 1200w, https:\/\/www.realclubmaritimomelilla.es\/clmar\/wp-content\/uploads\/Gran-Paella-1536x1152.jpg 1536w, https:\/\/www.realclubmaritimomelilla.es\/clmar\/wp-content\/uploads\/Gran-Paella.jpg 2016w\" sizes=\"(max-width: 2016px) 100vw, 2016px\" \/><\/a>\n\t\t\t<\/dt><\/dl><dl class='gallery-item'>\n\t\t\t<dt class='gallery-icon landscape'>\n\t\t\t\t<a data-rel=\"iLightbox[postimages]\" data-title=\"GRan Paella2\" data-caption=\"\" href='https:\/\/www.realclubmaritimomelilla.es\/clmar\/raul-guitart-y-alfonso-montero-ganan-el-24o-concurso-de-paellas-de-feria-en-el-real-club-maritimo\/gran-paella2\/'><img decoding=\"async\" width=\"2016\" height=\"1512\" src=\"https:\/\/www.realclubmaritimomelilla.es\/clmar\/wp-content\/uploads\/GRan-Paella2.jpg\" class=\"attachment-full size-full\" alt=\"\" srcset=\"https:\/\/www.realclubmaritimomelilla.es\/clmar\/wp-content\/uploads\/GRan-Paella2-200x150.jpg 200w, https:\/\/www.realclubmaritimomelilla.es\/clmar\/wp-content\/uploads\/GRan-Paella2-300x225.jpg 300w, https:\/\/www.realclubmaritimomelilla.es\/clmar\/wp-content\/uploads\/GRan-Paella2-400x300.jpg 400w, https:\/\/www.realclubmaritimomelilla.es\/clmar\/wp-content\/uploads\/GRan-Paella2-600x450.jpg 600w, https:\/\/www.realclubmaritimomelilla.es\/clmar\/wp-content\/uploads\/GRan-Paella2-768x576.jpg 768w, https:\/\/www.realclubmaritimomelilla.es\/clmar\/wp-content\/uploads\/GRan-Paella2-800x600.jpg 800w, https:\/\/www.realclubmaritimomelilla.es\/clmar\/wp-content\/uploads\/GRan-Paella2-1024x768.jpg 1024w, https:\/\/www.realclubmaritimomelilla.es\/clmar\/wp-content\/uploads\/GRan-Paella2-1200x900.jpg 1200w, https:\/\/www.realclubmaritimomelilla.es\/clmar\/wp-content\/uploads\/GRan-Paella2-1536x1152.jpg 1536w, https:\/\/www.realclubmaritimomelilla.es\/clmar\/wp-content\/uploads\/GRan-Paella2.jpg 2016w\" sizes=\"(max-width: 2016px) 100vw, 2016px\" \/><\/a>\n\t\t\t<\/dt><\/dl><br style=\"clear: both\" \/><dl class='gallery-item'>\n\t\t\t<dt class='gallery-icon landscape'>\n\t\t\t\t<a data-rel=\"iLightbox[postimages]\" data-title=\"Presentaci\u00f3n\" data-caption=\"\" href='https:\/\/www.realclubmaritimomelilla.es\/clmar\/raul-guitart-y-alfonso-montero-ganan-el-24o-concurso-de-paellas-de-feria-en-el-real-club-maritimo\/presentacion\/'><img decoding=\"async\" width=\"2016\" height=\"1512\" src=\"https:\/\/www.realclubmaritimomelilla.es\/clmar\/wp-content\/uploads\/Presentacion.jpg\" class=\"attachment-full size-full\" alt=\"\" srcset=\"https:\/\/www.realclubmaritimomelilla.es\/clmar\/wp-content\/uploads\/Presentacion-200x150.jpg 200w, https:\/\/www.realclubmaritimomelilla.es\/clmar\/wp-content\/uploads\/Presentacion-300x225.jpg 300w, https:\/\/www.realclubmaritimomelilla.es\/clmar\/wp-content\/uploads\/Presentacion-400x300.jpg 400w, https:\/\/www.realclubmaritimomelilla.es\/clmar\/wp-content\/uploads\/Presentacion-600x450.jpg 600w, https:\/\/www.realclubmaritimomelilla.es\/clmar\/wp-content\/uploads\/Presentacion-768x576.jpg 768w, https:\/\/www.realclubmaritimomelilla.es\/clmar\/wp-content\/uploads\/Presentacion-800x600.jpg 800w, https:\/\/www.realclubmaritimomelilla.es\/clmar\/wp-content\/uploads\/Presentacion-1024x768.jpg 1024w, https:\/\/www.realclubmaritimomelilla.es\/clmar\/wp-content\/uploads\/Presentacion-1200x900.jpg 1200w, https:\/\/www.realclubmaritimomelilla.es\/clmar\/wp-content\/uploads\/Presentacion-1536x1152.jpg 1536w, https:\/\/www.realclubmaritimomelilla.es\/clmar\/wp-content\/uploads\/Presentacion.jpg 2016w\" sizes=\"(max-width: 2016px) 100vw, 2016px\" \/><\/a>\n\t\t\t<\/dt><\/dl><dl class='gallery-item'>\n\t\t\t<dt class='gallery-icon landscape'>\n\t\t\t\t<a data-rel=\"iLightbox[postimages]\" data-title=\"Soniketes\" data-caption=\"\" href='https:\/\/www.realclubmaritimomelilla.es\/clmar\/raul-guitart-y-alfonso-montero-ganan-el-24o-concurso-de-paellas-de-feria-en-el-real-club-maritimo\/soniketes\/'><img decoding=\"async\" width=\"320\" height=\"240\" src=\"https:\/\/www.realclubmaritimomelilla.es\/clmar\/wp-content\/uploads\/Soniketes.jpg\" class=\"attachment-full size-full\" alt=\"\" srcset=\"https:\/\/www.realclubmaritimomelilla.es\/clmar\/wp-content\/uploads\/Soniketes-200x150.jpg 200w, https:\/\/www.realclubmaritimomelilla.es\/clmar\/wp-content\/uploads\/Soniketes-300x225.jpg 300w, https:\/\/www.realclubmaritimomelilla.es\/clmar\/wp-content\/uploads\/Soniketes.jpg 320w\" sizes=\"(max-width: 320px) 100vw, 320px\" \/><\/a>\n\t\t\t<\/dt><\/dl><dl class='gallery-item'>\n\t\t\t<dt class='gallery-icon landscape'>\n\t\t\t\t<a data-rel=\"iLightbox[postimages]\" data-title=\"Soniketes2\" data-caption=\"\" href='https:\/\/www.realclubmaritimomelilla.es\/clmar\/raul-guitart-y-alfonso-montero-ganan-el-24o-concurso-de-paellas-de-feria-en-el-real-club-maritimo\/soniketes2\/'><img decoding=\"async\" width=\"320\" height=\"240\" src=\"https:\/\/www.realclubmaritimomelilla.es\/clmar\/wp-content\/uploads\/Soniketes2.jpg\" class=\"attachment-full size-full\" alt=\"\" srcset=\"https:\/\/www.realclubmaritimomelilla.es\/clmar\/wp-content\/uploads\/Soniketes2-200x150.jpg 200w, https:\/\/www.realclubmaritimomelilla.es\/clmar\/wp-content\/uploads\/Soniketes2-300x225.jpg 300w, https:\/\/www.realclubmaritimomelilla.es\/clmar\/wp-content\/uploads\/Soniketes2.jpg 320w\" sizes=\"(max-width: 320px) 100vw, 320px\" \/><\/a>\n\t\t\t<\/dt><\/dl><br style=\"clear: both\" \/><dl class='gallery-item'>\n\t\t\t<dt class='gallery-icon landscape'>\n\t\t\t\t<a data-rel=\"iLightbox[postimages]\" data-title=\"Soniketes3\" data-caption=\"\" href='https:\/\/www.realclubmaritimomelilla.es\/clmar\/raul-guitart-y-alfonso-montero-ganan-el-24o-concurso-de-paellas-de-feria-en-el-real-club-maritimo\/soniketes3\/'><img decoding=\"async\" width=\"320\" height=\"240\" src=\"https:\/\/www.realclubmaritimomelilla.es\/clmar\/wp-content\/uploads\/Soniketes3.jpg\" class=\"attachment-full size-full\" alt=\"\" srcset=\"https:\/\/www.realclubmaritimomelilla.es\/clmar\/wp-content\/uploads\/Soniketes3-200x150.jpg 200w, https:\/\/www.realclubmaritimomelilla.es\/clmar\/wp-content\/uploads\/Soniketes3-300x225.jpg 300w, https:\/\/www.realclubmaritimomelilla.es\/clmar\/wp-content\/uploads\/Soniketes3.jpg 320w\" sizes=\"(max-width: 320px) 100vw, 320px\" \/><\/a>\n\t\t\t<\/dt><\/dl>\n\t\t\t<br style='clear: both' \/>\n\t\t<\/div>\n\n","protected":false},"excerpt":{"rendered":"<p>Ra\u00fal Guitart, en la modalidad de Sabor, y Alfonso Montero, en la categor\u00eda de Dificultad y Presentaci\u00f3n, \u00a0han conseguido el primer puesto en el concurso de paellas celebrado este s\u00e1bado en el Real Club Mar\u00edtimo de Melilla, que alcanzaba su vig\u00e9simo cuarta edici\u00f3n con m\u00e1s de un millar de participantes. El concurso de paellas ha [&hellip;]<\/p>\n","protected":false},"author":1,"featured_media":21376,"comment_status":"open","ping_status":"open","sticky":false,"template":"","format":"standard","meta":{"_acf_changed":false,"footnotes":""},"categories":[39,42],"tags":[],"class_list":["post-21365","post","type-post","status-publish","format-standard","has-post-thumbnail","hentry","category-celebraciones","category-trofeos"],"acf":[],"yoast_head":"<!-- This site is optimized with the Yoast SEO plugin v27.5 - https:\/\/yoast.com\/product\/yoast-seo-wordpress\/ -->\n<title>RAUL GUITART Y ALFONSO MONTERO GANAN EL 24\u00ba CONCURSO DE PAELLAS DE FERIA EN EL REAL CLUB MAR\u00cdTIMO - Real Club Mar\u00edtimo de Melilla<\/title>\n<meta name=\"description\" content=\"RAUL GUITART Y ALFONSO MONTERO GANAN EL 24\u00ba CONCURSO DE PAELLAS DE FERIA EN EL REAL CLUB MAR\u00cdTIMO -\" \/>\n<meta name=\"robots\" content=\"index, follow, max-snippet:-1, max-image-preview:large, max-video-preview:-1\" \/>\n<link rel=\"canonical\" href=\"https:\/\/www.realclubmaritimomelilla.es\/clmar\/raul-guitart-y-alfonso-montero-ganan-el-24o-concurso-de-paellas-de-feria-en-el-real-club-maritimo\/\" \/>\n<meta property=\"og:locale\" content=\"es_ES\" \/>\n<meta property=\"og:type\" content=\"article\" \/>\n<meta property=\"og:title\" content=\"RAUL GUITART Y ALFONSO MONTERO GANAN EL 24\u00ba CONCURSO DE PAELLAS DE FERIA EN EL REAL CLUB MAR\u00cdTIMO - Real Club Mar\u00edtimo de Melilla\" \/>\n<meta property=\"og:description\" content=\"RAUL GUITART Y ALFONSO MONTERO GANAN EL 24\u00ba CONCURSO DE PAELLAS DE FERIA EN EL REAL CLUB MAR\u00cdTIMO -\" \/>\n<meta property=\"og:url\" content=\"https:\/\/www.realclubmaritimomelilla.es\/clmar\/raul-guitart-y-alfonso-montero-ganan-el-24o-concurso-de-paellas-de-feria-en-el-real-club-maritimo\/\" \/>\n<meta property=\"og:site_name\" content=\"Real Club Mar\u00edtimo de Melilla\" \/>\n<meta property=\"article:publisher\" content=\"https:\/\/www.facebook.com\/Real-Club-Mar%c3%adtimo-de-Melilla-588495841234214\/\" \/>\n<meta property=\"article:published_time\" content=\"2023-09-09T15:55:45+00:00\" \/>\n<meta property=\"article:modified_time\" content=\"2024-03-27T09:10:03+00:00\" \/>\n<meta property=\"og:image\" content=\"https:\/\/www.realclubmaritimomelilla.es\/clmar\/wp-content\/uploads\/Ambiente3.jpg\" \/>\n\t<meta property=\"og:image:width\" content=\"2016\" \/>\n\t<meta property=\"og:image:height\" content=\"1512\" \/>\n\t<meta property=\"og:image:type\" content=\"image\/jpeg\" \/>\n<meta name=\"author\" content=\"RCMMelilla\" \/>\n<meta name=\"twitter:card\" content=\"summary_large_image\" \/>\n<meta name=\"twitter:creator\" content=\"@nauticarcmm\" \/>\n<meta name=\"twitter:site\" content=\"@nauticarcmm\" \/>\n<meta name=\"twitter:label1\" content=\"Escrito por\" \/>\n\t<meta name=\"twitter:data1\" content=\"RCMMelilla\" \/>\n\t<meta name=\"twitter:label2\" content=\"Tiempo de lectura\" \/>\n\t<meta name=\"twitter:data2\" content=\"2 minutos\" \/>\n<script type=\"application\/ld+json\" class=\"yoast-schema-graph\">{\"@context\":\"https:\\\/\\\/schema.org\",\"@graph\":[{\"@type\":\"Article\",\"@id\":\"https:\\\/\\\/www.realclubmaritimomelilla.es\\\/clmar\\\/raul-guitart-y-alfonso-montero-ganan-el-24o-concurso-de-paellas-de-feria-en-el-real-club-maritimo\\\/#article\",\"isPartOf\":{\"@id\":\"https:\\\/\\\/www.realclubmaritimomelilla.es\\\/clmar\\\/raul-guitart-y-alfonso-montero-ganan-el-24o-concurso-de-paellas-de-feria-en-el-real-club-maritimo\\\/\"},\"author\":{\"name\":\"RCMMelilla\",\"@id\":\"https:\\\/\\\/www.realclubmaritimomelilla.es\\\/clmar\\\/#\\\/schema\\\/person\\\/ebaa3713496dc6d48c872452e73a8e79\"},\"headline\":\"RAUL GUITART Y ALFONSO MONTERO GANAN EL 24\u00ba CONCURSO DE PAELLAS DE FERIA EN EL REAL CLUB MAR\u00cdTIMO\",\"datePublished\":\"2023-09-09T15:55:45+00:00\",\"dateModified\":\"2024-03-27T09:10:03+00:00\",\"mainEntityOfPage\":{\"@id\":\"https:\\\/\\\/www.realclubmaritimomelilla.es\\\/clmar\\\/raul-guitart-y-alfonso-montero-ganan-el-24o-concurso-de-paellas-de-feria-en-el-real-club-maritimo\\\/\"},\"wordCount\":353,\"commentCount\":0,\"publisher\":{\"@id\":\"https:\\\/\\\/www.realclubmaritimomelilla.es\\\/clmar\\\/#organization\"},\"image\":{\"@id\":\"https:\\\/\\\/www.realclubmaritimomelilla.es\\\/clmar\\\/raul-guitart-y-alfonso-montero-ganan-el-24o-concurso-de-paellas-de-feria-en-el-real-club-maritimo\\\/#primaryimage\"},\"thumbnailUrl\":\"https:\\\/\\\/www.realclubmaritimomelilla.es\\\/clmar\\\/wp-content\\\/uploads\\\/Ambiente3.jpg\",\"articleSection\":[\"Celebraciones\",\"Trofeos\"],\"inLanguage\":\"es\",\"potentialAction\":[{\"@type\":\"CommentAction\",\"name\":\"Comment\",\"target\":[\"https:\\\/\\\/www.realclubmaritimomelilla.es\\\/clmar\\\/raul-guitart-y-alfonso-montero-ganan-el-24o-concurso-de-paellas-de-feria-en-el-real-club-maritimo\\\/#respond\"]}]},{\"@type\":\"WebPage\",\"@id\":\"https:\\\/\\\/www.realclubmaritimomelilla.es\\\/clmar\\\/raul-guitart-y-alfonso-montero-ganan-el-24o-concurso-de-paellas-de-feria-en-el-real-club-maritimo\\\/\",\"url\":\"https:\\\/\\\/www.realclubmaritimomelilla.es\\\/clmar\\\/raul-guitart-y-alfonso-montero-ganan-el-24o-concurso-de-paellas-de-feria-en-el-real-club-maritimo\\\/\",\"name\":\"RAUL GUITART Y ALFONSO MONTERO GANAN EL 24\u00ba CONCURSO DE PAELLAS DE FERIA EN EL REAL CLUB MAR\u00cdTIMO - Real Club Mar\u00edtimo de Melilla\",\"isPartOf\":{\"@id\":\"https:\\\/\\\/www.realclubmaritimomelilla.es\\\/clmar\\\/#website\"},\"primaryImageOfPage\":{\"@id\":\"https:\\\/\\\/www.realclubmaritimomelilla.es\\\/clmar\\\/raul-guitart-y-alfonso-montero-ganan-el-24o-concurso-de-paellas-de-feria-en-el-real-club-maritimo\\\/#primaryimage\"},\"image\":{\"@id\":\"https:\\\/\\\/www.realclubmaritimomelilla.es\\\/clmar\\\/raul-guitart-y-alfonso-montero-ganan-el-24o-concurso-de-paellas-de-feria-en-el-real-club-maritimo\\\/#primaryimage\"},\"thumbnailUrl\":\"https:\\\/\\\/www.realclubmaritimomelilla.es\\\/clmar\\\/wp-content\\\/uploads\\\/Ambiente3.jpg\",\"datePublished\":\"2023-09-09T15:55:45+00:00\",\"dateModified\":\"2024-03-27T09:10:03+00:00\",\"description\":\"RAUL GUITART Y ALFONSO MONTERO GANAN EL 24\u00ba CONCURSO DE PAELLAS DE FERIA EN EL REAL CLUB MAR\u00cdTIMO -\",\"breadcrumb\":{\"@id\":\"https:\\\/\\\/www.realclubmaritimomelilla.es\\\/clmar\\\/raul-guitart-y-alfonso-montero-ganan-el-24o-concurso-de-paellas-de-feria-en-el-real-club-maritimo\\\/#breadcrumb\"},\"inLanguage\":\"es\",\"potentialAction\":[{\"@type\":\"ReadAction\",\"target\":[\"https:\\\/\\\/www.realclubmaritimomelilla.es\\\/clmar\\\/raul-guitart-y-alfonso-montero-ganan-el-24o-concurso-de-paellas-de-feria-en-el-real-club-maritimo\\\/\"]}]},{\"@type\":\"ImageObject\",\"inLanguage\":\"es\",\"@id\":\"https:\\\/\\\/www.realclubmaritimomelilla.es\\\/clmar\\\/raul-guitart-y-alfonso-montero-ganan-el-24o-concurso-de-paellas-de-feria-en-el-real-club-maritimo\\\/#primaryimage\",\"url\":\"https:\\\/\\\/www.realclubmaritimomelilla.es\\\/clmar\\\/wp-content\\\/uploads\\\/Ambiente3.jpg\",\"contentUrl\":\"https:\\\/\\\/www.realclubmaritimomelilla.es\\\/clmar\\\/wp-content\\\/uploads\\\/Ambiente3.jpg\",\"width\":2016,\"height\":1512},{\"@type\":\"BreadcrumbList\",\"@id\":\"https:\\\/\\\/www.realclubmaritimomelilla.es\\\/clmar\\\/raul-guitart-y-alfonso-montero-ganan-el-24o-concurso-de-paellas-de-feria-en-el-real-club-maritimo\\\/#breadcrumb\",\"itemListElement\":[{\"@type\":\"ListItem\",\"position\":1,\"name\":\"Portada\",\"item\":\"https:\\\/\\\/www.realclubmaritimomelilla.es\\\/clmar\\\/\"},{\"@type\":\"ListItem\",\"position\":2,\"name\":\"RAUL GUITART Y ALFONSO MONTERO GANAN EL 24\u00ba CONCURSO DE PAELLAS DE FERIA EN EL REAL CLUB MAR\u00cdTIMO\"}]},{\"@type\":\"WebSite\",\"@id\":\"https:\\\/\\\/www.realclubmaritimomelilla.es\\\/clmar\\\/#website\",\"url\":\"https:\\\/\\\/www.realclubmaritimomelilla.es\\\/clmar\\\/\",\"name\":\"Real Club Mar\u00edtimo de Melilla\",\"description\":\"RCMM\",\"publisher\":{\"@id\":\"https:\\\/\\\/www.realclubmaritimomelilla.es\\\/clmar\\\/#organization\"},\"alternateName\":\"RCMM\",\"potentialAction\":[{\"@type\":\"SearchAction\",\"target\":{\"@type\":\"EntryPoint\",\"urlTemplate\":\"https:\\\/\\\/www.realclubmaritimomelilla.es\\\/clmar\\\/?s={search_term_string}\"},\"query-input\":{\"@type\":\"PropertyValueSpecification\",\"valueRequired\":true,\"valueName\":\"search_term_string\"}}],\"inLanguage\":\"es\"},{\"@type\":\"Organization\",\"@id\":\"https:\\\/\\\/www.realclubmaritimomelilla.es\\\/clmar\\\/#organization\",\"name\":\"Real Club Mar\u00edtimo de Melilla\",\"alternateName\":\"RCMM\",\"url\":\"https:\\\/\\\/www.realclubmaritimomelilla.es\\\/clmar\\\/\",\"logo\":{\"@type\":\"ImageObject\",\"inLanguage\":\"es\",\"@id\":\"https:\\\/\\\/www.realclubmaritimomelilla.es\\\/clmar\\\/#\\\/schema\\\/logo\\\/image\\\/\",\"url\":\"https:\\\/\\\/www.realclubmaritimomelilla.es\\\/clmar\\\/wp-content\\\/uploads\\\/logo-club-original-copia.jpg\",\"contentUrl\":\"https:\\\/\\\/www.realclubmaritimomelilla.es\\\/clmar\\\/wp-content\\\/uploads\\\/logo-club-original-copia.jpg\",\"width\":128,\"height\":89,\"caption\":\"Real Club Mar\u00edtimo de Melilla\"},\"image\":{\"@id\":\"https:\\\/\\\/www.realclubmaritimomelilla.es\\\/clmar\\\/#\\\/schema\\\/logo\\\/image\\\/\"},\"sameAs\":[\"https:\\\/\\\/www.facebook.com\\\/Real-Club-Mar\u00edtimo-de-Melilla-588495841234214\\\/\",\"https:\\\/\\\/x.com\\\/nauticarcmm\",\"https:\\\/\\\/www.instagram.com\\\/club_maritimo_melilla\\\/\",\"https:\\\/\\\/www.youtube.com\\\/@realclubmaritimodemelilla4703\",\"https:\\\/\\\/es.wikipedia.org\\\/wiki\\\/Real_Club_Mar\u00edtimo_de_Melilla\"]},{\"@type\":\"Person\",\"@id\":\"https:\\\/\\\/www.realclubmaritimomelilla.es\\\/clmar\\\/#\\\/schema\\\/person\\\/ebaa3713496dc6d48c872452e73a8e79\",\"name\":\"RCMMelilla\",\"image\":{\"@type\":\"ImageObject\",\"inLanguage\":\"es\",\"@id\":\"https:\\\/\\\/secure.gravatar.com\\\/avatar\\\/df1c24789360fb9308735c4ee556fc2bc5bf924bf01e53043b8b97ba272da33c?s=96&d=mm&r=g\",\"url\":\"https:\\\/\\\/secure.gravatar.com\\\/avatar\\\/df1c24789360fb9308735c4ee556fc2bc5bf924bf01e53043b8b97ba272da33c?s=96&d=mm&r=g\",\"contentUrl\":\"https:\\\/\\\/secure.gravatar.com\\\/avatar\\\/df1c24789360fb9308735c4ee556fc2bc5bf924bf01e53043b8b97ba272da33c?s=96&d=mm&r=g\",\"caption\":\"RCMMelilla\"}}]}<\/script>\n<!-- \/ Yoast SEO plugin. -->","yoast_head_json":{"title":"RAUL GUITART Y ALFONSO MONTERO GANAN EL 24\u00ba CONCURSO DE PAELLAS DE FERIA EN EL REAL CLUB MAR\u00cdTIMO - Real Club Mar\u00edtimo de Melilla","description":"RAUL GUITART Y ALFONSO MONTERO GANAN EL 24\u00ba CONCURSO DE PAELLAS DE FERIA EN EL REAL CLUB MAR\u00cdTIMO -","robots":{"index":"index","follow":"follow","max-snippet":"max-snippet:-1","max-image-preview":"max-image-preview:large","max-video-preview":"max-video-preview:-1"},"canonical":"https:\/\/www.realclubmaritimomelilla.es\/clmar\/raul-guitart-y-alfonso-montero-ganan-el-24o-concurso-de-paellas-de-feria-en-el-real-club-maritimo\/","og_locale":"es_ES","og_type":"article","og_title":"RAUL GUITART Y ALFONSO MONTERO GANAN EL 24\u00ba CONCURSO DE PAELLAS DE FERIA EN EL REAL CLUB MAR\u00cdTIMO - Real Club Mar\u00edtimo de Melilla","og_description":"RAUL GUITART Y ALFONSO MONTERO GANAN EL 24\u00ba CONCURSO DE PAELLAS DE FERIA EN EL REAL CLUB MAR\u00cdTIMO -","og_url":"https:\/\/www.realclubmaritimomelilla.es\/clmar\/raul-guitart-y-alfonso-montero-ganan-el-24o-concurso-de-paellas-de-feria-en-el-real-club-maritimo\/","og_site_name":"Real Club Mar\u00edtimo de Melilla","article_publisher":"https:\/\/www.facebook.com\/Real-Club-Mar%c3%adtimo-de-Melilla-588495841234214\/","article_published_time":"2023-09-09T15:55:45+00:00","article_modified_time":"2024-03-27T09:10:03+00:00","og_image":[{"width":2016,"height":1512,"url":"https:\/\/www.realclubmaritimomelilla.es\/clmar\/wp-content\/uploads\/Ambiente3.jpg","type":"image\/jpeg"}],"author":"RCMMelilla","twitter_card":"summary_large_image","twitter_creator":"@nauticarcmm","twitter_site":"@nauticarcmm","twitter_misc":{"Escrito por":"RCMMelilla","Tiempo de lectura":"2 minutos"},"schema":{"@context":"https:\/\/schema.org","@graph":[{"@type":"Article","@id":"https:\/\/www.realclubmaritimomelilla.es\/clmar\/raul-guitart-y-alfonso-montero-ganan-el-24o-concurso-de-paellas-de-feria-en-el-real-club-maritimo\/#article","isPartOf":{"@id":"https:\/\/www.realclubmaritimomelilla.es\/clmar\/raul-guitart-y-alfonso-montero-ganan-el-24o-concurso-de-paellas-de-feria-en-el-real-club-maritimo\/"},"author":{"name":"RCMMelilla","@id":"https:\/\/www.realclubmaritimomelilla.es\/clmar\/#\/schema\/person\/ebaa3713496dc6d48c872452e73a8e79"},"headline":"RAUL GUITART Y ALFONSO MONTERO GANAN EL 24\u00ba CONCURSO DE PAELLAS DE FERIA EN EL REAL CLUB MAR\u00cdTIMO","datePublished":"2023-09-09T15:55:45+00:00","dateModified":"2024-03-27T09:10:03+00:00","mainEntityOfPage":{"@id":"https:\/\/www.realclubmaritimomelilla.es\/clmar\/raul-guitart-y-alfonso-montero-ganan-el-24o-concurso-de-paellas-de-feria-en-el-real-club-maritimo\/"},"wordCount":353,"commentCount":0,"publisher":{"@id":"https:\/\/www.realclubmaritimomelilla.es\/clmar\/#organization"},"image":{"@id":"https:\/\/www.realclubmaritimomelilla.es\/clmar\/raul-guitart-y-alfonso-montero-ganan-el-24o-concurso-de-paellas-de-feria-en-el-real-club-maritimo\/#primaryimage"},"thumbnailUrl":"https:\/\/www.realclubmaritimomelilla.es\/clmar\/wp-content\/uploads\/Ambiente3.jpg","articleSection":["Celebraciones","Trofeos"],"inLanguage":"es","potentialAction":[{"@type":"CommentAction","name":"Comment","target":["https:\/\/www.realclubmaritimomelilla.es\/clmar\/raul-guitart-y-alfonso-montero-ganan-el-24o-concurso-de-paellas-de-feria-en-el-real-club-maritimo\/#respond"]}]},{"@type":"WebPage","@id":"https:\/\/www.realclubmaritimomelilla.es\/clmar\/raul-guitart-y-alfonso-montero-ganan-el-24o-concurso-de-paellas-de-feria-en-el-real-club-maritimo\/","url":"https:\/\/www.realclubmaritimomelilla.es\/clmar\/raul-guitart-y-alfonso-montero-ganan-el-24o-concurso-de-paellas-de-feria-en-el-real-club-maritimo\/","name":"RAUL GUITART Y ALFONSO MONTERO GANAN EL 24\u00ba CONCURSO DE PAELLAS DE FERIA EN EL REAL CLUB MAR\u00cdTIMO - Real Club Mar\u00edtimo de Melilla","isPartOf":{"@id":"https:\/\/www.realclubmaritimomelilla.es\/clmar\/#website"},"primaryImageOfPage":{"@id":"https:\/\/www.realclubmaritimomelilla.es\/clmar\/raul-guitart-y-alfonso-montero-ganan-el-24o-concurso-de-paellas-de-feria-en-el-real-club-maritimo\/#primaryimage"},"image":{"@id":"https:\/\/www.realclubmaritimomelilla.es\/clmar\/raul-guitart-y-alfonso-montero-ganan-el-24o-concurso-de-paellas-de-feria-en-el-real-club-maritimo\/#primaryimage"},"thumbnailUrl":"https:\/\/www.realclubmaritimomelilla.es\/clmar\/wp-content\/uploads\/Ambiente3.jpg","datePublished":"2023-09-09T15:55:45+00:00","dateModified":"2024-03-27T09:10:03+00:00","description":"RAUL GUITART Y ALFONSO MONTERO GANAN EL 24\u00ba CONCURSO DE PAELLAS DE FERIA EN EL REAL CLUB MAR\u00cdTIMO -","breadcrumb":{"@id":"https:\/\/www.realclubmaritimomelilla.es\/clmar\/raul-guitart-y-alfonso-montero-ganan-el-24o-concurso-de-paellas-de-feria-en-el-real-club-maritimo\/#breadcrumb"},"inLanguage":"es","potentialAction":[{"@type":"ReadAction","target":["https:\/\/www.realclubmaritimomelilla.es\/clmar\/raul-guitart-y-alfonso-montero-ganan-el-24o-concurso-de-paellas-de-feria-en-el-real-club-maritimo\/"]}]},{"@type":"ImageObject","inLanguage":"es","@id":"https:\/\/www.realclubmaritimomelilla.es\/clmar\/raul-guitart-y-alfonso-montero-ganan-el-24o-concurso-de-paellas-de-feria-en-el-real-club-maritimo\/#primaryimage","url":"https:\/\/www.realclubmaritimomelilla.es\/clmar\/wp-content\/uploads\/Ambiente3.jpg","contentUrl":"https:\/\/www.realclubmaritimomelilla.es\/clmar\/wp-content\/uploads\/Ambiente3.jpg","width":2016,"height":1512},{"@type":"BreadcrumbList","@id":"https:\/\/www.realclubmaritimomelilla.es\/clmar\/raul-guitart-y-alfonso-montero-ganan-el-24o-concurso-de-paellas-de-feria-en-el-real-club-maritimo\/#breadcrumb","itemListElement":[{"@type":"ListItem","position":1,"name":"Portada","item":"https:\/\/www.realclubmaritimomelilla.es\/clmar\/"},{"@type":"ListItem","position":2,"name":"RAUL GUITART Y ALFONSO MONTERO GANAN EL 24\u00ba CONCURSO DE PAELLAS DE FERIA EN EL REAL CLUB MAR\u00cdTIMO"}]},{"@type":"WebSite","@id":"https:\/\/www.realclubmaritimomelilla.es\/clmar\/#website","url":"https:\/\/www.realclubmaritimomelilla.es\/clmar\/","name":"Real Club Mar\u00edtimo de Melilla","description":"RCMM","publisher":{"@id":"https:\/\/www.realclubmaritimomelilla.es\/clmar\/#organization"},"alternateName":"RCMM","potentialAction":[{"@type":"SearchAction","target":{"@type":"EntryPoint","urlTemplate":"https:\/\/www.realclubmaritimomelilla.es\/clmar\/?s={search_term_string}"},"query-input":{"@type":"PropertyValueSpecification","valueRequired":true,"valueName":"search_term_string"}}],"inLanguage":"es"},{"@type":"Organization","@id":"https:\/\/www.realclubmaritimomelilla.es\/clmar\/#organization","name":"Real Club Mar\u00edtimo de Melilla","alternateName":"RCMM","url":"https:\/\/www.realclubmaritimomelilla.es\/clmar\/","logo":{"@type":"ImageObject","inLanguage":"es","@id":"https:\/\/www.realclubmaritimomelilla.es\/clmar\/#\/schema\/logo\/image\/","url":"https:\/\/www.realclubmaritimomelilla.es\/clmar\/wp-content\/uploads\/logo-club-original-copia.jpg","contentUrl":"https:\/\/www.realclubmaritimomelilla.es\/clmar\/wp-content\/uploads\/logo-club-original-copia.jpg","width":128,"height":89,"caption":"Real Club Mar\u00edtimo de Melilla"},"image":{"@id":"https:\/\/www.realclubmaritimomelilla.es\/clmar\/#\/schema\/logo\/image\/"},"sameAs":["https:\/\/www.facebook.com\/Real-Club-Mar\u00edtimo-de-Melilla-588495841234214\/","https:\/\/x.com\/nauticarcmm","https:\/\/www.instagram.com\/club_maritimo_melilla\/","https:\/\/www.youtube.com\/@realclubmaritimodemelilla4703","https:\/\/es.wikipedia.org\/wiki\/Real_Club_Mar\u00edtimo_de_Melilla"]},{"@type":"Person","@id":"https:\/\/www.realclubmaritimomelilla.es\/clmar\/#\/schema\/person\/ebaa3713496dc6d48c872452e73a8e79","name":"RCMMelilla","image":{"@type":"ImageObject","inLanguage":"es","@id":"https:\/\/secure.gravatar.com\/avatar\/df1c24789360fb9308735c4ee556fc2bc5bf924bf01e53043b8b97ba272da33c?s=96&d=mm&r=g","url":"https:\/\/secure.gravatar.com\/avatar\/df1c24789360fb9308735c4ee556fc2bc5bf924bf01e53043b8b97ba272da33c?s=96&d=mm&r=g","contentUrl":"https:\/\/secure.gravatar.com\/avatar\/df1c24789360fb9308735c4ee556fc2bc5bf924bf01e53043b8b97ba272da33c?s=96&d=mm&r=g","caption":"RCMMelilla"}}]}},"_links":{"self":[{"href":"https:\/\/www.realclubmaritimomelilla.es\/clmar\/wp-json\/wp\/v2\/posts\/21365","targetHints":{"allow":["GET"]}}],"collection":[{"href":"https:\/\/www.realclubmaritimomelilla.es\/clmar\/wp-json\/wp\/v2\/posts"}],"about":[{"href":"https:\/\/www.realclubmaritimomelilla.es\/clmar\/wp-json\/wp\/v2\/types\/post"}],"author":[{"embeddable":true,"href":"https:\/\/www.realclubmaritimomelilla.es\/clmar\/wp-json\/wp\/v2\/users\/1"}],"replies":[{"embeddable":true,"href":"https:\/\/www.realclubmaritimomelilla.es\/clmar\/wp-json\/wp\/v2\/comments?post=21365"}],"version-history":[{"count":1,"href":"https:\/\/www.realclubmaritimomelilla.es\/clmar\/wp-json\/wp\/v2\/posts\/21365\/revisions"}],"predecessor-version":[{"id":21406,"href":"https:\/\/www.realclubmaritimomelilla.es\/clmar\/wp-json\/wp\/v2\/posts\/21365\/revisions\/21406"}],"wp:featuredmedia":[{"embeddable":true,"href":"https:\/\/www.realclubmaritimomelilla.es\/clmar\/wp-json\/wp\/v2\/media\/21376"}],"wp:attachment":[{"href":"https:\/\/www.realclubmaritimomelilla.es\/clmar\/wp-json\/wp\/v2\/media?parent=21365"}],"wp:term":[{"taxonomy":"category","embeddable":true,"href":"https:\/\/www.realclubmaritimomelilla.es\/clmar\/wp-json\/wp\/v2\/categories?post=21365"},{"taxonomy":"post_tag","embeddable":true,"href":"https:\/\/www.realclubmaritimomelilla.es\/clmar\/wp-json\/wp\/v2\/tags?post=21365"}],"curies":[{"name":"wp","href":"https:\/\/api.w.org\/{rel}","templated":true}]}}