{"id":21363,"date":"2023-09-08T14:25:03","date_gmt":"2023-09-08T12:25:03","guid":{"rendered":"https:\/\/www.realclubmaritimomelilla.es\/clmar\/?p=21363"},"modified":"2024-03-27T10:10:25","modified_gmt":"2024-03-27T09:10:25","slug":"este-sabado-segunda-prueba-del-clasificatorio-para-el-nacional-de-cruceros-organizada-por-el-real-club-maritimo-de-melilla","status":"publish","type":"post","link":"https:\/\/www.realclubmaritimomelilla.es\/clmar\/este-sabado-segunda-prueba-del-clasificatorio-para-el-nacional-de-cruceros-organizada-por-el-real-club-maritimo-de-melilla\/","title":{"rendered":"ESTE S\u00c1BADO SEGUNDA PRUEBA DEL CLASIFICATORIO PARA EL NACIONAL DE CRUCEROS ORGANIZADA POR EL REAL CLUB MAR\u00cdTIMO DE MELILLA"},"content":{"rendered":"<div>El Real Club Mar\u00edtimo de Melilla organiza este\u00a0s\u00e1bado la segunda\u00a0prueba\u00a0clasificatoria\u00a0para el Campeonato de Espa\u00f1a de Cruceros ORC.<span class=\"gmail-Apple-converted-space\">\u00a0En julio, se desarroll\u00f3 la primera cita con la tripulaci\u00f3n del &#8216;Olivita&#8217; como campeona y, por tanto, acude este s\u00e1bado como l\u00edder de la competici\u00f3n.\u00a0<\/span><\/div>\n<div><span class=\"gmail-Apple-converted-space\">\u00a0<\/span><\/div>\n<div><span class=\"gmail-Apple-converted-space\">A las once de la ma\u00f1ana est\u00e1n citadas las cinco embarcaciones que tomar\u00e1n parte en este clasificatorio, que desarrolla el Comit\u00e9 de Regatas del Club Mar\u00edtimo, puesto que ha sido la entidad designada por la Real Federaci\u00f3n Espa\u00f1ola de Vela para organizarlo en la ciudad aut\u00f3noma.\u00a0<\/span><\/div>\n<div><span class=\"gmail-Apple-converted-space\">\u00a0<\/span><\/div>\n<div><span class=\"gmail-Apple-converted-space\">La primera prueba\u00a0puntuable se desarroll\u00f3 el 22 de julio, con &#8216;Olivita&#8217;, &#8216;Victoria V&#8217; y &#8216;Kelaya&#8217;. Para conseguir el billete para el Nacional que se disputar\u00e1 en el Real Club de Yates de Bayona entre el 13 y 15 de octubre, se deber\u00e1 ser la mejor en estas dos pruebas que se disputar\u00e1n en aguas melillenses.<br \/>\n<\/span><\/div>\n<div><span class=\"gmail-Apple-converted-space\">\u00a0<\/span><\/div>\n<div><span class=\"gmail-Apple-converted-space\">La entrega de trofeos se desarrollar\u00e1 a la conclusi\u00f3n de la regata.\u00a0<\/span><\/div>\n","protected":false},"excerpt":{"rendered":"<p>El Real Club Mar\u00edtimo de Melilla organiza este\u00a0s\u00e1bado la segunda\u00a0prueba\u00a0clasificatoria\u00a0para el Campeonato de Espa\u00f1a de Cruceros ORC.\u00a0En julio, se desarroll\u00f3 la primera cita con la tripulaci\u00f3n del &#8216;Olivita&#8217; como campeona y, por tanto, acude este s\u00e1bado como l\u00edder de la competici\u00f3n.\u00a0 \u00a0 A las once de la ma\u00f1ana est\u00e1n citadas las cinco embarcaciones que tomar\u00e1n [&hellip;]<\/p>\n","protected":false},"author":1,"featured_media":20931,"comment_status":"open","ping_status":"open","sticky":false,"template":"","format":"standard","meta":{"_acf_changed":false,"footnotes":""},"categories":[38],"tags":[],"class_list":["post-21363","post","type-post","status-publish","format-standard","has-post-thumbnail","hentry","category-nautica"],"acf":[],"yoast_head":"<!-- This site is optimized with the Yoast SEO plugin v27.5 - https:\/\/yoast.com\/product\/yoast-seo-wordpress\/ -->\n<title>ESTE S\u00c1BADO SEGUNDA PRUEBA DEL CLASIFICATORIO PARA EL NACIONAL DE CRUCEROS ORGANIZADA POR EL REAL CLUB MAR\u00cdTIMO DE MELILLA - Real Club Mar\u00edtimo de Melilla<\/title>\n<meta name=\"description\" content=\"ESTE S\u00c1BADO SEGUNDA PRUEBA DEL CLASIFICATORIO PARA EL NACIONAL DE CRUCEROS ORGANIZADA POR EL REAL CLUB MAR\u00cdTIMO DE MELILLA -\" \/>\n<meta name=\"robots\" content=\"index, follow, max-snippet:-1, max-image-preview:large, max-video-preview:-1\" \/>\n<link rel=\"canonical\" href=\"https:\/\/www.realclubmaritimomelilla.es\/clmar\/este-sabado-segunda-prueba-del-clasificatorio-para-el-nacional-de-cruceros-organizada-por-el-real-club-maritimo-de-melilla\/\" \/>\n<meta property=\"og:locale\" content=\"es_ES\" \/>\n<meta property=\"og:type\" content=\"article\" \/>\n<meta property=\"og:title\" content=\"ESTE S\u00c1BADO SEGUNDA PRUEBA DEL CLASIFICATORIO PARA EL NACIONAL DE CRUCEROS ORGANIZADA POR EL REAL CLUB MAR\u00cdTIMO DE MELILLA - Real Club Mar\u00edtimo de Melilla\" \/>\n<meta property=\"og:description\" content=\"ESTE S\u00c1BADO SEGUNDA PRUEBA DEL CLASIFICATORIO PARA EL NACIONAL DE CRUCEROS ORGANIZADA POR EL REAL CLUB MAR\u00cdTIMO DE MELILLA -\" \/>\n<meta property=\"og:url\" content=\"https:\/\/www.realclubmaritimomelilla.es\/clmar\/este-sabado-segunda-prueba-del-clasificatorio-para-el-nacional-de-cruceros-organizada-por-el-real-club-maritimo-de-melilla\/\" \/>\n<meta property=\"og:site_name\" content=\"Real Club Mar\u00edtimo de Melilla\" \/>\n<meta property=\"article:publisher\" content=\"https:\/\/www.facebook.com\/Real-Club-Mar%c3%adtimo-de-Melilla-588495841234214\/\" \/>\n<meta property=\"article:published_time\" content=\"2023-09-08T12:25:03+00:00\" \/>\n<meta property=\"article:modified_time\" content=\"2024-03-27T09:10:25+00:00\" \/>\n<meta property=\"og:image\" content=\"https:\/\/www.realclubmaritimomelilla.es\/clmar\/wp-content\/uploads\/RCMM16-scaled.jpg\" \/>\n\t<meta property=\"og:image:width\" content=\"2560\" \/>\n\t<meta property=\"og:image:height\" content=\"1707\" \/>\n\t<meta property=\"og:image:type\" content=\"image\/jpeg\" \/>\n<meta name=\"author\" content=\"RCMMelilla\" \/>\n<meta name=\"twitter:card\" content=\"summary_large_image\" \/>\n<meta name=\"twitter:creator\" content=\"@nauticarcmm\" \/>\n<meta name=\"twitter:site\" content=\"@nauticarcmm\" \/>\n<meta name=\"twitter:label1\" content=\"Escrito por\" \/>\n\t<meta name=\"twitter:data1\" content=\"RCMMelilla\" \/>\n\t<meta name=\"twitter:label2\" content=\"Tiempo de lectura\" \/>\n\t<meta name=\"twitter:data2\" content=\"1 minuto\" \/>\n<script type=\"application\/ld+json\" class=\"yoast-schema-graph\">{\"@context\":\"https:\\\/\\\/schema.org\",\"@graph\":[{\"@type\":\"Article\",\"@id\":\"https:\\\/\\\/www.realclubmaritimomelilla.es\\\/clmar\\\/este-sabado-segunda-prueba-del-clasificatorio-para-el-nacional-de-cruceros-organizada-por-el-real-club-maritimo-de-melilla\\\/#article\",\"isPartOf\":{\"@id\":\"https:\\\/\\\/www.realclubmaritimomelilla.es\\\/clmar\\\/este-sabado-segunda-prueba-del-clasificatorio-para-el-nacional-de-cruceros-organizada-por-el-real-club-maritimo-de-melilla\\\/\"},\"author\":{\"name\":\"RCMMelilla\",\"@id\":\"https:\\\/\\\/www.realclubmaritimomelilla.es\\\/clmar\\\/#\\\/schema\\\/person\\\/ebaa3713496dc6d48c872452e73a8e79\"},\"headline\":\"ESTE S\u00c1BADO SEGUNDA PRUEBA DEL CLASIFICATORIO PARA EL NACIONAL DE CRUCEROS ORGANIZADA POR EL REAL CLUB MAR\u00cdTIMO DE MELILLA\",\"datePublished\":\"2023-09-08T12:25:03+00:00\",\"dateModified\":\"2024-03-27T09:10:25+00:00\",\"mainEntityOfPage\":{\"@id\":\"https:\\\/\\\/www.realclubmaritimomelilla.es\\\/clmar\\\/este-sabado-segunda-prueba-del-clasificatorio-para-el-nacional-de-cruceros-organizada-por-el-real-club-maritimo-de-melilla\\\/\"},\"wordCount\":194,\"commentCount\":0,\"publisher\":{\"@id\":\"https:\\\/\\\/www.realclubmaritimomelilla.es\\\/clmar\\\/#organization\"},\"image\":{\"@id\":\"https:\\\/\\\/www.realclubmaritimomelilla.es\\\/clmar\\\/este-sabado-segunda-prueba-del-clasificatorio-para-el-nacional-de-cruceros-organizada-por-el-real-club-maritimo-de-melilla\\\/#primaryimage\"},\"thumbnailUrl\":\"https:\\\/\\\/www.realclubmaritimomelilla.es\\\/clmar\\\/wp-content\\\/uploads\\\/RCMM16-scaled.jpg\",\"articleSection\":[\"N\u00e1utica\"],\"inLanguage\":\"es\",\"potentialAction\":[{\"@type\":\"CommentAction\",\"name\":\"Comment\",\"target\":[\"https:\\\/\\\/www.realclubmaritimomelilla.es\\\/clmar\\\/este-sabado-segunda-prueba-del-clasificatorio-para-el-nacional-de-cruceros-organizada-por-el-real-club-maritimo-de-melilla\\\/#respond\"]}]},{\"@type\":\"WebPage\",\"@id\":\"https:\\\/\\\/www.realclubmaritimomelilla.es\\\/clmar\\\/este-sabado-segunda-prueba-del-clasificatorio-para-el-nacional-de-cruceros-organizada-por-el-real-club-maritimo-de-melilla\\\/\",\"url\":\"https:\\\/\\\/www.realclubmaritimomelilla.es\\\/clmar\\\/este-sabado-segunda-prueba-del-clasificatorio-para-el-nacional-de-cruceros-organizada-por-el-real-club-maritimo-de-melilla\\\/\",\"name\":\"ESTE S\u00c1BADO SEGUNDA PRUEBA DEL CLASIFICATORIO PARA EL NACIONAL DE CRUCEROS ORGANIZADA POR EL REAL CLUB MAR\u00cdTIMO DE MELILLA - Real Club Mar\u00edtimo de Melilla\",\"isPartOf\":{\"@id\":\"https:\\\/\\\/www.realclubmaritimomelilla.es\\\/clmar\\\/#website\"},\"primaryImageOfPage\":{\"@id\":\"https:\\\/\\\/www.realclubmaritimomelilla.es\\\/clmar\\\/este-sabado-segunda-prueba-del-clasificatorio-para-el-nacional-de-cruceros-organizada-por-el-real-club-maritimo-de-melilla\\\/#primaryimage\"},\"image\":{\"@id\":\"https:\\\/\\\/www.realclubmaritimomelilla.es\\\/clmar\\\/este-sabado-segunda-prueba-del-clasificatorio-para-el-nacional-de-cruceros-organizada-por-el-real-club-maritimo-de-melilla\\\/#primaryimage\"},\"thumbnailUrl\":\"https:\\\/\\\/www.realclubmaritimomelilla.es\\\/clmar\\\/wp-content\\\/uploads\\\/RCMM16-scaled.jpg\",\"datePublished\":\"2023-09-08T12:25:03+00:00\",\"dateModified\":\"2024-03-27T09:10:25+00:00\",\"description\":\"ESTE S\u00c1BADO SEGUNDA PRUEBA DEL CLASIFICATORIO PARA EL NACIONAL DE CRUCEROS ORGANIZADA POR EL REAL CLUB MAR\u00cdTIMO DE MELILLA -\",\"breadcrumb\":{\"@id\":\"https:\\\/\\\/www.realclubmaritimomelilla.es\\\/clmar\\\/este-sabado-segunda-prueba-del-clasificatorio-para-el-nacional-de-cruceros-organizada-por-el-real-club-maritimo-de-melilla\\\/#breadcrumb\"},\"inLanguage\":\"es\",\"potentialAction\":[{\"@type\":\"ReadAction\",\"target\":[\"https:\\\/\\\/www.realclubmaritimomelilla.es\\\/clmar\\\/este-sabado-segunda-prueba-del-clasificatorio-para-el-nacional-de-cruceros-organizada-por-el-real-club-maritimo-de-melilla\\\/\"]}]},{\"@type\":\"ImageObject\",\"inLanguage\":\"es\",\"@id\":\"https:\\\/\\\/www.realclubmaritimomelilla.es\\\/clmar\\\/este-sabado-segunda-prueba-del-clasificatorio-para-el-nacional-de-cruceros-organizada-por-el-real-club-maritimo-de-melilla\\\/#primaryimage\",\"url\":\"https:\\\/\\\/www.realclubmaritimomelilla.es\\\/clmar\\\/wp-content\\\/uploads\\\/RCMM16-scaled.jpg\",\"contentUrl\":\"https:\\\/\\\/www.realclubmaritimomelilla.es\\\/clmar\\\/wp-content\\\/uploads\\\/RCMM16-scaled.jpg\",\"width\":2560,\"height\":1707},{\"@type\":\"BreadcrumbList\",\"@id\":\"https:\\\/\\\/www.realclubmaritimomelilla.es\\\/clmar\\\/este-sabado-segunda-prueba-del-clasificatorio-para-el-nacional-de-cruceros-organizada-por-el-real-club-maritimo-de-melilla\\\/#breadcrumb\",\"itemListElement\":[{\"@type\":\"ListItem\",\"position\":1,\"name\":\"Portada\",\"item\":\"https:\\\/\\\/www.realclubmaritimomelilla.es\\\/clmar\\\/\"},{\"@type\":\"ListItem\",\"position\":2,\"name\":\"ESTE S\u00c1BADO SEGUNDA PRUEBA DEL CLASIFICATORIO PARA EL NACIONAL DE CRUCEROS ORGANIZADA POR EL REAL CLUB MAR\u00cdTIMO DE MELILLA\"}]},{\"@type\":\"WebSite\",\"@id\":\"https:\\\/\\\/www.realclubmaritimomelilla.es\\\/clmar\\\/#website\",\"url\":\"https:\\\/\\\/www.realclubmaritimomelilla.es\\\/clmar\\\/\",\"name\":\"Real Club Mar\u00edtimo de Melilla\",\"description\":\"RCMM\",\"publisher\":{\"@id\":\"https:\\\/\\\/www.realclubmaritimomelilla.es\\\/clmar\\\/#organization\"},\"alternateName\":\"RCMM\",\"potentialAction\":[{\"@type\":\"SearchAction\",\"target\":{\"@type\":\"EntryPoint\",\"urlTemplate\":\"https:\\\/\\\/www.realclubmaritimomelilla.es\\\/clmar\\\/?s={search_term_string}\"},\"query-input\":{\"@type\":\"PropertyValueSpecification\",\"valueRequired\":true,\"valueName\":\"search_term_string\"}}],\"inLanguage\":\"es\"},{\"@type\":\"Organization\",\"@id\":\"https:\\\/\\\/www.realclubmaritimomelilla.es\\\/clmar\\\/#organization\",\"name\":\"Real Club Mar\u00edtimo de Melilla\",\"alternateName\":\"RCMM\",\"url\":\"https:\\\/\\\/www.realclubmaritimomelilla.es\\\/clmar\\\/\",\"logo\":{\"@type\":\"ImageObject\",\"inLanguage\":\"es\",\"@id\":\"https:\\\/\\\/www.realclubmaritimomelilla.es\\\/clmar\\\/#\\\/schema\\\/logo\\\/image\\\/\",\"url\":\"https:\\\/\\\/www.realclubmaritimomelilla.es\\\/clmar\\\/wp-content\\\/uploads\\\/logo-club-original-copia.jpg\",\"contentUrl\":\"https:\\\/\\\/www.realclubmaritimomelilla.es\\\/clmar\\\/wp-content\\\/uploads\\\/logo-club-original-copia.jpg\",\"width\":128,\"height\":89,\"caption\":\"Real Club Mar\u00edtimo de Melilla\"},\"image\":{\"@id\":\"https:\\\/\\\/www.realclubmaritimomelilla.es\\\/clmar\\\/#\\\/schema\\\/logo\\\/image\\\/\"},\"sameAs\":[\"https:\\\/\\\/www.facebook.com\\\/Real-Club-Mar\u00edtimo-de-Melilla-588495841234214\\\/\",\"https:\\\/\\\/x.com\\\/nauticarcmm\",\"https:\\\/\\\/www.instagram.com\\\/club_maritimo_melilla\\\/\",\"https:\\\/\\\/www.youtube.com\\\/@realclubmaritimodemelilla4703\",\"https:\\\/\\\/es.wikipedia.org\\\/wiki\\\/Real_Club_Mar\u00edtimo_de_Melilla\"]},{\"@type\":\"Person\",\"@id\":\"https:\\\/\\\/www.realclubmaritimomelilla.es\\\/clmar\\\/#\\\/schema\\\/person\\\/ebaa3713496dc6d48c872452e73a8e79\",\"name\":\"RCMMelilla\",\"image\":{\"@type\":\"ImageObject\",\"inLanguage\":\"es\",\"@id\":\"https:\\\/\\\/secure.gravatar.com\\\/avatar\\\/df1c24789360fb9308735c4ee556fc2bc5bf924bf01e53043b8b97ba272da33c?s=96&d=mm&r=g\",\"url\":\"https:\\\/\\\/secure.gravatar.com\\\/avatar\\\/df1c24789360fb9308735c4ee556fc2bc5bf924bf01e53043b8b97ba272da33c?s=96&d=mm&r=g\",\"contentUrl\":\"https:\\\/\\\/secure.gravatar.com\\\/avatar\\\/df1c24789360fb9308735c4ee556fc2bc5bf924bf01e53043b8b97ba272da33c?s=96&d=mm&r=g\",\"caption\":\"RCMMelilla\"}}]}<\/script>\n<!-- \/ Yoast SEO plugin. -->","yoast_head_json":{"title":"ESTE S\u00c1BADO SEGUNDA PRUEBA DEL CLASIFICATORIO PARA EL NACIONAL DE CRUCEROS ORGANIZADA POR EL REAL CLUB MAR\u00cdTIMO DE MELILLA - Real Club Mar\u00edtimo de Melilla","description":"ESTE S\u00c1BADO SEGUNDA PRUEBA DEL CLASIFICATORIO PARA EL NACIONAL DE CRUCEROS ORGANIZADA POR EL REAL CLUB MAR\u00cdTIMO DE MELILLA -","robots":{"index":"index","follow":"follow","max-snippet":"max-snippet:-1","max-image-preview":"max-image-preview:large","max-video-preview":"max-video-preview:-1"},"canonical":"https:\/\/www.realclubmaritimomelilla.es\/clmar\/este-sabado-segunda-prueba-del-clasificatorio-para-el-nacional-de-cruceros-organizada-por-el-real-club-maritimo-de-melilla\/","og_locale":"es_ES","og_type":"article","og_title":"ESTE S\u00c1BADO SEGUNDA PRUEBA DEL CLASIFICATORIO PARA EL NACIONAL DE CRUCEROS ORGANIZADA POR EL REAL CLUB MAR\u00cdTIMO DE MELILLA - Real Club Mar\u00edtimo de Melilla","og_description":"ESTE S\u00c1BADO SEGUNDA PRUEBA DEL CLASIFICATORIO PARA EL NACIONAL DE CRUCEROS ORGANIZADA POR EL REAL CLUB MAR\u00cdTIMO DE MELILLA -","og_url":"https:\/\/www.realclubmaritimomelilla.es\/clmar\/este-sabado-segunda-prueba-del-clasificatorio-para-el-nacional-de-cruceros-organizada-por-el-real-club-maritimo-de-melilla\/","og_site_name":"Real Club Mar\u00edtimo de Melilla","article_publisher":"https:\/\/www.facebook.com\/Real-Club-Mar%c3%adtimo-de-Melilla-588495841234214\/","article_published_time":"2023-09-08T12:25:03+00:00","article_modified_time":"2024-03-27T09:10:25+00:00","og_image":[{"width":2560,"height":1707,"url":"https:\/\/www.realclubmaritimomelilla.es\/clmar\/wp-content\/uploads\/RCMM16-scaled.jpg","type":"image\/jpeg"}],"author":"RCMMelilla","twitter_card":"summary_large_image","twitter_creator":"@nauticarcmm","twitter_site":"@nauticarcmm","twitter_misc":{"Escrito por":"RCMMelilla","Tiempo de lectura":"1 minuto"},"schema":{"@context":"https:\/\/schema.org","@graph":[{"@type":"Article","@id":"https:\/\/www.realclubmaritimomelilla.es\/clmar\/este-sabado-segunda-prueba-del-clasificatorio-para-el-nacional-de-cruceros-organizada-por-el-real-club-maritimo-de-melilla\/#article","isPartOf":{"@id":"https:\/\/www.realclubmaritimomelilla.es\/clmar\/este-sabado-segunda-prueba-del-clasificatorio-para-el-nacional-de-cruceros-organizada-por-el-real-club-maritimo-de-melilla\/"},"author":{"name":"RCMMelilla","@id":"https:\/\/www.realclubmaritimomelilla.es\/clmar\/#\/schema\/person\/ebaa3713496dc6d48c872452e73a8e79"},"headline":"ESTE S\u00c1BADO SEGUNDA PRUEBA DEL CLASIFICATORIO PARA EL NACIONAL DE CRUCEROS ORGANIZADA POR EL REAL CLUB MAR\u00cdTIMO DE MELILLA","datePublished":"2023-09-08T12:25:03+00:00","dateModified":"2024-03-27T09:10:25+00:00","mainEntityOfPage":{"@id":"https:\/\/www.realclubmaritimomelilla.es\/clmar\/este-sabado-segunda-prueba-del-clasificatorio-para-el-nacional-de-cruceros-organizada-por-el-real-club-maritimo-de-melilla\/"},"wordCount":194,"commentCount":0,"publisher":{"@id":"https:\/\/www.realclubmaritimomelilla.es\/clmar\/#organization"},"image":{"@id":"https:\/\/www.realclubmaritimomelilla.es\/clmar\/este-sabado-segunda-prueba-del-clasificatorio-para-el-nacional-de-cruceros-organizada-por-el-real-club-maritimo-de-melilla\/#primaryimage"},"thumbnailUrl":"https:\/\/www.realclubmaritimomelilla.es\/clmar\/wp-content\/uploads\/RCMM16-scaled.jpg","articleSection":["N\u00e1utica"],"inLanguage":"es","potentialAction":[{"@type":"CommentAction","name":"Comment","target":["https:\/\/www.realclubmaritimomelilla.es\/clmar\/este-sabado-segunda-prueba-del-clasificatorio-para-el-nacional-de-cruceros-organizada-por-el-real-club-maritimo-de-melilla\/#respond"]}]},{"@type":"WebPage","@id":"https:\/\/www.realclubmaritimomelilla.es\/clmar\/este-sabado-segunda-prueba-del-clasificatorio-para-el-nacional-de-cruceros-organizada-por-el-real-club-maritimo-de-melilla\/","url":"https:\/\/www.realclubmaritimomelilla.es\/clmar\/este-sabado-segunda-prueba-del-clasificatorio-para-el-nacional-de-cruceros-organizada-por-el-real-club-maritimo-de-melilla\/","name":"ESTE S\u00c1BADO SEGUNDA PRUEBA DEL CLASIFICATORIO PARA EL NACIONAL DE CRUCEROS ORGANIZADA POR EL REAL CLUB MAR\u00cdTIMO DE MELILLA - Real Club Mar\u00edtimo de Melilla","isPartOf":{"@id":"https:\/\/www.realclubmaritimomelilla.es\/clmar\/#website"},"primaryImageOfPage":{"@id":"https:\/\/www.realclubmaritimomelilla.es\/clmar\/este-sabado-segunda-prueba-del-clasificatorio-para-el-nacional-de-cruceros-organizada-por-el-real-club-maritimo-de-melilla\/#primaryimage"},"image":{"@id":"https:\/\/www.realclubmaritimomelilla.es\/clmar\/este-sabado-segunda-prueba-del-clasificatorio-para-el-nacional-de-cruceros-organizada-por-el-real-club-maritimo-de-melilla\/#primaryimage"},"thumbnailUrl":"https:\/\/www.realclubmaritimomelilla.es\/clmar\/wp-content\/uploads\/RCMM16-scaled.jpg","datePublished":"2023-09-08T12:25:03+00:00","dateModified":"2024-03-27T09:10:25+00:00","description":"ESTE S\u00c1BADO SEGUNDA PRUEBA DEL CLASIFICATORIO PARA EL NACIONAL DE CRUCEROS ORGANIZADA POR EL REAL CLUB MAR\u00cdTIMO DE MELILLA -","breadcrumb":{"@id":"https:\/\/www.realclubmaritimomelilla.es\/clmar\/este-sabado-segunda-prueba-del-clasificatorio-para-el-nacional-de-cruceros-organizada-por-el-real-club-maritimo-de-melilla\/#breadcrumb"},"inLanguage":"es","potentialAction":[{"@type":"ReadAction","target":["https:\/\/www.realclubmaritimomelilla.es\/clmar\/este-sabado-segunda-prueba-del-clasificatorio-para-el-nacional-de-cruceros-organizada-por-el-real-club-maritimo-de-melilla\/"]}]},{"@type":"ImageObject","inLanguage":"es","@id":"https:\/\/www.realclubmaritimomelilla.es\/clmar\/este-sabado-segunda-prueba-del-clasificatorio-para-el-nacional-de-cruceros-organizada-por-el-real-club-maritimo-de-melilla\/#primaryimage","url":"https:\/\/www.realclubmaritimomelilla.es\/clmar\/wp-content\/uploads\/RCMM16-scaled.jpg","contentUrl":"https:\/\/www.realclubmaritimomelilla.es\/clmar\/wp-content\/uploads\/RCMM16-scaled.jpg","width":2560,"height":1707},{"@type":"BreadcrumbList","@id":"https:\/\/www.realclubmaritimomelilla.es\/clmar\/este-sabado-segunda-prueba-del-clasificatorio-para-el-nacional-de-cruceros-organizada-por-el-real-club-maritimo-de-melilla\/#breadcrumb","itemListElement":[{"@type":"ListItem","position":1,"name":"Portada","item":"https:\/\/www.realclubmaritimomelilla.es\/clmar\/"},{"@type":"ListItem","position":2,"name":"ESTE S\u00c1BADO SEGUNDA PRUEBA DEL CLASIFICATORIO PARA EL NACIONAL DE CRUCEROS ORGANIZADA POR EL REAL CLUB MAR\u00cdTIMO DE MELILLA"}]},{"@type":"WebSite","@id":"https:\/\/www.realclubmaritimomelilla.es\/clmar\/#website","url":"https:\/\/www.realclubmaritimomelilla.es\/clmar\/","name":"Real Club Mar\u00edtimo de Melilla","description":"RCMM","publisher":{"@id":"https:\/\/www.realclubmaritimomelilla.es\/clmar\/#organization"},"alternateName":"RCMM","potentialAction":[{"@type":"SearchAction","target":{"@type":"EntryPoint","urlTemplate":"https:\/\/www.realclubmaritimomelilla.es\/clmar\/?s={search_term_string}"},"query-input":{"@type":"PropertyValueSpecification","valueRequired":true,"valueName":"search_term_string"}}],"inLanguage":"es"},{"@type":"Organization","@id":"https:\/\/www.realclubmaritimomelilla.es\/clmar\/#organization","name":"Real Club Mar\u00edtimo de Melilla","alternateName":"RCMM","url":"https:\/\/www.realclubmaritimomelilla.es\/clmar\/","logo":{"@type":"ImageObject","inLanguage":"es","@id":"https:\/\/www.realclubmaritimomelilla.es\/clmar\/#\/schema\/logo\/image\/","url":"https:\/\/www.realclubmaritimomelilla.es\/clmar\/wp-content\/uploads\/logo-club-original-copia.jpg","contentUrl":"https:\/\/www.realclubmaritimomelilla.es\/clmar\/wp-content\/uploads\/logo-club-original-copia.jpg","width":128,"height":89,"caption":"Real Club Mar\u00edtimo de Melilla"},"image":{"@id":"https:\/\/www.realclubmaritimomelilla.es\/clmar\/#\/schema\/logo\/image\/"},"sameAs":["https:\/\/www.facebook.com\/Real-Club-Mar\u00edtimo-de-Melilla-588495841234214\/","https:\/\/x.com\/nauticarcmm","https:\/\/www.instagram.com\/club_maritimo_melilla\/","https:\/\/www.youtube.com\/@realclubmaritimodemelilla4703","https:\/\/es.wikipedia.org\/wiki\/Real_Club_Mar\u00edtimo_de_Melilla"]},{"@type":"Person","@id":"https:\/\/www.realclubmaritimomelilla.es\/clmar\/#\/schema\/person\/ebaa3713496dc6d48c872452e73a8e79","name":"RCMMelilla","image":{"@type":"ImageObject","inLanguage":"es","@id":"https:\/\/secure.gravatar.com\/avatar\/df1c24789360fb9308735c4ee556fc2bc5bf924bf01e53043b8b97ba272da33c?s=96&d=mm&r=g","url":"https:\/\/secure.gravatar.com\/avatar\/df1c24789360fb9308735c4ee556fc2bc5bf924bf01e53043b8b97ba272da33c?s=96&d=mm&r=g","contentUrl":"https:\/\/secure.gravatar.com\/avatar\/df1c24789360fb9308735c4ee556fc2bc5bf924bf01e53043b8b97ba272da33c?s=96&d=mm&r=g","caption":"RCMMelilla"}}]}},"_links":{"self":[{"href":"https:\/\/www.realclubmaritimomelilla.es\/clmar\/wp-json\/wp\/v2\/posts\/21363","targetHints":{"allow":["GET"]}}],"collection":[{"href":"https:\/\/www.realclubmaritimomelilla.es\/clmar\/wp-json\/wp\/v2\/posts"}],"about":[{"href":"https:\/\/www.realclubmaritimomelilla.es\/clmar\/wp-json\/wp\/v2\/types\/post"}],"author":[{"embeddable":true,"href":"https:\/\/www.realclubmaritimomelilla.es\/clmar\/wp-json\/wp\/v2\/users\/1"}],"replies":[{"embeddable":true,"href":"https:\/\/www.realclubmaritimomelilla.es\/clmar\/wp-json\/wp\/v2\/comments?post=21363"}],"version-history":[{"count":1,"href":"https:\/\/www.realclubmaritimomelilla.es\/clmar\/wp-json\/wp\/v2\/posts\/21363\/revisions"}],"predecessor-version":[{"id":21364,"href":"https:\/\/www.realclubmaritimomelilla.es\/clmar\/wp-json\/wp\/v2\/posts\/21363\/revisions\/21364"}],"wp:featuredmedia":[{"embeddable":true,"href":"https:\/\/www.realclubmaritimomelilla.es\/clmar\/wp-json\/wp\/v2\/media\/20931"}],"wp:attachment":[{"href":"https:\/\/www.realclubmaritimomelilla.es\/clmar\/wp-json\/wp\/v2\/media?parent=21363"}],"wp:term":[{"taxonomy":"category","embeddable":true,"href":"https:\/\/www.realclubmaritimomelilla.es\/clmar\/wp-json\/wp\/v2\/categories?post=21363"},{"taxonomy":"post_tag","embeddable":true,"href":"https:\/\/www.realclubmaritimomelilla.es\/clmar\/wp-json\/wp\/v2\/tags?post=21363"}],"curies":[{"name":"wp","href":"https:\/\/api.w.org\/{rel}","templated":true}]}}