{"id":21249,"date":"2023-08-18T21:57:53","date_gmt":"2023-08-18T19:57:53","guid":{"rendered":"https:\/\/www.realclubmaritimomelilla.es\/clmar\/?p=21249"},"modified":"2024-03-27T09:47:23","modified_gmt":"2024-03-27T08:47:23","slug":"real-club-maritimo-y-unicaja-homenajean-a-javier-imbroda-en-una-gran-tarde-de-baloncesto","status":"publish","type":"post","link":"https:\/\/www.realclubmaritimomelilla.es\/clmar\/real-club-maritimo-y-unicaja-homenajean-a-javier-imbroda-en-una-gran-tarde-de-baloncesto\/","title":{"rendered":"REAL CLUB MAR\u00cdTIMO Y UNICAJA HOMENAJEAN A JAVIER IMBRODA EN UNA GRAN TARDE DE BALONCESTO"},"content":{"rendered":"<p>Los veteranos Del Real Club Mar\u00edtimo de Melilla y Unicaja Baloncesto han medido fuerzas sobre la pista, con victoria del conjunto malague\u00f1o por 61-96.<\/p>\n<p>Un partido con el que se hermanaban ambos clubes y en el que ha estado muy presente el recuerdo a Javier Imbroda, con un homenaje en los proleg\u00f3menos de la cita deportiva, en la que tanto Real Club Mar\u00edtimo como Unicaja han hecho entrega a los familiares de la \u201cleyenda del baloncesto espa\u00f1ol\u201d de una placa y camiseta.<\/p>\n<p>Un homenaje que pon\u00eda los vellos de punta, en un pabell\u00f3n Javier Imbroda puesto en pie para recordar a uno de los suyos, al melillense m\u00e1s internacional de todos y que sigue en el recuerdo de todos, apenas un a\u00f1o despu\u00e9s de su marcha.<\/p>\n<p>El presidente de Unicaja, Antonio Jes\u00fas L\u00f3pez Nieto, durante el encuentro mantenido por la ma\u00f1ana con las autoridades locales ha propuesto que Melilla y Unicaja Baloncesto sean los protagonistas desde el pr\u00f3ximo a\u00f1o del \u2018Memorial Javier Imbroda\u2019.<\/p>\n<p>Ya sobre la pista, las miradas\u00a0centradas en los jugadores de ambos equipos, que comenzaban con un juego muy nivelado. Las primeras ventajas para Unicaja liderados por un \u00eddolo local, Eloy Almaz\u00e1n, Carlos Cabezas o Juan Vasco. Los primeros diez minutos acaban 12-20, con los melillenses no aprovechando el rebote.<\/p>\n<p>El equipo de Pedro Ram\u00edrez meti\u00f3 una marcha m\u00e1s durante el segundo cuarto para romper el partido. Los locales no ve\u00edan aro, mientras Unicaja segu\u00eda en su gui\u00f3n de partido, manteniendo un alto ritmo que al descanso dejaba el partido en 29-54.<\/p>\n<p>El tercer cuarto continu\u00f3 controlado por los malague\u00f1os, con Rub\u00e9n L\u00f3pez, Inma Torres o Diego Guaita aportando puntos, que desde el bando local trataban de contrarrestar desde el exterior Dani Terr\u00f3n, Alex Lim\u00f3n o Jes\u00fas Mart\u00ednez. A los \u00faltimos diez minutos se entraba con el marcador en 46-80.<\/p>\n<p>El \u00faltimo cuarto tuvo dos partes. Hasta su ecuador fue el Club Mar\u00edtimo quien trat\u00f3 de recortar distancias, pero en los \u00faltimos cinco minutos, Unicaja con Eloy Almaz\u00e1n volvi\u00f3 a ver aro con facilidad, para acabar el partido 61-96.<\/p>\n<p>Los equipos han estado integrados por Kemel Hamouti, Jes\u00fas Mart\u00ednez, Claudio Arp\u00f3n, Miguel Angel Noguera, Nacho Su\u00e1rez, Pepe Torrubia, Nico D\u00edaz, Gonzalo Arp\u00f3n, Enrique Aubia, Alex Lim\u00f3n, Dani Terr\u00f3n y Javi Gonz\u00e1lez en el caso Del Real Club Mar\u00edtimo de Melilla, con David Aserraf y Quino Mora en el banquillo.<\/p>\n<p>Mientras que Carlos Cabezas, Ismael Torres, Javier Meras, Juan Vasco, Rub\u00e9n L\u00f3pez, Jos\u00e9 Carlos Gaspar, Carlos Abuin, Diego Guaita, Eloy Almaz\u00f1an y Alberto Fidalgo han estado a las \u00f3rdenes de Pedro Ram\u00edrez.<\/p>\n<p>Un evento que ha organizado el Real Club Mar\u00edtimo de Melilla, que ha estado representado por varios directivos, entre los que se encontraban los vicepresidentes Rafael Imbroda y Adolfo \u00d3rtiz. Adem\u00e1s, al homenaje y partido han asistido el consejero de Deportes, Miguel Angel Fern\u00e1ndez, as\u00ed como el presidente de la Federaci\u00f3n Melillense de Baloncesto, Javier Almansa, junto a representantes de los clubes locales en categor\u00eda nacional, Melilla Baloncesto, Enrique Soler y La Salle.<\/p>\n\n\t\t<style type=\"text\/css\">\n\t\t\t#gallery-1 {\n\t\t\t\tmargin: auto;\n\t\t\t}\n\t\t\t#gallery-1 .gallery-item {\n\t\t\t\tfloat: left;\n\t\t\t\tmargin-top: 10px;\n\t\t\t\ttext-align: center;\n\t\t\t\twidth: 33%;\n\t\t\t}\n\t\t\t#gallery-1 img {\n\t\t\t\tborder: 2px solid #cfcfcf;\n\t\t\t}\n\t\t\t#gallery-1 .gallery-caption {\n\t\t\t\tmargin-left: 0;\n\t\t\t}\n\t\t\t\/* see gallery_shortcode() in wp-includes\/media.php *\/\n\t\t<\/style>\n\t\t<div id='gallery-1' class='gallery galleryid-21249 gallery-columns-3 gallery-size-full'><dl class='gallery-item'>\n\t\t\t<dt class='gallery-icon landscape'>\n\t\t\t\t<a data-rel=\"iLightbox[postimages]\" data-title=\"IMG_2986\" data-caption=\"\" href='https:\/\/www.realclubmaritimomelilla.es\/clmar\/real-club-maritimo-y-unicaja-homenajean-a-javier-imbroda-en-una-gran-tarde-de-baloncesto\/img_2986\/'><img decoding=\"async\" width=\"2560\" height=\"1707\" src=\"https:\/\/www.realclubmaritimomelilla.es\/clmar\/wp-content\/uploads\/IMG_2986-scaled.jpg\" class=\"attachment-full size-full\" alt=\"\" srcset=\"https:\/\/www.realclubmaritimomelilla.es\/clmar\/wp-content\/uploads\/IMG_2986-200x133.jpg 200w, https:\/\/www.realclubmaritimomelilla.es\/clmar\/wp-content\/uploads\/IMG_2986-300x200.jpg 300w, https:\/\/www.realclubmaritimomelilla.es\/clmar\/wp-content\/uploads\/IMG_2986-400x267.jpg 400w, https:\/\/www.realclubmaritimomelilla.es\/clmar\/wp-content\/uploads\/IMG_2986-scaled-600x400.jpg 600w, https:\/\/www.realclubmaritimomelilla.es\/clmar\/wp-content\/uploads\/IMG_2986-768x512.jpg 768w, https:\/\/www.realclubmaritimomelilla.es\/clmar\/wp-content\/uploads\/IMG_2986-800x533.jpg 800w, https:\/\/www.realclubmaritimomelilla.es\/clmar\/wp-content\/uploads\/IMG_2986-1024x683.jpg 1024w, https:\/\/www.realclubmaritimomelilla.es\/clmar\/wp-content\/uploads\/IMG_2986-1200x800.jpg 1200w, https:\/\/www.realclubmaritimomelilla.es\/clmar\/wp-content\/uploads\/IMG_2986-1536x1024.jpg 1536w, https:\/\/www.realclubmaritimomelilla.es\/clmar\/wp-content\/uploads\/IMG_2986-scaled.jpg 2560w\" sizes=\"(max-width: 2560px) 100vw, 2560px\" \/><\/a>\n\t\t\t<\/dt><\/dl><dl class='gallery-item'>\n\t\t\t<dt class='gallery-icon landscape'>\n\t\t\t\t<a data-rel=\"iLightbox[postimages]\" data-title=\"IMG_3004\" data-caption=\"\" href='https:\/\/www.realclubmaritimomelilla.es\/clmar\/real-club-maritimo-y-unicaja-homenajean-a-javier-imbroda-en-una-gran-tarde-de-baloncesto\/img_3004\/'><img decoding=\"async\" width=\"2560\" height=\"1707\" src=\"https:\/\/www.realclubmaritimomelilla.es\/clmar\/wp-content\/uploads\/IMG_3004-scaled.jpg\" class=\"attachment-full size-full\" alt=\"\" srcset=\"https:\/\/www.realclubmaritimomelilla.es\/clmar\/wp-content\/uploads\/IMG_3004-200x133.jpg 200w, https:\/\/www.realclubmaritimomelilla.es\/clmar\/wp-content\/uploads\/IMG_3004-300x200.jpg 300w, https:\/\/www.realclubmaritimomelilla.es\/clmar\/wp-content\/uploads\/IMG_3004-400x267.jpg 400w, https:\/\/www.realclubmaritimomelilla.es\/clmar\/wp-content\/uploads\/IMG_3004-scaled-600x400.jpg 600w, https:\/\/www.realclubmaritimomelilla.es\/clmar\/wp-content\/uploads\/IMG_3004-768x512.jpg 768w, https:\/\/www.realclubmaritimomelilla.es\/clmar\/wp-content\/uploads\/IMG_3004-800x533.jpg 800w, https:\/\/www.realclubmaritimomelilla.es\/clmar\/wp-content\/uploads\/IMG_3004-1024x683.jpg 1024w, https:\/\/www.realclubmaritimomelilla.es\/clmar\/wp-content\/uploads\/IMG_3004-1200x800.jpg 1200w, https:\/\/www.realclubmaritimomelilla.es\/clmar\/wp-content\/uploads\/IMG_3004-1536x1024.jpg 1536w, https:\/\/www.realclubmaritimomelilla.es\/clmar\/wp-content\/uploads\/IMG_3004-scaled.jpg 2560w\" sizes=\"(max-width: 2560px) 100vw, 2560px\" \/><\/a>\n\t\t\t<\/dt><\/dl><dl class='gallery-item'>\n\t\t\t<dt class='gallery-icon landscape'>\n\t\t\t\t<a data-rel=\"iLightbox[postimages]\" data-title=\"IMG_3040\" data-caption=\"\" href='https:\/\/www.realclubmaritimomelilla.es\/clmar\/real-club-maritimo-y-unicaja-homenajean-a-javier-imbroda-en-una-gran-tarde-de-baloncesto\/img_3040\/'><img decoding=\"async\" width=\"2560\" height=\"1707\" src=\"https:\/\/www.realclubmaritimomelilla.es\/clmar\/wp-content\/uploads\/IMG_3040-scaled.jpg\" class=\"attachment-full size-full\" alt=\"\" srcset=\"https:\/\/www.realclubmaritimomelilla.es\/clmar\/wp-content\/uploads\/IMG_3040-200x133.jpg 200w, https:\/\/www.realclubmaritimomelilla.es\/clmar\/wp-content\/uploads\/IMG_3040-300x200.jpg 300w, https:\/\/www.realclubmaritimomelilla.es\/clmar\/wp-content\/uploads\/IMG_3040-400x267.jpg 400w, https:\/\/www.realclubmaritimomelilla.es\/clmar\/wp-content\/uploads\/IMG_3040-scaled-600x400.jpg 600w, https:\/\/www.realclubmaritimomelilla.es\/clmar\/wp-content\/uploads\/IMG_3040-768x512.jpg 768w, https:\/\/www.realclubmaritimomelilla.es\/clmar\/wp-content\/uploads\/IMG_3040-800x533.jpg 800w, https:\/\/www.realclubmaritimomelilla.es\/clmar\/wp-content\/uploads\/IMG_3040-1024x683.jpg 1024w, https:\/\/www.realclubmaritimomelilla.es\/clmar\/wp-content\/uploads\/IMG_3040-1200x800.jpg 1200w, https:\/\/www.realclubmaritimomelilla.es\/clmar\/wp-content\/uploads\/IMG_3040-1536x1024.jpg 1536w, https:\/\/www.realclubmaritimomelilla.es\/clmar\/wp-content\/uploads\/IMG_3040-scaled.jpg 2560w\" sizes=\"(max-width: 2560px) 100vw, 2560px\" \/><\/a>\n\t\t\t<\/dt><\/dl><br style=\"clear: both\" \/><dl class='gallery-item'>\n\t\t\t<dt class='gallery-icon landscape'>\n\t\t\t\t<a data-rel=\"iLightbox[postimages]\" data-title=\"IMG_3053\" data-caption=\"\" href='https:\/\/www.realclubmaritimomelilla.es\/clmar\/real-club-maritimo-y-unicaja-homenajean-a-javier-imbroda-en-una-gran-tarde-de-baloncesto\/img_3053\/'><img decoding=\"async\" width=\"2560\" height=\"1707\" src=\"https:\/\/www.realclubmaritimomelilla.es\/clmar\/wp-content\/uploads\/IMG_3053-scaled.jpg\" class=\"attachment-full size-full\" alt=\"\" srcset=\"https:\/\/www.realclubmaritimomelilla.es\/clmar\/wp-content\/uploads\/IMG_3053-200x133.jpg 200w, https:\/\/www.realclubmaritimomelilla.es\/clmar\/wp-content\/uploads\/IMG_3053-300x200.jpg 300w, https:\/\/www.realclubmaritimomelilla.es\/clmar\/wp-content\/uploads\/IMG_3053-400x267.jpg 400w, https:\/\/www.realclubmaritimomelilla.es\/clmar\/wp-content\/uploads\/IMG_3053-scaled-600x400.jpg 600w, https:\/\/www.realclubmaritimomelilla.es\/clmar\/wp-content\/uploads\/IMG_3053-768x512.jpg 768w, https:\/\/www.realclubmaritimomelilla.es\/clmar\/wp-content\/uploads\/IMG_3053-800x533.jpg 800w, https:\/\/www.realclubmaritimomelilla.es\/clmar\/wp-content\/uploads\/IMG_3053-1024x683.jpg 1024w, https:\/\/www.realclubmaritimomelilla.es\/clmar\/wp-content\/uploads\/IMG_3053-1200x800.jpg 1200w, https:\/\/www.realclubmaritimomelilla.es\/clmar\/wp-content\/uploads\/IMG_3053-1536x1024.jpg 1536w, https:\/\/www.realclubmaritimomelilla.es\/clmar\/wp-content\/uploads\/IMG_3053-scaled.jpg 2560w\" sizes=\"(max-width: 2560px) 100vw, 2560px\" \/><\/a>\n\t\t\t<\/dt><\/dl><dl class='gallery-item'>\n\t\t\t<dt class='gallery-icon landscape'>\n\t\t\t\t<a data-rel=\"iLightbox[postimages]\" data-title=\"IMG_3100\" data-caption=\"\" href='https:\/\/www.realclubmaritimomelilla.es\/clmar\/real-club-maritimo-y-unicaja-homenajean-a-javier-imbroda-en-una-gran-tarde-de-baloncesto\/img_3100\/'><img decoding=\"async\" width=\"2560\" height=\"1707\" src=\"https:\/\/www.realclubmaritimomelilla.es\/clmar\/wp-content\/uploads\/IMG_3100-scaled.jpg\" class=\"attachment-full size-full\" alt=\"\" srcset=\"https:\/\/www.realclubmaritimomelilla.es\/clmar\/wp-content\/uploads\/IMG_3100-200x133.jpg 200w, https:\/\/www.realclubmaritimomelilla.es\/clmar\/wp-content\/uploads\/IMG_3100-300x200.jpg 300w, https:\/\/www.realclubmaritimomelilla.es\/clmar\/wp-content\/uploads\/IMG_3100-400x267.jpg 400w, https:\/\/www.realclubmaritimomelilla.es\/clmar\/wp-content\/uploads\/IMG_3100-scaled-600x400.jpg 600w, https:\/\/www.realclubmaritimomelilla.es\/clmar\/wp-content\/uploads\/IMG_3100-768x512.jpg 768w, https:\/\/www.realclubmaritimomelilla.es\/clmar\/wp-content\/uploads\/IMG_3100-800x533.jpg 800w, https:\/\/www.realclubmaritimomelilla.es\/clmar\/wp-content\/uploads\/IMG_3100-1024x683.jpg 1024w, https:\/\/www.realclubmaritimomelilla.es\/clmar\/wp-content\/uploads\/IMG_3100-1200x800.jpg 1200w, https:\/\/www.realclubmaritimomelilla.es\/clmar\/wp-content\/uploads\/IMG_3100-1536x1024.jpg 1536w, https:\/\/www.realclubmaritimomelilla.es\/clmar\/wp-content\/uploads\/IMG_3100-scaled.jpg 2560w\" sizes=\"(max-width: 2560px) 100vw, 2560px\" \/><\/a>\n\t\t\t<\/dt><\/dl><dl class='gallery-item'>\n\t\t\t<dt class='gallery-icon landscape'>\n\t\t\t\t<a data-rel=\"iLightbox[postimages]\" data-title=\"IMG_3149\" data-caption=\"\" href='https:\/\/www.realclubmaritimomelilla.es\/clmar\/real-club-maritimo-y-unicaja-homenajean-a-javier-imbroda-en-una-gran-tarde-de-baloncesto\/img_3149\/'><img decoding=\"async\" width=\"2560\" height=\"1707\" src=\"https:\/\/www.realclubmaritimomelilla.es\/clmar\/wp-content\/uploads\/IMG_3149-scaled.jpg\" class=\"attachment-full size-full\" alt=\"\" srcset=\"https:\/\/www.realclubmaritimomelilla.es\/clmar\/wp-content\/uploads\/IMG_3149-200x133.jpg 200w, https:\/\/www.realclubmaritimomelilla.es\/clmar\/wp-content\/uploads\/IMG_3149-300x200.jpg 300w, https:\/\/www.realclubmaritimomelilla.es\/clmar\/wp-content\/uploads\/IMG_3149-400x267.jpg 400w, https:\/\/www.realclubmaritimomelilla.es\/clmar\/wp-content\/uploads\/IMG_3149-scaled-600x400.jpg 600w, https:\/\/www.realclubmaritimomelilla.es\/clmar\/wp-content\/uploads\/IMG_3149-768x512.jpg 768w, https:\/\/www.realclubmaritimomelilla.es\/clmar\/wp-content\/uploads\/IMG_3149-800x533.jpg 800w, https:\/\/www.realclubmaritimomelilla.es\/clmar\/wp-content\/uploads\/IMG_3149-1024x683.jpg 1024w, https:\/\/www.realclubmaritimomelilla.es\/clmar\/wp-content\/uploads\/IMG_3149-1200x800.jpg 1200w, https:\/\/www.realclubmaritimomelilla.es\/clmar\/wp-content\/uploads\/IMG_3149-1536x1024.jpg 1536w, https:\/\/www.realclubmaritimomelilla.es\/clmar\/wp-content\/uploads\/IMG_3149-scaled.jpg 2560w\" sizes=\"(max-width: 2560px) 100vw, 2560px\" \/><\/a>\n\t\t\t<\/dt><\/dl><br style=\"clear: both\" \/><dl class='gallery-item'>\n\t\t\t<dt class='gallery-icon landscape'>\n\t\t\t\t<a data-rel=\"iLightbox[postimages]\" data-title=\"IMG_4250\" data-caption=\"\" href='https:\/\/www.realclubmaritimomelilla.es\/clmar\/real-club-maritimo-y-unicaja-homenajean-a-javier-imbroda-en-una-gran-tarde-de-baloncesto\/img_4250\/'><img decoding=\"async\" width=\"2016\" height=\"1512\" src=\"https:\/\/www.realclubmaritimomelilla.es\/clmar\/wp-content\/uploads\/IMG_4250.jpg\" class=\"attachment-full size-full\" alt=\"\" srcset=\"https:\/\/www.realclubmaritimomelilla.es\/clmar\/wp-content\/uploads\/IMG_4250-200x150.jpg 200w, https:\/\/www.realclubmaritimomelilla.es\/clmar\/wp-content\/uploads\/IMG_4250-300x225.jpg 300w, https:\/\/www.realclubmaritimomelilla.es\/clmar\/wp-content\/uploads\/IMG_4250-400x300.jpg 400w, https:\/\/www.realclubmaritimomelilla.es\/clmar\/wp-content\/uploads\/IMG_4250-600x450.jpg 600w, https:\/\/www.realclubmaritimomelilla.es\/clmar\/wp-content\/uploads\/IMG_4250-768x576.jpg 768w, https:\/\/www.realclubmaritimomelilla.es\/clmar\/wp-content\/uploads\/IMG_4250-800x600.jpg 800w, https:\/\/www.realclubmaritimomelilla.es\/clmar\/wp-content\/uploads\/IMG_4250-1024x768.jpg 1024w, https:\/\/www.realclubmaritimomelilla.es\/clmar\/wp-content\/uploads\/IMG_4250-1200x900.jpg 1200w, https:\/\/www.realclubmaritimomelilla.es\/clmar\/wp-content\/uploads\/IMG_4250-1536x1152.jpg 1536w, https:\/\/www.realclubmaritimomelilla.es\/clmar\/wp-content\/uploads\/IMG_4250.jpg 2016w\" sizes=\"(max-width: 2016px) 100vw, 2016px\" \/><\/a>\n\t\t\t<\/dt><\/dl><dl class='gallery-item'>\n\t\t\t<dt class='gallery-icon landscape'>\n\t\t\t\t<a data-rel=\"iLightbox[postimages]\" data-title=\"IMG_4253\" data-caption=\"\" href='https:\/\/www.realclubmaritimomelilla.es\/clmar\/real-club-maritimo-y-unicaja-homenajean-a-javier-imbroda-en-una-gran-tarde-de-baloncesto\/img_4253\/'><img decoding=\"async\" width=\"2016\" height=\"1512\" src=\"https:\/\/www.realclubmaritimomelilla.es\/clmar\/wp-content\/uploads\/IMG_4253.jpg\" class=\"attachment-full size-full\" alt=\"\" srcset=\"https:\/\/www.realclubmaritimomelilla.es\/clmar\/wp-content\/uploads\/IMG_4253-200x150.jpg 200w, https:\/\/www.realclubmaritimomelilla.es\/clmar\/wp-content\/uploads\/IMG_4253-300x225.jpg 300w, https:\/\/www.realclubmaritimomelilla.es\/clmar\/wp-content\/uploads\/IMG_4253-400x300.jpg 400w, https:\/\/www.realclubmaritimomelilla.es\/clmar\/wp-content\/uploads\/IMG_4253-600x450.jpg 600w, https:\/\/www.realclubmaritimomelilla.es\/clmar\/wp-content\/uploads\/IMG_4253-768x576.jpg 768w, https:\/\/www.realclubmaritimomelilla.es\/clmar\/wp-content\/uploads\/IMG_4253-800x600.jpg 800w, https:\/\/www.realclubmaritimomelilla.es\/clmar\/wp-content\/uploads\/IMG_4253-1024x768.jpg 1024w, https:\/\/www.realclubmaritimomelilla.es\/clmar\/wp-content\/uploads\/IMG_4253-1200x900.jpg 1200w, https:\/\/www.realclubmaritimomelilla.es\/clmar\/wp-content\/uploads\/IMG_4253-1536x1152.jpg 1536w, https:\/\/www.realclubmaritimomelilla.es\/clmar\/wp-content\/uploads\/IMG_4253.jpg 2016w\" sizes=\"(max-width: 2016px) 100vw, 2016px\" \/><\/a>\n\t\t\t<\/dt><\/dl><dl class='gallery-item'>\n\t\t\t<dt class='gallery-icon landscape'>\n\t\t\t\t<a data-rel=\"iLightbox[postimages]\" data-title=\"IMG_4259\" data-caption=\"\" href='https:\/\/www.realclubmaritimomelilla.es\/clmar\/real-club-maritimo-y-unicaja-homenajean-a-javier-imbroda-en-una-gran-tarde-de-baloncesto\/img_4259\/'><img decoding=\"async\" width=\"2016\" height=\"1512\" src=\"https:\/\/www.realclubmaritimomelilla.es\/clmar\/wp-content\/uploads\/IMG_4259.jpg\" class=\"attachment-full size-full\" alt=\"\" srcset=\"https:\/\/www.realclubmaritimomelilla.es\/clmar\/wp-content\/uploads\/IMG_4259-200x150.jpg 200w, https:\/\/www.realclubmaritimomelilla.es\/clmar\/wp-content\/uploads\/IMG_4259-300x225.jpg 300w, https:\/\/www.realclubmaritimomelilla.es\/clmar\/wp-content\/uploads\/IMG_4259-400x300.jpg 400w, https:\/\/www.realclubmaritimomelilla.es\/clmar\/wp-content\/uploads\/IMG_4259-600x450.jpg 600w, https:\/\/www.realclubmaritimomelilla.es\/clmar\/wp-content\/uploads\/IMG_4259-768x576.jpg 768w, https:\/\/www.realclubmaritimomelilla.es\/clmar\/wp-content\/uploads\/IMG_4259-800x600.jpg 800w, https:\/\/www.realclubmaritimomelilla.es\/clmar\/wp-content\/uploads\/IMG_4259-1024x768.jpg 1024w, https:\/\/www.realclubmaritimomelilla.es\/clmar\/wp-content\/uploads\/IMG_4259-1200x900.jpg 1200w, https:\/\/www.realclubmaritimomelilla.es\/clmar\/wp-content\/uploads\/IMG_4259-1536x1152.jpg 1536w, https:\/\/www.realclubmaritimomelilla.es\/clmar\/wp-content\/uploads\/IMG_4259.jpg 2016w\" sizes=\"(max-width: 2016px) 100vw, 2016px\" \/><\/a>\n\t\t\t<\/dt><\/dl><br style=\"clear: both\" \/><dl class='gallery-item'>\n\t\t\t<dt class='gallery-icon landscape'>\n\t\t\t\t<a data-rel=\"iLightbox[postimages]\" data-title=\"IMG_4266\" data-caption=\"\" href='https:\/\/www.realclubmaritimomelilla.es\/clmar\/real-club-maritimo-y-unicaja-homenajean-a-javier-imbroda-en-una-gran-tarde-de-baloncesto\/img_4266\/'><img decoding=\"async\" width=\"2016\" height=\"1512\" src=\"https:\/\/www.realclubmaritimomelilla.es\/clmar\/wp-content\/uploads\/IMG_4266.jpg\" class=\"attachment-full size-full\" alt=\"\" srcset=\"https:\/\/www.realclubmaritimomelilla.es\/clmar\/wp-content\/uploads\/IMG_4266-200x150.jpg 200w, https:\/\/www.realclubmaritimomelilla.es\/clmar\/wp-content\/uploads\/IMG_4266-300x225.jpg 300w, https:\/\/www.realclubmaritimomelilla.es\/clmar\/wp-content\/uploads\/IMG_4266-400x300.jpg 400w, https:\/\/www.realclubmaritimomelilla.es\/clmar\/wp-content\/uploads\/IMG_4266-600x450.jpg 600w, https:\/\/www.realclubmaritimomelilla.es\/clmar\/wp-content\/uploads\/IMG_4266-768x576.jpg 768w, https:\/\/www.realclubmaritimomelilla.es\/clmar\/wp-content\/uploads\/IMG_4266-800x600.jpg 800w, https:\/\/www.realclubmaritimomelilla.es\/clmar\/wp-content\/uploads\/IMG_4266-1024x768.jpg 1024w, https:\/\/www.realclubmaritimomelilla.es\/clmar\/wp-content\/uploads\/IMG_4266-1200x900.jpg 1200w, https:\/\/www.realclubmaritimomelilla.es\/clmar\/wp-content\/uploads\/IMG_4266-1536x1152.jpg 1536w, https:\/\/www.realclubmaritimomelilla.es\/clmar\/wp-content\/uploads\/IMG_4266.jpg 2016w\" sizes=\"(max-width: 2016px) 100vw, 2016px\" \/><\/a>\n\t\t\t<\/dt><\/dl><dl class='gallery-item'>\n\t\t\t<dt class='gallery-icon landscape'>\n\t\t\t\t<a data-rel=\"iLightbox[postimages]\" data-title=\"IMG_4360\" data-caption=\"\" href='https:\/\/www.realclubmaritimomelilla.es\/clmar\/real-club-maritimo-y-unicaja-homenajean-a-javier-imbroda-en-una-gran-tarde-de-baloncesto\/img_4360\/'><img decoding=\"async\" width=\"2016\" height=\"1512\" src=\"https:\/\/www.realclubmaritimomelilla.es\/clmar\/wp-content\/uploads\/IMG_4360.jpg\" class=\"attachment-full size-full\" alt=\"\" srcset=\"https:\/\/www.realclubmaritimomelilla.es\/clmar\/wp-content\/uploads\/IMG_4360-200x150.jpg 200w, https:\/\/www.realclubmaritimomelilla.es\/clmar\/wp-content\/uploads\/IMG_4360-300x225.jpg 300w, https:\/\/www.realclubmaritimomelilla.es\/clmar\/wp-content\/uploads\/IMG_4360-400x300.jpg 400w, https:\/\/www.realclubmaritimomelilla.es\/clmar\/wp-content\/uploads\/IMG_4360-600x450.jpg 600w, https:\/\/www.realclubmaritimomelilla.es\/clmar\/wp-content\/uploads\/IMG_4360-768x576.jpg 768w, https:\/\/www.realclubmaritimomelilla.es\/clmar\/wp-content\/uploads\/IMG_4360-800x600.jpg 800w, https:\/\/www.realclubmaritimomelilla.es\/clmar\/wp-content\/uploads\/IMG_4360-1024x768.jpg 1024w, https:\/\/www.realclubmaritimomelilla.es\/clmar\/wp-content\/uploads\/IMG_4360-1200x900.jpg 1200w, https:\/\/www.realclubmaritimomelilla.es\/clmar\/wp-content\/uploads\/IMG_4360-1536x1152.jpg 1536w, https:\/\/www.realclubmaritimomelilla.es\/clmar\/wp-content\/uploads\/IMG_4360.jpg 2016w\" sizes=\"(max-width: 2016px) 100vw, 2016px\" \/><\/a>\n\t\t\t<\/dt><\/dl><dl class='gallery-item'>\n\t\t\t<dt class='gallery-icon landscape'>\n\t\t\t\t<a data-rel=\"iLightbox[postimages]\" data-title=\"IMG_4372\" data-caption=\"\" href='https:\/\/www.realclubmaritimomelilla.es\/clmar\/real-club-maritimo-y-unicaja-homenajean-a-javier-imbroda-en-una-gran-tarde-de-baloncesto\/img_4372\/'><img decoding=\"async\" width=\"2016\" height=\"1512\" src=\"https:\/\/www.realclubmaritimomelilla.es\/clmar\/wp-content\/uploads\/IMG_4372.jpg\" class=\"attachment-full size-full\" alt=\"\" srcset=\"https:\/\/www.realclubmaritimomelilla.es\/clmar\/wp-content\/uploads\/IMG_4372-200x150.jpg 200w, https:\/\/www.realclubmaritimomelilla.es\/clmar\/wp-content\/uploads\/IMG_4372-300x225.jpg 300w, https:\/\/www.realclubmaritimomelilla.es\/clmar\/wp-content\/uploads\/IMG_4372-400x300.jpg 400w, https:\/\/www.realclubmaritimomelilla.es\/clmar\/wp-content\/uploads\/IMG_4372-600x450.jpg 600w, https:\/\/www.realclubmaritimomelilla.es\/clmar\/wp-content\/uploads\/IMG_4372-768x576.jpg 768w, https:\/\/www.realclubmaritimomelilla.es\/clmar\/wp-content\/uploads\/IMG_4372-800x600.jpg 800w, https:\/\/www.realclubmaritimomelilla.es\/clmar\/wp-content\/uploads\/IMG_4372-1024x768.jpg 1024w, https:\/\/www.realclubmaritimomelilla.es\/clmar\/wp-content\/uploads\/IMG_4372-1200x900.jpg 1200w, https:\/\/www.realclubmaritimomelilla.es\/clmar\/wp-content\/uploads\/IMG_4372-1536x1152.jpg 1536w, https:\/\/www.realclubmaritimomelilla.es\/clmar\/wp-content\/uploads\/IMG_4372.jpg 2016w\" sizes=\"(max-width: 2016px) 100vw, 2016px\" \/><\/a>\n\t\t\t<\/dt><\/dl><br style=\"clear: both\" \/>\n\t\t<\/div>\n\n","protected":false},"excerpt":{"rendered":"<p>Los veteranos Del Real Club Mar\u00edtimo de Melilla y Unicaja Baloncesto han medido fuerzas sobre la pista, con victoria del conjunto malague\u00f1o por 61-96. Un partido con el que se hermanaban ambos clubes y en el que ha estado muy presente el recuerdo a Javier Imbroda, con un homenaje en los proleg\u00f3menos de la cita [&hellip;]<\/p>\n","protected":false},"author":1,"featured_media":21261,"comment_status":"open","ping_status":"open","sticky":false,"template":"","format":"standard","meta":{"_acf_changed":false,"footnotes":""},"categories":[46],"tags":[],"class_list":["post-21249","post","type-post","status-publish","format-standard","has-post-thumbnail","hentry","category-seccion-baloncesto"],"acf":[],"yoast_head":"<!-- This site is optimized with the Yoast SEO plugin v27.5 - https:\/\/yoast.com\/product\/yoast-seo-wordpress\/ -->\n<title>REAL CLUB MAR\u00cdTIMO Y UNICAJA HOMENAJEAN A JAVIER IMBRODA EN UNA GRAN TARDE DE BALONCESTO - Real Club Mar\u00edtimo de Melilla<\/title>\n<meta name=\"description\" content=\"REAL CLUB MAR\u00cdTIMO Y UNICAJA HOMENAJEAN A JAVIER IMBRODA EN UNA GRAN TARDE DE BALONCESTO -\" \/>\n<meta name=\"robots\" content=\"index, follow, max-snippet:-1, max-image-preview:large, max-video-preview:-1\" \/>\n<link rel=\"canonical\" href=\"https:\/\/www.realclubmaritimomelilla.es\/clmar\/real-club-maritimo-y-unicaja-homenajean-a-javier-imbroda-en-una-gran-tarde-de-baloncesto\/\" \/>\n<meta property=\"og:locale\" content=\"es_ES\" \/>\n<meta property=\"og:type\" content=\"article\" \/>\n<meta property=\"og:title\" content=\"REAL CLUB MAR\u00cdTIMO Y UNICAJA HOMENAJEAN A JAVIER IMBRODA EN UNA GRAN TARDE DE BALONCESTO - Real Club Mar\u00edtimo de Melilla\" \/>\n<meta property=\"og:description\" content=\"REAL CLUB MAR\u00cdTIMO Y UNICAJA HOMENAJEAN A JAVIER IMBRODA EN UNA GRAN TARDE DE BALONCESTO -\" \/>\n<meta property=\"og:url\" content=\"https:\/\/www.realclubmaritimomelilla.es\/clmar\/real-club-maritimo-y-unicaja-homenajean-a-javier-imbroda-en-una-gran-tarde-de-baloncesto\/\" \/>\n<meta property=\"og:site_name\" content=\"Real Club Mar\u00edtimo de Melilla\" \/>\n<meta property=\"article:publisher\" content=\"https:\/\/www.facebook.com\/Real-Club-Mar%c3%adtimo-de-Melilla-588495841234214\/\" \/>\n<meta property=\"article:published_time\" content=\"2023-08-18T19:57:53+00:00\" \/>\n<meta property=\"article:modified_time\" content=\"2024-03-27T08:47:23+00:00\" \/>\n<meta property=\"og:image\" content=\"https:\/\/www.realclubmaritimomelilla.es\/clmar\/wp-content\/uploads\/IMG_4372.jpg\" \/>\n\t<meta property=\"og:image:width\" content=\"2016\" \/>\n\t<meta property=\"og:image:height\" content=\"1512\" \/>\n\t<meta property=\"og:image:type\" content=\"image\/jpeg\" \/>\n<meta name=\"author\" content=\"RCMMelilla\" \/>\n<meta name=\"twitter:card\" content=\"summary_large_image\" \/>\n<meta name=\"twitter:creator\" content=\"@nauticarcmm\" \/>\n<meta name=\"twitter:site\" content=\"@nauticarcmm\" \/>\n<meta name=\"twitter:label1\" content=\"Escrito por\" \/>\n\t<meta name=\"twitter:data1\" content=\"RCMMelilla\" \/>\n\t<meta name=\"twitter:label2\" content=\"Tiempo de lectura\" \/>\n\t<meta name=\"twitter:data2\" content=\"3 minutos\" \/>\n<script type=\"application\/ld+json\" class=\"yoast-schema-graph\">{\"@context\":\"https:\\\/\\\/schema.org\",\"@graph\":[{\"@type\":\"Article\",\"@id\":\"https:\\\/\\\/www.realclubmaritimomelilla.es\\\/clmar\\\/real-club-maritimo-y-unicaja-homenajean-a-javier-imbroda-en-una-gran-tarde-de-baloncesto\\\/#article\",\"isPartOf\":{\"@id\":\"https:\\\/\\\/www.realclubmaritimomelilla.es\\\/clmar\\\/real-club-maritimo-y-unicaja-homenajean-a-javier-imbroda-en-una-gran-tarde-de-baloncesto\\\/\"},\"author\":{\"name\":\"RCMMelilla\",\"@id\":\"https:\\\/\\\/www.realclubmaritimomelilla.es\\\/clmar\\\/#\\\/schema\\\/person\\\/ebaa3713496dc6d48c872452e73a8e79\"},\"headline\":\"REAL CLUB MAR\u00cdTIMO Y UNICAJA HOMENAJEAN A JAVIER IMBRODA EN UNA GRAN TARDE DE BALONCESTO\",\"datePublished\":\"2023-08-18T19:57:53+00:00\",\"dateModified\":\"2024-03-27T08:47:23+00:00\",\"mainEntityOfPage\":{\"@id\":\"https:\\\/\\\/www.realclubmaritimomelilla.es\\\/clmar\\\/real-club-maritimo-y-unicaja-homenajean-a-javier-imbroda-en-una-gran-tarde-de-baloncesto\\\/\"},\"wordCount\":566,\"commentCount\":0,\"publisher\":{\"@id\":\"https:\\\/\\\/www.realclubmaritimomelilla.es\\\/clmar\\\/#organization\"},\"image\":{\"@id\":\"https:\\\/\\\/www.realclubmaritimomelilla.es\\\/clmar\\\/real-club-maritimo-y-unicaja-homenajean-a-javier-imbroda-en-una-gran-tarde-de-baloncesto\\\/#primaryimage\"},\"thumbnailUrl\":\"https:\\\/\\\/www.realclubmaritimomelilla.es\\\/clmar\\\/wp-content\\\/uploads\\\/IMG_4372.jpg\",\"articleSection\":[\"Secci\u00f3n Baloncesto\"],\"inLanguage\":\"es\",\"potentialAction\":[{\"@type\":\"CommentAction\",\"name\":\"Comment\",\"target\":[\"https:\\\/\\\/www.realclubmaritimomelilla.es\\\/clmar\\\/real-club-maritimo-y-unicaja-homenajean-a-javier-imbroda-en-una-gran-tarde-de-baloncesto\\\/#respond\"]}]},{\"@type\":\"WebPage\",\"@id\":\"https:\\\/\\\/www.realclubmaritimomelilla.es\\\/clmar\\\/real-club-maritimo-y-unicaja-homenajean-a-javier-imbroda-en-una-gran-tarde-de-baloncesto\\\/\",\"url\":\"https:\\\/\\\/www.realclubmaritimomelilla.es\\\/clmar\\\/real-club-maritimo-y-unicaja-homenajean-a-javier-imbroda-en-una-gran-tarde-de-baloncesto\\\/\",\"name\":\"REAL CLUB MAR\u00cdTIMO Y UNICAJA HOMENAJEAN A JAVIER IMBRODA EN UNA GRAN TARDE DE BALONCESTO - Real Club Mar\u00edtimo de Melilla\",\"isPartOf\":{\"@id\":\"https:\\\/\\\/www.realclubmaritimomelilla.es\\\/clmar\\\/#website\"},\"primaryImageOfPage\":{\"@id\":\"https:\\\/\\\/www.realclubmaritimomelilla.es\\\/clmar\\\/real-club-maritimo-y-unicaja-homenajean-a-javier-imbroda-en-una-gran-tarde-de-baloncesto\\\/#primaryimage\"},\"image\":{\"@id\":\"https:\\\/\\\/www.realclubmaritimomelilla.es\\\/clmar\\\/real-club-maritimo-y-unicaja-homenajean-a-javier-imbroda-en-una-gran-tarde-de-baloncesto\\\/#primaryimage\"},\"thumbnailUrl\":\"https:\\\/\\\/www.realclubmaritimomelilla.es\\\/clmar\\\/wp-content\\\/uploads\\\/IMG_4372.jpg\",\"datePublished\":\"2023-08-18T19:57:53+00:00\",\"dateModified\":\"2024-03-27T08:47:23+00:00\",\"description\":\"REAL CLUB MAR\u00cdTIMO Y UNICAJA HOMENAJEAN A JAVIER IMBRODA EN UNA GRAN TARDE DE BALONCESTO -\",\"breadcrumb\":{\"@id\":\"https:\\\/\\\/www.realclubmaritimomelilla.es\\\/clmar\\\/real-club-maritimo-y-unicaja-homenajean-a-javier-imbroda-en-una-gran-tarde-de-baloncesto\\\/#breadcrumb\"},\"inLanguage\":\"es\",\"potentialAction\":[{\"@type\":\"ReadAction\",\"target\":[\"https:\\\/\\\/www.realclubmaritimomelilla.es\\\/clmar\\\/real-club-maritimo-y-unicaja-homenajean-a-javier-imbroda-en-una-gran-tarde-de-baloncesto\\\/\"]}]},{\"@type\":\"ImageObject\",\"inLanguage\":\"es\",\"@id\":\"https:\\\/\\\/www.realclubmaritimomelilla.es\\\/clmar\\\/real-club-maritimo-y-unicaja-homenajean-a-javier-imbroda-en-una-gran-tarde-de-baloncesto\\\/#primaryimage\",\"url\":\"https:\\\/\\\/www.realclubmaritimomelilla.es\\\/clmar\\\/wp-content\\\/uploads\\\/IMG_4372.jpg\",\"contentUrl\":\"https:\\\/\\\/www.realclubmaritimomelilla.es\\\/clmar\\\/wp-content\\\/uploads\\\/IMG_4372.jpg\",\"width\":2016,\"height\":1512},{\"@type\":\"BreadcrumbList\",\"@id\":\"https:\\\/\\\/www.realclubmaritimomelilla.es\\\/clmar\\\/real-club-maritimo-y-unicaja-homenajean-a-javier-imbroda-en-una-gran-tarde-de-baloncesto\\\/#breadcrumb\",\"itemListElement\":[{\"@type\":\"ListItem\",\"position\":1,\"name\":\"Portada\",\"item\":\"https:\\\/\\\/www.realclubmaritimomelilla.es\\\/clmar\\\/\"},{\"@type\":\"ListItem\",\"position\":2,\"name\":\"REAL CLUB MAR\u00cdTIMO Y UNICAJA HOMENAJEAN A JAVIER IMBRODA EN UNA GRAN TARDE DE BALONCESTO\"}]},{\"@type\":\"WebSite\",\"@id\":\"https:\\\/\\\/www.realclubmaritimomelilla.es\\\/clmar\\\/#website\",\"url\":\"https:\\\/\\\/www.realclubmaritimomelilla.es\\\/clmar\\\/\",\"name\":\"Real Club Mar\u00edtimo de Melilla\",\"description\":\"RCMM\",\"publisher\":{\"@id\":\"https:\\\/\\\/www.realclubmaritimomelilla.es\\\/clmar\\\/#organization\"},\"alternateName\":\"RCMM\",\"potentialAction\":[{\"@type\":\"SearchAction\",\"target\":{\"@type\":\"EntryPoint\",\"urlTemplate\":\"https:\\\/\\\/www.realclubmaritimomelilla.es\\\/clmar\\\/?s={search_term_string}\"},\"query-input\":{\"@type\":\"PropertyValueSpecification\",\"valueRequired\":true,\"valueName\":\"search_term_string\"}}],\"inLanguage\":\"es\"},{\"@type\":\"Organization\",\"@id\":\"https:\\\/\\\/www.realclubmaritimomelilla.es\\\/clmar\\\/#organization\",\"name\":\"Real Club Mar\u00edtimo de Melilla\",\"alternateName\":\"RCMM\",\"url\":\"https:\\\/\\\/www.realclubmaritimomelilla.es\\\/clmar\\\/\",\"logo\":{\"@type\":\"ImageObject\",\"inLanguage\":\"es\",\"@id\":\"https:\\\/\\\/www.realclubmaritimomelilla.es\\\/clmar\\\/#\\\/schema\\\/logo\\\/image\\\/\",\"url\":\"https:\\\/\\\/www.realclubmaritimomelilla.es\\\/clmar\\\/wp-content\\\/uploads\\\/logo-club-original-copia.jpg\",\"contentUrl\":\"https:\\\/\\\/www.realclubmaritimomelilla.es\\\/clmar\\\/wp-content\\\/uploads\\\/logo-club-original-copia.jpg\",\"width\":128,\"height\":89,\"caption\":\"Real Club Mar\u00edtimo de Melilla\"},\"image\":{\"@id\":\"https:\\\/\\\/www.realclubmaritimomelilla.es\\\/clmar\\\/#\\\/schema\\\/logo\\\/image\\\/\"},\"sameAs\":[\"https:\\\/\\\/www.facebook.com\\\/Real-Club-Mar\u00edtimo-de-Melilla-588495841234214\\\/\",\"https:\\\/\\\/x.com\\\/nauticarcmm\",\"https:\\\/\\\/www.instagram.com\\\/club_maritimo_melilla\\\/\",\"https:\\\/\\\/www.youtube.com\\\/@realclubmaritimodemelilla4703\",\"https:\\\/\\\/es.wikipedia.org\\\/wiki\\\/Real_Club_Mar\u00edtimo_de_Melilla\"]},{\"@type\":\"Person\",\"@id\":\"https:\\\/\\\/www.realclubmaritimomelilla.es\\\/clmar\\\/#\\\/schema\\\/person\\\/ebaa3713496dc6d48c872452e73a8e79\",\"name\":\"RCMMelilla\",\"image\":{\"@type\":\"ImageObject\",\"inLanguage\":\"es\",\"@id\":\"https:\\\/\\\/secure.gravatar.com\\\/avatar\\\/df1c24789360fb9308735c4ee556fc2bc5bf924bf01e53043b8b97ba272da33c?s=96&d=mm&r=g\",\"url\":\"https:\\\/\\\/secure.gravatar.com\\\/avatar\\\/df1c24789360fb9308735c4ee556fc2bc5bf924bf01e53043b8b97ba272da33c?s=96&d=mm&r=g\",\"contentUrl\":\"https:\\\/\\\/secure.gravatar.com\\\/avatar\\\/df1c24789360fb9308735c4ee556fc2bc5bf924bf01e53043b8b97ba272da33c?s=96&d=mm&r=g\",\"caption\":\"RCMMelilla\"}}]}<\/script>\n<!-- \/ Yoast SEO plugin. -->","yoast_head_json":{"title":"REAL CLUB MAR\u00cdTIMO Y UNICAJA HOMENAJEAN A JAVIER IMBRODA EN UNA GRAN TARDE DE BALONCESTO - Real Club Mar\u00edtimo de Melilla","description":"REAL CLUB MAR\u00cdTIMO Y UNICAJA HOMENAJEAN A JAVIER IMBRODA EN UNA GRAN TARDE DE BALONCESTO -","robots":{"index":"index","follow":"follow","max-snippet":"max-snippet:-1","max-image-preview":"max-image-preview:large","max-video-preview":"max-video-preview:-1"},"canonical":"https:\/\/www.realclubmaritimomelilla.es\/clmar\/real-club-maritimo-y-unicaja-homenajean-a-javier-imbroda-en-una-gran-tarde-de-baloncesto\/","og_locale":"es_ES","og_type":"article","og_title":"REAL CLUB MAR\u00cdTIMO Y UNICAJA HOMENAJEAN A JAVIER IMBRODA EN UNA GRAN TARDE DE BALONCESTO - Real Club Mar\u00edtimo de Melilla","og_description":"REAL CLUB MAR\u00cdTIMO Y UNICAJA HOMENAJEAN A JAVIER IMBRODA EN UNA GRAN TARDE DE BALONCESTO -","og_url":"https:\/\/www.realclubmaritimomelilla.es\/clmar\/real-club-maritimo-y-unicaja-homenajean-a-javier-imbroda-en-una-gran-tarde-de-baloncesto\/","og_site_name":"Real Club Mar\u00edtimo de Melilla","article_publisher":"https:\/\/www.facebook.com\/Real-Club-Mar%c3%adtimo-de-Melilla-588495841234214\/","article_published_time":"2023-08-18T19:57:53+00:00","article_modified_time":"2024-03-27T08:47:23+00:00","og_image":[{"width":2016,"height":1512,"url":"https:\/\/www.realclubmaritimomelilla.es\/clmar\/wp-content\/uploads\/IMG_4372.jpg","type":"image\/jpeg"}],"author":"RCMMelilla","twitter_card":"summary_large_image","twitter_creator":"@nauticarcmm","twitter_site":"@nauticarcmm","twitter_misc":{"Escrito por":"RCMMelilla","Tiempo de lectura":"3 minutos"},"schema":{"@context":"https:\/\/schema.org","@graph":[{"@type":"Article","@id":"https:\/\/www.realclubmaritimomelilla.es\/clmar\/real-club-maritimo-y-unicaja-homenajean-a-javier-imbroda-en-una-gran-tarde-de-baloncesto\/#article","isPartOf":{"@id":"https:\/\/www.realclubmaritimomelilla.es\/clmar\/real-club-maritimo-y-unicaja-homenajean-a-javier-imbroda-en-una-gran-tarde-de-baloncesto\/"},"author":{"name":"RCMMelilla","@id":"https:\/\/www.realclubmaritimomelilla.es\/clmar\/#\/schema\/person\/ebaa3713496dc6d48c872452e73a8e79"},"headline":"REAL CLUB MAR\u00cdTIMO Y UNICAJA HOMENAJEAN A JAVIER IMBRODA EN UNA GRAN TARDE DE BALONCESTO","datePublished":"2023-08-18T19:57:53+00:00","dateModified":"2024-03-27T08:47:23+00:00","mainEntityOfPage":{"@id":"https:\/\/www.realclubmaritimomelilla.es\/clmar\/real-club-maritimo-y-unicaja-homenajean-a-javier-imbroda-en-una-gran-tarde-de-baloncesto\/"},"wordCount":566,"commentCount":0,"publisher":{"@id":"https:\/\/www.realclubmaritimomelilla.es\/clmar\/#organization"},"image":{"@id":"https:\/\/www.realclubmaritimomelilla.es\/clmar\/real-club-maritimo-y-unicaja-homenajean-a-javier-imbroda-en-una-gran-tarde-de-baloncesto\/#primaryimage"},"thumbnailUrl":"https:\/\/www.realclubmaritimomelilla.es\/clmar\/wp-content\/uploads\/IMG_4372.jpg","articleSection":["Secci\u00f3n Baloncesto"],"inLanguage":"es","potentialAction":[{"@type":"CommentAction","name":"Comment","target":["https:\/\/www.realclubmaritimomelilla.es\/clmar\/real-club-maritimo-y-unicaja-homenajean-a-javier-imbroda-en-una-gran-tarde-de-baloncesto\/#respond"]}]},{"@type":"WebPage","@id":"https:\/\/www.realclubmaritimomelilla.es\/clmar\/real-club-maritimo-y-unicaja-homenajean-a-javier-imbroda-en-una-gran-tarde-de-baloncesto\/","url":"https:\/\/www.realclubmaritimomelilla.es\/clmar\/real-club-maritimo-y-unicaja-homenajean-a-javier-imbroda-en-una-gran-tarde-de-baloncesto\/","name":"REAL CLUB MAR\u00cdTIMO Y UNICAJA HOMENAJEAN A JAVIER IMBRODA EN UNA GRAN TARDE DE BALONCESTO - Real Club Mar\u00edtimo de Melilla","isPartOf":{"@id":"https:\/\/www.realclubmaritimomelilla.es\/clmar\/#website"},"primaryImageOfPage":{"@id":"https:\/\/www.realclubmaritimomelilla.es\/clmar\/real-club-maritimo-y-unicaja-homenajean-a-javier-imbroda-en-una-gran-tarde-de-baloncesto\/#primaryimage"},"image":{"@id":"https:\/\/www.realclubmaritimomelilla.es\/clmar\/real-club-maritimo-y-unicaja-homenajean-a-javier-imbroda-en-una-gran-tarde-de-baloncesto\/#primaryimage"},"thumbnailUrl":"https:\/\/www.realclubmaritimomelilla.es\/clmar\/wp-content\/uploads\/IMG_4372.jpg","datePublished":"2023-08-18T19:57:53+00:00","dateModified":"2024-03-27T08:47:23+00:00","description":"REAL CLUB MAR\u00cdTIMO Y UNICAJA HOMENAJEAN A JAVIER IMBRODA EN UNA GRAN TARDE DE BALONCESTO -","breadcrumb":{"@id":"https:\/\/www.realclubmaritimomelilla.es\/clmar\/real-club-maritimo-y-unicaja-homenajean-a-javier-imbroda-en-una-gran-tarde-de-baloncesto\/#breadcrumb"},"inLanguage":"es","potentialAction":[{"@type":"ReadAction","target":["https:\/\/www.realclubmaritimomelilla.es\/clmar\/real-club-maritimo-y-unicaja-homenajean-a-javier-imbroda-en-una-gran-tarde-de-baloncesto\/"]}]},{"@type":"ImageObject","inLanguage":"es","@id":"https:\/\/www.realclubmaritimomelilla.es\/clmar\/real-club-maritimo-y-unicaja-homenajean-a-javier-imbroda-en-una-gran-tarde-de-baloncesto\/#primaryimage","url":"https:\/\/www.realclubmaritimomelilla.es\/clmar\/wp-content\/uploads\/IMG_4372.jpg","contentUrl":"https:\/\/www.realclubmaritimomelilla.es\/clmar\/wp-content\/uploads\/IMG_4372.jpg","width":2016,"height":1512},{"@type":"BreadcrumbList","@id":"https:\/\/www.realclubmaritimomelilla.es\/clmar\/real-club-maritimo-y-unicaja-homenajean-a-javier-imbroda-en-una-gran-tarde-de-baloncesto\/#breadcrumb","itemListElement":[{"@type":"ListItem","position":1,"name":"Portada","item":"https:\/\/www.realclubmaritimomelilla.es\/clmar\/"},{"@type":"ListItem","position":2,"name":"REAL CLUB MAR\u00cdTIMO Y UNICAJA HOMENAJEAN A JAVIER IMBRODA EN UNA GRAN TARDE DE BALONCESTO"}]},{"@type":"WebSite","@id":"https:\/\/www.realclubmaritimomelilla.es\/clmar\/#website","url":"https:\/\/www.realclubmaritimomelilla.es\/clmar\/","name":"Real Club Mar\u00edtimo de Melilla","description":"RCMM","publisher":{"@id":"https:\/\/www.realclubmaritimomelilla.es\/clmar\/#organization"},"alternateName":"RCMM","potentialAction":[{"@type":"SearchAction","target":{"@type":"EntryPoint","urlTemplate":"https:\/\/www.realclubmaritimomelilla.es\/clmar\/?s={search_term_string}"},"query-input":{"@type":"PropertyValueSpecification","valueRequired":true,"valueName":"search_term_string"}}],"inLanguage":"es"},{"@type":"Organization","@id":"https:\/\/www.realclubmaritimomelilla.es\/clmar\/#organization","name":"Real Club Mar\u00edtimo de Melilla","alternateName":"RCMM","url":"https:\/\/www.realclubmaritimomelilla.es\/clmar\/","logo":{"@type":"ImageObject","inLanguage":"es","@id":"https:\/\/www.realclubmaritimomelilla.es\/clmar\/#\/schema\/logo\/image\/","url":"https:\/\/www.realclubmaritimomelilla.es\/clmar\/wp-content\/uploads\/logo-club-original-copia.jpg","contentUrl":"https:\/\/www.realclubmaritimomelilla.es\/clmar\/wp-content\/uploads\/logo-club-original-copia.jpg","width":128,"height":89,"caption":"Real Club Mar\u00edtimo de Melilla"},"image":{"@id":"https:\/\/www.realclubmaritimomelilla.es\/clmar\/#\/schema\/logo\/image\/"},"sameAs":["https:\/\/www.facebook.com\/Real-Club-Mar\u00edtimo-de-Melilla-588495841234214\/","https:\/\/x.com\/nauticarcmm","https:\/\/www.instagram.com\/club_maritimo_melilla\/","https:\/\/www.youtube.com\/@realclubmaritimodemelilla4703","https:\/\/es.wikipedia.org\/wiki\/Real_Club_Mar\u00edtimo_de_Melilla"]},{"@type":"Person","@id":"https:\/\/www.realclubmaritimomelilla.es\/clmar\/#\/schema\/person\/ebaa3713496dc6d48c872452e73a8e79","name":"RCMMelilla","image":{"@type":"ImageObject","inLanguage":"es","@id":"https:\/\/secure.gravatar.com\/avatar\/df1c24789360fb9308735c4ee556fc2bc5bf924bf01e53043b8b97ba272da33c?s=96&d=mm&r=g","url":"https:\/\/secure.gravatar.com\/avatar\/df1c24789360fb9308735c4ee556fc2bc5bf924bf01e53043b8b97ba272da33c?s=96&d=mm&r=g","contentUrl":"https:\/\/secure.gravatar.com\/avatar\/df1c24789360fb9308735c4ee556fc2bc5bf924bf01e53043b8b97ba272da33c?s=96&d=mm&r=g","caption":"RCMMelilla"}}]}},"_links":{"self":[{"href":"https:\/\/www.realclubmaritimomelilla.es\/clmar\/wp-json\/wp\/v2\/posts\/21249","targetHints":{"allow":["GET"]}}],"collection":[{"href":"https:\/\/www.realclubmaritimomelilla.es\/clmar\/wp-json\/wp\/v2\/posts"}],"about":[{"href":"https:\/\/www.realclubmaritimomelilla.es\/clmar\/wp-json\/wp\/v2\/types\/post"}],"author":[{"embeddable":true,"href":"https:\/\/www.realclubmaritimomelilla.es\/clmar\/wp-json\/wp\/v2\/users\/1"}],"replies":[{"embeddable":true,"href":"https:\/\/www.realclubmaritimomelilla.es\/clmar\/wp-json\/wp\/v2\/comments?post=21249"}],"version-history":[{"count":1,"href":"https:\/\/www.realclubmaritimomelilla.es\/clmar\/wp-json\/wp\/v2\/posts\/21249\/revisions"}],"predecessor-version":[{"id":21262,"href":"https:\/\/www.realclubmaritimomelilla.es\/clmar\/wp-json\/wp\/v2\/posts\/21249\/revisions\/21262"}],"wp:featuredmedia":[{"embeddable":true,"href":"https:\/\/www.realclubmaritimomelilla.es\/clmar\/wp-json\/wp\/v2\/media\/21261"}],"wp:attachment":[{"href":"https:\/\/www.realclubmaritimomelilla.es\/clmar\/wp-json\/wp\/v2\/media?parent=21249"}],"wp:term":[{"taxonomy":"category","embeddable":true,"href":"https:\/\/www.realclubmaritimomelilla.es\/clmar\/wp-json\/wp\/v2\/categories?post=21249"},{"taxonomy":"post_tag","embeddable":true,"href":"https:\/\/www.realclubmaritimomelilla.es\/clmar\/wp-json\/wp\/v2\/tags?post=21249"}],"curies":[{"name":"wp","href":"https:\/\/api.w.org\/{rel}","templated":true}]}}