{"id":21044,"date":"2023-08-09T11:38:32","date_gmt":"2023-08-09T09:38:32","guid":{"rendered":"https:\/\/www.realclubmaritimomelilla.es\/clmar\/?p=21044"},"modified":"2024-03-27T09:49:34","modified_gmt":"2024-03-27T08:49:34","slug":"los-veteranos-de-unicaja-y-real-club-maritimo-de-melilla-jugaran-un-partido-el-18-de-agosto","status":"publish","type":"post","link":"https:\/\/www.realclubmaritimomelilla.es\/clmar\/los-veteranos-de-unicaja-y-real-club-maritimo-de-melilla-jugaran-un-partido-el-18-de-agosto\/","title":{"rendered":"LOS VETERANOS DE UNICAJA Y REAL CLUB MAR\u00cdTIMO DE MELILLA JUGAR\u00c1N UN PARTIDO EL 18 DE AGOSTO"},"content":{"rendered":"<p>El Real Club Mar\u00edtimo de Melilla se medir\u00e1 a los veteranos de Unicaja Baloncesto en un partido-exhibici\u00f3n que tendr\u00e1 lugar el pr\u00f3ximo viernes 18 de agosto en el pabell\u00f3n Javier Imbroda.<\/p>\n<p>La secci\u00f3n de baloncesto del Real Club Mar\u00edtimo de Melilla arranc\u00f3 en 2010 y despu\u00e9s de m\u00e1s de una d\u00e9cada es un proyecto totalmente consolidado. Sin embargo, desde hace un lustro, cuando en 2018 comenz\u00f3 a rodar el equipo de veteranos, esta iniciativa alcanz\u00f3 otra dimensi\u00f3n, logrando que los objetivos que impulsaron esta aventura tuviesen un importante y laureado alcance internacional.<\/p>\n<p>De esta forma surge la visita que realizar\u00e1 una expedici\u00f3n de Unicaja Baloncesto, encabezada por su presidente Antonio Jes\u00fas L\u00f3pez Nieto, para disputar en Melilla y frente al Real Club Mar\u00edtimo de Melilla un partido amistoso que tendr\u00e1 como escenario la pista en la que se recuerda y se honra al melillense que m\u00e1s lejos y alto llev\u00f3 el nombre de nuestra ciudad, Javier Imbroda Ortiz.<\/p>\n<p>Unicaja est\u00e1 preparando su pr\u00f3xima participaci\u00f3n en el Campeonato del Mundo en Argentina, lo que unido a la visibilidad que desde el Real Club Mar\u00edtimo de Melilla se quiere dar a su equipo de veterano en su quinto aniversario, son los argumentos para que los melillenses puedan disfrutar de este encuentro de baloncesto.<\/p>\n<p>El partido, que dar\u00e1 comienzo a las 19 horas, medir\u00e1 a los veteranos de ambos equipos. Un Real Club Mar\u00edtimo de Melilla, que el a\u00f1o pasado qued\u00f3 campe\u00f3n del Mamba21 en Cartagena y subcampe\u00f3n en el Give&amp;go en Sevilla, se medir\u00e1 a Unicaja, cuyos veteranos +35 son los actuales campeones de Europa.<\/p>\n<p>Una cita deportiva para los amantes del baloncesto local que est\u00e1n invitados a asistir a este evento, en el que se podr\u00e1n ver en acci\u00f3n a importantes jugadores que compitieron en ACB y competiciones europeas.<\/p>\n<p>El Real Club Mar\u00edtimo de Melilla contar\u00e1 con sus habituales jugadores caso de Kemel Hamouti, Jes\u00fas Mart\u00ednez, Claudio Arp\u00f3n, Miguel Angel Noguera, Nacho Su\u00e1rez, Pepe Torrubia, Nico D\u00edaz, Gonzalo Arp\u00f3n o Enrique Aubia, a los que ahora tambi\u00e9n se suman nombres propios del baloncesto local como Dani Terr\u00f3n, Alex Lim\u00f3n o Javi Gonz\u00e1lez.<\/p>\n<p>Pedro Ram\u00edrez, que ha dirigido al primer equipo de Unicaja, es el t\u00e9cnico de los veteranos malague\u00f1os. El excapit\u00e1n de Melilla Baloncesto, Eloy Almaz\u00e1n, es uno de los jugadores que forma el equipo junto a Carlos Cabezas, Ismael Torres, Javier Meras, Juan Vasco, Rub\u00e9n L\u00f3pez, Jos\u00e9 Carlos Gaspar, Carlos Abuin, Diego Guaita o Alberto Fidalgo.<\/p>\n<p>As\u00ed, el 18 de agosto el Real Club Mar\u00edtimo de Melilla les invita a presenciar este partido-exhibici\u00f3n a partir de las siete de la tarde en el pabell\u00f3n Javier Imbroda.<\/p>\n","protected":false},"excerpt":{"rendered":"<p>El Real Club Mar\u00edtimo de Melilla se medir\u00e1 a los veteranos de Unicaja Baloncesto en un partido-exhibici\u00f3n que tendr\u00e1 lugar el pr\u00f3ximo viernes 18 de agosto en el pabell\u00f3n Javier Imbroda. La secci\u00f3n de baloncesto del Real Club Mar\u00edtimo de Melilla arranc\u00f3 en 2010 y despu\u00e9s de m\u00e1s de una d\u00e9cada es un proyecto totalmente [&hellip;]<\/p>\n","protected":false},"author":1,"featured_media":21045,"comment_status":"open","ping_status":"open","sticky":false,"template":"","format":"standard","meta":{"_acf_changed":false,"footnotes":""},"categories":[46],"tags":[],"class_list":["post-21044","post","type-post","status-publish","format-standard","has-post-thumbnail","hentry","category-seccion-baloncesto"],"acf":[],"yoast_head":"<!-- This site is optimized with the Yoast SEO plugin v27.5 - https:\/\/yoast.com\/product\/yoast-seo-wordpress\/ -->\n<title>LOS VETERANOS DE UNICAJA Y REAL CLUB MAR\u00cdTIMO DE MELILLA JUGAR\u00c1N UN PARTIDO EL 18 DE AGOSTO - Real Club Mar\u00edtimo de Melilla<\/title>\n<meta name=\"description\" content=\"LOS VETERANOS DE UNICAJA Y REAL CLUB MAR\u00cdTIMO DE MELILLA JUGAR\u00c1N UN PARTIDO EL 18 DE AGOSTO -\" \/>\n<meta name=\"robots\" content=\"index, follow, max-snippet:-1, max-image-preview:large, max-video-preview:-1\" \/>\n<link rel=\"canonical\" href=\"https:\/\/www.realclubmaritimomelilla.es\/clmar\/los-veteranos-de-unicaja-y-real-club-maritimo-de-melilla-jugaran-un-partido-el-18-de-agosto\/\" \/>\n<meta property=\"og:locale\" content=\"es_ES\" \/>\n<meta property=\"og:type\" content=\"article\" \/>\n<meta property=\"og:title\" content=\"LOS VETERANOS DE UNICAJA Y REAL CLUB MAR\u00cdTIMO DE MELILLA JUGAR\u00c1N UN PARTIDO EL 18 DE AGOSTO - Real Club Mar\u00edtimo de Melilla\" \/>\n<meta property=\"og:description\" content=\"LOS VETERANOS DE UNICAJA Y REAL CLUB MAR\u00cdTIMO DE MELILLA JUGAR\u00c1N UN PARTIDO EL 18 DE AGOSTO -\" \/>\n<meta property=\"og:url\" content=\"https:\/\/www.realclubmaritimomelilla.es\/clmar\/los-veteranos-de-unicaja-y-real-club-maritimo-de-melilla-jugaran-un-partido-el-18-de-agosto\/\" \/>\n<meta property=\"og:site_name\" content=\"Real Club Mar\u00edtimo de Melilla\" \/>\n<meta property=\"article:publisher\" content=\"https:\/\/www.facebook.com\/Real-Club-Mar%c3%adtimo-de-Melilla-588495841234214\/\" \/>\n<meta property=\"article:published_time\" content=\"2023-08-09T09:38:32+00:00\" \/>\n<meta property=\"article:modified_time\" content=\"2024-03-27T08:49:34+00:00\" \/>\n<meta property=\"og:image\" content=\"https:\/\/www.realclubmaritimomelilla.es\/clmar\/wp-content\/uploads\/Partido-Baloncesto-1-scaled.jpg\" \/>\n\t<meta property=\"og:image:width\" content=\"2560\" \/>\n\t<meta property=\"og:image:height\" content=\"1810\" \/>\n\t<meta property=\"og:image:type\" content=\"image\/jpeg\" \/>\n<meta name=\"author\" content=\"RCMMelilla\" \/>\n<meta name=\"twitter:card\" content=\"summary_large_image\" \/>\n<meta name=\"twitter:creator\" content=\"@nauticarcmm\" \/>\n<meta name=\"twitter:site\" content=\"@nauticarcmm\" \/>\n<meta name=\"twitter:label1\" content=\"Escrito por\" \/>\n\t<meta name=\"twitter:data1\" content=\"RCMMelilla\" \/>\n\t<meta name=\"twitter:label2\" content=\"Tiempo de lectura\" \/>\n\t<meta name=\"twitter:data2\" content=\"2 minutos\" \/>\n<script type=\"application\/ld+json\" class=\"yoast-schema-graph\">{\"@context\":\"https:\\\/\\\/schema.org\",\"@graph\":[{\"@type\":\"Article\",\"@id\":\"https:\\\/\\\/www.realclubmaritimomelilla.es\\\/clmar\\\/los-veteranos-de-unicaja-y-real-club-maritimo-de-melilla-jugaran-un-partido-el-18-de-agosto\\\/#article\",\"isPartOf\":{\"@id\":\"https:\\\/\\\/www.realclubmaritimomelilla.es\\\/clmar\\\/los-veteranos-de-unicaja-y-real-club-maritimo-de-melilla-jugaran-un-partido-el-18-de-agosto\\\/\"},\"author\":{\"name\":\"RCMMelilla\",\"@id\":\"https:\\\/\\\/www.realclubmaritimomelilla.es\\\/clmar\\\/#\\\/schema\\\/person\\\/ebaa3713496dc6d48c872452e73a8e79\"},\"headline\":\"LOS VETERANOS DE UNICAJA Y REAL CLUB MAR\u00cdTIMO DE MELILLA JUGAR\u00c1N UN PARTIDO EL 18 DE AGOSTO\",\"datePublished\":\"2023-08-09T09:38:32+00:00\",\"dateModified\":\"2024-03-27T08:49:34+00:00\",\"mainEntityOfPage\":{\"@id\":\"https:\\\/\\\/www.realclubmaritimomelilla.es\\\/clmar\\\/los-veteranos-de-unicaja-y-real-club-maritimo-de-melilla-jugaran-un-partido-el-18-de-agosto\\\/\"},\"wordCount\":496,\"commentCount\":0,\"publisher\":{\"@id\":\"https:\\\/\\\/www.realclubmaritimomelilla.es\\\/clmar\\\/#organization\"},\"image\":{\"@id\":\"https:\\\/\\\/www.realclubmaritimomelilla.es\\\/clmar\\\/los-veteranos-de-unicaja-y-real-club-maritimo-de-melilla-jugaran-un-partido-el-18-de-agosto\\\/#primaryimage\"},\"thumbnailUrl\":\"https:\\\/\\\/www.realclubmaritimomelilla.es\\\/clmar\\\/wp-content\\\/uploads\\\/Partido-Baloncesto-1-scaled.jpg\",\"articleSection\":[\"Secci\u00f3n Baloncesto\"],\"inLanguage\":\"es\",\"potentialAction\":[{\"@type\":\"CommentAction\",\"name\":\"Comment\",\"target\":[\"https:\\\/\\\/www.realclubmaritimomelilla.es\\\/clmar\\\/los-veteranos-de-unicaja-y-real-club-maritimo-de-melilla-jugaran-un-partido-el-18-de-agosto\\\/#respond\"]}]},{\"@type\":\"WebPage\",\"@id\":\"https:\\\/\\\/www.realclubmaritimomelilla.es\\\/clmar\\\/los-veteranos-de-unicaja-y-real-club-maritimo-de-melilla-jugaran-un-partido-el-18-de-agosto\\\/\",\"url\":\"https:\\\/\\\/www.realclubmaritimomelilla.es\\\/clmar\\\/los-veteranos-de-unicaja-y-real-club-maritimo-de-melilla-jugaran-un-partido-el-18-de-agosto\\\/\",\"name\":\"LOS VETERANOS DE UNICAJA Y REAL CLUB MAR\u00cdTIMO DE MELILLA JUGAR\u00c1N UN PARTIDO EL 18 DE AGOSTO - Real Club Mar\u00edtimo de Melilla\",\"isPartOf\":{\"@id\":\"https:\\\/\\\/www.realclubmaritimomelilla.es\\\/clmar\\\/#website\"},\"primaryImageOfPage\":{\"@id\":\"https:\\\/\\\/www.realclubmaritimomelilla.es\\\/clmar\\\/los-veteranos-de-unicaja-y-real-club-maritimo-de-melilla-jugaran-un-partido-el-18-de-agosto\\\/#primaryimage\"},\"image\":{\"@id\":\"https:\\\/\\\/www.realclubmaritimomelilla.es\\\/clmar\\\/los-veteranos-de-unicaja-y-real-club-maritimo-de-melilla-jugaran-un-partido-el-18-de-agosto\\\/#primaryimage\"},\"thumbnailUrl\":\"https:\\\/\\\/www.realclubmaritimomelilla.es\\\/clmar\\\/wp-content\\\/uploads\\\/Partido-Baloncesto-1-scaled.jpg\",\"datePublished\":\"2023-08-09T09:38:32+00:00\",\"dateModified\":\"2024-03-27T08:49:34+00:00\",\"description\":\"LOS VETERANOS DE UNICAJA Y REAL CLUB MAR\u00cdTIMO DE MELILLA JUGAR\u00c1N UN PARTIDO EL 18 DE AGOSTO -\",\"breadcrumb\":{\"@id\":\"https:\\\/\\\/www.realclubmaritimomelilla.es\\\/clmar\\\/los-veteranos-de-unicaja-y-real-club-maritimo-de-melilla-jugaran-un-partido-el-18-de-agosto\\\/#breadcrumb\"},\"inLanguage\":\"es\",\"potentialAction\":[{\"@type\":\"ReadAction\",\"target\":[\"https:\\\/\\\/www.realclubmaritimomelilla.es\\\/clmar\\\/los-veteranos-de-unicaja-y-real-club-maritimo-de-melilla-jugaran-un-partido-el-18-de-agosto\\\/\"]}]},{\"@type\":\"ImageObject\",\"inLanguage\":\"es\",\"@id\":\"https:\\\/\\\/www.realclubmaritimomelilla.es\\\/clmar\\\/los-veteranos-de-unicaja-y-real-club-maritimo-de-melilla-jugaran-un-partido-el-18-de-agosto\\\/#primaryimage\",\"url\":\"https:\\\/\\\/www.realclubmaritimomelilla.es\\\/clmar\\\/wp-content\\\/uploads\\\/Partido-Baloncesto-1-scaled.jpg\",\"contentUrl\":\"https:\\\/\\\/www.realclubmaritimomelilla.es\\\/clmar\\\/wp-content\\\/uploads\\\/Partido-Baloncesto-1-scaled.jpg\",\"width\":2560,\"height\":1810},{\"@type\":\"BreadcrumbList\",\"@id\":\"https:\\\/\\\/www.realclubmaritimomelilla.es\\\/clmar\\\/los-veteranos-de-unicaja-y-real-club-maritimo-de-melilla-jugaran-un-partido-el-18-de-agosto\\\/#breadcrumb\",\"itemListElement\":[{\"@type\":\"ListItem\",\"position\":1,\"name\":\"Portada\",\"item\":\"https:\\\/\\\/www.realclubmaritimomelilla.es\\\/clmar\\\/\"},{\"@type\":\"ListItem\",\"position\":2,\"name\":\"LOS VETERANOS DE UNICAJA Y REAL CLUB MAR\u00cdTIMO DE MELILLA JUGAR\u00c1N UN PARTIDO EL 18 DE AGOSTO\"}]},{\"@type\":\"WebSite\",\"@id\":\"https:\\\/\\\/www.realclubmaritimomelilla.es\\\/clmar\\\/#website\",\"url\":\"https:\\\/\\\/www.realclubmaritimomelilla.es\\\/clmar\\\/\",\"name\":\"Real Club Mar\u00edtimo de Melilla\",\"description\":\"RCMM\",\"publisher\":{\"@id\":\"https:\\\/\\\/www.realclubmaritimomelilla.es\\\/clmar\\\/#organization\"},\"alternateName\":\"RCMM\",\"potentialAction\":[{\"@type\":\"SearchAction\",\"target\":{\"@type\":\"EntryPoint\",\"urlTemplate\":\"https:\\\/\\\/www.realclubmaritimomelilla.es\\\/clmar\\\/?s={search_term_string}\"},\"query-input\":{\"@type\":\"PropertyValueSpecification\",\"valueRequired\":true,\"valueName\":\"search_term_string\"}}],\"inLanguage\":\"es\"},{\"@type\":\"Organization\",\"@id\":\"https:\\\/\\\/www.realclubmaritimomelilla.es\\\/clmar\\\/#organization\",\"name\":\"Real Club Mar\u00edtimo de Melilla\",\"alternateName\":\"RCMM\",\"url\":\"https:\\\/\\\/www.realclubmaritimomelilla.es\\\/clmar\\\/\",\"logo\":{\"@type\":\"ImageObject\",\"inLanguage\":\"es\",\"@id\":\"https:\\\/\\\/www.realclubmaritimomelilla.es\\\/clmar\\\/#\\\/schema\\\/logo\\\/image\\\/\",\"url\":\"https:\\\/\\\/www.realclubmaritimomelilla.es\\\/clmar\\\/wp-content\\\/uploads\\\/logo-club-original-copia.jpg\",\"contentUrl\":\"https:\\\/\\\/www.realclubmaritimomelilla.es\\\/clmar\\\/wp-content\\\/uploads\\\/logo-club-original-copia.jpg\",\"width\":128,\"height\":89,\"caption\":\"Real Club Mar\u00edtimo de Melilla\"},\"image\":{\"@id\":\"https:\\\/\\\/www.realclubmaritimomelilla.es\\\/clmar\\\/#\\\/schema\\\/logo\\\/image\\\/\"},\"sameAs\":[\"https:\\\/\\\/www.facebook.com\\\/Real-Club-Mar\u00edtimo-de-Melilla-588495841234214\\\/\",\"https:\\\/\\\/x.com\\\/nauticarcmm\",\"https:\\\/\\\/www.instagram.com\\\/club_maritimo_melilla\\\/\",\"https:\\\/\\\/www.youtube.com\\\/@realclubmaritimodemelilla4703\",\"https:\\\/\\\/es.wikipedia.org\\\/wiki\\\/Real_Club_Mar\u00edtimo_de_Melilla\"]},{\"@type\":\"Person\",\"@id\":\"https:\\\/\\\/www.realclubmaritimomelilla.es\\\/clmar\\\/#\\\/schema\\\/person\\\/ebaa3713496dc6d48c872452e73a8e79\",\"name\":\"RCMMelilla\",\"image\":{\"@type\":\"ImageObject\",\"inLanguage\":\"es\",\"@id\":\"https:\\\/\\\/secure.gravatar.com\\\/avatar\\\/df1c24789360fb9308735c4ee556fc2bc5bf924bf01e53043b8b97ba272da33c?s=96&d=mm&r=g\",\"url\":\"https:\\\/\\\/secure.gravatar.com\\\/avatar\\\/df1c24789360fb9308735c4ee556fc2bc5bf924bf01e53043b8b97ba272da33c?s=96&d=mm&r=g\",\"contentUrl\":\"https:\\\/\\\/secure.gravatar.com\\\/avatar\\\/df1c24789360fb9308735c4ee556fc2bc5bf924bf01e53043b8b97ba272da33c?s=96&d=mm&r=g\",\"caption\":\"RCMMelilla\"}}]}<\/script>\n<!-- \/ Yoast SEO plugin. -->","yoast_head_json":{"title":"LOS VETERANOS DE UNICAJA Y REAL CLUB MAR\u00cdTIMO DE MELILLA JUGAR\u00c1N UN PARTIDO EL 18 DE AGOSTO - Real Club Mar\u00edtimo de Melilla","description":"LOS VETERANOS DE UNICAJA Y REAL CLUB MAR\u00cdTIMO DE MELILLA JUGAR\u00c1N UN PARTIDO EL 18 DE AGOSTO -","robots":{"index":"index","follow":"follow","max-snippet":"max-snippet:-1","max-image-preview":"max-image-preview:large","max-video-preview":"max-video-preview:-1"},"canonical":"https:\/\/www.realclubmaritimomelilla.es\/clmar\/los-veteranos-de-unicaja-y-real-club-maritimo-de-melilla-jugaran-un-partido-el-18-de-agosto\/","og_locale":"es_ES","og_type":"article","og_title":"LOS VETERANOS DE UNICAJA Y REAL CLUB MAR\u00cdTIMO DE MELILLA JUGAR\u00c1N UN PARTIDO EL 18 DE AGOSTO - Real Club Mar\u00edtimo de Melilla","og_description":"LOS VETERANOS DE UNICAJA Y REAL CLUB MAR\u00cdTIMO DE MELILLA JUGAR\u00c1N UN PARTIDO EL 18 DE AGOSTO -","og_url":"https:\/\/www.realclubmaritimomelilla.es\/clmar\/los-veteranos-de-unicaja-y-real-club-maritimo-de-melilla-jugaran-un-partido-el-18-de-agosto\/","og_site_name":"Real Club Mar\u00edtimo de Melilla","article_publisher":"https:\/\/www.facebook.com\/Real-Club-Mar%c3%adtimo-de-Melilla-588495841234214\/","article_published_time":"2023-08-09T09:38:32+00:00","article_modified_time":"2024-03-27T08:49:34+00:00","og_image":[{"width":2560,"height":1810,"url":"https:\/\/www.realclubmaritimomelilla.es\/clmar\/wp-content\/uploads\/Partido-Baloncesto-1-scaled.jpg","type":"image\/jpeg"}],"author":"RCMMelilla","twitter_card":"summary_large_image","twitter_creator":"@nauticarcmm","twitter_site":"@nauticarcmm","twitter_misc":{"Escrito por":"RCMMelilla","Tiempo de lectura":"2 minutos"},"schema":{"@context":"https:\/\/schema.org","@graph":[{"@type":"Article","@id":"https:\/\/www.realclubmaritimomelilla.es\/clmar\/los-veteranos-de-unicaja-y-real-club-maritimo-de-melilla-jugaran-un-partido-el-18-de-agosto\/#article","isPartOf":{"@id":"https:\/\/www.realclubmaritimomelilla.es\/clmar\/los-veteranos-de-unicaja-y-real-club-maritimo-de-melilla-jugaran-un-partido-el-18-de-agosto\/"},"author":{"name":"RCMMelilla","@id":"https:\/\/www.realclubmaritimomelilla.es\/clmar\/#\/schema\/person\/ebaa3713496dc6d48c872452e73a8e79"},"headline":"LOS VETERANOS DE UNICAJA Y REAL CLUB MAR\u00cdTIMO DE MELILLA JUGAR\u00c1N UN PARTIDO EL 18 DE AGOSTO","datePublished":"2023-08-09T09:38:32+00:00","dateModified":"2024-03-27T08:49:34+00:00","mainEntityOfPage":{"@id":"https:\/\/www.realclubmaritimomelilla.es\/clmar\/los-veteranos-de-unicaja-y-real-club-maritimo-de-melilla-jugaran-un-partido-el-18-de-agosto\/"},"wordCount":496,"commentCount":0,"publisher":{"@id":"https:\/\/www.realclubmaritimomelilla.es\/clmar\/#organization"},"image":{"@id":"https:\/\/www.realclubmaritimomelilla.es\/clmar\/los-veteranos-de-unicaja-y-real-club-maritimo-de-melilla-jugaran-un-partido-el-18-de-agosto\/#primaryimage"},"thumbnailUrl":"https:\/\/www.realclubmaritimomelilla.es\/clmar\/wp-content\/uploads\/Partido-Baloncesto-1-scaled.jpg","articleSection":["Secci\u00f3n Baloncesto"],"inLanguage":"es","potentialAction":[{"@type":"CommentAction","name":"Comment","target":["https:\/\/www.realclubmaritimomelilla.es\/clmar\/los-veteranos-de-unicaja-y-real-club-maritimo-de-melilla-jugaran-un-partido-el-18-de-agosto\/#respond"]}]},{"@type":"WebPage","@id":"https:\/\/www.realclubmaritimomelilla.es\/clmar\/los-veteranos-de-unicaja-y-real-club-maritimo-de-melilla-jugaran-un-partido-el-18-de-agosto\/","url":"https:\/\/www.realclubmaritimomelilla.es\/clmar\/los-veteranos-de-unicaja-y-real-club-maritimo-de-melilla-jugaran-un-partido-el-18-de-agosto\/","name":"LOS VETERANOS DE UNICAJA Y REAL CLUB MAR\u00cdTIMO DE MELILLA JUGAR\u00c1N UN PARTIDO EL 18 DE AGOSTO - Real Club Mar\u00edtimo de Melilla","isPartOf":{"@id":"https:\/\/www.realclubmaritimomelilla.es\/clmar\/#website"},"primaryImageOfPage":{"@id":"https:\/\/www.realclubmaritimomelilla.es\/clmar\/los-veteranos-de-unicaja-y-real-club-maritimo-de-melilla-jugaran-un-partido-el-18-de-agosto\/#primaryimage"},"image":{"@id":"https:\/\/www.realclubmaritimomelilla.es\/clmar\/los-veteranos-de-unicaja-y-real-club-maritimo-de-melilla-jugaran-un-partido-el-18-de-agosto\/#primaryimage"},"thumbnailUrl":"https:\/\/www.realclubmaritimomelilla.es\/clmar\/wp-content\/uploads\/Partido-Baloncesto-1-scaled.jpg","datePublished":"2023-08-09T09:38:32+00:00","dateModified":"2024-03-27T08:49:34+00:00","description":"LOS VETERANOS DE UNICAJA Y REAL CLUB MAR\u00cdTIMO DE MELILLA JUGAR\u00c1N UN PARTIDO EL 18 DE AGOSTO -","breadcrumb":{"@id":"https:\/\/www.realclubmaritimomelilla.es\/clmar\/los-veteranos-de-unicaja-y-real-club-maritimo-de-melilla-jugaran-un-partido-el-18-de-agosto\/#breadcrumb"},"inLanguage":"es","potentialAction":[{"@type":"ReadAction","target":["https:\/\/www.realclubmaritimomelilla.es\/clmar\/los-veteranos-de-unicaja-y-real-club-maritimo-de-melilla-jugaran-un-partido-el-18-de-agosto\/"]}]},{"@type":"ImageObject","inLanguage":"es","@id":"https:\/\/www.realclubmaritimomelilla.es\/clmar\/los-veteranos-de-unicaja-y-real-club-maritimo-de-melilla-jugaran-un-partido-el-18-de-agosto\/#primaryimage","url":"https:\/\/www.realclubmaritimomelilla.es\/clmar\/wp-content\/uploads\/Partido-Baloncesto-1-scaled.jpg","contentUrl":"https:\/\/www.realclubmaritimomelilla.es\/clmar\/wp-content\/uploads\/Partido-Baloncesto-1-scaled.jpg","width":2560,"height":1810},{"@type":"BreadcrumbList","@id":"https:\/\/www.realclubmaritimomelilla.es\/clmar\/los-veteranos-de-unicaja-y-real-club-maritimo-de-melilla-jugaran-un-partido-el-18-de-agosto\/#breadcrumb","itemListElement":[{"@type":"ListItem","position":1,"name":"Portada","item":"https:\/\/www.realclubmaritimomelilla.es\/clmar\/"},{"@type":"ListItem","position":2,"name":"LOS VETERANOS DE UNICAJA Y REAL CLUB MAR\u00cdTIMO DE MELILLA JUGAR\u00c1N UN PARTIDO EL 18 DE AGOSTO"}]},{"@type":"WebSite","@id":"https:\/\/www.realclubmaritimomelilla.es\/clmar\/#website","url":"https:\/\/www.realclubmaritimomelilla.es\/clmar\/","name":"Real Club Mar\u00edtimo de Melilla","description":"RCMM","publisher":{"@id":"https:\/\/www.realclubmaritimomelilla.es\/clmar\/#organization"},"alternateName":"RCMM","potentialAction":[{"@type":"SearchAction","target":{"@type":"EntryPoint","urlTemplate":"https:\/\/www.realclubmaritimomelilla.es\/clmar\/?s={search_term_string}"},"query-input":{"@type":"PropertyValueSpecification","valueRequired":true,"valueName":"search_term_string"}}],"inLanguage":"es"},{"@type":"Organization","@id":"https:\/\/www.realclubmaritimomelilla.es\/clmar\/#organization","name":"Real Club Mar\u00edtimo de Melilla","alternateName":"RCMM","url":"https:\/\/www.realclubmaritimomelilla.es\/clmar\/","logo":{"@type":"ImageObject","inLanguage":"es","@id":"https:\/\/www.realclubmaritimomelilla.es\/clmar\/#\/schema\/logo\/image\/","url":"https:\/\/www.realclubmaritimomelilla.es\/clmar\/wp-content\/uploads\/logo-club-original-copia.jpg","contentUrl":"https:\/\/www.realclubmaritimomelilla.es\/clmar\/wp-content\/uploads\/logo-club-original-copia.jpg","width":128,"height":89,"caption":"Real Club Mar\u00edtimo de Melilla"},"image":{"@id":"https:\/\/www.realclubmaritimomelilla.es\/clmar\/#\/schema\/logo\/image\/"},"sameAs":["https:\/\/www.facebook.com\/Real-Club-Mar\u00edtimo-de-Melilla-588495841234214\/","https:\/\/x.com\/nauticarcmm","https:\/\/www.instagram.com\/club_maritimo_melilla\/","https:\/\/www.youtube.com\/@realclubmaritimodemelilla4703","https:\/\/es.wikipedia.org\/wiki\/Real_Club_Mar\u00edtimo_de_Melilla"]},{"@type":"Person","@id":"https:\/\/www.realclubmaritimomelilla.es\/clmar\/#\/schema\/person\/ebaa3713496dc6d48c872452e73a8e79","name":"RCMMelilla","image":{"@type":"ImageObject","inLanguage":"es","@id":"https:\/\/secure.gravatar.com\/avatar\/df1c24789360fb9308735c4ee556fc2bc5bf924bf01e53043b8b97ba272da33c?s=96&d=mm&r=g","url":"https:\/\/secure.gravatar.com\/avatar\/df1c24789360fb9308735c4ee556fc2bc5bf924bf01e53043b8b97ba272da33c?s=96&d=mm&r=g","contentUrl":"https:\/\/secure.gravatar.com\/avatar\/df1c24789360fb9308735c4ee556fc2bc5bf924bf01e53043b8b97ba272da33c?s=96&d=mm&r=g","caption":"RCMMelilla"}}]}},"_links":{"self":[{"href":"https:\/\/www.realclubmaritimomelilla.es\/clmar\/wp-json\/wp\/v2\/posts\/21044","targetHints":{"allow":["GET"]}}],"collection":[{"href":"https:\/\/www.realclubmaritimomelilla.es\/clmar\/wp-json\/wp\/v2\/posts"}],"about":[{"href":"https:\/\/www.realclubmaritimomelilla.es\/clmar\/wp-json\/wp\/v2\/types\/post"}],"author":[{"embeddable":true,"href":"https:\/\/www.realclubmaritimomelilla.es\/clmar\/wp-json\/wp\/v2\/users\/1"}],"replies":[{"embeddable":true,"href":"https:\/\/www.realclubmaritimomelilla.es\/clmar\/wp-json\/wp\/v2\/comments?post=21044"}],"version-history":[{"count":1,"href":"https:\/\/www.realclubmaritimomelilla.es\/clmar\/wp-json\/wp\/v2\/posts\/21044\/revisions"}],"predecessor-version":[{"id":21046,"href":"https:\/\/www.realclubmaritimomelilla.es\/clmar\/wp-json\/wp\/v2\/posts\/21044\/revisions\/21046"}],"wp:featuredmedia":[{"embeddable":true,"href":"https:\/\/www.realclubmaritimomelilla.es\/clmar\/wp-json\/wp\/v2\/media\/21045"}],"wp:attachment":[{"href":"https:\/\/www.realclubmaritimomelilla.es\/clmar\/wp-json\/wp\/v2\/media?parent=21044"}],"wp:term":[{"taxonomy":"category","embeddable":true,"href":"https:\/\/www.realclubmaritimomelilla.es\/clmar\/wp-json\/wp\/v2\/categories?post=21044"},{"taxonomy":"post_tag","embeddable":true,"href":"https:\/\/www.realclubmaritimomelilla.es\/clmar\/wp-json\/wp\/v2\/tags?post=21044"}],"curies":[{"name":"wp","href":"https:\/\/api.w.org\/{rel}","templated":true}]}}