{"id":20797,"date":"2023-06-10T12:04:46","date_gmt":"2023-06-10T10:04:46","guid":{"rendered":"https:\/\/www.realclubmaritimomelilla.es\/clmar\/?p=20797"},"modified":"2024-03-27T10:14:19","modified_gmt":"2024-03-27T09:14:19","slug":"el-equipo-de-regata-del-club-maritimo-compite-en-almeria","status":"publish","type":"post","link":"https:\/\/www.realclubmaritimomelilla.es\/clmar\/el-equipo-de-regata-del-club-maritimo-compite-en-almeria\/","title":{"rendered":"EL EQUIPO DE REGATA DEL CLUB MAR\u00cdTIMO COMPITE EN ALMER\u00cdA"},"content":{"rendered":"<div>El Equipo de Regata del Real Club Mar\u00edtimo de Melilla (RCMM) pone rumbo a Almer\u00eda este fin de semana, para tomar parte en la sexta prueba puntuable del Campeonato Provincial. Un desplazamiento al que acuden once regatistas y varios entrenadores.<\/div>\n<p>La competici\u00f3n se desarrolla durante este s\u00e1bado y domingo, siendo una de las pruebas elegidas por los t\u00e9cnicos del Real Club Mar\u00edtimo de Melilla para continuar con el plan de entrenamientos y perfeccionamiento de la flota.<\/p>\n<p>El Club de Mar de Almer\u00eda es el destino de los regatistas melillenses, que competir\u00e1n en las clases optimist, Ilca 4 y 6.<\/p>\n<p>Nur Haouari, Isabella Tormo, Hector Conesa, Eliyahu Chocr\u00f3n, Omar Haouari, Jaime Cabrera, Pedro Gimeno y Adri\u00e1n Robles forman la flota de optimist. Adem\u00e1s, Bilal Mohamed y Alvaro Guerra competir\u00e1n en Ilca 4, mientras que Jos\u00e9 Paya lo har\u00e1 en Ilca 6<\/p>\n<p>Pero Almer\u00eda, no es el \u00fanico punto de la geograf\u00eda nacional en el que este fin de semana habr\u00e1 regatistas del Real Club Mar\u00edtimo de Melilla. Hasta tierras c\u00e1ntabras se ha desplazado Juan Carlos Pascual, para tomar parte como tripulante de snipe tanto en el XLIII Memorial Rafael Sanz como en el XXVI Memorial Juan de Dios Valenzuela. Ambas pruebas se disputan en el Real Club Mar\u00edtimo de Santander este s\u00e1bado y domingo.<\/p>\n<p><img decoding=\"async\" class=\"aligncenter size-full wp-image-20798\" src=\"https:\/\/www.realclubmaritimomelilla.es\/clmar\/wp-content\/uploads\/RCMM-equipo-de-regata.jpeg\" alt=\"\" width=\"2000\" height=\"1500\" srcset=\"https:\/\/www.realclubmaritimomelilla.es\/clmar\/wp-content\/uploads\/RCMM-equipo-de-regata-200x150.jpeg 200w, https:\/\/www.realclubmaritimomelilla.es\/clmar\/wp-content\/uploads\/RCMM-equipo-de-regata-300x225.jpeg 300w, https:\/\/www.realclubmaritimomelilla.es\/clmar\/wp-content\/uploads\/RCMM-equipo-de-regata-400x300.jpeg 400w, https:\/\/www.realclubmaritimomelilla.es\/clmar\/wp-content\/uploads\/RCMM-equipo-de-regata-600x450.jpeg 600w, https:\/\/www.realclubmaritimomelilla.es\/clmar\/wp-content\/uploads\/RCMM-equipo-de-regata-768x576.jpeg 768w, https:\/\/www.realclubmaritimomelilla.es\/clmar\/wp-content\/uploads\/RCMM-equipo-de-regata-800x600.jpeg 800w, https:\/\/www.realclubmaritimomelilla.es\/clmar\/wp-content\/uploads\/RCMM-equipo-de-regata-1024x768.jpeg 1024w, https:\/\/www.realclubmaritimomelilla.es\/clmar\/wp-content\/uploads\/RCMM-equipo-de-regata-1200x900.jpeg 1200w, https:\/\/www.realclubmaritimomelilla.es\/clmar\/wp-content\/uploads\/RCMM-equipo-de-regata-1536x1152.jpeg 1536w, https:\/\/www.realclubmaritimomelilla.es\/clmar\/wp-content\/uploads\/RCMM-equipo-de-regata.jpeg 2000w\" sizes=\"(max-width: 2000px) 100vw, 2000px\" \/> <img decoding=\"async\" class=\"aligncenter size-full wp-image-20799\" src=\"https:\/\/www.realclubmaritimomelilla.es\/clmar\/wp-content\/uploads\/RCMM-juan-carlos-pascual.jpeg\" alt=\"\" width=\"575\" height=\"733\" srcset=\"https:\/\/www.realclubmaritimomelilla.es\/clmar\/wp-content\/uploads\/RCMM-juan-carlos-pascual-200x255.jpeg 200w, https:\/\/www.realclubmaritimomelilla.es\/clmar\/wp-content\/uploads\/RCMM-juan-carlos-pascual-235x300.jpeg 235w, https:\/\/www.realclubmaritimomelilla.es\/clmar\/wp-content\/uploads\/RCMM-juan-carlos-pascual-400x510.jpeg 400w, https:\/\/www.realclubmaritimomelilla.es\/clmar\/wp-content\/uploads\/RCMM-juan-carlos-pascual.jpeg 575w\" sizes=\"(max-width: 575px) 100vw, 575px\" \/><\/p>\n","protected":false},"excerpt":{"rendered":"<p>El Equipo de Regata del Real Club Mar\u00edtimo de Melilla (RCMM) pone rumbo a Almer\u00eda este fin de semana, para tomar parte en la sexta prueba puntuable del Campeonato Provincial. Un desplazamiento al que acuden once regatistas y varios entrenadores. La competici\u00f3n se desarrolla durante este s\u00e1bado y domingo, siendo una de las pruebas elegidas [&hellip;]<\/p>\n","protected":false},"author":1,"featured_media":20798,"comment_status":"open","ping_status":"open","sticky":false,"template":"","format":"standard","meta":{"_acf_changed":false,"footnotes":""},"categories":[38],"tags":[],"class_list":["post-20797","post","type-post","status-publish","format-standard","has-post-thumbnail","hentry","category-nautica"],"acf":[],"yoast_head":"<!-- This site is optimized with the Yoast SEO plugin v27.5 - https:\/\/yoast.com\/product\/yoast-seo-wordpress\/ -->\n<title>EL EQUIPO DE REGATA DEL CLUB MAR\u00cdTIMO COMPITE EN ALMER\u00cdA - Real Club Mar\u00edtimo de Melilla<\/title>\n<meta name=\"description\" content=\"EL EQUIPO DE REGATA DEL CLUB MAR\u00cdTIMO COMPITE EN ALMER\u00cdA -\" \/>\n<meta name=\"robots\" content=\"index, follow, max-snippet:-1, max-image-preview:large, max-video-preview:-1\" \/>\n<link rel=\"canonical\" href=\"https:\/\/www.realclubmaritimomelilla.es\/clmar\/el-equipo-de-regata-del-club-maritimo-compite-en-almeria\/\" \/>\n<meta property=\"og:locale\" content=\"es_ES\" \/>\n<meta property=\"og:type\" content=\"article\" \/>\n<meta property=\"og:title\" content=\"EL EQUIPO DE REGATA DEL CLUB MAR\u00cdTIMO COMPITE EN ALMER\u00cdA - Real Club Mar\u00edtimo de Melilla\" \/>\n<meta property=\"og:description\" content=\"EL EQUIPO DE REGATA DEL CLUB MAR\u00cdTIMO COMPITE EN ALMER\u00cdA -\" \/>\n<meta property=\"og:url\" content=\"https:\/\/www.realclubmaritimomelilla.es\/clmar\/el-equipo-de-regata-del-club-maritimo-compite-en-almeria\/\" \/>\n<meta property=\"og:site_name\" content=\"Real Club Mar\u00edtimo de Melilla\" \/>\n<meta property=\"article:publisher\" content=\"https:\/\/www.facebook.com\/Real-Club-Mar%c3%adtimo-de-Melilla-588495841234214\/\" \/>\n<meta property=\"article:published_time\" content=\"2023-06-10T10:04:46+00:00\" \/>\n<meta property=\"article:modified_time\" content=\"2024-03-27T09:14:19+00:00\" \/>\n<meta property=\"og:image\" content=\"https:\/\/www.realclubmaritimomelilla.es\/clmar\/wp-content\/uploads\/RCMM-equipo-de-regata.jpeg\" \/>\n\t<meta property=\"og:image:width\" content=\"2000\" \/>\n\t<meta property=\"og:image:height\" content=\"1500\" \/>\n\t<meta property=\"og:image:type\" content=\"image\/jpeg\" \/>\n<meta name=\"author\" content=\"RCMMelilla\" \/>\n<meta name=\"twitter:card\" content=\"summary_large_image\" \/>\n<meta name=\"twitter:creator\" content=\"@nauticarcmm\" \/>\n<meta name=\"twitter:site\" content=\"@nauticarcmm\" \/>\n<meta name=\"twitter:label1\" content=\"Escrito por\" \/>\n\t<meta name=\"twitter:data1\" content=\"RCMMelilla\" \/>\n\t<meta name=\"twitter:label2\" content=\"Tiempo de lectura\" \/>\n\t<meta name=\"twitter:data2\" content=\"1 minuto\" \/>\n<script type=\"application\/ld+json\" class=\"yoast-schema-graph\">{\"@context\":\"https:\\\/\\\/schema.org\",\"@graph\":[{\"@type\":\"Article\",\"@id\":\"https:\\\/\\\/www.realclubmaritimomelilla.es\\\/clmar\\\/el-equipo-de-regata-del-club-maritimo-compite-en-almeria\\\/#article\",\"isPartOf\":{\"@id\":\"https:\\\/\\\/www.realclubmaritimomelilla.es\\\/clmar\\\/el-equipo-de-regata-del-club-maritimo-compite-en-almeria\\\/\"},\"author\":{\"name\":\"RCMMelilla\",\"@id\":\"https:\\\/\\\/www.realclubmaritimomelilla.es\\\/clmar\\\/#\\\/schema\\\/person\\\/ebaa3713496dc6d48c872452e73a8e79\"},\"headline\":\"EL EQUIPO DE REGATA DEL CLUB MAR\u00cdTIMO COMPITE EN ALMER\u00cdA\",\"datePublished\":\"2023-06-10T10:04:46+00:00\",\"dateModified\":\"2024-03-27T09:14:19+00:00\",\"mainEntityOfPage\":{\"@id\":\"https:\\\/\\\/www.realclubmaritimomelilla.es\\\/clmar\\\/el-equipo-de-regata-del-club-maritimo-compite-en-almeria\\\/\"},\"wordCount\":239,\"commentCount\":0,\"publisher\":{\"@id\":\"https:\\\/\\\/www.realclubmaritimomelilla.es\\\/clmar\\\/#organization\"},\"image\":{\"@id\":\"https:\\\/\\\/www.realclubmaritimomelilla.es\\\/clmar\\\/el-equipo-de-regata-del-club-maritimo-compite-en-almeria\\\/#primaryimage\"},\"thumbnailUrl\":\"https:\\\/\\\/www.realclubmaritimomelilla.es\\\/clmar\\\/wp-content\\\/uploads\\\/RCMM-equipo-de-regata.jpeg\",\"articleSection\":[\"N\u00e1utica\"],\"inLanguage\":\"es\",\"potentialAction\":[{\"@type\":\"CommentAction\",\"name\":\"Comment\",\"target\":[\"https:\\\/\\\/www.realclubmaritimomelilla.es\\\/clmar\\\/el-equipo-de-regata-del-club-maritimo-compite-en-almeria\\\/#respond\"]}]},{\"@type\":\"WebPage\",\"@id\":\"https:\\\/\\\/www.realclubmaritimomelilla.es\\\/clmar\\\/el-equipo-de-regata-del-club-maritimo-compite-en-almeria\\\/\",\"url\":\"https:\\\/\\\/www.realclubmaritimomelilla.es\\\/clmar\\\/el-equipo-de-regata-del-club-maritimo-compite-en-almeria\\\/\",\"name\":\"EL EQUIPO DE REGATA DEL CLUB MAR\u00cdTIMO COMPITE EN ALMER\u00cdA - Real Club Mar\u00edtimo de Melilla\",\"isPartOf\":{\"@id\":\"https:\\\/\\\/www.realclubmaritimomelilla.es\\\/clmar\\\/#website\"},\"primaryImageOfPage\":{\"@id\":\"https:\\\/\\\/www.realclubmaritimomelilla.es\\\/clmar\\\/el-equipo-de-regata-del-club-maritimo-compite-en-almeria\\\/#primaryimage\"},\"image\":{\"@id\":\"https:\\\/\\\/www.realclubmaritimomelilla.es\\\/clmar\\\/el-equipo-de-regata-del-club-maritimo-compite-en-almeria\\\/#primaryimage\"},\"thumbnailUrl\":\"https:\\\/\\\/www.realclubmaritimomelilla.es\\\/clmar\\\/wp-content\\\/uploads\\\/RCMM-equipo-de-regata.jpeg\",\"datePublished\":\"2023-06-10T10:04:46+00:00\",\"dateModified\":\"2024-03-27T09:14:19+00:00\",\"description\":\"EL EQUIPO DE REGATA DEL CLUB MAR\u00cdTIMO COMPITE EN ALMER\u00cdA -\",\"breadcrumb\":{\"@id\":\"https:\\\/\\\/www.realclubmaritimomelilla.es\\\/clmar\\\/el-equipo-de-regata-del-club-maritimo-compite-en-almeria\\\/#breadcrumb\"},\"inLanguage\":\"es\",\"potentialAction\":[{\"@type\":\"ReadAction\",\"target\":[\"https:\\\/\\\/www.realclubmaritimomelilla.es\\\/clmar\\\/el-equipo-de-regata-del-club-maritimo-compite-en-almeria\\\/\"]}]},{\"@type\":\"ImageObject\",\"inLanguage\":\"es\",\"@id\":\"https:\\\/\\\/www.realclubmaritimomelilla.es\\\/clmar\\\/el-equipo-de-regata-del-club-maritimo-compite-en-almeria\\\/#primaryimage\",\"url\":\"https:\\\/\\\/www.realclubmaritimomelilla.es\\\/clmar\\\/wp-content\\\/uploads\\\/RCMM-equipo-de-regata.jpeg\",\"contentUrl\":\"https:\\\/\\\/www.realclubmaritimomelilla.es\\\/clmar\\\/wp-content\\\/uploads\\\/RCMM-equipo-de-regata.jpeg\",\"width\":2000,\"height\":1500},{\"@type\":\"BreadcrumbList\",\"@id\":\"https:\\\/\\\/www.realclubmaritimomelilla.es\\\/clmar\\\/el-equipo-de-regata-del-club-maritimo-compite-en-almeria\\\/#breadcrumb\",\"itemListElement\":[{\"@type\":\"ListItem\",\"position\":1,\"name\":\"Portada\",\"item\":\"https:\\\/\\\/www.realclubmaritimomelilla.es\\\/clmar\\\/\"},{\"@type\":\"ListItem\",\"position\":2,\"name\":\"EL EQUIPO DE REGATA DEL CLUB MAR\u00cdTIMO COMPITE EN ALMER\u00cdA\"}]},{\"@type\":\"WebSite\",\"@id\":\"https:\\\/\\\/www.realclubmaritimomelilla.es\\\/clmar\\\/#website\",\"url\":\"https:\\\/\\\/www.realclubmaritimomelilla.es\\\/clmar\\\/\",\"name\":\"Real Club Mar\u00edtimo de Melilla\",\"description\":\"RCMM\",\"publisher\":{\"@id\":\"https:\\\/\\\/www.realclubmaritimomelilla.es\\\/clmar\\\/#organization\"},\"alternateName\":\"RCMM\",\"potentialAction\":[{\"@type\":\"SearchAction\",\"target\":{\"@type\":\"EntryPoint\",\"urlTemplate\":\"https:\\\/\\\/www.realclubmaritimomelilla.es\\\/clmar\\\/?s={search_term_string}\"},\"query-input\":{\"@type\":\"PropertyValueSpecification\",\"valueRequired\":true,\"valueName\":\"search_term_string\"}}],\"inLanguage\":\"es\"},{\"@type\":\"Organization\",\"@id\":\"https:\\\/\\\/www.realclubmaritimomelilla.es\\\/clmar\\\/#organization\",\"name\":\"Real Club Mar\u00edtimo de Melilla\",\"alternateName\":\"RCMM\",\"url\":\"https:\\\/\\\/www.realclubmaritimomelilla.es\\\/clmar\\\/\",\"logo\":{\"@type\":\"ImageObject\",\"inLanguage\":\"es\",\"@id\":\"https:\\\/\\\/www.realclubmaritimomelilla.es\\\/clmar\\\/#\\\/schema\\\/logo\\\/image\\\/\",\"url\":\"https:\\\/\\\/www.realclubmaritimomelilla.es\\\/clmar\\\/wp-content\\\/uploads\\\/logo-club-original-copia.jpg\",\"contentUrl\":\"https:\\\/\\\/www.realclubmaritimomelilla.es\\\/clmar\\\/wp-content\\\/uploads\\\/logo-club-original-copia.jpg\",\"width\":128,\"height\":89,\"caption\":\"Real Club Mar\u00edtimo de Melilla\"},\"image\":{\"@id\":\"https:\\\/\\\/www.realclubmaritimomelilla.es\\\/clmar\\\/#\\\/schema\\\/logo\\\/image\\\/\"},\"sameAs\":[\"https:\\\/\\\/www.facebook.com\\\/Real-Club-Mar\u00edtimo-de-Melilla-588495841234214\\\/\",\"https:\\\/\\\/x.com\\\/nauticarcmm\",\"https:\\\/\\\/www.instagram.com\\\/club_maritimo_melilla\\\/\",\"https:\\\/\\\/www.youtube.com\\\/@realclubmaritimodemelilla4703\",\"https:\\\/\\\/es.wikipedia.org\\\/wiki\\\/Real_Club_Mar\u00edtimo_de_Melilla\"]},{\"@type\":\"Person\",\"@id\":\"https:\\\/\\\/www.realclubmaritimomelilla.es\\\/clmar\\\/#\\\/schema\\\/person\\\/ebaa3713496dc6d48c872452e73a8e79\",\"name\":\"RCMMelilla\",\"image\":{\"@type\":\"ImageObject\",\"inLanguage\":\"es\",\"@id\":\"https:\\\/\\\/secure.gravatar.com\\\/avatar\\\/df1c24789360fb9308735c4ee556fc2bc5bf924bf01e53043b8b97ba272da33c?s=96&d=mm&r=g\",\"url\":\"https:\\\/\\\/secure.gravatar.com\\\/avatar\\\/df1c24789360fb9308735c4ee556fc2bc5bf924bf01e53043b8b97ba272da33c?s=96&d=mm&r=g\",\"contentUrl\":\"https:\\\/\\\/secure.gravatar.com\\\/avatar\\\/df1c24789360fb9308735c4ee556fc2bc5bf924bf01e53043b8b97ba272da33c?s=96&d=mm&r=g\",\"caption\":\"RCMMelilla\"}}]}<\/script>\n<!-- \/ Yoast SEO plugin. -->","yoast_head_json":{"title":"EL EQUIPO DE REGATA DEL CLUB MAR\u00cdTIMO COMPITE EN ALMER\u00cdA - Real Club Mar\u00edtimo de Melilla","description":"EL EQUIPO DE REGATA DEL CLUB MAR\u00cdTIMO COMPITE EN ALMER\u00cdA -","robots":{"index":"index","follow":"follow","max-snippet":"max-snippet:-1","max-image-preview":"max-image-preview:large","max-video-preview":"max-video-preview:-1"},"canonical":"https:\/\/www.realclubmaritimomelilla.es\/clmar\/el-equipo-de-regata-del-club-maritimo-compite-en-almeria\/","og_locale":"es_ES","og_type":"article","og_title":"EL EQUIPO DE REGATA DEL CLUB MAR\u00cdTIMO COMPITE EN ALMER\u00cdA - Real Club Mar\u00edtimo de Melilla","og_description":"EL EQUIPO DE REGATA DEL CLUB MAR\u00cdTIMO COMPITE EN ALMER\u00cdA -","og_url":"https:\/\/www.realclubmaritimomelilla.es\/clmar\/el-equipo-de-regata-del-club-maritimo-compite-en-almeria\/","og_site_name":"Real Club Mar\u00edtimo de Melilla","article_publisher":"https:\/\/www.facebook.com\/Real-Club-Mar%c3%adtimo-de-Melilla-588495841234214\/","article_published_time":"2023-06-10T10:04:46+00:00","article_modified_time":"2024-03-27T09:14:19+00:00","og_image":[{"width":2000,"height":1500,"url":"https:\/\/www.realclubmaritimomelilla.es\/clmar\/wp-content\/uploads\/RCMM-equipo-de-regata.jpeg","type":"image\/jpeg"}],"author":"RCMMelilla","twitter_card":"summary_large_image","twitter_creator":"@nauticarcmm","twitter_site":"@nauticarcmm","twitter_misc":{"Escrito por":"RCMMelilla","Tiempo de lectura":"1 minuto"},"schema":{"@context":"https:\/\/schema.org","@graph":[{"@type":"Article","@id":"https:\/\/www.realclubmaritimomelilla.es\/clmar\/el-equipo-de-regata-del-club-maritimo-compite-en-almeria\/#article","isPartOf":{"@id":"https:\/\/www.realclubmaritimomelilla.es\/clmar\/el-equipo-de-regata-del-club-maritimo-compite-en-almeria\/"},"author":{"name":"RCMMelilla","@id":"https:\/\/www.realclubmaritimomelilla.es\/clmar\/#\/schema\/person\/ebaa3713496dc6d48c872452e73a8e79"},"headline":"EL EQUIPO DE REGATA DEL CLUB MAR\u00cdTIMO COMPITE EN ALMER\u00cdA","datePublished":"2023-06-10T10:04:46+00:00","dateModified":"2024-03-27T09:14:19+00:00","mainEntityOfPage":{"@id":"https:\/\/www.realclubmaritimomelilla.es\/clmar\/el-equipo-de-regata-del-club-maritimo-compite-en-almeria\/"},"wordCount":239,"commentCount":0,"publisher":{"@id":"https:\/\/www.realclubmaritimomelilla.es\/clmar\/#organization"},"image":{"@id":"https:\/\/www.realclubmaritimomelilla.es\/clmar\/el-equipo-de-regata-del-club-maritimo-compite-en-almeria\/#primaryimage"},"thumbnailUrl":"https:\/\/www.realclubmaritimomelilla.es\/clmar\/wp-content\/uploads\/RCMM-equipo-de-regata.jpeg","articleSection":["N\u00e1utica"],"inLanguage":"es","potentialAction":[{"@type":"CommentAction","name":"Comment","target":["https:\/\/www.realclubmaritimomelilla.es\/clmar\/el-equipo-de-regata-del-club-maritimo-compite-en-almeria\/#respond"]}]},{"@type":"WebPage","@id":"https:\/\/www.realclubmaritimomelilla.es\/clmar\/el-equipo-de-regata-del-club-maritimo-compite-en-almeria\/","url":"https:\/\/www.realclubmaritimomelilla.es\/clmar\/el-equipo-de-regata-del-club-maritimo-compite-en-almeria\/","name":"EL EQUIPO DE REGATA DEL CLUB MAR\u00cdTIMO COMPITE EN ALMER\u00cdA - Real Club Mar\u00edtimo de Melilla","isPartOf":{"@id":"https:\/\/www.realclubmaritimomelilla.es\/clmar\/#website"},"primaryImageOfPage":{"@id":"https:\/\/www.realclubmaritimomelilla.es\/clmar\/el-equipo-de-regata-del-club-maritimo-compite-en-almeria\/#primaryimage"},"image":{"@id":"https:\/\/www.realclubmaritimomelilla.es\/clmar\/el-equipo-de-regata-del-club-maritimo-compite-en-almeria\/#primaryimage"},"thumbnailUrl":"https:\/\/www.realclubmaritimomelilla.es\/clmar\/wp-content\/uploads\/RCMM-equipo-de-regata.jpeg","datePublished":"2023-06-10T10:04:46+00:00","dateModified":"2024-03-27T09:14:19+00:00","description":"EL EQUIPO DE REGATA DEL CLUB MAR\u00cdTIMO COMPITE EN ALMER\u00cdA -","breadcrumb":{"@id":"https:\/\/www.realclubmaritimomelilla.es\/clmar\/el-equipo-de-regata-del-club-maritimo-compite-en-almeria\/#breadcrumb"},"inLanguage":"es","potentialAction":[{"@type":"ReadAction","target":["https:\/\/www.realclubmaritimomelilla.es\/clmar\/el-equipo-de-regata-del-club-maritimo-compite-en-almeria\/"]}]},{"@type":"ImageObject","inLanguage":"es","@id":"https:\/\/www.realclubmaritimomelilla.es\/clmar\/el-equipo-de-regata-del-club-maritimo-compite-en-almeria\/#primaryimage","url":"https:\/\/www.realclubmaritimomelilla.es\/clmar\/wp-content\/uploads\/RCMM-equipo-de-regata.jpeg","contentUrl":"https:\/\/www.realclubmaritimomelilla.es\/clmar\/wp-content\/uploads\/RCMM-equipo-de-regata.jpeg","width":2000,"height":1500},{"@type":"BreadcrumbList","@id":"https:\/\/www.realclubmaritimomelilla.es\/clmar\/el-equipo-de-regata-del-club-maritimo-compite-en-almeria\/#breadcrumb","itemListElement":[{"@type":"ListItem","position":1,"name":"Portada","item":"https:\/\/www.realclubmaritimomelilla.es\/clmar\/"},{"@type":"ListItem","position":2,"name":"EL EQUIPO DE REGATA DEL CLUB MAR\u00cdTIMO COMPITE EN ALMER\u00cdA"}]},{"@type":"WebSite","@id":"https:\/\/www.realclubmaritimomelilla.es\/clmar\/#website","url":"https:\/\/www.realclubmaritimomelilla.es\/clmar\/","name":"Real Club Mar\u00edtimo de Melilla","description":"RCMM","publisher":{"@id":"https:\/\/www.realclubmaritimomelilla.es\/clmar\/#organization"},"alternateName":"RCMM","potentialAction":[{"@type":"SearchAction","target":{"@type":"EntryPoint","urlTemplate":"https:\/\/www.realclubmaritimomelilla.es\/clmar\/?s={search_term_string}"},"query-input":{"@type":"PropertyValueSpecification","valueRequired":true,"valueName":"search_term_string"}}],"inLanguage":"es"},{"@type":"Organization","@id":"https:\/\/www.realclubmaritimomelilla.es\/clmar\/#organization","name":"Real Club Mar\u00edtimo de Melilla","alternateName":"RCMM","url":"https:\/\/www.realclubmaritimomelilla.es\/clmar\/","logo":{"@type":"ImageObject","inLanguage":"es","@id":"https:\/\/www.realclubmaritimomelilla.es\/clmar\/#\/schema\/logo\/image\/","url":"https:\/\/www.realclubmaritimomelilla.es\/clmar\/wp-content\/uploads\/logo-club-original-copia.jpg","contentUrl":"https:\/\/www.realclubmaritimomelilla.es\/clmar\/wp-content\/uploads\/logo-club-original-copia.jpg","width":128,"height":89,"caption":"Real Club Mar\u00edtimo de Melilla"},"image":{"@id":"https:\/\/www.realclubmaritimomelilla.es\/clmar\/#\/schema\/logo\/image\/"},"sameAs":["https:\/\/www.facebook.com\/Real-Club-Mar\u00edtimo-de-Melilla-588495841234214\/","https:\/\/x.com\/nauticarcmm","https:\/\/www.instagram.com\/club_maritimo_melilla\/","https:\/\/www.youtube.com\/@realclubmaritimodemelilla4703","https:\/\/es.wikipedia.org\/wiki\/Real_Club_Mar\u00edtimo_de_Melilla"]},{"@type":"Person","@id":"https:\/\/www.realclubmaritimomelilla.es\/clmar\/#\/schema\/person\/ebaa3713496dc6d48c872452e73a8e79","name":"RCMMelilla","image":{"@type":"ImageObject","inLanguage":"es","@id":"https:\/\/secure.gravatar.com\/avatar\/df1c24789360fb9308735c4ee556fc2bc5bf924bf01e53043b8b97ba272da33c?s=96&d=mm&r=g","url":"https:\/\/secure.gravatar.com\/avatar\/df1c24789360fb9308735c4ee556fc2bc5bf924bf01e53043b8b97ba272da33c?s=96&d=mm&r=g","contentUrl":"https:\/\/secure.gravatar.com\/avatar\/df1c24789360fb9308735c4ee556fc2bc5bf924bf01e53043b8b97ba272da33c?s=96&d=mm&r=g","caption":"RCMMelilla"}}]}},"_links":{"self":[{"href":"https:\/\/www.realclubmaritimomelilla.es\/clmar\/wp-json\/wp\/v2\/posts\/20797","targetHints":{"allow":["GET"]}}],"collection":[{"href":"https:\/\/www.realclubmaritimomelilla.es\/clmar\/wp-json\/wp\/v2\/posts"}],"about":[{"href":"https:\/\/www.realclubmaritimomelilla.es\/clmar\/wp-json\/wp\/v2\/types\/post"}],"author":[{"embeddable":true,"href":"https:\/\/www.realclubmaritimomelilla.es\/clmar\/wp-json\/wp\/v2\/users\/1"}],"replies":[{"embeddable":true,"href":"https:\/\/www.realclubmaritimomelilla.es\/clmar\/wp-json\/wp\/v2\/comments?post=20797"}],"version-history":[{"count":1,"href":"https:\/\/www.realclubmaritimomelilla.es\/clmar\/wp-json\/wp\/v2\/posts\/20797\/revisions"}],"predecessor-version":[{"id":20800,"href":"https:\/\/www.realclubmaritimomelilla.es\/clmar\/wp-json\/wp\/v2\/posts\/20797\/revisions\/20800"}],"wp:featuredmedia":[{"embeddable":true,"href":"https:\/\/www.realclubmaritimomelilla.es\/clmar\/wp-json\/wp\/v2\/media\/20798"}],"wp:attachment":[{"href":"https:\/\/www.realclubmaritimomelilla.es\/clmar\/wp-json\/wp\/v2\/media?parent=20797"}],"wp:term":[{"taxonomy":"category","embeddable":true,"href":"https:\/\/www.realclubmaritimomelilla.es\/clmar\/wp-json\/wp\/v2\/categories?post=20797"},{"taxonomy":"post_tag","embeddable":true,"href":"https:\/\/www.realclubmaritimomelilla.es\/clmar\/wp-json\/wp\/v2\/tags?post=20797"}],"curies":[{"name":"wp","href":"https:\/\/api.w.org\/{rel}","templated":true}]}}