{"id":20763,"date":"2023-05-17T21:03:53","date_gmt":"2023-05-17T19:03:53","guid":{"rendered":"https:\/\/www.realclubmaritimomelilla.es\/clmar\/?p=20763"},"modified":"2024-03-27T10:14:27","modified_gmt":"2024-03-27T09:14:27","slug":"presentacion-del-ciclo-de-conferencias-la-armada-esa-gran-desconocida","status":"publish","type":"post","link":"https:\/\/www.realclubmaritimomelilla.es\/clmar\/presentacion-del-ciclo-de-conferencias-la-armada-esa-gran-desconocida\/","title":{"rendered":"PRESENTACI\u00d3N DEL CICLO DE CONFERENCIAS \u201cLA ARMADA, ESA GRAN DESCONOCIDA\u201d"},"content":{"rendered":"<p>La sala de conferencias del Real Club Mar\u00edtimo de Melilla, este mi\u00e9rcoles, ha sido el escenario de la presentaci\u00f3n del ciclo de charlas divulgativas \u201cLa Armada, esa gran desconocida\u201d.<\/p>\n<p>Una iniciativa en la que colaboran la Comandancia Naval de Melilla y el Real Club Mar\u00edtimo, con el prop\u00f3sito de \u201cacercar un poco m\u00e1s la Armada y los que la componemos a los melillenses\u201d, a subrayado el Capit\u00e1n de Nav\u00edo, Eduardo Estrella Suanzes durante la presentaci\u00f3n.<\/p>\n<p>El presidente del RCMM, Jer\u00f3nimo P\u00e9rez, agradec\u00eda a La Armada \u201ccontar\u201d con la entidad para la organizaci\u00f3n de estas jornadas, al tiempo que sustantivaba esta sinergia se\u00f1alando lo siguiente: \u201cPara nosotros colaborar con otras instituciones en la organizaci\u00f3n de eventos culturales, sociales o deportivos est\u00e1 dentro de nuestro ADN. Uno de los objetivos de la Junta Directiva es integrarse en la ciudad, en el bien entendido que colaborando con otras instituciones colaboramos en el desarrollo de la ciudad\u201d.<\/p>\n<p>Un ciclo de conferencias, en su primera edici\u00f3n, que estar\u00e1 integrado por seis citas que se suceder\u00e1n a lo largo de los pr\u00f3ximos meses, arrancando precisamente este viernes, 19 de mayo.<\/p>\n<ul>\n<li>\u2018La Guerra entre Rusia y Ucrania\u2019, Almirante D. Juan Rodr\u00edguez Garat (19 mayo)<\/li>\n<li>\u2018Liderazgo de La Armada\u201d, Vicealmirante D. Marcial Gamboa P\u00e9rez-Pardo (16 junio)<\/li>\n<li>\u2018La Armada en acci\u00f3n: Isla de Perejil\u2019, Vicealmirante D. Gonzalo Rodr\u00edguez Garat (22 junio)<\/li>\n<li>\u2018El arma submarina: presente y futuro\u2019, Contraalmirante. D. Alejandro Cuerda Lorenzo (22 septiembre)<\/li>\n<li>\u2018El puente de navegaci\u00f3n de ayer y hoy\u2019, Capit\u00e1n de Nav\u00edo D. Joaqu\u00edn Ruiz Escagedo (6 octubre)<\/li>\n<li>\u2018La Flota: retos de una nueva era\u2019, Almirante de la Flota D. Eugenio D\u00edaz del R\u00edo J\u00e1udenes (noviembre)<\/li>\n<\/ul>\n<p>Las conferencias tendr\u00e1n entrada libre hasta completar aforo, en la sala de conferencias del Real Club Mar\u00edtimo de Melilla.<\/p>\n","protected":false},"excerpt":{"rendered":"<p>La sala de conferencias del Real Club Mar\u00edtimo de Melilla, este mi\u00e9rcoles, ha sido el escenario de la presentaci\u00f3n del ciclo de charlas divulgativas \u201cLa Armada, esa gran desconocida\u201d. Una iniciativa en la que colaboran la Comandancia Naval de Melilla y el Real Club Mar\u00edtimo, con el prop\u00f3sito de \u201cacercar un poco m\u00e1s la Armada [&hellip;]<\/p>\n","protected":false},"author":1,"featured_media":20764,"comment_status":"open","ping_status":"open","sticky":false,"template":"","format":"standard","meta":{"_acf_changed":false,"footnotes":""},"categories":[40],"tags":[],"class_list":["post-20763","post","type-post","status-publish","format-standard","has-post-thumbnail","hentry","category-club"],"acf":[],"yoast_head":"<!-- This site is optimized with the Yoast SEO plugin v27.5 - https:\/\/yoast.com\/product\/yoast-seo-wordpress\/ -->\n<title>PRESENTACI\u00d3N DEL CICLO DE CONFERENCIAS \u201cLA ARMADA, ESA GRAN DESCONOCIDA\u201d - Real Club Mar\u00edtimo de Melilla<\/title>\n<meta name=\"description\" content=\"PRESENTACI\u00d3N DEL CICLO DE CONFERENCIAS \u201cLA ARMADA, ESA GRAN DESCONOCIDA\u201d -\" \/>\n<meta name=\"robots\" content=\"index, follow, max-snippet:-1, max-image-preview:large, max-video-preview:-1\" \/>\n<link rel=\"canonical\" href=\"https:\/\/www.realclubmaritimomelilla.es\/clmar\/presentacion-del-ciclo-de-conferencias-la-armada-esa-gran-desconocida\/\" \/>\n<meta property=\"og:locale\" content=\"es_ES\" \/>\n<meta property=\"og:type\" content=\"article\" \/>\n<meta property=\"og:title\" content=\"PRESENTACI\u00d3N DEL CICLO DE CONFERENCIAS \u201cLA ARMADA, ESA GRAN DESCONOCIDA\u201d - Real Club Mar\u00edtimo de Melilla\" \/>\n<meta property=\"og:description\" content=\"PRESENTACI\u00d3N DEL CICLO DE CONFERENCIAS \u201cLA ARMADA, ESA GRAN DESCONOCIDA\u201d -\" \/>\n<meta property=\"og:url\" content=\"https:\/\/www.realclubmaritimomelilla.es\/clmar\/presentacion-del-ciclo-de-conferencias-la-armada-esa-gran-desconocida\/\" \/>\n<meta property=\"og:site_name\" content=\"Real Club Mar\u00edtimo de Melilla\" \/>\n<meta property=\"article:publisher\" content=\"https:\/\/www.facebook.com\/Real-Club-Mar%c3%adtimo-de-Melilla-588495841234214\/\" \/>\n<meta property=\"article:published_time\" content=\"2023-05-17T19:03:53+00:00\" \/>\n<meta property=\"article:modified_time\" content=\"2024-03-27T09:14:27+00:00\" \/>\n<meta property=\"og:image\" content=\"https:\/\/www.realclubmaritimomelilla.es\/clmar\/wp-content\/uploads\/IMG_7425.jpg\" \/>\n\t<meta property=\"og:image:width\" content=\"2016\" \/>\n\t<meta property=\"og:image:height\" content=\"1512\" \/>\n\t<meta property=\"og:image:type\" content=\"image\/jpeg\" \/>\n<meta name=\"author\" content=\"RCMMelilla\" \/>\n<meta name=\"twitter:card\" content=\"summary_large_image\" \/>\n<meta name=\"twitter:creator\" content=\"@nauticarcmm\" \/>\n<meta name=\"twitter:site\" content=\"@nauticarcmm\" \/>\n<meta name=\"twitter:label1\" content=\"Escrito por\" \/>\n\t<meta name=\"twitter:data1\" content=\"RCMMelilla\" \/>\n\t<meta name=\"twitter:label2\" content=\"Tiempo de lectura\" \/>\n\t<meta name=\"twitter:data2\" content=\"2 minutos\" \/>\n<script type=\"application\/ld+json\" class=\"yoast-schema-graph\">{\"@context\":\"https:\\\/\\\/schema.org\",\"@graph\":[{\"@type\":\"Article\",\"@id\":\"https:\\\/\\\/www.realclubmaritimomelilla.es\\\/clmar\\\/presentacion-del-ciclo-de-conferencias-la-armada-esa-gran-desconocida\\\/#article\",\"isPartOf\":{\"@id\":\"https:\\\/\\\/www.realclubmaritimomelilla.es\\\/clmar\\\/presentacion-del-ciclo-de-conferencias-la-armada-esa-gran-desconocida\\\/\"},\"author\":{\"name\":\"RCMMelilla\",\"@id\":\"https:\\\/\\\/www.realclubmaritimomelilla.es\\\/clmar\\\/#\\\/schema\\\/person\\\/ebaa3713496dc6d48c872452e73a8e79\"},\"headline\":\"PRESENTACI\u00d3N DEL CICLO DE CONFERENCIAS \u201cLA ARMADA, ESA GRAN DESCONOCIDA\u201d\",\"datePublished\":\"2023-05-17T19:03:53+00:00\",\"dateModified\":\"2024-03-27T09:14:27+00:00\",\"mainEntityOfPage\":{\"@id\":\"https:\\\/\\\/www.realclubmaritimomelilla.es\\\/clmar\\\/presentacion-del-ciclo-de-conferencias-la-armada-esa-gran-desconocida\\\/\"},\"wordCount\":325,\"commentCount\":0,\"publisher\":{\"@id\":\"https:\\\/\\\/www.realclubmaritimomelilla.es\\\/clmar\\\/#organization\"},\"image\":{\"@id\":\"https:\\\/\\\/www.realclubmaritimomelilla.es\\\/clmar\\\/presentacion-del-ciclo-de-conferencias-la-armada-esa-gran-desconocida\\\/#primaryimage\"},\"thumbnailUrl\":\"https:\\\/\\\/www.realclubmaritimomelilla.es\\\/clmar\\\/wp-content\\\/uploads\\\/IMG_7425.jpg\",\"articleSection\":[\"Club\"],\"inLanguage\":\"es\",\"potentialAction\":[{\"@type\":\"CommentAction\",\"name\":\"Comment\",\"target\":[\"https:\\\/\\\/www.realclubmaritimomelilla.es\\\/clmar\\\/presentacion-del-ciclo-de-conferencias-la-armada-esa-gran-desconocida\\\/#respond\"]}]},{\"@type\":\"WebPage\",\"@id\":\"https:\\\/\\\/www.realclubmaritimomelilla.es\\\/clmar\\\/presentacion-del-ciclo-de-conferencias-la-armada-esa-gran-desconocida\\\/\",\"url\":\"https:\\\/\\\/www.realclubmaritimomelilla.es\\\/clmar\\\/presentacion-del-ciclo-de-conferencias-la-armada-esa-gran-desconocida\\\/\",\"name\":\"PRESENTACI\u00d3N DEL CICLO DE CONFERENCIAS \u201cLA ARMADA, ESA GRAN DESCONOCIDA\u201d - Real Club Mar\u00edtimo de Melilla\",\"isPartOf\":{\"@id\":\"https:\\\/\\\/www.realclubmaritimomelilla.es\\\/clmar\\\/#website\"},\"primaryImageOfPage\":{\"@id\":\"https:\\\/\\\/www.realclubmaritimomelilla.es\\\/clmar\\\/presentacion-del-ciclo-de-conferencias-la-armada-esa-gran-desconocida\\\/#primaryimage\"},\"image\":{\"@id\":\"https:\\\/\\\/www.realclubmaritimomelilla.es\\\/clmar\\\/presentacion-del-ciclo-de-conferencias-la-armada-esa-gran-desconocida\\\/#primaryimage\"},\"thumbnailUrl\":\"https:\\\/\\\/www.realclubmaritimomelilla.es\\\/clmar\\\/wp-content\\\/uploads\\\/IMG_7425.jpg\",\"datePublished\":\"2023-05-17T19:03:53+00:00\",\"dateModified\":\"2024-03-27T09:14:27+00:00\",\"description\":\"PRESENTACI\u00d3N DEL CICLO DE CONFERENCIAS \u201cLA ARMADA, ESA GRAN DESCONOCIDA\u201d -\",\"breadcrumb\":{\"@id\":\"https:\\\/\\\/www.realclubmaritimomelilla.es\\\/clmar\\\/presentacion-del-ciclo-de-conferencias-la-armada-esa-gran-desconocida\\\/#breadcrumb\"},\"inLanguage\":\"es\",\"potentialAction\":[{\"@type\":\"ReadAction\",\"target\":[\"https:\\\/\\\/www.realclubmaritimomelilla.es\\\/clmar\\\/presentacion-del-ciclo-de-conferencias-la-armada-esa-gran-desconocida\\\/\"]}]},{\"@type\":\"ImageObject\",\"inLanguage\":\"es\",\"@id\":\"https:\\\/\\\/www.realclubmaritimomelilla.es\\\/clmar\\\/presentacion-del-ciclo-de-conferencias-la-armada-esa-gran-desconocida\\\/#primaryimage\",\"url\":\"https:\\\/\\\/www.realclubmaritimomelilla.es\\\/clmar\\\/wp-content\\\/uploads\\\/IMG_7425.jpg\",\"contentUrl\":\"https:\\\/\\\/www.realclubmaritimomelilla.es\\\/clmar\\\/wp-content\\\/uploads\\\/IMG_7425.jpg\",\"width\":2016,\"height\":1512},{\"@type\":\"BreadcrumbList\",\"@id\":\"https:\\\/\\\/www.realclubmaritimomelilla.es\\\/clmar\\\/presentacion-del-ciclo-de-conferencias-la-armada-esa-gran-desconocida\\\/#breadcrumb\",\"itemListElement\":[{\"@type\":\"ListItem\",\"position\":1,\"name\":\"Portada\",\"item\":\"https:\\\/\\\/www.realclubmaritimomelilla.es\\\/clmar\\\/\"},{\"@type\":\"ListItem\",\"position\":2,\"name\":\"PRESENTACI\u00d3N DEL CICLO DE CONFERENCIAS \u201cLA ARMADA, ESA GRAN DESCONOCIDA\u201d\"}]},{\"@type\":\"WebSite\",\"@id\":\"https:\\\/\\\/www.realclubmaritimomelilla.es\\\/clmar\\\/#website\",\"url\":\"https:\\\/\\\/www.realclubmaritimomelilla.es\\\/clmar\\\/\",\"name\":\"Real Club Mar\u00edtimo de Melilla\",\"description\":\"RCMM\",\"publisher\":{\"@id\":\"https:\\\/\\\/www.realclubmaritimomelilla.es\\\/clmar\\\/#organization\"},\"alternateName\":\"RCMM\",\"potentialAction\":[{\"@type\":\"SearchAction\",\"target\":{\"@type\":\"EntryPoint\",\"urlTemplate\":\"https:\\\/\\\/www.realclubmaritimomelilla.es\\\/clmar\\\/?s={search_term_string}\"},\"query-input\":{\"@type\":\"PropertyValueSpecification\",\"valueRequired\":true,\"valueName\":\"search_term_string\"}}],\"inLanguage\":\"es\"},{\"@type\":\"Organization\",\"@id\":\"https:\\\/\\\/www.realclubmaritimomelilla.es\\\/clmar\\\/#organization\",\"name\":\"Real Club Mar\u00edtimo de Melilla\",\"alternateName\":\"RCMM\",\"url\":\"https:\\\/\\\/www.realclubmaritimomelilla.es\\\/clmar\\\/\",\"logo\":{\"@type\":\"ImageObject\",\"inLanguage\":\"es\",\"@id\":\"https:\\\/\\\/www.realclubmaritimomelilla.es\\\/clmar\\\/#\\\/schema\\\/logo\\\/image\\\/\",\"url\":\"https:\\\/\\\/www.realclubmaritimomelilla.es\\\/clmar\\\/wp-content\\\/uploads\\\/logo-club-original-copia.jpg\",\"contentUrl\":\"https:\\\/\\\/www.realclubmaritimomelilla.es\\\/clmar\\\/wp-content\\\/uploads\\\/logo-club-original-copia.jpg\",\"width\":128,\"height\":89,\"caption\":\"Real Club Mar\u00edtimo de Melilla\"},\"image\":{\"@id\":\"https:\\\/\\\/www.realclubmaritimomelilla.es\\\/clmar\\\/#\\\/schema\\\/logo\\\/image\\\/\"},\"sameAs\":[\"https:\\\/\\\/www.facebook.com\\\/Real-Club-Mar\u00edtimo-de-Melilla-588495841234214\\\/\",\"https:\\\/\\\/x.com\\\/nauticarcmm\",\"https:\\\/\\\/www.instagram.com\\\/club_maritimo_melilla\\\/\",\"https:\\\/\\\/www.youtube.com\\\/@realclubmaritimodemelilla4703\",\"https:\\\/\\\/es.wikipedia.org\\\/wiki\\\/Real_Club_Mar\u00edtimo_de_Melilla\"]},{\"@type\":\"Person\",\"@id\":\"https:\\\/\\\/www.realclubmaritimomelilla.es\\\/clmar\\\/#\\\/schema\\\/person\\\/ebaa3713496dc6d48c872452e73a8e79\",\"name\":\"RCMMelilla\",\"image\":{\"@type\":\"ImageObject\",\"inLanguage\":\"es\",\"@id\":\"https:\\\/\\\/secure.gravatar.com\\\/avatar\\\/df1c24789360fb9308735c4ee556fc2bc5bf924bf01e53043b8b97ba272da33c?s=96&d=mm&r=g\",\"url\":\"https:\\\/\\\/secure.gravatar.com\\\/avatar\\\/df1c24789360fb9308735c4ee556fc2bc5bf924bf01e53043b8b97ba272da33c?s=96&d=mm&r=g\",\"contentUrl\":\"https:\\\/\\\/secure.gravatar.com\\\/avatar\\\/df1c24789360fb9308735c4ee556fc2bc5bf924bf01e53043b8b97ba272da33c?s=96&d=mm&r=g\",\"caption\":\"RCMMelilla\"}}]}<\/script>\n<!-- \/ Yoast SEO plugin. -->","yoast_head_json":{"title":"PRESENTACI\u00d3N DEL CICLO DE CONFERENCIAS \u201cLA ARMADA, ESA GRAN DESCONOCIDA\u201d - Real Club Mar\u00edtimo de Melilla","description":"PRESENTACI\u00d3N DEL CICLO DE CONFERENCIAS \u201cLA ARMADA, ESA GRAN DESCONOCIDA\u201d -","robots":{"index":"index","follow":"follow","max-snippet":"max-snippet:-1","max-image-preview":"max-image-preview:large","max-video-preview":"max-video-preview:-1"},"canonical":"https:\/\/www.realclubmaritimomelilla.es\/clmar\/presentacion-del-ciclo-de-conferencias-la-armada-esa-gran-desconocida\/","og_locale":"es_ES","og_type":"article","og_title":"PRESENTACI\u00d3N DEL CICLO DE CONFERENCIAS \u201cLA ARMADA, ESA GRAN DESCONOCIDA\u201d - Real Club Mar\u00edtimo de Melilla","og_description":"PRESENTACI\u00d3N DEL CICLO DE CONFERENCIAS \u201cLA ARMADA, ESA GRAN DESCONOCIDA\u201d -","og_url":"https:\/\/www.realclubmaritimomelilla.es\/clmar\/presentacion-del-ciclo-de-conferencias-la-armada-esa-gran-desconocida\/","og_site_name":"Real Club Mar\u00edtimo de Melilla","article_publisher":"https:\/\/www.facebook.com\/Real-Club-Mar%c3%adtimo-de-Melilla-588495841234214\/","article_published_time":"2023-05-17T19:03:53+00:00","article_modified_time":"2024-03-27T09:14:27+00:00","og_image":[{"width":2016,"height":1512,"url":"https:\/\/www.realclubmaritimomelilla.es\/clmar\/wp-content\/uploads\/IMG_7425.jpg","type":"image\/jpeg"}],"author":"RCMMelilla","twitter_card":"summary_large_image","twitter_creator":"@nauticarcmm","twitter_site":"@nauticarcmm","twitter_misc":{"Escrito por":"RCMMelilla","Tiempo de lectura":"2 minutos"},"schema":{"@context":"https:\/\/schema.org","@graph":[{"@type":"Article","@id":"https:\/\/www.realclubmaritimomelilla.es\/clmar\/presentacion-del-ciclo-de-conferencias-la-armada-esa-gran-desconocida\/#article","isPartOf":{"@id":"https:\/\/www.realclubmaritimomelilla.es\/clmar\/presentacion-del-ciclo-de-conferencias-la-armada-esa-gran-desconocida\/"},"author":{"name":"RCMMelilla","@id":"https:\/\/www.realclubmaritimomelilla.es\/clmar\/#\/schema\/person\/ebaa3713496dc6d48c872452e73a8e79"},"headline":"PRESENTACI\u00d3N DEL CICLO DE CONFERENCIAS \u201cLA ARMADA, ESA GRAN DESCONOCIDA\u201d","datePublished":"2023-05-17T19:03:53+00:00","dateModified":"2024-03-27T09:14:27+00:00","mainEntityOfPage":{"@id":"https:\/\/www.realclubmaritimomelilla.es\/clmar\/presentacion-del-ciclo-de-conferencias-la-armada-esa-gran-desconocida\/"},"wordCount":325,"commentCount":0,"publisher":{"@id":"https:\/\/www.realclubmaritimomelilla.es\/clmar\/#organization"},"image":{"@id":"https:\/\/www.realclubmaritimomelilla.es\/clmar\/presentacion-del-ciclo-de-conferencias-la-armada-esa-gran-desconocida\/#primaryimage"},"thumbnailUrl":"https:\/\/www.realclubmaritimomelilla.es\/clmar\/wp-content\/uploads\/IMG_7425.jpg","articleSection":["Club"],"inLanguage":"es","potentialAction":[{"@type":"CommentAction","name":"Comment","target":["https:\/\/www.realclubmaritimomelilla.es\/clmar\/presentacion-del-ciclo-de-conferencias-la-armada-esa-gran-desconocida\/#respond"]}]},{"@type":"WebPage","@id":"https:\/\/www.realclubmaritimomelilla.es\/clmar\/presentacion-del-ciclo-de-conferencias-la-armada-esa-gran-desconocida\/","url":"https:\/\/www.realclubmaritimomelilla.es\/clmar\/presentacion-del-ciclo-de-conferencias-la-armada-esa-gran-desconocida\/","name":"PRESENTACI\u00d3N DEL CICLO DE CONFERENCIAS \u201cLA ARMADA, ESA GRAN DESCONOCIDA\u201d - Real Club Mar\u00edtimo de Melilla","isPartOf":{"@id":"https:\/\/www.realclubmaritimomelilla.es\/clmar\/#website"},"primaryImageOfPage":{"@id":"https:\/\/www.realclubmaritimomelilla.es\/clmar\/presentacion-del-ciclo-de-conferencias-la-armada-esa-gran-desconocida\/#primaryimage"},"image":{"@id":"https:\/\/www.realclubmaritimomelilla.es\/clmar\/presentacion-del-ciclo-de-conferencias-la-armada-esa-gran-desconocida\/#primaryimage"},"thumbnailUrl":"https:\/\/www.realclubmaritimomelilla.es\/clmar\/wp-content\/uploads\/IMG_7425.jpg","datePublished":"2023-05-17T19:03:53+00:00","dateModified":"2024-03-27T09:14:27+00:00","description":"PRESENTACI\u00d3N DEL CICLO DE CONFERENCIAS \u201cLA ARMADA, ESA GRAN DESCONOCIDA\u201d -","breadcrumb":{"@id":"https:\/\/www.realclubmaritimomelilla.es\/clmar\/presentacion-del-ciclo-de-conferencias-la-armada-esa-gran-desconocida\/#breadcrumb"},"inLanguage":"es","potentialAction":[{"@type":"ReadAction","target":["https:\/\/www.realclubmaritimomelilla.es\/clmar\/presentacion-del-ciclo-de-conferencias-la-armada-esa-gran-desconocida\/"]}]},{"@type":"ImageObject","inLanguage":"es","@id":"https:\/\/www.realclubmaritimomelilla.es\/clmar\/presentacion-del-ciclo-de-conferencias-la-armada-esa-gran-desconocida\/#primaryimage","url":"https:\/\/www.realclubmaritimomelilla.es\/clmar\/wp-content\/uploads\/IMG_7425.jpg","contentUrl":"https:\/\/www.realclubmaritimomelilla.es\/clmar\/wp-content\/uploads\/IMG_7425.jpg","width":2016,"height":1512},{"@type":"BreadcrumbList","@id":"https:\/\/www.realclubmaritimomelilla.es\/clmar\/presentacion-del-ciclo-de-conferencias-la-armada-esa-gran-desconocida\/#breadcrumb","itemListElement":[{"@type":"ListItem","position":1,"name":"Portada","item":"https:\/\/www.realclubmaritimomelilla.es\/clmar\/"},{"@type":"ListItem","position":2,"name":"PRESENTACI\u00d3N DEL CICLO DE CONFERENCIAS \u201cLA ARMADA, ESA GRAN DESCONOCIDA\u201d"}]},{"@type":"WebSite","@id":"https:\/\/www.realclubmaritimomelilla.es\/clmar\/#website","url":"https:\/\/www.realclubmaritimomelilla.es\/clmar\/","name":"Real Club Mar\u00edtimo de Melilla","description":"RCMM","publisher":{"@id":"https:\/\/www.realclubmaritimomelilla.es\/clmar\/#organization"},"alternateName":"RCMM","potentialAction":[{"@type":"SearchAction","target":{"@type":"EntryPoint","urlTemplate":"https:\/\/www.realclubmaritimomelilla.es\/clmar\/?s={search_term_string}"},"query-input":{"@type":"PropertyValueSpecification","valueRequired":true,"valueName":"search_term_string"}}],"inLanguage":"es"},{"@type":"Organization","@id":"https:\/\/www.realclubmaritimomelilla.es\/clmar\/#organization","name":"Real Club Mar\u00edtimo de Melilla","alternateName":"RCMM","url":"https:\/\/www.realclubmaritimomelilla.es\/clmar\/","logo":{"@type":"ImageObject","inLanguage":"es","@id":"https:\/\/www.realclubmaritimomelilla.es\/clmar\/#\/schema\/logo\/image\/","url":"https:\/\/www.realclubmaritimomelilla.es\/clmar\/wp-content\/uploads\/logo-club-original-copia.jpg","contentUrl":"https:\/\/www.realclubmaritimomelilla.es\/clmar\/wp-content\/uploads\/logo-club-original-copia.jpg","width":128,"height":89,"caption":"Real Club Mar\u00edtimo de Melilla"},"image":{"@id":"https:\/\/www.realclubmaritimomelilla.es\/clmar\/#\/schema\/logo\/image\/"},"sameAs":["https:\/\/www.facebook.com\/Real-Club-Mar\u00edtimo-de-Melilla-588495841234214\/","https:\/\/x.com\/nauticarcmm","https:\/\/www.instagram.com\/club_maritimo_melilla\/","https:\/\/www.youtube.com\/@realclubmaritimodemelilla4703","https:\/\/es.wikipedia.org\/wiki\/Real_Club_Mar\u00edtimo_de_Melilla"]},{"@type":"Person","@id":"https:\/\/www.realclubmaritimomelilla.es\/clmar\/#\/schema\/person\/ebaa3713496dc6d48c872452e73a8e79","name":"RCMMelilla","image":{"@type":"ImageObject","inLanguage":"es","@id":"https:\/\/secure.gravatar.com\/avatar\/df1c24789360fb9308735c4ee556fc2bc5bf924bf01e53043b8b97ba272da33c?s=96&d=mm&r=g","url":"https:\/\/secure.gravatar.com\/avatar\/df1c24789360fb9308735c4ee556fc2bc5bf924bf01e53043b8b97ba272da33c?s=96&d=mm&r=g","contentUrl":"https:\/\/secure.gravatar.com\/avatar\/df1c24789360fb9308735c4ee556fc2bc5bf924bf01e53043b8b97ba272da33c?s=96&d=mm&r=g","caption":"RCMMelilla"}}]}},"_links":{"self":[{"href":"https:\/\/www.realclubmaritimomelilla.es\/clmar\/wp-json\/wp\/v2\/posts\/20763","targetHints":{"allow":["GET"]}}],"collection":[{"href":"https:\/\/www.realclubmaritimomelilla.es\/clmar\/wp-json\/wp\/v2\/posts"}],"about":[{"href":"https:\/\/www.realclubmaritimomelilla.es\/clmar\/wp-json\/wp\/v2\/types\/post"}],"author":[{"embeddable":true,"href":"https:\/\/www.realclubmaritimomelilla.es\/clmar\/wp-json\/wp\/v2\/users\/1"}],"replies":[{"embeddable":true,"href":"https:\/\/www.realclubmaritimomelilla.es\/clmar\/wp-json\/wp\/v2\/comments?post=20763"}],"version-history":[{"count":1,"href":"https:\/\/www.realclubmaritimomelilla.es\/clmar\/wp-json\/wp\/v2\/posts\/20763\/revisions"}],"predecessor-version":[{"id":20765,"href":"https:\/\/www.realclubmaritimomelilla.es\/clmar\/wp-json\/wp\/v2\/posts\/20763\/revisions\/20765"}],"wp:featuredmedia":[{"embeddable":true,"href":"https:\/\/www.realclubmaritimomelilla.es\/clmar\/wp-json\/wp\/v2\/media\/20764"}],"wp:attachment":[{"href":"https:\/\/www.realclubmaritimomelilla.es\/clmar\/wp-json\/wp\/v2\/media?parent=20763"}],"wp:term":[{"taxonomy":"category","embeddable":true,"href":"https:\/\/www.realclubmaritimomelilla.es\/clmar\/wp-json\/wp\/v2\/categories?post=20763"},{"taxonomy":"post_tag","embeddable":true,"href":"https:\/\/www.realclubmaritimomelilla.es\/clmar\/wp-json\/wp\/v2\/tags?post=20763"}],"curies":[{"name":"wp","href":"https:\/\/api.w.org\/{rel}","templated":true}]}}