{"id":20737,"date":"2023-05-11T11:48:57","date_gmt":"2023-05-11T09:48:57","guid":{"rendered":"https:\/\/www.realclubmaritimomelilla.es\/clmar\/?p=20737"},"modified":"2024-03-27T10:15:14","modified_gmt":"2024-03-27T09:15:14","slug":"los-infantiles-del-real-club-maritimo-de-melilla-iran-al-campeonato-de-espana","status":"publish","type":"post","link":"https:\/\/www.realclubmaritimomelilla.es\/clmar\/los-infantiles-del-real-club-maritimo-de-melilla-iran-al-campeonato-de-espana\/","title":{"rendered":"LOS INFANTILES DEL REAL CLUB MAR\u00cdTIMO DE MELILLA IR\u00c1N AL CAMPEONATO DE ESPA\u00d1A"},"content":{"rendered":"<p style=\"text-align: left;\">La temporada ha concluido en la liga local de baloncesto infantil masculino con el Real Club Mar\u00edtimo de Melilla como vencedor de la categor\u00eda. Muchas horas de trabajo y esfuerzo han tenido la recompensa del triunfo, de ser campeones y ganarse el honor de representar a la ciudad de Melilla en el pr\u00f3ximo Campeonato de Espa\u00f1a.<\/p>\n<p>Una temporada que comenz\u00f3 hace ya muchos meses y que alcanz\u00f3 su punto y seguido el pasado s\u00e1bado, en un pabell\u00f3n Garc\u00eda Pezzi vibrando y con un ambiente de lujo, para decidir el t\u00edtulo de campe\u00f3n en el tercer y definitivo encuentro del play-offs final 76-70.<\/p>\n<p>Los jugadores del Real Club Mar\u00edtimo de Melilla y Melilla Baloncesto no dejaron indiferentes a nadie y lo dejaron todo en la pista. No s\u00f3lo bastaron cuarenta minutos de tensi\u00f3n, emoci\u00f3n y juego, sino que para hacer m\u00e1s \u00e9pico el triunfo de los mar\u00edtimos se precis\u00f3 de una pr\u00f3rroga en la que la suerte estaba echada y ambos equipos escribieron un magn\u00edfico ep\u00edlogo a un a\u00f1o de competencia y deportividad.<\/p>\n<p>El Real Club Mar\u00edtimo infantil ha firmado una temporada muy exitosa, cosechando s\u00f3lo una derrota tanto en liga como en play-offs. De hecho, fue en el segundo partido de la final, lo que dio paso al tercer y definitivo encuentro en el que se logr\u00f3 la victoria y el t\u00edtulo.<\/p>\n<p>El primer \u00e9xito de estos jugadores fue conseguir el triunfo en el Memorial Garc\u00eda Pezzi, con el que la Federaci\u00f3n Melillense de Baloncesto da el pistoletazo de salida a la temporada.<\/p>\n<p>Alvaro Villuendas, Santiago Tasende, Aitor Guitart, Francisco Llamas, Carlos Rodr\u00edguez, Miguel Gui\u00f1azu, Iker Madollel, Aaron P\u00e9rez, Joaqu\u00edn G\u00f3mez, Enrique Fern\u00e1ndez, Mario P\u00e9rez y Vicente M. Pastor son los integrantes del equipo campe\u00f3n del Real Club Mar\u00edtimo de Melilla.<\/p>\n<p>Hay que indicar que Carlos, Aaron, Aitor y Miguel tambi\u00e9n han estado vinculados esta temporada al equipo cadete, por lo que tambi\u00e9n en breve acudir\u00e1n al Campeonato de Espa\u00f1a que se disputa en San Fernando.<\/p>\n<p>Un a\u00f1o de trabajo en equipo. Al frente de estos jugadores Walter Gui\u00f1azu, pero con un amplio grupo de colaboradores en distintas parcelas que han servido para generar una sinergia competitiva y que todav\u00eda no ha culminado, puesto que ahora toca preparar el Campeonato de Espa\u00f1a que se disputar\u00e1 a principios de junio en Badajoz. Mario Lisbona, Fawi, Mario Mullor, V\u00edctor Salina, Jos\u00e9 Shabi o Carlos Herrero han interactuado en el staff t\u00e9cnico de este equipo.<\/p>\n<p>Ahora toca seguir trabajando, puesto que en apenas un mes ser\u00e1n los representantes melillenses en el Campeonato de Espa\u00f1a, que arranca el 4 de junio en Badajoz.<\/p>\n","protected":false},"excerpt":{"rendered":"<p>La temporada ha concluido en la liga local de baloncesto infantil masculino con el Real Club Mar\u00edtimo de Melilla como vencedor de la categor\u00eda. Muchas horas de trabajo y esfuerzo han tenido la recompensa del triunfo, de ser campeones y ganarse el honor de representar a la ciudad de Melilla en el pr\u00f3ximo Campeonato de [&hellip;]<\/p>\n","protected":false},"author":1,"featured_media":20738,"comment_status":"open","ping_status":"open","sticky":false,"template":"","format":"standard","meta":{"_acf_changed":false,"footnotes":""},"categories":[46],"tags":[],"class_list":["post-20737","post","type-post","status-publish","format-standard","has-post-thumbnail","hentry","category-seccion-baloncesto"],"acf":[],"yoast_head":"<!-- This site is optimized with the Yoast SEO plugin v27.5 - https:\/\/yoast.com\/product\/yoast-seo-wordpress\/ -->\n<title>LOS INFANTILES DEL REAL CLUB MAR\u00cdTIMO DE MELILLA IR\u00c1N AL CAMPEONATO DE ESPA\u00d1A - Real Club Mar\u00edtimo de Melilla<\/title>\n<meta name=\"description\" content=\"LOS INFANTILES DEL REAL CLUB MAR\u00cdTIMO DE MELILLA IR\u00c1N AL CAMPEONATO DE ESPA\u00d1A -\" \/>\n<meta name=\"robots\" content=\"index, follow, max-snippet:-1, max-image-preview:large, max-video-preview:-1\" \/>\n<link rel=\"canonical\" href=\"https:\/\/www.realclubmaritimomelilla.es\/clmar\/los-infantiles-del-real-club-maritimo-de-melilla-iran-al-campeonato-de-espana\/\" \/>\n<meta property=\"og:locale\" content=\"es_ES\" \/>\n<meta property=\"og:type\" content=\"article\" \/>\n<meta property=\"og:title\" content=\"LOS INFANTILES DEL REAL CLUB MAR\u00cdTIMO DE MELILLA IR\u00c1N AL CAMPEONATO DE ESPA\u00d1A - Real Club Mar\u00edtimo de Melilla\" \/>\n<meta property=\"og:description\" content=\"LOS INFANTILES DEL REAL CLUB MAR\u00cdTIMO DE MELILLA IR\u00c1N AL CAMPEONATO DE ESPA\u00d1A -\" \/>\n<meta property=\"og:url\" content=\"https:\/\/www.realclubmaritimomelilla.es\/clmar\/los-infantiles-del-real-club-maritimo-de-melilla-iran-al-campeonato-de-espana\/\" \/>\n<meta property=\"og:site_name\" content=\"Real Club Mar\u00edtimo de Melilla\" \/>\n<meta property=\"article:publisher\" content=\"https:\/\/www.facebook.com\/Real-Club-Mar%c3%adtimo-de-Melilla-588495841234214\/\" \/>\n<meta property=\"article:published_time\" content=\"2023-05-11T09:48:57+00:00\" \/>\n<meta property=\"article:modified_time\" content=\"2024-03-27T09:15:14+00:00\" \/>\n<meta property=\"og:image\" content=\"https:\/\/www.realclubmaritimomelilla.es\/clmar\/wp-content\/uploads\/Equipo-campeon-Infantil-RCMM.jpg\" \/>\n\t<meta property=\"og:image:width\" content=\"2016\" \/>\n\t<meta property=\"og:image:height\" content=\"1512\" \/>\n\t<meta property=\"og:image:type\" content=\"image\/jpeg\" \/>\n<meta name=\"author\" content=\"RCMMelilla\" \/>\n<meta name=\"twitter:card\" content=\"summary_large_image\" \/>\n<meta name=\"twitter:creator\" content=\"@nauticarcmm\" \/>\n<meta name=\"twitter:site\" content=\"@nauticarcmm\" \/>\n<meta name=\"twitter:label1\" content=\"Escrito por\" \/>\n\t<meta name=\"twitter:data1\" content=\"RCMMelilla\" \/>\n\t<meta name=\"twitter:label2\" content=\"Tiempo de lectura\" \/>\n\t<meta name=\"twitter:data2\" content=\"2 minutos\" \/>\n<script type=\"application\/ld+json\" class=\"yoast-schema-graph\">{\"@context\":\"https:\\\/\\\/schema.org\",\"@graph\":[{\"@type\":\"Article\",\"@id\":\"https:\\\/\\\/www.realclubmaritimomelilla.es\\\/clmar\\\/los-infantiles-del-real-club-maritimo-de-melilla-iran-al-campeonato-de-espana\\\/#article\",\"isPartOf\":{\"@id\":\"https:\\\/\\\/www.realclubmaritimomelilla.es\\\/clmar\\\/los-infantiles-del-real-club-maritimo-de-melilla-iran-al-campeonato-de-espana\\\/\"},\"author\":{\"name\":\"RCMMelilla\",\"@id\":\"https:\\\/\\\/www.realclubmaritimomelilla.es\\\/clmar\\\/#\\\/schema\\\/person\\\/ebaa3713496dc6d48c872452e73a8e79\"},\"headline\":\"LOS INFANTILES DEL REAL CLUB MAR\u00cdTIMO DE MELILLA IR\u00c1N AL CAMPEONATO DE ESPA\u00d1A\",\"datePublished\":\"2023-05-11T09:48:57+00:00\",\"dateModified\":\"2024-03-27T09:15:14+00:00\",\"mainEntityOfPage\":{\"@id\":\"https:\\\/\\\/www.realclubmaritimomelilla.es\\\/clmar\\\/los-infantiles-del-real-club-maritimo-de-melilla-iran-al-campeonato-de-espana\\\/\"},\"wordCount\":489,\"commentCount\":0,\"publisher\":{\"@id\":\"https:\\\/\\\/www.realclubmaritimomelilla.es\\\/clmar\\\/#organization\"},\"image\":{\"@id\":\"https:\\\/\\\/www.realclubmaritimomelilla.es\\\/clmar\\\/los-infantiles-del-real-club-maritimo-de-melilla-iran-al-campeonato-de-espana\\\/#primaryimage\"},\"thumbnailUrl\":\"https:\\\/\\\/www.realclubmaritimomelilla.es\\\/clmar\\\/wp-content\\\/uploads\\\/Equipo-campeon-Infantil-RCMM.jpg\",\"articleSection\":[\"Secci\u00f3n Baloncesto\"],\"inLanguage\":\"es\",\"potentialAction\":[{\"@type\":\"CommentAction\",\"name\":\"Comment\",\"target\":[\"https:\\\/\\\/www.realclubmaritimomelilla.es\\\/clmar\\\/los-infantiles-del-real-club-maritimo-de-melilla-iran-al-campeonato-de-espana\\\/#respond\"]}]},{\"@type\":\"WebPage\",\"@id\":\"https:\\\/\\\/www.realclubmaritimomelilla.es\\\/clmar\\\/los-infantiles-del-real-club-maritimo-de-melilla-iran-al-campeonato-de-espana\\\/\",\"url\":\"https:\\\/\\\/www.realclubmaritimomelilla.es\\\/clmar\\\/los-infantiles-del-real-club-maritimo-de-melilla-iran-al-campeonato-de-espana\\\/\",\"name\":\"LOS INFANTILES DEL REAL CLUB MAR\u00cdTIMO DE MELILLA IR\u00c1N AL CAMPEONATO DE ESPA\u00d1A - Real Club Mar\u00edtimo de Melilla\",\"isPartOf\":{\"@id\":\"https:\\\/\\\/www.realclubmaritimomelilla.es\\\/clmar\\\/#website\"},\"primaryImageOfPage\":{\"@id\":\"https:\\\/\\\/www.realclubmaritimomelilla.es\\\/clmar\\\/los-infantiles-del-real-club-maritimo-de-melilla-iran-al-campeonato-de-espana\\\/#primaryimage\"},\"image\":{\"@id\":\"https:\\\/\\\/www.realclubmaritimomelilla.es\\\/clmar\\\/los-infantiles-del-real-club-maritimo-de-melilla-iran-al-campeonato-de-espana\\\/#primaryimage\"},\"thumbnailUrl\":\"https:\\\/\\\/www.realclubmaritimomelilla.es\\\/clmar\\\/wp-content\\\/uploads\\\/Equipo-campeon-Infantil-RCMM.jpg\",\"datePublished\":\"2023-05-11T09:48:57+00:00\",\"dateModified\":\"2024-03-27T09:15:14+00:00\",\"description\":\"LOS INFANTILES DEL REAL CLUB MAR\u00cdTIMO DE MELILLA IR\u00c1N AL CAMPEONATO DE ESPA\u00d1A -\",\"breadcrumb\":{\"@id\":\"https:\\\/\\\/www.realclubmaritimomelilla.es\\\/clmar\\\/los-infantiles-del-real-club-maritimo-de-melilla-iran-al-campeonato-de-espana\\\/#breadcrumb\"},\"inLanguage\":\"es\",\"potentialAction\":[{\"@type\":\"ReadAction\",\"target\":[\"https:\\\/\\\/www.realclubmaritimomelilla.es\\\/clmar\\\/los-infantiles-del-real-club-maritimo-de-melilla-iran-al-campeonato-de-espana\\\/\"]}]},{\"@type\":\"ImageObject\",\"inLanguage\":\"es\",\"@id\":\"https:\\\/\\\/www.realclubmaritimomelilla.es\\\/clmar\\\/los-infantiles-del-real-club-maritimo-de-melilla-iran-al-campeonato-de-espana\\\/#primaryimage\",\"url\":\"https:\\\/\\\/www.realclubmaritimomelilla.es\\\/clmar\\\/wp-content\\\/uploads\\\/Equipo-campeon-Infantil-RCMM.jpg\",\"contentUrl\":\"https:\\\/\\\/www.realclubmaritimomelilla.es\\\/clmar\\\/wp-content\\\/uploads\\\/Equipo-campeon-Infantil-RCMM.jpg\",\"width\":2016,\"height\":1512},{\"@type\":\"BreadcrumbList\",\"@id\":\"https:\\\/\\\/www.realclubmaritimomelilla.es\\\/clmar\\\/los-infantiles-del-real-club-maritimo-de-melilla-iran-al-campeonato-de-espana\\\/#breadcrumb\",\"itemListElement\":[{\"@type\":\"ListItem\",\"position\":1,\"name\":\"Portada\",\"item\":\"https:\\\/\\\/www.realclubmaritimomelilla.es\\\/clmar\\\/\"},{\"@type\":\"ListItem\",\"position\":2,\"name\":\"LOS INFANTILES DEL REAL CLUB MAR\u00cdTIMO DE MELILLA IR\u00c1N AL CAMPEONATO DE ESPA\u00d1A\"}]},{\"@type\":\"WebSite\",\"@id\":\"https:\\\/\\\/www.realclubmaritimomelilla.es\\\/clmar\\\/#website\",\"url\":\"https:\\\/\\\/www.realclubmaritimomelilla.es\\\/clmar\\\/\",\"name\":\"Real Club Mar\u00edtimo de Melilla\",\"description\":\"RCMM\",\"publisher\":{\"@id\":\"https:\\\/\\\/www.realclubmaritimomelilla.es\\\/clmar\\\/#organization\"},\"alternateName\":\"RCMM\",\"potentialAction\":[{\"@type\":\"SearchAction\",\"target\":{\"@type\":\"EntryPoint\",\"urlTemplate\":\"https:\\\/\\\/www.realclubmaritimomelilla.es\\\/clmar\\\/?s={search_term_string}\"},\"query-input\":{\"@type\":\"PropertyValueSpecification\",\"valueRequired\":true,\"valueName\":\"search_term_string\"}}],\"inLanguage\":\"es\"},{\"@type\":\"Organization\",\"@id\":\"https:\\\/\\\/www.realclubmaritimomelilla.es\\\/clmar\\\/#organization\",\"name\":\"Real Club Mar\u00edtimo de Melilla\",\"alternateName\":\"RCMM\",\"url\":\"https:\\\/\\\/www.realclubmaritimomelilla.es\\\/clmar\\\/\",\"logo\":{\"@type\":\"ImageObject\",\"inLanguage\":\"es\",\"@id\":\"https:\\\/\\\/www.realclubmaritimomelilla.es\\\/clmar\\\/#\\\/schema\\\/logo\\\/image\\\/\",\"url\":\"https:\\\/\\\/www.realclubmaritimomelilla.es\\\/clmar\\\/wp-content\\\/uploads\\\/logo-club-original-copia.jpg\",\"contentUrl\":\"https:\\\/\\\/www.realclubmaritimomelilla.es\\\/clmar\\\/wp-content\\\/uploads\\\/logo-club-original-copia.jpg\",\"width\":128,\"height\":89,\"caption\":\"Real Club Mar\u00edtimo de Melilla\"},\"image\":{\"@id\":\"https:\\\/\\\/www.realclubmaritimomelilla.es\\\/clmar\\\/#\\\/schema\\\/logo\\\/image\\\/\"},\"sameAs\":[\"https:\\\/\\\/www.facebook.com\\\/Real-Club-Mar\u00edtimo-de-Melilla-588495841234214\\\/\",\"https:\\\/\\\/x.com\\\/nauticarcmm\",\"https:\\\/\\\/www.instagram.com\\\/club_maritimo_melilla\\\/\",\"https:\\\/\\\/www.youtube.com\\\/@realclubmaritimodemelilla4703\",\"https:\\\/\\\/es.wikipedia.org\\\/wiki\\\/Real_Club_Mar\u00edtimo_de_Melilla\"]},{\"@type\":\"Person\",\"@id\":\"https:\\\/\\\/www.realclubmaritimomelilla.es\\\/clmar\\\/#\\\/schema\\\/person\\\/ebaa3713496dc6d48c872452e73a8e79\",\"name\":\"RCMMelilla\",\"image\":{\"@type\":\"ImageObject\",\"inLanguage\":\"es\",\"@id\":\"https:\\\/\\\/secure.gravatar.com\\\/avatar\\\/df1c24789360fb9308735c4ee556fc2bc5bf924bf01e53043b8b97ba272da33c?s=96&d=mm&r=g\",\"url\":\"https:\\\/\\\/secure.gravatar.com\\\/avatar\\\/df1c24789360fb9308735c4ee556fc2bc5bf924bf01e53043b8b97ba272da33c?s=96&d=mm&r=g\",\"contentUrl\":\"https:\\\/\\\/secure.gravatar.com\\\/avatar\\\/df1c24789360fb9308735c4ee556fc2bc5bf924bf01e53043b8b97ba272da33c?s=96&d=mm&r=g\",\"caption\":\"RCMMelilla\"}}]}<\/script>\n<!-- \/ Yoast SEO plugin. -->","yoast_head_json":{"title":"LOS INFANTILES DEL REAL CLUB MAR\u00cdTIMO DE MELILLA IR\u00c1N AL CAMPEONATO DE ESPA\u00d1A - Real Club Mar\u00edtimo de Melilla","description":"LOS INFANTILES DEL REAL CLUB MAR\u00cdTIMO DE MELILLA IR\u00c1N AL CAMPEONATO DE ESPA\u00d1A -","robots":{"index":"index","follow":"follow","max-snippet":"max-snippet:-1","max-image-preview":"max-image-preview:large","max-video-preview":"max-video-preview:-1"},"canonical":"https:\/\/www.realclubmaritimomelilla.es\/clmar\/los-infantiles-del-real-club-maritimo-de-melilla-iran-al-campeonato-de-espana\/","og_locale":"es_ES","og_type":"article","og_title":"LOS INFANTILES DEL REAL CLUB MAR\u00cdTIMO DE MELILLA IR\u00c1N AL CAMPEONATO DE ESPA\u00d1A - Real Club Mar\u00edtimo de Melilla","og_description":"LOS INFANTILES DEL REAL CLUB MAR\u00cdTIMO DE MELILLA IR\u00c1N AL CAMPEONATO DE ESPA\u00d1A -","og_url":"https:\/\/www.realclubmaritimomelilla.es\/clmar\/los-infantiles-del-real-club-maritimo-de-melilla-iran-al-campeonato-de-espana\/","og_site_name":"Real Club Mar\u00edtimo de Melilla","article_publisher":"https:\/\/www.facebook.com\/Real-Club-Mar%c3%adtimo-de-Melilla-588495841234214\/","article_published_time":"2023-05-11T09:48:57+00:00","article_modified_time":"2024-03-27T09:15:14+00:00","og_image":[{"width":2016,"height":1512,"url":"https:\/\/www.realclubmaritimomelilla.es\/clmar\/wp-content\/uploads\/Equipo-campeon-Infantil-RCMM.jpg","type":"image\/jpeg"}],"author":"RCMMelilla","twitter_card":"summary_large_image","twitter_creator":"@nauticarcmm","twitter_site":"@nauticarcmm","twitter_misc":{"Escrito por":"RCMMelilla","Tiempo de lectura":"2 minutos"},"schema":{"@context":"https:\/\/schema.org","@graph":[{"@type":"Article","@id":"https:\/\/www.realclubmaritimomelilla.es\/clmar\/los-infantiles-del-real-club-maritimo-de-melilla-iran-al-campeonato-de-espana\/#article","isPartOf":{"@id":"https:\/\/www.realclubmaritimomelilla.es\/clmar\/los-infantiles-del-real-club-maritimo-de-melilla-iran-al-campeonato-de-espana\/"},"author":{"name":"RCMMelilla","@id":"https:\/\/www.realclubmaritimomelilla.es\/clmar\/#\/schema\/person\/ebaa3713496dc6d48c872452e73a8e79"},"headline":"LOS INFANTILES DEL REAL CLUB MAR\u00cdTIMO DE MELILLA IR\u00c1N AL CAMPEONATO DE ESPA\u00d1A","datePublished":"2023-05-11T09:48:57+00:00","dateModified":"2024-03-27T09:15:14+00:00","mainEntityOfPage":{"@id":"https:\/\/www.realclubmaritimomelilla.es\/clmar\/los-infantiles-del-real-club-maritimo-de-melilla-iran-al-campeonato-de-espana\/"},"wordCount":489,"commentCount":0,"publisher":{"@id":"https:\/\/www.realclubmaritimomelilla.es\/clmar\/#organization"},"image":{"@id":"https:\/\/www.realclubmaritimomelilla.es\/clmar\/los-infantiles-del-real-club-maritimo-de-melilla-iran-al-campeonato-de-espana\/#primaryimage"},"thumbnailUrl":"https:\/\/www.realclubmaritimomelilla.es\/clmar\/wp-content\/uploads\/Equipo-campeon-Infantil-RCMM.jpg","articleSection":["Secci\u00f3n Baloncesto"],"inLanguage":"es","potentialAction":[{"@type":"CommentAction","name":"Comment","target":["https:\/\/www.realclubmaritimomelilla.es\/clmar\/los-infantiles-del-real-club-maritimo-de-melilla-iran-al-campeonato-de-espana\/#respond"]}]},{"@type":"WebPage","@id":"https:\/\/www.realclubmaritimomelilla.es\/clmar\/los-infantiles-del-real-club-maritimo-de-melilla-iran-al-campeonato-de-espana\/","url":"https:\/\/www.realclubmaritimomelilla.es\/clmar\/los-infantiles-del-real-club-maritimo-de-melilla-iran-al-campeonato-de-espana\/","name":"LOS INFANTILES DEL REAL CLUB MAR\u00cdTIMO DE MELILLA IR\u00c1N AL CAMPEONATO DE ESPA\u00d1A - Real Club Mar\u00edtimo de Melilla","isPartOf":{"@id":"https:\/\/www.realclubmaritimomelilla.es\/clmar\/#website"},"primaryImageOfPage":{"@id":"https:\/\/www.realclubmaritimomelilla.es\/clmar\/los-infantiles-del-real-club-maritimo-de-melilla-iran-al-campeonato-de-espana\/#primaryimage"},"image":{"@id":"https:\/\/www.realclubmaritimomelilla.es\/clmar\/los-infantiles-del-real-club-maritimo-de-melilla-iran-al-campeonato-de-espana\/#primaryimage"},"thumbnailUrl":"https:\/\/www.realclubmaritimomelilla.es\/clmar\/wp-content\/uploads\/Equipo-campeon-Infantil-RCMM.jpg","datePublished":"2023-05-11T09:48:57+00:00","dateModified":"2024-03-27T09:15:14+00:00","description":"LOS INFANTILES DEL REAL CLUB MAR\u00cdTIMO DE MELILLA IR\u00c1N AL CAMPEONATO DE ESPA\u00d1A -","breadcrumb":{"@id":"https:\/\/www.realclubmaritimomelilla.es\/clmar\/los-infantiles-del-real-club-maritimo-de-melilla-iran-al-campeonato-de-espana\/#breadcrumb"},"inLanguage":"es","potentialAction":[{"@type":"ReadAction","target":["https:\/\/www.realclubmaritimomelilla.es\/clmar\/los-infantiles-del-real-club-maritimo-de-melilla-iran-al-campeonato-de-espana\/"]}]},{"@type":"ImageObject","inLanguage":"es","@id":"https:\/\/www.realclubmaritimomelilla.es\/clmar\/los-infantiles-del-real-club-maritimo-de-melilla-iran-al-campeonato-de-espana\/#primaryimage","url":"https:\/\/www.realclubmaritimomelilla.es\/clmar\/wp-content\/uploads\/Equipo-campeon-Infantil-RCMM.jpg","contentUrl":"https:\/\/www.realclubmaritimomelilla.es\/clmar\/wp-content\/uploads\/Equipo-campeon-Infantil-RCMM.jpg","width":2016,"height":1512},{"@type":"BreadcrumbList","@id":"https:\/\/www.realclubmaritimomelilla.es\/clmar\/los-infantiles-del-real-club-maritimo-de-melilla-iran-al-campeonato-de-espana\/#breadcrumb","itemListElement":[{"@type":"ListItem","position":1,"name":"Portada","item":"https:\/\/www.realclubmaritimomelilla.es\/clmar\/"},{"@type":"ListItem","position":2,"name":"LOS INFANTILES DEL REAL CLUB MAR\u00cdTIMO DE MELILLA IR\u00c1N AL CAMPEONATO DE ESPA\u00d1A"}]},{"@type":"WebSite","@id":"https:\/\/www.realclubmaritimomelilla.es\/clmar\/#website","url":"https:\/\/www.realclubmaritimomelilla.es\/clmar\/","name":"Real Club Mar\u00edtimo de Melilla","description":"RCMM","publisher":{"@id":"https:\/\/www.realclubmaritimomelilla.es\/clmar\/#organization"},"alternateName":"RCMM","potentialAction":[{"@type":"SearchAction","target":{"@type":"EntryPoint","urlTemplate":"https:\/\/www.realclubmaritimomelilla.es\/clmar\/?s={search_term_string}"},"query-input":{"@type":"PropertyValueSpecification","valueRequired":true,"valueName":"search_term_string"}}],"inLanguage":"es"},{"@type":"Organization","@id":"https:\/\/www.realclubmaritimomelilla.es\/clmar\/#organization","name":"Real Club Mar\u00edtimo de Melilla","alternateName":"RCMM","url":"https:\/\/www.realclubmaritimomelilla.es\/clmar\/","logo":{"@type":"ImageObject","inLanguage":"es","@id":"https:\/\/www.realclubmaritimomelilla.es\/clmar\/#\/schema\/logo\/image\/","url":"https:\/\/www.realclubmaritimomelilla.es\/clmar\/wp-content\/uploads\/logo-club-original-copia.jpg","contentUrl":"https:\/\/www.realclubmaritimomelilla.es\/clmar\/wp-content\/uploads\/logo-club-original-copia.jpg","width":128,"height":89,"caption":"Real Club Mar\u00edtimo de Melilla"},"image":{"@id":"https:\/\/www.realclubmaritimomelilla.es\/clmar\/#\/schema\/logo\/image\/"},"sameAs":["https:\/\/www.facebook.com\/Real-Club-Mar\u00edtimo-de-Melilla-588495841234214\/","https:\/\/x.com\/nauticarcmm","https:\/\/www.instagram.com\/club_maritimo_melilla\/","https:\/\/www.youtube.com\/@realclubmaritimodemelilla4703","https:\/\/es.wikipedia.org\/wiki\/Real_Club_Mar\u00edtimo_de_Melilla"]},{"@type":"Person","@id":"https:\/\/www.realclubmaritimomelilla.es\/clmar\/#\/schema\/person\/ebaa3713496dc6d48c872452e73a8e79","name":"RCMMelilla","image":{"@type":"ImageObject","inLanguage":"es","@id":"https:\/\/secure.gravatar.com\/avatar\/df1c24789360fb9308735c4ee556fc2bc5bf924bf01e53043b8b97ba272da33c?s=96&d=mm&r=g","url":"https:\/\/secure.gravatar.com\/avatar\/df1c24789360fb9308735c4ee556fc2bc5bf924bf01e53043b8b97ba272da33c?s=96&d=mm&r=g","contentUrl":"https:\/\/secure.gravatar.com\/avatar\/df1c24789360fb9308735c4ee556fc2bc5bf924bf01e53043b8b97ba272da33c?s=96&d=mm&r=g","caption":"RCMMelilla"}}]}},"_links":{"self":[{"href":"https:\/\/www.realclubmaritimomelilla.es\/clmar\/wp-json\/wp\/v2\/posts\/20737","targetHints":{"allow":["GET"]}}],"collection":[{"href":"https:\/\/www.realclubmaritimomelilla.es\/clmar\/wp-json\/wp\/v2\/posts"}],"about":[{"href":"https:\/\/www.realclubmaritimomelilla.es\/clmar\/wp-json\/wp\/v2\/types\/post"}],"author":[{"embeddable":true,"href":"https:\/\/www.realclubmaritimomelilla.es\/clmar\/wp-json\/wp\/v2\/users\/1"}],"replies":[{"embeddable":true,"href":"https:\/\/www.realclubmaritimomelilla.es\/clmar\/wp-json\/wp\/v2\/comments?post=20737"}],"version-history":[{"count":1,"href":"https:\/\/www.realclubmaritimomelilla.es\/clmar\/wp-json\/wp\/v2\/posts\/20737\/revisions"}],"predecessor-version":[{"id":20739,"href":"https:\/\/www.realclubmaritimomelilla.es\/clmar\/wp-json\/wp\/v2\/posts\/20737\/revisions\/20739"}],"wp:featuredmedia":[{"embeddable":true,"href":"https:\/\/www.realclubmaritimomelilla.es\/clmar\/wp-json\/wp\/v2\/media\/20738"}],"wp:attachment":[{"href":"https:\/\/www.realclubmaritimomelilla.es\/clmar\/wp-json\/wp\/v2\/media?parent=20737"}],"wp:term":[{"taxonomy":"category","embeddable":true,"href":"https:\/\/www.realclubmaritimomelilla.es\/clmar\/wp-json\/wp\/v2\/categories?post=20737"},{"taxonomy":"post_tag","embeddable":true,"href":"https:\/\/www.realclubmaritimomelilla.es\/clmar\/wp-json\/wp\/v2\/tags?post=20737"}],"curies":[{"name":"wp","href":"https:\/\/api.w.org\/{rel}","templated":true}]}}