{"id":20614,"date":"2023-04-27T19:25:39","date_gmt":"2023-04-27T17:25:39","guid":{"rendered":"https:\/\/www.realclubmaritimomelilla.es\/clmar\/?p=20614"},"modified":"2024-03-27T10:16:38","modified_gmt":"2024-03-27T09:16:38","slug":"el-real-club-maritimo-de-melilla-participa-en-la-copa-de-espana-techno-e-iqfoil","status":"publish","type":"post","link":"https:\/\/www.realclubmaritimomelilla.es\/clmar\/el-real-club-maritimo-de-melilla-participa-en-la-copa-de-espana-techno-e-iqfoil\/","title":{"rendered":"EL REAL CLUB MAR\u00cdTIMO DE MELILLA PARTICIPA EN LA COPA DE ESPA\u00d1A TECHNO E IQFOIL"},"content":{"rendered":"<div>El Equipo de Regata del Real Club Mar\u00edtimo se ha desplazado hasta Salou, donde hasta el 1 de mayo se celebra la Copa de Espa\u00f1a Techno 293, Techno Plus e iQFoil.Esta Copa de Espa\u00f1a es la segunda cita m\u00e1s importante de la temporada, organizada igualmente por la Real Federaci\u00f3n Espa\u00f1ola de Vela, tras el Campeonato de Espa\u00f1a que tuvo lugar en la ciudad aut\u00f3noma y el Club Mar\u00edtimo de Melilla durante el mes de febrero.<\/div>\n<div>\nCuatro deportistas y dos entrenadores melillenses han acudido hasta el Club N\u00e1utico de Salou para tomar parte en esta competici\u00f3n, que tiene previsto iniciar las mangas oficiales a partir del s\u00e1bado, siendo este viernes jornada de mediciones y entrenamientos oficiales.<\/div>\n<div>\nLos cuatro regatistas del Real Club Mar\u00edtimo de Melilla que se han desplazado han sido Fabio D\u00edaz (iQFoil U15), Elena Paya (Techno Plus), Blanca Cabrera (Techno Sub15) y Azul S\u00e1nchez (iQFoil U17). Junto a ellos, tambi\u00e9n se han desplazado los entrenadores Yasir Mohamed y Samir Mohand.<span style=\"color: #888888;\"><br \/>\n<\/span><\/div>\n","protected":false},"excerpt":{"rendered":"<p>El Equipo de Regata del Real Club Mar\u00edtimo se ha desplazado hasta Salou, donde hasta el 1 de mayo se celebra la Copa de Espa\u00f1a Techno 293, Techno Plus e iQFoil.Esta Copa de Espa\u00f1a es la segunda cita m\u00e1s importante de la temporada, organizada igualmente por la Real Federaci\u00f3n Espa\u00f1ola de Vela, tras el Campeonato [&hellip;]<\/p>\n","protected":false},"author":1,"featured_media":20615,"comment_status":"open","ping_status":"open","sticky":false,"template":"","format":"standard","meta":{"_acf_changed":false,"footnotes":""},"categories":[38],"tags":[],"class_list":["post-20614","post","type-post","status-publish","format-standard","has-post-thumbnail","hentry","category-nautica"],"acf":[],"yoast_head":"<!-- This site is optimized with the Yoast SEO plugin v27.5 - https:\/\/yoast.com\/product\/yoast-seo-wordpress\/ -->\n<title>EL REAL CLUB MAR\u00cdTIMO DE MELILLA PARTICIPA EN LA COPA DE ESPA\u00d1A TECHNO E IQFOIL - Real Club Mar\u00edtimo de Melilla<\/title>\n<meta name=\"description\" content=\"EL REAL CLUB MAR\u00cdTIMO DE MELILLA PARTICIPA EN LA COPA DE ESPA\u00d1A TECHNO E IQFOIL -\" \/>\n<meta name=\"robots\" content=\"index, follow, max-snippet:-1, max-image-preview:large, max-video-preview:-1\" \/>\n<link rel=\"canonical\" href=\"https:\/\/www.realclubmaritimomelilla.es\/clmar\/el-real-club-maritimo-de-melilla-participa-en-la-copa-de-espana-techno-e-iqfoil\/\" \/>\n<meta property=\"og:locale\" content=\"es_ES\" \/>\n<meta property=\"og:type\" content=\"article\" \/>\n<meta property=\"og:title\" content=\"EL REAL CLUB MAR\u00cdTIMO DE MELILLA PARTICIPA EN LA COPA DE ESPA\u00d1A TECHNO E IQFOIL - Real Club Mar\u00edtimo de Melilla\" \/>\n<meta property=\"og:description\" content=\"EL REAL CLUB MAR\u00cdTIMO DE MELILLA PARTICIPA EN LA COPA DE ESPA\u00d1A TECHNO E IQFOIL -\" \/>\n<meta property=\"og:url\" content=\"https:\/\/www.realclubmaritimomelilla.es\/clmar\/el-real-club-maritimo-de-melilla-participa-en-la-copa-de-espana-techno-e-iqfoil\/\" \/>\n<meta property=\"og:site_name\" content=\"Real Club Mar\u00edtimo de Melilla\" \/>\n<meta property=\"article:publisher\" content=\"https:\/\/www.facebook.com\/Real-Club-Mar%c3%adtimo-de-Melilla-588495841234214\/\" \/>\n<meta property=\"article:published_time\" content=\"2023-04-27T17:25:39+00:00\" \/>\n<meta property=\"article:modified_time\" content=\"2024-03-27T09:16:38+00:00\" \/>\n<meta property=\"og:image\" content=\"https:\/\/www.realclubmaritimomelilla.es\/clmar\/wp-content\/uploads\/Regatistas-RCMM-techno-e-iqfoil.jpeg\" \/>\n\t<meta property=\"og:image:width\" content=\"2048\" \/>\n\t<meta property=\"og:image:height\" content=\"1536\" \/>\n\t<meta property=\"og:image:type\" content=\"image\/jpeg\" \/>\n<meta name=\"author\" content=\"RCMMelilla\" \/>\n<meta name=\"twitter:card\" content=\"summary_large_image\" \/>\n<meta name=\"twitter:creator\" content=\"@nauticarcmm\" \/>\n<meta name=\"twitter:site\" content=\"@nauticarcmm\" \/>\n<meta name=\"twitter:label1\" content=\"Escrito por\" \/>\n\t<meta name=\"twitter:data1\" content=\"RCMMelilla\" \/>\n\t<meta name=\"twitter:label2\" content=\"Tiempo de lectura\" \/>\n\t<meta name=\"twitter:data2\" content=\"1 minuto\" \/>\n<script type=\"application\/ld+json\" class=\"yoast-schema-graph\">{\"@context\":\"https:\\\/\\\/schema.org\",\"@graph\":[{\"@type\":\"Article\",\"@id\":\"https:\\\/\\\/www.realclubmaritimomelilla.es\\\/clmar\\\/el-real-club-maritimo-de-melilla-participa-en-la-copa-de-espana-techno-e-iqfoil\\\/#article\",\"isPartOf\":{\"@id\":\"https:\\\/\\\/www.realclubmaritimomelilla.es\\\/clmar\\\/el-real-club-maritimo-de-melilla-participa-en-la-copa-de-espana-techno-e-iqfoil\\\/\"},\"author\":{\"name\":\"RCMMelilla\",\"@id\":\"https:\\\/\\\/www.realclubmaritimomelilla.es\\\/clmar\\\/#\\\/schema\\\/person\\\/ebaa3713496dc6d48c872452e73a8e79\"},\"headline\":\"EL REAL CLUB MAR\u00cdTIMO DE MELILLA PARTICIPA EN LA COPA DE ESPA\u00d1A TECHNO E IQFOIL\",\"datePublished\":\"2023-04-27T17:25:39+00:00\",\"dateModified\":\"2024-03-27T09:16:38+00:00\",\"mainEntityOfPage\":{\"@id\":\"https:\\\/\\\/www.realclubmaritimomelilla.es\\\/clmar\\\/el-real-club-maritimo-de-melilla-participa-en-la-copa-de-espana-techno-e-iqfoil\\\/\"},\"wordCount\":193,\"commentCount\":0,\"publisher\":{\"@id\":\"https:\\\/\\\/www.realclubmaritimomelilla.es\\\/clmar\\\/#organization\"},\"image\":{\"@id\":\"https:\\\/\\\/www.realclubmaritimomelilla.es\\\/clmar\\\/el-real-club-maritimo-de-melilla-participa-en-la-copa-de-espana-techno-e-iqfoil\\\/#primaryimage\"},\"thumbnailUrl\":\"https:\\\/\\\/www.realclubmaritimomelilla.es\\\/clmar\\\/wp-content\\\/uploads\\\/Regatistas-RCMM-techno-e-iqfoil.jpeg\",\"articleSection\":[\"N\u00e1utica\"],\"inLanguage\":\"es\",\"potentialAction\":[{\"@type\":\"CommentAction\",\"name\":\"Comment\",\"target\":[\"https:\\\/\\\/www.realclubmaritimomelilla.es\\\/clmar\\\/el-real-club-maritimo-de-melilla-participa-en-la-copa-de-espana-techno-e-iqfoil\\\/#respond\"]}]},{\"@type\":\"WebPage\",\"@id\":\"https:\\\/\\\/www.realclubmaritimomelilla.es\\\/clmar\\\/el-real-club-maritimo-de-melilla-participa-en-la-copa-de-espana-techno-e-iqfoil\\\/\",\"url\":\"https:\\\/\\\/www.realclubmaritimomelilla.es\\\/clmar\\\/el-real-club-maritimo-de-melilla-participa-en-la-copa-de-espana-techno-e-iqfoil\\\/\",\"name\":\"EL REAL CLUB MAR\u00cdTIMO DE MELILLA PARTICIPA EN LA COPA DE ESPA\u00d1A TECHNO E IQFOIL - Real Club Mar\u00edtimo de Melilla\",\"isPartOf\":{\"@id\":\"https:\\\/\\\/www.realclubmaritimomelilla.es\\\/clmar\\\/#website\"},\"primaryImageOfPage\":{\"@id\":\"https:\\\/\\\/www.realclubmaritimomelilla.es\\\/clmar\\\/el-real-club-maritimo-de-melilla-participa-en-la-copa-de-espana-techno-e-iqfoil\\\/#primaryimage\"},\"image\":{\"@id\":\"https:\\\/\\\/www.realclubmaritimomelilla.es\\\/clmar\\\/el-real-club-maritimo-de-melilla-participa-en-la-copa-de-espana-techno-e-iqfoil\\\/#primaryimage\"},\"thumbnailUrl\":\"https:\\\/\\\/www.realclubmaritimomelilla.es\\\/clmar\\\/wp-content\\\/uploads\\\/Regatistas-RCMM-techno-e-iqfoil.jpeg\",\"datePublished\":\"2023-04-27T17:25:39+00:00\",\"dateModified\":\"2024-03-27T09:16:38+00:00\",\"description\":\"EL REAL CLUB MAR\u00cdTIMO DE MELILLA PARTICIPA EN LA COPA DE ESPA\u00d1A TECHNO E IQFOIL -\",\"breadcrumb\":{\"@id\":\"https:\\\/\\\/www.realclubmaritimomelilla.es\\\/clmar\\\/el-real-club-maritimo-de-melilla-participa-en-la-copa-de-espana-techno-e-iqfoil\\\/#breadcrumb\"},\"inLanguage\":\"es\",\"potentialAction\":[{\"@type\":\"ReadAction\",\"target\":[\"https:\\\/\\\/www.realclubmaritimomelilla.es\\\/clmar\\\/el-real-club-maritimo-de-melilla-participa-en-la-copa-de-espana-techno-e-iqfoil\\\/\"]}]},{\"@type\":\"ImageObject\",\"inLanguage\":\"es\",\"@id\":\"https:\\\/\\\/www.realclubmaritimomelilla.es\\\/clmar\\\/el-real-club-maritimo-de-melilla-participa-en-la-copa-de-espana-techno-e-iqfoil\\\/#primaryimage\",\"url\":\"https:\\\/\\\/www.realclubmaritimomelilla.es\\\/clmar\\\/wp-content\\\/uploads\\\/Regatistas-RCMM-techno-e-iqfoil.jpeg\",\"contentUrl\":\"https:\\\/\\\/www.realclubmaritimomelilla.es\\\/clmar\\\/wp-content\\\/uploads\\\/Regatistas-RCMM-techno-e-iqfoil.jpeg\",\"width\":2048,\"height\":1536},{\"@type\":\"BreadcrumbList\",\"@id\":\"https:\\\/\\\/www.realclubmaritimomelilla.es\\\/clmar\\\/el-real-club-maritimo-de-melilla-participa-en-la-copa-de-espana-techno-e-iqfoil\\\/#breadcrumb\",\"itemListElement\":[{\"@type\":\"ListItem\",\"position\":1,\"name\":\"Portada\",\"item\":\"https:\\\/\\\/www.realclubmaritimomelilla.es\\\/clmar\\\/\"},{\"@type\":\"ListItem\",\"position\":2,\"name\":\"EL REAL CLUB MAR\u00cdTIMO DE MELILLA PARTICIPA EN LA COPA DE ESPA\u00d1A TECHNO E IQFOIL\"}]},{\"@type\":\"WebSite\",\"@id\":\"https:\\\/\\\/www.realclubmaritimomelilla.es\\\/clmar\\\/#website\",\"url\":\"https:\\\/\\\/www.realclubmaritimomelilla.es\\\/clmar\\\/\",\"name\":\"Real Club Mar\u00edtimo de Melilla\",\"description\":\"RCMM\",\"publisher\":{\"@id\":\"https:\\\/\\\/www.realclubmaritimomelilla.es\\\/clmar\\\/#organization\"},\"alternateName\":\"RCMM\",\"potentialAction\":[{\"@type\":\"SearchAction\",\"target\":{\"@type\":\"EntryPoint\",\"urlTemplate\":\"https:\\\/\\\/www.realclubmaritimomelilla.es\\\/clmar\\\/?s={search_term_string}\"},\"query-input\":{\"@type\":\"PropertyValueSpecification\",\"valueRequired\":true,\"valueName\":\"search_term_string\"}}],\"inLanguage\":\"es\"},{\"@type\":\"Organization\",\"@id\":\"https:\\\/\\\/www.realclubmaritimomelilla.es\\\/clmar\\\/#organization\",\"name\":\"Real Club Mar\u00edtimo de Melilla\",\"alternateName\":\"RCMM\",\"url\":\"https:\\\/\\\/www.realclubmaritimomelilla.es\\\/clmar\\\/\",\"logo\":{\"@type\":\"ImageObject\",\"inLanguage\":\"es\",\"@id\":\"https:\\\/\\\/www.realclubmaritimomelilla.es\\\/clmar\\\/#\\\/schema\\\/logo\\\/image\\\/\",\"url\":\"https:\\\/\\\/www.realclubmaritimomelilla.es\\\/clmar\\\/wp-content\\\/uploads\\\/logo-club-original-copia.jpg\",\"contentUrl\":\"https:\\\/\\\/www.realclubmaritimomelilla.es\\\/clmar\\\/wp-content\\\/uploads\\\/logo-club-original-copia.jpg\",\"width\":128,\"height\":89,\"caption\":\"Real Club Mar\u00edtimo de Melilla\"},\"image\":{\"@id\":\"https:\\\/\\\/www.realclubmaritimomelilla.es\\\/clmar\\\/#\\\/schema\\\/logo\\\/image\\\/\"},\"sameAs\":[\"https:\\\/\\\/www.facebook.com\\\/Real-Club-Mar\u00edtimo-de-Melilla-588495841234214\\\/\",\"https:\\\/\\\/x.com\\\/nauticarcmm\",\"https:\\\/\\\/www.instagram.com\\\/club_maritimo_melilla\\\/\",\"https:\\\/\\\/www.youtube.com\\\/@realclubmaritimodemelilla4703\",\"https:\\\/\\\/es.wikipedia.org\\\/wiki\\\/Real_Club_Mar\u00edtimo_de_Melilla\"]},{\"@type\":\"Person\",\"@id\":\"https:\\\/\\\/www.realclubmaritimomelilla.es\\\/clmar\\\/#\\\/schema\\\/person\\\/ebaa3713496dc6d48c872452e73a8e79\",\"name\":\"RCMMelilla\",\"image\":{\"@type\":\"ImageObject\",\"inLanguage\":\"es\",\"@id\":\"https:\\\/\\\/secure.gravatar.com\\\/avatar\\\/df1c24789360fb9308735c4ee556fc2bc5bf924bf01e53043b8b97ba272da33c?s=96&d=mm&r=g\",\"url\":\"https:\\\/\\\/secure.gravatar.com\\\/avatar\\\/df1c24789360fb9308735c4ee556fc2bc5bf924bf01e53043b8b97ba272da33c?s=96&d=mm&r=g\",\"contentUrl\":\"https:\\\/\\\/secure.gravatar.com\\\/avatar\\\/df1c24789360fb9308735c4ee556fc2bc5bf924bf01e53043b8b97ba272da33c?s=96&d=mm&r=g\",\"caption\":\"RCMMelilla\"}}]}<\/script>\n<!-- \/ Yoast SEO plugin. -->","yoast_head_json":{"title":"EL REAL CLUB MAR\u00cdTIMO DE MELILLA PARTICIPA EN LA COPA DE ESPA\u00d1A TECHNO E IQFOIL - Real Club Mar\u00edtimo de Melilla","description":"EL REAL CLUB MAR\u00cdTIMO DE MELILLA PARTICIPA EN LA COPA DE ESPA\u00d1A TECHNO E IQFOIL -","robots":{"index":"index","follow":"follow","max-snippet":"max-snippet:-1","max-image-preview":"max-image-preview:large","max-video-preview":"max-video-preview:-1"},"canonical":"https:\/\/www.realclubmaritimomelilla.es\/clmar\/el-real-club-maritimo-de-melilla-participa-en-la-copa-de-espana-techno-e-iqfoil\/","og_locale":"es_ES","og_type":"article","og_title":"EL REAL CLUB MAR\u00cdTIMO DE MELILLA PARTICIPA EN LA COPA DE ESPA\u00d1A TECHNO E IQFOIL - Real Club Mar\u00edtimo de Melilla","og_description":"EL REAL CLUB MAR\u00cdTIMO DE MELILLA PARTICIPA EN LA COPA DE ESPA\u00d1A TECHNO E IQFOIL -","og_url":"https:\/\/www.realclubmaritimomelilla.es\/clmar\/el-real-club-maritimo-de-melilla-participa-en-la-copa-de-espana-techno-e-iqfoil\/","og_site_name":"Real Club Mar\u00edtimo de Melilla","article_publisher":"https:\/\/www.facebook.com\/Real-Club-Mar%c3%adtimo-de-Melilla-588495841234214\/","article_published_time":"2023-04-27T17:25:39+00:00","article_modified_time":"2024-03-27T09:16:38+00:00","og_image":[{"width":2048,"height":1536,"url":"https:\/\/www.realclubmaritimomelilla.es\/clmar\/wp-content\/uploads\/Regatistas-RCMM-techno-e-iqfoil.jpeg","type":"image\/jpeg"}],"author":"RCMMelilla","twitter_card":"summary_large_image","twitter_creator":"@nauticarcmm","twitter_site":"@nauticarcmm","twitter_misc":{"Escrito por":"RCMMelilla","Tiempo de lectura":"1 minuto"},"schema":{"@context":"https:\/\/schema.org","@graph":[{"@type":"Article","@id":"https:\/\/www.realclubmaritimomelilla.es\/clmar\/el-real-club-maritimo-de-melilla-participa-en-la-copa-de-espana-techno-e-iqfoil\/#article","isPartOf":{"@id":"https:\/\/www.realclubmaritimomelilla.es\/clmar\/el-real-club-maritimo-de-melilla-participa-en-la-copa-de-espana-techno-e-iqfoil\/"},"author":{"name":"RCMMelilla","@id":"https:\/\/www.realclubmaritimomelilla.es\/clmar\/#\/schema\/person\/ebaa3713496dc6d48c872452e73a8e79"},"headline":"EL REAL CLUB MAR\u00cdTIMO DE MELILLA PARTICIPA EN LA COPA DE ESPA\u00d1A TECHNO E IQFOIL","datePublished":"2023-04-27T17:25:39+00:00","dateModified":"2024-03-27T09:16:38+00:00","mainEntityOfPage":{"@id":"https:\/\/www.realclubmaritimomelilla.es\/clmar\/el-real-club-maritimo-de-melilla-participa-en-la-copa-de-espana-techno-e-iqfoil\/"},"wordCount":193,"commentCount":0,"publisher":{"@id":"https:\/\/www.realclubmaritimomelilla.es\/clmar\/#organization"},"image":{"@id":"https:\/\/www.realclubmaritimomelilla.es\/clmar\/el-real-club-maritimo-de-melilla-participa-en-la-copa-de-espana-techno-e-iqfoil\/#primaryimage"},"thumbnailUrl":"https:\/\/www.realclubmaritimomelilla.es\/clmar\/wp-content\/uploads\/Regatistas-RCMM-techno-e-iqfoil.jpeg","articleSection":["N\u00e1utica"],"inLanguage":"es","potentialAction":[{"@type":"CommentAction","name":"Comment","target":["https:\/\/www.realclubmaritimomelilla.es\/clmar\/el-real-club-maritimo-de-melilla-participa-en-la-copa-de-espana-techno-e-iqfoil\/#respond"]}]},{"@type":"WebPage","@id":"https:\/\/www.realclubmaritimomelilla.es\/clmar\/el-real-club-maritimo-de-melilla-participa-en-la-copa-de-espana-techno-e-iqfoil\/","url":"https:\/\/www.realclubmaritimomelilla.es\/clmar\/el-real-club-maritimo-de-melilla-participa-en-la-copa-de-espana-techno-e-iqfoil\/","name":"EL REAL CLUB MAR\u00cdTIMO DE MELILLA PARTICIPA EN LA COPA DE ESPA\u00d1A TECHNO E IQFOIL - Real Club Mar\u00edtimo de Melilla","isPartOf":{"@id":"https:\/\/www.realclubmaritimomelilla.es\/clmar\/#website"},"primaryImageOfPage":{"@id":"https:\/\/www.realclubmaritimomelilla.es\/clmar\/el-real-club-maritimo-de-melilla-participa-en-la-copa-de-espana-techno-e-iqfoil\/#primaryimage"},"image":{"@id":"https:\/\/www.realclubmaritimomelilla.es\/clmar\/el-real-club-maritimo-de-melilla-participa-en-la-copa-de-espana-techno-e-iqfoil\/#primaryimage"},"thumbnailUrl":"https:\/\/www.realclubmaritimomelilla.es\/clmar\/wp-content\/uploads\/Regatistas-RCMM-techno-e-iqfoil.jpeg","datePublished":"2023-04-27T17:25:39+00:00","dateModified":"2024-03-27T09:16:38+00:00","description":"EL REAL CLUB MAR\u00cdTIMO DE MELILLA PARTICIPA EN LA COPA DE ESPA\u00d1A TECHNO E IQFOIL -","breadcrumb":{"@id":"https:\/\/www.realclubmaritimomelilla.es\/clmar\/el-real-club-maritimo-de-melilla-participa-en-la-copa-de-espana-techno-e-iqfoil\/#breadcrumb"},"inLanguage":"es","potentialAction":[{"@type":"ReadAction","target":["https:\/\/www.realclubmaritimomelilla.es\/clmar\/el-real-club-maritimo-de-melilla-participa-en-la-copa-de-espana-techno-e-iqfoil\/"]}]},{"@type":"ImageObject","inLanguage":"es","@id":"https:\/\/www.realclubmaritimomelilla.es\/clmar\/el-real-club-maritimo-de-melilla-participa-en-la-copa-de-espana-techno-e-iqfoil\/#primaryimage","url":"https:\/\/www.realclubmaritimomelilla.es\/clmar\/wp-content\/uploads\/Regatistas-RCMM-techno-e-iqfoil.jpeg","contentUrl":"https:\/\/www.realclubmaritimomelilla.es\/clmar\/wp-content\/uploads\/Regatistas-RCMM-techno-e-iqfoil.jpeg","width":2048,"height":1536},{"@type":"BreadcrumbList","@id":"https:\/\/www.realclubmaritimomelilla.es\/clmar\/el-real-club-maritimo-de-melilla-participa-en-la-copa-de-espana-techno-e-iqfoil\/#breadcrumb","itemListElement":[{"@type":"ListItem","position":1,"name":"Portada","item":"https:\/\/www.realclubmaritimomelilla.es\/clmar\/"},{"@type":"ListItem","position":2,"name":"EL REAL CLUB MAR\u00cdTIMO DE MELILLA PARTICIPA EN LA COPA DE ESPA\u00d1A TECHNO E IQFOIL"}]},{"@type":"WebSite","@id":"https:\/\/www.realclubmaritimomelilla.es\/clmar\/#website","url":"https:\/\/www.realclubmaritimomelilla.es\/clmar\/","name":"Real Club Mar\u00edtimo de Melilla","description":"RCMM","publisher":{"@id":"https:\/\/www.realclubmaritimomelilla.es\/clmar\/#organization"},"alternateName":"RCMM","potentialAction":[{"@type":"SearchAction","target":{"@type":"EntryPoint","urlTemplate":"https:\/\/www.realclubmaritimomelilla.es\/clmar\/?s={search_term_string}"},"query-input":{"@type":"PropertyValueSpecification","valueRequired":true,"valueName":"search_term_string"}}],"inLanguage":"es"},{"@type":"Organization","@id":"https:\/\/www.realclubmaritimomelilla.es\/clmar\/#organization","name":"Real Club Mar\u00edtimo de Melilla","alternateName":"RCMM","url":"https:\/\/www.realclubmaritimomelilla.es\/clmar\/","logo":{"@type":"ImageObject","inLanguage":"es","@id":"https:\/\/www.realclubmaritimomelilla.es\/clmar\/#\/schema\/logo\/image\/","url":"https:\/\/www.realclubmaritimomelilla.es\/clmar\/wp-content\/uploads\/logo-club-original-copia.jpg","contentUrl":"https:\/\/www.realclubmaritimomelilla.es\/clmar\/wp-content\/uploads\/logo-club-original-copia.jpg","width":128,"height":89,"caption":"Real Club Mar\u00edtimo de Melilla"},"image":{"@id":"https:\/\/www.realclubmaritimomelilla.es\/clmar\/#\/schema\/logo\/image\/"},"sameAs":["https:\/\/www.facebook.com\/Real-Club-Mar\u00edtimo-de-Melilla-588495841234214\/","https:\/\/x.com\/nauticarcmm","https:\/\/www.instagram.com\/club_maritimo_melilla\/","https:\/\/www.youtube.com\/@realclubmaritimodemelilla4703","https:\/\/es.wikipedia.org\/wiki\/Real_Club_Mar\u00edtimo_de_Melilla"]},{"@type":"Person","@id":"https:\/\/www.realclubmaritimomelilla.es\/clmar\/#\/schema\/person\/ebaa3713496dc6d48c872452e73a8e79","name":"RCMMelilla","image":{"@type":"ImageObject","inLanguage":"es","@id":"https:\/\/secure.gravatar.com\/avatar\/df1c24789360fb9308735c4ee556fc2bc5bf924bf01e53043b8b97ba272da33c?s=96&d=mm&r=g","url":"https:\/\/secure.gravatar.com\/avatar\/df1c24789360fb9308735c4ee556fc2bc5bf924bf01e53043b8b97ba272da33c?s=96&d=mm&r=g","contentUrl":"https:\/\/secure.gravatar.com\/avatar\/df1c24789360fb9308735c4ee556fc2bc5bf924bf01e53043b8b97ba272da33c?s=96&d=mm&r=g","caption":"RCMMelilla"}}]}},"_links":{"self":[{"href":"https:\/\/www.realclubmaritimomelilla.es\/clmar\/wp-json\/wp\/v2\/posts\/20614","targetHints":{"allow":["GET"]}}],"collection":[{"href":"https:\/\/www.realclubmaritimomelilla.es\/clmar\/wp-json\/wp\/v2\/posts"}],"about":[{"href":"https:\/\/www.realclubmaritimomelilla.es\/clmar\/wp-json\/wp\/v2\/types\/post"}],"author":[{"embeddable":true,"href":"https:\/\/www.realclubmaritimomelilla.es\/clmar\/wp-json\/wp\/v2\/users\/1"}],"replies":[{"embeddable":true,"href":"https:\/\/www.realclubmaritimomelilla.es\/clmar\/wp-json\/wp\/v2\/comments?post=20614"}],"version-history":[{"count":1,"href":"https:\/\/www.realclubmaritimomelilla.es\/clmar\/wp-json\/wp\/v2\/posts\/20614\/revisions"}],"predecessor-version":[{"id":20616,"href":"https:\/\/www.realclubmaritimomelilla.es\/clmar\/wp-json\/wp\/v2\/posts\/20614\/revisions\/20616"}],"wp:featuredmedia":[{"embeddable":true,"href":"https:\/\/www.realclubmaritimomelilla.es\/clmar\/wp-json\/wp\/v2\/media\/20615"}],"wp:attachment":[{"href":"https:\/\/www.realclubmaritimomelilla.es\/clmar\/wp-json\/wp\/v2\/media?parent=20614"}],"wp:term":[{"taxonomy":"category","embeddable":true,"href":"https:\/\/www.realclubmaritimomelilla.es\/clmar\/wp-json\/wp\/v2\/categories?post=20614"},{"taxonomy":"post_tag","embeddable":true,"href":"https:\/\/www.realclubmaritimomelilla.es\/clmar\/wp-json\/wp\/v2\/tags?post=20614"}],"curies":[{"name":"wp","href":"https:\/\/api.w.org\/{rel}","templated":true}]}}