{"id":20488,"date":"2023-03-13T12:20:30","date_gmt":"2023-03-13T11:20:30","guid":{"rendered":"https:\/\/www.realclubmaritimomelilla.es\/clmar\/?p=20488"},"modified":"2023-03-13T12:20:30","modified_gmt":"2023-03-13T11:20:30","slug":"azul-sanchez-tercera-en-el-international-iqfoil-games-andalucia","status":"publish","type":"post","link":"https:\/\/www.realclubmaritimomelilla.es\/clmar\/azul-sanchez-tercera-en-el-international-iqfoil-games-andalucia\/","title":{"rendered":"AZUL S\u00c1NCHEZ, TERCERA EN EL INTERNATIONAL iQFOil GAMES ANDALUC\u00cdA"},"content":{"rendered":"<p><img decoding=\"async\" class=\"aligncenter size-full wp-image-20489\" src=\"https:\/\/www.realclubmaritimomelilla.es\/clmar\/wp-content\/uploads\/AZUL-TROFEO-JUNTO-A-FABIO-Y-YASIR.jpeg\" alt=\"\" width=\"1200\" height=\"1600\" srcset=\"https:\/\/www.realclubmaritimomelilla.es\/clmar\/wp-content\/uploads\/AZUL-TROFEO-JUNTO-A-FABIO-Y-YASIR-200x267.jpeg 200w, https:\/\/www.realclubmaritimomelilla.es\/clmar\/wp-content\/uploads\/AZUL-TROFEO-JUNTO-A-FABIO-Y-YASIR-225x300.jpeg 225w, https:\/\/www.realclubmaritimomelilla.es\/clmar\/wp-content\/uploads\/AZUL-TROFEO-JUNTO-A-FABIO-Y-YASIR-400x533.jpeg 400w, https:\/\/www.realclubmaritimomelilla.es\/clmar\/wp-content\/uploads\/AZUL-TROFEO-JUNTO-A-FABIO-Y-YASIR-600x800.jpeg 600w, https:\/\/www.realclubmaritimomelilla.es\/clmar\/wp-content\/uploads\/AZUL-TROFEO-JUNTO-A-FABIO-Y-YASIR-768x1024.jpeg 768w, https:\/\/www.realclubmaritimomelilla.es\/clmar\/wp-content\/uploads\/AZUL-TROFEO-JUNTO-A-FABIO-Y-YASIR-800x1067.jpeg 800w, https:\/\/www.realclubmaritimomelilla.es\/clmar\/wp-content\/uploads\/AZUL-TROFEO-JUNTO-A-FABIO-Y-YASIR-1152x1536.jpeg 1152w, https:\/\/www.realclubmaritimomelilla.es\/clmar\/wp-content\/uploads\/AZUL-TROFEO-JUNTO-A-FABIO-Y-YASIR.jpeg 1200w\" sizes=\"(max-width: 1200px) 100vw, 1200px\" \/> <img decoding=\"async\" class=\"aligncenter size-full wp-image-20490\" src=\"https:\/\/www.realclubmaritimomelilla.es\/clmar\/wp-content\/uploads\/EQUIPO-REGATA-RCMM.jpeg\" alt=\"\" width=\"1024\" height=\"768\" srcset=\"https:\/\/www.realclubmaritimomelilla.es\/clmar\/wp-content\/uploads\/EQUIPO-REGATA-RCMM-200x150.jpeg 200w, https:\/\/www.realclubmaritimomelilla.es\/clmar\/wp-content\/uploads\/EQUIPO-REGATA-RCMM-300x225.jpeg 300w, https:\/\/www.realclubmaritimomelilla.es\/clmar\/wp-content\/uploads\/EQUIPO-REGATA-RCMM-400x300.jpeg 400w, https:\/\/www.realclubmaritimomelilla.es\/clmar\/wp-content\/uploads\/EQUIPO-REGATA-RCMM-600x450.jpeg 600w, https:\/\/www.realclubmaritimomelilla.es\/clmar\/wp-content\/uploads\/EQUIPO-REGATA-RCMM-768x576.jpeg 768w, https:\/\/www.realclubmaritimomelilla.es\/clmar\/wp-content\/uploads\/EQUIPO-REGATA-RCMM-800x600.jpeg 800w, https:\/\/www.realclubmaritimomelilla.es\/clmar\/wp-content\/uploads\/EQUIPO-REGATA-RCMM.jpeg 1024w\" sizes=\"(max-width: 1024px) 100vw, 1024px\" \/>Azul S\u00e1nchez, del Real Club Mar\u00edtimo de Melilla, ha vuelto a subirse al podio en una competici\u00f3n internacional. Durante estos \u00faltimos d\u00edas se ha desarrollado el International iQFOil Games Andaluc\u00eda con la participaci\u00f3n de regatistas de veinte nacionalidades distintas y la deportista melillense ha sido tercera en la categor\u00eda U17.<\/p>\n<p>La competici\u00f3n se ha desarrollado en la bah\u00eda de C\u00e1diz, hasta donde se desplaz\u00f3 el Equipo de Regata del Real Club Mar\u00edtimo de Melilla compuesto por los regatistas Azul S\u00e1nchez y Fabio D\u00edaz, adem\u00e1s del entrenador Yasir Mohamed. Una competici\u00f3n equiparable a una Copa del Mundo, dado el nivel de los participantes.<\/p>\n<p>Azul ha logrado podio, tras una espectacular remontada en la \u00faltima jornada. Por su parte, Fabio D\u00edaz, a pesar de ser sub15 ha competido en la categor\u00eda U17 en la que acab\u00f3 en la posici\u00f3n 34\u00aa.<\/p>\n<p>Las condiciones meteorol\u00f3gicas han marcado el campeonato, puesto que en las categor\u00edas en las que han competido los regatistas del Real Club Mar\u00edtimo de Melilla s\u00f3lo pudieron navegar tres de los cinco d\u00edas previstos.<\/p>\n<p>De esta forma, Azul logr\u00f3 situarse 3\u00aa tras las primeras mangas. En la jornada intermedia baj\u00f3 al quinto puesto, para en el \u00faltimo d\u00eda tras ganar la pen\u00faltima prueba y ser segunda en la que cerraba el campeonato, recuperar la tercera posici\u00f3n y quedarse a un solo punto de alcanzar el subcampeonato.<\/p>\n<p>Una medalla de bronce, que sumar a su extenso curr\u00edculum jalonado de \u00e9xitos y medallas en competiciones nacionales, en Europeo y Mundial de la clase Techno 293. Ahora sigue acumulando experiencia cara a un a\u00f1o al que acudir\u00e1 al Europeo de Techno, as\u00ed como a la Copa de Espa\u00f1a, Europeo y Mundial de iQFOil.<\/p>\n<p>Por su parte, Fabio D\u00edaz ha disputado su primera competici\u00f3n internacional, acumulando una importante experiencia que le ayudar\u00e1 a seguir progresando en su competitividad.<\/p>\n<p>En octubre se desarrollar\u00e1 el Campeonato del Mundo en el mismo escenario de este International iQFOil Games Andaluc\u00eda, por lo que tambi\u00e9n ha servido de preparaci\u00f3n para los regatistas melillenses, que tienen marcado en su agenda esta cita internacional a finales de a\u00f1o. \u201cEsta competici\u00f3n tambi\u00e9n nos ha servido para testar el nivel que tenemos en este campo de regata\u201d, comentaba el t\u00e9cnico del RCMM, Yasir Mohamed, quien asegura que \u201ctenemos que estar muy contentos con estos resultados, pero ya sabemos qu\u00e9 tenemos que seguir trabajando en Melilla\u201d.<\/p>\n","protected":false},"excerpt":{"rendered":"<p>Azul S\u00e1nchez, del Real Club Mar\u00edtimo de Melilla, ha vuelto a subirse al podio en una competici\u00f3n internacional. Durante estos \u00faltimos d\u00edas se ha desarrollado el International iQFOil Games Andaluc\u00eda con la participaci\u00f3n de regatistas de veinte nacionalidades distintas y la deportista melillense ha sido tercera en la categor\u00eda U17. La competici\u00f3n se ha desarrollado [&hellip;]<\/p>\n","protected":false},"author":1,"featured_media":20491,"comment_status":"open","ping_status":"open","sticky":false,"template":"","format":"standard","meta":{"_acf_changed":false,"footnotes":""},"categories":[1],"tags":[],"class_list":["post-20488","post","type-post","status-publish","format-standard","has-post-thumbnail","hentry","category-sin-categoria"],"acf":[],"yoast_head":"<!-- This site is optimized with the Yoast SEO plugin v27.5 - https:\/\/yoast.com\/product\/yoast-seo-wordpress\/ -->\n<title>AZUL S\u00c1NCHEZ, TERCERA EN EL INTERNATIONAL iQFOil GAMES ANDALUC\u00cdA - Real Club Mar\u00edtimo de Melilla<\/title>\n<meta name=\"description\" content=\"AZUL S\u00c1NCHEZ, TERCERA EN EL INTERNATIONAL iQFOil GAMES ANDALUC\u00cdA -\" \/>\n<meta name=\"robots\" content=\"index, follow, max-snippet:-1, max-image-preview:large, max-video-preview:-1\" \/>\n<link rel=\"canonical\" href=\"https:\/\/www.realclubmaritimomelilla.es\/clmar\/azul-sanchez-tercera-en-el-international-iqfoil-games-andalucia\/\" \/>\n<meta property=\"og:locale\" content=\"es_ES\" \/>\n<meta property=\"og:type\" content=\"article\" \/>\n<meta property=\"og:title\" content=\"AZUL S\u00c1NCHEZ, TERCERA EN EL INTERNATIONAL iQFOil GAMES ANDALUC\u00cdA - Real Club Mar\u00edtimo de Melilla\" \/>\n<meta property=\"og:description\" content=\"AZUL S\u00c1NCHEZ, TERCERA EN EL INTERNATIONAL iQFOil GAMES ANDALUC\u00cdA -\" \/>\n<meta property=\"og:url\" content=\"https:\/\/www.realclubmaritimomelilla.es\/clmar\/azul-sanchez-tercera-en-el-international-iqfoil-games-andalucia\/\" \/>\n<meta property=\"og:site_name\" content=\"Real Club Mar\u00edtimo de Melilla\" \/>\n<meta property=\"article:publisher\" content=\"https:\/\/www.facebook.com\/Real-Club-Mar%c3%adtimo-de-Melilla-588495841234214\/\" \/>\n<meta property=\"article:published_time\" content=\"2023-03-13T11:20:30+00:00\" \/>\n<meta property=\"og:image\" content=\"https:\/\/www.realclubmaritimomelilla.es\/clmar\/wp-content\/uploads\/AZUL-TROFEO.jpeg\" \/>\n\t<meta property=\"og:image:width\" content=\"1200\" \/>\n\t<meta property=\"og:image:height\" content=\"1600\" \/>\n\t<meta property=\"og:image:type\" content=\"image\/jpeg\" \/>\n<meta name=\"author\" content=\"RCMMelilla\" \/>\n<meta name=\"twitter:card\" content=\"summary_large_image\" \/>\n<meta name=\"twitter:creator\" content=\"@nauticarcmm\" \/>\n<meta name=\"twitter:site\" content=\"@nauticarcmm\" \/>\n<meta name=\"twitter:label1\" content=\"Escrito por\" \/>\n\t<meta name=\"twitter:data1\" content=\"RCMMelilla\" \/>\n\t<meta name=\"twitter:label2\" content=\"Tiempo de lectura\" \/>\n\t<meta name=\"twitter:data2\" content=\"3 minutos\" \/>\n<script type=\"application\/ld+json\" class=\"yoast-schema-graph\">{\"@context\":\"https:\\\/\\\/schema.org\",\"@graph\":[{\"@type\":\"Article\",\"@id\":\"https:\\\/\\\/www.realclubmaritimomelilla.es\\\/clmar\\\/azul-sanchez-tercera-en-el-international-iqfoil-games-andalucia\\\/#article\",\"isPartOf\":{\"@id\":\"https:\\\/\\\/www.realclubmaritimomelilla.es\\\/clmar\\\/azul-sanchez-tercera-en-el-international-iqfoil-games-andalucia\\\/\"},\"author\":{\"name\":\"RCMMelilla\",\"@id\":\"https:\\\/\\\/www.realclubmaritimomelilla.es\\\/clmar\\\/#\\\/schema\\\/person\\\/ebaa3713496dc6d48c872452e73a8e79\"},\"headline\":\"AZUL S\u00c1NCHEZ, TERCERA EN EL INTERNATIONAL iQFOil GAMES ANDALUC\u00cdA\",\"datePublished\":\"2023-03-13T11:20:30+00:00\",\"mainEntityOfPage\":{\"@id\":\"https:\\\/\\\/www.realclubmaritimomelilla.es\\\/clmar\\\/azul-sanchez-tercera-en-el-international-iqfoil-games-andalucia\\\/\"},\"wordCount\":436,\"commentCount\":0,\"publisher\":{\"@id\":\"https:\\\/\\\/www.realclubmaritimomelilla.es\\\/clmar\\\/#organization\"},\"image\":{\"@id\":\"https:\\\/\\\/www.realclubmaritimomelilla.es\\\/clmar\\\/azul-sanchez-tercera-en-el-international-iqfoil-games-andalucia\\\/#primaryimage\"},\"thumbnailUrl\":\"https:\\\/\\\/www.realclubmaritimomelilla.es\\\/clmar\\\/wp-content\\\/uploads\\\/AZUL-TROFEO.jpeg\",\"inLanguage\":\"es\",\"potentialAction\":[{\"@type\":\"CommentAction\",\"name\":\"Comment\",\"target\":[\"https:\\\/\\\/www.realclubmaritimomelilla.es\\\/clmar\\\/azul-sanchez-tercera-en-el-international-iqfoil-games-andalucia\\\/#respond\"]}]},{\"@type\":\"WebPage\",\"@id\":\"https:\\\/\\\/www.realclubmaritimomelilla.es\\\/clmar\\\/azul-sanchez-tercera-en-el-international-iqfoil-games-andalucia\\\/\",\"url\":\"https:\\\/\\\/www.realclubmaritimomelilla.es\\\/clmar\\\/azul-sanchez-tercera-en-el-international-iqfoil-games-andalucia\\\/\",\"name\":\"AZUL S\u00c1NCHEZ, TERCERA EN EL INTERNATIONAL iQFOil GAMES ANDALUC\u00cdA - Real Club Mar\u00edtimo de Melilla\",\"isPartOf\":{\"@id\":\"https:\\\/\\\/www.realclubmaritimomelilla.es\\\/clmar\\\/#website\"},\"primaryImageOfPage\":{\"@id\":\"https:\\\/\\\/www.realclubmaritimomelilla.es\\\/clmar\\\/azul-sanchez-tercera-en-el-international-iqfoil-games-andalucia\\\/#primaryimage\"},\"image\":{\"@id\":\"https:\\\/\\\/www.realclubmaritimomelilla.es\\\/clmar\\\/azul-sanchez-tercera-en-el-international-iqfoil-games-andalucia\\\/#primaryimage\"},\"thumbnailUrl\":\"https:\\\/\\\/www.realclubmaritimomelilla.es\\\/clmar\\\/wp-content\\\/uploads\\\/AZUL-TROFEO.jpeg\",\"datePublished\":\"2023-03-13T11:20:30+00:00\",\"description\":\"AZUL S\u00c1NCHEZ, TERCERA EN EL INTERNATIONAL iQFOil GAMES ANDALUC\u00cdA -\",\"breadcrumb\":{\"@id\":\"https:\\\/\\\/www.realclubmaritimomelilla.es\\\/clmar\\\/azul-sanchez-tercera-en-el-international-iqfoil-games-andalucia\\\/#breadcrumb\"},\"inLanguage\":\"es\",\"potentialAction\":[{\"@type\":\"ReadAction\",\"target\":[\"https:\\\/\\\/www.realclubmaritimomelilla.es\\\/clmar\\\/azul-sanchez-tercera-en-el-international-iqfoil-games-andalucia\\\/\"]}]},{\"@type\":\"ImageObject\",\"inLanguage\":\"es\",\"@id\":\"https:\\\/\\\/www.realclubmaritimomelilla.es\\\/clmar\\\/azul-sanchez-tercera-en-el-international-iqfoil-games-andalucia\\\/#primaryimage\",\"url\":\"https:\\\/\\\/www.realclubmaritimomelilla.es\\\/clmar\\\/wp-content\\\/uploads\\\/AZUL-TROFEO.jpeg\",\"contentUrl\":\"https:\\\/\\\/www.realclubmaritimomelilla.es\\\/clmar\\\/wp-content\\\/uploads\\\/AZUL-TROFEO.jpeg\",\"width\":1200,\"height\":1600},{\"@type\":\"BreadcrumbList\",\"@id\":\"https:\\\/\\\/www.realclubmaritimomelilla.es\\\/clmar\\\/azul-sanchez-tercera-en-el-international-iqfoil-games-andalucia\\\/#breadcrumb\",\"itemListElement\":[{\"@type\":\"ListItem\",\"position\":1,\"name\":\"Portada\",\"item\":\"https:\\\/\\\/www.realclubmaritimomelilla.es\\\/clmar\\\/\"},{\"@type\":\"ListItem\",\"position\":2,\"name\":\"AZUL S\u00c1NCHEZ, TERCERA EN EL INTERNATIONAL iQFOil GAMES ANDALUC\u00cdA\"}]},{\"@type\":\"WebSite\",\"@id\":\"https:\\\/\\\/www.realclubmaritimomelilla.es\\\/clmar\\\/#website\",\"url\":\"https:\\\/\\\/www.realclubmaritimomelilla.es\\\/clmar\\\/\",\"name\":\"Real Club Mar\u00edtimo de Melilla\",\"description\":\"RCMM\",\"publisher\":{\"@id\":\"https:\\\/\\\/www.realclubmaritimomelilla.es\\\/clmar\\\/#organization\"},\"alternateName\":\"RCMM\",\"potentialAction\":[{\"@type\":\"SearchAction\",\"target\":{\"@type\":\"EntryPoint\",\"urlTemplate\":\"https:\\\/\\\/www.realclubmaritimomelilla.es\\\/clmar\\\/?s={search_term_string}\"},\"query-input\":{\"@type\":\"PropertyValueSpecification\",\"valueRequired\":true,\"valueName\":\"search_term_string\"}}],\"inLanguage\":\"es\"},{\"@type\":\"Organization\",\"@id\":\"https:\\\/\\\/www.realclubmaritimomelilla.es\\\/clmar\\\/#organization\",\"name\":\"Real Club Mar\u00edtimo de Melilla\",\"alternateName\":\"RCMM\",\"url\":\"https:\\\/\\\/www.realclubmaritimomelilla.es\\\/clmar\\\/\",\"logo\":{\"@type\":\"ImageObject\",\"inLanguage\":\"es\",\"@id\":\"https:\\\/\\\/www.realclubmaritimomelilla.es\\\/clmar\\\/#\\\/schema\\\/logo\\\/image\\\/\",\"url\":\"https:\\\/\\\/www.realclubmaritimomelilla.es\\\/clmar\\\/wp-content\\\/uploads\\\/logo-club-original-copia.jpg\",\"contentUrl\":\"https:\\\/\\\/www.realclubmaritimomelilla.es\\\/clmar\\\/wp-content\\\/uploads\\\/logo-club-original-copia.jpg\",\"width\":128,\"height\":89,\"caption\":\"Real Club Mar\u00edtimo de Melilla\"},\"image\":{\"@id\":\"https:\\\/\\\/www.realclubmaritimomelilla.es\\\/clmar\\\/#\\\/schema\\\/logo\\\/image\\\/\"},\"sameAs\":[\"https:\\\/\\\/www.facebook.com\\\/Real-Club-Mar\u00edtimo-de-Melilla-588495841234214\\\/\",\"https:\\\/\\\/x.com\\\/nauticarcmm\",\"https:\\\/\\\/www.instagram.com\\\/club_maritimo_melilla\\\/\",\"https:\\\/\\\/www.youtube.com\\\/@realclubmaritimodemelilla4703\",\"https:\\\/\\\/es.wikipedia.org\\\/wiki\\\/Real_Club_Mar\u00edtimo_de_Melilla\"]},{\"@type\":\"Person\",\"@id\":\"https:\\\/\\\/www.realclubmaritimomelilla.es\\\/clmar\\\/#\\\/schema\\\/person\\\/ebaa3713496dc6d48c872452e73a8e79\",\"name\":\"RCMMelilla\",\"image\":{\"@type\":\"ImageObject\",\"inLanguage\":\"es\",\"@id\":\"https:\\\/\\\/secure.gravatar.com\\\/avatar\\\/df1c24789360fb9308735c4ee556fc2bc5bf924bf01e53043b8b97ba272da33c?s=96&d=mm&r=g\",\"url\":\"https:\\\/\\\/secure.gravatar.com\\\/avatar\\\/df1c24789360fb9308735c4ee556fc2bc5bf924bf01e53043b8b97ba272da33c?s=96&d=mm&r=g\",\"contentUrl\":\"https:\\\/\\\/secure.gravatar.com\\\/avatar\\\/df1c24789360fb9308735c4ee556fc2bc5bf924bf01e53043b8b97ba272da33c?s=96&d=mm&r=g\",\"caption\":\"RCMMelilla\"}}]}<\/script>\n<!-- \/ Yoast SEO plugin. -->","yoast_head_json":{"title":"AZUL S\u00c1NCHEZ, TERCERA EN EL INTERNATIONAL iQFOil GAMES ANDALUC\u00cdA - Real Club Mar\u00edtimo de Melilla","description":"AZUL S\u00c1NCHEZ, TERCERA EN EL INTERNATIONAL iQFOil GAMES ANDALUC\u00cdA -","robots":{"index":"index","follow":"follow","max-snippet":"max-snippet:-1","max-image-preview":"max-image-preview:large","max-video-preview":"max-video-preview:-1"},"canonical":"https:\/\/www.realclubmaritimomelilla.es\/clmar\/azul-sanchez-tercera-en-el-international-iqfoil-games-andalucia\/","og_locale":"es_ES","og_type":"article","og_title":"AZUL S\u00c1NCHEZ, TERCERA EN EL INTERNATIONAL iQFOil GAMES ANDALUC\u00cdA - Real Club Mar\u00edtimo de Melilla","og_description":"AZUL S\u00c1NCHEZ, TERCERA EN EL INTERNATIONAL iQFOil GAMES ANDALUC\u00cdA -","og_url":"https:\/\/www.realclubmaritimomelilla.es\/clmar\/azul-sanchez-tercera-en-el-international-iqfoil-games-andalucia\/","og_site_name":"Real Club Mar\u00edtimo de Melilla","article_publisher":"https:\/\/www.facebook.com\/Real-Club-Mar%c3%adtimo-de-Melilla-588495841234214\/","article_published_time":"2023-03-13T11:20:30+00:00","og_image":[{"width":1200,"height":1600,"url":"https:\/\/www.realclubmaritimomelilla.es\/clmar\/wp-content\/uploads\/AZUL-TROFEO.jpeg","type":"image\/jpeg"}],"author":"RCMMelilla","twitter_card":"summary_large_image","twitter_creator":"@nauticarcmm","twitter_site":"@nauticarcmm","twitter_misc":{"Escrito por":"RCMMelilla","Tiempo de lectura":"3 minutos"},"schema":{"@context":"https:\/\/schema.org","@graph":[{"@type":"Article","@id":"https:\/\/www.realclubmaritimomelilla.es\/clmar\/azul-sanchez-tercera-en-el-international-iqfoil-games-andalucia\/#article","isPartOf":{"@id":"https:\/\/www.realclubmaritimomelilla.es\/clmar\/azul-sanchez-tercera-en-el-international-iqfoil-games-andalucia\/"},"author":{"name":"RCMMelilla","@id":"https:\/\/www.realclubmaritimomelilla.es\/clmar\/#\/schema\/person\/ebaa3713496dc6d48c872452e73a8e79"},"headline":"AZUL S\u00c1NCHEZ, TERCERA EN EL INTERNATIONAL iQFOil GAMES ANDALUC\u00cdA","datePublished":"2023-03-13T11:20:30+00:00","mainEntityOfPage":{"@id":"https:\/\/www.realclubmaritimomelilla.es\/clmar\/azul-sanchez-tercera-en-el-international-iqfoil-games-andalucia\/"},"wordCount":436,"commentCount":0,"publisher":{"@id":"https:\/\/www.realclubmaritimomelilla.es\/clmar\/#organization"},"image":{"@id":"https:\/\/www.realclubmaritimomelilla.es\/clmar\/azul-sanchez-tercera-en-el-international-iqfoil-games-andalucia\/#primaryimage"},"thumbnailUrl":"https:\/\/www.realclubmaritimomelilla.es\/clmar\/wp-content\/uploads\/AZUL-TROFEO.jpeg","inLanguage":"es","potentialAction":[{"@type":"CommentAction","name":"Comment","target":["https:\/\/www.realclubmaritimomelilla.es\/clmar\/azul-sanchez-tercera-en-el-international-iqfoil-games-andalucia\/#respond"]}]},{"@type":"WebPage","@id":"https:\/\/www.realclubmaritimomelilla.es\/clmar\/azul-sanchez-tercera-en-el-international-iqfoil-games-andalucia\/","url":"https:\/\/www.realclubmaritimomelilla.es\/clmar\/azul-sanchez-tercera-en-el-international-iqfoil-games-andalucia\/","name":"AZUL S\u00c1NCHEZ, TERCERA EN EL INTERNATIONAL iQFOil GAMES ANDALUC\u00cdA - Real Club Mar\u00edtimo de Melilla","isPartOf":{"@id":"https:\/\/www.realclubmaritimomelilla.es\/clmar\/#website"},"primaryImageOfPage":{"@id":"https:\/\/www.realclubmaritimomelilla.es\/clmar\/azul-sanchez-tercera-en-el-international-iqfoil-games-andalucia\/#primaryimage"},"image":{"@id":"https:\/\/www.realclubmaritimomelilla.es\/clmar\/azul-sanchez-tercera-en-el-international-iqfoil-games-andalucia\/#primaryimage"},"thumbnailUrl":"https:\/\/www.realclubmaritimomelilla.es\/clmar\/wp-content\/uploads\/AZUL-TROFEO.jpeg","datePublished":"2023-03-13T11:20:30+00:00","description":"AZUL S\u00c1NCHEZ, TERCERA EN EL INTERNATIONAL iQFOil GAMES ANDALUC\u00cdA -","breadcrumb":{"@id":"https:\/\/www.realclubmaritimomelilla.es\/clmar\/azul-sanchez-tercera-en-el-international-iqfoil-games-andalucia\/#breadcrumb"},"inLanguage":"es","potentialAction":[{"@type":"ReadAction","target":["https:\/\/www.realclubmaritimomelilla.es\/clmar\/azul-sanchez-tercera-en-el-international-iqfoil-games-andalucia\/"]}]},{"@type":"ImageObject","inLanguage":"es","@id":"https:\/\/www.realclubmaritimomelilla.es\/clmar\/azul-sanchez-tercera-en-el-international-iqfoil-games-andalucia\/#primaryimage","url":"https:\/\/www.realclubmaritimomelilla.es\/clmar\/wp-content\/uploads\/AZUL-TROFEO.jpeg","contentUrl":"https:\/\/www.realclubmaritimomelilla.es\/clmar\/wp-content\/uploads\/AZUL-TROFEO.jpeg","width":1200,"height":1600},{"@type":"BreadcrumbList","@id":"https:\/\/www.realclubmaritimomelilla.es\/clmar\/azul-sanchez-tercera-en-el-international-iqfoil-games-andalucia\/#breadcrumb","itemListElement":[{"@type":"ListItem","position":1,"name":"Portada","item":"https:\/\/www.realclubmaritimomelilla.es\/clmar\/"},{"@type":"ListItem","position":2,"name":"AZUL S\u00c1NCHEZ, TERCERA EN EL INTERNATIONAL iQFOil GAMES ANDALUC\u00cdA"}]},{"@type":"WebSite","@id":"https:\/\/www.realclubmaritimomelilla.es\/clmar\/#website","url":"https:\/\/www.realclubmaritimomelilla.es\/clmar\/","name":"Real Club Mar\u00edtimo de Melilla","description":"RCMM","publisher":{"@id":"https:\/\/www.realclubmaritimomelilla.es\/clmar\/#organization"},"alternateName":"RCMM","potentialAction":[{"@type":"SearchAction","target":{"@type":"EntryPoint","urlTemplate":"https:\/\/www.realclubmaritimomelilla.es\/clmar\/?s={search_term_string}"},"query-input":{"@type":"PropertyValueSpecification","valueRequired":true,"valueName":"search_term_string"}}],"inLanguage":"es"},{"@type":"Organization","@id":"https:\/\/www.realclubmaritimomelilla.es\/clmar\/#organization","name":"Real Club Mar\u00edtimo de Melilla","alternateName":"RCMM","url":"https:\/\/www.realclubmaritimomelilla.es\/clmar\/","logo":{"@type":"ImageObject","inLanguage":"es","@id":"https:\/\/www.realclubmaritimomelilla.es\/clmar\/#\/schema\/logo\/image\/","url":"https:\/\/www.realclubmaritimomelilla.es\/clmar\/wp-content\/uploads\/logo-club-original-copia.jpg","contentUrl":"https:\/\/www.realclubmaritimomelilla.es\/clmar\/wp-content\/uploads\/logo-club-original-copia.jpg","width":128,"height":89,"caption":"Real Club Mar\u00edtimo de Melilla"},"image":{"@id":"https:\/\/www.realclubmaritimomelilla.es\/clmar\/#\/schema\/logo\/image\/"},"sameAs":["https:\/\/www.facebook.com\/Real-Club-Mar\u00edtimo-de-Melilla-588495841234214\/","https:\/\/x.com\/nauticarcmm","https:\/\/www.instagram.com\/club_maritimo_melilla\/","https:\/\/www.youtube.com\/@realclubmaritimodemelilla4703","https:\/\/es.wikipedia.org\/wiki\/Real_Club_Mar\u00edtimo_de_Melilla"]},{"@type":"Person","@id":"https:\/\/www.realclubmaritimomelilla.es\/clmar\/#\/schema\/person\/ebaa3713496dc6d48c872452e73a8e79","name":"RCMMelilla","image":{"@type":"ImageObject","inLanguage":"es","@id":"https:\/\/secure.gravatar.com\/avatar\/df1c24789360fb9308735c4ee556fc2bc5bf924bf01e53043b8b97ba272da33c?s=96&d=mm&r=g","url":"https:\/\/secure.gravatar.com\/avatar\/df1c24789360fb9308735c4ee556fc2bc5bf924bf01e53043b8b97ba272da33c?s=96&d=mm&r=g","contentUrl":"https:\/\/secure.gravatar.com\/avatar\/df1c24789360fb9308735c4ee556fc2bc5bf924bf01e53043b8b97ba272da33c?s=96&d=mm&r=g","caption":"RCMMelilla"}}]}},"_links":{"self":[{"href":"https:\/\/www.realclubmaritimomelilla.es\/clmar\/wp-json\/wp\/v2\/posts\/20488","targetHints":{"allow":["GET"]}}],"collection":[{"href":"https:\/\/www.realclubmaritimomelilla.es\/clmar\/wp-json\/wp\/v2\/posts"}],"about":[{"href":"https:\/\/www.realclubmaritimomelilla.es\/clmar\/wp-json\/wp\/v2\/types\/post"}],"author":[{"embeddable":true,"href":"https:\/\/www.realclubmaritimomelilla.es\/clmar\/wp-json\/wp\/v2\/users\/1"}],"replies":[{"embeddable":true,"href":"https:\/\/www.realclubmaritimomelilla.es\/clmar\/wp-json\/wp\/v2\/comments?post=20488"}],"version-history":[{"count":1,"href":"https:\/\/www.realclubmaritimomelilla.es\/clmar\/wp-json\/wp\/v2\/posts\/20488\/revisions"}],"predecessor-version":[{"id":20492,"href":"https:\/\/www.realclubmaritimomelilla.es\/clmar\/wp-json\/wp\/v2\/posts\/20488\/revisions\/20492"}],"wp:featuredmedia":[{"embeddable":true,"href":"https:\/\/www.realclubmaritimomelilla.es\/clmar\/wp-json\/wp\/v2\/media\/20491"}],"wp:attachment":[{"href":"https:\/\/www.realclubmaritimomelilla.es\/clmar\/wp-json\/wp\/v2\/media?parent=20488"}],"wp:term":[{"taxonomy":"category","embeddable":true,"href":"https:\/\/www.realclubmaritimomelilla.es\/clmar\/wp-json\/wp\/v2\/categories?post=20488"},{"taxonomy":"post_tag","embeddable":true,"href":"https:\/\/www.realclubmaritimomelilla.es\/clmar\/wp-json\/wp\/v2\/tags?post=20488"}],"curies":[{"name":"wp","href":"https:\/\/api.w.org\/{rel}","templated":true}]}}