{"id":20421,"date":"2023-03-02T14:24:04","date_gmt":"2023-03-02T13:24:04","guid":{"rendered":"https:\/\/www.realclubmaritimomelilla.es\/clmar\/?p=20421"},"modified":"2023-03-02T14:24:04","modified_gmt":"2023-03-02T13:24:04","slug":"el-real-club-maritimo-de-melilla-conmemora-el-centenario-del-edificio-de-la-antigua-estacion-sanitaria","status":"publish","type":"post","link":"https:\/\/www.realclubmaritimomelilla.es\/clmar\/el-real-club-maritimo-de-melilla-conmemora-el-centenario-del-edificio-de-la-antigua-estacion-sanitaria\/","title":{"rendered":"EL REAL CLUB MAR\u00cdTIMO DE MELILLA CONMEMORA EL CENTENARIO DEL EDIFICIO DE LA ANTIGUA ESTACI\u00d3N SANITARIA"},"content":{"rendered":"<p>El Real Club Mar\u00edtimo de Melilla organiza a partir de este viernes, y durante una semana, una Exposici\u00f3n con motivo del Centenario del Edificio de la Antigua Estaci\u00f3n Sanitaria. Junto a la muestra tambi\u00e9n se desarrollar\u00e1 este d\u00eda 3 de marzo una conferencia, en la que abordar el periodo comprendido entre 1923 y 2023 en torno a es edificio ubicado en el inicio de la Calle General Mac\u00edas.<\/p>\n<p>Una edificaci\u00f3n que desde el a\u00f1o 1944 se convirti\u00f3 en sede del Club Mar\u00edtimo de Melilla y que 79 a\u00f1os despu\u00e9s, ya con la consideraci\u00f3n de \u2018Real RCM\u2019 sigue albergando a la entidad que ahora conmemora sus cien a\u00f1os.<\/p>\n<p>La exposici\u00f3n \u201cCentenario edificio antigua Estaci\u00f3n Sanitaria\u201d se inaugura este viernes, 3 de marzo, a las 19:30 horas. Y en ella se recopila un trabajo de documentaci\u00f3n y recopilaci\u00f3n de informaci\u00f3n en el que durante varios meses ha trabajado un grupo de colaboradores con personal del propio Real Club Mar\u00edtimo de Melilla, en el que a trav\u00e9s de 52 panales se recoge el inicio de este proyecto y sus primeras d\u00e9cadas, para desde mediados del siglo pasada pasar a formar parte principal en el desarrollo de la entidad que ahora acoge.<\/p>\n<p>De igual forma, tambi\u00e9n se recoge la expansi\u00f3n y evoluci\u00f3n del propio Real Club Mar\u00edtimo en todas estas d\u00e9cadas y en las muchas actividades que se han venido realizando en todo este tiempo.<\/p>\n<p>La exposici\u00f3n se mantendr\u00e1 abierta entre el 3 y 9 de marzo, en horario vespertino de 17 a 20 horas.<\/p>\n<p>Como complemento a la inauguraci\u00f3n de esta Exposici\u00f3n, tambi\u00e9n este viernes, a partir de las 20:30 horas se desarrollar\u00e1 en el propio Club la conferencia \u201c1923\/2023 Centenario edificio antigua Estaci\u00f3n Sanitaria \u2013 100 a\u00f1os del edificio y su entorno\u201d.<\/p>\n<p>Una conferencia a cargo de tres ponentes en la que se abordar\u00e1 el desarrollo de este edificio y su entorno desde distintos prismas. Francisco Narv\u00e1ez, Antonio Bravo y Jos\u00e9 Manuel Vidal son los protagonistas de la conferencia, que tendr\u00e1 entrada libre y se realizar\u00e1 en la sala de conferencias del Real Club Mar\u00edtimo de Melilla.<\/p>\n<p><img decoding=\"async\" class=\"aligncenter size-full wp-image-20398\" src=\"https:\/\/www.realclubmaritimomelilla.es\/clmar\/wp-content\/uploads\/2023-03-03-Cartel-Exposicion.jpg\" alt=\"\" width=\"842\" height=\"1191\" srcset=\"https:\/\/www.realclubmaritimomelilla.es\/clmar\/wp-content\/uploads\/2023-03-03-Cartel-Exposicion-200x283.jpg 200w, https:\/\/www.realclubmaritimomelilla.es\/clmar\/wp-content\/uploads\/2023-03-03-Cartel-Exposicion-212x300.jpg 212w, https:\/\/www.realclubmaritimomelilla.es\/clmar\/wp-content\/uploads\/2023-03-03-Cartel-Exposicion-400x566.jpg 400w, https:\/\/www.realclubmaritimomelilla.es\/clmar\/wp-content\/uploads\/2023-03-03-Cartel-Exposicion-600x849.jpg 600w, https:\/\/www.realclubmaritimomelilla.es\/clmar\/wp-content\/uploads\/2023-03-03-Cartel-Exposicion-724x1024.jpg 724w, https:\/\/www.realclubmaritimomelilla.es\/clmar\/wp-content\/uploads\/2023-03-03-Cartel-Exposicion-768x1086.jpg 768w, https:\/\/www.realclubmaritimomelilla.es\/clmar\/wp-content\/uploads\/2023-03-03-Cartel-Exposicion-800x1132.jpg 800w, https:\/\/www.realclubmaritimomelilla.es\/clmar\/wp-content\/uploads\/2023-03-03-Cartel-Exposicion.jpg 842w\" sizes=\"(max-width: 842px) 100vw, 842px\" \/> <img decoding=\"async\" class=\"aligncenter size-full wp-image-20392\" src=\"https:\/\/www.realclubmaritimomelilla.es\/clmar\/wp-content\/uploads\/2023-03-03-Conferencia-Exposicion-Centenario-Antigua-Estacion-Sanitaria.jpg\" alt=\"\" width=\"842\" height=\"1191\" srcset=\"https:\/\/www.realclubmaritimomelilla.es\/clmar\/wp-content\/uploads\/2023-03-03-Conferencia-Exposicion-Centenario-Antigua-Estacion-Sanitaria-200x283.jpg 200w, https:\/\/www.realclubmaritimomelilla.es\/clmar\/wp-content\/uploads\/2023-03-03-Conferencia-Exposicion-Centenario-Antigua-Estacion-Sanitaria-212x300.jpg 212w, https:\/\/www.realclubmaritimomelilla.es\/clmar\/wp-content\/uploads\/2023-03-03-Conferencia-Exposicion-Centenario-Antigua-Estacion-Sanitaria-400x566.jpg 400w, https:\/\/www.realclubmaritimomelilla.es\/clmar\/wp-content\/uploads\/2023-03-03-Conferencia-Exposicion-Centenario-Antigua-Estacion-Sanitaria-600x849.jpg 600w, https:\/\/www.realclubmaritimomelilla.es\/clmar\/wp-content\/uploads\/2023-03-03-Conferencia-Exposicion-Centenario-Antigua-Estacion-Sanitaria-724x1024.jpg 724w, https:\/\/www.realclubmaritimomelilla.es\/clmar\/wp-content\/uploads\/2023-03-03-Conferencia-Exposicion-Centenario-Antigua-Estacion-Sanitaria-768x1086.jpg 768w, https:\/\/www.realclubmaritimomelilla.es\/clmar\/wp-content\/uploads\/2023-03-03-Conferencia-Exposicion-Centenario-Antigua-Estacion-Sanitaria-800x1132.jpg 800w, https:\/\/www.realclubmaritimomelilla.es\/clmar\/wp-content\/uploads\/2023-03-03-Conferencia-Exposicion-Centenario-Antigua-Estacion-Sanitaria.jpg 842w\" sizes=\"(max-width: 842px) 100vw, 842px\" \/><\/p>\n","protected":false},"excerpt":{"rendered":"<p>El Real Club Mar\u00edtimo de Melilla organiza a partir de este viernes, y durante una semana, una Exposici\u00f3n con motivo del Centenario del Edificio de la Antigua Estaci\u00f3n Sanitaria. Junto a la muestra tambi\u00e9n se desarrollar\u00e1 este d\u00eda 3 de marzo una conferencia, en la que abordar el periodo comprendido entre 1923 y 2023 en [&hellip;]<\/p>\n","protected":false},"author":1,"featured_media":20398,"comment_status":"open","ping_status":"open","sticky":false,"template":"","format":"standard","meta":{"_acf_changed":false,"footnotes":""},"categories":[1],"tags":[],"class_list":["post-20421","post","type-post","status-publish","format-standard","has-post-thumbnail","hentry","category-sin-categoria"],"acf":[],"yoast_head":"<!-- This site is optimized with the Yoast SEO plugin v27.5 - https:\/\/yoast.com\/product\/yoast-seo-wordpress\/ -->\n<title>EL REAL CLUB MAR\u00cdTIMO DE MELILLA CONMEMORA EL CENTENARIO DEL EDIFICIO DE LA ANTIGUA ESTACI\u00d3N SANITARIA - Real Club Mar\u00edtimo de Melilla<\/title>\n<meta name=\"description\" content=\"EL REAL CLUB MAR\u00cdTIMO DE MELILLA CONMEMORA EL CENTENARIO DEL EDIFICIO DE LA ANTIGUA ESTACI\u00d3N SANITARIA -\" \/>\n<meta name=\"robots\" content=\"index, follow, max-snippet:-1, max-image-preview:large, max-video-preview:-1\" \/>\n<link rel=\"canonical\" href=\"https:\/\/www.realclubmaritimomelilla.es\/clmar\/el-real-club-maritimo-de-melilla-conmemora-el-centenario-del-edificio-de-la-antigua-estacion-sanitaria\/\" \/>\n<meta property=\"og:locale\" content=\"es_ES\" \/>\n<meta property=\"og:type\" content=\"article\" \/>\n<meta property=\"og:title\" content=\"EL REAL CLUB MAR\u00cdTIMO DE MELILLA CONMEMORA EL CENTENARIO DEL EDIFICIO DE LA ANTIGUA ESTACI\u00d3N SANITARIA - Real Club Mar\u00edtimo de Melilla\" \/>\n<meta property=\"og:description\" content=\"EL REAL CLUB MAR\u00cdTIMO DE MELILLA CONMEMORA EL CENTENARIO DEL EDIFICIO DE LA ANTIGUA ESTACI\u00d3N SANITARIA -\" \/>\n<meta property=\"og:url\" content=\"https:\/\/www.realclubmaritimomelilla.es\/clmar\/el-real-club-maritimo-de-melilla-conmemora-el-centenario-del-edificio-de-la-antigua-estacion-sanitaria\/\" \/>\n<meta property=\"og:site_name\" content=\"Real Club Mar\u00edtimo de Melilla\" \/>\n<meta property=\"article:publisher\" content=\"https:\/\/www.facebook.com\/Real-Club-Mar%c3%adtimo-de-Melilla-588495841234214\/\" \/>\n<meta property=\"article:published_time\" content=\"2023-03-02T13:24:04+00:00\" \/>\n<meta property=\"og:image\" content=\"https:\/\/www.realclubmaritimomelilla.es\/clmar\/wp-content\/uploads\/2023-03-03-Cartel-Exposicion.jpg\" \/>\n\t<meta property=\"og:image:width\" content=\"842\" \/>\n\t<meta property=\"og:image:height\" content=\"1191\" \/>\n\t<meta property=\"og:image:type\" content=\"image\/jpeg\" \/>\n<meta name=\"author\" content=\"RCMMelilla\" \/>\n<meta name=\"twitter:card\" content=\"summary_large_image\" \/>\n<meta name=\"twitter:creator\" content=\"@nauticarcmm\" \/>\n<meta name=\"twitter:site\" content=\"@nauticarcmm\" \/>\n<meta name=\"twitter:label1\" content=\"Escrito por\" \/>\n\t<meta name=\"twitter:data1\" content=\"RCMMelilla\" \/>\n\t<meta name=\"twitter:label2\" content=\"Tiempo de lectura\" \/>\n\t<meta name=\"twitter:data2\" content=\"2 minutos\" \/>\n<script type=\"application\/ld+json\" class=\"yoast-schema-graph\">{\"@context\":\"https:\\\/\\\/schema.org\",\"@graph\":[{\"@type\":\"Article\",\"@id\":\"https:\\\/\\\/www.realclubmaritimomelilla.es\\\/clmar\\\/el-real-club-maritimo-de-melilla-conmemora-el-centenario-del-edificio-de-la-antigua-estacion-sanitaria\\\/#article\",\"isPartOf\":{\"@id\":\"https:\\\/\\\/www.realclubmaritimomelilla.es\\\/clmar\\\/el-real-club-maritimo-de-melilla-conmemora-el-centenario-del-edificio-de-la-antigua-estacion-sanitaria\\\/\"},\"author\":{\"name\":\"RCMMelilla\",\"@id\":\"https:\\\/\\\/www.realclubmaritimomelilla.es\\\/clmar\\\/#\\\/schema\\\/person\\\/ebaa3713496dc6d48c872452e73a8e79\"},\"headline\":\"EL REAL CLUB MAR\u00cdTIMO DE MELILLA CONMEMORA EL CENTENARIO DEL EDIFICIO DE LA ANTIGUA ESTACI\u00d3N SANITARIA\",\"datePublished\":\"2023-03-02T13:24:04+00:00\",\"mainEntityOfPage\":{\"@id\":\"https:\\\/\\\/www.realclubmaritimomelilla.es\\\/clmar\\\/el-real-club-maritimo-de-melilla-conmemora-el-centenario-del-edificio-de-la-antigua-estacion-sanitaria\\\/\"},\"wordCount\":381,\"commentCount\":0,\"publisher\":{\"@id\":\"https:\\\/\\\/www.realclubmaritimomelilla.es\\\/clmar\\\/#organization\"},\"image\":{\"@id\":\"https:\\\/\\\/www.realclubmaritimomelilla.es\\\/clmar\\\/el-real-club-maritimo-de-melilla-conmemora-el-centenario-del-edificio-de-la-antigua-estacion-sanitaria\\\/#primaryimage\"},\"thumbnailUrl\":\"https:\\\/\\\/www.realclubmaritimomelilla.es\\\/clmar\\\/wp-content\\\/uploads\\\/2023-03-03-Cartel-Exposicion.jpg\",\"inLanguage\":\"es\",\"potentialAction\":[{\"@type\":\"CommentAction\",\"name\":\"Comment\",\"target\":[\"https:\\\/\\\/www.realclubmaritimomelilla.es\\\/clmar\\\/el-real-club-maritimo-de-melilla-conmemora-el-centenario-del-edificio-de-la-antigua-estacion-sanitaria\\\/#respond\"]}]},{\"@type\":\"WebPage\",\"@id\":\"https:\\\/\\\/www.realclubmaritimomelilla.es\\\/clmar\\\/el-real-club-maritimo-de-melilla-conmemora-el-centenario-del-edificio-de-la-antigua-estacion-sanitaria\\\/\",\"url\":\"https:\\\/\\\/www.realclubmaritimomelilla.es\\\/clmar\\\/el-real-club-maritimo-de-melilla-conmemora-el-centenario-del-edificio-de-la-antigua-estacion-sanitaria\\\/\",\"name\":\"EL REAL CLUB MAR\u00cdTIMO DE MELILLA CONMEMORA EL CENTENARIO DEL EDIFICIO DE LA ANTIGUA ESTACI\u00d3N SANITARIA - Real Club Mar\u00edtimo de Melilla\",\"isPartOf\":{\"@id\":\"https:\\\/\\\/www.realclubmaritimomelilla.es\\\/clmar\\\/#website\"},\"primaryImageOfPage\":{\"@id\":\"https:\\\/\\\/www.realclubmaritimomelilla.es\\\/clmar\\\/el-real-club-maritimo-de-melilla-conmemora-el-centenario-del-edificio-de-la-antigua-estacion-sanitaria\\\/#primaryimage\"},\"image\":{\"@id\":\"https:\\\/\\\/www.realclubmaritimomelilla.es\\\/clmar\\\/el-real-club-maritimo-de-melilla-conmemora-el-centenario-del-edificio-de-la-antigua-estacion-sanitaria\\\/#primaryimage\"},\"thumbnailUrl\":\"https:\\\/\\\/www.realclubmaritimomelilla.es\\\/clmar\\\/wp-content\\\/uploads\\\/2023-03-03-Cartel-Exposicion.jpg\",\"datePublished\":\"2023-03-02T13:24:04+00:00\",\"description\":\"EL REAL CLUB MAR\u00cdTIMO DE MELILLA CONMEMORA EL CENTENARIO DEL EDIFICIO DE LA ANTIGUA ESTACI\u00d3N SANITARIA -\",\"breadcrumb\":{\"@id\":\"https:\\\/\\\/www.realclubmaritimomelilla.es\\\/clmar\\\/el-real-club-maritimo-de-melilla-conmemora-el-centenario-del-edificio-de-la-antigua-estacion-sanitaria\\\/#breadcrumb\"},\"inLanguage\":\"es\",\"potentialAction\":[{\"@type\":\"ReadAction\",\"target\":[\"https:\\\/\\\/www.realclubmaritimomelilla.es\\\/clmar\\\/el-real-club-maritimo-de-melilla-conmemora-el-centenario-del-edificio-de-la-antigua-estacion-sanitaria\\\/\"]}]},{\"@type\":\"ImageObject\",\"inLanguage\":\"es\",\"@id\":\"https:\\\/\\\/www.realclubmaritimomelilla.es\\\/clmar\\\/el-real-club-maritimo-de-melilla-conmemora-el-centenario-del-edificio-de-la-antigua-estacion-sanitaria\\\/#primaryimage\",\"url\":\"https:\\\/\\\/www.realclubmaritimomelilla.es\\\/clmar\\\/wp-content\\\/uploads\\\/2023-03-03-Cartel-Exposicion.jpg\",\"contentUrl\":\"https:\\\/\\\/www.realclubmaritimomelilla.es\\\/clmar\\\/wp-content\\\/uploads\\\/2023-03-03-Cartel-Exposicion.jpg\",\"width\":842,\"height\":1191},{\"@type\":\"BreadcrumbList\",\"@id\":\"https:\\\/\\\/www.realclubmaritimomelilla.es\\\/clmar\\\/el-real-club-maritimo-de-melilla-conmemora-el-centenario-del-edificio-de-la-antigua-estacion-sanitaria\\\/#breadcrumb\",\"itemListElement\":[{\"@type\":\"ListItem\",\"position\":1,\"name\":\"Portada\",\"item\":\"https:\\\/\\\/www.realclubmaritimomelilla.es\\\/clmar\\\/\"},{\"@type\":\"ListItem\",\"position\":2,\"name\":\"EL REAL CLUB MAR\u00cdTIMO DE MELILLA CONMEMORA EL CENTENARIO DEL EDIFICIO DE LA ANTIGUA ESTACI\u00d3N SANITARIA\"}]},{\"@type\":\"WebSite\",\"@id\":\"https:\\\/\\\/www.realclubmaritimomelilla.es\\\/clmar\\\/#website\",\"url\":\"https:\\\/\\\/www.realclubmaritimomelilla.es\\\/clmar\\\/\",\"name\":\"Real Club Mar\u00edtimo de Melilla\",\"description\":\"RCMM\",\"publisher\":{\"@id\":\"https:\\\/\\\/www.realclubmaritimomelilla.es\\\/clmar\\\/#organization\"},\"alternateName\":\"RCMM\",\"potentialAction\":[{\"@type\":\"SearchAction\",\"target\":{\"@type\":\"EntryPoint\",\"urlTemplate\":\"https:\\\/\\\/www.realclubmaritimomelilla.es\\\/clmar\\\/?s={search_term_string}\"},\"query-input\":{\"@type\":\"PropertyValueSpecification\",\"valueRequired\":true,\"valueName\":\"search_term_string\"}}],\"inLanguage\":\"es\"},{\"@type\":\"Organization\",\"@id\":\"https:\\\/\\\/www.realclubmaritimomelilla.es\\\/clmar\\\/#organization\",\"name\":\"Real Club Mar\u00edtimo de Melilla\",\"alternateName\":\"RCMM\",\"url\":\"https:\\\/\\\/www.realclubmaritimomelilla.es\\\/clmar\\\/\",\"logo\":{\"@type\":\"ImageObject\",\"inLanguage\":\"es\",\"@id\":\"https:\\\/\\\/www.realclubmaritimomelilla.es\\\/clmar\\\/#\\\/schema\\\/logo\\\/image\\\/\",\"url\":\"https:\\\/\\\/www.realclubmaritimomelilla.es\\\/clmar\\\/wp-content\\\/uploads\\\/logo-club-original-copia.jpg\",\"contentUrl\":\"https:\\\/\\\/www.realclubmaritimomelilla.es\\\/clmar\\\/wp-content\\\/uploads\\\/logo-club-original-copia.jpg\",\"width\":128,\"height\":89,\"caption\":\"Real Club Mar\u00edtimo de Melilla\"},\"image\":{\"@id\":\"https:\\\/\\\/www.realclubmaritimomelilla.es\\\/clmar\\\/#\\\/schema\\\/logo\\\/image\\\/\"},\"sameAs\":[\"https:\\\/\\\/www.facebook.com\\\/Real-Club-Mar\u00edtimo-de-Melilla-588495841234214\\\/\",\"https:\\\/\\\/x.com\\\/nauticarcmm\",\"https:\\\/\\\/www.instagram.com\\\/club_maritimo_melilla\\\/\",\"https:\\\/\\\/www.youtube.com\\\/@realclubmaritimodemelilla4703\",\"https:\\\/\\\/es.wikipedia.org\\\/wiki\\\/Real_Club_Mar\u00edtimo_de_Melilla\"]},{\"@type\":\"Person\",\"@id\":\"https:\\\/\\\/www.realclubmaritimomelilla.es\\\/clmar\\\/#\\\/schema\\\/person\\\/ebaa3713496dc6d48c872452e73a8e79\",\"name\":\"RCMMelilla\",\"image\":{\"@type\":\"ImageObject\",\"inLanguage\":\"es\",\"@id\":\"https:\\\/\\\/secure.gravatar.com\\\/avatar\\\/df1c24789360fb9308735c4ee556fc2bc5bf924bf01e53043b8b97ba272da33c?s=96&d=mm&r=g\",\"url\":\"https:\\\/\\\/secure.gravatar.com\\\/avatar\\\/df1c24789360fb9308735c4ee556fc2bc5bf924bf01e53043b8b97ba272da33c?s=96&d=mm&r=g\",\"contentUrl\":\"https:\\\/\\\/secure.gravatar.com\\\/avatar\\\/df1c24789360fb9308735c4ee556fc2bc5bf924bf01e53043b8b97ba272da33c?s=96&d=mm&r=g\",\"caption\":\"RCMMelilla\"}}]}<\/script>\n<!-- \/ Yoast SEO plugin. -->","yoast_head_json":{"title":"EL REAL CLUB MAR\u00cdTIMO DE MELILLA CONMEMORA EL CENTENARIO DEL EDIFICIO DE LA ANTIGUA ESTACI\u00d3N SANITARIA - Real Club Mar\u00edtimo de Melilla","description":"EL REAL CLUB MAR\u00cdTIMO DE MELILLA CONMEMORA EL CENTENARIO DEL EDIFICIO DE LA ANTIGUA ESTACI\u00d3N SANITARIA -","robots":{"index":"index","follow":"follow","max-snippet":"max-snippet:-1","max-image-preview":"max-image-preview:large","max-video-preview":"max-video-preview:-1"},"canonical":"https:\/\/www.realclubmaritimomelilla.es\/clmar\/el-real-club-maritimo-de-melilla-conmemora-el-centenario-del-edificio-de-la-antigua-estacion-sanitaria\/","og_locale":"es_ES","og_type":"article","og_title":"EL REAL CLUB MAR\u00cdTIMO DE MELILLA CONMEMORA EL CENTENARIO DEL EDIFICIO DE LA ANTIGUA ESTACI\u00d3N SANITARIA - Real Club Mar\u00edtimo de Melilla","og_description":"EL REAL CLUB MAR\u00cdTIMO DE MELILLA CONMEMORA EL CENTENARIO DEL EDIFICIO DE LA ANTIGUA ESTACI\u00d3N SANITARIA -","og_url":"https:\/\/www.realclubmaritimomelilla.es\/clmar\/el-real-club-maritimo-de-melilla-conmemora-el-centenario-del-edificio-de-la-antigua-estacion-sanitaria\/","og_site_name":"Real Club Mar\u00edtimo de Melilla","article_publisher":"https:\/\/www.facebook.com\/Real-Club-Mar%c3%adtimo-de-Melilla-588495841234214\/","article_published_time":"2023-03-02T13:24:04+00:00","og_image":[{"width":842,"height":1191,"url":"https:\/\/www.realclubmaritimomelilla.es\/clmar\/wp-content\/uploads\/2023-03-03-Cartel-Exposicion.jpg","type":"image\/jpeg"}],"author":"RCMMelilla","twitter_card":"summary_large_image","twitter_creator":"@nauticarcmm","twitter_site":"@nauticarcmm","twitter_misc":{"Escrito por":"RCMMelilla","Tiempo de lectura":"2 minutos"},"schema":{"@context":"https:\/\/schema.org","@graph":[{"@type":"Article","@id":"https:\/\/www.realclubmaritimomelilla.es\/clmar\/el-real-club-maritimo-de-melilla-conmemora-el-centenario-del-edificio-de-la-antigua-estacion-sanitaria\/#article","isPartOf":{"@id":"https:\/\/www.realclubmaritimomelilla.es\/clmar\/el-real-club-maritimo-de-melilla-conmemora-el-centenario-del-edificio-de-la-antigua-estacion-sanitaria\/"},"author":{"name":"RCMMelilla","@id":"https:\/\/www.realclubmaritimomelilla.es\/clmar\/#\/schema\/person\/ebaa3713496dc6d48c872452e73a8e79"},"headline":"EL REAL CLUB MAR\u00cdTIMO DE MELILLA CONMEMORA EL CENTENARIO DEL EDIFICIO DE LA ANTIGUA ESTACI\u00d3N SANITARIA","datePublished":"2023-03-02T13:24:04+00:00","mainEntityOfPage":{"@id":"https:\/\/www.realclubmaritimomelilla.es\/clmar\/el-real-club-maritimo-de-melilla-conmemora-el-centenario-del-edificio-de-la-antigua-estacion-sanitaria\/"},"wordCount":381,"commentCount":0,"publisher":{"@id":"https:\/\/www.realclubmaritimomelilla.es\/clmar\/#organization"},"image":{"@id":"https:\/\/www.realclubmaritimomelilla.es\/clmar\/el-real-club-maritimo-de-melilla-conmemora-el-centenario-del-edificio-de-la-antigua-estacion-sanitaria\/#primaryimage"},"thumbnailUrl":"https:\/\/www.realclubmaritimomelilla.es\/clmar\/wp-content\/uploads\/2023-03-03-Cartel-Exposicion.jpg","inLanguage":"es","potentialAction":[{"@type":"CommentAction","name":"Comment","target":["https:\/\/www.realclubmaritimomelilla.es\/clmar\/el-real-club-maritimo-de-melilla-conmemora-el-centenario-del-edificio-de-la-antigua-estacion-sanitaria\/#respond"]}]},{"@type":"WebPage","@id":"https:\/\/www.realclubmaritimomelilla.es\/clmar\/el-real-club-maritimo-de-melilla-conmemora-el-centenario-del-edificio-de-la-antigua-estacion-sanitaria\/","url":"https:\/\/www.realclubmaritimomelilla.es\/clmar\/el-real-club-maritimo-de-melilla-conmemora-el-centenario-del-edificio-de-la-antigua-estacion-sanitaria\/","name":"EL REAL CLUB MAR\u00cdTIMO DE MELILLA CONMEMORA EL CENTENARIO DEL EDIFICIO DE LA ANTIGUA ESTACI\u00d3N SANITARIA - Real Club Mar\u00edtimo de Melilla","isPartOf":{"@id":"https:\/\/www.realclubmaritimomelilla.es\/clmar\/#website"},"primaryImageOfPage":{"@id":"https:\/\/www.realclubmaritimomelilla.es\/clmar\/el-real-club-maritimo-de-melilla-conmemora-el-centenario-del-edificio-de-la-antigua-estacion-sanitaria\/#primaryimage"},"image":{"@id":"https:\/\/www.realclubmaritimomelilla.es\/clmar\/el-real-club-maritimo-de-melilla-conmemora-el-centenario-del-edificio-de-la-antigua-estacion-sanitaria\/#primaryimage"},"thumbnailUrl":"https:\/\/www.realclubmaritimomelilla.es\/clmar\/wp-content\/uploads\/2023-03-03-Cartel-Exposicion.jpg","datePublished":"2023-03-02T13:24:04+00:00","description":"EL REAL CLUB MAR\u00cdTIMO DE MELILLA CONMEMORA EL CENTENARIO DEL EDIFICIO DE LA ANTIGUA ESTACI\u00d3N SANITARIA -","breadcrumb":{"@id":"https:\/\/www.realclubmaritimomelilla.es\/clmar\/el-real-club-maritimo-de-melilla-conmemora-el-centenario-del-edificio-de-la-antigua-estacion-sanitaria\/#breadcrumb"},"inLanguage":"es","potentialAction":[{"@type":"ReadAction","target":["https:\/\/www.realclubmaritimomelilla.es\/clmar\/el-real-club-maritimo-de-melilla-conmemora-el-centenario-del-edificio-de-la-antigua-estacion-sanitaria\/"]}]},{"@type":"ImageObject","inLanguage":"es","@id":"https:\/\/www.realclubmaritimomelilla.es\/clmar\/el-real-club-maritimo-de-melilla-conmemora-el-centenario-del-edificio-de-la-antigua-estacion-sanitaria\/#primaryimage","url":"https:\/\/www.realclubmaritimomelilla.es\/clmar\/wp-content\/uploads\/2023-03-03-Cartel-Exposicion.jpg","contentUrl":"https:\/\/www.realclubmaritimomelilla.es\/clmar\/wp-content\/uploads\/2023-03-03-Cartel-Exposicion.jpg","width":842,"height":1191},{"@type":"BreadcrumbList","@id":"https:\/\/www.realclubmaritimomelilla.es\/clmar\/el-real-club-maritimo-de-melilla-conmemora-el-centenario-del-edificio-de-la-antigua-estacion-sanitaria\/#breadcrumb","itemListElement":[{"@type":"ListItem","position":1,"name":"Portada","item":"https:\/\/www.realclubmaritimomelilla.es\/clmar\/"},{"@type":"ListItem","position":2,"name":"EL REAL CLUB MAR\u00cdTIMO DE MELILLA CONMEMORA EL CENTENARIO DEL EDIFICIO DE LA ANTIGUA ESTACI\u00d3N SANITARIA"}]},{"@type":"WebSite","@id":"https:\/\/www.realclubmaritimomelilla.es\/clmar\/#website","url":"https:\/\/www.realclubmaritimomelilla.es\/clmar\/","name":"Real Club Mar\u00edtimo de Melilla","description":"RCMM","publisher":{"@id":"https:\/\/www.realclubmaritimomelilla.es\/clmar\/#organization"},"alternateName":"RCMM","potentialAction":[{"@type":"SearchAction","target":{"@type":"EntryPoint","urlTemplate":"https:\/\/www.realclubmaritimomelilla.es\/clmar\/?s={search_term_string}"},"query-input":{"@type":"PropertyValueSpecification","valueRequired":true,"valueName":"search_term_string"}}],"inLanguage":"es"},{"@type":"Organization","@id":"https:\/\/www.realclubmaritimomelilla.es\/clmar\/#organization","name":"Real Club Mar\u00edtimo de Melilla","alternateName":"RCMM","url":"https:\/\/www.realclubmaritimomelilla.es\/clmar\/","logo":{"@type":"ImageObject","inLanguage":"es","@id":"https:\/\/www.realclubmaritimomelilla.es\/clmar\/#\/schema\/logo\/image\/","url":"https:\/\/www.realclubmaritimomelilla.es\/clmar\/wp-content\/uploads\/logo-club-original-copia.jpg","contentUrl":"https:\/\/www.realclubmaritimomelilla.es\/clmar\/wp-content\/uploads\/logo-club-original-copia.jpg","width":128,"height":89,"caption":"Real Club Mar\u00edtimo de Melilla"},"image":{"@id":"https:\/\/www.realclubmaritimomelilla.es\/clmar\/#\/schema\/logo\/image\/"},"sameAs":["https:\/\/www.facebook.com\/Real-Club-Mar\u00edtimo-de-Melilla-588495841234214\/","https:\/\/x.com\/nauticarcmm","https:\/\/www.instagram.com\/club_maritimo_melilla\/","https:\/\/www.youtube.com\/@realclubmaritimodemelilla4703","https:\/\/es.wikipedia.org\/wiki\/Real_Club_Mar\u00edtimo_de_Melilla"]},{"@type":"Person","@id":"https:\/\/www.realclubmaritimomelilla.es\/clmar\/#\/schema\/person\/ebaa3713496dc6d48c872452e73a8e79","name":"RCMMelilla","image":{"@type":"ImageObject","inLanguage":"es","@id":"https:\/\/secure.gravatar.com\/avatar\/df1c24789360fb9308735c4ee556fc2bc5bf924bf01e53043b8b97ba272da33c?s=96&d=mm&r=g","url":"https:\/\/secure.gravatar.com\/avatar\/df1c24789360fb9308735c4ee556fc2bc5bf924bf01e53043b8b97ba272da33c?s=96&d=mm&r=g","contentUrl":"https:\/\/secure.gravatar.com\/avatar\/df1c24789360fb9308735c4ee556fc2bc5bf924bf01e53043b8b97ba272da33c?s=96&d=mm&r=g","caption":"RCMMelilla"}}]}},"_links":{"self":[{"href":"https:\/\/www.realclubmaritimomelilla.es\/clmar\/wp-json\/wp\/v2\/posts\/20421","targetHints":{"allow":["GET"]}}],"collection":[{"href":"https:\/\/www.realclubmaritimomelilla.es\/clmar\/wp-json\/wp\/v2\/posts"}],"about":[{"href":"https:\/\/www.realclubmaritimomelilla.es\/clmar\/wp-json\/wp\/v2\/types\/post"}],"author":[{"embeddable":true,"href":"https:\/\/www.realclubmaritimomelilla.es\/clmar\/wp-json\/wp\/v2\/users\/1"}],"replies":[{"embeddable":true,"href":"https:\/\/www.realclubmaritimomelilla.es\/clmar\/wp-json\/wp\/v2\/comments?post=20421"}],"version-history":[{"count":1,"href":"https:\/\/www.realclubmaritimomelilla.es\/clmar\/wp-json\/wp\/v2\/posts\/20421\/revisions"}],"predecessor-version":[{"id":20422,"href":"https:\/\/www.realclubmaritimomelilla.es\/clmar\/wp-json\/wp\/v2\/posts\/20421\/revisions\/20422"}],"wp:featuredmedia":[{"embeddable":true,"href":"https:\/\/www.realclubmaritimomelilla.es\/clmar\/wp-json\/wp\/v2\/media\/20398"}],"wp:attachment":[{"href":"https:\/\/www.realclubmaritimomelilla.es\/clmar\/wp-json\/wp\/v2\/media?parent=20421"}],"wp:term":[{"taxonomy":"category","embeddable":true,"href":"https:\/\/www.realclubmaritimomelilla.es\/clmar\/wp-json\/wp\/v2\/categories?post=20421"},{"taxonomy":"post_tag","embeddable":true,"href":"https:\/\/www.realclubmaritimomelilla.es\/clmar\/wp-json\/wp\/v2\/tags?post=20421"}],"curies":[{"name":"wp","href":"https:\/\/api.w.org\/{rel}","templated":true}]}}