{"id":19766,"date":"2023-01-08T17:13:27","date_gmt":"2023-01-08T16:13:27","guid":{"rendered":"https:\/\/www.realclubmaritimomelilla.es\/clmar\/?p=19766"},"modified":"2023-01-08T17:13:27","modified_gmt":"2023-01-08T16:13:27","slug":"la-flota-del-real-club-maritimo-de-melilla-sigue-con-sus-entrenamientos-en-la-bahia","status":"publish","type":"post","link":"https:\/\/www.realclubmaritimomelilla.es\/clmar\/la-flota-del-real-club-maritimo-de-melilla-sigue-con-sus-entrenamientos-en-la-bahia\/","title":{"rendered":"LA FLOTA DEL REAL CLUB MAR\u00cdTIMO DE MELILLA SIGUE CON SUS ENTRENAMIENTOS EN LA BAH\u00cdA"},"content":{"rendered":"<p>La secci\u00f3n de vela del Real Club Mar\u00edtimo de Melilla ha retomado sus actividades, tras el periodo navide\u00f1o. Durante los primeros d\u00edas del nuevo a\u00f1o se ha venido recuperando paulatinamente el ritmo de entrenamientos tanto de los regatistas de iniciaci\u00f3n como los integrantes del Equipo de Regata. Todo ello favorecido igualmente, por las inmejorables condiciones meteorol\u00f3gicas de estos d\u00edas.<\/p>\n<p>Un nuevo a\u00f1o en el que el Real Club Mar\u00edtimo de Melilla renueva su compromiso en el desarrollo y potenciaci\u00f3n del deporte base, a trav\u00e9s de los distintos programas que tiene implementado en su estructura deportiva. En concreto, en el deporte de la vela son medio centenar los integrantes de los distintos grupos que navegan cada fin de semana.<\/p>\n<p>El primer reto para estos deportistas ser\u00e1 el Campeonato de Espa\u00f1a Techno e IqFoil que entre el 31 de enero y el 5 de febrero se disputa en nuestra ciudad, siendo el Real Club Mar\u00edtimo de Melilla la entidad organizadora del evento para las clases de windsurf.<\/p>\n<p>Los regatistas locales vienen preparando en las \u00faltimas semanas est\u00e1 competici\u00f3n, en la que se medir\u00e1n a los mejores deportistas nacionales en Techno e Iqfoil en sus respectivas categor\u00edas. Las inscripciones siguen abiertas.<\/p>\n<p>Durante el fin de semana, se han vuelto a ver en la bah\u00eda melillenses numerosas peque\u00f1as velas de las clases optimist, snipe, ilca, adem\u00e1s de las tablas de techno e IqFoil, realizando sus entrenamientos o participando en las regatas de r\u00e1nking, una competici\u00f3n propia entre los regatistas del Club Mar\u00edtimo y que se desarrolla durante todo el a\u00f1o con el objetivo de establecer una clasificaci\u00f3n a la regularidad y al esfuerzo constante.<\/p>\n\n\t\t<style type=\"text\/css\">\n\t\t\t#gallery-1 {\n\t\t\t\tmargin: auto;\n\t\t\t}\n\t\t\t#gallery-1 .gallery-item {\n\t\t\t\tfloat: left;\n\t\t\t\tmargin-top: 10px;\n\t\t\t\ttext-align: center;\n\t\t\t\twidth: 33%;\n\t\t\t}\n\t\t\t#gallery-1 img {\n\t\t\t\tborder: 2px solid #cfcfcf;\n\t\t\t}\n\t\t\t#gallery-1 .gallery-caption {\n\t\t\t\tmargin-left: 0;\n\t\t\t}\n\t\t\t\/* see gallery_shortcode() in wp-includes\/media.php *\/\n\t\t<\/style>\n\t\t<div id='gallery-1' class='gallery galleryid-19766 gallery-columns-3 gallery-size-full'><dl class='gallery-item'>\n\t\t\t<dt class='gallery-icon landscape'>\n\t\t\t\t<a data-rel=\"iLightbox[postimages]\" data-title=\"flota RCMM\" data-caption=\"\" href='https:\/\/www.realclubmaritimomelilla.es\/clmar\/la-flota-del-real-club-maritimo-de-melilla-sigue-con-sus-entrenamientos-en-la-bahia\/flota-rcmm-2\/'><img decoding=\"async\" width=\"1600\" height=\"1200\" src=\"https:\/\/www.realclubmaritimomelilla.es\/clmar\/wp-content\/uploads\/flota-RCMM.jpeg\" class=\"attachment-full size-full\" alt=\"\" srcset=\"https:\/\/www.realclubmaritimomelilla.es\/clmar\/wp-content\/uploads\/flota-RCMM-200x150.jpeg 200w, https:\/\/www.realclubmaritimomelilla.es\/clmar\/wp-content\/uploads\/flota-RCMM-300x225.jpeg 300w, https:\/\/www.realclubmaritimomelilla.es\/clmar\/wp-content\/uploads\/flota-RCMM-400x300.jpeg 400w, https:\/\/www.realclubmaritimomelilla.es\/clmar\/wp-content\/uploads\/flota-RCMM-600x450.jpeg 600w, https:\/\/www.realclubmaritimomelilla.es\/clmar\/wp-content\/uploads\/flota-RCMM-768x576.jpeg 768w, https:\/\/www.realclubmaritimomelilla.es\/clmar\/wp-content\/uploads\/flota-RCMM-800x600.jpeg 800w, https:\/\/www.realclubmaritimomelilla.es\/clmar\/wp-content\/uploads\/flota-RCMM-1024x768.jpeg 1024w, https:\/\/www.realclubmaritimomelilla.es\/clmar\/wp-content\/uploads\/flota-RCMM-1200x900.jpeg 1200w, https:\/\/www.realclubmaritimomelilla.es\/clmar\/wp-content\/uploads\/flota-RCMM-1536x1152.jpeg 1536w, https:\/\/www.realclubmaritimomelilla.es\/clmar\/wp-content\/uploads\/flota-RCMM.jpeg 1600w\" sizes=\"(max-width: 1600px) 100vw, 1600px\" \/><\/a>\n\t\t\t<\/dt><\/dl><dl class='gallery-item'>\n\t\t\t<dt class='gallery-icon landscape'>\n\t\t\t\t<a data-rel=\"iLightbox[postimages]\" data-title=\"flota RCMM2\" data-caption=\"\" href='https:\/\/www.realclubmaritimomelilla.es\/clmar\/la-flota-del-real-club-maritimo-de-melilla-sigue-con-sus-entrenamientos-en-la-bahia\/flota-rcmm2\/'><img decoding=\"async\" width=\"1600\" height=\"1200\" src=\"https:\/\/www.realclubmaritimomelilla.es\/clmar\/wp-content\/uploads\/flota-RCMM2.jpeg\" class=\"attachment-full size-full\" alt=\"\" srcset=\"https:\/\/www.realclubmaritimomelilla.es\/clmar\/wp-content\/uploads\/flota-RCMM2-200x150.jpeg 200w, https:\/\/www.realclubmaritimomelilla.es\/clmar\/wp-content\/uploads\/flota-RCMM2-300x225.jpeg 300w, https:\/\/www.realclubmaritimomelilla.es\/clmar\/wp-content\/uploads\/flota-RCMM2-400x300.jpeg 400w, https:\/\/www.realclubmaritimomelilla.es\/clmar\/wp-content\/uploads\/flota-RCMM2-600x450.jpeg 600w, https:\/\/www.realclubmaritimomelilla.es\/clmar\/wp-content\/uploads\/flota-RCMM2-768x576.jpeg 768w, https:\/\/www.realclubmaritimomelilla.es\/clmar\/wp-content\/uploads\/flota-RCMM2-800x600.jpeg 800w, https:\/\/www.realclubmaritimomelilla.es\/clmar\/wp-content\/uploads\/flota-RCMM2-1024x768.jpeg 1024w, https:\/\/www.realclubmaritimomelilla.es\/clmar\/wp-content\/uploads\/flota-RCMM2-1200x900.jpeg 1200w, https:\/\/www.realclubmaritimomelilla.es\/clmar\/wp-content\/uploads\/flota-RCMM2-1536x1152.jpeg 1536w, https:\/\/www.realclubmaritimomelilla.es\/clmar\/wp-content\/uploads\/flota-RCMM2.jpeg 1600w\" sizes=\"(max-width: 1600px) 100vw, 1600px\" \/><\/a>\n\t\t\t<\/dt><\/dl><dl class='gallery-item'>\n\t\t\t<dt class='gallery-icon landscape'>\n\t\t\t\t<a data-rel=\"iLightbox[postimages]\" data-title=\"flota RCMM3\" data-caption=\"\" href='https:\/\/www.realclubmaritimomelilla.es\/clmar\/la-flota-del-real-club-maritimo-de-melilla-sigue-con-sus-entrenamientos-en-la-bahia\/flota-rcmm3\/'><img decoding=\"async\" width=\"2048\" height=\"1536\" src=\"https:\/\/www.realclubmaritimomelilla.es\/clmar\/wp-content\/uploads\/flota-RCMM3.jpeg\" class=\"attachment-full size-full\" alt=\"\" srcset=\"https:\/\/www.realclubmaritimomelilla.es\/clmar\/wp-content\/uploads\/flota-RCMM3-200x150.jpeg 200w, https:\/\/www.realclubmaritimomelilla.es\/clmar\/wp-content\/uploads\/flota-RCMM3-300x225.jpeg 300w, https:\/\/www.realclubmaritimomelilla.es\/clmar\/wp-content\/uploads\/flota-RCMM3-400x300.jpeg 400w, https:\/\/www.realclubmaritimomelilla.es\/clmar\/wp-content\/uploads\/flota-RCMM3-600x450.jpeg 600w, https:\/\/www.realclubmaritimomelilla.es\/clmar\/wp-content\/uploads\/flota-RCMM3-768x576.jpeg 768w, https:\/\/www.realclubmaritimomelilla.es\/clmar\/wp-content\/uploads\/flota-RCMM3-800x600.jpeg 800w, https:\/\/www.realclubmaritimomelilla.es\/clmar\/wp-content\/uploads\/flota-RCMM3-1024x768.jpeg 1024w, https:\/\/www.realclubmaritimomelilla.es\/clmar\/wp-content\/uploads\/flota-RCMM3-1200x900.jpeg 1200w, https:\/\/www.realclubmaritimomelilla.es\/clmar\/wp-content\/uploads\/flota-RCMM3-1536x1152.jpeg 1536w, https:\/\/www.realclubmaritimomelilla.es\/clmar\/wp-content\/uploads\/flota-RCMM3.jpeg 2048w\" sizes=\"(max-width: 2048px) 100vw, 2048px\" \/><\/a>\n\t\t\t<\/dt><\/dl><br style=\"clear: both\" \/><dl class='gallery-item'>\n\t\t\t<dt class='gallery-icon landscape'>\n\t\t\t\t<a data-rel=\"iLightbox[postimages]\" data-title=\"flota RCMM4\" data-caption=\"\" href='https:\/\/www.realclubmaritimomelilla.es\/clmar\/la-flota-del-real-club-maritimo-de-melilla-sigue-con-sus-entrenamientos-en-la-bahia\/flota-rcmm4\/'><img decoding=\"async\" width=\"2048\" height=\"1536\" src=\"https:\/\/www.realclubmaritimomelilla.es\/clmar\/wp-content\/uploads\/flota-RCMM4.jpeg\" class=\"attachment-full size-full\" alt=\"\" srcset=\"https:\/\/www.realclubmaritimomelilla.es\/clmar\/wp-content\/uploads\/flota-RCMM4-200x150.jpeg 200w, https:\/\/www.realclubmaritimomelilla.es\/clmar\/wp-content\/uploads\/flota-RCMM4-300x225.jpeg 300w, https:\/\/www.realclubmaritimomelilla.es\/clmar\/wp-content\/uploads\/flota-RCMM4-400x300.jpeg 400w, https:\/\/www.realclubmaritimomelilla.es\/clmar\/wp-content\/uploads\/flota-RCMM4-600x450.jpeg 600w, https:\/\/www.realclubmaritimomelilla.es\/clmar\/wp-content\/uploads\/flota-RCMM4-768x576.jpeg 768w, https:\/\/www.realclubmaritimomelilla.es\/clmar\/wp-content\/uploads\/flota-RCMM4-800x600.jpeg 800w, https:\/\/www.realclubmaritimomelilla.es\/clmar\/wp-content\/uploads\/flota-RCMM4-1024x768.jpeg 1024w, https:\/\/www.realclubmaritimomelilla.es\/clmar\/wp-content\/uploads\/flota-RCMM4-1200x900.jpeg 1200w, https:\/\/www.realclubmaritimomelilla.es\/clmar\/wp-content\/uploads\/flota-RCMM4-1536x1152.jpeg 1536w, https:\/\/www.realclubmaritimomelilla.es\/clmar\/wp-content\/uploads\/flota-RCMM4.jpeg 2048w\" sizes=\"(max-width: 2048px) 100vw, 2048px\" \/><\/a>\n\t\t\t<\/dt><\/dl><dl class='gallery-item'>\n\t\t\t<dt class='gallery-icon landscape'>\n\t\t\t\t<a data-rel=\"iLightbox[postimages]\" data-title=\"flota RCMM5\" data-caption=\"\" href='https:\/\/www.realclubmaritimomelilla.es\/clmar\/la-flota-del-real-club-maritimo-de-melilla-sigue-con-sus-entrenamientos-en-la-bahia\/flota-rcmm5\/'><img decoding=\"async\" width=\"2048\" height=\"1536\" src=\"https:\/\/www.realclubmaritimomelilla.es\/clmar\/wp-content\/uploads\/flota-RCMM5.jpeg\" class=\"attachment-full size-full\" alt=\"\" srcset=\"https:\/\/www.realclubmaritimomelilla.es\/clmar\/wp-content\/uploads\/flota-RCMM5-200x150.jpeg 200w, https:\/\/www.realclubmaritimomelilla.es\/clmar\/wp-content\/uploads\/flota-RCMM5-300x225.jpeg 300w, https:\/\/www.realclubmaritimomelilla.es\/clmar\/wp-content\/uploads\/flota-RCMM5-400x300.jpeg 400w, https:\/\/www.realclubmaritimomelilla.es\/clmar\/wp-content\/uploads\/flota-RCMM5-600x450.jpeg 600w, https:\/\/www.realclubmaritimomelilla.es\/clmar\/wp-content\/uploads\/flota-RCMM5-768x576.jpeg 768w, https:\/\/www.realclubmaritimomelilla.es\/clmar\/wp-content\/uploads\/flota-RCMM5-800x600.jpeg 800w, https:\/\/www.realclubmaritimomelilla.es\/clmar\/wp-content\/uploads\/flota-RCMM5-1024x768.jpeg 1024w, https:\/\/www.realclubmaritimomelilla.es\/clmar\/wp-content\/uploads\/flota-RCMM5-1200x900.jpeg 1200w, https:\/\/www.realclubmaritimomelilla.es\/clmar\/wp-content\/uploads\/flota-RCMM5-1536x1152.jpeg 1536w, https:\/\/www.realclubmaritimomelilla.es\/clmar\/wp-content\/uploads\/flota-RCMM5.jpeg 2048w\" sizes=\"(max-width: 2048px) 100vw, 2048px\" \/><\/a>\n\t\t\t<\/dt><\/dl><dl class='gallery-item'>\n\t\t\t<dt class='gallery-icon landscape'>\n\t\t\t\t<a data-rel=\"iLightbox[postimages]\" data-title=\"flota RCMM6\" data-caption=\"\" href='https:\/\/www.realclubmaritimomelilla.es\/clmar\/la-flota-del-real-club-maritimo-de-melilla-sigue-con-sus-entrenamientos-en-la-bahia\/flota-rcmm6\/'><img decoding=\"async\" width=\"2048\" height=\"1536\" src=\"https:\/\/www.realclubmaritimomelilla.es\/clmar\/wp-content\/uploads\/flota-RCMM6.jpeg\" class=\"attachment-full size-full\" alt=\"\" srcset=\"https:\/\/www.realclubmaritimomelilla.es\/clmar\/wp-content\/uploads\/flota-RCMM6-200x150.jpeg 200w, https:\/\/www.realclubmaritimomelilla.es\/clmar\/wp-content\/uploads\/flota-RCMM6-300x225.jpeg 300w, https:\/\/www.realclubmaritimomelilla.es\/clmar\/wp-content\/uploads\/flota-RCMM6-400x300.jpeg 400w, https:\/\/www.realclubmaritimomelilla.es\/clmar\/wp-content\/uploads\/flota-RCMM6-600x450.jpeg 600w, https:\/\/www.realclubmaritimomelilla.es\/clmar\/wp-content\/uploads\/flota-RCMM6-768x576.jpeg 768w, https:\/\/www.realclubmaritimomelilla.es\/clmar\/wp-content\/uploads\/flota-RCMM6-800x600.jpeg 800w, https:\/\/www.realclubmaritimomelilla.es\/clmar\/wp-content\/uploads\/flota-RCMM6-1024x768.jpeg 1024w, https:\/\/www.realclubmaritimomelilla.es\/clmar\/wp-content\/uploads\/flota-RCMM6-1200x900.jpeg 1200w, https:\/\/www.realclubmaritimomelilla.es\/clmar\/wp-content\/uploads\/flota-RCMM6-1536x1152.jpeg 1536w, https:\/\/www.realclubmaritimomelilla.es\/clmar\/wp-content\/uploads\/flota-RCMM6.jpeg 2048w\" sizes=\"(max-width: 2048px) 100vw, 2048px\" \/><\/a>\n\t\t\t<\/dt><\/dl><br style=\"clear: both\" \/><dl class='gallery-item'>\n\t\t\t<dt class='gallery-icon landscape'>\n\t\t\t\t<a data-rel=\"iLightbox[postimages]\" data-title=\"flota RCMM7\" data-caption=\"\" href='https:\/\/www.realclubmaritimomelilla.es\/clmar\/la-flota-del-real-club-maritimo-de-melilla-sigue-con-sus-entrenamientos-en-la-bahia\/flota-rcmm7\/'><img decoding=\"async\" width=\"2048\" height=\"1536\" src=\"https:\/\/www.realclubmaritimomelilla.es\/clmar\/wp-content\/uploads\/flota-RCMM7.jpeg\" class=\"attachment-full size-full\" alt=\"\" srcset=\"https:\/\/www.realclubmaritimomelilla.es\/clmar\/wp-content\/uploads\/flota-RCMM7-200x150.jpeg 200w, https:\/\/www.realclubmaritimomelilla.es\/clmar\/wp-content\/uploads\/flota-RCMM7-300x225.jpeg 300w, https:\/\/www.realclubmaritimomelilla.es\/clmar\/wp-content\/uploads\/flota-RCMM7-400x300.jpeg 400w, https:\/\/www.realclubmaritimomelilla.es\/clmar\/wp-content\/uploads\/flota-RCMM7-600x450.jpeg 600w, https:\/\/www.realclubmaritimomelilla.es\/clmar\/wp-content\/uploads\/flota-RCMM7-768x576.jpeg 768w, https:\/\/www.realclubmaritimomelilla.es\/clmar\/wp-content\/uploads\/flota-RCMM7-800x600.jpeg 800w, https:\/\/www.realclubmaritimomelilla.es\/clmar\/wp-content\/uploads\/flota-RCMM7-1024x768.jpeg 1024w, https:\/\/www.realclubmaritimomelilla.es\/clmar\/wp-content\/uploads\/flota-RCMM7-1200x900.jpeg 1200w, https:\/\/www.realclubmaritimomelilla.es\/clmar\/wp-content\/uploads\/flota-RCMM7-1536x1152.jpeg 1536w, https:\/\/www.realclubmaritimomelilla.es\/clmar\/wp-content\/uploads\/flota-RCMM7.jpeg 2048w\" sizes=\"(max-width: 2048px) 100vw, 2048px\" \/><\/a>\n\t\t\t<\/dt><\/dl><dl class='gallery-item'>\n\t\t\t<dt class='gallery-icon landscape'>\n\t\t\t\t<a data-rel=\"iLightbox[postimages]\" data-title=\"flota RCMM8\" data-caption=\"\" href='https:\/\/www.realclubmaritimomelilla.es\/clmar\/la-flota-del-real-club-maritimo-de-melilla-sigue-con-sus-entrenamientos-en-la-bahia\/flota-rcmm8\/'><img decoding=\"async\" width=\"2048\" height=\"1536\" src=\"https:\/\/www.realclubmaritimomelilla.es\/clmar\/wp-content\/uploads\/flota-RCMM8.jpeg\" class=\"attachment-full size-full\" alt=\"\" srcset=\"https:\/\/www.realclubmaritimomelilla.es\/clmar\/wp-content\/uploads\/flota-RCMM8-200x150.jpeg 200w, https:\/\/www.realclubmaritimomelilla.es\/clmar\/wp-content\/uploads\/flota-RCMM8-300x225.jpeg 300w, https:\/\/www.realclubmaritimomelilla.es\/clmar\/wp-content\/uploads\/flota-RCMM8-400x300.jpeg 400w, https:\/\/www.realclubmaritimomelilla.es\/clmar\/wp-content\/uploads\/flota-RCMM8-600x450.jpeg 600w, https:\/\/www.realclubmaritimomelilla.es\/clmar\/wp-content\/uploads\/flota-RCMM8-768x576.jpeg 768w, https:\/\/www.realclubmaritimomelilla.es\/clmar\/wp-content\/uploads\/flota-RCMM8-800x600.jpeg 800w, https:\/\/www.realclubmaritimomelilla.es\/clmar\/wp-content\/uploads\/flota-RCMM8-1024x768.jpeg 1024w, https:\/\/www.realclubmaritimomelilla.es\/clmar\/wp-content\/uploads\/flota-RCMM8-1200x900.jpeg 1200w, https:\/\/www.realclubmaritimomelilla.es\/clmar\/wp-content\/uploads\/flota-RCMM8-1536x1152.jpeg 1536w, https:\/\/www.realclubmaritimomelilla.es\/clmar\/wp-content\/uploads\/flota-RCMM8.jpeg 2048w\" sizes=\"(max-width: 2048px) 100vw, 2048px\" \/><\/a>\n\t\t\t<\/dt><\/dl><dl class='gallery-item'>\n\t\t\t<dt class='gallery-icon landscape'>\n\t\t\t\t<a data-rel=\"iLightbox[postimages]\" data-title=\"flota RCMM9\" data-caption=\"\" href='https:\/\/www.realclubmaritimomelilla.es\/clmar\/la-flota-del-real-club-maritimo-de-melilla-sigue-con-sus-entrenamientos-en-la-bahia\/flota-rcmm9\/'><img decoding=\"async\" width=\"2048\" height=\"1536\" src=\"https:\/\/www.realclubmaritimomelilla.es\/clmar\/wp-content\/uploads\/flota-RCMM9.jpeg\" class=\"attachment-full size-full\" alt=\"\" srcset=\"https:\/\/www.realclubmaritimomelilla.es\/clmar\/wp-content\/uploads\/flota-RCMM9-200x150.jpeg 200w, https:\/\/www.realclubmaritimomelilla.es\/clmar\/wp-content\/uploads\/flota-RCMM9-300x225.jpeg 300w, https:\/\/www.realclubmaritimomelilla.es\/clmar\/wp-content\/uploads\/flota-RCMM9-400x300.jpeg 400w, https:\/\/www.realclubmaritimomelilla.es\/clmar\/wp-content\/uploads\/flota-RCMM9-600x450.jpeg 600w, https:\/\/www.realclubmaritimomelilla.es\/clmar\/wp-content\/uploads\/flota-RCMM9-768x576.jpeg 768w, https:\/\/www.realclubmaritimomelilla.es\/clmar\/wp-content\/uploads\/flota-RCMM9-800x600.jpeg 800w, https:\/\/www.realclubmaritimomelilla.es\/clmar\/wp-content\/uploads\/flota-RCMM9-1024x768.jpeg 1024w, https:\/\/www.realclubmaritimomelilla.es\/clmar\/wp-content\/uploads\/flota-RCMM9-1200x900.jpeg 1200w, https:\/\/www.realclubmaritimomelilla.es\/clmar\/wp-content\/uploads\/flota-RCMM9-1536x1152.jpeg 1536w, https:\/\/www.realclubmaritimomelilla.es\/clmar\/wp-content\/uploads\/flota-RCMM9.jpeg 2048w\" sizes=\"(max-width: 2048px) 100vw, 2048px\" \/><\/a>\n\t\t\t<\/dt><\/dl><br style=\"clear: both\" \/><dl class='gallery-item'>\n\t\t\t<dt class='gallery-icon landscape'>\n\t\t\t\t<a data-rel=\"iLightbox[postimages]\" data-title=\"flota RCMM10\" data-caption=\"\" href='https:\/\/www.realclubmaritimomelilla.es\/clmar\/la-flota-del-real-club-maritimo-de-melilla-sigue-con-sus-entrenamientos-en-la-bahia\/flota-rcmm10\/'><img decoding=\"async\" width=\"2048\" height=\"1536\" src=\"https:\/\/www.realclubmaritimomelilla.es\/clmar\/wp-content\/uploads\/flota-RCMM10.jpeg\" class=\"attachment-full size-full\" alt=\"\" srcset=\"https:\/\/www.realclubmaritimomelilla.es\/clmar\/wp-content\/uploads\/flota-RCMM10-200x150.jpeg 200w, https:\/\/www.realclubmaritimomelilla.es\/clmar\/wp-content\/uploads\/flota-RCMM10-300x225.jpeg 300w, https:\/\/www.realclubmaritimomelilla.es\/clmar\/wp-content\/uploads\/flota-RCMM10-400x300.jpeg 400w, https:\/\/www.realclubmaritimomelilla.es\/clmar\/wp-content\/uploads\/flota-RCMM10-600x450.jpeg 600w, https:\/\/www.realclubmaritimomelilla.es\/clmar\/wp-content\/uploads\/flota-RCMM10-768x576.jpeg 768w, https:\/\/www.realclubmaritimomelilla.es\/clmar\/wp-content\/uploads\/flota-RCMM10-800x600.jpeg 800w, https:\/\/www.realclubmaritimomelilla.es\/clmar\/wp-content\/uploads\/flota-RCMM10-1024x768.jpeg 1024w, https:\/\/www.realclubmaritimomelilla.es\/clmar\/wp-content\/uploads\/flota-RCMM10-1200x900.jpeg 1200w, https:\/\/www.realclubmaritimomelilla.es\/clmar\/wp-content\/uploads\/flota-RCMM10-1536x1152.jpeg 1536w, https:\/\/www.realclubmaritimomelilla.es\/clmar\/wp-content\/uploads\/flota-RCMM10.jpeg 2048w\" sizes=\"(max-width: 2048px) 100vw, 2048px\" \/><\/a>\n\t\t\t<\/dt><\/dl><dl class='gallery-item'>\n\t\t\t<dt class='gallery-icon landscape'>\n\t\t\t\t<a data-rel=\"iLightbox[postimages]\" data-title=\"flota RCMM11\" data-caption=\"\" href='https:\/\/www.realclubmaritimomelilla.es\/clmar\/la-flota-del-real-club-maritimo-de-melilla-sigue-con-sus-entrenamientos-en-la-bahia\/flota-rcmm11\/'><img decoding=\"async\" width=\"2048\" height=\"1536\" src=\"https:\/\/www.realclubmaritimomelilla.es\/clmar\/wp-content\/uploads\/flota-RCMM11.jpeg\" class=\"attachment-full size-full\" alt=\"\" srcset=\"https:\/\/www.realclubmaritimomelilla.es\/clmar\/wp-content\/uploads\/flota-RCMM11-200x150.jpeg 200w, https:\/\/www.realclubmaritimomelilla.es\/clmar\/wp-content\/uploads\/flota-RCMM11-300x225.jpeg 300w, https:\/\/www.realclubmaritimomelilla.es\/clmar\/wp-content\/uploads\/flota-RCMM11-400x300.jpeg 400w, https:\/\/www.realclubmaritimomelilla.es\/clmar\/wp-content\/uploads\/flota-RCMM11-600x450.jpeg 600w, https:\/\/www.realclubmaritimomelilla.es\/clmar\/wp-content\/uploads\/flota-RCMM11-768x576.jpeg 768w, https:\/\/www.realclubmaritimomelilla.es\/clmar\/wp-content\/uploads\/flota-RCMM11-800x600.jpeg 800w, https:\/\/www.realclubmaritimomelilla.es\/clmar\/wp-content\/uploads\/flota-RCMM11-1024x768.jpeg 1024w, https:\/\/www.realclubmaritimomelilla.es\/clmar\/wp-content\/uploads\/flota-RCMM11-1200x900.jpeg 1200w, https:\/\/www.realclubmaritimomelilla.es\/clmar\/wp-content\/uploads\/flota-RCMM11-1536x1152.jpeg 1536w, https:\/\/www.realclubmaritimomelilla.es\/clmar\/wp-content\/uploads\/flota-RCMM11.jpeg 2048w\" sizes=\"(max-width: 2048px) 100vw, 2048px\" \/><\/a>\n\t\t\t<\/dt><\/dl><dl class='gallery-item'>\n\t\t\t<dt class='gallery-icon landscape'>\n\t\t\t\t<a data-rel=\"iLightbox[postimages]\" data-title=\"flota RCMM12\" data-caption=\"\" href='https:\/\/www.realclubmaritimomelilla.es\/clmar\/la-flota-del-real-club-maritimo-de-melilla-sigue-con-sus-entrenamientos-en-la-bahia\/flota-rcmm12\/'><img decoding=\"async\" width=\"2048\" height=\"1536\" src=\"https:\/\/www.realclubmaritimomelilla.es\/clmar\/wp-content\/uploads\/flota-RCMM12.jpeg\" class=\"attachment-full size-full\" alt=\"\" srcset=\"https:\/\/www.realclubmaritimomelilla.es\/clmar\/wp-content\/uploads\/flota-RCMM12-200x150.jpeg 200w, https:\/\/www.realclubmaritimomelilla.es\/clmar\/wp-content\/uploads\/flota-RCMM12-300x225.jpeg 300w, https:\/\/www.realclubmaritimomelilla.es\/clmar\/wp-content\/uploads\/flota-RCMM12-400x300.jpeg 400w, https:\/\/www.realclubmaritimomelilla.es\/clmar\/wp-content\/uploads\/flota-RCMM12-600x450.jpeg 600w, https:\/\/www.realclubmaritimomelilla.es\/clmar\/wp-content\/uploads\/flota-RCMM12-768x576.jpeg 768w, https:\/\/www.realclubmaritimomelilla.es\/clmar\/wp-content\/uploads\/flota-RCMM12-800x600.jpeg 800w, https:\/\/www.realclubmaritimomelilla.es\/clmar\/wp-content\/uploads\/flota-RCMM12-1024x768.jpeg 1024w, https:\/\/www.realclubmaritimomelilla.es\/clmar\/wp-content\/uploads\/flota-RCMM12-1200x900.jpeg 1200w, https:\/\/www.realclubmaritimomelilla.es\/clmar\/wp-content\/uploads\/flota-RCMM12-1536x1152.jpeg 1536w, https:\/\/www.realclubmaritimomelilla.es\/clmar\/wp-content\/uploads\/flota-RCMM12.jpeg 2048w\" sizes=\"(max-width: 2048px) 100vw, 2048px\" \/><\/a>\n\t\t\t<\/dt><\/dl><br style=\"clear: both\" \/><dl class='gallery-item'>\n\t\t\t<dt class='gallery-icon landscape'>\n\t\t\t\t<a data-rel=\"iLightbox[postimages]\" data-title=\"flota RCMM13\" data-caption=\"\" href='https:\/\/www.realclubmaritimomelilla.es\/clmar\/la-flota-del-real-club-maritimo-de-melilla-sigue-con-sus-entrenamientos-en-la-bahia\/flota-rcmm13\/'><img decoding=\"async\" width=\"2048\" height=\"1536\" src=\"https:\/\/www.realclubmaritimomelilla.es\/clmar\/wp-content\/uploads\/flota-RCMM13.jpeg\" class=\"attachment-full size-full\" alt=\"\" srcset=\"https:\/\/www.realclubmaritimomelilla.es\/clmar\/wp-content\/uploads\/flota-RCMM13-200x150.jpeg 200w, https:\/\/www.realclubmaritimomelilla.es\/clmar\/wp-content\/uploads\/flota-RCMM13-300x225.jpeg 300w, https:\/\/www.realclubmaritimomelilla.es\/clmar\/wp-content\/uploads\/flota-RCMM13-400x300.jpeg 400w, https:\/\/www.realclubmaritimomelilla.es\/clmar\/wp-content\/uploads\/flota-RCMM13-600x450.jpeg 600w, https:\/\/www.realclubmaritimomelilla.es\/clmar\/wp-content\/uploads\/flota-RCMM13-768x576.jpeg 768w, https:\/\/www.realclubmaritimomelilla.es\/clmar\/wp-content\/uploads\/flota-RCMM13-800x600.jpeg 800w, https:\/\/www.realclubmaritimomelilla.es\/clmar\/wp-content\/uploads\/flota-RCMM13-1024x768.jpeg 1024w, https:\/\/www.realclubmaritimomelilla.es\/clmar\/wp-content\/uploads\/flota-RCMM13-1200x900.jpeg 1200w, https:\/\/www.realclubmaritimomelilla.es\/clmar\/wp-content\/uploads\/flota-RCMM13-1536x1152.jpeg 1536w, https:\/\/www.realclubmaritimomelilla.es\/clmar\/wp-content\/uploads\/flota-RCMM13.jpeg 2048w\" sizes=\"(max-width: 2048px) 100vw, 2048px\" \/><\/a>\n\t\t\t<\/dt><\/dl><dl class='gallery-item'>\n\t\t\t<dt class='gallery-icon landscape'>\n\t\t\t\t<a data-rel=\"iLightbox[postimages]\" data-title=\"flota RCMM14\" data-caption=\"\" href='https:\/\/www.realclubmaritimomelilla.es\/clmar\/la-flota-del-real-club-maritimo-de-melilla-sigue-con-sus-entrenamientos-en-la-bahia\/flota-rcmm14\/'><img decoding=\"async\" width=\"2048\" height=\"1536\" src=\"https:\/\/www.realclubmaritimomelilla.es\/clmar\/wp-content\/uploads\/flota-RCMM14.jpeg\" class=\"attachment-full size-full\" alt=\"\" srcset=\"https:\/\/www.realclubmaritimomelilla.es\/clmar\/wp-content\/uploads\/flota-RCMM14-200x150.jpeg 200w, https:\/\/www.realclubmaritimomelilla.es\/clmar\/wp-content\/uploads\/flota-RCMM14-300x225.jpeg 300w, https:\/\/www.realclubmaritimomelilla.es\/clmar\/wp-content\/uploads\/flota-RCMM14-400x300.jpeg 400w, https:\/\/www.realclubmaritimomelilla.es\/clmar\/wp-content\/uploads\/flota-RCMM14-600x450.jpeg 600w, https:\/\/www.realclubmaritimomelilla.es\/clmar\/wp-content\/uploads\/flota-RCMM14-768x576.jpeg 768w, https:\/\/www.realclubmaritimomelilla.es\/clmar\/wp-content\/uploads\/flota-RCMM14-800x600.jpeg 800w, https:\/\/www.realclubmaritimomelilla.es\/clmar\/wp-content\/uploads\/flota-RCMM14-1024x768.jpeg 1024w, https:\/\/www.realclubmaritimomelilla.es\/clmar\/wp-content\/uploads\/flota-RCMM14-1200x900.jpeg 1200w, https:\/\/www.realclubmaritimomelilla.es\/clmar\/wp-content\/uploads\/flota-RCMM14-1536x1152.jpeg 1536w, https:\/\/www.realclubmaritimomelilla.es\/clmar\/wp-content\/uploads\/flota-RCMM14.jpeg 2048w\" sizes=\"(max-width: 2048px) 100vw, 2048px\" \/><\/a>\n\t\t\t<\/dt><\/dl><dl class='gallery-item'>\n\t\t\t<dt class='gallery-icon landscape'>\n\t\t\t\t<a data-rel=\"iLightbox[postimages]\" data-title=\"flota RCMM15\" data-caption=\"\" href='https:\/\/www.realclubmaritimomelilla.es\/clmar\/la-flota-del-real-club-maritimo-de-melilla-sigue-con-sus-entrenamientos-en-la-bahia\/flota-rcmm15\/'><img decoding=\"async\" width=\"2048\" height=\"1536\" src=\"https:\/\/www.realclubmaritimomelilla.es\/clmar\/wp-content\/uploads\/flota-RCMM15.jpeg\" class=\"attachment-full size-full\" alt=\"\" srcset=\"https:\/\/www.realclubmaritimomelilla.es\/clmar\/wp-content\/uploads\/flota-RCMM15-200x150.jpeg 200w, https:\/\/www.realclubmaritimomelilla.es\/clmar\/wp-content\/uploads\/flota-RCMM15-300x225.jpeg 300w, https:\/\/www.realclubmaritimomelilla.es\/clmar\/wp-content\/uploads\/flota-RCMM15-400x300.jpeg 400w, https:\/\/www.realclubmaritimomelilla.es\/clmar\/wp-content\/uploads\/flota-RCMM15-600x450.jpeg 600w, https:\/\/www.realclubmaritimomelilla.es\/clmar\/wp-content\/uploads\/flota-RCMM15-768x576.jpeg 768w, https:\/\/www.realclubmaritimomelilla.es\/clmar\/wp-content\/uploads\/flota-RCMM15-800x600.jpeg 800w, https:\/\/www.realclubmaritimomelilla.es\/clmar\/wp-content\/uploads\/flota-RCMM15-1024x768.jpeg 1024w, https:\/\/www.realclubmaritimomelilla.es\/clmar\/wp-content\/uploads\/flota-RCMM15-1200x900.jpeg 1200w, https:\/\/www.realclubmaritimomelilla.es\/clmar\/wp-content\/uploads\/flota-RCMM15-1536x1152.jpeg 1536w, https:\/\/www.realclubmaritimomelilla.es\/clmar\/wp-content\/uploads\/flota-RCMM15.jpeg 2048w\" sizes=\"(max-width: 2048px) 100vw, 2048px\" \/><\/a>\n\t\t\t<\/dt><\/dl><br style=\"clear: both\" \/>\n\t\t<\/div>\n\n","protected":false},"excerpt":{"rendered":"<p>La secci\u00f3n de vela del Real Club Mar\u00edtimo de Melilla ha retomado sus actividades, tras el periodo navide\u00f1o. Durante los primeros d\u00edas del nuevo a\u00f1o se ha venido recuperando paulatinamente el ritmo de entrenamientos tanto de los regatistas de iniciaci\u00f3n como los integrantes del Equipo de Regata. Todo ello favorecido igualmente, por las inmejorables condiciones [&hellip;]<\/p>\n","protected":false},"author":1,"featured_media":19767,"comment_status":"open","ping_status":"open","sticky":false,"template":"","format":"standard","meta":{"_acf_changed":false,"footnotes":""},"categories":[1],"tags":[],"class_list":["post-19766","post","type-post","status-publish","format-standard","has-post-thumbnail","hentry","category-sin-categoria"],"acf":[],"yoast_head":"<!-- This site is optimized with the Yoast SEO plugin v27.5 - https:\/\/yoast.com\/product\/yoast-seo-wordpress\/ -->\n<title>LA FLOTA DEL REAL CLUB MAR\u00cdTIMO DE MELILLA SIGUE CON SUS ENTRENAMIENTOS EN LA BAH\u00cdA - Real Club Mar\u00edtimo de Melilla<\/title>\n<meta name=\"description\" content=\"LA FLOTA DEL REAL CLUB MAR\u00cdTIMO DE MELILLA SIGUE CON SUS ENTRENAMIENTOS EN LA BAH\u00cdA -\" \/>\n<meta name=\"robots\" content=\"index, follow, max-snippet:-1, max-image-preview:large, max-video-preview:-1\" \/>\n<link rel=\"canonical\" href=\"https:\/\/www.realclubmaritimomelilla.es\/clmar\/la-flota-del-real-club-maritimo-de-melilla-sigue-con-sus-entrenamientos-en-la-bahia\/\" \/>\n<meta property=\"og:locale\" content=\"es_ES\" \/>\n<meta property=\"og:type\" content=\"article\" \/>\n<meta property=\"og:title\" content=\"LA FLOTA DEL REAL CLUB MAR\u00cdTIMO DE MELILLA SIGUE CON SUS ENTRENAMIENTOS EN LA BAH\u00cdA - Real Club Mar\u00edtimo de Melilla\" \/>\n<meta property=\"og:description\" content=\"LA FLOTA DEL REAL CLUB MAR\u00cdTIMO DE MELILLA SIGUE CON SUS ENTRENAMIENTOS EN LA BAH\u00cdA -\" \/>\n<meta property=\"og:url\" content=\"https:\/\/www.realclubmaritimomelilla.es\/clmar\/la-flota-del-real-club-maritimo-de-melilla-sigue-con-sus-entrenamientos-en-la-bahia\/\" \/>\n<meta property=\"og:site_name\" content=\"Real Club Mar\u00edtimo de Melilla\" \/>\n<meta property=\"article:publisher\" content=\"https:\/\/www.facebook.com\/Real-Club-Mar%c3%adtimo-de-Melilla-588495841234214\/\" \/>\n<meta property=\"article:published_time\" content=\"2023-01-08T16:13:27+00:00\" \/>\n<meta property=\"og:image\" content=\"https:\/\/www.realclubmaritimomelilla.es\/clmar\/wp-content\/uploads\/flota-RCMM.jpeg\" \/>\n\t<meta property=\"og:image:width\" content=\"1600\" \/>\n\t<meta property=\"og:image:height\" content=\"1200\" \/>\n\t<meta property=\"og:image:type\" content=\"image\/jpeg\" \/>\n<meta name=\"author\" content=\"RCMMelilla\" \/>\n<meta name=\"twitter:card\" content=\"summary_large_image\" \/>\n<meta name=\"twitter:creator\" content=\"@nauticarcmm\" \/>\n<meta name=\"twitter:site\" content=\"@nauticarcmm\" \/>\n<meta name=\"twitter:label1\" content=\"Escrito por\" \/>\n\t<meta name=\"twitter:data1\" content=\"RCMMelilla\" \/>\n\t<meta name=\"twitter:label2\" content=\"Tiempo de lectura\" \/>\n\t<meta name=\"twitter:data2\" content=\"2 minutos\" \/>\n<script type=\"application\/ld+json\" class=\"yoast-schema-graph\">{\"@context\":\"https:\\\/\\\/schema.org\",\"@graph\":[{\"@type\":\"Article\",\"@id\":\"https:\\\/\\\/www.realclubmaritimomelilla.es\\\/clmar\\\/la-flota-del-real-club-maritimo-de-melilla-sigue-con-sus-entrenamientos-en-la-bahia\\\/#article\",\"isPartOf\":{\"@id\":\"https:\\\/\\\/www.realclubmaritimomelilla.es\\\/clmar\\\/la-flota-del-real-club-maritimo-de-melilla-sigue-con-sus-entrenamientos-en-la-bahia\\\/\"},\"author\":{\"name\":\"RCMMelilla\",\"@id\":\"https:\\\/\\\/www.realclubmaritimomelilla.es\\\/clmar\\\/#\\\/schema\\\/person\\\/ebaa3713496dc6d48c872452e73a8e79\"},\"headline\":\"LA FLOTA DEL REAL CLUB MAR\u00cdTIMO DE MELILLA SIGUE CON SUS ENTRENAMIENTOS EN LA BAH\u00cdA\",\"datePublished\":\"2023-01-08T16:13:27+00:00\",\"mainEntityOfPage\":{\"@id\":\"https:\\\/\\\/www.realclubmaritimomelilla.es\\\/clmar\\\/la-flota-del-real-club-maritimo-de-melilla-sigue-con-sus-entrenamientos-en-la-bahia\\\/\"},\"wordCount\":314,\"commentCount\":0,\"publisher\":{\"@id\":\"https:\\\/\\\/www.realclubmaritimomelilla.es\\\/clmar\\\/#organization\"},\"image\":{\"@id\":\"https:\\\/\\\/www.realclubmaritimomelilla.es\\\/clmar\\\/la-flota-del-real-club-maritimo-de-melilla-sigue-con-sus-entrenamientos-en-la-bahia\\\/#primaryimage\"},\"thumbnailUrl\":\"https:\\\/\\\/www.realclubmaritimomelilla.es\\\/clmar\\\/wp-content\\\/uploads\\\/flota-RCMM.jpeg\",\"inLanguage\":\"es\",\"potentialAction\":[{\"@type\":\"CommentAction\",\"name\":\"Comment\",\"target\":[\"https:\\\/\\\/www.realclubmaritimomelilla.es\\\/clmar\\\/la-flota-del-real-club-maritimo-de-melilla-sigue-con-sus-entrenamientos-en-la-bahia\\\/#respond\"]}]},{\"@type\":\"WebPage\",\"@id\":\"https:\\\/\\\/www.realclubmaritimomelilla.es\\\/clmar\\\/la-flota-del-real-club-maritimo-de-melilla-sigue-con-sus-entrenamientos-en-la-bahia\\\/\",\"url\":\"https:\\\/\\\/www.realclubmaritimomelilla.es\\\/clmar\\\/la-flota-del-real-club-maritimo-de-melilla-sigue-con-sus-entrenamientos-en-la-bahia\\\/\",\"name\":\"LA FLOTA DEL REAL CLUB MAR\u00cdTIMO DE MELILLA SIGUE CON SUS ENTRENAMIENTOS EN LA BAH\u00cdA - Real Club Mar\u00edtimo de Melilla\",\"isPartOf\":{\"@id\":\"https:\\\/\\\/www.realclubmaritimomelilla.es\\\/clmar\\\/#website\"},\"primaryImageOfPage\":{\"@id\":\"https:\\\/\\\/www.realclubmaritimomelilla.es\\\/clmar\\\/la-flota-del-real-club-maritimo-de-melilla-sigue-con-sus-entrenamientos-en-la-bahia\\\/#primaryimage\"},\"image\":{\"@id\":\"https:\\\/\\\/www.realclubmaritimomelilla.es\\\/clmar\\\/la-flota-del-real-club-maritimo-de-melilla-sigue-con-sus-entrenamientos-en-la-bahia\\\/#primaryimage\"},\"thumbnailUrl\":\"https:\\\/\\\/www.realclubmaritimomelilla.es\\\/clmar\\\/wp-content\\\/uploads\\\/flota-RCMM.jpeg\",\"datePublished\":\"2023-01-08T16:13:27+00:00\",\"description\":\"LA FLOTA DEL REAL CLUB MAR\u00cdTIMO DE MELILLA SIGUE CON SUS ENTRENAMIENTOS EN LA BAH\u00cdA -\",\"breadcrumb\":{\"@id\":\"https:\\\/\\\/www.realclubmaritimomelilla.es\\\/clmar\\\/la-flota-del-real-club-maritimo-de-melilla-sigue-con-sus-entrenamientos-en-la-bahia\\\/#breadcrumb\"},\"inLanguage\":\"es\",\"potentialAction\":[{\"@type\":\"ReadAction\",\"target\":[\"https:\\\/\\\/www.realclubmaritimomelilla.es\\\/clmar\\\/la-flota-del-real-club-maritimo-de-melilla-sigue-con-sus-entrenamientos-en-la-bahia\\\/\"]}]},{\"@type\":\"ImageObject\",\"inLanguage\":\"es\",\"@id\":\"https:\\\/\\\/www.realclubmaritimomelilla.es\\\/clmar\\\/la-flota-del-real-club-maritimo-de-melilla-sigue-con-sus-entrenamientos-en-la-bahia\\\/#primaryimage\",\"url\":\"https:\\\/\\\/www.realclubmaritimomelilla.es\\\/clmar\\\/wp-content\\\/uploads\\\/flota-RCMM.jpeg\",\"contentUrl\":\"https:\\\/\\\/www.realclubmaritimomelilla.es\\\/clmar\\\/wp-content\\\/uploads\\\/flota-RCMM.jpeg\",\"width\":1600,\"height\":1200},{\"@type\":\"BreadcrumbList\",\"@id\":\"https:\\\/\\\/www.realclubmaritimomelilla.es\\\/clmar\\\/la-flota-del-real-club-maritimo-de-melilla-sigue-con-sus-entrenamientos-en-la-bahia\\\/#breadcrumb\",\"itemListElement\":[{\"@type\":\"ListItem\",\"position\":1,\"name\":\"Portada\",\"item\":\"https:\\\/\\\/www.realclubmaritimomelilla.es\\\/clmar\\\/\"},{\"@type\":\"ListItem\",\"position\":2,\"name\":\"LA FLOTA DEL REAL CLUB MAR\u00cdTIMO DE MELILLA SIGUE CON SUS ENTRENAMIENTOS EN LA BAH\u00cdA\"}]},{\"@type\":\"WebSite\",\"@id\":\"https:\\\/\\\/www.realclubmaritimomelilla.es\\\/clmar\\\/#website\",\"url\":\"https:\\\/\\\/www.realclubmaritimomelilla.es\\\/clmar\\\/\",\"name\":\"Real Club Mar\u00edtimo de Melilla\",\"description\":\"RCMM\",\"publisher\":{\"@id\":\"https:\\\/\\\/www.realclubmaritimomelilla.es\\\/clmar\\\/#organization\"},\"alternateName\":\"RCMM\",\"potentialAction\":[{\"@type\":\"SearchAction\",\"target\":{\"@type\":\"EntryPoint\",\"urlTemplate\":\"https:\\\/\\\/www.realclubmaritimomelilla.es\\\/clmar\\\/?s={search_term_string}\"},\"query-input\":{\"@type\":\"PropertyValueSpecification\",\"valueRequired\":true,\"valueName\":\"search_term_string\"}}],\"inLanguage\":\"es\"},{\"@type\":\"Organization\",\"@id\":\"https:\\\/\\\/www.realclubmaritimomelilla.es\\\/clmar\\\/#organization\",\"name\":\"Real Club Mar\u00edtimo de Melilla\",\"alternateName\":\"RCMM\",\"url\":\"https:\\\/\\\/www.realclubmaritimomelilla.es\\\/clmar\\\/\",\"logo\":{\"@type\":\"ImageObject\",\"inLanguage\":\"es\",\"@id\":\"https:\\\/\\\/www.realclubmaritimomelilla.es\\\/clmar\\\/#\\\/schema\\\/logo\\\/image\\\/\",\"url\":\"https:\\\/\\\/www.realclubmaritimomelilla.es\\\/clmar\\\/wp-content\\\/uploads\\\/logo-club-original-copia.jpg\",\"contentUrl\":\"https:\\\/\\\/www.realclubmaritimomelilla.es\\\/clmar\\\/wp-content\\\/uploads\\\/logo-club-original-copia.jpg\",\"width\":128,\"height\":89,\"caption\":\"Real Club Mar\u00edtimo de Melilla\"},\"image\":{\"@id\":\"https:\\\/\\\/www.realclubmaritimomelilla.es\\\/clmar\\\/#\\\/schema\\\/logo\\\/image\\\/\"},\"sameAs\":[\"https:\\\/\\\/www.facebook.com\\\/Real-Club-Mar\u00edtimo-de-Melilla-588495841234214\\\/\",\"https:\\\/\\\/x.com\\\/nauticarcmm\",\"https:\\\/\\\/www.instagram.com\\\/club_maritimo_melilla\\\/\",\"https:\\\/\\\/www.youtube.com\\\/@realclubmaritimodemelilla4703\",\"https:\\\/\\\/es.wikipedia.org\\\/wiki\\\/Real_Club_Mar\u00edtimo_de_Melilla\"]},{\"@type\":\"Person\",\"@id\":\"https:\\\/\\\/www.realclubmaritimomelilla.es\\\/clmar\\\/#\\\/schema\\\/person\\\/ebaa3713496dc6d48c872452e73a8e79\",\"name\":\"RCMMelilla\",\"image\":{\"@type\":\"ImageObject\",\"inLanguage\":\"es\",\"@id\":\"https:\\\/\\\/secure.gravatar.com\\\/avatar\\\/df1c24789360fb9308735c4ee556fc2bc5bf924bf01e53043b8b97ba272da33c?s=96&d=mm&r=g\",\"url\":\"https:\\\/\\\/secure.gravatar.com\\\/avatar\\\/df1c24789360fb9308735c4ee556fc2bc5bf924bf01e53043b8b97ba272da33c?s=96&d=mm&r=g\",\"contentUrl\":\"https:\\\/\\\/secure.gravatar.com\\\/avatar\\\/df1c24789360fb9308735c4ee556fc2bc5bf924bf01e53043b8b97ba272da33c?s=96&d=mm&r=g\",\"caption\":\"RCMMelilla\"}}]}<\/script>\n<!-- \/ Yoast SEO plugin. -->","yoast_head_json":{"title":"LA FLOTA DEL REAL CLUB MAR\u00cdTIMO DE MELILLA SIGUE CON SUS ENTRENAMIENTOS EN LA BAH\u00cdA - Real Club Mar\u00edtimo de Melilla","description":"LA FLOTA DEL REAL CLUB MAR\u00cdTIMO DE MELILLA SIGUE CON SUS ENTRENAMIENTOS EN LA BAH\u00cdA -","robots":{"index":"index","follow":"follow","max-snippet":"max-snippet:-1","max-image-preview":"max-image-preview:large","max-video-preview":"max-video-preview:-1"},"canonical":"https:\/\/www.realclubmaritimomelilla.es\/clmar\/la-flota-del-real-club-maritimo-de-melilla-sigue-con-sus-entrenamientos-en-la-bahia\/","og_locale":"es_ES","og_type":"article","og_title":"LA FLOTA DEL REAL CLUB MAR\u00cdTIMO DE MELILLA SIGUE CON SUS ENTRENAMIENTOS EN LA BAH\u00cdA - Real Club Mar\u00edtimo de Melilla","og_description":"LA FLOTA DEL REAL CLUB MAR\u00cdTIMO DE MELILLA SIGUE CON SUS ENTRENAMIENTOS EN LA BAH\u00cdA -","og_url":"https:\/\/www.realclubmaritimomelilla.es\/clmar\/la-flota-del-real-club-maritimo-de-melilla-sigue-con-sus-entrenamientos-en-la-bahia\/","og_site_name":"Real Club Mar\u00edtimo de Melilla","article_publisher":"https:\/\/www.facebook.com\/Real-Club-Mar%c3%adtimo-de-Melilla-588495841234214\/","article_published_time":"2023-01-08T16:13:27+00:00","og_image":[{"width":1600,"height":1200,"url":"https:\/\/www.realclubmaritimomelilla.es\/clmar\/wp-content\/uploads\/flota-RCMM.jpeg","type":"image\/jpeg"}],"author":"RCMMelilla","twitter_card":"summary_large_image","twitter_creator":"@nauticarcmm","twitter_site":"@nauticarcmm","twitter_misc":{"Escrito por":"RCMMelilla","Tiempo de lectura":"2 minutos"},"schema":{"@context":"https:\/\/schema.org","@graph":[{"@type":"Article","@id":"https:\/\/www.realclubmaritimomelilla.es\/clmar\/la-flota-del-real-club-maritimo-de-melilla-sigue-con-sus-entrenamientos-en-la-bahia\/#article","isPartOf":{"@id":"https:\/\/www.realclubmaritimomelilla.es\/clmar\/la-flota-del-real-club-maritimo-de-melilla-sigue-con-sus-entrenamientos-en-la-bahia\/"},"author":{"name":"RCMMelilla","@id":"https:\/\/www.realclubmaritimomelilla.es\/clmar\/#\/schema\/person\/ebaa3713496dc6d48c872452e73a8e79"},"headline":"LA FLOTA DEL REAL CLUB MAR\u00cdTIMO DE MELILLA SIGUE CON SUS ENTRENAMIENTOS EN LA BAH\u00cdA","datePublished":"2023-01-08T16:13:27+00:00","mainEntityOfPage":{"@id":"https:\/\/www.realclubmaritimomelilla.es\/clmar\/la-flota-del-real-club-maritimo-de-melilla-sigue-con-sus-entrenamientos-en-la-bahia\/"},"wordCount":314,"commentCount":0,"publisher":{"@id":"https:\/\/www.realclubmaritimomelilla.es\/clmar\/#organization"},"image":{"@id":"https:\/\/www.realclubmaritimomelilla.es\/clmar\/la-flota-del-real-club-maritimo-de-melilla-sigue-con-sus-entrenamientos-en-la-bahia\/#primaryimage"},"thumbnailUrl":"https:\/\/www.realclubmaritimomelilla.es\/clmar\/wp-content\/uploads\/flota-RCMM.jpeg","inLanguage":"es","potentialAction":[{"@type":"CommentAction","name":"Comment","target":["https:\/\/www.realclubmaritimomelilla.es\/clmar\/la-flota-del-real-club-maritimo-de-melilla-sigue-con-sus-entrenamientos-en-la-bahia\/#respond"]}]},{"@type":"WebPage","@id":"https:\/\/www.realclubmaritimomelilla.es\/clmar\/la-flota-del-real-club-maritimo-de-melilla-sigue-con-sus-entrenamientos-en-la-bahia\/","url":"https:\/\/www.realclubmaritimomelilla.es\/clmar\/la-flota-del-real-club-maritimo-de-melilla-sigue-con-sus-entrenamientos-en-la-bahia\/","name":"LA FLOTA DEL REAL CLUB MAR\u00cdTIMO DE MELILLA SIGUE CON SUS ENTRENAMIENTOS EN LA BAH\u00cdA - Real Club Mar\u00edtimo de Melilla","isPartOf":{"@id":"https:\/\/www.realclubmaritimomelilla.es\/clmar\/#website"},"primaryImageOfPage":{"@id":"https:\/\/www.realclubmaritimomelilla.es\/clmar\/la-flota-del-real-club-maritimo-de-melilla-sigue-con-sus-entrenamientos-en-la-bahia\/#primaryimage"},"image":{"@id":"https:\/\/www.realclubmaritimomelilla.es\/clmar\/la-flota-del-real-club-maritimo-de-melilla-sigue-con-sus-entrenamientos-en-la-bahia\/#primaryimage"},"thumbnailUrl":"https:\/\/www.realclubmaritimomelilla.es\/clmar\/wp-content\/uploads\/flota-RCMM.jpeg","datePublished":"2023-01-08T16:13:27+00:00","description":"LA FLOTA DEL REAL CLUB MAR\u00cdTIMO DE MELILLA SIGUE CON SUS ENTRENAMIENTOS EN LA BAH\u00cdA -","breadcrumb":{"@id":"https:\/\/www.realclubmaritimomelilla.es\/clmar\/la-flota-del-real-club-maritimo-de-melilla-sigue-con-sus-entrenamientos-en-la-bahia\/#breadcrumb"},"inLanguage":"es","potentialAction":[{"@type":"ReadAction","target":["https:\/\/www.realclubmaritimomelilla.es\/clmar\/la-flota-del-real-club-maritimo-de-melilla-sigue-con-sus-entrenamientos-en-la-bahia\/"]}]},{"@type":"ImageObject","inLanguage":"es","@id":"https:\/\/www.realclubmaritimomelilla.es\/clmar\/la-flota-del-real-club-maritimo-de-melilla-sigue-con-sus-entrenamientos-en-la-bahia\/#primaryimage","url":"https:\/\/www.realclubmaritimomelilla.es\/clmar\/wp-content\/uploads\/flota-RCMM.jpeg","contentUrl":"https:\/\/www.realclubmaritimomelilla.es\/clmar\/wp-content\/uploads\/flota-RCMM.jpeg","width":1600,"height":1200},{"@type":"BreadcrumbList","@id":"https:\/\/www.realclubmaritimomelilla.es\/clmar\/la-flota-del-real-club-maritimo-de-melilla-sigue-con-sus-entrenamientos-en-la-bahia\/#breadcrumb","itemListElement":[{"@type":"ListItem","position":1,"name":"Portada","item":"https:\/\/www.realclubmaritimomelilla.es\/clmar\/"},{"@type":"ListItem","position":2,"name":"LA FLOTA DEL REAL CLUB MAR\u00cdTIMO DE MELILLA SIGUE CON SUS ENTRENAMIENTOS EN LA BAH\u00cdA"}]},{"@type":"WebSite","@id":"https:\/\/www.realclubmaritimomelilla.es\/clmar\/#website","url":"https:\/\/www.realclubmaritimomelilla.es\/clmar\/","name":"Real Club Mar\u00edtimo de Melilla","description":"RCMM","publisher":{"@id":"https:\/\/www.realclubmaritimomelilla.es\/clmar\/#organization"},"alternateName":"RCMM","potentialAction":[{"@type":"SearchAction","target":{"@type":"EntryPoint","urlTemplate":"https:\/\/www.realclubmaritimomelilla.es\/clmar\/?s={search_term_string}"},"query-input":{"@type":"PropertyValueSpecification","valueRequired":true,"valueName":"search_term_string"}}],"inLanguage":"es"},{"@type":"Organization","@id":"https:\/\/www.realclubmaritimomelilla.es\/clmar\/#organization","name":"Real Club Mar\u00edtimo de Melilla","alternateName":"RCMM","url":"https:\/\/www.realclubmaritimomelilla.es\/clmar\/","logo":{"@type":"ImageObject","inLanguage":"es","@id":"https:\/\/www.realclubmaritimomelilla.es\/clmar\/#\/schema\/logo\/image\/","url":"https:\/\/www.realclubmaritimomelilla.es\/clmar\/wp-content\/uploads\/logo-club-original-copia.jpg","contentUrl":"https:\/\/www.realclubmaritimomelilla.es\/clmar\/wp-content\/uploads\/logo-club-original-copia.jpg","width":128,"height":89,"caption":"Real Club Mar\u00edtimo de Melilla"},"image":{"@id":"https:\/\/www.realclubmaritimomelilla.es\/clmar\/#\/schema\/logo\/image\/"},"sameAs":["https:\/\/www.facebook.com\/Real-Club-Mar\u00edtimo-de-Melilla-588495841234214\/","https:\/\/x.com\/nauticarcmm","https:\/\/www.instagram.com\/club_maritimo_melilla\/","https:\/\/www.youtube.com\/@realclubmaritimodemelilla4703","https:\/\/es.wikipedia.org\/wiki\/Real_Club_Mar\u00edtimo_de_Melilla"]},{"@type":"Person","@id":"https:\/\/www.realclubmaritimomelilla.es\/clmar\/#\/schema\/person\/ebaa3713496dc6d48c872452e73a8e79","name":"RCMMelilla","image":{"@type":"ImageObject","inLanguage":"es","@id":"https:\/\/secure.gravatar.com\/avatar\/df1c24789360fb9308735c4ee556fc2bc5bf924bf01e53043b8b97ba272da33c?s=96&d=mm&r=g","url":"https:\/\/secure.gravatar.com\/avatar\/df1c24789360fb9308735c4ee556fc2bc5bf924bf01e53043b8b97ba272da33c?s=96&d=mm&r=g","contentUrl":"https:\/\/secure.gravatar.com\/avatar\/df1c24789360fb9308735c4ee556fc2bc5bf924bf01e53043b8b97ba272da33c?s=96&d=mm&r=g","caption":"RCMMelilla"}}]}},"_links":{"self":[{"href":"https:\/\/www.realclubmaritimomelilla.es\/clmar\/wp-json\/wp\/v2\/posts\/19766","targetHints":{"allow":["GET"]}}],"collection":[{"href":"https:\/\/www.realclubmaritimomelilla.es\/clmar\/wp-json\/wp\/v2\/posts"}],"about":[{"href":"https:\/\/www.realclubmaritimomelilla.es\/clmar\/wp-json\/wp\/v2\/types\/post"}],"author":[{"embeddable":true,"href":"https:\/\/www.realclubmaritimomelilla.es\/clmar\/wp-json\/wp\/v2\/users\/1"}],"replies":[{"embeddable":true,"href":"https:\/\/www.realclubmaritimomelilla.es\/clmar\/wp-json\/wp\/v2\/comments?post=19766"}],"version-history":[{"count":1,"href":"https:\/\/www.realclubmaritimomelilla.es\/clmar\/wp-json\/wp\/v2\/posts\/19766\/revisions"}],"predecessor-version":[{"id":19782,"href":"https:\/\/www.realclubmaritimomelilla.es\/clmar\/wp-json\/wp\/v2\/posts\/19766\/revisions\/19782"}],"wp:featuredmedia":[{"embeddable":true,"href":"https:\/\/www.realclubmaritimomelilla.es\/clmar\/wp-json\/wp\/v2\/media\/19767"}],"wp:attachment":[{"href":"https:\/\/www.realclubmaritimomelilla.es\/clmar\/wp-json\/wp\/v2\/media?parent=19766"}],"wp:term":[{"taxonomy":"category","embeddable":true,"href":"https:\/\/www.realclubmaritimomelilla.es\/clmar\/wp-json\/wp\/v2\/categories?post=19766"},{"taxonomy":"post_tag","embeddable":true,"href":"https:\/\/www.realclubmaritimomelilla.es\/clmar\/wp-json\/wp\/v2\/tags?post=19766"}],"curies":[{"name":"wp","href":"https:\/\/api.w.org\/{rel}","templated":true}]}}