{"id":19372,"date":"2022-08-08T17:12:38","date_gmt":"2022-08-08T15:12:38","guid":{"rendered":"https:\/\/www.realclubmaritimomelilla.es\/clmar\/?p=17584"},"modified":"2022-08-08T17:12:38","modified_gmt":"2022-08-08T15:12:38","slug":"el-ii-trofeo-real-club-maritimo-melilla-sport-capital-para-optimist-e-ilca-acaba-sin-sorpresas","status":"publish","type":"post","link":"https:\/\/www.realclubmaritimomelilla.es\/clmar\/el-ii-trofeo-real-club-maritimo-melilla-sport-capital-para-optimist-e-ilca-acaba-sin-sorpresas\/","title":{"rendered":"EL II TROFEO REAL CLUB MAR\u00cdTIMO \u2013 MELILLA SPORT CAPITAL PARA OPTIMIST E ILCA ACABA SIN SORPRESAS"},"content":{"rendered":"<p>Jos\u00e9 Manuel Cuellar (RCN de Adra) en optimist, \u00c1lvaro Rodr\u00edguez (RCN de Adra) en Ilca 4 y Miguel Due\u00f1as (RCM Melilla) en Ilca 6 se han proclamado este lunes campeones del II Trofeo de Vela Ligera Club Mar\u00edtimo \u2013 Melilla Sport Capital.<\/p>\n<p>Una tercera jornada de competici\u00f3n en la que se han disputado tres mangas, con vientos del 010\u00ba y con una intensidad media de doce nudos.<\/p>\n<p>La jornada arrancaba temprano, puesto que antes del mediod\u00eda ya estaba izada la bandera \u2018Delta\u2019 y a las 12:15 horas ya hab\u00edan tomado la primera salida del d\u00eda las embarcaciones de la clase optimist.<\/p>\n<p>El Comit\u00e9 de Regata, liderado por Fidel Mart\u00ednez y Carlos Mu\u00f1oz han conseguido desarrollar las nueve mangas previstas en las instrucciones de regata, logrando la felicitaci\u00f3n de toda la flota, por el buen hacer el equipo t\u00e9cnico que estaba tanto en el campo de regata como en la sede del evento, el Real Club Mar\u00edtimo de Melilla.<\/p>\n<p>Jos\u00e9 Manuel Cuellar (RCN Adra) no ha tenido problemas para asegurarse el triunfo firmando hoy dos nuevas victorias en la octava y novena manga, y acabando quinto en la primera del d\u00eda.<\/p>\n<p>De igual forma, Iz\u00e1n Rogel (RCN Torrevieja) ha conseguido mantener el segundo puesto de la general, pese a los intentos de Antonio L\u00f3pez (RCR Cartagena) por arrebat\u00e1rselo. Al final s\u00f3lo un punto de diferencia entre ambos en la clasificaci\u00f3n.<\/p>\n<p>El triunfo el Ilca4 ha sido para el almerinese Alvaro Rodr\u00edguez (RCN Adra) que este lunes no ha querido sorpresas y ha navegado en cabeza logrando dos primeros y un segundo, para as\u00ed subirse al primer puesto del podio.<\/p>\n<p>El segundo puesto de la clase si ha estado m\u00e1s re\u00f1ido. Huego Linares (RCN Adra) ha penalizado en la \u00faltima prueba con un octavo puesto, siendo su peor resultado en las nueva mangas y la posici\u00f3n descartada. Esta circunstancia le ha permitido alcanzar el subcampeonato, ante Fernando Meseguer (RCR Santiago de la Ribera) que ha acabado tercero.<\/p>\n<p>La clasificaci\u00f3n en Ilca6 est\u00e1 resuelta desde el domingo. Miguel Due\u00f1as (RCM Melilla) ha firmado dos primeros y se ha retirado en la \u00faltima prueba, ya que ten\u00eda el triunfo asegurado y el campeonato. Por su parte, Pablo Cervilla (RCM Melilla) este lunes ni tan siquiera ha salido a navegar puesto que ten\u00eda asegurado el subcampeonato. El almeriense Jos\u00e9 P\u00e9rez (RCN Adra), que ha disputado todas las mangas, ha acabado tercero de la clase.<\/p>\n<p>A las 20:00 h. se proceder\u00e1 a la entrega de trofeos para las flotas optimist e Ilca 4 y 6, en las instalaciones del Real Club Mar\u00edtimo de Melilla, con la presencia de distintas autoridades y patrocinadores, como la naviera Armas-Trasmediterr\u00e0nea.<\/p>\n<p>El mi\u00e9rcoles 9 de agosto continuar\u00e1 este II Trofeo de Vela Ligera Club Mar\u00edtimo \u2013 Melilla Sport Capital con la primera de las dos jornadas en las que ser\u00e1n potagonistas las tablas de Techno 293 e Iqfoil.<\/p>\n<p><img decoding=\"async\" class=\"aligncenter size-full wp-image-17585\" src=\"https:\/\/www.realclubmaritimomelilla.es\/clmar\/wp-content\/uploads\/Alvaro-Rodriguez-Ilca4.jpg\" alt=\"\" width=\"1280\" height=\"853\" \/> <img decoding=\"async\" class=\"aligncenter size-full wp-image-17586\" src=\"https:\/\/www.realclubmaritimomelilla.es\/clmar\/wp-content\/uploads\/Jose-Manuel-Cuellar-optimist.jpg\" alt=\"\" width=\"1280\" height=\"853\" \/> <img decoding=\"async\" class=\"aligncenter size-full wp-image-17587\" src=\"https:\/\/www.realclubmaritimomelilla.es\/clmar\/wp-content\/uploads\/Miguel-Duenas-Ilca6.jpg\" alt=\"\" width=\"1280\" height=\"853\" \/><\/p>\n<p>CLASIFICACI\u00d3N OPTIMIST FINAL.<\/p>\n<p>1\u00ba Jos\u00e9 Manuel Cuellar (RCN de Adra), 13 puntos<\/p>\n<p>2\u00ba Iz\u00e1n Rogel (RCN Torrevieja), 23 puntos<\/p>\n<p>3\u00ba Sergio L\u00f3pez (RC de Regatas de Cartagena), 24 puntos<\/p>\n<p>4\u00ba Antonio L\u00f3pez (RC de Regatas de Cartagena), 31 puntos<\/p>\n<p>5\u00ba \u00c1lvaro Ballesteros (RCN Motril), 51 puntos<\/p>\n<p>6\u00ba Juan Antonio Ayala (RC de Regatas de Cartagena), 51 puntos<\/p>\n<p>7\u00ba Carlos Gonz\u00e1lez-Costea (RC de Regatas de Cartagena), 58 puntos<\/p>\n<p>8\u00ba Daniel Mart\u00ednez (CN Los Nietos), 59 puntos<\/p>\n<p>9\u00aa Elia Albadalejo (CN Los Nietos), 69 puntos<\/p>\n<p>10\u00aa Carlos Alonso (C de Mar Almer\u00eda), 82 puntos<\/p>\n<p>&nbsp;<\/p>\n<p>CLASIFICACI\u00d3N ILCA 4 FINAL.<\/p>\n<p>1\u00ba \u00c1lvaro Rodr\u00edguez (RCN de Adra), 12 puntos<\/p>\n<p>2\u00ba Hugo Linares (RCN de Adra), 22 puntos<\/p>\n<p>3\u00ba Fernando Meseguer (RC Regatas Santiago de la Ribera), 26 puntos<\/p>\n<p>4\u00aa Claudia Garc\u00eda (CN Los Nietos), 35 puntos<\/p>\n<p>5\u00aa Natasha Rigol (RC Regatas Santiago de la Ribera), 41 puntos<\/p>\n<p>&nbsp;<\/p>\n<p>CLASIFICACI\u00d3N ILCA 6 FINAL.<\/p>\n<p>1\u00ba Miguel Due\u00f1as (RCM Melilla), 9 puntos<\/p>\n<p>2\u00ba Pablo Cervilla (RCM Melilla), 19 puntos<\/p>\n<p>3\u00ba Jos\u00e9 P\u00e9rez (RCN de Adra), 20 puntos<\/p>\n","protected":false},"excerpt":{"rendered":"<p>Jos\u00e9 Manuel Cuellar (RCN de Adra) en optimist, \u00c1lvaro Rodr\u00edguez (RCN de Adra) en Ilca 4 y Miguel Due\u00f1as (RCM Melilla) en Ilca 6 se han proclamado este lunes campeones del II Trofeo de Vela Ligera Club Mar\u00edtimo \u2013 Melilla Sport Capital. Una tercera jornada de competici\u00f3n en la que se han disputado tres mangas, [&hellip;]<\/p>\n","protected":false},"author":1,"featured_media":19565,"comment_status":"open","ping_status":"open","sticky":false,"template":"","format":"standard","meta":{"_acf_changed":false,"footnotes":""},"categories":[1],"tags":[],"class_list":["post-19372","post","type-post","status-publish","format-standard","has-post-thumbnail","hentry","category-sin-categoria"],"acf":[],"yoast_head":"<!-- This site is optimized with the Yoast SEO plugin v27.5 - https:\/\/yoast.com\/product\/yoast-seo-wordpress\/ -->\n<title>EL II TROFEO REAL CLUB MAR\u00cdTIMO \u2013 MELILLA SPORT CAPITAL PARA OPTIMIST E ILCA ACABA SIN SORPRESAS - Real Club Mar\u00edtimo de Melilla<\/title>\n<meta name=\"description\" content=\"EL II TROFEO REAL CLUB MAR\u00cdTIMO \u2013 MELILLA SPORT CAPITAL PARA OPTIMIST E ILCA ACABA SIN SORPRESAS -\" \/>\n<meta name=\"robots\" content=\"index, follow, max-snippet:-1, max-image-preview:large, max-video-preview:-1\" \/>\n<link rel=\"canonical\" href=\"https:\/\/www.realclubmaritimomelilla.es\/clmar\/el-ii-trofeo-real-club-maritimo-melilla-sport-capital-para-optimist-e-ilca-acaba-sin-sorpresas\/\" \/>\n<meta property=\"og:locale\" content=\"es_ES\" \/>\n<meta property=\"og:type\" content=\"article\" \/>\n<meta property=\"og:title\" content=\"EL II TROFEO REAL CLUB MAR\u00cdTIMO \u2013 MELILLA SPORT CAPITAL PARA OPTIMIST E ILCA ACABA SIN SORPRESAS - Real Club Mar\u00edtimo de Melilla\" \/>\n<meta property=\"og:description\" content=\"EL II TROFEO REAL CLUB MAR\u00cdTIMO \u2013 MELILLA SPORT CAPITAL PARA OPTIMIST E ILCA ACABA SIN SORPRESAS -\" \/>\n<meta property=\"og:url\" content=\"https:\/\/www.realclubmaritimomelilla.es\/clmar\/el-ii-trofeo-real-club-maritimo-melilla-sport-capital-para-optimist-e-ilca-acaba-sin-sorpresas\/\" \/>\n<meta property=\"og:site_name\" content=\"Real Club Mar\u00edtimo de Melilla\" \/>\n<meta property=\"article:publisher\" content=\"https:\/\/www.facebook.com\/Real-Club-Mar%c3%adtimo-de-Melilla-588495841234214\/\" \/>\n<meta property=\"article:published_time\" content=\"2022-08-08T15:12:38+00:00\" \/>\n<meta property=\"og:image\" content=\"https:\/\/www.realclubmaritimomelilla.es\/clmar\/wp-content\/uploads\/flota-Ilca.jpg\" \/>\n\t<meta property=\"og:image:width\" content=\"1280\" \/>\n\t<meta property=\"og:image:height\" content=\"853\" \/>\n\t<meta property=\"og:image:type\" content=\"image\/jpeg\" \/>\n<meta name=\"author\" content=\"RCMMelilla\" \/>\n<meta name=\"twitter:card\" content=\"summary_large_image\" \/>\n<meta name=\"twitter:creator\" content=\"@nauticarcmm\" \/>\n<meta name=\"twitter:site\" content=\"@nauticarcmm\" \/>\n<meta name=\"twitter:label1\" content=\"Escrito por\" \/>\n\t<meta name=\"twitter:data1\" content=\"RCMMelilla\" \/>\n\t<meta name=\"twitter:label2\" content=\"Tiempo de lectura\" \/>\n\t<meta name=\"twitter:data2\" content=\"4 minutos\" \/>\n<script type=\"application\/ld+json\" class=\"yoast-schema-graph\">{\"@context\":\"https:\\\/\\\/schema.org\",\"@graph\":[{\"@type\":\"Article\",\"@id\":\"https:\\\/\\\/www.realclubmaritimomelilla.es\\\/clmar\\\/el-ii-trofeo-real-club-maritimo-melilla-sport-capital-para-optimist-e-ilca-acaba-sin-sorpresas\\\/#article\",\"isPartOf\":{\"@id\":\"https:\\\/\\\/www.realclubmaritimomelilla.es\\\/clmar\\\/el-ii-trofeo-real-club-maritimo-melilla-sport-capital-para-optimist-e-ilca-acaba-sin-sorpresas\\\/\"},\"author\":{\"name\":\"RCMMelilla\",\"@id\":\"https:\\\/\\\/www.realclubmaritimomelilla.es\\\/clmar\\\/#\\\/schema\\\/person\\\/ebaa3713496dc6d48c872452e73a8e79\"},\"headline\":\"EL II TROFEO REAL CLUB MAR\u00cdTIMO \u2013 MELILLA SPORT CAPITAL PARA OPTIMIST E ILCA ACABA SIN SORPRESAS\",\"datePublished\":\"2022-08-08T15:12:38+00:00\",\"mainEntityOfPage\":{\"@id\":\"https:\\\/\\\/www.realclubmaritimomelilla.es\\\/clmar\\\/el-ii-trofeo-real-club-maritimo-melilla-sport-capital-para-optimist-e-ilca-acaba-sin-sorpresas\\\/\"},\"wordCount\":660,\"commentCount\":0,\"publisher\":{\"@id\":\"https:\\\/\\\/www.realclubmaritimomelilla.es\\\/clmar\\\/#organization\"},\"image\":{\"@id\":\"https:\\\/\\\/www.realclubmaritimomelilla.es\\\/clmar\\\/el-ii-trofeo-real-club-maritimo-melilla-sport-capital-para-optimist-e-ilca-acaba-sin-sorpresas\\\/#primaryimage\"},\"thumbnailUrl\":\"https:\\\/\\\/www.realclubmaritimomelilla.es\\\/clmar\\\/wp-content\\\/uploads\\\/flota-Ilca.jpg\",\"inLanguage\":\"es\",\"potentialAction\":[{\"@type\":\"CommentAction\",\"name\":\"Comment\",\"target\":[\"https:\\\/\\\/www.realclubmaritimomelilla.es\\\/clmar\\\/el-ii-trofeo-real-club-maritimo-melilla-sport-capital-para-optimist-e-ilca-acaba-sin-sorpresas\\\/#respond\"]}]},{\"@type\":\"WebPage\",\"@id\":\"https:\\\/\\\/www.realclubmaritimomelilla.es\\\/clmar\\\/el-ii-trofeo-real-club-maritimo-melilla-sport-capital-para-optimist-e-ilca-acaba-sin-sorpresas\\\/\",\"url\":\"https:\\\/\\\/www.realclubmaritimomelilla.es\\\/clmar\\\/el-ii-trofeo-real-club-maritimo-melilla-sport-capital-para-optimist-e-ilca-acaba-sin-sorpresas\\\/\",\"name\":\"EL II TROFEO REAL CLUB MAR\u00cdTIMO \u2013 MELILLA SPORT CAPITAL PARA OPTIMIST E ILCA ACABA SIN SORPRESAS - Real Club Mar\u00edtimo de Melilla\",\"isPartOf\":{\"@id\":\"https:\\\/\\\/www.realclubmaritimomelilla.es\\\/clmar\\\/#website\"},\"primaryImageOfPage\":{\"@id\":\"https:\\\/\\\/www.realclubmaritimomelilla.es\\\/clmar\\\/el-ii-trofeo-real-club-maritimo-melilla-sport-capital-para-optimist-e-ilca-acaba-sin-sorpresas\\\/#primaryimage\"},\"image\":{\"@id\":\"https:\\\/\\\/www.realclubmaritimomelilla.es\\\/clmar\\\/el-ii-trofeo-real-club-maritimo-melilla-sport-capital-para-optimist-e-ilca-acaba-sin-sorpresas\\\/#primaryimage\"},\"thumbnailUrl\":\"https:\\\/\\\/www.realclubmaritimomelilla.es\\\/clmar\\\/wp-content\\\/uploads\\\/flota-Ilca.jpg\",\"datePublished\":\"2022-08-08T15:12:38+00:00\",\"description\":\"EL II TROFEO REAL CLUB MAR\u00cdTIMO \u2013 MELILLA SPORT CAPITAL PARA OPTIMIST E ILCA ACABA SIN SORPRESAS -\",\"breadcrumb\":{\"@id\":\"https:\\\/\\\/www.realclubmaritimomelilla.es\\\/clmar\\\/el-ii-trofeo-real-club-maritimo-melilla-sport-capital-para-optimist-e-ilca-acaba-sin-sorpresas\\\/#breadcrumb\"},\"inLanguage\":\"es\",\"potentialAction\":[{\"@type\":\"ReadAction\",\"target\":[\"https:\\\/\\\/www.realclubmaritimomelilla.es\\\/clmar\\\/el-ii-trofeo-real-club-maritimo-melilla-sport-capital-para-optimist-e-ilca-acaba-sin-sorpresas\\\/\"]}]},{\"@type\":\"ImageObject\",\"inLanguage\":\"es\",\"@id\":\"https:\\\/\\\/www.realclubmaritimomelilla.es\\\/clmar\\\/el-ii-trofeo-real-club-maritimo-melilla-sport-capital-para-optimist-e-ilca-acaba-sin-sorpresas\\\/#primaryimage\",\"url\":\"https:\\\/\\\/www.realclubmaritimomelilla.es\\\/clmar\\\/wp-content\\\/uploads\\\/flota-Ilca.jpg\",\"contentUrl\":\"https:\\\/\\\/www.realclubmaritimomelilla.es\\\/clmar\\\/wp-content\\\/uploads\\\/flota-Ilca.jpg\",\"width\":1280,\"height\":853},{\"@type\":\"BreadcrumbList\",\"@id\":\"https:\\\/\\\/www.realclubmaritimomelilla.es\\\/clmar\\\/el-ii-trofeo-real-club-maritimo-melilla-sport-capital-para-optimist-e-ilca-acaba-sin-sorpresas\\\/#breadcrumb\",\"itemListElement\":[{\"@type\":\"ListItem\",\"position\":1,\"name\":\"Portada\",\"item\":\"https:\\\/\\\/www.realclubmaritimomelilla.es\\\/clmar\\\/\"},{\"@type\":\"ListItem\",\"position\":2,\"name\":\"EL II TROFEO REAL CLUB MAR\u00cdTIMO \u2013 MELILLA SPORT CAPITAL PARA OPTIMIST E ILCA ACABA SIN SORPRESAS\"}]},{\"@type\":\"WebSite\",\"@id\":\"https:\\\/\\\/www.realclubmaritimomelilla.es\\\/clmar\\\/#website\",\"url\":\"https:\\\/\\\/www.realclubmaritimomelilla.es\\\/clmar\\\/\",\"name\":\"Real Club Mar\u00edtimo de Melilla\",\"description\":\"RCMM\",\"publisher\":{\"@id\":\"https:\\\/\\\/www.realclubmaritimomelilla.es\\\/clmar\\\/#organization\"},\"alternateName\":\"RCMM\",\"potentialAction\":[{\"@type\":\"SearchAction\",\"target\":{\"@type\":\"EntryPoint\",\"urlTemplate\":\"https:\\\/\\\/www.realclubmaritimomelilla.es\\\/clmar\\\/?s={search_term_string}\"},\"query-input\":{\"@type\":\"PropertyValueSpecification\",\"valueRequired\":true,\"valueName\":\"search_term_string\"}}],\"inLanguage\":\"es\"},{\"@type\":\"Organization\",\"@id\":\"https:\\\/\\\/www.realclubmaritimomelilla.es\\\/clmar\\\/#organization\",\"name\":\"Real Club Mar\u00edtimo de Melilla\",\"alternateName\":\"RCMM\",\"url\":\"https:\\\/\\\/www.realclubmaritimomelilla.es\\\/clmar\\\/\",\"logo\":{\"@type\":\"ImageObject\",\"inLanguage\":\"es\",\"@id\":\"https:\\\/\\\/www.realclubmaritimomelilla.es\\\/clmar\\\/#\\\/schema\\\/logo\\\/image\\\/\",\"url\":\"https:\\\/\\\/www.realclubmaritimomelilla.es\\\/clmar\\\/wp-content\\\/uploads\\\/logo-club-original-copia.jpg\",\"contentUrl\":\"https:\\\/\\\/www.realclubmaritimomelilla.es\\\/clmar\\\/wp-content\\\/uploads\\\/logo-club-original-copia.jpg\",\"width\":128,\"height\":89,\"caption\":\"Real Club Mar\u00edtimo de Melilla\"},\"image\":{\"@id\":\"https:\\\/\\\/www.realclubmaritimomelilla.es\\\/clmar\\\/#\\\/schema\\\/logo\\\/image\\\/\"},\"sameAs\":[\"https:\\\/\\\/www.facebook.com\\\/Real-Club-Mar\u00edtimo-de-Melilla-588495841234214\\\/\",\"https:\\\/\\\/x.com\\\/nauticarcmm\",\"https:\\\/\\\/www.instagram.com\\\/club_maritimo_melilla\\\/\",\"https:\\\/\\\/www.youtube.com\\\/@realclubmaritimodemelilla4703\",\"https:\\\/\\\/es.wikipedia.org\\\/wiki\\\/Real_Club_Mar\u00edtimo_de_Melilla\"]},{\"@type\":\"Person\",\"@id\":\"https:\\\/\\\/www.realclubmaritimomelilla.es\\\/clmar\\\/#\\\/schema\\\/person\\\/ebaa3713496dc6d48c872452e73a8e79\",\"name\":\"RCMMelilla\",\"image\":{\"@type\":\"ImageObject\",\"inLanguage\":\"es\",\"@id\":\"https:\\\/\\\/secure.gravatar.com\\\/avatar\\\/df1c24789360fb9308735c4ee556fc2bc5bf924bf01e53043b8b97ba272da33c?s=96&d=mm&r=g\",\"url\":\"https:\\\/\\\/secure.gravatar.com\\\/avatar\\\/df1c24789360fb9308735c4ee556fc2bc5bf924bf01e53043b8b97ba272da33c?s=96&d=mm&r=g\",\"contentUrl\":\"https:\\\/\\\/secure.gravatar.com\\\/avatar\\\/df1c24789360fb9308735c4ee556fc2bc5bf924bf01e53043b8b97ba272da33c?s=96&d=mm&r=g\",\"caption\":\"RCMMelilla\"}}]}<\/script>\n<!-- \/ Yoast SEO plugin. -->","yoast_head_json":{"title":"EL II TROFEO REAL CLUB MAR\u00cdTIMO \u2013 MELILLA SPORT CAPITAL PARA OPTIMIST E ILCA ACABA SIN SORPRESAS - Real Club Mar\u00edtimo de Melilla","description":"EL II TROFEO REAL CLUB MAR\u00cdTIMO \u2013 MELILLA SPORT CAPITAL PARA OPTIMIST E ILCA ACABA SIN SORPRESAS -","robots":{"index":"index","follow":"follow","max-snippet":"max-snippet:-1","max-image-preview":"max-image-preview:large","max-video-preview":"max-video-preview:-1"},"canonical":"https:\/\/www.realclubmaritimomelilla.es\/clmar\/el-ii-trofeo-real-club-maritimo-melilla-sport-capital-para-optimist-e-ilca-acaba-sin-sorpresas\/","og_locale":"es_ES","og_type":"article","og_title":"EL II TROFEO REAL CLUB MAR\u00cdTIMO \u2013 MELILLA SPORT CAPITAL PARA OPTIMIST E ILCA ACABA SIN SORPRESAS - Real Club Mar\u00edtimo de Melilla","og_description":"EL II TROFEO REAL CLUB MAR\u00cdTIMO \u2013 MELILLA SPORT CAPITAL PARA OPTIMIST E ILCA ACABA SIN SORPRESAS -","og_url":"https:\/\/www.realclubmaritimomelilla.es\/clmar\/el-ii-trofeo-real-club-maritimo-melilla-sport-capital-para-optimist-e-ilca-acaba-sin-sorpresas\/","og_site_name":"Real Club Mar\u00edtimo de Melilla","article_publisher":"https:\/\/www.facebook.com\/Real-Club-Mar%c3%adtimo-de-Melilla-588495841234214\/","article_published_time":"2022-08-08T15:12:38+00:00","og_image":[{"width":1280,"height":853,"url":"https:\/\/www.realclubmaritimomelilla.es\/clmar\/wp-content\/uploads\/flota-Ilca.jpg","type":"image\/jpeg"}],"author":"RCMMelilla","twitter_card":"summary_large_image","twitter_creator":"@nauticarcmm","twitter_site":"@nauticarcmm","twitter_misc":{"Escrito por":"RCMMelilla","Tiempo de lectura":"4 minutos"},"schema":{"@context":"https:\/\/schema.org","@graph":[{"@type":"Article","@id":"https:\/\/www.realclubmaritimomelilla.es\/clmar\/el-ii-trofeo-real-club-maritimo-melilla-sport-capital-para-optimist-e-ilca-acaba-sin-sorpresas\/#article","isPartOf":{"@id":"https:\/\/www.realclubmaritimomelilla.es\/clmar\/el-ii-trofeo-real-club-maritimo-melilla-sport-capital-para-optimist-e-ilca-acaba-sin-sorpresas\/"},"author":{"name":"RCMMelilla","@id":"https:\/\/www.realclubmaritimomelilla.es\/clmar\/#\/schema\/person\/ebaa3713496dc6d48c872452e73a8e79"},"headline":"EL II TROFEO REAL CLUB MAR\u00cdTIMO \u2013 MELILLA SPORT CAPITAL PARA OPTIMIST E ILCA ACABA SIN SORPRESAS","datePublished":"2022-08-08T15:12:38+00:00","mainEntityOfPage":{"@id":"https:\/\/www.realclubmaritimomelilla.es\/clmar\/el-ii-trofeo-real-club-maritimo-melilla-sport-capital-para-optimist-e-ilca-acaba-sin-sorpresas\/"},"wordCount":660,"commentCount":0,"publisher":{"@id":"https:\/\/www.realclubmaritimomelilla.es\/clmar\/#organization"},"image":{"@id":"https:\/\/www.realclubmaritimomelilla.es\/clmar\/el-ii-trofeo-real-club-maritimo-melilla-sport-capital-para-optimist-e-ilca-acaba-sin-sorpresas\/#primaryimage"},"thumbnailUrl":"https:\/\/www.realclubmaritimomelilla.es\/clmar\/wp-content\/uploads\/flota-Ilca.jpg","inLanguage":"es","potentialAction":[{"@type":"CommentAction","name":"Comment","target":["https:\/\/www.realclubmaritimomelilla.es\/clmar\/el-ii-trofeo-real-club-maritimo-melilla-sport-capital-para-optimist-e-ilca-acaba-sin-sorpresas\/#respond"]}]},{"@type":"WebPage","@id":"https:\/\/www.realclubmaritimomelilla.es\/clmar\/el-ii-trofeo-real-club-maritimo-melilla-sport-capital-para-optimist-e-ilca-acaba-sin-sorpresas\/","url":"https:\/\/www.realclubmaritimomelilla.es\/clmar\/el-ii-trofeo-real-club-maritimo-melilla-sport-capital-para-optimist-e-ilca-acaba-sin-sorpresas\/","name":"EL II TROFEO REAL CLUB MAR\u00cdTIMO \u2013 MELILLA SPORT CAPITAL PARA OPTIMIST E ILCA ACABA SIN SORPRESAS - Real Club Mar\u00edtimo de Melilla","isPartOf":{"@id":"https:\/\/www.realclubmaritimomelilla.es\/clmar\/#website"},"primaryImageOfPage":{"@id":"https:\/\/www.realclubmaritimomelilla.es\/clmar\/el-ii-trofeo-real-club-maritimo-melilla-sport-capital-para-optimist-e-ilca-acaba-sin-sorpresas\/#primaryimage"},"image":{"@id":"https:\/\/www.realclubmaritimomelilla.es\/clmar\/el-ii-trofeo-real-club-maritimo-melilla-sport-capital-para-optimist-e-ilca-acaba-sin-sorpresas\/#primaryimage"},"thumbnailUrl":"https:\/\/www.realclubmaritimomelilla.es\/clmar\/wp-content\/uploads\/flota-Ilca.jpg","datePublished":"2022-08-08T15:12:38+00:00","description":"EL II TROFEO REAL CLUB MAR\u00cdTIMO \u2013 MELILLA SPORT CAPITAL PARA OPTIMIST E ILCA ACABA SIN SORPRESAS -","breadcrumb":{"@id":"https:\/\/www.realclubmaritimomelilla.es\/clmar\/el-ii-trofeo-real-club-maritimo-melilla-sport-capital-para-optimist-e-ilca-acaba-sin-sorpresas\/#breadcrumb"},"inLanguage":"es","potentialAction":[{"@type":"ReadAction","target":["https:\/\/www.realclubmaritimomelilla.es\/clmar\/el-ii-trofeo-real-club-maritimo-melilla-sport-capital-para-optimist-e-ilca-acaba-sin-sorpresas\/"]}]},{"@type":"ImageObject","inLanguage":"es","@id":"https:\/\/www.realclubmaritimomelilla.es\/clmar\/el-ii-trofeo-real-club-maritimo-melilla-sport-capital-para-optimist-e-ilca-acaba-sin-sorpresas\/#primaryimage","url":"https:\/\/www.realclubmaritimomelilla.es\/clmar\/wp-content\/uploads\/flota-Ilca.jpg","contentUrl":"https:\/\/www.realclubmaritimomelilla.es\/clmar\/wp-content\/uploads\/flota-Ilca.jpg","width":1280,"height":853},{"@type":"BreadcrumbList","@id":"https:\/\/www.realclubmaritimomelilla.es\/clmar\/el-ii-trofeo-real-club-maritimo-melilla-sport-capital-para-optimist-e-ilca-acaba-sin-sorpresas\/#breadcrumb","itemListElement":[{"@type":"ListItem","position":1,"name":"Portada","item":"https:\/\/www.realclubmaritimomelilla.es\/clmar\/"},{"@type":"ListItem","position":2,"name":"EL II TROFEO REAL CLUB MAR\u00cdTIMO \u2013 MELILLA SPORT CAPITAL PARA OPTIMIST E ILCA ACABA SIN SORPRESAS"}]},{"@type":"WebSite","@id":"https:\/\/www.realclubmaritimomelilla.es\/clmar\/#website","url":"https:\/\/www.realclubmaritimomelilla.es\/clmar\/","name":"Real Club Mar\u00edtimo de Melilla","description":"RCMM","publisher":{"@id":"https:\/\/www.realclubmaritimomelilla.es\/clmar\/#organization"},"alternateName":"RCMM","potentialAction":[{"@type":"SearchAction","target":{"@type":"EntryPoint","urlTemplate":"https:\/\/www.realclubmaritimomelilla.es\/clmar\/?s={search_term_string}"},"query-input":{"@type":"PropertyValueSpecification","valueRequired":true,"valueName":"search_term_string"}}],"inLanguage":"es"},{"@type":"Organization","@id":"https:\/\/www.realclubmaritimomelilla.es\/clmar\/#organization","name":"Real Club Mar\u00edtimo de Melilla","alternateName":"RCMM","url":"https:\/\/www.realclubmaritimomelilla.es\/clmar\/","logo":{"@type":"ImageObject","inLanguage":"es","@id":"https:\/\/www.realclubmaritimomelilla.es\/clmar\/#\/schema\/logo\/image\/","url":"https:\/\/www.realclubmaritimomelilla.es\/clmar\/wp-content\/uploads\/logo-club-original-copia.jpg","contentUrl":"https:\/\/www.realclubmaritimomelilla.es\/clmar\/wp-content\/uploads\/logo-club-original-copia.jpg","width":128,"height":89,"caption":"Real Club Mar\u00edtimo de Melilla"},"image":{"@id":"https:\/\/www.realclubmaritimomelilla.es\/clmar\/#\/schema\/logo\/image\/"},"sameAs":["https:\/\/www.facebook.com\/Real-Club-Mar\u00edtimo-de-Melilla-588495841234214\/","https:\/\/x.com\/nauticarcmm","https:\/\/www.instagram.com\/club_maritimo_melilla\/","https:\/\/www.youtube.com\/@realclubmaritimodemelilla4703","https:\/\/es.wikipedia.org\/wiki\/Real_Club_Mar\u00edtimo_de_Melilla"]},{"@type":"Person","@id":"https:\/\/www.realclubmaritimomelilla.es\/clmar\/#\/schema\/person\/ebaa3713496dc6d48c872452e73a8e79","name":"RCMMelilla","image":{"@type":"ImageObject","inLanguage":"es","@id":"https:\/\/secure.gravatar.com\/avatar\/df1c24789360fb9308735c4ee556fc2bc5bf924bf01e53043b8b97ba272da33c?s=96&d=mm&r=g","url":"https:\/\/secure.gravatar.com\/avatar\/df1c24789360fb9308735c4ee556fc2bc5bf924bf01e53043b8b97ba272da33c?s=96&d=mm&r=g","contentUrl":"https:\/\/secure.gravatar.com\/avatar\/df1c24789360fb9308735c4ee556fc2bc5bf924bf01e53043b8b97ba272da33c?s=96&d=mm&r=g","caption":"RCMMelilla"}}]}},"_links":{"self":[{"href":"https:\/\/www.realclubmaritimomelilla.es\/clmar\/wp-json\/wp\/v2\/posts\/19372","targetHints":{"allow":["GET"]}}],"collection":[{"href":"https:\/\/www.realclubmaritimomelilla.es\/clmar\/wp-json\/wp\/v2\/posts"}],"about":[{"href":"https:\/\/www.realclubmaritimomelilla.es\/clmar\/wp-json\/wp\/v2\/types\/post"}],"author":[{"embeddable":true,"href":"https:\/\/www.realclubmaritimomelilla.es\/clmar\/wp-json\/wp\/v2\/users\/1"}],"replies":[{"embeddable":true,"href":"https:\/\/www.realclubmaritimomelilla.es\/clmar\/wp-json\/wp\/v2\/comments?post=19372"}],"version-history":[{"count":0,"href":"https:\/\/www.realclubmaritimomelilla.es\/clmar\/wp-json\/wp\/v2\/posts\/19372\/revisions"}],"wp:featuredmedia":[{"embeddable":true,"href":"https:\/\/www.realclubmaritimomelilla.es\/clmar\/wp-json\/wp\/v2\/media\/19565"}],"wp:attachment":[{"href":"https:\/\/www.realclubmaritimomelilla.es\/clmar\/wp-json\/wp\/v2\/media?parent=19372"}],"wp:term":[{"taxonomy":"category","embeddable":true,"href":"https:\/\/www.realclubmaritimomelilla.es\/clmar\/wp-json\/wp\/v2\/categories?post=19372"},{"taxonomy":"post_tag","embeddable":true,"href":"https:\/\/www.realclubmaritimomelilla.es\/clmar\/wp-json\/wp\/v2\/tags?post=19372"}],"curies":[{"name":"wp","href":"https:\/\/api.w.org\/{rel}","templated":true}]}}