{"id":19365,"date":"2022-05-21T14:54:00","date_gmt":"2022-05-21T12:54:00","guid":{"rendered":"https:\/\/www.realclubmaritimomelilla.es\/clmar\/?p=17067"},"modified":"2022-05-21T14:54:00","modified_gmt":"2022-05-21T12:54:00","slug":"apertura-temporada-de-verano","status":"publish","type":"post","link":"https:\/\/www.realclubmaritimomelilla.es\/clmar\/apertura-temporada-de-verano\/","title":{"rendered":"APERTURA TEMPORADA DE VERANO"},"content":{"rendered":"<p>Este 20 de mayo ha quedado inaugurada la temporada de verano, con la apertura a nuestros socios de la zona de ba\u00f1o y la piscina descubierta. Son los dos espacios en nuestro Club permitido para el ba\u00f1o libre.<span class=\"Apple-converted-space\">\u00a0<\/span><\/p>\n<p>Inicialmente, se permitir\u00e1 el ba\u00f1o en ambas zonas los fines de semana, hasta que en junio ya quede abierto todos los d\u00edas de la semana.<span class=\"Apple-converted-space\">\u00a0<\/span><\/p>\n<p>Mientras tanto, el ba\u00f1o se regir\u00e1 por el siguiente horario, en el que habr\u00e1 servicios de socorridas:<span class=\"Apple-converted-space\">\u00a0<\/span><\/p>\n<p>Zona de ba\u00f1o: viernes, s\u00e1bado y domingo ininterrumpidamente de 11h. a 20h.<\/p>\n<p>Piscina: viernes de 13:00 a 20:00 horas; s\u00e1bado y domingo ininterrumpidamente de 12h. a 20h.<\/p>\n<p><img decoding=\"async\" class=\"aligncenter size-full wp-image-17068\" src=\"https:\/\/www.realclubmaritimomelilla.es\/clmar\/wp-content\/uploads\/piscina.jpeg\" alt=\"\" width=\"1024\" height=\"768\" srcset=\"https:\/\/www.realclubmaritimomelilla.es\/clmar\/wp-content\/uploads\/piscina-200x150.jpeg 200w, https:\/\/www.realclubmaritimomelilla.es\/clmar\/wp-content\/uploads\/piscina-300x225.jpeg 300w, https:\/\/www.realclubmaritimomelilla.es\/clmar\/wp-content\/uploads\/piscina-400x300.jpeg 400w, https:\/\/www.realclubmaritimomelilla.es\/clmar\/wp-content\/uploads\/piscina-600x450.jpeg 600w, https:\/\/www.realclubmaritimomelilla.es\/clmar\/wp-content\/uploads\/piscina-768x576.jpeg 768w, https:\/\/www.realclubmaritimomelilla.es\/clmar\/wp-content\/uploads\/piscina-800x600.jpeg 800w, https:\/\/www.realclubmaritimomelilla.es\/clmar\/wp-content\/uploads\/piscina.jpeg 1024w\" sizes=\"(max-width: 1024px) 100vw, 1024px\" \/> <img decoding=\"async\" class=\"aligncenter size-full wp-image-17069\" src=\"https:\/\/www.realclubmaritimomelilla.es\/clmar\/wp-content\/uploads\/piscina2.jpeg\" alt=\"\" width=\"1024\" height=\"768\" srcset=\"https:\/\/www.realclubmaritimomelilla.es\/clmar\/wp-content\/uploads\/piscina2-200x150.jpeg 200w, https:\/\/www.realclubmaritimomelilla.es\/clmar\/wp-content\/uploads\/piscina2-300x225.jpeg 300w, https:\/\/www.realclubmaritimomelilla.es\/clmar\/wp-content\/uploads\/piscina2-400x300.jpeg 400w, https:\/\/www.realclubmaritimomelilla.es\/clmar\/wp-content\/uploads\/piscina2-600x450.jpeg 600w, https:\/\/www.realclubmaritimomelilla.es\/clmar\/wp-content\/uploads\/piscina2-768x576.jpeg 768w, https:\/\/www.realclubmaritimomelilla.es\/clmar\/wp-content\/uploads\/piscina2-800x600.jpeg 800w, https:\/\/www.realclubmaritimomelilla.es\/clmar\/wp-content\/uploads\/piscina2.jpeg 1024w\" sizes=\"(max-width: 1024px) 100vw, 1024px\" \/> <img decoding=\"async\" class=\"aligncenter size-full wp-image-17070\" src=\"https:\/\/www.realclubmaritimomelilla.es\/clmar\/wp-content\/uploads\/piscina3.jpeg\" alt=\"\" width=\"1024\" height=\"768\" srcset=\"https:\/\/www.realclubmaritimomelilla.es\/clmar\/wp-content\/uploads\/piscina3-200x150.jpeg 200w, https:\/\/www.realclubmaritimomelilla.es\/clmar\/wp-content\/uploads\/piscina3-300x225.jpeg 300w, https:\/\/www.realclubmaritimomelilla.es\/clmar\/wp-content\/uploads\/piscina3-400x300.jpeg 400w, https:\/\/www.realclubmaritimomelilla.es\/clmar\/wp-content\/uploads\/piscina3-600x450.jpeg 600w, https:\/\/www.realclubmaritimomelilla.es\/clmar\/wp-content\/uploads\/piscina3-768x576.jpeg 768w, https:\/\/www.realclubmaritimomelilla.es\/clmar\/wp-content\/uploads\/piscina3-800x600.jpeg 800w, https:\/\/www.realclubmaritimomelilla.es\/clmar\/wp-content\/uploads\/piscina3.jpeg 1024w\" sizes=\"(max-width: 1024px) 100vw, 1024px\" \/> <img decoding=\"async\" class=\"aligncenter size-full wp-image-17071\" src=\"https:\/\/www.realclubmaritimomelilla.es\/clmar\/wp-content\/uploads\/WhatsApp-Image-2022-05-21-at-1.15.18-PM-2.jpeg\" alt=\"\" width=\"1024\" height=\"768\" \/> <img decoding=\"async\" class=\"aligncenter size-full wp-image-17072\" src=\"https:\/\/www.realclubmaritimomelilla.es\/clmar\/wp-content\/uploads\/WhatsApp-Image-2022-05-21-at-1.15.18-PM-3.jpeg\" alt=\"\" width=\"1024\" height=\"768\" srcset=\"https:\/\/www.realclubmaritimomelilla.es\/clmar\/wp-content\/uploads\/WhatsApp-Image-2022-05-21-at-1.15.18-PM-3-200x150.jpeg 200w, https:\/\/www.realclubmaritimomelilla.es\/clmar\/wp-content\/uploads\/WhatsApp-Image-2022-05-21-at-1.15.18-PM-3-300x225.jpeg 300w, https:\/\/www.realclubmaritimomelilla.es\/clmar\/wp-content\/uploads\/WhatsApp-Image-2022-05-21-at-1.15.18-PM-3-400x300.jpeg 400w, https:\/\/www.realclubmaritimomelilla.es\/clmar\/wp-content\/uploads\/WhatsApp-Image-2022-05-21-at-1.15.18-PM-3-600x450.jpeg 600w, https:\/\/www.realclubmaritimomelilla.es\/clmar\/wp-content\/uploads\/WhatsApp-Image-2022-05-21-at-1.15.18-PM-3-768x576.jpeg 768w, https:\/\/www.realclubmaritimomelilla.es\/clmar\/wp-content\/uploads\/WhatsApp-Image-2022-05-21-at-1.15.18-PM-3-800x600.jpeg 800w, https:\/\/www.realclubmaritimomelilla.es\/clmar\/wp-content\/uploads\/WhatsApp-Image-2022-05-21-at-1.15.18-PM-3.jpeg 1024w\" sizes=\"(max-width: 1024px) 100vw, 1024px\" \/> <img decoding=\"async\" class=\"aligncenter size-full wp-image-17073\" src=\"https:\/\/www.realclubmaritimomelilla.es\/clmar\/wp-content\/uploads\/WhatsApp-Image-2022-05-21-at-1.15.18-PM-4.jpeg\" alt=\"\" width=\"1024\" height=\"768\" srcset=\"https:\/\/www.realclubmaritimomelilla.es\/clmar\/wp-content\/uploads\/WhatsApp-Image-2022-05-21-at-1.15.18-PM-4-200x150.jpeg 200w, https:\/\/www.realclubmaritimomelilla.es\/clmar\/wp-content\/uploads\/WhatsApp-Image-2022-05-21-at-1.15.18-PM-4-300x225.jpeg 300w, https:\/\/www.realclubmaritimomelilla.es\/clmar\/wp-content\/uploads\/WhatsApp-Image-2022-05-21-at-1.15.18-PM-4-400x300.jpeg 400w, https:\/\/www.realclubmaritimomelilla.es\/clmar\/wp-content\/uploads\/WhatsApp-Image-2022-05-21-at-1.15.18-PM-4-600x450.jpeg 600w, https:\/\/www.realclubmaritimomelilla.es\/clmar\/wp-content\/uploads\/WhatsApp-Image-2022-05-21-at-1.15.18-PM-4-768x576.jpeg 768w, https:\/\/www.realclubmaritimomelilla.es\/clmar\/wp-content\/uploads\/WhatsApp-Image-2022-05-21-at-1.15.18-PM-4-800x600.jpeg 800w, https:\/\/www.realclubmaritimomelilla.es\/clmar\/wp-content\/uploads\/WhatsApp-Image-2022-05-21-at-1.15.18-PM-4.jpeg 1024w\" sizes=\"(max-width: 1024px) 100vw, 1024px\" \/> <img decoding=\"async\" class=\"aligncenter size-full wp-image-17074\" src=\"https:\/\/www.realclubmaritimomelilla.es\/clmar\/wp-content\/uploads\/WhatsApp-Image-2022-05-21-at-1.15.18-PM.jpeg\" alt=\"\" width=\"1024\" height=\"768\" \/><\/p>\n","protected":false},"excerpt":{"rendered":"<p>Este 20 de mayo ha quedado inaugurada la temporada de verano, con la apertura a nuestros socios de la zona de ba\u00f1o y la piscina descubierta. Son los dos espacios en nuestro Club permitido para el ba\u00f1o libre.\u00a0 Inicialmente, se permitir\u00e1 el ba\u00f1o en ambas zonas los fines de semana, hasta que en junio ya [&hellip;]<\/p>\n","protected":false},"author":1,"featured_media":17070,"comment_status":"open","ping_status":"open","sticky":false,"template":"","format":"standard","meta":{"_acf_changed":false,"footnotes":""},"categories":[40],"tags":[],"class_list":["post-19365","post","type-post","status-publish","format-standard","has-post-thumbnail","hentry","category-club"],"acf":[],"yoast_head":"<!-- This site is optimized with the Yoast SEO plugin v27.5 - https:\/\/yoast.com\/product\/yoast-seo-wordpress\/ -->\n<title>APERTURA TEMPORADA DE VERANO - Real Club Mar\u00edtimo de Melilla<\/title>\n<meta name=\"description\" content=\"APERTURA TEMPORADA DE VERANO -\" \/>\n<meta name=\"robots\" content=\"index, follow, max-snippet:-1, max-image-preview:large, max-video-preview:-1\" \/>\n<link rel=\"canonical\" href=\"https:\/\/www.realclubmaritimomelilla.es\/clmar\/apertura-temporada-de-verano\/\" \/>\n<meta property=\"og:locale\" content=\"es_ES\" \/>\n<meta property=\"og:type\" content=\"article\" \/>\n<meta property=\"og:title\" content=\"APERTURA TEMPORADA DE VERANO - Real Club Mar\u00edtimo de Melilla\" \/>\n<meta property=\"og:description\" content=\"APERTURA TEMPORADA DE VERANO -\" \/>\n<meta property=\"og:url\" content=\"https:\/\/www.realclubmaritimomelilla.es\/clmar\/apertura-temporada-de-verano\/\" \/>\n<meta property=\"og:site_name\" content=\"Real Club Mar\u00edtimo de Melilla\" \/>\n<meta property=\"article:publisher\" content=\"https:\/\/www.facebook.com\/Real-Club-Mar%c3%adtimo-de-Melilla-588495841234214\/\" \/>\n<meta property=\"article:published_time\" content=\"2022-05-21T12:54:00+00:00\" \/>\n<meta property=\"og:image\" content=\"https:\/\/www.realclubmaritimomelilla.es\/clmar\/wp-content\/uploads\/piscina3.jpeg\" \/>\n\t<meta property=\"og:image:width\" content=\"1024\" \/>\n\t<meta property=\"og:image:height\" content=\"768\" \/>\n\t<meta property=\"og:image:type\" content=\"image\/jpeg\" \/>\n<meta name=\"author\" content=\"RCMMelilla\" \/>\n<meta name=\"twitter:card\" content=\"summary_large_image\" \/>\n<meta name=\"twitter:creator\" content=\"@nauticarcmm\" \/>\n<meta name=\"twitter:site\" content=\"@nauticarcmm\" \/>\n<meta name=\"twitter:label1\" content=\"Escrito por\" \/>\n\t<meta name=\"twitter:data1\" content=\"RCMMelilla\" \/>\n\t<meta name=\"twitter:label2\" content=\"Tiempo de lectura\" \/>\n\t<meta name=\"twitter:data2\" content=\"2 minutos\" \/>\n<script type=\"application\/ld+json\" class=\"yoast-schema-graph\">{\"@context\":\"https:\\\/\\\/schema.org\",\"@graph\":[{\"@type\":\"Article\",\"@id\":\"https:\\\/\\\/www.realclubmaritimomelilla.es\\\/clmar\\\/apertura-temporada-de-verano\\\/#article\",\"isPartOf\":{\"@id\":\"https:\\\/\\\/www.realclubmaritimomelilla.es\\\/clmar\\\/apertura-temporada-de-verano\\\/\"},\"author\":{\"name\":\"RCMMelilla\",\"@id\":\"https:\\\/\\\/www.realclubmaritimomelilla.es\\\/clmar\\\/#\\\/schema\\\/person\\\/ebaa3713496dc6d48c872452e73a8e79\"},\"headline\":\"APERTURA TEMPORADA DE VERANO\",\"datePublished\":\"2022-05-21T12:54:00+00:00\",\"mainEntityOfPage\":{\"@id\":\"https:\\\/\\\/www.realclubmaritimomelilla.es\\\/clmar\\\/apertura-temporada-de-verano\\\/\"},\"wordCount\":116,\"commentCount\":0,\"publisher\":{\"@id\":\"https:\\\/\\\/www.realclubmaritimomelilla.es\\\/clmar\\\/#organization\"},\"image\":{\"@id\":\"https:\\\/\\\/www.realclubmaritimomelilla.es\\\/clmar\\\/apertura-temporada-de-verano\\\/#primaryimage\"},\"thumbnailUrl\":\"https:\\\/\\\/www.realclubmaritimomelilla.es\\\/clmar\\\/wp-content\\\/uploads\\\/piscina3.jpeg\",\"articleSection\":[\"Club\"],\"inLanguage\":\"es\",\"potentialAction\":[{\"@type\":\"CommentAction\",\"name\":\"Comment\",\"target\":[\"https:\\\/\\\/www.realclubmaritimomelilla.es\\\/clmar\\\/apertura-temporada-de-verano\\\/#respond\"]}]},{\"@type\":\"WebPage\",\"@id\":\"https:\\\/\\\/www.realclubmaritimomelilla.es\\\/clmar\\\/apertura-temporada-de-verano\\\/\",\"url\":\"https:\\\/\\\/www.realclubmaritimomelilla.es\\\/clmar\\\/apertura-temporada-de-verano\\\/\",\"name\":\"APERTURA TEMPORADA DE VERANO - Real Club Mar\u00edtimo de Melilla\",\"isPartOf\":{\"@id\":\"https:\\\/\\\/www.realclubmaritimomelilla.es\\\/clmar\\\/#website\"},\"primaryImageOfPage\":{\"@id\":\"https:\\\/\\\/www.realclubmaritimomelilla.es\\\/clmar\\\/apertura-temporada-de-verano\\\/#primaryimage\"},\"image\":{\"@id\":\"https:\\\/\\\/www.realclubmaritimomelilla.es\\\/clmar\\\/apertura-temporada-de-verano\\\/#primaryimage\"},\"thumbnailUrl\":\"https:\\\/\\\/www.realclubmaritimomelilla.es\\\/clmar\\\/wp-content\\\/uploads\\\/piscina3.jpeg\",\"datePublished\":\"2022-05-21T12:54:00+00:00\",\"description\":\"APERTURA TEMPORADA DE VERANO -\",\"breadcrumb\":{\"@id\":\"https:\\\/\\\/www.realclubmaritimomelilla.es\\\/clmar\\\/apertura-temporada-de-verano\\\/#breadcrumb\"},\"inLanguage\":\"es\",\"potentialAction\":[{\"@type\":\"ReadAction\",\"target\":[\"https:\\\/\\\/www.realclubmaritimomelilla.es\\\/clmar\\\/apertura-temporada-de-verano\\\/\"]}]},{\"@type\":\"ImageObject\",\"inLanguage\":\"es\",\"@id\":\"https:\\\/\\\/www.realclubmaritimomelilla.es\\\/clmar\\\/apertura-temporada-de-verano\\\/#primaryimage\",\"url\":\"https:\\\/\\\/www.realclubmaritimomelilla.es\\\/clmar\\\/wp-content\\\/uploads\\\/piscina3.jpeg\",\"contentUrl\":\"https:\\\/\\\/www.realclubmaritimomelilla.es\\\/clmar\\\/wp-content\\\/uploads\\\/piscina3.jpeg\",\"width\":1024,\"height\":768},{\"@type\":\"BreadcrumbList\",\"@id\":\"https:\\\/\\\/www.realclubmaritimomelilla.es\\\/clmar\\\/apertura-temporada-de-verano\\\/#breadcrumb\",\"itemListElement\":[{\"@type\":\"ListItem\",\"position\":1,\"name\":\"Portada\",\"item\":\"https:\\\/\\\/www.realclubmaritimomelilla.es\\\/clmar\\\/\"},{\"@type\":\"ListItem\",\"position\":2,\"name\":\"APERTURA TEMPORADA DE VERANO\"}]},{\"@type\":\"WebSite\",\"@id\":\"https:\\\/\\\/www.realclubmaritimomelilla.es\\\/clmar\\\/#website\",\"url\":\"https:\\\/\\\/www.realclubmaritimomelilla.es\\\/clmar\\\/\",\"name\":\"Real Club Mar\u00edtimo de Melilla\",\"description\":\"RCMM\",\"publisher\":{\"@id\":\"https:\\\/\\\/www.realclubmaritimomelilla.es\\\/clmar\\\/#organization\"},\"alternateName\":\"RCMM\",\"potentialAction\":[{\"@type\":\"SearchAction\",\"target\":{\"@type\":\"EntryPoint\",\"urlTemplate\":\"https:\\\/\\\/www.realclubmaritimomelilla.es\\\/clmar\\\/?s={search_term_string}\"},\"query-input\":{\"@type\":\"PropertyValueSpecification\",\"valueRequired\":true,\"valueName\":\"search_term_string\"}}],\"inLanguage\":\"es\"},{\"@type\":\"Organization\",\"@id\":\"https:\\\/\\\/www.realclubmaritimomelilla.es\\\/clmar\\\/#organization\",\"name\":\"Real Club Mar\u00edtimo de Melilla\",\"alternateName\":\"RCMM\",\"url\":\"https:\\\/\\\/www.realclubmaritimomelilla.es\\\/clmar\\\/\",\"logo\":{\"@type\":\"ImageObject\",\"inLanguage\":\"es\",\"@id\":\"https:\\\/\\\/www.realclubmaritimomelilla.es\\\/clmar\\\/#\\\/schema\\\/logo\\\/image\\\/\",\"url\":\"https:\\\/\\\/www.realclubmaritimomelilla.es\\\/clmar\\\/wp-content\\\/uploads\\\/logo-club-original-copia.jpg\",\"contentUrl\":\"https:\\\/\\\/www.realclubmaritimomelilla.es\\\/clmar\\\/wp-content\\\/uploads\\\/logo-club-original-copia.jpg\",\"width\":128,\"height\":89,\"caption\":\"Real Club Mar\u00edtimo de Melilla\"},\"image\":{\"@id\":\"https:\\\/\\\/www.realclubmaritimomelilla.es\\\/clmar\\\/#\\\/schema\\\/logo\\\/image\\\/\"},\"sameAs\":[\"https:\\\/\\\/www.facebook.com\\\/Real-Club-Mar\u00edtimo-de-Melilla-588495841234214\\\/\",\"https:\\\/\\\/x.com\\\/nauticarcmm\",\"https:\\\/\\\/www.instagram.com\\\/club_maritimo_melilla\\\/\",\"https:\\\/\\\/www.youtube.com\\\/@realclubmaritimodemelilla4703\",\"https:\\\/\\\/es.wikipedia.org\\\/wiki\\\/Real_Club_Mar\u00edtimo_de_Melilla\"]},{\"@type\":\"Person\",\"@id\":\"https:\\\/\\\/www.realclubmaritimomelilla.es\\\/clmar\\\/#\\\/schema\\\/person\\\/ebaa3713496dc6d48c872452e73a8e79\",\"name\":\"RCMMelilla\",\"image\":{\"@type\":\"ImageObject\",\"inLanguage\":\"es\",\"@id\":\"https:\\\/\\\/secure.gravatar.com\\\/avatar\\\/df1c24789360fb9308735c4ee556fc2bc5bf924bf01e53043b8b97ba272da33c?s=96&d=mm&r=g\",\"url\":\"https:\\\/\\\/secure.gravatar.com\\\/avatar\\\/df1c24789360fb9308735c4ee556fc2bc5bf924bf01e53043b8b97ba272da33c?s=96&d=mm&r=g\",\"contentUrl\":\"https:\\\/\\\/secure.gravatar.com\\\/avatar\\\/df1c24789360fb9308735c4ee556fc2bc5bf924bf01e53043b8b97ba272da33c?s=96&d=mm&r=g\",\"caption\":\"RCMMelilla\"}}]}<\/script>\n<!-- \/ Yoast SEO plugin. -->","yoast_head_json":{"title":"APERTURA TEMPORADA DE VERANO - Real Club Mar\u00edtimo de Melilla","description":"APERTURA TEMPORADA DE VERANO -","robots":{"index":"index","follow":"follow","max-snippet":"max-snippet:-1","max-image-preview":"max-image-preview:large","max-video-preview":"max-video-preview:-1"},"canonical":"https:\/\/www.realclubmaritimomelilla.es\/clmar\/apertura-temporada-de-verano\/","og_locale":"es_ES","og_type":"article","og_title":"APERTURA TEMPORADA DE VERANO - Real Club Mar\u00edtimo de Melilla","og_description":"APERTURA TEMPORADA DE VERANO -","og_url":"https:\/\/www.realclubmaritimomelilla.es\/clmar\/apertura-temporada-de-verano\/","og_site_name":"Real Club Mar\u00edtimo de Melilla","article_publisher":"https:\/\/www.facebook.com\/Real-Club-Mar%c3%adtimo-de-Melilla-588495841234214\/","article_published_time":"2022-05-21T12:54:00+00:00","og_image":[{"width":1024,"height":768,"url":"https:\/\/www.realclubmaritimomelilla.es\/clmar\/wp-content\/uploads\/piscina3.jpeg","type":"image\/jpeg"}],"author":"RCMMelilla","twitter_card":"summary_large_image","twitter_creator":"@nauticarcmm","twitter_site":"@nauticarcmm","twitter_misc":{"Escrito por":"RCMMelilla","Tiempo de lectura":"2 minutos"},"schema":{"@context":"https:\/\/schema.org","@graph":[{"@type":"Article","@id":"https:\/\/www.realclubmaritimomelilla.es\/clmar\/apertura-temporada-de-verano\/#article","isPartOf":{"@id":"https:\/\/www.realclubmaritimomelilla.es\/clmar\/apertura-temporada-de-verano\/"},"author":{"name":"RCMMelilla","@id":"https:\/\/www.realclubmaritimomelilla.es\/clmar\/#\/schema\/person\/ebaa3713496dc6d48c872452e73a8e79"},"headline":"APERTURA TEMPORADA DE VERANO","datePublished":"2022-05-21T12:54:00+00:00","mainEntityOfPage":{"@id":"https:\/\/www.realclubmaritimomelilla.es\/clmar\/apertura-temporada-de-verano\/"},"wordCount":116,"commentCount":0,"publisher":{"@id":"https:\/\/www.realclubmaritimomelilla.es\/clmar\/#organization"},"image":{"@id":"https:\/\/www.realclubmaritimomelilla.es\/clmar\/apertura-temporada-de-verano\/#primaryimage"},"thumbnailUrl":"https:\/\/www.realclubmaritimomelilla.es\/clmar\/wp-content\/uploads\/piscina3.jpeg","articleSection":["Club"],"inLanguage":"es","potentialAction":[{"@type":"CommentAction","name":"Comment","target":["https:\/\/www.realclubmaritimomelilla.es\/clmar\/apertura-temporada-de-verano\/#respond"]}]},{"@type":"WebPage","@id":"https:\/\/www.realclubmaritimomelilla.es\/clmar\/apertura-temporada-de-verano\/","url":"https:\/\/www.realclubmaritimomelilla.es\/clmar\/apertura-temporada-de-verano\/","name":"APERTURA TEMPORADA DE VERANO - Real Club Mar\u00edtimo de Melilla","isPartOf":{"@id":"https:\/\/www.realclubmaritimomelilla.es\/clmar\/#website"},"primaryImageOfPage":{"@id":"https:\/\/www.realclubmaritimomelilla.es\/clmar\/apertura-temporada-de-verano\/#primaryimage"},"image":{"@id":"https:\/\/www.realclubmaritimomelilla.es\/clmar\/apertura-temporada-de-verano\/#primaryimage"},"thumbnailUrl":"https:\/\/www.realclubmaritimomelilla.es\/clmar\/wp-content\/uploads\/piscina3.jpeg","datePublished":"2022-05-21T12:54:00+00:00","description":"APERTURA TEMPORADA DE VERANO -","breadcrumb":{"@id":"https:\/\/www.realclubmaritimomelilla.es\/clmar\/apertura-temporada-de-verano\/#breadcrumb"},"inLanguage":"es","potentialAction":[{"@type":"ReadAction","target":["https:\/\/www.realclubmaritimomelilla.es\/clmar\/apertura-temporada-de-verano\/"]}]},{"@type":"ImageObject","inLanguage":"es","@id":"https:\/\/www.realclubmaritimomelilla.es\/clmar\/apertura-temporada-de-verano\/#primaryimage","url":"https:\/\/www.realclubmaritimomelilla.es\/clmar\/wp-content\/uploads\/piscina3.jpeg","contentUrl":"https:\/\/www.realclubmaritimomelilla.es\/clmar\/wp-content\/uploads\/piscina3.jpeg","width":1024,"height":768},{"@type":"BreadcrumbList","@id":"https:\/\/www.realclubmaritimomelilla.es\/clmar\/apertura-temporada-de-verano\/#breadcrumb","itemListElement":[{"@type":"ListItem","position":1,"name":"Portada","item":"https:\/\/www.realclubmaritimomelilla.es\/clmar\/"},{"@type":"ListItem","position":2,"name":"APERTURA TEMPORADA DE VERANO"}]},{"@type":"WebSite","@id":"https:\/\/www.realclubmaritimomelilla.es\/clmar\/#website","url":"https:\/\/www.realclubmaritimomelilla.es\/clmar\/","name":"Real Club Mar\u00edtimo de Melilla","description":"RCMM","publisher":{"@id":"https:\/\/www.realclubmaritimomelilla.es\/clmar\/#organization"},"alternateName":"RCMM","potentialAction":[{"@type":"SearchAction","target":{"@type":"EntryPoint","urlTemplate":"https:\/\/www.realclubmaritimomelilla.es\/clmar\/?s={search_term_string}"},"query-input":{"@type":"PropertyValueSpecification","valueRequired":true,"valueName":"search_term_string"}}],"inLanguage":"es"},{"@type":"Organization","@id":"https:\/\/www.realclubmaritimomelilla.es\/clmar\/#organization","name":"Real Club Mar\u00edtimo de Melilla","alternateName":"RCMM","url":"https:\/\/www.realclubmaritimomelilla.es\/clmar\/","logo":{"@type":"ImageObject","inLanguage":"es","@id":"https:\/\/www.realclubmaritimomelilla.es\/clmar\/#\/schema\/logo\/image\/","url":"https:\/\/www.realclubmaritimomelilla.es\/clmar\/wp-content\/uploads\/logo-club-original-copia.jpg","contentUrl":"https:\/\/www.realclubmaritimomelilla.es\/clmar\/wp-content\/uploads\/logo-club-original-copia.jpg","width":128,"height":89,"caption":"Real Club Mar\u00edtimo de Melilla"},"image":{"@id":"https:\/\/www.realclubmaritimomelilla.es\/clmar\/#\/schema\/logo\/image\/"},"sameAs":["https:\/\/www.facebook.com\/Real-Club-Mar\u00edtimo-de-Melilla-588495841234214\/","https:\/\/x.com\/nauticarcmm","https:\/\/www.instagram.com\/club_maritimo_melilla\/","https:\/\/www.youtube.com\/@realclubmaritimodemelilla4703","https:\/\/es.wikipedia.org\/wiki\/Real_Club_Mar\u00edtimo_de_Melilla"]},{"@type":"Person","@id":"https:\/\/www.realclubmaritimomelilla.es\/clmar\/#\/schema\/person\/ebaa3713496dc6d48c872452e73a8e79","name":"RCMMelilla","image":{"@type":"ImageObject","inLanguage":"es","@id":"https:\/\/secure.gravatar.com\/avatar\/df1c24789360fb9308735c4ee556fc2bc5bf924bf01e53043b8b97ba272da33c?s=96&d=mm&r=g","url":"https:\/\/secure.gravatar.com\/avatar\/df1c24789360fb9308735c4ee556fc2bc5bf924bf01e53043b8b97ba272da33c?s=96&d=mm&r=g","contentUrl":"https:\/\/secure.gravatar.com\/avatar\/df1c24789360fb9308735c4ee556fc2bc5bf924bf01e53043b8b97ba272da33c?s=96&d=mm&r=g","caption":"RCMMelilla"}}]}},"_links":{"self":[{"href":"https:\/\/www.realclubmaritimomelilla.es\/clmar\/wp-json\/wp\/v2\/posts\/19365","targetHints":{"allow":["GET"]}}],"collection":[{"href":"https:\/\/www.realclubmaritimomelilla.es\/clmar\/wp-json\/wp\/v2\/posts"}],"about":[{"href":"https:\/\/www.realclubmaritimomelilla.es\/clmar\/wp-json\/wp\/v2\/types\/post"}],"author":[{"embeddable":true,"href":"https:\/\/www.realclubmaritimomelilla.es\/clmar\/wp-json\/wp\/v2\/users\/1"}],"replies":[{"embeddable":true,"href":"https:\/\/www.realclubmaritimomelilla.es\/clmar\/wp-json\/wp\/v2\/comments?post=19365"}],"version-history":[{"count":0,"href":"https:\/\/www.realclubmaritimomelilla.es\/clmar\/wp-json\/wp\/v2\/posts\/19365\/revisions"}],"wp:featuredmedia":[{"embeddable":true,"href":"https:\/\/www.realclubmaritimomelilla.es\/clmar\/wp-json\/wp\/v2\/media\/17070"}],"wp:attachment":[{"href":"https:\/\/www.realclubmaritimomelilla.es\/clmar\/wp-json\/wp\/v2\/media?parent=19365"}],"wp:term":[{"taxonomy":"category","embeddable":true,"href":"https:\/\/www.realclubmaritimomelilla.es\/clmar\/wp-json\/wp\/v2\/categories?post=19365"},{"taxonomy":"post_tag","embeddable":true,"href":"https:\/\/www.realclubmaritimomelilla.es\/clmar\/wp-json\/wp\/v2\/tags?post=19365"}],"curies":[{"name":"wp","href":"https:\/\/api.w.org\/{rel}","templated":true}]}}