{"id":18274,"date":"2022-11-17T12:13:27","date_gmt":"2022-11-17T11:13:27","guid":{"rendered":"https:\/\/www.realclubmaritimomelilla.es\/clmar\/?p=18274"},"modified":"2022-11-25T10:32:33","modified_gmt":"2022-11-25T09:32:33","slug":"asamblea-general-ordinaria-de-socios-del-real-club-maritimo-de-melilla-lunes-28-de-noviembre-2022","status":"publish","type":"post","link":"https:\/\/www.realclubmaritimomelilla.es\/clmar\/asamblea-general-ordinaria-de-socios-del-real-club-maritimo-de-melilla-lunes-28-de-noviembre-2022\/","title":{"rendered":"ASAMBLEA GENERAL ORDINARIA DE SOCIOS DEL REAL CLUB MAR\u00cdTIMO DE MELILLA &#8212; LUNES 28 DE NOVIEMBRE 2022"},"content":{"rendered":"<p align=\"center\"><span style=\"color: #000000;\"><span style=\"font-size: xx-large;\"><u><b>CONVOCATORIA DE ASAMBLEA GENERAL ORDINARIA DE SOCIOS<\/b><\/u><\/span><\/span><\/p>\n<p align=\"justify\"><span style=\"color: #000000;\"><span style=\"font-size: x-large;\">Se convoca Asamblea General de Socios para el d\u00eda 28 de noviembre de 2022, a las 20:00 horas en primera convocatoria, a las 20:15 horas en segunda y a las 20:30 horas en tercera, con arreglo al siguiente<\/span><\/span><\/p>\n<p align=\"center\"><span style=\"color: #000000;\"><span style=\"font-size: x-large;\"><b>ORDEN DEL DIA<\/b><\/span><\/span><\/p>\n<ol>\n<li>\n<p align=\"justify\"><span style=\"color: #000000;\"><span style=\"font-size: x-large;\">Informaci\u00f3n general<\/span><\/span><\/p>\n<\/li>\n<li>\n<p align=\"justify\"><span style=\"color: #000000;\"><span style=\"font-size: x-large;\">Aprobaci\u00f3n, si procede, de las Cuentas del a\u00f1o 2021.<\/span><\/span><\/p>\n<\/li>\n<li>\n<p align=\"justify\"><span style=\"color: #000000;\"><span style=\"font-size: x-large;\">Ejecuci\u00f3n y ampliaci\u00f3n del Presupuesto de 2022. <\/span><\/span><\/p>\n<\/li>\n<li>\n<p align=\"justify\"><span style=\"color: #000000;\"><span style=\"font-size: x-large;\">Aprobaci\u00f3n, si procede, del Presupuesto de 2023.<\/span><\/span><\/p>\n<\/li>\n<li><span style=\"color: #000000;\"><span style=\"font-size: x-large;\">Ruegos y preguntas.<\/span><\/span><\/li>\n<li><span style=\"color: #000000;\"><span style=\"font-size: x-large;\">Aprobaci\u00f3n del Acta.<\/span><\/span><\/li>\n<\/ol>\n<p align=\"justify\"><span style=\"color: #000000;\"><span style=\"font-size: x-large;\">A fin de dar debida contestaci\u00f3n a los \u201cRuegos y preguntas\u201d, \u00e9stos deber\u00e1n tener entrada en la Secretar\u00eda del Club, cuarenta y ocho horas antes de la celebraci\u00f3n de la Asamblea.<\/span><\/span><\/p>\n<p><span style=\"color: #000000;\"><span style=\"font-size: x-large;\">LA DIRECTIVA<\/span><\/span><\/p>\n","protected":false},"excerpt":{"rendered":"<p>CONVOCATORIA DE ASAMBLEA GENERAL ORDINARIA DE SOCIOS Se convoca Asamblea General de Socios para el d\u00eda 28 de noviembre de 2022, a las 20:00 horas en primera convocatoria, a las 20:15 horas en segunda y a las 20:30 horas en tercera, con arreglo al siguiente ORDEN DEL DIA Informaci\u00f3n general Aprobaci\u00f3n, si procede, de las [&hellip;]<\/p>\n","protected":false},"author":1,"featured_media":19693,"comment_status":"open","ping_status":"open","sticky":false,"template":"","format":"standard","meta":{"_acf_changed":false,"footnotes":""},"categories":[1],"tags":[],"class_list":["post-18274","post","type-post","status-publish","format-standard","has-post-thumbnail","hentry","category-sin-categoria"],"acf":[],"yoast_head":"<!-- This site is optimized with the Yoast SEO plugin v27.5 - https:\/\/yoast.com\/product\/yoast-seo-wordpress\/ -->\n<title>ASAMBLEA GENERAL ORDINARIA DE SOCIOS DEL REAL CLUB MAR\u00cdTIMO DE MELILLA - LUNES 28 DE NOVIEMBRE 2022 - Real Club Mar\u00edtimo de Melilla<\/title>\n<meta name=\"description\" content=\"ASAMBLEA GENERAL ORDINARIA DE SOCIOS DEL REAL CLUB MAR\u00cdTIMO DE MELILLA - LUNES 28 DE NOVIEMBRE 2022 -\" \/>\n<meta name=\"robots\" content=\"index, follow, max-snippet:-1, max-image-preview:large, max-video-preview:-1\" \/>\n<link rel=\"canonical\" href=\"https:\/\/www.realclubmaritimomelilla.es\/clmar\/asamblea-general-ordinaria-de-socios-del-real-club-maritimo-de-melilla-lunes-28-de-noviembre-2022\/\" \/>\n<meta property=\"og:locale\" content=\"es_ES\" \/>\n<meta property=\"og:type\" content=\"article\" \/>\n<meta property=\"og:title\" content=\"ASAMBLEA GENERAL ORDINARIA DE SOCIOS DEL REAL CLUB MAR\u00cdTIMO DE MELILLA - LUNES 28 DE NOVIEMBRE 2022 - Real Club Mar\u00edtimo de Melilla\" \/>\n<meta property=\"og:description\" content=\"ASAMBLEA GENERAL ORDINARIA DE SOCIOS DEL REAL CLUB MAR\u00cdTIMO DE MELILLA - LUNES 28 DE NOVIEMBRE 2022 -\" \/>\n<meta property=\"og:url\" content=\"https:\/\/www.realclubmaritimomelilla.es\/clmar\/asamblea-general-ordinaria-de-socios-del-real-club-maritimo-de-melilla-lunes-28-de-noviembre-2022\/\" \/>\n<meta property=\"og:site_name\" content=\"Real Club Mar\u00edtimo de Melilla\" \/>\n<meta property=\"article:publisher\" content=\"https:\/\/www.facebook.com\/Real-Club-Mar%c3%adtimo-de-Melilla-588495841234214\/\" \/>\n<meta property=\"article:published_time\" content=\"2022-11-17T11:13:27+00:00\" \/>\n<meta property=\"article:modified_time\" content=\"2022-11-25T09:32:33+00:00\" \/>\n<meta property=\"og:image\" content=\"https:\/\/www.realclubmaritimomelilla.es\/clmar\/wp-content\/uploads\/asamblea-1.jpg\" \/>\n\t<meta property=\"og:image:width\" content=\"841\" \/>\n\t<meta property=\"og:image:height\" content=\"610\" \/>\n\t<meta property=\"og:image:type\" content=\"image\/jpeg\" \/>\n<meta name=\"author\" content=\"RCMMelilla\" \/>\n<meta name=\"twitter:card\" content=\"summary_large_image\" \/>\n<meta name=\"twitter:creator\" content=\"@nauticarcmm\" \/>\n<meta name=\"twitter:site\" content=\"@nauticarcmm\" \/>\n<meta name=\"twitter:label1\" content=\"Escrito por\" \/>\n\t<meta name=\"twitter:data1\" content=\"RCMMelilla\" \/>\n\t<meta name=\"twitter:label2\" content=\"Tiempo de lectura\" \/>\n\t<meta name=\"twitter:data2\" content=\"1 minuto\" \/>\n<script type=\"application\/ld+json\" class=\"yoast-schema-graph\">{\"@context\":\"https:\\\/\\\/schema.org\",\"@graph\":[{\"@type\":\"Article\",\"@id\":\"https:\\\/\\\/www.realclubmaritimomelilla.es\\\/clmar\\\/asamblea-general-ordinaria-de-socios-del-real-club-maritimo-de-melilla-lunes-28-de-noviembre-2022\\\/#article\",\"isPartOf\":{\"@id\":\"https:\\\/\\\/www.realclubmaritimomelilla.es\\\/clmar\\\/asamblea-general-ordinaria-de-socios-del-real-club-maritimo-de-melilla-lunes-28-de-noviembre-2022\\\/\"},\"author\":{\"name\":\"RCMMelilla\",\"@id\":\"https:\\\/\\\/www.realclubmaritimomelilla.es\\\/clmar\\\/#\\\/schema\\\/person\\\/ebaa3713496dc6d48c872452e73a8e79\"},\"headline\":\"ASAMBLEA GENERAL ORDINARIA DE SOCIOS DEL REAL CLUB MAR\u00cdTIMO DE MELILLA &#8212; LUNES 28 DE NOVIEMBRE 2022\",\"datePublished\":\"2022-11-17T11:13:27+00:00\",\"dateModified\":\"2022-11-25T09:32:33+00:00\",\"mainEntityOfPage\":{\"@id\":\"https:\\\/\\\/www.realclubmaritimomelilla.es\\\/clmar\\\/asamblea-general-ordinaria-de-socios-del-real-club-maritimo-de-melilla-lunes-28-de-noviembre-2022\\\/\"},\"wordCount\":132,\"commentCount\":0,\"publisher\":{\"@id\":\"https:\\\/\\\/www.realclubmaritimomelilla.es\\\/clmar\\\/#organization\"},\"image\":{\"@id\":\"https:\\\/\\\/www.realclubmaritimomelilla.es\\\/clmar\\\/asamblea-general-ordinaria-de-socios-del-real-club-maritimo-de-melilla-lunes-28-de-noviembre-2022\\\/#primaryimage\"},\"thumbnailUrl\":\"https:\\\/\\\/www.realclubmaritimomelilla.es\\\/clmar\\\/wp-content\\\/uploads\\\/asamblea-1.jpg\",\"inLanguage\":\"es\",\"potentialAction\":[{\"@type\":\"CommentAction\",\"name\":\"Comment\",\"target\":[\"https:\\\/\\\/www.realclubmaritimomelilla.es\\\/clmar\\\/asamblea-general-ordinaria-de-socios-del-real-club-maritimo-de-melilla-lunes-28-de-noviembre-2022\\\/#respond\"]}]},{\"@type\":\"WebPage\",\"@id\":\"https:\\\/\\\/www.realclubmaritimomelilla.es\\\/clmar\\\/asamblea-general-ordinaria-de-socios-del-real-club-maritimo-de-melilla-lunes-28-de-noviembre-2022\\\/\",\"url\":\"https:\\\/\\\/www.realclubmaritimomelilla.es\\\/clmar\\\/asamblea-general-ordinaria-de-socios-del-real-club-maritimo-de-melilla-lunes-28-de-noviembre-2022\\\/\",\"name\":\"ASAMBLEA GENERAL ORDINARIA DE SOCIOS DEL REAL CLUB MAR\u00cdTIMO DE MELILLA - LUNES 28 DE NOVIEMBRE 2022 - Real Club Mar\u00edtimo de Melilla\",\"isPartOf\":{\"@id\":\"https:\\\/\\\/www.realclubmaritimomelilla.es\\\/clmar\\\/#website\"},\"primaryImageOfPage\":{\"@id\":\"https:\\\/\\\/www.realclubmaritimomelilla.es\\\/clmar\\\/asamblea-general-ordinaria-de-socios-del-real-club-maritimo-de-melilla-lunes-28-de-noviembre-2022\\\/#primaryimage\"},\"image\":{\"@id\":\"https:\\\/\\\/www.realclubmaritimomelilla.es\\\/clmar\\\/asamblea-general-ordinaria-de-socios-del-real-club-maritimo-de-melilla-lunes-28-de-noviembre-2022\\\/#primaryimage\"},\"thumbnailUrl\":\"https:\\\/\\\/www.realclubmaritimomelilla.es\\\/clmar\\\/wp-content\\\/uploads\\\/asamblea-1.jpg\",\"datePublished\":\"2022-11-17T11:13:27+00:00\",\"dateModified\":\"2022-11-25T09:32:33+00:00\",\"description\":\"ASAMBLEA GENERAL ORDINARIA DE SOCIOS DEL REAL CLUB MAR\u00cdTIMO DE MELILLA - LUNES 28 DE NOVIEMBRE 2022 -\",\"breadcrumb\":{\"@id\":\"https:\\\/\\\/www.realclubmaritimomelilla.es\\\/clmar\\\/asamblea-general-ordinaria-de-socios-del-real-club-maritimo-de-melilla-lunes-28-de-noviembre-2022\\\/#breadcrumb\"},\"inLanguage\":\"es\",\"potentialAction\":[{\"@type\":\"ReadAction\",\"target\":[\"https:\\\/\\\/www.realclubmaritimomelilla.es\\\/clmar\\\/asamblea-general-ordinaria-de-socios-del-real-club-maritimo-de-melilla-lunes-28-de-noviembre-2022\\\/\"]}]},{\"@type\":\"ImageObject\",\"inLanguage\":\"es\",\"@id\":\"https:\\\/\\\/www.realclubmaritimomelilla.es\\\/clmar\\\/asamblea-general-ordinaria-de-socios-del-real-club-maritimo-de-melilla-lunes-28-de-noviembre-2022\\\/#primaryimage\",\"url\":\"https:\\\/\\\/www.realclubmaritimomelilla.es\\\/clmar\\\/wp-content\\\/uploads\\\/asamblea-1.jpg\",\"contentUrl\":\"https:\\\/\\\/www.realclubmaritimomelilla.es\\\/clmar\\\/wp-content\\\/uploads\\\/asamblea-1.jpg\",\"width\":841,\"height\":610},{\"@type\":\"BreadcrumbList\",\"@id\":\"https:\\\/\\\/www.realclubmaritimomelilla.es\\\/clmar\\\/asamblea-general-ordinaria-de-socios-del-real-club-maritimo-de-melilla-lunes-28-de-noviembre-2022\\\/#breadcrumb\",\"itemListElement\":[{\"@type\":\"ListItem\",\"position\":1,\"name\":\"Portada\",\"item\":\"https:\\\/\\\/www.realclubmaritimomelilla.es\\\/clmar\\\/\"},{\"@type\":\"ListItem\",\"position\":2,\"name\":\"ASAMBLEA GENERAL ORDINARIA DE SOCIOS DEL REAL CLUB MAR\u00cdTIMO DE MELILLA &#8212; LUNES 28 DE NOVIEMBRE 2022\"}]},{\"@type\":\"WebSite\",\"@id\":\"https:\\\/\\\/www.realclubmaritimomelilla.es\\\/clmar\\\/#website\",\"url\":\"https:\\\/\\\/www.realclubmaritimomelilla.es\\\/clmar\\\/\",\"name\":\"Real Club Mar\u00edtimo de Melilla\",\"description\":\"RCMM\",\"publisher\":{\"@id\":\"https:\\\/\\\/www.realclubmaritimomelilla.es\\\/clmar\\\/#organization\"},\"alternateName\":\"RCMM\",\"potentialAction\":[{\"@type\":\"SearchAction\",\"target\":{\"@type\":\"EntryPoint\",\"urlTemplate\":\"https:\\\/\\\/www.realclubmaritimomelilla.es\\\/clmar\\\/?s={search_term_string}\"},\"query-input\":{\"@type\":\"PropertyValueSpecification\",\"valueRequired\":true,\"valueName\":\"search_term_string\"}}],\"inLanguage\":\"es\"},{\"@type\":\"Organization\",\"@id\":\"https:\\\/\\\/www.realclubmaritimomelilla.es\\\/clmar\\\/#organization\",\"name\":\"Real Club Mar\u00edtimo de Melilla\",\"alternateName\":\"RCMM\",\"url\":\"https:\\\/\\\/www.realclubmaritimomelilla.es\\\/clmar\\\/\",\"logo\":{\"@type\":\"ImageObject\",\"inLanguage\":\"es\",\"@id\":\"https:\\\/\\\/www.realclubmaritimomelilla.es\\\/clmar\\\/#\\\/schema\\\/logo\\\/image\\\/\",\"url\":\"https:\\\/\\\/www.realclubmaritimomelilla.es\\\/clmar\\\/wp-content\\\/uploads\\\/logo-club-original-copia.jpg\",\"contentUrl\":\"https:\\\/\\\/www.realclubmaritimomelilla.es\\\/clmar\\\/wp-content\\\/uploads\\\/logo-club-original-copia.jpg\",\"width\":128,\"height\":89,\"caption\":\"Real Club Mar\u00edtimo de Melilla\"},\"image\":{\"@id\":\"https:\\\/\\\/www.realclubmaritimomelilla.es\\\/clmar\\\/#\\\/schema\\\/logo\\\/image\\\/\"},\"sameAs\":[\"https:\\\/\\\/www.facebook.com\\\/Real-Club-Mar\u00edtimo-de-Melilla-588495841234214\\\/\",\"https:\\\/\\\/x.com\\\/nauticarcmm\",\"https:\\\/\\\/www.instagram.com\\\/club_maritimo_melilla\\\/\",\"https:\\\/\\\/www.youtube.com\\\/@realclubmaritimodemelilla4703\",\"https:\\\/\\\/es.wikipedia.org\\\/wiki\\\/Real_Club_Mar\u00edtimo_de_Melilla\"]},{\"@type\":\"Person\",\"@id\":\"https:\\\/\\\/www.realclubmaritimomelilla.es\\\/clmar\\\/#\\\/schema\\\/person\\\/ebaa3713496dc6d48c872452e73a8e79\",\"name\":\"RCMMelilla\",\"image\":{\"@type\":\"ImageObject\",\"inLanguage\":\"es\",\"@id\":\"https:\\\/\\\/secure.gravatar.com\\\/avatar\\\/df1c24789360fb9308735c4ee556fc2bc5bf924bf01e53043b8b97ba272da33c?s=96&d=mm&r=g\",\"url\":\"https:\\\/\\\/secure.gravatar.com\\\/avatar\\\/df1c24789360fb9308735c4ee556fc2bc5bf924bf01e53043b8b97ba272da33c?s=96&d=mm&r=g\",\"contentUrl\":\"https:\\\/\\\/secure.gravatar.com\\\/avatar\\\/df1c24789360fb9308735c4ee556fc2bc5bf924bf01e53043b8b97ba272da33c?s=96&d=mm&r=g\",\"caption\":\"RCMMelilla\"}}]}<\/script>\n<!-- \/ Yoast SEO plugin. -->","yoast_head_json":{"title":"ASAMBLEA GENERAL ORDINARIA DE SOCIOS DEL REAL CLUB MAR\u00cdTIMO DE MELILLA - LUNES 28 DE NOVIEMBRE 2022 - Real Club Mar\u00edtimo de Melilla","description":"ASAMBLEA GENERAL ORDINARIA DE SOCIOS DEL REAL CLUB MAR\u00cdTIMO DE MELILLA - LUNES 28 DE NOVIEMBRE 2022 -","robots":{"index":"index","follow":"follow","max-snippet":"max-snippet:-1","max-image-preview":"max-image-preview:large","max-video-preview":"max-video-preview:-1"},"canonical":"https:\/\/www.realclubmaritimomelilla.es\/clmar\/asamblea-general-ordinaria-de-socios-del-real-club-maritimo-de-melilla-lunes-28-de-noviembre-2022\/","og_locale":"es_ES","og_type":"article","og_title":"ASAMBLEA GENERAL ORDINARIA DE SOCIOS DEL REAL CLUB MAR\u00cdTIMO DE MELILLA - LUNES 28 DE NOVIEMBRE 2022 - Real Club Mar\u00edtimo de Melilla","og_description":"ASAMBLEA GENERAL ORDINARIA DE SOCIOS DEL REAL CLUB MAR\u00cdTIMO DE MELILLA - LUNES 28 DE NOVIEMBRE 2022 -","og_url":"https:\/\/www.realclubmaritimomelilla.es\/clmar\/asamblea-general-ordinaria-de-socios-del-real-club-maritimo-de-melilla-lunes-28-de-noviembre-2022\/","og_site_name":"Real Club Mar\u00edtimo de Melilla","article_publisher":"https:\/\/www.facebook.com\/Real-Club-Mar%c3%adtimo-de-Melilla-588495841234214\/","article_published_time":"2022-11-17T11:13:27+00:00","article_modified_time":"2022-11-25T09:32:33+00:00","og_image":[{"width":841,"height":610,"url":"https:\/\/www.realclubmaritimomelilla.es\/clmar\/wp-content\/uploads\/asamblea-1.jpg","type":"image\/jpeg"}],"author":"RCMMelilla","twitter_card":"summary_large_image","twitter_creator":"@nauticarcmm","twitter_site":"@nauticarcmm","twitter_misc":{"Escrito por":"RCMMelilla","Tiempo de lectura":"1 minuto"},"schema":{"@context":"https:\/\/schema.org","@graph":[{"@type":"Article","@id":"https:\/\/www.realclubmaritimomelilla.es\/clmar\/asamblea-general-ordinaria-de-socios-del-real-club-maritimo-de-melilla-lunes-28-de-noviembre-2022\/#article","isPartOf":{"@id":"https:\/\/www.realclubmaritimomelilla.es\/clmar\/asamblea-general-ordinaria-de-socios-del-real-club-maritimo-de-melilla-lunes-28-de-noviembre-2022\/"},"author":{"name":"RCMMelilla","@id":"https:\/\/www.realclubmaritimomelilla.es\/clmar\/#\/schema\/person\/ebaa3713496dc6d48c872452e73a8e79"},"headline":"ASAMBLEA GENERAL ORDINARIA DE SOCIOS DEL REAL CLUB MAR\u00cdTIMO DE MELILLA &#8212; LUNES 28 DE NOVIEMBRE 2022","datePublished":"2022-11-17T11:13:27+00:00","dateModified":"2022-11-25T09:32:33+00:00","mainEntityOfPage":{"@id":"https:\/\/www.realclubmaritimomelilla.es\/clmar\/asamblea-general-ordinaria-de-socios-del-real-club-maritimo-de-melilla-lunes-28-de-noviembre-2022\/"},"wordCount":132,"commentCount":0,"publisher":{"@id":"https:\/\/www.realclubmaritimomelilla.es\/clmar\/#organization"},"image":{"@id":"https:\/\/www.realclubmaritimomelilla.es\/clmar\/asamblea-general-ordinaria-de-socios-del-real-club-maritimo-de-melilla-lunes-28-de-noviembre-2022\/#primaryimage"},"thumbnailUrl":"https:\/\/www.realclubmaritimomelilla.es\/clmar\/wp-content\/uploads\/asamblea-1.jpg","inLanguage":"es","potentialAction":[{"@type":"CommentAction","name":"Comment","target":["https:\/\/www.realclubmaritimomelilla.es\/clmar\/asamblea-general-ordinaria-de-socios-del-real-club-maritimo-de-melilla-lunes-28-de-noviembre-2022\/#respond"]}]},{"@type":"WebPage","@id":"https:\/\/www.realclubmaritimomelilla.es\/clmar\/asamblea-general-ordinaria-de-socios-del-real-club-maritimo-de-melilla-lunes-28-de-noviembre-2022\/","url":"https:\/\/www.realclubmaritimomelilla.es\/clmar\/asamblea-general-ordinaria-de-socios-del-real-club-maritimo-de-melilla-lunes-28-de-noviembre-2022\/","name":"ASAMBLEA GENERAL ORDINARIA DE SOCIOS DEL REAL CLUB MAR\u00cdTIMO DE MELILLA - LUNES 28 DE NOVIEMBRE 2022 - Real Club Mar\u00edtimo de Melilla","isPartOf":{"@id":"https:\/\/www.realclubmaritimomelilla.es\/clmar\/#website"},"primaryImageOfPage":{"@id":"https:\/\/www.realclubmaritimomelilla.es\/clmar\/asamblea-general-ordinaria-de-socios-del-real-club-maritimo-de-melilla-lunes-28-de-noviembre-2022\/#primaryimage"},"image":{"@id":"https:\/\/www.realclubmaritimomelilla.es\/clmar\/asamblea-general-ordinaria-de-socios-del-real-club-maritimo-de-melilla-lunes-28-de-noviembre-2022\/#primaryimage"},"thumbnailUrl":"https:\/\/www.realclubmaritimomelilla.es\/clmar\/wp-content\/uploads\/asamblea-1.jpg","datePublished":"2022-11-17T11:13:27+00:00","dateModified":"2022-11-25T09:32:33+00:00","description":"ASAMBLEA GENERAL ORDINARIA DE SOCIOS DEL REAL CLUB MAR\u00cdTIMO DE MELILLA - LUNES 28 DE NOVIEMBRE 2022 -","breadcrumb":{"@id":"https:\/\/www.realclubmaritimomelilla.es\/clmar\/asamblea-general-ordinaria-de-socios-del-real-club-maritimo-de-melilla-lunes-28-de-noviembre-2022\/#breadcrumb"},"inLanguage":"es","potentialAction":[{"@type":"ReadAction","target":["https:\/\/www.realclubmaritimomelilla.es\/clmar\/asamblea-general-ordinaria-de-socios-del-real-club-maritimo-de-melilla-lunes-28-de-noviembre-2022\/"]}]},{"@type":"ImageObject","inLanguage":"es","@id":"https:\/\/www.realclubmaritimomelilla.es\/clmar\/asamblea-general-ordinaria-de-socios-del-real-club-maritimo-de-melilla-lunes-28-de-noviembre-2022\/#primaryimage","url":"https:\/\/www.realclubmaritimomelilla.es\/clmar\/wp-content\/uploads\/asamblea-1.jpg","contentUrl":"https:\/\/www.realclubmaritimomelilla.es\/clmar\/wp-content\/uploads\/asamblea-1.jpg","width":841,"height":610},{"@type":"BreadcrumbList","@id":"https:\/\/www.realclubmaritimomelilla.es\/clmar\/asamblea-general-ordinaria-de-socios-del-real-club-maritimo-de-melilla-lunes-28-de-noviembre-2022\/#breadcrumb","itemListElement":[{"@type":"ListItem","position":1,"name":"Portada","item":"https:\/\/www.realclubmaritimomelilla.es\/clmar\/"},{"@type":"ListItem","position":2,"name":"ASAMBLEA GENERAL ORDINARIA DE SOCIOS DEL REAL CLUB MAR\u00cdTIMO DE MELILLA &#8212; LUNES 28 DE NOVIEMBRE 2022"}]},{"@type":"WebSite","@id":"https:\/\/www.realclubmaritimomelilla.es\/clmar\/#website","url":"https:\/\/www.realclubmaritimomelilla.es\/clmar\/","name":"Real Club Mar\u00edtimo de Melilla","description":"RCMM","publisher":{"@id":"https:\/\/www.realclubmaritimomelilla.es\/clmar\/#organization"},"alternateName":"RCMM","potentialAction":[{"@type":"SearchAction","target":{"@type":"EntryPoint","urlTemplate":"https:\/\/www.realclubmaritimomelilla.es\/clmar\/?s={search_term_string}"},"query-input":{"@type":"PropertyValueSpecification","valueRequired":true,"valueName":"search_term_string"}}],"inLanguage":"es"},{"@type":"Organization","@id":"https:\/\/www.realclubmaritimomelilla.es\/clmar\/#organization","name":"Real Club Mar\u00edtimo de Melilla","alternateName":"RCMM","url":"https:\/\/www.realclubmaritimomelilla.es\/clmar\/","logo":{"@type":"ImageObject","inLanguage":"es","@id":"https:\/\/www.realclubmaritimomelilla.es\/clmar\/#\/schema\/logo\/image\/","url":"https:\/\/www.realclubmaritimomelilla.es\/clmar\/wp-content\/uploads\/logo-club-original-copia.jpg","contentUrl":"https:\/\/www.realclubmaritimomelilla.es\/clmar\/wp-content\/uploads\/logo-club-original-copia.jpg","width":128,"height":89,"caption":"Real Club Mar\u00edtimo de Melilla"},"image":{"@id":"https:\/\/www.realclubmaritimomelilla.es\/clmar\/#\/schema\/logo\/image\/"},"sameAs":["https:\/\/www.facebook.com\/Real-Club-Mar\u00edtimo-de-Melilla-588495841234214\/","https:\/\/x.com\/nauticarcmm","https:\/\/www.instagram.com\/club_maritimo_melilla\/","https:\/\/www.youtube.com\/@realclubmaritimodemelilla4703","https:\/\/es.wikipedia.org\/wiki\/Real_Club_Mar\u00edtimo_de_Melilla"]},{"@type":"Person","@id":"https:\/\/www.realclubmaritimomelilla.es\/clmar\/#\/schema\/person\/ebaa3713496dc6d48c872452e73a8e79","name":"RCMMelilla","image":{"@type":"ImageObject","inLanguage":"es","@id":"https:\/\/secure.gravatar.com\/avatar\/df1c24789360fb9308735c4ee556fc2bc5bf924bf01e53043b8b97ba272da33c?s=96&d=mm&r=g","url":"https:\/\/secure.gravatar.com\/avatar\/df1c24789360fb9308735c4ee556fc2bc5bf924bf01e53043b8b97ba272da33c?s=96&d=mm&r=g","contentUrl":"https:\/\/secure.gravatar.com\/avatar\/df1c24789360fb9308735c4ee556fc2bc5bf924bf01e53043b8b97ba272da33c?s=96&d=mm&r=g","caption":"RCMMelilla"}}]}},"_links":{"self":[{"href":"https:\/\/www.realclubmaritimomelilla.es\/clmar\/wp-json\/wp\/v2\/posts\/18274","targetHints":{"allow":["GET"]}}],"collection":[{"href":"https:\/\/www.realclubmaritimomelilla.es\/clmar\/wp-json\/wp\/v2\/posts"}],"about":[{"href":"https:\/\/www.realclubmaritimomelilla.es\/clmar\/wp-json\/wp\/v2\/types\/post"}],"author":[{"embeddable":true,"href":"https:\/\/www.realclubmaritimomelilla.es\/clmar\/wp-json\/wp\/v2\/users\/1"}],"replies":[{"embeddable":true,"href":"https:\/\/www.realclubmaritimomelilla.es\/clmar\/wp-json\/wp\/v2\/comments?post=18274"}],"version-history":[{"count":1,"href":"https:\/\/www.realclubmaritimomelilla.es\/clmar\/wp-json\/wp\/v2\/posts\/18274\/revisions"}],"predecessor-version":[{"id":19405,"href":"https:\/\/www.realclubmaritimomelilla.es\/clmar\/wp-json\/wp\/v2\/posts\/18274\/revisions\/19405"}],"wp:featuredmedia":[{"embeddable":true,"href":"https:\/\/www.realclubmaritimomelilla.es\/clmar\/wp-json\/wp\/v2\/media\/19693"}],"wp:attachment":[{"href":"https:\/\/www.realclubmaritimomelilla.es\/clmar\/wp-json\/wp\/v2\/media?parent=18274"}],"wp:term":[{"taxonomy":"category","embeddable":true,"href":"https:\/\/www.realclubmaritimomelilla.es\/clmar\/wp-json\/wp\/v2\/categories?post=18274"},{"taxonomy":"post_tag","embeddable":true,"href":"https:\/\/www.realclubmaritimomelilla.es\/clmar\/wp-json\/wp\/v2\/tags?post=18274"}],"curies":[{"name":"wp","href":"https:\/\/api.w.org\/{rel}","templated":true}]}}