{"id":18105,"date":"2022-09-16T18:41:23","date_gmt":"2022-09-16T16:41:23","guid":{"rendered":"https:\/\/www.realclubmaritimomelilla.es\/clmar\/?p=18105"},"modified":"2022-11-25T10:32:35","modified_gmt":"2022-11-25T09:32:35","slug":"el-real-club-maritimo-de-melilla-participa-en-la-regata-de-la-aecn","status":"publish","type":"post","link":"https:\/\/www.realclubmaritimomelilla.es\/clmar\/el-real-club-maritimo-de-melilla-participa-en-la-regata-de-la-aecn\/","title":{"rendered":"El Real Club Mar\u00edtimo de Melilla participa en la Regata de la AECN"},"content":{"rendered":"<p>El Equipo de Regata del Real Club Mar\u00edtimo de Melilla ha viajado hasta Valencia sede este a\u00f1o de la Regata de la Asociaci\u00f3n Espa\u00f1ola de Clubes N\u00e1uticos (AECN). En concreto, el destino de los regatistas melillenses es el Real Club N\u00e1utico de Valencia donde se desarrollar\u00e1 la competici\u00f3n durante todo el fin de semana.<\/p>\n<p>El Club Mar\u00edtimo ha desplazado su equipo de optimist, con cinco regatistas y un entrenador, para tomar parte en esta competici\u00f3n anual, a la que acuden representantes de los clubes que forman la AECN.<\/p>\n<p>Una competici\u00f3n en la que el Real Club Mar\u00edtimo de Melilla ha subido al podio en varias ocasiones y que tambi\u00e9n ha organizado al menos dos veces.<\/p>\n<p>El responsable de la expedici\u00f3n es el entrenador Samir Mohamed, al que acompa\u00f1an los deportistas de la clase optimist Jaime Cabrera, Omar Haouari, Miguel Tormo, Adri\u00e1n Robles y Pedro Jimeno.<\/p>\n<p>Este viernes han participado en los entrenamientos oficiales, para este s\u00e1bado y domingo competir en el campo de regatas del Real Club N\u00e1utico de Valencia representando a nuestro club.<\/p>\n","protected":false},"excerpt":{"rendered":"<p>El Equipo de Regata del Real Club Mar\u00edtimo de Melilla ha viajado hasta Valencia sede este a\u00f1o de la Regata de la Asociaci\u00f3n Espa\u00f1ola de Clubes N\u00e1uticos (AECN). En concreto, el destino de los regatistas melillenses es el Real Club N\u00e1utico de Valencia donde se desarrollar\u00e1 la competici\u00f3n durante todo el fin de semana. El [&hellip;]<\/p>\n","protected":false},"author":1,"featured_media":18106,"comment_status":"open","ping_status":"open","sticky":false,"template":"","format":"standard","meta":{"_acf_changed":false,"footnotes":""},"categories":[1],"tags":[],"class_list":["post-18105","post","type-post","status-publish","format-standard","has-post-thumbnail","hentry","category-sin-categoria"],"acf":[],"yoast_head":"<!-- This site is optimized with the Yoast SEO plugin v27.5 - https:\/\/yoast.com\/product\/yoast-seo-wordpress\/ -->\n<title>El Real Club Mar\u00edtimo de Melilla participa en la Regata de la AECN - Real Club Mar\u00edtimo de Melilla<\/title>\n<meta name=\"description\" content=\"El Real Club Mar\u00edtimo de Melilla participa en la Regata de la AECN -\" \/>\n<meta name=\"robots\" content=\"index, follow, max-snippet:-1, max-image-preview:large, max-video-preview:-1\" \/>\n<link rel=\"canonical\" href=\"https:\/\/www.realclubmaritimomelilla.es\/clmar\/el-real-club-maritimo-de-melilla-participa-en-la-regata-de-la-aecn\/\" \/>\n<meta property=\"og:locale\" content=\"es_ES\" \/>\n<meta property=\"og:type\" content=\"article\" \/>\n<meta property=\"og:title\" content=\"El Real Club Mar\u00edtimo de Melilla participa en la Regata de la AECN - Real Club Mar\u00edtimo de Melilla\" \/>\n<meta property=\"og:description\" content=\"El Real Club Mar\u00edtimo de Melilla participa en la Regata de la AECN -\" \/>\n<meta property=\"og:url\" content=\"https:\/\/www.realclubmaritimomelilla.es\/clmar\/el-real-club-maritimo-de-melilla-participa-en-la-regata-de-la-aecn\/\" \/>\n<meta property=\"og:site_name\" content=\"Real Club Mar\u00edtimo de Melilla\" \/>\n<meta property=\"article:publisher\" content=\"https:\/\/www.facebook.com\/Real-Club-Mar%c3%adtimo-de-Melilla-588495841234214\/\" \/>\n<meta property=\"article:published_time\" content=\"2022-09-16T16:41:23+00:00\" \/>\n<meta property=\"article:modified_time\" content=\"2022-11-25T09:32:35+00:00\" \/>\n<meta property=\"og:image\" content=\"https:\/\/www.realclubmaritimomelilla.es\/clmar\/wp-content\/uploads\/regatistas-RCMM.jpeg\" \/>\n\t<meta property=\"og:image:width\" content=\"2048\" \/>\n\t<meta property=\"og:image:height\" content=\"1536\" \/>\n\t<meta property=\"og:image:type\" content=\"image\/jpeg\" \/>\n<meta name=\"author\" content=\"RCMMelilla\" \/>\n<meta name=\"twitter:card\" content=\"summary_large_image\" \/>\n<meta name=\"twitter:creator\" content=\"@nauticarcmm\" \/>\n<meta name=\"twitter:site\" content=\"@nauticarcmm\" \/>\n<meta name=\"twitter:label1\" content=\"Escrito por\" \/>\n\t<meta name=\"twitter:data1\" content=\"RCMMelilla\" \/>\n\t<meta name=\"twitter:label2\" content=\"Tiempo de lectura\" \/>\n\t<meta name=\"twitter:data2\" content=\"1 minuto\" \/>\n<script type=\"application\/ld+json\" class=\"yoast-schema-graph\">{\"@context\":\"https:\\\/\\\/schema.org\",\"@graph\":[{\"@type\":\"Article\",\"@id\":\"https:\\\/\\\/www.realclubmaritimomelilla.es\\\/clmar\\\/el-real-club-maritimo-de-melilla-participa-en-la-regata-de-la-aecn\\\/#article\",\"isPartOf\":{\"@id\":\"https:\\\/\\\/www.realclubmaritimomelilla.es\\\/clmar\\\/el-real-club-maritimo-de-melilla-participa-en-la-regata-de-la-aecn\\\/\"},\"author\":{\"name\":\"RCMMelilla\",\"@id\":\"https:\\\/\\\/www.realclubmaritimomelilla.es\\\/clmar\\\/#\\\/schema\\\/person\\\/ebaa3713496dc6d48c872452e73a8e79\"},\"headline\":\"El Real Club Mar\u00edtimo de Melilla participa en la Regata de la AECN\",\"datePublished\":\"2022-09-16T16:41:23+00:00\",\"dateModified\":\"2022-11-25T09:32:35+00:00\",\"mainEntityOfPage\":{\"@id\":\"https:\\\/\\\/www.realclubmaritimomelilla.es\\\/clmar\\\/el-real-club-maritimo-de-melilla-participa-en-la-regata-de-la-aecn\\\/\"},\"wordCount\":205,\"commentCount\":0,\"publisher\":{\"@id\":\"https:\\\/\\\/www.realclubmaritimomelilla.es\\\/clmar\\\/#organization\"},\"image\":{\"@id\":\"https:\\\/\\\/www.realclubmaritimomelilla.es\\\/clmar\\\/el-real-club-maritimo-de-melilla-participa-en-la-regata-de-la-aecn\\\/#primaryimage\"},\"thumbnailUrl\":\"https:\\\/\\\/www.realclubmaritimomelilla.es\\\/clmar\\\/wp-content\\\/uploads\\\/regatistas-RCMM.jpeg\",\"inLanguage\":\"es\",\"potentialAction\":[{\"@type\":\"CommentAction\",\"name\":\"Comment\",\"target\":[\"https:\\\/\\\/www.realclubmaritimomelilla.es\\\/clmar\\\/el-real-club-maritimo-de-melilla-participa-en-la-regata-de-la-aecn\\\/#respond\"]}]},{\"@type\":\"WebPage\",\"@id\":\"https:\\\/\\\/www.realclubmaritimomelilla.es\\\/clmar\\\/el-real-club-maritimo-de-melilla-participa-en-la-regata-de-la-aecn\\\/\",\"url\":\"https:\\\/\\\/www.realclubmaritimomelilla.es\\\/clmar\\\/el-real-club-maritimo-de-melilla-participa-en-la-regata-de-la-aecn\\\/\",\"name\":\"El Real Club Mar\u00edtimo de Melilla participa en la Regata de la AECN - Real Club Mar\u00edtimo de Melilla\",\"isPartOf\":{\"@id\":\"https:\\\/\\\/www.realclubmaritimomelilla.es\\\/clmar\\\/#website\"},\"primaryImageOfPage\":{\"@id\":\"https:\\\/\\\/www.realclubmaritimomelilla.es\\\/clmar\\\/el-real-club-maritimo-de-melilla-participa-en-la-regata-de-la-aecn\\\/#primaryimage\"},\"image\":{\"@id\":\"https:\\\/\\\/www.realclubmaritimomelilla.es\\\/clmar\\\/el-real-club-maritimo-de-melilla-participa-en-la-regata-de-la-aecn\\\/#primaryimage\"},\"thumbnailUrl\":\"https:\\\/\\\/www.realclubmaritimomelilla.es\\\/clmar\\\/wp-content\\\/uploads\\\/regatistas-RCMM.jpeg\",\"datePublished\":\"2022-09-16T16:41:23+00:00\",\"dateModified\":\"2022-11-25T09:32:35+00:00\",\"description\":\"El Real Club Mar\u00edtimo de Melilla participa en la Regata de la AECN -\",\"breadcrumb\":{\"@id\":\"https:\\\/\\\/www.realclubmaritimomelilla.es\\\/clmar\\\/el-real-club-maritimo-de-melilla-participa-en-la-regata-de-la-aecn\\\/#breadcrumb\"},\"inLanguage\":\"es\",\"potentialAction\":[{\"@type\":\"ReadAction\",\"target\":[\"https:\\\/\\\/www.realclubmaritimomelilla.es\\\/clmar\\\/el-real-club-maritimo-de-melilla-participa-en-la-regata-de-la-aecn\\\/\"]}]},{\"@type\":\"ImageObject\",\"inLanguage\":\"es\",\"@id\":\"https:\\\/\\\/www.realclubmaritimomelilla.es\\\/clmar\\\/el-real-club-maritimo-de-melilla-participa-en-la-regata-de-la-aecn\\\/#primaryimage\",\"url\":\"https:\\\/\\\/www.realclubmaritimomelilla.es\\\/clmar\\\/wp-content\\\/uploads\\\/regatistas-RCMM.jpeg\",\"contentUrl\":\"https:\\\/\\\/www.realclubmaritimomelilla.es\\\/clmar\\\/wp-content\\\/uploads\\\/regatistas-RCMM.jpeg\",\"width\":2048,\"height\":1536},{\"@type\":\"BreadcrumbList\",\"@id\":\"https:\\\/\\\/www.realclubmaritimomelilla.es\\\/clmar\\\/el-real-club-maritimo-de-melilla-participa-en-la-regata-de-la-aecn\\\/#breadcrumb\",\"itemListElement\":[{\"@type\":\"ListItem\",\"position\":1,\"name\":\"Portada\",\"item\":\"https:\\\/\\\/www.realclubmaritimomelilla.es\\\/clmar\\\/\"},{\"@type\":\"ListItem\",\"position\":2,\"name\":\"El Real Club Mar\u00edtimo de Melilla participa en la Regata de la AECN\"}]},{\"@type\":\"WebSite\",\"@id\":\"https:\\\/\\\/www.realclubmaritimomelilla.es\\\/clmar\\\/#website\",\"url\":\"https:\\\/\\\/www.realclubmaritimomelilla.es\\\/clmar\\\/\",\"name\":\"Real Club Mar\u00edtimo de Melilla\",\"description\":\"RCMM\",\"publisher\":{\"@id\":\"https:\\\/\\\/www.realclubmaritimomelilla.es\\\/clmar\\\/#organization\"},\"alternateName\":\"RCMM\",\"potentialAction\":[{\"@type\":\"SearchAction\",\"target\":{\"@type\":\"EntryPoint\",\"urlTemplate\":\"https:\\\/\\\/www.realclubmaritimomelilla.es\\\/clmar\\\/?s={search_term_string}\"},\"query-input\":{\"@type\":\"PropertyValueSpecification\",\"valueRequired\":true,\"valueName\":\"search_term_string\"}}],\"inLanguage\":\"es\"},{\"@type\":\"Organization\",\"@id\":\"https:\\\/\\\/www.realclubmaritimomelilla.es\\\/clmar\\\/#organization\",\"name\":\"Real Club Mar\u00edtimo de Melilla\",\"alternateName\":\"RCMM\",\"url\":\"https:\\\/\\\/www.realclubmaritimomelilla.es\\\/clmar\\\/\",\"logo\":{\"@type\":\"ImageObject\",\"inLanguage\":\"es\",\"@id\":\"https:\\\/\\\/www.realclubmaritimomelilla.es\\\/clmar\\\/#\\\/schema\\\/logo\\\/image\\\/\",\"url\":\"https:\\\/\\\/www.realclubmaritimomelilla.es\\\/clmar\\\/wp-content\\\/uploads\\\/logo-club-original-copia.jpg\",\"contentUrl\":\"https:\\\/\\\/www.realclubmaritimomelilla.es\\\/clmar\\\/wp-content\\\/uploads\\\/logo-club-original-copia.jpg\",\"width\":128,\"height\":89,\"caption\":\"Real Club Mar\u00edtimo de Melilla\"},\"image\":{\"@id\":\"https:\\\/\\\/www.realclubmaritimomelilla.es\\\/clmar\\\/#\\\/schema\\\/logo\\\/image\\\/\"},\"sameAs\":[\"https:\\\/\\\/www.facebook.com\\\/Real-Club-Mar\u00edtimo-de-Melilla-588495841234214\\\/\",\"https:\\\/\\\/x.com\\\/nauticarcmm\",\"https:\\\/\\\/www.instagram.com\\\/club_maritimo_melilla\\\/\",\"https:\\\/\\\/www.youtube.com\\\/@realclubmaritimodemelilla4703\",\"https:\\\/\\\/es.wikipedia.org\\\/wiki\\\/Real_Club_Mar\u00edtimo_de_Melilla\"]},{\"@type\":\"Person\",\"@id\":\"https:\\\/\\\/www.realclubmaritimomelilla.es\\\/clmar\\\/#\\\/schema\\\/person\\\/ebaa3713496dc6d48c872452e73a8e79\",\"name\":\"RCMMelilla\",\"image\":{\"@type\":\"ImageObject\",\"inLanguage\":\"es\",\"@id\":\"https:\\\/\\\/secure.gravatar.com\\\/avatar\\\/df1c24789360fb9308735c4ee556fc2bc5bf924bf01e53043b8b97ba272da33c?s=96&d=mm&r=g\",\"url\":\"https:\\\/\\\/secure.gravatar.com\\\/avatar\\\/df1c24789360fb9308735c4ee556fc2bc5bf924bf01e53043b8b97ba272da33c?s=96&d=mm&r=g\",\"contentUrl\":\"https:\\\/\\\/secure.gravatar.com\\\/avatar\\\/df1c24789360fb9308735c4ee556fc2bc5bf924bf01e53043b8b97ba272da33c?s=96&d=mm&r=g\",\"caption\":\"RCMMelilla\"}}]}<\/script>\n<!-- \/ Yoast SEO plugin. -->","yoast_head_json":{"title":"El Real Club Mar\u00edtimo de Melilla participa en la Regata de la AECN - Real Club Mar\u00edtimo de Melilla","description":"El Real Club Mar\u00edtimo de Melilla participa en la Regata de la AECN -","robots":{"index":"index","follow":"follow","max-snippet":"max-snippet:-1","max-image-preview":"max-image-preview:large","max-video-preview":"max-video-preview:-1"},"canonical":"https:\/\/www.realclubmaritimomelilla.es\/clmar\/el-real-club-maritimo-de-melilla-participa-en-la-regata-de-la-aecn\/","og_locale":"es_ES","og_type":"article","og_title":"El Real Club Mar\u00edtimo de Melilla participa en la Regata de la AECN - Real Club Mar\u00edtimo de Melilla","og_description":"El Real Club Mar\u00edtimo de Melilla participa en la Regata de la AECN -","og_url":"https:\/\/www.realclubmaritimomelilla.es\/clmar\/el-real-club-maritimo-de-melilla-participa-en-la-regata-de-la-aecn\/","og_site_name":"Real Club Mar\u00edtimo de Melilla","article_publisher":"https:\/\/www.facebook.com\/Real-Club-Mar%c3%adtimo-de-Melilla-588495841234214\/","article_published_time":"2022-09-16T16:41:23+00:00","article_modified_time":"2022-11-25T09:32:35+00:00","og_image":[{"width":2048,"height":1536,"url":"https:\/\/www.realclubmaritimomelilla.es\/clmar\/wp-content\/uploads\/regatistas-RCMM.jpeg","type":"image\/jpeg"}],"author":"RCMMelilla","twitter_card":"summary_large_image","twitter_creator":"@nauticarcmm","twitter_site":"@nauticarcmm","twitter_misc":{"Escrito por":"RCMMelilla","Tiempo de lectura":"1 minuto"},"schema":{"@context":"https:\/\/schema.org","@graph":[{"@type":"Article","@id":"https:\/\/www.realclubmaritimomelilla.es\/clmar\/el-real-club-maritimo-de-melilla-participa-en-la-regata-de-la-aecn\/#article","isPartOf":{"@id":"https:\/\/www.realclubmaritimomelilla.es\/clmar\/el-real-club-maritimo-de-melilla-participa-en-la-regata-de-la-aecn\/"},"author":{"name":"RCMMelilla","@id":"https:\/\/www.realclubmaritimomelilla.es\/clmar\/#\/schema\/person\/ebaa3713496dc6d48c872452e73a8e79"},"headline":"El Real Club Mar\u00edtimo de Melilla participa en la Regata de la AECN","datePublished":"2022-09-16T16:41:23+00:00","dateModified":"2022-11-25T09:32:35+00:00","mainEntityOfPage":{"@id":"https:\/\/www.realclubmaritimomelilla.es\/clmar\/el-real-club-maritimo-de-melilla-participa-en-la-regata-de-la-aecn\/"},"wordCount":205,"commentCount":0,"publisher":{"@id":"https:\/\/www.realclubmaritimomelilla.es\/clmar\/#organization"},"image":{"@id":"https:\/\/www.realclubmaritimomelilla.es\/clmar\/el-real-club-maritimo-de-melilla-participa-en-la-regata-de-la-aecn\/#primaryimage"},"thumbnailUrl":"https:\/\/www.realclubmaritimomelilla.es\/clmar\/wp-content\/uploads\/regatistas-RCMM.jpeg","inLanguage":"es","potentialAction":[{"@type":"CommentAction","name":"Comment","target":["https:\/\/www.realclubmaritimomelilla.es\/clmar\/el-real-club-maritimo-de-melilla-participa-en-la-regata-de-la-aecn\/#respond"]}]},{"@type":"WebPage","@id":"https:\/\/www.realclubmaritimomelilla.es\/clmar\/el-real-club-maritimo-de-melilla-participa-en-la-regata-de-la-aecn\/","url":"https:\/\/www.realclubmaritimomelilla.es\/clmar\/el-real-club-maritimo-de-melilla-participa-en-la-regata-de-la-aecn\/","name":"El Real Club Mar\u00edtimo de Melilla participa en la Regata de la AECN - Real Club Mar\u00edtimo de Melilla","isPartOf":{"@id":"https:\/\/www.realclubmaritimomelilla.es\/clmar\/#website"},"primaryImageOfPage":{"@id":"https:\/\/www.realclubmaritimomelilla.es\/clmar\/el-real-club-maritimo-de-melilla-participa-en-la-regata-de-la-aecn\/#primaryimage"},"image":{"@id":"https:\/\/www.realclubmaritimomelilla.es\/clmar\/el-real-club-maritimo-de-melilla-participa-en-la-regata-de-la-aecn\/#primaryimage"},"thumbnailUrl":"https:\/\/www.realclubmaritimomelilla.es\/clmar\/wp-content\/uploads\/regatistas-RCMM.jpeg","datePublished":"2022-09-16T16:41:23+00:00","dateModified":"2022-11-25T09:32:35+00:00","description":"El Real Club Mar\u00edtimo de Melilla participa en la Regata de la AECN -","breadcrumb":{"@id":"https:\/\/www.realclubmaritimomelilla.es\/clmar\/el-real-club-maritimo-de-melilla-participa-en-la-regata-de-la-aecn\/#breadcrumb"},"inLanguage":"es","potentialAction":[{"@type":"ReadAction","target":["https:\/\/www.realclubmaritimomelilla.es\/clmar\/el-real-club-maritimo-de-melilla-participa-en-la-regata-de-la-aecn\/"]}]},{"@type":"ImageObject","inLanguage":"es","@id":"https:\/\/www.realclubmaritimomelilla.es\/clmar\/el-real-club-maritimo-de-melilla-participa-en-la-regata-de-la-aecn\/#primaryimage","url":"https:\/\/www.realclubmaritimomelilla.es\/clmar\/wp-content\/uploads\/regatistas-RCMM.jpeg","contentUrl":"https:\/\/www.realclubmaritimomelilla.es\/clmar\/wp-content\/uploads\/regatistas-RCMM.jpeg","width":2048,"height":1536},{"@type":"BreadcrumbList","@id":"https:\/\/www.realclubmaritimomelilla.es\/clmar\/el-real-club-maritimo-de-melilla-participa-en-la-regata-de-la-aecn\/#breadcrumb","itemListElement":[{"@type":"ListItem","position":1,"name":"Portada","item":"https:\/\/www.realclubmaritimomelilla.es\/clmar\/"},{"@type":"ListItem","position":2,"name":"El Real Club Mar\u00edtimo de Melilla participa en la Regata de la AECN"}]},{"@type":"WebSite","@id":"https:\/\/www.realclubmaritimomelilla.es\/clmar\/#website","url":"https:\/\/www.realclubmaritimomelilla.es\/clmar\/","name":"Real Club Mar\u00edtimo de Melilla","description":"RCMM","publisher":{"@id":"https:\/\/www.realclubmaritimomelilla.es\/clmar\/#organization"},"alternateName":"RCMM","potentialAction":[{"@type":"SearchAction","target":{"@type":"EntryPoint","urlTemplate":"https:\/\/www.realclubmaritimomelilla.es\/clmar\/?s={search_term_string}"},"query-input":{"@type":"PropertyValueSpecification","valueRequired":true,"valueName":"search_term_string"}}],"inLanguage":"es"},{"@type":"Organization","@id":"https:\/\/www.realclubmaritimomelilla.es\/clmar\/#organization","name":"Real Club Mar\u00edtimo de Melilla","alternateName":"RCMM","url":"https:\/\/www.realclubmaritimomelilla.es\/clmar\/","logo":{"@type":"ImageObject","inLanguage":"es","@id":"https:\/\/www.realclubmaritimomelilla.es\/clmar\/#\/schema\/logo\/image\/","url":"https:\/\/www.realclubmaritimomelilla.es\/clmar\/wp-content\/uploads\/logo-club-original-copia.jpg","contentUrl":"https:\/\/www.realclubmaritimomelilla.es\/clmar\/wp-content\/uploads\/logo-club-original-copia.jpg","width":128,"height":89,"caption":"Real Club Mar\u00edtimo de Melilla"},"image":{"@id":"https:\/\/www.realclubmaritimomelilla.es\/clmar\/#\/schema\/logo\/image\/"},"sameAs":["https:\/\/www.facebook.com\/Real-Club-Mar\u00edtimo-de-Melilla-588495841234214\/","https:\/\/x.com\/nauticarcmm","https:\/\/www.instagram.com\/club_maritimo_melilla\/","https:\/\/www.youtube.com\/@realclubmaritimodemelilla4703","https:\/\/es.wikipedia.org\/wiki\/Real_Club_Mar\u00edtimo_de_Melilla"]},{"@type":"Person","@id":"https:\/\/www.realclubmaritimomelilla.es\/clmar\/#\/schema\/person\/ebaa3713496dc6d48c872452e73a8e79","name":"RCMMelilla","image":{"@type":"ImageObject","inLanguage":"es","@id":"https:\/\/secure.gravatar.com\/avatar\/df1c24789360fb9308735c4ee556fc2bc5bf924bf01e53043b8b97ba272da33c?s=96&d=mm&r=g","url":"https:\/\/secure.gravatar.com\/avatar\/df1c24789360fb9308735c4ee556fc2bc5bf924bf01e53043b8b97ba272da33c?s=96&d=mm&r=g","contentUrl":"https:\/\/secure.gravatar.com\/avatar\/df1c24789360fb9308735c4ee556fc2bc5bf924bf01e53043b8b97ba272da33c?s=96&d=mm&r=g","caption":"RCMMelilla"}}]}},"_links":{"self":[{"href":"https:\/\/www.realclubmaritimomelilla.es\/clmar\/wp-json\/wp\/v2\/posts\/18105","targetHints":{"allow":["GET"]}}],"collection":[{"href":"https:\/\/www.realclubmaritimomelilla.es\/clmar\/wp-json\/wp\/v2\/posts"}],"about":[{"href":"https:\/\/www.realclubmaritimomelilla.es\/clmar\/wp-json\/wp\/v2\/types\/post"}],"author":[{"embeddable":true,"href":"https:\/\/www.realclubmaritimomelilla.es\/clmar\/wp-json\/wp\/v2\/users\/1"}],"replies":[{"embeddable":true,"href":"https:\/\/www.realclubmaritimomelilla.es\/clmar\/wp-json\/wp\/v2\/comments?post=18105"}],"version-history":[{"count":1,"href":"https:\/\/www.realclubmaritimomelilla.es\/clmar\/wp-json\/wp\/v2\/posts\/18105\/revisions"}],"predecessor-version":[{"id":19425,"href":"https:\/\/www.realclubmaritimomelilla.es\/clmar\/wp-json\/wp\/v2\/posts\/18105\/revisions\/19425"}],"wp:featuredmedia":[{"embeddable":true,"href":"https:\/\/www.realclubmaritimomelilla.es\/clmar\/wp-json\/wp\/v2\/media\/18106"}],"wp:attachment":[{"href":"https:\/\/www.realclubmaritimomelilla.es\/clmar\/wp-json\/wp\/v2\/media?parent=18105"}],"wp:term":[{"taxonomy":"category","embeddable":true,"href":"https:\/\/www.realclubmaritimomelilla.es\/clmar\/wp-json\/wp\/v2\/categories?post=18105"},{"taxonomy":"post_tag","embeddable":true,"href":"https:\/\/www.realclubmaritimomelilla.es\/clmar\/wp-json\/wp\/v2\/tags?post=18105"}],"curies":[{"name":"wp","href":"https:\/\/api.w.org\/{rel}","templated":true}]}}