{"id":17865,"date":"2022-08-14T15:15:15","date_gmt":"2022-08-14T13:15:15","guid":{"rendered":"https:\/\/www.realclubmaritimomelilla.es\/clmar\/?p=17865"},"modified":"2022-11-25T10:32:37","modified_gmt":"2022-11-25T09:32:37","slug":"pablo-y-martin-fresneda-ganan-el-ii-trofeo-real-club-maritimo-melilla-sport-capital","status":"publish","type":"post","link":"https:\/\/www.realclubmaritimomelilla.es\/clmar\/pablo-y-martin-fresneda-ganan-el-ii-trofeo-real-club-maritimo-melilla-sport-capital\/","title":{"rendered":"PABLO Y MART\u00cdN FRESNEDA GANAN EL II TROFEO REAL CLUB MAR\u00cdTIMO \u2013 MELILLA SPORT CAPITAL"},"content":{"rendered":"\n\t\t<style type=\"text\/css\">\n\t\t\t#gallery-1 {\n\t\t\t\tmargin: auto;\n\t\t\t}\n\t\t\t#gallery-1 .gallery-item {\n\t\t\t\tfloat: left;\n\t\t\t\tmargin-top: 10px;\n\t\t\t\ttext-align: center;\n\t\t\t\twidth: 33%;\n\t\t\t}\n\t\t\t#gallery-1 img {\n\t\t\t\tborder: 2px solid #cfcfcf;\n\t\t\t}\n\t\t\t#gallery-1 .gallery-caption {\n\t\t\t\tmargin-left: 0;\n\t\t\t}\n\t\t\t\/* see gallery_shortcode() in wp-includes\/media.php *\/\n\t\t<\/style>\n\t\t<div id='gallery-1' class='gallery galleryid-17865 gallery-columns-3 gallery-size-full'><dl class='gallery-item'>\n\t\t\t<dt class='gallery-icon landscape'>\n\t\t\t\t<a data-rel=\"iLightbox[postimages]\" data-title=\"PRIMERO\" data-caption=\"\" href='https:\/\/www.realclubmaritimomelilla.es\/clmar\/pablo-y-martin-fresneda-ganan-el-ii-trofeo-real-club-maritimo-melilla-sport-capital\/primero\/'><img decoding=\"async\" width=\"2560\" height=\"1707\" src=\"https:\/\/www.realclubmaritimomelilla.es\/clmar\/wp-content\/uploads\/PRIMERO-scaled-1.jpg\" class=\"attachment-full size-full\" alt=\"\" srcset=\"https:\/\/www.realclubmaritimomelilla.es\/clmar\/wp-content\/uploads\/PRIMERO-scaled-1-200x133.jpg 200w, https:\/\/www.realclubmaritimomelilla.es\/clmar\/wp-content\/uploads\/PRIMERO-scaled-1-300x200.jpg 300w, https:\/\/www.realclubmaritimomelilla.es\/clmar\/wp-content\/uploads\/PRIMERO-scaled-1-400x267.jpg 400w, https:\/\/www.realclubmaritimomelilla.es\/clmar\/wp-content\/uploads\/PRIMERO-scaled-1-600x400.jpg 600w, https:\/\/www.realclubmaritimomelilla.es\/clmar\/wp-content\/uploads\/PRIMERO-scaled-1-768x512.jpg 768w, https:\/\/www.realclubmaritimomelilla.es\/clmar\/wp-content\/uploads\/PRIMERO-scaled-1-800x533.jpg 800w, https:\/\/www.realclubmaritimomelilla.es\/clmar\/wp-content\/uploads\/PRIMERO-scaled-1-1024x683.jpg 1024w, https:\/\/www.realclubmaritimomelilla.es\/clmar\/wp-content\/uploads\/PRIMERO-scaled-1-1200x800.jpg 1200w, https:\/\/www.realclubmaritimomelilla.es\/clmar\/wp-content\/uploads\/PRIMERO-scaled-1-1536x1024.jpg 1536w, https:\/\/www.realclubmaritimomelilla.es\/clmar\/wp-content\/uploads\/PRIMERO-scaled-1.jpg 2560w\" sizes=\"(max-width: 2560px) 100vw, 2560px\" \/><\/a>\n\t\t\t<\/dt><\/dl><dl class='gallery-item'>\n\t\t\t<dt class='gallery-icon landscape'>\n\t\t\t\t<a data-rel=\"iLightbox[postimages]\" data-title=\"SEGUNDO\" data-caption=\"\" href='https:\/\/www.realclubmaritimomelilla.es\/clmar\/pablo-y-martin-fresneda-ganan-el-ii-trofeo-real-club-maritimo-melilla-sport-capital\/segundo\/'><img decoding=\"async\" width=\"2560\" height=\"1707\" src=\"https:\/\/www.realclubmaritimomelilla.es\/clmar\/wp-content\/uploads\/SEGUNDO-scaled-1.jpg\" class=\"attachment-full size-full\" alt=\"\" srcset=\"https:\/\/www.realclubmaritimomelilla.es\/clmar\/wp-content\/uploads\/SEGUNDO-scaled-1-200x133.jpg 200w, https:\/\/www.realclubmaritimomelilla.es\/clmar\/wp-content\/uploads\/SEGUNDO-scaled-1-300x200.jpg 300w, https:\/\/www.realclubmaritimomelilla.es\/clmar\/wp-content\/uploads\/SEGUNDO-scaled-1-400x267.jpg 400w, https:\/\/www.realclubmaritimomelilla.es\/clmar\/wp-content\/uploads\/SEGUNDO-scaled-1-600x400.jpg 600w, https:\/\/www.realclubmaritimomelilla.es\/clmar\/wp-content\/uploads\/SEGUNDO-scaled-1-768x512.jpg 768w, https:\/\/www.realclubmaritimomelilla.es\/clmar\/wp-content\/uploads\/SEGUNDO-scaled-1-800x533.jpg 800w, https:\/\/www.realclubmaritimomelilla.es\/clmar\/wp-content\/uploads\/SEGUNDO-scaled-1-1024x683.jpg 1024w, https:\/\/www.realclubmaritimomelilla.es\/clmar\/wp-content\/uploads\/SEGUNDO-scaled-1-1200x800.jpg 1200w, https:\/\/www.realclubmaritimomelilla.es\/clmar\/wp-content\/uploads\/SEGUNDO-scaled-1-1536x1024.jpg 1536w, https:\/\/www.realclubmaritimomelilla.es\/clmar\/wp-content\/uploads\/SEGUNDO-scaled-1.jpg 2560w\" sizes=\"(max-width: 2560px) 100vw, 2560px\" \/><\/a>\n\t\t\t<\/dt><\/dl><dl class='gallery-item'>\n\t\t\t<dt class='gallery-icon landscape'>\n\t\t\t\t<a data-rel=\"iLightbox[postimages]\" data-title=\"TERCERO\" data-caption=\"\" href='https:\/\/www.realclubmaritimomelilla.es\/clmar\/pablo-y-martin-fresneda-ganan-el-ii-trofeo-real-club-maritimo-melilla-sport-capital\/tercero-2\/'><img decoding=\"async\" width=\"1920\" height=\"1280\" src=\"https:\/\/www.realclubmaritimomelilla.es\/clmar\/wp-content\/uploads\/TERCERO.jpg\" class=\"attachment-full size-full\" alt=\"\" srcset=\"https:\/\/www.realclubmaritimomelilla.es\/clmar\/wp-content\/uploads\/TERCERO-200x133.jpg 200w, https:\/\/www.realclubmaritimomelilla.es\/clmar\/wp-content\/uploads\/TERCERO-300x200.jpg 300w, https:\/\/www.realclubmaritimomelilla.es\/clmar\/wp-content\/uploads\/TERCERO-400x267.jpg 400w, https:\/\/www.realclubmaritimomelilla.es\/clmar\/wp-content\/uploads\/TERCERO-600x400.jpg 600w, https:\/\/www.realclubmaritimomelilla.es\/clmar\/wp-content\/uploads\/TERCERO-768x512.jpg 768w, https:\/\/www.realclubmaritimomelilla.es\/clmar\/wp-content\/uploads\/TERCERO-800x533.jpg 800w, https:\/\/www.realclubmaritimomelilla.es\/clmar\/wp-content\/uploads\/TERCERO-1024x683.jpg 1024w, https:\/\/www.realclubmaritimomelilla.es\/clmar\/wp-content\/uploads\/TERCERO-1200x800.jpg 1200w, https:\/\/www.realclubmaritimomelilla.es\/clmar\/wp-content\/uploads\/TERCERO-1536x1024.jpg 1536w, https:\/\/www.realclubmaritimomelilla.es\/clmar\/wp-content\/uploads\/TERCERO.jpg 1920w\" sizes=\"(max-width: 1920px) 100vw, 1920px\" \/><\/a>\n\t\t\t<\/dt><\/dl><br style=\"clear: both\" \/>\n\t\t<\/div>\n\n<p>Pablo y Mart\u00edn Fresneda se han proclamado ganadores del II Trofeo de Vela Ligera Club Mar\u00edtimo \u2013 Melilla Sport Capital en la clase snipe.<\/p>\n<p>Este domingo se ha disputado una manga, dos en total en el campeonato, para establecer una clasificaci\u00f3n que ha acabado con empate en la primera posici\u00f3n, pero el primer puesto hoy de los regatistas del Club de Mar de Almer\u00eda les ha otorgado el t\u00edtulo de campeones sore Jos\u00e9 Manuel Ruiz y Roc\u00edo Rubio que han sido segundos este domingo.<\/p>\n<p>Nuevamente las condiciones han marcado el desarrollo de la competici\u00f3n. En esta ocasi\u00f3n, el Comit\u00e9 izaba \u201cdelta\u201d a las 11:15 horas y poco despu\u00e9s de las doce del mediod\u00eda se daba la salida con rumbo al 280\u00ba y un viento racheado con picos de veinte nudos. Unas condiciones que se han ido complicando a medida que avanzaba la manga, puesto que en la tercera vuelta al tri\u00e1ngulo se han producido muchos vuelcos y contratiempos entre los regatistas.<\/p>\n<p>La manga se ha completado con Pablo y Mart\u00edn Fresneda entrando en primer lugar, despu\u00e9s de haber liderado la prueba en todo momento. Por detr\u00e1s, cruzaban la l\u00ednea de llegada Jos\u00e9 Manuel Ruiz y Rocio Rubio. Mientras que el tercer puesto de la prueba era para los juveniles Jos\u00e9 Francisco Valderrama y Gonzalo Cano.<\/p>\n<p>A partir de ah\u00ed, las condiciones empeoraron en la bah\u00eda melillense, con vientos racheados de poniente que oscilaban entre catorce y veinticuatro nudos. Ante tal circunstancia el Comit\u00e9 izaba \u201caplazamiento sobre H\u201d y la flota se dirig\u00eda a buscar refugio en el Club Mar\u00edtimo. Algunas tripulaciones ten\u00edan que ser atendidas por las embarcaciones de apoyo, pero la situaci\u00f3n se solventaba sin mayores incidencias.<\/p>\n<p>Transcurrida la hora l\u00edmite se ha dado por concluida la competici\u00f3n, con dos mangas, a pesar de las condiciones tan complicadas con las que ha tenido que lidiar el Comit\u00e9 este s\u00e1bado y domingo.<\/p>\n<p>Los almerienses Pablo y Mart\u00edn Fresneda se han hecho con el primer puesto e inscriben sus nombres en el historial de campeones del Trofeo de Vela Ligera.<\/p>\n<p>Tras su segundo puesto de este domingo, Jos\u00e9 Manuel (CN Mar Menor) y Roc\u00edo Rubio (CN Los Nietos) se hacen con el subcampeonato.<\/p>\n<p>El tercer puesto del caj\u00f3n es para Tom\u00e1s Garc\u00eda (RCR Santiago de la Ribera) y Salma Boudihi (RCM Melilla), pese al s\u00e9ptimo puesto de la segunda manga.<\/p>\n<p>En juveniles, Jos\u00e9 Francisco Valderrama (RC Mediterr\u00e1neo) y Gonzalo Cano (CN Sancti Petri) revalidan el t\u00edtulo de campeones de la categor\u00eda, siendo adem\u00e1s cuartos en la general.<\/p>\n<p>Los melillenses Miguel Due\u00f1as y Andr\u00e9s Sarri\u00e1 (RCM Melilla) repiten el subcampeonato juvenil que tambi\u00e9n alcanzaron en 2021. Mientras que Mercedes y Helena Camacho (RCN Motril) logran el tercer puesto de la categor\u00eda.<\/p>\n<p>Este domingo, se clausura el II Trofeo Club Mar\u00edtimo \u2013 Melilla Sport Capital en una entrega de galardones que se ha adelantado a las 19 horas.<\/p>\n<p>&nbsp;<\/p>\n<p>&nbsp;<\/p>\n<p>CLASIFICACI\u00d3N FINAL SNIPE<\/p>\n<p>1\u00ba Pablo Fresneda y Mart\u00edn Fresneda \u201cFresnedator\u201d (C Mar Almer\u00eda) 2 puntos<\/p>\n<p>2\u00ba Jos\u00e9 Manuel Ruiz y Roc\u00edo Rubio \u201cBaluma Sails\u201d (CN Mar Menor) 1 punto<\/p>\n<p>3\u00ba Tom\u00e1s Garc\u00eda y Salma Boudihi \u201cMariachi II\u201d (RCR Santiago de la Ribera) 3 puntos<\/p>\n<p>4\u00ba Jos\u00e9 Francisco Valderrama y Gonzalo Cano (Real Club Mediterr\u00e1neo)<\/p>\n<p>5\u00ba Alfonso O\u00f1a y Teresa B\u00e9jar \u201cTequila\u201d (RCN Madrid) 7 puntos<\/p>\n<p>6\u00ba Enrique Flethes y Esther G\u00f3mez \u201cSancti Petri\u201d (Comisi\u00f3n Naval Regatas)<\/p>\n<p>7\u00ba Fernando Celdr\u00e1n y Fernando Celdr\u00e1n \u201cOyambre\u201d (RCN Madrid) 10 puntos<\/p>\n<p>8\u00ba Angel Ballesteros y Sonia Hidalgo (RCN Motril)<\/p>\n<p>9\u00ba Jos\u00e9 Manuel Montoro e Ignacio Gandarias \u201cJos\u00e9 Manuel\u201d (CN Los Nietos)<\/p>\n<p>10\u00ba Ver\u00f3nica Bailly y Catalina Amador (RCR Cartagena)<\/p>\n<p>&nbsp;<\/p>\n<p>&nbsp;<\/p>\n","protected":false},"excerpt":{"rendered":"<p>Pablo y Mart\u00edn Fresneda se han proclamado ganadores del II Trofeo de Vela Ligera Club Mar\u00edtimo \u2013 Melilla Sport Capital en la clase snipe. Este domingo se ha disputado una manga, dos en total en el campeonato, para establecer una clasificaci\u00f3n que ha acabado con empate en la primera posici\u00f3n, pero el primer puesto hoy [&hellip;]<\/p>\n","protected":false},"author":1,"featured_media":17866,"comment_status":"open","ping_status":"open","sticky":false,"template":"","format":"standard","meta":{"_acf_changed":false,"footnotes":""},"categories":[1],"tags":[],"class_list":["post-17865","post","type-post","status-publish","format-standard","has-post-thumbnail","hentry","category-sin-categoria"],"acf":[],"yoast_head":"<!-- This site is optimized with the Yoast SEO plugin v27.5 - https:\/\/yoast.com\/product\/yoast-seo-wordpress\/ -->\n<title>PABLO Y MART\u00cdN FRESNEDA GANAN EL II TROFEO REAL CLUB MAR\u00cdTIMO \u2013 MELILLA SPORT CAPITAL - Real Club Mar\u00edtimo de Melilla<\/title>\n<meta name=\"description\" content=\"PABLO Y MART\u00cdN FRESNEDA GANAN EL II TROFEO REAL CLUB MAR\u00cdTIMO \u2013 MELILLA SPORT CAPITAL -\" \/>\n<meta name=\"robots\" content=\"index, follow, max-snippet:-1, max-image-preview:large, max-video-preview:-1\" \/>\n<link rel=\"canonical\" href=\"https:\/\/www.realclubmaritimomelilla.es\/clmar\/pablo-y-martin-fresneda-ganan-el-ii-trofeo-real-club-maritimo-melilla-sport-capital\/\" \/>\n<meta property=\"og:locale\" content=\"es_ES\" \/>\n<meta property=\"og:type\" content=\"article\" \/>\n<meta property=\"og:title\" content=\"PABLO Y MART\u00cdN FRESNEDA GANAN EL II TROFEO REAL CLUB MAR\u00cdTIMO \u2013 MELILLA SPORT CAPITAL - Real Club Mar\u00edtimo de Melilla\" \/>\n<meta property=\"og:description\" content=\"PABLO Y MART\u00cdN FRESNEDA GANAN EL II TROFEO REAL CLUB MAR\u00cdTIMO \u2013 MELILLA SPORT CAPITAL -\" \/>\n<meta property=\"og:url\" content=\"https:\/\/www.realclubmaritimomelilla.es\/clmar\/pablo-y-martin-fresneda-ganan-el-ii-trofeo-real-club-maritimo-melilla-sport-capital\/\" \/>\n<meta property=\"og:site_name\" content=\"Real Club Mar\u00edtimo de Melilla\" \/>\n<meta property=\"article:publisher\" content=\"https:\/\/www.facebook.com\/Real-Club-Mar%c3%adtimo-de-Melilla-588495841234214\/\" \/>\n<meta property=\"article:published_time\" content=\"2022-08-14T13:15:15+00:00\" \/>\n<meta property=\"article:modified_time\" content=\"2022-11-25T09:32:37+00:00\" \/>\n<meta property=\"og:image\" content=\"https:\/\/www.realclubmaritimomelilla.es\/clmar\/wp-content\/uploads\/PRIMERO-scaled-1.jpg\" \/>\n\t<meta property=\"og:image:width\" content=\"2560\" \/>\n\t<meta property=\"og:image:height\" content=\"1707\" \/>\n\t<meta property=\"og:image:type\" content=\"image\/jpeg\" \/>\n<meta name=\"author\" content=\"RCMMelilla\" \/>\n<meta name=\"twitter:card\" content=\"summary_large_image\" \/>\n<meta name=\"twitter:creator\" content=\"@nauticarcmm\" \/>\n<meta name=\"twitter:site\" content=\"@nauticarcmm\" \/>\n<meta name=\"twitter:label1\" content=\"Escrito por\" \/>\n\t<meta name=\"twitter:data1\" content=\"RCMMelilla\" \/>\n\t<meta name=\"twitter:label2\" content=\"Tiempo de lectura\" \/>\n\t<meta name=\"twitter:data2\" content=\"3 minutos\" \/>\n<script type=\"application\/ld+json\" class=\"yoast-schema-graph\">{\"@context\":\"https:\\\/\\\/schema.org\",\"@graph\":[{\"@type\":\"Article\",\"@id\":\"https:\\\/\\\/www.realclubmaritimomelilla.es\\\/clmar\\\/pablo-y-martin-fresneda-ganan-el-ii-trofeo-real-club-maritimo-melilla-sport-capital\\\/#article\",\"isPartOf\":{\"@id\":\"https:\\\/\\\/www.realclubmaritimomelilla.es\\\/clmar\\\/pablo-y-martin-fresneda-ganan-el-ii-trofeo-real-club-maritimo-melilla-sport-capital\\\/\"},\"author\":{\"name\":\"RCMMelilla\",\"@id\":\"https:\\\/\\\/www.realclubmaritimomelilla.es\\\/clmar\\\/#\\\/schema\\\/person\\\/ebaa3713496dc6d48c872452e73a8e79\"},\"headline\":\"PABLO Y MART\u00cdN FRESNEDA GANAN EL II TROFEO REAL CLUB MAR\u00cdTIMO \u2013 MELILLA SPORT CAPITAL\",\"datePublished\":\"2022-08-14T13:15:15+00:00\",\"dateModified\":\"2022-11-25T09:32:37+00:00\",\"mainEntityOfPage\":{\"@id\":\"https:\\\/\\\/www.realclubmaritimomelilla.es\\\/clmar\\\/pablo-y-martin-fresneda-ganan-el-ii-trofeo-real-club-maritimo-melilla-sport-capital\\\/\"},\"wordCount\":646,\"commentCount\":0,\"publisher\":{\"@id\":\"https:\\\/\\\/www.realclubmaritimomelilla.es\\\/clmar\\\/#organization\"},\"image\":{\"@id\":\"https:\\\/\\\/www.realclubmaritimomelilla.es\\\/clmar\\\/pablo-y-martin-fresneda-ganan-el-ii-trofeo-real-club-maritimo-melilla-sport-capital\\\/#primaryimage\"},\"thumbnailUrl\":\"https:\\\/\\\/www.realclubmaritimomelilla.es\\\/clmar\\\/wp-content\\\/uploads\\\/PRIMERO-scaled-1.jpg\",\"inLanguage\":\"es\",\"potentialAction\":[{\"@type\":\"CommentAction\",\"name\":\"Comment\",\"target\":[\"https:\\\/\\\/www.realclubmaritimomelilla.es\\\/clmar\\\/pablo-y-martin-fresneda-ganan-el-ii-trofeo-real-club-maritimo-melilla-sport-capital\\\/#respond\"]}]},{\"@type\":\"WebPage\",\"@id\":\"https:\\\/\\\/www.realclubmaritimomelilla.es\\\/clmar\\\/pablo-y-martin-fresneda-ganan-el-ii-trofeo-real-club-maritimo-melilla-sport-capital\\\/\",\"url\":\"https:\\\/\\\/www.realclubmaritimomelilla.es\\\/clmar\\\/pablo-y-martin-fresneda-ganan-el-ii-trofeo-real-club-maritimo-melilla-sport-capital\\\/\",\"name\":\"PABLO Y MART\u00cdN FRESNEDA GANAN EL II TROFEO REAL CLUB MAR\u00cdTIMO \u2013 MELILLA SPORT CAPITAL - Real Club Mar\u00edtimo de Melilla\",\"isPartOf\":{\"@id\":\"https:\\\/\\\/www.realclubmaritimomelilla.es\\\/clmar\\\/#website\"},\"primaryImageOfPage\":{\"@id\":\"https:\\\/\\\/www.realclubmaritimomelilla.es\\\/clmar\\\/pablo-y-martin-fresneda-ganan-el-ii-trofeo-real-club-maritimo-melilla-sport-capital\\\/#primaryimage\"},\"image\":{\"@id\":\"https:\\\/\\\/www.realclubmaritimomelilla.es\\\/clmar\\\/pablo-y-martin-fresneda-ganan-el-ii-trofeo-real-club-maritimo-melilla-sport-capital\\\/#primaryimage\"},\"thumbnailUrl\":\"https:\\\/\\\/www.realclubmaritimomelilla.es\\\/clmar\\\/wp-content\\\/uploads\\\/PRIMERO-scaled-1.jpg\",\"datePublished\":\"2022-08-14T13:15:15+00:00\",\"dateModified\":\"2022-11-25T09:32:37+00:00\",\"description\":\"PABLO Y MART\u00cdN FRESNEDA GANAN EL II TROFEO REAL CLUB MAR\u00cdTIMO \u2013 MELILLA SPORT CAPITAL -\",\"breadcrumb\":{\"@id\":\"https:\\\/\\\/www.realclubmaritimomelilla.es\\\/clmar\\\/pablo-y-martin-fresneda-ganan-el-ii-trofeo-real-club-maritimo-melilla-sport-capital\\\/#breadcrumb\"},\"inLanguage\":\"es\",\"potentialAction\":[{\"@type\":\"ReadAction\",\"target\":[\"https:\\\/\\\/www.realclubmaritimomelilla.es\\\/clmar\\\/pablo-y-martin-fresneda-ganan-el-ii-trofeo-real-club-maritimo-melilla-sport-capital\\\/\"]}]},{\"@type\":\"ImageObject\",\"inLanguage\":\"es\",\"@id\":\"https:\\\/\\\/www.realclubmaritimomelilla.es\\\/clmar\\\/pablo-y-martin-fresneda-ganan-el-ii-trofeo-real-club-maritimo-melilla-sport-capital\\\/#primaryimage\",\"url\":\"https:\\\/\\\/www.realclubmaritimomelilla.es\\\/clmar\\\/wp-content\\\/uploads\\\/PRIMERO-scaled-1.jpg\",\"contentUrl\":\"https:\\\/\\\/www.realclubmaritimomelilla.es\\\/clmar\\\/wp-content\\\/uploads\\\/PRIMERO-scaled-1.jpg\",\"width\":2560,\"height\":1707},{\"@type\":\"BreadcrumbList\",\"@id\":\"https:\\\/\\\/www.realclubmaritimomelilla.es\\\/clmar\\\/pablo-y-martin-fresneda-ganan-el-ii-trofeo-real-club-maritimo-melilla-sport-capital\\\/#breadcrumb\",\"itemListElement\":[{\"@type\":\"ListItem\",\"position\":1,\"name\":\"Portada\",\"item\":\"https:\\\/\\\/www.realclubmaritimomelilla.es\\\/clmar\\\/\"},{\"@type\":\"ListItem\",\"position\":2,\"name\":\"PABLO Y MART\u00cdN FRESNEDA GANAN EL II TROFEO REAL CLUB MAR\u00cdTIMO \u2013 MELILLA SPORT CAPITAL\"}]},{\"@type\":\"WebSite\",\"@id\":\"https:\\\/\\\/www.realclubmaritimomelilla.es\\\/clmar\\\/#website\",\"url\":\"https:\\\/\\\/www.realclubmaritimomelilla.es\\\/clmar\\\/\",\"name\":\"Real Club Mar\u00edtimo de Melilla\",\"description\":\"RCMM\",\"publisher\":{\"@id\":\"https:\\\/\\\/www.realclubmaritimomelilla.es\\\/clmar\\\/#organization\"},\"alternateName\":\"RCMM\",\"potentialAction\":[{\"@type\":\"SearchAction\",\"target\":{\"@type\":\"EntryPoint\",\"urlTemplate\":\"https:\\\/\\\/www.realclubmaritimomelilla.es\\\/clmar\\\/?s={search_term_string}\"},\"query-input\":{\"@type\":\"PropertyValueSpecification\",\"valueRequired\":true,\"valueName\":\"search_term_string\"}}],\"inLanguage\":\"es\"},{\"@type\":\"Organization\",\"@id\":\"https:\\\/\\\/www.realclubmaritimomelilla.es\\\/clmar\\\/#organization\",\"name\":\"Real Club Mar\u00edtimo de Melilla\",\"alternateName\":\"RCMM\",\"url\":\"https:\\\/\\\/www.realclubmaritimomelilla.es\\\/clmar\\\/\",\"logo\":{\"@type\":\"ImageObject\",\"inLanguage\":\"es\",\"@id\":\"https:\\\/\\\/www.realclubmaritimomelilla.es\\\/clmar\\\/#\\\/schema\\\/logo\\\/image\\\/\",\"url\":\"https:\\\/\\\/www.realclubmaritimomelilla.es\\\/clmar\\\/wp-content\\\/uploads\\\/logo-club-original-copia.jpg\",\"contentUrl\":\"https:\\\/\\\/www.realclubmaritimomelilla.es\\\/clmar\\\/wp-content\\\/uploads\\\/logo-club-original-copia.jpg\",\"width\":128,\"height\":89,\"caption\":\"Real Club Mar\u00edtimo de Melilla\"},\"image\":{\"@id\":\"https:\\\/\\\/www.realclubmaritimomelilla.es\\\/clmar\\\/#\\\/schema\\\/logo\\\/image\\\/\"},\"sameAs\":[\"https:\\\/\\\/www.facebook.com\\\/Real-Club-Mar\u00edtimo-de-Melilla-588495841234214\\\/\",\"https:\\\/\\\/x.com\\\/nauticarcmm\",\"https:\\\/\\\/www.instagram.com\\\/club_maritimo_melilla\\\/\",\"https:\\\/\\\/www.youtube.com\\\/@realclubmaritimodemelilla4703\",\"https:\\\/\\\/es.wikipedia.org\\\/wiki\\\/Real_Club_Mar\u00edtimo_de_Melilla\"]},{\"@type\":\"Person\",\"@id\":\"https:\\\/\\\/www.realclubmaritimomelilla.es\\\/clmar\\\/#\\\/schema\\\/person\\\/ebaa3713496dc6d48c872452e73a8e79\",\"name\":\"RCMMelilla\",\"image\":{\"@type\":\"ImageObject\",\"inLanguage\":\"es\",\"@id\":\"https:\\\/\\\/secure.gravatar.com\\\/avatar\\\/df1c24789360fb9308735c4ee556fc2bc5bf924bf01e53043b8b97ba272da33c?s=96&d=mm&r=g\",\"url\":\"https:\\\/\\\/secure.gravatar.com\\\/avatar\\\/df1c24789360fb9308735c4ee556fc2bc5bf924bf01e53043b8b97ba272da33c?s=96&d=mm&r=g\",\"contentUrl\":\"https:\\\/\\\/secure.gravatar.com\\\/avatar\\\/df1c24789360fb9308735c4ee556fc2bc5bf924bf01e53043b8b97ba272da33c?s=96&d=mm&r=g\",\"caption\":\"RCMMelilla\"}}]}<\/script>\n<!-- \/ Yoast SEO plugin. -->","yoast_head_json":{"title":"PABLO Y MART\u00cdN FRESNEDA GANAN EL II TROFEO REAL CLUB MAR\u00cdTIMO \u2013 MELILLA SPORT CAPITAL - Real Club Mar\u00edtimo de Melilla","description":"PABLO Y MART\u00cdN FRESNEDA GANAN EL II TROFEO REAL CLUB MAR\u00cdTIMO \u2013 MELILLA SPORT CAPITAL -","robots":{"index":"index","follow":"follow","max-snippet":"max-snippet:-1","max-image-preview":"max-image-preview:large","max-video-preview":"max-video-preview:-1"},"canonical":"https:\/\/www.realclubmaritimomelilla.es\/clmar\/pablo-y-martin-fresneda-ganan-el-ii-trofeo-real-club-maritimo-melilla-sport-capital\/","og_locale":"es_ES","og_type":"article","og_title":"PABLO Y MART\u00cdN FRESNEDA GANAN EL II TROFEO REAL CLUB MAR\u00cdTIMO \u2013 MELILLA SPORT CAPITAL - Real Club Mar\u00edtimo de Melilla","og_description":"PABLO Y MART\u00cdN FRESNEDA GANAN EL II TROFEO REAL CLUB MAR\u00cdTIMO \u2013 MELILLA SPORT CAPITAL -","og_url":"https:\/\/www.realclubmaritimomelilla.es\/clmar\/pablo-y-martin-fresneda-ganan-el-ii-trofeo-real-club-maritimo-melilla-sport-capital\/","og_site_name":"Real Club Mar\u00edtimo de Melilla","article_publisher":"https:\/\/www.facebook.com\/Real-Club-Mar%c3%adtimo-de-Melilla-588495841234214\/","article_published_time":"2022-08-14T13:15:15+00:00","article_modified_time":"2022-11-25T09:32:37+00:00","og_image":[{"width":2560,"height":1707,"url":"https:\/\/www.realclubmaritimomelilla.es\/clmar\/wp-content\/uploads\/PRIMERO-scaled-1.jpg","type":"image\/jpeg"}],"author":"RCMMelilla","twitter_card":"summary_large_image","twitter_creator":"@nauticarcmm","twitter_site":"@nauticarcmm","twitter_misc":{"Escrito por":"RCMMelilla","Tiempo de lectura":"3 minutos"},"schema":{"@context":"https:\/\/schema.org","@graph":[{"@type":"Article","@id":"https:\/\/www.realclubmaritimomelilla.es\/clmar\/pablo-y-martin-fresneda-ganan-el-ii-trofeo-real-club-maritimo-melilla-sport-capital\/#article","isPartOf":{"@id":"https:\/\/www.realclubmaritimomelilla.es\/clmar\/pablo-y-martin-fresneda-ganan-el-ii-trofeo-real-club-maritimo-melilla-sport-capital\/"},"author":{"name":"RCMMelilla","@id":"https:\/\/www.realclubmaritimomelilla.es\/clmar\/#\/schema\/person\/ebaa3713496dc6d48c872452e73a8e79"},"headline":"PABLO Y MART\u00cdN FRESNEDA GANAN EL II TROFEO REAL CLUB MAR\u00cdTIMO \u2013 MELILLA SPORT CAPITAL","datePublished":"2022-08-14T13:15:15+00:00","dateModified":"2022-11-25T09:32:37+00:00","mainEntityOfPage":{"@id":"https:\/\/www.realclubmaritimomelilla.es\/clmar\/pablo-y-martin-fresneda-ganan-el-ii-trofeo-real-club-maritimo-melilla-sport-capital\/"},"wordCount":646,"commentCount":0,"publisher":{"@id":"https:\/\/www.realclubmaritimomelilla.es\/clmar\/#organization"},"image":{"@id":"https:\/\/www.realclubmaritimomelilla.es\/clmar\/pablo-y-martin-fresneda-ganan-el-ii-trofeo-real-club-maritimo-melilla-sport-capital\/#primaryimage"},"thumbnailUrl":"https:\/\/www.realclubmaritimomelilla.es\/clmar\/wp-content\/uploads\/PRIMERO-scaled-1.jpg","inLanguage":"es","potentialAction":[{"@type":"CommentAction","name":"Comment","target":["https:\/\/www.realclubmaritimomelilla.es\/clmar\/pablo-y-martin-fresneda-ganan-el-ii-trofeo-real-club-maritimo-melilla-sport-capital\/#respond"]}]},{"@type":"WebPage","@id":"https:\/\/www.realclubmaritimomelilla.es\/clmar\/pablo-y-martin-fresneda-ganan-el-ii-trofeo-real-club-maritimo-melilla-sport-capital\/","url":"https:\/\/www.realclubmaritimomelilla.es\/clmar\/pablo-y-martin-fresneda-ganan-el-ii-trofeo-real-club-maritimo-melilla-sport-capital\/","name":"PABLO Y MART\u00cdN FRESNEDA GANAN EL II TROFEO REAL CLUB MAR\u00cdTIMO \u2013 MELILLA SPORT CAPITAL - Real Club Mar\u00edtimo de Melilla","isPartOf":{"@id":"https:\/\/www.realclubmaritimomelilla.es\/clmar\/#website"},"primaryImageOfPage":{"@id":"https:\/\/www.realclubmaritimomelilla.es\/clmar\/pablo-y-martin-fresneda-ganan-el-ii-trofeo-real-club-maritimo-melilla-sport-capital\/#primaryimage"},"image":{"@id":"https:\/\/www.realclubmaritimomelilla.es\/clmar\/pablo-y-martin-fresneda-ganan-el-ii-trofeo-real-club-maritimo-melilla-sport-capital\/#primaryimage"},"thumbnailUrl":"https:\/\/www.realclubmaritimomelilla.es\/clmar\/wp-content\/uploads\/PRIMERO-scaled-1.jpg","datePublished":"2022-08-14T13:15:15+00:00","dateModified":"2022-11-25T09:32:37+00:00","description":"PABLO Y MART\u00cdN FRESNEDA GANAN EL II TROFEO REAL CLUB MAR\u00cdTIMO \u2013 MELILLA SPORT CAPITAL -","breadcrumb":{"@id":"https:\/\/www.realclubmaritimomelilla.es\/clmar\/pablo-y-martin-fresneda-ganan-el-ii-trofeo-real-club-maritimo-melilla-sport-capital\/#breadcrumb"},"inLanguage":"es","potentialAction":[{"@type":"ReadAction","target":["https:\/\/www.realclubmaritimomelilla.es\/clmar\/pablo-y-martin-fresneda-ganan-el-ii-trofeo-real-club-maritimo-melilla-sport-capital\/"]}]},{"@type":"ImageObject","inLanguage":"es","@id":"https:\/\/www.realclubmaritimomelilla.es\/clmar\/pablo-y-martin-fresneda-ganan-el-ii-trofeo-real-club-maritimo-melilla-sport-capital\/#primaryimage","url":"https:\/\/www.realclubmaritimomelilla.es\/clmar\/wp-content\/uploads\/PRIMERO-scaled-1.jpg","contentUrl":"https:\/\/www.realclubmaritimomelilla.es\/clmar\/wp-content\/uploads\/PRIMERO-scaled-1.jpg","width":2560,"height":1707},{"@type":"BreadcrumbList","@id":"https:\/\/www.realclubmaritimomelilla.es\/clmar\/pablo-y-martin-fresneda-ganan-el-ii-trofeo-real-club-maritimo-melilla-sport-capital\/#breadcrumb","itemListElement":[{"@type":"ListItem","position":1,"name":"Portada","item":"https:\/\/www.realclubmaritimomelilla.es\/clmar\/"},{"@type":"ListItem","position":2,"name":"PABLO Y MART\u00cdN FRESNEDA GANAN EL II TROFEO REAL CLUB MAR\u00cdTIMO \u2013 MELILLA SPORT CAPITAL"}]},{"@type":"WebSite","@id":"https:\/\/www.realclubmaritimomelilla.es\/clmar\/#website","url":"https:\/\/www.realclubmaritimomelilla.es\/clmar\/","name":"Real Club Mar\u00edtimo de Melilla","description":"RCMM","publisher":{"@id":"https:\/\/www.realclubmaritimomelilla.es\/clmar\/#organization"},"alternateName":"RCMM","potentialAction":[{"@type":"SearchAction","target":{"@type":"EntryPoint","urlTemplate":"https:\/\/www.realclubmaritimomelilla.es\/clmar\/?s={search_term_string}"},"query-input":{"@type":"PropertyValueSpecification","valueRequired":true,"valueName":"search_term_string"}}],"inLanguage":"es"},{"@type":"Organization","@id":"https:\/\/www.realclubmaritimomelilla.es\/clmar\/#organization","name":"Real Club Mar\u00edtimo de Melilla","alternateName":"RCMM","url":"https:\/\/www.realclubmaritimomelilla.es\/clmar\/","logo":{"@type":"ImageObject","inLanguage":"es","@id":"https:\/\/www.realclubmaritimomelilla.es\/clmar\/#\/schema\/logo\/image\/","url":"https:\/\/www.realclubmaritimomelilla.es\/clmar\/wp-content\/uploads\/logo-club-original-copia.jpg","contentUrl":"https:\/\/www.realclubmaritimomelilla.es\/clmar\/wp-content\/uploads\/logo-club-original-copia.jpg","width":128,"height":89,"caption":"Real Club Mar\u00edtimo de Melilla"},"image":{"@id":"https:\/\/www.realclubmaritimomelilla.es\/clmar\/#\/schema\/logo\/image\/"},"sameAs":["https:\/\/www.facebook.com\/Real-Club-Mar\u00edtimo-de-Melilla-588495841234214\/","https:\/\/x.com\/nauticarcmm","https:\/\/www.instagram.com\/club_maritimo_melilla\/","https:\/\/www.youtube.com\/@realclubmaritimodemelilla4703","https:\/\/es.wikipedia.org\/wiki\/Real_Club_Mar\u00edtimo_de_Melilla"]},{"@type":"Person","@id":"https:\/\/www.realclubmaritimomelilla.es\/clmar\/#\/schema\/person\/ebaa3713496dc6d48c872452e73a8e79","name":"RCMMelilla","image":{"@type":"ImageObject","inLanguage":"es","@id":"https:\/\/secure.gravatar.com\/avatar\/df1c24789360fb9308735c4ee556fc2bc5bf924bf01e53043b8b97ba272da33c?s=96&d=mm&r=g","url":"https:\/\/secure.gravatar.com\/avatar\/df1c24789360fb9308735c4ee556fc2bc5bf924bf01e53043b8b97ba272da33c?s=96&d=mm&r=g","contentUrl":"https:\/\/secure.gravatar.com\/avatar\/df1c24789360fb9308735c4ee556fc2bc5bf924bf01e53043b8b97ba272da33c?s=96&d=mm&r=g","caption":"RCMMelilla"}}]}},"_links":{"self":[{"href":"https:\/\/www.realclubmaritimomelilla.es\/clmar\/wp-json\/wp\/v2\/posts\/17865","targetHints":{"allow":["GET"]}}],"collection":[{"href":"https:\/\/www.realclubmaritimomelilla.es\/clmar\/wp-json\/wp\/v2\/posts"}],"about":[{"href":"https:\/\/www.realclubmaritimomelilla.es\/clmar\/wp-json\/wp\/v2\/types\/post"}],"author":[{"embeddable":true,"href":"https:\/\/www.realclubmaritimomelilla.es\/clmar\/wp-json\/wp\/v2\/users\/1"}],"replies":[{"embeddable":true,"href":"https:\/\/www.realclubmaritimomelilla.es\/clmar\/wp-json\/wp\/v2\/comments?post=17865"}],"version-history":[{"count":1,"href":"https:\/\/www.realclubmaritimomelilla.es\/clmar\/wp-json\/wp\/v2\/posts\/17865\/revisions"}],"predecessor-version":[{"id":19444,"href":"https:\/\/www.realclubmaritimomelilla.es\/clmar\/wp-json\/wp\/v2\/posts\/17865\/revisions\/19444"}],"wp:featuredmedia":[{"embeddable":true,"href":"https:\/\/www.realclubmaritimomelilla.es\/clmar\/wp-json\/wp\/v2\/media\/17866"}],"wp:attachment":[{"href":"https:\/\/www.realclubmaritimomelilla.es\/clmar\/wp-json\/wp\/v2\/media?parent=17865"}],"wp:term":[{"taxonomy":"category","embeddable":true,"href":"https:\/\/www.realclubmaritimomelilla.es\/clmar\/wp-json\/wp\/v2\/categories?post=17865"},{"taxonomy":"post_tag","embeddable":true,"href":"https:\/\/www.realclubmaritimomelilla.es\/clmar\/wp-json\/wp\/v2\/tags?post=17865"}],"curies":[{"name":"wp","href":"https:\/\/api.w.org\/{rel}","templated":true}]}}