{"id":17744,"date":"2022-08-13T18:20:50","date_gmt":"2022-08-13T16:20:50","guid":{"rendered":"https:\/\/www.realclubmaritimomelilla.es\/clmar\/?p=17744"},"modified":"2022-11-25T10:32:38","modified_gmt":"2022-11-25T09:32:38","slug":"complicada-jornada-para-los-snipe-en-el-ii-trofeo-real-club-maritimo-melilla-sport-capital","status":"publish","type":"post","link":"https:\/\/www.realclubmaritimomelilla.es\/clmar\/complicada-jornada-para-los-snipe-en-el-ii-trofeo-real-club-maritimo-melilla-sport-capital\/","title":{"rendered":"COMPLICADA JORNADA PARA LOS SNIPE EN EL II TROFEO REAL CLUB MAR\u00cdTIMO \u2013 MELILLA SPORT CAPITAL"},"content":{"rendered":"<p>JOS\u00c9 MANUEL RUIZ Y ROC\u00cdO RUBIO LIDERAN LA FLOTA<\/p>\n<p>&nbsp;<\/p>\n<p>La jornada inaugural para la clase snipe en el Trofeo de Vela Ligera Club Mar\u00edtimo \u2013 Melilla Sport Capital se ha saldado con una \u00fanica manga, pese a los esfuerzos del Comit\u00e9. Un viento caprichoso y rol\u00f3n que ha mantenido a la flota varias horas con aplazamiento en el agua, hasta que se ha optado por montar el campo de regata fuera de la bah\u00eda, pero las complicaciones se han mantenido.<\/p>\n<p>Los murcianos Jos\u00e9 Manuel Ruiz (CN Mar Menor) y Roc\u00edo Rubio (CN Los Nietos) se han colocado l\u00edderes provisionales del Trofeo, tras lograr acabar en primer lugar la \u00fanica manga del d\u00eda.<\/p>\n<p>Una jornada que arrancaba a las 12:25 horas cuando se izaba \u201cdelta\u201d y la flota se dirig\u00eda a la bah\u00eda. El viento se mostraba inestable y aunque la salida se posicion\u00f3 en varias ocasiones, se terminaron frustrando hasta dos procedimientos de salida por los cambios de presi\u00f3n y direcci\u00f3n. Despu\u00e9s de varias horas esperando, entr\u00f3 el esperado poniente, pero tampoco permiti\u00f3 dar la salida.<\/p>\n<p>El Comit\u00e9 a las 15:00 horas tomaba la decisi\u00f3n de utilizar la zona 2 de regata y sacar la flota fuera del puerto comercial. Ah\u00ed, se consegu\u00eda dar la salida con direcci\u00f3n a l 035\u00ba con una intensidad de 8 nudos.<\/p>\n<p>Tras reposicionar el recorrido se intent\u00f3 dar una segunda salida, pero qued\u00f3 anulada antes de completar la salida. Por lo que a las 17:30 horas se decid\u00eda que la flota regresara al Real Club Mar\u00edtimo de Melilla.<\/p>\n<p>La \u00fanica manga celebrada en este s\u00e1bado se decidi\u00f3 en el \u00faltimo tramo, en el que Jos\u00e9 Manuel Ruiz y Roc\u00edo Rubio lograban una peque\u00f1a ventaja sobre los almerienses Pablo y Mart\u00edn Fresneda (Club de Mar Almer\u00eda) que entraban segundo.<\/p>\n<p>El tercer puesto de la prueba y de la clasificaci\u00f3n provisional era para Tom\u00e1s Garc\u00eda (RCR Santiago de la Ribera) y Salma Boudihi (RCM Melilla).<\/p>\n<p>La primera tripulaci\u00f3n juvenil es la formada por Mercedes y Helena Celdr\u00e1n (RCN Madrid).<\/p>\n<p>Este domingo, nuevamente a las 12 horas est\u00e1 previsto que se inicie la jornada, en la que se realizar\u00e1n un m\u00e1ximo de tres mangas. La entrega de trofeos ser\u00e1 a partir de las 20 horas en la p\u00e9rgola del Real Club Mar\u00edtimo de Melilla.<\/p>\n<p><img decoding=\"async\" class=\"aligncenter size-full wp-image-17745\" src=\"https:\/\/www.realclubmaritimomelilla.es\/clmar\/wp-content\/uploads\/PRIMERO-PROVISIONAL.jpg\" alt=\"\" width=\"1920\" height=\"1280\" srcset=\"https:\/\/www.realclubmaritimomelilla.es\/clmar\/wp-content\/uploads\/PRIMERO-PROVISIONAL-200x133.jpg 200w, https:\/\/www.realclubmaritimomelilla.es\/clmar\/wp-content\/uploads\/PRIMERO-PROVISIONAL-300x200.jpg 300w, https:\/\/www.realclubmaritimomelilla.es\/clmar\/wp-content\/uploads\/PRIMERO-PROVISIONAL-400x267.jpg 400w, https:\/\/www.realclubmaritimomelilla.es\/clmar\/wp-content\/uploads\/PRIMERO-PROVISIONAL-600x400.jpg 600w, https:\/\/www.realclubmaritimomelilla.es\/clmar\/wp-content\/uploads\/PRIMERO-PROVISIONAL-768x512.jpg 768w, https:\/\/www.realclubmaritimomelilla.es\/clmar\/wp-content\/uploads\/PRIMERO-PROVISIONAL-800x533.jpg 800w, https:\/\/www.realclubmaritimomelilla.es\/clmar\/wp-content\/uploads\/PRIMERO-PROVISIONAL-1024x683.jpg 1024w, https:\/\/www.realclubmaritimomelilla.es\/clmar\/wp-content\/uploads\/PRIMERO-PROVISIONAL-1200x800.jpg 1200w, https:\/\/www.realclubmaritimomelilla.es\/clmar\/wp-content\/uploads\/PRIMERO-PROVISIONAL-1536x1024.jpg 1536w, https:\/\/www.realclubmaritimomelilla.es\/clmar\/wp-content\/uploads\/PRIMERO-PROVISIONAL.jpg 1920w\" sizes=\"(max-width: 1920px) 100vw, 1920px\" \/> <img decoding=\"async\" class=\"aligncenter size-full wp-image-17746\" src=\"https:\/\/www.realclubmaritimomelilla.es\/clmar\/wp-content\/uploads\/PRIMERO-PROVISONAL.jpg\" alt=\"\" width=\"1920\" height=\"1280\" srcset=\"https:\/\/www.realclubmaritimomelilla.es\/clmar\/wp-content\/uploads\/PRIMERO-PROVISONAL-200x133.jpg 200w, https:\/\/www.realclubmaritimomelilla.es\/clmar\/wp-content\/uploads\/PRIMERO-PROVISONAL-300x200.jpg 300w, https:\/\/www.realclubmaritimomelilla.es\/clmar\/wp-content\/uploads\/PRIMERO-PROVISONAL-400x267.jpg 400w, https:\/\/www.realclubmaritimomelilla.es\/clmar\/wp-content\/uploads\/PRIMERO-PROVISONAL-600x400.jpg 600w, https:\/\/www.realclubmaritimomelilla.es\/clmar\/wp-content\/uploads\/PRIMERO-PROVISONAL-768x512.jpg 768w, https:\/\/www.realclubmaritimomelilla.es\/clmar\/wp-content\/uploads\/PRIMERO-PROVISONAL-800x533.jpg 800w, https:\/\/www.realclubmaritimomelilla.es\/clmar\/wp-content\/uploads\/PRIMERO-PROVISONAL-1024x683.jpg 1024w, https:\/\/www.realclubmaritimomelilla.es\/clmar\/wp-content\/uploads\/PRIMERO-PROVISONAL-1200x800.jpg 1200w, https:\/\/www.realclubmaritimomelilla.es\/clmar\/wp-content\/uploads\/PRIMERO-PROVISONAL-1536x1024.jpg 1536w, https:\/\/www.realclubmaritimomelilla.es\/clmar\/wp-content\/uploads\/PRIMERO-PROVISONAL.jpg 1920w\" sizes=\"(max-width: 1920px) 100vw, 1920px\" \/> <img decoding=\"async\" class=\"aligncenter size-full wp-image-17747\" src=\"https:\/\/www.realclubmaritimomelilla.es\/clmar\/wp-content\/uploads\/TERCERO-PROVISIONAL.jpg\" alt=\"\" width=\"1920\" height=\"1280\" srcset=\"https:\/\/www.realclubmaritimomelilla.es\/clmar\/wp-content\/uploads\/TERCERO-PROVISIONAL-200x133.jpg 200w, https:\/\/www.realclubmaritimomelilla.es\/clmar\/wp-content\/uploads\/TERCERO-PROVISIONAL-300x200.jpg 300w, https:\/\/www.realclubmaritimomelilla.es\/clmar\/wp-content\/uploads\/TERCERO-PROVISIONAL-400x267.jpg 400w, https:\/\/www.realclubmaritimomelilla.es\/clmar\/wp-content\/uploads\/TERCERO-PROVISIONAL-600x400.jpg 600w, https:\/\/www.realclubmaritimomelilla.es\/clmar\/wp-content\/uploads\/TERCERO-PROVISIONAL-768x512.jpg 768w, https:\/\/www.realclubmaritimomelilla.es\/clmar\/wp-content\/uploads\/TERCERO-PROVISIONAL-800x533.jpg 800w, https:\/\/www.realclubmaritimomelilla.es\/clmar\/wp-content\/uploads\/TERCERO-PROVISIONAL-1024x683.jpg 1024w, https:\/\/www.realclubmaritimomelilla.es\/clmar\/wp-content\/uploads\/TERCERO-PROVISIONAL-1200x800.jpg 1200w, https:\/\/www.realclubmaritimomelilla.es\/clmar\/wp-content\/uploads\/TERCERO-PROVISIONAL-1536x1024.jpg 1536w, https:\/\/www.realclubmaritimomelilla.es\/clmar\/wp-content\/uploads\/TERCERO-PROVISIONAL.jpg 1920w\" sizes=\"(max-width: 1920px) 100vw, 1920px\" \/><\/p>\n<p>&nbsp;<\/p>\n<p>CLASIFICACI\u00d3N PROVISIONAL SNIPE<\/p>\n<p>1\u00ba Jos\u00e9 Manuel Ruiz y Roc\u00edo Rubio \u201cBaluma Sails\u201d (CN Mar Menor) 1 punto<\/p>\n<p>2\u00ba Pablo Fresneda y Mart\u00edn Fresneda \u201cFresnedator\u201d (C Mar Almer\u00eda) 2 puntos<\/p>\n<p>3\u00ba Tom\u00e1s Garc\u00eda y Salma Boudihi \u201cMariachi II\u201d (RCR Santiago de la Ribera) 3 puntos<\/p>\n<p>4\u00ba Marta Hern\u00e1ndez y Fran Almeida \u201cMach\u00fa\u201d (C Mar Almer\u00eda) 4 puntos<\/p>\n<p>5\u00ba Jorn Haga y Esperanza P\u00e9rez \u201cOseberg III\u201d (RCN Motril) 5 puntos<\/p>\n<p>6\u00ba Alvaro Mackinlay y Cristina Gonz\u00e1lez \u201cLa Barrosa\u201d (Comisi\u00f3n Naval Regatas) 6 puntos<\/p>\n<p>7\u00ba Alfonso O\u00f1a y Teresa B\u00e9jar \u201cTequila\u201d (RCN Madrid) 7 puntos<\/p>\n<p>8\u00ba Jos\u00e9 P\u00e9rez y Antonio Ros \u201cNereida\u201d (CN Los Nietos) 8 puntos<\/p>\n<p>9\u00ba Mercedes Camacho y Helana Camacho \u201cCirce\u201d (RCN Madrid) 9 puntos<\/p>\n<p>10\u00ba Fernando Celdr\u00e1n y Fernando Celdr\u00e1n \u201cOyambre\u201d (RCN Madrid) 10 puntos<\/p>\n","protected":false},"excerpt":{"rendered":"<p>JOS\u00c9 MANUEL RUIZ Y ROC\u00cdO RUBIO LIDERAN LA FLOTA &nbsp; La jornada inaugural para la clase snipe en el Trofeo de Vela Ligera Club Mar\u00edtimo \u2013 Melilla Sport Capital se ha saldado con una \u00fanica manga, pese a los esfuerzos del Comit\u00e9. Un viento caprichoso y rol\u00f3n que ha mantenido a la flota varias horas [&hellip;]<\/p>\n","protected":false},"author":1,"featured_media":17748,"comment_status":"open","ping_status":"open","sticky":false,"template":"","format":"standard","meta":{"_acf_changed":false,"footnotes":""},"categories":[1],"tags":[],"class_list":["post-17744","post","type-post","status-publish","format-standard","has-post-thumbnail","hentry","category-sin-categoria"],"acf":[],"yoast_head":"<!-- This site is optimized with the Yoast SEO plugin v27.5 - https:\/\/yoast.com\/product\/yoast-seo-wordpress\/ -->\n<title>COMPLICADA JORNADA PARA LOS SNIPE EN EL II TROFEO REAL CLUB MAR\u00cdTIMO \u2013 MELILLA SPORT CAPITAL - Real Club Mar\u00edtimo de Melilla<\/title>\n<meta name=\"description\" content=\"COMPLICADA JORNADA PARA LOS SNIPE EN EL II TROFEO REAL CLUB MAR\u00cdTIMO \u2013 MELILLA SPORT CAPITAL -\" \/>\n<meta name=\"robots\" content=\"index, follow, max-snippet:-1, max-image-preview:large, max-video-preview:-1\" \/>\n<link rel=\"canonical\" href=\"https:\/\/www.realclubmaritimomelilla.es\/clmar\/complicada-jornada-para-los-snipe-en-el-ii-trofeo-real-club-maritimo-melilla-sport-capital\/\" \/>\n<meta property=\"og:locale\" content=\"es_ES\" \/>\n<meta property=\"og:type\" content=\"article\" \/>\n<meta property=\"og:title\" content=\"COMPLICADA JORNADA PARA LOS SNIPE EN EL II TROFEO REAL CLUB MAR\u00cdTIMO \u2013 MELILLA SPORT CAPITAL - Real Club Mar\u00edtimo de Melilla\" \/>\n<meta property=\"og:description\" content=\"COMPLICADA JORNADA PARA LOS SNIPE EN EL II TROFEO REAL CLUB MAR\u00cdTIMO \u2013 MELILLA SPORT CAPITAL -\" \/>\n<meta property=\"og:url\" content=\"https:\/\/www.realclubmaritimomelilla.es\/clmar\/complicada-jornada-para-los-snipe-en-el-ii-trofeo-real-club-maritimo-melilla-sport-capital\/\" \/>\n<meta property=\"og:site_name\" content=\"Real Club Mar\u00edtimo de Melilla\" \/>\n<meta property=\"article:publisher\" content=\"https:\/\/www.facebook.com\/Real-Club-Mar%c3%adtimo-de-Melilla-588495841234214\/\" \/>\n<meta property=\"article:published_time\" content=\"2022-08-13T16:20:50+00:00\" \/>\n<meta property=\"article:modified_time\" content=\"2022-11-25T09:32:38+00:00\" \/>\n<meta property=\"og:image\" content=\"https:\/\/www.realclubmaritimomelilla.es\/clmar\/wp-content\/uploads\/LIDER-JUVENIL.jpg\" \/>\n\t<meta property=\"og:image:width\" content=\"1920\" \/>\n\t<meta property=\"og:image:height\" content=\"1280\" \/>\n\t<meta property=\"og:image:type\" content=\"image\/jpeg\" \/>\n<meta name=\"author\" content=\"RCMMelilla\" \/>\n<meta name=\"twitter:card\" content=\"summary_large_image\" \/>\n<meta name=\"twitter:creator\" content=\"@nauticarcmm\" \/>\n<meta name=\"twitter:site\" content=\"@nauticarcmm\" \/>\n<meta name=\"twitter:label1\" content=\"Escrito por\" \/>\n\t<meta name=\"twitter:data1\" content=\"RCMMelilla\" \/>\n\t<meta name=\"twitter:label2\" content=\"Tiempo de lectura\" \/>\n\t<meta name=\"twitter:data2\" content=\"3 minutos\" \/>\n<script type=\"application\/ld+json\" class=\"yoast-schema-graph\">{\"@context\":\"https:\\\/\\\/schema.org\",\"@graph\":[{\"@type\":\"Article\",\"@id\":\"https:\\\/\\\/www.realclubmaritimomelilla.es\\\/clmar\\\/complicada-jornada-para-los-snipe-en-el-ii-trofeo-real-club-maritimo-melilla-sport-capital\\\/#article\",\"isPartOf\":{\"@id\":\"https:\\\/\\\/www.realclubmaritimomelilla.es\\\/clmar\\\/complicada-jornada-para-los-snipe-en-el-ii-trofeo-real-club-maritimo-melilla-sport-capital\\\/\"},\"author\":{\"name\":\"RCMMelilla\",\"@id\":\"https:\\\/\\\/www.realclubmaritimomelilla.es\\\/clmar\\\/#\\\/schema\\\/person\\\/ebaa3713496dc6d48c872452e73a8e79\"},\"headline\":\"COMPLICADA JORNADA PARA LOS SNIPE EN EL II TROFEO REAL CLUB MAR\u00cdTIMO \u2013 MELILLA SPORT CAPITAL\",\"datePublished\":\"2022-08-13T16:20:50+00:00\",\"dateModified\":\"2022-11-25T09:32:38+00:00\",\"mainEntityOfPage\":{\"@id\":\"https:\\\/\\\/www.realclubmaritimomelilla.es\\\/clmar\\\/complicada-jornada-para-los-snipe-en-el-ii-trofeo-real-club-maritimo-melilla-sport-capital\\\/\"},\"wordCount\":539,\"commentCount\":0,\"publisher\":{\"@id\":\"https:\\\/\\\/www.realclubmaritimomelilla.es\\\/clmar\\\/#organization\"},\"image\":{\"@id\":\"https:\\\/\\\/www.realclubmaritimomelilla.es\\\/clmar\\\/complicada-jornada-para-los-snipe-en-el-ii-trofeo-real-club-maritimo-melilla-sport-capital\\\/#primaryimage\"},\"thumbnailUrl\":\"https:\\\/\\\/www.realclubmaritimomelilla.es\\\/clmar\\\/wp-content\\\/uploads\\\/LIDER-JUVENIL.jpg\",\"inLanguage\":\"es\",\"potentialAction\":[{\"@type\":\"CommentAction\",\"name\":\"Comment\",\"target\":[\"https:\\\/\\\/www.realclubmaritimomelilla.es\\\/clmar\\\/complicada-jornada-para-los-snipe-en-el-ii-trofeo-real-club-maritimo-melilla-sport-capital\\\/#respond\"]}]},{\"@type\":\"WebPage\",\"@id\":\"https:\\\/\\\/www.realclubmaritimomelilla.es\\\/clmar\\\/complicada-jornada-para-los-snipe-en-el-ii-trofeo-real-club-maritimo-melilla-sport-capital\\\/\",\"url\":\"https:\\\/\\\/www.realclubmaritimomelilla.es\\\/clmar\\\/complicada-jornada-para-los-snipe-en-el-ii-trofeo-real-club-maritimo-melilla-sport-capital\\\/\",\"name\":\"COMPLICADA JORNADA PARA LOS SNIPE EN EL II TROFEO REAL CLUB MAR\u00cdTIMO \u2013 MELILLA SPORT CAPITAL - Real Club Mar\u00edtimo de Melilla\",\"isPartOf\":{\"@id\":\"https:\\\/\\\/www.realclubmaritimomelilla.es\\\/clmar\\\/#website\"},\"primaryImageOfPage\":{\"@id\":\"https:\\\/\\\/www.realclubmaritimomelilla.es\\\/clmar\\\/complicada-jornada-para-los-snipe-en-el-ii-trofeo-real-club-maritimo-melilla-sport-capital\\\/#primaryimage\"},\"image\":{\"@id\":\"https:\\\/\\\/www.realclubmaritimomelilla.es\\\/clmar\\\/complicada-jornada-para-los-snipe-en-el-ii-trofeo-real-club-maritimo-melilla-sport-capital\\\/#primaryimage\"},\"thumbnailUrl\":\"https:\\\/\\\/www.realclubmaritimomelilla.es\\\/clmar\\\/wp-content\\\/uploads\\\/LIDER-JUVENIL.jpg\",\"datePublished\":\"2022-08-13T16:20:50+00:00\",\"dateModified\":\"2022-11-25T09:32:38+00:00\",\"description\":\"COMPLICADA JORNADA PARA LOS SNIPE EN EL II TROFEO REAL CLUB MAR\u00cdTIMO \u2013 MELILLA SPORT CAPITAL -\",\"breadcrumb\":{\"@id\":\"https:\\\/\\\/www.realclubmaritimomelilla.es\\\/clmar\\\/complicada-jornada-para-los-snipe-en-el-ii-trofeo-real-club-maritimo-melilla-sport-capital\\\/#breadcrumb\"},\"inLanguage\":\"es\",\"potentialAction\":[{\"@type\":\"ReadAction\",\"target\":[\"https:\\\/\\\/www.realclubmaritimomelilla.es\\\/clmar\\\/complicada-jornada-para-los-snipe-en-el-ii-trofeo-real-club-maritimo-melilla-sport-capital\\\/\"]}]},{\"@type\":\"ImageObject\",\"inLanguage\":\"es\",\"@id\":\"https:\\\/\\\/www.realclubmaritimomelilla.es\\\/clmar\\\/complicada-jornada-para-los-snipe-en-el-ii-trofeo-real-club-maritimo-melilla-sport-capital\\\/#primaryimage\",\"url\":\"https:\\\/\\\/www.realclubmaritimomelilla.es\\\/clmar\\\/wp-content\\\/uploads\\\/LIDER-JUVENIL.jpg\",\"contentUrl\":\"https:\\\/\\\/www.realclubmaritimomelilla.es\\\/clmar\\\/wp-content\\\/uploads\\\/LIDER-JUVENIL.jpg\",\"width\":1920,\"height\":1280},{\"@type\":\"BreadcrumbList\",\"@id\":\"https:\\\/\\\/www.realclubmaritimomelilla.es\\\/clmar\\\/complicada-jornada-para-los-snipe-en-el-ii-trofeo-real-club-maritimo-melilla-sport-capital\\\/#breadcrumb\",\"itemListElement\":[{\"@type\":\"ListItem\",\"position\":1,\"name\":\"Portada\",\"item\":\"https:\\\/\\\/www.realclubmaritimomelilla.es\\\/clmar\\\/\"},{\"@type\":\"ListItem\",\"position\":2,\"name\":\"COMPLICADA JORNADA PARA LOS SNIPE EN EL II TROFEO REAL CLUB MAR\u00cdTIMO \u2013 MELILLA SPORT CAPITAL\"}]},{\"@type\":\"WebSite\",\"@id\":\"https:\\\/\\\/www.realclubmaritimomelilla.es\\\/clmar\\\/#website\",\"url\":\"https:\\\/\\\/www.realclubmaritimomelilla.es\\\/clmar\\\/\",\"name\":\"Real Club Mar\u00edtimo de Melilla\",\"description\":\"RCMM\",\"publisher\":{\"@id\":\"https:\\\/\\\/www.realclubmaritimomelilla.es\\\/clmar\\\/#organization\"},\"alternateName\":\"RCMM\",\"potentialAction\":[{\"@type\":\"SearchAction\",\"target\":{\"@type\":\"EntryPoint\",\"urlTemplate\":\"https:\\\/\\\/www.realclubmaritimomelilla.es\\\/clmar\\\/?s={search_term_string}\"},\"query-input\":{\"@type\":\"PropertyValueSpecification\",\"valueRequired\":true,\"valueName\":\"search_term_string\"}}],\"inLanguage\":\"es\"},{\"@type\":\"Organization\",\"@id\":\"https:\\\/\\\/www.realclubmaritimomelilla.es\\\/clmar\\\/#organization\",\"name\":\"Real Club Mar\u00edtimo de Melilla\",\"alternateName\":\"RCMM\",\"url\":\"https:\\\/\\\/www.realclubmaritimomelilla.es\\\/clmar\\\/\",\"logo\":{\"@type\":\"ImageObject\",\"inLanguage\":\"es\",\"@id\":\"https:\\\/\\\/www.realclubmaritimomelilla.es\\\/clmar\\\/#\\\/schema\\\/logo\\\/image\\\/\",\"url\":\"https:\\\/\\\/www.realclubmaritimomelilla.es\\\/clmar\\\/wp-content\\\/uploads\\\/logo-club-original-copia.jpg\",\"contentUrl\":\"https:\\\/\\\/www.realclubmaritimomelilla.es\\\/clmar\\\/wp-content\\\/uploads\\\/logo-club-original-copia.jpg\",\"width\":128,\"height\":89,\"caption\":\"Real Club Mar\u00edtimo de Melilla\"},\"image\":{\"@id\":\"https:\\\/\\\/www.realclubmaritimomelilla.es\\\/clmar\\\/#\\\/schema\\\/logo\\\/image\\\/\"},\"sameAs\":[\"https:\\\/\\\/www.facebook.com\\\/Real-Club-Mar\u00edtimo-de-Melilla-588495841234214\\\/\",\"https:\\\/\\\/x.com\\\/nauticarcmm\",\"https:\\\/\\\/www.instagram.com\\\/club_maritimo_melilla\\\/\",\"https:\\\/\\\/www.youtube.com\\\/@realclubmaritimodemelilla4703\",\"https:\\\/\\\/es.wikipedia.org\\\/wiki\\\/Real_Club_Mar\u00edtimo_de_Melilla\"]},{\"@type\":\"Person\",\"@id\":\"https:\\\/\\\/www.realclubmaritimomelilla.es\\\/clmar\\\/#\\\/schema\\\/person\\\/ebaa3713496dc6d48c872452e73a8e79\",\"name\":\"RCMMelilla\",\"image\":{\"@type\":\"ImageObject\",\"inLanguage\":\"es\",\"@id\":\"https:\\\/\\\/secure.gravatar.com\\\/avatar\\\/df1c24789360fb9308735c4ee556fc2bc5bf924bf01e53043b8b97ba272da33c?s=96&d=mm&r=g\",\"url\":\"https:\\\/\\\/secure.gravatar.com\\\/avatar\\\/df1c24789360fb9308735c4ee556fc2bc5bf924bf01e53043b8b97ba272da33c?s=96&d=mm&r=g\",\"contentUrl\":\"https:\\\/\\\/secure.gravatar.com\\\/avatar\\\/df1c24789360fb9308735c4ee556fc2bc5bf924bf01e53043b8b97ba272da33c?s=96&d=mm&r=g\",\"caption\":\"RCMMelilla\"}}]}<\/script>\n<!-- \/ Yoast SEO plugin. -->","yoast_head_json":{"title":"COMPLICADA JORNADA PARA LOS SNIPE EN EL II TROFEO REAL CLUB MAR\u00cdTIMO \u2013 MELILLA SPORT CAPITAL - Real Club Mar\u00edtimo de Melilla","description":"COMPLICADA JORNADA PARA LOS SNIPE EN EL II TROFEO REAL CLUB MAR\u00cdTIMO \u2013 MELILLA SPORT CAPITAL -","robots":{"index":"index","follow":"follow","max-snippet":"max-snippet:-1","max-image-preview":"max-image-preview:large","max-video-preview":"max-video-preview:-1"},"canonical":"https:\/\/www.realclubmaritimomelilla.es\/clmar\/complicada-jornada-para-los-snipe-en-el-ii-trofeo-real-club-maritimo-melilla-sport-capital\/","og_locale":"es_ES","og_type":"article","og_title":"COMPLICADA JORNADA PARA LOS SNIPE EN EL II TROFEO REAL CLUB MAR\u00cdTIMO \u2013 MELILLA SPORT CAPITAL - Real Club Mar\u00edtimo de Melilla","og_description":"COMPLICADA JORNADA PARA LOS SNIPE EN EL II TROFEO REAL CLUB MAR\u00cdTIMO \u2013 MELILLA SPORT CAPITAL -","og_url":"https:\/\/www.realclubmaritimomelilla.es\/clmar\/complicada-jornada-para-los-snipe-en-el-ii-trofeo-real-club-maritimo-melilla-sport-capital\/","og_site_name":"Real Club Mar\u00edtimo de Melilla","article_publisher":"https:\/\/www.facebook.com\/Real-Club-Mar%c3%adtimo-de-Melilla-588495841234214\/","article_published_time":"2022-08-13T16:20:50+00:00","article_modified_time":"2022-11-25T09:32:38+00:00","og_image":[{"width":1920,"height":1280,"url":"https:\/\/www.realclubmaritimomelilla.es\/clmar\/wp-content\/uploads\/LIDER-JUVENIL.jpg","type":"image\/jpeg"}],"author":"RCMMelilla","twitter_card":"summary_large_image","twitter_creator":"@nauticarcmm","twitter_site":"@nauticarcmm","twitter_misc":{"Escrito por":"RCMMelilla","Tiempo de lectura":"3 minutos"},"schema":{"@context":"https:\/\/schema.org","@graph":[{"@type":"Article","@id":"https:\/\/www.realclubmaritimomelilla.es\/clmar\/complicada-jornada-para-los-snipe-en-el-ii-trofeo-real-club-maritimo-melilla-sport-capital\/#article","isPartOf":{"@id":"https:\/\/www.realclubmaritimomelilla.es\/clmar\/complicada-jornada-para-los-snipe-en-el-ii-trofeo-real-club-maritimo-melilla-sport-capital\/"},"author":{"name":"RCMMelilla","@id":"https:\/\/www.realclubmaritimomelilla.es\/clmar\/#\/schema\/person\/ebaa3713496dc6d48c872452e73a8e79"},"headline":"COMPLICADA JORNADA PARA LOS SNIPE EN EL II TROFEO REAL CLUB MAR\u00cdTIMO \u2013 MELILLA SPORT CAPITAL","datePublished":"2022-08-13T16:20:50+00:00","dateModified":"2022-11-25T09:32:38+00:00","mainEntityOfPage":{"@id":"https:\/\/www.realclubmaritimomelilla.es\/clmar\/complicada-jornada-para-los-snipe-en-el-ii-trofeo-real-club-maritimo-melilla-sport-capital\/"},"wordCount":539,"commentCount":0,"publisher":{"@id":"https:\/\/www.realclubmaritimomelilla.es\/clmar\/#organization"},"image":{"@id":"https:\/\/www.realclubmaritimomelilla.es\/clmar\/complicada-jornada-para-los-snipe-en-el-ii-trofeo-real-club-maritimo-melilla-sport-capital\/#primaryimage"},"thumbnailUrl":"https:\/\/www.realclubmaritimomelilla.es\/clmar\/wp-content\/uploads\/LIDER-JUVENIL.jpg","inLanguage":"es","potentialAction":[{"@type":"CommentAction","name":"Comment","target":["https:\/\/www.realclubmaritimomelilla.es\/clmar\/complicada-jornada-para-los-snipe-en-el-ii-trofeo-real-club-maritimo-melilla-sport-capital\/#respond"]}]},{"@type":"WebPage","@id":"https:\/\/www.realclubmaritimomelilla.es\/clmar\/complicada-jornada-para-los-snipe-en-el-ii-trofeo-real-club-maritimo-melilla-sport-capital\/","url":"https:\/\/www.realclubmaritimomelilla.es\/clmar\/complicada-jornada-para-los-snipe-en-el-ii-trofeo-real-club-maritimo-melilla-sport-capital\/","name":"COMPLICADA JORNADA PARA LOS SNIPE EN EL II TROFEO REAL CLUB MAR\u00cdTIMO \u2013 MELILLA SPORT CAPITAL - Real Club Mar\u00edtimo de Melilla","isPartOf":{"@id":"https:\/\/www.realclubmaritimomelilla.es\/clmar\/#website"},"primaryImageOfPage":{"@id":"https:\/\/www.realclubmaritimomelilla.es\/clmar\/complicada-jornada-para-los-snipe-en-el-ii-trofeo-real-club-maritimo-melilla-sport-capital\/#primaryimage"},"image":{"@id":"https:\/\/www.realclubmaritimomelilla.es\/clmar\/complicada-jornada-para-los-snipe-en-el-ii-trofeo-real-club-maritimo-melilla-sport-capital\/#primaryimage"},"thumbnailUrl":"https:\/\/www.realclubmaritimomelilla.es\/clmar\/wp-content\/uploads\/LIDER-JUVENIL.jpg","datePublished":"2022-08-13T16:20:50+00:00","dateModified":"2022-11-25T09:32:38+00:00","description":"COMPLICADA JORNADA PARA LOS SNIPE EN EL II TROFEO REAL CLUB MAR\u00cdTIMO \u2013 MELILLA SPORT CAPITAL -","breadcrumb":{"@id":"https:\/\/www.realclubmaritimomelilla.es\/clmar\/complicada-jornada-para-los-snipe-en-el-ii-trofeo-real-club-maritimo-melilla-sport-capital\/#breadcrumb"},"inLanguage":"es","potentialAction":[{"@type":"ReadAction","target":["https:\/\/www.realclubmaritimomelilla.es\/clmar\/complicada-jornada-para-los-snipe-en-el-ii-trofeo-real-club-maritimo-melilla-sport-capital\/"]}]},{"@type":"ImageObject","inLanguage":"es","@id":"https:\/\/www.realclubmaritimomelilla.es\/clmar\/complicada-jornada-para-los-snipe-en-el-ii-trofeo-real-club-maritimo-melilla-sport-capital\/#primaryimage","url":"https:\/\/www.realclubmaritimomelilla.es\/clmar\/wp-content\/uploads\/LIDER-JUVENIL.jpg","contentUrl":"https:\/\/www.realclubmaritimomelilla.es\/clmar\/wp-content\/uploads\/LIDER-JUVENIL.jpg","width":1920,"height":1280},{"@type":"BreadcrumbList","@id":"https:\/\/www.realclubmaritimomelilla.es\/clmar\/complicada-jornada-para-los-snipe-en-el-ii-trofeo-real-club-maritimo-melilla-sport-capital\/#breadcrumb","itemListElement":[{"@type":"ListItem","position":1,"name":"Portada","item":"https:\/\/www.realclubmaritimomelilla.es\/clmar\/"},{"@type":"ListItem","position":2,"name":"COMPLICADA JORNADA PARA LOS SNIPE EN EL II TROFEO REAL CLUB MAR\u00cdTIMO \u2013 MELILLA SPORT CAPITAL"}]},{"@type":"WebSite","@id":"https:\/\/www.realclubmaritimomelilla.es\/clmar\/#website","url":"https:\/\/www.realclubmaritimomelilla.es\/clmar\/","name":"Real Club Mar\u00edtimo de Melilla","description":"RCMM","publisher":{"@id":"https:\/\/www.realclubmaritimomelilla.es\/clmar\/#organization"},"alternateName":"RCMM","potentialAction":[{"@type":"SearchAction","target":{"@type":"EntryPoint","urlTemplate":"https:\/\/www.realclubmaritimomelilla.es\/clmar\/?s={search_term_string}"},"query-input":{"@type":"PropertyValueSpecification","valueRequired":true,"valueName":"search_term_string"}}],"inLanguage":"es"},{"@type":"Organization","@id":"https:\/\/www.realclubmaritimomelilla.es\/clmar\/#organization","name":"Real Club Mar\u00edtimo de Melilla","alternateName":"RCMM","url":"https:\/\/www.realclubmaritimomelilla.es\/clmar\/","logo":{"@type":"ImageObject","inLanguage":"es","@id":"https:\/\/www.realclubmaritimomelilla.es\/clmar\/#\/schema\/logo\/image\/","url":"https:\/\/www.realclubmaritimomelilla.es\/clmar\/wp-content\/uploads\/logo-club-original-copia.jpg","contentUrl":"https:\/\/www.realclubmaritimomelilla.es\/clmar\/wp-content\/uploads\/logo-club-original-copia.jpg","width":128,"height":89,"caption":"Real Club Mar\u00edtimo de Melilla"},"image":{"@id":"https:\/\/www.realclubmaritimomelilla.es\/clmar\/#\/schema\/logo\/image\/"},"sameAs":["https:\/\/www.facebook.com\/Real-Club-Mar\u00edtimo-de-Melilla-588495841234214\/","https:\/\/x.com\/nauticarcmm","https:\/\/www.instagram.com\/club_maritimo_melilla\/","https:\/\/www.youtube.com\/@realclubmaritimodemelilla4703","https:\/\/es.wikipedia.org\/wiki\/Real_Club_Mar\u00edtimo_de_Melilla"]},{"@type":"Person","@id":"https:\/\/www.realclubmaritimomelilla.es\/clmar\/#\/schema\/person\/ebaa3713496dc6d48c872452e73a8e79","name":"RCMMelilla","image":{"@type":"ImageObject","inLanguage":"es","@id":"https:\/\/secure.gravatar.com\/avatar\/df1c24789360fb9308735c4ee556fc2bc5bf924bf01e53043b8b97ba272da33c?s=96&d=mm&r=g","url":"https:\/\/secure.gravatar.com\/avatar\/df1c24789360fb9308735c4ee556fc2bc5bf924bf01e53043b8b97ba272da33c?s=96&d=mm&r=g","contentUrl":"https:\/\/secure.gravatar.com\/avatar\/df1c24789360fb9308735c4ee556fc2bc5bf924bf01e53043b8b97ba272da33c?s=96&d=mm&r=g","caption":"RCMMelilla"}}]}},"_links":{"self":[{"href":"https:\/\/www.realclubmaritimomelilla.es\/clmar\/wp-json\/wp\/v2\/posts\/17744","targetHints":{"allow":["GET"]}}],"collection":[{"href":"https:\/\/www.realclubmaritimomelilla.es\/clmar\/wp-json\/wp\/v2\/posts"}],"about":[{"href":"https:\/\/www.realclubmaritimomelilla.es\/clmar\/wp-json\/wp\/v2\/types\/post"}],"author":[{"embeddable":true,"href":"https:\/\/www.realclubmaritimomelilla.es\/clmar\/wp-json\/wp\/v2\/users\/1"}],"replies":[{"embeddable":true,"href":"https:\/\/www.realclubmaritimomelilla.es\/clmar\/wp-json\/wp\/v2\/comments?post=17744"}],"version-history":[{"count":1,"href":"https:\/\/www.realclubmaritimomelilla.es\/clmar\/wp-json\/wp\/v2\/posts\/17744\/revisions"}],"predecessor-version":[{"id":19447,"href":"https:\/\/www.realclubmaritimomelilla.es\/clmar\/wp-json\/wp\/v2\/posts\/17744\/revisions\/19447"}],"wp:featuredmedia":[{"embeddable":true,"href":"https:\/\/www.realclubmaritimomelilla.es\/clmar\/wp-json\/wp\/v2\/media\/17748"}],"wp:attachment":[{"href":"https:\/\/www.realclubmaritimomelilla.es\/clmar\/wp-json\/wp\/v2\/media?parent=17744"}],"wp:term":[{"taxonomy":"category","embeddable":true,"href":"https:\/\/www.realclubmaritimomelilla.es\/clmar\/wp-json\/wp\/v2\/categories?post=17744"},{"taxonomy":"post_tag","embeddable":true,"href":"https:\/\/www.realclubmaritimomelilla.es\/clmar\/wp-json\/wp\/v2\/tags?post=17744"}],"curies":[{"name":"wp","href":"https:\/\/api.w.org\/{rel}","templated":true}]}}