{"id":17447,"date":"2022-07-31T12:03:32","date_gmt":"2022-07-31T10:03:32","guid":{"rendered":"https:\/\/www.realclubmaritimomelilla.es\/clmar\/?p=17447"},"modified":"2022-07-31T12:03:32","modified_gmt":"2022-07-31T10:03:32","slug":"ii-trofeo-vela-ligera-real-club-maritimo-melilla-sport-capital","status":"publish","type":"post","link":"https:\/\/www.realclubmaritimomelilla.es\/clmar\/ii-trofeo-vela-ligera-real-club-maritimo-melilla-sport-capital\/","title":{"rendered":"II Trofeo Vela Ligera &#8216;Real Club Mar\u00edtimo &#8211; Melilla Sport Capital&#8217;"},"content":{"rendered":"<p>Durante la primera quincena de agosto, el Real Club Mar\u00edtimo de Melilla es el escenario de la segunda edici\u00f3n del Trofeo de Vela Ligera que conjuntamente organiza con la Consejer\u00eda de Deporte de la ciudad aut\u00f3noma y Melilla Sport Capital.<\/p>\n<p>Nuevamente, el Club Mar\u00edtimo de Melilla ser\u00e1 el anfitri\u00f3n ante la llegada de una flota de embarcaciones de distintos puntos de la geograf\u00eda nacional, que competir\u00e1n en el campo de regata melillense.<\/p>\n<p>El II Trofeo de Vela Ligera &#8216;Real Club Mar\u00edtimo &#8211; Melilla Sport Capital&#8217; tendr\u00e1 su primera cita entre el 6 y 8 de agosto con la participaci\u00f3n de las flotas de optimist, Ilca4 e Ilca6. Un centenar de j\u00f3venes regatistas ser\u00e1n los primeros primeros en competir.<\/p>\n<p>A continuaci\u00f3n, los d\u00edas 19 y 11 de agosto ser\u00e1n las tablas de Techno 293 e Iqfoil local los que compitan.<\/p>\n<p>Mientras que m\u00e1s de una treintena de tripulaciones se ha inscrito para participar en la regata de snipe los d\u00edas 13 y 14 de agosto.<\/p>\n","protected":false},"excerpt":{"rendered":"<p>Durante la primera quincena de agosto, el Real Club Mar\u00edtimo de Melilla es el escenario de la segunda edici\u00f3n del Trofeo de Vela Ligera que conjuntamente organiza con la Consejer\u00eda de Deporte de la ciudad aut\u00f3noma y Melilla Sport Capital. Nuevamente, el Club Mar\u00edtimo de Melilla ser\u00e1 el anfitri\u00f3n ante la llegada de una flota [&hellip;]<\/p>\n","protected":false},"author":1,"featured_media":17448,"comment_status":"open","ping_status":"open","sticky":false,"template":"","format":"standard","meta":{"_acf_changed":false,"footnotes":""},"categories":[1],"tags":[],"class_list":["post-17447","post","type-post","status-publish","format-standard","has-post-thumbnail","hentry","category-sin-categoria"],"acf":[],"yoast_head":"<!-- This site is optimized with the Yoast SEO plugin v27.5 - https:\/\/yoast.com\/product\/yoast-seo-wordpress\/ -->\n<title>II Trofeo Vela Ligera &#039;Real Club Mar\u00edtimo - Melilla Sport Capital&#039; - Real Club Mar\u00edtimo de Melilla<\/title>\n<meta name=\"description\" content=\"II Trofeo Vela Ligera &#039;Real Club Mar\u00edtimo - Melilla Sport Capital&#039; -\" \/>\n<meta name=\"robots\" content=\"index, follow, max-snippet:-1, max-image-preview:large, max-video-preview:-1\" \/>\n<link rel=\"canonical\" href=\"https:\/\/www.realclubmaritimomelilla.es\/clmar\/ii-trofeo-vela-ligera-real-club-maritimo-melilla-sport-capital\/\" \/>\n<meta property=\"og:locale\" content=\"es_ES\" \/>\n<meta property=\"og:type\" content=\"article\" \/>\n<meta property=\"og:title\" content=\"II Trofeo Vela Ligera &#039;Real Club Mar\u00edtimo - Melilla Sport Capital&#039; - Real Club Mar\u00edtimo de Melilla\" \/>\n<meta property=\"og:description\" content=\"II Trofeo Vela Ligera &#039;Real Club Mar\u00edtimo - Melilla Sport Capital&#039; -\" \/>\n<meta property=\"og:url\" content=\"https:\/\/www.realclubmaritimomelilla.es\/clmar\/ii-trofeo-vela-ligera-real-club-maritimo-melilla-sport-capital\/\" \/>\n<meta property=\"og:site_name\" content=\"Real Club Mar\u00edtimo de Melilla\" \/>\n<meta property=\"article:publisher\" content=\"https:\/\/www.facebook.com\/Real-Club-Mar%c3%adtimo-de-Melilla-588495841234214\/\" \/>\n<meta property=\"article:published_time\" content=\"2022-07-31T10:03:32+00:00\" \/>\n<meta property=\"og:image\" content=\"https:\/\/www.realclubmaritimomelilla.es\/clmar\/wp-content\/uploads\/2c144a83-8668-4989-af13-e7b4f42ac9d9.jpg\" \/>\n\t<meta property=\"og:image:width\" content=\"595\" \/>\n\t<meta property=\"og:image:height\" content=\"842\" \/>\n\t<meta property=\"og:image:type\" content=\"image\/jpeg\" \/>\n<meta name=\"author\" content=\"RCMMelilla\" \/>\n<meta name=\"twitter:card\" content=\"summary_large_image\" \/>\n<meta name=\"twitter:creator\" content=\"@nauticarcmm\" \/>\n<meta name=\"twitter:site\" content=\"@nauticarcmm\" \/>\n<meta name=\"twitter:label1\" content=\"Escrito por\" \/>\n\t<meta name=\"twitter:data1\" content=\"RCMMelilla\" \/>\n\t<meta name=\"twitter:label2\" content=\"Tiempo de lectura\" \/>\n\t<meta name=\"twitter:data2\" content=\"1 minuto\" \/>\n<script type=\"application\/ld+json\" class=\"yoast-schema-graph\">{\"@context\":\"https:\\\/\\\/schema.org\",\"@graph\":[{\"@type\":\"Article\",\"@id\":\"https:\\\/\\\/www.realclubmaritimomelilla.es\\\/clmar\\\/ii-trofeo-vela-ligera-real-club-maritimo-melilla-sport-capital\\\/#article\",\"isPartOf\":{\"@id\":\"https:\\\/\\\/www.realclubmaritimomelilla.es\\\/clmar\\\/ii-trofeo-vela-ligera-real-club-maritimo-melilla-sport-capital\\\/\"},\"author\":{\"name\":\"RCMMelilla\",\"@id\":\"https:\\\/\\\/www.realclubmaritimomelilla.es\\\/clmar\\\/#\\\/schema\\\/person\\\/ebaa3713496dc6d48c872452e73a8e79\"},\"headline\":\"II Trofeo Vela Ligera &#8216;Real Club Mar\u00edtimo &#8211; Melilla Sport Capital&#8217;\",\"datePublished\":\"2022-07-31T10:03:32+00:00\",\"mainEntityOfPage\":{\"@id\":\"https:\\\/\\\/www.realclubmaritimomelilla.es\\\/clmar\\\/ii-trofeo-vela-ligera-real-club-maritimo-melilla-sport-capital\\\/\"},\"wordCount\":186,\"commentCount\":0,\"publisher\":{\"@id\":\"https:\\\/\\\/www.realclubmaritimomelilla.es\\\/clmar\\\/#organization\"},\"image\":{\"@id\":\"https:\\\/\\\/www.realclubmaritimomelilla.es\\\/clmar\\\/ii-trofeo-vela-ligera-real-club-maritimo-melilla-sport-capital\\\/#primaryimage\"},\"thumbnailUrl\":\"https:\\\/\\\/www.realclubmaritimomelilla.es\\\/clmar\\\/wp-content\\\/uploads\\\/2c144a83-8668-4989-af13-e7b4f42ac9d9.jpg\",\"inLanguage\":\"es\",\"potentialAction\":[{\"@type\":\"CommentAction\",\"name\":\"Comment\",\"target\":[\"https:\\\/\\\/www.realclubmaritimomelilla.es\\\/clmar\\\/ii-trofeo-vela-ligera-real-club-maritimo-melilla-sport-capital\\\/#respond\"]}]},{\"@type\":\"WebPage\",\"@id\":\"https:\\\/\\\/www.realclubmaritimomelilla.es\\\/clmar\\\/ii-trofeo-vela-ligera-real-club-maritimo-melilla-sport-capital\\\/\",\"url\":\"https:\\\/\\\/www.realclubmaritimomelilla.es\\\/clmar\\\/ii-trofeo-vela-ligera-real-club-maritimo-melilla-sport-capital\\\/\",\"name\":\"II Trofeo Vela Ligera 'Real Club Mar\u00edtimo - Melilla Sport Capital' - Real Club Mar\u00edtimo de Melilla\",\"isPartOf\":{\"@id\":\"https:\\\/\\\/www.realclubmaritimomelilla.es\\\/clmar\\\/#website\"},\"primaryImageOfPage\":{\"@id\":\"https:\\\/\\\/www.realclubmaritimomelilla.es\\\/clmar\\\/ii-trofeo-vela-ligera-real-club-maritimo-melilla-sport-capital\\\/#primaryimage\"},\"image\":{\"@id\":\"https:\\\/\\\/www.realclubmaritimomelilla.es\\\/clmar\\\/ii-trofeo-vela-ligera-real-club-maritimo-melilla-sport-capital\\\/#primaryimage\"},\"thumbnailUrl\":\"https:\\\/\\\/www.realclubmaritimomelilla.es\\\/clmar\\\/wp-content\\\/uploads\\\/2c144a83-8668-4989-af13-e7b4f42ac9d9.jpg\",\"datePublished\":\"2022-07-31T10:03:32+00:00\",\"description\":\"II Trofeo Vela Ligera 'Real Club Mar\u00edtimo - Melilla Sport Capital' -\",\"breadcrumb\":{\"@id\":\"https:\\\/\\\/www.realclubmaritimomelilla.es\\\/clmar\\\/ii-trofeo-vela-ligera-real-club-maritimo-melilla-sport-capital\\\/#breadcrumb\"},\"inLanguage\":\"es\",\"potentialAction\":[{\"@type\":\"ReadAction\",\"target\":[\"https:\\\/\\\/www.realclubmaritimomelilla.es\\\/clmar\\\/ii-trofeo-vela-ligera-real-club-maritimo-melilla-sport-capital\\\/\"]}]},{\"@type\":\"ImageObject\",\"inLanguage\":\"es\",\"@id\":\"https:\\\/\\\/www.realclubmaritimomelilla.es\\\/clmar\\\/ii-trofeo-vela-ligera-real-club-maritimo-melilla-sport-capital\\\/#primaryimage\",\"url\":\"https:\\\/\\\/www.realclubmaritimomelilla.es\\\/clmar\\\/wp-content\\\/uploads\\\/2c144a83-8668-4989-af13-e7b4f42ac9d9.jpg\",\"contentUrl\":\"https:\\\/\\\/www.realclubmaritimomelilla.es\\\/clmar\\\/wp-content\\\/uploads\\\/2c144a83-8668-4989-af13-e7b4f42ac9d9.jpg\",\"width\":595,\"height\":842},{\"@type\":\"BreadcrumbList\",\"@id\":\"https:\\\/\\\/www.realclubmaritimomelilla.es\\\/clmar\\\/ii-trofeo-vela-ligera-real-club-maritimo-melilla-sport-capital\\\/#breadcrumb\",\"itemListElement\":[{\"@type\":\"ListItem\",\"position\":1,\"name\":\"Portada\",\"item\":\"https:\\\/\\\/www.realclubmaritimomelilla.es\\\/clmar\\\/\"},{\"@type\":\"ListItem\",\"position\":2,\"name\":\"II Trofeo Vela Ligera &#8216;Real Club Mar\u00edtimo &#8211; Melilla Sport Capital&#8217;\"}]},{\"@type\":\"WebSite\",\"@id\":\"https:\\\/\\\/www.realclubmaritimomelilla.es\\\/clmar\\\/#website\",\"url\":\"https:\\\/\\\/www.realclubmaritimomelilla.es\\\/clmar\\\/\",\"name\":\"Real Club Mar\u00edtimo de Melilla\",\"description\":\"RCMM\",\"publisher\":{\"@id\":\"https:\\\/\\\/www.realclubmaritimomelilla.es\\\/clmar\\\/#organization\"},\"alternateName\":\"RCMM\",\"potentialAction\":[{\"@type\":\"SearchAction\",\"target\":{\"@type\":\"EntryPoint\",\"urlTemplate\":\"https:\\\/\\\/www.realclubmaritimomelilla.es\\\/clmar\\\/?s={search_term_string}\"},\"query-input\":{\"@type\":\"PropertyValueSpecification\",\"valueRequired\":true,\"valueName\":\"search_term_string\"}}],\"inLanguage\":\"es\"},{\"@type\":\"Organization\",\"@id\":\"https:\\\/\\\/www.realclubmaritimomelilla.es\\\/clmar\\\/#organization\",\"name\":\"Real Club Mar\u00edtimo de Melilla\",\"alternateName\":\"RCMM\",\"url\":\"https:\\\/\\\/www.realclubmaritimomelilla.es\\\/clmar\\\/\",\"logo\":{\"@type\":\"ImageObject\",\"inLanguage\":\"es\",\"@id\":\"https:\\\/\\\/www.realclubmaritimomelilla.es\\\/clmar\\\/#\\\/schema\\\/logo\\\/image\\\/\",\"url\":\"https:\\\/\\\/www.realclubmaritimomelilla.es\\\/clmar\\\/wp-content\\\/uploads\\\/logo-club-original-copia.jpg\",\"contentUrl\":\"https:\\\/\\\/www.realclubmaritimomelilla.es\\\/clmar\\\/wp-content\\\/uploads\\\/logo-club-original-copia.jpg\",\"width\":128,\"height\":89,\"caption\":\"Real Club Mar\u00edtimo de Melilla\"},\"image\":{\"@id\":\"https:\\\/\\\/www.realclubmaritimomelilla.es\\\/clmar\\\/#\\\/schema\\\/logo\\\/image\\\/\"},\"sameAs\":[\"https:\\\/\\\/www.facebook.com\\\/Real-Club-Mar\u00edtimo-de-Melilla-588495841234214\\\/\",\"https:\\\/\\\/x.com\\\/nauticarcmm\",\"https:\\\/\\\/www.instagram.com\\\/club_maritimo_melilla\\\/\",\"https:\\\/\\\/www.youtube.com\\\/@realclubmaritimodemelilla4703\",\"https:\\\/\\\/es.wikipedia.org\\\/wiki\\\/Real_Club_Mar\u00edtimo_de_Melilla\"]},{\"@type\":\"Person\",\"@id\":\"https:\\\/\\\/www.realclubmaritimomelilla.es\\\/clmar\\\/#\\\/schema\\\/person\\\/ebaa3713496dc6d48c872452e73a8e79\",\"name\":\"RCMMelilla\",\"image\":{\"@type\":\"ImageObject\",\"inLanguage\":\"es\",\"@id\":\"https:\\\/\\\/secure.gravatar.com\\\/avatar\\\/df1c24789360fb9308735c4ee556fc2bc5bf924bf01e53043b8b97ba272da33c?s=96&d=mm&r=g\",\"url\":\"https:\\\/\\\/secure.gravatar.com\\\/avatar\\\/df1c24789360fb9308735c4ee556fc2bc5bf924bf01e53043b8b97ba272da33c?s=96&d=mm&r=g\",\"contentUrl\":\"https:\\\/\\\/secure.gravatar.com\\\/avatar\\\/df1c24789360fb9308735c4ee556fc2bc5bf924bf01e53043b8b97ba272da33c?s=96&d=mm&r=g\",\"caption\":\"RCMMelilla\"}}]}<\/script>\n<!-- \/ Yoast SEO plugin. -->","yoast_head_json":{"title":"II Trofeo Vela Ligera 'Real Club Mar\u00edtimo - Melilla Sport Capital' - Real Club Mar\u00edtimo de Melilla","description":"II Trofeo Vela Ligera 'Real Club Mar\u00edtimo - Melilla Sport Capital' -","robots":{"index":"index","follow":"follow","max-snippet":"max-snippet:-1","max-image-preview":"max-image-preview:large","max-video-preview":"max-video-preview:-1"},"canonical":"https:\/\/www.realclubmaritimomelilla.es\/clmar\/ii-trofeo-vela-ligera-real-club-maritimo-melilla-sport-capital\/","og_locale":"es_ES","og_type":"article","og_title":"II Trofeo Vela Ligera 'Real Club Mar\u00edtimo - Melilla Sport Capital' - Real Club Mar\u00edtimo de Melilla","og_description":"II Trofeo Vela Ligera 'Real Club Mar\u00edtimo - Melilla Sport Capital' -","og_url":"https:\/\/www.realclubmaritimomelilla.es\/clmar\/ii-trofeo-vela-ligera-real-club-maritimo-melilla-sport-capital\/","og_site_name":"Real Club Mar\u00edtimo de Melilla","article_publisher":"https:\/\/www.facebook.com\/Real-Club-Mar%c3%adtimo-de-Melilla-588495841234214\/","article_published_time":"2022-07-31T10:03:32+00:00","og_image":[{"width":595,"height":842,"url":"https:\/\/www.realclubmaritimomelilla.es\/clmar\/wp-content\/uploads\/2c144a83-8668-4989-af13-e7b4f42ac9d9.jpg","type":"image\/jpeg"}],"author":"RCMMelilla","twitter_card":"summary_large_image","twitter_creator":"@nauticarcmm","twitter_site":"@nauticarcmm","twitter_misc":{"Escrito por":"RCMMelilla","Tiempo de lectura":"1 minuto"},"schema":{"@context":"https:\/\/schema.org","@graph":[{"@type":"Article","@id":"https:\/\/www.realclubmaritimomelilla.es\/clmar\/ii-trofeo-vela-ligera-real-club-maritimo-melilla-sport-capital\/#article","isPartOf":{"@id":"https:\/\/www.realclubmaritimomelilla.es\/clmar\/ii-trofeo-vela-ligera-real-club-maritimo-melilla-sport-capital\/"},"author":{"name":"RCMMelilla","@id":"https:\/\/www.realclubmaritimomelilla.es\/clmar\/#\/schema\/person\/ebaa3713496dc6d48c872452e73a8e79"},"headline":"II Trofeo Vela Ligera &#8216;Real Club Mar\u00edtimo &#8211; Melilla Sport Capital&#8217;","datePublished":"2022-07-31T10:03:32+00:00","mainEntityOfPage":{"@id":"https:\/\/www.realclubmaritimomelilla.es\/clmar\/ii-trofeo-vela-ligera-real-club-maritimo-melilla-sport-capital\/"},"wordCount":186,"commentCount":0,"publisher":{"@id":"https:\/\/www.realclubmaritimomelilla.es\/clmar\/#organization"},"image":{"@id":"https:\/\/www.realclubmaritimomelilla.es\/clmar\/ii-trofeo-vela-ligera-real-club-maritimo-melilla-sport-capital\/#primaryimage"},"thumbnailUrl":"https:\/\/www.realclubmaritimomelilla.es\/clmar\/wp-content\/uploads\/2c144a83-8668-4989-af13-e7b4f42ac9d9.jpg","inLanguage":"es","potentialAction":[{"@type":"CommentAction","name":"Comment","target":["https:\/\/www.realclubmaritimomelilla.es\/clmar\/ii-trofeo-vela-ligera-real-club-maritimo-melilla-sport-capital\/#respond"]}]},{"@type":"WebPage","@id":"https:\/\/www.realclubmaritimomelilla.es\/clmar\/ii-trofeo-vela-ligera-real-club-maritimo-melilla-sport-capital\/","url":"https:\/\/www.realclubmaritimomelilla.es\/clmar\/ii-trofeo-vela-ligera-real-club-maritimo-melilla-sport-capital\/","name":"II Trofeo Vela Ligera 'Real Club Mar\u00edtimo - Melilla Sport Capital' - Real Club Mar\u00edtimo de Melilla","isPartOf":{"@id":"https:\/\/www.realclubmaritimomelilla.es\/clmar\/#website"},"primaryImageOfPage":{"@id":"https:\/\/www.realclubmaritimomelilla.es\/clmar\/ii-trofeo-vela-ligera-real-club-maritimo-melilla-sport-capital\/#primaryimage"},"image":{"@id":"https:\/\/www.realclubmaritimomelilla.es\/clmar\/ii-trofeo-vela-ligera-real-club-maritimo-melilla-sport-capital\/#primaryimage"},"thumbnailUrl":"https:\/\/www.realclubmaritimomelilla.es\/clmar\/wp-content\/uploads\/2c144a83-8668-4989-af13-e7b4f42ac9d9.jpg","datePublished":"2022-07-31T10:03:32+00:00","description":"II Trofeo Vela Ligera 'Real Club Mar\u00edtimo - Melilla Sport Capital' -","breadcrumb":{"@id":"https:\/\/www.realclubmaritimomelilla.es\/clmar\/ii-trofeo-vela-ligera-real-club-maritimo-melilla-sport-capital\/#breadcrumb"},"inLanguage":"es","potentialAction":[{"@type":"ReadAction","target":["https:\/\/www.realclubmaritimomelilla.es\/clmar\/ii-trofeo-vela-ligera-real-club-maritimo-melilla-sport-capital\/"]}]},{"@type":"ImageObject","inLanguage":"es","@id":"https:\/\/www.realclubmaritimomelilla.es\/clmar\/ii-trofeo-vela-ligera-real-club-maritimo-melilla-sport-capital\/#primaryimage","url":"https:\/\/www.realclubmaritimomelilla.es\/clmar\/wp-content\/uploads\/2c144a83-8668-4989-af13-e7b4f42ac9d9.jpg","contentUrl":"https:\/\/www.realclubmaritimomelilla.es\/clmar\/wp-content\/uploads\/2c144a83-8668-4989-af13-e7b4f42ac9d9.jpg","width":595,"height":842},{"@type":"BreadcrumbList","@id":"https:\/\/www.realclubmaritimomelilla.es\/clmar\/ii-trofeo-vela-ligera-real-club-maritimo-melilla-sport-capital\/#breadcrumb","itemListElement":[{"@type":"ListItem","position":1,"name":"Portada","item":"https:\/\/www.realclubmaritimomelilla.es\/clmar\/"},{"@type":"ListItem","position":2,"name":"II Trofeo Vela Ligera &#8216;Real Club Mar\u00edtimo &#8211; Melilla Sport Capital&#8217;"}]},{"@type":"WebSite","@id":"https:\/\/www.realclubmaritimomelilla.es\/clmar\/#website","url":"https:\/\/www.realclubmaritimomelilla.es\/clmar\/","name":"Real Club Mar\u00edtimo de Melilla","description":"RCMM","publisher":{"@id":"https:\/\/www.realclubmaritimomelilla.es\/clmar\/#organization"},"alternateName":"RCMM","potentialAction":[{"@type":"SearchAction","target":{"@type":"EntryPoint","urlTemplate":"https:\/\/www.realclubmaritimomelilla.es\/clmar\/?s={search_term_string}"},"query-input":{"@type":"PropertyValueSpecification","valueRequired":true,"valueName":"search_term_string"}}],"inLanguage":"es"},{"@type":"Organization","@id":"https:\/\/www.realclubmaritimomelilla.es\/clmar\/#organization","name":"Real Club Mar\u00edtimo de Melilla","alternateName":"RCMM","url":"https:\/\/www.realclubmaritimomelilla.es\/clmar\/","logo":{"@type":"ImageObject","inLanguage":"es","@id":"https:\/\/www.realclubmaritimomelilla.es\/clmar\/#\/schema\/logo\/image\/","url":"https:\/\/www.realclubmaritimomelilla.es\/clmar\/wp-content\/uploads\/logo-club-original-copia.jpg","contentUrl":"https:\/\/www.realclubmaritimomelilla.es\/clmar\/wp-content\/uploads\/logo-club-original-copia.jpg","width":128,"height":89,"caption":"Real Club Mar\u00edtimo de Melilla"},"image":{"@id":"https:\/\/www.realclubmaritimomelilla.es\/clmar\/#\/schema\/logo\/image\/"},"sameAs":["https:\/\/www.facebook.com\/Real-Club-Mar\u00edtimo-de-Melilla-588495841234214\/","https:\/\/x.com\/nauticarcmm","https:\/\/www.instagram.com\/club_maritimo_melilla\/","https:\/\/www.youtube.com\/@realclubmaritimodemelilla4703","https:\/\/es.wikipedia.org\/wiki\/Real_Club_Mar\u00edtimo_de_Melilla"]},{"@type":"Person","@id":"https:\/\/www.realclubmaritimomelilla.es\/clmar\/#\/schema\/person\/ebaa3713496dc6d48c872452e73a8e79","name":"RCMMelilla","image":{"@type":"ImageObject","inLanguage":"es","@id":"https:\/\/secure.gravatar.com\/avatar\/df1c24789360fb9308735c4ee556fc2bc5bf924bf01e53043b8b97ba272da33c?s=96&d=mm&r=g","url":"https:\/\/secure.gravatar.com\/avatar\/df1c24789360fb9308735c4ee556fc2bc5bf924bf01e53043b8b97ba272da33c?s=96&d=mm&r=g","contentUrl":"https:\/\/secure.gravatar.com\/avatar\/df1c24789360fb9308735c4ee556fc2bc5bf924bf01e53043b8b97ba272da33c?s=96&d=mm&r=g","caption":"RCMMelilla"}}]}},"_links":{"self":[{"href":"https:\/\/www.realclubmaritimomelilla.es\/clmar\/wp-json\/wp\/v2\/posts\/17447","targetHints":{"allow":["GET"]}}],"collection":[{"href":"https:\/\/www.realclubmaritimomelilla.es\/clmar\/wp-json\/wp\/v2\/posts"}],"about":[{"href":"https:\/\/www.realclubmaritimomelilla.es\/clmar\/wp-json\/wp\/v2\/types\/post"}],"author":[{"embeddable":true,"href":"https:\/\/www.realclubmaritimomelilla.es\/clmar\/wp-json\/wp\/v2\/users\/1"}],"replies":[{"embeddable":true,"href":"https:\/\/www.realclubmaritimomelilla.es\/clmar\/wp-json\/wp\/v2\/comments?post=17447"}],"version-history":[{"count":0,"href":"https:\/\/www.realclubmaritimomelilla.es\/clmar\/wp-json\/wp\/v2\/posts\/17447\/revisions"}],"wp:featuredmedia":[{"embeddable":true,"href":"https:\/\/www.realclubmaritimomelilla.es\/clmar\/wp-json\/wp\/v2\/media\/17448"}],"wp:attachment":[{"href":"https:\/\/www.realclubmaritimomelilla.es\/clmar\/wp-json\/wp\/v2\/media?parent=17447"}],"wp:term":[{"taxonomy":"category","embeddable":true,"href":"https:\/\/www.realclubmaritimomelilla.es\/clmar\/wp-json\/wp\/v2\/categories?post=17447"},{"taxonomy":"post_tag","embeddable":true,"href":"https:\/\/www.realclubmaritimomelilla.es\/clmar\/wp-json\/wp\/v2\/tags?post=17447"}],"curies":[{"name":"wp","href":"https:\/\/api.w.org\/{rel}","templated":true}]}}