{"id":16883,"date":"2022-03-18T19:39:37","date_gmt":"2022-03-18T18:39:37","guid":{"rendered":"https:\/\/www.realclubmaritimomelilla.es\/clmar\/?p=16883"},"modified":"2022-03-18T19:39:37","modified_gmt":"2022-03-18T18:39:37","slug":"el-real-club-maritimo-de-melilla-se-mete-en-semifinales-del-campeonato-de-espana-de-clubes-de-primera-division-de-padel","status":"publish","type":"post","link":"https:\/\/www.realclubmaritimomelilla.es\/clmar\/el-real-club-maritimo-de-melilla-se-mete-en-semifinales-del-campeonato-de-espana-de-clubes-de-primera-division-de-padel\/","title":{"rendered":"EL REAL CLUB MAR\u00cdTIMO DE MELILLA SE METE EN SEMIFINALES DEL CAMPEONATO DE ESPA\u00d1A DE CLUBES DE PRIMERA DIVISI\u00d3N DE P\u00c1DEL"},"content":{"rendered":"<p>El Real Club Mar\u00edtimo de Melilla se ha metido en las semifinales del Campeonato de Espa\u00f1a por Equipos de Primera Categor\u00eda masculina.<\/p>\n<p>La competici\u00f3n ha arrancado este viernes en el Real Club de Polo de Barcelona.<\/p>\n<p>Este a\u00f1o el Real Club Mar\u00edtimo de Melilla ha formado un equipo con mayor presencia de jugadores melillenses.<\/p>\n<p>El representante de la ciudad aut\u00f3noma en la \u00e9lite nacional de clubes de p\u00e1del se ha impuesto en un ajustado 3-2 al Cercle Sabadelles 1856. Un duro cruce de cuartos de final que ha superado el Real Club Mar\u00edtimo de Melilla en su regreso a la m\u00e1xima categor\u00eda.<\/p>\n<p>Miguel Gonz\u00e1lez y Jos\u00e9 Solano han logrado puntuar para el equipo melillense, tras superar 2-1 (6-4, 4-6 y 7-6) a Mario Cerezo y Guilermo Closa.<\/p>\n<p>El siguiente punto para el Club Mar\u00edtimo lo han sumado, tambi\u00e9n en tres mangas, Pablo Herrera y Francisco Jos\u00e9 Tobaria, al remontar un 1-6 inicial e imponerse 6-2 y 6-4 en el global del choque ante Insa-Godo por 2-1.<\/p>\n<p>El punto del triunfo final lo consiguieron Jairo Bautista y Javier Bravo por 7-6, 4-6 y 6-0 ante Aromi-Arnaldos.<\/p>\n<p>Por su parte, Gonzalo D\u00edaz y Pablo Castillo ced\u00edan su punto 4-6 y 3-6 y Guillermo Ruiz de la Herran y Sergio Contreras hac\u00edan lo propio 2-6 y 1-6.<\/p>\n<p>El resto del equipo del Real Club Mar\u00edtimo de Melilla en esta competici\u00f3n oficial de la Federaci\u00f3n Espa\u00f1ola de P\u00e1del est\u00e1 formado por los hermanos Moya Sos, Jes\u00fas y Armando, los tambi\u00e9n melillenses Jos\u00e9 Manuel Lavernia, Carlos D\u00edaz-Otero, Antonio Castillo, Nico y Valentin Volpe,y como capit\u00e1n Christian Volpe.<\/p>\n<p>Al final victoria en la eliminatoria, eludir el cuadro de permanencia, y ahora a luchar por hacer un digno papel en semifinales, este s\u00e1bado, enfrent\u00e1ndose al ganador de la eliminatoria entre El Peru Caceres Wellness y CD La Red XXI Padel Center-Bipadel.<\/p>\n","protected":false},"excerpt":{"rendered":"<p>El Real Club Mar\u00edtimo de Melilla se ha metido en las semifinales del Campeonato de Espa\u00f1a por Equipos de Primera Categor\u00eda masculina. La competici\u00f3n ha arrancado este viernes en el Real Club de Polo de Barcelona. Este a\u00f1o el Real Club Mar\u00edtimo de Melilla ha formado un equipo con mayor presencia de jugadores melillenses. El [&hellip;]<\/p>\n","protected":false},"author":1,"featured_media":16884,"comment_status":"open","ping_status":"open","sticky":false,"template":"","format":"standard","meta":{"_acf_changed":false,"footnotes":""},"categories":[40],"tags":[],"class_list":["post-16883","post","type-post","status-publish","format-standard","has-post-thumbnail","hentry","category-club"],"acf":[],"yoast_head":"<!-- This site is optimized with the Yoast SEO plugin v27.5 - https:\/\/yoast.com\/product\/yoast-seo-wordpress\/ -->\n<title>EL REAL CLUB MAR\u00cdTIMO DE MELILLA SE METE EN SEMIFINALES DEL CAMPEONATO DE ESPA\u00d1A DE CLUBES DE PRIMERA DIVISI\u00d3N DE P\u00c1DEL - Real Club Mar\u00edtimo de Melilla<\/title>\n<meta name=\"description\" content=\"EL REAL CLUB MAR\u00cdTIMO DE MELILLA SE METE EN SEMIFINALES DEL CAMPEONATO DE ESPA\u00d1A DE CLUBES DE PRIMERA DIVISI\u00d3N DE P\u00c1DEL -\" \/>\n<meta name=\"robots\" content=\"index, follow, max-snippet:-1, max-image-preview:large, max-video-preview:-1\" \/>\n<link rel=\"canonical\" href=\"https:\/\/www.realclubmaritimomelilla.es\/clmar\/el-real-club-maritimo-de-melilla-se-mete-en-semifinales-del-campeonato-de-espana-de-clubes-de-primera-division-de-padel\/\" \/>\n<meta property=\"og:locale\" content=\"es_ES\" \/>\n<meta property=\"og:type\" content=\"article\" \/>\n<meta property=\"og:title\" content=\"EL REAL CLUB MAR\u00cdTIMO DE MELILLA SE METE EN SEMIFINALES DEL CAMPEONATO DE ESPA\u00d1A DE CLUBES DE PRIMERA DIVISI\u00d3N DE P\u00c1DEL - Real Club Mar\u00edtimo de Melilla\" \/>\n<meta property=\"og:description\" content=\"EL REAL CLUB MAR\u00cdTIMO DE MELILLA SE METE EN SEMIFINALES DEL CAMPEONATO DE ESPA\u00d1A DE CLUBES DE PRIMERA DIVISI\u00d3N DE P\u00c1DEL -\" \/>\n<meta property=\"og:url\" content=\"https:\/\/www.realclubmaritimomelilla.es\/clmar\/el-real-club-maritimo-de-melilla-se-mete-en-semifinales-del-campeonato-de-espana-de-clubes-de-primera-division-de-padel\/\" \/>\n<meta property=\"og:site_name\" content=\"Real Club Mar\u00edtimo de Melilla\" \/>\n<meta property=\"article:publisher\" content=\"https:\/\/www.facebook.com\/Real-Club-Mar%c3%adtimo-de-Melilla-588495841234214\/\" \/>\n<meta property=\"article:published_time\" content=\"2022-03-18T18:39:37+00:00\" \/>\n<meta property=\"og:image\" content=\"https:\/\/www.realclubmaritimomelilla.es\/clmar\/wp-content\/uploads\/2022\/03\/cartel-cto-espana-equipos-1-categoria-abs.jpg\" \/>\n\t<meta property=\"og:image:width\" content=\"1500\" \/>\n\t<meta property=\"og:image:height\" content=\"2165\" \/>\n\t<meta property=\"og:image:type\" content=\"image\/jpeg\" \/>\n<meta name=\"author\" content=\"RCMMelilla\" \/>\n<meta name=\"twitter:card\" content=\"summary_large_image\" \/>\n<meta name=\"twitter:creator\" content=\"@nauticarcmm\" \/>\n<meta name=\"twitter:site\" content=\"@nauticarcmm\" \/>\n<meta name=\"twitter:label1\" content=\"Escrito por\" \/>\n\t<meta name=\"twitter:data1\" content=\"RCMMelilla\" \/>\n\t<meta name=\"twitter:label2\" content=\"Tiempo de lectura\" \/>\n\t<meta name=\"twitter:data2\" content=\"2 minutos\" \/>\n<script type=\"application\/ld+json\" class=\"yoast-schema-graph\">{\"@context\":\"https:\\\/\\\/schema.org\",\"@graph\":[{\"@type\":\"Article\",\"@id\":\"https:\\\/\\\/www.realclubmaritimomelilla.es\\\/clmar\\\/el-real-club-maritimo-de-melilla-se-mete-en-semifinales-del-campeonato-de-espana-de-clubes-de-primera-division-de-padel\\\/#article\",\"isPartOf\":{\"@id\":\"https:\\\/\\\/www.realclubmaritimomelilla.es\\\/clmar\\\/el-real-club-maritimo-de-melilla-se-mete-en-semifinales-del-campeonato-de-espana-de-clubes-de-primera-division-de-padel\\\/\"},\"author\":{\"name\":\"RCMMelilla\",\"@id\":\"https:\\\/\\\/www.realclubmaritimomelilla.es\\\/clmar\\\/#\\\/schema\\\/person\\\/ebaa3713496dc6d48c872452e73a8e79\"},\"headline\":\"EL REAL CLUB MAR\u00cdTIMO DE MELILLA SE METE EN SEMIFINALES DEL CAMPEONATO DE ESPA\u00d1A DE CLUBES DE PRIMERA DIVISI\u00d3N DE P\u00c1DEL\",\"datePublished\":\"2022-03-18T18:39:37+00:00\",\"mainEntityOfPage\":{\"@id\":\"https:\\\/\\\/www.realclubmaritimomelilla.es\\\/clmar\\\/el-real-club-maritimo-de-melilla-se-mete-en-semifinales-del-campeonato-de-espana-de-clubes-de-primera-division-de-padel\\\/\"},\"wordCount\":357,\"commentCount\":0,\"publisher\":{\"@id\":\"https:\\\/\\\/www.realclubmaritimomelilla.es\\\/clmar\\\/#organization\"},\"image\":{\"@id\":\"https:\\\/\\\/www.realclubmaritimomelilla.es\\\/clmar\\\/el-real-club-maritimo-de-melilla-se-mete-en-semifinales-del-campeonato-de-espana-de-clubes-de-primera-division-de-padel\\\/#primaryimage\"},\"thumbnailUrl\":\"https:\\\/\\\/www.realclubmaritimomelilla.es\\\/clmar\\\/wp-content\\\/uploads\\\/2022\\\/03\\\/cartel-cto-espana-equipos-1-categoria-abs.jpg\",\"articleSection\":[\"Club\"],\"inLanguage\":\"es\",\"potentialAction\":[{\"@type\":\"CommentAction\",\"name\":\"Comment\",\"target\":[\"https:\\\/\\\/www.realclubmaritimomelilla.es\\\/clmar\\\/el-real-club-maritimo-de-melilla-se-mete-en-semifinales-del-campeonato-de-espana-de-clubes-de-primera-division-de-padel\\\/#respond\"]}]},{\"@type\":\"WebPage\",\"@id\":\"https:\\\/\\\/www.realclubmaritimomelilla.es\\\/clmar\\\/el-real-club-maritimo-de-melilla-se-mete-en-semifinales-del-campeonato-de-espana-de-clubes-de-primera-division-de-padel\\\/\",\"url\":\"https:\\\/\\\/www.realclubmaritimomelilla.es\\\/clmar\\\/el-real-club-maritimo-de-melilla-se-mete-en-semifinales-del-campeonato-de-espana-de-clubes-de-primera-division-de-padel\\\/\",\"name\":\"EL REAL CLUB MAR\u00cdTIMO DE MELILLA SE METE EN SEMIFINALES DEL CAMPEONATO DE ESPA\u00d1A DE CLUBES DE PRIMERA DIVISI\u00d3N DE P\u00c1DEL - Real Club Mar\u00edtimo de Melilla\",\"isPartOf\":{\"@id\":\"https:\\\/\\\/www.realclubmaritimomelilla.es\\\/clmar\\\/#website\"},\"primaryImageOfPage\":{\"@id\":\"https:\\\/\\\/www.realclubmaritimomelilla.es\\\/clmar\\\/el-real-club-maritimo-de-melilla-se-mete-en-semifinales-del-campeonato-de-espana-de-clubes-de-primera-division-de-padel\\\/#primaryimage\"},\"image\":{\"@id\":\"https:\\\/\\\/www.realclubmaritimomelilla.es\\\/clmar\\\/el-real-club-maritimo-de-melilla-se-mete-en-semifinales-del-campeonato-de-espana-de-clubes-de-primera-division-de-padel\\\/#primaryimage\"},\"thumbnailUrl\":\"https:\\\/\\\/www.realclubmaritimomelilla.es\\\/clmar\\\/wp-content\\\/uploads\\\/2022\\\/03\\\/cartel-cto-espana-equipos-1-categoria-abs.jpg\",\"datePublished\":\"2022-03-18T18:39:37+00:00\",\"description\":\"EL REAL CLUB MAR\u00cdTIMO DE MELILLA SE METE EN SEMIFINALES DEL CAMPEONATO DE ESPA\u00d1A DE CLUBES DE PRIMERA DIVISI\u00d3N DE P\u00c1DEL -\",\"breadcrumb\":{\"@id\":\"https:\\\/\\\/www.realclubmaritimomelilla.es\\\/clmar\\\/el-real-club-maritimo-de-melilla-se-mete-en-semifinales-del-campeonato-de-espana-de-clubes-de-primera-division-de-padel\\\/#breadcrumb\"},\"inLanguage\":\"es\",\"potentialAction\":[{\"@type\":\"ReadAction\",\"target\":[\"https:\\\/\\\/www.realclubmaritimomelilla.es\\\/clmar\\\/el-real-club-maritimo-de-melilla-se-mete-en-semifinales-del-campeonato-de-espana-de-clubes-de-primera-division-de-padel\\\/\"]}]},{\"@type\":\"ImageObject\",\"inLanguage\":\"es\",\"@id\":\"https:\\\/\\\/www.realclubmaritimomelilla.es\\\/clmar\\\/el-real-club-maritimo-de-melilla-se-mete-en-semifinales-del-campeonato-de-espana-de-clubes-de-primera-division-de-padel\\\/#primaryimage\",\"url\":\"https:\\\/\\\/www.realclubmaritimomelilla.es\\\/clmar\\\/wp-content\\\/uploads\\\/2022\\\/03\\\/cartel-cto-espana-equipos-1-categoria-abs.jpg\",\"contentUrl\":\"https:\\\/\\\/www.realclubmaritimomelilla.es\\\/clmar\\\/wp-content\\\/uploads\\\/2022\\\/03\\\/cartel-cto-espana-equipos-1-categoria-abs.jpg\",\"width\":1500,\"height\":2165},{\"@type\":\"BreadcrumbList\",\"@id\":\"https:\\\/\\\/www.realclubmaritimomelilla.es\\\/clmar\\\/el-real-club-maritimo-de-melilla-se-mete-en-semifinales-del-campeonato-de-espana-de-clubes-de-primera-division-de-padel\\\/#breadcrumb\",\"itemListElement\":[{\"@type\":\"ListItem\",\"position\":1,\"name\":\"Portada\",\"item\":\"https:\\\/\\\/www.realclubmaritimomelilla.es\\\/clmar\\\/\"},{\"@type\":\"ListItem\",\"position\":2,\"name\":\"EL REAL CLUB MAR\u00cdTIMO DE MELILLA SE METE EN SEMIFINALES DEL CAMPEONATO DE ESPA\u00d1A DE CLUBES DE PRIMERA DIVISI\u00d3N DE P\u00c1DEL\"}]},{\"@type\":\"WebSite\",\"@id\":\"https:\\\/\\\/www.realclubmaritimomelilla.es\\\/clmar\\\/#website\",\"url\":\"https:\\\/\\\/www.realclubmaritimomelilla.es\\\/clmar\\\/\",\"name\":\"Real Club Mar\u00edtimo de Melilla\",\"description\":\"RCMM\",\"publisher\":{\"@id\":\"https:\\\/\\\/www.realclubmaritimomelilla.es\\\/clmar\\\/#organization\"},\"alternateName\":\"RCMM\",\"potentialAction\":[{\"@type\":\"SearchAction\",\"target\":{\"@type\":\"EntryPoint\",\"urlTemplate\":\"https:\\\/\\\/www.realclubmaritimomelilla.es\\\/clmar\\\/?s={search_term_string}\"},\"query-input\":{\"@type\":\"PropertyValueSpecification\",\"valueRequired\":true,\"valueName\":\"search_term_string\"}}],\"inLanguage\":\"es\"},{\"@type\":\"Organization\",\"@id\":\"https:\\\/\\\/www.realclubmaritimomelilla.es\\\/clmar\\\/#organization\",\"name\":\"Real Club Mar\u00edtimo de Melilla\",\"alternateName\":\"RCMM\",\"url\":\"https:\\\/\\\/www.realclubmaritimomelilla.es\\\/clmar\\\/\",\"logo\":{\"@type\":\"ImageObject\",\"inLanguage\":\"es\",\"@id\":\"https:\\\/\\\/www.realclubmaritimomelilla.es\\\/clmar\\\/#\\\/schema\\\/logo\\\/image\\\/\",\"url\":\"https:\\\/\\\/www.realclubmaritimomelilla.es\\\/clmar\\\/wp-content\\\/uploads\\\/logo-club-original-copia.jpg\",\"contentUrl\":\"https:\\\/\\\/www.realclubmaritimomelilla.es\\\/clmar\\\/wp-content\\\/uploads\\\/logo-club-original-copia.jpg\",\"width\":128,\"height\":89,\"caption\":\"Real Club Mar\u00edtimo de Melilla\"},\"image\":{\"@id\":\"https:\\\/\\\/www.realclubmaritimomelilla.es\\\/clmar\\\/#\\\/schema\\\/logo\\\/image\\\/\"},\"sameAs\":[\"https:\\\/\\\/www.facebook.com\\\/Real-Club-Mar\u00edtimo-de-Melilla-588495841234214\\\/\",\"https:\\\/\\\/x.com\\\/nauticarcmm\",\"https:\\\/\\\/www.instagram.com\\\/club_maritimo_melilla\\\/\",\"https:\\\/\\\/www.youtube.com\\\/@realclubmaritimodemelilla4703\",\"https:\\\/\\\/es.wikipedia.org\\\/wiki\\\/Real_Club_Mar\u00edtimo_de_Melilla\"]},{\"@type\":\"Person\",\"@id\":\"https:\\\/\\\/www.realclubmaritimomelilla.es\\\/clmar\\\/#\\\/schema\\\/person\\\/ebaa3713496dc6d48c872452e73a8e79\",\"name\":\"RCMMelilla\",\"image\":{\"@type\":\"ImageObject\",\"inLanguage\":\"es\",\"@id\":\"https:\\\/\\\/secure.gravatar.com\\\/avatar\\\/df1c24789360fb9308735c4ee556fc2bc5bf924bf01e53043b8b97ba272da33c?s=96&d=mm&r=g\",\"url\":\"https:\\\/\\\/secure.gravatar.com\\\/avatar\\\/df1c24789360fb9308735c4ee556fc2bc5bf924bf01e53043b8b97ba272da33c?s=96&d=mm&r=g\",\"contentUrl\":\"https:\\\/\\\/secure.gravatar.com\\\/avatar\\\/df1c24789360fb9308735c4ee556fc2bc5bf924bf01e53043b8b97ba272da33c?s=96&d=mm&r=g\",\"caption\":\"RCMMelilla\"}}]}<\/script>\n<!-- \/ Yoast SEO plugin. -->","yoast_head_json":{"title":"EL REAL CLUB MAR\u00cdTIMO DE MELILLA SE METE EN SEMIFINALES DEL CAMPEONATO DE ESPA\u00d1A DE CLUBES DE PRIMERA DIVISI\u00d3N DE P\u00c1DEL - Real Club Mar\u00edtimo de Melilla","description":"EL REAL CLUB MAR\u00cdTIMO DE MELILLA SE METE EN SEMIFINALES DEL CAMPEONATO DE ESPA\u00d1A DE CLUBES DE PRIMERA DIVISI\u00d3N DE P\u00c1DEL -","robots":{"index":"index","follow":"follow","max-snippet":"max-snippet:-1","max-image-preview":"max-image-preview:large","max-video-preview":"max-video-preview:-1"},"canonical":"https:\/\/www.realclubmaritimomelilla.es\/clmar\/el-real-club-maritimo-de-melilla-se-mete-en-semifinales-del-campeonato-de-espana-de-clubes-de-primera-division-de-padel\/","og_locale":"es_ES","og_type":"article","og_title":"EL REAL CLUB MAR\u00cdTIMO DE MELILLA SE METE EN SEMIFINALES DEL CAMPEONATO DE ESPA\u00d1A DE CLUBES DE PRIMERA DIVISI\u00d3N DE P\u00c1DEL - Real Club Mar\u00edtimo de Melilla","og_description":"EL REAL CLUB MAR\u00cdTIMO DE MELILLA SE METE EN SEMIFINALES DEL CAMPEONATO DE ESPA\u00d1A DE CLUBES DE PRIMERA DIVISI\u00d3N DE P\u00c1DEL -","og_url":"https:\/\/www.realclubmaritimomelilla.es\/clmar\/el-real-club-maritimo-de-melilla-se-mete-en-semifinales-del-campeonato-de-espana-de-clubes-de-primera-division-de-padel\/","og_site_name":"Real Club Mar\u00edtimo de Melilla","article_publisher":"https:\/\/www.facebook.com\/Real-Club-Mar%c3%adtimo-de-Melilla-588495841234214\/","article_published_time":"2022-03-18T18:39:37+00:00","og_image":[{"width":1500,"height":2165,"url":"https:\/\/www.realclubmaritimomelilla.es\/clmar\/wp-content\/uploads\/2022\/03\/cartel-cto-espana-equipos-1-categoria-abs.jpg","type":"image\/jpeg"}],"author":"RCMMelilla","twitter_card":"summary_large_image","twitter_creator":"@nauticarcmm","twitter_site":"@nauticarcmm","twitter_misc":{"Escrito por":"RCMMelilla","Tiempo de lectura":"2 minutos"},"schema":{"@context":"https:\/\/schema.org","@graph":[{"@type":"Article","@id":"https:\/\/www.realclubmaritimomelilla.es\/clmar\/el-real-club-maritimo-de-melilla-se-mete-en-semifinales-del-campeonato-de-espana-de-clubes-de-primera-division-de-padel\/#article","isPartOf":{"@id":"https:\/\/www.realclubmaritimomelilla.es\/clmar\/el-real-club-maritimo-de-melilla-se-mete-en-semifinales-del-campeonato-de-espana-de-clubes-de-primera-division-de-padel\/"},"author":{"name":"RCMMelilla","@id":"https:\/\/www.realclubmaritimomelilla.es\/clmar\/#\/schema\/person\/ebaa3713496dc6d48c872452e73a8e79"},"headline":"EL REAL CLUB MAR\u00cdTIMO DE MELILLA SE METE EN SEMIFINALES DEL CAMPEONATO DE ESPA\u00d1A DE CLUBES DE PRIMERA DIVISI\u00d3N DE P\u00c1DEL","datePublished":"2022-03-18T18:39:37+00:00","mainEntityOfPage":{"@id":"https:\/\/www.realclubmaritimomelilla.es\/clmar\/el-real-club-maritimo-de-melilla-se-mete-en-semifinales-del-campeonato-de-espana-de-clubes-de-primera-division-de-padel\/"},"wordCount":357,"commentCount":0,"publisher":{"@id":"https:\/\/www.realclubmaritimomelilla.es\/clmar\/#organization"},"image":{"@id":"https:\/\/www.realclubmaritimomelilla.es\/clmar\/el-real-club-maritimo-de-melilla-se-mete-en-semifinales-del-campeonato-de-espana-de-clubes-de-primera-division-de-padel\/#primaryimage"},"thumbnailUrl":"https:\/\/www.realclubmaritimomelilla.es\/clmar\/wp-content\/uploads\/2022\/03\/cartel-cto-espana-equipos-1-categoria-abs.jpg","articleSection":["Club"],"inLanguage":"es","potentialAction":[{"@type":"CommentAction","name":"Comment","target":["https:\/\/www.realclubmaritimomelilla.es\/clmar\/el-real-club-maritimo-de-melilla-se-mete-en-semifinales-del-campeonato-de-espana-de-clubes-de-primera-division-de-padel\/#respond"]}]},{"@type":"WebPage","@id":"https:\/\/www.realclubmaritimomelilla.es\/clmar\/el-real-club-maritimo-de-melilla-se-mete-en-semifinales-del-campeonato-de-espana-de-clubes-de-primera-division-de-padel\/","url":"https:\/\/www.realclubmaritimomelilla.es\/clmar\/el-real-club-maritimo-de-melilla-se-mete-en-semifinales-del-campeonato-de-espana-de-clubes-de-primera-division-de-padel\/","name":"EL REAL CLUB MAR\u00cdTIMO DE MELILLA SE METE EN SEMIFINALES DEL CAMPEONATO DE ESPA\u00d1A DE CLUBES DE PRIMERA DIVISI\u00d3N DE P\u00c1DEL - Real Club Mar\u00edtimo de Melilla","isPartOf":{"@id":"https:\/\/www.realclubmaritimomelilla.es\/clmar\/#website"},"primaryImageOfPage":{"@id":"https:\/\/www.realclubmaritimomelilla.es\/clmar\/el-real-club-maritimo-de-melilla-se-mete-en-semifinales-del-campeonato-de-espana-de-clubes-de-primera-division-de-padel\/#primaryimage"},"image":{"@id":"https:\/\/www.realclubmaritimomelilla.es\/clmar\/el-real-club-maritimo-de-melilla-se-mete-en-semifinales-del-campeonato-de-espana-de-clubes-de-primera-division-de-padel\/#primaryimage"},"thumbnailUrl":"https:\/\/www.realclubmaritimomelilla.es\/clmar\/wp-content\/uploads\/2022\/03\/cartel-cto-espana-equipos-1-categoria-abs.jpg","datePublished":"2022-03-18T18:39:37+00:00","description":"EL REAL CLUB MAR\u00cdTIMO DE MELILLA SE METE EN SEMIFINALES DEL CAMPEONATO DE ESPA\u00d1A DE CLUBES DE PRIMERA DIVISI\u00d3N DE P\u00c1DEL -","breadcrumb":{"@id":"https:\/\/www.realclubmaritimomelilla.es\/clmar\/el-real-club-maritimo-de-melilla-se-mete-en-semifinales-del-campeonato-de-espana-de-clubes-de-primera-division-de-padel\/#breadcrumb"},"inLanguage":"es","potentialAction":[{"@type":"ReadAction","target":["https:\/\/www.realclubmaritimomelilla.es\/clmar\/el-real-club-maritimo-de-melilla-se-mete-en-semifinales-del-campeonato-de-espana-de-clubes-de-primera-division-de-padel\/"]}]},{"@type":"ImageObject","inLanguage":"es","@id":"https:\/\/www.realclubmaritimomelilla.es\/clmar\/el-real-club-maritimo-de-melilla-se-mete-en-semifinales-del-campeonato-de-espana-de-clubes-de-primera-division-de-padel\/#primaryimage","url":"https:\/\/www.realclubmaritimomelilla.es\/clmar\/wp-content\/uploads\/2022\/03\/cartel-cto-espana-equipos-1-categoria-abs.jpg","contentUrl":"https:\/\/www.realclubmaritimomelilla.es\/clmar\/wp-content\/uploads\/2022\/03\/cartel-cto-espana-equipos-1-categoria-abs.jpg","width":1500,"height":2165},{"@type":"BreadcrumbList","@id":"https:\/\/www.realclubmaritimomelilla.es\/clmar\/el-real-club-maritimo-de-melilla-se-mete-en-semifinales-del-campeonato-de-espana-de-clubes-de-primera-division-de-padel\/#breadcrumb","itemListElement":[{"@type":"ListItem","position":1,"name":"Portada","item":"https:\/\/www.realclubmaritimomelilla.es\/clmar\/"},{"@type":"ListItem","position":2,"name":"EL REAL CLUB MAR\u00cdTIMO DE MELILLA SE METE EN SEMIFINALES DEL CAMPEONATO DE ESPA\u00d1A DE CLUBES DE PRIMERA DIVISI\u00d3N DE P\u00c1DEL"}]},{"@type":"WebSite","@id":"https:\/\/www.realclubmaritimomelilla.es\/clmar\/#website","url":"https:\/\/www.realclubmaritimomelilla.es\/clmar\/","name":"Real Club Mar\u00edtimo de Melilla","description":"RCMM","publisher":{"@id":"https:\/\/www.realclubmaritimomelilla.es\/clmar\/#organization"},"alternateName":"RCMM","potentialAction":[{"@type":"SearchAction","target":{"@type":"EntryPoint","urlTemplate":"https:\/\/www.realclubmaritimomelilla.es\/clmar\/?s={search_term_string}"},"query-input":{"@type":"PropertyValueSpecification","valueRequired":true,"valueName":"search_term_string"}}],"inLanguage":"es"},{"@type":"Organization","@id":"https:\/\/www.realclubmaritimomelilla.es\/clmar\/#organization","name":"Real Club Mar\u00edtimo de Melilla","alternateName":"RCMM","url":"https:\/\/www.realclubmaritimomelilla.es\/clmar\/","logo":{"@type":"ImageObject","inLanguage":"es","@id":"https:\/\/www.realclubmaritimomelilla.es\/clmar\/#\/schema\/logo\/image\/","url":"https:\/\/www.realclubmaritimomelilla.es\/clmar\/wp-content\/uploads\/logo-club-original-copia.jpg","contentUrl":"https:\/\/www.realclubmaritimomelilla.es\/clmar\/wp-content\/uploads\/logo-club-original-copia.jpg","width":128,"height":89,"caption":"Real Club Mar\u00edtimo de Melilla"},"image":{"@id":"https:\/\/www.realclubmaritimomelilla.es\/clmar\/#\/schema\/logo\/image\/"},"sameAs":["https:\/\/www.facebook.com\/Real-Club-Mar\u00edtimo-de-Melilla-588495841234214\/","https:\/\/x.com\/nauticarcmm","https:\/\/www.instagram.com\/club_maritimo_melilla\/","https:\/\/www.youtube.com\/@realclubmaritimodemelilla4703","https:\/\/es.wikipedia.org\/wiki\/Real_Club_Mar\u00edtimo_de_Melilla"]},{"@type":"Person","@id":"https:\/\/www.realclubmaritimomelilla.es\/clmar\/#\/schema\/person\/ebaa3713496dc6d48c872452e73a8e79","name":"RCMMelilla","image":{"@type":"ImageObject","inLanguage":"es","@id":"https:\/\/secure.gravatar.com\/avatar\/df1c24789360fb9308735c4ee556fc2bc5bf924bf01e53043b8b97ba272da33c?s=96&d=mm&r=g","url":"https:\/\/secure.gravatar.com\/avatar\/df1c24789360fb9308735c4ee556fc2bc5bf924bf01e53043b8b97ba272da33c?s=96&d=mm&r=g","contentUrl":"https:\/\/secure.gravatar.com\/avatar\/df1c24789360fb9308735c4ee556fc2bc5bf924bf01e53043b8b97ba272da33c?s=96&d=mm&r=g","caption":"RCMMelilla"}}]}},"_links":{"self":[{"href":"https:\/\/www.realclubmaritimomelilla.es\/clmar\/wp-json\/wp\/v2\/posts\/16883","targetHints":{"allow":["GET"]}}],"collection":[{"href":"https:\/\/www.realclubmaritimomelilla.es\/clmar\/wp-json\/wp\/v2\/posts"}],"about":[{"href":"https:\/\/www.realclubmaritimomelilla.es\/clmar\/wp-json\/wp\/v2\/types\/post"}],"author":[{"embeddable":true,"href":"https:\/\/www.realclubmaritimomelilla.es\/clmar\/wp-json\/wp\/v2\/users\/1"}],"replies":[{"embeddable":true,"href":"https:\/\/www.realclubmaritimomelilla.es\/clmar\/wp-json\/wp\/v2\/comments?post=16883"}],"version-history":[{"count":1,"href":"https:\/\/www.realclubmaritimomelilla.es\/clmar\/wp-json\/wp\/v2\/posts\/16883\/revisions"}],"predecessor-version":[{"id":16885,"href":"https:\/\/www.realclubmaritimomelilla.es\/clmar\/wp-json\/wp\/v2\/posts\/16883\/revisions\/16885"}],"wp:featuredmedia":[{"embeddable":true,"href":"https:\/\/www.realclubmaritimomelilla.es\/clmar\/wp-json\/wp\/v2\/media\/16884"}],"wp:attachment":[{"href":"https:\/\/www.realclubmaritimomelilla.es\/clmar\/wp-json\/wp\/v2\/media?parent=16883"}],"wp:term":[{"taxonomy":"category","embeddable":true,"href":"https:\/\/www.realclubmaritimomelilla.es\/clmar\/wp-json\/wp\/v2\/categories?post=16883"},{"taxonomy":"post_tag","embeddable":true,"href":"https:\/\/www.realclubmaritimomelilla.es\/clmar\/wp-json\/wp\/v2\/tags?post=16883"}],"curies":[{"name":"wp","href":"https:\/\/api.w.org\/{rel}","templated":true}]}}