{"id":16510,"date":"2021-11-18T14:19:33","date_gmt":"2021-11-18T13:19:33","guid":{"rendered":"https:\/\/www.realclubmaritimomelilla.es\/clmar\/?p=16510"},"modified":"2021-11-18T14:19:33","modified_gmt":"2021-11-18T13:19:33","slug":"apertura-complejo-polideportivo-del-real-club-maritimo-de-melilla-viernes-19-de-noviembre","status":"publish","type":"post","link":"https:\/\/www.realclubmaritimomelilla.es\/clmar\/apertura-complejo-polideportivo-del-real-club-maritimo-de-melilla-viernes-19-de-noviembre\/","title":{"rendered":"APERTURA COMPLEJO POLIDEPORTIVO DEL REAL CLUB MAR\u00cdTIMO DE MELILLA &#8211; Viernes 19 de noviembre"},"content":{"rendered":"<h3><strong>APERTURA COMPLEJO POLIDEPORTIVO DEL REAL CLUB MAR\u00cdTIMO DE MELILLA<\/strong><\/h3>\n<h3>Les informamos que el pr\u00f3ximo viernes, d\u00eda 19\u00a0de noviembre, se abrir\u00e1 el nuevo complejo polideportivo del Real Club Mar\u00edtimo de Melilla. Las instalaciones que podr\u00e1n utilizarse a partir de ese d\u00eda son:<\/h3>\n<h3><strong>1.- Piscina Climatizada<\/strong><\/h3>\n<ul>\n<li>\n<h3>Horario de 7 a 23 horas de lunes a domingo<\/h3>\n<\/li>\n<li>\n<h3>Mediante reserva previa. Todos los viernes a partir de las 10 de la ma\u00f1ana se podr\u00e1 reservar las sesiones de la semana siguiente<\/h3>\n<\/li>\n<li>\n<h3>M\u00e1ximo 2 personas por calle y por sesi\u00f3n<\/h3>\n<\/li>\n<li>\n<h3>Sesiones de una hora<\/h3>\n<\/li>\n<li>\n<h3>Las reservas se podr\u00e1n hacer de manera presencial o telef\u00f3nica en horario de secretar\u00eda.<\/h3>\n<\/li>\n<\/ul>\n<h3><strong>2.-SPA<\/strong><\/h3>\n<ul>\n<li>\n<h3>Horario de 7 a 23 horas de lunes a domingo<\/h3>\n<\/li>\n<li>\n<h3>Mediante reserva previa. Todos los viernes a partir de las 10 de la ma\u00f1ana se podr\u00e1 reservar las sesiones de la semana siguiente.<\/h3>\n<\/li>\n<li>\n<h3>Aforo m\u00e1ximo 14 personas por sesi\u00f3n<\/h3>\n<\/li>\n<li>\n<h3>Sesiones de una hora<\/h3>\n<\/li>\n<li>\n<h3>Las reservas se podr\u00e1n hacer de manera presencial o telef\u00f3nica en horario de secretar\u00eda.<\/h3>\n<\/li>\n<\/ul>\n<h3><strong>3.-GIMNASIO\u00a0\u00a0<\/strong><\/h3>\n<ul>\n<li>\n<h3>Horario de 7 a 14 horas y de 15 a 23 horas de lunes a domingo<\/h3>\n<\/li>\n<li>\n<h3>Mediante reserva previa. Todos los viernes a partir de las 10 de la ma\u00f1ana se podr\u00e1 reservar las sesiones de la semana siguiente.<\/h3>\n<\/li>\n<li>\n<h3>Aforo m\u00e1ximo 20 personas por sesi\u00f3n<\/h3>\n<\/li>\n<li>\n<h3>Sesiones de una hora<\/h3>\n<\/li>\n<li>\n<h3>Las reservas se podr\u00e1n hacer de manera presencial o telef\u00f3nica en horario de secretar\u00eda.<\/h3>\n<\/li>\n<\/ul>\n<h3><strong>4.-PISTAS DE P\u00c1DEL<\/strong><\/h3>\n<ul>\n<li>\n<h3>Horario de 9 a 23:30 horas<\/h3>\n<\/li>\n<li>\n<h3>Las pistas se pueden reservar con dos d\u00edas de antelaci\u00f3n a partir de las 18 horas.<\/h3>\n<\/li>\n<li>\n<h3>Sesiones de una hora y media<\/h3>\n<\/li>\n<li>\n<h3>El precio del alquiler de las pistas con iluminaci\u00f3n es de 8 \u20ac, y sin iluminaci\u00f3n\u00a06 \u20ac.<\/h3>\n<\/li>\n<li>\n<h3>Las reservas se har\u00e1n en secretar\u00eda de forma presencial<\/h3>\n<\/li>\n<\/ul>\n<h3>Las saunas y los ba\u00f1os de vapor permanecer\u00e1n cerrados cumpliendo con\u00a0 las restricciones establecidas por las autoridades sanitarias con motivo de la pandemia del COVID-19.<\/h3>\n<h3>El uso de la piscina climatizada y del SPA no tendr\u00e1 coste alguno durante los meses de noviembre y diciembre de 2021.<\/h3>\n","protected":false},"excerpt":{"rendered":"<p>APERTURA COMPLEJO POLIDEPORTIVO DEL REAL CLUB MAR\u00cdTIMO DE MELILLA Les informamos que el pr\u00f3ximo viernes, d\u00eda 19\u00a0de noviembre, se abrir\u00e1 el nuevo complejo polideportivo del Real Club Mar\u00edtimo de Melilla. Las instalaciones que podr\u00e1n utilizarse a partir de ese d\u00eda son: 1.- Piscina Climatizada Horario de 7 a 23 horas de lunes a domingo Mediante [&hellip;]<\/p>\n","protected":false},"author":1,"featured_media":16411,"comment_status":"open","ping_status":"open","sticky":false,"template":"","format":"standard","meta":{"_acf_changed":false,"footnotes":""},"categories":[40],"tags":[],"class_list":["post-16510","post","type-post","status-publish","format-standard","has-post-thumbnail","hentry","category-club"],"acf":[],"yoast_head":"<!-- This site is optimized with the Yoast SEO plugin v27.5 - https:\/\/yoast.com\/product\/yoast-seo-wordpress\/ -->\n<title>APERTURA COMPLEJO POLIDEPORTIVO DEL REAL CLUB MAR\u00cdTIMO DE MELILLA - Viernes 19 de noviembre - Real Club Mar\u00edtimo de Melilla<\/title>\n<meta name=\"description\" content=\"APERTURA COMPLEJO POLIDEPORTIVO DEL REAL CLUB MAR\u00cdTIMO DE MELILLA - Viernes 19 de noviembre -\" \/>\n<meta name=\"robots\" content=\"index, follow, max-snippet:-1, max-image-preview:large, max-video-preview:-1\" \/>\n<link rel=\"canonical\" href=\"https:\/\/www.realclubmaritimomelilla.es\/clmar\/apertura-complejo-polideportivo-del-real-club-maritimo-de-melilla-viernes-19-de-noviembre\/\" \/>\n<meta property=\"og:locale\" content=\"es_ES\" \/>\n<meta property=\"og:type\" content=\"article\" \/>\n<meta property=\"og:title\" content=\"APERTURA COMPLEJO POLIDEPORTIVO DEL REAL CLUB MAR\u00cdTIMO DE MELILLA - Viernes 19 de noviembre - Real Club Mar\u00edtimo de Melilla\" \/>\n<meta property=\"og:description\" content=\"APERTURA COMPLEJO POLIDEPORTIVO DEL REAL CLUB MAR\u00cdTIMO DE MELILLA - Viernes 19 de noviembre -\" \/>\n<meta property=\"og:url\" content=\"https:\/\/www.realclubmaritimomelilla.es\/clmar\/apertura-complejo-polideportivo-del-real-club-maritimo-de-melilla-viernes-19-de-noviembre\/\" \/>\n<meta property=\"og:site_name\" content=\"Real Club Mar\u00edtimo de Melilla\" \/>\n<meta property=\"article:publisher\" content=\"https:\/\/www.facebook.com\/Real-Club-Mar%c3%adtimo-de-Melilla-588495841234214\/\" \/>\n<meta property=\"article:published_time\" content=\"2021-11-18T13:19:33+00:00\" \/>\n<meta property=\"og:image\" content=\"https:\/\/www.realclubmaritimomelilla.es\/clmar\/wp-content\/uploads\/2021\/10\/WhatsApp-Image-2021-10-16-at-11.55.40-10.jpeg\" \/>\n\t<meta property=\"og:image:width\" content=\"1024\" \/>\n\t<meta property=\"og:image:height\" content=\"768\" \/>\n\t<meta property=\"og:image:type\" content=\"image\/jpeg\" \/>\n<meta name=\"author\" content=\"RCMMelilla\" \/>\n<meta name=\"twitter:card\" content=\"summary_large_image\" \/>\n<meta name=\"twitter:creator\" content=\"@nauticarcmm\" \/>\n<meta name=\"twitter:site\" content=\"@nauticarcmm\" \/>\n<meta name=\"twitter:label1\" content=\"Escrito por\" \/>\n\t<meta name=\"twitter:data1\" content=\"RCMMelilla\" \/>\n\t<meta name=\"twitter:label2\" content=\"Tiempo de lectura\" \/>\n\t<meta name=\"twitter:data2\" content=\"2 minutos\" \/>\n<script type=\"application\/ld+json\" class=\"yoast-schema-graph\">{\"@context\":\"https:\\\/\\\/schema.org\",\"@graph\":[{\"@type\":\"Article\",\"@id\":\"https:\\\/\\\/www.realclubmaritimomelilla.es\\\/clmar\\\/apertura-complejo-polideportivo-del-real-club-maritimo-de-melilla-viernes-19-de-noviembre\\\/#article\",\"isPartOf\":{\"@id\":\"https:\\\/\\\/www.realclubmaritimomelilla.es\\\/clmar\\\/apertura-complejo-polideportivo-del-real-club-maritimo-de-melilla-viernes-19-de-noviembre\\\/\"},\"author\":{\"name\":\"RCMMelilla\",\"@id\":\"https:\\\/\\\/www.realclubmaritimomelilla.es\\\/clmar\\\/#\\\/schema\\\/person\\\/ebaa3713496dc6d48c872452e73a8e79\"},\"headline\":\"APERTURA COMPLEJO POLIDEPORTIVO DEL REAL CLUB MAR\u00cdTIMO DE MELILLA &#8211; Viernes 19 de noviembre\",\"datePublished\":\"2021-11-18T13:19:33+00:00\",\"mainEntityOfPage\":{\"@id\":\"https:\\\/\\\/www.realclubmaritimomelilla.es\\\/clmar\\\/apertura-complejo-polideportivo-del-real-club-maritimo-de-melilla-viernes-19-de-noviembre\\\/\"},\"wordCount\":355,\"commentCount\":0,\"publisher\":{\"@id\":\"https:\\\/\\\/www.realclubmaritimomelilla.es\\\/clmar\\\/#organization\"},\"image\":{\"@id\":\"https:\\\/\\\/www.realclubmaritimomelilla.es\\\/clmar\\\/apertura-complejo-polideportivo-del-real-club-maritimo-de-melilla-viernes-19-de-noviembre\\\/#primaryimage\"},\"thumbnailUrl\":\"https:\\\/\\\/www.realclubmaritimomelilla.es\\\/clmar\\\/wp-content\\\/uploads\\\/2021\\\/10\\\/WhatsApp-Image-2021-10-16-at-11.55.40-10.jpeg\",\"articleSection\":[\"Club\"],\"inLanguage\":\"es\",\"potentialAction\":[{\"@type\":\"CommentAction\",\"name\":\"Comment\",\"target\":[\"https:\\\/\\\/www.realclubmaritimomelilla.es\\\/clmar\\\/apertura-complejo-polideportivo-del-real-club-maritimo-de-melilla-viernes-19-de-noviembre\\\/#respond\"]}]},{\"@type\":\"WebPage\",\"@id\":\"https:\\\/\\\/www.realclubmaritimomelilla.es\\\/clmar\\\/apertura-complejo-polideportivo-del-real-club-maritimo-de-melilla-viernes-19-de-noviembre\\\/\",\"url\":\"https:\\\/\\\/www.realclubmaritimomelilla.es\\\/clmar\\\/apertura-complejo-polideportivo-del-real-club-maritimo-de-melilla-viernes-19-de-noviembre\\\/\",\"name\":\"APERTURA COMPLEJO POLIDEPORTIVO DEL REAL CLUB MAR\u00cdTIMO DE MELILLA - Viernes 19 de noviembre - Real Club Mar\u00edtimo de Melilla\",\"isPartOf\":{\"@id\":\"https:\\\/\\\/www.realclubmaritimomelilla.es\\\/clmar\\\/#website\"},\"primaryImageOfPage\":{\"@id\":\"https:\\\/\\\/www.realclubmaritimomelilla.es\\\/clmar\\\/apertura-complejo-polideportivo-del-real-club-maritimo-de-melilla-viernes-19-de-noviembre\\\/#primaryimage\"},\"image\":{\"@id\":\"https:\\\/\\\/www.realclubmaritimomelilla.es\\\/clmar\\\/apertura-complejo-polideportivo-del-real-club-maritimo-de-melilla-viernes-19-de-noviembre\\\/#primaryimage\"},\"thumbnailUrl\":\"https:\\\/\\\/www.realclubmaritimomelilla.es\\\/clmar\\\/wp-content\\\/uploads\\\/2021\\\/10\\\/WhatsApp-Image-2021-10-16-at-11.55.40-10.jpeg\",\"datePublished\":\"2021-11-18T13:19:33+00:00\",\"description\":\"APERTURA COMPLEJO POLIDEPORTIVO DEL REAL CLUB MAR\u00cdTIMO DE MELILLA - Viernes 19 de noviembre -\",\"breadcrumb\":{\"@id\":\"https:\\\/\\\/www.realclubmaritimomelilla.es\\\/clmar\\\/apertura-complejo-polideportivo-del-real-club-maritimo-de-melilla-viernes-19-de-noviembre\\\/#breadcrumb\"},\"inLanguage\":\"es\",\"potentialAction\":[{\"@type\":\"ReadAction\",\"target\":[\"https:\\\/\\\/www.realclubmaritimomelilla.es\\\/clmar\\\/apertura-complejo-polideportivo-del-real-club-maritimo-de-melilla-viernes-19-de-noviembre\\\/\"]}]},{\"@type\":\"ImageObject\",\"inLanguage\":\"es\",\"@id\":\"https:\\\/\\\/www.realclubmaritimomelilla.es\\\/clmar\\\/apertura-complejo-polideportivo-del-real-club-maritimo-de-melilla-viernes-19-de-noviembre\\\/#primaryimage\",\"url\":\"https:\\\/\\\/www.realclubmaritimomelilla.es\\\/clmar\\\/wp-content\\\/uploads\\\/2021\\\/10\\\/WhatsApp-Image-2021-10-16-at-11.55.40-10.jpeg\",\"contentUrl\":\"https:\\\/\\\/www.realclubmaritimomelilla.es\\\/clmar\\\/wp-content\\\/uploads\\\/2021\\\/10\\\/WhatsApp-Image-2021-10-16-at-11.55.40-10.jpeg\",\"width\":1024,\"height\":768},{\"@type\":\"BreadcrumbList\",\"@id\":\"https:\\\/\\\/www.realclubmaritimomelilla.es\\\/clmar\\\/apertura-complejo-polideportivo-del-real-club-maritimo-de-melilla-viernes-19-de-noviembre\\\/#breadcrumb\",\"itemListElement\":[{\"@type\":\"ListItem\",\"position\":1,\"name\":\"Portada\",\"item\":\"https:\\\/\\\/www.realclubmaritimomelilla.es\\\/clmar\\\/\"},{\"@type\":\"ListItem\",\"position\":2,\"name\":\"APERTURA COMPLEJO POLIDEPORTIVO DEL REAL CLUB MAR\u00cdTIMO DE MELILLA &#8211; Viernes 19 de noviembre\"}]},{\"@type\":\"WebSite\",\"@id\":\"https:\\\/\\\/www.realclubmaritimomelilla.es\\\/clmar\\\/#website\",\"url\":\"https:\\\/\\\/www.realclubmaritimomelilla.es\\\/clmar\\\/\",\"name\":\"Real Club Mar\u00edtimo de Melilla\",\"description\":\"RCMM\",\"publisher\":{\"@id\":\"https:\\\/\\\/www.realclubmaritimomelilla.es\\\/clmar\\\/#organization\"},\"alternateName\":\"RCMM\",\"potentialAction\":[{\"@type\":\"SearchAction\",\"target\":{\"@type\":\"EntryPoint\",\"urlTemplate\":\"https:\\\/\\\/www.realclubmaritimomelilla.es\\\/clmar\\\/?s={search_term_string}\"},\"query-input\":{\"@type\":\"PropertyValueSpecification\",\"valueRequired\":true,\"valueName\":\"search_term_string\"}}],\"inLanguage\":\"es\"},{\"@type\":\"Organization\",\"@id\":\"https:\\\/\\\/www.realclubmaritimomelilla.es\\\/clmar\\\/#organization\",\"name\":\"Real Club Mar\u00edtimo de Melilla\",\"alternateName\":\"RCMM\",\"url\":\"https:\\\/\\\/www.realclubmaritimomelilla.es\\\/clmar\\\/\",\"logo\":{\"@type\":\"ImageObject\",\"inLanguage\":\"es\",\"@id\":\"https:\\\/\\\/www.realclubmaritimomelilla.es\\\/clmar\\\/#\\\/schema\\\/logo\\\/image\\\/\",\"url\":\"https:\\\/\\\/www.realclubmaritimomelilla.es\\\/clmar\\\/wp-content\\\/uploads\\\/logo-club-original-copia.jpg\",\"contentUrl\":\"https:\\\/\\\/www.realclubmaritimomelilla.es\\\/clmar\\\/wp-content\\\/uploads\\\/logo-club-original-copia.jpg\",\"width\":128,\"height\":89,\"caption\":\"Real Club Mar\u00edtimo de Melilla\"},\"image\":{\"@id\":\"https:\\\/\\\/www.realclubmaritimomelilla.es\\\/clmar\\\/#\\\/schema\\\/logo\\\/image\\\/\"},\"sameAs\":[\"https:\\\/\\\/www.facebook.com\\\/Real-Club-Mar\u00edtimo-de-Melilla-588495841234214\\\/\",\"https:\\\/\\\/x.com\\\/nauticarcmm\",\"https:\\\/\\\/www.instagram.com\\\/club_maritimo_melilla\\\/\",\"https:\\\/\\\/www.youtube.com\\\/@realclubmaritimodemelilla4703\",\"https:\\\/\\\/es.wikipedia.org\\\/wiki\\\/Real_Club_Mar\u00edtimo_de_Melilla\"]},{\"@type\":\"Person\",\"@id\":\"https:\\\/\\\/www.realclubmaritimomelilla.es\\\/clmar\\\/#\\\/schema\\\/person\\\/ebaa3713496dc6d48c872452e73a8e79\",\"name\":\"RCMMelilla\",\"image\":{\"@type\":\"ImageObject\",\"inLanguage\":\"es\",\"@id\":\"https:\\\/\\\/secure.gravatar.com\\\/avatar\\\/df1c24789360fb9308735c4ee556fc2bc5bf924bf01e53043b8b97ba272da33c?s=96&d=mm&r=g\",\"url\":\"https:\\\/\\\/secure.gravatar.com\\\/avatar\\\/df1c24789360fb9308735c4ee556fc2bc5bf924bf01e53043b8b97ba272da33c?s=96&d=mm&r=g\",\"contentUrl\":\"https:\\\/\\\/secure.gravatar.com\\\/avatar\\\/df1c24789360fb9308735c4ee556fc2bc5bf924bf01e53043b8b97ba272da33c?s=96&d=mm&r=g\",\"caption\":\"RCMMelilla\"}}]}<\/script>\n<!-- \/ Yoast SEO plugin. -->","yoast_head_json":{"title":"APERTURA COMPLEJO POLIDEPORTIVO DEL REAL CLUB MAR\u00cdTIMO DE MELILLA - Viernes 19 de noviembre - Real Club Mar\u00edtimo de Melilla","description":"APERTURA COMPLEJO POLIDEPORTIVO DEL REAL CLUB MAR\u00cdTIMO DE MELILLA - Viernes 19 de noviembre -","robots":{"index":"index","follow":"follow","max-snippet":"max-snippet:-1","max-image-preview":"max-image-preview:large","max-video-preview":"max-video-preview:-1"},"canonical":"https:\/\/www.realclubmaritimomelilla.es\/clmar\/apertura-complejo-polideportivo-del-real-club-maritimo-de-melilla-viernes-19-de-noviembre\/","og_locale":"es_ES","og_type":"article","og_title":"APERTURA COMPLEJO POLIDEPORTIVO DEL REAL CLUB MAR\u00cdTIMO DE MELILLA - Viernes 19 de noviembre - Real Club Mar\u00edtimo de Melilla","og_description":"APERTURA COMPLEJO POLIDEPORTIVO DEL REAL CLUB MAR\u00cdTIMO DE MELILLA - Viernes 19 de noviembre -","og_url":"https:\/\/www.realclubmaritimomelilla.es\/clmar\/apertura-complejo-polideportivo-del-real-club-maritimo-de-melilla-viernes-19-de-noviembre\/","og_site_name":"Real Club Mar\u00edtimo de Melilla","article_publisher":"https:\/\/www.facebook.com\/Real-Club-Mar%c3%adtimo-de-Melilla-588495841234214\/","article_published_time":"2021-11-18T13:19:33+00:00","og_image":[{"width":1024,"height":768,"url":"https:\/\/www.realclubmaritimomelilla.es\/clmar\/wp-content\/uploads\/2021\/10\/WhatsApp-Image-2021-10-16-at-11.55.40-10.jpeg","type":"image\/jpeg"}],"author":"RCMMelilla","twitter_card":"summary_large_image","twitter_creator":"@nauticarcmm","twitter_site":"@nauticarcmm","twitter_misc":{"Escrito por":"RCMMelilla","Tiempo de lectura":"2 minutos"},"schema":{"@context":"https:\/\/schema.org","@graph":[{"@type":"Article","@id":"https:\/\/www.realclubmaritimomelilla.es\/clmar\/apertura-complejo-polideportivo-del-real-club-maritimo-de-melilla-viernes-19-de-noviembre\/#article","isPartOf":{"@id":"https:\/\/www.realclubmaritimomelilla.es\/clmar\/apertura-complejo-polideportivo-del-real-club-maritimo-de-melilla-viernes-19-de-noviembre\/"},"author":{"name":"RCMMelilla","@id":"https:\/\/www.realclubmaritimomelilla.es\/clmar\/#\/schema\/person\/ebaa3713496dc6d48c872452e73a8e79"},"headline":"APERTURA COMPLEJO POLIDEPORTIVO DEL REAL CLUB MAR\u00cdTIMO DE MELILLA &#8211; Viernes 19 de noviembre","datePublished":"2021-11-18T13:19:33+00:00","mainEntityOfPage":{"@id":"https:\/\/www.realclubmaritimomelilla.es\/clmar\/apertura-complejo-polideportivo-del-real-club-maritimo-de-melilla-viernes-19-de-noviembre\/"},"wordCount":355,"commentCount":0,"publisher":{"@id":"https:\/\/www.realclubmaritimomelilla.es\/clmar\/#organization"},"image":{"@id":"https:\/\/www.realclubmaritimomelilla.es\/clmar\/apertura-complejo-polideportivo-del-real-club-maritimo-de-melilla-viernes-19-de-noviembre\/#primaryimage"},"thumbnailUrl":"https:\/\/www.realclubmaritimomelilla.es\/clmar\/wp-content\/uploads\/2021\/10\/WhatsApp-Image-2021-10-16-at-11.55.40-10.jpeg","articleSection":["Club"],"inLanguage":"es","potentialAction":[{"@type":"CommentAction","name":"Comment","target":["https:\/\/www.realclubmaritimomelilla.es\/clmar\/apertura-complejo-polideportivo-del-real-club-maritimo-de-melilla-viernes-19-de-noviembre\/#respond"]}]},{"@type":"WebPage","@id":"https:\/\/www.realclubmaritimomelilla.es\/clmar\/apertura-complejo-polideportivo-del-real-club-maritimo-de-melilla-viernes-19-de-noviembre\/","url":"https:\/\/www.realclubmaritimomelilla.es\/clmar\/apertura-complejo-polideportivo-del-real-club-maritimo-de-melilla-viernes-19-de-noviembre\/","name":"APERTURA COMPLEJO POLIDEPORTIVO DEL REAL CLUB MAR\u00cdTIMO DE MELILLA - Viernes 19 de noviembre - Real Club Mar\u00edtimo de Melilla","isPartOf":{"@id":"https:\/\/www.realclubmaritimomelilla.es\/clmar\/#website"},"primaryImageOfPage":{"@id":"https:\/\/www.realclubmaritimomelilla.es\/clmar\/apertura-complejo-polideportivo-del-real-club-maritimo-de-melilla-viernes-19-de-noviembre\/#primaryimage"},"image":{"@id":"https:\/\/www.realclubmaritimomelilla.es\/clmar\/apertura-complejo-polideportivo-del-real-club-maritimo-de-melilla-viernes-19-de-noviembre\/#primaryimage"},"thumbnailUrl":"https:\/\/www.realclubmaritimomelilla.es\/clmar\/wp-content\/uploads\/2021\/10\/WhatsApp-Image-2021-10-16-at-11.55.40-10.jpeg","datePublished":"2021-11-18T13:19:33+00:00","description":"APERTURA COMPLEJO POLIDEPORTIVO DEL REAL CLUB MAR\u00cdTIMO DE MELILLA - Viernes 19 de noviembre -","breadcrumb":{"@id":"https:\/\/www.realclubmaritimomelilla.es\/clmar\/apertura-complejo-polideportivo-del-real-club-maritimo-de-melilla-viernes-19-de-noviembre\/#breadcrumb"},"inLanguage":"es","potentialAction":[{"@type":"ReadAction","target":["https:\/\/www.realclubmaritimomelilla.es\/clmar\/apertura-complejo-polideportivo-del-real-club-maritimo-de-melilla-viernes-19-de-noviembre\/"]}]},{"@type":"ImageObject","inLanguage":"es","@id":"https:\/\/www.realclubmaritimomelilla.es\/clmar\/apertura-complejo-polideportivo-del-real-club-maritimo-de-melilla-viernes-19-de-noviembre\/#primaryimage","url":"https:\/\/www.realclubmaritimomelilla.es\/clmar\/wp-content\/uploads\/2021\/10\/WhatsApp-Image-2021-10-16-at-11.55.40-10.jpeg","contentUrl":"https:\/\/www.realclubmaritimomelilla.es\/clmar\/wp-content\/uploads\/2021\/10\/WhatsApp-Image-2021-10-16-at-11.55.40-10.jpeg","width":1024,"height":768},{"@type":"BreadcrumbList","@id":"https:\/\/www.realclubmaritimomelilla.es\/clmar\/apertura-complejo-polideportivo-del-real-club-maritimo-de-melilla-viernes-19-de-noviembre\/#breadcrumb","itemListElement":[{"@type":"ListItem","position":1,"name":"Portada","item":"https:\/\/www.realclubmaritimomelilla.es\/clmar\/"},{"@type":"ListItem","position":2,"name":"APERTURA COMPLEJO POLIDEPORTIVO DEL REAL CLUB MAR\u00cdTIMO DE MELILLA &#8211; Viernes 19 de noviembre"}]},{"@type":"WebSite","@id":"https:\/\/www.realclubmaritimomelilla.es\/clmar\/#website","url":"https:\/\/www.realclubmaritimomelilla.es\/clmar\/","name":"Real Club Mar\u00edtimo de Melilla","description":"RCMM","publisher":{"@id":"https:\/\/www.realclubmaritimomelilla.es\/clmar\/#organization"},"alternateName":"RCMM","potentialAction":[{"@type":"SearchAction","target":{"@type":"EntryPoint","urlTemplate":"https:\/\/www.realclubmaritimomelilla.es\/clmar\/?s={search_term_string}"},"query-input":{"@type":"PropertyValueSpecification","valueRequired":true,"valueName":"search_term_string"}}],"inLanguage":"es"},{"@type":"Organization","@id":"https:\/\/www.realclubmaritimomelilla.es\/clmar\/#organization","name":"Real Club Mar\u00edtimo de Melilla","alternateName":"RCMM","url":"https:\/\/www.realclubmaritimomelilla.es\/clmar\/","logo":{"@type":"ImageObject","inLanguage":"es","@id":"https:\/\/www.realclubmaritimomelilla.es\/clmar\/#\/schema\/logo\/image\/","url":"https:\/\/www.realclubmaritimomelilla.es\/clmar\/wp-content\/uploads\/logo-club-original-copia.jpg","contentUrl":"https:\/\/www.realclubmaritimomelilla.es\/clmar\/wp-content\/uploads\/logo-club-original-copia.jpg","width":128,"height":89,"caption":"Real Club Mar\u00edtimo de Melilla"},"image":{"@id":"https:\/\/www.realclubmaritimomelilla.es\/clmar\/#\/schema\/logo\/image\/"},"sameAs":["https:\/\/www.facebook.com\/Real-Club-Mar\u00edtimo-de-Melilla-588495841234214\/","https:\/\/x.com\/nauticarcmm","https:\/\/www.instagram.com\/club_maritimo_melilla\/","https:\/\/www.youtube.com\/@realclubmaritimodemelilla4703","https:\/\/es.wikipedia.org\/wiki\/Real_Club_Mar\u00edtimo_de_Melilla"]},{"@type":"Person","@id":"https:\/\/www.realclubmaritimomelilla.es\/clmar\/#\/schema\/person\/ebaa3713496dc6d48c872452e73a8e79","name":"RCMMelilla","image":{"@type":"ImageObject","inLanguage":"es","@id":"https:\/\/secure.gravatar.com\/avatar\/df1c24789360fb9308735c4ee556fc2bc5bf924bf01e53043b8b97ba272da33c?s=96&d=mm&r=g","url":"https:\/\/secure.gravatar.com\/avatar\/df1c24789360fb9308735c4ee556fc2bc5bf924bf01e53043b8b97ba272da33c?s=96&d=mm&r=g","contentUrl":"https:\/\/secure.gravatar.com\/avatar\/df1c24789360fb9308735c4ee556fc2bc5bf924bf01e53043b8b97ba272da33c?s=96&d=mm&r=g","caption":"RCMMelilla"}}]}},"_links":{"self":[{"href":"https:\/\/www.realclubmaritimomelilla.es\/clmar\/wp-json\/wp\/v2\/posts\/16510","targetHints":{"allow":["GET"]}}],"collection":[{"href":"https:\/\/www.realclubmaritimomelilla.es\/clmar\/wp-json\/wp\/v2\/posts"}],"about":[{"href":"https:\/\/www.realclubmaritimomelilla.es\/clmar\/wp-json\/wp\/v2\/types\/post"}],"author":[{"embeddable":true,"href":"https:\/\/www.realclubmaritimomelilla.es\/clmar\/wp-json\/wp\/v2\/users\/1"}],"replies":[{"embeddable":true,"href":"https:\/\/www.realclubmaritimomelilla.es\/clmar\/wp-json\/wp\/v2\/comments?post=16510"}],"version-history":[{"count":1,"href":"https:\/\/www.realclubmaritimomelilla.es\/clmar\/wp-json\/wp\/v2\/posts\/16510\/revisions"}],"predecessor-version":[{"id":16511,"href":"https:\/\/www.realclubmaritimomelilla.es\/clmar\/wp-json\/wp\/v2\/posts\/16510\/revisions\/16511"}],"wp:featuredmedia":[{"embeddable":true,"href":"https:\/\/www.realclubmaritimomelilla.es\/clmar\/wp-json\/wp\/v2\/media\/16411"}],"wp:attachment":[{"href":"https:\/\/www.realclubmaritimomelilla.es\/clmar\/wp-json\/wp\/v2\/media?parent=16510"}],"wp:term":[{"taxonomy":"category","embeddable":true,"href":"https:\/\/www.realclubmaritimomelilla.es\/clmar\/wp-json\/wp\/v2\/categories?post=16510"},{"taxonomy":"post_tag","embeddable":true,"href":"https:\/\/www.realclubmaritimomelilla.es\/clmar\/wp-json\/wp\/v2\/tags?post=16510"}],"curies":[{"name":"wp","href":"https:\/\/api.w.org\/{rel}","templated":true}]}}