{"id":15562,"date":"2020-04-28T19:39:04","date_gmt":"2020-04-28T17:39:04","guid":{"rendered":"http:\/\/www.clubmaritimomelilla.es\/clmar\/?p=15141"},"modified":"2021-07-20T11:38:50","modified_gmt":"2021-07-20T09:38:50","slug":"los-regatistas-del-club-maritimo-se-quedan-a-las-puertas-de-entrar-en-la-medal-race-en-la-i-regata-virtual-de-la-aecn","status":"publish","type":"post","link":"https:\/\/www.realclubmaritimomelilla.es\/clmar\/los-regatistas-del-club-maritimo-se-quedan-a-las-puertas-de-entrar-en-la-medal-race-en-la-i-regata-virtual-de-la-aecn\/","title":{"rendered":"LOS REGATISTAS DEL CLUB MAR\u00cdTIMO SE QUEDAN A LAS PUERTAS DE ENTRAR EN LA &#8216;MEDAL RACE&#8217; EN LA I REGATA VIRTUAL DE LA AECN"},"content":{"rendered":"<p>El t\u00edtulo de campe\u00f3n sub18 de la I Regata Virtual de la Asociaci\u00f3n Espa\u00f1ola de Clubes N\u00e1uticos (AECN) ha viajado hasta Canarias, de la mano de Ian Hopkins del Real Club N\u00e1utico de Gran Canaria.<br \/>\nLa organizaci\u00f3n del evento, este a\u00f1o, corresponde al Real Club Mar\u00edtimo de Melilla. Una labor que coordinan Fidel Mart\u00ednez y Yasir Mohamed, con la colaboraci\u00f3n de otros miembros del Comit\u00e9 repartidos por distintos puntos de la geograf\u00eda nacional.&nbsp;<\/p>\n<p>Este martes, se ha disputado la segunda jornada de competici\u00f3n online para los regatistas menores de 18 a\u00f1os. Se han disputado tres pruebas en esta fase final, adem\u00e1s de la &#8216;Medal Race&#8217; manga final con valor doble y que ha permitido al canario Ian Hopkins &nbsp;hacerse con la victoria. La segunda posici\u00f3n ha sido para Jordi Llado&nbsp;(RCN Valencia) y tercero Xavier Garc\u00eda (RCN Palma).<br \/>\nLos tres representantes del Real Club Mar\u00edtimo de Melilla (RCMM) que llegaba este martes a la fase final, Azul S\u00e1nchez, Carlos Cervilla y Andr\u00e9s Sarri\u00e1 no han conseguido clasificarse entre los diez primeros y disputar la &#8216;Medal Race&#8217;. Sin embargo, han conseguido evitar los \u00faltimos puestos y han acabo entre los veinte primeros de este primer campeonato virtual entre los regatistas sub18&nbsp;de la AECN.<br \/>\nDurante la fase final, los tres regatistas del RCMM&nbsp;han quedado encuadrados en el grupo Amarillo. Carlos Cervilla ha sido el mejor de los melillenses en esta competici\u00f3n, logrando mantener el mismo puesto del d\u00eda anterior y finalizar en la posici\u00f3n d\u00e9cimo sexta. Hoy su mejor parcial ha sido un tercer puesto en la tercera prueba.<br \/>\nAndr\u00e9s Sarri\u00e1 ha concluido en el puesto d\u00e9cimo s\u00e9ptimo, mejorando su posici\u00f3n de este lunes. Su mejor parcial, cuarto en la primera prueba. Mientras que Azul S\u00e1nchez ha recuperado hoy nuevo posiciones para acabar d\u00e9cimo novena. Hoy su mejor puesto ha sido un s\u00e9ptimo en la segunda prueba.<br \/>\nESTE MI\u00c9RCOLES ENTRA EN JUEGO LA CATEGOR\u00cdA ABSOLUTA<br \/>\nLos regatistas de la clase absoluta recogen el testigo de los juveniles para disputar el t\u00edtulo hasta el jueves.<br \/>\nLas normas de competici\u00f3n se mantienen y cada uno de los quince clubes participantes presentan a cuatro regatistas. En el caso del Real Club Mar\u00edtimo de Melilla los elegidos son: Yasir Mohamed, Miguel \u00c1ngel Due\u00f1as, Francisco Ben\u00edtez e Hicham Mohamed.&nbsp;<img decoding=\"async\" src=\"http:\/\/www.clubmaritimomelilla.es\/clmar\/wp-content\/uploads\/2020\/04\/Organizaci\u00f3nn2.jpeg\" alt=\"\" class=\"aligncenter size-full wp-image-15142\" width=\"1600\" height=\"1200\"><\/p>\n","protected":false},"excerpt":{"rendered":"<p>El t\u00edtulo de campe\u00f3n sub18 de la I Regata Virtual de la Asociaci\u00f3n Espa\u00f1ola de Clubes N\u00e1uticos (AECN) ha viajado hasta Canarias, de la mano de Ian Hopkins del Real Club N\u00e1utico de Gran Canaria. La organizaci\u00f3n del evento, este a\u00f1o, corresponde al Real Club Mar\u00edtimo de Melilla. Una labor que coordinan Fidel Mart\u00ednez y [&hellip;]<\/p>\n","protected":false},"author":1,"featured_media":15491,"comment_status":"open","ping_status":"open","sticky":false,"template":"","format":"standard","meta":{"_acf_changed":false,"footnotes":""},"categories":[38],"tags":[],"class_list":["post-15562","post","type-post","status-publish","format-standard","has-post-thumbnail","hentry","category-nautica"],"acf":[],"yoast_head":"<!-- This site is optimized with the Yoast SEO plugin v27.5 - https:\/\/yoast.com\/product\/yoast-seo-wordpress\/ -->\n<title>LOS REGATISTAS DEL CLUB MAR\u00cdTIMO SE QUEDAN A LAS PUERTAS DE ENTRAR EN LA &#039;MEDAL RACE&#039; EN LA I REGATA VIRTUAL DE LA AECN - Real Club Mar\u00edtimo de Melilla<\/title>\n<meta name=\"description\" content=\"LOS REGATISTAS DEL CLUB MAR\u00cdTIMO SE QUEDAN A LAS PUERTAS DE ENTRAR EN LA &#039;MEDAL RACE&#039; EN LA I REGATA VIRTUAL DE LA AECN -\" \/>\n<meta name=\"robots\" content=\"index, follow, max-snippet:-1, max-image-preview:large, max-video-preview:-1\" \/>\n<link rel=\"canonical\" href=\"https:\/\/www.realclubmaritimomelilla.es\/clmar\/los-regatistas-del-club-maritimo-se-quedan-a-las-puertas-de-entrar-en-la-medal-race-en-la-i-regata-virtual-de-la-aecn\/\" \/>\n<meta property=\"og:locale\" content=\"es_ES\" \/>\n<meta property=\"og:type\" content=\"article\" \/>\n<meta property=\"og:title\" content=\"LOS REGATISTAS DEL CLUB MAR\u00cdTIMO SE QUEDAN A LAS PUERTAS DE ENTRAR EN LA &#039;MEDAL RACE&#039; EN LA I REGATA VIRTUAL DE LA AECN - Real Club Mar\u00edtimo de Melilla\" \/>\n<meta property=\"og:description\" content=\"LOS REGATISTAS DEL CLUB MAR\u00cdTIMO SE QUEDAN A LAS PUERTAS DE ENTRAR EN LA &#039;MEDAL RACE&#039; EN LA I REGATA VIRTUAL DE LA AECN -\" \/>\n<meta property=\"og:url\" content=\"https:\/\/www.realclubmaritimomelilla.es\/clmar\/los-regatistas-del-club-maritimo-se-quedan-a-las-puertas-de-entrar-en-la-medal-race-en-la-i-regata-virtual-de-la-aecn\/\" \/>\n<meta property=\"og:site_name\" content=\"Real Club Mar\u00edtimo de Melilla\" \/>\n<meta property=\"article:publisher\" content=\"https:\/\/www.facebook.com\/Real-Club-Mar%c3%adtimo-de-Melilla-588495841234214\/\" \/>\n<meta property=\"article:published_time\" content=\"2020-04-28T17:39:04+00:00\" \/>\n<meta property=\"article:modified_time\" content=\"2021-07-20T09:38:50+00:00\" \/>\n<meta property=\"og:image\" content=\"https:\/\/www.realclubmaritimomelilla.es\/clmar\/wp-content\/uploads\/2020\/04\/Organizaci\u00f3nn2-3.jpeg\" \/>\n\t<meta property=\"og:image:width\" content=\"1600\" \/>\n\t<meta property=\"og:image:height\" content=\"1200\" \/>\n\t<meta property=\"og:image:type\" content=\"image\/jpeg\" \/>\n<meta name=\"author\" content=\"RCMMelilla\" \/>\n<meta name=\"twitter:card\" content=\"summary_large_image\" \/>\n<meta name=\"twitter:creator\" content=\"@nauticarcmm\" \/>\n<meta name=\"twitter:site\" content=\"@nauticarcmm\" \/>\n<meta name=\"twitter:label1\" content=\"Escrito por\" \/>\n\t<meta name=\"twitter:data1\" content=\"RCMMelilla\" \/>\n\t<meta name=\"twitter:label2\" content=\"Tiempo de lectura\" \/>\n\t<meta name=\"twitter:data2\" content=\"2 minutos\" \/>\n<script type=\"application\/ld+json\" class=\"yoast-schema-graph\">{\"@context\":\"https:\\\/\\\/schema.org\",\"@graph\":[{\"@type\":\"Article\",\"@id\":\"https:\\\/\\\/www.realclubmaritimomelilla.es\\\/clmar\\\/los-regatistas-del-club-maritimo-se-quedan-a-las-puertas-de-entrar-en-la-medal-race-en-la-i-regata-virtual-de-la-aecn\\\/#article\",\"isPartOf\":{\"@id\":\"https:\\\/\\\/www.realclubmaritimomelilla.es\\\/clmar\\\/los-regatistas-del-club-maritimo-se-quedan-a-las-puertas-de-entrar-en-la-medal-race-en-la-i-regata-virtual-de-la-aecn\\\/\"},\"author\":{\"name\":\"RCMMelilla\",\"@id\":\"https:\\\/\\\/www.realclubmaritimomelilla.es\\\/clmar\\\/#\\\/schema\\\/person\\\/ebaa3713496dc6d48c872452e73a8e79\"},\"headline\":\"LOS REGATISTAS DEL CLUB MAR\u00cdTIMO SE QUEDAN A LAS PUERTAS DE ENTRAR EN LA &#8216;MEDAL RACE&#8217; EN LA I REGATA VIRTUAL DE LA AECN\",\"datePublished\":\"2020-04-28T17:39:04+00:00\",\"dateModified\":\"2021-07-20T09:38:50+00:00\",\"mainEntityOfPage\":{\"@id\":\"https:\\\/\\\/www.realclubmaritimomelilla.es\\\/clmar\\\/los-regatistas-del-club-maritimo-se-quedan-a-las-puertas-de-entrar-en-la-medal-race-en-la-i-regata-virtual-de-la-aecn\\\/\"},\"wordCount\":442,\"commentCount\":0,\"publisher\":{\"@id\":\"https:\\\/\\\/www.realclubmaritimomelilla.es\\\/clmar\\\/#organization\"},\"image\":{\"@id\":\"https:\\\/\\\/www.realclubmaritimomelilla.es\\\/clmar\\\/los-regatistas-del-club-maritimo-se-quedan-a-las-puertas-de-entrar-en-la-medal-race-en-la-i-regata-virtual-de-la-aecn\\\/#primaryimage\"},\"thumbnailUrl\":\"https:\\\/\\\/www.realclubmaritimomelilla.es\\\/clmar\\\/wp-content\\\/uploads\\\/2020\\\/04\\\/Organizaci\u00f3nn2-3.jpeg\",\"articleSection\":[\"N\u00e1utica\"],\"inLanguage\":\"es\",\"potentialAction\":[{\"@type\":\"CommentAction\",\"name\":\"Comment\",\"target\":[\"https:\\\/\\\/www.realclubmaritimomelilla.es\\\/clmar\\\/los-regatistas-del-club-maritimo-se-quedan-a-las-puertas-de-entrar-en-la-medal-race-en-la-i-regata-virtual-de-la-aecn\\\/#respond\"]}]},{\"@type\":\"WebPage\",\"@id\":\"https:\\\/\\\/www.realclubmaritimomelilla.es\\\/clmar\\\/los-regatistas-del-club-maritimo-se-quedan-a-las-puertas-de-entrar-en-la-medal-race-en-la-i-regata-virtual-de-la-aecn\\\/\",\"url\":\"https:\\\/\\\/www.realclubmaritimomelilla.es\\\/clmar\\\/los-regatistas-del-club-maritimo-se-quedan-a-las-puertas-de-entrar-en-la-medal-race-en-la-i-regata-virtual-de-la-aecn\\\/\",\"name\":\"LOS REGATISTAS DEL CLUB MAR\u00cdTIMO SE QUEDAN A LAS PUERTAS DE ENTRAR EN LA 'MEDAL RACE' EN LA I REGATA VIRTUAL DE LA AECN - Real Club Mar\u00edtimo de Melilla\",\"isPartOf\":{\"@id\":\"https:\\\/\\\/www.realclubmaritimomelilla.es\\\/clmar\\\/#website\"},\"primaryImageOfPage\":{\"@id\":\"https:\\\/\\\/www.realclubmaritimomelilla.es\\\/clmar\\\/los-regatistas-del-club-maritimo-se-quedan-a-las-puertas-de-entrar-en-la-medal-race-en-la-i-regata-virtual-de-la-aecn\\\/#primaryimage\"},\"image\":{\"@id\":\"https:\\\/\\\/www.realclubmaritimomelilla.es\\\/clmar\\\/los-regatistas-del-club-maritimo-se-quedan-a-las-puertas-de-entrar-en-la-medal-race-en-la-i-regata-virtual-de-la-aecn\\\/#primaryimage\"},\"thumbnailUrl\":\"https:\\\/\\\/www.realclubmaritimomelilla.es\\\/clmar\\\/wp-content\\\/uploads\\\/2020\\\/04\\\/Organizaci\u00f3nn2-3.jpeg\",\"datePublished\":\"2020-04-28T17:39:04+00:00\",\"dateModified\":\"2021-07-20T09:38:50+00:00\",\"description\":\"LOS REGATISTAS DEL CLUB MAR\u00cdTIMO SE QUEDAN A LAS PUERTAS DE ENTRAR EN LA 'MEDAL RACE' EN LA I REGATA VIRTUAL DE LA AECN -\",\"breadcrumb\":{\"@id\":\"https:\\\/\\\/www.realclubmaritimomelilla.es\\\/clmar\\\/los-regatistas-del-club-maritimo-se-quedan-a-las-puertas-de-entrar-en-la-medal-race-en-la-i-regata-virtual-de-la-aecn\\\/#breadcrumb\"},\"inLanguage\":\"es\",\"potentialAction\":[{\"@type\":\"ReadAction\",\"target\":[\"https:\\\/\\\/www.realclubmaritimomelilla.es\\\/clmar\\\/los-regatistas-del-club-maritimo-se-quedan-a-las-puertas-de-entrar-en-la-medal-race-en-la-i-regata-virtual-de-la-aecn\\\/\"]}]},{\"@type\":\"ImageObject\",\"inLanguage\":\"es\",\"@id\":\"https:\\\/\\\/www.realclubmaritimomelilla.es\\\/clmar\\\/los-regatistas-del-club-maritimo-se-quedan-a-las-puertas-de-entrar-en-la-medal-race-en-la-i-regata-virtual-de-la-aecn\\\/#primaryimage\",\"url\":\"https:\\\/\\\/www.realclubmaritimomelilla.es\\\/clmar\\\/wp-content\\\/uploads\\\/2020\\\/04\\\/Organizaci\u00f3nn2-3.jpeg\",\"contentUrl\":\"https:\\\/\\\/www.realclubmaritimomelilla.es\\\/clmar\\\/wp-content\\\/uploads\\\/2020\\\/04\\\/Organizaci\u00f3nn2-3.jpeg\",\"width\":1600,\"height\":1200},{\"@type\":\"BreadcrumbList\",\"@id\":\"https:\\\/\\\/www.realclubmaritimomelilla.es\\\/clmar\\\/los-regatistas-del-club-maritimo-se-quedan-a-las-puertas-de-entrar-en-la-medal-race-en-la-i-regata-virtual-de-la-aecn\\\/#breadcrumb\",\"itemListElement\":[{\"@type\":\"ListItem\",\"position\":1,\"name\":\"Portada\",\"item\":\"https:\\\/\\\/www.realclubmaritimomelilla.es\\\/clmar\\\/\"},{\"@type\":\"ListItem\",\"position\":2,\"name\":\"LOS REGATISTAS DEL CLUB MAR\u00cdTIMO SE QUEDAN A LAS PUERTAS DE ENTRAR EN LA &#8216;MEDAL RACE&#8217; EN LA I REGATA VIRTUAL DE LA AECN\"}]},{\"@type\":\"WebSite\",\"@id\":\"https:\\\/\\\/www.realclubmaritimomelilla.es\\\/clmar\\\/#website\",\"url\":\"https:\\\/\\\/www.realclubmaritimomelilla.es\\\/clmar\\\/\",\"name\":\"Real Club Mar\u00edtimo de Melilla\",\"description\":\"RCMM\",\"publisher\":{\"@id\":\"https:\\\/\\\/www.realclubmaritimomelilla.es\\\/clmar\\\/#organization\"},\"alternateName\":\"RCMM\",\"potentialAction\":[{\"@type\":\"SearchAction\",\"target\":{\"@type\":\"EntryPoint\",\"urlTemplate\":\"https:\\\/\\\/www.realclubmaritimomelilla.es\\\/clmar\\\/?s={search_term_string}\"},\"query-input\":{\"@type\":\"PropertyValueSpecification\",\"valueRequired\":true,\"valueName\":\"search_term_string\"}}],\"inLanguage\":\"es\"},{\"@type\":\"Organization\",\"@id\":\"https:\\\/\\\/www.realclubmaritimomelilla.es\\\/clmar\\\/#organization\",\"name\":\"Real Club Mar\u00edtimo de Melilla\",\"alternateName\":\"RCMM\",\"url\":\"https:\\\/\\\/www.realclubmaritimomelilla.es\\\/clmar\\\/\",\"logo\":{\"@type\":\"ImageObject\",\"inLanguage\":\"es\",\"@id\":\"https:\\\/\\\/www.realclubmaritimomelilla.es\\\/clmar\\\/#\\\/schema\\\/logo\\\/image\\\/\",\"url\":\"https:\\\/\\\/www.realclubmaritimomelilla.es\\\/clmar\\\/wp-content\\\/uploads\\\/logo-club-original-copia.jpg\",\"contentUrl\":\"https:\\\/\\\/www.realclubmaritimomelilla.es\\\/clmar\\\/wp-content\\\/uploads\\\/logo-club-original-copia.jpg\",\"width\":128,\"height\":89,\"caption\":\"Real Club Mar\u00edtimo de Melilla\"},\"image\":{\"@id\":\"https:\\\/\\\/www.realclubmaritimomelilla.es\\\/clmar\\\/#\\\/schema\\\/logo\\\/image\\\/\"},\"sameAs\":[\"https:\\\/\\\/www.facebook.com\\\/Real-Club-Mar\u00edtimo-de-Melilla-588495841234214\\\/\",\"https:\\\/\\\/x.com\\\/nauticarcmm\",\"https:\\\/\\\/www.instagram.com\\\/club_maritimo_melilla\\\/\",\"https:\\\/\\\/www.youtube.com\\\/@realclubmaritimodemelilla4703\",\"https:\\\/\\\/es.wikipedia.org\\\/wiki\\\/Real_Club_Mar\u00edtimo_de_Melilla\"]},{\"@type\":\"Person\",\"@id\":\"https:\\\/\\\/www.realclubmaritimomelilla.es\\\/clmar\\\/#\\\/schema\\\/person\\\/ebaa3713496dc6d48c872452e73a8e79\",\"name\":\"RCMMelilla\",\"image\":{\"@type\":\"ImageObject\",\"inLanguage\":\"es\",\"@id\":\"https:\\\/\\\/secure.gravatar.com\\\/avatar\\\/df1c24789360fb9308735c4ee556fc2bc5bf924bf01e53043b8b97ba272da33c?s=96&d=mm&r=g\",\"url\":\"https:\\\/\\\/secure.gravatar.com\\\/avatar\\\/df1c24789360fb9308735c4ee556fc2bc5bf924bf01e53043b8b97ba272da33c?s=96&d=mm&r=g\",\"contentUrl\":\"https:\\\/\\\/secure.gravatar.com\\\/avatar\\\/df1c24789360fb9308735c4ee556fc2bc5bf924bf01e53043b8b97ba272da33c?s=96&d=mm&r=g\",\"caption\":\"RCMMelilla\"}}]}<\/script>\n<!-- \/ Yoast SEO plugin. -->","yoast_head_json":{"title":"LOS REGATISTAS DEL CLUB MAR\u00cdTIMO SE QUEDAN A LAS PUERTAS DE ENTRAR EN LA 'MEDAL RACE' EN LA I REGATA VIRTUAL DE LA AECN - Real Club Mar\u00edtimo de Melilla","description":"LOS REGATISTAS DEL CLUB MAR\u00cdTIMO SE QUEDAN A LAS PUERTAS DE ENTRAR EN LA 'MEDAL RACE' EN LA I REGATA VIRTUAL DE LA AECN -","robots":{"index":"index","follow":"follow","max-snippet":"max-snippet:-1","max-image-preview":"max-image-preview:large","max-video-preview":"max-video-preview:-1"},"canonical":"https:\/\/www.realclubmaritimomelilla.es\/clmar\/los-regatistas-del-club-maritimo-se-quedan-a-las-puertas-de-entrar-en-la-medal-race-en-la-i-regata-virtual-de-la-aecn\/","og_locale":"es_ES","og_type":"article","og_title":"LOS REGATISTAS DEL CLUB MAR\u00cdTIMO SE QUEDAN A LAS PUERTAS DE ENTRAR EN LA 'MEDAL RACE' EN LA I REGATA VIRTUAL DE LA AECN - Real Club Mar\u00edtimo de Melilla","og_description":"LOS REGATISTAS DEL CLUB MAR\u00cdTIMO SE QUEDAN A LAS PUERTAS DE ENTRAR EN LA 'MEDAL RACE' EN LA I REGATA VIRTUAL DE LA AECN -","og_url":"https:\/\/www.realclubmaritimomelilla.es\/clmar\/los-regatistas-del-club-maritimo-se-quedan-a-las-puertas-de-entrar-en-la-medal-race-en-la-i-regata-virtual-de-la-aecn\/","og_site_name":"Real Club Mar\u00edtimo de Melilla","article_publisher":"https:\/\/www.facebook.com\/Real-Club-Mar%c3%adtimo-de-Melilla-588495841234214\/","article_published_time":"2020-04-28T17:39:04+00:00","article_modified_time":"2021-07-20T09:38:50+00:00","og_image":[{"width":1600,"height":1200,"url":"https:\/\/www.realclubmaritimomelilla.es\/clmar\/wp-content\/uploads\/2020\/04\/Organizaci\u00f3nn2-3.jpeg","type":"image\/jpeg"}],"author":"RCMMelilla","twitter_card":"summary_large_image","twitter_creator":"@nauticarcmm","twitter_site":"@nauticarcmm","twitter_misc":{"Escrito por":"RCMMelilla","Tiempo de lectura":"2 minutos"},"schema":{"@context":"https:\/\/schema.org","@graph":[{"@type":"Article","@id":"https:\/\/www.realclubmaritimomelilla.es\/clmar\/los-regatistas-del-club-maritimo-se-quedan-a-las-puertas-de-entrar-en-la-medal-race-en-la-i-regata-virtual-de-la-aecn\/#article","isPartOf":{"@id":"https:\/\/www.realclubmaritimomelilla.es\/clmar\/los-regatistas-del-club-maritimo-se-quedan-a-las-puertas-de-entrar-en-la-medal-race-en-la-i-regata-virtual-de-la-aecn\/"},"author":{"name":"RCMMelilla","@id":"https:\/\/www.realclubmaritimomelilla.es\/clmar\/#\/schema\/person\/ebaa3713496dc6d48c872452e73a8e79"},"headline":"LOS REGATISTAS DEL CLUB MAR\u00cdTIMO SE QUEDAN A LAS PUERTAS DE ENTRAR EN LA &#8216;MEDAL RACE&#8217; EN LA I REGATA VIRTUAL DE LA AECN","datePublished":"2020-04-28T17:39:04+00:00","dateModified":"2021-07-20T09:38:50+00:00","mainEntityOfPage":{"@id":"https:\/\/www.realclubmaritimomelilla.es\/clmar\/los-regatistas-del-club-maritimo-se-quedan-a-las-puertas-de-entrar-en-la-medal-race-en-la-i-regata-virtual-de-la-aecn\/"},"wordCount":442,"commentCount":0,"publisher":{"@id":"https:\/\/www.realclubmaritimomelilla.es\/clmar\/#organization"},"image":{"@id":"https:\/\/www.realclubmaritimomelilla.es\/clmar\/los-regatistas-del-club-maritimo-se-quedan-a-las-puertas-de-entrar-en-la-medal-race-en-la-i-regata-virtual-de-la-aecn\/#primaryimage"},"thumbnailUrl":"https:\/\/www.realclubmaritimomelilla.es\/clmar\/wp-content\/uploads\/2020\/04\/Organizaci\u00f3nn2-3.jpeg","articleSection":["N\u00e1utica"],"inLanguage":"es","potentialAction":[{"@type":"CommentAction","name":"Comment","target":["https:\/\/www.realclubmaritimomelilla.es\/clmar\/los-regatistas-del-club-maritimo-se-quedan-a-las-puertas-de-entrar-en-la-medal-race-en-la-i-regata-virtual-de-la-aecn\/#respond"]}]},{"@type":"WebPage","@id":"https:\/\/www.realclubmaritimomelilla.es\/clmar\/los-regatistas-del-club-maritimo-se-quedan-a-las-puertas-de-entrar-en-la-medal-race-en-la-i-regata-virtual-de-la-aecn\/","url":"https:\/\/www.realclubmaritimomelilla.es\/clmar\/los-regatistas-del-club-maritimo-se-quedan-a-las-puertas-de-entrar-en-la-medal-race-en-la-i-regata-virtual-de-la-aecn\/","name":"LOS REGATISTAS DEL CLUB MAR\u00cdTIMO SE QUEDAN A LAS PUERTAS DE ENTRAR EN LA 'MEDAL RACE' EN LA I REGATA VIRTUAL DE LA AECN - Real Club Mar\u00edtimo de Melilla","isPartOf":{"@id":"https:\/\/www.realclubmaritimomelilla.es\/clmar\/#website"},"primaryImageOfPage":{"@id":"https:\/\/www.realclubmaritimomelilla.es\/clmar\/los-regatistas-del-club-maritimo-se-quedan-a-las-puertas-de-entrar-en-la-medal-race-en-la-i-regata-virtual-de-la-aecn\/#primaryimage"},"image":{"@id":"https:\/\/www.realclubmaritimomelilla.es\/clmar\/los-regatistas-del-club-maritimo-se-quedan-a-las-puertas-de-entrar-en-la-medal-race-en-la-i-regata-virtual-de-la-aecn\/#primaryimage"},"thumbnailUrl":"https:\/\/www.realclubmaritimomelilla.es\/clmar\/wp-content\/uploads\/2020\/04\/Organizaci\u00f3nn2-3.jpeg","datePublished":"2020-04-28T17:39:04+00:00","dateModified":"2021-07-20T09:38:50+00:00","description":"LOS REGATISTAS DEL CLUB MAR\u00cdTIMO SE QUEDAN A LAS PUERTAS DE ENTRAR EN LA 'MEDAL RACE' EN LA I REGATA VIRTUAL DE LA AECN -","breadcrumb":{"@id":"https:\/\/www.realclubmaritimomelilla.es\/clmar\/los-regatistas-del-club-maritimo-se-quedan-a-las-puertas-de-entrar-en-la-medal-race-en-la-i-regata-virtual-de-la-aecn\/#breadcrumb"},"inLanguage":"es","potentialAction":[{"@type":"ReadAction","target":["https:\/\/www.realclubmaritimomelilla.es\/clmar\/los-regatistas-del-club-maritimo-se-quedan-a-las-puertas-de-entrar-en-la-medal-race-en-la-i-regata-virtual-de-la-aecn\/"]}]},{"@type":"ImageObject","inLanguage":"es","@id":"https:\/\/www.realclubmaritimomelilla.es\/clmar\/los-regatistas-del-club-maritimo-se-quedan-a-las-puertas-de-entrar-en-la-medal-race-en-la-i-regata-virtual-de-la-aecn\/#primaryimage","url":"https:\/\/www.realclubmaritimomelilla.es\/clmar\/wp-content\/uploads\/2020\/04\/Organizaci\u00f3nn2-3.jpeg","contentUrl":"https:\/\/www.realclubmaritimomelilla.es\/clmar\/wp-content\/uploads\/2020\/04\/Organizaci\u00f3nn2-3.jpeg","width":1600,"height":1200},{"@type":"BreadcrumbList","@id":"https:\/\/www.realclubmaritimomelilla.es\/clmar\/los-regatistas-del-club-maritimo-se-quedan-a-las-puertas-de-entrar-en-la-medal-race-en-la-i-regata-virtual-de-la-aecn\/#breadcrumb","itemListElement":[{"@type":"ListItem","position":1,"name":"Portada","item":"https:\/\/www.realclubmaritimomelilla.es\/clmar\/"},{"@type":"ListItem","position":2,"name":"LOS REGATISTAS DEL CLUB MAR\u00cdTIMO SE QUEDAN A LAS PUERTAS DE ENTRAR EN LA &#8216;MEDAL RACE&#8217; EN LA I REGATA VIRTUAL DE LA AECN"}]},{"@type":"WebSite","@id":"https:\/\/www.realclubmaritimomelilla.es\/clmar\/#website","url":"https:\/\/www.realclubmaritimomelilla.es\/clmar\/","name":"Real Club Mar\u00edtimo de Melilla","description":"RCMM","publisher":{"@id":"https:\/\/www.realclubmaritimomelilla.es\/clmar\/#organization"},"alternateName":"RCMM","potentialAction":[{"@type":"SearchAction","target":{"@type":"EntryPoint","urlTemplate":"https:\/\/www.realclubmaritimomelilla.es\/clmar\/?s={search_term_string}"},"query-input":{"@type":"PropertyValueSpecification","valueRequired":true,"valueName":"search_term_string"}}],"inLanguage":"es"},{"@type":"Organization","@id":"https:\/\/www.realclubmaritimomelilla.es\/clmar\/#organization","name":"Real Club Mar\u00edtimo de Melilla","alternateName":"RCMM","url":"https:\/\/www.realclubmaritimomelilla.es\/clmar\/","logo":{"@type":"ImageObject","inLanguage":"es","@id":"https:\/\/www.realclubmaritimomelilla.es\/clmar\/#\/schema\/logo\/image\/","url":"https:\/\/www.realclubmaritimomelilla.es\/clmar\/wp-content\/uploads\/logo-club-original-copia.jpg","contentUrl":"https:\/\/www.realclubmaritimomelilla.es\/clmar\/wp-content\/uploads\/logo-club-original-copia.jpg","width":128,"height":89,"caption":"Real Club Mar\u00edtimo de Melilla"},"image":{"@id":"https:\/\/www.realclubmaritimomelilla.es\/clmar\/#\/schema\/logo\/image\/"},"sameAs":["https:\/\/www.facebook.com\/Real-Club-Mar\u00edtimo-de-Melilla-588495841234214\/","https:\/\/x.com\/nauticarcmm","https:\/\/www.instagram.com\/club_maritimo_melilla\/","https:\/\/www.youtube.com\/@realclubmaritimodemelilla4703","https:\/\/es.wikipedia.org\/wiki\/Real_Club_Mar\u00edtimo_de_Melilla"]},{"@type":"Person","@id":"https:\/\/www.realclubmaritimomelilla.es\/clmar\/#\/schema\/person\/ebaa3713496dc6d48c872452e73a8e79","name":"RCMMelilla","image":{"@type":"ImageObject","inLanguage":"es","@id":"https:\/\/secure.gravatar.com\/avatar\/df1c24789360fb9308735c4ee556fc2bc5bf924bf01e53043b8b97ba272da33c?s=96&d=mm&r=g","url":"https:\/\/secure.gravatar.com\/avatar\/df1c24789360fb9308735c4ee556fc2bc5bf924bf01e53043b8b97ba272da33c?s=96&d=mm&r=g","contentUrl":"https:\/\/secure.gravatar.com\/avatar\/df1c24789360fb9308735c4ee556fc2bc5bf924bf01e53043b8b97ba272da33c?s=96&d=mm&r=g","caption":"RCMMelilla"}}]}},"_links":{"self":[{"href":"https:\/\/www.realclubmaritimomelilla.es\/clmar\/wp-json\/wp\/v2\/posts\/15562","targetHints":{"allow":["GET"]}}],"collection":[{"href":"https:\/\/www.realclubmaritimomelilla.es\/clmar\/wp-json\/wp\/v2\/posts"}],"about":[{"href":"https:\/\/www.realclubmaritimomelilla.es\/clmar\/wp-json\/wp\/v2\/types\/post"}],"author":[{"embeddable":true,"href":"https:\/\/www.realclubmaritimomelilla.es\/clmar\/wp-json\/wp\/v2\/users\/1"}],"replies":[{"embeddable":true,"href":"https:\/\/www.realclubmaritimomelilla.es\/clmar\/wp-json\/wp\/v2\/comments?post=15562"}],"version-history":[{"count":1,"href":"https:\/\/www.realclubmaritimomelilla.es\/clmar\/wp-json\/wp\/v2\/posts\/15562\/revisions"}],"predecessor-version":[{"id":15575,"href":"https:\/\/www.realclubmaritimomelilla.es\/clmar\/wp-json\/wp\/v2\/posts\/15562\/revisions\/15575"}],"wp:featuredmedia":[{"embeddable":true,"href":"https:\/\/www.realclubmaritimomelilla.es\/clmar\/wp-json\/wp\/v2\/media\/15491"}],"wp:attachment":[{"href":"https:\/\/www.realclubmaritimomelilla.es\/clmar\/wp-json\/wp\/v2\/media?parent=15562"}],"wp:term":[{"taxonomy":"category","embeddable":true,"href":"https:\/\/www.realclubmaritimomelilla.es\/clmar\/wp-json\/wp\/v2\/categories?post=15562"},{"taxonomy":"post_tag","embeddable":true,"href":"https:\/\/www.realclubmaritimomelilla.es\/clmar\/wp-json\/wp\/v2\/tags?post=15562"}],"curies":[{"name":"wp","href":"https:\/\/api.w.org\/{rel}","templated":true}]}}