{"id":15538,"date":"2020-02-22T17:19:35","date_gmt":"2020-02-22T16:19:35","guid":{"rendered":"http:\/\/www.clubmaritimomelilla.es\/clmar\/?p=15027"},"modified":"2021-07-20T11:38:52","modified_gmt":"2021-07-20T09:38:52","slug":"isabel-jimenez-y-alejandro-linares-ganan-el-ii-concurso-gastronomico-de-callos-y-migas-en-el-club-maritimo","status":"publish","type":"post","link":"https:\/\/www.realclubmaritimomelilla.es\/clmar\/isabel-jimenez-y-alejandro-linares-ganan-el-ii-concurso-gastronomico-de-callos-y-migas-en-el-club-maritimo\/","title":{"rendered":"ISABEL JIMENEZ Y ALEJANDRO LINARES GANAN EL II CONCURSO GASTRON\u00d3MICO DE CALLOS Y MIGAS EN EL CLUB MAR\u00cdTIMO"},"content":{"rendered":"<p><img decoding=\"async\" src=\"http:\/\/www.clubmaritimomelilla.es\/clmar\/wp-content\/uploads\/2020\/02\/campeonas-callos-2020.jpg\" alt=\"\" class=\"aligncenter size-full wp-image-15029\" width=\"2126\" height=\"1594\"><a href=\"https:\/\/photos.app.goo.gl\/GhkLGcFbUxcrLZpy5\">FOTOGRAFIAS DE LA COMPETICI\u00d3N <\/a><br \/>\nLa segunda edici\u00f3n del Concurso Gastron\u00f3mico de Callos y Migas del Real Club Mar\u00edtimo de Melilla ha reunido a medio millar de personas este s\u00e1bado. Alejandro Linares, en la categor\u00edas de migas, e Isabel Jim\u00e9nez, en la de callos, han sido los vencedores de la competici\u00f3n culinaria de este a\u00f1o.<br \/>\nUna jornada en la que se han presentado finalmente veinticinco equipos gastron\u00f3micos, siendo la mayor\u00eda, trece en total, los que han optado por la elaboraci\u00f3n de platos de migas, mientras que doce han presentado callos al jurado.<br \/>\nTodos los participantes han tenido desde las once de la ma\u00f1ana para preparar sus platos, que posteriormente a las 14 horas han presentado al jurado. \u00c9stos han tenido que puntuar en funci\u00f3n de la presentaci\u00f3n, sabor y dificultad.<br \/>\nEl presidente de la entidad, Jos\u00e9 Manuel Calzado, junto a su vicepresidente, Rafael Imbroda, han sido los encargados de entregar todos los galardones, cinco por cada categor\u00edas.<br \/>\nLa competici\u00f3n de migas ha tenido a Alejandro Linares como campe\u00f3n de este a\u00f1o. En segundo lugar, Juan Carlos Cantero, seguido por Andr\u00e9s Rodr\u00edguez en tercer lugar. Adem\u00e1s, tambi\u00e9n han recibido un galard\u00f3n Manuel Luque y Ra\u00fal Belmonte.<br \/>\nIsabel Jim\u00e9nez ha presentado el plato de callos que ha tenido m\u00e1s puntuaci\u00f3n. Tras la campeona de este a\u00f1o ha quedado Esperanza Cano, y en tercera posici\u00f3n Desiree Oliva. Jos\u00e9 Luis Jimena y Ram\u00f3n Facenda han obtenido el cuarto y quinto premio respectivamente.<\/p>\n","protected":false},"excerpt":{"rendered":"<p>FOTOGRAFIAS DE LA COMPETICI\u00d3N La segunda edici\u00f3n del Concurso Gastron\u00f3mico de Callos y Migas del Real Club Mar\u00edtimo de Melilla ha reunido a medio millar de personas este s\u00e1bado. Alejandro Linares, en la categor\u00edas de migas, e Isabel Jim\u00e9nez, en la de callos, han sido los vencedores de la competici\u00f3n culinaria de este a\u00f1o. Una [&hellip;]<\/p>\n","protected":false},"author":1,"featured_media":15434,"comment_status":"open","ping_status":"open","sticky":false,"template":"","format":"standard","meta":{"_acf_changed":false,"footnotes":""},"categories":[39],"tags":[],"class_list":["post-15538","post","type-post","status-publish","format-standard","has-post-thumbnail","hentry","category-celebraciones"],"acf":[],"yoast_head":"<!-- This site is optimized with the Yoast SEO plugin v27.5 - https:\/\/yoast.com\/product\/yoast-seo-wordpress\/ -->\n<title>ISABEL JIMENEZ Y ALEJANDRO LINARES GANAN EL II CONCURSO GASTRON\u00d3MICO DE CALLOS Y MIGAS EN EL CLUB MAR\u00cdTIMO - Real Club Mar\u00edtimo de Melilla<\/title>\n<meta name=\"description\" content=\"ISABEL JIMENEZ Y ALEJANDRO LINARES GANAN EL II CONCURSO GASTRON\u00d3MICO DE CALLOS Y MIGAS EN EL CLUB MAR\u00cdTIMO -\" \/>\n<meta name=\"robots\" content=\"index, follow, max-snippet:-1, max-image-preview:large, max-video-preview:-1\" \/>\n<link rel=\"canonical\" href=\"https:\/\/www.realclubmaritimomelilla.es\/clmar\/isabel-jimenez-y-alejandro-linares-ganan-el-ii-concurso-gastronomico-de-callos-y-migas-en-el-club-maritimo\/\" \/>\n<meta property=\"og:locale\" content=\"es_ES\" \/>\n<meta property=\"og:type\" content=\"article\" \/>\n<meta property=\"og:title\" content=\"ISABEL JIMENEZ Y ALEJANDRO LINARES GANAN EL II CONCURSO GASTRON\u00d3MICO DE CALLOS Y MIGAS EN EL CLUB MAR\u00cdTIMO - Real Club Mar\u00edtimo de Melilla\" \/>\n<meta property=\"og:description\" content=\"ISABEL JIMENEZ Y ALEJANDRO LINARES GANAN EL II CONCURSO GASTRON\u00d3MICO DE CALLOS Y MIGAS EN EL CLUB MAR\u00cdTIMO -\" \/>\n<meta property=\"og:url\" content=\"https:\/\/www.realclubmaritimomelilla.es\/clmar\/isabel-jimenez-y-alejandro-linares-ganan-el-ii-concurso-gastronomico-de-callos-y-migas-en-el-club-maritimo\/\" \/>\n<meta property=\"og:site_name\" content=\"Real Club Mar\u00edtimo de Melilla\" \/>\n<meta property=\"article:publisher\" content=\"https:\/\/www.facebook.com\/Real-Club-Mar%c3%adtimo-de-Melilla-588495841234214\/\" \/>\n<meta property=\"article:published_time\" content=\"2020-02-22T16:19:35+00:00\" \/>\n<meta property=\"article:modified_time\" content=\"2021-07-20T09:38:52+00:00\" \/>\n<meta property=\"og:image\" content=\"https:\/\/www.realclubmaritimomelilla.es\/clmar\/wp-content\/uploads\/2020\/02\/campeones-migas-2020-2.jpg\" \/>\n\t<meta property=\"og:image:width\" content=\"2126\" \/>\n\t<meta property=\"og:image:height\" content=\"1594\" \/>\n\t<meta property=\"og:image:type\" content=\"image\/jpeg\" \/>\n<meta name=\"author\" content=\"RCMMelilla\" \/>\n<meta name=\"twitter:card\" content=\"summary_large_image\" \/>\n<meta name=\"twitter:creator\" content=\"@nauticarcmm\" \/>\n<meta name=\"twitter:site\" content=\"@nauticarcmm\" \/>\n<meta name=\"twitter:label1\" content=\"Escrito por\" \/>\n\t<meta name=\"twitter:data1\" content=\"RCMMelilla\" \/>\n\t<meta name=\"twitter:label2\" content=\"Tiempo de lectura\" \/>\n\t<meta name=\"twitter:data2\" content=\"1 minuto\" \/>\n<script type=\"application\/ld+json\" class=\"yoast-schema-graph\">{\"@context\":\"https:\\\/\\\/schema.org\",\"@graph\":[{\"@type\":\"Article\",\"@id\":\"https:\\\/\\\/www.realclubmaritimomelilla.es\\\/clmar\\\/isabel-jimenez-y-alejandro-linares-ganan-el-ii-concurso-gastronomico-de-callos-y-migas-en-el-club-maritimo\\\/#article\",\"isPartOf\":{\"@id\":\"https:\\\/\\\/www.realclubmaritimomelilla.es\\\/clmar\\\/isabel-jimenez-y-alejandro-linares-ganan-el-ii-concurso-gastronomico-de-callos-y-migas-en-el-club-maritimo\\\/\"},\"author\":{\"name\":\"RCMMelilla\",\"@id\":\"https:\\\/\\\/www.realclubmaritimomelilla.es\\\/clmar\\\/#\\\/schema\\\/person\\\/ebaa3713496dc6d48c872452e73a8e79\"},\"headline\":\"ISABEL JIMENEZ Y ALEJANDRO LINARES GANAN EL II CONCURSO GASTRON\u00d3MICO DE CALLOS Y MIGAS EN EL CLUB MAR\u00cdTIMO\",\"datePublished\":\"2020-02-22T16:19:35+00:00\",\"dateModified\":\"2021-07-20T09:38:52+00:00\",\"mainEntityOfPage\":{\"@id\":\"https:\\\/\\\/www.realclubmaritimomelilla.es\\\/clmar\\\/isabel-jimenez-y-alejandro-linares-ganan-el-ii-concurso-gastronomico-de-callos-y-migas-en-el-club-maritimo\\\/\"},\"wordCount\":287,\"commentCount\":0,\"publisher\":{\"@id\":\"https:\\\/\\\/www.realclubmaritimomelilla.es\\\/clmar\\\/#organization\"},\"image\":{\"@id\":\"https:\\\/\\\/www.realclubmaritimomelilla.es\\\/clmar\\\/isabel-jimenez-y-alejandro-linares-ganan-el-ii-concurso-gastronomico-de-callos-y-migas-en-el-club-maritimo\\\/#primaryimage\"},\"thumbnailUrl\":\"https:\\\/\\\/www.realclubmaritimomelilla.es\\\/clmar\\\/wp-content\\\/uploads\\\/2020\\\/02\\\/campeones-migas-2020-2.jpg\",\"articleSection\":[\"Celebraciones\"],\"inLanguage\":\"es\",\"potentialAction\":[{\"@type\":\"CommentAction\",\"name\":\"Comment\",\"target\":[\"https:\\\/\\\/www.realclubmaritimomelilla.es\\\/clmar\\\/isabel-jimenez-y-alejandro-linares-ganan-el-ii-concurso-gastronomico-de-callos-y-migas-en-el-club-maritimo\\\/#respond\"]}]},{\"@type\":\"WebPage\",\"@id\":\"https:\\\/\\\/www.realclubmaritimomelilla.es\\\/clmar\\\/isabel-jimenez-y-alejandro-linares-ganan-el-ii-concurso-gastronomico-de-callos-y-migas-en-el-club-maritimo\\\/\",\"url\":\"https:\\\/\\\/www.realclubmaritimomelilla.es\\\/clmar\\\/isabel-jimenez-y-alejandro-linares-ganan-el-ii-concurso-gastronomico-de-callos-y-migas-en-el-club-maritimo\\\/\",\"name\":\"ISABEL JIMENEZ Y ALEJANDRO LINARES GANAN EL II CONCURSO GASTRON\u00d3MICO DE CALLOS Y MIGAS EN EL CLUB MAR\u00cdTIMO - Real Club Mar\u00edtimo de Melilla\",\"isPartOf\":{\"@id\":\"https:\\\/\\\/www.realclubmaritimomelilla.es\\\/clmar\\\/#website\"},\"primaryImageOfPage\":{\"@id\":\"https:\\\/\\\/www.realclubmaritimomelilla.es\\\/clmar\\\/isabel-jimenez-y-alejandro-linares-ganan-el-ii-concurso-gastronomico-de-callos-y-migas-en-el-club-maritimo\\\/#primaryimage\"},\"image\":{\"@id\":\"https:\\\/\\\/www.realclubmaritimomelilla.es\\\/clmar\\\/isabel-jimenez-y-alejandro-linares-ganan-el-ii-concurso-gastronomico-de-callos-y-migas-en-el-club-maritimo\\\/#primaryimage\"},\"thumbnailUrl\":\"https:\\\/\\\/www.realclubmaritimomelilla.es\\\/clmar\\\/wp-content\\\/uploads\\\/2020\\\/02\\\/campeones-migas-2020-2.jpg\",\"datePublished\":\"2020-02-22T16:19:35+00:00\",\"dateModified\":\"2021-07-20T09:38:52+00:00\",\"description\":\"ISABEL JIMENEZ Y ALEJANDRO LINARES GANAN EL II CONCURSO GASTRON\u00d3MICO DE CALLOS Y MIGAS EN EL CLUB MAR\u00cdTIMO -\",\"breadcrumb\":{\"@id\":\"https:\\\/\\\/www.realclubmaritimomelilla.es\\\/clmar\\\/isabel-jimenez-y-alejandro-linares-ganan-el-ii-concurso-gastronomico-de-callos-y-migas-en-el-club-maritimo\\\/#breadcrumb\"},\"inLanguage\":\"es\",\"potentialAction\":[{\"@type\":\"ReadAction\",\"target\":[\"https:\\\/\\\/www.realclubmaritimomelilla.es\\\/clmar\\\/isabel-jimenez-y-alejandro-linares-ganan-el-ii-concurso-gastronomico-de-callos-y-migas-en-el-club-maritimo\\\/\"]}]},{\"@type\":\"ImageObject\",\"inLanguage\":\"es\",\"@id\":\"https:\\\/\\\/www.realclubmaritimomelilla.es\\\/clmar\\\/isabel-jimenez-y-alejandro-linares-ganan-el-ii-concurso-gastronomico-de-callos-y-migas-en-el-club-maritimo\\\/#primaryimage\",\"url\":\"https:\\\/\\\/www.realclubmaritimomelilla.es\\\/clmar\\\/wp-content\\\/uploads\\\/2020\\\/02\\\/campeones-migas-2020-2.jpg\",\"contentUrl\":\"https:\\\/\\\/www.realclubmaritimomelilla.es\\\/clmar\\\/wp-content\\\/uploads\\\/2020\\\/02\\\/campeones-migas-2020-2.jpg\",\"width\":2126,\"height\":1594},{\"@type\":\"BreadcrumbList\",\"@id\":\"https:\\\/\\\/www.realclubmaritimomelilla.es\\\/clmar\\\/isabel-jimenez-y-alejandro-linares-ganan-el-ii-concurso-gastronomico-de-callos-y-migas-en-el-club-maritimo\\\/#breadcrumb\",\"itemListElement\":[{\"@type\":\"ListItem\",\"position\":1,\"name\":\"Portada\",\"item\":\"https:\\\/\\\/www.realclubmaritimomelilla.es\\\/clmar\\\/\"},{\"@type\":\"ListItem\",\"position\":2,\"name\":\"ISABEL JIMENEZ Y ALEJANDRO LINARES GANAN EL II CONCURSO GASTRON\u00d3MICO DE CALLOS Y MIGAS EN EL CLUB MAR\u00cdTIMO\"}]},{\"@type\":\"WebSite\",\"@id\":\"https:\\\/\\\/www.realclubmaritimomelilla.es\\\/clmar\\\/#website\",\"url\":\"https:\\\/\\\/www.realclubmaritimomelilla.es\\\/clmar\\\/\",\"name\":\"Real Club Mar\u00edtimo de Melilla\",\"description\":\"RCMM\",\"publisher\":{\"@id\":\"https:\\\/\\\/www.realclubmaritimomelilla.es\\\/clmar\\\/#organization\"},\"alternateName\":\"RCMM\",\"potentialAction\":[{\"@type\":\"SearchAction\",\"target\":{\"@type\":\"EntryPoint\",\"urlTemplate\":\"https:\\\/\\\/www.realclubmaritimomelilla.es\\\/clmar\\\/?s={search_term_string}\"},\"query-input\":{\"@type\":\"PropertyValueSpecification\",\"valueRequired\":true,\"valueName\":\"search_term_string\"}}],\"inLanguage\":\"es\"},{\"@type\":\"Organization\",\"@id\":\"https:\\\/\\\/www.realclubmaritimomelilla.es\\\/clmar\\\/#organization\",\"name\":\"Real Club Mar\u00edtimo de Melilla\",\"alternateName\":\"RCMM\",\"url\":\"https:\\\/\\\/www.realclubmaritimomelilla.es\\\/clmar\\\/\",\"logo\":{\"@type\":\"ImageObject\",\"inLanguage\":\"es\",\"@id\":\"https:\\\/\\\/www.realclubmaritimomelilla.es\\\/clmar\\\/#\\\/schema\\\/logo\\\/image\\\/\",\"url\":\"https:\\\/\\\/www.realclubmaritimomelilla.es\\\/clmar\\\/wp-content\\\/uploads\\\/logo-club-original-copia.jpg\",\"contentUrl\":\"https:\\\/\\\/www.realclubmaritimomelilla.es\\\/clmar\\\/wp-content\\\/uploads\\\/logo-club-original-copia.jpg\",\"width\":128,\"height\":89,\"caption\":\"Real Club Mar\u00edtimo de Melilla\"},\"image\":{\"@id\":\"https:\\\/\\\/www.realclubmaritimomelilla.es\\\/clmar\\\/#\\\/schema\\\/logo\\\/image\\\/\"},\"sameAs\":[\"https:\\\/\\\/www.facebook.com\\\/Real-Club-Mar\u00edtimo-de-Melilla-588495841234214\\\/\",\"https:\\\/\\\/x.com\\\/nauticarcmm\",\"https:\\\/\\\/www.instagram.com\\\/club_maritimo_melilla\\\/\",\"https:\\\/\\\/www.youtube.com\\\/@realclubmaritimodemelilla4703\",\"https:\\\/\\\/es.wikipedia.org\\\/wiki\\\/Real_Club_Mar\u00edtimo_de_Melilla\"]},{\"@type\":\"Person\",\"@id\":\"https:\\\/\\\/www.realclubmaritimomelilla.es\\\/clmar\\\/#\\\/schema\\\/person\\\/ebaa3713496dc6d48c872452e73a8e79\",\"name\":\"RCMMelilla\",\"image\":{\"@type\":\"ImageObject\",\"inLanguage\":\"es\",\"@id\":\"https:\\\/\\\/secure.gravatar.com\\\/avatar\\\/df1c24789360fb9308735c4ee556fc2bc5bf924bf01e53043b8b97ba272da33c?s=96&d=mm&r=g\",\"url\":\"https:\\\/\\\/secure.gravatar.com\\\/avatar\\\/df1c24789360fb9308735c4ee556fc2bc5bf924bf01e53043b8b97ba272da33c?s=96&d=mm&r=g\",\"contentUrl\":\"https:\\\/\\\/secure.gravatar.com\\\/avatar\\\/df1c24789360fb9308735c4ee556fc2bc5bf924bf01e53043b8b97ba272da33c?s=96&d=mm&r=g\",\"caption\":\"RCMMelilla\"}}]}<\/script>\n<!-- \/ Yoast SEO plugin. -->","yoast_head_json":{"title":"ISABEL JIMENEZ Y ALEJANDRO LINARES GANAN EL II CONCURSO GASTRON\u00d3MICO DE CALLOS Y MIGAS EN EL CLUB MAR\u00cdTIMO - Real Club Mar\u00edtimo de Melilla","description":"ISABEL JIMENEZ Y ALEJANDRO LINARES GANAN EL II CONCURSO GASTRON\u00d3MICO DE CALLOS Y MIGAS EN EL CLUB MAR\u00cdTIMO -","robots":{"index":"index","follow":"follow","max-snippet":"max-snippet:-1","max-image-preview":"max-image-preview:large","max-video-preview":"max-video-preview:-1"},"canonical":"https:\/\/www.realclubmaritimomelilla.es\/clmar\/isabel-jimenez-y-alejandro-linares-ganan-el-ii-concurso-gastronomico-de-callos-y-migas-en-el-club-maritimo\/","og_locale":"es_ES","og_type":"article","og_title":"ISABEL JIMENEZ Y ALEJANDRO LINARES GANAN EL II CONCURSO GASTRON\u00d3MICO DE CALLOS Y MIGAS EN EL CLUB MAR\u00cdTIMO - Real Club Mar\u00edtimo de Melilla","og_description":"ISABEL JIMENEZ Y ALEJANDRO LINARES GANAN EL II CONCURSO GASTRON\u00d3MICO DE CALLOS Y MIGAS EN EL CLUB MAR\u00cdTIMO -","og_url":"https:\/\/www.realclubmaritimomelilla.es\/clmar\/isabel-jimenez-y-alejandro-linares-ganan-el-ii-concurso-gastronomico-de-callos-y-migas-en-el-club-maritimo\/","og_site_name":"Real Club Mar\u00edtimo de Melilla","article_publisher":"https:\/\/www.facebook.com\/Real-Club-Mar%c3%adtimo-de-Melilla-588495841234214\/","article_published_time":"2020-02-22T16:19:35+00:00","article_modified_time":"2021-07-20T09:38:52+00:00","og_image":[{"width":2126,"height":1594,"url":"https:\/\/www.realclubmaritimomelilla.es\/clmar\/wp-content\/uploads\/2020\/02\/campeones-migas-2020-2.jpg","type":"image\/jpeg"}],"author":"RCMMelilla","twitter_card":"summary_large_image","twitter_creator":"@nauticarcmm","twitter_site":"@nauticarcmm","twitter_misc":{"Escrito por":"RCMMelilla","Tiempo de lectura":"1 minuto"},"schema":{"@context":"https:\/\/schema.org","@graph":[{"@type":"Article","@id":"https:\/\/www.realclubmaritimomelilla.es\/clmar\/isabel-jimenez-y-alejandro-linares-ganan-el-ii-concurso-gastronomico-de-callos-y-migas-en-el-club-maritimo\/#article","isPartOf":{"@id":"https:\/\/www.realclubmaritimomelilla.es\/clmar\/isabel-jimenez-y-alejandro-linares-ganan-el-ii-concurso-gastronomico-de-callos-y-migas-en-el-club-maritimo\/"},"author":{"name":"RCMMelilla","@id":"https:\/\/www.realclubmaritimomelilla.es\/clmar\/#\/schema\/person\/ebaa3713496dc6d48c872452e73a8e79"},"headline":"ISABEL JIMENEZ Y ALEJANDRO LINARES GANAN EL II CONCURSO GASTRON\u00d3MICO DE CALLOS Y MIGAS EN EL CLUB MAR\u00cdTIMO","datePublished":"2020-02-22T16:19:35+00:00","dateModified":"2021-07-20T09:38:52+00:00","mainEntityOfPage":{"@id":"https:\/\/www.realclubmaritimomelilla.es\/clmar\/isabel-jimenez-y-alejandro-linares-ganan-el-ii-concurso-gastronomico-de-callos-y-migas-en-el-club-maritimo\/"},"wordCount":287,"commentCount":0,"publisher":{"@id":"https:\/\/www.realclubmaritimomelilla.es\/clmar\/#organization"},"image":{"@id":"https:\/\/www.realclubmaritimomelilla.es\/clmar\/isabel-jimenez-y-alejandro-linares-ganan-el-ii-concurso-gastronomico-de-callos-y-migas-en-el-club-maritimo\/#primaryimage"},"thumbnailUrl":"https:\/\/www.realclubmaritimomelilla.es\/clmar\/wp-content\/uploads\/2020\/02\/campeones-migas-2020-2.jpg","articleSection":["Celebraciones"],"inLanguage":"es","potentialAction":[{"@type":"CommentAction","name":"Comment","target":["https:\/\/www.realclubmaritimomelilla.es\/clmar\/isabel-jimenez-y-alejandro-linares-ganan-el-ii-concurso-gastronomico-de-callos-y-migas-en-el-club-maritimo\/#respond"]}]},{"@type":"WebPage","@id":"https:\/\/www.realclubmaritimomelilla.es\/clmar\/isabel-jimenez-y-alejandro-linares-ganan-el-ii-concurso-gastronomico-de-callos-y-migas-en-el-club-maritimo\/","url":"https:\/\/www.realclubmaritimomelilla.es\/clmar\/isabel-jimenez-y-alejandro-linares-ganan-el-ii-concurso-gastronomico-de-callos-y-migas-en-el-club-maritimo\/","name":"ISABEL JIMENEZ Y ALEJANDRO LINARES GANAN EL II CONCURSO GASTRON\u00d3MICO DE CALLOS Y MIGAS EN EL CLUB MAR\u00cdTIMO - Real Club Mar\u00edtimo de Melilla","isPartOf":{"@id":"https:\/\/www.realclubmaritimomelilla.es\/clmar\/#website"},"primaryImageOfPage":{"@id":"https:\/\/www.realclubmaritimomelilla.es\/clmar\/isabel-jimenez-y-alejandro-linares-ganan-el-ii-concurso-gastronomico-de-callos-y-migas-en-el-club-maritimo\/#primaryimage"},"image":{"@id":"https:\/\/www.realclubmaritimomelilla.es\/clmar\/isabel-jimenez-y-alejandro-linares-ganan-el-ii-concurso-gastronomico-de-callos-y-migas-en-el-club-maritimo\/#primaryimage"},"thumbnailUrl":"https:\/\/www.realclubmaritimomelilla.es\/clmar\/wp-content\/uploads\/2020\/02\/campeones-migas-2020-2.jpg","datePublished":"2020-02-22T16:19:35+00:00","dateModified":"2021-07-20T09:38:52+00:00","description":"ISABEL JIMENEZ Y ALEJANDRO LINARES GANAN EL II CONCURSO GASTRON\u00d3MICO DE CALLOS Y MIGAS EN EL CLUB MAR\u00cdTIMO -","breadcrumb":{"@id":"https:\/\/www.realclubmaritimomelilla.es\/clmar\/isabel-jimenez-y-alejandro-linares-ganan-el-ii-concurso-gastronomico-de-callos-y-migas-en-el-club-maritimo\/#breadcrumb"},"inLanguage":"es","potentialAction":[{"@type":"ReadAction","target":["https:\/\/www.realclubmaritimomelilla.es\/clmar\/isabel-jimenez-y-alejandro-linares-ganan-el-ii-concurso-gastronomico-de-callos-y-migas-en-el-club-maritimo\/"]}]},{"@type":"ImageObject","inLanguage":"es","@id":"https:\/\/www.realclubmaritimomelilla.es\/clmar\/isabel-jimenez-y-alejandro-linares-ganan-el-ii-concurso-gastronomico-de-callos-y-migas-en-el-club-maritimo\/#primaryimage","url":"https:\/\/www.realclubmaritimomelilla.es\/clmar\/wp-content\/uploads\/2020\/02\/campeones-migas-2020-2.jpg","contentUrl":"https:\/\/www.realclubmaritimomelilla.es\/clmar\/wp-content\/uploads\/2020\/02\/campeones-migas-2020-2.jpg","width":2126,"height":1594},{"@type":"BreadcrumbList","@id":"https:\/\/www.realclubmaritimomelilla.es\/clmar\/isabel-jimenez-y-alejandro-linares-ganan-el-ii-concurso-gastronomico-de-callos-y-migas-en-el-club-maritimo\/#breadcrumb","itemListElement":[{"@type":"ListItem","position":1,"name":"Portada","item":"https:\/\/www.realclubmaritimomelilla.es\/clmar\/"},{"@type":"ListItem","position":2,"name":"ISABEL JIMENEZ Y ALEJANDRO LINARES GANAN EL II CONCURSO GASTRON\u00d3MICO DE CALLOS Y MIGAS EN EL CLUB MAR\u00cdTIMO"}]},{"@type":"WebSite","@id":"https:\/\/www.realclubmaritimomelilla.es\/clmar\/#website","url":"https:\/\/www.realclubmaritimomelilla.es\/clmar\/","name":"Real Club Mar\u00edtimo de Melilla","description":"RCMM","publisher":{"@id":"https:\/\/www.realclubmaritimomelilla.es\/clmar\/#organization"},"alternateName":"RCMM","potentialAction":[{"@type":"SearchAction","target":{"@type":"EntryPoint","urlTemplate":"https:\/\/www.realclubmaritimomelilla.es\/clmar\/?s={search_term_string}"},"query-input":{"@type":"PropertyValueSpecification","valueRequired":true,"valueName":"search_term_string"}}],"inLanguage":"es"},{"@type":"Organization","@id":"https:\/\/www.realclubmaritimomelilla.es\/clmar\/#organization","name":"Real Club Mar\u00edtimo de Melilla","alternateName":"RCMM","url":"https:\/\/www.realclubmaritimomelilla.es\/clmar\/","logo":{"@type":"ImageObject","inLanguage":"es","@id":"https:\/\/www.realclubmaritimomelilla.es\/clmar\/#\/schema\/logo\/image\/","url":"https:\/\/www.realclubmaritimomelilla.es\/clmar\/wp-content\/uploads\/logo-club-original-copia.jpg","contentUrl":"https:\/\/www.realclubmaritimomelilla.es\/clmar\/wp-content\/uploads\/logo-club-original-copia.jpg","width":128,"height":89,"caption":"Real Club Mar\u00edtimo de Melilla"},"image":{"@id":"https:\/\/www.realclubmaritimomelilla.es\/clmar\/#\/schema\/logo\/image\/"},"sameAs":["https:\/\/www.facebook.com\/Real-Club-Mar\u00edtimo-de-Melilla-588495841234214\/","https:\/\/x.com\/nauticarcmm","https:\/\/www.instagram.com\/club_maritimo_melilla\/","https:\/\/www.youtube.com\/@realclubmaritimodemelilla4703","https:\/\/es.wikipedia.org\/wiki\/Real_Club_Mar\u00edtimo_de_Melilla"]},{"@type":"Person","@id":"https:\/\/www.realclubmaritimomelilla.es\/clmar\/#\/schema\/person\/ebaa3713496dc6d48c872452e73a8e79","name":"RCMMelilla","image":{"@type":"ImageObject","inLanguage":"es","@id":"https:\/\/secure.gravatar.com\/avatar\/df1c24789360fb9308735c4ee556fc2bc5bf924bf01e53043b8b97ba272da33c?s=96&d=mm&r=g","url":"https:\/\/secure.gravatar.com\/avatar\/df1c24789360fb9308735c4ee556fc2bc5bf924bf01e53043b8b97ba272da33c?s=96&d=mm&r=g","contentUrl":"https:\/\/secure.gravatar.com\/avatar\/df1c24789360fb9308735c4ee556fc2bc5bf924bf01e53043b8b97ba272da33c?s=96&d=mm&r=g","caption":"RCMMelilla"}}]}},"_links":{"self":[{"href":"https:\/\/www.realclubmaritimomelilla.es\/clmar\/wp-json\/wp\/v2\/posts\/15538","targetHints":{"allow":["GET"]}}],"collection":[{"href":"https:\/\/www.realclubmaritimomelilla.es\/clmar\/wp-json\/wp\/v2\/posts"}],"about":[{"href":"https:\/\/www.realclubmaritimomelilla.es\/clmar\/wp-json\/wp\/v2\/types\/post"}],"author":[{"embeddable":true,"href":"https:\/\/www.realclubmaritimomelilla.es\/clmar\/wp-json\/wp\/v2\/users\/1"}],"replies":[{"embeddable":true,"href":"https:\/\/www.realclubmaritimomelilla.es\/clmar\/wp-json\/wp\/v2\/comments?post=15538"}],"version-history":[{"count":1,"href":"https:\/\/www.realclubmaritimomelilla.es\/clmar\/wp-json\/wp\/v2\/posts\/15538\/revisions"}],"predecessor-version":[{"id":15598,"href":"https:\/\/www.realclubmaritimomelilla.es\/clmar\/wp-json\/wp\/v2\/posts\/15538\/revisions\/15598"}],"wp:featuredmedia":[{"embeddable":true,"href":"https:\/\/www.realclubmaritimomelilla.es\/clmar\/wp-json\/wp\/v2\/media\/15434"}],"wp:attachment":[{"href":"https:\/\/www.realclubmaritimomelilla.es\/clmar\/wp-json\/wp\/v2\/media?parent=15538"}],"wp:term":[{"taxonomy":"category","embeddable":true,"href":"https:\/\/www.realclubmaritimomelilla.es\/clmar\/wp-json\/wp\/v2\/categories?post=15538"},{"taxonomy":"post_tag","embeddable":true,"href":"https:\/\/www.realclubmaritimomelilla.es\/clmar\/wp-json\/wp\/v2\/tags?post=15538"}],"curies":[{"name":"wp","href":"https:\/\/api.w.org\/{rel}","templated":true}]}}