{"id":15537,"date":"2020-02-21T14:53:36","date_gmt":"2020-02-21T13:53:36","guid":{"rendered":"http:\/\/www.clubmaritimomelilla.es\/clmar\/?p=15023"},"modified":"2021-06-03T14:29:14","modified_gmt":"2021-06-03T12:29:14","slug":"este-sabado-en-el-real-club-maritimo-de-melilla-concurso-gastronomico-y-baile-de-disfraces-infantiles","status":"publish","type":"post","link":"https:\/\/www.realclubmaritimomelilla.es\/clmar\/este-sabado-en-el-real-club-maritimo-de-melilla-concurso-gastronomico-y-baile-de-disfraces-infantiles\/","title":{"rendered":"ESTE S\u00c1BADO EN EL REAL CLUB M\u00c1RITIMO DE MELILLA, CONCURSO GASTRON\u00d3MICO Y BAILE DE DISFRACES INFANTILES"},"content":{"rendered":"<p>Para ma\u00f1ana s\u00e1bado, 22  de febrero, se ha programado en el Real Club Mar\u00edtimo de Melilla la segunda edici\u00f3n del Concurso Gastron\u00f3mico de Migas y Callos, al tiempo de que por la tarde se continuar\u00e1 con el habitual baile infantil de disfraces de carnaval.<\/p>\n<p>Ambas actividades coinciden en el tiempo, pero est\u00e1n destinadas a todos los socios de la entidad y sus invitados, seg\u00fan marcan los reglamentos para este tipo de celebraciones.<\/p>\n<p>Para tomar parte en el II Concurso de Callos y Migas se han presentado hasta veinticuatro equipos gastron\u00f3micos, que tendr\u00e1n entre las 11:30 horas y las 14:00 horas para presentar sus platos al jurado que nombrar\u00e1 para la ocasi\u00f3n el Club Mar\u00edtimo.<\/p>\n<p>Una nueva iniciativa que se suma al tradicional concurso de paellas en el mes de septiembre y que viene a cubrir una solicitud de distintos socios que hab\u00edan propuesto hacerlo, por lo que por segundo a\u00f1o consecutivo se ha a\u00f1adido a la agenda social de actividades de la entidad.<\/p>\n<p>En la primera edici\u00f3n, Ampara P\u00e9rez gan\u00f3 el concurso de migas, mientras que Francisco Cervilla se impuso en la categor\u00eda de callos. Hay que recordar que el jurado tendr\u00e1 que evaluar la presentaci\u00f3n, sabor y dificultad de cada plato.<\/p>\n<p>Y por la tarde, entre las 17:00 y 19:00 horas, se desarrollar\u00e1 el Baile de Carnaval en el sal\u00f3n multiusos, que para la ocasi\u00f3n se decorar\u00e1 y servir\u00e1 de escenario para los m\u00e1s j\u00f3venes.<\/p>\n<p>Un baile que contar\u00e1 con la participaci\u00f3n de un grupo de animadoras, que desarrollar\u00e1n juegos y actividades para que se diviertan todos los asistentes. De igual forma, el Club Mar\u00edtimo les invitar\u00e1 a una merienda en el transcurso de esta fiesta.<\/p>\n","protected":false},"excerpt":{"rendered":"<p>Para ma\u00f1ana s\u00e1bado, 22 de febrero, se ha programado en el Real Club Mar\u00edtimo de Melilla la segunda edici\u00f3n del Concurso Gastron\u00f3mico de Migas y Callos, al tiempo de que por la tarde se continuar\u00e1 con el habitual baile infantil de disfraces de carnaval. Ambas actividades coinciden en el tiempo, pero est\u00e1n destinadas a todos [&hellip;]<\/p>\n","protected":false},"author":1,"featured_media":15433,"comment_status":"open","ping_status":"open","sticky":false,"template":"","format":"standard","meta":{"_acf_changed":false,"footnotes":""},"categories":[39],"tags":[],"class_list":["post-15537","post","type-post","status-publish","format-standard","has-post-thumbnail","hentry","category-celebraciones"],"acf":[],"yoast_head":"<!-- This site is optimized with the Yoast SEO plugin v27.5 - https:\/\/yoast.com\/product\/yoast-seo-wordpress\/ -->\n<title>ESTE S\u00c1BADO EN EL REAL CLUB M\u00c1RITIMO DE MELILLA, CONCURSO GASTRON\u00d3MICO Y BAILE DE DISFRACES INFANTILES - Real Club Mar\u00edtimo de Melilla<\/title>\n<meta name=\"description\" content=\"ESTE S\u00c1BADO EN EL REAL CLUB M\u00c1RITIMO DE MELILLA, CONCURSO GASTRON\u00d3MICO Y BAILE DE DISFRACES INFANTILES -\" \/>\n<meta name=\"robots\" content=\"index, follow, max-snippet:-1, max-image-preview:large, max-video-preview:-1\" \/>\n<link rel=\"canonical\" href=\"https:\/\/www.realclubmaritimomelilla.es\/clmar\/este-sabado-en-el-real-club-maritimo-de-melilla-concurso-gastronomico-y-baile-de-disfraces-infantiles\/\" \/>\n<meta property=\"og:locale\" content=\"es_ES\" \/>\n<meta property=\"og:type\" content=\"article\" \/>\n<meta property=\"og:title\" content=\"ESTE S\u00c1BADO EN EL REAL CLUB M\u00c1RITIMO DE MELILLA, CONCURSO GASTRON\u00d3MICO Y BAILE DE DISFRACES INFANTILES - Real Club Mar\u00edtimo de Melilla\" \/>\n<meta property=\"og:description\" content=\"ESTE S\u00c1BADO EN EL REAL CLUB M\u00c1RITIMO DE MELILLA, CONCURSO GASTRON\u00d3MICO Y BAILE DE DISFRACES INFANTILES -\" \/>\n<meta property=\"og:url\" content=\"https:\/\/www.realclubmaritimomelilla.es\/clmar\/este-sabado-en-el-real-club-maritimo-de-melilla-concurso-gastronomico-y-baile-de-disfraces-infantiles\/\" \/>\n<meta property=\"og:site_name\" content=\"Real Club Mar\u00edtimo de Melilla\" \/>\n<meta property=\"article:publisher\" content=\"https:\/\/www.facebook.com\/Real-Club-Mar%c3%adtimo-de-Melilla-588495841234214\/\" \/>\n<meta property=\"article:published_time\" content=\"2020-02-21T13:53:36+00:00\" \/>\n<meta property=\"article:modified_time\" content=\"2021-06-03T12:29:14+00:00\" \/>\n<meta property=\"og:image\" content=\"https:\/\/www.realclubmaritimomelilla.es\/clmar\/wp-content\/uploads\/2020\/02\/Sabado-22-febrero-2.jpg\" \/>\n\t<meta property=\"og:image:width\" content=\"1440\" \/>\n\t<meta property=\"og:image:height\" content=\"1011\" \/>\n\t<meta property=\"og:image:type\" content=\"image\/jpeg\" \/>\n<meta name=\"author\" content=\"RCMMelilla\" \/>\n<meta name=\"twitter:card\" content=\"summary_large_image\" \/>\n<meta name=\"twitter:creator\" content=\"@nauticarcmm\" \/>\n<meta name=\"twitter:site\" content=\"@nauticarcmm\" \/>\n<meta name=\"twitter:label1\" content=\"Escrito por\" \/>\n\t<meta name=\"twitter:data1\" content=\"RCMMelilla\" \/>\n\t<meta name=\"twitter:label2\" content=\"Tiempo de lectura\" \/>\n\t<meta name=\"twitter:data2\" content=\"1 minuto\" \/>\n<script type=\"application\/ld+json\" class=\"yoast-schema-graph\">{\"@context\":\"https:\\\/\\\/schema.org\",\"@graph\":[{\"@type\":\"Article\",\"@id\":\"https:\\\/\\\/www.realclubmaritimomelilla.es\\\/clmar\\\/este-sabado-en-el-real-club-maritimo-de-melilla-concurso-gastronomico-y-baile-de-disfraces-infantiles\\\/#article\",\"isPartOf\":{\"@id\":\"https:\\\/\\\/www.realclubmaritimomelilla.es\\\/clmar\\\/este-sabado-en-el-real-club-maritimo-de-melilla-concurso-gastronomico-y-baile-de-disfraces-infantiles\\\/\"},\"author\":{\"name\":\"RCMMelilla\",\"@id\":\"https:\\\/\\\/www.realclubmaritimomelilla.es\\\/clmar\\\/#\\\/schema\\\/person\\\/ebaa3713496dc6d48c872452e73a8e79\"},\"headline\":\"ESTE S\u00c1BADO EN EL REAL CLUB M\u00c1RITIMO DE MELILLA, CONCURSO GASTRON\u00d3MICO Y BAILE DE DISFRACES INFANTILES\",\"datePublished\":\"2020-02-21T13:53:36+00:00\",\"dateModified\":\"2021-06-03T12:29:14+00:00\",\"mainEntityOfPage\":{\"@id\":\"https:\\\/\\\/www.realclubmaritimomelilla.es\\\/clmar\\\/este-sabado-en-el-real-club-maritimo-de-melilla-concurso-gastronomico-y-baile-de-disfraces-infantiles\\\/\"},\"wordCount\":316,\"commentCount\":0,\"publisher\":{\"@id\":\"https:\\\/\\\/www.realclubmaritimomelilla.es\\\/clmar\\\/#organization\"},\"image\":{\"@id\":\"https:\\\/\\\/www.realclubmaritimomelilla.es\\\/clmar\\\/este-sabado-en-el-real-club-maritimo-de-melilla-concurso-gastronomico-y-baile-de-disfraces-infantiles\\\/#primaryimage\"},\"thumbnailUrl\":\"https:\\\/\\\/www.realclubmaritimomelilla.es\\\/clmar\\\/wp-content\\\/uploads\\\/2020\\\/02\\\/Sabado-22-febrero-2.jpg\",\"articleSection\":[\"Celebraciones\"],\"inLanguage\":\"es\",\"potentialAction\":[{\"@type\":\"CommentAction\",\"name\":\"Comment\",\"target\":[\"https:\\\/\\\/www.realclubmaritimomelilla.es\\\/clmar\\\/este-sabado-en-el-real-club-maritimo-de-melilla-concurso-gastronomico-y-baile-de-disfraces-infantiles\\\/#respond\"]}]},{\"@type\":\"WebPage\",\"@id\":\"https:\\\/\\\/www.realclubmaritimomelilla.es\\\/clmar\\\/este-sabado-en-el-real-club-maritimo-de-melilla-concurso-gastronomico-y-baile-de-disfraces-infantiles\\\/\",\"url\":\"https:\\\/\\\/www.realclubmaritimomelilla.es\\\/clmar\\\/este-sabado-en-el-real-club-maritimo-de-melilla-concurso-gastronomico-y-baile-de-disfraces-infantiles\\\/\",\"name\":\"ESTE S\u00c1BADO EN EL REAL CLUB M\u00c1RITIMO DE MELILLA, CONCURSO GASTRON\u00d3MICO Y BAILE DE DISFRACES INFANTILES - Real Club Mar\u00edtimo de Melilla\",\"isPartOf\":{\"@id\":\"https:\\\/\\\/www.realclubmaritimomelilla.es\\\/clmar\\\/#website\"},\"primaryImageOfPage\":{\"@id\":\"https:\\\/\\\/www.realclubmaritimomelilla.es\\\/clmar\\\/este-sabado-en-el-real-club-maritimo-de-melilla-concurso-gastronomico-y-baile-de-disfraces-infantiles\\\/#primaryimage\"},\"image\":{\"@id\":\"https:\\\/\\\/www.realclubmaritimomelilla.es\\\/clmar\\\/este-sabado-en-el-real-club-maritimo-de-melilla-concurso-gastronomico-y-baile-de-disfraces-infantiles\\\/#primaryimage\"},\"thumbnailUrl\":\"https:\\\/\\\/www.realclubmaritimomelilla.es\\\/clmar\\\/wp-content\\\/uploads\\\/2020\\\/02\\\/Sabado-22-febrero-2.jpg\",\"datePublished\":\"2020-02-21T13:53:36+00:00\",\"dateModified\":\"2021-06-03T12:29:14+00:00\",\"description\":\"ESTE S\u00c1BADO EN EL REAL CLUB M\u00c1RITIMO DE MELILLA, CONCURSO GASTRON\u00d3MICO Y BAILE DE DISFRACES INFANTILES -\",\"breadcrumb\":{\"@id\":\"https:\\\/\\\/www.realclubmaritimomelilla.es\\\/clmar\\\/este-sabado-en-el-real-club-maritimo-de-melilla-concurso-gastronomico-y-baile-de-disfraces-infantiles\\\/#breadcrumb\"},\"inLanguage\":\"es\",\"potentialAction\":[{\"@type\":\"ReadAction\",\"target\":[\"https:\\\/\\\/www.realclubmaritimomelilla.es\\\/clmar\\\/este-sabado-en-el-real-club-maritimo-de-melilla-concurso-gastronomico-y-baile-de-disfraces-infantiles\\\/\"]}]},{\"@type\":\"ImageObject\",\"inLanguage\":\"es\",\"@id\":\"https:\\\/\\\/www.realclubmaritimomelilla.es\\\/clmar\\\/este-sabado-en-el-real-club-maritimo-de-melilla-concurso-gastronomico-y-baile-de-disfraces-infantiles\\\/#primaryimage\",\"url\":\"https:\\\/\\\/www.realclubmaritimomelilla.es\\\/clmar\\\/wp-content\\\/uploads\\\/2020\\\/02\\\/Sabado-22-febrero-2.jpg\",\"contentUrl\":\"https:\\\/\\\/www.realclubmaritimomelilla.es\\\/clmar\\\/wp-content\\\/uploads\\\/2020\\\/02\\\/Sabado-22-febrero-2.jpg\",\"width\":1440,\"height\":1011},{\"@type\":\"BreadcrumbList\",\"@id\":\"https:\\\/\\\/www.realclubmaritimomelilla.es\\\/clmar\\\/este-sabado-en-el-real-club-maritimo-de-melilla-concurso-gastronomico-y-baile-de-disfraces-infantiles\\\/#breadcrumb\",\"itemListElement\":[{\"@type\":\"ListItem\",\"position\":1,\"name\":\"Portada\",\"item\":\"https:\\\/\\\/www.realclubmaritimomelilla.es\\\/clmar\\\/\"},{\"@type\":\"ListItem\",\"position\":2,\"name\":\"ESTE S\u00c1BADO EN EL REAL CLUB M\u00c1RITIMO DE MELILLA, CONCURSO GASTRON\u00d3MICO Y BAILE DE DISFRACES INFANTILES\"}]},{\"@type\":\"WebSite\",\"@id\":\"https:\\\/\\\/www.realclubmaritimomelilla.es\\\/clmar\\\/#website\",\"url\":\"https:\\\/\\\/www.realclubmaritimomelilla.es\\\/clmar\\\/\",\"name\":\"Real Club Mar\u00edtimo de Melilla\",\"description\":\"RCMM\",\"publisher\":{\"@id\":\"https:\\\/\\\/www.realclubmaritimomelilla.es\\\/clmar\\\/#organization\"},\"alternateName\":\"RCMM\",\"potentialAction\":[{\"@type\":\"SearchAction\",\"target\":{\"@type\":\"EntryPoint\",\"urlTemplate\":\"https:\\\/\\\/www.realclubmaritimomelilla.es\\\/clmar\\\/?s={search_term_string}\"},\"query-input\":{\"@type\":\"PropertyValueSpecification\",\"valueRequired\":true,\"valueName\":\"search_term_string\"}}],\"inLanguage\":\"es\"},{\"@type\":\"Organization\",\"@id\":\"https:\\\/\\\/www.realclubmaritimomelilla.es\\\/clmar\\\/#organization\",\"name\":\"Real Club Mar\u00edtimo de Melilla\",\"alternateName\":\"RCMM\",\"url\":\"https:\\\/\\\/www.realclubmaritimomelilla.es\\\/clmar\\\/\",\"logo\":{\"@type\":\"ImageObject\",\"inLanguage\":\"es\",\"@id\":\"https:\\\/\\\/www.realclubmaritimomelilla.es\\\/clmar\\\/#\\\/schema\\\/logo\\\/image\\\/\",\"url\":\"https:\\\/\\\/www.realclubmaritimomelilla.es\\\/clmar\\\/wp-content\\\/uploads\\\/logo-club-original-copia.jpg\",\"contentUrl\":\"https:\\\/\\\/www.realclubmaritimomelilla.es\\\/clmar\\\/wp-content\\\/uploads\\\/logo-club-original-copia.jpg\",\"width\":128,\"height\":89,\"caption\":\"Real Club Mar\u00edtimo de Melilla\"},\"image\":{\"@id\":\"https:\\\/\\\/www.realclubmaritimomelilla.es\\\/clmar\\\/#\\\/schema\\\/logo\\\/image\\\/\"},\"sameAs\":[\"https:\\\/\\\/www.facebook.com\\\/Real-Club-Mar\u00edtimo-de-Melilla-588495841234214\\\/\",\"https:\\\/\\\/x.com\\\/nauticarcmm\",\"https:\\\/\\\/www.instagram.com\\\/club_maritimo_melilla\\\/\",\"https:\\\/\\\/www.youtube.com\\\/@realclubmaritimodemelilla4703\",\"https:\\\/\\\/es.wikipedia.org\\\/wiki\\\/Real_Club_Mar\u00edtimo_de_Melilla\"]},{\"@type\":\"Person\",\"@id\":\"https:\\\/\\\/www.realclubmaritimomelilla.es\\\/clmar\\\/#\\\/schema\\\/person\\\/ebaa3713496dc6d48c872452e73a8e79\",\"name\":\"RCMMelilla\",\"image\":{\"@type\":\"ImageObject\",\"inLanguage\":\"es\",\"@id\":\"https:\\\/\\\/secure.gravatar.com\\\/avatar\\\/df1c24789360fb9308735c4ee556fc2bc5bf924bf01e53043b8b97ba272da33c?s=96&d=mm&r=g\",\"url\":\"https:\\\/\\\/secure.gravatar.com\\\/avatar\\\/df1c24789360fb9308735c4ee556fc2bc5bf924bf01e53043b8b97ba272da33c?s=96&d=mm&r=g\",\"contentUrl\":\"https:\\\/\\\/secure.gravatar.com\\\/avatar\\\/df1c24789360fb9308735c4ee556fc2bc5bf924bf01e53043b8b97ba272da33c?s=96&d=mm&r=g\",\"caption\":\"RCMMelilla\"}}]}<\/script>\n<!-- \/ Yoast SEO plugin. -->","yoast_head_json":{"title":"ESTE S\u00c1BADO EN EL REAL CLUB M\u00c1RITIMO DE MELILLA, CONCURSO GASTRON\u00d3MICO Y BAILE DE DISFRACES INFANTILES - Real Club Mar\u00edtimo de Melilla","description":"ESTE S\u00c1BADO EN EL REAL CLUB M\u00c1RITIMO DE MELILLA, CONCURSO GASTRON\u00d3MICO Y BAILE DE DISFRACES INFANTILES -","robots":{"index":"index","follow":"follow","max-snippet":"max-snippet:-1","max-image-preview":"max-image-preview:large","max-video-preview":"max-video-preview:-1"},"canonical":"https:\/\/www.realclubmaritimomelilla.es\/clmar\/este-sabado-en-el-real-club-maritimo-de-melilla-concurso-gastronomico-y-baile-de-disfraces-infantiles\/","og_locale":"es_ES","og_type":"article","og_title":"ESTE S\u00c1BADO EN EL REAL CLUB M\u00c1RITIMO DE MELILLA, CONCURSO GASTRON\u00d3MICO Y BAILE DE DISFRACES INFANTILES - Real Club Mar\u00edtimo de Melilla","og_description":"ESTE S\u00c1BADO EN EL REAL CLUB M\u00c1RITIMO DE MELILLA, CONCURSO GASTRON\u00d3MICO Y BAILE DE DISFRACES INFANTILES -","og_url":"https:\/\/www.realclubmaritimomelilla.es\/clmar\/este-sabado-en-el-real-club-maritimo-de-melilla-concurso-gastronomico-y-baile-de-disfraces-infantiles\/","og_site_name":"Real Club Mar\u00edtimo de Melilla","article_publisher":"https:\/\/www.facebook.com\/Real-Club-Mar%c3%adtimo-de-Melilla-588495841234214\/","article_published_time":"2020-02-21T13:53:36+00:00","article_modified_time":"2021-06-03T12:29:14+00:00","og_image":[{"width":1440,"height":1011,"url":"https:\/\/www.realclubmaritimomelilla.es\/clmar\/wp-content\/uploads\/2020\/02\/Sabado-22-febrero-2.jpg","type":"image\/jpeg"}],"author":"RCMMelilla","twitter_card":"summary_large_image","twitter_creator":"@nauticarcmm","twitter_site":"@nauticarcmm","twitter_misc":{"Escrito por":"RCMMelilla","Tiempo de lectura":"1 minuto"},"schema":{"@context":"https:\/\/schema.org","@graph":[{"@type":"Article","@id":"https:\/\/www.realclubmaritimomelilla.es\/clmar\/este-sabado-en-el-real-club-maritimo-de-melilla-concurso-gastronomico-y-baile-de-disfraces-infantiles\/#article","isPartOf":{"@id":"https:\/\/www.realclubmaritimomelilla.es\/clmar\/este-sabado-en-el-real-club-maritimo-de-melilla-concurso-gastronomico-y-baile-de-disfraces-infantiles\/"},"author":{"name":"RCMMelilla","@id":"https:\/\/www.realclubmaritimomelilla.es\/clmar\/#\/schema\/person\/ebaa3713496dc6d48c872452e73a8e79"},"headline":"ESTE S\u00c1BADO EN EL REAL CLUB M\u00c1RITIMO DE MELILLA, CONCURSO GASTRON\u00d3MICO Y BAILE DE DISFRACES INFANTILES","datePublished":"2020-02-21T13:53:36+00:00","dateModified":"2021-06-03T12:29:14+00:00","mainEntityOfPage":{"@id":"https:\/\/www.realclubmaritimomelilla.es\/clmar\/este-sabado-en-el-real-club-maritimo-de-melilla-concurso-gastronomico-y-baile-de-disfraces-infantiles\/"},"wordCount":316,"commentCount":0,"publisher":{"@id":"https:\/\/www.realclubmaritimomelilla.es\/clmar\/#organization"},"image":{"@id":"https:\/\/www.realclubmaritimomelilla.es\/clmar\/este-sabado-en-el-real-club-maritimo-de-melilla-concurso-gastronomico-y-baile-de-disfraces-infantiles\/#primaryimage"},"thumbnailUrl":"https:\/\/www.realclubmaritimomelilla.es\/clmar\/wp-content\/uploads\/2020\/02\/Sabado-22-febrero-2.jpg","articleSection":["Celebraciones"],"inLanguage":"es","potentialAction":[{"@type":"CommentAction","name":"Comment","target":["https:\/\/www.realclubmaritimomelilla.es\/clmar\/este-sabado-en-el-real-club-maritimo-de-melilla-concurso-gastronomico-y-baile-de-disfraces-infantiles\/#respond"]}]},{"@type":"WebPage","@id":"https:\/\/www.realclubmaritimomelilla.es\/clmar\/este-sabado-en-el-real-club-maritimo-de-melilla-concurso-gastronomico-y-baile-de-disfraces-infantiles\/","url":"https:\/\/www.realclubmaritimomelilla.es\/clmar\/este-sabado-en-el-real-club-maritimo-de-melilla-concurso-gastronomico-y-baile-de-disfraces-infantiles\/","name":"ESTE S\u00c1BADO EN EL REAL CLUB M\u00c1RITIMO DE MELILLA, CONCURSO GASTRON\u00d3MICO Y BAILE DE DISFRACES INFANTILES - Real Club Mar\u00edtimo de Melilla","isPartOf":{"@id":"https:\/\/www.realclubmaritimomelilla.es\/clmar\/#website"},"primaryImageOfPage":{"@id":"https:\/\/www.realclubmaritimomelilla.es\/clmar\/este-sabado-en-el-real-club-maritimo-de-melilla-concurso-gastronomico-y-baile-de-disfraces-infantiles\/#primaryimage"},"image":{"@id":"https:\/\/www.realclubmaritimomelilla.es\/clmar\/este-sabado-en-el-real-club-maritimo-de-melilla-concurso-gastronomico-y-baile-de-disfraces-infantiles\/#primaryimage"},"thumbnailUrl":"https:\/\/www.realclubmaritimomelilla.es\/clmar\/wp-content\/uploads\/2020\/02\/Sabado-22-febrero-2.jpg","datePublished":"2020-02-21T13:53:36+00:00","dateModified":"2021-06-03T12:29:14+00:00","description":"ESTE S\u00c1BADO EN EL REAL CLUB M\u00c1RITIMO DE MELILLA, CONCURSO GASTRON\u00d3MICO Y BAILE DE DISFRACES INFANTILES -","breadcrumb":{"@id":"https:\/\/www.realclubmaritimomelilla.es\/clmar\/este-sabado-en-el-real-club-maritimo-de-melilla-concurso-gastronomico-y-baile-de-disfraces-infantiles\/#breadcrumb"},"inLanguage":"es","potentialAction":[{"@type":"ReadAction","target":["https:\/\/www.realclubmaritimomelilla.es\/clmar\/este-sabado-en-el-real-club-maritimo-de-melilla-concurso-gastronomico-y-baile-de-disfraces-infantiles\/"]}]},{"@type":"ImageObject","inLanguage":"es","@id":"https:\/\/www.realclubmaritimomelilla.es\/clmar\/este-sabado-en-el-real-club-maritimo-de-melilla-concurso-gastronomico-y-baile-de-disfraces-infantiles\/#primaryimage","url":"https:\/\/www.realclubmaritimomelilla.es\/clmar\/wp-content\/uploads\/2020\/02\/Sabado-22-febrero-2.jpg","contentUrl":"https:\/\/www.realclubmaritimomelilla.es\/clmar\/wp-content\/uploads\/2020\/02\/Sabado-22-febrero-2.jpg","width":1440,"height":1011},{"@type":"BreadcrumbList","@id":"https:\/\/www.realclubmaritimomelilla.es\/clmar\/este-sabado-en-el-real-club-maritimo-de-melilla-concurso-gastronomico-y-baile-de-disfraces-infantiles\/#breadcrumb","itemListElement":[{"@type":"ListItem","position":1,"name":"Portada","item":"https:\/\/www.realclubmaritimomelilla.es\/clmar\/"},{"@type":"ListItem","position":2,"name":"ESTE S\u00c1BADO EN EL REAL CLUB M\u00c1RITIMO DE MELILLA, CONCURSO GASTRON\u00d3MICO Y BAILE DE DISFRACES INFANTILES"}]},{"@type":"WebSite","@id":"https:\/\/www.realclubmaritimomelilla.es\/clmar\/#website","url":"https:\/\/www.realclubmaritimomelilla.es\/clmar\/","name":"Real Club Mar\u00edtimo de Melilla","description":"RCMM","publisher":{"@id":"https:\/\/www.realclubmaritimomelilla.es\/clmar\/#organization"},"alternateName":"RCMM","potentialAction":[{"@type":"SearchAction","target":{"@type":"EntryPoint","urlTemplate":"https:\/\/www.realclubmaritimomelilla.es\/clmar\/?s={search_term_string}"},"query-input":{"@type":"PropertyValueSpecification","valueRequired":true,"valueName":"search_term_string"}}],"inLanguage":"es"},{"@type":"Organization","@id":"https:\/\/www.realclubmaritimomelilla.es\/clmar\/#organization","name":"Real Club Mar\u00edtimo de Melilla","alternateName":"RCMM","url":"https:\/\/www.realclubmaritimomelilla.es\/clmar\/","logo":{"@type":"ImageObject","inLanguage":"es","@id":"https:\/\/www.realclubmaritimomelilla.es\/clmar\/#\/schema\/logo\/image\/","url":"https:\/\/www.realclubmaritimomelilla.es\/clmar\/wp-content\/uploads\/logo-club-original-copia.jpg","contentUrl":"https:\/\/www.realclubmaritimomelilla.es\/clmar\/wp-content\/uploads\/logo-club-original-copia.jpg","width":128,"height":89,"caption":"Real Club Mar\u00edtimo de Melilla"},"image":{"@id":"https:\/\/www.realclubmaritimomelilla.es\/clmar\/#\/schema\/logo\/image\/"},"sameAs":["https:\/\/www.facebook.com\/Real-Club-Mar\u00edtimo-de-Melilla-588495841234214\/","https:\/\/x.com\/nauticarcmm","https:\/\/www.instagram.com\/club_maritimo_melilla\/","https:\/\/www.youtube.com\/@realclubmaritimodemelilla4703","https:\/\/es.wikipedia.org\/wiki\/Real_Club_Mar\u00edtimo_de_Melilla"]},{"@type":"Person","@id":"https:\/\/www.realclubmaritimomelilla.es\/clmar\/#\/schema\/person\/ebaa3713496dc6d48c872452e73a8e79","name":"RCMMelilla","image":{"@type":"ImageObject","inLanguage":"es","@id":"https:\/\/secure.gravatar.com\/avatar\/df1c24789360fb9308735c4ee556fc2bc5bf924bf01e53043b8b97ba272da33c?s=96&d=mm&r=g","url":"https:\/\/secure.gravatar.com\/avatar\/df1c24789360fb9308735c4ee556fc2bc5bf924bf01e53043b8b97ba272da33c?s=96&d=mm&r=g","contentUrl":"https:\/\/secure.gravatar.com\/avatar\/df1c24789360fb9308735c4ee556fc2bc5bf924bf01e53043b8b97ba272da33c?s=96&d=mm&r=g","caption":"RCMMelilla"}}]}},"_links":{"self":[{"href":"https:\/\/www.realclubmaritimomelilla.es\/clmar\/wp-json\/wp\/v2\/posts\/15537","targetHints":{"allow":["GET"]}}],"collection":[{"href":"https:\/\/www.realclubmaritimomelilla.es\/clmar\/wp-json\/wp\/v2\/posts"}],"about":[{"href":"https:\/\/www.realclubmaritimomelilla.es\/clmar\/wp-json\/wp\/v2\/types\/post"}],"author":[{"embeddable":true,"href":"https:\/\/www.realclubmaritimomelilla.es\/clmar\/wp-json\/wp\/v2\/users\/1"}],"replies":[{"embeddable":true,"href":"https:\/\/www.realclubmaritimomelilla.es\/clmar\/wp-json\/wp\/v2\/comments?post=15537"}],"version-history":[{"count":1,"href":"https:\/\/www.realclubmaritimomelilla.es\/clmar\/wp-json\/wp\/v2\/posts\/15537\/revisions"}],"predecessor-version":[{"id":15599,"href":"https:\/\/www.realclubmaritimomelilla.es\/clmar\/wp-json\/wp\/v2\/posts\/15537\/revisions\/15599"}],"wp:featuredmedia":[{"embeddable":true,"href":"https:\/\/www.realclubmaritimomelilla.es\/clmar\/wp-json\/wp\/v2\/media\/15433"}],"wp:attachment":[{"href":"https:\/\/www.realclubmaritimomelilla.es\/clmar\/wp-json\/wp\/v2\/media?parent=15537"}],"wp:term":[{"taxonomy":"category","embeddable":true,"href":"https:\/\/www.realclubmaritimomelilla.es\/clmar\/wp-json\/wp\/v2\/categories?post=15537"},{"taxonomy":"post_tag","embeddable":true,"href":"https:\/\/www.realclubmaritimomelilla.es\/clmar\/wp-json\/wp\/v2\/tags?post=15537"}],"curies":[{"name":"wp","href":"https:\/\/api.w.org\/{rel}","templated":true}]}}