{"id":15530,"date":"2020-02-11T18:32:53","date_gmt":"2020-02-11T17:32:53","guid":{"rendered":"http:\/\/www.clubmaritimomelilla.es\/clmar\/?p=14986"},"modified":"2021-07-20T11:38:52","modified_gmt":"2021-07-20T09:38:52","slug":"la-copa-de-espana-de-windsurf-2020-levanta-el-telon-en-melilla","status":"publish","type":"post","link":"https:\/\/www.realclubmaritimomelilla.es\/clmar\/la-copa-de-espana-de-windsurf-2020-levanta-el-telon-en-melilla\/","title":{"rendered":"LA COPA DE ESPA\u00d1A DE WINDSURF 2020 LEVANTA EL TEL\u00d3N EN MELILLA"},"content":{"rendered":"<p>Un centenar de regatistas canarios, baleares, catalanes, melillenses, andaluces, valencianos y gallegos participan desde este mi\u00e9rcoles en la Copa de Espa\u00f1a de Windsfurf para las clases Techno 293 sub13, sub15, sub17 y Plus, adem\u00e1s de para la flota RS:X sub19 que tendr\u00e1 como escenario la ciudad de Melilla.<\/p>\n<p>La mayor\u00eda de participantes en la competici\u00f3n organizada por el Real Club Maritimo de Melilla y la Real Federaci\u00f3n Espa\u00f1ola de Vela, con el apoyo de la Consejer\u00eda de Deportes de la ciudad aut\u00f3noma de Melilla y la naviera Armas-Trasmediterranea, ya han desembarcado y los m\u00e1s aventajado han aprovechado este martes para formalizar la inscripci\u00f3n y pasar las verificaciones oficiales.<\/p>\n<p>Al frente del Comit\u00e9 de Medici\u00f3n est\u00e1 Leo S\u00e1nchez, junto al primer oficial del Comit\u00e9, el canario Eduardo Escuder, ser\u00e1n dos piezas clave en el desarrollo de esta competici\u00f3n que estar\u00e1 dirigida por el melillense Fidel Mart\u00ednez.<\/p>\n<p>Los primeros en superar las verificaciones y inscripciones han sido los regatistas melillenses, junto a canarios y catalanes.<\/p>\n<p>Este mi\u00e9rcoles comienza oficialmente esta Copa de Espa\u00f1a Windsurf 2020 con la inscripci\u00f3n del resto de la flota, los entrenamientos oficiales en el campo de regatas y el acto de inauguraci\u00f3n, que tendr\u00e1 lugar a partir de las 20 horas en los salones del Real Club Mar\u00edtimo de Melilla con la presencia de los responsables organizativos y directivos de la entidad n\u00e1utica, junto a autoridades de la ciudad aut\u00f3noma.<\/p>\n<p>La competici\u00f3n en el campo de regatas se desarrollar\u00e1 entre este jueves y s\u00e1bado, con un m\u00e1ximo de nueve mangas para decidir el primer t\u00edtulo de la temporada para las clases que participan en esta Copa de Espa\u00f1a.<\/p>\n<p><img decoding=\"async\" src=\"http:\/\/www.clubmaritimomelilla.es\/clmar\/wp-content\/uploads\/2020\/02\/preparativos-Copa4-scaled.jpg\" alt=\"\" class=\"aligncenter size-full wp-image-14991\" width=\"2560\" height=\"1707\"><\/p>\n<p><img decoding=\"async\" src=\"http:\/\/www.clubmaritimomelilla.es\/clmar\/wp-content\/uploads\/2020\/02\/preparativos-Copa3-scaled.jpg\" alt=\"\" class=\"aligncenter size-full wp-image-14990\" width=\"2560\" height=\"1707\"><\/p>\n<p><img decoding=\"async\" src=\"http:\/\/www.clubmaritimomelilla.es\/clmar\/wp-content\/uploads\/2020\/02\/preparativos-Copa-scaled.jpg\" alt=\"\" class=\"aligncenter size-full wp-image-14988\" width=\"2560\" height=\"1707\"><\/p>\n<p><img decoding=\"async\" src=\"http:\/\/www.clubmaritimomelilla.es\/clmar\/wp-content\/uploads\/2020\/02\/inscripciones-scaled.jpg\" alt=\"\" class=\"aligncenter size-full wp-image-14987\" width=\"2560\" height=\"1653\"><\/p>\n","protected":false},"excerpt":{"rendered":"<p>Un centenar de regatistas canarios, baleares, catalanes, melillenses, andaluces, valencianos y gallegos participan desde este mi\u00e9rcoles en la Copa de Espa\u00f1a de Windsfurf para las clases Techno 293 sub13, sub15, sub17 y Plus, adem\u00e1s de para la flota RS:X sub19 que tendr\u00e1 como escenario la ciudad de Melilla. La mayor\u00eda de participantes en la competici\u00f3n [&hellip;]<\/p>\n","protected":false},"author":1,"featured_media":15415,"comment_status":"open","ping_status":"open","sticky":false,"template":"","format":"standard","meta":{"_acf_changed":false,"footnotes":""},"categories":[38],"tags":[],"class_list":["post-15530","post","type-post","status-publish","format-standard","has-post-thumbnail","hentry","category-nautica"],"acf":[],"yoast_head":"<!-- This site is optimized with the Yoast SEO plugin v27.5 - https:\/\/yoast.com\/product\/yoast-seo-wordpress\/ -->\n<title>LA COPA DE ESPA\u00d1A DE WINDSURF 2020 LEVANTA EL TEL\u00d3N EN MELILLA - Real Club Mar\u00edtimo de Melilla<\/title>\n<meta name=\"description\" content=\"LA COPA DE ESPA\u00d1A DE WINDSURF 2020 LEVANTA EL TEL\u00d3N EN MELILLA -\" \/>\n<meta name=\"robots\" content=\"index, follow, max-snippet:-1, max-image-preview:large, max-video-preview:-1\" \/>\n<link rel=\"canonical\" href=\"https:\/\/www.realclubmaritimomelilla.es\/clmar\/la-copa-de-espana-de-windsurf-2020-levanta-el-telon-en-melilla\/\" \/>\n<meta property=\"og:locale\" content=\"es_ES\" \/>\n<meta property=\"og:type\" content=\"article\" \/>\n<meta property=\"og:title\" content=\"LA COPA DE ESPA\u00d1A DE WINDSURF 2020 LEVANTA EL TEL\u00d3N EN MELILLA - Real Club Mar\u00edtimo de Melilla\" \/>\n<meta property=\"og:description\" content=\"LA COPA DE ESPA\u00d1A DE WINDSURF 2020 LEVANTA EL TEL\u00d3N EN MELILLA -\" \/>\n<meta property=\"og:url\" content=\"https:\/\/www.realclubmaritimomelilla.es\/clmar\/la-copa-de-espana-de-windsurf-2020-levanta-el-telon-en-melilla\/\" \/>\n<meta property=\"og:site_name\" content=\"Real Club Mar\u00edtimo de Melilla\" \/>\n<meta property=\"article:publisher\" content=\"https:\/\/www.facebook.com\/Real-Club-Mar%c3%adtimo-de-Melilla-588495841234214\/\" \/>\n<meta property=\"article:published_time\" content=\"2020-02-11T17:32:53+00:00\" \/>\n<meta property=\"article:modified_time\" content=\"2021-07-20T09:38:52+00:00\" \/>\n<meta property=\"og:image\" content=\"https:\/\/www.realclubmaritimomelilla.es\/clmar\/wp-content\/uploads\/2020\/02\/preparativos-Copa2-scaled-2.jpg\" \/>\n\t<meta property=\"og:image:width\" content=\"2560\" \/>\n\t<meta property=\"og:image:height\" content=\"1707\" \/>\n\t<meta property=\"og:image:type\" content=\"image\/jpeg\" \/>\n<meta name=\"author\" content=\"RCMMelilla\" \/>\n<meta name=\"twitter:card\" content=\"summary_large_image\" \/>\n<meta name=\"twitter:creator\" content=\"@nauticarcmm\" \/>\n<meta name=\"twitter:site\" content=\"@nauticarcmm\" \/>\n<meta name=\"twitter:label1\" content=\"Escrito por\" \/>\n\t<meta name=\"twitter:data1\" content=\"RCMMelilla\" \/>\n\t<meta name=\"twitter:label2\" content=\"Tiempo de lectura\" \/>\n\t<meta name=\"twitter:data2\" content=\"1 minuto\" \/>\n<script type=\"application\/ld+json\" class=\"yoast-schema-graph\">{\"@context\":\"https:\\\/\\\/schema.org\",\"@graph\":[{\"@type\":\"Article\",\"@id\":\"https:\\\/\\\/www.realclubmaritimomelilla.es\\\/clmar\\\/la-copa-de-espana-de-windsurf-2020-levanta-el-telon-en-melilla\\\/#article\",\"isPartOf\":{\"@id\":\"https:\\\/\\\/www.realclubmaritimomelilla.es\\\/clmar\\\/la-copa-de-espana-de-windsurf-2020-levanta-el-telon-en-melilla\\\/\"},\"author\":{\"name\":\"RCMMelilla\",\"@id\":\"https:\\\/\\\/www.realclubmaritimomelilla.es\\\/clmar\\\/#\\\/schema\\\/person\\\/ebaa3713496dc6d48c872452e73a8e79\"},\"headline\":\"LA COPA DE ESPA\u00d1A DE WINDSURF 2020 LEVANTA EL TEL\u00d3N EN MELILLA\",\"datePublished\":\"2020-02-11T17:32:53+00:00\",\"dateModified\":\"2021-07-20T09:38:52+00:00\",\"mainEntityOfPage\":{\"@id\":\"https:\\\/\\\/www.realclubmaritimomelilla.es\\\/clmar\\\/la-copa-de-espana-de-windsurf-2020-levanta-el-telon-en-melilla\\\/\"},\"wordCount\":309,\"commentCount\":0,\"publisher\":{\"@id\":\"https:\\\/\\\/www.realclubmaritimomelilla.es\\\/clmar\\\/#organization\"},\"image\":{\"@id\":\"https:\\\/\\\/www.realclubmaritimomelilla.es\\\/clmar\\\/la-copa-de-espana-de-windsurf-2020-levanta-el-telon-en-melilla\\\/#primaryimage\"},\"thumbnailUrl\":\"https:\\\/\\\/www.realclubmaritimomelilla.es\\\/clmar\\\/wp-content\\\/uploads\\\/2020\\\/02\\\/preparativos-Copa2-scaled-2.jpg\",\"articleSection\":[\"N\u00e1utica\"],\"inLanguage\":\"es\",\"potentialAction\":[{\"@type\":\"CommentAction\",\"name\":\"Comment\",\"target\":[\"https:\\\/\\\/www.realclubmaritimomelilla.es\\\/clmar\\\/la-copa-de-espana-de-windsurf-2020-levanta-el-telon-en-melilla\\\/#respond\"]}]},{\"@type\":\"WebPage\",\"@id\":\"https:\\\/\\\/www.realclubmaritimomelilla.es\\\/clmar\\\/la-copa-de-espana-de-windsurf-2020-levanta-el-telon-en-melilla\\\/\",\"url\":\"https:\\\/\\\/www.realclubmaritimomelilla.es\\\/clmar\\\/la-copa-de-espana-de-windsurf-2020-levanta-el-telon-en-melilla\\\/\",\"name\":\"LA COPA DE ESPA\u00d1A DE WINDSURF 2020 LEVANTA EL TEL\u00d3N EN MELILLA - Real Club Mar\u00edtimo de Melilla\",\"isPartOf\":{\"@id\":\"https:\\\/\\\/www.realclubmaritimomelilla.es\\\/clmar\\\/#website\"},\"primaryImageOfPage\":{\"@id\":\"https:\\\/\\\/www.realclubmaritimomelilla.es\\\/clmar\\\/la-copa-de-espana-de-windsurf-2020-levanta-el-telon-en-melilla\\\/#primaryimage\"},\"image\":{\"@id\":\"https:\\\/\\\/www.realclubmaritimomelilla.es\\\/clmar\\\/la-copa-de-espana-de-windsurf-2020-levanta-el-telon-en-melilla\\\/#primaryimage\"},\"thumbnailUrl\":\"https:\\\/\\\/www.realclubmaritimomelilla.es\\\/clmar\\\/wp-content\\\/uploads\\\/2020\\\/02\\\/preparativos-Copa2-scaled-2.jpg\",\"datePublished\":\"2020-02-11T17:32:53+00:00\",\"dateModified\":\"2021-07-20T09:38:52+00:00\",\"description\":\"LA COPA DE ESPA\u00d1A DE WINDSURF 2020 LEVANTA EL TEL\u00d3N EN MELILLA -\",\"breadcrumb\":{\"@id\":\"https:\\\/\\\/www.realclubmaritimomelilla.es\\\/clmar\\\/la-copa-de-espana-de-windsurf-2020-levanta-el-telon-en-melilla\\\/#breadcrumb\"},\"inLanguage\":\"es\",\"potentialAction\":[{\"@type\":\"ReadAction\",\"target\":[\"https:\\\/\\\/www.realclubmaritimomelilla.es\\\/clmar\\\/la-copa-de-espana-de-windsurf-2020-levanta-el-telon-en-melilla\\\/\"]}]},{\"@type\":\"ImageObject\",\"inLanguage\":\"es\",\"@id\":\"https:\\\/\\\/www.realclubmaritimomelilla.es\\\/clmar\\\/la-copa-de-espana-de-windsurf-2020-levanta-el-telon-en-melilla\\\/#primaryimage\",\"url\":\"https:\\\/\\\/www.realclubmaritimomelilla.es\\\/clmar\\\/wp-content\\\/uploads\\\/2020\\\/02\\\/preparativos-Copa2-scaled-2.jpg\",\"contentUrl\":\"https:\\\/\\\/www.realclubmaritimomelilla.es\\\/clmar\\\/wp-content\\\/uploads\\\/2020\\\/02\\\/preparativos-Copa2-scaled-2.jpg\",\"width\":2560,\"height\":1707},{\"@type\":\"BreadcrumbList\",\"@id\":\"https:\\\/\\\/www.realclubmaritimomelilla.es\\\/clmar\\\/la-copa-de-espana-de-windsurf-2020-levanta-el-telon-en-melilla\\\/#breadcrumb\",\"itemListElement\":[{\"@type\":\"ListItem\",\"position\":1,\"name\":\"Portada\",\"item\":\"https:\\\/\\\/www.realclubmaritimomelilla.es\\\/clmar\\\/\"},{\"@type\":\"ListItem\",\"position\":2,\"name\":\"LA COPA DE ESPA\u00d1A DE WINDSURF 2020 LEVANTA EL TEL\u00d3N EN MELILLA\"}]},{\"@type\":\"WebSite\",\"@id\":\"https:\\\/\\\/www.realclubmaritimomelilla.es\\\/clmar\\\/#website\",\"url\":\"https:\\\/\\\/www.realclubmaritimomelilla.es\\\/clmar\\\/\",\"name\":\"Real Club Mar\u00edtimo de Melilla\",\"description\":\"RCMM\",\"publisher\":{\"@id\":\"https:\\\/\\\/www.realclubmaritimomelilla.es\\\/clmar\\\/#organization\"},\"alternateName\":\"RCMM\",\"potentialAction\":[{\"@type\":\"SearchAction\",\"target\":{\"@type\":\"EntryPoint\",\"urlTemplate\":\"https:\\\/\\\/www.realclubmaritimomelilla.es\\\/clmar\\\/?s={search_term_string}\"},\"query-input\":{\"@type\":\"PropertyValueSpecification\",\"valueRequired\":true,\"valueName\":\"search_term_string\"}}],\"inLanguage\":\"es\"},{\"@type\":\"Organization\",\"@id\":\"https:\\\/\\\/www.realclubmaritimomelilla.es\\\/clmar\\\/#organization\",\"name\":\"Real Club Mar\u00edtimo de Melilla\",\"alternateName\":\"RCMM\",\"url\":\"https:\\\/\\\/www.realclubmaritimomelilla.es\\\/clmar\\\/\",\"logo\":{\"@type\":\"ImageObject\",\"inLanguage\":\"es\",\"@id\":\"https:\\\/\\\/www.realclubmaritimomelilla.es\\\/clmar\\\/#\\\/schema\\\/logo\\\/image\\\/\",\"url\":\"https:\\\/\\\/www.realclubmaritimomelilla.es\\\/clmar\\\/wp-content\\\/uploads\\\/logo-club-original-copia.jpg\",\"contentUrl\":\"https:\\\/\\\/www.realclubmaritimomelilla.es\\\/clmar\\\/wp-content\\\/uploads\\\/logo-club-original-copia.jpg\",\"width\":128,\"height\":89,\"caption\":\"Real Club Mar\u00edtimo de Melilla\"},\"image\":{\"@id\":\"https:\\\/\\\/www.realclubmaritimomelilla.es\\\/clmar\\\/#\\\/schema\\\/logo\\\/image\\\/\"},\"sameAs\":[\"https:\\\/\\\/www.facebook.com\\\/Real-Club-Mar\u00edtimo-de-Melilla-588495841234214\\\/\",\"https:\\\/\\\/x.com\\\/nauticarcmm\",\"https:\\\/\\\/www.instagram.com\\\/club_maritimo_melilla\\\/\",\"https:\\\/\\\/www.youtube.com\\\/@realclubmaritimodemelilla4703\",\"https:\\\/\\\/es.wikipedia.org\\\/wiki\\\/Real_Club_Mar\u00edtimo_de_Melilla\"]},{\"@type\":\"Person\",\"@id\":\"https:\\\/\\\/www.realclubmaritimomelilla.es\\\/clmar\\\/#\\\/schema\\\/person\\\/ebaa3713496dc6d48c872452e73a8e79\",\"name\":\"RCMMelilla\",\"image\":{\"@type\":\"ImageObject\",\"inLanguage\":\"es\",\"@id\":\"https:\\\/\\\/secure.gravatar.com\\\/avatar\\\/df1c24789360fb9308735c4ee556fc2bc5bf924bf01e53043b8b97ba272da33c?s=96&d=mm&r=g\",\"url\":\"https:\\\/\\\/secure.gravatar.com\\\/avatar\\\/df1c24789360fb9308735c4ee556fc2bc5bf924bf01e53043b8b97ba272da33c?s=96&d=mm&r=g\",\"contentUrl\":\"https:\\\/\\\/secure.gravatar.com\\\/avatar\\\/df1c24789360fb9308735c4ee556fc2bc5bf924bf01e53043b8b97ba272da33c?s=96&d=mm&r=g\",\"caption\":\"RCMMelilla\"}}]}<\/script>\n<!-- \/ Yoast SEO plugin. -->","yoast_head_json":{"title":"LA COPA DE ESPA\u00d1A DE WINDSURF 2020 LEVANTA EL TEL\u00d3N EN MELILLA - Real Club Mar\u00edtimo de Melilla","description":"LA COPA DE ESPA\u00d1A DE WINDSURF 2020 LEVANTA EL TEL\u00d3N EN MELILLA -","robots":{"index":"index","follow":"follow","max-snippet":"max-snippet:-1","max-image-preview":"max-image-preview:large","max-video-preview":"max-video-preview:-1"},"canonical":"https:\/\/www.realclubmaritimomelilla.es\/clmar\/la-copa-de-espana-de-windsurf-2020-levanta-el-telon-en-melilla\/","og_locale":"es_ES","og_type":"article","og_title":"LA COPA DE ESPA\u00d1A DE WINDSURF 2020 LEVANTA EL TEL\u00d3N EN MELILLA - Real Club Mar\u00edtimo de Melilla","og_description":"LA COPA DE ESPA\u00d1A DE WINDSURF 2020 LEVANTA EL TEL\u00d3N EN MELILLA -","og_url":"https:\/\/www.realclubmaritimomelilla.es\/clmar\/la-copa-de-espana-de-windsurf-2020-levanta-el-telon-en-melilla\/","og_site_name":"Real Club Mar\u00edtimo de Melilla","article_publisher":"https:\/\/www.facebook.com\/Real-Club-Mar%c3%adtimo-de-Melilla-588495841234214\/","article_published_time":"2020-02-11T17:32:53+00:00","article_modified_time":"2021-07-20T09:38:52+00:00","og_image":[{"width":2560,"height":1707,"url":"https:\/\/www.realclubmaritimomelilla.es\/clmar\/wp-content\/uploads\/2020\/02\/preparativos-Copa2-scaled-2.jpg","type":"image\/jpeg"}],"author":"RCMMelilla","twitter_card":"summary_large_image","twitter_creator":"@nauticarcmm","twitter_site":"@nauticarcmm","twitter_misc":{"Escrito por":"RCMMelilla","Tiempo de lectura":"1 minuto"},"schema":{"@context":"https:\/\/schema.org","@graph":[{"@type":"Article","@id":"https:\/\/www.realclubmaritimomelilla.es\/clmar\/la-copa-de-espana-de-windsurf-2020-levanta-el-telon-en-melilla\/#article","isPartOf":{"@id":"https:\/\/www.realclubmaritimomelilla.es\/clmar\/la-copa-de-espana-de-windsurf-2020-levanta-el-telon-en-melilla\/"},"author":{"name":"RCMMelilla","@id":"https:\/\/www.realclubmaritimomelilla.es\/clmar\/#\/schema\/person\/ebaa3713496dc6d48c872452e73a8e79"},"headline":"LA COPA DE ESPA\u00d1A DE WINDSURF 2020 LEVANTA EL TEL\u00d3N EN MELILLA","datePublished":"2020-02-11T17:32:53+00:00","dateModified":"2021-07-20T09:38:52+00:00","mainEntityOfPage":{"@id":"https:\/\/www.realclubmaritimomelilla.es\/clmar\/la-copa-de-espana-de-windsurf-2020-levanta-el-telon-en-melilla\/"},"wordCount":309,"commentCount":0,"publisher":{"@id":"https:\/\/www.realclubmaritimomelilla.es\/clmar\/#organization"},"image":{"@id":"https:\/\/www.realclubmaritimomelilla.es\/clmar\/la-copa-de-espana-de-windsurf-2020-levanta-el-telon-en-melilla\/#primaryimage"},"thumbnailUrl":"https:\/\/www.realclubmaritimomelilla.es\/clmar\/wp-content\/uploads\/2020\/02\/preparativos-Copa2-scaled-2.jpg","articleSection":["N\u00e1utica"],"inLanguage":"es","potentialAction":[{"@type":"CommentAction","name":"Comment","target":["https:\/\/www.realclubmaritimomelilla.es\/clmar\/la-copa-de-espana-de-windsurf-2020-levanta-el-telon-en-melilla\/#respond"]}]},{"@type":"WebPage","@id":"https:\/\/www.realclubmaritimomelilla.es\/clmar\/la-copa-de-espana-de-windsurf-2020-levanta-el-telon-en-melilla\/","url":"https:\/\/www.realclubmaritimomelilla.es\/clmar\/la-copa-de-espana-de-windsurf-2020-levanta-el-telon-en-melilla\/","name":"LA COPA DE ESPA\u00d1A DE WINDSURF 2020 LEVANTA EL TEL\u00d3N EN MELILLA - Real Club Mar\u00edtimo de Melilla","isPartOf":{"@id":"https:\/\/www.realclubmaritimomelilla.es\/clmar\/#website"},"primaryImageOfPage":{"@id":"https:\/\/www.realclubmaritimomelilla.es\/clmar\/la-copa-de-espana-de-windsurf-2020-levanta-el-telon-en-melilla\/#primaryimage"},"image":{"@id":"https:\/\/www.realclubmaritimomelilla.es\/clmar\/la-copa-de-espana-de-windsurf-2020-levanta-el-telon-en-melilla\/#primaryimage"},"thumbnailUrl":"https:\/\/www.realclubmaritimomelilla.es\/clmar\/wp-content\/uploads\/2020\/02\/preparativos-Copa2-scaled-2.jpg","datePublished":"2020-02-11T17:32:53+00:00","dateModified":"2021-07-20T09:38:52+00:00","description":"LA COPA DE ESPA\u00d1A DE WINDSURF 2020 LEVANTA EL TEL\u00d3N EN MELILLA -","breadcrumb":{"@id":"https:\/\/www.realclubmaritimomelilla.es\/clmar\/la-copa-de-espana-de-windsurf-2020-levanta-el-telon-en-melilla\/#breadcrumb"},"inLanguage":"es","potentialAction":[{"@type":"ReadAction","target":["https:\/\/www.realclubmaritimomelilla.es\/clmar\/la-copa-de-espana-de-windsurf-2020-levanta-el-telon-en-melilla\/"]}]},{"@type":"ImageObject","inLanguage":"es","@id":"https:\/\/www.realclubmaritimomelilla.es\/clmar\/la-copa-de-espana-de-windsurf-2020-levanta-el-telon-en-melilla\/#primaryimage","url":"https:\/\/www.realclubmaritimomelilla.es\/clmar\/wp-content\/uploads\/2020\/02\/preparativos-Copa2-scaled-2.jpg","contentUrl":"https:\/\/www.realclubmaritimomelilla.es\/clmar\/wp-content\/uploads\/2020\/02\/preparativos-Copa2-scaled-2.jpg","width":2560,"height":1707},{"@type":"BreadcrumbList","@id":"https:\/\/www.realclubmaritimomelilla.es\/clmar\/la-copa-de-espana-de-windsurf-2020-levanta-el-telon-en-melilla\/#breadcrumb","itemListElement":[{"@type":"ListItem","position":1,"name":"Portada","item":"https:\/\/www.realclubmaritimomelilla.es\/clmar\/"},{"@type":"ListItem","position":2,"name":"LA COPA DE ESPA\u00d1A DE WINDSURF 2020 LEVANTA EL TEL\u00d3N EN MELILLA"}]},{"@type":"WebSite","@id":"https:\/\/www.realclubmaritimomelilla.es\/clmar\/#website","url":"https:\/\/www.realclubmaritimomelilla.es\/clmar\/","name":"Real Club Mar\u00edtimo de Melilla","description":"RCMM","publisher":{"@id":"https:\/\/www.realclubmaritimomelilla.es\/clmar\/#organization"},"alternateName":"RCMM","potentialAction":[{"@type":"SearchAction","target":{"@type":"EntryPoint","urlTemplate":"https:\/\/www.realclubmaritimomelilla.es\/clmar\/?s={search_term_string}"},"query-input":{"@type":"PropertyValueSpecification","valueRequired":true,"valueName":"search_term_string"}}],"inLanguage":"es"},{"@type":"Organization","@id":"https:\/\/www.realclubmaritimomelilla.es\/clmar\/#organization","name":"Real Club Mar\u00edtimo de Melilla","alternateName":"RCMM","url":"https:\/\/www.realclubmaritimomelilla.es\/clmar\/","logo":{"@type":"ImageObject","inLanguage":"es","@id":"https:\/\/www.realclubmaritimomelilla.es\/clmar\/#\/schema\/logo\/image\/","url":"https:\/\/www.realclubmaritimomelilla.es\/clmar\/wp-content\/uploads\/logo-club-original-copia.jpg","contentUrl":"https:\/\/www.realclubmaritimomelilla.es\/clmar\/wp-content\/uploads\/logo-club-original-copia.jpg","width":128,"height":89,"caption":"Real Club Mar\u00edtimo de Melilla"},"image":{"@id":"https:\/\/www.realclubmaritimomelilla.es\/clmar\/#\/schema\/logo\/image\/"},"sameAs":["https:\/\/www.facebook.com\/Real-Club-Mar\u00edtimo-de-Melilla-588495841234214\/","https:\/\/x.com\/nauticarcmm","https:\/\/www.instagram.com\/club_maritimo_melilla\/","https:\/\/www.youtube.com\/@realclubmaritimodemelilla4703","https:\/\/es.wikipedia.org\/wiki\/Real_Club_Mar\u00edtimo_de_Melilla"]},{"@type":"Person","@id":"https:\/\/www.realclubmaritimomelilla.es\/clmar\/#\/schema\/person\/ebaa3713496dc6d48c872452e73a8e79","name":"RCMMelilla","image":{"@type":"ImageObject","inLanguage":"es","@id":"https:\/\/secure.gravatar.com\/avatar\/df1c24789360fb9308735c4ee556fc2bc5bf924bf01e53043b8b97ba272da33c?s=96&d=mm&r=g","url":"https:\/\/secure.gravatar.com\/avatar\/df1c24789360fb9308735c4ee556fc2bc5bf924bf01e53043b8b97ba272da33c?s=96&d=mm&r=g","contentUrl":"https:\/\/secure.gravatar.com\/avatar\/df1c24789360fb9308735c4ee556fc2bc5bf924bf01e53043b8b97ba272da33c?s=96&d=mm&r=g","caption":"RCMMelilla"}}]}},"_links":{"self":[{"href":"https:\/\/www.realclubmaritimomelilla.es\/clmar\/wp-json\/wp\/v2\/posts\/15530","targetHints":{"allow":["GET"]}}],"collection":[{"href":"https:\/\/www.realclubmaritimomelilla.es\/clmar\/wp-json\/wp\/v2\/posts"}],"about":[{"href":"https:\/\/www.realclubmaritimomelilla.es\/clmar\/wp-json\/wp\/v2\/types\/post"}],"author":[{"embeddable":true,"href":"https:\/\/www.realclubmaritimomelilla.es\/clmar\/wp-json\/wp\/v2\/users\/1"}],"replies":[{"embeddable":true,"href":"https:\/\/www.realclubmaritimomelilla.es\/clmar\/wp-json\/wp\/v2\/comments?post=15530"}],"version-history":[{"count":1,"href":"https:\/\/www.realclubmaritimomelilla.es\/clmar\/wp-json\/wp\/v2\/posts\/15530\/revisions"}],"predecessor-version":[{"id":15607,"href":"https:\/\/www.realclubmaritimomelilla.es\/clmar\/wp-json\/wp\/v2\/posts\/15530\/revisions\/15607"}],"wp:featuredmedia":[{"embeddable":true,"href":"https:\/\/www.realclubmaritimomelilla.es\/clmar\/wp-json\/wp\/v2\/media\/15415"}],"wp:attachment":[{"href":"https:\/\/www.realclubmaritimomelilla.es\/clmar\/wp-json\/wp\/v2\/media?parent=15530"}],"wp:term":[{"taxonomy":"category","embeddable":true,"href":"https:\/\/www.realclubmaritimomelilla.es\/clmar\/wp-json\/wp\/v2\/categories?post=15530"},{"taxonomy":"post_tag","embeddable":true,"href":"https:\/\/www.realclubmaritimomelilla.es\/clmar\/wp-json\/wp\/v2\/tags?post=15530"}],"curies":[{"name":"wp","href":"https:\/\/api.w.org\/{rel}","templated":true}]}}