{"id":15529,"date":"2020-02-10T16:27:44","date_gmt":"2020-02-10T15:27:44","guid":{"rendered":"http:\/\/www.clubmaritimomelilla.es\/clmar\/?p=14982"},"modified":"2021-07-20T11:38:52","modified_gmt":"2021-07-20T09:38:52","slug":"un-centenar-de-regatistas-de-cita-en-la-copa-de-espana-de-windsurf-en-melilla","status":"publish","type":"post","link":"https:\/\/www.realclubmaritimomelilla.es\/clmar\/un-centenar-de-regatistas-de-cita-en-la-copa-de-espana-de-windsurf-en-melilla\/","title":{"rendered":"UN CENTENAR DE REGATISTAS DE CITA EN LA COPA DE ESPA\u00d1A DE WINDSURF EN MELILLA"},"content":{"rendered":"<div>La ciudad aut\u00f3noma &nbsp;y el Real Club Mar\u00edtimo de Melilla toman el testigo de Las Palmas de Gran Canaria para albergar esta semana la Copa de Espa\u00f1a de Windsurf en las clases juveniles de Techno 293 y RS:X sub19.<\/div>\n<div><\/div>\n<div>Una cita organizada por el Real Club Mar\u00edtimo de Melilla y la Real Federaci\u00f3n Espa\u00f1ola de Vela, con el patrocinio del proyecto Melilla N\u00e1utica 2020 de la Consejer\u00eda de Deporte y la naviera Armas-Trasmediterranea, que contar\u00e1 con la participaci\u00f3n de un centenar de deportistas representando a seis comunidades aut\u00f3nomas distintas y a la ciudad de Melilla.<\/div>\n<div><\/div>\n<div>Andaluc\u00eda, con 22 regatistas, es la comunidad que m\u00e1s representante tendr\u00e1 en el campo de regata melillense. De igual forma, de las Islas Baleares llegar\u00e1n una veintena de deportistas, lo mismo que desde la Comunidad Valenciana. Quince regatistas provienen de Catalu\u00f1a. Diez ser\u00e1n melillenses, mientras que tanto Canarias como Galicia contar\u00e1n cada una con cinco tablas en la l\u00ednea de salida.<\/div>\n<div><\/div>\n<div>La expedici\u00f3n de las Islas Canarias ha llegado durante el fin de semana y para este martes se espera que se sumen los representantes de Catalu\u00f1a, Baleares y Galicia. Este mi\u00e9rcoles, comienza la Copa de Espa\u00f1a con la jornada de entrenamientos oficiales, junto a las mediciones, inscripciones y acto de bienvenida e inauguraci\u00f3n del evento.<\/div>\n<div><\/div>\n<div>En los \u00faltimos a\u00f1os, el Real Club Mar\u00edtimo de Melilla ha apostado por impulsar las clases de windsurf, realizando una importante inversi\u00f3n que ha permitido que en muy poco espacio de tiempo se han conseguido destacados registros a nivel nacional e internacional.<\/div>\n<div><\/div>\n<div>El a\u00f1o pasado, en la Copa de Espa\u00f1a celebrada en el Real Club N\u00e1utico de Gran Canaria, Azul S\u00e1nchez y Aitana Duarte lograron subirse al podio. Un objetivo que mantienen para esta edici\u00f3n, junto al resto de compa\u00f1eros del equipo que presenta el Real Club Mar\u00edtimo de Melilla a esta cita.<\/div>\n<div><\/div>\n<div>Los regatistas melillenses que participan en este evento nacional son Azul S\u00e1nchez, Aitana Duarte, Emma Mart\u00ednez, Saul Mayor, Francisco S\u00e1nchez, Fabio D\u00edaz, Emira Rodr\u00edguez, Paloma Arrar\u00e1s, Elena Paya y Cristina Padilla.<\/div>\n","protected":false},"excerpt":{"rendered":"<p>La ciudad aut\u00f3noma &nbsp;y el Real Club Mar\u00edtimo de Melilla toman el testigo de Las Palmas de Gran Canaria para albergar esta semana la Copa de Espa\u00f1a de Windsurf en las clases juveniles de Techno 293 y RS:X sub19. Una cita organizada por el Real Club Mar\u00edtimo de Melilla y la Real Federaci\u00f3n Espa\u00f1ola de [&hellip;]<\/p>\n","protected":false},"author":1,"featured_media":15412,"comment_status":"open","ping_status":"open","sticky":false,"template":"","format":"standard","meta":{"_acf_changed":false,"footnotes":""},"categories":[38],"tags":[],"class_list":["post-15529","post","type-post","status-publish","format-standard","has-post-thumbnail","hentry","category-nautica"],"acf":[],"yoast_head":"<!-- This site is optimized with the Yoast SEO plugin v27.5 - https:\/\/yoast.com\/product\/yoast-seo-wordpress\/ -->\n<title>UN CENTENAR DE REGATISTAS DE CITA EN LA COPA DE ESPA\u00d1A DE WINDSURF EN MELILLA - Real Club Mar\u00edtimo de Melilla<\/title>\n<meta name=\"description\" content=\"UN CENTENAR DE REGATISTAS DE CITA EN LA COPA DE ESPA\u00d1A DE WINDSURF EN MELILLA -\" \/>\n<meta name=\"robots\" content=\"index, follow, max-snippet:-1, max-image-preview:large, max-video-preview:-1\" \/>\n<link rel=\"canonical\" href=\"https:\/\/www.realclubmaritimomelilla.es\/clmar\/un-centenar-de-regatistas-de-cita-en-la-copa-de-espana-de-windsurf-en-melilla\/\" \/>\n<meta property=\"og:locale\" content=\"es_ES\" \/>\n<meta property=\"og:type\" content=\"article\" \/>\n<meta property=\"og:title\" content=\"UN CENTENAR DE REGATISTAS DE CITA EN LA COPA DE ESPA\u00d1A DE WINDSURF EN MELILLA - Real Club Mar\u00edtimo de Melilla\" \/>\n<meta property=\"og:description\" content=\"UN CENTENAR DE REGATISTAS DE CITA EN LA COPA DE ESPA\u00d1A DE WINDSURF EN MELILLA -\" \/>\n<meta property=\"og:url\" content=\"https:\/\/www.realclubmaritimomelilla.es\/clmar\/un-centenar-de-regatistas-de-cita-en-la-copa-de-espana-de-windsurf-en-melilla\/\" \/>\n<meta property=\"og:site_name\" content=\"Real Club Mar\u00edtimo de Melilla\" \/>\n<meta property=\"article:publisher\" content=\"https:\/\/www.facebook.com\/Real-Club-Mar%c3%adtimo-de-Melilla-588495841234214\/\" \/>\n<meta property=\"article:published_time\" content=\"2020-02-10T15:27:44+00:00\" \/>\n<meta property=\"article:modified_time\" content=\"2021-07-20T09:38:52+00:00\" \/>\n<meta property=\"og:image\" content=\"https:\/\/www.realclubmaritimomelilla.es\/clmar\/wp-content\/uploads\/2020\/02\/Copa-de-Espa\u00f1a-Windsurf-2020-scaled-2.jpg\" \/>\n\t<meta property=\"og:image:width\" content=\"1810\" \/>\n\t<meta property=\"og:image:height\" content=\"2560\" \/>\n\t<meta property=\"og:image:type\" content=\"image\/jpeg\" \/>\n<meta name=\"author\" content=\"RCMMelilla\" \/>\n<meta name=\"twitter:card\" content=\"summary_large_image\" \/>\n<meta name=\"twitter:creator\" content=\"@nauticarcmm\" \/>\n<meta name=\"twitter:site\" content=\"@nauticarcmm\" \/>\n<meta name=\"twitter:label1\" content=\"Escrito por\" \/>\n\t<meta name=\"twitter:data1\" content=\"RCMMelilla\" \/>\n\t<meta name=\"twitter:label2\" content=\"Tiempo de lectura\" \/>\n\t<meta name=\"twitter:data2\" content=\"2 minutos\" \/>\n<script type=\"application\/ld+json\" class=\"yoast-schema-graph\">{\"@context\":\"https:\\\/\\\/schema.org\",\"@graph\":[{\"@type\":\"Article\",\"@id\":\"https:\\\/\\\/www.realclubmaritimomelilla.es\\\/clmar\\\/un-centenar-de-regatistas-de-cita-en-la-copa-de-espana-de-windsurf-en-melilla\\\/#article\",\"isPartOf\":{\"@id\":\"https:\\\/\\\/www.realclubmaritimomelilla.es\\\/clmar\\\/un-centenar-de-regatistas-de-cita-en-la-copa-de-espana-de-windsurf-en-melilla\\\/\"},\"author\":{\"name\":\"RCMMelilla\",\"@id\":\"https:\\\/\\\/www.realclubmaritimomelilla.es\\\/clmar\\\/#\\\/schema\\\/person\\\/ebaa3713496dc6d48c872452e73a8e79\"},\"headline\":\"UN CENTENAR DE REGATISTAS DE CITA EN LA COPA DE ESPA\u00d1A DE WINDSURF EN MELILLA\",\"datePublished\":\"2020-02-10T15:27:44+00:00\",\"dateModified\":\"2021-07-20T09:38:52+00:00\",\"mainEntityOfPage\":{\"@id\":\"https:\\\/\\\/www.realclubmaritimomelilla.es\\\/clmar\\\/un-centenar-de-regatistas-de-cita-en-la-copa-de-espana-de-windsurf-en-melilla\\\/\"},\"wordCount\":388,\"commentCount\":0,\"publisher\":{\"@id\":\"https:\\\/\\\/www.realclubmaritimomelilla.es\\\/clmar\\\/#organization\"},\"image\":{\"@id\":\"https:\\\/\\\/www.realclubmaritimomelilla.es\\\/clmar\\\/un-centenar-de-regatistas-de-cita-en-la-copa-de-espana-de-windsurf-en-melilla\\\/#primaryimage\"},\"thumbnailUrl\":\"https:\\\/\\\/www.realclubmaritimomelilla.es\\\/clmar\\\/wp-content\\\/uploads\\\/2020\\\/02\\\/Copa-de-Espa\u00f1a-Windsurf-2020-scaled-2.jpg\",\"articleSection\":[\"N\u00e1utica\"],\"inLanguage\":\"es\",\"potentialAction\":[{\"@type\":\"CommentAction\",\"name\":\"Comment\",\"target\":[\"https:\\\/\\\/www.realclubmaritimomelilla.es\\\/clmar\\\/un-centenar-de-regatistas-de-cita-en-la-copa-de-espana-de-windsurf-en-melilla\\\/#respond\"]}]},{\"@type\":\"WebPage\",\"@id\":\"https:\\\/\\\/www.realclubmaritimomelilla.es\\\/clmar\\\/un-centenar-de-regatistas-de-cita-en-la-copa-de-espana-de-windsurf-en-melilla\\\/\",\"url\":\"https:\\\/\\\/www.realclubmaritimomelilla.es\\\/clmar\\\/un-centenar-de-regatistas-de-cita-en-la-copa-de-espana-de-windsurf-en-melilla\\\/\",\"name\":\"UN CENTENAR DE REGATISTAS DE CITA EN LA COPA DE ESPA\u00d1A DE WINDSURF EN MELILLA - Real Club Mar\u00edtimo de Melilla\",\"isPartOf\":{\"@id\":\"https:\\\/\\\/www.realclubmaritimomelilla.es\\\/clmar\\\/#website\"},\"primaryImageOfPage\":{\"@id\":\"https:\\\/\\\/www.realclubmaritimomelilla.es\\\/clmar\\\/un-centenar-de-regatistas-de-cita-en-la-copa-de-espana-de-windsurf-en-melilla\\\/#primaryimage\"},\"image\":{\"@id\":\"https:\\\/\\\/www.realclubmaritimomelilla.es\\\/clmar\\\/un-centenar-de-regatistas-de-cita-en-la-copa-de-espana-de-windsurf-en-melilla\\\/#primaryimage\"},\"thumbnailUrl\":\"https:\\\/\\\/www.realclubmaritimomelilla.es\\\/clmar\\\/wp-content\\\/uploads\\\/2020\\\/02\\\/Copa-de-Espa\u00f1a-Windsurf-2020-scaled-2.jpg\",\"datePublished\":\"2020-02-10T15:27:44+00:00\",\"dateModified\":\"2021-07-20T09:38:52+00:00\",\"description\":\"UN CENTENAR DE REGATISTAS DE CITA EN LA COPA DE ESPA\u00d1A DE WINDSURF EN MELILLA -\",\"breadcrumb\":{\"@id\":\"https:\\\/\\\/www.realclubmaritimomelilla.es\\\/clmar\\\/un-centenar-de-regatistas-de-cita-en-la-copa-de-espana-de-windsurf-en-melilla\\\/#breadcrumb\"},\"inLanguage\":\"es\",\"potentialAction\":[{\"@type\":\"ReadAction\",\"target\":[\"https:\\\/\\\/www.realclubmaritimomelilla.es\\\/clmar\\\/un-centenar-de-regatistas-de-cita-en-la-copa-de-espana-de-windsurf-en-melilla\\\/\"]}]},{\"@type\":\"ImageObject\",\"inLanguage\":\"es\",\"@id\":\"https:\\\/\\\/www.realclubmaritimomelilla.es\\\/clmar\\\/un-centenar-de-regatistas-de-cita-en-la-copa-de-espana-de-windsurf-en-melilla\\\/#primaryimage\",\"url\":\"https:\\\/\\\/www.realclubmaritimomelilla.es\\\/clmar\\\/wp-content\\\/uploads\\\/2020\\\/02\\\/Copa-de-Espa\u00f1a-Windsurf-2020-scaled-2.jpg\",\"contentUrl\":\"https:\\\/\\\/www.realclubmaritimomelilla.es\\\/clmar\\\/wp-content\\\/uploads\\\/2020\\\/02\\\/Copa-de-Espa\u00f1a-Windsurf-2020-scaled-2.jpg\",\"width\":1810,\"height\":2560},{\"@type\":\"BreadcrumbList\",\"@id\":\"https:\\\/\\\/www.realclubmaritimomelilla.es\\\/clmar\\\/un-centenar-de-regatistas-de-cita-en-la-copa-de-espana-de-windsurf-en-melilla\\\/#breadcrumb\",\"itemListElement\":[{\"@type\":\"ListItem\",\"position\":1,\"name\":\"Portada\",\"item\":\"https:\\\/\\\/www.realclubmaritimomelilla.es\\\/clmar\\\/\"},{\"@type\":\"ListItem\",\"position\":2,\"name\":\"UN CENTENAR DE REGATISTAS DE CITA EN LA COPA DE ESPA\u00d1A DE WINDSURF EN MELILLA\"}]},{\"@type\":\"WebSite\",\"@id\":\"https:\\\/\\\/www.realclubmaritimomelilla.es\\\/clmar\\\/#website\",\"url\":\"https:\\\/\\\/www.realclubmaritimomelilla.es\\\/clmar\\\/\",\"name\":\"Real Club Mar\u00edtimo de Melilla\",\"description\":\"RCMM\",\"publisher\":{\"@id\":\"https:\\\/\\\/www.realclubmaritimomelilla.es\\\/clmar\\\/#organization\"},\"alternateName\":\"RCMM\",\"potentialAction\":[{\"@type\":\"SearchAction\",\"target\":{\"@type\":\"EntryPoint\",\"urlTemplate\":\"https:\\\/\\\/www.realclubmaritimomelilla.es\\\/clmar\\\/?s={search_term_string}\"},\"query-input\":{\"@type\":\"PropertyValueSpecification\",\"valueRequired\":true,\"valueName\":\"search_term_string\"}}],\"inLanguage\":\"es\"},{\"@type\":\"Organization\",\"@id\":\"https:\\\/\\\/www.realclubmaritimomelilla.es\\\/clmar\\\/#organization\",\"name\":\"Real Club Mar\u00edtimo de Melilla\",\"alternateName\":\"RCMM\",\"url\":\"https:\\\/\\\/www.realclubmaritimomelilla.es\\\/clmar\\\/\",\"logo\":{\"@type\":\"ImageObject\",\"inLanguage\":\"es\",\"@id\":\"https:\\\/\\\/www.realclubmaritimomelilla.es\\\/clmar\\\/#\\\/schema\\\/logo\\\/image\\\/\",\"url\":\"https:\\\/\\\/www.realclubmaritimomelilla.es\\\/clmar\\\/wp-content\\\/uploads\\\/logo-club-original-copia.jpg\",\"contentUrl\":\"https:\\\/\\\/www.realclubmaritimomelilla.es\\\/clmar\\\/wp-content\\\/uploads\\\/logo-club-original-copia.jpg\",\"width\":128,\"height\":89,\"caption\":\"Real Club Mar\u00edtimo de Melilla\"},\"image\":{\"@id\":\"https:\\\/\\\/www.realclubmaritimomelilla.es\\\/clmar\\\/#\\\/schema\\\/logo\\\/image\\\/\"},\"sameAs\":[\"https:\\\/\\\/www.facebook.com\\\/Real-Club-Mar\u00edtimo-de-Melilla-588495841234214\\\/\",\"https:\\\/\\\/x.com\\\/nauticarcmm\",\"https:\\\/\\\/www.instagram.com\\\/club_maritimo_melilla\\\/\",\"https:\\\/\\\/www.youtube.com\\\/@realclubmaritimodemelilla4703\",\"https:\\\/\\\/es.wikipedia.org\\\/wiki\\\/Real_Club_Mar\u00edtimo_de_Melilla\"]},{\"@type\":\"Person\",\"@id\":\"https:\\\/\\\/www.realclubmaritimomelilla.es\\\/clmar\\\/#\\\/schema\\\/person\\\/ebaa3713496dc6d48c872452e73a8e79\",\"name\":\"RCMMelilla\",\"image\":{\"@type\":\"ImageObject\",\"inLanguage\":\"es\",\"@id\":\"https:\\\/\\\/secure.gravatar.com\\\/avatar\\\/df1c24789360fb9308735c4ee556fc2bc5bf924bf01e53043b8b97ba272da33c?s=96&d=mm&r=g\",\"url\":\"https:\\\/\\\/secure.gravatar.com\\\/avatar\\\/df1c24789360fb9308735c4ee556fc2bc5bf924bf01e53043b8b97ba272da33c?s=96&d=mm&r=g\",\"contentUrl\":\"https:\\\/\\\/secure.gravatar.com\\\/avatar\\\/df1c24789360fb9308735c4ee556fc2bc5bf924bf01e53043b8b97ba272da33c?s=96&d=mm&r=g\",\"caption\":\"RCMMelilla\"}}]}<\/script>\n<!-- \/ Yoast SEO plugin. -->","yoast_head_json":{"title":"UN CENTENAR DE REGATISTAS DE CITA EN LA COPA DE ESPA\u00d1A DE WINDSURF EN MELILLA - Real Club Mar\u00edtimo de Melilla","description":"UN CENTENAR DE REGATISTAS DE CITA EN LA COPA DE ESPA\u00d1A DE WINDSURF EN MELILLA -","robots":{"index":"index","follow":"follow","max-snippet":"max-snippet:-1","max-image-preview":"max-image-preview:large","max-video-preview":"max-video-preview:-1"},"canonical":"https:\/\/www.realclubmaritimomelilla.es\/clmar\/un-centenar-de-regatistas-de-cita-en-la-copa-de-espana-de-windsurf-en-melilla\/","og_locale":"es_ES","og_type":"article","og_title":"UN CENTENAR DE REGATISTAS DE CITA EN LA COPA DE ESPA\u00d1A DE WINDSURF EN MELILLA - Real Club Mar\u00edtimo de Melilla","og_description":"UN CENTENAR DE REGATISTAS DE CITA EN LA COPA DE ESPA\u00d1A DE WINDSURF EN MELILLA -","og_url":"https:\/\/www.realclubmaritimomelilla.es\/clmar\/un-centenar-de-regatistas-de-cita-en-la-copa-de-espana-de-windsurf-en-melilla\/","og_site_name":"Real Club Mar\u00edtimo de Melilla","article_publisher":"https:\/\/www.facebook.com\/Real-Club-Mar%c3%adtimo-de-Melilla-588495841234214\/","article_published_time":"2020-02-10T15:27:44+00:00","article_modified_time":"2021-07-20T09:38:52+00:00","og_image":[{"width":1810,"height":2560,"url":"https:\/\/www.realclubmaritimomelilla.es\/clmar\/wp-content\/uploads\/2020\/02\/Copa-de-Espa\u00f1a-Windsurf-2020-scaled-2.jpg","type":"image\/jpeg"}],"author":"RCMMelilla","twitter_card":"summary_large_image","twitter_creator":"@nauticarcmm","twitter_site":"@nauticarcmm","twitter_misc":{"Escrito por":"RCMMelilla","Tiempo de lectura":"2 minutos"},"schema":{"@context":"https:\/\/schema.org","@graph":[{"@type":"Article","@id":"https:\/\/www.realclubmaritimomelilla.es\/clmar\/un-centenar-de-regatistas-de-cita-en-la-copa-de-espana-de-windsurf-en-melilla\/#article","isPartOf":{"@id":"https:\/\/www.realclubmaritimomelilla.es\/clmar\/un-centenar-de-regatistas-de-cita-en-la-copa-de-espana-de-windsurf-en-melilla\/"},"author":{"name":"RCMMelilla","@id":"https:\/\/www.realclubmaritimomelilla.es\/clmar\/#\/schema\/person\/ebaa3713496dc6d48c872452e73a8e79"},"headline":"UN CENTENAR DE REGATISTAS DE CITA EN LA COPA DE ESPA\u00d1A DE WINDSURF EN MELILLA","datePublished":"2020-02-10T15:27:44+00:00","dateModified":"2021-07-20T09:38:52+00:00","mainEntityOfPage":{"@id":"https:\/\/www.realclubmaritimomelilla.es\/clmar\/un-centenar-de-regatistas-de-cita-en-la-copa-de-espana-de-windsurf-en-melilla\/"},"wordCount":388,"commentCount":0,"publisher":{"@id":"https:\/\/www.realclubmaritimomelilla.es\/clmar\/#organization"},"image":{"@id":"https:\/\/www.realclubmaritimomelilla.es\/clmar\/un-centenar-de-regatistas-de-cita-en-la-copa-de-espana-de-windsurf-en-melilla\/#primaryimage"},"thumbnailUrl":"https:\/\/www.realclubmaritimomelilla.es\/clmar\/wp-content\/uploads\/2020\/02\/Copa-de-Espa\u00f1a-Windsurf-2020-scaled-2.jpg","articleSection":["N\u00e1utica"],"inLanguage":"es","potentialAction":[{"@type":"CommentAction","name":"Comment","target":["https:\/\/www.realclubmaritimomelilla.es\/clmar\/un-centenar-de-regatistas-de-cita-en-la-copa-de-espana-de-windsurf-en-melilla\/#respond"]}]},{"@type":"WebPage","@id":"https:\/\/www.realclubmaritimomelilla.es\/clmar\/un-centenar-de-regatistas-de-cita-en-la-copa-de-espana-de-windsurf-en-melilla\/","url":"https:\/\/www.realclubmaritimomelilla.es\/clmar\/un-centenar-de-regatistas-de-cita-en-la-copa-de-espana-de-windsurf-en-melilla\/","name":"UN CENTENAR DE REGATISTAS DE CITA EN LA COPA DE ESPA\u00d1A DE WINDSURF EN MELILLA - Real Club Mar\u00edtimo de Melilla","isPartOf":{"@id":"https:\/\/www.realclubmaritimomelilla.es\/clmar\/#website"},"primaryImageOfPage":{"@id":"https:\/\/www.realclubmaritimomelilla.es\/clmar\/un-centenar-de-regatistas-de-cita-en-la-copa-de-espana-de-windsurf-en-melilla\/#primaryimage"},"image":{"@id":"https:\/\/www.realclubmaritimomelilla.es\/clmar\/un-centenar-de-regatistas-de-cita-en-la-copa-de-espana-de-windsurf-en-melilla\/#primaryimage"},"thumbnailUrl":"https:\/\/www.realclubmaritimomelilla.es\/clmar\/wp-content\/uploads\/2020\/02\/Copa-de-Espa\u00f1a-Windsurf-2020-scaled-2.jpg","datePublished":"2020-02-10T15:27:44+00:00","dateModified":"2021-07-20T09:38:52+00:00","description":"UN CENTENAR DE REGATISTAS DE CITA EN LA COPA DE ESPA\u00d1A DE WINDSURF EN MELILLA -","breadcrumb":{"@id":"https:\/\/www.realclubmaritimomelilla.es\/clmar\/un-centenar-de-regatistas-de-cita-en-la-copa-de-espana-de-windsurf-en-melilla\/#breadcrumb"},"inLanguage":"es","potentialAction":[{"@type":"ReadAction","target":["https:\/\/www.realclubmaritimomelilla.es\/clmar\/un-centenar-de-regatistas-de-cita-en-la-copa-de-espana-de-windsurf-en-melilla\/"]}]},{"@type":"ImageObject","inLanguage":"es","@id":"https:\/\/www.realclubmaritimomelilla.es\/clmar\/un-centenar-de-regatistas-de-cita-en-la-copa-de-espana-de-windsurf-en-melilla\/#primaryimage","url":"https:\/\/www.realclubmaritimomelilla.es\/clmar\/wp-content\/uploads\/2020\/02\/Copa-de-Espa\u00f1a-Windsurf-2020-scaled-2.jpg","contentUrl":"https:\/\/www.realclubmaritimomelilla.es\/clmar\/wp-content\/uploads\/2020\/02\/Copa-de-Espa\u00f1a-Windsurf-2020-scaled-2.jpg","width":1810,"height":2560},{"@type":"BreadcrumbList","@id":"https:\/\/www.realclubmaritimomelilla.es\/clmar\/un-centenar-de-regatistas-de-cita-en-la-copa-de-espana-de-windsurf-en-melilla\/#breadcrumb","itemListElement":[{"@type":"ListItem","position":1,"name":"Portada","item":"https:\/\/www.realclubmaritimomelilla.es\/clmar\/"},{"@type":"ListItem","position":2,"name":"UN CENTENAR DE REGATISTAS DE CITA EN LA COPA DE ESPA\u00d1A DE WINDSURF EN MELILLA"}]},{"@type":"WebSite","@id":"https:\/\/www.realclubmaritimomelilla.es\/clmar\/#website","url":"https:\/\/www.realclubmaritimomelilla.es\/clmar\/","name":"Real Club Mar\u00edtimo de Melilla","description":"RCMM","publisher":{"@id":"https:\/\/www.realclubmaritimomelilla.es\/clmar\/#organization"},"alternateName":"RCMM","potentialAction":[{"@type":"SearchAction","target":{"@type":"EntryPoint","urlTemplate":"https:\/\/www.realclubmaritimomelilla.es\/clmar\/?s={search_term_string}"},"query-input":{"@type":"PropertyValueSpecification","valueRequired":true,"valueName":"search_term_string"}}],"inLanguage":"es"},{"@type":"Organization","@id":"https:\/\/www.realclubmaritimomelilla.es\/clmar\/#organization","name":"Real Club Mar\u00edtimo de Melilla","alternateName":"RCMM","url":"https:\/\/www.realclubmaritimomelilla.es\/clmar\/","logo":{"@type":"ImageObject","inLanguage":"es","@id":"https:\/\/www.realclubmaritimomelilla.es\/clmar\/#\/schema\/logo\/image\/","url":"https:\/\/www.realclubmaritimomelilla.es\/clmar\/wp-content\/uploads\/logo-club-original-copia.jpg","contentUrl":"https:\/\/www.realclubmaritimomelilla.es\/clmar\/wp-content\/uploads\/logo-club-original-copia.jpg","width":128,"height":89,"caption":"Real Club Mar\u00edtimo de Melilla"},"image":{"@id":"https:\/\/www.realclubmaritimomelilla.es\/clmar\/#\/schema\/logo\/image\/"},"sameAs":["https:\/\/www.facebook.com\/Real-Club-Mar\u00edtimo-de-Melilla-588495841234214\/","https:\/\/x.com\/nauticarcmm","https:\/\/www.instagram.com\/club_maritimo_melilla\/","https:\/\/www.youtube.com\/@realclubmaritimodemelilla4703","https:\/\/es.wikipedia.org\/wiki\/Real_Club_Mar\u00edtimo_de_Melilla"]},{"@type":"Person","@id":"https:\/\/www.realclubmaritimomelilla.es\/clmar\/#\/schema\/person\/ebaa3713496dc6d48c872452e73a8e79","name":"RCMMelilla","image":{"@type":"ImageObject","inLanguage":"es","@id":"https:\/\/secure.gravatar.com\/avatar\/df1c24789360fb9308735c4ee556fc2bc5bf924bf01e53043b8b97ba272da33c?s=96&d=mm&r=g","url":"https:\/\/secure.gravatar.com\/avatar\/df1c24789360fb9308735c4ee556fc2bc5bf924bf01e53043b8b97ba272da33c?s=96&d=mm&r=g","contentUrl":"https:\/\/secure.gravatar.com\/avatar\/df1c24789360fb9308735c4ee556fc2bc5bf924bf01e53043b8b97ba272da33c?s=96&d=mm&r=g","caption":"RCMMelilla"}}]}},"_links":{"self":[{"href":"https:\/\/www.realclubmaritimomelilla.es\/clmar\/wp-json\/wp\/v2\/posts\/15529","targetHints":{"allow":["GET"]}}],"collection":[{"href":"https:\/\/www.realclubmaritimomelilla.es\/clmar\/wp-json\/wp\/v2\/posts"}],"about":[{"href":"https:\/\/www.realclubmaritimomelilla.es\/clmar\/wp-json\/wp\/v2\/types\/post"}],"author":[{"embeddable":true,"href":"https:\/\/www.realclubmaritimomelilla.es\/clmar\/wp-json\/wp\/v2\/users\/1"}],"replies":[{"embeddable":true,"href":"https:\/\/www.realclubmaritimomelilla.es\/clmar\/wp-json\/wp\/v2\/comments?post=15529"}],"version-history":[{"count":1,"href":"https:\/\/www.realclubmaritimomelilla.es\/clmar\/wp-json\/wp\/v2\/posts\/15529\/revisions"}],"predecessor-version":[{"id":15608,"href":"https:\/\/www.realclubmaritimomelilla.es\/clmar\/wp-json\/wp\/v2\/posts\/15529\/revisions\/15608"}],"wp:featuredmedia":[{"embeddable":true,"href":"https:\/\/www.realclubmaritimomelilla.es\/clmar\/wp-json\/wp\/v2\/media\/15412"}],"wp:attachment":[{"href":"https:\/\/www.realclubmaritimomelilla.es\/clmar\/wp-json\/wp\/v2\/media?parent=15529"}],"wp:term":[{"taxonomy":"category","embeddable":true,"href":"https:\/\/www.realclubmaritimomelilla.es\/clmar\/wp-json\/wp\/v2\/categories?post=15529"},{"taxonomy":"post_tag","embeddable":true,"href":"https:\/\/www.realclubmaritimomelilla.es\/clmar\/wp-json\/wp\/v2\/tags?post=15529"}],"curies":[{"name":"wp","href":"https:\/\/api.w.org\/{rel}","templated":true}]}}