{"id":15528,"date":"2020-02-08T14:24:05","date_gmt":"2020-02-08T13:24:05","guid":{"rendered":"http:\/\/www.clubmaritimomelilla.es\/clmar\/?p=14977"},"modified":"2021-07-20T11:38:53","modified_gmt":"2021-07-20T09:38:53","slug":"presentacion-de-la-copa-de-espana-tecno-293-juvenil-y-rsx","status":"publish","type":"post","link":"https:\/\/www.realclubmaritimomelilla.es\/clmar\/presentacion-de-la-copa-de-espana-tecno-293-juvenil-y-rsx\/","title":{"rendered":"PRESENTACI\u00d3N DE LA COPA DE ESPA\u00d1A TECNO 293 JUVENIL Y RS:X"},"content":{"rendered":"<p>El presidente del Real Club Mar\u00edtimo de Melilla, Jos\u00e9 Manuel Calzado, junto al consejero de Deporte de la ciudad aut\u00f3noma de Melilla, Rachid Bussian, y los responsable de vela de la entidad, Vicente de Juan (Capit\u00e1n de Flota) y F\u00eddel Mart\u00ednez (Coordinador General de Vela) han presentado la pr\u00f3xima cita de la vela nacional en la ciudad de Melilla, la Copa de Espa\u00f1a de Techno 293 en las categor\u00edas sub15 y sub17 y RS:X.<\/p>\n<p>Una presentaci\u00f3n que se ha llevado a cabo en las instalaciones del Club Mar\u00edtimo, a la que tambi\u00e9n han acudido una representaci\u00f3n del equipo de regatas de la entidad, entre los que se encontraban los regatistas que representar\u00e1n a la entidad y a Melilla en esta cita deportiva.<\/p>\n<p>Calzado ha confirmado que estamos, por inscripci\u00f3n, en una de las m\u00e1s importantes \u201ccitas del a\u00f1o para los regatistas de Techno juvenil y RS:X. Nos ha confirmado el secretario nacional de la clase, que estar\u00e1 en Melilla durante el campeonato, que tenemos que estar satisfecho por el trabajo que hemos realizado para conseguir que cien regatistas compitan en esta cita\u201d.<\/p>\n<p>La competici\u00f3n se desarrollar\u00e1 entre el 12 y 15 de febrero en Melilla, siendo el Real Club Mar\u00edtimo el organizador y epicentro de la competici\u00f3n. Una cita enmarcada en el proyecto Melilla N\u00e1utica 2020 de la Consejer\u00eda de Deporte.<\/p>\n<p>La inscripci\u00f3n se ha cerrado con 99 participantes, que representar\u00e1n a siete comunidades aut\u00f3nomas distintas de nuestro pa\u00eds.<\/p>\n<p>El consejero de Deporte, Rachid Bussian, ha que agradecer \u201ca la Federaci\u00f3n Espa\u00f1ola de Vela por seguir confiando en Melilla para albergar eventos de este nivel\u201d, haciendo extensivo ese agradecimiento al propio Club Mar\u00edtimo \u201cpor el trabajo que han hecho para la organizaci\u00f3n de esta Copa de Espa\u00f1a\u201d. De igual forma, ha deseado suerte a todos los participantes, especialmente a los diez regatistas que representar\u00e1n a la ciudad de Melilla en esta competici\u00f3n.<\/p>\n<p><img decoding=\"async\" class=\"aligncenter size-full wp-image-14978\" src=\"http:\/\/www.clubmaritimomelilla.es\/clmar\/wp-content\/uploads\/2020\/02\/presentaci\u00f3n-vela.jpeg\" alt=\"\" width=\"1600\" height=\"1200\"><\/p>\n","protected":false},"excerpt":{"rendered":"<p>El presidente del Real Club Mar\u00edtimo de Melilla, Jos\u00e9 Manuel Calzado, junto al consejero de Deporte de la ciudad aut\u00f3noma de Melilla, Rachid Bussian, y los responsable de vela de la entidad, Vicente de Juan (Capit\u00e1n de Flota) y F\u00eddel Mart\u00ednez (Coordinador General de Vela) han presentado la pr\u00f3xima cita de la vela nacional en [&hellip;]<\/p>\n","protected":false},"author":1,"featured_media":15411,"comment_status":"open","ping_status":"open","sticky":false,"template":"","format":"standard","meta":{"_acf_changed":false,"footnotes":""},"categories":[38],"tags":[],"class_list":["post-15528","post","type-post","status-publish","format-standard","has-post-thumbnail","hentry","category-nautica"],"acf":[],"yoast_head":"<!-- This site is optimized with the Yoast SEO plugin v27.5 - https:\/\/yoast.com\/product\/yoast-seo-wordpress\/ -->\n<title>PRESENTACI\u00d3N DE LA COPA DE ESPA\u00d1A TECNO 293 JUVENIL Y RS:X - Real Club Mar\u00edtimo de Melilla<\/title>\n<meta name=\"description\" content=\"PRESENTACI\u00d3N DE LA COPA DE ESPA\u00d1A TECNO 293 JUVENIL Y RS:X -\" \/>\n<meta name=\"robots\" content=\"index, follow, max-snippet:-1, max-image-preview:large, max-video-preview:-1\" \/>\n<link rel=\"canonical\" href=\"https:\/\/www.realclubmaritimomelilla.es\/clmar\/presentacion-de-la-copa-de-espana-tecno-293-juvenil-y-rsx\/\" \/>\n<meta property=\"og:locale\" content=\"es_ES\" \/>\n<meta property=\"og:type\" content=\"article\" \/>\n<meta property=\"og:title\" content=\"PRESENTACI\u00d3N DE LA COPA DE ESPA\u00d1A TECNO 293 JUVENIL Y RS:X - Real Club Mar\u00edtimo de Melilla\" \/>\n<meta property=\"og:description\" content=\"PRESENTACI\u00d3N DE LA COPA DE ESPA\u00d1A TECNO 293 JUVENIL Y RS:X -\" \/>\n<meta property=\"og:url\" content=\"https:\/\/www.realclubmaritimomelilla.es\/clmar\/presentacion-de-la-copa-de-espana-tecno-293-juvenil-y-rsx\/\" \/>\n<meta property=\"og:site_name\" content=\"Real Club Mar\u00edtimo de Melilla\" \/>\n<meta property=\"article:publisher\" content=\"https:\/\/www.facebook.com\/Real-Club-Mar%c3%adtimo-de-Melilla-588495841234214\/\" \/>\n<meta property=\"article:published_time\" content=\"2020-02-08T13:24:05+00:00\" \/>\n<meta property=\"article:modified_time\" content=\"2021-07-20T09:38:53+00:00\" \/>\n<meta property=\"og:image\" content=\"https:\/\/www.realclubmaritimomelilla.es\/clmar\/wp-content\/uploads\/2020\/02\/presentaci\u00f3n-vela2-2.jpeg\" \/>\n\t<meta property=\"og:image:width\" content=\"1276\" \/>\n\t<meta property=\"og:image:height\" content=\"956\" \/>\n\t<meta property=\"og:image:type\" content=\"image\/jpeg\" \/>\n<meta name=\"author\" content=\"RCMMelilla\" \/>\n<meta name=\"twitter:card\" content=\"summary_large_image\" \/>\n<meta name=\"twitter:creator\" content=\"@nauticarcmm\" \/>\n<meta name=\"twitter:site\" content=\"@nauticarcmm\" \/>\n<meta name=\"twitter:label1\" content=\"Escrito por\" \/>\n\t<meta name=\"twitter:data1\" content=\"RCMMelilla\" \/>\n\t<meta name=\"twitter:label2\" content=\"Tiempo de lectura\" \/>\n\t<meta name=\"twitter:data2\" content=\"2 minutos\" \/>\n<script type=\"application\/ld+json\" class=\"yoast-schema-graph\">{\"@context\":\"https:\\\/\\\/schema.org\",\"@graph\":[{\"@type\":\"Article\",\"@id\":\"https:\\\/\\\/www.realclubmaritimomelilla.es\\\/clmar\\\/presentacion-de-la-copa-de-espana-tecno-293-juvenil-y-rsx\\\/#article\",\"isPartOf\":{\"@id\":\"https:\\\/\\\/www.realclubmaritimomelilla.es\\\/clmar\\\/presentacion-de-la-copa-de-espana-tecno-293-juvenil-y-rsx\\\/\"},\"author\":{\"name\":\"RCMMelilla\",\"@id\":\"https:\\\/\\\/www.realclubmaritimomelilla.es\\\/clmar\\\/#\\\/schema\\\/person\\\/ebaa3713496dc6d48c872452e73a8e79\"},\"headline\":\"PRESENTACI\u00d3N DE LA COPA DE ESPA\u00d1A TECNO 293 JUVENIL Y RS:X\",\"datePublished\":\"2020-02-08T13:24:05+00:00\",\"dateModified\":\"2021-07-20T09:38:53+00:00\",\"mainEntityOfPage\":{\"@id\":\"https:\\\/\\\/www.realclubmaritimomelilla.es\\\/clmar\\\/presentacion-de-la-copa-de-espana-tecno-293-juvenil-y-rsx\\\/\"},\"wordCount\":354,\"commentCount\":0,\"publisher\":{\"@id\":\"https:\\\/\\\/www.realclubmaritimomelilla.es\\\/clmar\\\/#organization\"},\"image\":{\"@id\":\"https:\\\/\\\/www.realclubmaritimomelilla.es\\\/clmar\\\/presentacion-de-la-copa-de-espana-tecno-293-juvenil-y-rsx\\\/#primaryimage\"},\"thumbnailUrl\":\"https:\\\/\\\/www.realclubmaritimomelilla.es\\\/clmar\\\/wp-content\\\/uploads\\\/2020\\\/02\\\/presentaci\u00f3n-vela2-2.jpeg\",\"articleSection\":[\"N\u00e1utica\"],\"inLanguage\":\"es\",\"potentialAction\":[{\"@type\":\"CommentAction\",\"name\":\"Comment\",\"target\":[\"https:\\\/\\\/www.realclubmaritimomelilla.es\\\/clmar\\\/presentacion-de-la-copa-de-espana-tecno-293-juvenil-y-rsx\\\/#respond\"]}]},{\"@type\":\"WebPage\",\"@id\":\"https:\\\/\\\/www.realclubmaritimomelilla.es\\\/clmar\\\/presentacion-de-la-copa-de-espana-tecno-293-juvenil-y-rsx\\\/\",\"url\":\"https:\\\/\\\/www.realclubmaritimomelilla.es\\\/clmar\\\/presentacion-de-la-copa-de-espana-tecno-293-juvenil-y-rsx\\\/\",\"name\":\"PRESENTACI\u00d3N DE LA COPA DE ESPA\u00d1A TECNO 293 JUVENIL Y RS:X - Real Club Mar\u00edtimo de Melilla\",\"isPartOf\":{\"@id\":\"https:\\\/\\\/www.realclubmaritimomelilla.es\\\/clmar\\\/#website\"},\"primaryImageOfPage\":{\"@id\":\"https:\\\/\\\/www.realclubmaritimomelilla.es\\\/clmar\\\/presentacion-de-la-copa-de-espana-tecno-293-juvenil-y-rsx\\\/#primaryimage\"},\"image\":{\"@id\":\"https:\\\/\\\/www.realclubmaritimomelilla.es\\\/clmar\\\/presentacion-de-la-copa-de-espana-tecno-293-juvenil-y-rsx\\\/#primaryimage\"},\"thumbnailUrl\":\"https:\\\/\\\/www.realclubmaritimomelilla.es\\\/clmar\\\/wp-content\\\/uploads\\\/2020\\\/02\\\/presentaci\u00f3n-vela2-2.jpeg\",\"datePublished\":\"2020-02-08T13:24:05+00:00\",\"dateModified\":\"2021-07-20T09:38:53+00:00\",\"description\":\"PRESENTACI\u00d3N DE LA COPA DE ESPA\u00d1A TECNO 293 JUVENIL Y RS:X -\",\"breadcrumb\":{\"@id\":\"https:\\\/\\\/www.realclubmaritimomelilla.es\\\/clmar\\\/presentacion-de-la-copa-de-espana-tecno-293-juvenil-y-rsx\\\/#breadcrumb\"},\"inLanguage\":\"es\",\"potentialAction\":[{\"@type\":\"ReadAction\",\"target\":[\"https:\\\/\\\/www.realclubmaritimomelilla.es\\\/clmar\\\/presentacion-de-la-copa-de-espana-tecno-293-juvenil-y-rsx\\\/\"]}]},{\"@type\":\"ImageObject\",\"inLanguage\":\"es\",\"@id\":\"https:\\\/\\\/www.realclubmaritimomelilla.es\\\/clmar\\\/presentacion-de-la-copa-de-espana-tecno-293-juvenil-y-rsx\\\/#primaryimage\",\"url\":\"https:\\\/\\\/www.realclubmaritimomelilla.es\\\/clmar\\\/wp-content\\\/uploads\\\/2020\\\/02\\\/presentaci\u00f3n-vela2-2.jpeg\",\"contentUrl\":\"https:\\\/\\\/www.realclubmaritimomelilla.es\\\/clmar\\\/wp-content\\\/uploads\\\/2020\\\/02\\\/presentaci\u00f3n-vela2-2.jpeg\",\"width\":1276,\"height\":956},{\"@type\":\"BreadcrumbList\",\"@id\":\"https:\\\/\\\/www.realclubmaritimomelilla.es\\\/clmar\\\/presentacion-de-la-copa-de-espana-tecno-293-juvenil-y-rsx\\\/#breadcrumb\",\"itemListElement\":[{\"@type\":\"ListItem\",\"position\":1,\"name\":\"Portada\",\"item\":\"https:\\\/\\\/www.realclubmaritimomelilla.es\\\/clmar\\\/\"},{\"@type\":\"ListItem\",\"position\":2,\"name\":\"PRESENTACI\u00d3N DE LA COPA DE ESPA\u00d1A TECNO 293 JUVENIL Y RS:X\"}]},{\"@type\":\"WebSite\",\"@id\":\"https:\\\/\\\/www.realclubmaritimomelilla.es\\\/clmar\\\/#website\",\"url\":\"https:\\\/\\\/www.realclubmaritimomelilla.es\\\/clmar\\\/\",\"name\":\"Real Club Mar\u00edtimo de Melilla\",\"description\":\"RCMM\",\"publisher\":{\"@id\":\"https:\\\/\\\/www.realclubmaritimomelilla.es\\\/clmar\\\/#organization\"},\"alternateName\":\"RCMM\",\"potentialAction\":[{\"@type\":\"SearchAction\",\"target\":{\"@type\":\"EntryPoint\",\"urlTemplate\":\"https:\\\/\\\/www.realclubmaritimomelilla.es\\\/clmar\\\/?s={search_term_string}\"},\"query-input\":{\"@type\":\"PropertyValueSpecification\",\"valueRequired\":true,\"valueName\":\"search_term_string\"}}],\"inLanguage\":\"es\"},{\"@type\":\"Organization\",\"@id\":\"https:\\\/\\\/www.realclubmaritimomelilla.es\\\/clmar\\\/#organization\",\"name\":\"Real Club Mar\u00edtimo de Melilla\",\"alternateName\":\"RCMM\",\"url\":\"https:\\\/\\\/www.realclubmaritimomelilla.es\\\/clmar\\\/\",\"logo\":{\"@type\":\"ImageObject\",\"inLanguage\":\"es\",\"@id\":\"https:\\\/\\\/www.realclubmaritimomelilla.es\\\/clmar\\\/#\\\/schema\\\/logo\\\/image\\\/\",\"url\":\"https:\\\/\\\/www.realclubmaritimomelilla.es\\\/clmar\\\/wp-content\\\/uploads\\\/logo-club-original-copia.jpg\",\"contentUrl\":\"https:\\\/\\\/www.realclubmaritimomelilla.es\\\/clmar\\\/wp-content\\\/uploads\\\/logo-club-original-copia.jpg\",\"width\":128,\"height\":89,\"caption\":\"Real Club Mar\u00edtimo de Melilla\"},\"image\":{\"@id\":\"https:\\\/\\\/www.realclubmaritimomelilla.es\\\/clmar\\\/#\\\/schema\\\/logo\\\/image\\\/\"},\"sameAs\":[\"https:\\\/\\\/www.facebook.com\\\/Real-Club-Mar\u00edtimo-de-Melilla-588495841234214\\\/\",\"https:\\\/\\\/x.com\\\/nauticarcmm\",\"https:\\\/\\\/www.instagram.com\\\/club_maritimo_melilla\\\/\",\"https:\\\/\\\/www.youtube.com\\\/@realclubmaritimodemelilla4703\",\"https:\\\/\\\/es.wikipedia.org\\\/wiki\\\/Real_Club_Mar\u00edtimo_de_Melilla\"]},{\"@type\":\"Person\",\"@id\":\"https:\\\/\\\/www.realclubmaritimomelilla.es\\\/clmar\\\/#\\\/schema\\\/person\\\/ebaa3713496dc6d48c872452e73a8e79\",\"name\":\"RCMMelilla\",\"image\":{\"@type\":\"ImageObject\",\"inLanguage\":\"es\",\"@id\":\"https:\\\/\\\/secure.gravatar.com\\\/avatar\\\/df1c24789360fb9308735c4ee556fc2bc5bf924bf01e53043b8b97ba272da33c?s=96&d=mm&r=g\",\"url\":\"https:\\\/\\\/secure.gravatar.com\\\/avatar\\\/df1c24789360fb9308735c4ee556fc2bc5bf924bf01e53043b8b97ba272da33c?s=96&d=mm&r=g\",\"contentUrl\":\"https:\\\/\\\/secure.gravatar.com\\\/avatar\\\/df1c24789360fb9308735c4ee556fc2bc5bf924bf01e53043b8b97ba272da33c?s=96&d=mm&r=g\",\"caption\":\"RCMMelilla\"}}]}<\/script>\n<!-- \/ Yoast SEO plugin. -->","yoast_head_json":{"title":"PRESENTACI\u00d3N DE LA COPA DE ESPA\u00d1A TECNO 293 JUVENIL Y RS:X - Real Club Mar\u00edtimo de Melilla","description":"PRESENTACI\u00d3N DE LA COPA DE ESPA\u00d1A TECNO 293 JUVENIL Y RS:X -","robots":{"index":"index","follow":"follow","max-snippet":"max-snippet:-1","max-image-preview":"max-image-preview:large","max-video-preview":"max-video-preview:-1"},"canonical":"https:\/\/www.realclubmaritimomelilla.es\/clmar\/presentacion-de-la-copa-de-espana-tecno-293-juvenil-y-rsx\/","og_locale":"es_ES","og_type":"article","og_title":"PRESENTACI\u00d3N DE LA COPA DE ESPA\u00d1A TECNO 293 JUVENIL Y RS:X - Real Club Mar\u00edtimo de Melilla","og_description":"PRESENTACI\u00d3N DE LA COPA DE ESPA\u00d1A TECNO 293 JUVENIL Y RS:X -","og_url":"https:\/\/www.realclubmaritimomelilla.es\/clmar\/presentacion-de-la-copa-de-espana-tecno-293-juvenil-y-rsx\/","og_site_name":"Real Club Mar\u00edtimo de Melilla","article_publisher":"https:\/\/www.facebook.com\/Real-Club-Mar%c3%adtimo-de-Melilla-588495841234214\/","article_published_time":"2020-02-08T13:24:05+00:00","article_modified_time":"2021-07-20T09:38:53+00:00","og_image":[{"width":1276,"height":956,"url":"https:\/\/www.realclubmaritimomelilla.es\/clmar\/wp-content\/uploads\/2020\/02\/presentaci\u00f3n-vela2-2.jpeg","type":"image\/jpeg"}],"author":"RCMMelilla","twitter_card":"summary_large_image","twitter_creator":"@nauticarcmm","twitter_site":"@nauticarcmm","twitter_misc":{"Escrito por":"RCMMelilla","Tiempo de lectura":"2 minutos"},"schema":{"@context":"https:\/\/schema.org","@graph":[{"@type":"Article","@id":"https:\/\/www.realclubmaritimomelilla.es\/clmar\/presentacion-de-la-copa-de-espana-tecno-293-juvenil-y-rsx\/#article","isPartOf":{"@id":"https:\/\/www.realclubmaritimomelilla.es\/clmar\/presentacion-de-la-copa-de-espana-tecno-293-juvenil-y-rsx\/"},"author":{"name":"RCMMelilla","@id":"https:\/\/www.realclubmaritimomelilla.es\/clmar\/#\/schema\/person\/ebaa3713496dc6d48c872452e73a8e79"},"headline":"PRESENTACI\u00d3N DE LA COPA DE ESPA\u00d1A TECNO 293 JUVENIL Y RS:X","datePublished":"2020-02-08T13:24:05+00:00","dateModified":"2021-07-20T09:38:53+00:00","mainEntityOfPage":{"@id":"https:\/\/www.realclubmaritimomelilla.es\/clmar\/presentacion-de-la-copa-de-espana-tecno-293-juvenil-y-rsx\/"},"wordCount":354,"commentCount":0,"publisher":{"@id":"https:\/\/www.realclubmaritimomelilla.es\/clmar\/#organization"},"image":{"@id":"https:\/\/www.realclubmaritimomelilla.es\/clmar\/presentacion-de-la-copa-de-espana-tecno-293-juvenil-y-rsx\/#primaryimage"},"thumbnailUrl":"https:\/\/www.realclubmaritimomelilla.es\/clmar\/wp-content\/uploads\/2020\/02\/presentaci\u00f3n-vela2-2.jpeg","articleSection":["N\u00e1utica"],"inLanguage":"es","potentialAction":[{"@type":"CommentAction","name":"Comment","target":["https:\/\/www.realclubmaritimomelilla.es\/clmar\/presentacion-de-la-copa-de-espana-tecno-293-juvenil-y-rsx\/#respond"]}]},{"@type":"WebPage","@id":"https:\/\/www.realclubmaritimomelilla.es\/clmar\/presentacion-de-la-copa-de-espana-tecno-293-juvenil-y-rsx\/","url":"https:\/\/www.realclubmaritimomelilla.es\/clmar\/presentacion-de-la-copa-de-espana-tecno-293-juvenil-y-rsx\/","name":"PRESENTACI\u00d3N DE LA COPA DE ESPA\u00d1A TECNO 293 JUVENIL Y RS:X - Real Club Mar\u00edtimo de Melilla","isPartOf":{"@id":"https:\/\/www.realclubmaritimomelilla.es\/clmar\/#website"},"primaryImageOfPage":{"@id":"https:\/\/www.realclubmaritimomelilla.es\/clmar\/presentacion-de-la-copa-de-espana-tecno-293-juvenil-y-rsx\/#primaryimage"},"image":{"@id":"https:\/\/www.realclubmaritimomelilla.es\/clmar\/presentacion-de-la-copa-de-espana-tecno-293-juvenil-y-rsx\/#primaryimage"},"thumbnailUrl":"https:\/\/www.realclubmaritimomelilla.es\/clmar\/wp-content\/uploads\/2020\/02\/presentaci\u00f3n-vela2-2.jpeg","datePublished":"2020-02-08T13:24:05+00:00","dateModified":"2021-07-20T09:38:53+00:00","description":"PRESENTACI\u00d3N DE LA COPA DE ESPA\u00d1A TECNO 293 JUVENIL Y RS:X -","breadcrumb":{"@id":"https:\/\/www.realclubmaritimomelilla.es\/clmar\/presentacion-de-la-copa-de-espana-tecno-293-juvenil-y-rsx\/#breadcrumb"},"inLanguage":"es","potentialAction":[{"@type":"ReadAction","target":["https:\/\/www.realclubmaritimomelilla.es\/clmar\/presentacion-de-la-copa-de-espana-tecno-293-juvenil-y-rsx\/"]}]},{"@type":"ImageObject","inLanguage":"es","@id":"https:\/\/www.realclubmaritimomelilla.es\/clmar\/presentacion-de-la-copa-de-espana-tecno-293-juvenil-y-rsx\/#primaryimage","url":"https:\/\/www.realclubmaritimomelilla.es\/clmar\/wp-content\/uploads\/2020\/02\/presentaci\u00f3n-vela2-2.jpeg","contentUrl":"https:\/\/www.realclubmaritimomelilla.es\/clmar\/wp-content\/uploads\/2020\/02\/presentaci\u00f3n-vela2-2.jpeg","width":1276,"height":956},{"@type":"BreadcrumbList","@id":"https:\/\/www.realclubmaritimomelilla.es\/clmar\/presentacion-de-la-copa-de-espana-tecno-293-juvenil-y-rsx\/#breadcrumb","itemListElement":[{"@type":"ListItem","position":1,"name":"Portada","item":"https:\/\/www.realclubmaritimomelilla.es\/clmar\/"},{"@type":"ListItem","position":2,"name":"PRESENTACI\u00d3N DE LA COPA DE ESPA\u00d1A TECNO 293 JUVENIL Y RS:X"}]},{"@type":"WebSite","@id":"https:\/\/www.realclubmaritimomelilla.es\/clmar\/#website","url":"https:\/\/www.realclubmaritimomelilla.es\/clmar\/","name":"Real Club Mar\u00edtimo de Melilla","description":"RCMM","publisher":{"@id":"https:\/\/www.realclubmaritimomelilla.es\/clmar\/#organization"},"alternateName":"RCMM","potentialAction":[{"@type":"SearchAction","target":{"@type":"EntryPoint","urlTemplate":"https:\/\/www.realclubmaritimomelilla.es\/clmar\/?s={search_term_string}"},"query-input":{"@type":"PropertyValueSpecification","valueRequired":true,"valueName":"search_term_string"}}],"inLanguage":"es"},{"@type":"Organization","@id":"https:\/\/www.realclubmaritimomelilla.es\/clmar\/#organization","name":"Real Club Mar\u00edtimo de Melilla","alternateName":"RCMM","url":"https:\/\/www.realclubmaritimomelilla.es\/clmar\/","logo":{"@type":"ImageObject","inLanguage":"es","@id":"https:\/\/www.realclubmaritimomelilla.es\/clmar\/#\/schema\/logo\/image\/","url":"https:\/\/www.realclubmaritimomelilla.es\/clmar\/wp-content\/uploads\/logo-club-original-copia.jpg","contentUrl":"https:\/\/www.realclubmaritimomelilla.es\/clmar\/wp-content\/uploads\/logo-club-original-copia.jpg","width":128,"height":89,"caption":"Real Club Mar\u00edtimo de Melilla"},"image":{"@id":"https:\/\/www.realclubmaritimomelilla.es\/clmar\/#\/schema\/logo\/image\/"},"sameAs":["https:\/\/www.facebook.com\/Real-Club-Mar\u00edtimo-de-Melilla-588495841234214\/","https:\/\/x.com\/nauticarcmm","https:\/\/www.instagram.com\/club_maritimo_melilla\/","https:\/\/www.youtube.com\/@realclubmaritimodemelilla4703","https:\/\/es.wikipedia.org\/wiki\/Real_Club_Mar\u00edtimo_de_Melilla"]},{"@type":"Person","@id":"https:\/\/www.realclubmaritimomelilla.es\/clmar\/#\/schema\/person\/ebaa3713496dc6d48c872452e73a8e79","name":"RCMMelilla","image":{"@type":"ImageObject","inLanguage":"es","@id":"https:\/\/secure.gravatar.com\/avatar\/df1c24789360fb9308735c4ee556fc2bc5bf924bf01e53043b8b97ba272da33c?s=96&d=mm&r=g","url":"https:\/\/secure.gravatar.com\/avatar\/df1c24789360fb9308735c4ee556fc2bc5bf924bf01e53043b8b97ba272da33c?s=96&d=mm&r=g","contentUrl":"https:\/\/secure.gravatar.com\/avatar\/df1c24789360fb9308735c4ee556fc2bc5bf924bf01e53043b8b97ba272da33c?s=96&d=mm&r=g","caption":"RCMMelilla"}}]}},"_links":{"self":[{"href":"https:\/\/www.realclubmaritimomelilla.es\/clmar\/wp-json\/wp\/v2\/posts\/15528","targetHints":{"allow":["GET"]}}],"collection":[{"href":"https:\/\/www.realclubmaritimomelilla.es\/clmar\/wp-json\/wp\/v2\/posts"}],"about":[{"href":"https:\/\/www.realclubmaritimomelilla.es\/clmar\/wp-json\/wp\/v2\/types\/post"}],"author":[{"embeddable":true,"href":"https:\/\/www.realclubmaritimomelilla.es\/clmar\/wp-json\/wp\/v2\/users\/1"}],"replies":[{"embeddable":true,"href":"https:\/\/www.realclubmaritimomelilla.es\/clmar\/wp-json\/wp\/v2\/comments?post=15528"}],"version-history":[{"count":1,"href":"https:\/\/www.realclubmaritimomelilla.es\/clmar\/wp-json\/wp\/v2\/posts\/15528\/revisions"}],"predecessor-version":[{"id":15609,"href":"https:\/\/www.realclubmaritimomelilla.es\/clmar\/wp-json\/wp\/v2\/posts\/15528\/revisions\/15609"}],"wp:featuredmedia":[{"embeddable":true,"href":"https:\/\/www.realclubmaritimomelilla.es\/clmar\/wp-json\/wp\/v2\/media\/15411"}],"wp:attachment":[{"href":"https:\/\/www.realclubmaritimomelilla.es\/clmar\/wp-json\/wp\/v2\/media?parent=15528"}],"wp:term":[{"taxonomy":"category","embeddable":true,"href":"https:\/\/www.realclubmaritimomelilla.es\/clmar\/wp-json\/wp\/v2\/categories?post=15528"},{"taxonomy":"post_tag","embeddable":true,"href":"https:\/\/www.realclubmaritimomelilla.es\/clmar\/wp-json\/wp\/v2\/tags?post=15528"}],"curies":[{"name":"wp","href":"https:\/\/api.w.org\/{rel}","templated":true}]}}