{"id":15526,"date":"2020-02-04T09:20:21","date_gmt":"2020-02-04T08:20:21","guid":{"rendered":"http:\/\/www.clubmaritimomelilla.es\/clmar\/?p=14968"},"modified":"2021-07-20T11:38:53","modified_gmt":"2021-07-20T09:38:53","slug":"el-14-de-febrero-se-celebra-la-cena-de-san-valentin-en-el-club-maritimo","status":"publish","type":"post","link":"https:\/\/www.realclubmaritimomelilla.es\/clmar\/el-14-de-febrero-se-celebra-la-cena-de-san-valentin-en-el-club-maritimo\/","title":{"rendered":"EL 14 DE FEBRERO SE CELEBRA LA CENA DE SAN VALENT\u00cdN EN EL CLUB MAR\u00cdTIMO\u00a0"},"content":{"rendered":"<p>El \u2018d\u00eda de los enamorados\u2019, el pr\u00f3ximo viernes 14 de febrero, el Real Club Mar\u00edtimo de Melilla junto al restaurante \u20185 Sentidos\u2019 ha preparado una velada especial.<\/p>\n<p>Siguiendo la tradici\u00f3n de los \u00faltimos a\u00f1os se celebrar\u00e1 una cena con actuaci\u00f3n musical, para disfrutar de una de las veladas para los enamorados.<\/p>\n<p>Para la ocasi\u00f3n se ha elaborado un men\u00fa especial al precio de 35 euros por persona.<\/p>\n<p>Una velada que contra con la actuaci\u00f3n del grupo Cita Previa.<\/p>\n<p>Para m\u00e1s informaci\u00f3n y reservas acudir a la Secretaria del Real Club Maritimo de Melilla, en horario de oficina, donde tambi\u00e9n se les informar\u00e1 de todos los detalles de la actividad.<\/p>\n<p><img decoding=\"async\" class=\"aligncenter size-full wp-image-14969\" src=\"http:\/\/www.clubmaritimomelilla.es\/clmar\/wp-content\/uploads\/2020\/02\/2020_Cena-San-Valentin-RESTAURANTE.jpg\" alt=\"\" width=\"1790\" height=\"2535\"><\/p>\n","protected":false},"excerpt":{"rendered":"<p>El \u2018d\u00eda de los enamorados\u2019, el pr\u00f3ximo viernes 14 de febrero, el Real Club Mar\u00edtimo de Melilla junto al restaurante \u20185 Sentidos\u2019 ha preparado una velada especial. Siguiendo la tradici\u00f3n de los \u00faltimos a\u00f1os se celebrar\u00e1 una cena con actuaci\u00f3n musical, para disfrutar de una de las veladas para los enamorados. Para la ocasi\u00f3n se [&hellip;]<\/p>\n","protected":false},"author":1,"featured_media":15407,"comment_status":"open","ping_status":"open","sticky":false,"template":"","format":"standard","meta":{"_acf_changed":false,"footnotes":""},"categories":[39,40],"tags":[],"class_list":["post-15526","post","type-post","status-publish","format-standard","has-post-thumbnail","hentry","category-celebraciones","category-club"],"acf":[],"yoast_head":"<!-- This site is optimized with the Yoast SEO plugin v27.5 - https:\/\/yoast.com\/product\/yoast-seo-wordpress\/ -->\n<title>EL 14 DE FEBRERO SE CELEBRA LA CENA DE SAN VALENT\u00cdN EN EL CLUB MAR\u00cdTIMO\u00a0 - Real Club Mar\u00edtimo de Melilla<\/title>\n<meta name=\"description\" content=\"EL 14 DE FEBRERO SE CELEBRA LA CENA DE SAN VALENT\u00cdN EN EL CLUB MAR\u00cdTIMO\u00a0 -\" \/>\n<meta name=\"robots\" content=\"index, follow, max-snippet:-1, max-image-preview:large, max-video-preview:-1\" \/>\n<link rel=\"canonical\" href=\"https:\/\/www.realclubmaritimomelilla.es\/clmar\/el-14-de-febrero-se-celebra-la-cena-de-san-valentin-en-el-club-maritimo\/\" \/>\n<meta property=\"og:locale\" content=\"es_ES\" \/>\n<meta property=\"og:type\" content=\"article\" \/>\n<meta property=\"og:title\" content=\"EL 14 DE FEBRERO SE CELEBRA LA CENA DE SAN VALENT\u00cdN EN EL CLUB MAR\u00cdTIMO\u00a0 - Real Club Mar\u00edtimo de Melilla\" \/>\n<meta property=\"og:description\" content=\"EL 14 DE FEBRERO SE CELEBRA LA CENA DE SAN VALENT\u00cdN EN EL CLUB MAR\u00cdTIMO\u00a0 -\" \/>\n<meta property=\"og:url\" content=\"https:\/\/www.realclubmaritimomelilla.es\/clmar\/el-14-de-febrero-se-celebra-la-cena-de-san-valentin-en-el-club-maritimo\/\" \/>\n<meta property=\"og:site_name\" content=\"Real Club Mar\u00edtimo de Melilla\" \/>\n<meta property=\"article:publisher\" content=\"https:\/\/www.facebook.com\/Real-Club-Mar%c3%adtimo-de-Melilla-588495841234214\/\" \/>\n<meta property=\"article:published_time\" content=\"2020-02-04T08:20:21+00:00\" \/>\n<meta property=\"article:modified_time\" content=\"2021-07-20T09:38:53+00:00\" \/>\n<meta property=\"og:image\" content=\"https:\/\/www.realclubmaritimomelilla.es\/clmar\/wp-content\/uploads\/2020\/02\/2020_Cena-San-Valentin-RESTAURANTE-2.jpg\" \/>\n\t<meta property=\"og:image:width\" content=\"1790\" \/>\n\t<meta property=\"og:image:height\" content=\"2535\" \/>\n\t<meta property=\"og:image:type\" content=\"image\/jpeg\" \/>\n<meta name=\"author\" content=\"RCMMelilla\" \/>\n<meta name=\"twitter:card\" content=\"summary_large_image\" \/>\n<meta name=\"twitter:creator\" content=\"@nauticarcmm\" \/>\n<meta name=\"twitter:site\" content=\"@nauticarcmm\" \/>\n<meta name=\"twitter:label1\" content=\"Escrito por\" \/>\n\t<meta name=\"twitter:data1\" content=\"RCMMelilla\" \/>\n\t<meta name=\"twitter:label2\" content=\"Tiempo de lectura\" \/>\n\t<meta name=\"twitter:data2\" content=\"1 minuto\" \/>\n<script type=\"application\/ld+json\" class=\"yoast-schema-graph\">{\"@context\":\"https:\\\/\\\/schema.org\",\"@graph\":[{\"@type\":\"Article\",\"@id\":\"https:\\\/\\\/www.realclubmaritimomelilla.es\\\/clmar\\\/el-14-de-febrero-se-celebra-la-cena-de-san-valentin-en-el-club-maritimo\\\/#article\",\"isPartOf\":{\"@id\":\"https:\\\/\\\/www.realclubmaritimomelilla.es\\\/clmar\\\/el-14-de-febrero-se-celebra-la-cena-de-san-valentin-en-el-club-maritimo\\\/\"},\"author\":{\"name\":\"RCMMelilla\",\"@id\":\"https:\\\/\\\/www.realclubmaritimomelilla.es\\\/clmar\\\/#\\\/schema\\\/person\\\/ebaa3713496dc6d48c872452e73a8e79\"},\"headline\":\"EL 14 DE FEBRERO SE CELEBRA LA CENA DE SAN VALENT\u00cdN EN EL CLUB MAR\u00cdTIMO\u00a0\",\"datePublished\":\"2020-02-04T08:20:21+00:00\",\"dateModified\":\"2021-07-20T09:38:53+00:00\",\"mainEntityOfPage\":{\"@id\":\"https:\\\/\\\/www.realclubmaritimomelilla.es\\\/clmar\\\/el-14-de-febrero-se-celebra-la-cena-de-san-valentin-en-el-club-maritimo\\\/\"},\"wordCount\":133,\"commentCount\":0,\"publisher\":{\"@id\":\"https:\\\/\\\/www.realclubmaritimomelilla.es\\\/clmar\\\/#organization\"},\"image\":{\"@id\":\"https:\\\/\\\/www.realclubmaritimomelilla.es\\\/clmar\\\/el-14-de-febrero-se-celebra-la-cena-de-san-valentin-en-el-club-maritimo\\\/#primaryimage\"},\"thumbnailUrl\":\"https:\\\/\\\/www.realclubmaritimomelilla.es\\\/clmar\\\/wp-content\\\/uploads\\\/2020\\\/02\\\/2020_Cena-San-Valentin-RESTAURANTE-2.jpg\",\"articleSection\":[\"Celebraciones\",\"Club\"],\"inLanguage\":\"es\",\"potentialAction\":[{\"@type\":\"CommentAction\",\"name\":\"Comment\",\"target\":[\"https:\\\/\\\/www.realclubmaritimomelilla.es\\\/clmar\\\/el-14-de-febrero-se-celebra-la-cena-de-san-valentin-en-el-club-maritimo\\\/#respond\"]}]},{\"@type\":\"WebPage\",\"@id\":\"https:\\\/\\\/www.realclubmaritimomelilla.es\\\/clmar\\\/el-14-de-febrero-se-celebra-la-cena-de-san-valentin-en-el-club-maritimo\\\/\",\"url\":\"https:\\\/\\\/www.realclubmaritimomelilla.es\\\/clmar\\\/el-14-de-febrero-se-celebra-la-cena-de-san-valentin-en-el-club-maritimo\\\/\",\"name\":\"EL 14 DE FEBRERO SE CELEBRA LA CENA DE SAN VALENT\u00cdN EN EL CLUB MAR\u00cdTIMO\u00a0 - Real Club Mar\u00edtimo de Melilla\",\"isPartOf\":{\"@id\":\"https:\\\/\\\/www.realclubmaritimomelilla.es\\\/clmar\\\/#website\"},\"primaryImageOfPage\":{\"@id\":\"https:\\\/\\\/www.realclubmaritimomelilla.es\\\/clmar\\\/el-14-de-febrero-se-celebra-la-cena-de-san-valentin-en-el-club-maritimo\\\/#primaryimage\"},\"image\":{\"@id\":\"https:\\\/\\\/www.realclubmaritimomelilla.es\\\/clmar\\\/el-14-de-febrero-se-celebra-la-cena-de-san-valentin-en-el-club-maritimo\\\/#primaryimage\"},\"thumbnailUrl\":\"https:\\\/\\\/www.realclubmaritimomelilla.es\\\/clmar\\\/wp-content\\\/uploads\\\/2020\\\/02\\\/2020_Cena-San-Valentin-RESTAURANTE-2.jpg\",\"datePublished\":\"2020-02-04T08:20:21+00:00\",\"dateModified\":\"2021-07-20T09:38:53+00:00\",\"description\":\"EL 14 DE FEBRERO SE CELEBRA LA CENA DE SAN VALENT\u00cdN EN EL CLUB MAR\u00cdTIMO\u00a0 -\",\"breadcrumb\":{\"@id\":\"https:\\\/\\\/www.realclubmaritimomelilla.es\\\/clmar\\\/el-14-de-febrero-se-celebra-la-cena-de-san-valentin-en-el-club-maritimo\\\/#breadcrumb\"},\"inLanguage\":\"es\",\"potentialAction\":[{\"@type\":\"ReadAction\",\"target\":[\"https:\\\/\\\/www.realclubmaritimomelilla.es\\\/clmar\\\/el-14-de-febrero-se-celebra-la-cena-de-san-valentin-en-el-club-maritimo\\\/\"]}]},{\"@type\":\"ImageObject\",\"inLanguage\":\"es\",\"@id\":\"https:\\\/\\\/www.realclubmaritimomelilla.es\\\/clmar\\\/el-14-de-febrero-se-celebra-la-cena-de-san-valentin-en-el-club-maritimo\\\/#primaryimage\",\"url\":\"https:\\\/\\\/www.realclubmaritimomelilla.es\\\/clmar\\\/wp-content\\\/uploads\\\/2020\\\/02\\\/2020_Cena-San-Valentin-RESTAURANTE-2.jpg\",\"contentUrl\":\"https:\\\/\\\/www.realclubmaritimomelilla.es\\\/clmar\\\/wp-content\\\/uploads\\\/2020\\\/02\\\/2020_Cena-San-Valentin-RESTAURANTE-2.jpg\",\"width\":1790,\"height\":2535},{\"@type\":\"BreadcrumbList\",\"@id\":\"https:\\\/\\\/www.realclubmaritimomelilla.es\\\/clmar\\\/el-14-de-febrero-se-celebra-la-cena-de-san-valentin-en-el-club-maritimo\\\/#breadcrumb\",\"itemListElement\":[{\"@type\":\"ListItem\",\"position\":1,\"name\":\"Portada\",\"item\":\"https:\\\/\\\/www.realclubmaritimomelilla.es\\\/clmar\\\/\"},{\"@type\":\"ListItem\",\"position\":2,\"name\":\"EL 14 DE FEBRERO SE CELEBRA LA CENA DE SAN VALENT\u00cdN EN EL CLUB MAR\u00cdTIMO\u00a0\"}]},{\"@type\":\"WebSite\",\"@id\":\"https:\\\/\\\/www.realclubmaritimomelilla.es\\\/clmar\\\/#website\",\"url\":\"https:\\\/\\\/www.realclubmaritimomelilla.es\\\/clmar\\\/\",\"name\":\"Real Club Mar\u00edtimo de Melilla\",\"description\":\"RCMM\",\"publisher\":{\"@id\":\"https:\\\/\\\/www.realclubmaritimomelilla.es\\\/clmar\\\/#organization\"},\"alternateName\":\"RCMM\",\"potentialAction\":[{\"@type\":\"SearchAction\",\"target\":{\"@type\":\"EntryPoint\",\"urlTemplate\":\"https:\\\/\\\/www.realclubmaritimomelilla.es\\\/clmar\\\/?s={search_term_string}\"},\"query-input\":{\"@type\":\"PropertyValueSpecification\",\"valueRequired\":true,\"valueName\":\"search_term_string\"}}],\"inLanguage\":\"es\"},{\"@type\":\"Organization\",\"@id\":\"https:\\\/\\\/www.realclubmaritimomelilla.es\\\/clmar\\\/#organization\",\"name\":\"Real Club Mar\u00edtimo de Melilla\",\"alternateName\":\"RCMM\",\"url\":\"https:\\\/\\\/www.realclubmaritimomelilla.es\\\/clmar\\\/\",\"logo\":{\"@type\":\"ImageObject\",\"inLanguage\":\"es\",\"@id\":\"https:\\\/\\\/www.realclubmaritimomelilla.es\\\/clmar\\\/#\\\/schema\\\/logo\\\/image\\\/\",\"url\":\"https:\\\/\\\/www.realclubmaritimomelilla.es\\\/clmar\\\/wp-content\\\/uploads\\\/logo-club-original-copia.jpg\",\"contentUrl\":\"https:\\\/\\\/www.realclubmaritimomelilla.es\\\/clmar\\\/wp-content\\\/uploads\\\/logo-club-original-copia.jpg\",\"width\":128,\"height\":89,\"caption\":\"Real Club Mar\u00edtimo de Melilla\"},\"image\":{\"@id\":\"https:\\\/\\\/www.realclubmaritimomelilla.es\\\/clmar\\\/#\\\/schema\\\/logo\\\/image\\\/\"},\"sameAs\":[\"https:\\\/\\\/www.facebook.com\\\/Real-Club-Mar\u00edtimo-de-Melilla-588495841234214\\\/\",\"https:\\\/\\\/x.com\\\/nauticarcmm\",\"https:\\\/\\\/www.instagram.com\\\/club_maritimo_melilla\\\/\",\"https:\\\/\\\/www.youtube.com\\\/@realclubmaritimodemelilla4703\",\"https:\\\/\\\/es.wikipedia.org\\\/wiki\\\/Real_Club_Mar\u00edtimo_de_Melilla\"]},{\"@type\":\"Person\",\"@id\":\"https:\\\/\\\/www.realclubmaritimomelilla.es\\\/clmar\\\/#\\\/schema\\\/person\\\/ebaa3713496dc6d48c872452e73a8e79\",\"name\":\"RCMMelilla\",\"image\":{\"@type\":\"ImageObject\",\"inLanguage\":\"es\",\"@id\":\"https:\\\/\\\/secure.gravatar.com\\\/avatar\\\/df1c24789360fb9308735c4ee556fc2bc5bf924bf01e53043b8b97ba272da33c?s=96&d=mm&r=g\",\"url\":\"https:\\\/\\\/secure.gravatar.com\\\/avatar\\\/df1c24789360fb9308735c4ee556fc2bc5bf924bf01e53043b8b97ba272da33c?s=96&d=mm&r=g\",\"contentUrl\":\"https:\\\/\\\/secure.gravatar.com\\\/avatar\\\/df1c24789360fb9308735c4ee556fc2bc5bf924bf01e53043b8b97ba272da33c?s=96&d=mm&r=g\",\"caption\":\"RCMMelilla\"}}]}<\/script>\n<!-- \/ Yoast SEO plugin. -->","yoast_head_json":{"title":"EL 14 DE FEBRERO SE CELEBRA LA CENA DE SAN VALENT\u00cdN EN EL CLUB MAR\u00cdTIMO\u00a0 - Real Club Mar\u00edtimo de Melilla","description":"EL 14 DE FEBRERO SE CELEBRA LA CENA DE SAN VALENT\u00cdN EN EL CLUB MAR\u00cdTIMO\u00a0 -","robots":{"index":"index","follow":"follow","max-snippet":"max-snippet:-1","max-image-preview":"max-image-preview:large","max-video-preview":"max-video-preview:-1"},"canonical":"https:\/\/www.realclubmaritimomelilla.es\/clmar\/el-14-de-febrero-se-celebra-la-cena-de-san-valentin-en-el-club-maritimo\/","og_locale":"es_ES","og_type":"article","og_title":"EL 14 DE FEBRERO SE CELEBRA LA CENA DE SAN VALENT\u00cdN EN EL CLUB MAR\u00cdTIMO\u00a0 - Real Club Mar\u00edtimo de Melilla","og_description":"EL 14 DE FEBRERO SE CELEBRA LA CENA DE SAN VALENT\u00cdN EN EL CLUB MAR\u00cdTIMO\u00a0 -","og_url":"https:\/\/www.realclubmaritimomelilla.es\/clmar\/el-14-de-febrero-se-celebra-la-cena-de-san-valentin-en-el-club-maritimo\/","og_site_name":"Real Club Mar\u00edtimo de Melilla","article_publisher":"https:\/\/www.facebook.com\/Real-Club-Mar%c3%adtimo-de-Melilla-588495841234214\/","article_published_time":"2020-02-04T08:20:21+00:00","article_modified_time":"2021-07-20T09:38:53+00:00","og_image":[{"width":1790,"height":2535,"url":"https:\/\/www.realclubmaritimomelilla.es\/clmar\/wp-content\/uploads\/2020\/02\/2020_Cena-San-Valentin-RESTAURANTE-2.jpg","type":"image\/jpeg"}],"author":"RCMMelilla","twitter_card":"summary_large_image","twitter_creator":"@nauticarcmm","twitter_site":"@nauticarcmm","twitter_misc":{"Escrito por":"RCMMelilla","Tiempo de lectura":"1 minuto"},"schema":{"@context":"https:\/\/schema.org","@graph":[{"@type":"Article","@id":"https:\/\/www.realclubmaritimomelilla.es\/clmar\/el-14-de-febrero-se-celebra-la-cena-de-san-valentin-en-el-club-maritimo\/#article","isPartOf":{"@id":"https:\/\/www.realclubmaritimomelilla.es\/clmar\/el-14-de-febrero-se-celebra-la-cena-de-san-valentin-en-el-club-maritimo\/"},"author":{"name":"RCMMelilla","@id":"https:\/\/www.realclubmaritimomelilla.es\/clmar\/#\/schema\/person\/ebaa3713496dc6d48c872452e73a8e79"},"headline":"EL 14 DE FEBRERO SE CELEBRA LA CENA DE SAN VALENT\u00cdN EN EL CLUB MAR\u00cdTIMO\u00a0","datePublished":"2020-02-04T08:20:21+00:00","dateModified":"2021-07-20T09:38:53+00:00","mainEntityOfPage":{"@id":"https:\/\/www.realclubmaritimomelilla.es\/clmar\/el-14-de-febrero-se-celebra-la-cena-de-san-valentin-en-el-club-maritimo\/"},"wordCount":133,"commentCount":0,"publisher":{"@id":"https:\/\/www.realclubmaritimomelilla.es\/clmar\/#organization"},"image":{"@id":"https:\/\/www.realclubmaritimomelilla.es\/clmar\/el-14-de-febrero-se-celebra-la-cena-de-san-valentin-en-el-club-maritimo\/#primaryimage"},"thumbnailUrl":"https:\/\/www.realclubmaritimomelilla.es\/clmar\/wp-content\/uploads\/2020\/02\/2020_Cena-San-Valentin-RESTAURANTE-2.jpg","articleSection":["Celebraciones","Club"],"inLanguage":"es","potentialAction":[{"@type":"CommentAction","name":"Comment","target":["https:\/\/www.realclubmaritimomelilla.es\/clmar\/el-14-de-febrero-se-celebra-la-cena-de-san-valentin-en-el-club-maritimo\/#respond"]}]},{"@type":"WebPage","@id":"https:\/\/www.realclubmaritimomelilla.es\/clmar\/el-14-de-febrero-se-celebra-la-cena-de-san-valentin-en-el-club-maritimo\/","url":"https:\/\/www.realclubmaritimomelilla.es\/clmar\/el-14-de-febrero-se-celebra-la-cena-de-san-valentin-en-el-club-maritimo\/","name":"EL 14 DE FEBRERO SE CELEBRA LA CENA DE SAN VALENT\u00cdN EN EL CLUB MAR\u00cdTIMO\u00a0 - Real Club Mar\u00edtimo de Melilla","isPartOf":{"@id":"https:\/\/www.realclubmaritimomelilla.es\/clmar\/#website"},"primaryImageOfPage":{"@id":"https:\/\/www.realclubmaritimomelilla.es\/clmar\/el-14-de-febrero-se-celebra-la-cena-de-san-valentin-en-el-club-maritimo\/#primaryimage"},"image":{"@id":"https:\/\/www.realclubmaritimomelilla.es\/clmar\/el-14-de-febrero-se-celebra-la-cena-de-san-valentin-en-el-club-maritimo\/#primaryimage"},"thumbnailUrl":"https:\/\/www.realclubmaritimomelilla.es\/clmar\/wp-content\/uploads\/2020\/02\/2020_Cena-San-Valentin-RESTAURANTE-2.jpg","datePublished":"2020-02-04T08:20:21+00:00","dateModified":"2021-07-20T09:38:53+00:00","description":"EL 14 DE FEBRERO SE CELEBRA LA CENA DE SAN VALENT\u00cdN EN EL CLUB MAR\u00cdTIMO\u00a0 -","breadcrumb":{"@id":"https:\/\/www.realclubmaritimomelilla.es\/clmar\/el-14-de-febrero-se-celebra-la-cena-de-san-valentin-en-el-club-maritimo\/#breadcrumb"},"inLanguage":"es","potentialAction":[{"@type":"ReadAction","target":["https:\/\/www.realclubmaritimomelilla.es\/clmar\/el-14-de-febrero-se-celebra-la-cena-de-san-valentin-en-el-club-maritimo\/"]}]},{"@type":"ImageObject","inLanguage":"es","@id":"https:\/\/www.realclubmaritimomelilla.es\/clmar\/el-14-de-febrero-se-celebra-la-cena-de-san-valentin-en-el-club-maritimo\/#primaryimage","url":"https:\/\/www.realclubmaritimomelilla.es\/clmar\/wp-content\/uploads\/2020\/02\/2020_Cena-San-Valentin-RESTAURANTE-2.jpg","contentUrl":"https:\/\/www.realclubmaritimomelilla.es\/clmar\/wp-content\/uploads\/2020\/02\/2020_Cena-San-Valentin-RESTAURANTE-2.jpg","width":1790,"height":2535},{"@type":"BreadcrumbList","@id":"https:\/\/www.realclubmaritimomelilla.es\/clmar\/el-14-de-febrero-se-celebra-la-cena-de-san-valentin-en-el-club-maritimo\/#breadcrumb","itemListElement":[{"@type":"ListItem","position":1,"name":"Portada","item":"https:\/\/www.realclubmaritimomelilla.es\/clmar\/"},{"@type":"ListItem","position":2,"name":"EL 14 DE FEBRERO SE CELEBRA LA CENA DE SAN VALENT\u00cdN EN EL CLUB MAR\u00cdTIMO\u00a0"}]},{"@type":"WebSite","@id":"https:\/\/www.realclubmaritimomelilla.es\/clmar\/#website","url":"https:\/\/www.realclubmaritimomelilla.es\/clmar\/","name":"Real Club Mar\u00edtimo de Melilla","description":"RCMM","publisher":{"@id":"https:\/\/www.realclubmaritimomelilla.es\/clmar\/#organization"},"alternateName":"RCMM","potentialAction":[{"@type":"SearchAction","target":{"@type":"EntryPoint","urlTemplate":"https:\/\/www.realclubmaritimomelilla.es\/clmar\/?s={search_term_string}"},"query-input":{"@type":"PropertyValueSpecification","valueRequired":true,"valueName":"search_term_string"}}],"inLanguage":"es"},{"@type":"Organization","@id":"https:\/\/www.realclubmaritimomelilla.es\/clmar\/#organization","name":"Real Club Mar\u00edtimo de Melilla","alternateName":"RCMM","url":"https:\/\/www.realclubmaritimomelilla.es\/clmar\/","logo":{"@type":"ImageObject","inLanguage":"es","@id":"https:\/\/www.realclubmaritimomelilla.es\/clmar\/#\/schema\/logo\/image\/","url":"https:\/\/www.realclubmaritimomelilla.es\/clmar\/wp-content\/uploads\/logo-club-original-copia.jpg","contentUrl":"https:\/\/www.realclubmaritimomelilla.es\/clmar\/wp-content\/uploads\/logo-club-original-copia.jpg","width":128,"height":89,"caption":"Real Club Mar\u00edtimo de Melilla"},"image":{"@id":"https:\/\/www.realclubmaritimomelilla.es\/clmar\/#\/schema\/logo\/image\/"},"sameAs":["https:\/\/www.facebook.com\/Real-Club-Mar\u00edtimo-de-Melilla-588495841234214\/","https:\/\/x.com\/nauticarcmm","https:\/\/www.instagram.com\/club_maritimo_melilla\/","https:\/\/www.youtube.com\/@realclubmaritimodemelilla4703","https:\/\/es.wikipedia.org\/wiki\/Real_Club_Mar\u00edtimo_de_Melilla"]},{"@type":"Person","@id":"https:\/\/www.realclubmaritimomelilla.es\/clmar\/#\/schema\/person\/ebaa3713496dc6d48c872452e73a8e79","name":"RCMMelilla","image":{"@type":"ImageObject","inLanguage":"es","@id":"https:\/\/secure.gravatar.com\/avatar\/df1c24789360fb9308735c4ee556fc2bc5bf924bf01e53043b8b97ba272da33c?s=96&d=mm&r=g","url":"https:\/\/secure.gravatar.com\/avatar\/df1c24789360fb9308735c4ee556fc2bc5bf924bf01e53043b8b97ba272da33c?s=96&d=mm&r=g","contentUrl":"https:\/\/secure.gravatar.com\/avatar\/df1c24789360fb9308735c4ee556fc2bc5bf924bf01e53043b8b97ba272da33c?s=96&d=mm&r=g","caption":"RCMMelilla"}}]}},"_links":{"self":[{"href":"https:\/\/www.realclubmaritimomelilla.es\/clmar\/wp-json\/wp\/v2\/posts\/15526","targetHints":{"allow":["GET"]}}],"collection":[{"href":"https:\/\/www.realclubmaritimomelilla.es\/clmar\/wp-json\/wp\/v2\/posts"}],"about":[{"href":"https:\/\/www.realclubmaritimomelilla.es\/clmar\/wp-json\/wp\/v2\/types\/post"}],"author":[{"embeddable":true,"href":"https:\/\/www.realclubmaritimomelilla.es\/clmar\/wp-json\/wp\/v2\/users\/1"}],"replies":[{"embeddable":true,"href":"https:\/\/www.realclubmaritimomelilla.es\/clmar\/wp-json\/wp\/v2\/comments?post=15526"}],"version-history":[{"count":1,"href":"https:\/\/www.realclubmaritimomelilla.es\/clmar\/wp-json\/wp\/v2\/posts\/15526\/revisions"}],"predecessor-version":[{"id":15611,"href":"https:\/\/www.realclubmaritimomelilla.es\/clmar\/wp-json\/wp\/v2\/posts\/15526\/revisions\/15611"}],"wp:featuredmedia":[{"embeddable":true,"href":"https:\/\/www.realclubmaritimomelilla.es\/clmar\/wp-json\/wp\/v2\/media\/15407"}],"wp:attachment":[{"href":"https:\/\/www.realclubmaritimomelilla.es\/clmar\/wp-json\/wp\/v2\/media?parent=15526"}],"wp:term":[{"taxonomy":"category","embeddable":true,"href":"https:\/\/www.realclubmaritimomelilla.es\/clmar\/wp-json\/wp\/v2\/categories?post=15526"},{"taxonomy":"post_tag","embeddable":true,"href":"https:\/\/www.realclubmaritimomelilla.es\/clmar\/wp-json\/wp\/v2\/tags?post=15526"}],"curies":[{"name":"wp","href":"https:\/\/api.w.org\/{rel}","templated":true}]}}