{"id":15524,"date":"2020-02-04T09:14:33","date_gmt":"2020-02-04T08:14:33","guid":{"rendered":"http:\/\/www.clubmaritimomelilla.es\/clmar\/?p=14962"},"modified":"2021-07-20T11:38:53","modified_gmt":"2021-07-20T09:38:53","slug":"este-ano-se-celebrara-la-segunda-edicion-del-concurso-de-callos-y-migas","status":"publish","type":"post","link":"https:\/\/www.realclubmaritimomelilla.es\/clmar\/este-ano-se-celebrara-la-segunda-edicion-del-concurso-de-callos-y-migas\/","title":{"rendered":"ESTE A\u00d1O SE CELEBRAR\u00c1 LA SEGUNDA EDICI\u00d3N DEL CONCURSO DE CALLOS Y MIGAS"},"content":{"rendered":"<p>El pr\u00f3ximo s\u00e1bado 22 de febrero se celebrar\u00e1 la segunda edici\u00f3n del Concurso de Callos y Migas en el Real Club Mar\u00edtimo de Melilla.<\/p>\n<p>Dado el \u00e9xito alcanzado con esta iniciativa el a\u00f1o pasado, en el que se presentaron hasta veintitr\u00e9s equipos, este a\u00f1o se repetir\u00e1 la experiencia. La fecha elegida es la del s\u00e1bado 22 de febrero.<\/p>\n<p>La primera edici\u00f3n coincidi\u00f3 con el 75 aniversario del Real Club Maritimo de Melilla y los ganadores fueron Amparo P\u00e9rez, en el concurso de migas, y Francisco Cervilla, en el de callos.<\/p>\n<p>Los socios que se quieren inscribir y compartir esta jornada festiva en la entidad, tienen hasta el jueves 20 de febrero a las 19 horas. Las inscripciones se formalizar\u00e1n en la Secretaria del Real Club Maritimo de Melilla, en horario de oficina, donde tambi\u00e9n se les informar\u00e1 de las normas y reglas del concurso gastron\u00f3mico.<\/p>\n<p><img decoding=\"async\" class=\"aligncenter size-full wp-image-14963\" src=\"http:\/\/www.clubmaritimomelilla.es\/clmar\/wp-content\/uploads\/2020\/02\/2020_Cartel-Callos-y-Migas.jpg\" alt=\"\" width=\"630\" height=\"891\"><\/p>\n","protected":false},"excerpt":{"rendered":"<p>El pr\u00f3ximo s\u00e1bado 22 de febrero se celebrar\u00e1 la segunda edici\u00f3n del Concurso de Callos y Migas en el Real Club Mar\u00edtimo de Melilla. Dado el \u00e9xito alcanzado con esta iniciativa el a\u00f1o pasado, en el que se presentaron hasta veintitr\u00e9s equipos, este a\u00f1o se repetir\u00e1 la experiencia. La fecha elegida es la del s\u00e1bado [&hellip;]<\/p>\n","protected":false},"author":1,"featured_media":15405,"comment_status":"open","ping_status":"open","sticky":false,"template":"","format":"standard","meta":{"_acf_changed":false,"footnotes":""},"categories":[39,40],"tags":[],"class_list":["post-15524","post","type-post","status-publish","format-standard","has-post-thumbnail","hentry","category-celebraciones","category-club"],"acf":[],"yoast_head":"<!-- This site is optimized with the Yoast SEO plugin v27.5 - https:\/\/yoast.com\/product\/yoast-seo-wordpress\/ -->\n<title>ESTE A\u00d1O SE CELEBRAR\u00c1 LA SEGUNDA EDICI\u00d3N DEL CONCURSO DE CALLOS Y MIGAS - Real Club Mar\u00edtimo de Melilla<\/title>\n<meta name=\"description\" content=\"ESTE A\u00d1O SE CELEBRAR\u00c1 LA SEGUNDA EDICI\u00d3N DEL CONCURSO DE CALLOS Y MIGAS -\" \/>\n<meta name=\"robots\" content=\"index, follow, max-snippet:-1, max-image-preview:large, max-video-preview:-1\" \/>\n<link rel=\"canonical\" href=\"https:\/\/www.realclubmaritimomelilla.es\/clmar\/este-ano-se-celebrara-la-segunda-edicion-del-concurso-de-callos-y-migas\/\" \/>\n<meta property=\"og:locale\" content=\"es_ES\" \/>\n<meta property=\"og:type\" content=\"article\" \/>\n<meta property=\"og:title\" content=\"ESTE A\u00d1O SE CELEBRAR\u00c1 LA SEGUNDA EDICI\u00d3N DEL CONCURSO DE CALLOS Y MIGAS - Real Club Mar\u00edtimo de Melilla\" \/>\n<meta property=\"og:description\" content=\"ESTE A\u00d1O SE CELEBRAR\u00c1 LA SEGUNDA EDICI\u00d3N DEL CONCURSO DE CALLOS Y MIGAS -\" \/>\n<meta property=\"og:url\" content=\"https:\/\/www.realclubmaritimomelilla.es\/clmar\/este-ano-se-celebrara-la-segunda-edicion-del-concurso-de-callos-y-migas\/\" \/>\n<meta property=\"og:site_name\" content=\"Real Club Mar\u00edtimo de Melilla\" \/>\n<meta property=\"article:publisher\" content=\"https:\/\/www.facebook.com\/Real-Club-Mar%c3%adtimo-de-Melilla-588495841234214\/\" \/>\n<meta property=\"article:published_time\" content=\"2020-02-04T08:14:33+00:00\" \/>\n<meta property=\"article:modified_time\" content=\"2021-07-20T09:38:53+00:00\" \/>\n<meta property=\"og:image\" content=\"https:\/\/www.realclubmaritimomelilla.es\/clmar\/wp-content\/uploads\/2020\/02\/2020_Cartel-Callos-y-Migas-2.jpg\" \/>\n\t<meta property=\"og:image:width\" content=\"630\" \/>\n\t<meta property=\"og:image:height\" content=\"891\" \/>\n\t<meta property=\"og:image:type\" content=\"image\/jpeg\" \/>\n<meta name=\"author\" content=\"RCMMelilla\" \/>\n<meta name=\"twitter:card\" content=\"summary_large_image\" \/>\n<meta name=\"twitter:creator\" content=\"@nauticarcmm\" \/>\n<meta name=\"twitter:site\" content=\"@nauticarcmm\" \/>\n<meta name=\"twitter:label1\" content=\"Escrito por\" \/>\n\t<meta name=\"twitter:data1\" content=\"RCMMelilla\" \/>\n\t<meta name=\"twitter:label2\" content=\"Tiempo de lectura\" \/>\n\t<meta name=\"twitter:data2\" content=\"1 minuto\" \/>\n<script type=\"application\/ld+json\" class=\"yoast-schema-graph\">{\"@context\":\"https:\\\/\\\/schema.org\",\"@graph\":[{\"@type\":\"Article\",\"@id\":\"https:\\\/\\\/www.realclubmaritimomelilla.es\\\/clmar\\\/este-ano-se-celebrara-la-segunda-edicion-del-concurso-de-callos-y-migas\\\/#article\",\"isPartOf\":{\"@id\":\"https:\\\/\\\/www.realclubmaritimomelilla.es\\\/clmar\\\/este-ano-se-celebrara-la-segunda-edicion-del-concurso-de-callos-y-migas\\\/\"},\"author\":{\"name\":\"RCMMelilla\",\"@id\":\"https:\\\/\\\/www.realclubmaritimomelilla.es\\\/clmar\\\/#\\\/schema\\\/person\\\/ebaa3713496dc6d48c872452e73a8e79\"},\"headline\":\"ESTE A\u00d1O SE CELEBRAR\u00c1 LA SEGUNDA EDICI\u00d3N DEL CONCURSO DE CALLOS Y MIGAS\",\"datePublished\":\"2020-02-04T08:14:33+00:00\",\"dateModified\":\"2021-07-20T09:38:53+00:00\",\"mainEntityOfPage\":{\"@id\":\"https:\\\/\\\/www.realclubmaritimomelilla.es\\\/clmar\\\/este-ano-se-celebrara-la-segunda-edicion-del-concurso-de-callos-y-migas\\\/\"},\"wordCount\":168,\"commentCount\":0,\"publisher\":{\"@id\":\"https:\\\/\\\/www.realclubmaritimomelilla.es\\\/clmar\\\/#organization\"},\"image\":{\"@id\":\"https:\\\/\\\/www.realclubmaritimomelilla.es\\\/clmar\\\/este-ano-se-celebrara-la-segunda-edicion-del-concurso-de-callos-y-migas\\\/#primaryimage\"},\"thumbnailUrl\":\"https:\\\/\\\/www.realclubmaritimomelilla.es\\\/clmar\\\/wp-content\\\/uploads\\\/2020\\\/02\\\/2020_Cartel-Callos-y-Migas-2.jpg\",\"articleSection\":[\"Celebraciones\",\"Club\"],\"inLanguage\":\"es\",\"potentialAction\":[{\"@type\":\"CommentAction\",\"name\":\"Comment\",\"target\":[\"https:\\\/\\\/www.realclubmaritimomelilla.es\\\/clmar\\\/este-ano-se-celebrara-la-segunda-edicion-del-concurso-de-callos-y-migas\\\/#respond\"]}]},{\"@type\":\"WebPage\",\"@id\":\"https:\\\/\\\/www.realclubmaritimomelilla.es\\\/clmar\\\/este-ano-se-celebrara-la-segunda-edicion-del-concurso-de-callos-y-migas\\\/\",\"url\":\"https:\\\/\\\/www.realclubmaritimomelilla.es\\\/clmar\\\/este-ano-se-celebrara-la-segunda-edicion-del-concurso-de-callos-y-migas\\\/\",\"name\":\"ESTE A\u00d1O SE CELEBRAR\u00c1 LA SEGUNDA EDICI\u00d3N DEL CONCURSO DE CALLOS Y MIGAS - Real Club Mar\u00edtimo de Melilla\",\"isPartOf\":{\"@id\":\"https:\\\/\\\/www.realclubmaritimomelilla.es\\\/clmar\\\/#website\"},\"primaryImageOfPage\":{\"@id\":\"https:\\\/\\\/www.realclubmaritimomelilla.es\\\/clmar\\\/este-ano-se-celebrara-la-segunda-edicion-del-concurso-de-callos-y-migas\\\/#primaryimage\"},\"image\":{\"@id\":\"https:\\\/\\\/www.realclubmaritimomelilla.es\\\/clmar\\\/este-ano-se-celebrara-la-segunda-edicion-del-concurso-de-callos-y-migas\\\/#primaryimage\"},\"thumbnailUrl\":\"https:\\\/\\\/www.realclubmaritimomelilla.es\\\/clmar\\\/wp-content\\\/uploads\\\/2020\\\/02\\\/2020_Cartel-Callos-y-Migas-2.jpg\",\"datePublished\":\"2020-02-04T08:14:33+00:00\",\"dateModified\":\"2021-07-20T09:38:53+00:00\",\"description\":\"ESTE A\u00d1O SE CELEBRAR\u00c1 LA SEGUNDA EDICI\u00d3N DEL CONCURSO DE CALLOS Y MIGAS -\",\"breadcrumb\":{\"@id\":\"https:\\\/\\\/www.realclubmaritimomelilla.es\\\/clmar\\\/este-ano-se-celebrara-la-segunda-edicion-del-concurso-de-callos-y-migas\\\/#breadcrumb\"},\"inLanguage\":\"es\",\"potentialAction\":[{\"@type\":\"ReadAction\",\"target\":[\"https:\\\/\\\/www.realclubmaritimomelilla.es\\\/clmar\\\/este-ano-se-celebrara-la-segunda-edicion-del-concurso-de-callos-y-migas\\\/\"]}]},{\"@type\":\"ImageObject\",\"inLanguage\":\"es\",\"@id\":\"https:\\\/\\\/www.realclubmaritimomelilla.es\\\/clmar\\\/este-ano-se-celebrara-la-segunda-edicion-del-concurso-de-callos-y-migas\\\/#primaryimage\",\"url\":\"https:\\\/\\\/www.realclubmaritimomelilla.es\\\/clmar\\\/wp-content\\\/uploads\\\/2020\\\/02\\\/2020_Cartel-Callos-y-Migas-2.jpg\",\"contentUrl\":\"https:\\\/\\\/www.realclubmaritimomelilla.es\\\/clmar\\\/wp-content\\\/uploads\\\/2020\\\/02\\\/2020_Cartel-Callos-y-Migas-2.jpg\",\"width\":630,\"height\":891},{\"@type\":\"BreadcrumbList\",\"@id\":\"https:\\\/\\\/www.realclubmaritimomelilla.es\\\/clmar\\\/este-ano-se-celebrara-la-segunda-edicion-del-concurso-de-callos-y-migas\\\/#breadcrumb\",\"itemListElement\":[{\"@type\":\"ListItem\",\"position\":1,\"name\":\"Portada\",\"item\":\"https:\\\/\\\/www.realclubmaritimomelilla.es\\\/clmar\\\/\"},{\"@type\":\"ListItem\",\"position\":2,\"name\":\"ESTE A\u00d1O SE CELEBRAR\u00c1 LA SEGUNDA EDICI\u00d3N DEL CONCURSO DE CALLOS Y MIGAS\"}]},{\"@type\":\"WebSite\",\"@id\":\"https:\\\/\\\/www.realclubmaritimomelilla.es\\\/clmar\\\/#website\",\"url\":\"https:\\\/\\\/www.realclubmaritimomelilla.es\\\/clmar\\\/\",\"name\":\"Real Club Mar\u00edtimo de Melilla\",\"description\":\"RCMM\",\"publisher\":{\"@id\":\"https:\\\/\\\/www.realclubmaritimomelilla.es\\\/clmar\\\/#organization\"},\"alternateName\":\"RCMM\",\"potentialAction\":[{\"@type\":\"SearchAction\",\"target\":{\"@type\":\"EntryPoint\",\"urlTemplate\":\"https:\\\/\\\/www.realclubmaritimomelilla.es\\\/clmar\\\/?s={search_term_string}\"},\"query-input\":{\"@type\":\"PropertyValueSpecification\",\"valueRequired\":true,\"valueName\":\"search_term_string\"}}],\"inLanguage\":\"es\"},{\"@type\":\"Organization\",\"@id\":\"https:\\\/\\\/www.realclubmaritimomelilla.es\\\/clmar\\\/#organization\",\"name\":\"Real Club Mar\u00edtimo de Melilla\",\"alternateName\":\"RCMM\",\"url\":\"https:\\\/\\\/www.realclubmaritimomelilla.es\\\/clmar\\\/\",\"logo\":{\"@type\":\"ImageObject\",\"inLanguage\":\"es\",\"@id\":\"https:\\\/\\\/www.realclubmaritimomelilla.es\\\/clmar\\\/#\\\/schema\\\/logo\\\/image\\\/\",\"url\":\"https:\\\/\\\/www.realclubmaritimomelilla.es\\\/clmar\\\/wp-content\\\/uploads\\\/logo-club-original-copia.jpg\",\"contentUrl\":\"https:\\\/\\\/www.realclubmaritimomelilla.es\\\/clmar\\\/wp-content\\\/uploads\\\/logo-club-original-copia.jpg\",\"width\":128,\"height\":89,\"caption\":\"Real Club Mar\u00edtimo de Melilla\"},\"image\":{\"@id\":\"https:\\\/\\\/www.realclubmaritimomelilla.es\\\/clmar\\\/#\\\/schema\\\/logo\\\/image\\\/\"},\"sameAs\":[\"https:\\\/\\\/www.facebook.com\\\/Real-Club-Mar\u00edtimo-de-Melilla-588495841234214\\\/\",\"https:\\\/\\\/x.com\\\/nauticarcmm\",\"https:\\\/\\\/www.instagram.com\\\/club_maritimo_melilla\\\/\",\"https:\\\/\\\/www.youtube.com\\\/@realclubmaritimodemelilla4703\",\"https:\\\/\\\/es.wikipedia.org\\\/wiki\\\/Real_Club_Mar\u00edtimo_de_Melilla\"]},{\"@type\":\"Person\",\"@id\":\"https:\\\/\\\/www.realclubmaritimomelilla.es\\\/clmar\\\/#\\\/schema\\\/person\\\/ebaa3713496dc6d48c872452e73a8e79\",\"name\":\"RCMMelilla\",\"image\":{\"@type\":\"ImageObject\",\"inLanguage\":\"es\",\"@id\":\"https:\\\/\\\/secure.gravatar.com\\\/avatar\\\/df1c24789360fb9308735c4ee556fc2bc5bf924bf01e53043b8b97ba272da33c?s=96&d=mm&r=g\",\"url\":\"https:\\\/\\\/secure.gravatar.com\\\/avatar\\\/df1c24789360fb9308735c4ee556fc2bc5bf924bf01e53043b8b97ba272da33c?s=96&d=mm&r=g\",\"contentUrl\":\"https:\\\/\\\/secure.gravatar.com\\\/avatar\\\/df1c24789360fb9308735c4ee556fc2bc5bf924bf01e53043b8b97ba272da33c?s=96&d=mm&r=g\",\"caption\":\"RCMMelilla\"}}]}<\/script>\n<!-- \/ Yoast SEO plugin. -->","yoast_head_json":{"title":"ESTE A\u00d1O SE CELEBRAR\u00c1 LA SEGUNDA EDICI\u00d3N DEL CONCURSO DE CALLOS Y MIGAS - Real Club Mar\u00edtimo de Melilla","description":"ESTE A\u00d1O SE CELEBRAR\u00c1 LA SEGUNDA EDICI\u00d3N DEL CONCURSO DE CALLOS Y MIGAS -","robots":{"index":"index","follow":"follow","max-snippet":"max-snippet:-1","max-image-preview":"max-image-preview:large","max-video-preview":"max-video-preview:-1"},"canonical":"https:\/\/www.realclubmaritimomelilla.es\/clmar\/este-ano-se-celebrara-la-segunda-edicion-del-concurso-de-callos-y-migas\/","og_locale":"es_ES","og_type":"article","og_title":"ESTE A\u00d1O SE CELEBRAR\u00c1 LA SEGUNDA EDICI\u00d3N DEL CONCURSO DE CALLOS Y MIGAS - Real Club Mar\u00edtimo de Melilla","og_description":"ESTE A\u00d1O SE CELEBRAR\u00c1 LA SEGUNDA EDICI\u00d3N DEL CONCURSO DE CALLOS Y MIGAS -","og_url":"https:\/\/www.realclubmaritimomelilla.es\/clmar\/este-ano-se-celebrara-la-segunda-edicion-del-concurso-de-callos-y-migas\/","og_site_name":"Real Club Mar\u00edtimo de Melilla","article_publisher":"https:\/\/www.facebook.com\/Real-Club-Mar%c3%adtimo-de-Melilla-588495841234214\/","article_published_time":"2020-02-04T08:14:33+00:00","article_modified_time":"2021-07-20T09:38:53+00:00","og_image":[{"width":630,"height":891,"url":"https:\/\/www.realclubmaritimomelilla.es\/clmar\/wp-content\/uploads\/2020\/02\/2020_Cartel-Callos-y-Migas-2.jpg","type":"image\/jpeg"}],"author":"RCMMelilla","twitter_card":"summary_large_image","twitter_creator":"@nauticarcmm","twitter_site":"@nauticarcmm","twitter_misc":{"Escrito por":"RCMMelilla","Tiempo de lectura":"1 minuto"},"schema":{"@context":"https:\/\/schema.org","@graph":[{"@type":"Article","@id":"https:\/\/www.realclubmaritimomelilla.es\/clmar\/este-ano-se-celebrara-la-segunda-edicion-del-concurso-de-callos-y-migas\/#article","isPartOf":{"@id":"https:\/\/www.realclubmaritimomelilla.es\/clmar\/este-ano-se-celebrara-la-segunda-edicion-del-concurso-de-callos-y-migas\/"},"author":{"name":"RCMMelilla","@id":"https:\/\/www.realclubmaritimomelilla.es\/clmar\/#\/schema\/person\/ebaa3713496dc6d48c872452e73a8e79"},"headline":"ESTE A\u00d1O SE CELEBRAR\u00c1 LA SEGUNDA EDICI\u00d3N DEL CONCURSO DE CALLOS Y MIGAS","datePublished":"2020-02-04T08:14:33+00:00","dateModified":"2021-07-20T09:38:53+00:00","mainEntityOfPage":{"@id":"https:\/\/www.realclubmaritimomelilla.es\/clmar\/este-ano-se-celebrara-la-segunda-edicion-del-concurso-de-callos-y-migas\/"},"wordCount":168,"commentCount":0,"publisher":{"@id":"https:\/\/www.realclubmaritimomelilla.es\/clmar\/#organization"},"image":{"@id":"https:\/\/www.realclubmaritimomelilla.es\/clmar\/este-ano-se-celebrara-la-segunda-edicion-del-concurso-de-callos-y-migas\/#primaryimage"},"thumbnailUrl":"https:\/\/www.realclubmaritimomelilla.es\/clmar\/wp-content\/uploads\/2020\/02\/2020_Cartel-Callos-y-Migas-2.jpg","articleSection":["Celebraciones","Club"],"inLanguage":"es","potentialAction":[{"@type":"CommentAction","name":"Comment","target":["https:\/\/www.realclubmaritimomelilla.es\/clmar\/este-ano-se-celebrara-la-segunda-edicion-del-concurso-de-callos-y-migas\/#respond"]}]},{"@type":"WebPage","@id":"https:\/\/www.realclubmaritimomelilla.es\/clmar\/este-ano-se-celebrara-la-segunda-edicion-del-concurso-de-callos-y-migas\/","url":"https:\/\/www.realclubmaritimomelilla.es\/clmar\/este-ano-se-celebrara-la-segunda-edicion-del-concurso-de-callos-y-migas\/","name":"ESTE A\u00d1O SE CELEBRAR\u00c1 LA SEGUNDA EDICI\u00d3N DEL CONCURSO DE CALLOS Y MIGAS - Real Club Mar\u00edtimo de Melilla","isPartOf":{"@id":"https:\/\/www.realclubmaritimomelilla.es\/clmar\/#website"},"primaryImageOfPage":{"@id":"https:\/\/www.realclubmaritimomelilla.es\/clmar\/este-ano-se-celebrara-la-segunda-edicion-del-concurso-de-callos-y-migas\/#primaryimage"},"image":{"@id":"https:\/\/www.realclubmaritimomelilla.es\/clmar\/este-ano-se-celebrara-la-segunda-edicion-del-concurso-de-callos-y-migas\/#primaryimage"},"thumbnailUrl":"https:\/\/www.realclubmaritimomelilla.es\/clmar\/wp-content\/uploads\/2020\/02\/2020_Cartel-Callos-y-Migas-2.jpg","datePublished":"2020-02-04T08:14:33+00:00","dateModified":"2021-07-20T09:38:53+00:00","description":"ESTE A\u00d1O SE CELEBRAR\u00c1 LA SEGUNDA EDICI\u00d3N DEL CONCURSO DE CALLOS Y MIGAS -","breadcrumb":{"@id":"https:\/\/www.realclubmaritimomelilla.es\/clmar\/este-ano-se-celebrara-la-segunda-edicion-del-concurso-de-callos-y-migas\/#breadcrumb"},"inLanguage":"es","potentialAction":[{"@type":"ReadAction","target":["https:\/\/www.realclubmaritimomelilla.es\/clmar\/este-ano-se-celebrara-la-segunda-edicion-del-concurso-de-callos-y-migas\/"]}]},{"@type":"ImageObject","inLanguage":"es","@id":"https:\/\/www.realclubmaritimomelilla.es\/clmar\/este-ano-se-celebrara-la-segunda-edicion-del-concurso-de-callos-y-migas\/#primaryimage","url":"https:\/\/www.realclubmaritimomelilla.es\/clmar\/wp-content\/uploads\/2020\/02\/2020_Cartel-Callos-y-Migas-2.jpg","contentUrl":"https:\/\/www.realclubmaritimomelilla.es\/clmar\/wp-content\/uploads\/2020\/02\/2020_Cartel-Callos-y-Migas-2.jpg","width":630,"height":891},{"@type":"BreadcrumbList","@id":"https:\/\/www.realclubmaritimomelilla.es\/clmar\/este-ano-se-celebrara-la-segunda-edicion-del-concurso-de-callos-y-migas\/#breadcrumb","itemListElement":[{"@type":"ListItem","position":1,"name":"Portada","item":"https:\/\/www.realclubmaritimomelilla.es\/clmar\/"},{"@type":"ListItem","position":2,"name":"ESTE A\u00d1O SE CELEBRAR\u00c1 LA SEGUNDA EDICI\u00d3N DEL CONCURSO DE CALLOS Y MIGAS"}]},{"@type":"WebSite","@id":"https:\/\/www.realclubmaritimomelilla.es\/clmar\/#website","url":"https:\/\/www.realclubmaritimomelilla.es\/clmar\/","name":"Real Club Mar\u00edtimo de Melilla","description":"RCMM","publisher":{"@id":"https:\/\/www.realclubmaritimomelilla.es\/clmar\/#organization"},"alternateName":"RCMM","potentialAction":[{"@type":"SearchAction","target":{"@type":"EntryPoint","urlTemplate":"https:\/\/www.realclubmaritimomelilla.es\/clmar\/?s={search_term_string}"},"query-input":{"@type":"PropertyValueSpecification","valueRequired":true,"valueName":"search_term_string"}}],"inLanguage":"es"},{"@type":"Organization","@id":"https:\/\/www.realclubmaritimomelilla.es\/clmar\/#organization","name":"Real Club Mar\u00edtimo de Melilla","alternateName":"RCMM","url":"https:\/\/www.realclubmaritimomelilla.es\/clmar\/","logo":{"@type":"ImageObject","inLanguage":"es","@id":"https:\/\/www.realclubmaritimomelilla.es\/clmar\/#\/schema\/logo\/image\/","url":"https:\/\/www.realclubmaritimomelilla.es\/clmar\/wp-content\/uploads\/logo-club-original-copia.jpg","contentUrl":"https:\/\/www.realclubmaritimomelilla.es\/clmar\/wp-content\/uploads\/logo-club-original-copia.jpg","width":128,"height":89,"caption":"Real Club Mar\u00edtimo de Melilla"},"image":{"@id":"https:\/\/www.realclubmaritimomelilla.es\/clmar\/#\/schema\/logo\/image\/"},"sameAs":["https:\/\/www.facebook.com\/Real-Club-Mar\u00edtimo-de-Melilla-588495841234214\/","https:\/\/x.com\/nauticarcmm","https:\/\/www.instagram.com\/club_maritimo_melilla\/","https:\/\/www.youtube.com\/@realclubmaritimodemelilla4703","https:\/\/es.wikipedia.org\/wiki\/Real_Club_Mar\u00edtimo_de_Melilla"]},{"@type":"Person","@id":"https:\/\/www.realclubmaritimomelilla.es\/clmar\/#\/schema\/person\/ebaa3713496dc6d48c872452e73a8e79","name":"RCMMelilla","image":{"@type":"ImageObject","inLanguage":"es","@id":"https:\/\/secure.gravatar.com\/avatar\/df1c24789360fb9308735c4ee556fc2bc5bf924bf01e53043b8b97ba272da33c?s=96&d=mm&r=g","url":"https:\/\/secure.gravatar.com\/avatar\/df1c24789360fb9308735c4ee556fc2bc5bf924bf01e53043b8b97ba272da33c?s=96&d=mm&r=g","contentUrl":"https:\/\/secure.gravatar.com\/avatar\/df1c24789360fb9308735c4ee556fc2bc5bf924bf01e53043b8b97ba272da33c?s=96&d=mm&r=g","caption":"RCMMelilla"}}]}},"_links":{"self":[{"href":"https:\/\/www.realclubmaritimomelilla.es\/clmar\/wp-json\/wp\/v2\/posts\/15524","targetHints":{"allow":["GET"]}}],"collection":[{"href":"https:\/\/www.realclubmaritimomelilla.es\/clmar\/wp-json\/wp\/v2\/posts"}],"about":[{"href":"https:\/\/www.realclubmaritimomelilla.es\/clmar\/wp-json\/wp\/v2\/types\/post"}],"author":[{"embeddable":true,"href":"https:\/\/www.realclubmaritimomelilla.es\/clmar\/wp-json\/wp\/v2\/users\/1"}],"replies":[{"embeddable":true,"href":"https:\/\/www.realclubmaritimomelilla.es\/clmar\/wp-json\/wp\/v2\/comments?post=15524"}],"version-history":[{"count":1,"href":"https:\/\/www.realclubmaritimomelilla.es\/clmar\/wp-json\/wp\/v2\/posts\/15524\/revisions"}],"predecessor-version":[{"id":15613,"href":"https:\/\/www.realclubmaritimomelilla.es\/clmar\/wp-json\/wp\/v2\/posts\/15524\/revisions\/15613"}],"wp:featuredmedia":[{"embeddable":true,"href":"https:\/\/www.realclubmaritimomelilla.es\/clmar\/wp-json\/wp\/v2\/media\/15405"}],"wp:attachment":[{"href":"https:\/\/www.realclubmaritimomelilla.es\/clmar\/wp-json\/wp\/v2\/media?parent=15524"}],"wp:term":[{"taxonomy":"category","embeddable":true,"href":"https:\/\/www.realclubmaritimomelilla.es\/clmar\/wp-json\/wp\/v2\/categories?post=15524"},{"taxonomy":"post_tag","embeddable":true,"href":"https:\/\/www.realclubmaritimomelilla.es\/clmar\/wp-json\/wp\/v2\/tags?post=15524"}],"curies":[{"name":"wp","href":"https:\/\/api.w.org\/{rel}","templated":true}]}}