{"id":15391,"date":"2021-05-21T05:24:22","date_gmt":"2021-05-21T03:24:22","guid":{"rendered":"http:\/\/www.clubmaritimomelilla.es\/clmar\/?p=15391"},"modified":"2021-05-21T05:24:22","modified_gmt":"2021-05-21T03:24:22","slug":"la-copa-de-espana-de-windsurf-proximo-objetivo-de-los-regatistas-del-real-club-maritimo-de-melilla","status":"publish","type":"post","link":"https:\/\/www.realclubmaritimomelilla.es\/clmar\/la-copa-de-espana-de-windsurf-proximo-objetivo-de-los-regatistas-del-real-club-maritimo-de-melilla\/","title":{"rendered":"LA COPA DE ESPA\u00d1A DE WINDSURF, PR\u00d3XIMO OBJETIVO DE LOS REGATISTAS DEL REAL CLUB MAR\u00cdTIMO DE MELILLA"},"content":{"rendered":"<p>Este viernes, en C\u00e1diz, arranca la Copa de Espa\u00f1a de Windsurf con la participaci\u00f3n de cinco regatistas Del Real Club Mar\u00edtimo de Melilla.<\/p>\n<p>Azul S\u00e1nchez, Cristina Padilla, Fabio D\u00edaz, Aitana Duarte y Elena Paya, junto al t\u00e9cnico Yasir Mohamed son la representaci\u00f3n de la Ciudad Aut\u00f3noma de Melilla en esta competici\u00f3n organizada por la Real Federaci\u00f3n Espa\u00f1ola de Vela y la Federaci\u00f3n Andaluza.<\/p>\n<p>Se trata de la segunda cita m\u00e1s importante de la temporada para la clase, tras el Campeonato de Espa\u00f1a celebrado en Alicante durante el mes pasado. En aquella ocasi\u00f3n, cuatro regatistas del Club Mar\u00edtimo consiguieron alcanzar el podio. El objetivo en esta ocasi\u00f3n es seguir manteniendo ese alto nivel de competici\u00f3n y tratar de estar en las primeras posiciones de la flota, en una cita que ser\u00e1 muy t\u00e9cnica y con los mejores regatistas a nivel nacional.<\/p>\n<p>Fabio D\u00edaz participa en la categor\u00eda Techno sub13. Azul S\u00e1nchez, que ya logr\u00f3 el t\u00edtulo absoluto de campeona en Sub15, ser\u00e1 una de las principales opciones de medalla de los melillenses, junto a Aitana Duarte, que fue tercera en el Campeonato de Espa\u00f1a.<\/p>\n<p>Cristina Padilla, que defiende el t\u00edtulo de campeona nacional femenina en Techno Plus, participa en la categor\u00eda junto a Elena Paya, quien por motivos de estudio se ha incorporado este viernes a la concentraci\u00f3n de los regatistas Del Real Club Mar\u00edtimo de Melilla y cuyo objetivo es estar peleando por un puesto en el podio.<\/p>\n<p>La competici\u00f3n se prolonga hasta este domingo, con la celebraci\u00f3n de un m\u00e1ximo de nueve pruebas.<\/p>\n","protected":false},"excerpt":{"rendered":"<p>Este viernes, en C\u00e1diz, arranca la Copa de Espa\u00f1a de Windsurf con la participaci\u00f3n de cinco regatistas Del Real Club Mar\u00edtimo de Melilla. Azul S\u00e1nchez, Cristina Padilla, Fabio D\u00edaz, Aitana Duarte y Elena Paya, junto al t\u00e9cnico Yasir Mohamed son la representaci\u00f3n de la Ciudad Aut\u00f3noma de Melilla en esta competici\u00f3n organizada por la Real [&hellip;]<\/p>\n","protected":false},"author":1,"featured_media":15392,"comment_status":"open","ping_status":"open","sticky":false,"template":"","format":"standard","meta":{"_acf_changed":false,"footnotes":""},"categories":[38],"tags":[],"class_list":["post-15391","post","type-post","status-publish","format-standard","has-post-thumbnail","hentry","category-nautica"],"acf":[],"yoast_head":"<!-- This site is optimized with the Yoast SEO plugin v27.5 - https:\/\/yoast.com\/product\/yoast-seo-wordpress\/ -->\n<title>LA COPA DE ESPA\u00d1A DE WINDSURF, PR\u00d3XIMO OBJETIVO DE LOS REGATISTAS DEL REAL CLUB MAR\u00cdTIMO DE MELILLA - Real Club Mar\u00edtimo de Melilla<\/title>\n<meta name=\"description\" content=\"LA COPA DE ESPA\u00d1A DE WINDSURF, PR\u00d3XIMO OBJETIVO DE LOS REGATISTAS DEL REAL CLUB MAR\u00cdTIMO DE MELILLA -\" \/>\n<meta name=\"robots\" content=\"index, follow, max-snippet:-1, max-image-preview:large, max-video-preview:-1\" \/>\n<link rel=\"canonical\" href=\"https:\/\/www.realclubmaritimomelilla.es\/clmar\/la-copa-de-espana-de-windsurf-proximo-objetivo-de-los-regatistas-del-real-club-maritimo-de-melilla\/\" \/>\n<meta property=\"og:locale\" content=\"es_ES\" \/>\n<meta property=\"og:type\" content=\"article\" \/>\n<meta property=\"og:title\" content=\"LA COPA DE ESPA\u00d1A DE WINDSURF, PR\u00d3XIMO OBJETIVO DE LOS REGATISTAS DEL REAL CLUB MAR\u00cdTIMO DE MELILLA - Real Club Mar\u00edtimo de Melilla\" \/>\n<meta property=\"og:description\" content=\"LA COPA DE ESPA\u00d1A DE WINDSURF, PR\u00d3XIMO OBJETIVO DE LOS REGATISTAS DEL REAL CLUB MAR\u00cdTIMO DE MELILLA -\" \/>\n<meta property=\"og:url\" content=\"https:\/\/www.realclubmaritimomelilla.es\/clmar\/la-copa-de-espana-de-windsurf-proximo-objetivo-de-los-regatistas-del-real-club-maritimo-de-melilla\/\" \/>\n<meta property=\"og:site_name\" content=\"Real Club Mar\u00edtimo de Melilla\" \/>\n<meta property=\"article:publisher\" content=\"https:\/\/www.facebook.com\/Real-Club-Mar%c3%adtimo-de-Melilla-588495841234214\/\" \/>\n<meta property=\"article:published_time\" content=\"2021-05-21T03:24:22+00:00\" \/>\n<meta property=\"og:image\" content=\"https:\/\/www.realclubmaritimomelilla.es\/clmar\/wp-content\/uploads\/2021\/06\/foto-equipo-falta-Elena-Paya-1.jpeg\" \/>\n\t<meta property=\"og:image:width\" content=\"2048\" \/>\n\t<meta property=\"og:image:height\" content=\"1536\" \/>\n\t<meta property=\"og:image:type\" content=\"image\/jpeg\" \/>\n<meta name=\"author\" content=\"RCMMelilla\" \/>\n<meta name=\"twitter:card\" content=\"summary_large_image\" \/>\n<meta name=\"twitter:creator\" content=\"@nauticarcmm\" \/>\n<meta name=\"twitter:site\" content=\"@nauticarcmm\" \/>\n<meta name=\"twitter:label1\" content=\"Escrito por\" \/>\n\t<meta name=\"twitter:data1\" content=\"RCMMelilla\" \/>\n\t<meta name=\"twitter:label2\" content=\"Tiempo de lectura\" \/>\n\t<meta name=\"twitter:data2\" content=\"1 minuto\" \/>\n<script type=\"application\/ld+json\" class=\"yoast-schema-graph\">{\"@context\":\"https:\\\/\\\/schema.org\",\"@graph\":[{\"@type\":\"Article\",\"@id\":\"https:\\\/\\\/www.realclubmaritimomelilla.es\\\/clmar\\\/la-copa-de-espana-de-windsurf-proximo-objetivo-de-los-regatistas-del-real-club-maritimo-de-melilla\\\/#article\",\"isPartOf\":{\"@id\":\"https:\\\/\\\/www.realclubmaritimomelilla.es\\\/clmar\\\/la-copa-de-espana-de-windsurf-proximo-objetivo-de-los-regatistas-del-real-club-maritimo-de-melilla\\\/\"},\"author\":{\"name\":\"RCMMelilla\",\"@id\":\"https:\\\/\\\/www.realclubmaritimomelilla.es\\\/clmar\\\/#\\\/schema\\\/person\\\/ebaa3713496dc6d48c872452e73a8e79\"},\"headline\":\"LA COPA DE ESPA\u00d1A DE WINDSURF, PR\u00d3XIMO OBJETIVO DE LOS REGATISTAS DEL REAL CLUB MAR\u00cdTIMO DE MELILLA\",\"datePublished\":\"2021-05-21T03:24:22+00:00\",\"mainEntityOfPage\":{\"@id\":\"https:\\\/\\\/www.realclubmaritimomelilla.es\\\/clmar\\\/la-copa-de-espana-de-windsurf-proximo-objetivo-de-los-regatistas-del-real-club-maritimo-de-melilla\\\/\"},\"wordCount\":306,\"commentCount\":0,\"publisher\":{\"@id\":\"https:\\\/\\\/www.realclubmaritimomelilla.es\\\/clmar\\\/#organization\"},\"image\":{\"@id\":\"https:\\\/\\\/www.realclubmaritimomelilla.es\\\/clmar\\\/la-copa-de-espana-de-windsurf-proximo-objetivo-de-los-regatistas-del-real-club-maritimo-de-melilla\\\/#primaryimage\"},\"thumbnailUrl\":\"https:\\\/\\\/www.realclubmaritimomelilla.es\\\/clmar\\\/wp-content\\\/uploads\\\/2021\\\/06\\\/foto-equipo-falta-Elena-Paya-1.jpeg\",\"articleSection\":[\"N\u00e1utica\"],\"inLanguage\":\"es\",\"potentialAction\":[{\"@type\":\"CommentAction\",\"name\":\"Comment\",\"target\":[\"https:\\\/\\\/www.realclubmaritimomelilla.es\\\/clmar\\\/la-copa-de-espana-de-windsurf-proximo-objetivo-de-los-regatistas-del-real-club-maritimo-de-melilla\\\/#respond\"]}]},{\"@type\":\"WebPage\",\"@id\":\"https:\\\/\\\/www.realclubmaritimomelilla.es\\\/clmar\\\/la-copa-de-espana-de-windsurf-proximo-objetivo-de-los-regatistas-del-real-club-maritimo-de-melilla\\\/\",\"url\":\"https:\\\/\\\/www.realclubmaritimomelilla.es\\\/clmar\\\/la-copa-de-espana-de-windsurf-proximo-objetivo-de-los-regatistas-del-real-club-maritimo-de-melilla\\\/\",\"name\":\"LA COPA DE ESPA\u00d1A DE WINDSURF, PR\u00d3XIMO OBJETIVO DE LOS REGATISTAS DEL REAL CLUB MAR\u00cdTIMO DE MELILLA - Real Club Mar\u00edtimo de Melilla\",\"isPartOf\":{\"@id\":\"https:\\\/\\\/www.realclubmaritimomelilla.es\\\/clmar\\\/#website\"},\"primaryImageOfPage\":{\"@id\":\"https:\\\/\\\/www.realclubmaritimomelilla.es\\\/clmar\\\/la-copa-de-espana-de-windsurf-proximo-objetivo-de-los-regatistas-del-real-club-maritimo-de-melilla\\\/#primaryimage\"},\"image\":{\"@id\":\"https:\\\/\\\/www.realclubmaritimomelilla.es\\\/clmar\\\/la-copa-de-espana-de-windsurf-proximo-objetivo-de-los-regatistas-del-real-club-maritimo-de-melilla\\\/#primaryimage\"},\"thumbnailUrl\":\"https:\\\/\\\/www.realclubmaritimomelilla.es\\\/clmar\\\/wp-content\\\/uploads\\\/2021\\\/06\\\/foto-equipo-falta-Elena-Paya-1.jpeg\",\"datePublished\":\"2021-05-21T03:24:22+00:00\",\"description\":\"LA COPA DE ESPA\u00d1A DE WINDSURF, PR\u00d3XIMO OBJETIVO DE LOS REGATISTAS DEL REAL CLUB MAR\u00cdTIMO DE MELILLA -\",\"breadcrumb\":{\"@id\":\"https:\\\/\\\/www.realclubmaritimomelilla.es\\\/clmar\\\/la-copa-de-espana-de-windsurf-proximo-objetivo-de-los-regatistas-del-real-club-maritimo-de-melilla\\\/#breadcrumb\"},\"inLanguage\":\"es\",\"potentialAction\":[{\"@type\":\"ReadAction\",\"target\":[\"https:\\\/\\\/www.realclubmaritimomelilla.es\\\/clmar\\\/la-copa-de-espana-de-windsurf-proximo-objetivo-de-los-regatistas-del-real-club-maritimo-de-melilla\\\/\"]}]},{\"@type\":\"ImageObject\",\"inLanguage\":\"es\",\"@id\":\"https:\\\/\\\/www.realclubmaritimomelilla.es\\\/clmar\\\/la-copa-de-espana-de-windsurf-proximo-objetivo-de-los-regatistas-del-real-club-maritimo-de-melilla\\\/#primaryimage\",\"url\":\"https:\\\/\\\/www.realclubmaritimomelilla.es\\\/clmar\\\/wp-content\\\/uploads\\\/2021\\\/06\\\/foto-equipo-falta-Elena-Paya-1.jpeg\",\"contentUrl\":\"https:\\\/\\\/www.realclubmaritimomelilla.es\\\/clmar\\\/wp-content\\\/uploads\\\/2021\\\/06\\\/foto-equipo-falta-Elena-Paya-1.jpeg\",\"width\":2048,\"height\":1536},{\"@type\":\"BreadcrumbList\",\"@id\":\"https:\\\/\\\/www.realclubmaritimomelilla.es\\\/clmar\\\/la-copa-de-espana-de-windsurf-proximo-objetivo-de-los-regatistas-del-real-club-maritimo-de-melilla\\\/#breadcrumb\",\"itemListElement\":[{\"@type\":\"ListItem\",\"position\":1,\"name\":\"Portada\",\"item\":\"https:\\\/\\\/www.realclubmaritimomelilla.es\\\/clmar\\\/\"},{\"@type\":\"ListItem\",\"position\":2,\"name\":\"LA COPA DE ESPA\u00d1A DE WINDSURF, PR\u00d3XIMO OBJETIVO DE LOS REGATISTAS DEL REAL CLUB MAR\u00cdTIMO DE MELILLA\"}]},{\"@type\":\"WebSite\",\"@id\":\"https:\\\/\\\/www.realclubmaritimomelilla.es\\\/clmar\\\/#website\",\"url\":\"https:\\\/\\\/www.realclubmaritimomelilla.es\\\/clmar\\\/\",\"name\":\"Real Club Mar\u00edtimo de Melilla\",\"description\":\"RCMM\",\"publisher\":{\"@id\":\"https:\\\/\\\/www.realclubmaritimomelilla.es\\\/clmar\\\/#organization\"},\"alternateName\":\"RCMM\",\"potentialAction\":[{\"@type\":\"SearchAction\",\"target\":{\"@type\":\"EntryPoint\",\"urlTemplate\":\"https:\\\/\\\/www.realclubmaritimomelilla.es\\\/clmar\\\/?s={search_term_string}\"},\"query-input\":{\"@type\":\"PropertyValueSpecification\",\"valueRequired\":true,\"valueName\":\"search_term_string\"}}],\"inLanguage\":\"es\"},{\"@type\":\"Organization\",\"@id\":\"https:\\\/\\\/www.realclubmaritimomelilla.es\\\/clmar\\\/#organization\",\"name\":\"Real Club Mar\u00edtimo de Melilla\",\"alternateName\":\"RCMM\",\"url\":\"https:\\\/\\\/www.realclubmaritimomelilla.es\\\/clmar\\\/\",\"logo\":{\"@type\":\"ImageObject\",\"inLanguage\":\"es\",\"@id\":\"https:\\\/\\\/www.realclubmaritimomelilla.es\\\/clmar\\\/#\\\/schema\\\/logo\\\/image\\\/\",\"url\":\"https:\\\/\\\/www.realclubmaritimomelilla.es\\\/clmar\\\/wp-content\\\/uploads\\\/logo-club-original-copia.jpg\",\"contentUrl\":\"https:\\\/\\\/www.realclubmaritimomelilla.es\\\/clmar\\\/wp-content\\\/uploads\\\/logo-club-original-copia.jpg\",\"width\":128,\"height\":89,\"caption\":\"Real Club Mar\u00edtimo de Melilla\"},\"image\":{\"@id\":\"https:\\\/\\\/www.realclubmaritimomelilla.es\\\/clmar\\\/#\\\/schema\\\/logo\\\/image\\\/\"},\"sameAs\":[\"https:\\\/\\\/www.facebook.com\\\/Real-Club-Mar\u00edtimo-de-Melilla-588495841234214\\\/\",\"https:\\\/\\\/x.com\\\/nauticarcmm\",\"https:\\\/\\\/www.instagram.com\\\/club_maritimo_melilla\\\/\",\"https:\\\/\\\/www.youtube.com\\\/@realclubmaritimodemelilla4703\",\"https:\\\/\\\/es.wikipedia.org\\\/wiki\\\/Real_Club_Mar\u00edtimo_de_Melilla\"]},{\"@type\":\"Person\",\"@id\":\"https:\\\/\\\/www.realclubmaritimomelilla.es\\\/clmar\\\/#\\\/schema\\\/person\\\/ebaa3713496dc6d48c872452e73a8e79\",\"name\":\"RCMMelilla\",\"image\":{\"@type\":\"ImageObject\",\"inLanguage\":\"es\",\"@id\":\"https:\\\/\\\/secure.gravatar.com\\\/avatar\\\/df1c24789360fb9308735c4ee556fc2bc5bf924bf01e53043b8b97ba272da33c?s=96&d=mm&r=g\",\"url\":\"https:\\\/\\\/secure.gravatar.com\\\/avatar\\\/df1c24789360fb9308735c4ee556fc2bc5bf924bf01e53043b8b97ba272da33c?s=96&d=mm&r=g\",\"contentUrl\":\"https:\\\/\\\/secure.gravatar.com\\\/avatar\\\/df1c24789360fb9308735c4ee556fc2bc5bf924bf01e53043b8b97ba272da33c?s=96&d=mm&r=g\",\"caption\":\"RCMMelilla\"}}]}<\/script>\n<!-- \/ Yoast SEO plugin. -->","yoast_head_json":{"title":"LA COPA DE ESPA\u00d1A DE WINDSURF, PR\u00d3XIMO OBJETIVO DE LOS REGATISTAS DEL REAL CLUB MAR\u00cdTIMO DE MELILLA - Real Club Mar\u00edtimo de Melilla","description":"LA COPA DE ESPA\u00d1A DE WINDSURF, PR\u00d3XIMO OBJETIVO DE LOS REGATISTAS DEL REAL CLUB MAR\u00cdTIMO DE MELILLA -","robots":{"index":"index","follow":"follow","max-snippet":"max-snippet:-1","max-image-preview":"max-image-preview:large","max-video-preview":"max-video-preview:-1"},"canonical":"https:\/\/www.realclubmaritimomelilla.es\/clmar\/la-copa-de-espana-de-windsurf-proximo-objetivo-de-los-regatistas-del-real-club-maritimo-de-melilla\/","og_locale":"es_ES","og_type":"article","og_title":"LA COPA DE ESPA\u00d1A DE WINDSURF, PR\u00d3XIMO OBJETIVO DE LOS REGATISTAS DEL REAL CLUB MAR\u00cdTIMO DE MELILLA - Real Club Mar\u00edtimo de Melilla","og_description":"LA COPA DE ESPA\u00d1A DE WINDSURF, PR\u00d3XIMO OBJETIVO DE LOS REGATISTAS DEL REAL CLUB MAR\u00cdTIMO DE MELILLA -","og_url":"https:\/\/www.realclubmaritimomelilla.es\/clmar\/la-copa-de-espana-de-windsurf-proximo-objetivo-de-los-regatistas-del-real-club-maritimo-de-melilla\/","og_site_name":"Real Club Mar\u00edtimo de Melilla","article_publisher":"https:\/\/www.facebook.com\/Real-Club-Mar%c3%adtimo-de-Melilla-588495841234214\/","article_published_time":"2021-05-21T03:24:22+00:00","og_image":[{"width":2048,"height":1536,"url":"https:\/\/www.realclubmaritimomelilla.es\/clmar\/wp-content\/uploads\/2021\/06\/foto-equipo-falta-Elena-Paya-1.jpeg","type":"image\/jpeg"}],"author":"RCMMelilla","twitter_card":"summary_large_image","twitter_creator":"@nauticarcmm","twitter_site":"@nauticarcmm","twitter_misc":{"Escrito por":"RCMMelilla","Tiempo de lectura":"1 minuto"},"schema":{"@context":"https:\/\/schema.org","@graph":[{"@type":"Article","@id":"https:\/\/www.realclubmaritimomelilla.es\/clmar\/la-copa-de-espana-de-windsurf-proximo-objetivo-de-los-regatistas-del-real-club-maritimo-de-melilla\/#article","isPartOf":{"@id":"https:\/\/www.realclubmaritimomelilla.es\/clmar\/la-copa-de-espana-de-windsurf-proximo-objetivo-de-los-regatistas-del-real-club-maritimo-de-melilla\/"},"author":{"name":"RCMMelilla","@id":"https:\/\/www.realclubmaritimomelilla.es\/clmar\/#\/schema\/person\/ebaa3713496dc6d48c872452e73a8e79"},"headline":"LA COPA DE ESPA\u00d1A DE WINDSURF, PR\u00d3XIMO OBJETIVO DE LOS REGATISTAS DEL REAL CLUB MAR\u00cdTIMO DE MELILLA","datePublished":"2021-05-21T03:24:22+00:00","mainEntityOfPage":{"@id":"https:\/\/www.realclubmaritimomelilla.es\/clmar\/la-copa-de-espana-de-windsurf-proximo-objetivo-de-los-regatistas-del-real-club-maritimo-de-melilla\/"},"wordCount":306,"commentCount":0,"publisher":{"@id":"https:\/\/www.realclubmaritimomelilla.es\/clmar\/#organization"},"image":{"@id":"https:\/\/www.realclubmaritimomelilla.es\/clmar\/la-copa-de-espana-de-windsurf-proximo-objetivo-de-los-regatistas-del-real-club-maritimo-de-melilla\/#primaryimage"},"thumbnailUrl":"https:\/\/www.realclubmaritimomelilla.es\/clmar\/wp-content\/uploads\/2021\/06\/foto-equipo-falta-Elena-Paya-1.jpeg","articleSection":["N\u00e1utica"],"inLanguage":"es","potentialAction":[{"@type":"CommentAction","name":"Comment","target":["https:\/\/www.realclubmaritimomelilla.es\/clmar\/la-copa-de-espana-de-windsurf-proximo-objetivo-de-los-regatistas-del-real-club-maritimo-de-melilla\/#respond"]}]},{"@type":"WebPage","@id":"https:\/\/www.realclubmaritimomelilla.es\/clmar\/la-copa-de-espana-de-windsurf-proximo-objetivo-de-los-regatistas-del-real-club-maritimo-de-melilla\/","url":"https:\/\/www.realclubmaritimomelilla.es\/clmar\/la-copa-de-espana-de-windsurf-proximo-objetivo-de-los-regatistas-del-real-club-maritimo-de-melilla\/","name":"LA COPA DE ESPA\u00d1A DE WINDSURF, PR\u00d3XIMO OBJETIVO DE LOS REGATISTAS DEL REAL CLUB MAR\u00cdTIMO DE MELILLA - Real Club Mar\u00edtimo de Melilla","isPartOf":{"@id":"https:\/\/www.realclubmaritimomelilla.es\/clmar\/#website"},"primaryImageOfPage":{"@id":"https:\/\/www.realclubmaritimomelilla.es\/clmar\/la-copa-de-espana-de-windsurf-proximo-objetivo-de-los-regatistas-del-real-club-maritimo-de-melilla\/#primaryimage"},"image":{"@id":"https:\/\/www.realclubmaritimomelilla.es\/clmar\/la-copa-de-espana-de-windsurf-proximo-objetivo-de-los-regatistas-del-real-club-maritimo-de-melilla\/#primaryimage"},"thumbnailUrl":"https:\/\/www.realclubmaritimomelilla.es\/clmar\/wp-content\/uploads\/2021\/06\/foto-equipo-falta-Elena-Paya-1.jpeg","datePublished":"2021-05-21T03:24:22+00:00","description":"LA COPA DE ESPA\u00d1A DE WINDSURF, PR\u00d3XIMO OBJETIVO DE LOS REGATISTAS DEL REAL CLUB MAR\u00cdTIMO DE MELILLA -","breadcrumb":{"@id":"https:\/\/www.realclubmaritimomelilla.es\/clmar\/la-copa-de-espana-de-windsurf-proximo-objetivo-de-los-regatistas-del-real-club-maritimo-de-melilla\/#breadcrumb"},"inLanguage":"es","potentialAction":[{"@type":"ReadAction","target":["https:\/\/www.realclubmaritimomelilla.es\/clmar\/la-copa-de-espana-de-windsurf-proximo-objetivo-de-los-regatistas-del-real-club-maritimo-de-melilla\/"]}]},{"@type":"ImageObject","inLanguage":"es","@id":"https:\/\/www.realclubmaritimomelilla.es\/clmar\/la-copa-de-espana-de-windsurf-proximo-objetivo-de-los-regatistas-del-real-club-maritimo-de-melilla\/#primaryimage","url":"https:\/\/www.realclubmaritimomelilla.es\/clmar\/wp-content\/uploads\/2021\/06\/foto-equipo-falta-Elena-Paya-1.jpeg","contentUrl":"https:\/\/www.realclubmaritimomelilla.es\/clmar\/wp-content\/uploads\/2021\/06\/foto-equipo-falta-Elena-Paya-1.jpeg","width":2048,"height":1536},{"@type":"BreadcrumbList","@id":"https:\/\/www.realclubmaritimomelilla.es\/clmar\/la-copa-de-espana-de-windsurf-proximo-objetivo-de-los-regatistas-del-real-club-maritimo-de-melilla\/#breadcrumb","itemListElement":[{"@type":"ListItem","position":1,"name":"Portada","item":"https:\/\/www.realclubmaritimomelilla.es\/clmar\/"},{"@type":"ListItem","position":2,"name":"LA COPA DE ESPA\u00d1A DE WINDSURF, PR\u00d3XIMO OBJETIVO DE LOS REGATISTAS DEL REAL CLUB MAR\u00cdTIMO DE MELILLA"}]},{"@type":"WebSite","@id":"https:\/\/www.realclubmaritimomelilla.es\/clmar\/#website","url":"https:\/\/www.realclubmaritimomelilla.es\/clmar\/","name":"Real Club Mar\u00edtimo de Melilla","description":"RCMM","publisher":{"@id":"https:\/\/www.realclubmaritimomelilla.es\/clmar\/#organization"},"alternateName":"RCMM","potentialAction":[{"@type":"SearchAction","target":{"@type":"EntryPoint","urlTemplate":"https:\/\/www.realclubmaritimomelilla.es\/clmar\/?s={search_term_string}"},"query-input":{"@type":"PropertyValueSpecification","valueRequired":true,"valueName":"search_term_string"}}],"inLanguage":"es"},{"@type":"Organization","@id":"https:\/\/www.realclubmaritimomelilla.es\/clmar\/#organization","name":"Real Club Mar\u00edtimo de Melilla","alternateName":"RCMM","url":"https:\/\/www.realclubmaritimomelilla.es\/clmar\/","logo":{"@type":"ImageObject","inLanguage":"es","@id":"https:\/\/www.realclubmaritimomelilla.es\/clmar\/#\/schema\/logo\/image\/","url":"https:\/\/www.realclubmaritimomelilla.es\/clmar\/wp-content\/uploads\/logo-club-original-copia.jpg","contentUrl":"https:\/\/www.realclubmaritimomelilla.es\/clmar\/wp-content\/uploads\/logo-club-original-copia.jpg","width":128,"height":89,"caption":"Real Club Mar\u00edtimo de Melilla"},"image":{"@id":"https:\/\/www.realclubmaritimomelilla.es\/clmar\/#\/schema\/logo\/image\/"},"sameAs":["https:\/\/www.facebook.com\/Real-Club-Mar\u00edtimo-de-Melilla-588495841234214\/","https:\/\/x.com\/nauticarcmm","https:\/\/www.instagram.com\/club_maritimo_melilla\/","https:\/\/www.youtube.com\/@realclubmaritimodemelilla4703","https:\/\/es.wikipedia.org\/wiki\/Real_Club_Mar\u00edtimo_de_Melilla"]},{"@type":"Person","@id":"https:\/\/www.realclubmaritimomelilla.es\/clmar\/#\/schema\/person\/ebaa3713496dc6d48c872452e73a8e79","name":"RCMMelilla","image":{"@type":"ImageObject","inLanguage":"es","@id":"https:\/\/secure.gravatar.com\/avatar\/df1c24789360fb9308735c4ee556fc2bc5bf924bf01e53043b8b97ba272da33c?s=96&d=mm&r=g","url":"https:\/\/secure.gravatar.com\/avatar\/df1c24789360fb9308735c4ee556fc2bc5bf924bf01e53043b8b97ba272da33c?s=96&d=mm&r=g","contentUrl":"https:\/\/secure.gravatar.com\/avatar\/df1c24789360fb9308735c4ee556fc2bc5bf924bf01e53043b8b97ba272da33c?s=96&d=mm&r=g","caption":"RCMMelilla"}}]}},"_links":{"self":[{"href":"https:\/\/www.realclubmaritimomelilla.es\/clmar\/wp-json\/wp\/v2\/posts\/15391","targetHints":{"allow":["GET"]}}],"collection":[{"href":"https:\/\/www.realclubmaritimomelilla.es\/clmar\/wp-json\/wp\/v2\/posts"}],"about":[{"href":"https:\/\/www.realclubmaritimomelilla.es\/clmar\/wp-json\/wp\/v2\/types\/post"}],"author":[{"embeddable":true,"href":"https:\/\/www.realclubmaritimomelilla.es\/clmar\/wp-json\/wp\/v2\/users\/1"}],"replies":[{"embeddable":true,"href":"https:\/\/www.realclubmaritimomelilla.es\/clmar\/wp-json\/wp\/v2\/comments?post=15391"}],"version-history":[{"count":0,"href":"https:\/\/www.realclubmaritimomelilla.es\/clmar\/wp-json\/wp\/v2\/posts\/15391\/revisions"}],"wp:featuredmedia":[{"embeddable":true,"href":"https:\/\/www.realclubmaritimomelilla.es\/clmar\/wp-json\/wp\/v2\/media\/15392"}],"wp:attachment":[{"href":"https:\/\/www.realclubmaritimomelilla.es\/clmar\/wp-json\/wp\/v2\/media?parent=15391"}],"wp:term":[{"taxonomy":"category","embeddable":true,"href":"https:\/\/www.realclubmaritimomelilla.es\/clmar\/wp-json\/wp\/v2\/categories?post=15391"},{"taxonomy":"post_tag","embeddable":true,"href":"https:\/\/www.realclubmaritimomelilla.es\/clmar\/wp-json\/wp\/v2\/tags?post=15391"}],"curies":[{"name":"wp","href":"https:\/\/api.w.org\/{rel}","templated":true}]}}