{"id":15387,"date":"2021-05-20T06:46:58","date_gmt":"2021-05-20T04:46:58","guid":{"rendered":"http:\/\/www.clubmaritimomelilla.es\/clmar\/?p=15387"},"modified":"2021-05-20T06:46:58","modified_gmt":"2021-05-20T04:46:58","slug":"cinco-regatistas-del-real-club-maritimo-de-melilla-participan-desde-este-jueves-en-la-copa-de-espana-de-windsurf","status":"publish","type":"post","link":"https:\/\/www.realclubmaritimomelilla.es\/clmar\/cinco-regatistas-del-real-club-maritimo-de-melilla-participan-desde-este-jueves-en-la-copa-de-espana-de-windsurf\/","title":{"rendered":"CINCO REGATISTAS DEL REAL CLUB MAR\u00cdTIMO DE MELILLA PARTICIPAN DESDE ESTE JUEVES EN LA COPA DE ESPA\u00d1A DE WINDSURF"},"content":{"rendered":"<div>El Equipo de Regata del Real Club Mar\u00edtimo de Melilla, con cinco deportistas y un t\u00e9cnico, participa en la Copa de Espa\u00f1a de Windsurf desde este jueves en C\u00e1diz. De hecho, los regatistas melillenses se desplazaron este lunes noche, para continuar con la preparaci\u00f3n para esta cita nacional, la segunda la que acuden este a\u00f1o tras el Campeonato de Espa\u00f1a.<\/div>\n<div>\nYasir Mohamed encabeza la representaci\u00f3n del Club Mar\u00edtimo en esta cita oficial de la Federaci\u00f3n Espa\u00f1ola de Vela y organizada por la Federaci\u00f3n Andaluza. Junto al t\u00e9cnico melillense se han desplazado Azul S\u00e1nchez, Cristina S\u00e1nchez, Fabio D\u00edaz y Aitana Duarte, para este viernes unirse tambi\u00e9n Elena Paya.<\/div>\n<div>\nEste jueves comienza la Copa de Espa\u00f1a con la jornada de entrenamientos oficiales y las mediciones. A partir de ah\u00ed, entre el viernes y domingo tres jornadas en las que se completar\u00e1n un m\u00e1ximo de 9 pruebas, que servir\u00e1n para decidir el podio de cada categor\u00eda.<br \/>\nTras el \u00e9xito cosechado en el Campeonato de Espa\u00f1a, un mes atr\u00e1s, las expectativas de los regatistas del Real Club Mar\u00edtimo de Melilla que representan a la Ciudad Aut\u00f3noma en esta competici\u00f3n, son m\u00e1ximas puesto que adem\u00e1s copan los primeros puestos del r\u00e1nking nacional lo que les posibilitar\u00eda formar parte de la selecci\u00f3n espa\u00f1ola juvenil.<\/div>\n<div>\nEste mi\u00e9rcoles, los deportistas melillenses han aprovechado para entrenar y conocer las condiciones del campo de regata en el que se desarrollar\u00e1 la competici\u00f3n. Un importante esfuerzo el que ha realizado la entidad melillense, para posibilitar que nuestros deportistas estuviesen en los entrenamientos libres, para as\u00ed llegar en las mejores condiciones posibles a la Copa de Espa\u00f1a.<\/div>\n","protected":false},"excerpt":{"rendered":"<p>El Equipo de Regata del Real Club Mar\u00edtimo de Melilla, con cinco deportistas y un t\u00e9cnico, participa en la Copa de Espa\u00f1a de Windsurf desde este jueves en C\u00e1diz. De hecho, los regatistas melillenses se desplazaron este lunes noche, para continuar con la preparaci\u00f3n para esta cita nacional, la segunda la que acuden este a\u00f1o [&hellip;]<\/p>\n","protected":false},"author":1,"featured_media":15388,"comment_status":"open","ping_status":"open","sticky":false,"template":"","format":"standard","meta":{"_acf_changed":false,"footnotes":""},"categories":[40,38],"tags":[],"class_list":["post-15387","post","type-post","status-publish","format-standard","has-post-thumbnail","hentry","category-club","category-nautica"],"acf":[],"yoast_head":"<!-- This site is optimized with the Yoast SEO plugin v27.5 - https:\/\/yoast.com\/product\/yoast-seo-wordpress\/ -->\n<title>CINCO REGATISTAS DEL REAL CLUB MAR\u00cdTIMO DE MELILLA PARTICIPAN DESDE ESTE JUEVES EN LA COPA DE ESPA\u00d1A DE WINDSURF - Real Club Mar\u00edtimo de Melilla<\/title>\n<meta name=\"description\" content=\"CINCO REGATISTAS DEL REAL CLUB MAR\u00cdTIMO DE MELILLA PARTICIPAN DESDE ESTE JUEVES EN LA COPA DE ESPA\u00d1A DE WINDSURF -\" \/>\n<meta name=\"robots\" content=\"index, follow, max-snippet:-1, max-image-preview:large, max-video-preview:-1\" \/>\n<link rel=\"canonical\" href=\"https:\/\/www.realclubmaritimomelilla.es\/clmar\/cinco-regatistas-del-real-club-maritimo-de-melilla-participan-desde-este-jueves-en-la-copa-de-espana-de-windsurf\/\" \/>\n<meta property=\"og:locale\" content=\"es_ES\" \/>\n<meta property=\"og:type\" content=\"article\" \/>\n<meta property=\"og:title\" content=\"CINCO REGATISTAS DEL REAL CLUB MAR\u00cdTIMO DE MELILLA PARTICIPAN DESDE ESTE JUEVES EN LA COPA DE ESPA\u00d1A DE WINDSURF - Real Club Mar\u00edtimo de Melilla\" \/>\n<meta property=\"og:description\" content=\"CINCO REGATISTAS DEL REAL CLUB MAR\u00cdTIMO DE MELILLA PARTICIPAN DESDE ESTE JUEVES EN LA COPA DE ESPA\u00d1A DE WINDSURF -\" \/>\n<meta property=\"og:url\" content=\"https:\/\/www.realclubmaritimomelilla.es\/clmar\/cinco-regatistas-del-real-club-maritimo-de-melilla-participan-desde-este-jueves-en-la-copa-de-espana-de-windsurf\/\" \/>\n<meta property=\"og:site_name\" content=\"Real Club Mar\u00edtimo de Melilla\" \/>\n<meta property=\"article:publisher\" content=\"https:\/\/www.facebook.com\/Real-Club-Mar%c3%adtimo-de-Melilla-588495841234214\/\" \/>\n<meta property=\"article:published_time\" content=\"2021-05-20T04:46:58+00:00\" \/>\n<meta property=\"og:image\" content=\"https:\/\/www.realclubmaritimomelilla.es\/clmar\/wp-content\/uploads\/2021\/05\/entreno-en-cadiz-1.jpeg\" \/>\n\t<meta property=\"og:image:width\" content=\"2048\" \/>\n\t<meta property=\"og:image:height\" content=\"1536\" \/>\n\t<meta property=\"og:image:type\" content=\"image\/jpeg\" \/>\n<meta name=\"author\" content=\"RCMMelilla\" \/>\n<meta name=\"twitter:card\" content=\"summary_large_image\" \/>\n<meta name=\"twitter:creator\" content=\"@nauticarcmm\" \/>\n<meta name=\"twitter:site\" content=\"@nauticarcmm\" \/>\n<meta name=\"twitter:label1\" content=\"Escrito por\" \/>\n\t<meta name=\"twitter:data1\" content=\"RCMMelilla\" \/>\n\t<meta name=\"twitter:label2\" content=\"Tiempo de lectura\" \/>\n\t<meta name=\"twitter:data2\" content=\"2 minutos\" \/>\n<script type=\"application\/ld+json\" class=\"yoast-schema-graph\">{\"@context\":\"https:\\\/\\\/schema.org\",\"@graph\":[{\"@type\":\"Article\",\"@id\":\"https:\\\/\\\/www.realclubmaritimomelilla.es\\\/clmar\\\/cinco-regatistas-del-real-club-maritimo-de-melilla-participan-desde-este-jueves-en-la-copa-de-espana-de-windsurf\\\/#article\",\"isPartOf\":{\"@id\":\"https:\\\/\\\/www.realclubmaritimomelilla.es\\\/clmar\\\/cinco-regatistas-del-real-club-maritimo-de-melilla-participan-desde-este-jueves-en-la-copa-de-espana-de-windsurf\\\/\"},\"author\":{\"name\":\"RCMMelilla\",\"@id\":\"https:\\\/\\\/www.realclubmaritimomelilla.es\\\/clmar\\\/#\\\/schema\\\/person\\\/ebaa3713496dc6d48c872452e73a8e79\"},\"headline\":\"CINCO REGATISTAS DEL REAL CLUB MAR\u00cdTIMO DE MELILLA PARTICIPAN DESDE ESTE JUEVES EN LA COPA DE ESPA\u00d1A DE WINDSURF\",\"datePublished\":\"2021-05-20T04:46:58+00:00\",\"mainEntityOfPage\":{\"@id\":\"https:\\\/\\\/www.realclubmaritimomelilla.es\\\/clmar\\\/cinco-regatistas-del-real-club-maritimo-de-melilla-participan-desde-este-jueves-en-la-copa-de-espana-de-windsurf\\\/\"},\"wordCount\":321,\"commentCount\":0,\"publisher\":{\"@id\":\"https:\\\/\\\/www.realclubmaritimomelilla.es\\\/clmar\\\/#organization\"},\"image\":{\"@id\":\"https:\\\/\\\/www.realclubmaritimomelilla.es\\\/clmar\\\/cinco-regatistas-del-real-club-maritimo-de-melilla-participan-desde-este-jueves-en-la-copa-de-espana-de-windsurf\\\/#primaryimage\"},\"thumbnailUrl\":\"https:\\\/\\\/www.realclubmaritimomelilla.es\\\/clmar\\\/wp-content\\\/uploads\\\/2021\\\/05\\\/entreno-en-cadiz-1.jpeg\",\"articleSection\":[\"Club\",\"N\u00e1utica\"],\"inLanguage\":\"es\",\"potentialAction\":[{\"@type\":\"CommentAction\",\"name\":\"Comment\",\"target\":[\"https:\\\/\\\/www.realclubmaritimomelilla.es\\\/clmar\\\/cinco-regatistas-del-real-club-maritimo-de-melilla-participan-desde-este-jueves-en-la-copa-de-espana-de-windsurf\\\/#respond\"]}]},{\"@type\":\"WebPage\",\"@id\":\"https:\\\/\\\/www.realclubmaritimomelilla.es\\\/clmar\\\/cinco-regatistas-del-real-club-maritimo-de-melilla-participan-desde-este-jueves-en-la-copa-de-espana-de-windsurf\\\/\",\"url\":\"https:\\\/\\\/www.realclubmaritimomelilla.es\\\/clmar\\\/cinco-regatistas-del-real-club-maritimo-de-melilla-participan-desde-este-jueves-en-la-copa-de-espana-de-windsurf\\\/\",\"name\":\"CINCO REGATISTAS DEL REAL CLUB MAR\u00cdTIMO DE MELILLA PARTICIPAN DESDE ESTE JUEVES EN LA COPA DE ESPA\u00d1A DE WINDSURF - Real Club Mar\u00edtimo de Melilla\",\"isPartOf\":{\"@id\":\"https:\\\/\\\/www.realclubmaritimomelilla.es\\\/clmar\\\/#website\"},\"primaryImageOfPage\":{\"@id\":\"https:\\\/\\\/www.realclubmaritimomelilla.es\\\/clmar\\\/cinco-regatistas-del-real-club-maritimo-de-melilla-participan-desde-este-jueves-en-la-copa-de-espana-de-windsurf\\\/#primaryimage\"},\"image\":{\"@id\":\"https:\\\/\\\/www.realclubmaritimomelilla.es\\\/clmar\\\/cinco-regatistas-del-real-club-maritimo-de-melilla-participan-desde-este-jueves-en-la-copa-de-espana-de-windsurf\\\/#primaryimage\"},\"thumbnailUrl\":\"https:\\\/\\\/www.realclubmaritimomelilla.es\\\/clmar\\\/wp-content\\\/uploads\\\/2021\\\/05\\\/entreno-en-cadiz-1.jpeg\",\"datePublished\":\"2021-05-20T04:46:58+00:00\",\"description\":\"CINCO REGATISTAS DEL REAL CLUB MAR\u00cdTIMO DE MELILLA PARTICIPAN DESDE ESTE JUEVES EN LA COPA DE ESPA\u00d1A DE WINDSURF -\",\"breadcrumb\":{\"@id\":\"https:\\\/\\\/www.realclubmaritimomelilla.es\\\/clmar\\\/cinco-regatistas-del-real-club-maritimo-de-melilla-participan-desde-este-jueves-en-la-copa-de-espana-de-windsurf\\\/#breadcrumb\"},\"inLanguage\":\"es\",\"potentialAction\":[{\"@type\":\"ReadAction\",\"target\":[\"https:\\\/\\\/www.realclubmaritimomelilla.es\\\/clmar\\\/cinco-regatistas-del-real-club-maritimo-de-melilla-participan-desde-este-jueves-en-la-copa-de-espana-de-windsurf\\\/\"]}]},{\"@type\":\"ImageObject\",\"inLanguage\":\"es\",\"@id\":\"https:\\\/\\\/www.realclubmaritimomelilla.es\\\/clmar\\\/cinco-regatistas-del-real-club-maritimo-de-melilla-participan-desde-este-jueves-en-la-copa-de-espana-de-windsurf\\\/#primaryimage\",\"url\":\"https:\\\/\\\/www.realclubmaritimomelilla.es\\\/clmar\\\/wp-content\\\/uploads\\\/2021\\\/05\\\/entreno-en-cadiz-1.jpeg\",\"contentUrl\":\"https:\\\/\\\/www.realclubmaritimomelilla.es\\\/clmar\\\/wp-content\\\/uploads\\\/2021\\\/05\\\/entreno-en-cadiz-1.jpeg\",\"width\":2048,\"height\":1536},{\"@type\":\"BreadcrumbList\",\"@id\":\"https:\\\/\\\/www.realclubmaritimomelilla.es\\\/clmar\\\/cinco-regatistas-del-real-club-maritimo-de-melilla-participan-desde-este-jueves-en-la-copa-de-espana-de-windsurf\\\/#breadcrumb\",\"itemListElement\":[{\"@type\":\"ListItem\",\"position\":1,\"name\":\"Portada\",\"item\":\"https:\\\/\\\/www.realclubmaritimomelilla.es\\\/clmar\\\/\"},{\"@type\":\"ListItem\",\"position\":2,\"name\":\"CINCO REGATISTAS DEL REAL CLUB MAR\u00cdTIMO DE MELILLA PARTICIPAN DESDE ESTE JUEVES EN LA COPA DE ESPA\u00d1A DE WINDSURF\"}]},{\"@type\":\"WebSite\",\"@id\":\"https:\\\/\\\/www.realclubmaritimomelilla.es\\\/clmar\\\/#website\",\"url\":\"https:\\\/\\\/www.realclubmaritimomelilla.es\\\/clmar\\\/\",\"name\":\"Real Club Mar\u00edtimo de Melilla\",\"description\":\"RCMM\",\"publisher\":{\"@id\":\"https:\\\/\\\/www.realclubmaritimomelilla.es\\\/clmar\\\/#organization\"},\"alternateName\":\"RCMM\",\"potentialAction\":[{\"@type\":\"SearchAction\",\"target\":{\"@type\":\"EntryPoint\",\"urlTemplate\":\"https:\\\/\\\/www.realclubmaritimomelilla.es\\\/clmar\\\/?s={search_term_string}\"},\"query-input\":{\"@type\":\"PropertyValueSpecification\",\"valueRequired\":true,\"valueName\":\"search_term_string\"}}],\"inLanguage\":\"es\"},{\"@type\":\"Organization\",\"@id\":\"https:\\\/\\\/www.realclubmaritimomelilla.es\\\/clmar\\\/#organization\",\"name\":\"Real Club Mar\u00edtimo de Melilla\",\"alternateName\":\"RCMM\",\"url\":\"https:\\\/\\\/www.realclubmaritimomelilla.es\\\/clmar\\\/\",\"logo\":{\"@type\":\"ImageObject\",\"inLanguage\":\"es\",\"@id\":\"https:\\\/\\\/www.realclubmaritimomelilla.es\\\/clmar\\\/#\\\/schema\\\/logo\\\/image\\\/\",\"url\":\"https:\\\/\\\/www.realclubmaritimomelilla.es\\\/clmar\\\/wp-content\\\/uploads\\\/logo-club-original-copia.jpg\",\"contentUrl\":\"https:\\\/\\\/www.realclubmaritimomelilla.es\\\/clmar\\\/wp-content\\\/uploads\\\/logo-club-original-copia.jpg\",\"width\":128,\"height\":89,\"caption\":\"Real Club Mar\u00edtimo de Melilla\"},\"image\":{\"@id\":\"https:\\\/\\\/www.realclubmaritimomelilla.es\\\/clmar\\\/#\\\/schema\\\/logo\\\/image\\\/\"},\"sameAs\":[\"https:\\\/\\\/www.facebook.com\\\/Real-Club-Mar\u00edtimo-de-Melilla-588495841234214\\\/\",\"https:\\\/\\\/x.com\\\/nauticarcmm\",\"https:\\\/\\\/www.instagram.com\\\/club_maritimo_melilla\\\/\",\"https:\\\/\\\/www.youtube.com\\\/@realclubmaritimodemelilla4703\",\"https:\\\/\\\/es.wikipedia.org\\\/wiki\\\/Real_Club_Mar\u00edtimo_de_Melilla\"]},{\"@type\":\"Person\",\"@id\":\"https:\\\/\\\/www.realclubmaritimomelilla.es\\\/clmar\\\/#\\\/schema\\\/person\\\/ebaa3713496dc6d48c872452e73a8e79\",\"name\":\"RCMMelilla\",\"image\":{\"@type\":\"ImageObject\",\"inLanguage\":\"es\",\"@id\":\"https:\\\/\\\/secure.gravatar.com\\\/avatar\\\/df1c24789360fb9308735c4ee556fc2bc5bf924bf01e53043b8b97ba272da33c?s=96&d=mm&r=g\",\"url\":\"https:\\\/\\\/secure.gravatar.com\\\/avatar\\\/df1c24789360fb9308735c4ee556fc2bc5bf924bf01e53043b8b97ba272da33c?s=96&d=mm&r=g\",\"contentUrl\":\"https:\\\/\\\/secure.gravatar.com\\\/avatar\\\/df1c24789360fb9308735c4ee556fc2bc5bf924bf01e53043b8b97ba272da33c?s=96&d=mm&r=g\",\"caption\":\"RCMMelilla\"}}]}<\/script>\n<!-- \/ Yoast SEO plugin. -->","yoast_head_json":{"title":"CINCO REGATISTAS DEL REAL CLUB MAR\u00cdTIMO DE MELILLA PARTICIPAN DESDE ESTE JUEVES EN LA COPA DE ESPA\u00d1A DE WINDSURF - Real Club Mar\u00edtimo de Melilla","description":"CINCO REGATISTAS DEL REAL CLUB MAR\u00cdTIMO DE MELILLA PARTICIPAN DESDE ESTE JUEVES EN LA COPA DE ESPA\u00d1A DE WINDSURF -","robots":{"index":"index","follow":"follow","max-snippet":"max-snippet:-1","max-image-preview":"max-image-preview:large","max-video-preview":"max-video-preview:-1"},"canonical":"https:\/\/www.realclubmaritimomelilla.es\/clmar\/cinco-regatistas-del-real-club-maritimo-de-melilla-participan-desde-este-jueves-en-la-copa-de-espana-de-windsurf\/","og_locale":"es_ES","og_type":"article","og_title":"CINCO REGATISTAS DEL REAL CLUB MAR\u00cdTIMO DE MELILLA PARTICIPAN DESDE ESTE JUEVES EN LA COPA DE ESPA\u00d1A DE WINDSURF - Real Club Mar\u00edtimo de Melilla","og_description":"CINCO REGATISTAS DEL REAL CLUB MAR\u00cdTIMO DE MELILLA PARTICIPAN DESDE ESTE JUEVES EN LA COPA DE ESPA\u00d1A DE WINDSURF -","og_url":"https:\/\/www.realclubmaritimomelilla.es\/clmar\/cinco-regatistas-del-real-club-maritimo-de-melilla-participan-desde-este-jueves-en-la-copa-de-espana-de-windsurf\/","og_site_name":"Real Club Mar\u00edtimo de Melilla","article_publisher":"https:\/\/www.facebook.com\/Real-Club-Mar%c3%adtimo-de-Melilla-588495841234214\/","article_published_time":"2021-05-20T04:46:58+00:00","og_image":[{"width":2048,"height":1536,"url":"https:\/\/www.realclubmaritimomelilla.es\/clmar\/wp-content\/uploads\/2021\/05\/entreno-en-cadiz-1.jpeg","type":"image\/jpeg"}],"author":"RCMMelilla","twitter_card":"summary_large_image","twitter_creator":"@nauticarcmm","twitter_site":"@nauticarcmm","twitter_misc":{"Escrito por":"RCMMelilla","Tiempo de lectura":"2 minutos"},"schema":{"@context":"https:\/\/schema.org","@graph":[{"@type":"Article","@id":"https:\/\/www.realclubmaritimomelilla.es\/clmar\/cinco-regatistas-del-real-club-maritimo-de-melilla-participan-desde-este-jueves-en-la-copa-de-espana-de-windsurf\/#article","isPartOf":{"@id":"https:\/\/www.realclubmaritimomelilla.es\/clmar\/cinco-regatistas-del-real-club-maritimo-de-melilla-participan-desde-este-jueves-en-la-copa-de-espana-de-windsurf\/"},"author":{"name":"RCMMelilla","@id":"https:\/\/www.realclubmaritimomelilla.es\/clmar\/#\/schema\/person\/ebaa3713496dc6d48c872452e73a8e79"},"headline":"CINCO REGATISTAS DEL REAL CLUB MAR\u00cdTIMO DE MELILLA PARTICIPAN DESDE ESTE JUEVES EN LA COPA DE ESPA\u00d1A DE WINDSURF","datePublished":"2021-05-20T04:46:58+00:00","mainEntityOfPage":{"@id":"https:\/\/www.realclubmaritimomelilla.es\/clmar\/cinco-regatistas-del-real-club-maritimo-de-melilla-participan-desde-este-jueves-en-la-copa-de-espana-de-windsurf\/"},"wordCount":321,"commentCount":0,"publisher":{"@id":"https:\/\/www.realclubmaritimomelilla.es\/clmar\/#organization"},"image":{"@id":"https:\/\/www.realclubmaritimomelilla.es\/clmar\/cinco-regatistas-del-real-club-maritimo-de-melilla-participan-desde-este-jueves-en-la-copa-de-espana-de-windsurf\/#primaryimage"},"thumbnailUrl":"https:\/\/www.realclubmaritimomelilla.es\/clmar\/wp-content\/uploads\/2021\/05\/entreno-en-cadiz-1.jpeg","articleSection":["Club","N\u00e1utica"],"inLanguage":"es","potentialAction":[{"@type":"CommentAction","name":"Comment","target":["https:\/\/www.realclubmaritimomelilla.es\/clmar\/cinco-regatistas-del-real-club-maritimo-de-melilla-participan-desde-este-jueves-en-la-copa-de-espana-de-windsurf\/#respond"]}]},{"@type":"WebPage","@id":"https:\/\/www.realclubmaritimomelilla.es\/clmar\/cinco-regatistas-del-real-club-maritimo-de-melilla-participan-desde-este-jueves-en-la-copa-de-espana-de-windsurf\/","url":"https:\/\/www.realclubmaritimomelilla.es\/clmar\/cinco-regatistas-del-real-club-maritimo-de-melilla-participan-desde-este-jueves-en-la-copa-de-espana-de-windsurf\/","name":"CINCO REGATISTAS DEL REAL CLUB MAR\u00cdTIMO DE MELILLA PARTICIPAN DESDE ESTE JUEVES EN LA COPA DE ESPA\u00d1A DE WINDSURF - Real Club Mar\u00edtimo de Melilla","isPartOf":{"@id":"https:\/\/www.realclubmaritimomelilla.es\/clmar\/#website"},"primaryImageOfPage":{"@id":"https:\/\/www.realclubmaritimomelilla.es\/clmar\/cinco-regatistas-del-real-club-maritimo-de-melilla-participan-desde-este-jueves-en-la-copa-de-espana-de-windsurf\/#primaryimage"},"image":{"@id":"https:\/\/www.realclubmaritimomelilla.es\/clmar\/cinco-regatistas-del-real-club-maritimo-de-melilla-participan-desde-este-jueves-en-la-copa-de-espana-de-windsurf\/#primaryimage"},"thumbnailUrl":"https:\/\/www.realclubmaritimomelilla.es\/clmar\/wp-content\/uploads\/2021\/05\/entreno-en-cadiz-1.jpeg","datePublished":"2021-05-20T04:46:58+00:00","description":"CINCO REGATISTAS DEL REAL CLUB MAR\u00cdTIMO DE MELILLA PARTICIPAN DESDE ESTE JUEVES EN LA COPA DE ESPA\u00d1A DE WINDSURF -","breadcrumb":{"@id":"https:\/\/www.realclubmaritimomelilla.es\/clmar\/cinco-regatistas-del-real-club-maritimo-de-melilla-participan-desde-este-jueves-en-la-copa-de-espana-de-windsurf\/#breadcrumb"},"inLanguage":"es","potentialAction":[{"@type":"ReadAction","target":["https:\/\/www.realclubmaritimomelilla.es\/clmar\/cinco-regatistas-del-real-club-maritimo-de-melilla-participan-desde-este-jueves-en-la-copa-de-espana-de-windsurf\/"]}]},{"@type":"ImageObject","inLanguage":"es","@id":"https:\/\/www.realclubmaritimomelilla.es\/clmar\/cinco-regatistas-del-real-club-maritimo-de-melilla-participan-desde-este-jueves-en-la-copa-de-espana-de-windsurf\/#primaryimage","url":"https:\/\/www.realclubmaritimomelilla.es\/clmar\/wp-content\/uploads\/2021\/05\/entreno-en-cadiz-1.jpeg","contentUrl":"https:\/\/www.realclubmaritimomelilla.es\/clmar\/wp-content\/uploads\/2021\/05\/entreno-en-cadiz-1.jpeg","width":2048,"height":1536},{"@type":"BreadcrumbList","@id":"https:\/\/www.realclubmaritimomelilla.es\/clmar\/cinco-regatistas-del-real-club-maritimo-de-melilla-participan-desde-este-jueves-en-la-copa-de-espana-de-windsurf\/#breadcrumb","itemListElement":[{"@type":"ListItem","position":1,"name":"Portada","item":"https:\/\/www.realclubmaritimomelilla.es\/clmar\/"},{"@type":"ListItem","position":2,"name":"CINCO REGATISTAS DEL REAL CLUB MAR\u00cdTIMO DE MELILLA PARTICIPAN DESDE ESTE JUEVES EN LA COPA DE ESPA\u00d1A DE WINDSURF"}]},{"@type":"WebSite","@id":"https:\/\/www.realclubmaritimomelilla.es\/clmar\/#website","url":"https:\/\/www.realclubmaritimomelilla.es\/clmar\/","name":"Real Club Mar\u00edtimo de Melilla","description":"RCMM","publisher":{"@id":"https:\/\/www.realclubmaritimomelilla.es\/clmar\/#organization"},"alternateName":"RCMM","potentialAction":[{"@type":"SearchAction","target":{"@type":"EntryPoint","urlTemplate":"https:\/\/www.realclubmaritimomelilla.es\/clmar\/?s={search_term_string}"},"query-input":{"@type":"PropertyValueSpecification","valueRequired":true,"valueName":"search_term_string"}}],"inLanguage":"es"},{"@type":"Organization","@id":"https:\/\/www.realclubmaritimomelilla.es\/clmar\/#organization","name":"Real Club Mar\u00edtimo de Melilla","alternateName":"RCMM","url":"https:\/\/www.realclubmaritimomelilla.es\/clmar\/","logo":{"@type":"ImageObject","inLanguage":"es","@id":"https:\/\/www.realclubmaritimomelilla.es\/clmar\/#\/schema\/logo\/image\/","url":"https:\/\/www.realclubmaritimomelilla.es\/clmar\/wp-content\/uploads\/logo-club-original-copia.jpg","contentUrl":"https:\/\/www.realclubmaritimomelilla.es\/clmar\/wp-content\/uploads\/logo-club-original-copia.jpg","width":128,"height":89,"caption":"Real Club Mar\u00edtimo de Melilla"},"image":{"@id":"https:\/\/www.realclubmaritimomelilla.es\/clmar\/#\/schema\/logo\/image\/"},"sameAs":["https:\/\/www.facebook.com\/Real-Club-Mar\u00edtimo-de-Melilla-588495841234214\/","https:\/\/x.com\/nauticarcmm","https:\/\/www.instagram.com\/club_maritimo_melilla\/","https:\/\/www.youtube.com\/@realclubmaritimodemelilla4703","https:\/\/es.wikipedia.org\/wiki\/Real_Club_Mar\u00edtimo_de_Melilla"]},{"@type":"Person","@id":"https:\/\/www.realclubmaritimomelilla.es\/clmar\/#\/schema\/person\/ebaa3713496dc6d48c872452e73a8e79","name":"RCMMelilla","image":{"@type":"ImageObject","inLanguage":"es","@id":"https:\/\/secure.gravatar.com\/avatar\/df1c24789360fb9308735c4ee556fc2bc5bf924bf01e53043b8b97ba272da33c?s=96&d=mm&r=g","url":"https:\/\/secure.gravatar.com\/avatar\/df1c24789360fb9308735c4ee556fc2bc5bf924bf01e53043b8b97ba272da33c?s=96&d=mm&r=g","contentUrl":"https:\/\/secure.gravatar.com\/avatar\/df1c24789360fb9308735c4ee556fc2bc5bf924bf01e53043b8b97ba272da33c?s=96&d=mm&r=g","caption":"RCMMelilla"}}]}},"_links":{"self":[{"href":"https:\/\/www.realclubmaritimomelilla.es\/clmar\/wp-json\/wp\/v2\/posts\/15387","targetHints":{"allow":["GET"]}}],"collection":[{"href":"https:\/\/www.realclubmaritimomelilla.es\/clmar\/wp-json\/wp\/v2\/posts"}],"about":[{"href":"https:\/\/www.realclubmaritimomelilla.es\/clmar\/wp-json\/wp\/v2\/types\/post"}],"author":[{"embeddable":true,"href":"https:\/\/www.realclubmaritimomelilla.es\/clmar\/wp-json\/wp\/v2\/users\/1"}],"replies":[{"embeddable":true,"href":"https:\/\/www.realclubmaritimomelilla.es\/clmar\/wp-json\/wp\/v2\/comments?post=15387"}],"version-history":[{"count":0,"href":"https:\/\/www.realclubmaritimomelilla.es\/clmar\/wp-json\/wp\/v2\/posts\/15387\/revisions"}],"wp:featuredmedia":[{"embeddable":true,"href":"https:\/\/www.realclubmaritimomelilla.es\/clmar\/wp-json\/wp\/v2\/media\/15388"}],"wp:attachment":[{"href":"https:\/\/www.realclubmaritimomelilla.es\/clmar\/wp-json\/wp\/v2\/media?parent=15387"}],"wp:term":[{"taxonomy":"category","embeddable":true,"href":"https:\/\/www.realclubmaritimomelilla.es\/clmar\/wp-json\/wp\/v2\/categories?post=15387"},{"taxonomy":"post_tag","embeddable":true,"href":"https:\/\/www.realclubmaritimomelilla.es\/clmar\/wp-json\/wp\/v2\/tags?post=15387"}],"curies":[{"name":"wp","href":"https:\/\/api.w.org\/{rel}","templated":true}]}}