{"id":15383,"date":"2021-04-18T17:00:00","date_gmt":"2021-04-18T15:00:00","guid":{"rendered":"http:\/\/www.clubmaritimomelilla.es\/clmar\/?p=15383"},"modified":"2021-07-20T11:38:47","modified_gmt":"2021-07-20T09:38:47","slug":"la-flota-de-vela-ligera-del-real-club-maritimo-de-melilla-sigue-con-sus-entrenamientos","status":"publish","type":"post","link":"https:\/\/www.realclubmaritimomelilla.es\/clmar\/la-flota-de-vela-ligera-del-real-club-maritimo-de-melilla-sigue-con-sus-entrenamientos\/","title":{"rendered":"LA FLOTA DE VELA LIGERA DEL REAL CLUB MAR\u00cdTIMO DE MELILLA SIGUE CON SUS ENTRENAMIENTOS"},"content":{"rendered":"<p>Este fin de semana, la bah\u00eda melillense ha vuelto a llenarse del mar de velas que forman las embarcaciones de la flota de vela ligera del Real Club Mar\u00edtimo de Melilla. Aprovechando que la climatolog\u00eda ha sido ben\u00e9vola y que ha lucido un espl\u00e9ndido sol, los entrenamientos se han desarrollado con normalidad.<br \/>\nActualmente, m\u00e1s de medio centenar de j\u00f3venes melillenses practican vela y windsurf con el Real Club Mar\u00edtimo, ya sea en su Escuela de Iniciaci\u00f3n o en su Equipo de Regata.<br \/>\nDe igual forma, durante la \u00faltima semana tambi\u00e9n se ha llevado a cabo una puesta a punto integral de las embarcaciones de vela que son propiedad de la entidad. Se ha comenzado esta optimizaci\u00f3n con la flota de optimist, m\u00e1s de treinta barcos, dado el notable aumento de j\u00f3venes regatistas que han comenzado a iniciarse en este deporte de la vela con el Club Mar\u00edtimo.<br \/>\nLos entrenamientos se han desarrollado este s\u00e1bado y domingo, en condiciones de poco viento, las habituales en el campo de regata melillense.<br \/>\nHay que recordar que la flota de windsurf del \u00a0Equipo de Regata en pr\u00f3ximas semanas acudir\u00e1 a la Copa de Espa\u00f1a, por lo que en estos momentos se han implantado sus entrenamientos, con el objetivo de competir al m\u00e1ximo nivel, m\u00e1xime cuando hay opciones tangibles de repetir los \u00e9xitos de d\u00edas atr\u00e1s en el Campeonato de Espa\u00f1a, y que regatistas del Real Club Mar\u00edtimo de Melilla, representando a la ciudad aut\u00f3noma, consigan alcanzar podio y plaza para el pr\u00f3ximo Europeo o Mundial.<\/p>\n","protected":false},"excerpt":{"rendered":"<p>Este fin de semana, la bah\u00eda melillense ha vuelto a llenarse del mar de velas que forman las embarcaciones de la flota de vela ligera del Real Club Mar\u00edtimo de Melilla. Aprovechando que la climatolog\u00eda ha sido ben\u00e9vola y que ha lucido un espl\u00e9ndido sol, los entrenamientos se han desarrollado con normalidad. Actualmente, m\u00e1s de [&hellip;]<\/p>\n","protected":false},"author":1,"featured_media":15384,"comment_status":"open","ping_status":"open","sticky":false,"template":"","format":"standard","meta":{"_acf_changed":false,"footnotes":""},"categories":[40,38],"tags":[],"class_list":["post-15383","post","type-post","status-publish","format-standard","has-post-thumbnail","hentry","category-club","category-nautica"],"acf":[],"yoast_head":"<!-- This site is optimized with the Yoast SEO plugin v27.5 - https:\/\/yoast.com\/product\/yoast-seo-wordpress\/ -->\n<title>LA FLOTA DE VELA LIGERA DEL REAL CLUB MAR\u00cdTIMO DE MELILLA SIGUE CON SUS ENTRENAMIENTOS - Real Club Mar\u00edtimo de Melilla<\/title>\n<meta name=\"description\" content=\"LA FLOTA DE VELA LIGERA DEL REAL CLUB MAR\u00cdTIMO DE MELILLA SIGUE CON SUS ENTRENAMIENTOS -\" \/>\n<meta name=\"robots\" content=\"index, follow, max-snippet:-1, max-image-preview:large, max-video-preview:-1\" \/>\n<link rel=\"canonical\" href=\"https:\/\/www.realclubmaritimomelilla.es\/clmar\/la-flota-de-vela-ligera-del-real-club-maritimo-de-melilla-sigue-con-sus-entrenamientos\/\" \/>\n<meta property=\"og:locale\" content=\"es_ES\" \/>\n<meta property=\"og:type\" content=\"article\" \/>\n<meta property=\"og:title\" content=\"LA FLOTA DE VELA LIGERA DEL REAL CLUB MAR\u00cdTIMO DE MELILLA SIGUE CON SUS ENTRENAMIENTOS - Real Club Mar\u00edtimo de Melilla\" \/>\n<meta property=\"og:description\" content=\"LA FLOTA DE VELA LIGERA DEL REAL CLUB MAR\u00cdTIMO DE MELILLA SIGUE CON SUS ENTRENAMIENTOS -\" \/>\n<meta property=\"og:url\" content=\"https:\/\/www.realclubmaritimomelilla.es\/clmar\/la-flota-de-vela-ligera-del-real-club-maritimo-de-melilla-sigue-con-sus-entrenamientos\/\" \/>\n<meta property=\"og:site_name\" content=\"Real Club Mar\u00edtimo de Melilla\" \/>\n<meta property=\"article:publisher\" content=\"https:\/\/www.facebook.com\/Real-Club-Mar%c3%adtimo-de-Melilla-588495841234214\/\" \/>\n<meta property=\"article:published_time\" content=\"2021-04-18T15:00:00+00:00\" \/>\n<meta property=\"article:modified_time\" content=\"2021-07-20T09:38:47+00:00\" \/>\n<meta property=\"og:image\" content=\"https:\/\/www.realclubmaritimomelilla.es\/clmar\/wp-content\/uploads\/2021\/05\/entrenamiento-flota-RCMM-2.jpeg\" \/>\n\t<meta property=\"og:image:width\" content=\"1600\" \/>\n\t<meta property=\"og:image:height\" content=\"1200\" \/>\n\t<meta property=\"og:image:type\" content=\"image\/jpeg\" \/>\n<meta name=\"author\" content=\"RCMMelilla\" \/>\n<meta name=\"twitter:card\" content=\"summary_large_image\" \/>\n<meta name=\"twitter:creator\" content=\"@nauticarcmm\" \/>\n<meta name=\"twitter:site\" content=\"@nauticarcmm\" \/>\n<meta name=\"twitter:label1\" content=\"Escrito por\" \/>\n\t<meta name=\"twitter:data1\" content=\"RCMMelilla\" \/>\n\t<meta name=\"twitter:label2\" content=\"Tiempo de lectura\" \/>\n\t<meta name=\"twitter:data2\" content=\"1 minuto\" \/>\n<script type=\"application\/ld+json\" class=\"yoast-schema-graph\">{\"@context\":\"https:\\\/\\\/schema.org\",\"@graph\":[{\"@type\":\"Article\",\"@id\":\"https:\\\/\\\/www.realclubmaritimomelilla.es\\\/clmar\\\/la-flota-de-vela-ligera-del-real-club-maritimo-de-melilla-sigue-con-sus-entrenamientos\\\/#article\",\"isPartOf\":{\"@id\":\"https:\\\/\\\/www.realclubmaritimomelilla.es\\\/clmar\\\/la-flota-de-vela-ligera-del-real-club-maritimo-de-melilla-sigue-con-sus-entrenamientos\\\/\"},\"author\":{\"name\":\"RCMMelilla\",\"@id\":\"https:\\\/\\\/www.realclubmaritimomelilla.es\\\/clmar\\\/#\\\/schema\\\/person\\\/ebaa3713496dc6d48c872452e73a8e79\"},\"headline\":\"LA FLOTA DE VELA LIGERA DEL REAL CLUB MAR\u00cdTIMO DE MELILLA SIGUE CON SUS ENTRENAMIENTOS\",\"datePublished\":\"2021-04-18T15:00:00+00:00\",\"dateModified\":\"2021-07-20T09:38:47+00:00\",\"mainEntityOfPage\":{\"@id\":\"https:\\\/\\\/www.realclubmaritimomelilla.es\\\/clmar\\\/la-flota-de-vela-ligera-del-real-club-maritimo-de-melilla-sigue-con-sus-entrenamientos\\\/\"},\"wordCount\":292,\"commentCount\":0,\"publisher\":{\"@id\":\"https:\\\/\\\/www.realclubmaritimomelilla.es\\\/clmar\\\/#organization\"},\"image\":{\"@id\":\"https:\\\/\\\/www.realclubmaritimomelilla.es\\\/clmar\\\/la-flota-de-vela-ligera-del-real-club-maritimo-de-melilla-sigue-con-sus-entrenamientos\\\/#primaryimage\"},\"thumbnailUrl\":\"https:\\\/\\\/www.realclubmaritimomelilla.es\\\/clmar\\\/wp-content\\\/uploads\\\/2021\\\/05\\\/entrenamiento-flota-RCMM-2.jpeg\",\"articleSection\":[\"Club\",\"N\u00e1utica\"],\"inLanguage\":\"es\",\"potentialAction\":[{\"@type\":\"CommentAction\",\"name\":\"Comment\",\"target\":[\"https:\\\/\\\/www.realclubmaritimomelilla.es\\\/clmar\\\/la-flota-de-vela-ligera-del-real-club-maritimo-de-melilla-sigue-con-sus-entrenamientos\\\/#respond\"]}]},{\"@type\":\"WebPage\",\"@id\":\"https:\\\/\\\/www.realclubmaritimomelilla.es\\\/clmar\\\/la-flota-de-vela-ligera-del-real-club-maritimo-de-melilla-sigue-con-sus-entrenamientos\\\/\",\"url\":\"https:\\\/\\\/www.realclubmaritimomelilla.es\\\/clmar\\\/la-flota-de-vela-ligera-del-real-club-maritimo-de-melilla-sigue-con-sus-entrenamientos\\\/\",\"name\":\"LA FLOTA DE VELA LIGERA DEL REAL CLUB MAR\u00cdTIMO DE MELILLA SIGUE CON SUS ENTRENAMIENTOS - Real Club Mar\u00edtimo de Melilla\",\"isPartOf\":{\"@id\":\"https:\\\/\\\/www.realclubmaritimomelilla.es\\\/clmar\\\/#website\"},\"primaryImageOfPage\":{\"@id\":\"https:\\\/\\\/www.realclubmaritimomelilla.es\\\/clmar\\\/la-flota-de-vela-ligera-del-real-club-maritimo-de-melilla-sigue-con-sus-entrenamientos\\\/#primaryimage\"},\"image\":{\"@id\":\"https:\\\/\\\/www.realclubmaritimomelilla.es\\\/clmar\\\/la-flota-de-vela-ligera-del-real-club-maritimo-de-melilla-sigue-con-sus-entrenamientos\\\/#primaryimage\"},\"thumbnailUrl\":\"https:\\\/\\\/www.realclubmaritimomelilla.es\\\/clmar\\\/wp-content\\\/uploads\\\/2021\\\/05\\\/entrenamiento-flota-RCMM-2.jpeg\",\"datePublished\":\"2021-04-18T15:00:00+00:00\",\"dateModified\":\"2021-07-20T09:38:47+00:00\",\"description\":\"LA FLOTA DE VELA LIGERA DEL REAL CLUB MAR\u00cdTIMO DE MELILLA SIGUE CON SUS ENTRENAMIENTOS -\",\"breadcrumb\":{\"@id\":\"https:\\\/\\\/www.realclubmaritimomelilla.es\\\/clmar\\\/la-flota-de-vela-ligera-del-real-club-maritimo-de-melilla-sigue-con-sus-entrenamientos\\\/#breadcrumb\"},\"inLanguage\":\"es\",\"potentialAction\":[{\"@type\":\"ReadAction\",\"target\":[\"https:\\\/\\\/www.realclubmaritimomelilla.es\\\/clmar\\\/la-flota-de-vela-ligera-del-real-club-maritimo-de-melilla-sigue-con-sus-entrenamientos\\\/\"]}]},{\"@type\":\"ImageObject\",\"inLanguage\":\"es\",\"@id\":\"https:\\\/\\\/www.realclubmaritimomelilla.es\\\/clmar\\\/la-flota-de-vela-ligera-del-real-club-maritimo-de-melilla-sigue-con-sus-entrenamientos\\\/#primaryimage\",\"url\":\"https:\\\/\\\/www.realclubmaritimomelilla.es\\\/clmar\\\/wp-content\\\/uploads\\\/2021\\\/05\\\/entrenamiento-flota-RCMM-2.jpeg\",\"contentUrl\":\"https:\\\/\\\/www.realclubmaritimomelilla.es\\\/clmar\\\/wp-content\\\/uploads\\\/2021\\\/05\\\/entrenamiento-flota-RCMM-2.jpeg\",\"width\":1600,\"height\":1200},{\"@type\":\"BreadcrumbList\",\"@id\":\"https:\\\/\\\/www.realclubmaritimomelilla.es\\\/clmar\\\/la-flota-de-vela-ligera-del-real-club-maritimo-de-melilla-sigue-con-sus-entrenamientos\\\/#breadcrumb\",\"itemListElement\":[{\"@type\":\"ListItem\",\"position\":1,\"name\":\"Portada\",\"item\":\"https:\\\/\\\/www.realclubmaritimomelilla.es\\\/clmar\\\/\"},{\"@type\":\"ListItem\",\"position\":2,\"name\":\"LA FLOTA DE VELA LIGERA DEL REAL CLUB MAR\u00cdTIMO DE MELILLA SIGUE CON SUS ENTRENAMIENTOS\"}]},{\"@type\":\"WebSite\",\"@id\":\"https:\\\/\\\/www.realclubmaritimomelilla.es\\\/clmar\\\/#website\",\"url\":\"https:\\\/\\\/www.realclubmaritimomelilla.es\\\/clmar\\\/\",\"name\":\"Real Club Mar\u00edtimo de Melilla\",\"description\":\"RCMM\",\"publisher\":{\"@id\":\"https:\\\/\\\/www.realclubmaritimomelilla.es\\\/clmar\\\/#organization\"},\"alternateName\":\"RCMM\",\"potentialAction\":[{\"@type\":\"SearchAction\",\"target\":{\"@type\":\"EntryPoint\",\"urlTemplate\":\"https:\\\/\\\/www.realclubmaritimomelilla.es\\\/clmar\\\/?s={search_term_string}\"},\"query-input\":{\"@type\":\"PropertyValueSpecification\",\"valueRequired\":true,\"valueName\":\"search_term_string\"}}],\"inLanguage\":\"es\"},{\"@type\":\"Organization\",\"@id\":\"https:\\\/\\\/www.realclubmaritimomelilla.es\\\/clmar\\\/#organization\",\"name\":\"Real Club Mar\u00edtimo de Melilla\",\"alternateName\":\"RCMM\",\"url\":\"https:\\\/\\\/www.realclubmaritimomelilla.es\\\/clmar\\\/\",\"logo\":{\"@type\":\"ImageObject\",\"inLanguage\":\"es\",\"@id\":\"https:\\\/\\\/www.realclubmaritimomelilla.es\\\/clmar\\\/#\\\/schema\\\/logo\\\/image\\\/\",\"url\":\"https:\\\/\\\/www.realclubmaritimomelilla.es\\\/clmar\\\/wp-content\\\/uploads\\\/logo-club-original-copia.jpg\",\"contentUrl\":\"https:\\\/\\\/www.realclubmaritimomelilla.es\\\/clmar\\\/wp-content\\\/uploads\\\/logo-club-original-copia.jpg\",\"width\":128,\"height\":89,\"caption\":\"Real Club Mar\u00edtimo de Melilla\"},\"image\":{\"@id\":\"https:\\\/\\\/www.realclubmaritimomelilla.es\\\/clmar\\\/#\\\/schema\\\/logo\\\/image\\\/\"},\"sameAs\":[\"https:\\\/\\\/www.facebook.com\\\/Real-Club-Mar\u00edtimo-de-Melilla-588495841234214\\\/\",\"https:\\\/\\\/x.com\\\/nauticarcmm\",\"https:\\\/\\\/www.instagram.com\\\/club_maritimo_melilla\\\/\",\"https:\\\/\\\/www.youtube.com\\\/@realclubmaritimodemelilla4703\",\"https:\\\/\\\/es.wikipedia.org\\\/wiki\\\/Real_Club_Mar\u00edtimo_de_Melilla\"]},{\"@type\":\"Person\",\"@id\":\"https:\\\/\\\/www.realclubmaritimomelilla.es\\\/clmar\\\/#\\\/schema\\\/person\\\/ebaa3713496dc6d48c872452e73a8e79\",\"name\":\"RCMMelilla\",\"image\":{\"@type\":\"ImageObject\",\"inLanguage\":\"es\",\"@id\":\"https:\\\/\\\/secure.gravatar.com\\\/avatar\\\/df1c24789360fb9308735c4ee556fc2bc5bf924bf01e53043b8b97ba272da33c?s=96&d=mm&r=g\",\"url\":\"https:\\\/\\\/secure.gravatar.com\\\/avatar\\\/df1c24789360fb9308735c4ee556fc2bc5bf924bf01e53043b8b97ba272da33c?s=96&d=mm&r=g\",\"contentUrl\":\"https:\\\/\\\/secure.gravatar.com\\\/avatar\\\/df1c24789360fb9308735c4ee556fc2bc5bf924bf01e53043b8b97ba272da33c?s=96&d=mm&r=g\",\"caption\":\"RCMMelilla\"}}]}<\/script>\n<!-- \/ Yoast SEO plugin. -->","yoast_head_json":{"title":"LA FLOTA DE VELA LIGERA DEL REAL CLUB MAR\u00cdTIMO DE MELILLA SIGUE CON SUS ENTRENAMIENTOS - Real Club Mar\u00edtimo de Melilla","description":"LA FLOTA DE VELA LIGERA DEL REAL CLUB MAR\u00cdTIMO DE MELILLA SIGUE CON SUS ENTRENAMIENTOS -","robots":{"index":"index","follow":"follow","max-snippet":"max-snippet:-1","max-image-preview":"max-image-preview:large","max-video-preview":"max-video-preview:-1"},"canonical":"https:\/\/www.realclubmaritimomelilla.es\/clmar\/la-flota-de-vela-ligera-del-real-club-maritimo-de-melilla-sigue-con-sus-entrenamientos\/","og_locale":"es_ES","og_type":"article","og_title":"LA FLOTA DE VELA LIGERA DEL REAL CLUB MAR\u00cdTIMO DE MELILLA SIGUE CON SUS ENTRENAMIENTOS - Real Club Mar\u00edtimo de Melilla","og_description":"LA FLOTA DE VELA LIGERA DEL REAL CLUB MAR\u00cdTIMO DE MELILLA SIGUE CON SUS ENTRENAMIENTOS -","og_url":"https:\/\/www.realclubmaritimomelilla.es\/clmar\/la-flota-de-vela-ligera-del-real-club-maritimo-de-melilla-sigue-con-sus-entrenamientos\/","og_site_name":"Real Club Mar\u00edtimo de Melilla","article_publisher":"https:\/\/www.facebook.com\/Real-Club-Mar%c3%adtimo-de-Melilla-588495841234214\/","article_published_time":"2021-04-18T15:00:00+00:00","article_modified_time":"2021-07-20T09:38:47+00:00","og_image":[{"width":1600,"height":1200,"url":"https:\/\/www.realclubmaritimomelilla.es\/clmar\/wp-content\/uploads\/2021\/05\/entrenamiento-flota-RCMM-2.jpeg","type":"image\/jpeg"}],"author":"RCMMelilla","twitter_card":"summary_large_image","twitter_creator":"@nauticarcmm","twitter_site":"@nauticarcmm","twitter_misc":{"Escrito por":"RCMMelilla","Tiempo de lectura":"1 minuto"},"schema":{"@context":"https:\/\/schema.org","@graph":[{"@type":"Article","@id":"https:\/\/www.realclubmaritimomelilla.es\/clmar\/la-flota-de-vela-ligera-del-real-club-maritimo-de-melilla-sigue-con-sus-entrenamientos\/#article","isPartOf":{"@id":"https:\/\/www.realclubmaritimomelilla.es\/clmar\/la-flota-de-vela-ligera-del-real-club-maritimo-de-melilla-sigue-con-sus-entrenamientos\/"},"author":{"name":"RCMMelilla","@id":"https:\/\/www.realclubmaritimomelilla.es\/clmar\/#\/schema\/person\/ebaa3713496dc6d48c872452e73a8e79"},"headline":"LA FLOTA DE VELA LIGERA DEL REAL CLUB MAR\u00cdTIMO DE MELILLA SIGUE CON SUS ENTRENAMIENTOS","datePublished":"2021-04-18T15:00:00+00:00","dateModified":"2021-07-20T09:38:47+00:00","mainEntityOfPage":{"@id":"https:\/\/www.realclubmaritimomelilla.es\/clmar\/la-flota-de-vela-ligera-del-real-club-maritimo-de-melilla-sigue-con-sus-entrenamientos\/"},"wordCount":292,"commentCount":0,"publisher":{"@id":"https:\/\/www.realclubmaritimomelilla.es\/clmar\/#organization"},"image":{"@id":"https:\/\/www.realclubmaritimomelilla.es\/clmar\/la-flota-de-vela-ligera-del-real-club-maritimo-de-melilla-sigue-con-sus-entrenamientos\/#primaryimage"},"thumbnailUrl":"https:\/\/www.realclubmaritimomelilla.es\/clmar\/wp-content\/uploads\/2021\/05\/entrenamiento-flota-RCMM-2.jpeg","articleSection":["Club","N\u00e1utica"],"inLanguage":"es","potentialAction":[{"@type":"CommentAction","name":"Comment","target":["https:\/\/www.realclubmaritimomelilla.es\/clmar\/la-flota-de-vela-ligera-del-real-club-maritimo-de-melilla-sigue-con-sus-entrenamientos\/#respond"]}]},{"@type":"WebPage","@id":"https:\/\/www.realclubmaritimomelilla.es\/clmar\/la-flota-de-vela-ligera-del-real-club-maritimo-de-melilla-sigue-con-sus-entrenamientos\/","url":"https:\/\/www.realclubmaritimomelilla.es\/clmar\/la-flota-de-vela-ligera-del-real-club-maritimo-de-melilla-sigue-con-sus-entrenamientos\/","name":"LA FLOTA DE VELA LIGERA DEL REAL CLUB MAR\u00cdTIMO DE MELILLA SIGUE CON SUS ENTRENAMIENTOS - Real Club Mar\u00edtimo de Melilla","isPartOf":{"@id":"https:\/\/www.realclubmaritimomelilla.es\/clmar\/#website"},"primaryImageOfPage":{"@id":"https:\/\/www.realclubmaritimomelilla.es\/clmar\/la-flota-de-vela-ligera-del-real-club-maritimo-de-melilla-sigue-con-sus-entrenamientos\/#primaryimage"},"image":{"@id":"https:\/\/www.realclubmaritimomelilla.es\/clmar\/la-flota-de-vela-ligera-del-real-club-maritimo-de-melilla-sigue-con-sus-entrenamientos\/#primaryimage"},"thumbnailUrl":"https:\/\/www.realclubmaritimomelilla.es\/clmar\/wp-content\/uploads\/2021\/05\/entrenamiento-flota-RCMM-2.jpeg","datePublished":"2021-04-18T15:00:00+00:00","dateModified":"2021-07-20T09:38:47+00:00","description":"LA FLOTA DE VELA LIGERA DEL REAL CLUB MAR\u00cdTIMO DE MELILLA SIGUE CON SUS ENTRENAMIENTOS -","breadcrumb":{"@id":"https:\/\/www.realclubmaritimomelilla.es\/clmar\/la-flota-de-vela-ligera-del-real-club-maritimo-de-melilla-sigue-con-sus-entrenamientos\/#breadcrumb"},"inLanguage":"es","potentialAction":[{"@type":"ReadAction","target":["https:\/\/www.realclubmaritimomelilla.es\/clmar\/la-flota-de-vela-ligera-del-real-club-maritimo-de-melilla-sigue-con-sus-entrenamientos\/"]}]},{"@type":"ImageObject","inLanguage":"es","@id":"https:\/\/www.realclubmaritimomelilla.es\/clmar\/la-flota-de-vela-ligera-del-real-club-maritimo-de-melilla-sigue-con-sus-entrenamientos\/#primaryimage","url":"https:\/\/www.realclubmaritimomelilla.es\/clmar\/wp-content\/uploads\/2021\/05\/entrenamiento-flota-RCMM-2.jpeg","contentUrl":"https:\/\/www.realclubmaritimomelilla.es\/clmar\/wp-content\/uploads\/2021\/05\/entrenamiento-flota-RCMM-2.jpeg","width":1600,"height":1200},{"@type":"BreadcrumbList","@id":"https:\/\/www.realclubmaritimomelilla.es\/clmar\/la-flota-de-vela-ligera-del-real-club-maritimo-de-melilla-sigue-con-sus-entrenamientos\/#breadcrumb","itemListElement":[{"@type":"ListItem","position":1,"name":"Portada","item":"https:\/\/www.realclubmaritimomelilla.es\/clmar\/"},{"@type":"ListItem","position":2,"name":"LA FLOTA DE VELA LIGERA DEL REAL CLUB MAR\u00cdTIMO DE MELILLA SIGUE CON SUS ENTRENAMIENTOS"}]},{"@type":"WebSite","@id":"https:\/\/www.realclubmaritimomelilla.es\/clmar\/#website","url":"https:\/\/www.realclubmaritimomelilla.es\/clmar\/","name":"Real Club Mar\u00edtimo de Melilla","description":"RCMM","publisher":{"@id":"https:\/\/www.realclubmaritimomelilla.es\/clmar\/#organization"},"alternateName":"RCMM","potentialAction":[{"@type":"SearchAction","target":{"@type":"EntryPoint","urlTemplate":"https:\/\/www.realclubmaritimomelilla.es\/clmar\/?s={search_term_string}"},"query-input":{"@type":"PropertyValueSpecification","valueRequired":true,"valueName":"search_term_string"}}],"inLanguage":"es"},{"@type":"Organization","@id":"https:\/\/www.realclubmaritimomelilla.es\/clmar\/#organization","name":"Real Club Mar\u00edtimo de Melilla","alternateName":"RCMM","url":"https:\/\/www.realclubmaritimomelilla.es\/clmar\/","logo":{"@type":"ImageObject","inLanguage":"es","@id":"https:\/\/www.realclubmaritimomelilla.es\/clmar\/#\/schema\/logo\/image\/","url":"https:\/\/www.realclubmaritimomelilla.es\/clmar\/wp-content\/uploads\/logo-club-original-copia.jpg","contentUrl":"https:\/\/www.realclubmaritimomelilla.es\/clmar\/wp-content\/uploads\/logo-club-original-copia.jpg","width":128,"height":89,"caption":"Real Club Mar\u00edtimo de Melilla"},"image":{"@id":"https:\/\/www.realclubmaritimomelilla.es\/clmar\/#\/schema\/logo\/image\/"},"sameAs":["https:\/\/www.facebook.com\/Real-Club-Mar\u00edtimo-de-Melilla-588495841234214\/","https:\/\/x.com\/nauticarcmm","https:\/\/www.instagram.com\/club_maritimo_melilla\/","https:\/\/www.youtube.com\/@realclubmaritimodemelilla4703","https:\/\/es.wikipedia.org\/wiki\/Real_Club_Mar\u00edtimo_de_Melilla"]},{"@type":"Person","@id":"https:\/\/www.realclubmaritimomelilla.es\/clmar\/#\/schema\/person\/ebaa3713496dc6d48c872452e73a8e79","name":"RCMMelilla","image":{"@type":"ImageObject","inLanguage":"es","@id":"https:\/\/secure.gravatar.com\/avatar\/df1c24789360fb9308735c4ee556fc2bc5bf924bf01e53043b8b97ba272da33c?s=96&d=mm&r=g","url":"https:\/\/secure.gravatar.com\/avatar\/df1c24789360fb9308735c4ee556fc2bc5bf924bf01e53043b8b97ba272da33c?s=96&d=mm&r=g","contentUrl":"https:\/\/secure.gravatar.com\/avatar\/df1c24789360fb9308735c4ee556fc2bc5bf924bf01e53043b8b97ba272da33c?s=96&d=mm&r=g","caption":"RCMMelilla"}}]}},"_links":{"self":[{"href":"https:\/\/www.realclubmaritimomelilla.es\/clmar\/wp-json\/wp\/v2\/posts\/15383","targetHints":{"allow":["GET"]}}],"collection":[{"href":"https:\/\/www.realclubmaritimomelilla.es\/clmar\/wp-json\/wp\/v2\/posts"}],"about":[{"href":"https:\/\/www.realclubmaritimomelilla.es\/clmar\/wp-json\/wp\/v2\/types\/post"}],"author":[{"embeddable":true,"href":"https:\/\/www.realclubmaritimomelilla.es\/clmar\/wp-json\/wp\/v2\/users\/1"}],"replies":[{"embeddable":true,"href":"https:\/\/www.realclubmaritimomelilla.es\/clmar\/wp-json\/wp\/v2\/comments?post=15383"}],"version-history":[{"count":1,"href":"https:\/\/www.realclubmaritimomelilla.es\/clmar\/wp-json\/wp\/v2\/posts\/15383\/revisions"}],"predecessor-version":[{"id":15988,"href":"https:\/\/www.realclubmaritimomelilla.es\/clmar\/wp-json\/wp\/v2\/posts\/15383\/revisions\/15988"}],"wp:featuredmedia":[{"embeddable":true,"href":"https:\/\/www.realclubmaritimomelilla.es\/clmar\/wp-json\/wp\/v2\/media\/15384"}],"wp:attachment":[{"href":"https:\/\/www.realclubmaritimomelilla.es\/clmar\/wp-json\/wp\/v2\/media?parent=15383"}],"wp:term":[{"taxonomy":"category","embeddable":true,"href":"https:\/\/www.realclubmaritimomelilla.es\/clmar\/wp-json\/wp\/v2\/categories?post=15383"},{"taxonomy":"post_tag","embeddable":true,"href":"https:\/\/www.realclubmaritimomelilla.es\/clmar\/wp-json\/wp\/v2\/tags?post=15383"}],"curies":[{"name":"wp","href":"https:\/\/api.w.org\/{rel}","templated":true}]}}