{"id":15300,"date":"2020-11-29T08:45:06","date_gmt":"2020-11-29T07:45:06","guid":{"rendered":"http:\/\/www.clubmaritimomelilla.es\/clmar\/?p=15300"},"modified":"2021-07-20T11:38:48","modified_gmt":"2021-07-20T09:38:48","slug":"azul-sanchez-lidera-el-ix-memorial-comodoro-antonio-perez-pinori-de-vela-ligera","status":"publish","type":"post","link":"https:\/\/www.realclubmaritimomelilla.es\/clmar\/azul-sanchez-lidera-el-ix-memorial-comodoro-antonio-perez-pinori-de-vela-ligera\/","title":{"rendered":"AZUL S\u00c1NCHEZ LIDERA EL IX MEMORIAL COMODORO ANTONIO P\u00c9REZ \u2018PINORI\u2019 DE VELA LIGERA"},"content":{"rendered":"<p>Este fin de semana se disputa la segunda parte del IX Memorial Comodoro Antonio P\u00e9rez \u2018Pinori\u2019, con la competici\u00f3n destinada a la flota de vela ligera. As\u00ed, tras las dos primeras mangas disputadas este s\u00e1bado, Azul S\u00e1nchez lidera la regata, seguida de Cristina Padilla y Elena Paya.<\/p>\n<p>Este s\u00e1bado han predominado vientos de poniente con una intensidad que ha oscilado entre los once y catorce nudos.<\/p>\n<p>En esta edici\u00f3n del IX Memorial Comodoro \u2018Pinori\u2019, que organiza el Real Club Mar\u00edtimo de Melilla, toman parte 56 regatistas de vela ligera en distintos tipos de embarcaciones. As\u00ed, en esta primera jornada han dominado las tablas techno 293.<\/p>\n<p>Entre los participantes tambi\u00e9n se encuentra un grupo de alumnos de la Facultad de Ciencias de la Educaci\u00f3n y del Deporte de Melilla, que est\u00e1n desarrollando en el Real Club Mar\u00edtimo de Melilla el curso de Especializaci\u00f3n y Perfeccionamiento de Vela.<\/p>\n<p>Este domingo continuar\u00e1 la competici\u00f3n, con un m\u00e1ximo de tres pruebas m\u00e1s, para a partir de las 14;15 horas proceder a la clausura de este Memorial.<\/p>\n","protected":false},"excerpt":{"rendered":"<p>Este fin de semana se disputa la segunda parte del IX Memorial Comodoro Antonio P\u00e9rez \u2018Pinori\u2019, con la competici\u00f3n destinada a la flota de vela ligera. As\u00ed, tras las dos primeras mangas disputadas este s\u00e1bado, Azul S\u00e1nchez lidera la regata, seguida de Cristina Padilla y Elena Paya. Este s\u00e1bado han predominado vientos de poniente con [&hellip;]<\/p>\n","protected":false},"author":1,"featured_media":15301,"comment_status":"open","ping_status":"open","sticky":false,"template":"","format":"standard","meta":{"_acf_changed":false,"footnotes":""},"categories":[38],"tags":[],"class_list":["post-15300","post","type-post","status-publish","format-standard","has-post-thumbnail","hentry","category-nautica"],"acf":[],"yoast_head":"<!-- This site is optimized with the Yoast SEO plugin v27.5 - https:\/\/yoast.com\/product\/yoast-seo-wordpress\/ -->\n<title>AZUL S\u00c1NCHEZ LIDERA EL IX MEMORIAL COMODORO ANTONIO P\u00c9REZ \u2018PINORI\u2019 DE VELA LIGERA - Real Club Mar\u00edtimo de Melilla<\/title>\n<meta name=\"description\" content=\"AZUL S\u00c1NCHEZ LIDERA EL IX MEMORIAL COMODORO ANTONIO P\u00c9REZ \u2018PINORI\u2019 DE VELA LIGERA -\" \/>\n<meta name=\"robots\" content=\"index, follow, max-snippet:-1, max-image-preview:large, max-video-preview:-1\" \/>\n<link rel=\"canonical\" href=\"https:\/\/www.realclubmaritimomelilla.es\/clmar\/azul-sanchez-lidera-el-ix-memorial-comodoro-antonio-perez-pinori-de-vela-ligera\/\" \/>\n<meta property=\"og:locale\" content=\"es_ES\" \/>\n<meta property=\"og:type\" content=\"article\" \/>\n<meta property=\"og:title\" content=\"AZUL S\u00c1NCHEZ LIDERA EL IX MEMORIAL COMODORO ANTONIO P\u00c9REZ \u2018PINORI\u2019 DE VELA LIGERA - Real Club Mar\u00edtimo de Melilla\" \/>\n<meta property=\"og:description\" content=\"AZUL S\u00c1NCHEZ LIDERA EL IX MEMORIAL COMODORO ANTONIO P\u00c9REZ \u2018PINORI\u2019 DE VELA LIGERA -\" \/>\n<meta property=\"og:url\" content=\"https:\/\/www.realclubmaritimomelilla.es\/clmar\/azul-sanchez-lidera-el-ix-memorial-comodoro-antonio-perez-pinori-de-vela-ligera\/\" \/>\n<meta property=\"og:site_name\" content=\"Real Club Mar\u00edtimo de Melilla\" \/>\n<meta property=\"article:publisher\" content=\"https:\/\/www.facebook.com\/Real-Club-Mar%c3%adtimo-de-Melilla-588495841234214\/\" \/>\n<meta property=\"article:published_time\" content=\"2020-11-29T07:45:06+00:00\" \/>\n<meta property=\"article:modified_time\" content=\"2021-07-20T09:38:48+00:00\" \/>\n<meta property=\"og:image\" content=\"https:\/\/www.realclubmaritimomelilla.es\/clmar\/wp-content\/uploads\/2020\/11\/YDRAY-IMG_7911-2.jpg\" \/>\n\t<meta property=\"og:image:width\" content=\"1500\" \/>\n\t<meta property=\"og:image:height\" content=\"1000\" \/>\n\t<meta property=\"og:image:type\" content=\"image\/jpeg\" \/>\n<meta name=\"author\" content=\"RCMMelilla\" \/>\n<meta name=\"twitter:card\" content=\"summary_large_image\" \/>\n<meta name=\"twitter:creator\" content=\"@nauticarcmm\" \/>\n<meta name=\"twitter:site\" content=\"@nauticarcmm\" \/>\n<meta name=\"twitter:label1\" content=\"Escrito por\" \/>\n\t<meta name=\"twitter:data1\" content=\"RCMMelilla\" \/>\n\t<meta name=\"twitter:label2\" content=\"Tiempo de lectura\" \/>\n\t<meta name=\"twitter:data2\" content=\"1 minuto\" \/>\n<script type=\"application\/ld+json\" class=\"yoast-schema-graph\">{\"@context\":\"https:\\\/\\\/schema.org\",\"@graph\":[{\"@type\":\"Article\",\"@id\":\"https:\\\/\\\/www.realclubmaritimomelilla.es\\\/clmar\\\/azul-sanchez-lidera-el-ix-memorial-comodoro-antonio-perez-pinori-de-vela-ligera\\\/#article\",\"isPartOf\":{\"@id\":\"https:\\\/\\\/www.realclubmaritimomelilla.es\\\/clmar\\\/azul-sanchez-lidera-el-ix-memorial-comodoro-antonio-perez-pinori-de-vela-ligera\\\/\"},\"author\":{\"name\":\"RCMMelilla\",\"@id\":\"https:\\\/\\\/www.realclubmaritimomelilla.es\\\/clmar\\\/#\\\/schema\\\/person\\\/ebaa3713496dc6d48c872452e73a8e79\"},\"headline\":\"AZUL S\u00c1NCHEZ LIDERA EL IX MEMORIAL COMODORO ANTONIO P\u00c9REZ \u2018PINORI\u2019 DE VELA LIGERA\",\"datePublished\":\"2020-11-29T07:45:06+00:00\",\"dateModified\":\"2021-07-20T09:38:48+00:00\",\"mainEntityOfPage\":{\"@id\":\"https:\\\/\\\/www.realclubmaritimomelilla.es\\\/clmar\\\/azul-sanchez-lidera-el-ix-memorial-comodoro-antonio-perez-pinori-de-vela-ligera\\\/\"},\"wordCount\":199,\"commentCount\":0,\"publisher\":{\"@id\":\"https:\\\/\\\/www.realclubmaritimomelilla.es\\\/clmar\\\/#organization\"},\"image\":{\"@id\":\"https:\\\/\\\/www.realclubmaritimomelilla.es\\\/clmar\\\/azul-sanchez-lidera-el-ix-memorial-comodoro-antonio-perez-pinori-de-vela-ligera\\\/#primaryimage\"},\"thumbnailUrl\":\"https:\\\/\\\/www.realclubmaritimomelilla.es\\\/clmar\\\/wp-content\\\/uploads\\\/2020\\\/11\\\/YDRAY-IMG_7911-2.jpg\",\"articleSection\":[\"N\u00e1utica\"],\"inLanguage\":\"es\",\"potentialAction\":[{\"@type\":\"CommentAction\",\"name\":\"Comment\",\"target\":[\"https:\\\/\\\/www.realclubmaritimomelilla.es\\\/clmar\\\/azul-sanchez-lidera-el-ix-memorial-comodoro-antonio-perez-pinori-de-vela-ligera\\\/#respond\"]}]},{\"@type\":\"WebPage\",\"@id\":\"https:\\\/\\\/www.realclubmaritimomelilla.es\\\/clmar\\\/azul-sanchez-lidera-el-ix-memorial-comodoro-antonio-perez-pinori-de-vela-ligera\\\/\",\"url\":\"https:\\\/\\\/www.realclubmaritimomelilla.es\\\/clmar\\\/azul-sanchez-lidera-el-ix-memorial-comodoro-antonio-perez-pinori-de-vela-ligera\\\/\",\"name\":\"AZUL S\u00c1NCHEZ LIDERA EL IX MEMORIAL COMODORO ANTONIO P\u00c9REZ \u2018PINORI\u2019 DE VELA LIGERA - Real Club Mar\u00edtimo de Melilla\",\"isPartOf\":{\"@id\":\"https:\\\/\\\/www.realclubmaritimomelilla.es\\\/clmar\\\/#website\"},\"primaryImageOfPage\":{\"@id\":\"https:\\\/\\\/www.realclubmaritimomelilla.es\\\/clmar\\\/azul-sanchez-lidera-el-ix-memorial-comodoro-antonio-perez-pinori-de-vela-ligera\\\/#primaryimage\"},\"image\":{\"@id\":\"https:\\\/\\\/www.realclubmaritimomelilla.es\\\/clmar\\\/azul-sanchez-lidera-el-ix-memorial-comodoro-antonio-perez-pinori-de-vela-ligera\\\/#primaryimage\"},\"thumbnailUrl\":\"https:\\\/\\\/www.realclubmaritimomelilla.es\\\/clmar\\\/wp-content\\\/uploads\\\/2020\\\/11\\\/YDRAY-IMG_7911-2.jpg\",\"datePublished\":\"2020-11-29T07:45:06+00:00\",\"dateModified\":\"2021-07-20T09:38:48+00:00\",\"description\":\"AZUL S\u00c1NCHEZ LIDERA EL IX MEMORIAL COMODORO ANTONIO P\u00c9REZ \u2018PINORI\u2019 DE VELA LIGERA -\",\"breadcrumb\":{\"@id\":\"https:\\\/\\\/www.realclubmaritimomelilla.es\\\/clmar\\\/azul-sanchez-lidera-el-ix-memorial-comodoro-antonio-perez-pinori-de-vela-ligera\\\/#breadcrumb\"},\"inLanguage\":\"es\",\"potentialAction\":[{\"@type\":\"ReadAction\",\"target\":[\"https:\\\/\\\/www.realclubmaritimomelilla.es\\\/clmar\\\/azul-sanchez-lidera-el-ix-memorial-comodoro-antonio-perez-pinori-de-vela-ligera\\\/\"]}]},{\"@type\":\"ImageObject\",\"inLanguage\":\"es\",\"@id\":\"https:\\\/\\\/www.realclubmaritimomelilla.es\\\/clmar\\\/azul-sanchez-lidera-el-ix-memorial-comodoro-antonio-perez-pinori-de-vela-ligera\\\/#primaryimage\",\"url\":\"https:\\\/\\\/www.realclubmaritimomelilla.es\\\/clmar\\\/wp-content\\\/uploads\\\/2020\\\/11\\\/YDRAY-IMG_7911-2.jpg\",\"contentUrl\":\"https:\\\/\\\/www.realclubmaritimomelilla.es\\\/clmar\\\/wp-content\\\/uploads\\\/2020\\\/11\\\/YDRAY-IMG_7911-2.jpg\",\"width\":1500,\"height\":1000},{\"@type\":\"BreadcrumbList\",\"@id\":\"https:\\\/\\\/www.realclubmaritimomelilla.es\\\/clmar\\\/azul-sanchez-lidera-el-ix-memorial-comodoro-antonio-perez-pinori-de-vela-ligera\\\/#breadcrumb\",\"itemListElement\":[{\"@type\":\"ListItem\",\"position\":1,\"name\":\"Portada\",\"item\":\"https:\\\/\\\/www.realclubmaritimomelilla.es\\\/clmar\\\/\"},{\"@type\":\"ListItem\",\"position\":2,\"name\":\"AZUL S\u00c1NCHEZ LIDERA EL IX MEMORIAL COMODORO ANTONIO P\u00c9REZ \u2018PINORI\u2019 DE VELA LIGERA\"}]},{\"@type\":\"WebSite\",\"@id\":\"https:\\\/\\\/www.realclubmaritimomelilla.es\\\/clmar\\\/#website\",\"url\":\"https:\\\/\\\/www.realclubmaritimomelilla.es\\\/clmar\\\/\",\"name\":\"Real Club Mar\u00edtimo de Melilla\",\"description\":\"RCMM\",\"publisher\":{\"@id\":\"https:\\\/\\\/www.realclubmaritimomelilla.es\\\/clmar\\\/#organization\"},\"alternateName\":\"RCMM\",\"potentialAction\":[{\"@type\":\"SearchAction\",\"target\":{\"@type\":\"EntryPoint\",\"urlTemplate\":\"https:\\\/\\\/www.realclubmaritimomelilla.es\\\/clmar\\\/?s={search_term_string}\"},\"query-input\":{\"@type\":\"PropertyValueSpecification\",\"valueRequired\":true,\"valueName\":\"search_term_string\"}}],\"inLanguage\":\"es\"},{\"@type\":\"Organization\",\"@id\":\"https:\\\/\\\/www.realclubmaritimomelilla.es\\\/clmar\\\/#organization\",\"name\":\"Real Club Mar\u00edtimo de Melilla\",\"alternateName\":\"RCMM\",\"url\":\"https:\\\/\\\/www.realclubmaritimomelilla.es\\\/clmar\\\/\",\"logo\":{\"@type\":\"ImageObject\",\"inLanguage\":\"es\",\"@id\":\"https:\\\/\\\/www.realclubmaritimomelilla.es\\\/clmar\\\/#\\\/schema\\\/logo\\\/image\\\/\",\"url\":\"https:\\\/\\\/www.realclubmaritimomelilla.es\\\/clmar\\\/wp-content\\\/uploads\\\/logo-club-original-copia.jpg\",\"contentUrl\":\"https:\\\/\\\/www.realclubmaritimomelilla.es\\\/clmar\\\/wp-content\\\/uploads\\\/logo-club-original-copia.jpg\",\"width\":128,\"height\":89,\"caption\":\"Real Club Mar\u00edtimo de Melilla\"},\"image\":{\"@id\":\"https:\\\/\\\/www.realclubmaritimomelilla.es\\\/clmar\\\/#\\\/schema\\\/logo\\\/image\\\/\"},\"sameAs\":[\"https:\\\/\\\/www.facebook.com\\\/Real-Club-Mar\u00edtimo-de-Melilla-588495841234214\\\/\",\"https:\\\/\\\/x.com\\\/nauticarcmm\",\"https:\\\/\\\/www.instagram.com\\\/club_maritimo_melilla\\\/\",\"https:\\\/\\\/www.youtube.com\\\/@realclubmaritimodemelilla4703\",\"https:\\\/\\\/es.wikipedia.org\\\/wiki\\\/Real_Club_Mar\u00edtimo_de_Melilla\"]},{\"@type\":\"Person\",\"@id\":\"https:\\\/\\\/www.realclubmaritimomelilla.es\\\/clmar\\\/#\\\/schema\\\/person\\\/ebaa3713496dc6d48c872452e73a8e79\",\"name\":\"RCMMelilla\",\"image\":{\"@type\":\"ImageObject\",\"inLanguage\":\"es\",\"@id\":\"https:\\\/\\\/secure.gravatar.com\\\/avatar\\\/df1c24789360fb9308735c4ee556fc2bc5bf924bf01e53043b8b97ba272da33c?s=96&d=mm&r=g\",\"url\":\"https:\\\/\\\/secure.gravatar.com\\\/avatar\\\/df1c24789360fb9308735c4ee556fc2bc5bf924bf01e53043b8b97ba272da33c?s=96&d=mm&r=g\",\"contentUrl\":\"https:\\\/\\\/secure.gravatar.com\\\/avatar\\\/df1c24789360fb9308735c4ee556fc2bc5bf924bf01e53043b8b97ba272da33c?s=96&d=mm&r=g\",\"caption\":\"RCMMelilla\"}}]}<\/script>\n<!-- \/ Yoast SEO plugin. -->","yoast_head_json":{"title":"AZUL S\u00c1NCHEZ LIDERA EL IX MEMORIAL COMODORO ANTONIO P\u00c9REZ \u2018PINORI\u2019 DE VELA LIGERA - Real Club Mar\u00edtimo de Melilla","description":"AZUL S\u00c1NCHEZ LIDERA EL IX MEMORIAL COMODORO ANTONIO P\u00c9REZ \u2018PINORI\u2019 DE VELA LIGERA -","robots":{"index":"index","follow":"follow","max-snippet":"max-snippet:-1","max-image-preview":"max-image-preview:large","max-video-preview":"max-video-preview:-1"},"canonical":"https:\/\/www.realclubmaritimomelilla.es\/clmar\/azul-sanchez-lidera-el-ix-memorial-comodoro-antonio-perez-pinori-de-vela-ligera\/","og_locale":"es_ES","og_type":"article","og_title":"AZUL S\u00c1NCHEZ LIDERA EL IX MEMORIAL COMODORO ANTONIO P\u00c9REZ \u2018PINORI\u2019 DE VELA LIGERA - Real Club Mar\u00edtimo de Melilla","og_description":"AZUL S\u00c1NCHEZ LIDERA EL IX MEMORIAL COMODORO ANTONIO P\u00c9REZ \u2018PINORI\u2019 DE VELA LIGERA -","og_url":"https:\/\/www.realclubmaritimomelilla.es\/clmar\/azul-sanchez-lidera-el-ix-memorial-comodoro-antonio-perez-pinori-de-vela-ligera\/","og_site_name":"Real Club Mar\u00edtimo de Melilla","article_publisher":"https:\/\/www.facebook.com\/Real-Club-Mar%c3%adtimo-de-Melilla-588495841234214\/","article_published_time":"2020-11-29T07:45:06+00:00","article_modified_time":"2021-07-20T09:38:48+00:00","og_image":[{"width":1500,"height":1000,"url":"https:\/\/www.realclubmaritimomelilla.es\/clmar\/wp-content\/uploads\/2020\/11\/YDRAY-IMG_7911-2.jpg","type":"image\/jpeg"}],"author":"RCMMelilla","twitter_card":"summary_large_image","twitter_creator":"@nauticarcmm","twitter_site":"@nauticarcmm","twitter_misc":{"Escrito por":"RCMMelilla","Tiempo de lectura":"1 minuto"},"schema":{"@context":"https:\/\/schema.org","@graph":[{"@type":"Article","@id":"https:\/\/www.realclubmaritimomelilla.es\/clmar\/azul-sanchez-lidera-el-ix-memorial-comodoro-antonio-perez-pinori-de-vela-ligera\/#article","isPartOf":{"@id":"https:\/\/www.realclubmaritimomelilla.es\/clmar\/azul-sanchez-lidera-el-ix-memorial-comodoro-antonio-perez-pinori-de-vela-ligera\/"},"author":{"name":"RCMMelilla","@id":"https:\/\/www.realclubmaritimomelilla.es\/clmar\/#\/schema\/person\/ebaa3713496dc6d48c872452e73a8e79"},"headline":"AZUL S\u00c1NCHEZ LIDERA EL IX MEMORIAL COMODORO ANTONIO P\u00c9REZ \u2018PINORI\u2019 DE VELA LIGERA","datePublished":"2020-11-29T07:45:06+00:00","dateModified":"2021-07-20T09:38:48+00:00","mainEntityOfPage":{"@id":"https:\/\/www.realclubmaritimomelilla.es\/clmar\/azul-sanchez-lidera-el-ix-memorial-comodoro-antonio-perez-pinori-de-vela-ligera\/"},"wordCount":199,"commentCount":0,"publisher":{"@id":"https:\/\/www.realclubmaritimomelilla.es\/clmar\/#organization"},"image":{"@id":"https:\/\/www.realclubmaritimomelilla.es\/clmar\/azul-sanchez-lidera-el-ix-memorial-comodoro-antonio-perez-pinori-de-vela-ligera\/#primaryimage"},"thumbnailUrl":"https:\/\/www.realclubmaritimomelilla.es\/clmar\/wp-content\/uploads\/2020\/11\/YDRAY-IMG_7911-2.jpg","articleSection":["N\u00e1utica"],"inLanguage":"es","potentialAction":[{"@type":"CommentAction","name":"Comment","target":["https:\/\/www.realclubmaritimomelilla.es\/clmar\/azul-sanchez-lidera-el-ix-memorial-comodoro-antonio-perez-pinori-de-vela-ligera\/#respond"]}]},{"@type":"WebPage","@id":"https:\/\/www.realclubmaritimomelilla.es\/clmar\/azul-sanchez-lidera-el-ix-memorial-comodoro-antonio-perez-pinori-de-vela-ligera\/","url":"https:\/\/www.realclubmaritimomelilla.es\/clmar\/azul-sanchez-lidera-el-ix-memorial-comodoro-antonio-perez-pinori-de-vela-ligera\/","name":"AZUL S\u00c1NCHEZ LIDERA EL IX MEMORIAL COMODORO ANTONIO P\u00c9REZ \u2018PINORI\u2019 DE VELA LIGERA - Real Club Mar\u00edtimo de Melilla","isPartOf":{"@id":"https:\/\/www.realclubmaritimomelilla.es\/clmar\/#website"},"primaryImageOfPage":{"@id":"https:\/\/www.realclubmaritimomelilla.es\/clmar\/azul-sanchez-lidera-el-ix-memorial-comodoro-antonio-perez-pinori-de-vela-ligera\/#primaryimage"},"image":{"@id":"https:\/\/www.realclubmaritimomelilla.es\/clmar\/azul-sanchez-lidera-el-ix-memorial-comodoro-antonio-perez-pinori-de-vela-ligera\/#primaryimage"},"thumbnailUrl":"https:\/\/www.realclubmaritimomelilla.es\/clmar\/wp-content\/uploads\/2020\/11\/YDRAY-IMG_7911-2.jpg","datePublished":"2020-11-29T07:45:06+00:00","dateModified":"2021-07-20T09:38:48+00:00","description":"AZUL S\u00c1NCHEZ LIDERA EL IX MEMORIAL COMODORO ANTONIO P\u00c9REZ \u2018PINORI\u2019 DE VELA LIGERA -","breadcrumb":{"@id":"https:\/\/www.realclubmaritimomelilla.es\/clmar\/azul-sanchez-lidera-el-ix-memorial-comodoro-antonio-perez-pinori-de-vela-ligera\/#breadcrumb"},"inLanguage":"es","potentialAction":[{"@type":"ReadAction","target":["https:\/\/www.realclubmaritimomelilla.es\/clmar\/azul-sanchez-lidera-el-ix-memorial-comodoro-antonio-perez-pinori-de-vela-ligera\/"]}]},{"@type":"ImageObject","inLanguage":"es","@id":"https:\/\/www.realclubmaritimomelilla.es\/clmar\/azul-sanchez-lidera-el-ix-memorial-comodoro-antonio-perez-pinori-de-vela-ligera\/#primaryimage","url":"https:\/\/www.realclubmaritimomelilla.es\/clmar\/wp-content\/uploads\/2020\/11\/YDRAY-IMG_7911-2.jpg","contentUrl":"https:\/\/www.realclubmaritimomelilla.es\/clmar\/wp-content\/uploads\/2020\/11\/YDRAY-IMG_7911-2.jpg","width":1500,"height":1000},{"@type":"BreadcrumbList","@id":"https:\/\/www.realclubmaritimomelilla.es\/clmar\/azul-sanchez-lidera-el-ix-memorial-comodoro-antonio-perez-pinori-de-vela-ligera\/#breadcrumb","itemListElement":[{"@type":"ListItem","position":1,"name":"Portada","item":"https:\/\/www.realclubmaritimomelilla.es\/clmar\/"},{"@type":"ListItem","position":2,"name":"AZUL S\u00c1NCHEZ LIDERA EL IX MEMORIAL COMODORO ANTONIO P\u00c9REZ \u2018PINORI\u2019 DE VELA LIGERA"}]},{"@type":"WebSite","@id":"https:\/\/www.realclubmaritimomelilla.es\/clmar\/#website","url":"https:\/\/www.realclubmaritimomelilla.es\/clmar\/","name":"Real Club Mar\u00edtimo de Melilla","description":"RCMM","publisher":{"@id":"https:\/\/www.realclubmaritimomelilla.es\/clmar\/#organization"},"alternateName":"RCMM","potentialAction":[{"@type":"SearchAction","target":{"@type":"EntryPoint","urlTemplate":"https:\/\/www.realclubmaritimomelilla.es\/clmar\/?s={search_term_string}"},"query-input":{"@type":"PropertyValueSpecification","valueRequired":true,"valueName":"search_term_string"}}],"inLanguage":"es"},{"@type":"Organization","@id":"https:\/\/www.realclubmaritimomelilla.es\/clmar\/#organization","name":"Real Club Mar\u00edtimo de Melilla","alternateName":"RCMM","url":"https:\/\/www.realclubmaritimomelilla.es\/clmar\/","logo":{"@type":"ImageObject","inLanguage":"es","@id":"https:\/\/www.realclubmaritimomelilla.es\/clmar\/#\/schema\/logo\/image\/","url":"https:\/\/www.realclubmaritimomelilla.es\/clmar\/wp-content\/uploads\/logo-club-original-copia.jpg","contentUrl":"https:\/\/www.realclubmaritimomelilla.es\/clmar\/wp-content\/uploads\/logo-club-original-copia.jpg","width":128,"height":89,"caption":"Real Club Mar\u00edtimo de Melilla"},"image":{"@id":"https:\/\/www.realclubmaritimomelilla.es\/clmar\/#\/schema\/logo\/image\/"},"sameAs":["https:\/\/www.facebook.com\/Real-Club-Mar\u00edtimo-de-Melilla-588495841234214\/","https:\/\/x.com\/nauticarcmm","https:\/\/www.instagram.com\/club_maritimo_melilla\/","https:\/\/www.youtube.com\/@realclubmaritimodemelilla4703","https:\/\/es.wikipedia.org\/wiki\/Real_Club_Mar\u00edtimo_de_Melilla"]},{"@type":"Person","@id":"https:\/\/www.realclubmaritimomelilla.es\/clmar\/#\/schema\/person\/ebaa3713496dc6d48c872452e73a8e79","name":"RCMMelilla","image":{"@type":"ImageObject","inLanguage":"es","@id":"https:\/\/secure.gravatar.com\/avatar\/df1c24789360fb9308735c4ee556fc2bc5bf924bf01e53043b8b97ba272da33c?s=96&d=mm&r=g","url":"https:\/\/secure.gravatar.com\/avatar\/df1c24789360fb9308735c4ee556fc2bc5bf924bf01e53043b8b97ba272da33c?s=96&d=mm&r=g","contentUrl":"https:\/\/secure.gravatar.com\/avatar\/df1c24789360fb9308735c4ee556fc2bc5bf924bf01e53043b8b97ba272da33c?s=96&d=mm&r=g","caption":"RCMMelilla"}}]}},"_links":{"self":[{"href":"https:\/\/www.realclubmaritimomelilla.es\/clmar\/wp-json\/wp\/v2\/posts\/15300","targetHints":{"allow":["GET"]}}],"collection":[{"href":"https:\/\/www.realclubmaritimomelilla.es\/clmar\/wp-json\/wp\/v2\/posts"}],"about":[{"href":"https:\/\/www.realclubmaritimomelilla.es\/clmar\/wp-json\/wp\/v2\/types\/post"}],"author":[{"embeddable":true,"href":"https:\/\/www.realclubmaritimomelilla.es\/clmar\/wp-json\/wp\/v2\/users\/1"}],"replies":[{"embeddable":true,"href":"https:\/\/www.realclubmaritimomelilla.es\/clmar\/wp-json\/wp\/v2\/comments?post=15300"}],"version-history":[{"count":1,"href":"https:\/\/www.realclubmaritimomelilla.es\/clmar\/wp-json\/wp\/v2\/posts\/15300\/revisions"}],"predecessor-version":[{"id":16001,"href":"https:\/\/www.realclubmaritimomelilla.es\/clmar\/wp-json\/wp\/v2\/posts\/15300\/revisions\/16001"}],"wp:featuredmedia":[{"embeddable":true,"href":"https:\/\/www.realclubmaritimomelilla.es\/clmar\/wp-json\/wp\/v2\/media\/15301"}],"wp:attachment":[{"href":"https:\/\/www.realclubmaritimomelilla.es\/clmar\/wp-json\/wp\/v2\/media?parent=15300"}],"wp:term":[{"taxonomy":"category","embeddable":true,"href":"https:\/\/www.realclubmaritimomelilla.es\/clmar\/wp-json\/wp\/v2\/categories?post=15300"},{"taxonomy":"post_tag","embeddable":true,"href":"https:\/\/www.realclubmaritimomelilla.es\/clmar\/wp-json\/wp\/v2\/tags?post=15300"}],"curies":[{"name":"wp","href":"https:\/\/api.w.org\/{rel}","templated":true}]}}